{"id":56972,"date":"2023-10-05T00:00:00","date_gmt":"2023-10-04T22:00:00","guid":{"rendered":"https:\/\/www.rassegnastampa-totustuus.it\/cattolica\/?p=56972"},"modified":"2024-01-04T16:03:43","modified_gmt":"2024-01-04T15:03:43","slug":"esselunga-e-lo-spot-pubblicitario-della-pesca","status":"publish","type":"post","link":"https:\/\/www.rassegnastampa-totustuus.it\/cattolica\/esselunga-e-lo-spot-pubblicitario-della-pesca\/","title":{"rendered":"Esselunga e lo spot pubblicitario della pesca"},"content":{"rendered":"<p style=\"text-align: justify;\"><strong><img loading=\"lazy\" decoding=\"async\" class=\"size-full wp-image-56973 alignright\" src=\"https:\/\/www.rassegnastampa-totustuus.it\/cattolica\/wp-content\/uploads\/2023\/09\/pesca_supermercato_bambini.jpeg\" alt=\"\" width=\"300\" height=\"168\" \/><\/strong><span style=\"color: #000000;\"><strong>Abstract: <\/strong><em>Esselunga e lo spot pubblicitario della pesca che ha fatto gridare allo scandalo i bacchettoni della famiglia fai da te, ma \u00e8 la rivincita del reale, ovvero che i divorzi e le separazioni sono un male. Lo scandalo, invece, \u00e8 il reale che presenta il conto. Ma per osservarlo, occorre lo sguardo lungo, non solo la \u201cEsse\u201d.<\/em><\/span><\/p>\n<p><!--more--><\/p>\n<p style=\"text-align: center;\"><span style=\"color: #000000;\"><span style=\"color: #0000ff;\"><a style=\"color: #0000ff;\" href=\"https:\/\/alleanzacattolica.org\/\" target=\"_blank\" rel=\"noopener\"><strong>Alleanza Cattolica<\/strong> <\/a><\/span>29 Settembre 2023\u00a0<\/span><\/p>\n<h3 style=\"text-align: center;\"><span style=\"color: #000000;\">Esselunga e la pesca del peccato<\/span><\/h3>\n<p style=\"text-align: center;\"><span style=\"color: #000000;\"><em>\u00c8 bastata una pesca per far gridare allo scandalo i bacchettoni della famiglia fai da te, ma \u00e8 la rivincita del reale <\/em><\/span><\/p>\n<p style=\"text-align: center;\"><span style=\"color: #000000;\">di <strong>Domenico Airoma<\/strong><\/span><\/p>\n<p style=\"text-align: justify;\"><span style=\"color: #000000;\"><img loading=\"lazy\" decoding=\"async\" class=\" wp-image-43326 alignleft\" src=\"https:\/\/www.rassegnastampa-totustuus.it\/cattolica\/wp-content\/uploads\/2019\/06\/famiglia-1-300x149.jpg\" alt=\"\" width=\"340\" height=\"169\" srcset=\"https:\/\/www.rassegnastampa-totustuus.it\/cattolica\/wp-content\/uploads\/2019\/06\/famiglia-1-300x149.jpg 300w, https:\/\/www.rassegnastampa-totustuus.it\/cattolica\/wp-content\/uploads\/2019\/06\/famiglia-1.jpg 318w\" sizes=\"auto, (max-width: 340px) 100vw, 340px\" \/>C\u2019\u00e8 stata una grande catena di supermercati che pur di non cambiare la propria denominazione, si \u00e8 affrettata a precisare che di famiglia \u201ciper\u201d non c\u2019\u00e8 n\u2019\u00e8 una sola, ma tante quante ne vuoi, come in un banco da supermercato, appunto. E c\u2019\u00e8 oggi un\u2019altra catena di grandi magazzini, che pare non preoccuparsi del politicamente (e socialmente) corretto.<\/span><\/p>\n<p style=\"text-align: justify;\"><span style=\"color: #000000;\">Capita allora che venga commissionata una pubblicit\u00e0, non ad un\u2019agenzia governativa (forse non sarebbe riuscita cos\u00ec), ma a dei pubblicitari americani, che provano a tradurre in immagini l\u2019importanza di ogni spesa.<\/span><\/p>\n<p style=\"text-align: justify;\"><span style=\"color: #000000;\"><img loading=\"lazy\" decoding=\"async\" class=\" wp-image-56959 alignright\" src=\"https:\/\/www.rassegnastampa-totustuus.it\/cattolica\/wp-content\/uploads\/2023\/09\/pubblicita_cibo_esselunga.jpg\" alt=\"\" width=\"302\" height=\"215\" \/>Ed accade che, come ogni pubblicitario che sappia fare il suo mestiere, questi provi ad immaginare non che un acquisto possa essere importante per un adulto, ma per quale ragione lo possa essere anche per un consumatore in fondo poco appetibile per un supermercato: un bambino<\/span>.<\/p>\n<p style=\"text-align: justify;\"><span style=\"color: #000000;\">E qui accade l\u2019inimmaginabile.<\/span><\/p>\n<p style=\"text-align: justify;\"><span style=\"color: #000000;\">Chi ha pensato lo spot si sar\u00e0 chiesto quale potesse essere il desiderio meno commerciale, pi\u00f9 naturale e quindi pi\u00f9 vero per un bambino. La risposta \u2013 di una semplicit\u00e0 tanto evidente, quanto potente \u2013 \u00e8 in quella pesca acquistata da una bambina e offerta al pap\u00e0 come regalo della mamma: il valore di quella spesa \u00e8 immenso per quella bambina, ed \u00e8 il desiderio di far riappacificare i propri genitori, separati o divorziati.<\/span><\/p>\n<p style=\"text-align: justify;\"><span style=\"color: #000000;\"><img loading=\"lazy\" decoding=\"async\" class=\"size-full wp-image-33731 alignleft\" src=\"https:\/\/www.rassegnastampa-totustuus.it\/cattolica\/wp-content\/uploads\/2011\/06\/divorzio_bambini.jpg\" alt=\"\" width=\"259\" height=\"194\" \/>E qui apriti cielo! <\/span><\/p>\n<p style=\"text-align: justify;\"><span style=\"color: #000000;\">Con un solo frutto (una banale pesca) si mette un discussione tutto un mondo di conquiste \u201ccivili\u201d! Quei genitori vengono messi sul banco degli imputati! Alla gogna sociale! Insomma, \u00e8 bastata una pesca per far insorgere tutti i bacchettoni delle \u201cfamiglie fai da te\u201d.<\/span><\/p>\n<p style=\"text-align: justify;\"><span style=\"color: #000000;\">La realt\u00e0 \u00e8 che quello spot ha riproposto in pochi minuti i drammi silenziosi che vivono tanti bambini, sacrificati molto spesso sull\u2019altare dell\u2019egoismo degli adulti, schiavi di amori, appunto, \u201cda supermercato\u201d. Si punta il dito contro chi ha voluto dare voce alla bambina di una famiglia che non c\u2019\u00e8 pi\u00f9. Magari solo per cercare di fare una pubblicit\u00e0 che rispecchiasse il mondo reale e non quello degli arcobaleni ideologicamente gioiosi. E si preferisce non fare i conti con la realt\u00e0.<\/span><\/p>\n<p style=\"text-align: justify;\"><span style=\"color: #000000;\">Lo scandalo, invece, \u00e8 il reale che presenta il conto. Ma per osservarlo, occorre lo sguardo lungo, non solo la \u201cEsse\u201d.<\/span><\/p>\n<p style=\"text-align: center;\"><a href=\"https:\/\/www.youtube.com\/watch?v=sFE9VvAym3Q\" target=\"_blank\" rel=\"noopener\"><span style=\"color: #0000ff;\"><strong>qui lo spot di Esselunga<\/strong><\/span><\/a><\/p>\n<p>______________________________________________<\/p>\n<p><span style=\"color: #000000;\"><strong>Si legga anche:<\/strong><\/span><\/p>\n<p><a href=\"https:\/\/www.rassegnastampa-totustuus.it\/cattolica\/wp-admin\/post.php?post=56958&amp;action=edit\" target=\"_blank\" rel=\"noopener\"><span style=\"color: #0000ff;\">Esselunga, che spot! Ma resista alla rieducazione<\/span><\/a><\/p>\n","protected":false},"excerpt":{"rendered":"<p>Abstract: Esselunga e lo spot pubblicitario della pesca che ha fatto gridare allo scandalo i bacchettoni della famiglia fai da te, ma \u00e8 la rivincita del reale, ovvero che i divorzi e le separazioni sono un male. Lo scandalo, invece, \u00e8 il reale che presenta il conto. Ma per osservarlo, occorre lo sguardo lungo, non &hellip; <\/p>\n<p><a class=\"more-link btn\" href=\"https:\/\/www.rassegnastampa-totustuus.it\/cattolica\/esselunga-e-lo-spot-pubblicitario-della-pesca\/\">Continua a leggere<\/a><\/p>\n","protected":false},"author":6,"featured_media":56973,"comment_status":"closed","ping_status":"closed","sticky":false,"template":"","format":"standard","meta":{"footnotes":""},"categories":[15],"tags":[315,156],"class_list":["post-56972","post","type-post","status-publish","format-standard","has-post-thumbnail","hentry","category-famiglia","tag-divorzio","tag-famiglia-2","item-wrap"],"yoast_head":"<!-- This site is optimized with the Yoast SEO plugin v27.5 - https:\/\/yoast.com\/product\/yoast-seo-wordpress\/ -->\n<title>Esselunga e lo spot pubblicitario della pesca - Rassegna Stampa Cattolica<\/title>\n<meta name=\"description\" content=\"Esselunga e lo spot pubblicitario della pesca che ha fatto gridare allo scandalo i bacchettoni della famiglia fai da te\" \/>\n<meta name=\"robots\" content=\"index, follow, max-snippet:-1, max-image-preview:large, max-video-preview:-1\" \/>\n<link rel=\"canonical\" href=\"https:\/\/www.rassegnastampa-totustuus.it\/cattolica\/esselunga-e-lo-spot-pubblicitario-della-pesca\/\" \/>\n<meta property=\"og:locale\" content=\"it_IT\" \/>\n<meta property=\"og:type\" content=\"article\" \/>\n<meta property=\"og:title\" content=\"Esselunga e lo spot pubblicitario della pesca - Rassegna Stampa Cattolica\" \/>\n<meta property=\"og:description\" content=\"Esselunga e lo spot pubblicitario della pesca che ha fatto gridare allo scandalo i bacchettoni della famiglia fai da te\" \/>\n<meta property=\"og:url\" content=\"https:\/\/www.rassegnastampa-totustuus.it\/cattolica\/esselunga-e-lo-spot-pubblicitario-della-pesca\/\" \/>\n<meta property=\"og:site_name\" content=\"Rassegna Stampa Cattolica\" \/>\n<meta property=\"article:publisher\" content=\"https:\/\/www.facebook.com\/rassegnastampacattolica\" \/>\n<meta property=\"article:published_time\" content=\"2023-10-04T22:00:00+00:00\" \/>\n<meta property=\"article:modified_time\" content=\"2024-01-04T15:03:43+00:00\" \/>\n<meta property=\"og:image\" content=\"https:\/\/www.rassegnastampa-totustuus.it\/cattolica\/wp-content\/uploads\/2023\/09\/pesca_supermercato_bambini.jpeg\" \/>\n\t<meta property=\"og:image:width\" content=\"300\" \/>\n\t<meta property=\"og:image:height\" content=\"168\" \/>\n\t<meta property=\"og:image:type\" content=\"image\/jpeg\" \/>\n<meta name=\"author\" content=\"Redazione\" \/>\n<meta name=\"twitter:card\" content=\"summary_large_image\" \/>\n<meta name=\"twitter:creator\" content=\"@rassegnastampa9\" \/>\n<meta name=\"twitter:site\" content=\"@rassegnastampa9\" \/>\n<meta name=\"twitter:label1\" content=\"Scritto da\" \/>\n\t<meta name=\"twitter:data1\" content=\"Redazione\" \/>\n\t<meta name=\"twitter:label2\" content=\"Tempo di lettura stimato\" \/>\n\t<meta name=\"twitter:data2\" content=\"4 minuti\" \/>\n<script type=\"application\/ld+json\" class=\"yoast-schema-graph\">{\"@context\":\"https:\\\/\\\/schema.org\",\"@graph\":[{\"@type\":\"Article\",\"@id\":\"https:\\\/\\\/www.rassegnastampa-totustuus.it\\\/cattolica\\\/esselunga-e-lo-spot-pubblicitario-della-pesca\\\/#article\",\"isPartOf\":{\"@id\":\"https:\\\/\\\/www.rassegnastampa-totustuus.it\\\/cattolica\\\/esselunga-e-lo-spot-pubblicitario-della-pesca\\\/\"},\"author\":{\"name\":\"Redazione\",\"@id\":\"https:\\\/\\\/www.rassegnastampa-totustuus.it\\\/cattolica\\\/#\\\/schema\\\/person\\\/08f319d2bd1a0904ad9e2bfb7b15e5c3\"},\"headline\":\"Esselunga e lo spot pubblicitario della pesca\",\"datePublished\":\"2023-10-04T22:00:00+00:00\",\"dateModified\":\"2024-01-04T15:03:43+00:00\",\"mainEntityOfPage\":{\"@id\":\"https:\\\/\\\/www.rassegnastampa-totustuus.it\\\/cattolica\\\/esselunga-e-lo-spot-pubblicitario-della-pesca\\\/\"},\"wordCount\":469,\"publisher\":{\"@id\":\"https:\\\/\\\/www.rassegnastampa-totustuus.it\\\/cattolica\\\/#organization\"},\"image\":{\"@id\":\"https:\\\/\\\/www.rassegnastampa-totustuus.it\\\/cattolica\\\/esselunga-e-lo-spot-pubblicitario-della-pesca\\\/#primaryimage\"},\"thumbnailUrl\":\"https:\\\/\\\/www.rassegnastampa-totustuus.it\\\/cattolica\\\/wp-content\\\/uploads\\\/2023\\\/09\\\/pesca_supermercato_bambini.jpeg\",\"keywords\":[\"divorzio\",\"famiglia\"],\"articleSection\":[\"Famiglia\"],\"inLanguage\":\"it-IT\"},{\"@type\":\"WebPage\",\"@id\":\"https:\\\/\\\/www.rassegnastampa-totustuus.it\\\/cattolica\\\/esselunga-e-lo-spot-pubblicitario-della-pesca\\\/\",\"url\":\"https:\\\/\\\/www.rassegnastampa-totustuus.it\\\/cattolica\\\/esselunga-e-lo-spot-pubblicitario-della-pesca\\\/\",\"name\":\"Esselunga e lo spot pubblicitario della pesca - Rassegna Stampa Cattolica\",\"isPartOf\":{\"@id\":\"https:\\\/\\\/www.rassegnastampa-totustuus.it\\\/cattolica\\\/#website\"},\"primaryImageOfPage\":{\"@id\":\"https:\\\/\\\/www.rassegnastampa-totustuus.it\\\/cattolica\\\/esselunga-e-lo-spot-pubblicitario-della-pesca\\\/#primaryimage\"},\"image\":{\"@id\":\"https:\\\/\\\/www.rassegnastampa-totustuus.it\\\/cattolica\\\/esselunga-e-lo-spot-pubblicitario-della-pesca\\\/#primaryimage\"},\"thumbnailUrl\":\"https:\\\/\\\/www.rassegnastampa-totustuus.it\\\/cattolica\\\/wp-content\\\/uploads\\\/2023\\\/09\\\/pesca_supermercato_bambini.jpeg\",\"datePublished\":\"2023-10-04T22:00:00+00:00\",\"dateModified\":\"2024-01-04T15:03:43+00:00\",\"description\":\"Esselunga e lo spot pubblicitario della pesca che ha fatto gridare allo scandalo i bacchettoni della famiglia fai da te\",\"breadcrumb\":{\"@id\":\"https:\\\/\\\/www.rassegnastampa-totustuus.it\\\/cattolica\\\/esselunga-e-lo-spot-pubblicitario-della-pesca\\\/#breadcrumb\"},\"inLanguage\":\"it-IT\",\"potentialAction\":[{\"@type\":\"ReadAction\",\"target\":[\"https:\\\/\\\/www.rassegnastampa-totustuus.it\\\/cattolica\\\/esselunga-e-lo-spot-pubblicitario-della-pesca\\\/\"]}]},{\"@type\":\"ImageObject\",\"inLanguage\":\"it-IT\",\"@id\":\"https:\\\/\\\/www.rassegnastampa-totustuus.it\\\/cattolica\\\/esselunga-e-lo-spot-pubblicitario-della-pesca\\\/#primaryimage\",\"url\":\"https:\\\/\\\/www.rassegnastampa-totustuus.it\\\/cattolica\\\/wp-content\\\/uploads\\\/2023\\\/09\\\/pesca_supermercato_bambini.jpeg\",\"contentUrl\":\"https:\\\/\\\/www.rassegnastampa-totustuus.it\\\/cattolica\\\/wp-content\\\/uploads\\\/2023\\\/09\\\/pesca_supermercato_bambini.jpeg\",\"width\":300,\"height\":168},{\"@type\":\"BreadcrumbList\",\"@id\":\"https:\\\/\\\/www.rassegnastampa-totustuus.it\\\/cattolica\\\/esselunga-e-lo-spot-pubblicitario-della-pesca\\\/#breadcrumb\",\"itemListElement\":[{\"@type\":\"ListItem\",\"position\":1,\"name\":\"Home\",\"item\":\"https:\\\/\\\/www.rassegnastampa-totustuus.it\\\/cattolica\\\/\"},{\"@type\":\"ListItem\",\"position\":2,\"name\":\"Esselunga e lo spot pubblicitario della pesca\"}]},{\"@type\":\"WebSite\",\"@id\":\"https:\\\/\\\/www.rassegnastampa-totustuus.it\\\/cattolica\\\/#website\",\"url\":\"https:\\\/\\\/www.rassegnastampa-totustuus.it\\\/cattolica\\\/\",\"name\":\"Rassegna Stampa Cattolica\",\"description\":\"Per una cultura che nasce dalla Rivelazione cristiana in conformit\u00e0 alla tradizione e al Magistero della Chiesa in opposizione ad ogni relativismo e totalitarismo\",\"publisher\":{\"@id\":\"https:\\\/\\\/www.rassegnastampa-totustuus.it\\\/cattolica\\\/#organization\"},\"alternateName\":\"Rass. Cattolica\",\"potentialAction\":[{\"@type\":\"SearchAction\",\"target\":{\"@type\":\"EntryPoint\",\"urlTemplate\":\"https:\\\/\\\/www.rassegnastampa-totustuus.it\\\/cattolica\\\/?s={search_term_string}\"},\"query-input\":{\"@type\":\"PropertyValueSpecification\",\"valueRequired\":true,\"valueName\":\"search_term_string\"}}],\"inLanguage\":\"it-IT\"},{\"@type\":\"Organization\",\"@id\":\"https:\\\/\\\/www.rassegnastampa-totustuus.it\\\/cattolica\\\/#organization\",\"name\":\"Rassegna Stampa Cattolica\",\"url\":\"https:\\\/\\\/www.rassegnastampa-totustuus.it\\\/cattolica\\\/\",\"logo\":{\"@type\":\"ImageObject\",\"inLanguage\":\"it-IT\",\"@id\":\"https:\\\/\\\/www.rassegnastampa-totustuus.it\\\/cattolica\\\/#\\\/schema\\\/logo\\\/image\\\/\",\"url\":\"https:\\\/\\\/www.rassegnastampa-totustuus.it\\\/cattolica\\\/wp-content\\\/uploads\\\/2014\\\/04\\\/logo-rassegna1.gif\",\"contentUrl\":\"https:\\\/\\\/www.rassegnastampa-totustuus.it\\\/cattolica\\\/wp-content\\\/uploads\\\/2014\\\/04\\\/logo-rassegna1.gif\",\"width\":600,\"height\":163,\"caption\":\"Rassegna Stampa Cattolica\"},\"image\":{\"@id\":\"https:\\\/\\\/www.rassegnastampa-totustuus.it\\\/cattolica\\\/#\\\/schema\\\/logo\\\/image\\\/\"},\"sameAs\":[\"https:\\\/\\\/www.facebook.com\\\/rassegnastampacattolica\",\"https:\\\/\\\/x.com\\\/rassegnastampa9\"]},{\"@type\":\"Person\",\"@id\":\"https:\\\/\\\/www.rassegnastampa-totustuus.it\\\/cattolica\\\/#\\\/schema\\\/person\\\/08f319d2bd1a0904ad9e2bfb7b15e5c3\",\"name\":\"Redazione\",\"image\":{\"@type\":\"ImageObject\",\"inLanguage\":\"it-IT\",\"@id\":\"https:\\\/\\\/secure.gravatar.com\\\/avatar\\\/2fcdf27c78ea025fbdb44e914cc63c72249ffec9dc8aafd5c82b26240ef3f346?s=96&d=mm&r=g\",\"url\":\"https:\\\/\\\/secure.gravatar.com\\\/avatar\\\/2fcdf27c78ea025fbdb44e914cc63c72249ffec9dc8aafd5c82b26240ef3f346?s=96&d=mm&r=g\",\"contentUrl\":\"https:\\\/\\\/secure.gravatar.com\\\/avatar\\\/2fcdf27c78ea025fbdb44e914cc63c72249ffec9dc8aafd5c82b26240ef3f346?s=96&d=mm&r=g\",\"caption\":\"Redazione\"},\"url\":\"https:\\\/\\\/www.rassegnastampa-totustuus.it\\\/cattolica\\\/author\\\/pietroelle\\\/\"}]}<\/script>\n<!-- \/ Yoast SEO plugin. -->","yoast_head_json":{"title":"Esselunga e lo spot pubblicitario della pesca - Rassegna Stampa Cattolica","description":"Esselunga e lo spot pubblicitario della pesca che ha fatto gridare allo scandalo i bacchettoni della famiglia fai da te","robots":{"index":"index","follow":"follow","max-snippet":"max-snippet:-1","max-image-preview":"max-image-preview:large","max-video-preview":"max-video-preview:-1"},"canonical":"https:\/\/www.rassegnastampa-totustuus.it\/cattolica\/esselunga-e-lo-spot-pubblicitario-della-pesca\/","og_locale":"it_IT","og_type":"article","og_title":"Esselunga e lo spot pubblicitario della pesca - Rassegna Stampa Cattolica","og_description":"Esselunga e lo spot pubblicitario della pesca che ha fatto gridare allo scandalo i bacchettoni della famiglia fai da te","og_url":"https:\/\/www.rassegnastampa-totustuus.it\/cattolica\/esselunga-e-lo-spot-pubblicitario-della-pesca\/","og_site_name":"Rassegna Stampa Cattolica","article_publisher":"https:\/\/www.facebook.com\/rassegnastampacattolica","article_published_time":"2023-10-04T22:00:00+00:00","article_modified_time":"2024-01-04T15:03:43+00:00","og_image":[{"width":300,"height":168,"url":"https:\/\/www.rassegnastampa-totustuus.it\/cattolica\/wp-content\/uploads\/2023\/09\/pesca_supermercato_bambini.jpeg","type":"image\/jpeg"}],"author":"Redazione","twitter_card":"summary_large_image","twitter_creator":"@rassegnastampa9","twitter_site":"@rassegnastampa9","twitter_misc":{"Scritto da":"Redazione","Tempo di lettura stimato":"4 minuti"},"schema":{"@context":"https:\/\/schema.org","@graph":[{"@type":"Article","@id":"https:\/\/www.rassegnastampa-totustuus.it\/cattolica\/esselunga-e-lo-spot-pubblicitario-della-pesca\/#article","isPartOf":{"@id":"https:\/\/www.rassegnastampa-totustuus.it\/cattolica\/esselunga-e-lo-spot-pubblicitario-della-pesca\/"},"author":{"name":"Redazione","@id":"https:\/\/www.rassegnastampa-totustuus.it\/cattolica\/#\/schema\/person\/08f319d2bd1a0904ad9e2bfb7b15e5c3"},"headline":"Esselunga e lo spot pubblicitario della pesca","datePublished":"2023-10-04T22:00:00+00:00","dateModified":"2024-01-04T15:03:43+00:00","mainEntityOfPage":{"@id":"https:\/\/www.rassegnastampa-totustuus.it\/cattolica\/esselunga-e-lo-spot-pubblicitario-della-pesca\/"},"wordCount":469,"publisher":{"@id":"https:\/\/www.rassegnastampa-totustuus.it\/cattolica\/#organization"},"image":{"@id":"https:\/\/www.rassegnastampa-totustuus.it\/cattolica\/esselunga-e-lo-spot-pubblicitario-della-pesca\/#primaryimage"},"thumbnailUrl":"https:\/\/www.rassegnastampa-totustuus.it\/cattolica\/wp-content\/uploads\/2023\/09\/pesca_supermercato_bambini.jpeg","keywords":["divorzio","famiglia"],"articleSection":["Famiglia"],"inLanguage":"it-IT"},{"@type":"WebPage","@id":"https:\/\/www.rassegnastampa-totustuus.it\/cattolica\/esselunga-e-lo-spot-pubblicitario-della-pesca\/","url":"https:\/\/www.rassegnastampa-totustuus.it\/cattolica\/esselunga-e-lo-spot-pubblicitario-della-pesca\/","name":"Esselunga e lo spot pubblicitario della pesca - Rassegna Stampa Cattolica","isPartOf":{"@id":"https:\/\/www.rassegnastampa-totustuus.it\/cattolica\/#website"},"primaryImageOfPage":{"@id":"https:\/\/www.rassegnastampa-totustuus.it\/cattolica\/esselunga-e-lo-spot-pubblicitario-della-pesca\/#primaryimage"},"image":{"@id":"https:\/\/www.rassegnastampa-totustuus.it\/cattolica\/esselunga-e-lo-spot-pubblicitario-della-pesca\/#primaryimage"},"thumbnailUrl":"https:\/\/www.rassegnastampa-totustuus.it\/cattolica\/wp-content\/uploads\/2023\/09\/pesca_supermercato_bambini.jpeg","datePublished":"2023-10-04T22:00:00+00:00","dateModified":"2024-01-04T15:03:43+00:00","description":"Esselunga e lo spot pubblicitario della pesca che ha fatto gridare allo scandalo i bacchettoni della famiglia fai da te","breadcrumb":{"@id":"https:\/\/www.rassegnastampa-totustuus.it\/cattolica\/esselunga-e-lo-spot-pubblicitario-della-pesca\/#breadcrumb"},"inLanguage":"it-IT","potentialAction":[{"@type":"ReadAction","target":["https:\/\/www.rassegnastampa-totustuus.it\/cattolica\/esselunga-e-lo-spot-pubblicitario-della-pesca\/"]}]},{"@type":"ImageObject","inLanguage":"it-IT","@id":"https:\/\/www.rassegnastampa-totustuus.it\/cattolica\/esselunga-e-lo-spot-pubblicitario-della-pesca\/#primaryimage","url":"https:\/\/www.rassegnastampa-totustuus.it\/cattolica\/wp-content\/uploads\/2023\/09\/pesca_supermercato_bambini.jpeg","contentUrl":"https:\/\/www.rassegnastampa-totustuus.it\/cattolica\/wp-content\/uploads\/2023\/09\/pesca_supermercato_bambini.jpeg","width":300,"height":168},{"@type":"BreadcrumbList","@id":"https:\/\/www.rassegnastampa-totustuus.it\/cattolica\/esselunga-e-lo-spot-pubblicitario-della-pesca\/#breadcrumb","itemListElement":[{"@type":"ListItem","position":1,"name":"Home","item":"https:\/\/www.rassegnastampa-totustuus.it\/cattolica\/"},{"@type":"ListItem","position":2,"name":"Esselunga e lo spot pubblicitario della pesca"}]},{"@type":"WebSite","@id":"https:\/\/www.rassegnastampa-totustuus.it\/cattolica\/#website","url":"https:\/\/www.rassegnastampa-totustuus.it\/cattolica\/","name":"Rassegna Stampa Cattolica","description":"Per una cultura che nasce dalla Rivelazione cristiana in conformit\u00e0 alla tradizione e al Magistero della Chiesa in opposizione ad ogni relativismo e totalitarismo","publisher":{"@id":"https:\/\/www.rassegnastampa-totustuus.it\/cattolica\/#organization"},"alternateName":"Rass. Cattolica","potentialAction":[{"@type":"SearchAction","target":{"@type":"EntryPoint","urlTemplate":"https:\/\/www.rassegnastampa-totustuus.it\/cattolica\/?s={search_term_string}"},"query-input":{"@type":"PropertyValueSpecification","valueRequired":true,"valueName":"search_term_string"}}],"inLanguage":"it-IT"},{"@type":"Organization","@id":"https:\/\/www.rassegnastampa-totustuus.it\/cattolica\/#organization","name":"Rassegna Stampa Cattolica","url":"https:\/\/www.rassegnastampa-totustuus.it\/cattolica\/","logo":{"@type":"ImageObject","inLanguage":"it-IT","@id":"https:\/\/www.rassegnastampa-totustuus.it\/cattolica\/#\/schema\/logo\/image\/","url":"https:\/\/www.rassegnastampa-totustuus.it\/cattolica\/wp-content\/uploads\/2014\/04\/logo-rassegna1.gif","contentUrl":"https:\/\/www.rassegnastampa-totustuus.it\/cattolica\/wp-content\/uploads\/2014\/04\/logo-rassegna1.gif","width":600,"height":163,"caption":"Rassegna Stampa Cattolica"},"image":{"@id":"https:\/\/www.rassegnastampa-totustuus.it\/cattolica\/#\/schema\/logo\/image\/"},"sameAs":["https:\/\/www.facebook.com\/rassegnastampacattolica","https:\/\/x.com\/rassegnastampa9"]},{"@type":"Person","@id":"https:\/\/www.rassegnastampa-totustuus.it\/cattolica\/#\/schema\/person\/08f319d2bd1a0904ad9e2bfb7b15e5c3","name":"Redazione","image":{"@type":"ImageObject","inLanguage":"it-IT","@id":"https:\/\/secure.gravatar.com\/avatar\/2fcdf27c78ea025fbdb44e914cc63c72249ffec9dc8aafd5c82b26240ef3f346?s=96&d=mm&r=g","url":"https:\/\/secure.gravatar.com\/avatar\/2fcdf27c78ea025fbdb44e914cc63c72249ffec9dc8aafd5c82b26240ef3f346?s=96&d=mm&r=g","contentUrl":"https:\/\/secure.gravatar.com\/avatar\/2fcdf27c78ea025fbdb44e914cc63c72249ffec9dc8aafd5c82b26240ef3f346?s=96&d=mm&r=g","caption":"Redazione"},"url":"https:\/\/www.rassegnastampa-totustuus.it\/cattolica\/author\/pietroelle\/"}]}},"_links":{"self":[{"href":"https:\/\/www.rassegnastampa-totustuus.it\/cattolica\/wp-json\/wp\/v2\/posts\/56972","targetHints":{"allow":["GET"]}}],"collection":[{"href":"https:\/\/www.rassegnastampa-totustuus.it\/cattolica\/wp-json\/wp\/v2\/posts"}],"about":[{"href":"https:\/\/www.rassegnastampa-totustuus.it\/cattolica\/wp-json\/wp\/v2\/types\/post"}],"author":[{"embeddable":true,"href":"https:\/\/www.rassegnastampa-totustuus.it\/cattolica\/wp-json\/wp\/v2\/users\/6"}],"replies":[{"embeddable":true,"href":"https:\/\/www.rassegnastampa-totustuus.it\/cattolica\/wp-json\/wp\/v2\/comments?post=56972"}],"version-history":[{"count":4,"href":"https:\/\/www.rassegnastampa-totustuus.it\/cattolica\/wp-json\/wp\/v2\/posts\/56972\/revisions"}],"predecessor-version":[{"id":58705,"href":"https:\/\/www.rassegnastampa-totustuus.it\/cattolica\/wp-json\/wp\/v2\/posts\/56972\/revisions\/58705"}],"wp:featuredmedia":[{"embeddable":true,"href":"https:\/\/www.rassegnastampa-totustuus.it\/cattolica\/wp-json\/wp\/v2\/media\/56973"}],"wp:attachment":[{"href":"https:\/\/www.rassegnastampa-totustuus.it\/cattolica\/wp-json\/wp\/v2\/media?parent=56972"}],"wp:term":[{"taxonomy":"category","embeddable":true,"href":"https:\/\/www.rassegnastampa-totustuus.it\/cattolica\/wp-json\/wp\/v2\/categories?post=56972"},{"taxonomy":"post_tag","embeddable":true,"href":"https:\/\/www.rassegnastampa-totustuus.it\/cattolica\/wp-json\/wp\/v2\/tags?post=56972"}],"curies":[{"name":"wp","href":"https:\/\/api.w.org\/{rel}","templated":true}]}}