{"id":56954,"date":"2023-10-05T00:00:00","date_gmt":"2023-10-04T22:00:00","guid":{"rendered":"https:\/\/www.rassegnastampa-totustuus.it\/cattolica\/?p=56954"},"modified":"2024-01-04T15:54:30","modified_gmt":"2024-01-04T14:54:30","slug":"larma-della-sinistra-e-la-propaganda","status":"publish","type":"post","link":"https:\/\/www.rassegnastampa-totustuus.it\/cattolica\/larma-della-sinistra-e-la-propaganda\/","title":{"rendered":"La sinistra e la propaganda"},"content":{"rendered":"<p style=\"text-align: justify;\"><strong><img loading=\"lazy\" decoding=\"async\" class=\" wp-image-57542 alignleft\" src=\"https:\/\/www.rassegnastampa-totustuus.it\/cattolica\/wp-content\/uploads\/2023\/10\/propaganda_sinistra_Italia.jpg\" alt=\"\" width=\"156\" height=\"221\" \/>Abstract: <\/strong><em>la sinistra ha sempre usato la propaganda come arma per manipolare la realt\u00e0, confondere e attirare a s\u00e9 e masse. Questo fin dalla Rivoluzione francese, che forse non sarebbe scoppiata senza il diluvio di giornali, libretti e &#8220;societ\u00e0 di pensiero&#8221; che sommerse la Francia. <span style=\"color: #000000;\"> Guarda caso tutti i rivoluzionari, da Marat in poi,\u00a0 facevanoi giornalisti. <\/span><\/em><em>E&#8217; con la propaganda che la sinistra ancora oggi ottiene l&#8217;obbedienza totale: l<span style=\"color: #000000;\">o schiavo migliore \u00e8 quello che crede di essere libero. Il termine fu mutuato non a caso da Lenin, che lo scipp\u00f2 alla congregazione vaticana\u00a0De Propaganda Fide. E pure il Papa si sta accodando\u2026<\/span>\u00a0<\/em><\/p>\n<p><!--more--><\/p>\n<p style=\"text-align: center;\"><span style=\"color: #000000;\">Dal <strong>blog di Nicola Porro<\/strong> 26 Luglio 2023<\/span><\/p>\n<h3 style=\"text-align: center;\">L\u2019arma della sinistra \u00e8 la propaganda<\/h3>\n<p style=\"text-align: center;\"><span style=\"color: #000000;\">di <strong>Rino Cammilleri<\/strong> <\/span><\/p>\n<p style=\"text-align: justify;\"><span style=\"color: #000000;\">Il giacobinismo and\u00f2 al potere grazie alla <strong>propaganda<\/strong>. Pennaruli e avvocaticchi come Robespierre inondarono di <em>cahiers <\/em>di lamentele gli Stati Generali. I quali erano stati convocati perch\u00e9 la Francia, la Potenza numero uno, aveva perso la Guerra dei Sette Anni contro quella numero due, l\u2019Inghilterra. Lo Stato (non il Paese, si badi) aveva le casse esauste. Ogni municipalit\u00e0 rappresentata deleg\u00f2, ovviamente, gente di lingua svelta. E questi erano imbevuti di Rousseau e Voltaire, anche perch\u00e9 il bibliotecario reale, Malesherbes, anzich\u00e9 censurarli li aveva diffusi per due motivi: uno, era dei loro; due, il re era un imbecille (non lo dico io, ma uno dei maggiori storici francesi, Pierre Chaunu)<\/span>.<\/p>\n<p style=\"text-align: justify;\"><span style=\"color: #000000;\"><strong><img loading=\"lazy\" decoding=\"async\" class=\"size-full wp-image-45148 alignright\" src=\"https:\/\/www.rassegnastampa-totustuus.it\/cattolica\/wp-content\/uploads\/2014\/11\/Monitore_napoli_giacobini.jpg\" alt=\"\" width=\"266\" height=\"189\" \/>Sorsero come i funghi le \u00absociet\u00e0 di pensiero\u00bb:<\/strong> avete presenti le interminabili assemblee sessantottine? Le quali sporularono il frutto della nuova libert\u00e0 di stampa. Che infatti non c\u2019entrava nulla con le richieste del popolo agli Stati Generali. E tutti i rivoluzionari, da Marat in poi, quello facevano: i giornalisti. <strong>Era nata la propaganda politica, anzi ideologica<\/strong>. Da allora, ecco i monumenti ai giornalisti che null\u2019altro facevano e null\u2019altro sapevano fare: Mazzini, Marx, Lenin e compagnia parolaia. E ghigliottina per chi dissentiva, non a caso una macchina per moltiplicare le eliminazioni, fino al gulag e ai <em>killing fields<\/em> in attesa dell\u2019AI. Ci si faccia caso con gli eredi nostrani del giacobinismo, i piddini. <strong>Tutta la loro forza sta nella propaganda<\/strong>. Non hanno altro.<\/span><\/p>\n<p style=\"text-align: justify;\"><span style=\"color: #000000;\"><strong><img loading=\"lazy\" decoding=\"async\" class=\"size-full wp-image-7155 alignleft\" src=\"https:\/\/www.rassegnastampa-totustuus.it\/cattolica\/wp-content\/uploads\/2013\/11\/PD.jpg\" alt=\"\" width=\"252\" height=\"187\" \/>Quando comandano, mandano il Paese a ramengo<\/strong>, riempiono il popolo di chiacchiere e le galere per chi non le beve. Quando sono all\u2019opposizione strepitano, additano le falle, demonizzano, inventano sempre nuovi slogan, capitaneggiano i nuovi poveri che loro stessi hanno creato. Qualunque inezia pu\u00f2 essere utilizzata per cavalcarla dopo averla ingigantita ad arte. Propaganda, appunto. E sotto la propaganda, niente. Fa caldo d\u2019estate? Emergenza climatica. C\u2019\u00e8 il covid? Tutti a casa, tutti vaccinati quattro, cinque volte, e pure dieci se il covid non li avesse fregati sparendo. Il covid \u00e8 sparito? Merito dei vaccini. Ora, mi sono imbattuto in una notizia storica che mi ha fatto riflettere. E dove l\u2019ho trovata? Sulla\u00a0<em>Settimana Enigmistica<\/em>, il che testimonia della situazione orwelliana in cui ci hanno sprofondato. Il peggior disastro nucleare della storia? Chernobyl, lo sanno tutti. In subordine, Fukushima.<\/span><\/p>\n<p style=\"text-align: justify;\"><span style=\"color: #000000;\"><img loading=\"lazy\" decoding=\"async\" class=\" wp-image-22348 alignright\" src=\"https:\/\/www.rassegnastampa-totustuus.it\/cattolica\/wp-content\/uploads\/2011\/03\/Chernobil.jpg\" alt=\"\" width=\"296\" height=\"199\" \/>Morti? Pochissimi, ma quel che conta \u00e8 l\u2019enfasi interessata di chi ha in mano i nostri cervelli. Avete mai sentito parlare di Windscale? No? Non mi stupisce.<strong> A Windscale<\/strong>, nel Cumberland, Inghilterra, <strong>si incendi\u00f2 un reattore nucleare<\/strong>. Bruci\u00f2 per sedici ore, lasci\u00f2 una vasta zona contaminata (e lo \u00e8 ancora oggi), <strong>provoc\u00f2 fino a 240 morti<\/strong> tra diretti e indiretti. <strong>Ma il governo minimizz\u00f2<\/strong> per non creare panico. Era il 1957 e i Verdi non c\u2019erano ancora (cio\u00e8, non c\u2019era ancora chi li finanziava), cos\u00ec il mondo non ne seppe nulla. Notare che non era affatto un segreto di Stato. Semplicemente, la notizia non era pompata come lo sarebbe oggi. Il che significa che l\u2019importante non \u00e8 la notizia ma la pompa<\/span>.<\/p>\n<p style=\"text-align: justify;\"><span style=\"color: #000000;\"><strong><img loading=\"lazy\" decoding=\"async\" class=\" wp-image-35760 alignleft\" src=\"https:\/\/www.rassegnastampa-totustuus.it\/cattolica\/wp-content\/uploads\/2012\/01\/giornali.jpg\" alt=\"\" width=\"295\" height=\"185\" \/>La catena \u00e8 questa:<\/strong> chi ha i soldi decide di pompare qualcosa; se ne fanno carico i giornalisti. i quali fanno quello per cui sono pagati. Poich\u00e9 per fare i giornalisti c\u2019\u00e8 la fila al punto che c\u2019\u00e8 chi lo fa anche gratis, la morale \u00e8 questa: <strong>chi ha in mano la propaganda ha in mano il pianeta<\/strong>. La libert\u00e0 di stampa? Seeeh! Non c\u2019\u00e8 bisogno di costringere nessuno, basta attentare allo stipendio. Guardate la guerra in Ucraina. La versione zelenskiana \u00e8 vera, quella putiniana \u00e8 falsa per definizione. Chi ha costretto l\u2019Italia ad allinearsi entusiasta, compresi Rai e media? Chi ha in mano la pompa. O il bastone e la carota, se preferite<\/span>.<\/p>\n<p style=\"text-align: justify;\"><span style=\"color: #000000;\"><strong>\u00c8 con la propaganda che si ottiene l\u2019obbedienza totale<\/strong> perch\u00e9 convinta: lo schiavo migliore \u00e8 quello che crede di essere libero. Il termine fu mutuato non a caso da Lenin, che lo scipp\u00f2 alla congregazione vaticana\u00a0<em>De Propaganda Fide<\/em>. E pure il Papa si sta accodando\u2026<\/span><\/p>\n","protected":false},"excerpt":{"rendered":"<p>Abstract: la sinistra ha sempre usato la propaganda come arma per manipolare la realt\u00e0, confondere e attirare a s\u00e9 e masse. Questo fin dalla Rivoluzione francese, che forse non sarebbe scoppiata senza il diluvio di giornali, libretti e &#8220;societ\u00e0 di pensiero&#8221; che sommerse la Francia. Guarda caso tutti i rivoluzionari, da Marat in poi,\u00a0 facevanoi &hellip; <\/p>\n<p><a class=\"more-link btn\" href=\"https:\/\/www.rassegnastampa-totustuus.it\/cattolica\/larma-della-sinistra-e-la-propaganda\/\">Continua a leggere<\/a><\/p>\n","protected":false},"author":6,"featured_media":28802,"comment_status":"closed","ping_status":"closed","sticky":false,"template":"","format":"standard","meta":{"footnotes":""},"categories":[2943],"tags":[1684,1231],"class_list":["post-56954","post","type-post","status-publish","format-standard","has-post-thumbnail","hentry","category-sinistre","tag-propaganda","tag-sinistre","item-wrap"],"yoast_head":"<!-- This site is optimized with the Yoast SEO plugin v27.5 - https:\/\/yoast.com\/product\/yoast-seo-wordpress\/ -->\n<title>La sinistra e la propaganda - Rassegna Stampa Cattolica<\/title>\n<meta name=\"description\" content=\"L&#039;arma della sinistra \u00e8 la propaganda, con la quale manipola la realt\u00e0 e imbambola le masse, fin dalla Rivoluzione francese\" \/>\n<meta name=\"robots\" content=\"index, follow, max-snippet:-1, max-image-preview:large, max-video-preview:-1\" \/>\n<link rel=\"canonical\" href=\"https:\/\/www.rassegnastampa-totustuus.it\/cattolica\/larma-della-sinistra-e-la-propaganda\/\" \/>\n<meta property=\"og:locale\" content=\"it_IT\" \/>\n<meta property=\"og:type\" content=\"article\" \/>\n<meta property=\"og:title\" content=\"La sinistra e la propaganda - Rassegna Stampa Cattolica\" \/>\n<meta property=\"og:description\" content=\"L&#039;arma della sinistra \u00e8 la propaganda, con la quale manipola la realt\u00e0 e imbambola le masse, fin dalla Rivoluzione francese\" \/>\n<meta property=\"og:url\" content=\"https:\/\/www.rassegnastampa-totustuus.it\/cattolica\/larma-della-sinistra-e-la-propaganda\/\" \/>\n<meta property=\"og:site_name\" content=\"Rassegna Stampa Cattolica\" \/>\n<meta property=\"article:publisher\" content=\"https:\/\/www.facebook.com\/rassegnastampacattolica\" \/>\n<meta property=\"article:published_time\" content=\"2023-10-04T22:00:00+00:00\" \/>\n<meta property=\"article:modified_time\" content=\"2024-01-04T14:54:30+00:00\" \/>\n<meta property=\"og:image\" content=\"https:\/\/www.rassegnastampa-totustuus.it\/cattolica\/wp-content\/uploads\/2009\/11\/propaganda_Urss.jpg\" \/>\n\t<meta property=\"og:image:width\" content=\"184\" \/>\n\t<meta property=\"og:image:height\" content=\"180\" \/>\n\t<meta property=\"og:image:type\" content=\"image\/jpeg\" \/>\n<meta name=\"author\" content=\"Redazione\" \/>\n<meta name=\"twitter:card\" content=\"summary_large_image\" \/>\n<meta name=\"twitter:creator\" content=\"@rassegnastampa9\" \/>\n<meta name=\"twitter:site\" content=\"@rassegnastampa9\" \/>\n<meta name=\"twitter:label1\" content=\"Scritto da\" \/>\n\t<meta name=\"twitter:data1\" content=\"Redazione\" \/>\n\t<meta name=\"twitter:label2\" content=\"Tempo di lettura stimato\" \/>\n\t<meta name=\"twitter:data2\" content=\"6 minuti\" \/>\n<script type=\"application\/ld+json\" class=\"yoast-schema-graph\">{\"@context\":\"https:\\\/\\\/schema.org\",\"@graph\":[{\"@type\":\"Article\",\"@id\":\"https:\\\/\\\/www.rassegnastampa-totustuus.it\\\/cattolica\\\/larma-della-sinistra-e-la-propaganda\\\/#article\",\"isPartOf\":{\"@id\":\"https:\\\/\\\/www.rassegnastampa-totustuus.it\\\/cattolica\\\/larma-della-sinistra-e-la-propaganda\\\/\"},\"author\":{\"name\":\"Redazione\",\"@id\":\"https:\\\/\\\/www.rassegnastampa-totustuus.it\\\/cattolica\\\/#\\\/schema\\\/person\\\/08f319d2bd1a0904ad9e2bfb7b15e5c3\"},\"headline\":\"La sinistra e la propaganda\",\"datePublished\":\"2023-10-04T22:00:00+00:00\",\"dateModified\":\"2024-01-04T14:54:30+00:00\",\"mainEntityOfPage\":{\"@id\":\"https:\\\/\\\/www.rassegnastampa-totustuus.it\\\/cattolica\\\/larma-della-sinistra-e-la-propaganda\\\/\"},\"wordCount\":776,\"publisher\":{\"@id\":\"https:\\\/\\\/www.rassegnastampa-totustuus.it\\\/cattolica\\\/#organization\"},\"image\":{\"@id\":\"https:\\\/\\\/www.rassegnastampa-totustuus.it\\\/cattolica\\\/larma-della-sinistra-e-la-propaganda\\\/#primaryimage\"},\"thumbnailUrl\":\"https:\\\/\\\/www.rassegnastampa-totustuus.it\\\/cattolica\\\/wp-content\\\/uploads\\\/2009\\\/11\\\/propaganda_Urss.jpg\",\"keywords\":[\"propaganda\",\"sinistre\"],\"articleSection\":[\"sinistre\"],\"inLanguage\":\"it-IT\"},{\"@type\":\"WebPage\",\"@id\":\"https:\\\/\\\/www.rassegnastampa-totustuus.it\\\/cattolica\\\/larma-della-sinistra-e-la-propaganda\\\/\",\"url\":\"https:\\\/\\\/www.rassegnastampa-totustuus.it\\\/cattolica\\\/larma-della-sinistra-e-la-propaganda\\\/\",\"name\":\"La sinistra e la propaganda - Rassegna Stampa Cattolica\",\"isPartOf\":{\"@id\":\"https:\\\/\\\/www.rassegnastampa-totustuus.it\\\/cattolica\\\/#website\"},\"primaryImageOfPage\":{\"@id\":\"https:\\\/\\\/www.rassegnastampa-totustuus.it\\\/cattolica\\\/larma-della-sinistra-e-la-propaganda\\\/#primaryimage\"},\"image\":{\"@id\":\"https:\\\/\\\/www.rassegnastampa-totustuus.it\\\/cattolica\\\/larma-della-sinistra-e-la-propaganda\\\/#primaryimage\"},\"thumbnailUrl\":\"https:\\\/\\\/www.rassegnastampa-totustuus.it\\\/cattolica\\\/wp-content\\\/uploads\\\/2009\\\/11\\\/propaganda_Urss.jpg\",\"datePublished\":\"2023-10-04T22:00:00+00:00\",\"dateModified\":\"2024-01-04T14:54:30+00:00\",\"description\":\"L'arma della sinistra \u00e8 la propaganda, con la quale manipola la realt\u00e0 e imbambola le masse, fin dalla Rivoluzione francese\",\"breadcrumb\":{\"@id\":\"https:\\\/\\\/www.rassegnastampa-totustuus.it\\\/cattolica\\\/larma-della-sinistra-e-la-propaganda\\\/#breadcrumb\"},\"inLanguage\":\"it-IT\",\"potentialAction\":[{\"@type\":\"ReadAction\",\"target\":[\"https:\\\/\\\/www.rassegnastampa-totustuus.it\\\/cattolica\\\/larma-della-sinistra-e-la-propaganda\\\/\"]}]},{\"@type\":\"ImageObject\",\"inLanguage\":\"it-IT\",\"@id\":\"https:\\\/\\\/www.rassegnastampa-totustuus.it\\\/cattolica\\\/larma-della-sinistra-e-la-propaganda\\\/#primaryimage\",\"url\":\"https:\\\/\\\/www.rassegnastampa-totustuus.it\\\/cattolica\\\/wp-content\\\/uploads\\\/2009\\\/11\\\/propaganda_Urss.jpg\",\"contentUrl\":\"https:\\\/\\\/www.rassegnastampa-totustuus.it\\\/cattolica\\\/wp-content\\\/uploads\\\/2009\\\/11\\\/propaganda_Urss.jpg\",\"width\":184,\"height\":180},{\"@type\":\"BreadcrumbList\",\"@id\":\"https:\\\/\\\/www.rassegnastampa-totustuus.it\\\/cattolica\\\/larma-della-sinistra-e-la-propaganda\\\/#breadcrumb\",\"itemListElement\":[{\"@type\":\"ListItem\",\"position\":1,\"name\":\"Home\",\"item\":\"https:\\\/\\\/www.rassegnastampa-totustuus.it\\\/cattolica\\\/\"},{\"@type\":\"ListItem\",\"position\":2,\"name\":\"La sinistra e la propaganda\"}]},{\"@type\":\"WebSite\",\"@id\":\"https:\\\/\\\/www.rassegnastampa-totustuus.it\\\/cattolica\\\/#website\",\"url\":\"https:\\\/\\\/www.rassegnastampa-totustuus.it\\\/cattolica\\\/\",\"name\":\"Rassegna Stampa Cattolica\",\"description\":\"Per una cultura che nasce dalla Rivelazione cristiana in conformit\u00e0 alla tradizione e al Magistero della Chiesa in opposizione ad ogni relativismo e totalitarismo\",\"publisher\":{\"@id\":\"https:\\\/\\\/www.rassegnastampa-totustuus.it\\\/cattolica\\\/#organization\"},\"alternateName\":\"Rass. Cattolica\",\"potentialAction\":[{\"@type\":\"SearchAction\",\"target\":{\"@type\":\"EntryPoint\",\"urlTemplate\":\"https:\\\/\\\/www.rassegnastampa-totustuus.it\\\/cattolica\\\/?s={search_term_string}\"},\"query-input\":{\"@type\":\"PropertyValueSpecification\",\"valueRequired\":true,\"valueName\":\"search_term_string\"}}],\"inLanguage\":\"it-IT\"},{\"@type\":\"Organization\",\"@id\":\"https:\\\/\\\/www.rassegnastampa-totustuus.it\\\/cattolica\\\/#organization\",\"name\":\"Rassegna Stampa Cattolica\",\"url\":\"https:\\\/\\\/www.rassegnastampa-totustuus.it\\\/cattolica\\\/\",\"logo\":{\"@type\":\"ImageObject\",\"inLanguage\":\"it-IT\",\"@id\":\"https:\\\/\\\/www.rassegnastampa-totustuus.it\\\/cattolica\\\/#\\\/schema\\\/logo\\\/image\\\/\",\"url\":\"https:\\\/\\\/www.rassegnastampa-totustuus.it\\\/cattolica\\\/wp-content\\\/uploads\\\/2014\\\/04\\\/logo-rassegna1.gif\",\"contentUrl\":\"https:\\\/\\\/www.rassegnastampa-totustuus.it\\\/cattolica\\\/wp-content\\\/uploads\\\/2014\\\/04\\\/logo-rassegna1.gif\",\"width\":600,\"height\":163,\"caption\":\"Rassegna Stampa Cattolica\"},\"image\":{\"@id\":\"https:\\\/\\\/www.rassegnastampa-totustuus.it\\\/cattolica\\\/#\\\/schema\\\/logo\\\/image\\\/\"},\"sameAs\":[\"https:\\\/\\\/www.facebook.com\\\/rassegnastampacattolica\",\"https:\\\/\\\/x.com\\\/rassegnastampa9\"]},{\"@type\":\"Person\",\"@id\":\"https:\\\/\\\/www.rassegnastampa-totustuus.it\\\/cattolica\\\/#\\\/schema\\\/person\\\/08f319d2bd1a0904ad9e2bfb7b15e5c3\",\"name\":\"Redazione\",\"image\":{\"@type\":\"ImageObject\",\"inLanguage\":\"it-IT\",\"@id\":\"https:\\\/\\\/secure.gravatar.com\\\/avatar\\\/2fcdf27c78ea025fbdb44e914cc63c72249ffec9dc8aafd5c82b26240ef3f346?s=96&d=mm&r=g\",\"url\":\"https:\\\/\\\/secure.gravatar.com\\\/avatar\\\/2fcdf27c78ea025fbdb44e914cc63c72249ffec9dc8aafd5c82b26240ef3f346?s=96&d=mm&r=g\",\"contentUrl\":\"https:\\\/\\\/secure.gravatar.com\\\/avatar\\\/2fcdf27c78ea025fbdb44e914cc63c72249ffec9dc8aafd5c82b26240ef3f346?s=96&d=mm&r=g\",\"caption\":\"Redazione\"},\"url\":\"https:\\\/\\\/www.rassegnastampa-totustuus.it\\\/cattolica\\\/author\\\/pietroelle\\\/\"}]}<\/script>\n<!-- \/ Yoast SEO plugin. -->","yoast_head_json":{"title":"La sinistra e la propaganda - Rassegna Stampa Cattolica","description":"L'arma della sinistra \u00e8 la propaganda, con la quale manipola la realt\u00e0 e imbambola le masse, fin dalla Rivoluzione francese","robots":{"index":"index","follow":"follow","max-snippet":"max-snippet:-1","max-image-preview":"max-image-preview:large","max-video-preview":"max-video-preview:-1"},"canonical":"https:\/\/www.rassegnastampa-totustuus.it\/cattolica\/larma-della-sinistra-e-la-propaganda\/","og_locale":"it_IT","og_type":"article","og_title":"La sinistra e la propaganda - Rassegna Stampa Cattolica","og_description":"L'arma della sinistra \u00e8 la propaganda, con la quale manipola la realt\u00e0 e imbambola le masse, fin dalla Rivoluzione francese","og_url":"https:\/\/www.rassegnastampa-totustuus.it\/cattolica\/larma-della-sinistra-e-la-propaganda\/","og_site_name":"Rassegna Stampa Cattolica","article_publisher":"https:\/\/www.facebook.com\/rassegnastampacattolica","article_published_time":"2023-10-04T22:00:00+00:00","article_modified_time":"2024-01-04T14:54:30+00:00","og_image":[{"width":184,"height":180,"url":"https:\/\/www.rassegnastampa-totustuus.it\/cattolica\/wp-content\/uploads\/2009\/11\/propaganda_Urss.jpg","type":"image\/jpeg"}],"author":"Redazione","twitter_card":"summary_large_image","twitter_creator":"@rassegnastampa9","twitter_site":"@rassegnastampa9","twitter_misc":{"Scritto da":"Redazione","Tempo di lettura stimato":"6 minuti"},"schema":{"@context":"https:\/\/schema.org","@graph":[{"@type":"Article","@id":"https:\/\/www.rassegnastampa-totustuus.it\/cattolica\/larma-della-sinistra-e-la-propaganda\/#article","isPartOf":{"@id":"https:\/\/www.rassegnastampa-totustuus.it\/cattolica\/larma-della-sinistra-e-la-propaganda\/"},"author":{"name":"Redazione","@id":"https:\/\/www.rassegnastampa-totustuus.it\/cattolica\/#\/schema\/person\/08f319d2bd1a0904ad9e2bfb7b15e5c3"},"headline":"La sinistra e la propaganda","datePublished":"2023-10-04T22:00:00+00:00","dateModified":"2024-01-04T14:54:30+00:00","mainEntityOfPage":{"@id":"https:\/\/www.rassegnastampa-totustuus.it\/cattolica\/larma-della-sinistra-e-la-propaganda\/"},"wordCount":776,"publisher":{"@id":"https:\/\/www.rassegnastampa-totustuus.it\/cattolica\/#organization"},"image":{"@id":"https:\/\/www.rassegnastampa-totustuus.it\/cattolica\/larma-della-sinistra-e-la-propaganda\/#primaryimage"},"thumbnailUrl":"https:\/\/www.rassegnastampa-totustuus.it\/cattolica\/wp-content\/uploads\/2009\/11\/propaganda_Urss.jpg","keywords":["propaganda","sinistre"],"articleSection":["sinistre"],"inLanguage":"it-IT"},{"@type":"WebPage","@id":"https:\/\/www.rassegnastampa-totustuus.it\/cattolica\/larma-della-sinistra-e-la-propaganda\/","url":"https:\/\/www.rassegnastampa-totustuus.it\/cattolica\/larma-della-sinistra-e-la-propaganda\/","name":"La sinistra e la propaganda - Rassegna Stampa Cattolica","isPartOf":{"@id":"https:\/\/www.rassegnastampa-totustuus.it\/cattolica\/#website"},"primaryImageOfPage":{"@id":"https:\/\/www.rassegnastampa-totustuus.it\/cattolica\/larma-della-sinistra-e-la-propaganda\/#primaryimage"},"image":{"@id":"https:\/\/www.rassegnastampa-totustuus.it\/cattolica\/larma-della-sinistra-e-la-propaganda\/#primaryimage"},"thumbnailUrl":"https:\/\/www.rassegnastampa-totustuus.it\/cattolica\/wp-content\/uploads\/2009\/11\/propaganda_Urss.jpg","datePublished":"2023-10-04T22:00:00+00:00","dateModified":"2024-01-04T14:54:30+00:00","description":"L'arma della sinistra \u00e8 la propaganda, con la quale manipola la realt\u00e0 e imbambola le masse, fin dalla Rivoluzione francese","breadcrumb":{"@id":"https:\/\/www.rassegnastampa-totustuus.it\/cattolica\/larma-della-sinistra-e-la-propaganda\/#breadcrumb"},"inLanguage":"it-IT","potentialAction":[{"@type":"ReadAction","target":["https:\/\/www.rassegnastampa-totustuus.it\/cattolica\/larma-della-sinistra-e-la-propaganda\/"]}]},{"@type":"ImageObject","inLanguage":"it-IT","@id":"https:\/\/www.rassegnastampa-totustuus.it\/cattolica\/larma-della-sinistra-e-la-propaganda\/#primaryimage","url":"https:\/\/www.rassegnastampa-totustuus.it\/cattolica\/wp-content\/uploads\/2009\/11\/propaganda_Urss.jpg","contentUrl":"https:\/\/www.rassegnastampa-totustuus.it\/cattolica\/wp-content\/uploads\/2009\/11\/propaganda_Urss.jpg","width":184,"height":180},{"@type":"BreadcrumbList","@id":"https:\/\/www.rassegnastampa-totustuus.it\/cattolica\/larma-della-sinistra-e-la-propaganda\/#breadcrumb","itemListElement":[{"@type":"ListItem","position":1,"name":"Home","item":"https:\/\/www.rassegnastampa-totustuus.it\/cattolica\/"},{"@type":"ListItem","position":2,"name":"La sinistra e la propaganda"}]},{"@type":"WebSite","@id":"https:\/\/www.rassegnastampa-totustuus.it\/cattolica\/#website","url":"https:\/\/www.rassegnastampa-totustuus.it\/cattolica\/","name":"Rassegna Stampa Cattolica","description":"Per una cultura che nasce dalla Rivelazione cristiana in conformit\u00e0 alla tradizione e al Magistero della Chiesa in opposizione ad ogni relativismo e totalitarismo","publisher":{"@id":"https:\/\/www.rassegnastampa-totustuus.it\/cattolica\/#organization"},"alternateName":"Rass. Cattolica","potentialAction":[{"@type":"SearchAction","target":{"@type":"EntryPoint","urlTemplate":"https:\/\/www.rassegnastampa-totustuus.it\/cattolica\/?s={search_term_string}"},"query-input":{"@type":"PropertyValueSpecification","valueRequired":true,"valueName":"search_term_string"}}],"inLanguage":"it-IT"},{"@type":"Organization","@id":"https:\/\/www.rassegnastampa-totustuus.it\/cattolica\/#organization","name":"Rassegna Stampa Cattolica","url":"https:\/\/www.rassegnastampa-totustuus.it\/cattolica\/","logo":{"@type":"ImageObject","inLanguage":"it-IT","@id":"https:\/\/www.rassegnastampa-totustuus.it\/cattolica\/#\/schema\/logo\/image\/","url":"https:\/\/www.rassegnastampa-totustuus.it\/cattolica\/wp-content\/uploads\/2014\/04\/logo-rassegna1.gif","contentUrl":"https:\/\/www.rassegnastampa-totustuus.it\/cattolica\/wp-content\/uploads\/2014\/04\/logo-rassegna1.gif","width":600,"height":163,"caption":"Rassegna Stampa Cattolica"},"image":{"@id":"https:\/\/www.rassegnastampa-totustuus.it\/cattolica\/#\/schema\/logo\/image\/"},"sameAs":["https:\/\/www.facebook.com\/rassegnastampacattolica","https:\/\/x.com\/rassegnastampa9"]},{"@type":"Person","@id":"https:\/\/www.rassegnastampa-totustuus.it\/cattolica\/#\/schema\/person\/08f319d2bd1a0904ad9e2bfb7b15e5c3","name":"Redazione","image":{"@type":"ImageObject","inLanguage":"it-IT","@id":"https:\/\/secure.gravatar.com\/avatar\/2fcdf27c78ea025fbdb44e914cc63c72249ffec9dc8aafd5c82b26240ef3f346?s=96&d=mm&r=g","url":"https:\/\/secure.gravatar.com\/avatar\/2fcdf27c78ea025fbdb44e914cc63c72249ffec9dc8aafd5c82b26240ef3f346?s=96&d=mm&r=g","contentUrl":"https:\/\/secure.gravatar.com\/avatar\/2fcdf27c78ea025fbdb44e914cc63c72249ffec9dc8aafd5c82b26240ef3f346?s=96&d=mm&r=g","caption":"Redazione"},"url":"https:\/\/www.rassegnastampa-totustuus.it\/cattolica\/author\/pietroelle\/"}]}},"_links":{"self":[{"href":"https:\/\/www.rassegnastampa-totustuus.it\/cattolica\/wp-json\/wp\/v2\/posts\/56954","targetHints":{"allow":["GET"]}}],"collection":[{"href":"https:\/\/www.rassegnastampa-totustuus.it\/cattolica\/wp-json\/wp\/v2\/posts"}],"about":[{"href":"https:\/\/www.rassegnastampa-totustuus.it\/cattolica\/wp-json\/wp\/v2\/types\/post"}],"author":[{"embeddable":true,"href":"https:\/\/www.rassegnastampa-totustuus.it\/cattolica\/wp-json\/wp\/v2\/users\/6"}],"replies":[{"embeddable":true,"href":"https:\/\/www.rassegnastampa-totustuus.it\/cattolica\/wp-json\/wp\/v2\/comments?post=56954"}],"version-history":[{"count":3,"href":"https:\/\/www.rassegnastampa-totustuus.it\/cattolica\/wp-json\/wp\/v2\/posts\/56954\/revisions"}],"predecessor-version":[{"id":58699,"href":"https:\/\/www.rassegnastampa-totustuus.it\/cattolica\/wp-json\/wp\/v2\/posts\/56954\/revisions\/58699"}],"wp:featuredmedia":[{"embeddable":true,"href":"https:\/\/www.rassegnastampa-totustuus.it\/cattolica\/wp-json\/wp\/v2\/media\/28802"}],"wp:attachment":[{"href":"https:\/\/www.rassegnastampa-totustuus.it\/cattolica\/wp-json\/wp\/v2\/media?parent=56954"}],"wp:term":[{"taxonomy":"category","embeddable":true,"href":"https:\/\/www.rassegnastampa-totustuus.it\/cattolica\/wp-json\/wp\/v2\/categories?post=56954"},{"taxonomy":"post_tag","embeddable":true,"href":"https:\/\/www.rassegnastampa-totustuus.it\/cattolica\/wp-json\/wp\/v2\/tags?post=56954"}],"curies":[{"name":"wp","href":"https:\/\/api.w.org\/{rel}","templated":true}]}}