{"id":56945,"date":"2023-10-12T00:00:00","date_gmt":"2023-10-11T22:00:00","guid":{"rendered":"https:\/\/www.rassegnastampa-totustuus.it\/cattolica\/?p=56945"},"modified":"2023-11-20T15:50:32","modified_gmt":"2023-11-20T14:50:32","slug":"quando-anticonsumismo-fa-rima-con-socialismo","status":"publish","type":"post","link":"https:\/\/www.rassegnastampa-totustuus.it\/cattolica\/quando-anticonsumismo-fa-rima-con-socialismo\/","title":{"rendered":"Consumismo, chi \u00e8 contrario sogna il socialismo"},"content":{"rendered":"<p style=\"text-align: justify;\"><span style=\"color: #000000;\"><strong><img loading=\"lazy\" decoding=\"async\" class=\" wp-image-41544 alignleft\" src=\"https:\/\/www.rassegnastampa-totustuus.it\/cattolica\/wp-content\/uploads\/2018\/11\/shopping_consumismo.jpg\" alt=\"\" width=\"314\" height=\"186\" \/>Abstract:\u00a0 <\/strong>L&#8217;ostilit\u00e0 per il consumismo maschera una nostalgia per il socialismo. In una societ\u00e0 in cui nessuno ha vantaggi lavorando pi\u00f9 degli altri&#8230; nessuno lavora pi\u00f9 degli altri. Sar\u00e0 una societ\u00e0 organizzata per beneficiare i pigri, ma La glorificazione dell&#8217;accidia \u00e8 propria del socialismo e del comunismo, non della civilt\u00e0 cristiana e della dottrina sociale cattolica.<\/span><\/p>\n<p><!--more--><\/p>\n<p style=\"text-align: center;\"><span style=\"color: #000000;\"><span style=\"color: #0000ff;\"><a style=\"color: #0000ff;\" href=\"https:\/\/www.atfp.it\/\" target=\"_blank\" rel=\"noopener\"><strong>Tradizione Famiglia Propriet\u00e0<\/strong> <\/a><\/span>newsletter 22 Settembre 2023 <\/span><strong>\u00a0<\/strong><\/p>\n<h3 style=\"text-align: center;\">Quando anticonsumismo fa rima con socialismo<\/h3>\n<p style=\"text-align: center;\"><span style=\"color: #000000;\">di<span style=\"color: #0000ff;\"><a style=\"color: #0000ff;\" href=\"https:\/\/www.rassegnastampa-totustuus.it\/cattolica\/plinio-correa-de-oliveira-il-crociato-del-xx-secolo-2\/\" target=\"_blank\" rel=\"noopener\"><strong> Plinio Corr\u00eaa de Oliveira<\/strong><\/a><\/span><\/span><\/p>\n<p style=\"text-align: justify;\"><span style=\"color: #000000;\">L&#8217;indolenza che caratterizza molte delle popolazioni che hanno vissuto 50 o pi\u00f9 anni sotto la tirannide comunista \u00e8 stata accentuata dal fatto che tutti dovevano lavorare pi\u00f9 o meno gratuitamente per lo Stato. In compenso, esso chiedeva loro poco lavoro, il quale del resto veniva svolto senza grandi responsabilit\u00e0, poich\u00e9 nessuno \u2014 ad eccezione dei privilegiati della nomenklatura \u2014 aveva il diritto di assicurarsi un maggiore benessere sulla base di un sistematico aumento quantitativo e qualitativo del proprio impegno. Cos\u00ec, vivere diventava vegetare. Ma vegetare, sotto un certo punto di vista, \u00e8 riposarsi. E il mero risposo, anche se nell&#8217;indigenza, per molti individui ed anche per molti popoli \u00e8 uno stile, certamente fallimentare, di godersi la vita.<\/span><\/p>\n<p style=\"text-align: justify;\"><span style=\"color: #000000;\"><img loading=\"lazy\" decoding=\"async\" class=\" wp-image-56946 alignright\" src=\"https:\/\/www.rassegnastampa-totustuus.it\/cattolica\/wp-content\/uploads\/2023\/09\/Urss_fabbrica_lavoratori.jpg\" alt=\"\" width=\"273\" height=\"192\" \/>S&#8217;introdusse cos\u00ec, in quelle popolazioni, l&#8217;idea che lavorare molto per produrre molto non valeva la fatica, n\u00e9 la preoccupazione di dover escogitare continuamente nuovi affari n\u00e9 il timore di non riuscirvi. Valeva pi\u00f9 la pena lavorare il meno possibile, mangiare il meno possibile, riposare molto, magari bere molto&#8230; invece che lavorare molto, consumare abbastanza e migliorare costantemente il proprio tenore di vita.<\/span><\/p>\n<p style=\"text-align: justify;\"><span style=\"color: #000000;\">Che cosa \u00e8 allora il consumare? La prima idea che viene in mente \u00e8 quella di mangiare, cosa certamente compresa nel concetto di consumo.<\/span><\/p>\n<p style=\"text-align: justify;\"><span style=\"color: #000000;\">Tuttavia, significa anche avere nella vita altre soddisfazioni \u2014 non necessariamente quelle dei cresi miliardari, che hanno la possibilit\u00e0 di consumi molto sofisticati \u2014 ma quelle che danno all&#8217;uomo un benessere, in proporzione maggiore o minore, rapportato alle appetenze della sua natura. Il concetto di consumo abbraccia pertanto l&#8217;insieme delle appetenze proprie della natura umana, ma adeguatamente temperate.<\/span><\/p>\n<p style=\"text-align: justify;\"><span style=\"color: #000000;\"><img loading=\"lazy\" decoding=\"async\" class=\" wp-image-56947 alignleft\" src=\"https:\/\/www.rassegnastampa-totustuus.it\/cattolica\/wp-content\/uploads\/2023\/09\/cinema_teatro_spettacolo_pubblico.jpg\" alt=\"\" width=\"294\" height=\"195\" \/>Per esempio, nell&#8217;ambito del consumo di una citt\u00e0 possono esserci beni che in nessun modo sono indispensabili a saziare la fame n\u00e9 sono in rigore indispensabili per vivere, come sarebbero alcuni teatri in cui si facciano regolarmente spettacoli di grande valore artistico, ai quali soltanto una parte della popolazione si interessa. E altrettanto si pu\u00f2 dire di ottimi musei, gallerie d&#8217;arte, persino di una eccellente metropolitana.<\/span><\/p>\n<p style=\"text-align: justify;\"><span style=\"color: #000000;\">Quindi, il concetto di consumo include tutto ci\u00f2 che \u00e8 indispensabile alla sopravvivenza, ma anche il conveniente, e al suo interno persino quel superfluo che rende la vita gradevole. Se una casalinga entra in un negozio e acquista per un tavolino del suo salotto il piccolo soprammobile di porcellana di cui si \u00e8 invaghita, avr\u00e0 fatto un consumo. Naturalmente non lo dar\u00e0 impasto a nessuno, ma si accontenter\u00e0 soltanto che venga ammirato da tutti. Eppure si tratta di un vero consumo.<\/span><\/p>\n<p style=\"text-align: justify;\"><span style=\"color: #000000;\">Oggi si fa strada una nuova tesi che, se osservata da vicino, appare caratterizzata da una evidente impronta socialista.<\/span><\/p>\n<p style=\"text-align: justify;\"><span style=\"color: #000000;\"><img loading=\"lazy\" decoding=\"async\" class=\" wp-image-40690 alignright\" src=\"https:\/\/www.rassegnastampa-totustuus.it\/cattolica\/wp-content\/uploads\/2018\/07\/ricchi_lusso.jpg\" alt=\"\" width=\"304\" height=\"202\" \/>Posto che alcuni hanno molto ed altri hanno poco, \u00e8 necessario che i primi rimangano soltanto con l&#8217;indispensabile e lascino il superfluo ai secondi. Quelli che hanno molto acquistano oggetti comodi e lussuosi, naturalmente consumano molto e parallelamente mangiano e bevono molto, godono di ferie costose, magari viaggiano in aereo o elicottero privato, ecc.<\/span><\/p>\n<p style=\"text-align: justify;\"><span style=\"color: #000000;\">Orbene, secondo gli anticonsumisti, l&#8217;uomo non deve possedere ci\u00f2 che non \u00e8 indispensabile alla vita. Nessuno deve spendere n\u00e9 in elicotteri, n\u00e9 in viaggi, n\u00e9 in soprammobili di porcellana: tutti devono spendere a vantaggio di tutti. Chi \u00e8 un buon lavoratore, chi \u00e8 stato da Dio dotato di maggiori capacit\u00e0, se mette subito a disposizione degli altri il frutto del suo lavoro, va tutto bene. Invece, se risparmia allo scopo di consumare per s\u00e9 e per i suoi, si rivela un incallito egoista.<\/span><\/p>\n<p style=\"text-align: justify;\"><span style=\"color: #000000;\">Con quale risultato?<\/span><\/p>\n<p style=\"text-align: justify;\"><span style=\"color: #000000;\">In una societ\u00e0 in cui nessuno ha vantaggi lavorando pi\u00f9 degli altri&#8230; nessuno lavora pi\u00f9 degli altri! Sar\u00e0 una societ\u00e0 organizzata per beneficiare i pigri, a scapito dei buoni lavoratori che si trovano in ogni ceto. In una tale societ\u00e0 scompare l&#8217;abbondanza.<\/span><\/p>\n<p style=\"text-align: justify;\"><img loading=\"lazy\" decoding=\"async\" class=\" wp-image-40372 alignleft\" src=\"https:\/\/www.rassegnastampa-totustuus.it\/cattolica\/wp-content\/uploads\/2018\/05\/Voltaire.jpg\" alt=\"\" width=\"191\" height=\"195\" \/><span style=\"color: #000000;\"><span style=\"color: #0000ff;\"><a style=\"color: #0000ff;\" href=\"https:\/\/www.rassegnastampa-totustuus.it\/cattolica\/voltaire-sconosciuto\/\" target=\"_blank\" rel=\"noopener\">Voltaire,<\/a><\/span> uomo pessimo, ateo sprezzante ma di spirito \u2014 di cui si valse per fare grandi danni alla civilt\u00e0 europea in quanto accanito difensore dei principi della Rivoluzione \u2014 tuttavia pronunci\u00f2 una frase arguta e non sprovvista di profondit\u00e0: &#8220;Il superfluo, quella cosa tanto indispensabile&#8221;. Esattamente il contrario di quanto predica l&#8217;anticonsumismo.<\/span><\/p>\n<p style=\"text-align: justify;\"><span style=\"color: #000000;\">Per stimolare chi lavora di pi\u00f9 bisogna dargli il dovuto compenso. Cos\u00ec la societ\u00e0 trae beneficio dai pi\u00f9 capaci, dai pi\u00f9 efficienti, dai pi\u00f9 produttivi, in una parola dai migliori. Altrimenti la societ\u00e0 deperisce, cade nell&#8217;anticonsumismo preconcetto; scivola nella povert\u00e0 cronica, pigra, sclerotizzata; tende in ultima analisi verso la barbarie.<\/span><\/p>\n<p style=\"text-align: justify;\"><span style=\"color: #000000;\">Secondo una diffusa concezione \u2014 che ancora recentemente ha trovato esponenti fra i partecipanti alle Conferenze dell&#8217;Onu al Cairo e Copenaghen \u2014 il mondo si divide fra nazioni ricche e povere. Le prime consumano: gli Stati Uniti, il Canada, il Giappone, e quelle dell&#8217;Europa occidentale. Sull&#8217;altra sponda troviamo quelle dell&#8217;America Latina, dell&#8217;Africa, dell&#8217;Asia e dell&#8217;Oceania che non raggiungono il livello economico delle prime.<\/span><\/p>\n<p style=\"text-align: justify;\"><span style=\"color: #000000;\"><img loading=\"lazy\" decoding=\"async\" class=\" wp-image-30317 alignright\" src=\"https:\/\/www.rassegnastampa-totustuus.it\/cattolica\/wp-content\/uploads\/2009\/04\/colonialismo.jpg\" alt=\"\" width=\"279\" height=\"169\" \/>Allora \u2014 secondo gli alfieri dell&#8217;anticonsumismo \u2014 le nazioni ricche opprimono le nazioni povere, anche con la frode negli affari. Di conseguenza, le nazioni sfruttate, non consumiste, devono sferrare una controffensiva ai danni del mondo consumista, costringendolo ad abbassare il livello dei suoi consumi e ad appiattirsi al mondo povero. Cos\u00ec verr\u00e0 a ricrearsi una situazione simile a quella in cui la dittatura comunista precipit\u00f2 l&#8217;impero sovietico. Analoga pure a quella che ancora vige a Cuba grazie al tiranno che la guida.<\/span><\/p>\n<p style=\"text-align: justify;\"><span style=\"color: #000000;\">Davanti a questo anticonsumismo retrogrado dobbiamo propugnare un consumismo ragionevole, ponderato, in cui le nazioni ricche, lungi dall&#8217;imporre condizioni di vita inaccettabili a quelle pi\u00f9 povere, cerchino bens\u00ec di stimolarle nella produzione, di compensarle adeguatamente negli scambi di beni e servizi. In tal modo le aiuteranno a raggiungere un tenore di vita dignitoso che faccia nascere in loro l&#8217;appetenza a un consumo piacevole e ordinato, il quale le stimoler\u00e0 a lavorare meglio e di pi\u00f9<\/span>.<\/p>\n<p style=\"text-align: justify;\"><span style=\"color: #000000;\"><img loading=\"lazy\" decoding=\"async\" class=\"size-full wp-image-51813 alignleft\" src=\"https:\/\/www.rassegnastampa-totustuus.it\/cattolica\/wp-content\/uploads\/2004\/12\/Africa_lavoro.jpg\" alt=\"\" width=\"294\" height=\"171\" \/>I pi\u00f9 ricchi potrebbero dire: &#8220;Purch\u00e9 lavoriate, da noi otterrete soldi. Siate uomini produttivi attirando su di voi, con lo sforzo, tutto il bene che desiderate. Solo in caso di incapacit\u00e0, stendete la mano per chiedere il nostro aiuto gratuitamente. In tale caso, riconosceremo che sar\u00e0 nostro dovere esaudire quella giusta richiesta, rinunciando ben volentieri al superfluo per garantirvi il necessario.&#8221;<\/span><\/p>\n<p style=\"text-align: justify;\"><span style=\"color: #000000;\">Ma basare la comunit\u00e0 mondiale su un sistema in virt\u00f9 del quale i pi\u00f9 agiati lavorino inutilmente, senza vantaggi propri, a beneficio dei pigri, dei vagabondi&#8230; \u00e8 inaccettabile. La glorificazione dell&#8217;accidia \u00e8 propria del socialismo e del comunismo, non della civilt\u00e0 cristiana e della dottrina sociale cattolica. Tuttavia \u00e8 l\u00ec che porta l&#8217;anticonsumismo ozioso e demagogico, inviso alla civilt\u00e0, al benessere e al ben vivere di tutti gli uomini<\/span>.<\/p>\n<p style=\"text-align: center;\"><span style=\"color: #000000;\"><strong>Fonte<\/strong>: <span style=\"color: #0000ff;\"><a style=\"color: #0000ff;\" href=\"https:\/\/www.atfp.it\/\" target=\"_blank\" rel=\"noopener\">Tradizione, Famiglia, Propriet\u00e0<\/a><\/span>, Roma, marzo 1995, N\u00b0 1, pag. 10-11. <\/span><\/p>\n<p style=\"text-align: center;\"><span style=\"color: #000000;\">Titolo originale: <em>Anticonsumismo, glorificazione dell&#8217;ozio e dell&#8217;indigenza<\/em>.<\/span><\/p>\n<p><strong>Sullo stesso argomento:<\/strong><\/p>\n<p><a href=\"https:\/\/www.rassegnastampa-totustuus.it\/cattolica\/il-consumismo-alluomo-piace-il-superfluo-parola-di-ortega-y-gasset\/\" target=\"_blank\" rel=\"noopener\"><span style=\"color: #0000ff;\">Il consumismo? All\u2019uomo piace il superfluo. Parola di Ortega y Gasset<\/span><\/a><\/p>\n<p><a href=\"https:\/\/www.rassegnastampa-totustuus.it\/cattolica\/lequivoco-del-consumismo\/\" target=\"_blank\" rel=\"noopener\"><span style=\"color: #0000ff;\">L\u2019equivoco del consumismo<\/span><\/a><\/p>\n","protected":false},"excerpt":{"rendered":"<p>Abstract:\u00a0 L&#8217;ostilit\u00e0 per il consumismo maschera una nostalgia per il socialismo. In una societ\u00e0 in cui nessuno ha vantaggi lavorando pi\u00f9 degli altri&#8230; nessuno lavora pi\u00f9 degli altri. Sar\u00e0 una societ\u00e0 organizzata per beneficiare i pigri, ma La glorificazione dell&#8217;accidia \u00e8 propria del socialismo e del comunismo, non della civilt\u00e0 cristiana e della dottrina sociale &hellip; <\/p>\n<p><a class=\"more-link btn\" href=\"https:\/\/www.rassegnastampa-totustuus.it\/cattolica\/quando-anticonsumismo-fa-rima-con-socialismo\/\">Continua a leggere<\/a><\/p>\n","protected":false},"author":6,"featured_media":41544,"comment_status":"closed","ping_status":"closed","sticky":false,"template":"","format":"standard","meta":{"footnotes":""},"categories":[32,7],"tags":[139,1501,304],"class_list":["post-56945","post","type-post","status-publish","format-standard","has-post-thumbnail","hentry","category-filosofia-del-comunismo","category-costume","tag-comunismo","tag-consumismo","tag-costume-2","item-wrap"],"yoast_head":"<!-- This site is optimized with the Yoast SEO plugin v27.5 - https:\/\/yoast.com\/product\/yoast-seo-wordpress\/ -->\n<title>Consumismo, chi \u00e8 contrario sogna il socialismo - Rassegna Stampa Cattolica<\/title>\n<meta name=\"description\" content=\"L&#039;ostilit\u00e0 verso il consumismo maschera la nostalgia di socialismo. La glorificazione dell&#039;accidia \u00e8 propria del socialismo e del comunismo\" \/>\n<meta name=\"robots\" content=\"index, follow, max-snippet:-1, max-image-preview:large, max-video-preview:-1\" \/>\n<link rel=\"canonical\" href=\"https:\/\/www.rassegnastampa-totustuus.it\/cattolica\/quando-anticonsumismo-fa-rima-con-socialismo\/\" \/>\n<meta property=\"og:locale\" content=\"it_IT\" \/>\n<meta property=\"og:type\" content=\"article\" \/>\n<meta property=\"og:title\" content=\"Consumismo, chi \u00e8 contrario sogna il socialismo - Rassegna Stampa Cattolica\" \/>\n<meta property=\"og:description\" content=\"L&#039;ostilit\u00e0 verso il consumismo maschera la nostalgia di socialismo. La glorificazione dell&#039;accidia \u00e8 propria del socialismo e del comunismo\" \/>\n<meta property=\"og:url\" content=\"https:\/\/www.rassegnastampa-totustuus.it\/cattolica\/quando-anticonsumismo-fa-rima-con-socialismo\/\" \/>\n<meta property=\"og:site_name\" content=\"Rassegna Stampa Cattolica\" \/>\n<meta property=\"article:publisher\" content=\"https:\/\/www.facebook.com\/rassegnastampacattolica\" \/>\n<meta property=\"article:published_time\" content=\"2023-10-11T22:00:00+00:00\" \/>\n<meta property=\"article:modified_time\" content=\"2023-11-20T14:50:32+00:00\" \/>\n<meta property=\"og:image\" content=\"https:\/\/www.rassegnastampa-totustuus.it\/cattolica\/wp-content\/uploads\/2018\/11\/shopping_consumismo.jpg\" \/>\n\t<meta property=\"og:image:width\" content=\"292\" \/>\n\t<meta property=\"og:image:height\" content=\"173\" \/>\n\t<meta property=\"og:image:type\" content=\"image\/jpeg\" \/>\n<meta name=\"author\" content=\"Redazione\" \/>\n<meta name=\"twitter:card\" content=\"summary_large_image\" \/>\n<meta name=\"twitter:creator\" content=\"@rassegnastampa9\" \/>\n<meta name=\"twitter:site\" content=\"@rassegnastampa9\" \/>\n<meta name=\"twitter:label1\" content=\"Scritto da\" \/>\n\t<meta name=\"twitter:data1\" content=\"Redazione\" \/>\n\t<meta name=\"twitter:label2\" content=\"Tempo di lettura stimato\" \/>\n\t<meta name=\"twitter:data2\" content=\"8 minuti\" \/>\n<script type=\"application\/ld+json\" class=\"yoast-schema-graph\">{\"@context\":\"https:\\\/\\\/schema.org\",\"@graph\":[{\"@type\":\"Article\",\"@id\":\"https:\\\/\\\/www.rassegnastampa-totustuus.it\\\/cattolica\\\/quando-anticonsumismo-fa-rima-con-socialismo\\\/#article\",\"isPartOf\":{\"@id\":\"https:\\\/\\\/www.rassegnastampa-totustuus.it\\\/cattolica\\\/quando-anticonsumismo-fa-rima-con-socialismo\\\/\"},\"author\":{\"name\":\"Redazione\",\"@id\":\"https:\\\/\\\/www.rassegnastampa-totustuus.it\\\/cattolica\\\/#\\\/schema\\\/person\\\/08f319d2bd1a0904ad9e2bfb7b15e5c3\"},\"headline\":\"Consumismo, chi \u00e8 contrario sogna il socialismo\",\"datePublished\":\"2023-10-11T22:00:00+00:00\",\"dateModified\":\"2023-11-20T14:50:32+00:00\",\"mainEntityOfPage\":{\"@id\":\"https:\\\/\\\/www.rassegnastampa-totustuus.it\\\/cattolica\\\/quando-anticonsumismo-fa-rima-con-socialismo\\\/\"},\"wordCount\":1179,\"publisher\":{\"@id\":\"https:\\\/\\\/www.rassegnastampa-totustuus.it\\\/cattolica\\\/#organization\"},\"image\":{\"@id\":\"https:\\\/\\\/www.rassegnastampa-totustuus.it\\\/cattolica\\\/quando-anticonsumismo-fa-rima-con-socialismo\\\/#primaryimage\"},\"thumbnailUrl\":\"https:\\\/\\\/www.rassegnastampa-totustuus.it\\\/cattolica\\\/wp-content\\\/uploads\\\/2018\\\/11\\\/shopping_consumismo.jpg\",\"keywords\":[\"comunismo\",\"consumismo\",\"costume\"],\"articleSection\":[\"Comunismo\",\"Costume\"],\"inLanguage\":\"it-IT\"},{\"@type\":\"WebPage\",\"@id\":\"https:\\\/\\\/www.rassegnastampa-totustuus.it\\\/cattolica\\\/quando-anticonsumismo-fa-rima-con-socialismo\\\/\",\"url\":\"https:\\\/\\\/www.rassegnastampa-totustuus.it\\\/cattolica\\\/quando-anticonsumismo-fa-rima-con-socialismo\\\/\",\"name\":\"Consumismo, chi \u00e8 contrario sogna il socialismo - Rassegna Stampa Cattolica\",\"isPartOf\":{\"@id\":\"https:\\\/\\\/www.rassegnastampa-totustuus.it\\\/cattolica\\\/#website\"},\"primaryImageOfPage\":{\"@id\":\"https:\\\/\\\/www.rassegnastampa-totustuus.it\\\/cattolica\\\/quando-anticonsumismo-fa-rima-con-socialismo\\\/#primaryimage\"},\"image\":{\"@id\":\"https:\\\/\\\/www.rassegnastampa-totustuus.it\\\/cattolica\\\/quando-anticonsumismo-fa-rima-con-socialismo\\\/#primaryimage\"},\"thumbnailUrl\":\"https:\\\/\\\/www.rassegnastampa-totustuus.it\\\/cattolica\\\/wp-content\\\/uploads\\\/2018\\\/11\\\/shopping_consumismo.jpg\",\"datePublished\":\"2023-10-11T22:00:00+00:00\",\"dateModified\":\"2023-11-20T14:50:32+00:00\",\"description\":\"L'ostilit\u00e0 verso il consumismo maschera la nostalgia di socialismo. La glorificazione dell'accidia \u00e8 propria del socialismo e del comunismo\",\"breadcrumb\":{\"@id\":\"https:\\\/\\\/www.rassegnastampa-totustuus.it\\\/cattolica\\\/quando-anticonsumismo-fa-rima-con-socialismo\\\/#breadcrumb\"},\"inLanguage\":\"it-IT\",\"potentialAction\":[{\"@type\":\"ReadAction\",\"target\":[\"https:\\\/\\\/www.rassegnastampa-totustuus.it\\\/cattolica\\\/quando-anticonsumismo-fa-rima-con-socialismo\\\/\"]}]},{\"@type\":\"ImageObject\",\"inLanguage\":\"it-IT\",\"@id\":\"https:\\\/\\\/www.rassegnastampa-totustuus.it\\\/cattolica\\\/quando-anticonsumismo-fa-rima-con-socialismo\\\/#primaryimage\",\"url\":\"https:\\\/\\\/www.rassegnastampa-totustuus.it\\\/cattolica\\\/wp-content\\\/uploads\\\/2018\\\/11\\\/shopping_consumismo.jpg\",\"contentUrl\":\"https:\\\/\\\/www.rassegnastampa-totustuus.it\\\/cattolica\\\/wp-content\\\/uploads\\\/2018\\\/11\\\/shopping_consumismo.jpg\",\"width\":292,\"height\":173},{\"@type\":\"BreadcrumbList\",\"@id\":\"https:\\\/\\\/www.rassegnastampa-totustuus.it\\\/cattolica\\\/quando-anticonsumismo-fa-rima-con-socialismo\\\/#breadcrumb\",\"itemListElement\":[{\"@type\":\"ListItem\",\"position\":1,\"name\":\"Home\",\"item\":\"https:\\\/\\\/www.rassegnastampa-totustuus.it\\\/cattolica\\\/\"},{\"@type\":\"ListItem\",\"position\":2,\"name\":\"Consumismo, chi \u00e8 contrario sogna il socialismo\"}]},{\"@type\":\"WebSite\",\"@id\":\"https:\\\/\\\/www.rassegnastampa-totustuus.it\\\/cattolica\\\/#website\",\"url\":\"https:\\\/\\\/www.rassegnastampa-totustuus.it\\\/cattolica\\\/\",\"name\":\"Rassegna Stampa Cattolica\",\"description\":\"Per una cultura che nasce dalla Rivelazione cristiana in conformit\u00e0 alla tradizione e al Magistero della Chiesa in opposizione ad ogni relativismo e totalitarismo\",\"publisher\":{\"@id\":\"https:\\\/\\\/www.rassegnastampa-totustuus.it\\\/cattolica\\\/#organization\"},\"alternateName\":\"Rass. Cattolica\",\"potentialAction\":[{\"@type\":\"SearchAction\",\"target\":{\"@type\":\"EntryPoint\",\"urlTemplate\":\"https:\\\/\\\/www.rassegnastampa-totustuus.it\\\/cattolica\\\/?s={search_term_string}\"},\"query-input\":{\"@type\":\"PropertyValueSpecification\",\"valueRequired\":true,\"valueName\":\"search_term_string\"}}],\"inLanguage\":\"it-IT\"},{\"@type\":\"Organization\",\"@id\":\"https:\\\/\\\/www.rassegnastampa-totustuus.it\\\/cattolica\\\/#organization\",\"name\":\"Rassegna Stampa Cattolica\",\"url\":\"https:\\\/\\\/www.rassegnastampa-totustuus.it\\\/cattolica\\\/\",\"logo\":{\"@type\":\"ImageObject\",\"inLanguage\":\"it-IT\",\"@id\":\"https:\\\/\\\/www.rassegnastampa-totustuus.it\\\/cattolica\\\/#\\\/schema\\\/logo\\\/image\\\/\",\"url\":\"https:\\\/\\\/www.rassegnastampa-totustuus.it\\\/cattolica\\\/wp-content\\\/uploads\\\/2014\\\/04\\\/logo-rassegna1.gif\",\"contentUrl\":\"https:\\\/\\\/www.rassegnastampa-totustuus.it\\\/cattolica\\\/wp-content\\\/uploads\\\/2014\\\/04\\\/logo-rassegna1.gif\",\"width\":600,\"height\":163,\"caption\":\"Rassegna Stampa Cattolica\"},\"image\":{\"@id\":\"https:\\\/\\\/www.rassegnastampa-totustuus.it\\\/cattolica\\\/#\\\/schema\\\/logo\\\/image\\\/\"},\"sameAs\":[\"https:\\\/\\\/www.facebook.com\\\/rassegnastampacattolica\",\"https:\\\/\\\/x.com\\\/rassegnastampa9\"]},{\"@type\":\"Person\",\"@id\":\"https:\\\/\\\/www.rassegnastampa-totustuus.it\\\/cattolica\\\/#\\\/schema\\\/person\\\/08f319d2bd1a0904ad9e2bfb7b15e5c3\",\"name\":\"Redazione\",\"image\":{\"@type\":\"ImageObject\",\"inLanguage\":\"it-IT\",\"@id\":\"https:\\\/\\\/secure.gravatar.com\\\/avatar\\\/2fcdf27c78ea025fbdb44e914cc63c72249ffec9dc8aafd5c82b26240ef3f346?s=96&d=mm&r=g\",\"url\":\"https:\\\/\\\/secure.gravatar.com\\\/avatar\\\/2fcdf27c78ea025fbdb44e914cc63c72249ffec9dc8aafd5c82b26240ef3f346?s=96&d=mm&r=g\",\"contentUrl\":\"https:\\\/\\\/secure.gravatar.com\\\/avatar\\\/2fcdf27c78ea025fbdb44e914cc63c72249ffec9dc8aafd5c82b26240ef3f346?s=96&d=mm&r=g\",\"caption\":\"Redazione\"},\"url\":\"https:\\\/\\\/www.rassegnastampa-totustuus.it\\\/cattolica\\\/author\\\/pietroelle\\\/\"}]}<\/script>\n<!-- \/ Yoast SEO plugin. -->","yoast_head_json":{"title":"Consumismo, chi \u00e8 contrario sogna il socialismo - Rassegna Stampa Cattolica","description":"L'ostilit\u00e0 verso il consumismo maschera la nostalgia di socialismo. La glorificazione dell'accidia \u00e8 propria del socialismo e del comunismo","robots":{"index":"index","follow":"follow","max-snippet":"max-snippet:-1","max-image-preview":"max-image-preview:large","max-video-preview":"max-video-preview:-1"},"canonical":"https:\/\/www.rassegnastampa-totustuus.it\/cattolica\/quando-anticonsumismo-fa-rima-con-socialismo\/","og_locale":"it_IT","og_type":"article","og_title":"Consumismo, chi \u00e8 contrario sogna il socialismo - Rassegna Stampa Cattolica","og_description":"L'ostilit\u00e0 verso il consumismo maschera la nostalgia di socialismo. La glorificazione dell'accidia \u00e8 propria del socialismo e del comunismo","og_url":"https:\/\/www.rassegnastampa-totustuus.it\/cattolica\/quando-anticonsumismo-fa-rima-con-socialismo\/","og_site_name":"Rassegna Stampa Cattolica","article_publisher":"https:\/\/www.facebook.com\/rassegnastampacattolica","article_published_time":"2023-10-11T22:00:00+00:00","article_modified_time":"2023-11-20T14:50:32+00:00","og_image":[{"width":292,"height":173,"url":"https:\/\/www.rassegnastampa-totustuus.it\/cattolica\/wp-content\/uploads\/2018\/11\/shopping_consumismo.jpg","type":"image\/jpeg"}],"author":"Redazione","twitter_card":"summary_large_image","twitter_creator":"@rassegnastampa9","twitter_site":"@rassegnastampa9","twitter_misc":{"Scritto da":"Redazione","Tempo di lettura stimato":"8 minuti"},"schema":{"@context":"https:\/\/schema.org","@graph":[{"@type":"Article","@id":"https:\/\/www.rassegnastampa-totustuus.it\/cattolica\/quando-anticonsumismo-fa-rima-con-socialismo\/#article","isPartOf":{"@id":"https:\/\/www.rassegnastampa-totustuus.it\/cattolica\/quando-anticonsumismo-fa-rima-con-socialismo\/"},"author":{"name":"Redazione","@id":"https:\/\/www.rassegnastampa-totustuus.it\/cattolica\/#\/schema\/person\/08f319d2bd1a0904ad9e2bfb7b15e5c3"},"headline":"Consumismo, chi \u00e8 contrario sogna il socialismo","datePublished":"2023-10-11T22:00:00+00:00","dateModified":"2023-11-20T14:50:32+00:00","mainEntityOfPage":{"@id":"https:\/\/www.rassegnastampa-totustuus.it\/cattolica\/quando-anticonsumismo-fa-rima-con-socialismo\/"},"wordCount":1179,"publisher":{"@id":"https:\/\/www.rassegnastampa-totustuus.it\/cattolica\/#organization"},"image":{"@id":"https:\/\/www.rassegnastampa-totustuus.it\/cattolica\/quando-anticonsumismo-fa-rima-con-socialismo\/#primaryimage"},"thumbnailUrl":"https:\/\/www.rassegnastampa-totustuus.it\/cattolica\/wp-content\/uploads\/2018\/11\/shopping_consumismo.jpg","keywords":["comunismo","consumismo","costume"],"articleSection":["Comunismo","Costume"],"inLanguage":"it-IT"},{"@type":"WebPage","@id":"https:\/\/www.rassegnastampa-totustuus.it\/cattolica\/quando-anticonsumismo-fa-rima-con-socialismo\/","url":"https:\/\/www.rassegnastampa-totustuus.it\/cattolica\/quando-anticonsumismo-fa-rima-con-socialismo\/","name":"Consumismo, chi \u00e8 contrario sogna il socialismo - Rassegna Stampa Cattolica","isPartOf":{"@id":"https:\/\/www.rassegnastampa-totustuus.it\/cattolica\/#website"},"primaryImageOfPage":{"@id":"https:\/\/www.rassegnastampa-totustuus.it\/cattolica\/quando-anticonsumismo-fa-rima-con-socialismo\/#primaryimage"},"image":{"@id":"https:\/\/www.rassegnastampa-totustuus.it\/cattolica\/quando-anticonsumismo-fa-rima-con-socialismo\/#primaryimage"},"thumbnailUrl":"https:\/\/www.rassegnastampa-totustuus.it\/cattolica\/wp-content\/uploads\/2018\/11\/shopping_consumismo.jpg","datePublished":"2023-10-11T22:00:00+00:00","dateModified":"2023-11-20T14:50:32+00:00","description":"L'ostilit\u00e0 verso il consumismo maschera la nostalgia di socialismo. La glorificazione dell'accidia \u00e8 propria del socialismo e del comunismo","breadcrumb":{"@id":"https:\/\/www.rassegnastampa-totustuus.it\/cattolica\/quando-anticonsumismo-fa-rima-con-socialismo\/#breadcrumb"},"inLanguage":"it-IT","potentialAction":[{"@type":"ReadAction","target":["https:\/\/www.rassegnastampa-totustuus.it\/cattolica\/quando-anticonsumismo-fa-rima-con-socialismo\/"]}]},{"@type":"ImageObject","inLanguage":"it-IT","@id":"https:\/\/www.rassegnastampa-totustuus.it\/cattolica\/quando-anticonsumismo-fa-rima-con-socialismo\/#primaryimage","url":"https:\/\/www.rassegnastampa-totustuus.it\/cattolica\/wp-content\/uploads\/2018\/11\/shopping_consumismo.jpg","contentUrl":"https:\/\/www.rassegnastampa-totustuus.it\/cattolica\/wp-content\/uploads\/2018\/11\/shopping_consumismo.jpg","width":292,"height":173},{"@type":"BreadcrumbList","@id":"https:\/\/www.rassegnastampa-totustuus.it\/cattolica\/quando-anticonsumismo-fa-rima-con-socialismo\/#breadcrumb","itemListElement":[{"@type":"ListItem","position":1,"name":"Home","item":"https:\/\/www.rassegnastampa-totustuus.it\/cattolica\/"},{"@type":"ListItem","position":2,"name":"Consumismo, chi \u00e8 contrario sogna il socialismo"}]},{"@type":"WebSite","@id":"https:\/\/www.rassegnastampa-totustuus.it\/cattolica\/#website","url":"https:\/\/www.rassegnastampa-totustuus.it\/cattolica\/","name":"Rassegna Stampa Cattolica","description":"Per una cultura che nasce dalla Rivelazione cristiana in conformit\u00e0 alla tradizione e al Magistero della Chiesa in opposizione ad ogni relativismo e totalitarismo","publisher":{"@id":"https:\/\/www.rassegnastampa-totustuus.it\/cattolica\/#organization"},"alternateName":"Rass. Cattolica","potentialAction":[{"@type":"SearchAction","target":{"@type":"EntryPoint","urlTemplate":"https:\/\/www.rassegnastampa-totustuus.it\/cattolica\/?s={search_term_string}"},"query-input":{"@type":"PropertyValueSpecification","valueRequired":true,"valueName":"search_term_string"}}],"inLanguage":"it-IT"},{"@type":"Organization","@id":"https:\/\/www.rassegnastampa-totustuus.it\/cattolica\/#organization","name":"Rassegna Stampa Cattolica","url":"https:\/\/www.rassegnastampa-totustuus.it\/cattolica\/","logo":{"@type":"ImageObject","inLanguage":"it-IT","@id":"https:\/\/www.rassegnastampa-totustuus.it\/cattolica\/#\/schema\/logo\/image\/","url":"https:\/\/www.rassegnastampa-totustuus.it\/cattolica\/wp-content\/uploads\/2014\/04\/logo-rassegna1.gif","contentUrl":"https:\/\/www.rassegnastampa-totustuus.it\/cattolica\/wp-content\/uploads\/2014\/04\/logo-rassegna1.gif","width":600,"height":163,"caption":"Rassegna Stampa Cattolica"},"image":{"@id":"https:\/\/www.rassegnastampa-totustuus.it\/cattolica\/#\/schema\/logo\/image\/"},"sameAs":["https:\/\/www.facebook.com\/rassegnastampacattolica","https:\/\/x.com\/rassegnastampa9"]},{"@type":"Person","@id":"https:\/\/www.rassegnastampa-totustuus.it\/cattolica\/#\/schema\/person\/08f319d2bd1a0904ad9e2bfb7b15e5c3","name":"Redazione","image":{"@type":"ImageObject","inLanguage":"it-IT","@id":"https:\/\/secure.gravatar.com\/avatar\/2fcdf27c78ea025fbdb44e914cc63c72249ffec9dc8aafd5c82b26240ef3f346?s=96&d=mm&r=g","url":"https:\/\/secure.gravatar.com\/avatar\/2fcdf27c78ea025fbdb44e914cc63c72249ffec9dc8aafd5c82b26240ef3f346?s=96&d=mm&r=g","contentUrl":"https:\/\/secure.gravatar.com\/avatar\/2fcdf27c78ea025fbdb44e914cc63c72249ffec9dc8aafd5c82b26240ef3f346?s=96&d=mm&r=g","caption":"Redazione"},"url":"https:\/\/www.rassegnastampa-totustuus.it\/cattolica\/author\/pietroelle\/"}]}},"_links":{"self":[{"href":"https:\/\/www.rassegnastampa-totustuus.it\/cattolica\/wp-json\/wp\/v2\/posts\/56945","targetHints":{"allow":["GET"]}}],"collection":[{"href":"https:\/\/www.rassegnastampa-totustuus.it\/cattolica\/wp-json\/wp\/v2\/posts"}],"about":[{"href":"https:\/\/www.rassegnastampa-totustuus.it\/cattolica\/wp-json\/wp\/v2\/types\/post"}],"author":[{"embeddable":true,"href":"https:\/\/www.rassegnastampa-totustuus.it\/cattolica\/wp-json\/wp\/v2\/users\/6"}],"replies":[{"embeddable":true,"href":"https:\/\/www.rassegnastampa-totustuus.it\/cattolica\/wp-json\/wp\/v2\/comments?post=56945"}],"version-history":[{"count":4,"href":"https:\/\/www.rassegnastampa-totustuus.it\/cattolica\/wp-json\/wp\/v2\/posts\/56945\/revisions"}],"predecessor-version":[{"id":57459,"href":"https:\/\/www.rassegnastampa-totustuus.it\/cattolica\/wp-json\/wp\/v2\/posts\/56945\/revisions\/57459"}],"wp:featuredmedia":[{"embeddable":true,"href":"https:\/\/www.rassegnastampa-totustuus.it\/cattolica\/wp-json\/wp\/v2\/media\/41544"}],"wp:attachment":[{"href":"https:\/\/www.rassegnastampa-totustuus.it\/cattolica\/wp-json\/wp\/v2\/media?parent=56945"}],"wp:term":[{"taxonomy":"category","embeddable":true,"href":"https:\/\/www.rassegnastampa-totustuus.it\/cattolica\/wp-json\/wp\/v2\/categories?post=56945"},{"taxonomy":"post_tag","embeddable":true,"href":"https:\/\/www.rassegnastampa-totustuus.it\/cattolica\/wp-json\/wp\/v2\/tags?post=56945"}],"curies":[{"name":"wp","href":"https:\/\/api.w.org\/{rel}","templated":true}]}}