{"id":56910,"date":"2023-09-28T00:00:00","date_gmt":"2023-09-27T22:00:00","guid":{"rendered":"https:\/\/www.rassegnastampa-totustuus.it\/cattolica\/?p=56910"},"modified":"2024-01-04T16:09:14","modified_gmt":"2024-01-04T15:09:14","slug":"papa-pio-vii-galileo-galilei","status":"publish","type":"post","link":"https:\/\/www.rassegnastampa-totustuus.it\/cattolica\/papa-pio-vii-galileo-galilei\/","title":{"rendered":"Papa Pio VII e Galileo Galilei"},"content":{"rendered":"<p style=\"text-align: justify;\"><strong><img loading=\"lazy\" decoding=\"async\" class=\"size-full wp-image-56911 alignright\" src=\"https:\/\/www.rassegnastampa-totustuus.it\/cattolica\/wp-content\/uploads\/2023\/09\/Chiesa_Pio_VII.jpg\" alt=\"Papa Pio VII chiuse il caso Galileo Galilei\" width=\"265\" height=\"275\" \/>Abstract: <\/strong><em>Papa Pio VII ebbe un pontificato travagliato a fu il Papa che port\u00f2 a chiusura il\u00a0 Galileo Galiei. Ma fu anche il <span style=\"color: #000000;\">Pontefice che si distinguer\u00e0 per la sua particolare attenzione anche nel campo scientifico, oltre alla questione di Galilei, nel 1816 fonda l\u2019Universit\u00e0 per ingegneri, nel 1822 si prodiga a favore delle vaccinazioni<\/span><span style=\"color: #000000;\">. <\/span><span style=\"color: #000000;\">Il pontefice istitu\u00ec una Commissione centrale di vaccinazione per estenderla in tutti gli Stati Pontifici. Un Papa, un Pastore attento anche agli aspetti scientifici, specialmente quando legati alla salute, che riposa nella Basilica di San Pietro\u00a0<\/span><\/em><\/p>\n<p style=\"text-align: center;\"><!--more--><\/p>\n<p style=\"text-align: center;\"><span style=\"color: #0000ff;\"><strong><a style=\"color: #0000ff;\" href=\"mailto:http:\/\/www.corrieredelsud.it\" target=\"_blank\" rel=\"noopener\">Il Corriere del Sud<\/a><\/strong><\/span> 16 Settembre 2023<\/p>\n<h3 style=\"text-align: center;\"><span style=\"color: #000000;\"><strong>Papa Pio VII a duecento anni dalla morte<\/strong><\/span><\/h3>\n<p style=\"text-align: center;\">di <strong>Andrea Bartelloni <\/strong><\/p>\n<p style=\"text-align: justify;\"><span style=\"color: #000000;\">I rapporti della Chiesa con Galileo Galilei (1564-1642) sono stai travagliati anche se la sua condanna fu di tipo disciplinare senza che, da parte della Chiesa, ci fosse un pronunciamento di tipo dottrinale sull\u2019eliocentrismo. Lo scienziato pisano aveva ragione, ma ancora i tempi non erano maturi per una dimostrazione scientifica delle sue teorie. Il 16 agosto 1820 \u00e8, per\u00f2, l\u2019anno che segna la svolta su questo spinoso tema: il pontefice Pio VII revoca il divieto di pubblicazione di un volume del canonico Giuseppe Settele (1770-1841), professore di ottica e astronomia alla Sapienza di Roma dal titolo \u201cElementi di astronomia\u201d dove si faceva riferimento alla teoria copernicana come a qualcosa di ormai provato e non ad un\u2019ipotesi. Questo gesto port\u00f2, due anni dopo, la Congregazione del Sant\u2019Uffizio a rimuovere il divieto di pubblicazione ai volumi che trattavano il moto della Terra secondo i dettami della moderna astronomia. Si chiudeva il caso Galilei grazie a questo pontefice del quale ricorre il secondo centenario della morte (20 agosto 1823) [1].<\/span><\/p>\n<p style=\"text-align: justify;\"><span style=\"color: #000000;\"><img loading=\"lazy\" decoding=\"async\" class=\"size-full wp-image-33527 alignleft\" src=\"https:\/\/www.rassegnastampa-totustuus.it\/cattolica\/wp-content\/uploads\/2005\/05\/Galileo.jpg\" alt=\"Galileo Galilei fu in certo senso riabilitato da PIo VII\" width=\"260\" height=\"194\" \/>Nato a Cesena il 14 agosto 1742, Barnaba Niccol\u00f2 Maria Luigi (in religione Gregorio) Chiaramonti, benedettino, divenne pontefice il 14 marzo 1800 durante un Conclave che si svolse a Venezia, Roma era occupata dai francesi, nel monastero di San Giorgio sull\u2019isola omonima e fu incoronato non nella basilica di San Marco, per il veto di Francesco II, ma nella basilica di San Giorgio Maggiore.<\/span><\/p>\n<p style=\"text-align: justify;\"><span style=\"color: #000000;\">Pontificato travagliato per le vicende legate alle guerre napoleoniche fino al suo arresto e esilio a Savona (1809-1814). Famosa la sua risposta all\u2019ufficiale francese che gli intimava di consegnare alla Francia lo Stato pontificio: \u00abNon possiamo. Non dobbiamo. Non vogliamo\u00bb. Napoleone Bonaparte (1769-1821) gli imporr\u00e0 un umiliante concordato (1813) che poi non rispetter\u00e0 provocando altri dolori al pontefice. Pontefice che si distinguer\u00e0 per la sua particolare attenzione anche nel campo scientifico, oltre alla questione di Galilei, nel 1816 fonda l\u2019Universit\u00e0 per ingegneri, nel 1822 si prodiga a favore delle vaccinazioni.<\/span><\/p>\n<p style=\"text-align: justify;\"><span style=\"color: #000000;\"><img loading=\"lazy\" decoding=\"async\" class=\"size-full wp-image-56912 alignright\" src=\"https:\/\/www.rassegnastampa-totustuus.it\/cattolica\/wp-content\/uploads\/2023\/09\/vaiolo_sanita_virus_medicina.jpg\" alt=\"Papa Pio VII introdusse la vaccinazione antivaiolosa\" width=\"412\" height=\"234\" \/>Una nuova epidemia vaiolosa si diffuse nel 1820 e il Segretario di Stato, card. Ercole Consalvi, emise un editto che incoraggiava la profilassi vaccinale nei territori dello Stato della Chiesa attraverso la pianificazione di campagne generali di vaccinazione e la predisposizione di una complesso apparato organizzativo, avendo il Papa riconosciuto il vaccino come un dono che la \u00abdivina Provvidenza\u00bb aveva messo a disposizione di tutti i popoli e specialmente \u00abdell\u2019Amore Paterno a salvamento della prole\u00bb, esprimendo una fiducia nell\u2019arte medica a condizione che fosse posta al servizio della vita al fine di \u00abeliminare i mali che minacciano la debole Umanit\u00e0<\/span>\u00bb.<\/p>\n<p style=\"text-align: justify;\"><span style=\"color: #000000;\"><img loading=\"lazy\" decoding=\"async\" class=\" wp-image-56914 alignleft\" src=\"https:\/\/www.rassegnastampa-totustuus.it\/cattolica\/wp-content\/uploads\/2023\/09\/vaiolo_sanita_virus_medicina_exvoto.jpg\" alt=\"\" width=\"366\" height=\"270\" \/>All\u2019inizio del documento del Consalvi si legge: \u201cmalignamente insidia l\u2019uomo dal liminare della vita [\u2026] ed infierisce sulla specie umana quasi per distruggerla nel suo nascere. Questo tristissimo pensiero ognora avvivato ed inasprito dalle ripetute stragi del morbo avrebbe dovuto persuadere ogni popolo ad abbracciare con il pi\u00f9 vivo trasporto e praticare con pari riconoscenza l\u2019inoculazione vaccina, metodo quanto semplice altrettanto efficace a rintuzzare la venefica forza del malore\u201d. Il pontefice istitu\u00ec una Commissione centrale di vaccinazione per estenderla in tutti gli Stati Pontifici. Un Papa, un Pastore attento anche agli aspetti scientifici, specialmente quando legati alla salute, che riposa nella Basilica di San Pietro nella Cappella Clementina in un mausoleo, l\u2019unico presente nella basilica eseguito da un non cattolico, lo scultore protestante Bertel Thorvaldsen<\/span>.<\/p>\n<p style=\"text-align: justify;\"><strong>_____________________<\/strong><\/p>\n<p style=\"text-align: justify;\"><span style=\"color: #000000;\"><strong>[1]<\/strong> Da sottolineare che durante i due secoli dalla condanna di Galilei (1633) fino al 1820 ci furono gi\u00e0 segnali di comprensione delle teorie discusse: nel 1710 venne pubblicato l\u2019edizione del <em>Dialogo dei due massimi sistemi<\/em>\u00a0che, ricevendo l\u2019autorizzazione ecclesiastica, risolve, di fatto, la questione galieliana. L\u2019astronomo gesuita Giuseppe Boscovich (1711-1787) diffonde in Italia la teoria eliocentrica e quella della gravitazione universale formulata da Isaac Newton, e conduce importanti ricerche col supporto di Papa Benedetto XIV (1675-1758) che, nel 1757, decide di cancellare dall\u2019elenco dei libri proibiti i volumi che parlavano di eliocentrismo.<\/span><\/p>\n<p style=\"text-align: justify;\"><strong>Fonti<\/strong><\/p>\n<p style=\"text-align: justify;\"><span style=\"color: #000000;\"><em><strong>1.<\/strong> Riabilitazione, un termine inadatto<\/em>, Nicola Dallaporta, 1992:<\/span> <span style=\"color: #0000ff;\"><a style=\"color: #0000ff;\" href=\"https:\/\/disf.org\/riabilitazione-termine-inadatto\" target=\"_blank\" rel=\"noopener\">https:\/\/disf.org\/riabilitazione-termine-inadatto<\/a><\/span><\/p>\n<p style=\"text-align: justify;\"><span style=\"color: #000000;\"><strong>2.<\/strong> Editto &#8211; Ercole della S. R. C. Cardinale Consalvi, Diacono di S. Maria ad Martyres, della santit\u00e0 di Nostro Signore Papa Pio VII Segretario di Stato, 20 giugno 1822 in Effemeridi letterarie di Roma, Tomo VIII, Roma, 1822<\/span><\/p>\n<p>_________________________________<\/p>\n<p><strong>Sul caso Galileo Galiei si legga anche:<\/strong><\/p>\n<p><a href=\"https:\/\/www.rassegnastampa-totustuus.it\/cattolica\/la-verit-su-galileo\/\" target=\"_blank\" rel=\"noopener\"><span style=\"color: #0000ff;\">La verit\u00e0 su Galileo<\/span><\/a><\/p>\n<p><a href=\"https:\/\/www.rassegnastampa-totustuus.it\/cattolica\/caso-galileo-i-risultati-di-una-ricerca-interdisciplinare\/\" target=\"_blank\" rel=\"noopener\"><span style=\"color: #0000ff;\">Caso Galileo. I risultati di una ricerca interdisciplinare<\/span><\/a><\/p>\n","protected":false},"excerpt":{"rendered":"<p>Abstract: Papa Pio VII ebbe un pontificato travagliato a fu il Papa che port\u00f2 a chiusura il\u00a0 Galileo Galiei. Ma fu anche il Pontefice che si distinguer\u00e0 per la sua particolare attenzione anche nel campo scientifico, oltre alla questione di Galilei, nel 1816 fonda l\u2019Universit\u00e0 per ingegneri, nel 1822 si prodiga a favore delle vaccinazioni. &hellip; <\/p>\n<p><a class=\"more-link btn\" href=\"https:\/\/www.rassegnastampa-totustuus.it\/cattolica\/papa-pio-vii-galileo-galilei\/\">Continua a leggere<\/a><\/p>\n","protected":false},"author":6,"featured_media":56911,"comment_status":"closed","ping_status":"closed","sticky":false,"template":"","format":"standard","meta":{"footnotes":""},"categories":[5,18,22],"tags":[157,311,283,2971,261],"class_list":["post-56910","post","type-post","status-publish","format-standard","has-post-thumbnail","hentry","category-chiesa","category-personaggi","category-scienza","tag-chiesa-2","tag-medicina","tag-personaggi-2","tag-pio-vii","tag-scienza-2","item-wrap"],"yoast_head":"<!-- This site is optimized with the Yoast SEO plugin v27.5 - https:\/\/yoast.com\/product\/yoast-seo-wordpress\/ -->\n<title>Papa Pio VII e Galileo Galilei - Rassegna Stampa Cattolica<\/title>\n<meta name=\"description\" content=\"Papa Pio VII chiuse il caso Galileo Galilei ma si distinse pure per la sua particolare attenzione anche nel campo scientifico,\" \/>\n<meta name=\"robots\" content=\"index, follow, max-snippet:-1, max-image-preview:large, max-video-preview:-1\" \/>\n<link rel=\"canonical\" href=\"https:\/\/www.rassegnastampa-totustuus.it\/cattolica\/papa-pio-vii-galileo-galilei\/\" \/>\n<meta property=\"og:locale\" content=\"it_IT\" \/>\n<meta property=\"og:type\" content=\"article\" \/>\n<meta property=\"og:title\" content=\"Papa Pio VII e Galileo Galilei - Rassegna Stampa Cattolica\" \/>\n<meta property=\"og:description\" content=\"Papa Pio VII chiuse il caso Galileo Galilei ma si distinse pure per la sua particolare attenzione anche nel campo scientifico,\" \/>\n<meta property=\"og:url\" content=\"https:\/\/www.rassegnastampa-totustuus.it\/cattolica\/papa-pio-vii-galileo-galilei\/\" \/>\n<meta property=\"og:site_name\" content=\"Rassegna Stampa Cattolica\" \/>\n<meta property=\"article:publisher\" content=\"https:\/\/www.facebook.com\/rassegnastampacattolica\" \/>\n<meta property=\"article:published_time\" content=\"2023-09-27T22:00:00+00:00\" \/>\n<meta property=\"article:modified_time\" content=\"2024-01-04T15:09:14+00:00\" \/>\n<meta property=\"og:image\" content=\"https:\/\/www.rassegnastampa-totustuus.it\/cattolica\/wp-content\/uploads\/2023\/09\/Chiesa_Pio_VII.jpg\" \/>\n\t<meta property=\"og:image:width\" content=\"265\" \/>\n\t<meta property=\"og:image:height\" content=\"275\" \/>\n\t<meta property=\"og:image:type\" content=\"image\/jpeg\" \/>\n<meta name=\"author\" content=\"Redazione\" \/>\n<meta name=\"twitter:card\" content=\"summary_large_image\" \/>\n<meta name=\"twitter:creator\" content=\"@rassegnastampa9\" \/>\n<meta name=\"twitter:site\" content=\"@rassegnastampa9\" \/>\n<meta name=\"twitter:label1\" content=\"Scritto da\" \/>\n\t<meta name=\"twitter:data1\" content=\"Redazione\" \/>\n\t<meta name=\"twitter:label2\" content=\"Tempo di lettura stimato\" \/>\n\t<meta name=\"twitter:data2\" content=\"6 minuti\" \/>\n<script type=\"application\/ld+json\" class=\"yoast-schema-graph\">{\"@context\":\"https:\\\/\\\/schema.org\",\"@graph\":[{\"@type\":\"Article\",\"@id\":\"https:\\\/\\\/www.rassegnastampa-totustuus.it\\\/cattolica\\\/papa-pio-vii-galileo-galilei\\\/#article\",\"isPartOf\":{\"@id\":\"https:\\\/\\\/www.rassegnastampa-totustuus.it\\\/cattolica\\\/papa-pio-vii-galileo-galilei\\\/\"},\"author\":{\"name\":\"Redazione\",\"@id\":\"https:\\\/\\\/www.rassegnastampa-totustuus.it\\\/cattolica\\\/#\\\/schema\\\/person\\\/08f319d2bd1a0904ad9e2bfb7b15e5c3\"},\"headline\":\"Papa Pio VII e Galileo Galilei\",\"datePublished\":\"2023-09-27T22:00:00+00:00\",\"dateModified\":\"2024-01-04T15:09:14+00:00\",\"mainEntityOfPage\":{\"@id\":\"https:\\\/\\\/www.rassegnastampa-totustuus.it\\\/cattolica\\\/papa-pio-vii-galileo-galilei\\\/\"},\"wordCount\":813,\"publisher\":{\"@id\":\"https:\\\/\\\/www.rassegnastampa-totustuus.it\\\/cattolica\\\/#organization\"},\"image\":{\"@id\":\"https:\\\/\\\/www.rassegnastampa-totustuus.it\\\/cattolica\\\/papa-pio-vii-galileo-galilei\\\/#primaryimage\"},\"thumbnailUrl\":\"https:\\\/\\\/www.rassegnastampa-totustuus.it\\\/cattolica\\\/wp-content\\\/uploads\\\/2023\\\/09\\\/Chiesa_Pio_VII.jpg\",\"keywords\":[\"chiesa\",\"medicina\",\"personaggi\",\"Pio VII\",\"scienza\"],\"articleSection\":[\"Chiesa\",\"Personaggi\",\"Scienza\"],\"inLanguage\":\"it-IT\"},{\"@type\":\"WebPage\",\"@id\":\"https:\\\/\\\/www.rassegnastampa-totustuus.it\\\/cattolica\\\/papa-pio-vii-galileo-galilei\\\/\",\"url\":\"https:\\\/\\\/www.rassegnastampa-totustuus.it\\\/cattolica\\\/papa-pio-vii-galileo-galilei\\\/\",\"name\":\"Papa Pio VII e Galileo Galilei - Rassegna Stampa Cattolica\",\"isPartOf\":{\"@id\":\"https:\\\/\\\/www.rassegnastampa-totustuus.it\\\/cattolica\\\/#website\"},\"primaryImageOfPage\":{\"@id\":\"https:\\\/\\\/www.rassegnastampa-totustuus.it\\\/cattolica\\\/papa-pio-vii-galileo-galilei\\\/#primaryimage\"},\"image\":{\"@id\":\"https:\\\/\\\/www.rassegnastampa-totustuus.it\\\/cattolica\\\/papa-pio-vii-galileo-galilei\\\/#primaryimage\"},\"thumbnailUrl\":\"https:\\\/\\\/www.rassegnastampa-totustuus.it\\\/cattolica\\\/wp-content\\\/uploads\\\/2023\\\/09\\\/Chiesa_Pio_VII.jpg\",\"datePublished\":\"2023-09-27T22:00:00+00:00\",\"dateModified\":\"2024-01-04T15:09:14+00:00\",\"description\":\"Papa Pio VII chiuse il caso Galileo Galilei ma si distinse pure per la sua particolare attenzione anche nel campo scientifico,\",\"breadcrumb\":{\"@id\":\"https:\\\/\\\/www.rassegnastampa-totustuus.it\\\/cattolica\\\/papa-pio-vii-galileo-galilei\\\/#breadcrumb\"},\"inLanguage\":\"it-IT\",\"potentialAction\":[{\"@type\":\"ReadAction\",\"target\":[\"https:\\\/\\\/www.rassegnastampa-totustuus.it\\\/cattolica\\\/papa-pio-vii-galileo-galilei\\\/\"]}]},{\"@type\":\"ImageObject\",\"inLanguage\":\"it-IT\",\"@id\":\"https:\\\/\\\/www.rassegnastampa-totustuus.it\\\/cattolica\\\/papa-pio-vii-galileo-galilei\\\/#primaryimage\",\"url\":\"https:\\\/\\\/www.rassegnastampa-totustuus.it\\\/cattolica\\\/wp-content\\\/uploads\\\/2023\\\/09\\\/Chiesa_Pio_VII.jpg\",\"contentUrl\":\"https:\\\/\\\/www.rassegnastampa-totustuus.it\\\/cattolica\\\/wp-content\\\/uploads\\\/2023\\\/09\\\/Chiesa_Pio_VII.jpg\",\"width\":265,\"height\":275,\"caption\":\"Papa Pio VII chiuse il caso Galileo Galilei\"},{\"@type\":\"BreadcrumbList\",\"@id\":\"https:\\\/\\\/www.rassegnastampa-totustuus.it\\\/cattolica\\\/papa-pio-vii-galileo-galilei\\\/#breadcrumb\",\"itemListElement\":[{\"@type\":\"ListItem\",\"position\":1,\"name\":\"Home\",\"item\":\"https:\\\/\\\/www.rassegnastampa-totustuus.it\\\/cattolica\\\/\"},{\"@type\":\"ListItem\",\"position\":2,\"name\":\"Papa Pio VII e Galileo Galilei\"}]},{\"@type\":\"WebSite\",\"@id\":\"https:\\\/\\\/www.rassegnastampa-totustuus.it\\\/cattolica\\\/#website\",\"url\":\"https:\\\/\\\/www.rassegnastampa-totustuus.it\\\/cattolica\\\/\",\"name\":\"Rassegna Stampa Cattolica\",\"description\":\"Per una cultura che nasce dalla Rivelazione cristiana in conformit\u00e0 alla tradizione e al Magistero della Chiesa in opposizione ad ogni relativismo e totalitarismo\",\"publisher\":{\"@id\":\"https:\\\/\\\/www.rassegnastampa-totustuus.it\\\/cattolica\\\/#organization\"},\"alternateName\":\"Rass. Cattolica\",\"potentialAction\":[{\"@type\":\"SearchAction\",\"target\":{\"@type\":\"EntryPoint\",\"urlTemplate\":\"https:\\\/\\\/www.rassegnastampa-totustuus.it\\\/cattolica\\\/?s={search_term_string}\"},\"query-input\":{\"@type\":\"PropertyValueSpecification\",\"valueRequired\":true,\"valueName\":\"search_term_string\"}}],\"inLanguage\":\"it-IT\"},{\"@type\":\"Organization\",\"@id\":\"https:\\\/\\\/www.rassegnastampa-totustuus.it\\\/cattolica\\\/#organization\",\"name\":\"Rassegna Stampa Cattolica\",\"url\":\"https:\\\/\\\/www.rassegnastampa-totustuus.it\\\/cattolica\\\/\",\"logo\":{\"@type\":\"ImageObject\",\"inLanguage\":\"it-IT\",\"@id\":\"https:\\\/\\\/www.rassegnastampa-totustuus.it\\\/cattolica\\\/#\\\/schema\\\/logo\\\/image\\\/\",\"url\":\"https:\\\/\\\/www.rassegnastampa-totustuus.it\\\/cattolica\\\/wp-content\\\/uploads\\\/2014\\\/04\\\/logo-rassegna1.gif\",\"contentUrl\":\"https:\\\/\\\/www.rassegnastampa-totustuus.it\\\/cattolica\\\/wp-content\\\/uploads\\\/2014\\\/04\\\/logo-rassegna1.gif\",\"width\":600,\"height\":163,\"caption\":\"Rassegna Stampa Cattolica\"},\"image\":{\"@id\":\"https:\\\/\\\/www.rassegnastampa-totustuus.it\\\/cattolica\\\/#\\\/schema\\\/logo\\\/image\\\/\"},\"sameAs\":[\"https:\\\/\\\/www.facebook.com\\\/rassegnastampacattolica\",\"https:\\\/\\\/x.com\\\/rassegnastampa9\"]},{\"@type\":\"Person\",\"@id\":\"https:\\\/\\\/www.rassegnastampa-totustuus.it\\\/cattolica\\\/#\\\/schema\\\/person\\\/08f319d2bd1a0904ad9e2bfb7b15e5c3\",\"name\":\"Redazione\",\"image\":{\"@type\":\"ImageObject\",\"inLanguage\":\"it-IT\",\"@id\":\"https:\\\/\\\/secure.gravatar.com\\\/avatar\\\/2fcdf27c78ea025fbdb44e914cc63c72249ffec9dc8aafd5c82b26240ef3f346?s=96&d=mm&r=g\",\"url\":\"https:\\\/\\\/secure.gravatar.com\\\/avatar\\\/2fcdf27c78ea025fbdb44e914cc63c72249ffec9dc8aafd5c82b26240ef3f346?s=96&d=mm&r=g\",\"contentUrl\":\"https:\\\/\\\/secure.gravatar.com\\\/avatar\\\/2fcdf27c78ea025fbdb44e914cc63c72249ffec9dc8aafd5c82b26240ef3f346?s=96&d=mm&r=g\",\"caption\":\"Redazione\"},\"url\":\"https:\\\/\\\/www.rassegnastampa-totustuus.it\\\/cattolica\\\/author\\\/pietroelle\\\/\"}]}<\/script>\n<!-- \/ Yoast SEO plugin. -->","yoast_head_json":{"title":"Papa Pio VII e Galileo Galilei - Rassegna Stampa Cattolica","description":"Papa Pio VII chiuse il caso Galileo Galilei ma si distinse pure per la sua particolare attenzione anche nel campo scientifico,","robots":{"index":"index","follow":"follow","max-snippet":"max-snippet:-1","max-image-preview":"max-image-preview:large","max-video-preview":"max-video-preview:-1"},"canonical":"https:\/\/www.rassegnastampa-totustuus.it\/cattolica\/papa-pio-vii-galileo-galilei\/","og_locale":"it_IT","og_type":"article","og_title":"Papa Pio VII e Galileo Galilei - Rassegna Stampa Cattolica","og_description":"Papa Pio VII chiuse il caso Galileo Galilei ma si distinse pure per la sua particolare attenzione anche nel campo scientifico,","og_url":"https:\/\/www.rassegnastampa-totustuus.it\/cattolica\/papa-pio-vii-galileo-galilei\/","og_site_name":"Rassegna Stampa Cattolica","article_publisher":"https:\/\/www.facebook.com\/rassegnastampacattolica","article_published_time":"2023-09-27T22:00:00+00:00","article_modified_time":"2024-01-04T15:09:14+00:00","og_image":[{"width":265,"height":275,"url":"https:\/\/www.rassegnastampa-totustuus.it\/cattolica\/wp-content\/uploads\/2023\/09\/Chiesa_Pio_VII.jpg","type":"image\/jpeg"}],"author":"Redazione","twitter_card":"summary_large_image","twitter_creator":"@rassegnastampa9","twitter_site":"@rassegnastampa9","twitter_misc":{"Scritto da":"Redazione","Tempo di lettura stimato":"6 minuti"},"schema":{"@context":"https:\/\/schema.org","@graph":[{"@type":"Article","@id":"https:\/\/www.rassegnastampa-totustuus.it\/cattolica\/papa-pio-vii-galileo-galilei\/#article","isPartOf":{"@id":"https:\/\/www.rassegnastampa-totustuus.it\/cattolica\/papa-pio-vii-galileo-galilei\/"},"author":{"name":"Redazione","@id":"https:\/\/www.rassegnastampa-totustuus.it\/cattolica\/#\/schema\/person\/08f319d2bd1a0904ad9e2bfb7b15e5c3"},"headline":"Papa Pio VII e Galileo Galilei","datePublished":"2023-09-27T22:00:00+00:00","dateModified":"2024-01-04T15:09:14+00:00","mainEntityOfPage":{"@id":"https:\/\/www.rassegnastampa-totustuus.it\/cattolica\/papa-pio-vii-galileo-galilei\/"},"wordCount":813,"publisher":{"@id":"https:\/\/www.rassegnastampa-totustuus.it\/cattolica\/#organization"},"image":{"@id":"https:\/\/www.rassegnastampa-totustuus.it\/cattolica\/papa-pio-vii-galileo-galilei\/#primaryimage"},"thumbnailUrl":"https:\/\/www.rassegnastampa-totustuus.it\/cattolica\/wp-content\/uploads\/2023\/09\/Chiesa_Pio_VII.jpg","keywords":["chiesa","medicina","personaggi","Pio VII","scienza"],"articleSection":["Chiesa","Personaggi","Scienza"],"inLanguage":"it-IT"},{"@type":"WebPage","@id":"https:\/\/www.rassegnastampa-totustuus.it\/cattolica\/papa-pio-vii-galileo-galilei\/","url":"https:\/\/www.rassegnastampa-totustuus.it\/cattolica\/papa-pio-vii-galileo-galilei\/","name":"Papa Pio VII e Galileo Galilei - Rassegna Stampa Cattolica","isPartOf":{"@id":"https:\/\/www.rassegnastampa-totustuus.it\/cattolica\/#website"},"primaryImageOfPage":{"@id":"https:\/\/www.rassegnastampa-totustuus.it\/cattolica\/papa-pio-vii-galileo-galilei\/#primaryimage"},"image":{"@id":"https:\/\/www.rassegnastampa-totustuus.it\/cattolica\/papa-pio-vii-galileo-galilei\/#primaryimage"},"thumbnailUrl":"https:\/\/www.rassegnastampa-totustuus.it\/cattolica\/wp-content\/uploads\/2023\/09\/Chiesa_Pio_VII.jpg","datePublished":"2023-09-27T22:00:00+00:00","dateModified":"2024-01-04T15:09:14+00:00","description":"Papa Pio VII chiuse il caso Galileo Galilei ma si distinse pure per la sua particolare attenzione anche nel campo scientifico,","breadcrumb":{"@id":"https:\/\/www.rassegnastampa-totustuus.it\/cattolica\/papa-pio-vii-galileo-galilei\/#breadcrumb"},"inLanguage":"it-IT","potentialAction":[{"@type":"ReadAction","target":["https:\/\/www.rassegnastampa-totustuus.it\/cattolica\/papa-pio-vii-galileo-galilei\/"]}]},{"@type":"ImageObject","inLanguage":"it-IT","@id":"https:\/\/www.rassegnastampa-totustuus.it\/cattolica\/papa-pio-vii-galileo-galilei\/#primaryimage","url":"https:\/\/www.rassegnastampa-totustuus.it\/cattolica\/wp-content\/uploads\/2023\/09\/Chiesa_Pio_VII.jpg","contentUrl":"https:\/\/www.rassegnastampa-totustuus.it\/cattolica\/wp-content\/uploads\/2023\/09\/Chiesa_Pio_VII.jpg","width":265,"height":275,"caption":"Papa Pio VII chiuse il caso Galileo Galilei"},{"@type":"BreadcrumbList","@id":"https:\/\/www.rassegnastampa-totustuus.it\/cattolica\/papa-pio-vii-galileo-galilei\/#breadcrumb","itemListElement":[{"@type":"ListItem","position":1,"name":"Home","item":"https:\/\/www.rassegnastampa-totustuus.it\/cattolica\/"},{"@type":"ListItem","position":2,"name":"Papa Pio VII e Galileo Galilei"}]},{"@type":"WebSite","@id":"https:\/\/www.rassegnastampa-totustuus.it\/cattolica\/#website","url":"https:\/\/www.rassegnastampa-totustuus.it\/cattolica\/","name":"Rassegna Stampa Cattolica","description":"Per una cultura che nasce dalla Rivelazione cristiana in conformit\u00e0 alla tradizione e al Magistero della Chiesa in opposizione ad ogni relativismo e totalitarismo","publisher":{"@id":"https:\/\/www.rassegnastampa-totustuus.it\/cattolica\/#organization"},"alternateName":"Rass. Cattolica","potentialAction":[{"@type":"SearchAction","target":{"@type":"EntryPoint","urlTemplate":"https:\/\/www.rassegnastampa-totustuus.it\/cattolica\/?s={search_term_string}"},"query-input":{"@type":"PropertyValueSpecification","valueRequired":true,"valueName":"search_term_string"}}],"inLanguage":"it-IT"},{"@type":"Organization","@id":"https:\/\/www.rassegnastampa-totustuus.it\/cattolica\/#organization","name":"Rassegna Stampa Cattolica","url":"https:\/\/www.rassegnastampa-totustuus.it\/cattolica\/","logo":{"@type":"ImageObject","inLanguage":"it-IT","@id":"https:\/\/www.rassegnastampa-totustuus.it\/cattolica\/#\/schema\/logo\/image\/","url":"https:\/\/www.rassegnastampa-totustuus.it\/cattolica\/wp-content\/uploads\/2014\/04\/logo-rassegna1.gif","contentUrl":"https:\/\/www.rassegnastampa-totustuus.it\/cattolica\/wp-content\/uploads\/2014\/04\/logo-rassegna1.gif","width":600,"height":163,"caption":"Rassegna Stampa Cattolica"},"image":{"@id":"https:\/\/www.rassegnastampa-totustuus.it\/cattolica\/#\/schema\/logo\/image\/"},"sameAs":["https:\/\/www.facebook.com\/rassegnastampacattolica","https:\/\/x.com\/rassegnastampa9"]},{"@type":"Person","@id":"https:\/\/www.rassegnastampa-totustuus.it\/cattolica\/#\/schema\/person\/08f319d2bd1a0904ad9e2bfb7b15e5c3","name":"Redazione","image":{"@type":"ImageObject","inLanguage":"it-IT","@id":"https:\/\/secure.gravatar.com\/avatar\/2fcdf27c78ea025fbdb44e914cc63c72249ffec9dc8aafd5c82b26240ef3f346?s=96&d=mm&r=g","url":"https:\/\/secure.gravatar.com\/avatar\/2fcdf27c78ea025fbdb44e914cc63c72249ffec9dc8aafd5c82b26240ef3f346?s=96&d=mm&r=g","contentUrl":"https:\/\/secure.gravatar.com\/avatar\/2fcdf27c78ea025fbdb44e914cc63c72249ffec9dc8aafd5c82b26240ef3f346?s=96&d=mm&r=g","caption":"Redazione"},"url":"https:\/\/www.rassegnastampa-totustuus.it\/cattolica\/author\/pietroelle\/"}]}},"_links":{"self":[{"href":"https:\/\/www.rassegnastampa-totustuus.it\/cattolica\/wp-json\/wp\/v2\/posts\/56910","targetHints":{"allow":["GET"]}}],"collection":[{"href":"https:\/\/www.rassegnastampa-totustuus.it\/cattolica\/wp-json\/wp\/v2\/posts"}],"about":[{"href":"https:\/\/www.rassegnastampa-totustuus.it\/cattolica\/wp-json\/wp\/v2\/types\/post"}],"author":[{"embeddable":true,"href":"https:\/\/www.rassegnastampa-totustuus.it\/cattolica\/wp-json\/wp\/v2\/users\/6"}],"replies":[{"embeddable":true,"href":"https:\/\/www.rassegnastampa-totustuus.it\/cattolica\/wp-json\/wp\/v2\/comments?post=56910"}],"version-history":[{"count":4,"href":"https:\/\/www.rassegnastampa-totustuus.it\/cattolica\/wp-json\/wp\/v2\/posts\/56910\/revisions"}],"predecessor-version":[{"id":58709,"href":"https:\/\/www.rassegnastampa-totustuus.it\/cattolica\/wp-json\/wp\/v2\/posts\/56910\/revisions\/58709"}],"wp:featuredmedia":[{"embeddable":true,"href":"https:\/\/www.rassegnastampa-totustuus.it\/cattolica\/wp-json\/wp\/v2\/media\/56911"}],"wp:attachment":[{"href":"https:\/\/www.rassegnastampa-totustuus.it\/cattolica\/wp-json\/wp\/v2\/media?parent=56910"}],"wp:term":[{"taxonomy":"category","embeddable":true,"href":"https:\/\/www.rassegnastampa-totustuus.it\/cattolica\/wp-json\/wp\/v2\/categories?post=56910"},{"taxonomy":"post_tag","embeddable":true,"href":"https:\/\/www.rassegnastampa-totustuus.it\/cattolica\/wp-json\/wp\/v2\/tags?post=56910"}],"curies":[{"name":"wp","href":"https:\/\/api.w.org\/{rel}","templated":true}]}}