{"id":5691,"date":"2013-08-29T00:00:00","date_gmt":"2013-08-28T22:00:00","guid":{"rendered":""},"modified":"2015-11-11T17:23:52","modified_gmt":"2015-11-11T16:23:52","slug":"dietro-limam-pro-kamikaze-c-il-suicidio-assistito-delloccidente","status":"publish","type":"post","link":"https:\/\/www.rassegnastampa-totustuus.it\/cattolica\/dietro-limam-pro-kamikaze-c-il-suicidio-assistito-delloccidente\/","title":{"rendered":"Dietro l\u2019imam pro kamikaze c\u2019&egrave; il suicidio assistito dell&#8217;Occidente"},"content":{"rendered":"<div style=\"text-align: center;\">\n<div id=\"attachment_27502\" style=\"width: 200px\" class=\"wp-caption alignright\"><a href=\"https:\/\/www.rassegnastampa-totustuus.it\/cattolica\/wp-content\/uploads\/2013\/08\/Riyadh-al-Bustanji.jpg\"><img loading=\"lazy\" decoding=\"async\" aria-describedby=\"caption-attachment-27502\" class=\"wp-image-27502\" src=\"https:\/\/www.rassegnastampa-totustuus.it\/cattolica\/wp-content\/uploads\/2013\/08\/Riyadh-al-Bustanji.jpg\" alt=\"Riyadh al Bustanji\" width=\"200\" height=\"133\" \/><\/a><p id=\"caption-attachment-27502\" class=\"wp-caption-text\">Riyadh al Bustanji<\/p><\/div>\n<p><strong>L\u2019Intraprendente,<\/strong> 28 agosto 2013<\/div>\n<p style=\"text-align: justify;\"><em>L&#8217;invito di al Bustanji \u00e8 il trionfo dell&#8217;ideologia del politically correct, che ci rende rispettosi di tutti meno che di noi stessi e della nostra cultura. Urge cambiare rotta se non vogliamo che c&#8217;islamizzino col nostro tacito consenso <\/em><\/p>\n<p style=\"text-align: center;\">di <strong>Marco Respinti<\/strong><\/p>\n<p><!--more--><\/p>\n<div style=\"text-align: justify;\">La vicenda del Ramadan a Milano \u00e8 diventata una farsa, tristissima. La <strong>libert\u00e0<\/strong> <strong>religiosa<\/strong> \u00e8 il primo dei diritti umani, costituendo il terreno fertile su cui attecchisce e cresce ogni altra dimensione della libert\u00e0 personale. Noi per primi difendiamo con fervore il <strong>diritto<\/strong> di ogni uomo e di ogni comunit\u00e0 <strong>all\u2019esercizio<\/strong> intangibile della propria <strong>religione<\/strong>, denunciando le <strong>ingerenze<\/strong> improprie dello <strong>Stato<\/strong>: laico per definizione, laicista per involuzione.<\/div>\n<p style=\"text-align: justify;\">E se la libert\u00e0 religiosa \u00e8 il contrario esatto del relativismo\u00a0teologico e culturale, la libert\u00e0 religiosa non \u00e8 mai e poi mai stata nemmeno\u00a0intesa come semplice libert\u00e0 di culto per i cristiani (a discapito degli\u00a0altri). Ma che la libert\u00e0 religiosa faccia da copertura alla violenza anche\u00a0solo annunciata, corteggiata o esaltata \u2013 come evidenzia il caso dell\u2019imam\u00a0<strong>Riyadh al Bustanji<\/strong>\u2013 \u00e8 un segno tragico dei tempi bui in cui\u00a0viviamo.<\/p>\n<p style=\"text-align: justify;\">Soprattutto perch\u00e9 il tutto avviene con il <strong>consenso\u00a0<\/strong>informato e plaudente delle <strong>vittime\u00a0<\/strong><strong>designate<\/strong>.La <strong>malriposta<\/strong> nostra\u00a0<strong>fiducia<\/strong> in un concetto di \u201c<strong>tolleranza<\/strong>\u201d che\u00a0tanto pi\u00f9 ci piace quanto pi\u00f9 \u00e8 ambiguo e sfuggente c\u2019impedisce infatti di\u00a0discernere con criterio fra gl\u2019interlocutori che la globalizzazione e il\u00a0pluralismo contemporanei ci pongono innanzi, e, per non sbagliare,\u00a0<strong>consentiamo<\/strong> <strong>tutto<\/strong> e tutto permettiamo, salvo\u00a0ci\u00f2 che mette in discussione questo permissivismo acritico e\u00a0insulso.<\/p>\n<p style=\"text-align: justify;\">Cos\u00ec, chi solo osa porre qualche domanda in questa che\u00a0<strong>Eric Voegelin<\/strong> (1901-1985) definiva acutamente l\u2019epoca del \u201cdivieto di fare domande\u201d, come di fronte all\u2019intollerabile estremismo di Riyadh al Bustanji ha fatto il portavoce della sinagoga Beth Shlomo Davide Romano, si pone automaticamente dalla parte del torto. Seppur perversa, in tutto questo una logica del resto c\u2019\u00e8. Se infatti non esiste alcun criterio per distinguere e quindi anche per discriminare \u2013 cio\u00e8 scegliere a ragion veduta dopo aver conosciuto attraverso lo studio delle cause \u2013, chiunque agisca in base a un qualsiasi metro di giudizio \u00e8 poco meno che un criminale colto in flagrante.<\/p>\n<p style=\"text-align: justify;\">Abbiamo imparato a chiamarlo \u201c<strong>politicamente<\/strong> <strong>corretto<\/strong>\u201d, e a subire le angherie del suo totalitarismo repressivo e inibente, ma \u00e8 molto di pi\u00f9 che una facile formuletta a uso giornalistico. \u00c8 piuttosto la\u00a0<strong>resa<\/strong> totale di una <strong>cultura\u00a0<\/strong><strong>intera<\/strong>, la nostra, quella occidentale, che, non sapendo pi\u00f9 rendere conto di s\u00e9 anzitutto a se stessa, di fronte a terzi non sa far altro che <strong>calare<\/strong> le <strong>brache<\/strong>.<\/p>\n<p style=\"text-align: justify;\">In Italia, Paese di buontemponi e di mezze tacche, lo facciamo alla buona, cucinando salamelle alla festa di quartiere, organizzando i \u201cfestival dei diversi\u201d o al pi\u00f9 attraverso un servizio al tigg\u00ec stucchevole, banale e buonista, e per questo ci pare di accorgercene meno. Negli Stati Uniti, invece, che sono un Paese molto pi\u00f9 serio, la cosa \u00e8 nota sin dai tempi della resa di fronte all\u2019obbrobrio comunista, nel 1964, quando <strong>James\u00a0<\/strong><strong>Burnham<\/strong> (1905-1987) titol\u00f2 un suo piccolo capolavoro nientemeno che \u201c<em>Il suicidio dell\u2019Occidente\u201d<\/em> (trad. it. Edizione del Borghese, Roma 1965).<\/p>\n<p style=\"text-align: justify;\">In quelle sue pagine, forse pi\u00f9 comprensibili oggi di allora, semplicemente sostituendo l\u2019islamismo al comunismo, venivano dettagliatamente descritti la nascita e lo sviluppo di quel <strong>falso mito\u00a0<\/strong>incapacitante che invece di fondare (come ogni buon mito vero fa) sgretola e distrugge un mondo intero per dabbenaggine, inanit\u00e0 e ignavia. Si chiama \u201cdemocrazia\u201d, specialmente quella moderna, in s\u00e9 piuttosto diversa da quella ateniese delle origini, che, avendo tutto aggredito e inghiottito, costituisce oggi il ventre molle dell\u2019Occidente. Il suo debolismo strutturale: sordo e muto.<\/p>\n<p style=\"text-align: justify;\">Sotto quello stesso vecchio titolo, in anni pi\u00f9 vicini il filosofo inglese <strong>Roger Scruton<\/strong> ha riattualizzato e perfezionato la lezioni di Burnham pubblicando \u201c<em>Il suicidio\u00a0<\/em><em>dell\u2019Occidente\u201d<\/em> (intervista a cura di Luigi Iannone, Le Lettere, Firenze 2010). Un decennio fa, pi\u00f9 o meno, il sempre lucidissimo <strong>Giuliano\u00a0<\/strong><strong>Ferrara<\/strong> la chiamava \u201c<strong>stanchezza\u00a0<\/strong>dell\u2019<strong>Occidente<\/strong>\u201d. Nel Quattro-Cinque-Seicento, sempre pi\u00f9 o meno, si manifest\u00f2 come un manierismo intellettualistico da Azzeccagarbugli che inizi\u00f2 il declino della filosofia.<\/p>\n<p style=\"text-align: justify;\">Oggi, a itinerario forse inesorabilmente compiuto, \u00e8 l\u2019incapacit\u00e0 di (voler) sapere chi siamo a impedirci di (voler) mettere un freno agl\u2019imam esaltati, ai loro insipienti fiancheggiatori neopostcomunisti di cui sono colme le nostre giunte cittadine o ai jihadisti che si agitano Oltremare. Un altro americano, di origini ungheresi, Paul Hollander, sempre trattando \u2013 allora \u2013 di comunismo, descrisse questa mortifera cupio dissolvi del \u201cmondo libero\u201d in un libro disgraziatamente troppo poco studiato, Pellegrini politici. Intellettuali occidentali in Unione Sovietica, Cina e Cuba (trad. it. Il Mulino, Bologna 1988), denunciando i pericoli dell\u2019appeasement.<\/p>\n<p style=\"text-align: justify;\">Siccome, come ricordava\u00a0<strong>George Santayana<\/strong> (1863-1952), chi non riesce a ricordare il passato \u00e8 condannato a ripeterlo, eccoci qua tutti ancora una volta proni a <strong>servire<\/strong> e a <strong>riverire<\/strong> i <strong>nostri\u00a0<\/strong><strong>carnefici<\/strong>. L\u2019arrendevolezza attuale dell\u2019Occidente stanco, debole e malato pu\u00f2 essere l\u2019inizio della fine della sua storia gloriosa di libert\u00e0 e di civilt\u00e0. I jihadisti lo hanno capito bene, ed \u00e8 per questo che si propongono alla nostra maleodorante voglia di eutanasia come coadiutori del\u00a0<strong>suicidio<\/strong> <strong>assistito<\/strong>.<\/p>\n","protected":false},"excerpt":{"rendered":"<p>L\u2019Intraprendente, 28 agosto 2013 L&#8217;invito di al Bustanji \u00e8 il trionfo dell&#8217;ideologia del politically correct, che ci rende rispettosi di tutti meno che di noi stessi e della nostra cultura. Urge cambiare rotta se non vogliamo che c&#8217;islamizzino col nostro tacito consenso di Marco Respinti<\/p><p><a class=\"more-link btn\" href=\"https:\/\/www.rassegnastampa-totustuus.it\/cattolica\/dietro-limam-pro-kamikaze-c-il-suicidio-assistito-delloccidente\/\">Continua a leggere<\/a><\/p>\n","protected":false},"author":6,"featured_media":27502,"comment_status":"closed","ping_status":"open","sticky":false,"template":"","format":"standard","meta":{"footnotes":""},"categories":[16,36],"tags":[1347],"class_list":["post-5691","post","type-post","status-publish","format-standard","has-post-thumbnail","hentry","category-islam","category-fondamentalismo-islamico","tag-crisi-morale","item-wrap"],"yoast_head":"<!-- This site is optimized with the Yoast SEO plugin v27.4 - https:\/\/yoast.com\/product\/yoast-seo-wordpress\/ -->\n<title>Dietro l\u2019imam pro kamikaze c\u2019&egrave; il suicidio assistito dell&#039;Occidente - Rassegna Stampa Cattolica<\/title>\n<meta name=\"description\" content=\"Rassegna Stampa Cattolica - Per una cultura che nasce dalla Rivelazione cristiana in conformit\u00e0 alla tradizione e al Magistero della Chiesa in opposizione ad ogni relativismo e totalitarismo\" \/>\n<meta name=\"robots\" content=\"index, follow, max-snippet:-1, max-image-preview:large, max-video-preview:-1\" \/>\n<link rel=\"canonical\" href=\"https:\/\/www.rassegnastampa-totustuus.it\/cattolica\/dietro-limam-pro-kamikaze-c-il-suicidio-assistito-delloccidente\/\" \/>\n<meta property=\"og:locale\" content=\"it_IT\" \/>\n<meta property=\"og:type\" content=\"article\" \/>\n<meta property=\"og:title\" content=\"Dietro l\u2019imam pro kamikaze c\u2019&egrave; il suicidio assistito dell&#039;Occidente - Rassegna Stampa Cattolica\" \/>\n<meta property=\"og:description\" content=\"Rassegna Stampa Cattolica - Per una cultura che nasce dalla Rivelazione cristiana in conformit\u00e0 alla tradizione e al Magistero della Chiesa in opposizione ad ogni relativismo e totalitarismo\" \/>\n<meta property=\"og:url\" content=\"https:\/\/www.rassegnastampa-totustuus.it\/cattolica\/dietro-limam-pro-kamikaze-c-il-suicidio-assistito-delloccidente\/\" \/>\n<meta property=\"og:site_name\" content=\"Rassegna Stampa Cattolica\" \/>\n<meta property=\"article:publisher\" content=\"https:\/\/www.facebook.com\/rassegnastampacattolica\" \/>\n<meta property=\"article:published_time\" content=\"2013-08-28T22:00:00+00:00\" \/>\n<meta property=\"article:modified_time\" content=\"2015-11-11T16:23:52+00:00\" \/>\n<meta property=\"og:image\" content=\"https:\/\/www.rassegnastampa-totustuus.it\/cattolica\/wp-content\/uploads\/2013\/08\/Riyadh-al-Bustanji.jpg\" \/>\n\t<meta property=\"og:image:width\" content=\"276\" \/>\n\t<meta property=\"og:image:height\" content=\"183\" \/>\n\t<meta property=\"og:image:type\" content=\"image\/jpeg\" \/>\n<meta name=\"author\" content=\"Redazione\" \/>\n<meta name=\"twitter:card\" content=\"summary_large_image\" \/>\n<meta name=\"twitter:creator\" content=\"@rassegnastampa9\" \/>\n<meta name=\"twitter:site\" content=\"@rassegnastampa9\" \/>\n<meta name=\"twitter:label1\" content=\"Scritto da\" \/>\n\t<meta name=\"twitter:data1\" content=\"Redazione\" \/>\n\t<meta name=\"twitter:label2\" content=\"Tempo di lettura stimato\" \/>\n\t<meta name=\"twitter:data2\" content=\"4 minuti\" \/>\n<script type=\"application\/ld+json\" class=\"yoast-schema-graph\">{\"@context\":\"https:\\\/\\\/schema.org\",\"@graph\":[{\"@type\":\"Article\",\"@id\":\"https:\\\/\\\/www.rassegnastampa-totustuus.it\\\/cattolica\\\/dietro-limam-pro-kamikaze-c-il-suicidio-assistito-delloccidente\\\/#article\",\"isPartOf\":{\"@id\":\"https:\\\/\\\/www.rassegnastampa-totustuus.it\\\/cattolica\\\/dietro-limam-pro-kamikaze-c-il-suicidio-assistito-delloccidente\\\/\"},\"author\":{\"name\":\"Redazione\",\"@id\":\"https:\\\/\\\/www.rassegnastampa-totustuus.it\\\/cattolica\\\/#\\\/schema\\\/person\\\/08f319d2bd1a0904ad9e2bfb7b15e5c3\"},\"headline\":\"Dietro l\u2019imam pro kamikaze c\u2019&egrave; il suicidio assistito dell&#8217;Occidente\",\"datePublished\":\"2013-08-28T22:00:00+00:00\",\"dateModified\":\"2015-11-11T16:23:52+00:00\",\"mainEntityOfPage\":{\"@id\":\"https:\\\/\\\/www.rassegnastampa-totustuus.it\\\/cattolica\\\/dietro-limam-pro-kamikaze-c-il-suicidio-assistito-delloccidente\\\/\"},\"wordCount\":860,\"publisher\":{\"@id\":\"https:\\\/\\\/www.rassegnastampa-totustuus.it\\\/cattolica\\\/#organization\"},\"image\":{\"@id\":\"https:\\\/\\\/www.rassegnastampa-totustuus.it\\\/cattolica\\\/dietro-limam-pro-kamikaze-c-il-suicidio-assistito-delloccidente\\\/#primaryimage\"},\"thumbnailUrl\":\"https:\\\/\\\/www.rassegnastampa-totustuus.it\\\/cattolica\\\/wp-content\\\/uploads\\\/2013\\\/08\\\/Riyadh-al-Bustanji.jpg\",\"keywords\":[\"crisi morale\"],\"articleSection\":[\"Islam\",\"Islam fondamentalismo\"],\"inLanguage\":\"it-IT\"},{\"@type\":\"WebPage\",\"@id\":\"https:\\\/\\\/www.rassegnastampa-totustuus.it\\\/cattolica\\\/dietro-limam-pro-kamikaze-c-il-suicidio-assistito-delloccidente\\\/\",\"url\":\"https:\\\/\\\/www.rassegnastampa-totustuus.it\\\/cattolica\\\/dietro-limam-pro-kamikaze-c-il-suicidio-assistito-delloccidente\\\/\",\"name\":\"Dietro l\u2019imam pro kamikaze c\u2019&egrave; il suicidio assistito dell'Occidente - Rassegna Stampa Cattolica\",\"isPartOf\":{\"@id\":\"https:\\\/\\\/www.rassegnastampa-totustuus.it\\\/cattolica\\\/#website\"},\"primaryImageOfPage\":{\"@id\":\"https:\\\/\\\/www.rassegnastampa-totustuus.it\\\/cattolica\\\/dietro-limam-pro-kamikaze-c-il-suicidio-assistito-delloccidente\\\/#primaryimage\"},\"image\":{\"@id\":\"https:\\\/\\\/www.rassegnastampa-totustuus.it\\\/cattolica\\\/dietro-limam-pro-kamikaze-c-il-suicidio-assistito-delloccidente\\\/#primaryimage\"},\"thumbnailUrl\":\"https:\\\/\\\/www.rassegnastampa-totustuus.it\\\/cattolica\\\/wp-content\\\/uploads\\\/2013\\\/08\\\/Riyadh-al-Bustanji.jpg\",\"datePublished\":\"2013-08-28T22:00:00+00:00\",\"dateModified\":\"2015-11-11T16:23:52+00:00\",\"description\":\"Rassegna Stampa Cattolica - Per una cultura che nasce dalla Rivelazione cristiana in conformit\u00e0 alla tradizione e al Magistero della Chiesa in opposizione ad ogni relativismo e totalitarismo\",\"breadcrumb\":{\"@id\":\"https:\\\/\\\/www.rassegnastampa-totustuus.it\\\/cattolica\\\/dietro-limam-pro-kamikaze-c-il-suicidio-assistito-delloccidente\\\/#breadcrumb\"},\"inLanguage\":\"it-IT\",\"potentialAction\":[{\"@type\":\"ReadAction\",\"target\":[\"https:\\\/\\\/www.rassegnastampa-totustuus.it\\\/cattolica\\\/dietro-limam-pro-kamikaze-c-il-suicidio-assistito-delloccidente\\\/\"]}]},{\"@type\":\"ImageObject\",\"inLanguage\":\"it-IT\",\"@id\":\"https:\\\/\\\/www.rassegnastampa-totustuus.it\\\/cattolica\\\/dietro-limam-pro-kamikaze-c-il-suicidio-assistito-delloccidente\\\/#primaryimage\",\"url\":\"https:\\\/\\\/www.rassegnastampa-totustuus.it\\\/cattolica\\\/wp-content\\\/uploads\\\/2013\\\/08\\\/Riyadh-al-Bustanji.jpg\",\"contentUrl\":\"https:\\\/\\\/www.rassegnastampa-totustuus.it\\\/cattolica\\\/wp-content\\\/uploads\\\/2013\\\/08\\\/Riyadh-al-Bustanji.jpg\",\"width\":276,\"height\":183},{\"@type\":\"BreadcrumbList\",\"@id\":\"https:\\\/\\\/www.rassegnastampa-totustuus.it\\\/cattolica\\\/dietro-limam-pro-kamikaze-c-il-suicidio-assistito-delloccidente\\\/#breadcrumb\",\"itemListElement\":[{\"@type\":\"ListItem\",\"position\":1,\"name\":\"Home\",\"item\":\"https:\\\/\\\/www.rassegnastampa-totustuus.it\\\/cattolica\\\/\"},{\"@type\":\"ListItem\",\"position\":2,\"name\":\"Dietro l\u2019imam pro kamikaze c\u2019&egrave; il suicidio assistito dell&#8217;Occidente\"}]},{\"@type\":\"WebSite\",\"@id\":\"https:\\\/\\\/www.rassegnastampa-totustuus.it\\\/cattolica\\\/#website\",\"url\":\"https:\\\/\\\/www.rassegnastampa-totustuus.it\\\/cattolica\\\/\",\"name\":\"Rassegna Stampa Cattolica\",\"description\":\"Per una cultura che nasce dalla Rivelazione cristiana in conformit\u00e0 alla tradizione e al Magistero della Chiesa in opposizione ad ogni relativismo e totalitarismo\",\"publisher\":{\"@id\":\"https:\\\/\\\/www.rassegnastampa-totustuus.it\\\/cattolica\\\/#organization\"},\"alternateName\":\"Rass. Cattolica\",\"potentialAction\":[{\"@type\":\"SearchAction\",\"target\":{\"@type\":\"EntryPoint\",\"urlTemplate\":\"https:\\\/\\\/www.rassegnastampa-totustuus.it\\\/cattolica\\\/?s={search_term_string}\"},\"query-input\":{\"@type\":\"PropertyValueSpecification\",\"valueRequired\":true,\"valueName\":\"search_term_string\"}}],\"inLanguage\":\"it-IT\"},{\"@type\":\"Organization\",\"@id\":\"https:\\\/\\\/www.rassegnastampa-totustuus.it\\\/cattolica\\\/#organization\",\"name\":\"Rassegna Stampa Cattolica\",\"url\":\"https:\\\/\\\/www.rassegnastampa-totustuus.it\\\/cattolica\\\/\",\"logo\":{\"@type\":\"ImageObject\",\"inLanguage\":\"it-IT\",\"@id\":\"https:\\\/\\\/www.rassegnastampa-totustuus.it\\\/cattolica\\\/#\\\/schema\\\/logo\\\/image\\\/\",\"url\":\"https:\\\/\\\/www.rassegnastampa-totustuus.it\\\/cattolica\\\/wp-content\\\/uploads\\\/2014\\\/04\\\/logo-rassegna1.gif\",\"contentUrl\":\"https:\\\/\\\/www.rassegnastampa-totustuus.it\\\/cattolica\\\/wp-content\\\/uploads\\\/2014\\\/04\\\/logo-rassegna1.gif\",\"width\":600,\"height\":163,\"caption\":\"Rassegna Stampa Cattolica\"},\"image\":{\"@id\":\"https:\\\/\\\/www.rassegnastampa-totustuus.it\\\/cattolica\\\/#\\\/schema\\\/logo\\\/image\\\/\"},\"sameAs\":[\"https:\\\/\\\/www.facebook.com\\\/rassegnastampacattolica\",\"https:\\\/\\\/x.com\\\/rassegnastampa9\"]},{\"@type\":\"Person\",\"@id\":\"https:\\\/\\\/www.rassegnastampa-totustuus.it\\\/cattolica\\\/#\\\/schema\\\/person\\\/08f319d2bd1a0904ad9e2bfb7b15e5c3\",\"name\":\"Redazione\",\"image\":{\"@type\":\"ImageObject\",\"inLanguage\":\"it-IT\",\"@id\":\"https:\\\/\\\/secure.gravatar.com\\\/avatar\\\/2fcdf27c78ea025fbdb44e914cc63c72249ffec9dc8aafd5c82b26240ef3f346?s=96&d=mm&r=g\",\"url\":\"https:\\\/\\\/secure.gravatar.com\\\/avatar\\\/2fcdf27c78ea025fbdb44e914cc63c72249ffec9dc8aafd5c82b26240ef3f346?s=96&d=mm&r=g\",\"contentUrl\":\"https:\\\/\\\/secure.gravatar.com\\\/avatar\\\/2fcdf27c78ea025fbdb44e914cc63c72249ffec9dc8aafd5c82b26240ef3f346?s=96&d=mm&r=g\",\"caption\":\"Redazione\"},\"url\":\"https:\\\/\\\/www.rassegnastampa-totustuus.it\\\/cattolica\\\/author\\\/pietroelle\\\/\"}]}<\/script>\n<!-- \/ Yoast SEO plugin. -->","yoast_head_json":{"title":"Dietro l\u2019imam pro kamikaze c\u2019&egrave; il suicidio assistito dell'Occidente - Rassegna Stampa Cattolica","description":"Rassegna Stampa Cattolica - Per una cultura che nasce dalla Rivelazione cristiana in conformit\u00e0 alla tradizione e al Magistero della Chiesa in opposizione ad ogni relativismo e totalitarismo","robots":{"index":"index","follow":"follow","max-snippet":"max-snippet:-1","max-image-preview":"max-image-preview:large","max-video-preview":"max-video-preview:-1"},"canonical":"https:\/\/www.rassegnastampa-totustuus.it\/cattolica\/dietro-limam-pro-kamikaze-c-il-suicidio-assistito-delloccidente\/","og_locale":"it_IT","og_type":"article","og_title":"Dietro l\u2019imam pro kamikaze c\u2019&egrave; il suicidio assistito dell'Occidente - Rassegna Stampa Cattolica","og_description":"Rassegna Stampa Cattolica - Per una cultura che nasce dalla Rivelazione cristiana in conformit\u00e0 alla tradizione e al Magistero della Chiesa in opposizione ad ogni relativismo e totalitarismo","og_url":"https:\/\/www.rassegnastampa-totustuus.it\/cattolica\/dietro-limam-pro-kamikaze-c-il-suicidio-assistito-delloccidente\/","og_site_name":"Rassegna Stampa Cattolica","article_publisher":"https:\/\/www.facebook.com\/rassegnastampacattolica","article_published_time":"2013-08-28T22:00:00+00:00","article_modified_time":"2015-11-11T16:23:52+00:00","og_image":[{"width":276,"height":183,"url":"https:\/\/www.rassegnastampa-totustuus.it\/cattolica\/wp-content\/uploads\/2013\/08\/Riyadh-al-Bustanji.jpg","type":"image\/jpeg"}],"author":"Redazione","twitter_card":"summary_large_image","twitter_creator":"@rassegnastampa9","twitter_site":"@rassegnastampa9","twitter_misc":{"Scritto da":"Redazione","Tempo di lettura stimato":"4 minuti"},"schema":{"@context":"https:\/\/schema.org","@graph":[{"@type":"Article","@id":"https:\/\/www.rassegnastampa-totustuus.it\/cattolica\/dietro-limam-pro-kamikaze-c-il-suicidio-assistito-delloccidente\/#article","isPartOf":{"@id":"https:\/\/www.rassegnastampa-totustuus.it\/cattolica\/dietro-limam-pro-kamikaze-c-il-suicidio-assistito-delloccidente\/"},"author":{"name":"Redazione","@id":"https:\/\/www.rassegnastampa-totustuus.it\/cattolica\/#\/schema\/person\/08f319d2bd1a0904ad9e2bfb7b15e5c3"},"headline":"Dietro l\u2019imam pro kamikaze c\u2019&egrave; il suicidio assistito dell&#8217;Occidente","datePublished":"2013-08-28T22:00:00+00:00","dateModified":"2015-11-11T16:23:52+00:00","mainEntityOfPage":{"@id":"https:\/\/www.rassegnastampa-totustuus.it\/cattolica\/dietro-limam-pro-kamikaze-c-il-suicidio-assistito-delloccidente\/"},"wordCount":860,"publisher":{"@id":"https:\/\/www.rassegnastampa-totustuus.it\/cattolica\/#organization"},"image":{"@id":"https:\/\/www.rassegnastampa-totustuus.it\/cattolica\/dietro-limam-pro-kamikaze-c-il-suicidio-assistito-delloccidente\/#primaryimage"},"thumbnailUrl":"https:\/\/www.rassegnastampa-totustuus.it\/cattolica\/wp-content\/uploads\/2013\/08\/Riyadh-al-Bustanji.jpg","keywords":["crisi morale"],"articleSection":["Islam","Islam fondamentalismo"],"inLanguage":"it-IT"},{"@type":"WebPage","@id":"https:\/\/www.rassegnastampa-totustuus.it\/cattolica\/dietro-limam-pro-kamikaze-c-il-suicidio-assistito-delloccidente\/","url":"https:\/\/www.rassegnastampa-totustuus.it\/cattolica\/dietro-limam-pro-kamikaze-c-il-suicidio-assistito-delloccidente\/","name":"Dietro l\u2019imam pro kamikaze c\u2019&egrave; il suicidio assistito dell'Occidente - Rassegna Stampa Cattolica","isPartOf":{"@id":"https:\/\/www.rassegnastampa-totustuus.it\/cattolica\/#website"},"primaryImageOfPage":{"@id":"https:\/\/www.rassegnastampa-totustuus.it\/cattolica\/dietro-limam-pro-kamikaze-c-il-suicidio-assistito-delloccidente\/#primaryimage"},"image":{"@id":"https:\/\/www.rassegnastampa-totustuus.it\/cattolica\/dietro-limam-pro-kamikaze-c-il-suicidio-assistito-delloccidente\/#primaryimage"},"thumbnailUrl":"https:\/\/www.rassegnastampa-totustuus.it\/cattolica\/wp-content\/uploads\/2013\/08\/Riyadh-al-Bustanji.jpg","datePublished":"2013-08-28T22:00:00+00:00","dateModified":"2015-11-11T16:23:52+00:00","description":"Rassegna Stampa Cattolica - Per una cultura che nasce dalla Rivelazione cristiana in conformit\u00e0 alla tradizione e al Magistero della Chiesa in opposizione ad ogni relativismo e totalitarismo","breadcrumb":{"@id":"https:\/\/www.rassegnastampa-totustuus.it\/cattolica\/dietro-limam-pro-kamikaze-c-il-suicidio-assistito-delloccidente\/#breadcrumb"},"inLanguage":"it-IT","potentialAction":[{"@type":"ReadAction","target":["https:\/\/www.rassegnastampa-totustuus.it\/cattolica\/dietro-limam-pro-kamikaze-c-il-suicidio-assistito-delloccidente\/"]}]},{"@type":"ImageObject","inLanguage":"it-IT","@id":"https:\/\/www.rassegnastampa-totustuus.it\/cattolica\/dietro-limam-pro-kamikaze-c-il-suicidio-assistito-delloccidente\/#primaryimage","url":"https:\/\/www.rassegnastampa-totustuus.it\/cattolica\/wp-content\/uploads\/2013\/08\/Riyadh-al-Bustanji.jpg","contentUrl":"https:\/\/www.rassegnastampa-totustuus.it\/cattolica\/wp-content\/uploads\/2013\/08\/Riyadh-al-Bustanji.jpg","width":276,"height":183},{"@type":"BreadcrumbList","@id":"https:\/\/www.rassegnastampa-totustuus.it\/cattolica\/dietro-limam-pro-kamikaze-c-il-suicidio-assistito-delloccidente\/#breadcrumb","itemListElement":[{"@type":"ListItem","position":1,"name":"Home","item":"https:\/\/www.rassegnastampa-totustuus.it\/cattolica\/"},{"@type":"ListItem","position":2,"name":"Dietro l\u2019imam pro kamikaze c\u2019&egrave; il suicidio assistito dell&#8217;Occidente"}]},{"@type":"WebSite","@id":"https:\/\/www.rassegnastampa-totustuus.it\/cattolica\/#website","url":"https:\/\/www.rassegnastampa-totustuus.it\/cattolica\/","name":"Rassegna Stampa Cattolica","description":"Per una cultura che nasce dalla Rivelazione cristiana in conformit\u00e0 alla tradizione e al Magistero della Chiesa in opposizione ad ogni relativismo e totalitarismo","publisher":{"@id":"https:\/\/www.rassegnastampa-totustuus.it\/cattolica\/#organization"},"alternateName":"Rass. Cattolica","potentialAction":[{"@type":"SearchAction","target":{"@type":"EntryPoint","urlTemplate":"https:\/\/www.rassegnastampa-totustuus.it\/cattolica\/?s={search_term_string}"},"query-input":{"@type":"PropertyValueSpecification","valueRequired":true,"valueName":"search_term_string"}}],"inLanguage":"it-IT"},{"@type":"Organization","@id":"https:\/\/www.rassegnastampa-totustuus.it\/cattolica\/#organization","name":"Rassegna Stampa Cattolica","url":"https:\/\/www.rassegnastampa-totustuus.it\/cattolica\/","logo":{"@type":"ImageObject","inLanguage":"it-IT","@id":"https:\/\/www.rassegnastampa-totustuus.it\/cattolica\/#\/schema\/logo\/image\/","url":"https:\/\/www.rassegnastampa-totustuus.it\/cattolica\/wp-content\/uploads\/2014\/04\/logo-rassegna1.gif","contentUrl":"https:\/\/www.rassegnastampa-totustuus.it\/cattolica\/wp-content\/uploads\/2014\/04\/logo-rassegna1.gif","width":600,"height":163,"caption":"Rassegna Stampa Cattolica"},"image":{"@id":"https:\/\/www.rassegnastampa-totustuus.it\/cattolica\/#\/schema\/logo\/image\/"},"sameAs":["https:\/\/www.facebook.com\/rassegnastampacattolica","https:\/\/x.com\/rassegnastampa9"]},{"@type":"Person","@id":"https:\/\/www.rassegnastampa-totustuus.it\/cattolica\/#\/schema\/person\/08f319d2bd1a0904ad9e2bfb7b15e5c3","name":"Redazione","image":{"@type":"ImageObject","inLanguage":"it-IT","@id":"https:\/\/secure.gravatar.com\/avatar\/2fcdf27c78ea025fbdb44e914cc63c72249ffec9dc8aafd5c82b26240ef3f346?s=96&d=mm&r=g","url":"https:\/\/secure.gravatar.com\/avatar\/2fcdf27c78ea025fbdb44e914cc63c72249ffec9dc8aafd5c82b26240ef3f346?s=96&d=mm&r=g","contentUrl":"https:\/\/secure.gravatar.com\/avatar\/2fcdf27c78ea025fbdb44e914cc63c72249ffec9dc8aafd5c82b26240ef3f346?s=96&d=mm&r=g","caption":"Redazione"},"url":"https:\/\/www.rassegnastampa-totustuus.it\/cattolica\/author\/pietroelle\/"}]}},"_links":{"self":[{"href":"https:\/\/www.rassegnastampa-totustuus.it\/cattolica\/wp-json\/wp\/v2\/posts\/5691","targetHints":{"allow":["GET"]}}],"collection":[{"href":"https:\/\/www.rassegnastampa-totustuus.it\/cattolica\/wp-json\/wp\/v2\/posts"}],"about":[{"href":"https:\/\/www.rassegnastampa-totustuus.it\/cattolica\/wp-json\/wp\/v2\/types\/post"}],"author":[{"embeddable":true,"href":"https:\/\/www.rassegnastampa-totustuus.it\/cattolica\/wp-json\/wp\/v2\/users\/6"}],"replies":[{"embeddable":true,"href":"https:\/\/www.rassegnastampa-totustuus.it\/cattolica\/wp-json\/wp\/v2\/comments?post=5691"}],"version-history":[{"count":4,"href":"https:\/\/www.rassegnastampa-totustuus.it\/cattolica\/wp-json\/wp\/v2\/posts\/5691\/revisions"}],"predecessor-version":[{"id":27503,"href":"https:\/\/www.rassegnastampa-totustuus.it\/cattolica\/wp-json\/wp\/v2\/posts\/5691\/revisions\/27503"}],"wp:featuredmedia":[{"embeddable":true,"href":"https:\/\/www.rassegnastampa-totustuus.it\/cattolica\/wp-json\/wp\/v2\/media\/27502"}],"wp:attachment":[{"href":"https:\/\/www.rassegnastampa-totustuus.it\/cattolica\/wp-json\/wp\/v2\/media?parent=5691"}],"wp:term":[{"taxonomy":"category","embeddable":true,"href":"https:\/\/www.rassegnastampa-totustuus.it\/cattolica\/wp-json\/wp\/v2\/categories?post=5691"},{"taxonomy":"post_tag","embeddable":true,"href":"https:\/\/www.rassegnastampa-totustuus.it\/cattolica\/wp-json\/wp\/v2\/tags?post=5691"}],"curies":[{"name":"wp","href":"https:\/\/api.w.org\/{rel}","templated":true}]}}