{"id":56892,"date":"2023-09-14T13:04:59","date_gmt":"2023-09-14T11:04:59","guid":{"rendered":"https:\/\/www.rassegnastampa-totustuus.it\/cattolica\/?p=56892"},"modified":"2024-01-04T16:19:08","modified_gmt":"2024-01-04T15:19:08","slug":"arte-sacra-non-e-questione-di-antico-o-moderno-ma-di-eterno","status":"publish","type":"post","link":"https:\/\/www.rassegnastampa-totustuus.it\/cattolica\/arte-sacra-non-e-questione-di-antico-o-moderno-ma-di-eterno\/","title":{"rendered":"Arte sacra sfigurata dal moderno"},"content":{"rendered":"<p style=\"text-align: center;\"><span style=\"color: #0000ff;\"><strong><a style=\"color: #0000ff;\" href=\"mailto:https:\/\/lanuovabq.it\/it\/\" target=\"_blank\" rel=\"noopener\"><img loading=\"lazy\" decoding=\"async\" class=\"size-full wp-image-56893 alignright\" src=\"https:\/\/www.rassegnastampa-totustuus.it\/cattolica\/wp-content\/uploads\/2023\/09\/Galgano_cattedrale_chiesa.jpg\" alt=\"\" width=\"364\" height=\"241\" \/><\/a><\/strong><\/span><\/p>\n<p style=\"text-align: justify;\"><span style=\"color: #000000;\"><strong>Abstract: <\/strong>Arte sacra sfigurata dal moderno. <em>La nostra epoca sembra imporre agli artisti un&#8217;arte sfigurata in nome della modernit\u00e0 a ogni costo. Ma l&#8217;artista sacro sa bene che anche la novit\u00e0 si innesta sul ramo della Scrittura e della tradizione, per condurre, in ultima analisi, alla contemplazione. Oggi<\/em><em> non sei artista moderno se non scegli l\u2019astratto, o l\u2019atonale per chi \u00e8 musicista. Chi cerca di continuare sulla scia degli antichi \u00e8 visto con disprezzo, quasi non fosse che un bieco manierista il cui tempo oramai \u00e8 passato da un pezzo.<\/em><\/span><\/p>\n<p style=\"text-align: center;\"><!--more--><\/p>\n<p style=\"text-align: center;\"><span style=\"color: #0000ff;\"><strong><a style=\"color: #0000ff;\" href=\"mailto:https:\/\/lanuovabq.it\/it\/\" target=\"_blank\" rel=\"noopener\">La Nuova Bussola quotidiana<\/a><\/strong><\/span> <span style=\"color: #000000;\">13 Settembre 2023<\/span><\/p>\n<h3 style=\"text-align: center;\">Arte sacra: non \u00e8 questione di antico o moderno,<\/h3>\n<h3 style=\"text-align: center;\">ma di eterno<\/h3>\n<p style=\"text-align: justify;\"><span style=\"color: #000000;\"><em>La nostra epoca sembra imporre agli artisti un&#8217;arte sfigurata in nome della modernit\u00e0 a ogni costo. Ma l&#8217;artista sacro sa bene che anche la novit\u00e0 si innesta sul ramo della Scrittura e della tradizione, per condurre, in ultima analisi, alla contemplazione.<\/em> <\/span><\/p>\n<p style=\"text-align: center;\"><span style=\"color: #000000;\">di <strong>Aurelio Porfiri<\/strong><\/span><\/p>\n<p style=\"text-align: justify;\"><span style=\"color: #000000;\">Si pu\u00f2 veramente dire che la nostra epoca \u00e8 pregna di un feroce determinismo per cui certe cose devono essere in un modo e non possono essere in altri. Sembra strano in un tempo in cui risuona, tra le parole d\u2019ordine, lo slogan che tutto \u00e8 possibile. Prendiamo l\u2019arte: non sei artista moderno se non scegli l\u2019astratto, o l\u2019atonale per chi \u00e8 musicista. Chi cerca di continuare sulla scia degli antichi \u00e8 visto con disprezzo, quasi non fosse che un bieco manierista il cui tempo oramai \u00e8 passato da un pezzo.<\/span><\/p>\n<p style=\"text-align: justify;\"><span style=\"color: #000000;\"><strong><img loading=\"lazy\" decoding=\"async\" class=\"size-full wp-image-56398 alignleft\" src=\"https:\/\/www.rassegnastampa-totustuus.it\/cattolica\/wp-content\/uploads\/2023\/05\/arte_medioevo_Madonna.jpg\" alt=\"\" width=\"180\" height=\"280\" \/>Lungi da noi disprezzare le conquiste che ci ha portato la modernit\u00e0 anche in campo artistico<\/strong>, ma esse possono essere apprezzate solo quando si innestano in una tradizione. Tutto questo \u00e8 tanto pi\u00f9 vero quando parliamo di arte sacra, di musica sacra. Nessuno rifiuta il nuovo per partito preso. Chi si rifugia nel passato per paura non \u00e8 certamente da raccomandare. Ma non si pu\u00f2 dimenticare l&#8217;importante principio per cui non si pu\u00f2 essere moderni se non si \u00e8 stati prima antichi.<\/span><\/p>\n<p style=\"text-align: justify;\"><span style=\"color: #000000;\"><strong>L\u2019artista sacro sa bene che deve riferirsi ad alcune cose che vengono non solo dalla tradizione, ma anche dalla Scrittura<\/strong>. L&#8217;evento dell\u2019incarnazione ha innalzato la dignit\u00e0 della figura umana non solo per quello che concerne la sua essenza spirituale, ma anche per quello che riguarda la figura stessa. Ricordiamo quanto dice san Paolo nella Lettera ai Filippesi: \u00abAbbiate in voi gli stessi sentimenti che furono in Cristo Ges\u00f9, il quale, pur essendo di natura divina, non consider\u00f2 un tesoro geloso la sua uguaglianza con Dio; ma spogli\u00f2 se stesso, assumendo la condizione di servo e divenendo simile agli uomini; apparso in forma umana, umili\u00f2 se stesso facendosi obbediente fino alla morte e alla morte di croce. Per questo Dio l&#8217;ha esaltato e gli ha dato il nome che \u00e8 al di sopra di ogni altro nome; perch\u00e9 nel nome di Ges\u00f9 ogni ginocchio si pieghi nei cieli, sulla terra e sotto terra; e ogni lingua proclami che Ges\u00f9 Cristo \u00e8 il Signore, a gloria di Dio Padre\u00bb (<em>Fil<\/em>\u00a02,5-11). Cristo nell\u2019incarnazione ha esaltato l\u2019uomo in corpo e anima, materia e spirito, e l\u2019arte sacra attraverso la materialit\u00e0 dei suoni, delle forme e dei colori penetra l\u2019anima nei suoi recessi pi\u00f9 profondi.<\/span><\/p>\n<p style=\"text-align: justify;\"><span style=\"color: #000000;\"><strong><img loading=\"lazy\" decoding=\"async\" class=\" wp-image-48459 alignright\" src=\"https:\/\/www.rassegnastampa-totustuus.it\/cattolica\/wp-content\/uploads\/2020\/09\/chiesa_cattedrali.jpg\" alt=\"\" width=\"335\" height=\"251\" \/>Un testo molto significativo dello scrittore Martin Mosebach si intitola: <\/strong><em><strong>L\u2019eresia dell\u2019informe<\/strong><\/em>. \u00c8 in effetti un titolo molto appropriato, anche se il libro si riferisce principalmente alla liturgia. Per noi \u00e8 importante riflettere sul fatto che l\u2019informe \u00e8 il caos e che l\u2019arte e la musica rivolte a Dio dovrebbero invece riflettere l\u2019ordine e la bellezza che hanno nel Creatore il loro culmine e la loro fonte.<\/span><\/p>\n<p style=\"text-align: justify;\"><span style=\"color: #000000;\"><strong>Ecco nella pittura l\u2019importanza del disegno<\/strong>, che certamente pu\u00f2 avere tratti moderni ma che non deve tradire la logica dell\u2019incarnazione. Il grande critico d\u2019arte inglese John Ruskin, in un testo che affronta gli elementi del disegno, afferma: \u00abPoich\u00e9 io sono convinto che se noi vediamo abbastanza acutamente, troveremo poca difficolt\u00e0 nel disegnare quello che vediamo ; ma, supposto pure che la difficolt\u00e0 sia tuttavia grande, io credo che vedere sia cosa ancor pi\u00f9 importante che disegnare; ed io preferirei insegnare ai miei allievi il disegno perch\u00e8 imparino ad amar la Natura, che non insegnar loro ad osservare la Natura perch\u00e8 imparino a disegnare\u00bb.<\/span><\/p>\n<p style=\"text-align: justify;\"><strong>L<span style=\"color: #000000;\">\u2019arte ci insegna come guardare al mondo, la musica come ascoltarlo<\/span><\/strong><span style=\"color: #000000;\">. E scopo ancora pi\u00f9 nobile hanno arte sacra e <img loading=\"lazy\" decoding=\"async\" class=\"size-full wp-image-34501 alignleft\" src=\"https:\/\/www.rassegnastampa-totustuus.it\/cattolica\/wp-content\/uploads\/2016\/06\/arte_moderna.jpg\" alt=\"\" width=\"193\" height=\"260\" \/>musica sacra perch\u00e9 ci aiutano a fare questo elevando tutto in Dio, avendo quello sguardo sacrale che auspicava il grande pensatore cattolico brasiliano Plinio Corr\u00eaa de Oliveira: \u00abL&#8217;innocenza \u00e8 sempre alla ricerca di qualcosa; di ci\u00f2 che \u00e8 pieno di luce, di pace, di ordine, di concatenazione e forza, ma ricolmo di tranquillit\u00e0. Questo qualcosa possiede la capacit\u00e0 di muovere ogni cosa senza muovere se stesso. Ha un qualcosa d&#8217;ineffabile, di divino, d&#8217;interiore e di segreto; dev&#8217;essere, dunque, la luce e la gloria, la cornice fondamentale e la pietra angolare dei secoli futuri. Deve illuminare tutta l&#8217;umanit\u00e0, deve ispirare i sistemi filosofici, le istituzioni e i costumi, deve risvegliare le scuole d&#8217;arte e, molto pi\u00f9 di questo, deve ispirare i santi e dare alla Chiesa nuovi e pi\u00f9 iridescenti giorni di gloria. Sar\u00e0 il riflesso dello sguardo, del sorriso e della maest\u00e0 della Madonna\u00bb. L\u2019arte sfigurata che spesso ci \u00e8 dato sopportare \u00e8 figlia di questi tempi sciagurati, tempi il cui il disordine \u00e8 elevato a modello e l\u2019informale a dogma.<\/span><\/p>\n<p style=\"text-align: justify;\"><span style=\"color: #000000;\"><strong>Eppure noi non possiamo smettere di volgere sguardo ed ascolto a quell\u2019armonia di suoni e colori <\/strong>che ci conduce alla <img loading=\"lazy\" decoding=\"async\" class=\"size-full wp-image-22018 alignright\" src=\"https:\/\/www.rassegnastampa-totustuus.it\/cattolica\/wp-content\/uploads\/2011\/02\/nuove_chiese_4.jpg\" alt=\"\" width=\"274\" height=\"184\" \/>contemplazione delle cose divine. Anche se non volessimo, dovremmo anche noi rispondere alla domanda di sant\u2019Agostino: \u00ab<em>Quid est corporis pulchritudo? congruentia partium cum quadam coloris suavitate<\/em>\u00bb (\u00abChe cosa \u00e8 la bellezza del corpo? \u00c8 la proporzione delle parti accompagnata da una certa dolcezza di colorito\u00bb). (Sant\u2019Agostino, <em>Epistula<\/em> 3, CSEL 34\/1: 8 in U. Eco,\u00a0<em>Arte e bellezza nell\u2019estetica medievale<\/em>). Pure noi siamo in cerca di proporzioni per elevare sguardo ed udito alla contemplazione di Dio.<\/span><\/p>\n<p>___________________________________<\/p>\n<p><span style=\"color: #000000;\"><strong>Per approfondire:<\/strong><\/span><\/p>\n<p><a href=\"https:\/\/www.rassegnastampa-totustuus.it\/cattolica\/arte-sacra-san-fuksas\/\" target=\"_blank\" rel=\"noopener\"><span style=\"color: #000000;\"><span style=\"color: #0000ff;\">Arte sacra&#8230;San Fuksas?\u00a0<\/span><\/span><\/a><\/p>\n<p><a href=\"https:\/\/www.rassegnastampa-totustuus.it\/cattolica\/la-brutta-arte\/\" target=\"_blank\" rel=\"noopener\"><span style=\"color: #0000ff;\">La brutta arte<\/span><\/a><\/p>\n","protected":false},"excerpt":{"rendered":"<p>Abstract: Arte sacra sfigurata dal moderno. La nostra epoca sembra imporre agli artisti un&#8217;arte sfigurata in nome della modernit\u00e0 a ogni costo. Ma l&#8217;artista sacro sa bene che anche la novit\u00e0 si innesta sul ramo della Scrittura e della tradizione, per condurre, in ultima analisi, alla contemplazione. Oggi non sei artista moderno se non scegli &hellip; <\/p>\n<p><a class=\"more-link btn\" href=\"https:\/\/www.rassegnastampa-totustuus.it\/cattolica\/arte-sacra-non-e-questione-di-antico-o-moderno-ma-di-eterno\/\">Continua a leggere<\/a><\/p>\n","protected":false},"author":6,"featured_media":56893,"comment_status":"closed","ping_status":"closed","sticky":false,"template":"","format":"standard","meta":{"footnotes":""},"categories":[119,5],"tags":[365,538,157],"class_list":["post-56892","post","type-post","status-publish","format-standard","has-post-thumbnail","hentry","category-arte-sacra","category-chiesa","tag-arte","tag-arte-sacra-2","tag-chiesa-2","item-wrap"],"yoast_head":"<!-- This site is optimized with the Yoast SEO plugin v27.5 - https:\/\/yoast.com\/product\/yoast-seo-wordpress\/ -->\n<title>Arte sacra sfigurata dal moderno - Rassegna Stampa Cattolica<\/title>\n<meta name=\"description\" content=\"Anche l&#039;arte sacra \u00e8 sfigurata dal moderno. Oggi se non si scegli l\u2019astratto, o l\u2019atonale per chi \u00e8 musicista. si \u00e8 visti come fuori tempo\" \/>\n<meta name=\"robots\" content=\"index, follow, max-snippet:-1, max-image-preview:large, max-video-preview:-1\" \/>\n<link rel=\"canonical\" href=\"https:\/\/www.rassegnastampa-totustuus.it\/cattolica\/arte-sacra-non-e-questione-di-antico-o-moderno-ma-di-eterno\/\" \/>\n<meta property=\"og:locale\" content=\"it_IT\" \/>\n<meta property=\"og:type\" content=\"article\" \/>\n<meta property=\"og:title\" content=\"Arte sacra sfigurata dal moderno - Rassegna Stampa Cattolica\" \/>\n<meta property=\"og:description\" content=\"Anche l&#039;arte sacra \u00e8 sfigurata dal moderno. Oggi se non si scegli l\u2019astratto, o l\u2019atonale per chi \u00e8 musicista. si \u00e8 visti come fuori tempo\" \/>\n<meta property=\"og:url\" content=\"https:\/\/www.rassegnastampa-totustuus.it\/cattolica\/arte-sacra-non-e-questione-di-antico-o-moderno-ma-di-eterno\/\" \/>\n<meta property=\"og:site_name\" content=\"Rassegna Stampa Cattolica\" \/>\n<meta property=\"article:publisher\" content=\"https:\/\/www.facebook.com\/rassegnastampacattolica\" \/>\n<meta property=\"article:published_time\" content=\"2023-09-14T11:04:59+00:00\" \/>\n<meta property=\"article:modified_time\" content=\"2024-01-04T15:19:08+00:00\" \/>\n<meta property=\"og:image\" content=\"https:\/\/www.rassegnastampa-totustuus.it\/cattolica\/wp-content\/uploads\/2023\/09\/Galgano_cattedrale_chiesa.jpg\" \/>\n\t<meta property=\"og:image:width\" content=\"364\" \/>\n\t<meta property=\"og:image:height\" content=\"241\" \/>\n\t<meta property=\"og:image:type\" content=\"image\/jpeg\" \/>\n<meta name=\"author\" content=\"Redazione\" \/>\n<meta name=\"twitter:card\" content=\"summary_large_image\" \/>\n<meta name=\"twitter:creator\" content=\"@rassegnastampa9\" \/>\n<meta name=\"twitter:site\" content=\"@rassegnastampa9\" \/>\n<meta name=\"twitter:label1\" content=\"Scritto da\" \/>\n\t<meta name=\"twitter:data1\" content=\"Redazione\" \/>\n\t<meta name=\"twitter:label2\" content=\"Tempo di lettura stimato\" \/>\n\t<meta name=\"twitter:data2\" content=\"7 minuti\" \/>\n<script type=\"application\/ld+json\" class=\"yoast-schema-graph\">{\"@context\":\"https:\\\/\\\/schema.org\",\"@graph\":[{\"@type\":\"Article\",\"@id\":\"https:\\\/\\\/www.rassegnastampa-totustuus.it\\\/cattolica\\\/arte-sacra-non-e-questione-di-antico-o-moderno-ma-di-eterno\\\/#article\",\"isPartOf\":{\"@id\":\"https:\\\/\\\/www.rassegnastampa-totustuus.it\\\/cattolica\\\/arte-sacra-non-e-questione-di-antico-o-moderno-ma-di-eterno\\\/\"},\"author\":{\"name\":\"Redazione\",\"@id\":\"https:\\\/\\\/www.rassegnastampa-totustuus.it\\\/cattolica\\\/#\\\/schema\\\/person\\\/08f319d2bd1a0904ad9e2bfb7b15e5c3\"},\"headline\":\"Arte sacra sfigurata dal moderno\",\"datePublished\":\"2023-09-14T11:04:59+00:00\",\"dateModified\":\"2024-01-04T15:19:08+00:00\",\"mainEntityOfPage\":{\"@id\":\"https:\\\/\\\/www.rassegnastampa-totustuus.it\\\/cattolica\\\/arte-sacra-non-e-questione-di-antico-o-moderno-ma-di-eterno\\\/\"},\"wordCount\":1008,\"publisher\":{\"@id\":\"https:\\\/\\\/www.rassegnastampa-totustuus.it\\\/cattolica\\\/#organization\"},\"image\":{\"@id\":\"https:\\\/\\\/www.rassegnastampa-totustuus.it\\\/cattolica\\\/arte-sacra-non-e-questione-di-antico-o-moderno-ma-di-eterno\\\/#primaryimage\"},\"thumbnailUrl\":\"https:\\\/\\\/www.rassegnastampa-totustuus.it\\\/cattolica\\\/wp-content\\\/uploads\\\/2023\\\/09\\\/Galgano_cattedrale_chiesa.jpg\",\"keywords\":[\"arte\",\"arte sacra\",\"chiesa\"],\"articleSection\":[\"Arte sacra\",\"Chiesa\"],\"inLanguage\":\"it-IT\"},{\"@type\":\"WebPage\",\"@id\":\"https:\\\/\\\/www.rassegnastampa-totustuus.it\\\/cattolica\\\/arte-sacra-non-e-questione-di-antico-o-moderno-ma-di-eterno\\\/\",\"url\":\"https:\\\/\\\/www.rassegnastampa-totustuus.it\\\/cattolica\\\/arte-sacra-non-e-questione-di-antico-o-moderno-ma-di-eterno\\\/\",\"name\":\"Arte sacra sfigurata dal moderno - Rassegna Stampa Cattolica\",\"isPartOf\":{\"@id\":\"https:\\\/\\\/www.rassegnastampa-totustuus.it\\\/cattolica\\\/#website\"},\"primaryImageOfPage\":{\"@id\":\"https:\\\/\\\/www.rassegnastampa-totustuus.it\\\/cattolica\\\/arte-sacra-non-e-questione-di-antico-o-moderno-ma-di-eterno\\\/#primaryimage\"},\"image\":{\"@id\":\"https:\\\/\\\/www.rassegnastampa-totustuus.it\\\/cattolica\\\/arte-sacra-non-e-questione-di-antico-o-moderno-ma-di-eterno\\\/#primaryimage\"},\"thumbnailUrl\":\"https:\\\/\\\/www.rassegnastampa-totustuus.it\\\/cattolica\\\/wp-content\\\/uploads\\\/2023\\\/09\\\/Galgano_cattedrale_chiesa.jpg\",\"datePublished\":\"2023-09-14T11:04:59+00:00\",\"dateModified\":\"2024-01-04T15:19:08+00:00\",\"description\":\"Anche l'arte sacra \u00e8 sfigurata dal moderno. Oggi se non si scegli l\u2019astratto, o l\u2019atonale per chi \u00e8 musicista. si \u00e8 visti come fuori tempo\",\"breadcrumb\":{\"@id\":\"https:\\\/\\\/www.rassegnastampa-totustuus.it\\\/cattolica\\\/arte-sacra-non-e-questione-di-antico-o-moderno-ma-di-eterno\\\/#breadcrumb\"},\"inLanguage\":\"it-IT\",\"potentialAction\":[{\"@type\":\"ReadAction\",\"target\":[\"https:\\\/\\\/www.rassegnastampa-totustuus.it\\\/cattolica\\\/arte-sacra-non-e-questione-di-antico-o-moderno-ma-di-eterno\\\/\"]}]},{\"@type\":\"ImageObject\",\"inLanguage\":\"it-IT\",\"@id\":\"https:\\\/\\\/www.rassegnastampa-totustuus.it\\\/cattolica\\\/arte-sacra-non-e-questione-di-antico-o-moderno-ma-di-eterno\\\/#primaryimage\",\"url\":\"https:\\\/\\\/www.rassegnastampa-totustuus.it\\\/cattolica\\\/wp-content\\\/uploads\\\/2023\\\/09\\\/Galgano_cattedrale_chiesa.jpg\",\"contentUrl\":\"https:\\\/\\\/www.rassegnastampa-totustuus.it\\\/cattolica\\\/wp-content\\\/uploads\\\/2023\\\/09\\\/Galgano_cattedrale_chiesa.jpg\",\"width\":364,\"height\":241},{\"@type\":\"BreadcrumbList\",\"@id\":\"https:\\\/\\\/www.rassegnastampa-totustuus.it\\\/cattolica\\\/arte-sacra-non-e-questione-di-antico-o-moderno-ma-di-eterno\\\/#breadcrumb\",\"itemListElement\":[{\"@type\":\"ListItem\",\"position\":1,\"name\":\"Home\",\"item\":\"https:\\\/\\\/www.rassegnastampa-totustuus.it\\\/cattolica\\\/\"},{\"@type\":\"ListItem\",\"position\":2,\"name\":\"Arte sacra sfigurata dal moderno\"}]},{\"@type\":\"WebSite\",\"@id\":\"https:\\\/\\\/www.rassegnastampa-totustuus.it\\\/cattolica\\\/#website\",\"url\":\"https:\\\/\\\/www.rassegnastampa-totustuus.it\\\/cattolica\\\/\",\"name\":\"Rassegna Stampa Cattolica\",\"description\":\"Per una cultura che nasce dalla Rivelazione cristiana in conformit\u00e0 alla tradizione e al Magistero della Chiesa in opposizione ad ogni relativismo e totalitarismo\",\"publisher\":{\"@id\":\"https:\\\/\\\/www.rassegnastampa-totustuus.it\\\/cattolica\\\/#organization\"},\"alternateName\":\"Rass. Cattolica\",\"potentialAction\":[{\"@type\":\"SearchAction\",\"target\":{\"@type\":\"EntryPoint\",\"urlTemplate\":\"https:\\\/\\\/www.rassegnastampa-totustuus.it\\\/cattolica\\\/?s={search_term_string}\"},\"query-input\":{\"@type\":\"PropertyValueSpecification\",\"valueRequired\":true,\"valueName\":\"search_term_string\"}}],\"inLanguage\":\"it-IT\"},{\"@type\":\"Organization\",\"@id\":\"https:\\\/\\\/www.rassegnastampa-totustuus.it\\\/cattolica\\\/#organization\",\"name\":\"Rassegna Stampa Cattolica\",\"url\":\"https:\\\/\\\/www.rassegnastampa-totustuus.it\\\/cattolica\\\/\",\"logo\":{\"@type\":\"ImageObject\",\"inLanguage\":\"it-IT\",\"@id\":\"https:\\\/\\\/www.rassegnastampa-totustuus.it\\\/cattolica\\\/#\\\/schema\\\/logo\\\/image\\\/\",\"url\":\"https:\\\/\\\/www.rassegnastampa-totustuus.it\\\/cattolica\\\/wp-content\\\/uploads\\\/2014\\\/04\\\/logo-rassegna1.gif\",\"contentUrl\":\"https:\\\/\\\/www.rassegnastampa-totustuus.it\\\/cattolica\\\/wp-content\\\/uploads\\\/2014\\\/04\\\/logo-rassegna1.gif\",\"width\":600,\"height\":163,\"caption\":\"Rassegna Stampa Cattolica\"},\"image\":{\"@id\":\"https:\\\/\\\/www.rassegnastampa-totustuus.it\\\/cattolica\\\/#\\\/schema\\\/logo\\\/image\\\/\"},\"sameAs\":[\"https:\\\/\\\/www.facebook.com\\\/rassegnastampacattolica\",\"https:\\\/\\\/x.com\\\/rassegnastampa9\"]},{\"@type\":\"Person\",\"@id\":\"https:\\\/\\\/www.rassegnastampa-totustuus.it\\\/cattolica\\\/#\\\/schema\\\/person\\\/08f319d2bd1a0904ad9e2bfb7b15e5c3\",\"name\":\"Redazione\",\"image\":{\"@type\":\"ImageObject\",\"inLanguage\":\"it-IT\",\"@id\":\"https:\\\/\\\/secure.gravatar.com\\\/avatar\\\/2fcdf27c78ea025fbdb44e914cc63c72249ffec9dc8aafd5c82b26240ef3f346?s=96&d=mm&r=g\",\"url\":\"https:\\\/\\\/secure.gravatar.com\\\/avatar\\\/2fcdf27c78ea025fbdb44e914cc63c72249ffec9dc8aafd5c82b26240ef3f346?s=96&d=mm&r=g\",\"contentUrl\":\"https:\\\/\\\/secure.gravatar.com\\\/avatar\\\/2fcdf27c78ea025fbdb44e914cc63c72249ffec9dc8aafd5c82b26240ef3f346?s=96&d=mm&r=g\",\"caption\":\"Redazione\"},\"url\":\"https:\\\/\\\/www.rassegnastampa-totustuus.it\\\/cattolica\\\/author\\\/pietroelle\\\/\"}]}<\/script>\n<!-- \/ Yoast SEO plugin. -->","yoast_head_json":{"title":"Arte sacra sfigurata dal moderno - Rassegna Stampa Cattolica","description":"Anche l'arte sacra \u00e8 sfigurata dal moderno. Oggi se non si scegli l\u2019astratto, o l\u2019atonale per chi \u00e8 musicista. si \u00e8 visti come fuori tempo","robots":{"index":"index","follow":"follow","max-snippet":"max-snippet:-1","max-image-preview":"max-image-preview:large","max-video-preview":"max-video-preview:-1"},"canonical":"https:\/\/www.rassegnastampa-totustuus.it\/cattolica\/arte-sacra-non-e-questione-di-antico-o-moderno-ma-di-eterno\/","og_locale":"it_IT","og_type":"article","og_title":"Arte sacra sfigurata dal moderno - Rassegna Stampa Cattolica","og_description":"Anche l'arte sacra \u00e8 sfigurata dal moderno. Oggi se non si scegli l\u2019astratto, o l\u2019atonale per chi \u00e8 musicista. si \u00e8 visti come fuori tempo","og_url":"https:\/\/www.rassegnastampa-totustuus.it\/cattolica\/arte-sacra-non-e-questione-di-antico-o-moderno-ma-di-eterno\/","og_site_name":"Rassegna Stampa Cattolica","article_publisher":"https:\/\/www.facebook.com\/rassegnastampacattolica","article_published_time":"2023-09-14T11:04:59+00:00","article_modified_time":"2024-01-04T15:19:08+00:00","og_image":[{"width":364,"height":241,"url":"https:\/\/www.rassegnastampa-totustuus.it\/cattolica\/wp-content\/uploads\/2023\/09\/Galgano_cattedrale_chiesa.jpg","type":"image\/jpeg"}],"author":"Redazione","twitter_card":"summary_large_image","twitter_creator":"@rassegnastampa9","twitter_site":"@rassegnastampa9","twitter_misc":{"Scritto da":"Redazione","Tempo di lettura stimato":"7 minuti"},"schema":{"@context":"https:\/\/schema.org","@graph":[{"@type":"Article","@id":"https:\/\/www.rassegnastampa-totustuus.it\/cattolica\/arte-sacra-non-e-questione-di-antico-o-moderno-ma-di-eterno\/#article","isPartOf":{"@id":"https:\/\/www.rassegnastampa-totustuus.it\/cattolica\/arte-sacra-non-e-questione-di-antico-o-moderno-ma-di-eterno\/"},"author":{"name":"Redazione","@id":"https:\/\/www.rassegnastampa-totustuus.it\/cattolica\/#\/schema\/person\/08f319d2bd1a0904ad9e2bfb7b15e5c3"},"headline":"Arte sacra sfigurata dal moderno","datePublished":"2023-09-14T11:04:59+00:00","dateModified":"2024-01-04T15:19:08+00:00","mainEntityOfPage":{"@id":"https:\/\/www.rassegnastampa-totustuus.it\/cattolica\/arte-sacra-non-e-questione-di-antico-o-moderno-ma-di-eterno\/"},"wordCount":1008,"publisher":{"@id":"https:\/\/www.rassegnastampa-totustuus.it\/cattolica\/#organization"},"image":{"@id":"https:\/\/www.rassegnastampa-totustuus.it\/cattolica\/arte-sacra-non-e-questione-di-antico-o-moderno-ma-di-eterno\/#primaryimage"},"thumbnailUrl":"https:\/\/www.rassegnastampa-totustuus.it\/cattolica\/wp-content\/uploads\/2023\/09\/Galgano_cattedrale_chiesa.jpg","keywords":["arte","arte sacra","chiesa"],"articleSection":["Arte sacra","Chiesa"],"inLanguage":"it-IT"},{"@type":"WebPage","@id":"https:\/\/www.rassegnastampa-totustuus.it\/cattolica\/arte-sacra-non-e-questione-di-antico-o-moderno-ma-di-eterno\/","url":"https:\/\/www.rassegnastampa-totustuus.it\/cattolica\/arte-sacra-non-e-questione-di-antico-o-moderno-ma-di-eterno\/","name":"Arte sacra sfigurata dal moderno - Rassegna Stampa Cattolica","isPartOf":{"@id":"https:\/\/www.rassegnastampa-totustuus.it\/cattolica\/#website"},"primaryImageOfPage":{"@id":"https:\/\/www.rassegnastampa-totustuus.it\/cattolica\/arte-sacra-non-e-questione-di-antico-o-moderno-ma-di-eterno\/#primaryimage"},"image":{"@id":"https:\/\/www.rassegnastampa-totustuus.it\/cattolica\/arte-sacra-non-e-questione-di-antico-o-moderno-ma-di-eterno\/#primaryimage"},"thumbnailUrl":"https:\/\/www.rassegnastampa-totustuus.it\/cattolica\/wp-content\/uploads\/2023\/09\/Galgano_cattedrale_chiesa.jpg","datePublished":"2023-09-14T11:04:59+00:00","dateModified":"2024-01-04T15:19:08+00:00","description":"Anche l'arte sacra \u00e8 sfigurata dal moderno. Oggi se non si scegli l\u2019astratto, o l\u2019atonale per chi \u00e8 musicista. si \u00e8 visti come fuori tempo","breadcrumb":{"@id":"https:\/\/www.rassegnastampa-totustuus.it\/cattolica\/arte-sacra-non-e-questione-di-antico-o-moderno-ma-di-eterno\/#breadcrumb"},"inLanguage":"it-IT","potentialAction":[{"@type":"ReadAction","target":["https:\/\/www.rassegnastampa-totustuus.it\/cattolica\/arte-sacra-non-e-questione-di-antico-o-moderno-ma-di-eterno\/"]}]},{"@type":"ImageObject","inLanguage":"it-IT","@id":"https:\/\/www.rassegnastampa-totustuus.it\/cattolica\/arte-sacra-non-e-questione-di-antico-o-moderno-ma-di-eterno\/#primaryimage","url":"https:\/\/www.rassegnastampa-totustuus.it\/cattolica\/wp-content\/uploads\/2023\/09\/Galgano_cattedrale_chiesa.jpg","contentUrl":"https:\/\/www.rassegnastampa-totustuus.it\/cattolica\/wp-content\/uploads\/2023\/09\/Galgano_cattedrale_chiesa.jpg","width":364,"height":241},{"@type":"BreadcrumbList","@id":"https:\/\/www.rassegnastampa-totustuus.it\/cattolica\/arte-sacra-non-e-questione-di-antico-o-moderno-ma-di-eterno\/#breadcrumb","itemListElement":[{"@type":"ListItem","position":1,"name":"Home","item":"https:\/\/www.rassegnastampa-totustuus.it\/cattolica\/"},{"@type":"ListItem","position":2,"name":"Arte sacra sfigurata dal moderno"}]},{"@type":"WebSite","@id":"https:\/\/www.rassegnastampa-totustuus.it\/cattolica\/#website","url":"https:\/\/www.rassegnastampa-totustuus.it\/cattolica\/","name":"Rassegna Stampa Cattolica","description":"Per una cultura che nasce dalla Rivelazione cristiana in conformit\u00e0 alla tradizione e al Magistero della Chiesa in opposizione ad ogni relativismo e totalitarismo","publisher":{"@id":"https:\/\/www.rassegnastampa-totustuus.it\/cattolica\/#organization"},"alternateName":"Rass. Cattolica","potentialAction":[{"@type":"SearchAction","target":{"@type":"EntryPoint","urlTemplate":"https:\/\/www.rassegnastampa-totustuus.it\/cattolica\/?s={search_term_string}"},"query-input":{"@type":"PropertyValueSpecification","valueRequired":true,"valueName":"search_term_string"}}],"inLanguage":"it-IT"},{"@type":"Organization","@id":"https:\/\/www.rassegnastampa-totustuus.it\/cattolica\/#organization","name":"Rassegna Stampa Cattolica","url":"https:\/\/www.rassegnastampa-totustuus.it\/cattolica\/","logo":{"@type":"ImageObject","inLanguage":"it-IT","@id":"https:\/\/www.rassegnastampa-totustuus.it\/cattolica\/#\/schema\/logo\/image\/","url":"https:\/\/www.rassegnastampa-totustuus.it\/cattolica\/wp-content\/uploads\/2014\/04\/logo-rassegna1.gif","contentUrl":"https:\/\/www.rassegnastampa-totustuus.it\/cattolica\/wp-content\/uploads\/2014\/04\/logo-rassegna1.gif","width":600,"height":163,"caption":"Rassegna Stampa Cattolica"},"image":{"@id":"https:\/\/www.rassegnastampa-totustuus.it\/cattolica\/#\/schema\/logo\/image\/"},"sameAs":["https:\/\/www.facebook.com\/rassegnastampacattolica","https:\/\/x.com\/rassegnastampa9"]},{"@type":"Person","@id":"https:\/\/www.rassegnastampa-totustuus.it\/cattolica\/#\/schema\/person\/08f319d2bd1a0904ad9e2bfb7b15e5c3","name":"Redazione","image":{"@type":"ImageObject","inLanguage":"it-IT","@id":"https:\/\/secure.gravatar.com\/avatar\/2fcdf27c78ea025fbdb44e914cc63c72249ffec9dc8aafd5c82b26240ef3f346?s=96&d=mm&r=g","url":"https:\/\/secure.gravatar.com\/avatar\/2fcdf27c78ea025fbdb44e914cc63c72249ffec9dc8aafd5c82b26240ef3f346?s=96&d=mm&r=g","contentUrl":"https:\/\/secure.gravatar.com\/avatar\/2fcdf27c78ea025fbdb44e914cc63c72249ffec9dc8aafd5c82b26240ef3f346?s=96&d=mm&r=g","caption":"Redazione"},"url":"https:\/\/www.rassegnastampa-totustuus.it\/cattolica\/author\/pietroelle\/"}]}},"_links":{"self":[{"href":"https:\/\/www.rassegnastampa-totustuus.it\/cattolica\/wp-json\/wp\/v2\/posts\/56892","targetHints":{"allow":["GET"]}}],"collection":[{"href":"https:\/\/www.rassegnastampa-totustuus.it\/cattolica\/wp-json\/wp\/v2\/posts"}],"about":[{"href":"https:\/\/www.rassegnastampa-totustuus.it\/cattolica\/wp-json\/wp\/v2\/types\/post"}],"author":[{"embeddable":true,"href":"https:\/\/www.rassegnastampa-totustuus.it\/cattolica\/wp-json\/wp\/v2\/users\/6"}],"replies":[{"embeddable":true,"href":"https:\/\/www.rassegnastampa-totustuus.it\/cattolica\/wp-json\/wp\/v2\/comments?post=56892"}],"version-history":[{"count":3,"href":"https:\/\/www.rassegnastampa-totustuus.it\/cattolica\/wp-json\/wp\/v2\/posts\/56892\/revisions"}],"predecessor-version":[{"id":58716,"href":"https:\/\/www.rassegnastampa-totustuus.it\/cattolica\/wp-json\/wp\/v2\/posts\/56892\/revisions\/58716"}],"wp:featuredmedia":[{"embeddable":true,"href":"https:\/\/www.rassegnastampa-totustuus.it\/cattolica\/wp-json\/wp\/v2\/media\/56893"}],"wp:attachment":[{"href":"https:\/\/www.rassegnastampa-totustuus.it\/cattolica\/wp-json\/wp\/v2\/media?parent=56892"}],"wp:term":[{"taxonomy":"category","embeddable":true,"href":"https:\/\/www.rassegnastampa-totustuus.it\/cattolica\/wp-json\/wp\/v2\/categories?post=56892"},{"taxonomy":"post_tag","embeddable":true,"href":"https:\/\/www.rassegnastampa-totustuus.it\/cattolica\/wp-json\/wp\/v2\/tags?post=56892"}],"curies":[{"name":"wp","href":"https:\/\/api.w.org\/{rel}","templated":true}]}}