{"id":56877,"date":"2023-09-14T00:00:00","date_gmt":"2023-09-13T22:00:00","guid":{"rendered":"https:\/\/www.rassegnastampa-totustuus.it\/cattolica\/?p=56877"},"modified":"2024-01-04T16:19:49","modified_gmt":"2024-01-04T15:19:49","slug":"si-alla-famiglia-solo-se-queer","status":"publish","type":"post","link":"https:\/\/www.rassegnastampa-totustuus.it\/cattolica\/si-alla-famiglia-solo-se-queer\/","title":{"rendered":"Si alla famiglia solo se queer"},"content":{"rendered":"<p style=\"text-align: justify;\"><span style=\"color: #000000;\"><strong><img loading=\"lazy\" decoding=\"async\" class=\"size-full wp-image-56878 alignleft\" src=\"https:\/\/www.rassegnastampa-totustuus.it\/cattolica\/wp-content\/uploads\/2023\/09\/famiglia_queer.jpg\" alt=\"La famiglia queer di Michela Murgia\" width=\"378\" height=\"234\" \/>Abstract:\u00a0<\/strong> <em>Un modo per distruggere i legami della famiglia &#8220;tradizionale&#8221; \u00e8 sostituirla con la famiglia queer, secondo il modello di Michela Murgia,\u00a0 una convivenza ibrida e allargata in forma variabile e su base volontaria, che comprende anche gli animali<\/em><\/span><\/p>\n<p><!--more--><\/p>\n<p style=\"text-align: center;\"><span style=\"color: #0000ff;\"><strong><a style=\"color: #0000ff;\" href=\"https:\/\/www.laverita.info\/\" target=\"_blank\" rel=\"noopener\">La Verit\u00e0<\/a> <\/strong><\/span>6 Settembre 2023<\/p>\n<h3 style=\"text-align: center;\">Vogliono sostituire la famiglia naturale<\/h3>\n<h3 style=\"text-align: center;\">col modello queer<\/h3>\n<p style=\"text-align: center;\">di <span style=\"color: #0000ff;\"><a style=\"color: #0000ff;\" href=\"https:\/\/www.marcelloveneziani.com\/\" target=\"_blank\" rel=\"noopener\"><strong>Marcello Veneziani<\/strong><\/a><\/span><\/p>\n<p style=\"text-align: justify;\"><span style=\"color: #000000;\">La famiglia scelta. \u00c8 l\u2019espressione chiave per adottare una nuova, radicale sostituzione. Basta con la famiglia \u201ccostretta\u201d, ossia la famiglia naturale, con i suoi legami di sangue e i suoi vincoli determinati dall\u2019essere padri, madri, figli, fratelli \u201cbiologici\u201d. Invece la famiglia scelta \u00e8 per definizione una famiglia volontaria, adottiva, collettiva, libertaria ed egualitaria in cui vivono sotto lo stesso tetto persone varie, e animali annessi, indipendentemente dal genere e l\u2019orientamento sessuale. In una parola, la famiglia queer.<\/span><\/p>\n<p style=\"text-align: justify;\"><span style=\"color: #000000;\"><strong><img loading=\"lazy\" decoding=\"async\" class=\"size-full wp-image-56879 alignright\" src=\"https:\/\/www.rassegnastampa-totustuus.it\/cattolica\/wp-content\/uploads\/2023\/09\/Michela_Murgia.jpg\" alt=\"\" width=\"343\" height=\"234\" \/>Il mito di fondazione della famiglia queer \u00e8 associato a Michela Murgia<\/strong>, la scrittrice che prima di morire decise di rendere pubblica e solenne la sua famiglia scelta, ibrida e allargata. Come tutti i miti di fondazione, la morte della fondatrice ha dato \u201csacralit\u00e0\u201d simbolica a questa visione pur dissacratoria della famiglia naturale e tradizionale. Al di l\u00e0 della vicenda terrena della scrittrice sarda, alcuni giornali, circoli intellettuali, cenacoli si stanno impegnando a trasformare quell\u2019esempio di famiglia queer in modello di riferimento alternativo rispetto alla famiglia coatta traducendola in battaglia politica e civile per rivendicare la libert\u00e0 d\u2019amare e di scegliere (Elly Schlein sar\u00e0 con loro).<\/span><\/p>\n<p style=\"text-align: justify;\"><span style=\"color: #000000;\">Cos\u2019\u00e8 una famiglia queer? \u201cUna famiglia ibrida fondata sullo <em>ius voluntatis<\/em>, sul diritto della volont\u00e0\u201d spiegava la Murgia. E i suoi discepoli, da Michela Andreozzi a Marcello Fois, spiegano che la famiglia scelta \u00e8 struttura variabile oltre che volontaria, e comprende animali, svariate sorelle, pap\u00e0 e mamma elettivi (si scelgono i padri e le madri con votazioni, si procede per acclamazione, si va a rotazione?). E ciascuno specifica come si faceva da bambini quale ruolo assume nel gioco di ruolo che sostituisce la famiglia naturale. Io faccio il pap\u00e0, io la figlia\u2026Ribadendo che il sangue non c\u2019entra nulla, e la famiglia tradizionale non ha mai funzionato bene, ma ora non funziona pi\u00f9.<\/span><\/p>\n<p style=\"text-align: justify;\"><span style=\"color: #000000;\">Sarebbe facile giocare sull\u2019ironia, ma prendiamo sul serio quel che viene detto e rispettiamo le scelte altrui, fino a quando non pretendono di essere alternative e sostitutive rispetto a quelle che costituiscono la realt\u00e0 naturale e l\u2019esperienza di vita su cui si fondano la societ\u00e0 tramite le famiglie e la loro riproduzione.<\/span><\/p>\n<p style=\"text-align: justify;\"><span style=\"color: #000000;\"><strong><img loading=\"lazy\" decoding=\"async\" class=\" wp-image-7195 alignleft\" src=\"https:\/\/www.rassegnastampa-totustuus.it\/cattolica\/wp-content\/uploads\/2013\/11\/adozioni_gay.jpg\" alt=\"\" width=\"357\" height=\"255\" \/>Dunque, cos\u2019\u00e8 quella societ\u00e0 allargata di conviventi con libera e mutante sessualit\u00e0?<\/strong> E\u2019 una libera e provvisoria associazione, ma non chiamiamola famiglia. Qual \u00e8 il legame che insorge tra loro? E\u2019 l\u2019amicizia, non si pu\u00f2 paragonare all\u2019amore famigliare. Arrivo a dire che se l\u2019alternativa \u00e8 l\u2019isolamento, il solipsismo, ovvero la solitudine non come scelta ma come perdita del mondo e depressione, ben vengano questi club allargati, affettivi prima che sessuali, piuttosto che definirle con linguaggio camorristico \u201cnuove famiglie organizzate\u201d.<\/span><\/p>\n<p style=\"text-align: justify;\"><span style=\"color: #000000;\"><strong>I problemi sorgono quando queste reti amicali si configurano come la famiglia del futuro, con la pretesa di sostituire i legami famigliari.<\/strong> E quando si pretende di cancellare, degradare, svalutare tutto quel che proviene dalla natura, dal sangue, dall\u2019ereditariet\u00e0, dai legami del destino, rispetto a quelli fondati sulla volont\u00e0. Che \u00e8 soggettiva e quindi conflittuale rispetto ad altre volont\u00e0 soggettive; che \u00e8 mutevole e quindi non pu\u00f2 garantire costanza e sicurezza degli affetti come invece quelli tra genitori e figli, o tra fratelli. Che non \u00e8 riproduttiva, perch\u00e9 le associazioni di tipo omosessuale non possono riprodursi se non usando terzi (uteri in affitto, fecondazioni artificiali, compravendita di corpi, semi, ovaie, neonati, ecc.).<\/span><\/p>\n<p style=\"text-align: justify;\"><span style=\"color: #000000;\"><img loading=\"lazy\" decoding=\"async\" class=\" wp-image-27005 alignright\" src=\"https:\/\/www.rassegnastampa-totustuus.it\/cattolica\/wp-content\/uploads\/2015\/10\/adozioni-gay1.jpg\" alt=\"\" width=\"336\" height=\"225\" \/>Torno a dire che nessuno vuol negare la libert\u00e0 di quelle scelte, ma non sono sostitutive rispetto alle vecchie, scassate, controverse, contestate famiglie naturali. E le fratellanze senza padri e madri, di solito degenerano in fratricidi; se non ti riconosci nella comune origine, se non ti riconosci in un padre e una madre comuni, alla fine, passato il periodo dell\u2019abbraccio generale, insorgono le divergenze, le priorit\u00e0, le egemonie. Ogni volont\u00e0, alla fine, \u00e8 volont\u00e0 di potenza, di dominio. Se non personale, ideologica, di un modello, di una struttura, di un collettivo.<\/span><\/p>\n<p style=\"text-align: justify;\"><span style=\"color: #000000;\">La famiglia, si sa, sta male gi\u00e0 per conto suo; l\u2019atomismo e l\u2019egocentrismo, il narcisismo e la fluidit\u00e0, i desideri infiniti e le pretese la mettono a dura prova. Spesso i matrimoni saltano, e il vero rapporto indissolubile, alla fine, \u00e8 di tipo verticale: \u00e8 quello tra genitori e figli, che non si pu\u00f2 disdire o revocare, come invece pu\u00f2 accadere nel rapporto di coppia. Non idealizziamo la famiglia \u201ctradizionale\u201d, cogliamone tutti i limiti, i difetti, le contraddizioni con una societ\u00e0 troppo aperta e troppo individualista per poter reggere l\u2019urto a livello famigliare.<\/span><\/p>\n<p style=\"text-align: justify;\"><span style=\"color: #000000;\"><img loading=\"lazy\" decoding=\"async\" class=\" wp-image-50186 alignleft\" src=\"https:\/\/www.rassegnastampa-totustuus.it\/cattolica\/wp-content\/uploads\/2021\/02\/barret_famiglia_adozione-300x200.jpeg\" alt=\"\" width=\"365\" height=\"243\" srcset=\"https:\/\/www.rassegnastampa-totustuus.it\/cattolica\/wp-content\/uploads\/2021\/02\/barret_famiglia_adozione-300x200.jpeg 300w, https:\/\/www.rassegnastampa-totustuus.it\/cattolica\/wp-content\/uploads\/2021\/02\/barret_famiglia_adozione.jpeg 632w\" sizes=\"auto, (max-width: 365px) 100vw, 365px\" \/>Per\u00f2, provate a pensare \u201csenza\u201d, provate cio\u00e8 a liquidarla, a ritenervi solo figli del vostro tempo e delle vostre scelte, anzich\u00e9 figli della storia e della famiglia. Provate a perdere quell\u2019asse di riferimento, necessario anche quando lo confutate; provate a negare quell\u2019alveo d\u2019origine, quel luogo d\u2019infanzia e di formazione, quel rifugio, quel bisogno originario, primario, di sicurezza; dove i legami sono autentici proprio perch\u00e9 biologici, naturali, precedenti la nostra stessa volont\u00e0; veri e istintivi. Perch\u00e9 noi non nasciamo come una tabula rasa su cui decidiamo tutto; noi nasciamo eredi biologici, con legami naturali affettivi (gli stessi che vi commuovono quando parlate dei cuccioli di Amarena, l\u2019orsa abbattuta in Abruzzo). Quel che precede la nostra libert\u00e0 e la nostra volont\u00e0 si chiama natura, identit\u00e0, origine, destino. Perch\u00e9 dovremmo disprezzare, rigettare, spezzare tutto questo? <\/span><\/p>\n<p style=\"text-align: justify;\"><span style=\"color: #000000;\">Non siamo autocreati e tutto ci\u00f2 che costruiamo non lo costruiamo dal nulla ma sempre da realt\u00e0 preesistenti. Create pure le vostre case arcobaleno e le vostre reti amicali; ma sappiate che non sostituiscono la famiglia da cui provenite e quella costruita accoppiando e procreando. Sono due piani diversi. E bisogna saper distinguere, e rispettare, la sfera dei legami naturali da quelli elettivi. Noi siamo quel che siamo e diventiamo quel che siamo; non nasciamo dalla nostra volont\u00e0 e dai nostri desideri. Siamo creature, possiamo essere creativi, ma non siamo creatori.<\/span><\/p>\n","protected":false},"excerpt":{"rendered":"<p>Abstract:\u00a0 Un modo per distruggere i legami della famiglia &#8220;tradizionale&#8221; \u00e8 sostituirla con la famiglia queer, secondo il modello di Michela Murgia,\u00a0 una convivenza ibrida e allargata in forma variabile e su base volontaria, che comprende anche gli animali<\/p><p><a class=\"more-link btn\" href=\"https:\/\/www.rassegnastampa-totustuus.it\/cattolica\/si-alla-famiglia-solo-se-queer\/\">Continua a leggere<\/a><\/p>\n","protected":false},"author":6,"featured_media":56878,"comment_status":"closed","ping_status":"closed","sticky":false,"template":"","format":"standard","meta":{"footnotes":""},"categories":[15],"tags":[156,1292],"class_list":["post-56877","post","type-post","status-publish","format-standard","has-post-thumbnail","hentry","category-famiglia","tag-famiglia-2","tag-queer","item-wrap"],"yoast_head":"<!-- This site is optimized with the Yoast SEO plugin v27.5 - https:\/\/yoast.com\/product\/yoast-seo-wordpress\/ -->\n<title>Si alla famiglia solo se queer - Rassegna Stampa Cattolica<\/title>\n<meta name=\"description\" content=\"Si alla famiglia solo se queer, secondo il modello scelto da Michela Murgia. Un modo per distruggere i legami della famiglia &quot;tradizionale&quot;\" \/>\n<meta name=\"robots\" content=\"index, follow, max-snippet:-1, max-image-preview:large, max-video-preview:-1\" \/>\n<link rel=\"canonical\" href=\"https:\/\/www.rassegnastampa-totustuus.it\/cattolica\/si-alla-famiglia-solo-se-queer\/\" \/>\n<meta property=\"og:locale\" content=\"it_IT\" \/>\n<meta property=\"og:type\" content=\"article\" \/>\n<meta property=\"og:title\" content=\"Si alla famiglia solo se queer - Rassegna Stampa Cattolica\" \/>\n<meta property=\"og:description\" content=\"Si alla famiglia solo se queer, secondo il modello scelto da Michela Murgia. Un modo per distruggere i legami della famiglia &quot;tradizionale&quot;\" \/>\n<meta property=\"og:url\" content=\"https:\/\/www.rassegnastampa-totustuus.it\/cattolica\/si-alla-famiglia-solo-se-queer\/\" \/>\n<meta property=\"og:site_name\" content=\"Rassegna Stampa Cattolica\" \/>\n<meta property=\"article:publisher\" content=\"https:\/\/www.facebook.com\/rassegnastampacattolica\" \/>\n<meta property=\"article:published_time\" content=\"2023-09-13T22:00:00+00:00\" \/>\n<meta property=\"article:modified_time\" content=\"2024-01-04T15:19:49+00:00\" \/>\n<meta property=\"og:image\" content=\"https:\/\/www.rassegnastampa-totustuus.it\/cattolica\/wp-content\/uploads\/2023\/09\/famiglia_queer.jpg\" \/>\n\t<meta property=\"og:image:width\" content=\"378\" \/>\n\t<meta property=\"og:image:height\" content=\"234\" \/>\n\t<meta property=\"og:image:type\" content=\"image\/jpeg\" \/>\n<meta name=\"author\" content=\"Redazione\" \/>\n<meta name=\"twitter:card\" content=\"summary_large_image\" \/>\n<meta name=\"twitter:creator\" content=\"@rassegnastampa9\" \/>\n<meta name=\"twitter:site\" content=\"@rassegnastampa9\" \/>\n<meta name=\"twitter:label1\" content=\"Scritto da\" \/>\n\t<meta name=\"twitter:data1\" content=\"Redazione\" \/>\n\t<meta name=\"twitter:label2\" content=\"Tempo di lettura stimato\" \/>\n\t<meta name=\"twitter:data2\" content=\"7 minuti\" \/>\n<script type=\"application\/ld+json\" class=\"yoast-schema-graph\">{\"@context\":\"https:\\\/\\\/schema.org\",\"@graph\":[{\"@type\":\"Article\",\"@id\":\"https:\\\/\\\/www.rassegnastampa-totustuus.it\\\/cattolica\\\/si-alla-famiglia-solo-se-queer\\\/#article\",\"isPartOf\":{\"@id\":\"https:\\\/\\\/www.rassegnastampa-totustuus.it\\\/cattolica\\\/si-alla-famiglia-solo-se-queer\\\/\"},\"author\":{\"name\":\"Redazione\",\"@id\":\"https:\\\/\\\/www.rassegnastampa-totustuus.it\\\/cattolica\\\/#\\\/schema\\\/person\\\/08f319d2bd1a0904ad9e2bfb7b15e5c3\"},\"headline\":\"Si alla famiglia solo se queer\",\"datePublished\":\"2023-09-13T22:00:00+00:00\",\"dateModified\":\"2024-01-04T15:19:49+00:00\",\"mainEntityOfPage\":{\"@id\":\"https:\\\/\\\/www.rassegnastampa-totustuus.it\\\/cattolica\\\/si-alla-famiglia-solo-se-queer\\\/\"},\"wordCount\":1014,\"publisher\":{\"@id\":\"https:\\\/\\\/www.rassegnastampa-totustuus.it\\\/cattolica\\\/#organization\"},\"image\":{\"@id\":\"https:\\\/\\\/www.rassegnastampa-totustuus.it\\\/cattolica\\\/si-alla-famiglia-solo-se-queer\\\/#primaryimage\"},\"thumbnailUrl\":\"https:\\\/\\\/www.rassegnastampa-totustuus.it\\\/cattolica\\\/wp-content\\\/uploads\\\/2023\\\/09\\\/famiglia_queer.jpg\",\"keywords\":[\"famiglia\",\"queer\"],\"articleSection\":[\"Famiglia\"],\"inLanguage\":\"it-IT\"},{\"@type\":\"WebPage\",\"@id\":\"https:\\\/\\\/www.rassegnastampa-totustuus.it\\\/cattolica\\\/si-alla-famiglia-solo-se-queer\\\/\",\"url\":\"https:\\\/\\\/www.rassegnastampa-totustuus.it\\\/cattolica\\\/si-alla-famiglia-solo-se-queer\\\/\",\"name\":\"Si alla famiglia solo se queer - Rassegna Stampa Cattolica\",\"isPartOf\":{\"@id\":\"https:\\\/\\\/www.rassegnastampa-totustuus.it\\\/cattolica\\\/#website\"},\"primaryImageOfPage\":{\"@id\":\"https:\\\/\\\/www.rassegnastampa-totustuus.it\\\/cattolica\\\/si-alla-famiglia-solo-se-queer\\\/#primaryimage\"},\"image\":{\"@id\":\"https:\\\/\\\/www.rassegnastampa-totustuus.it\\\/cattolica\\\/si-alla-famiglia-solo-se-queer\\\/#primaryimage\"},\"thumbnailUrl\":\"https:\\\/\\\/www.rassegnastampa-totustuus.it\\\/cattolica\\\/wp-content\\\/uploads\\\/2023\\\/09\\\/famiglia_queer.jpg\",\"datePublished\":\"2023-09-13T22:00:00+00:00\",\"dateModified\":\"2024-01-04T15:19:49+00:00\",\"description\":\"Si alla famiglia solo se queer, secondo il modello scelto da Michela Murgia. Un modo per distruggere i legami della famiglia \\\"tradizionale\\\"\",\"breadcrumb\":{\"@id\":\"https:\\\/\\\/www.rassegnastampa-totustuus.it\\\/cattolica\\\/si-alla-famiglia-solo-se-queer\\\/#breadcrumb\"},\"inLanguage\":\"it-IT\",\"potentialAction\":[{\"@type\":\"ReadAction\",\"target\":[\"https:\\\/\\\/www.rassegnastampa-totustuus.it\\\/cattolica\\\/si-alla-famiglia-solo-se-queer\\\/\"]}]},{\"@type\":\"ImageObject\",\"inLanguage\":\"it-IT\",\"@id\":\"https:\\\/\\\/www.rassegnastampa-totustuus.it\\\/cattolica\\\/si-alla-famiglia-solo-se-queer\\\/#primaryimage\",\"url\":\"https:\\\/\\\/www.rassegnastampa-totustuus.it\\\/cattolica\\\/wp-content\\\/uploads\\\/2023\\\/09\\\/famiglia_queer.jpg\",\"contentUrl\":\"https:\\\/\\\/www.rassegnastampa-totustuus.it\\\/cattolica\\\/wp-content\\\/uploads\\\/2023\\\/09\\\/famiglia_queer.jpg\",\"width\":378,\"height\":234,\"caption\":\"La famiglia queer di Michela Murgia\"},{\"@type\":\"BreadcrumbList\",\"@id\":\"https:\\\/\\\/www.rassegnastampa-totustuus.it\\\/cattolica\\\/si-alla-famiglia-solo-se-queer\\\/#breadcrumb\",\"itemListElement\":[{\"@type\":\"ListItem\",\"position\":1,\"name\":\"Home\",\"item\":\"https:\\\/\\\/www.rassegnastampa-totustuus.it\\\/cattolica\\\/\"},{\"@type\":\"ListItem\",\"position\":2,\"name\":\"Si alla famiglia solo se queer\"}]},{\"@type\":\"WebSite\",\"@id\":\"https:\\\/\\\/www.rassegnastampa-totustuus.it\\\/cattolica\\\/#website\",\"url\":\"https:\\\/\\\/www.rassegnastampa-totustuus.it\\\/cattolica\\\/\",\"name\":\"Rassegna Stampa Cattolica\",\"description\":\"Per una cultura che nasce dalla Rivelazione cristiana in conformit\u00e0 alla tradizione e al Magistero della Chiesa in opposizione ad ogni relativismo e totalitarismo\",\"publisher\":{\"@id\":\"https:\\\/\\\/www.rassegnastampa-totustuus.it\\\/cattolica\\\/#organization\"},\"alternateName\":\"Rass. Cattolica\",\"potentialAction\":[{\"@type\":\"SearchAction\",\"target\":{\"@type\":\"EntryPoint\",\"urlTemplate\":\"https:\\\/\\\/www.rassegnastampa-totustuus.it\\\/cattolica\\\/?s={search_term_string}\"},\"query-input\":{\"@type\":\"PropertyValueSpecification\",\"valueRequired\":true,\"valueName\":\"search_term_string\"}}],\"inLanguage\":\"it-IT\"},{\"@type\":\"Organization\",\"@id\":\"https:\\\/\\\/www.rassegnastampa-totustuus.it\\\/cattolica\\\/#organization\",\"name\":\"Rassegna Stampa Cattolica\",\"url\":\"https:\\\/\\\/www.rassegnastampa-totustuus.it\\\/cattolica\\\/\",\"logo\":{\"@type\":\"ImageObject\",\"inLanguage\":\"it-IT\",\"@id\":\"https:\\\/\\\/www.rassegnastampa-totustuus.it\\\/cattolica\\\/#\\\/schema\\\/logo\\\/image\\\/\",\"url\":\"https:\\\/\\\/www.rassegnastampa-totustuus.it\\\/cattolica\\\/wp-content\\\/uploads\\\/2014\\\/04\\\/logo-rassegna1.gif\",\"contentUrl\":\"https:\\\/\\\/www.rassegnastampa-totustuus.it\\\/cattolica\\\/wp-content\\\/uploads\\\/2014\\\/04\\\/logo-rassegna1.gif\",\"width\":600,\"height\":163,\"caption\":\"Rassegna Stampa Cattolica\"},\"image\":{\"@id\":\"https:\\\/\\\/www.rassegnastampa-totustuus.it\\\/cattolica\\\/#\\\/schema\\\/logo\\\/image\\\/\"},\"sameAs\":[\"https:\\\/\\\/www.facebook.com\\\/rassegnastampacattolica\",\"https:\\\/\\\/x.com\\\/rassegnastampa9\"]},{\"@type\":\"Person\",\"@id\":\"https:\\\/\\\/www.rassegnastampa-totustuus.it\\\/cattolica\\\/#\\\/schema\\\/person\\\/08f319d2bd1a0904ad9e2bfb7b15e5c3\",\"name\":\"Redazione\",\"image\":{\"@type\":\"ImageObject\",\"inLanguage\":\"it-IT\",\"@id\":\"https:\\\/\\\/secure.gravatar.com\\\/avatar\\\/2fcdf27c78ea025fbdb44e914cc63c72249ffec9dc8aafd5c82b26240ef3f346?s=96&d=mm&r=g\",\"url\":\"https:\\\/\\\/secure.gravatar.com\\\/avatar\\\/2fcdf27c78ea025fbdb44e914cc63c72249ffec9dc8aafd5c82b26240ef3f346?s=96&d=mm&r=g\",\"contentUrl\":\"https:\\\/\\\/secure.gravatar.com\\\/avatar\\\/2fcdf27c78ea025fbdb44e914cc63c72249ffec9dc8aafd5c82b26240ef3f346?s=96&d=mm&r=g\",\"caption\":\"Redazione\"},\"url\":\"https:\\\/\\\/www.rassegnastampa-totustuus.it\\\/cattolica\\\/author\\\/pietroelle\\\/\"}]}<\/script>\n<!-- \/ Yoast SEO plugin. -->","yoast_head_json":{"title":"Si alla famiglia solo se queer - Rassegna Stampa Cattolica","description":"Si alla famiglia solo se queer, secondo il modello scelto da Michela Murgia. Un modo per distruggere i legami della famiglia \"tradizionale\"","robots":{"index":"index","follow":"follow","max-snippet":"max-snippet:-1","max-image-preview":"max-image-preview:large","max-video-preview":"max-video-preview:-1"},"canonical":"https:\/\/www.rassegnastampa-totustuus.it\/cattolica\/si-alla-famiglia-solo-se-queer\/","og_locale":"it_IT","og_type":"article","og_title":"Si alla famiglia solo se queer - Rassegna Stampa Cattolica","og_description":"Si alla famiglia solo se queer, secondo il modello scelto da Michela Murgia. Un modo per distruggere i legami della famiglia \"tradizionale\"","og_url":"https:\/\/www.rassegnastampa-totustuus.it\/cattolica\/si-alla-famiglia-solo-se-queer\/","og_site_name":"Rassegna Stampa Cattolica","article_publisher":"https:\/\/www.facebook.com\/rassegnastampacattolica","article_published_time":"2023-09-13T22:00:00+00:00","article_modified_time":"2024-01-04T15:19:49+00:00","og_image":[{"width":378,"height":234,"url":"https:\/\/www.rassegnastampa-totustuus.it\/cattolica\/wp-content\/uploads\/2023\/09\/famiglia_queer.jpg","type":"image\/jpeg"}],"author":"Redazione","twitter_card":"summary_large_image","twitter_creator":"@rassegnastampa9","twitter_site":"@rassegnastampa9","twitter_misc":{"Scritto da":"Redazione","Tempo di lettura stimato":"7 minuti"},"schema":{"@context":"https:\/\/schema.org","@graph":[{"@type":"Article","@id":"https:\/\/www.rassegnastampa-totustuus.it\/cattolica\/si-alla-famiglia-solo-se-queer\/#article","isPartOf":{"@id":"https:\/\/www.rassegnastampa-totustuus.it\/cattolica\/si-alla-famiglia-solo-se-queer\/"},"author":{"name":"Redazione","@id":"https:\/\/www.rassegnastampa-totustuus.it\/cattolica\/#\/schema\/person\/08f319d2bd1a0904ad9e2bfb7b15e5c3"},"headline":"Si alla famiglia solo se queer","datePublished":"2023-09-13T22:00:00+00:00","dateModified":"2024-01-04T15:19:49+00:00","mainEntityOfPage":{"@id":"https:\/\/www.rassegnastampa-totustuus.it\/cattolica\/si-alla-famiglia-solo-se-queer\/"},"wordCount":1014,"publisher":{"@id":"https:\/\/www.rassegnastampa-totustuus.it\/cattolica\/#organization"},"image":{"@id":"https:\/\/www.rassegnastampa-totustuus.it\/cattolica\/si-alla-famiglia-solo-se-queer\/#primaryimage"},"thumbnailUrl":"https:\/\/www.rassegnastampa-totustuus.it\/cattolica\/wp-content\/uploads\/2023\/09\/famiglia_queer.jpg","keywords":["famiglia","queer"],"articleSection":["Famiglia"],"inLanguage":"it-IT"},{"@type":"WebPage","@id":"https:\/\/www.rassegnastampa-totustuus.it\/cattolica\/si-alla-famiglia-solo-se-queer\/","url":"https:\/\/www.rassegnastampa-totustuus.it\/cattolica\/si-alla-famiglia-solo-se-queer\/","name":"Si alla famiglia solo se queer - Rassegna Stampa Cattolica","isPartOf":{"@id":"https:\/\/www.rassegnastampa-totustuus.it\/cattolica\/#website"},"primaryImageOfPage":{"@id":"https:\/\/www.rassegnastampa-totustuus.it\/cattolica\/si-alla-famiglia-solo-se-queer\/#primaryimage"},"image":{"@id":"https:\/\/www.rassegnastampa-totustuus.it\/cattolica\/si-alla-famiglia-solo-se-queer\/#primaryimage"},"thumbnailUrl":"https:\/\/www.rassegnastampa-totustuus.it\/cattolica\/wp-content\/uploads\/2023\/09\/famiglia_queer.jpg","datePublished":"2023-09-13T22:00:00+00:00","dateModified":"2024-01-04T15:19:49+00:00","description":"Si alla famiglia solo se queer, secondo il modello scelto da Michela Murgia. Un modo per distruggere i legami della famiglia \"tradizionale\"","breadcrumb":{"@id":"https:\/\/www.rassegnastampa-totustuus.it\/cattolica\/si-alla-famiglia-solo-se-queer\/#breadcrumb"},"inLanguage":"it-IT","potentialAction":[{"@type":"ReadAction","target":["https:\/\/www.rassegnastampa-totustuus.it\/cattolica\/si-alla-famiglia-solo-se-queer\/"]}]},{"@type":"ImageObject","inLanguage":"it-IT","@id":"https:\/\/www.rassegnastampa-totustuus.it\/cattolica\/si-alla-famiglia-solo-se-queer\/#primaryimage","url":"https:\/\/www.rassegnastampa-totustuus.it\/cattolica\/wp-content\/uploads\/2023\/09\/famiglia_queer.jpg","contentUrl":"https:\/\/www.rassegnastampa-totustuus.it\/cattolica\/wp-content\/uploads\/2023\/09\/famiglia_queer.jpg","width":378,"height":234,"caption":"La famiglia queer di Michela Murgia"},{"@type":"BreadcrumbList","@id":"https:\/\/www.rassegnastampa-totustuus.it\/cattolica\/si-alla-famiglia-solo-se-queer\/#breadcrumb","itemListElement":[{"@type":"ListItem","position":1,"name":"Home","item":"https:\/\/www.rassegnastampa-totustuus.it\/cattolica\/"},{"@type":"ListItem","position":2,"name":"Si alla famiglia solo se queer"}]},{"@type":"WebSite","@id":"https:\/\/www.rassegnastampa-totustuus.it\/cattolica\/#website","url":"https:\/\/www.rassegnastampa-totustuus.it\/cattolica\/","name":"Rassegna Stampa Cattolica","description":"Per una cultura che nasce dalla Rivelazione cristiana in conformit\u00e0 alla tradizione e al Magistero della Chiesa in opposizione ad ogni relativismo e totalitarismo","publisher":{"@id":"https:\/\/www.rassegnastampa-totustuus.it\/cattolica\/#organization"},"alternateName":"Rass. Cattolica","potentialAction":[{"@type":"SearchAction","target":{"@type":"EntryPoint","urlTemplate":"https:\/\/www.rassegnastampa-totustuus.it\/cattolica\/?s={search_term_string}"},"query-input":{"@type":"PropertyValueSpecification","valueRequired":true,"valueName":"search_term_string"}}],"inLanguage":"it-IT"},{"@type":"Organization","@id":"https:\/\/www.rassegnastampa-totustuus.it\/cattolica\/#organization","name":"Rassegna Stampa Cattolica","url":"https:\/\/www.rassegnastampa-totustuus.it\/cattolica\/","logo":{"@type":"ImageObject","inLanguage":"it-IT","@id":"https:\/\/www.rassegnastampa-totustuus.it\/cattolica\/#\/schema\/logo\/image\/","url":"https:\/\/www.rassegnastampa-totustuus.it\/cattolica\/wp-content\/uploads\/2014\/04\/logo-rassegna1.gif","contentUrl":"https:\/\/www.rassegnastampa-totustuus.it\/cattolica\/wp-content\/uploads\/2014\/04\/logo-rassegna1.gif","width":600,"height":163,"caption":"Rassegna Stampa Cattolica"},"image":{"@id":"https:\/\/www.rassegnastampa-totustuus.it\/cattolica\/#\/schema\/logo\/image\/"},"sameAs":["https:\/\/www.facebook.com\/rassegnastampacattolica","https:\/\/x.com\/rassegnastampa9"]},{"@type":"Person","@id":"https:\/\/www.rassegnastampa-totustuus.it\/cattolica\/#\/schema\/person\/08f319d2bd1a0904ad9e2bfb7b15e5c3","name":"Redazione","image":{"@type":"ImageObject","inLanguage":"it-IT","@id":"https:\/\/secure.gravatar.com\/avatar\/2fcdf27c78ea025fbdb44e914cc63c72249ffec9dc8aafd5c82b26240ef3f346?s=96&d=mm&r=g","url":"https:\/\/secure.gravatar.com\/avatar\/2fcdf27c78ea025fbdb44e914cc63c72249ffec9dc8aafd5c82b26240ef3f346?s=96&d=mm&r=g","contentUrl":"https:\/\/secure.gravatar.com\/avatar\/2fcdf27c78ea025fbdb44e914cc63c72249ffec9dc8aafd5c82b26240ef3f346?s=96&d=mm&r=g","caption":"Redazione"},"url":"https:\/\/www.rassegnastampa-totustuus.it\/cattolica\/author\/pietroelle\/"}]}},"_links":{"self":[{"href":"https:\/\/www.rassegnastampa-totustuus.it\/cattolica\/wp-json\/wp\/v2\/posts\/56877","targetHints":{"allow":["GET"]}}],"collection":[{"href":"https:\/\/www.rassegnastampa-totustuus.it\/cattolica\/wp-json\/wp\/v2\/posts"}],"about":[{"href":"https:\/\/www.rassegnastampa-totustuus.it\/cattolica\/wp-json\/wp\/v2\/types\/post"}],"author":[{"embeddable":true,"href":"https:\/\/www.rassegnastampa-totustuus.it\/cattolica\/wp-json\/wp\/v2\/users\/6"}],"replies":[{"embeddable":true,"href":"https:\/\/www.rassegnastampa-totustuus.it\/cattolica\/wp-json\/wp\/v2\/comments?post=56877"}],"version-history":[{"count":3,"href":"https:\/\/www.rassegnastampa-totustuus.it\/cattolica\/wp-json\/wp\/v2\/posts\/56877\/revisions"}],"predecessor-version":[{"id":58717,"href":"https:\/\/www.rassegnastampa-totustuus.it\/cattolica\/wp-json\/wp\/v2\/posts\/56877\/revisions\/58717"}],"wp:featuredmedia":[{"embeddable":true,"href":"https:\/\/www.rassegnastampa-totustuus.it\/cattolica\/wp-json\/wp\/v2\/media\/56878"}],"wp:attachment":[{"href":"https:\/\/www.rassegnastampa-totustuus.it\/cattolica\/wp-json\/wp\/v2\/media?parent=56877"}],"wp:term":[{"taxonomy":"category","embeddable":true,"href":"https:\/\/www.rassegnastampa-totustuus.it\/cattolica\/wp-json\/wp\/v2\/categories?post=56877"},{"taxonomy":"post_tag","embeddable":true,"href":"https:\/\/www.rassegnastampa-totustuus.it\/cattolica\/wp-json\/wp\/v2\/tags?post=56877"}],"curies":[{"name":"wp","href":"https:\/\/api.w.org\/{rel}","templated":true}]}}