{"id":56803,"date":"2023-08-31T00:00:00","date_gmt":"2023-08-30T22:00:00","guid":{"rendered":"https:\/\/www.rassegnastampa-totustuus.it\/cattolica\/?p=56803"},"modified":"2023-08-23T12:07:24","modified_gmt":"2023-08-23T10:07:24","slug":"mantovano-al-meeting-la-crisi-dellitalia-puo-diventare-una-possibilita","status":"publish","type":"post","link":"https:\/\/www.rassegnastampa-totustuus.it\/cattolica\/mantovano-al-meeting-la-crisi-dellitalia-puo-diventare-una-possibilita\/","title":{"rendered":"Mantovano al Meeting: \u201cLa crisi dell\u2019Italia pu\u00f2 diventare una possibilit\u00e0\u201d"},"content":{"rendered":"<p style=\"text-align: center;\"><strong><img loading=\"lazy\" decoding=\"async\" class=\" wp-image-56804 alignright\" src=\"https:\/\/www.rassegnastampa-totustuus.it\/cattolica\/wp-content\/uploads\/2023\/08\/mantovano_meeting.jpg\" alt=\"\" width=\"359\" height=\"202\" \/>Tempi<\/strong> 23 Agosto 2023<\/p>\n<p style=\"text-align: justify;\"><em>L&#8217;immagine del paese, la lotta alla mafia, i servizi segreti, le droghe e la natalit\u00e0. Intervento a tutto campo del sottosegretario a Rimini<\/em><\/p>\n<p style=\"text-align: center;\">di <strong>Emanuele Boffi<\/strong><\/p>\n<p><!--more--><\/p>\n<p style=\"text-align: justify;\">In un intervento segnato da numerosi applausi, il sottosegretario alla presidenza del Consiglio Alfredo Mantovano ha spiegato, come da titolo, \u201ccosa sta cambiando in Italia\u201d. Mantovano, stimolato dalle domande del direttore del Meeting Emmanuele Forlani, non si \u00e8 per\u00f2 limitato a fornire l\u2019elenco dei provvedimenti del Governo, ma ha voluto spiegare la ratio di ogni scelta e, soprattutto, con la consueta chiarezza che i lettori di <em>Tempi<\/em> conoscono, i motivi all\u2019origine di determinate decisioni.<\/p>\n<p style=\"text-align: justify;\">Si \u00e8 spaziato dall\u2019immagine del Paese all\u2019estero al problema delle mafie, dalla sfida dell\u2019immigrazione all\u2019Africa, dalla riforma dei servizi segreti alla cybersicurezza, e per ognuno di questi temi Mantovano ha mostrato come il governo si stia dando da fare per trovare soluzioni adeguate.<\/p>\n<p style=\"text-align: center;\"><strong>Da crisi a opportunit\u00e0<\/strong><\/p>\n<p style=\"text-align: justify;\"><img loading=\"lazy\" decoding=\"async\" class=\"size-full wp-image-56806 alignleft\" src=\"https:\/\/www.rassegnastampa-totustuus.it\/cattolica\/wp-content\/uploads\/2023\/08\/governo_Meloni.jpg\" alt=\"\" width=\"412\" height=\"234\" \/>Dieci mesi fa c\u2019era una certa immagine dell\u2019esecutivo che il tempo ha modificato, cosa \u00e8 successo? \u201cInnanzitutto che questo \u00e8 un governo stabile e che durer\u00e0\u201d, ha risposto Mantovano. \u201cIn secondo luogo si \u00e8 capito che questo governo non mette in discussione la partecipazione all\u2019Europa, ma vuole esserne protagonista in modo non supino e burocratico. In terzo luogo, non abbiamo messo in discussione il quadro delle alleanze internazionali, e penso ovviamente alla questione Ucraina, nonostante questo abbia pesanti ricadute per il nostro paese\u201d.<\/p>\n<p style=\"text-align: justify;\">E proprio a partire da questa situazione Mantovano ha iniziato a spiegare quello che \u00e8 stato uno dei fil rouge del suo ragionamento: ogni crisi pu\u00f2 essere trasformata in opportunit\u00e0 se si recupera uno slancio ideale e positivo. Quindi il problema energetico ci ha spinti a guardare con pi\u00f9 intelligenza all\u2019area del Mediterraneo, a mettere in campo un nuovo Piano Mattei, a stringere, pur tra mille difficolt\u00e0, rapporti con i paesi del Vecchissimo Continente per trovare soluzioni alle problematiche energetiche e migratorie. Sempre utilizzando, ha detto il sottosegretario, il metodo del confronto e della verifica dei risultati. E sfatando cos\u00ec la narrazione secondo cui \u201cl\u2019Italia \u00e8 ai margini del consesso internazionale\u201d.<\/p>\n<p style=\"text-align: center;\"><strong>Radici cristiane<\/strong><\/p>\n<p style=\"text-align: justify;\"><img loading=\"lazy\" decoding=\"async\" class=\" wp-image-30814 alignright\" src=\"https:\/\/www.rassegnastampa-totustuus.it\/cattolica\/wp-content\/uploads\/2011\/02\/radici_cristiane_EU.jpg\" alt=\"\" width=\"287\" height=\"286\" srcset=\"https:\/\/www.rassegnastampa-totustuus.it\/cattolica\/wp-content\/uploads\/2011\/02\/radici_cristiane_EU.jpg 225w, https:\/\/www.rassegnastampa-totustuus.it\/cattolica\/wp-content\/uploads\/2011\/02\/radici_cristiane_EU-150x150.jpg 150w\" sizes=\"auto, (max-width: 287px) 100vw, 287px\" \/>Quindi l\u2019incontro a luglio alla Farnesina cui hanno partecipato i rappresentanti degli stati africani, la presidente Von der Leyen e il presidente Michel \u201cnon \u00e8 stato una passerella\u201d ma l\u2019occasione per firmare documenti in cui traspare l\u2019idea che l\u2019atteggiamento che si deve avere nei confronti dell\u2019Africa non pu\u00f2 essere predatorio e neocoloniale, ma deve essere concordato con quegli stati stessi. Cos\u00ec da favorire partnership che aiutino un\u2019emigrazione ordinata e regolare, magari spiegando all\u2019Fmi che \u00e8 vantaggioso sbloccare gli aiuti alla Tunisia, \u201canche perch\u00e9 se questi paesi non trovano aiuto dell\u2019Occidente, finiranno per rivolgersi alla Cina\u201d.<\/p>\n<p style=\"text-align: justify;\">\u201cArrendersi di fronte alle difficolt\u00e0 \u2013 ha detto Mantovano \u2013 non \u00e8 nella nostra cultura cristiana. Un Dio che si fa carne significa che la salvezza non arriva facendo lo slalom tra le difficolt\u00e0, ma facendosi carico dei problemi. Chi neg\u00f2 le radici cristiane dell\u2019Europa, ne neg\u00f2 l\u2019elemento fondante. In Europa per secoli i campi e i cuori sono stati arati dall\u2019<em>ora et labora <\/em>e questo \u00e8 stato l\u2019unico elemento unificante da Lisbona a San Pietroburgo\u201d.<\/p>\n<p style=\"text-align: center;\"><strong>Droghe e natalit\u00e0<\/strong><\/p>\n<p style=\"text-align: justify;\"><span style=\"color: #000000;\"><img loading=\"lazy\" decoding=\"async\" class=\" wp-image-39678 alignleft\" src=\"https:\/\/www.rassegnastampa-totustuus.it\/cattolica\/wp-content\/uploads\/2018\/02\/denatalit\u00e0.jpg\" alt=\"\" width=\"364\" height=\"258\" \/>Tra i tanti argomenti, Mantovano s\u00ec \u00e8 soffermato su due che gli stanno particolarmente a cuore: il contrasto alle droghe e la natalit\u00e0. Sul primo, ha insistito che \u201cla vera sfida \u00e8 quella educativa. Che la met\u00e0 degli adolescenti usi sostanze stupefacenti non dovrebbe farci dormire di notte. Non servono approcci ideologici, ma educazione, prevenzione e vicinanza\u201d.<\/span><\/p>\n<p style=\"text-align: justify;\">Sull\u2019inverno demografico, il sottosegretario ha detto che si tratta della vera emergenza del paese, fatto preoccupante ancor pi\u00f9 della crisi migratoria o di quella energetica o delle riforme costituzionali. \u201cUn corpo sociale che rinuncia a mettere al mondo bambini ha perso la speranza nel futuro. Non bastano gli incentivi, occorre un approccio sussidiario dello stato che non sostituisca le famiglie. Il nostro governo, nei limiti delle sue competenze, vuole incoraggiare e mostrare la bellezza di mettere al mondo dei figli, riconoscere ad ogni bambino il diritto di avere un padre e una madre, fare in modo che la maternit\u00e0 non sia messa in vendita, fare s\u00ec che il figlio non sia scambiato per un\u2019autovettura di cui si possono scegliere i pezzi\u201d.<\/p>\n","protected":false},"excerpt":{"rendered":"<p>Tempi 23 Agosto 2023 L&#8217;immagine del paese, la lotta alla mafia, i servizi segreti, le droghe e la natalit\u00e0. Intervento a tutto campo del sottosegretario a Rimini di Emanuele Boffi<\/p><p><a class=\"more-link btn\" href=\"https:\/\/www.rassegnastampa-totustuus.it\/cattolica\/mantovano-al-meeting-la-crisi-dellitalia-puo-diventare-una-possibilita\/\">Continua a leggere<\/a><\/p>\n","protected":false},"author":6,"featured_media":56804,"comment_status":"closed","ping_status":"closed","sticky":false,"template":"","format":"standard","meta":{"footnotes":""},"categories":[20],"tags":[442,2300,297],"class_list":["post-56803","post","type-post","status-publish","format-standard","has-post-thumbnail","hentry","category-politica-nazionale","tag-centrodestra","tag-governo","tag-politica-nazionale-2","item-wrap"],"yoast_head":"<!-- This site is optimized with the Yoast SEO plugin v27.4 - https:\/\/yoast.com\/product\/yoast-seo-wordpress\/ -->\n<title>Mantovano al Meeting: \u201cLa crisi dell\u2019Italia pu\u00f2 diventare una possibilit\u00e0\u201d - Rassegna Stampa Cattolica<\/title>\n<meta name=\"description\" content=\"Rassegna Stampa Cattolica - Per una cultura che nasce dalla Rivelazione cristiana in conformit\u00e0 alla tradizione e al Magistero della Chiesa in opposizione ad ogni relativismo e totalitarismo\" \/>\n<meta name=\"robots\" content=\"index, follow, max-snippet:-1, max-image-preview:large, max-video-preview:-1\" \/>\n<link rel=\"canonical\" href=\"https:\/\/www.rassegnastampa-totustuus.it\/cattolica\/mantovano-al-meeting-la-crisi-dellitalia-puo-diventare-una-possibilita\/\" \/>\n<meta property=\"og:locale\" content=\"it_IT\" \/>\n<meta property=\"og:type\" content=\"article\" \/>\n<meta property=\"og:title\" content=\"Mantovano al Meeting: \u201cLa crisi dell\u2019Italia pu\u00f2 diventare una possibilit\u00e0\u201d - Rassegna Stampa Cattolica\" \/>\n<meta property=\"og:description\" content=\"Rassegna Stampa Cattolica - Per una cultura che nasce dalla Rivelazione cristiana in conformit\u00e0 alla tradizione e al Magistero della Chiesa in opposizione ad ogni relativismo e totalitarismo\" \/>\n<meta property=\"og:url\" content=\"https:\/\/www.rassegnastampa-totustuus.it\/cattolica\/mantovano-al-meeting-la-crisi-dellitalia-puo-diventare-una-possibilita\/\" \/>\n<meta property=\"og:site_name\" content=\"Rassegna Stampa Cattolica\" \/>\n<meta property=\"article:publisher\" content=\"https:\/\/www.facebook.com\/rassegnastampacattolica\" \/>\n<meta property=\"article:published_time\" content=\"2023-08-30T22:00:00+00:00\" \/>\n<meta property=\"og:image\" content=\"https:\/\/www.rassegnastampa-totustuus.it\/cattolica\/wp-content\/uploads\/2023\/08\/mantovano_meeting.jpg\" \/>\n\t<meta property=\"og:image:width\" content=\"1200\" \/>\n\t<meta property=\"og:image:height\" content=\"675\" \/>\n\t<meta property=\"og:image:type\" content=\"image\/jpeg\" \/>\n<meta name=\"author\" content=\"Redazione\" \/>\n<meta name=\"twitter:card\" content=\"summary_large_image\" \/>\n<meta name=\"twitter:creator\" content=\"@rassegnastampa9\" \/>\n<meta name=\"twitter:site\" content=\"@rassegnastampa9\" \/>\n<meta name=\"twitter:label1\" content=\"Scritto da\" \/>\n\t<meta name=\"twitter:data1\" content=\"Redazione\" \/>\n\t<meta name=\"twitter:label2\" content=\"Tempo di lettura stimato\" \/>\n\t<meta name=\"twitter:data2\" content=\"4 minuti\" \/>\n<script type=\"application\/ld+json\" class=\"yoast-schema-graph\">{\"@context\":\"https:\\\/\\\/schema.org\",\"@graph\":[{\"@type\":\"Article\",\"@id\":\"https:\\\/\\\/www.rassegnastampa-totustuus.it\\\/cattolica\\\/mantovano-al-meeting-la-crisi-dellitalia-puo-diventare-una-possibilita\\\/#article\",\"isPartOf\":{\"@id\":\"https:\\\/\\\/www.rassegnastampa-totustuus.it\\\/cattolica\\\/mantovano-al-meeting-la-crisi-dellitalia-puo-diventare-una-possibilita\\\/\"},\"author\":{\"name\":\"Redazione\",\"@id\":\"https:\\\/\\\/www.rassegnastampa-totustuus.it\\\/cattolica\\\/#\\\/schema\\\/person\\\/08f319d2bd1a0904ad9e2bfb7b15e5c3\"},\"headline\":\"Mantovano al Meeting: \u201cLa crisi dell\u2019Italia pu\u00f2 diventare una possibilit\u00e0\u201d\",\"datePublished\":\"2023-08-30T22:00:00+00:00\",\"mainEntityOfPage\":{\"@id\":\"https:\\\/\\\/www.rassegnastampa-totustuus.it\\\/cattolica\\\/mantovano-al-meeting-la-crisi-dellitalia-puo-diventare-una-possibilita\\\/\"},\"wordCount\":719,\"publisher\":{\"@id\":\"https:\\\/\\\/www.rassegnastampa-totustuus.it\\\/cattolica\\\/#organization\"},\"image\":{\"@id\":\"https:\\\/\\\/www.rassegnastampa-totustuus.it\\\/cattolica\\\/mantovano-al-meeting-la-crisi-dellitalia-puo-diventare-una-possibilita\\\/#primaryimage\"},\"thumbnailUrl\":\"https:\\\/\\\/www.rassegnastampa-totustuus.it\\\/cattolica\\\/wp-content\\\/uploads\\\/2023\\\/08\\\/mantovano_meeting.jpg\",\"keywords\":[\"centrodestra\",\"governo\",\"politica nazionale\"],\"articleSection\":[\"Politica nazionale\"],\"inLanguage\":\"it-IT\"},{\"@type\":\"WebPage\",\"@id\":\"https:\\\/\\\/www.rassegnastampa-totustuus.it\\\/cattolica\\\/mantovano-al-meeting-la-crisi-dellitalia-puo-diventare-una-possibilita\\\/\",\"url\":\"https:\\\/\\\/www.rassegnastampa-totustuus.it\\\/cattolica\\\/mantovano-al-meeting-la-crisi-dellitalia-puo-diventare-una-possibilita\\\/\",\"name\":\"Mantovano al Meeting: \u201cLa crisi dell\u2019Italia pu\u00f2 diventare una possibilit\u00e0\u201d - Rassegna Stampa Cattolica\",\"isPartOf\":{\"@id\":\"https:\\\/\\\/www.rassegnastampa-totustuus.it\\\/cattolica\\\/#website\"},\"primaryImageOfPage\":{\"@id\":\"https:\\\/\\\/www.rassegnastampa-totustuus.it\\\/cattolica\\\/mantovano-al-meeting-la-crisi-dellitalia-puo-diventare-una-possibilita\\\/#primaryimage\"},\"image\":{\"@id\":\"https:\\\/\\\/www.rassegnastampa-totustuus.it\\\/cattolica\\\/mantovano-al-meeting-la-crisi-dellitalia-puo-diventare-una-possibilita\\\/#primaryimage\"},\"thumbnailUrl\":\"https:\\\/\\\/www.rassegnastampa-totustuus.it\\\/cattolica\\\/wp-content\\\/uploads\\\/2023\\\/08\\\/mantovano_meeting.jpg\",\"datePublished\":\"2023-08-30T22:00:00+00:00\",\"description\":\"Rassegna Stampa Cattolica - Per una cultura che nasce dalla Rivelazione cristiana in conformit\u00e0 alla tradizione e al Magistero della Chiesa in opposizione ad ogni relativismo e totalitarismo\",\"breadcrumb\":{\"@id\":\"https:\\\/\\\/www.rassegnastampa-totustuus.it\\\/cattolica\\\/mantovano-al-meeting-la-crisi-dellitalia-puo-diventare-una-possibilita\\\/#breadcrumb\"},\"inLanguage\":\"it-IT\",\"potentialAction\":[{\"@type\":\"ReadAction\",\"target\":[\"https:\\\/\\\/www.rassegnastampa-totustuus.it\\\/cattolica\\\/mantovano-al-meeting-la-crisi-dellitalia-puo-diventare-una-possibilita\\\/\"]}]},{\"@type\":\"ImageObject\",\"inLanguage\":\"it-IT\",\"@id\":\"https:\\\/\\\/www.rassegnastampa-totustuus.it\\\/cattolica\\\/mantovano-al-meeting-la-crisi-dellitalia-puo-diventare-una-possibilita\\\/#primaryimage\",\"url\":\"https:\\\/\\\/www.rassegnastampa-totustuus.it\\\/cattolica\\\/wp-content\\\/uploads\\\/2023\\\/08\\\/mantovano_meeting.jpg\",\"contentUrl\":\"https:\\\/\\\/www.rassegnastampa-totustuus.it\\\/cattolica\\\/wp-content\\\/uploads\\\/2023\\\/08\\\/mantovano_meeting.jpg\",\"width\":1200,\"height\":675},{\"@type\":\"BreadcrumbList\",\"@id\":\"https:\\\/\\\/www.rassegnastampa-totustuus.it\\\/cattolica\\\/mantovano-al-meeting-la-crisi-dellitalia-puo-diventare-una-possibilita\\\/#breadcrumb\",\"itemListElement\":[{\"@type\":\"ListItem\",\"position\":1,\"name\":\"Home\",\"item\":\"https:\\\/\\\/www.rassegnastampa-totustuus.it\\\/cattolica\\\/\"},{\"@type\":\"ListItem\",\"position\":2,\"name\":\"Mantovano al Meeting: \u201cLa crisi dell\u2019Italia pu\u00f2 diventare una possibilit\u00e0\u201d\"}]},{\"@type\":\"WebSite\",\"@id\":\"https:\\\/\\\/www.rassegnastampa-totustuus.it\\\/cattolica\\\/#website\",\"url\":\"https:\\\/\\\/www.rassegnastampa-totustuus.it\\\/cattolica\\\/\",\"name\":\"Rassegna Stampa Cattolica\",\"description\":\"Per una cultura che nasce dalla Rivelazione cristiana in conformit\u00e0 alla tradizione e al Magistero della Chiesa in opposizione ad ogni relativismo e totalitarismo\",\"publisher\":{\"@id\":\"https:\\\/\\\/www.rassegnastampa-totustuus.it\\\/cattolica\\\/#organization\"},\"alternateName\":\"Rass. Cattolica\",\"potentialAction\":[{\"@type\":\"SearchAction\",\"target\":{\"@type\":\"EntryPoint\",\"urlTemplate\":\"https:\\\/\\\/www.rassegnastampa-totustuus.it\\\/cattolica\\\/?s={search_term_string}\"},\"query-input\":{\"@type\":\"PropertyValueSpecification\",\"valueRequired\":true,\"valueName\":\"search_term_string\"}}],\"inLanguage\":\"it-IT\"},{\"@type\":\"Organization\",\"@id\":\"https:\\\/\\\/www.rassegnastampa-totustuus.it\\\/cattolica\\\/#organization\",\"name\":\"Rassegna Stampa Cattolica\",\"url\":\"https:\\\/\\\/www.rassegnastampa-totustuus.it\\\/cattolica\\\/\",\"logo\":{\"@type\":\"ImageObject\",\"inLanguage\":\"it-IT\",\"@id\":\"https:\\\/\\\/www.rassegnastampa-totustuus.it\\\/cattolica\\\/#\\\/schema\\\/logo\\\/image\\\/\",\"url\":\"https:\\\/\\\/www.rassegnastampa-totustuus.it\\\/cattolica\\\/wp-content\\\/uploads\\\/2014\\\/04\\\/logo-rassegna1.gif\",\"contentUrl\":\"https:\\\/\\\/www.rassegnastampa-totustuus.it\\\/cattolica\\\/wp-content\\\/uploads\\\/2014\\\/04\\\/logo-rassegna1.gif\",\"width\":600,\"height\":163,\"caption\":\"Rassegna Stampa Cattolica\"},\"image\":{\"@id\":\"https:\\\/\\\/www.rassegnastampa-totustuus.it\\\/cattolica\\\/#\\\/schema\\\/logo\\\/image\\\/\"},\"sameAs\":[\"https:\\\/\\\/www.facebook.com\\\/rassegnastampacattolica\",\"https:\\\/\\\/x.com\\\/rassegnastampa9\"]},{\"@type\":\"Person\",\"@id\":\"https:\\\/\\\/www.rassegnastampa-totustuus.it\\\/cattolica\\\/#\\\/schema\\\/person\\\/08f319d2bd1a0904ad9e2bfb7b15e5c3\",\"name\":\"Redazione\",\"image\":{\"@type\":\"ImageObject\",\"inLanguage\":\"it-IT\",\"@id\":\"https:\\\/\\\/secure.gravatar.com\\\/avatar\\\/2fcdf27c78ea025fbdb44e914cc63c72249ffec9dc8aafd5c82b26240ef3f346?s=96&d=mm&r=g\",\"url\":\"https:\\\/\\\/secure.gravatar.com\\\/avatar\\\/2fcdf27c78ea025fbdb44e914cc63c72249ffec9dc8aafd5c82b26240ef3f346?s=96&d=mm&r=g\",\"contentUrl\":\"https:\\\/\\\/secure.gravatar.com\\\/avatar\\\/2fcdf27c78ea025fbdb44e914cc63c72249ffec9dc8aafd5c82b26240ef3f346?s=96&d=mm&r=g\",\"caption\":\"Redazione\"},\"url\":\"https:\\\/\\\/www.rassegnastampa-totustuus.it\\\/cattolica\\\/author\\\/pietroelle\\\/\"}]}<\/script>\n<!-- \/ Yoast SEO plugin. -->","yoast_head_json":{"title":"Mantovano al Meeting: \u201cLa crisi dell\u2019Italia pu\u00f2 diventare una possibilit\u00e0\u201d - Rassegna Stampa Cattolica","description":"Rassegna Stampa Cattolica - Per una cultura che nasce dalla Rivelazione cristiana in conformit\u00e0 alla tradizione e al Magistero della Chiesa in opposizione ad ogni relativismo e totalitarismo","robots":{"index":"index","follow":"follow","max-snippet":"max-snippet:-1","max-image-preview":"max-image-preview:large","max-video-preview":"max-video-preview:-1"},"canonical":"https:\/\/www.rassegnastampa-totustuus.it\/cattolica\/mantovano-al-meeting-la-crisi-dellitalia-puo-diventare-una-possibilita\/","og_locale":"it_IT","og_type":"article","og_title":"Mantovano al Meeting: \u201cLa crisi dell\u2019Italia pu\u00f2 diventare una possibilit\u00e0\u201d - Rassegna Stampa Cattolica","og_description":"Rassegna Stampa Cattolica - Per una cultura che nasce dalla Rivelazione cristiana in conformit\u00e0 alla tradizione e al Magistero della Chiesa in opposizione ad ogni relativismo e totalitarismo","og_url":"https:\/\/www.rassegnastampa-totustuus.it\/cattolica\/mantovano-al-meeting-la-crisi-dellitalia-puo-diventare-una-possibilita\/","og_site_name":"Rassegna Stampa Cattolica","article_publisher":"https:\/\/www.facebook.com\/rassegnastampacattolica","article_published_time":"2023-08-30T22:00:00+00:00","og_image":[{"width":1200,"height":675,"url":"https:\/\/www.rassegnastampa-totustuus.it\/cattolica\/wp-content\/uploads\/2023\/08\/mantovano_meeting.jpg","type":"image\/jpeg"}],"author":"Redazione","twitter_card":"summary_large_image","twitter_creator":"@rassegnastampa9","twitter_site":"@rassegnastampa9","twitter_misc":{"Scritto da":"Redazione","Tempo di lettura stimato":"4 minuti"},"schema":{"@context":"https:\/\/schema.org","@graph":[{"@type":"Article","@id":"https:\/\/www.rassegnastampa-totustuus.it\/cattolica\/mantovano-al-meeting-la-crisi-dellitalia-puo-diventare-una-possibilita\/#article","isPartOf":{"@id":"https:\/\/www.rassegnastampa-totustuus.it\/cattolica\/mantovano-al-meeting-la-crisi-dellitalia-puo-diventare-una-possibilita\/"},"author":{"name":"Redazione","@id":"https:\/\/www.rassegnastampa-totustuus.it\/cattolica\/#\/schema\/person\/08f319d2bd1a0904ad9e2bfb7b15e5c3"},"headline":"Mantovano al Meeting: \u201cLa crisi dell\u2019Italia pu\u00f2 diventare una possibilit\u00e0\u201d","datePublished":"2023-08-30T22:00:00+00:00","mainEntityOfPage":{"@id":"https:\/\/www.rassegnastampa-totustuus.it\/cattolica\/mantovano-al-meeting-la-crisi-dellitalia-puo-diventare-una-possibilita\/"},"wordCount":719,"publisher":{"@id":"https:\/\/www.rassegnastampa-totustuus.it\/cattolica\/#organization"},"image":{"@id":"https:\/\/www.rassegnastampa-totustuus.it\/cattolica\/mantovano-al-meeting-la-crisi-dellitalia-puo-diventare-una-possibilita\/#primaryimage"},"thumbnailUrl":"https:\/\/www.rassegnastampa-totustuus.it\/cattolica\/wp-content\/uploads\/2023\/08\/mantovano_meeting.jpg","keywords":["centrodestra","governo","politica nazionale"],"articleSection":["Politica nazionale"],"inLanguage":"it-IT"},{"@type":"WebPage","@id":"https:\/\/www.rassegnastampa-totustuus.it\/cattolica\/mantovano-al-meeting-la-crisi-dellitalia-puo-diventare-una-possibilita\/","url":"https:\/\/www.rassegnastampa-totustuus.it\/cattolica\/mantovano-al-meeting-la-crisi-dellitalia-puo-diventare-una-possibilita\/","name":"Mantovano al Meeting: \u201cLa crisi dell\u2019Italia pu\u00f2 diventare una possibilit\u00e0\u201d - Rassegna Stampa Cattolica","isPartOf":{"@id":"https:\/\/www.rassegnastampa-totustuus.it\/cattolica\/#website"},"primaryImageOfPage":{"@id":"https:\/\/www.rassegnastampa-totustuus.it\/cattolica\/mantovano-al-meeting-la-crisi-dellitalia-puo-diventare-una-possibilita\/#primaryimage"},"image":{"@id":"https:\/\/www.rassegnastampa-totustuus.it\/cattolica\/mantovano-al-meeting-la-crisi-dellitalia-puo-diventare-una-possibilita\/#primaryimage"},"thumbnailUrl":"https:\/\/www.rassegnastampa-totustuus.it\/cattolica\/wp-content\/uploads\/2023\/08\/mantovano_meeting.jpg","datePublished":"2023-08-30T22:00:00+00:00","description":"Rassegna Stampa Cattolica - Per una cultura che nasce dalla Rivelazione cristiana in conformit\u00e0 alla tradizione e al Magistero della Chiesa in opposizione ad ogni relativismo e totalitarismo","breadcrumb":{"@id":"https:\/\/www.rassegnastampa-totustuus.it\/cattolica\/mantovano-al-meeting-la-crisi-dellitalia-puo-diventare-una-possibilita\/#breadcrumb"},"inLanguage":"it-IT","potentialAction":[{"@type":"ReadAction","target":["https:\/\/www.rassegnastampa-totustuus.it\/cattolica\/mantovano-al-meeting-la-crisi-dellitalia-puo-diventare-una-possibilita\/"]}]},{"@type":"ImageObject","inLanguage":"it-IT","@id":"https:\/\/www.rassegnastampa-totustuus.it\/cattolica\/mantovano-al-meeting-la-crisi-dellitalia-puo-diventare-una-possibilita\/#primaryimage","url":"https:\/\/www.rassegnastampa-totustuus.it\/cattolica\/wp-content\/uploads\/2023\/08\/mantovano_meeting.jpg","contentUrl":"https:\/\/www.rassegnastampa-totustuus.it\/cattolica\/wp-content\/uploads\/2023\/08\/mantovano_meeting.jpg","width":1200,"height":675},{"@type":"BreadcrumbList","@id":"https:\/\/www.rassegnastampa-totustuus.it\/cattolica\/mantovano-al-meeting-la-crisi-dellitalia-puo-diventare-una-possibilita\/#breadcrumb","itemListElement":[{"@type":"ListItem","position":1,"name":"Home","item":"https:\/\/www.rassegnastampa-totustuus.it\/cattolica\/"},{"@type":"ListItem","position":2,"name":"Mantovano al Meeting: \u201cLa crisi dell\u2019Italia pu\u00f2 diventare una possibilit\u00e0\u201d"}]},{"@type":"WebSite","@id":"https:\/\/www.rassegnastampa-totustuus.it\/cattolica\/#website","url":"https:\/\/www.rassegnastampa-totustuus.it\/cattolica\/","name":"Rassegna Stampa Cattolica","description":"Per una cultura che nasce dalla Rivelazione cristiana in conformit\u00e0 alla tradizione e al Magistero della Chiesa in opposizione ad ogni relativismo e totalitarismo","publisher":{"@id":"https:\/\/www.rassegnastampa-totustuus.it\/cattolica\/#organization"},"alternateName":"Rass. Cattolica","potentialAction":[{"@type":"SearchAction","target":{"@type":"EntryPoint","urlTemplate":"https:\/\/www.rassegnastampa-totustuus.it\/cattolica\/?s={search_term_string}"},"query-input":{"@type":"PropertyValueSpecification","valueRequired":true,"valueName":"search_term_string"}}],"inLanguage":"it-IT"},{"@type":"Organization","@id":"https:\/\/www.rassegnastampa-totustuus.it\/cattolica\/#organization","name":"Rassegna Stampa Cattolica","url":"https:\/\/www.rassegnastampa-totustuus.it\/cattolica\/","logo":{"@type":"ImageObject","inLanguage":"it-IT","@id":"https:\/\/www.rassegnastampa-totustuus.it\/cattolica\/#\/schema\/logo\/image\/","url":"https:\/\/www.rassegnastampa-totustuus.it\/cattolica\/wp-content\/uploads\/2014\/04\/logo-rassegna1.gif","contentUrl":"https:\/\/www.rassegnastampa-totustuus.it\/cattolica\/wp-content\/uploads\/2014\/04\/logo-rassegna1.gif","width":600,"height":163,"caption":"Rassegna Stampa Cattolica"},"image":{"@id":"https:\/\/www.rassegnastampa-totustuus.it\/cattolica\/#\/schema\/logo\/image\/"},"sameAs":["https:\/\/www.facebook.com\/rassegnastampacattolica","https:\/\/x.com\/rassegnastampa9"]},{"@type":"Person","@id":"https:\/\/www.rassegnastampa-totustuus.it\/cattolica\/#\/schema\/person\/08f319d2bd1a0904ad9e2bfb7b15e5c3","name":"Redazione","image":{"@type":"ImageObject","inLanguage":"it-IT","@id":"https:\/\/secure.gravatar.com\/avatar\/2fcdf27c78ea025fbdb44e914cc63c72249ffec9dc8aafd5c82b26240ef3f346?s=96&d=mm&r=g","url":"https:\/\/secure.gravatar.com\/avatar\/2fcdf27c78ea025fbdb44e914cc63c72249ffec9dc8aafd5c82b26240ef3f346?s=96&d=mm&r=g","contentUrl":"https:\/\/secure.gravatar.com\/avatar\/2fcdf27c78ea025fbdb44e914cc63c72249ffec9dc8aafd5c82b26240ef3f346?s=96&d=mm&r=g","caption":"Redazione"},"url":"https:\/\/www.rassegnastampa-totustuus.it\/cattolica\/author\/pietroelle\/"}]}},"_links":{"self":[{"href":"https:\/\/www.rassegnastampa-totustuus.it\/cattolica\/wp-json\/wp\/v2\/posts\/56803","targetHints":{"allow":["GET"]}}],"collection":[{"href":"https:\/\/www.rassegnastampa-totustuus.it\/cattolica\/wp-json\/wp\/v2\/posts"}],"about":[{"href":"https:\/\/www.rassegnastampa-totustuus.it\/cattolica\/wp-json\/wp\/v2\/types\/post"}],"author":[{"embeddable":true,"href":"https:\/\/www.rassegnastampa-totustuus.it\/cattolica\/wp-json\/wp\/v2\/users\/6"}],"replies":[{"embeddable":true,"href":"https:\/\/www.rassegnastampa-totustuus.it\/cattolica\/wp-json\/wp\/v2\/comments?post=56803"}],"version-history":[{"count":1,"href":"https:\/\/www.rassegnastampa-totustuus.it\/cattolica\/wp-json\/wp\/v2\/posts\/56803\/revisions"}],"predecessor-version":[{"id":56807,"href":"https:\/\/www.rassegnastampa-totustuus.it\/cattolica\/wp-json\/wp\/v2\/posts\/56803\/revisions\/56807"}],"wp:featuredmedia":[{"embeddable":true,"href":"https:\/\/www.rassegnastampa-totustuus.it\/cattolica\/wp-json\/wp\/v2\/media\/56804"}],"wp:attachment":[{"href":"https:\/\/www.rassegnastampa-totustuus.it\/cattolica\/wp-json\/wp\/v2\/media?parent=56803"}],"wp:term":[{"taxonomy":"category","embeddable":true,"href":"https:\/\/www.rassegnastampa-totustuus.it\/cattolica\/wp-json\/wp\/v2\/categories?post=56803"},{"taxonomy":"post_tag","embeddable":true,"href":"https:\/\/www.rassegnastampa-totustuus.it\/cattolica\/wp-json\/wp\/v2\/tags?post=56803"}],"curies":[{"name":"wp","href":"https:\/\/api.w.org\/{rel}","templated":true}]}}