{"id":56777,"date":"2023-08-31T00:00:00","date_gmt":"2023-08-30T22:00:00","guid":{"rendered":"https:\/\/www.rassegnastampa-totustuus.it\/cattolica\/?p=56777"},"modified":"2023-12-09T17:46:31","modified_gmt":"2023-12-09T16:46:31","slug":"droga-la-relazione-annuale","status":"publish","type":"post","link":"https:\/\/www.rassegnastampa-totustuus.it\/cattolica\/droga-la-relazione-annuale\/","title":{"rendered":"Droga, la relazione annuale"},"content":{"rendered":"<p style=\"text-align: justify;\"><strong><strong><a href=\"https:\/\/www.centrostudilivatino.it\/\" target=\"_blank\" rel=\"noopener\"><span style=\"color: #0000ff;\"><span style=\"color: #000000;\"><img loading=\"lazy\" decoding=\"async\" class=\"size-medium wp-image-41554 alignleft\" src=\"https:\/\/www.rassegnastampa-totustuus.it\/cattolica\/wp-content\/uploads\/2018\/11\/droga-300x168.jpg\" alt=\"\" width=\"300\" height=\"168\" \/>Abstract: <\/span><\/span><\/a><\/strong><\/strong><span style=\"color: #000000;\"><em><a style=\"color: #000000;\" href=\"https:\/\/www.centrostudilivatino.it\/\" target=\"_blank\" rel=\"noopener\">Droga, la relazione annuale 2023 <\/a>fornisce un quadro il pi\u00f9 accurato possibile del fenomeno delle tossicodipendenze . La relazione \u00e8 stata inviata al Parlamento dal Sottosegretario Alfredo Mantovano, il quale ha sottolineato \u00a0un concetto fondamentale nella lotta alle dipendenze e cio\u00e8 che la sfida veramente cruciale \u00e8 quelle educativa.<\/em><\/span><\/p>\n<p style=\"text-align: center;\"><!--more--><\/p>\n<p style=\"text-align: center;\"><strong><strong><a href=\"https:\/\/www.centrostudilivatino.it\/\" target=\"_blank\" rel=\"noopener\"><span style=\"color: #0000ff;\">Centro Studi Rosario Livatino<\/span><\/a><\/strong><\/strong>24 Luglio 2023<\/p>\n<h3 style=\"text-align: center;\"><span style=\"color: #000000;\"><strong>Droga: i dati della relazione annuale 2023<\/strong><\/span><\/h3>\n<p style=\"text-align: justify;\"><span style=\"color: #000000;\"><em>La Relazione Annuale sul fenomeno delle tossicodipendenze 2023 \u00e8 stata inviata al Parlamento dal Sottosegretario Alfredo Mantovano. Questa relazione \u00e8 la principale fonte informativa nazionale del Dipartimento per le Politiche Antidroga ed \u00e8 prevista dal DPR 309\/90. I dati utilizzati per la relazione provengono da diverse fonti, tra cui amministrazioni centrali, periferiche, centri di ricerca e enti del privato sociale competenti in materia. Lo scopo principale della Relazione \u00e8 fornire un quadro il pi\u00f9 accurato possibile del fenomeno delle tossicodipendenze al fine di guidare gli interventi pubblici in questo settore. Il rapporto mira a rappresentare in modo completo e aderente alla situazione attuale il problema delle tossicodipendenze. Inoltre, si prevede un <span style=\"color: #000000;\">adeguamento nella raccolta dei dati per renderne l\u2019aggiornamento ancora pi\u00f9 puntuale dal prossimo anno. Questo adeguamento comprender\u00e0 anche altre forme di dipendenze, come quelle comportamentali, al fine di fornire una visione pi\u00f9 completa e aggiornata della situazione delle dipendenze nel paese<\/span><\/em>.<\/span><\/p>\n<p style=\"text-align: justify;\"><span style=\"color: #000000;\"><strong><img loading=\"lazy\" decoding=\"async\" class=\" wp-image-36739 alignleft\" src=\"https:\/\/www.rassegnastampa-totustuus.it\/cattolica\/wp-content\/uploads\/2016\/11\/Alfredo_Mantovano.jpg\" alt=\"\" width=\"316\" height=\"237\" \/>Alfredo Mantovano Sottosegretario di Stato alla Presidenza del Consiglio dei Ministri<\/strong>, <strong>con delega di funzioni in materia di politiche antidroga<\/strong> ha evidenziato preliminarmente come sia fondamentale per una piena consapevolezza del fenomeno nella lotta alla droga una corretta informazione specie tra gli adolescenti.<\/span><\/p>\n<p style=\"text-align: justify;\"><span style=\"color: #000000;\">Oggi circolano pi\u00f9 stupefacenti rispetto a qualche anno fa e lo attestano i dati ufficiali, aggiornati del Dipartimento antidroga della Presidenza del Consiglio, nella relazione che tra qualche giorno sar\u00e0 inviata ai presidenti delle Camere.<\/span><\/p>\n<p style=\"text-align: justify;\"><span style=\"color: #000000;\">Ci sono tra le centinaia di pagine due dati molti significativi: <strong>nel 2022,<\/strong> <strong>4 milioni e novecento mila persone hanno fatto uso di almeno una sostanza stupefacente<\/strong> (il dieci per cento della popolazione italiana) tra loro ci sono persone che guidano veicoli e che svolgono attivit\u00e0 lavorative importanti e cruciali per la vita del Paese.<\/span><\/p>\n<p style=\"text-align: justify;\">S<span style=\"color: #000000;\">empre nel <strong>2022 vi \u00e8 stato un aumento di consumo tra gli studenti<\/strong>: sono poco meno di <strong>un milione i ragazzi tra i 15 e i 19 anni<\/strong> (il quaranta per cento del totale per la loro fascia di et\u00e0) <strong>che riferiscono di aver consumato droga almeno una volta nella propria vita<\/strong>, <strong>120.000<\/strong> (quasi il cinque per cento) hanno riferito di aver usato <strong>venti o pi\u00f9 volte la cannabis<\/strong> nel mese precedente alla domanda che \u00e8 stata loro rivolta.<\/span><\/p>\n<p style=\"text-align: justify;\"><span style=\"color: #000000;\"><img loading=\"lazy\" decoding=\"async\" class=\"wp-image-41809 alignright\" src=\"https:\/\/www.rassegnastampa-totustuus.it\/cattolica\/wp-content\/uploads\/2018\/12\/droga_spacciatori.jpg\" alt=\"\" width=\"337\" height=\"224\" \/>Il messaggio pertanto che parte dal convegno \u00e8 che c\u2019\u00e8 un mondo che non si rassegna, un mondo fatto di giovani, di famiglie, di personaggi del mondo dello spettacolo, un mondo che vede al suo fianco le istituzioni che mette in comune le esperienze maturate sul campo per circoscrivere il pi\u00f9 possibile questa deriva e per invertire la rotta: comunit\u00e0, sert, regioni, professioni a vario titolo coinvolte (psichiatri, psicologi, medici di ogni specializzazione).<\/span><\/p>\n<p style=\"text-align: justify;\"><span style=\"color: #000000;\">Come spiega Alfredo Mantovano dall\u2019 avvio dell\u2019attivit\u00e0 di questo governo c\u2019\u00e8 stata la volont\u00e0 di rendere questa condivisione effettiva e concreta con incontri periodici e tavoli tecnici per entrare nel dettaglio e trovare le soluzioni ad ogni tipo di dipendenza. Il sottosegretario sottolinea che bisogna, a tal proposito, ampliare le competenze del dipartimento politiche anti droga ricomprendendo tutti i tipi di dipendenza.<\/span><\/p>\n<p style=\"text-align: justify;\"><span style=\"color: #000000;\">Tutto questo \u00e8 possibile avviando un percorso per l\u2019autonomia e consistenza delle risorse che sono dedicate al settore con l\u2019istituzione di un fondo nazionale per la lotta alle dipendenze patologiche, atteso che il fondo nazionale per le politiche antidroga, istituito all\u2019 circa un decennio fa, \u00e8 stato poi fatto confluire in un fondo pi\u00f9 ampio, invece-ribadisce Mantovano- \u00e8 necessario che ci sia una gestione autonoma.<\/span><\/p>\n<p style=\"text-align: justify;\"><span style=\"color: #000000;\"><img loading=\"lazy\" decoding=\"async\" class=\" wp-image-56695 alignleft\" src=\"https:\/\/www.rassegnastampa-totustuus.it\/cattolica\/wp-content\/uploads\/2023\/07\/droga.jpg\" alt=\"\" width=\"268\" height=\"219\" \/>A novembre del 2021 a Genova si \u00e8 tenuta la conferenza nazionale sulle dipendenze che secondo il testo unico sulle droghe dovrebbe tenersi ogni tre anni, quella immediatamente antecedente si era svolta tredici anni prima a conferma della disattenzione generale delle istituzioni.<\/span><\/p>\n<p style=\"text-align: justify;\"><span style=\"color: #000000;\">Urge, pertanto, calendarizzare una nuova conferenza per porre al centro del dibattito politico e culturale la questione fondamentale che non \u00e8 la sostanza ma la persona finalmente posta al centro nell\u2019 interlocuzione.<\/span><\/p>\n<p style=\"text-align: justify;\">I<span style=\"color: #000000;\">n particolare- continua Mantovano- col ministro della Salute \u00e8 stato posto l\u2019accento sul diritto di scelta: non \u00e8 possibile che se un paziente intende sottoporsi a una cura ha la possibilit\u00e0 di farlo in ogni zona del territorio nazionale e poi per chi invece intende affrontare un percorso di recupero dalla tossicodipendenza si venga vincolati al territorio dove risiede quando la variet\u00e0 degli approcci al recupero pu\u00f2 far preferire una soluzione pi\u00f9 adeguata<\/span><\/p>\n<p style=\"text-align: justify;\"><span style=\"color: #000000;\">.Mantovano conclude affermando un concetto fondamentale nella lotta alle dipendenze e cio\u00e8 che la sfida veramente cruciale \u00e8 quelle educativa.<\/span><\/p>\n<p style=\"text-align: center;\"><span style=\"color: #0000ff;\"><strong><a style=\"color: #0000ff;\" href=\"https:\/\/www.youtube.com\/watch?v=8sqTUKzxRLI\" target=\"_blank\" rel=\"noopener\">Vedi il video completo dell\u2019evento<\/a><\/strong><\/span><\/p>\n","protected":false},"excerpt":{"rendered":"<p>Abstract: Droga, la relazione annuale 2023 fornisce un quadro il pi\u00f9 accurato possibile del fenomeno delle tossicodipendenze . La relazione \u00e8 stata inviata al Parlamento dal Sottosegretario Alfredo Mantovano, il quale ha sottolineato \u00a0un concetto fondamentale nella lotta alle dipendenze e cio\u00e8 che la sfida veramente cruciale \u00e8 quelle educativa.<\/p><p><a class=\"more-link btn\" href=\"https:\/\/www.rassegnastampa-totustuus.it\/cattolica\/droga-la-relazione-annuale\/\">Continua a leggere<\/a><\/p>\n","protected":false},"author":6,"featured_media":41554,"comment_status":"closed","ping_status":"closed","sticky":false,"template":"","format":"standard","meta":{"footnotes":""},"categories":[12],"tags":[278],"class_list":["post-56777","post","type-post","status-publish","format-standard","has-post-thumbnail","hentry","category-droga","tag-droga-2","item-wrap"],"yoast_head":"<!-- This site is optimized with the Yoast SEO plugin v27.5 - https:\/\/yoast.com\/product\/yoast-seo-wordpress\/ -->\n<title>Droga, la relazione annuale - Rassegna Stampa Cattolica<\/title>\n<meta name=\"description\" content=\"Droga, la relazione annuale sul fenomeno delle tossicodipendenze 2023 fornisce un quadro del fenomeno delle tossicodipendenze\" \/>\n<meta name=\"robots\" content=\"index, follow, max-snippet:-1, max-image-preview:large, max-video-preview:-1\" \/>\n<link rel=\"canonical\" href=\"https:\/\/www.rassegnastampa-totustuus.it\/cattolica\/droga-la-relazione-annuale\/\" \/>\n<meta property=\"og:locale\" content=\"it_IT\" \/>\n<meta property=\"og:type\" content=\"article\" \/>\n<meta property=\"og:title\" content=\"Droga, la relazione annuale - Rassegna Stampa Cattolica\" \/>\n<meta property=\"og:description\" content=\"Droga, la relazione annuale sul fenomeno delle tossicodipendenze 2023 fornisce un quadro del fenomeno delle tossicodipendenze\" \/>\n<meta property=\"og:url\" content=\"https:\/\/www.rassegnastampa-totustuus.it\/cattolica\/droga-la-relazione-annuale\/\" \/>\n<meta property=\"og:site_name\" content=\"Rassegna Stampa Cattolica\" \/>\n<meta property=\"article:publisher\" content=\"https:\/\/www.facebook.com\/rassegnastampacattolica\" \/>\n<meta property=\"article:published_time\" content=\"2023-08-30T22:00:00+00:00\" \/>\n<meta property=\"article:modified_time\" content=\"2023-12-09T16:46:31+00:00\" \/>\n<meta property=\"og:image\" content=\"https:\/\/www.rassegnastampa-totustuus.it\/cattolica\/wp-content\/uploads\/2018\/11\/droga.jpg\" \/>\n\t<meta property=\"og:image:width\" content=\"300\" \/>\n\t<meta property=\"og:image:height\" content=\"168\" \/>\n\t<meta property=\"og:image:type\" content=\"image\/jpeg\" \/>\n<meta name=\"author\" content=\"Redazione\" \/>\n<meta name=\"twitter:card\" content=\"summary_large_image\" \/>\n<meta name=\"twitter:creator\" content=\"@rassegnastampa9\" \/>\n<meta name=\"twitter:site\" content=\"@rassegnastampa9\" \/>\n<meta name=\"twitter:label1\" content=\"Scritto da\" \/>\n\t<meta name=\"twitter:data1\" content=\"Redazione\" \/>\n\t<meta name=\"twitter:label2\" content=\"Tempo di lettura stimato\" \/>\n\t<meta name=\"twitter:data2\" content=\"6 minuti\" \/>\n<script type=\"application\/ld+json\" class=\"yoast-schema-graph\">{\"@context\":\"https:\\\/\\\/schema.org\",\"@graph\":[{\"@type\":\"Article\",\"@id\":\"https:\\\/\\\/www.rassegnastampa-totustuus.it\\\/cattolica\\\/droga-la-relazione-annuale\\\/#article\",\"isPartOf\":{\"@id\":\"https:\\\/\\\/www.rassegnastampa-totustuus.it\\\/cattolica\\\/droga-la-relazione-annuale\\\/\"},\"author\":{\"name\":\"Redazione\",\"@id\":\"https:\\\/\\\/www.rassegnastampa-totustuus.it\\\/cattolica\\\/#\\\/schema\\\/person\\\/08f319d2bd1a0904ad9e2bfb7b15e5c3\"},\"headline\":\"Droga, la relazione annuale\",\"datePublished\":\"2023-08-30T22:00:00+00:00\",\"dateModified\":\"2023-12-09T16:46:31+00:00\",\"mainEntityOfPage\":{\"@id\":\"https:\\\/\\\/www.rassegnastampa-totustuus.it\\\/cattolica\\\/droga-la-relazione-annuale\\\/\"},\"wordCount\":779,\"publisher\":{\"@id\":\"https:\\\/\\\/www.rassegnastampa-totustuus.it\\\/cattolica\\\/#organization\"},\"image\":{\"@id\":\"https:\\\/\\\/www.rassegnastampa-totustuus.it\\\/cattolica\\\/droga-la-relazione-annuale\\\/#primaryimage\"},\"thumbnailUrl\":\"https:\\\/\\\/www.rassegnastampa-totustuus.it\\\/cattolica\\\/wp-content\\\/uploads\\\/2018\\\/11\\\/droga.jpg\",\"keywords\":[\"droga\"],\"articleSection\":[\"Droga\"],\"inLanguage\":\"it-IT\"},{\"@type\":\"WebPage\",\"@id\":\"https:\\\/\\\/www.rassegnastampa-totustuus.it\\\/cattolica\\\/droga-la-relazione-annuale\\\/\",\"url\":\"https:\\\/\\\/www.rassegnastampa-totustuus.it\\\/cattolica\\\/droga-la-relazione-annuale\\\/\",\"name\":\"Droga, la relazione annuale - Rassegna Stampa Cattolica\",\"isPartOf\":{\"@id\":\"https:\\\/\\\/www.rassegnastampa-totustuus.it\\\/cattolica\\\/#website\"},\"primaryImageOfPage\":{\"@id\":\"https:\\\/\\\/www.rassegnastampa-totustuus.it\\\/cattolica\\\/droga-la-relazione-annuale\\\/#primaryimage\"},\"image\":{\"@id\":\"https:\\\/\\\/www.rassegnastampa-totustuus.it\\\/cattolica\\\/droga-la-relazione-annuale\\\/#primaryimage\"},\"thumbnailUrl\":\"https:\\\/\\\/www.rassegnastampa-totustuus.it\\\/cattolica\\\/wp-content\\\/uploads\\\/2018\\\/11\\\/droga.jpg\",\"datePublished\":\"2023-08-30T22:00:00+00:00\",\"dateModified\":\"2023-12-09T16:46:31+00:00\",\"description\":\"Droga, la relazione annuale sul fenomeno delle tossicodipendenze 2023 fornisce un quadro del fenomeno delle tossicodipendenze\",\"breadcrumb\":{\"@id\":\"https:\\\/\\\/www.rassegnastampa-totustuus.it\\\/cattolica\\\/droga-la-relazione-annuale\\\/#breadcrumb\"},\"inLanguage\":\"it-IT\",\"potentialAction\":[{\"@type\":\"ReadAction\",\"target\":[\"https:\\\/\\\/www.rassegnastampa-totustuus.it\\\/cattolica\\\/droga-la-relazione-annuale\\\/\"]}]},{\"@type\":\"ImageObject\",\"inLanguage\":\"it-IT\",\"@id\":\"https:\\\/\\\/www.rassegnastampa-totustuus.it\\\/cattolica\\\/droga-la-relazione-annuale\\\/#primaryimage\",\"url\":\"https:\\\/\\\/www.rassegnastampa-totustuus.it\\\/cattolica\\\/wp-content\\\/uploads\\\/2018\\\/11\\\/droga.jpg\",\"contentUrl\":\"https:\\\/\\\/www.rassegnastampa-totustuus.it\\\/cattolica\\\/wp-content\\\/uploads\\\/2018\\\/11\\\/droga.jpg\",\"width\":300,\"height\":168},{\"@type\":\"BreadcrumbList\",\"@id\":\"https:\\\/\\\/www.rassegnastampa-totustuus.it\\\/cattolica\\\/droga-la-relazione-annuale\\\/#breadcrumb\",\"itemListElement\":[{\"@type\":\"ListItem\",\"position\":1,\"name\":\"Home\",\"item\":\"https:\\\/\\\/www.rassegnastampa-totustuus.it\\\/cattolica\\\/\"},{\"@type\":\"ListItem\",\"position\":2,\"name\":\"Droga, la relazione annuale\"}]},{\"@type\":\"WebSite\",\"@id\":\"https:\\\/\\\/www.rassegnastampa-totustuus.it\\\/cattolica\\\/#website\",\"url\":\"https:\\\/\\\/www.rassegnastampa-totustuus.it\\\/cattolica\\\/\",\"name\":\"Rassegna Stampa Cattolica\",\"description\":\"Per una cultura che nasce dalla Rivelazione cristiana in conformit\u00e0 alla tradizione e al Magistero della Chiesa in opposizione ad ogni relativismo e totalitarismo\",\"publisher\":{\"@id\":\"https:\\\/\\\/www.rassegnastampa-totustuus.it\\\/cattolica\\\/#organization\"},\"alternateName\":\"Rass. Cattolica\",\"potentialAction\":[{\"@type\":\"SearchAction\",\"target\":{\"@type\":\"EntryPoint\",\"urlTemplate\":\"https:\\\/\\\/www.rassegnastampa-totustuus.it\\\/cattolica\\\/?s={search_term_string}\"},\"query-input\":{\"@type\":\"PropertyValueSpecification\",\"valueRequired\":true,\"valueName\":\"search_term_string\"}}],\"inLanguage\":\"it-IT\"},{\"@type\":\"Organization\",\"@id\":\"https:\\\/\\\/www.rassegnastampa-totustuus.it\\\/cattolica\\\/#organization\",\"name\":\"Rassegna Stampa Cattolica\",\"url\":\"https:\\\/\\\/www.rassegnastampa-totustuus.it\\\/cattolica\\\/\",\"logo\":{\"@type\":\"ImageObject\",\"inLanguage\":\"it-IT\",\"@id\":\"https:\\\/\\\/www.rassegnastampa-totustuus.it\\\/cattolica\\\/#\\\/schema\\\/logo\\\/image\\\/\",\"url\":\"https:\\\/\\\/www.rassegnastampa-totustuus.it\\\/cattolica\\\/wp-content\\\/uploads\\\/2014\\\/04\\\/logo-rassegna1.gif\",\"contentUrl\":\"https:\\\/\\\/www.rassegnastampa-totustuus.it\\\/cattolica\\\/wp-content\\\/uploads\\\/2014\\\/04\\\/logo-rassegna1.gif\",\"width\":600,\"height\":163,\"caption\":\"Rassegna Stampa Cattolica\"},\"image\":{\"@id\":\"https:\\\/\\\/www.rassegnastampa-totustuus.it\\\/cattolica\\\/#\\\/schema\\\/logo\\\/image\\\/\"},\"sameAs\":[\"https:\\\/\\\/www.facebook.com\\\/rassegnastampacattolica\",\"https:\\\/\\\/x.com\\\/rassegnastampa9\"]},{\"@type\":\"Person\",\"@id\":\"https:\\\/\\\/www.rassegnastampa-totustuus.it\\\/cattolica\\\/#\\\/schema\\\/person\\\/08f319d2bd1a0904ad9e2bfb7b15e5c3\",\"name\":\"Redazione\",\"image\":{\"@type\":\"ImageObject\",\"inLanguage\":\"it-IT\",\"@id\":\"https:\\\/\\\/secure.gravatar.com\\\/avatar\\\/2fcdf27c78ea025fbdb44e914cc63c72249ffec9dc8aafd5c82b26240ef3f346?s=96&d=mm&r=g\",\"url\":\"https:\\\/\\\/secure.gravatar.com\\\/avatar\\\/2fcdf27c78ea025fbdb44e914cc63c72249ffec9dc8aafd5c82b26240ef3f346?s=96&d=mm&r=g\",\"contentUrl\":\"https:\\\/\\\/secure.gravatar.com\\\/avatar\\\/2fcdf27c78ea025fbdb44e914cc63c72249ffec9dc8aafd5c82b26240ef3f346?s=96&d=mm&r=g\",\"caption\":\"Redazione\"},\"url\":\"https:\\\/\\\/www.rassegnastampa-totustuus.it\\\/cattolica\\\/author\\\/pietroelle\\\/\"}]}<\/script>\n<!-- \/ Yoast SEO plugin. -->","yoast_head_json":{"title":"Droga, la relazione annuale - Rassegna Stampa Cattolica","description":"Droga, la relazione annuale sul fenomeno delle tossicodipendenze 2023 fornisce un quadro del fenomeno delle tossicodipendenze","robots":{"index":"index","follow":"follow","max-snippet":"max-snippet:-1","max-image-preview":"max-image-preview:large","max-video-preview":"max-video-preview:-1"},"canonical":"https:\/\/www.rassegnastampa-totustuus.it\/cattolica\/droga-la-relazione-annuale\/","og_locale":"it_IT","og_type":"article","og_title":"Droga, la relazione annuale - Rassegna Stampa Cattolica","og_description":"Droga, la relazione annuale sul fenomeno delle tossicodipendenze 2023 fornisce un quadro del fenomeno delle tossicodipendenze","og_url":"https:\/\/www.rassegnastampa-totustuus.it\/cattolica\/droga-la-relazione-annuale\/","og_site_name":"Rassegna Stampa Cattolica","article_publisher":"https:\/\/www.facebook.com\/rassegnastampacattolica","article_published_time":"2023-08-30T22:00:00+00:00","article_modified_time":"2023-12-09T16:46:31+00:00","og_image":[{"width":300,"height":168,"url":"https:\/\/www.rassegnastampa-totustuus.it\/cattolica\/wp-content\/uploads\/2018\/11\/droga.jpg","type":"image\/jpeg"}],"author":"Redazione","twitter_card":"summary_large_image","twitter_creator":"@rassegnastampa9","twitter_site":"@rassegnastampa9","twitter_misc":{"Scritto da":"Redazione","Tempo di lettura stimato":"6 minuti"},"schema":{"@context":"https:\/\/schema.org","@graph":[{"@type":"Article","@id":"https:\/\/www.rassegnastampa-totustuus.it\/cattolica\/droga-la-relazione-annuale\/#article","isPartOf":{"@id":"https:\/\/www.rassegnastampa-totustuus.it\/cattolica\/droga-la-relazione-annuale\/"},"author":{"name":"Redazione","@id":"https:\/\/www.rassegnastampa-totustuus.it\/cattolica\/#\/schema\/person\/08f319d2bd1a0904ad9e2bfb7b15e5c3"},"headline":"Droga, la relazione annuale","datePublished":"2023-08-30T22:00:00+00:00","dateModified":"2023-12-09T16:46:31+00:00","mainEntityOfPage":{"@id":"https:\/\/www.rassegnastampa-totustuus.it\/cattolica\/droga-la-relazione-annuale\/"},"wordCount":779,"publisher":{"@id":"https:\/\/www.rassegnastampa-totustuus.it\/cattolica\/#organization"},"image":{"@id":"https:\/\/www.rassegnastampa-totustuus.it\/cattolica\/droga-la-relazione-annuale\/#primaryimage"},"thumbnailUrl":"https:\/\/www.rassegnastampa-totustuus.it\/cattolica\/wp-content\/uploads\/2018\/11\/droga.jpg","keywords":["droga"],"articleSection":["Droga"],"inLanguage":"it-IT"},{"@type":"WebPage","@id":"https:\/\/www.rassegnastampa-totustuus.it\/cattolica\/droga-la-relazione-annuale\/","url":"https:\/\/www.rassegnastampa-totustuus.it\/cattolica\/droga-la-relazione-annuale\/","name":"Droga, la relazione annuale - Rassegna Stampa Cattolica","isPartOf":{"@id":"https:\/\/www.rassegnastampa-totustuus.it\/cattolica\/#website"},"primaryImageOfPage":{"@id":"https:\/\/www.rassegnastampa-totustuus.it\/cattolica\/droga-la-relazione-annuale\/#primaryimage"},"image":{"@id":"https:\/\/www.rassegnastampa-totustuus.it\/cattolica\/droga-la-relazione-annuale\/#primaryimage"},"thumbnailUrl":"https:\/\/www.rassegnastampa-totustuus.it\/cattolica\/wp-content\/uploads\/2018\/11\/droga.jpg","datePublished":"2023-08-30T22:00:00+00:00","dateModified":"2023-12-09T16:46:31+00:00","description":"Droga, la relazione annuale sul fenomeno delle tossicodipendenze 2023 fornisce un quadro del fenomeno delle tossicodipendenze","breadcrumb":{"@id":"https:\/\/www.rassegnastampa-totustuus.it\/cattolica\/droga-la-relazione-annuale\/#breadcrumb"},"inLanguage":"it-IT","potentialAction":[{"@type":"ReadAction","target":["https:\/\/www.rassegnastampa-totustuus.it\/cattolica\/droga-la-relazione-annuale\/"]}]},{"@type":"ImageObject","inLanguage":"it-IT","@id":"https:\/\/www.rassegnastampa-totustuus.it\/cattolica\/droga-la-relazione-annuale\/#primaryimage","url":"https:\/\/www.rassegnastampa-totustuus.it\/cattolica\/wp-content\/uploads\/2018\/11\/droga.jpg","contentUrl":"https:\/\/www.rassegnastampa-totustuus.it\/cattolica\/wp-content\/uploads\/2018\/11\/droga.jpg","width":300,"height":168},{"@type":"BreadcrumbList","@id":"https:\/\/www.rassegnastampa-totustuus.it\/cattolica\/droga-la-relazione-annuale\/#breadcrumb","itemListElement":[{"@type":"ListItem","position":1,"name":"Home","item":"https:\/\/www.rassegnastampa-totustuus.it\/cattolica\/"},{"@type":"ListItem","position":2,"name":"Droga, la relazione annuale"}]},{"@type":"WebSite","@id":"https:\/\/www.rassegnastampa-totustuus.it\/cattolica\/#website","url":"https:\/\/www.rassegnastampa-totustuus.it\/cattolica\/","name":"Rassegna Stampa Cattolica","description":"Per una cultura che nasce dalla Rivelazione cristiana in conformit\u00e0 alla tradizione e al Magistero della Chiesa in opposizione ad ogni relativismo e totalitarismo","publisher":{"@id":"https:\/\/www.rassegnastampa-totustuus.it\/cattolica\/#organization"},"alternateName":"Rass. Cattolica","potentialAction":[{"@type":"SearchAction","target":{"@type":"EntryPoint","urlTemplate":"https:\/\/www.rassegnastampa-totustuus.it\/cattolica\/?s={search_term_string}"},"query-input":{"@type":"PropertyValueSpecification","valueRequired":true,"valueName":"search_term_string"}}],"inLanguage":"it-IT"},{"@type":"Organization","@id":"https:\/\/www.rassegnastampa-totustuus.it\/cattolica\/#organization","name":"Rassegna Stampa Cattolica","url":"https:\/\/www.rassegnastampa-totustuus.it\/cattolica\/","logo":{"@type":"ImageObject","inLanguage":"it-IT","@id":"https:\/\/www.rassegnastampa-totustuus.it\/cattolica\/#\/schema\/logo\/image\/","url":"https:\/\/www.rassegnastampa-totustuus.it\/cattolica\/wp-content\/uploads\/2014\/04\/logo-rassegna1.gif","contentUrl":"https:\/\/www.rassegnastampa-totustuus.it\/cattolica\/wp-content\/uploads\/2014\/04\/logo-rassegna1.gif","width":600,"height":163,"caption":"Rassegna Stampa Cattolica"},"image":{"@id":"https:\/\/www.rassegnastampa-totustuus.it\/cattolica\/#\/schema\/logo\/image\/"},"sameAs":["https:\/\/www.facebook.com\/rassegnastampacattolica","https:\/\/x.com\/rassegnastampa9"]},{"@type":"Person","@id":"https:\/\/www.rassegnastampa-totustuus.it\/cattolica\/#\/schema\/person\/08f319d2bd1a0904ad9e2bfb7b15e5c3","name":"Redazione","image":{"@type":"ImageObject","inLanguage":"it-IT","@id":"https:\/\/secure.gravatar.com\/avatar\/2fcdf27c78ea025fbdb44e914cc63c72249ffec9dc8aafd5c82b26240ef3f346?s=96&d=mm&r=g","url":"https:\/\/secure.gravatar.com\/avatar\/2fcdf27c78ea025fbdb44e914cc63c72249ffec9dc8aafd5c82b26240ef3f346?s=96&d=mm&r=g","contentUrl":"https:\/\/secure.gravatar.com\/avatar\/2fcdf27c78ea025fbdb44e914cc63c72249ffec9dc8aafd5c82b26240ef3f346?s=96&d=mm&r=g","caption":"Redazione"},"url":"https:\/\/www.rassegnastampa-totustuus.it\/cattolica\/author\/pietroelle\/"}]}},"_links":{"self":[{"href":"https:\/\/www.rassegnastampa-totustuus.it\/cattolica\/wp-json\/wp\/v2\/posts\/56777","targetHints":{"allow":["GET"]}}],"collection":[{"href":"https:\/\/www.rassegnastampa-totustuus.it\/cattolica\/wp-json\/wp\/v2\/posts"}],"about":[{"href":"https:\/\/www.rassegnastampa-totustuus.it\/cattolica\/wp-json\/wp\/v2\/types\/post"}],"author":[{"embeddable":true,"href":"https:\/\/www.rassegnastampa-totustuus.it\/cattolica\/wp-json\/wp\/v2\/users\/6"}],"replies":[{"embeddable":true,"href":"https:\/\/www.rassegnastampa-totustuus.it\/cattolica\/wp-json\/wp\/v2\/comments?post=56777"}],"version-history":[{"count":2,"href":"https:\/\/www.rassegnastampa-totustuus.it\/cattolica\/wp-json\/wp\/v2\/posts\/56777\/revisions"}],"predecessor-version":[{"id":58053,"href":"https:\/\/www.rassegnastampa-totustuus.it\/cattolica\/wp-json\/wp\/v2\/posts\/56777\/revisions\/58053"}],"wp:featuredmedia":[{"embeddable":true,"href":"https:\/\/www.rassegnastampa-totustuus.it\/cattolica\/wp-json\/wp\/v2\/media\/41554"}],"wp:attachment":[{"href":"https:\/\/www.rassegnastampa-totustuus.it\/cattolica\/wp-json\/wp\/v2\/media?parent=56777"}],"wp:term":[{"taxonomy":"category","embeddable":true,"href":"https:\/\/www.rassegnastampa-totustuus.it\/cattolica\/wp-json\/wp\/v2\/categories?post=56777"},{"taxonomy":"post_tag","embeddable":true,"href":"https:\/\/www.rassegnastampa-totustuus.it\/cattolica\/wp-json\/wp\/v2\/tags?post=56777"}],"curies":[{"name":"wp","href":"https:\/\/api.w.org\/{rel}","templated":true}]}}