{"id":56722,"date":"2023-07-27T00:00:00","date_gmt":"2023-07-26T22:00:00","guid":{"rendered":"https:\/\/www.rassegnastampa-totustuus.it\/cattolica\/?p=56722"},"modified":"2024-01-04T16:45:17","modified_gmt":"2024-01-04T15:45:17","slug":"santo-rosario-unarma-della-fede","status":"publish","type":"post","link":"https:\/\/www.rassegnastampa-totustuus.it\/cattolica\/santo-rosario-unarma-della-fede\/","title":{"rendered":"Santo rosario un&#8217;arma della fede"},"content":{"rendered":"<p style=\"text-align: justify;\"><span style=\"color: #000000;\"><strong><img loading=\"lazy\" decoding=\"async\" class=\" wp-image-35257 alignright\" src=\"https:\/\/www.rassegnastampa-totustuus.it\/cattolica\/wp-content\/uploads\/2010\/10\/rosario.jpg\" alt=\"\" width=\"362\" height=\"241\" \/><\/strong><strong>Abstract: <\/strong><em>Santo rosario un&#8217;arma della fede. In questa nostra et\u00e0\u00a0 veramente ostile alla Chiesa, la devozione a Maria e al santo rosario torni\u00a0 ad essere tenuto in\u00a0 grande\u00a0 considerazione, a sostegno delle nostre battaglie e a protezione dai nemici. Le nostre preghiere, tese ad ottenere, con il sostegno di tutti i Santi del Paradiso, il favore di Dio per la sua Chiesa, sono sempre ben accette e ascoltate<\/em><\/span><!--more--><\/p>\n<p style=\"text-align: center;\"><span style=\"color: #000000;\"><span style=\"color: #0000ff;\"><a style=\"color: #0000ff;\" href=\"https:\/\/www.atfp.it\/\" target=\"_blank\" rel=\"noopener\"><strong>Tradizione Famiglia Propriet\u00e0<\/strong><\/a><\/span> n.95 Ottobre 2022<\/span><\/p>\n<h3 style=\"text-align: center;\"><span style=\"color: #000000;\">La devozione del santo Rosario, un\u2019arma da guerra validissima per sconfiggere i nemici della fede<\/span><\/h3>\n<p style=\"text-align: center;\">\u00a0<span style=\"color: #000000;\"><strong><em>Dall\u2019<a href=\"https:\/\/www.vatican.va\/content\/leo-xiii\/it\/encyclicals\/documents\/hf_l-xiii_enc_22091891_octobri-mense.html\" target=\"_blank\" rel=\"noopener\">enciclica Octobri Mense di Leone XII<\/a>I (22-9-1891):<\/em><\/strong> <\/span><\/p>\n<p style=\"text-align: justify;\"><span style=\"color: #000000;\">E\u2019 da credere, tra l\u2019altro, che la stessa Regina celeste valorizzi in special modo, col suo appoggio, l\u2019efficacia della preghiera del Rosario, proprio perch\u00e9, per sua iniziativa e suggerimento, fu istituita e divulgata dal famoso Patriarca (San) Domenico, in un periodo tristissimo per il Cattolicesimo, non molto diverso dall\u2019attuale, quasi come un\u2019arma da guerra validissima per sconfiggere i nemici della fede.<\/span><\/p>\n<p style=\"text-align: justify;\"><span style=\"color: #000000;\"><img loading=\"lazy\" decoding=\"async\" class=\" wp-image-30024 alignleft\" src=\"https:\/\/www.rassegnastampa-totustuus.it\/cattolica\/wp-content\/uploads\/2004\/11\/santo_rosario.jpg\" alt=\"\" width=\"336\" height=\"252\" \/>La setta degli eretici Albigesi, infatti, aveva invaso molte regioni, sia in forma clandestina, sia manifesta; orribile emanazione dei Manichei, ne rinnovava gli spaventosi errori e ne ripeteva le violenze, le ipocrisie e il pi\u00f9 accanito odio verso la Chiesa. Contro questa arrogante e pericolosissima moltitudine ben poco si poteva sperare dalle forze degli uomini, quando giunse l\u2019aiuto direttamente da Dio per merito del Rosario. E cos\u00ec, col favore della Vergine, gloriosa vincitrice di tutte le eresie, furono annullate e distrutte le forze degli empi e salvata la fede di tanti. Molti altri fatti simili a questo, accaduti presso diverse popolazioni, come pericoli allontanatio benefici ottenuti, sono sufficientemente noti e la storia li ricorda, sia in passato, sia in tempi recenti, con splendide testimonianze.<\/span><\/p>\n<p style=\"text-align: justify;\"><span style=\"color: #000000;\">A ci\u00f2 si aggiunge, inoltre, un\u2019altra valida, convincente argomentazione: da quando fu istituita, la pratica del Rosario fu subito accettata e resa operante ovunque, presso ogni classe sociale. In verit\u00e0, con nobili appellativi e in molti modi la devozione dei cristiani rende onore alla Madre di Dio, che unica fra tutte le creature rifulge per tanti meriti. Tuttavia, la recita del Rosario, questa particolare preghiera nella quale sembrano concentrarsi la testimonianza della fede e il culto dovuto alla Madonna, \u00e8 sempre stata singolarmente amata. Al Rosario, sia in privato, sia in pubblico, nelle case e nelle famiglie, \u00e8 stata dedicata una speciale attenzione, costituendo associazioni, consacrando altari, pro-muovendo processioni, nella convinzione che non esista una preghiera che possa meglio onorare la Vergine nelle sue solennit\u00e0 e ottenerne la protezione e i favori.<\/span><\/p>\n<p style=\"text-align: justify;\"><span style=\"color: #000000;\"><img loading=\"lazy\" decoding=\"async\" class=\" wp-image-7381 alignright\" src=\"https:\/\/www.rassegnastampa-totustuus.it\/cattolica\/wp-content\/uploads\/2014\/04\/rosario.jpg\" alt=\"\" width=\"287\" height=\"287\" srcset=\"https:\/\/www.rassegnastampa-totustuus.it\/cattolica\/wp-content\/uploads\/2014\/04\/rosario.jpg 225w, https:\/\/www.rassegnastampa-totustuus.it\/cattolica\/wp-content\/uploads\/2014\/04\/rosario-150x150.jpg 150w\" sizes=\"auto, (max-width: 287px) 100vw, 287px\" \/>A questo proposito, non si pu\u00f2 passare sotto silenzio un fatto che evidenzia il sorprendente, provvidenziale intervento della nostra celestiale Protettrice. Quando, col passare degli anni, ci si accorse che presso certe popolazioni si andava spegnendo il sentimento religioso e si trascurava la stessa consuetudine di questa preghiera, nel momento in cui gli eventi pubblici si stavano avviando verso una situazione pericolosa e incombevano bisogni urgenti, con generale consenso venne ripristinata, a preferenza di altre pratiche religiose, la preghiera del Rosario, che recuper\u00f2 il suo posto d\u2019onore e riacquist\u00f2 ovunque il suo valore salvifico.<\/span><\/p>\n<p style=\"text-align: justify;\"><span style=\"color: #000000;\">Non occorre cercare testimonianze di ci\u00f2 in tempi lontani: abbiamo luminosi esempi al presente. In questa nostra et\u00e0 che, come abbiamo ricordato all\u2019inizio \u00e8 veramente ostile alla Chiesa, a Noi, che per volere divino siamo incaricati di governarla, \u00e8 dato per\u00f2 di osservare e ammirare con compiacimento che in ogni luogo, fra le popolazioni cattoliche, si onora e si tiene in grande considerazione la pratica del Rosario.<\/span><\/p>\n<p style=\"text-align: justify;\"><span style=\"color: #000000;\">Ci\u00f2 \u00e8 da attribuire esclusivamente a Dio, che guida e regge le sorti degli uomini, e non alla saggezza e allo zelo di questi ultimi. Di conseguenza il Nostro animo, mentre si rallegra e si riconforta, nutre un\u2019incrollabile fiducia in ulteriori e pi\u00f9 grandi trionfi della Chiesa, auspice Maria.<\/span><\/p>\n<p style=\"text-align: justify;\"><span style=\"color: #000000;\"><img loading=\"lazy\" decoding=\"async\" class=\" wp-image-56723 alignleft\" src=\"https:\/\/www.rassegnastampa-totustuus.it\/cattolica\/wp-content\/uploads\/2023\/07\/Madonna_Rosario_Maria.jpg\" alt=\"\" width=\"248\" height=\"297\" \/>Tuttavia ci sono alcuni che, pur convinti di tutto ci\u00f2 che noi abbiamo giustamente ricordato, non vedendo fino ad ora realizzato nulla di quanto avevano sperato, specialmente riguardo alla pace e alla tranquillit\u00e0 della Chiesa, anzi, constatando che forse i tempi tendono al peggio, abbandonano, stanchi e sfiduciati, la buona abitudine di pregare con convinzione. Stando cos\u00ec le cose, gli uomini dovrebbero prima controllare se le preghiere che rivolgono a Dio possiedono, secondo il precetto di Cristo Signore, le giuste virt\u00f9: se cos\u00ec fosse, considerino che \u00e8 indegno e illecito voler imporre a Dio il modo e il tempo di venirci in aiuto.<\/span><\/p>\n<p style=\"text-align: justify;\"><span style=\"color: #000000;\">Egli nulla ci deve, e quando esaudisce le nostre preghiere e \u201ccorona i meriti nostri, non corona altro che i suoi doni\u201d. Quando non asseconda del tutto le nostre richieste, si comporta saggiamente come un buon padre con i figli, perdonando la loro stoltezza e avendo cura del loro benessere.<\/span><\/p>\n<p style=\"text-align: justify;\"><span style=\"color: #000000;\">In realt\u00e0, le nostre preghiere, tese ad ottenere, con il sostegno di tutti i Santi del Paradiso, il favore di Dio per la sua Chiesa, sono sempre ben accette e ascoltate da lui, sia che riguardino l\u2019aspetto spirituale, cio\u00e8 il bene massimo ed eterno, sia che si riferiscano all\u2019aspetto temporale, meno importante, ma sempre a lei necessario. Sicuramente a queste invocazioni aggiunge grande importanza e sicura efficacia, sia per le preghiere, sia per i suoi meriti, Cristo Signore, che \u201cam\u00f2 la Chiesa e sacrific\u00f2 se stesso per lei, al fine di santificarla&#8230; per mostrarla a se stesso vestita di gloria\u201d (Ef 5,25-27); egli, sommo Pontefice di questa Chiesa, santo e innocente, \u201cvive sempre per intercedere in nostro favore\u201d: noi sappiamo per fede che il suo intervento e la sua preghiera ottengono immancabilmente buon esito.<\/span><\/p>\n<p>____________________________<\/p>\n<p><span style=\"color: #000000;\"><strong>Sul santo rosario, arma della fede:<\/strong><\/span><\/p>\n<p><a href=\"https:\/\/www.rassegnastampa-totustuus.it\/cattolica\/il-rosario-in-famiglia-lintercessione-di-maria-nellapostolato-i-pellegrinaggi-virtuali\/\" target=\"_blank\" rel=\"noopener\"><span style=\"color: #0000ff;\">Il Rosario in famiglia, l\u2019intercessione di Maria nell\u2019apostolato, i pellegrinaggi virtuali<\/span><\/a><\/p>\n<p><span style=\"color: #0000ff;\"><a href=\"https:\/\/www.rassegnastampa-totustuus.it\/cattolica\/il-segreto-ammirabile-del-santo-rosario-di-san-luigi-maria-grignon-de-montfort\/\" target=\"_blank\" rel=\"noopener\">Il segreto ammirabile del santo rosario (di San Luigi Maria Grignon de Montfort)\u00a0<\/a><span style=\"color: #000000;\">libro<\/span><\/span><\/p>\n<p><a href=\"https:\/\/www.rassegnastampa-totustuus.it\/cattolica\/la-meravigliosa-storia-del-rosario\/\" target=\"_blank\" rel=\"noopener\"><span style=\"color: #0000ff;\">La meravigliosa storia del rosario<\/span><\/a><\/p>\n","protected":false},"excerpt":{"rendered":"<p>Abstract: Santo rosario un&#8217;arma della fede. In questa nostra et\u00e0\u00a0 veramente ostile alla Chiesa, la devozione a Maria e al santo rosario torni\u00a0 ad essere tenuto in\u00a0 grande\u00a0 considerazione, a sostegno delle nostre battaglie e a protezione dai nemici. Le nostre preghiere, tese ad ottenere, con il sostegno di tutti i Santi del Paradiso, il &hellip; <\/p>\n<p><a class=\"more-link btn\" href=\"https:\/\/www.rassegnastampa-totustuus.it\/cattolica\/santo-rosario-unarma-della-fede\/\">Continua a leggere<\/a><\/p>\n","protected":false},"author":6,"featured_media":35257,"comment_status":"closed","ping_status":"closed","sticky":false,"template":"","format":"standard","meta":{"footnotes":""},"categories":[5],"tags":[157,1271,685],"class_list":["post-56722","post","type-post","status-publish","format-standard","has-post-thumbnail","hentry","category-chiesa","tag-chiesa-2","tag-devozioni","tag-santo-rosario","item-wrap"],"yoast_head":"<!-- This site is optimized with the Yoast SEO plugin v27.5 - https:\/\/yoast.com\/product\/yoast-seo-wordpress\/ -->\n<title>Santo rosario un&#039;arma della fede - Rassegna Stampa Cattolica<\/title>\n<meta name=\"description\" content=\"Santo rosario un&#039;arma della fede contro i nemici, gli eretici e ausilio potente per rafforzare lo spirito preparandolo al combattimento\" \/>\n<meta name=\"robots\" content=\"index, follow, max-snippet:-1, max-image-preview:large, max-video-preview:-1\" \/>\n<link rel=\"canonical\" href=\"https:\/\/www.rassegnastampa-totustuus.it\/cattolica\/santo-rosario-unarma-della-fede\/\" \/>\n<meta property=\"og:locale\" content=\"it_IT\" \/>\n<meta property=\"og:type\" content=\"article\" \/>\n<meta property=\"og:title\" content=\"Santo rosario un&#039;arma della fede - Rassegna Stampa Cattolica\" \/>\n<meta property=\"og:description\" content=\"Santo rosario un&#039;arma della fede contro i nemici, gli eretici e ausilio potente per rafforzare lo spirito preparandolo al combattimento\" \/>\n<meta property=\"og:url\" content=\"https:\/\/www.rassegnastampa-totustuus.it\/cattolica\/santo-rosario-unarma-della-fede\/\" \/>\n<meta property=\"og:site_name\" content=\"Rassegna Stampa Cattolica\" \/>\n<meta property=\"article:publisher\" content=\"https:\/\/www.facebook.com\/rassegnastampacattolica\" \/>\n<meta property=\"article:published_time\" content=\"2023-07-26T22:00:00+00:00\" \/>\n<meta property=\"article:modified_time\" content=\"2024-01-04T15:45:17+00:00\" \/>\n<meta property=\"og:image\" content=\"https:\/\/www.rassegnastampa-totustuus.it\/cattolica\/wp-content\/uploads\/2010\/10\/rosario.jpg\" \/>\n\t<meta property=\"og:image:width\" content=\"275\" \/>\n\t<meta property=\"og:image:height\" content=\"183\" \/>\n\t<meta property=\"og:image:type\" content=\"image\/jpeg\" \/>\n<meta name=\"author\" content=\"Redazione\" \/>\n<meta name=\"twitter:card\" content=\"summary_large_image\" \/>\n<meta name=\"twitter:creator\" content=\"@rassegnastampa9\" \/>\n<meta name=\"twitter:site\" content=\"@rassegnastampa9\" \/>\n<meta name=\"twitter:label1\" content=\"Scritto da\" \/>\n\t<meta name=\"twitter:data1\" content=\"Redazione\" \/>\n\t<meta name=\"twitter:label2\" content=\"Tempo di lettura stimato\" \/>\n\t<meta name=\"twitter:data2\" content=\"7 minuti\" \/>\n<script type=\"application\/ld+json\" class=\"yoast-schema-graph\">{\"@context\":\"https:\\\/\\\/schema.org\",\"@graph\":[{\"@type\":\"Article\",\"@id\":\"https:\\\/\\\/www.rassegnastampa-totustuus.it\\\/cattolica\\\/santo-rosario-unarma-della-fede\\\/#article\",\"isPartOf\":{\"@id\":\"https:\\\/\\\/www.rassegnastampa-totustuus.it\\\/cattolica\\\/santo-rosario-unarma-della-fede\\\/\"},\"author\":{\"name\":\"Redazione\",\"@id\":\"https:\\\/\\\/www.rassegnastampa-totustuus.it\\\/cattolica\\\/#\\\/schema\\\/person\\\/08f319d2bd1a0904ad9e2bfb7b15e5c3\"},\"headline\":\"Santo rosario un&#8217;arma della fede\",\"datePublished\":\"2023-07-26T22:00:00+00:00\",\"dateModified\":\"2024-01-04T15:45:17+00:00\",\"mainEntityOfPage\":{\"@id\":\"https:\\\/\\\/www.rassegnastampa-totustuus.it\\\/cattolica\\\/santo-rosario-unarma-della-fede\\\/\"},\"wordCount\":962,\"publisher\":{\"@id\":\"https:\\\/\\\/www.rassegnastampa-totustuus.it\\\/cattolica\\\/#organization\"},\"image\":{\"@id\":\"https:\\\/\\\/www.rassegnastampa-totustuus.it\\\/cattolica\\\/santo-rosario-unarma-della-fede\\\/#primaryimage\"},\"thumbnailUrl\":\"https:\\\/\\\/www.rassegnastampa-totustuus.it\\\/cattolica\\\/wp-content\\\/uploads\\\/2010\\\/10\\\/rosario.jpg\",\"keywords\":[\"chiesa\",\"devozioni\",\"santo rosario\"],\"articleSection\":[\"Chiesa\"],\"inLanguage\":\"it-IT\"},{\"@type\":\"WebPage\",\"@id\":\"https:\\\/\\\/www.rassegnastampa-totustuus.it\\\/cattolica\\\/santo-rosario-unarma-della-fede\\\/\",\"url\":\"https:\\\/\\\/www.rassegnastampa-totustuus.it\\\/cattolica\\\/santo-rosario-unarma-della-fede\\\/\",\"name\":\"Santo rosario un'arma della fede - Rassegna Stampa Cattolica\",\"isPartOf\":{\"@id\":\"https:\\\/\\\/www.rassegnastampa-totustuus.it\\\/cattolica\\\/#website\"},\"primaryImageOfPage\":{\"@id\":\"https:\\\/\\\/www.rassegnastampa-totustuus.it\\\/cattolica\\\/santo-rosario-unarma-della-fede\\\/#primaryimage\"},\"image\":{\"@id\":\"https:\\\/\\\/www.rassegnastampa-totustuus.it\\\/cattolica\\\/santo-rosario-unarma-della-fede\\\/#primaryimage\"},\"thumbnailUrl\":\"https:\\\/\\\/www.rassegnastampa-totustuus.it\\\/cattolica\\\/wp-content\\\/uploads\\\/2010\\\/10\\\/rosario.jpg\",\"datePublished\":\"2023-07-26T22:00:00+00:00\",\"dateModified\":\"2024-01-04T15:45:17+00:00\",\"description\":\"Santo rosario un'arma della fede contro i nemici, gli eretici e ausilio potente per rafforzare lo spirito preparandolo al combattimento\",\"breadcrumb\":{\"@id\":\"https:\\\/\\\/www.rassegnastampa-totustuus.it\\\/cattolica\\\/santo-rosario-unarma-della-fede\\\/#breadcrumb\"},\"inLanguage\":\"it-IT\",\"potentialAction\":[{\"@type\":\"ReadAction\",\"target\":[\"https:\\\/\\\/www.rassegnastampa-totustuus.it\\\/cattolica\\\/santo-rosario-unarma-della-fede\\\/\"]}]},{\"@type\":\"ImageObject\",\"inLanguage\":\"it-IT\",\"@id\":\"https:\\\/\\\/www.rassegnastampa-totustuus.it\\\/cattolica\\\/santo-rosario-unarma-della-fede\\\/#primaryimage\",\"url\":\"https:\\\/\\\/www.rassegnastampa-totustuus.it\\\/cattolica\\\/wp-content\\\/uploads\\\/2010\\\/10\\\/rosario.jpg\",\"contentUrl\":\"https:\\\/\\\/www.rassegnastampa-totustuus.it\\\/cattolica\\\/wp-content\\\/uploads\\\/2010\\\/10\\\/rosario.jpg\",\"width\":275,\"height\":183},{\"@type\":\"BreadcrumbList\",\"@id\":\"https:\\\/\\\/www.rassegnastampa-totustuus.it\\\/cattolica\\\/santo-rosario-unarma-della-fede\\\/#breadcrumb\",\"itemListElement\":[{\"@type\":\"ListItem\",\"position\":1,\"name\":\"Home\",\"item\":\"https:\\\/\\\/www.rassegnastampa-totustuus.it\\\/cattolica\\\/\"},{\"@type\":\"ListItem\",\"position\":2,\"name\":\"Santo rosario un&#8217;arma della fede\"}]},{\"@type\":\"WebSite\",\"@id\":\"https:\\\/\\\/www.rassegnastampa-totustuus.it\\\/cattolica\\\/#website\",\"url\":\"https:\\\/\\\/www.rassegnastampa-totustuus.it\\\/cattolica\\\/\",\"name\":\"Rassegna Stampa Cattolica\",\"description\":\"Per una cultura che nasce dalla Rivelazione cristiana in conformit\u00e0 alla tradizione e al Magistero della Chiesa in opposizione ad ogni relativismo e totalitarismo\",\"publisher\":{\"@id\":\"https:\\\/\\\/www.rassegnastampa-totustuus.it\\\/cattolica\\\/#organization\"},\"alternateName\":\"Rass. Cattolica\",\"potentialAction\":[{\"@type\":\"SearchAction\",\"target\":{\"@type\":\"EntryPoint\",\"urlTemplate\":\"https:\\\/\\\/www.rassegnastampa-totustuus.it\\\/cattolica\\\/?s={search_term_string}\"},\"query-input\":{\"@type\":\"PropertyValueSpecification\",\"valueRequired\":true,\"valueName\":\"search_term_string\"}}],\"inLanguage\":\"it-IT\"},{\"@type\":\"Organization\",\"@id\":\"https:\\\/\\\/www.rassegnastampa-totustuus.it\\\/cattolica\\\/#organization\",\"name\":\"Rassegna Stampa Cattolica\",\"url\":\"https:\\\/\\\/www.rassegnastampa-totustuus.it\\\/cattolica\\\/\",\"logo\":{\"@type\":\"ImageObject\",\"inLanguage\":\"it-IT\",\"@id\":\"https:\\\/\\\/www.rassegnastampa-totustuus.it\\\/cattolica\\\/#\\\/schema\\\/logo\\\/image\\\/\",\"url\":\"https:\\\/\\\/www.rassegnastampa-totustuus.it\\\/cattolica\\\/wp-content\\\/uploads\\\/2014\\\/04\\\/logo-rassegna1.gif\",\"contentUrl\":\"https:\\\/\\\/www.rassegnastampa-totustuus.it\\\/cattolica\\\/wp-content\\\/uploads\\\/2014\\\/04\\\/logo-rassegna1.gif\",\"width\":600,\"height\":163,\"caption\":\"Rassegna Stampa Cattolica\"},\"image\":{\"@id\":\"https:\\\/\\\/www.rassegnastampa-totustuus.it\\\/cattolica\\\/#\\\/schema\\\/logo\\\/image\\\/\"},\"sameAs\":[\"https:\\\/\\\/www.facebook.com\\\/rassegnastampacattolica\",\"https:\\\/\\\/x.com\\\/rassegnastampa9\"]},{\"@type\":\"Person\",\"@id\":\"https:\\\/\\\/www.rassegnastampa-totustuus.it\\\/cattolica\\\/#\\\/schema\\\/person\\\/08f319d2bd1a0904ad9e2bfb7b15e5c3\",\"name\":\"Redazione\",\"image\":{\"@type\":\"ImageObject\",\"inLanguage\":\"it-IT\",\"@id\":\"https:\\\/\\\/secure.gravatar.com\\\/avatar\\\/2fcdf27c78ea025fbdb44e914cc63c72249ffec9dc8aafd5c82b26240ef3f346?s=96&d=mm&r=g\",\"url\":\"https:\\\/\\\/secure.gravatar.com\\\/avatar\\\/2fcdf27c78ea025fbdb44e914cc63c72249ffec9dc8aafd5c82b26240ef3f346?s=96&d=mm&r=g\",\"contentUrl\":\"https:\\\/\\\/secure.gravatar.com\\\/avatar\\\/2fcdf27c78ea025fbdb44e914cc63c72249ffec9dc8aafd5c82b26240ef3f346?s=96&d=mm&r=g\",\"caption\":\"Redazione\"},\"url\":\"https:\\\/\\\/www.rassegnastampa-totustuus.it\\\/cattolica\\\/author\\\/pietroelle\\\/\"}]}<\/script>\n<!-- \/ Yoast SEO plugin. -->","yoast_head_json":{"title":"Santo rosario un'arma della fede - Rassegna Stampa Cattolica","description":"Santo rosario un'arma della fede contro i nemici, gli eretici e ausilio potente per rafforzare lo spirito preparandolo al combattimento","robots":{"index":"index","follow":"follow","max-snippet":"max-snippet:-1","max-image-preview":"max-image-preview:large","max-video-preview":"max-video-preview:-1"},"canonical":"https:\/\/www.rassegnastampa-totustuus.it\/cattolica\/santo-rosario-unarma-della-fede\/","og_locale":"it_IT","og_type":"article","og_title":"Santo rosario un'arma della fede - Rassegna Stampa Cattolica","og_description":"Santo rosario un'arma della fede contro i nemici, gli eretici e ausilio potente per rafforzare lo spirito preparandolo al combattimento","og_url":"https:\/\/www.rassegnastampa-totustuus.it\/cattolica\/santo-rosario-unarma-della-fede\/","og_site_name":"Rassegna Stampa Cattolica","article_publisher":"https:\/\/www.facebook.com\/rassegnastampacattolica","article_published_time":"2023-07-26T22:00:00+00:00","article_modified_time":"2024-01-04T15:45:17+00:00","og_image":[{"width":275,"height":183,"url":"https:\/\/www.rassegnastampa-totustuus.it\/cattolica\/wp-content\/uploads\/2010\/10\/rosario.jpg","type":"image\/jpeg"}],"author":"Redazione","twitter_card":"summary_large_image","twitter_creator":"@rassegnastampa9","twitter_site":"@rassegnastampa9","twitter_misc":{"Scritto da":"Redazione","Tempo di lettura stimato":"7 minuti"},"schema":{"@context":"https:\/\/schema.org","@graph":[{"@type":"Article","@id":"https:\/\/www.rassegnastampa-totustuus.it\/cattolica\/santo-rosario-unarma-della-fede\/#article","isPartOf":{"@id":"https:\/\/www.rassegnastampa-totustuus.it\/cattolica\/santo-rosario-unarma-della-fede\/"},"author":{"name":"Redazione","@id":"https:\/\/www.rassegnastampa-totustuus.it\/cattolica\/#\/schema\/person\/08f319d2bd1a0904ad9e2bfb7b15e5c3"},"headline":"Santo rosario un&#8217;arma della fede","datePublished":"2023-07-26T22:00:00+00:00","dateModified":"2024-01-04T15:45:17+00:00","mainEntityOfPage":{"@id":"https:\/\/www.rassegnastampa-totustuus.it\/cattolica\/santo-rosario-unarma-della-fede\/"},"wordCount":962,"publisher":{"@id":"https:\/\/www.rassegnastampa-totustuus.it\/cattolica\/#organization"},"image":{"@id":"https:\/\/www.rassegnastampa-totustuus.it\/cattolica\/santo-rosario-unarma-della-fede\/#primaryimage"},"thumbnailUrl":"https:\/\/www.rassegnastampa-totustuus.it\/cattolica\/wp-content\/uploads\/2010\/10\/rosario.jpg","keywords":["chiesa","devozioni","santo rosario"],"articleSection":["Chiesa"],"inLanguage":"it-IT"},{"@type":"WebPage","@id":"https:\/\/www.rassegnastampa-totustuus.it\/cattolica\/santo-rosario-unarma-della-fede\/","url":"https:\/\/www.rassegnastampa-totustuus.it\/cattolica\/santo-rosario-unarma-della-fede\/","name":"Santo rosario un'arma della fede - Rassegna Stampa Cattolica","isPartOf":{"@id":"https:\/\/www.rassegnastampa-totustuus.it\/cattolica\/#website"},"primaryImageOfPage":{"@id":"https:\/\/www.rassegnastampa-totustuus.it\/cattolica\/santo-rosario-unarma-della-fede\/#primaryimage"},"image":{"@id":"https:\/\/www.rassegnastampa-totustuus.it\/cattolica\/santo-rosario-unarma-della-fede\/#primaryimage"},"thumbnailUrl":"https:\/\/www.rassegnastampa-totustuus.it\/cattolica\/wp-content\/uploads\/2010\/10\/rosario.jpg","datePublished":"2023-07-26T22:00:00+00:00","dateModified":"2024-01-04T15:45:17+00:00","description":"Santo rosario un'arma della fede contro i nemici, gli eretici e ausilio potente per rafforzare lo spirito preparandolo al combattimento","breadcrumb":{"@id":"https:\/\/www.rassegnastampa-totustuus.it\/cattolica\/santo-rosario-unarma-della-fede\/#breadcrumb"},"inLanguage":"it-IT","potentialAction":[{"@type":"ReadAction","target":["https:\/\/www.rassegnastampa-totustuus.it\/cattolica\/santo-rosario-unarma-della-fede\/"]}]},{"@type":"ImageObject","inLanguage":"it-IT","@id":"https:\/\/www.rassegnastampa-totustuus.it\/cattolica\/santo-rosario-unarma-della-fede\/#primaryimage","url":"https:\/\/www.rassegnastampa-totustuus.it\/cattolica\/wp-content\/uploads\/2010\/10\/rosario.jpg","contentUrl":"https:\/\/www.rassegnastampa-totustuus.it\/cattolica\/wp-content\/uploads\/2010\/10\/rosario.jpg","width":275,"height":183},{"@type":"BreadcrumbList","@id":"https:\/\/www.rassegnastampa-totustuus.it\/cattolica\/santo-rosario-unarma-della-fede\/#breadcrumb","itemListElement":[{"@type":"ListItem","position":1,"name":"Home","item":"https:\/\/www.rassegnastampa-totustuus.it\/cattolica\/"},{"@type":"ListItem","position":2,"name":"Santo rosario un&#8217;arma della fede"}]},{"@type":"WebSite","@id":"https:\/\/www.rassegnastampa-totustuus.it\/cattolica\/#website","url":"https:\/\/www.rassegnastampa-totustuus.it\/cattolica\/","name":"Rassegna Stampa Cattolica","description":"Per una cultura che nasce dalla Rivelazione cristiana in conformit\u00e0 alla tradizione e al Magistero della Chiesa in opposizione ad ogni relativismo e totalitarismo","publisher":{"@id":"https:\/\/www.rassegnastampa-totustuus.it\/cattolica\/#organization"},"alternateName":"Rass. Cattolica","potentialAction":[{"@type":"SearchAction","target":{"@type":"EntryPoint","urlTemplate":"https:\/\/www.rassegnastampa-totustuus.it\/cattolica\/?s={search_term_string}"},"query-input":{"@type":"PropertyValueSpecification","valueRequired":true,"valueName":"search_term_string"}}],"inLanguage":"it-IT"},{"@type":"Organization","@id":"https:\/\/www.rassegnastampa-totustuus.it\/cattolica\/#organization","name":"Rassegna Stampa Cattolica","url":"https:\/\/www.rassegnastampa-totustuus.it\/cattolica\/","logo":{"@type":"ImageObject","inLanguage":"it-IT","@id":"https:\/\/www.rassegnastampa-totustuus.it\/cattolica\/#\/schema\/logo\/image\/","url":"https:\/\/www.rassegnastampa-totustuus.it\/cattolica\/wp-content\/uploads\/2014\/04\/logo-rassegna1.gif","contentUrl":"https:\/\/www.rassegnastampa-totustuus.it\/cattolica\/wp-content\/uploads\/2014\/04\/logo-rassegna1.gif","width":600,"height":163,"caption":"Rassegna Stampa Cattolica"},"image":{"@id":"https:\/\/www.rassegnastampa-totustuus.it\/cattolica\/#\/schema\/logo\/image\/"},"sameAs":["https:\/\/www.facebook.com\/rassegnastampacattolica","https:\/\/x.com\/rassegnastampa9"]},{"@type":"Person","@id":"https:\/\/www.rassegnastampa-totustuus.it\/cattolica\/#\/schema\/person\/08f319d2bd1a0904ad9e2bfb7b15e5c3","name":"Redazione","image":{"@type":"ImageObject","inLanguage":"it-IT","@id":"https:\/\/secure.gravatar.com\/avatar\/2fcdf27c78ea025fbdb44e914cc63c72249ffec9dc8aafd5c82b26240ef3f346?s=96&d=mm&r=g","url":"https:\/\/secure.gravatar.com\/avatar\/2fcdf27c78ea025fbdb44e914cc63c72249ffec9dc8aafd5c82b26240ef3f346?s=96&d=mm&r=g","contentUrl":"https:\/\/secure.gravatar.com\/avatar\/2fcdf27c78ea025fbdb44e914cc63c72249ffec9dc8aafd5c82b26240ef3f346?s=96&d=mm&r=g","caption":"Redazione"},"url":"https:\/\/www.rassegnastampa-totustuus.it\/cattolica\/author\/pietroelle\/"}]}},"_links":{"self":[{"href":"https:\/\/www.rassegnastampa-totustuus.it\/cattolica\/wp-json\/wp\/v2\/posts\/56722","targetHints":{"allow":["GET"]}}],"collection":[{"href":"https:\/\/www.rassegnastampa-totustuus.it\/cattolica\/wp-json\/wp\/v2\/posts"}],"about":[{"href":"https:\/\/www.rassegnastampa-totustuus.it\/cattolica\/wp-json\/wp\/v2\/types\/post"}],"author":[{"embeddable":true,"href":"https:\/\/www.rassegnastampa-totustuus.it\/cattolica\/wp-json\/wp\/v2\/users\/6"}],"replies":[{"embeddable":true,"href":"https:\/\/www.rassegnastampa-totustuus.it\/cattolica\/wp-json\/wp\/v2\/comments?post=56722"}],"version-history":[{"count":5,"href":"https:\/\/www.rassegnastampa-totustuus.it\/cattolica\/wp-json\/wp\/v2\/posts\/56722\/revisions"}],"predecessor-version":[{"id":58740,"href":"https:\/\/www.rassegnastampa-totustuus.it\/cattolica\/wp-json\/wp\/v2\/posts\/56722\/revisions\/58740"}],"wp:featuredmedia":[{"embeddable":true,"href":"https:\/\/www.rassegnastampa-totustuus.it\/cattolica\/wp-json\/wp\/v2\/media\/35257"}],"wp:attachment":[{"href":"https:\/\/www.rassegnastampa-totustuus.it\/cattolica\/wp-json\/wp\/v2\/media?parent=56722"}],"wp:term":[{"taxonomy":"category","embeddable":true,"href":"https:\/\/www.rassegnastampa-totustuus.it\/cattolica\/wp-json\/wp\/v2\/categories?post=56722"},{"taxonomy":"post_tag","embeddable":true,"href":"https:\/\/www.rassegnastampa-totustuus.it\/cattolica\/wp-json\/wp\/v2\/tags?post=56722"}],"curies":[{"name":"wp","href":"https:\/\/api.w.org\/{rel}","templated":true}]}}