{"id":56716,"date":"2023-07-20T00:00:00","date_gmt":"2023-07-19T22:00:00","guid":{"rendered":"https:\/\/www.rassegnastampa-totustuus.it\/cattolica\/?p=56716"},"modified":"2024-01-04T17:01:54","modified_gmt":"2024-01-04T16:01:54","slug":"don-bosco-e-la-lettera-a-francesco-giuseppe-i-daustria","status":"publish","type":"post","link":"https:\/\/www.rassegnastampa-totustuus.it\/cattolica\/don-bosco-e-la-lettera-a-francesco-giuseppe-i-daustria\/","title":{"rendered":"Don Bosco e la lettera a Francesco Giuseppe I d&#8217;Austria"},"content":{"rendered":"<p style=\"text-align: justify;\"><span style=\"color: #000000;\"><strong><img loading=\"lazy\" decoding=\"async\" class=\" wp-image-56717 alignleft\" src=\"https:\/\/www.rassegnastampa-totustuus.it\/cattolica\/wp-content\/uploads\/2023\/07\/Francesco_Giuseppe_Austria.jpg\" alt=\"\" width=\"213\" height=\"272\" \/>Abstract: <\/strong><em>Don bosco e la lettera a Francesco Giuseppe I d&#8217;Austria, un episodio poco conosciuto in cui il santo scrisse come la Provvidenza avrebbe provveduto a salvare l&#8217;imperatore, a salvare l&#8217;Austria e l&#8217;impero\u00a0 se Francesco Giuseppe avesse evitato la guerra e di allearsi con la Prussia. Eppure nonostante la fama del santo fosse\u00a0 nota in tutta Europa e perfino \u00a0rivoluzionari, come Cavour, facevano finta di ammirare Don Bosco <\/em><\/span><span style=\"color: #000000;\">l\u2019imperatore d\u2019 Austria non ne tenne conto. Non risulta che Francesco Giuseppe l\u2019abbia menzionata ai suoi parenti o ai suoi assessori politici. E la gloria d\u2019Austria si estinse&#8230;<\/span><\/p>\n<p><!--more--><\/p>\n<p style=\"text-align: center;\"><span style=\"color: #000000;\"><a href=\"https:\/\/www.atfp.it\/\" target=\"_blank\" rel=\"noopener\"><strong><span style=\"color: #0000ff;\">Tradizione Famiglia Propriet\u00e0<\/span><\/strong><\/a> n.97 Marzo 2023 <strong>\u00a0<\/strong>\u00a0<\/span><\/p>\n<h3 style=\"text-align: center;\"><span style=\"color: #000000;\">Un fatto poco conosciuto della vita di Don Bosco: <\/span><\/h3>\n<h3 style=\"text-align: center;\"><span style=\"color: #000000;\">la sua lettera all\u2019imperatore Francesco Giuseppe<\/span><\/h3>\n<p style=\"text-align: justify;\"><span style=\"color: #000000;\"><em>Un fatto nella vita di San Giovanni Bosco \u00e8 poco conosciuto. Nel 1873, egli ebbe un sogno profetico in cui Nostro Signore gli comunic\u00f2 un messaggio da trasmettere a Francesco Giuseppe, Imperatore d\u2019Austria. La Divina Provvidenza dava istruzione al Sovrano asburgico su come salvare se stesso, l\u2019Austria e l\u2019Impero. Insomma, su come fare la Contro-Rivoluzione.<\/em><\/span><\/p>\n<p style=\"text-align: justify;\"><span style=\"color: #000000;\">Quando Napoleone attacc\u00f2 l\u2019Austria nel 1809, questa naturalmente si difese. Ormai decadente, come tutta l\u2019Europa, si difese in modo incompleto. L\u2019Austria venne sconfitta, come anche la Prussia, la Russia e altri Paesi. Nel 1814, con Napoleone ormai abbattuto, il Trattato di Vienna sanc\u00ec in modo definitivo l\u2019estinzione del Sacro Impero Romano Germanico. Rimase solo l\u2019Austria.<\/span><\/p>\n<p style=\"text-align: justify;\"><span style=\"color: #000000;\"><img loading=\"lazy\" decoding=\"async\" class=\" wp-image-33321 alignright\" src=\"https:\/\/www.rassegnastampa-totustuus.it\/cattolica\/wp-content\/uploads\/2005\/09\/don-Bosco.jpg\" alt=\"\" width=\"290\" height=\"242\" \/>Guidata da Bismarck, la Germania unificata divenne industriale, meccanizzata, ultra militarizzata, seccamente accademica. In altre parole, divenne materia prima per il tentativo di Hitler di farne ci\u00f2 che voleva.<\/span><\/p>\n<p style=\"text-align: justify;\"><span style=\"color: #000000;\">Per finire di assoggettare l\u2019Europa, la Rivoluzione doveva conquistare i Balcani e quella parte dell\u2019Europa centrale non ancora del tutto civilizzata. I Balcani erano stati fino a poco tempo prima sotto il dominio turco. La Rivoluzione dovette industrializzare i Balcani per cambiare la loro mentalit\u00e0 e cos\u00ec dominarli.<\/span><\/p>\n<p style=\"text-align: justify;\"><span style=\"color: #000000;\">L\u2019Ungheria si adatt\u00f2 solo in modo molto incompleto alla civilt\u00e0 moderna, e cos\u00ec anche alcuni Paesi slavi come la Boemia.<\/span><\/p>\n<p style=\"text-align: justify;\"><span style=\"color: #000000;\">In questa situazione, qual era la missione del- l\u2019Austria?<\/span><\/p>\n<p style=\"text-align: justify;\">V<span style=\"color: #000000;\">ienna si era trasformata in un enorme centro bancario che estendeva le sue reti dappertutto. Questa trasformazione aveva assorbito la tradizionale economia agricola, rurale, di pastorizia nel moderno \u00a0regime bancario e finanziario. Cos\u00ec si diffuse in quella regione il cosiddetto \u201cprogresso\u201d moderno, aprendo le porte alla Rivoluzione.<\/span><\/p>\n<p style=\"text-align: justify;\"><span style=\"color: #000000;\"><img loading=\"lazy\" decoding=\"async\" class=\" wp-image-47318 alignleft\" src=\"https:\/\/www.rassegnastampa-totustuus.it\/cattolica\/wp-content\/uploads\/2020\/05\/impero_austro_ungarico.jpg\" alt=\"\" width=\"346\" height=\"259\" \/>La Vienna tradizionale, epicentro dell\u2019espansione della Fede, capitale del Sacro Romano Impero , che custodiva la memoria di Carlo Magno, divenne la Vienna della finanza, la Vienna del \u201cprogresso\u201d, la Vienna della Rivoluzione. La Rivoluzione gli perdonava ancora qualche sfumatura di grandezza, ma solo nella misura in cui le serviva da schiava.<\/span><\/p>\n<p style=\"text-align: justify;\"><span style=\"color: #000000;\">C\u2019\u00e8 da chiedersi come mai la Provvidenza permise tutto ci\u00f2, rimanendo a braccia incrociate? Non ci fu nessun intervento\u00a0 della Provvidenza per riportare l\u2019Austria sulla buona strada? La risposta \u00e8 si, ci fu. Mi riferisco alla famosa lettera di San Giovanni Bosco all\u2019imperatore Francesco Giuseppe .<\/span><\/p>\n<p style=\"text-align: justify;\"><span style=\"color: #000000;\">Eccone il testo:<\/span><\/p>\n<p style=\"text-align: justify;\"><span style=\"color: #000000;\"><strong><em>Questo dice il Signore all\u2019imperatore d\u2019Austria:<\/em><\/strong><\/span><\/p>\n<p style=\"text-align: justify;\"><span style=\"color: #000000;\"><strong><em>Fatti animo! Provvedi a\u2019 miei servi fedeli ed a te stesso!<\/em><\/strong><\/span><\/p>\n<p style=\"text-align: justify;\"><span style=\"color: #000000;\"> <strong><em>Il mio furore si versa sopra tutte le nazioni della terra, perch\u00e9 si vuol fare dimenticare la mia legge ; portare in trionfo quelli che la profanano; opprimere quelli che la osservano.<\/em><\/strong><\/span><\/p>\n<p style=\"text-align: justify;\"><span style=\"color: #000000;\"><strong><em>Vuoi tu essere la verga della mia potenza? <\/em><\/strong><\/span><\/p>\n<p style=\"text-align: justify;\"><span style=\"color: #000000;\"><strong><em>Vuoi tu compiere gli arcani miei voleri e divenire un benefattore del mondo?\u00a0 \u00a0 \u00a0 \u00a0 <\/em><\/strong><strong><em>Appoggiati sulle potenze del Nord, ma non sulla Prussia.<\/em><\/strong><\/span><\/p>\n<p style=\"text-align: justify;\"><span style=\"color: #000000;\"><strong><em>Stringi relazioni colla Russia, ma niuna alleanza <\/em><\/strong><\/span><\/p>\n<p style=\"text-align: justify;\"><span style=\"color: #000000;\"><strong><em>Associati con la Francia. Dopo la Francia avrai la Spagna.\u00a0<\/em><\/strong><\/span><\/p>\n<p style=\"text-align: justify;\"><span style=\"color: #000000;\"> <strong><em>Fatte un solo Spirito ed una sola azione <\/em><\/strong><\/span><\/p>\n<p style=\"text-align: justify;\"><span style=\"color: #000000;\"><strong><em>Somma segretezza ai nemici del mio Santo Nome. Colla prudenza e coll\u2019energia diverrete invincibile. <\/em><\/strong><\/span><\/p>\n<p style=\"text-align: justify;\"><span style=\"color: #000000;\"><strong><em>Non credere alle menzogne di chi ti dicesse il contrario. <\/em><\/strong><\/span><\/p>\n<p style=\"text-align: justify;\"><span style=\"color: #000000;\"><strong><em>Aborrisci i nemici del Crocifisso.<\/em><\/strong><\/span><\/p>\n<p style=\"text-align: justify;\"><span style=\"color: #000000;\"> <strong><em>Spera e confida in Me, che sono il Donatore delle vittorie degli eserciti, il Salvatore dei popoli e dei Sovrani.\u00a0 <\/em><\/strong><\/span><\/p>\n<p style=\"text-align: justify;\"><span style=\"color: #000000;\"><strong><em>Amen. Amen. <\/em><\/strong>(1)<\/span><\/p>\n<p style=\"text-align: justify;\"><img loading=\"lazy\" decoding=\"async\" class=\" wp-image-56718 alignright\" src=\"https:\/\/www.rassegnastampa-totustuus.it\/cattolica\/wp-content\/uploads\/2023\/07\/austria_ungheria_impero.jpg\" alt=\"\" width=\"410\" height=\"253\" \/>F<span style=\"color: #000000;\">rancesco Giuseppe rappresentava il suo Paese al massimo grado. Se c\u2019\u00e8 un austriaco archetipo, secondo me quello \u00e8 Francesco Giuseppe. E\u2019 molto bello vedere un sovrano che sia l\u2019incarnazione viva del proprio Paese. Se ne rimane estasiati! Egli aveva la maest\u00e0 di un imperatore, la dolcezza di un austriaco, la fermezza di un soldato, le mille bont\u00e0 di un diplomatico. Era un uomo completo.<\/span><\/p>\n<p style=\"text-align: justify;\"><span style=\"color: #000000;\">Era una persona molto intelligente? Ci sono duemodi di essere intelligente. Uno \u00e8 sapere ragionare, tenere conferenze, scrivere libri e via dicendo. C\u2019\u00e8, per\u00f2, un altro modo, che consiste nel comprendere il proprio ruolo, la propria missione e portarla avanti fino ai propri limiti. Non consiste nel leggere un libro, n\u00e9 tenere una conferenza, ma in questa forma superiore di intelligenza che comunica all\u2019individuo l\u2019arte di saper essere. Francesco Giuseppe possedeva quest\u2019arte con una sorta di pienezza.<\/span><\/p>\n<p style=\"text-align: justify;\"><span style=\"color: #000000;\">Dall\u2019altra parte, aveva alcune cose grottesche, come per esempio accompagnare la moda in tema di barbe. Portava una barba che arrivava fin qui, ma rasata nel mezzo. E sopra un paio di baffi a mo\u201d di ponte&#8230; Era la moda del tempo. Ma egli non doveva seguire la moda.<\/span><\/p>\n<p style=\"text-align: justify;\"><span style=\"color: #000000;\"><img loading=\"lazy\" decoding=\"async\" class=\" wp-image-48772 alignleft\" src=\"https:\/\/www.rassegnastampa-totustuus.it\/cattolica\/wp-content\/uploads\/2020\/10\/massoneria.png\" alt=\"\" width=\"318\" height=\"246\" \/>Col tempo, come tutti, \u00e8 invecchiato. Fino alla fine mantenne un portamento eretto e un atteggiamento nobile. Conserv\u00f2 qualcosa della giovinezza nell\u2019inverno della vecchiaia.<\/span><\/p>\n<p style=\"text-align: justify;\"><span style=\"color: #000000;\">Quest&#8217;uomo aveva una quarantina d\u2019anni quando ricevette la famosa lettera di San Giovanni Bosco, contenente alcune raccomandazioni: cerca di essere un alleato della Francia cattolica e della Spagna; stai attento alla Prussia; mantiene rapporti con la Russia ma non tanto stretti; non scatenare una guerra n\u00e9 lasciartene coinvolgere; prendi la guida della causa cattolica in tutta Europa, a cominciare dall\u2019Austria; punisci i cattivi e sostieni coloro che seguono la Chiesa cattolica. Possiamo sintetizzare queste raccomandazioni in una: fai la Contro-Rivoluzione!<\/span><\/p>\n<p style=\"text-align: justify;\"><span style=\"color: #000000;\">Dio gli promise, per mezzo di Don Bosco, che sarebbe stato al suo fianco e avrebbe portato al massimo splendore la potenza della Casa d\u2019 Austria. Sicch\u00e9 prima che la casa crollasse, prima che il fiore appassisse, prima che il frutto cadesse dal tronco, Dio mostr\u00f2 ancora la sua misericordia: Io, che sono onnipotente, non voglio raccoglierti, n\u00e9 immolarti prima di darti questa possibilit\u00e0. Vieni! Basta che mi ami e che svolgi il tuo compito naturale. Io dimentico tutto il passato. Vincer\u00f2 in Europa con la forza del tuo braccio. Io convoco il tuo braccio, la tua spada, la tua gloria, il nome della tua famiglia, il tuo sangue, a essere al servizio di questa causa. Vieni, figlio Mio, e avanza!<\/span><\/p>\n<div id=\"attachment_56719\" style=\"width: 360px\" class=\"wp-caption alignright\"><img loading=\"lazy\" decoding=\"async\" aria-describedby=\"caption-attachment-56719\" class=\"wp-image-56719\" src=\"https:\/\/www.rassegnastampa-totustuus.it\/cattolica\/wp-content\/uploads\/2023\/07\/Mayerling_Rodolfo_Asburgo_Maria_Vetsera.jpg\" alt=\"\" width=\"360\" height=\"253\" \/><p id=\"caption-attachment-56719\" class=\"wp-caption-text\">Rodolfo d&#8217;Asburgo e l&#8217;amante Maria Vetsera morti a Mayerling<\/p><\/div>\n<p style=\"text-align: justify;\"><span style=\"color: #000000;\">Francesco Giuseppe non fece niente. Il risultato fu la serie di disastri che colp\u00ec l\u2019Austria: l\u2019atteggiamento dell\u2019Imperatrice, che si separ\u00f2 da lui e condusse una vita errante, finendo poi assassinata da un anarchico italiano in Svizzera; il dramma di Mayerling, cio\u00e8 il suicidio del figlio Rodolfo; il dramma di Sarajevo, con l\u2019assassinio dell\u2019erede Francesco Ferdinando; la tragedia della monarchia austriaca nella prima Guerra mondiale; la fine dell\u2019imperatore Carlo, morto di tubercolosi nell\u2019isola di Madeira, in esilio, nella miseria, in condizioni tristissime, senza che nessuno lo aiutasse.<\/span><\/p>\n<p style=\"text-align: justify;\"><span style=\"color: #000000;\">Una storia tristissima che ha portato alcuni storici a dire che c\u2019\u00e8 stata una sorta di fatalit\u00e0 che ha pesato sulla Casa d\u2019Austria e l\u2019ha strangolata, sottintendendo che Dio non amava pi\u00f9 la vecchia Casa d\u2019Austria e la stava consegnando al demonio perch\u00e9 ne facesse ci\u00f2 che voleva. C\u2019\u00e8 un po\u2019 di verit\u00e0 in questo giudizio, perch\u00e9, dopo questa prova d\u2019amore della Divina Provvidenza, un rifiuto, cosa comporta?<\/span><\/p>\n<p style=\"text-align: justify;\"><span style=\"color: #000000;\"><img loading=\"lazy\" decoding=\"async\" class=\" wp-image-56720 alignleft\" src=\"https:\/\/www.rassegnastampa-totustuus.it\/cattolica\/wp-content\/uploads\/2023\/07\/don_Bosco_lettera.jpg\" alt=\"\" width=\"210\" height=\"212\" \/>C&#8217;\u00e8, per\u00f2, qualcosa di ancora pi\u00f9 crudele. Oggi, pochissime persone sanno di questa lettera in Austria e fra i Salesiani. L\u2019originale \u00e8 nell\u2019archivio centrale dei Salesiani, che si guardano bene dal darle la dovuta diffusione. Non risulta che Francesco Giuseppe l\u2019abbia menzionata ai suoi parenti o ai suoi assessori politici. E ci\u00f2 mentre la fama di santit\u00e0 di Don Bosco era ormai ben nota in tutta l&#8217;Europa. Perfino rivoluzionari, come Cavour, facevano finta di ammirare Don Bosco, tanta era la sua fama.<\/span><\/p>\n<p style=\"text-align: justify;\"><span style=\"color: #000000;\">Eppure, sembra che l\u2019imperatore d\u2019 Austria non ne abbia tenuto conto. E la gloria d\u2019Austria si estinse&#8230;<\/span><\/p>\n<p style=\"text-align: justify;\">______________________________<\/p>\n<p style=\"text-align: justify;\"><span style=\"color: #000000;\"><strong>(1).<\/strong> Cfr. Cecilia Romero (a cura di), <a href=\"https:\/\/www.salesian.online\/archives\/14685\" target=\"_blank\" rel=\"noopener\"><em>I sogni di Don Bosco<\/em>.<\/a> Edizione critica, Elle Di Ci, Torino, 1978, Vol. 4, pp. 35-36. Secondo le annotazioni di Don Gioachino Berto sulla copia del sogno di don Bosco, la lettera fu inviata all\u2019Imperatore nel luglio 1873 tramite la contessa Liitzow. Lo stesso Don Berto scrive: \u00ab<em>N.B. L&#8217;imperatore fece ringraziare la persona che gli aveva mandato il suddetto scritto, e che se ne sarebbe servito, ma in seguito si lasci\u00f2 adescare dalla Prussia<\/em>\u00bb. Il testo del messaggio si trova in ASC A 2230304, nell\u2019archivio centrale dei Salesiani, a Roma. Del messaggio esistono tre copie: una autografa dello stesso Don Bosco, una di Don Berto riveduta da Don Bosco, e una di don Lemoyne.<\/span><\/p>\n<p><strong><span style=\"color: #000000;\">Su san Giovanni Bosco:<\/span><\/strong><\/p>\n<p><span style=\"color: #0000ff;\"><a href=\"https:\/\/www.rassegnastampa-totustuus.it\/cattolica\/vita-del-venerabile-servo-di-dio-giovanni-bosco-vol-1-di-giovanni-battista-lemoyne\/\" target=\"_blank\" rel=\"noopener\">Vita del venerabile servo di Dio Giovanni Bosco\u00a0 (di Giovanni Battista Lemoyne)<\/a> <span style=\"color: #000000;\">libro<\/span><\/span><\/p>\n","protected":false},"excerpt":{"rendered":"<p>Abstract: Don bosco e la lettera a Francesco Giuseppe I d&#8217;Austria, un episodio poco conosciuto in cui il santo scrisse come la Provvidenza avrebbe provveduto a salvare l&#8217;imperatore, a salvare l&#8217;Austria e l&#8217;impero\u00a0 se Francesco Giuseppe avesse evitato la guerra e di allearsi con la Prussia. Eppure nonostante la fama del santo fosse\u00a0 nota in &hellip; <\/p>\n<p><a class=\"more-link btn\" href=\"https:\/\/www.rassegnastampa-totustuus.it\/cattolica\/don-bosco-e-la-lettera-a-francesco-giuseppe-i-daustria\/\">Continua a leggere<\/a><\/p>\n","protected":false},"author":6,"featured_media":33321,"comment_status":"closed","ping_status":"closed","sticky":false,"template":"","format":"standard","meta":{"footnotes":""},"categories":[18,54,24],"tags":[997,503,386,162],"class_list":["post-56716","post","type-post","status-publish","format-standard","has-post-thumbnail","hentry","category-personaggi","category-rivoluzione-e-controrivoluzione","category-storia","tag-austria","tag-don-bosco","tag-rivoluzione","tag-storia-2","item-wrap"],"yoast_head":"<!-- This site is optimized with the Yoast SEO plugin v27.5 - https:\/\/yoast.com\/product\/yoast-seo-wordpress\/ -->\n<title>Don Bosco e la lettera a Francesco Giuseppe I d&#039;Austria - Rassegna Stampa Cattolica<\/title>\n<meta name=\"description\" content=\"Don bosco e la lettera a Francesco Giuseppe I d&#039;Austria, in cui il santo scrisse come salvare se stesso, l&#039;Austria e l&#039;impero\" \/>\n<meta name=\"robots\" content=\"index, follow, max-snippet:-1, max-image-preview:large, max-video-preview:-1\" \/>\n<link rel=\"canonical\" href=\"https:\/\/www.rassegnastampa-totustuus.it\/cattolica\/don-bosco-e-la-lettera-a-francesco-giuseppe-i-daustria\/\" \/>\n<meta property=\"og:locale\" content=\"it_IT\" \/>\n<meta property=\"og:type\" content=\"article\" \/>\n<meta property=\"og:title\" content=\"Don Bosco e la lettera a Francesco Giuseppe I d&#039;Austria - Rassegna Stampa Cattolica\" \/>\n<meta property=\"og:description\" content=\"Don bosco e la lettera a Francesco Giuseppe I d&#039;Austria, in cui il santo scrisse come salvare se stesso, l&#039;Austria e l&#039;impero\" \/>\n<meta property=\"og:url\" content=\"https:\/\/www.rassegnastampa-totustuus.it\/cattolica\/don-bosco-e-la-lettera-a-francesco-giuseppe-i-daustria\/\" \/>\n<meta property=\"og:site_name\" content=\"Rassegna Stampa Cattolica\" \/>\n<meta property=\"article:publisher\" content=\"https:\/\/www.facebook.com\/rassegnastampacattolica\" \/>\n<meta property=\"article:published_time\" content=\"2023-07-19T22:00:00+00:00\" \/>\n<meta property=\"article:modified_time\" content=\"2024-01-04T16:01:54+00:00\" \/>\n<meta property=\"og:image\" content=\"https:\/\/www.rassegnastampa-totustuus.it\/cattolica\/wp-content\/uploads\/2005\/09\/don-Bosco.jpg\" \/>\n\t<meta property=\"og:image:width\" content=\"246\" \/>\n\t<meta property=\"og:image:height\" content=\"205\" \/>\n\t<meta property=\"og:image:type\" content=\"image\/jpeg\" \/>\n<meta name=\"author\" content=\"Redazione\" \/>\n<meta name=\"twitter:card\" content=\"summary_large_image\" \/>\n<meta name=\"twitter:creator\" content=\"@rassegnastampa9\" \/>\n<meta name=\"twitter:site\" content=\"@rassegnastampa9\" \/>\n<meta name=\"twitter:label1\" content=\"Scritto da\" \/>\n\t<meta name=\"twitter:data1\" content=\"Redazione\" \/>\n\t<meta name=\"twitter:label2\" content=\"Tempo di lettura stimato\" \/>\n\t<meta name=\"twitter:data2\" content=\"10 minuti\" \/>\n<script type=\"application\/ld+json\" class=\"yoast-schema-graph\">{\"@context\":\"https:\\\/\\\/schema.org\",\"@graph\":[{\"@type\":\"Article\",\"@id\":\"https:\\\/\\\/www.rassegnastampa-totustuus.it\\\/cattolica\\\/don-bosco-e-la-lettera-a-francesco-giuseppe-i-daustria\\\/#article\",\"isPartOf\":{\"@id\":\"https:\\\/\\\/www.rassegnastampa-totustuus.it\\\/cattolica\\\/don-bosco-e-la-lettera-a-francesco-giuseppe-i-daustria\\\/\"},\"author\":{\"name\":\"Redazione\",\"@id\":\"https:\\\/\\\/www.rassegnastampa-totustuus.it\\\/cattolica\\\/#\\\/schema\\\/person\\\/08f319d2bd1a0904ad9e2bfb7b15e5c3\"},\"headline\":\"Don Bosco e la lettera a Francesco Giuseppe I d&#8217;Austria\",\"datePublished\":\"2023-07-19T22:00:00+00:00\",\"dateModified\":\"2024-01-04T16:01:54+00:00\",\"mainEntityOfPage\":{\"@id\":\"https:\\\/\\\/www.rassegnastampa-totustuus.it\\\/cattolica\\\/don-bosco-e-la-lettera-a-francesco-giuseppe-i-daustria\\\/\"},\"wordCount\":1509,\"publisher\":{\"@id\":\"https:\\\/\\\/www.rassegnastampa-totustuus.it\\\/cattolica\\\/#organization\"},\"image\":{\"@id\":\"https:\\\/\\\/www.rassegnastampa-totustuus.it\\\/cattolica\\\/don-bosco-e-la-lettera-a-francesco-giuseppe-i-daustria\\\/#primaryimage\"},\"thumbnailUrl\":\"https:\\\/\\\/www.rassegnastampa-totustuus.it\\\/cattolica\\\/wp-content\\\/uploads\\\/2005\\\/09\\\/don-Bosco.jpg\",\"keywords\":[\"Austria\",\"don Bosco\",\"Rivoluzione\",\"storia\"],\"articleSection\":[\"Personaggi\",\"Rivoluzione e controrivoluzione\",\"Storia\"],\"inLanguage\":\"it-IT\"},{\"@type\":\"WebPage\",\"@id\":\"https:\\\/\\\/www.rassegnastampa-totustuus.it\\\/cattolica\\\/don-bosco-e-la-lettera-a-francesco-giuseppe-i-daustria\\\/\",\"url\":\"https:\\\/\\\/www.rassegnastampa-totustuus.it\\\/cattolica\\\/don-bosco-e-la-lettera-a-francesco-giuseppe-i-daustria\\\/\",\"name\":\"Don Bosco e la lettera a Francesco Giuseppe I d'Austria - Rassegna Stampa Cattolica\",\"isPartOf\":{\"@id\":\"https:\\\/\\\/www.rassegnastampa-totustuus.it\\\/cattolica\\\/#website\"},\"primaryImageOfPage\":{\"@id\":\"https:\\\/\\\/www.rassegnastampa-totustuus.it\\\/cattolica\\\/don-bosco-e-la-lettera-a-francesco-giuseppe-i-daustria\\\/#primaryimage\"},\"image\":{\"@id\":\"https:\\\/\\\/www.rassegnastampa-totustuus.it\\\/cattolica\\\/don-bosco-e-la-lettera-a-francesco-giuseppe-i-daustria\\\/#primaryimage\"},\"thumbnailUrl\":\"https:\\\/\\\/www.rassegnastampa-totustuus.it\\\/cattolica\\\/wp-content\\\/uploads\\\/2005\\\/09\\\/don-Bosco.jpg\",\"datePublished\":\"2023-07-19T22:00:00+00:00\",\"dateModified\":\"2024-01-04T16:01:54+00:00\",\"description\":\"Don bosco e la lettera a Francesco Giuseppe I d'Austria, in cui il santo scrisse come salvare se stesso, l'Austria e l'impero\",\"breadcrumb\":{\"@id\":\"https:\\\/\\\/www.rassegnastampa-totustuus.it\\\/cattolica\\\/don-bosco-e-la-lettera-a-francesco-giuseppe-i-daustria\\\/#breadcrumb\"},\"inLanguage\":\"it-IT\",\"potentialAction\":[{\"@type\":\"ReadAction\",\"target\":[\"https:\\\/\\\/www.rassegnastampa-totustuus.it\\\/cattolica\\\/don-bosco-e-la-lettera-a-francesco-giuseppe-i-daustria\\\/\"]}]},{\"@type\":\"ImageObject\",\"inLanguage\":\"it-IT\",\"@id\":\"https:\\\/\\\/www.rassegnastampa-totustuus.it\\\/cattolica\\\/don-bosco-e-la-lettera-a-francesco-giuseppe-i-daustria\\\/#primaryimage\",\"url\":\"https:\\\/\\\/www.rassegnastampa-totustuus.it\\\/cattolica\\\/wp-content\\\/uploads\\\/2005\\\/09\\\/don-Bosco.jpg\",\"contentUrl\":\"https:\\\/\\\/www.rassegnastampa-totustuus.it\\\/cattolica\\\/wp-content\\\/uploads\\\/2005\\\/09\\\/don-Bosco.jpg\",\"width\":246,\"height\":205},{\"@type\":\"BreadcrumbList\",\"@id\":\"https:\\\/\\\/www.rassegnastampa-totustuus.it\\\/cattolica\\\/don-bosco-e-la-lettera-a-francesco-giuseppe-i-daustria\\\/#breadcrumb\",\"itemListElement\":[{\"@type\":\"ListItem\",\"position\":1,\"name\":\"Home\",\"item\":\"https:\\\/\\\/www.rassegnastampa-totustuus.it\\\/cattolica\\\/\"},{\"@type\":\"ListItem\",\"position\":2,\"name\":\"Don Bosco e la lettera a Francesco Giuseppe I d&#8217;Austria\"}]},{\"@type\":\"WebSite\",\"@id\":\"https:\\\/\\\/www.rassegnastampa-totustuus.it\\\/cattolica\\\/#website\",\"url\":\"https:\\\/\\\/www.rassegnastampa-totustuus.it\\\/cattolica\\\/\",\"name\":\"Rassegna Stampa Cattolica\",\"description\":\"Per una cultura che nasce dalla Rivelazione cristiana in conformit\u00e0 alla tradizione e al Magistero della Chiesa in opposizione ad ogni relativismo e totalitarismo\",\"publisher\":{\"@id\":\"https:\\\/\\\/www.rassegnastampa-totustuus.it\\\/cattolica\\\/#organization\"},\"alternateName\":\"Rass. Cattolica\",\"potentialAction\":[{\"@type\":\"SearchAction\",\"target\":{\"@type\":\"EntryPoint\",\"urlTemplate\":\"https:\\\/\\\/www.rassegnastampa-totustuus.it\\\/cattolica\\\/?s={search_term_string}\"},\"query-input\":{\"@type\":\"PropertyValueSpecification\",\"valueRequired\":true,\"valueName\":\"search_term_string\"}}],\"inLanguage\":\"it-IT\"},{\"@type\":\"Organization\",\"@id\":\"https:\\\/\\\/www.rassegnastampa-totustuus.it\\\/cattolica\\\/#organization\",\"name\":\"Rassegna Stampa Cattolica\",\"url\":\"https:\\\/\\\/www.rassegnastampa-totustuus.it\\\/cattolica\\\/\",\"logo\":{\"@type\":\"ImageObject\",\"inLanguage\":\"it-IT\",\"@id\":\"https:\\\/\\\/www.rassegnastampa-totustuus.it\\\/cattolica\\\/#\\\/schema\\\/logo\\\/image\\\/\",\"url\":\"https:\\\/\\\/www.rassegnastampa-totustuus.it\\\/cattolica\\\/wp-content\\\/uploads\\\/2014\\\/04\\\/logo-rassegna1.gif\",\"contentUrl\":\"https:\\\/\\\/www.rassegnastampa-totustuus.it\\\/cattolica\\\/wp-content\\\/uploads\\\/2014\\\/04\\\/logo-rassegna1.gif\",\"width\":600,\"height\":163,\"caption\":\"Rassegna Stampa Cattolica\"},\"image\":{\"@id\":\"https:\\\/\\\/www.rassegnastampa-totustuus.it\\\/cattolica\\\/#\\\/schema\\\/logo\\\/image\\\/\"},\"sameAs\":[\"https:\\\/\\\/www.facebook.com\\\/rassegnastampacattolica\",\"https:\\\/\\\/x.com\\\/rassegnastampa9\"]},{\"@type\":\"Person\",\"@id\":\"https:\\\/\\\/www.rassegnastampa-totustuus.it\\\/cattolica\\\/#\\\/schema\\\/person\\\/08f319d2bd1a0904ad9e2bfb7b15e5c3\",\"name\":\"Redazione\",\"image\":{\"@type\":\"ImageObject\",\"inLanguage\":\"it-IT\",\"@id\":\"https:\\\/\\\/secure.gravatar.com\\\/avatar\\\/2fcdf27c78ea025fbdb44e914cc63c72249ffec9dc8aafd5c82b26240ef3f346?s=96&d=mm&r=g\",\"url\":\"https:\\\/\\\/secure.gravatar.com\\\/avatar\\\/2fcdf27c78ea025fbdb44e914cc63c72249ffec9dc8aafd5c82b26240ef3f346?s=96&d=mm&r=g\",\"contentUrl\":\"https:\\\/\\\/secure.gravatar.com\\\/avatar\\\/2fcdf27c78ea025fbdb44e914cc63c72249ffec9dc8aafd5c82b26240ef3f346?s=96&d=mm&r=g\",\"caption\":\"Redazione\"},\"url\":\"https:\\\/\\\/www.rassegnastampa-totustuus.it\\\/cattolica\\\/author\\\/pietroelle\\\/\"}]}<\/script>\n<!-- \/ Yoast SEO plugin. -->","yoast_head_json":{"title":"Don Bosco e la lettera a Francesco Giuseppe I d'Austria - Rassegna Stampa Cattolica","description":"Don bosco e la lettera a Francesco Giuseppe I d'Austria, in cui il santo scrisse come salvare se stesso, l'Austria e l'impero","robots":{"index":"index","follow":"follow","max-snippet":"max-snippet:-1","max-image-preview":"max-image-preview:large","max-video-preview":"max-video-preview:-1"},"canonical":"https:\/\/www.rassegnastampa-totustuus.it\/cattolica\/don-bosco-e-la-lettera-a-francesco-giuseppe-i-daustria\/","og_locale":"it_IT","og_type":"article","og_title":"Don Bosco e la lettera a Francesco Giuseppe I d'Austria - Rassegna Stampa Cattolica","og_description":"Don bosco e la lettera a Francesco Giuseppe I d'Austria, in cui il santo scrisse come salvare se stesso, l'Austria e l'impero","og_url":"https:\/\/www.rassegnastampa-totustuus.it\/cattolica\/don-bosco-e-la-lettera-a-francesco-giuseppe-i-daustria\/","og_site_name":"Rassegna Stampa Cattolica","article_publisher":"https:\/\/www.facebook.com\/rassegnastampacattolica","article_published_time":"2023-07-19T22:00:00+00:00","article_modified_time":"2024-01-04T16:01:54+00:00","og_image":[{"width":246,"height":205,"url":"https:\/\/www.rassegnastampa-totustuus.it\/cattolica\/wp-content\/uploads\/2005\/09\/don-Bosco.jpg","type":"image\/jpeg"}],"author":"Redazione","twitter_card":"summary_large_image","twitter_creator":"@rassegnastampa9","twitter_site":"@rassegnastampa9","twitter_misc":{"Scritto da":"Redazione","Tempo di lettura stimato":"10 minuti"},"schema":{"@context":"https:\/\/schema.org","@graph":[{"@type":"Article","@id":"https:\/\/www.rassegnastampa-totustuus.it\/cattolica\/don-bosco-e-la-lettera-a-francesco-giuseppe-i-daustria\/#article","isPartOf":{"@id":"https:\/\/www.rassegnastampa-totustuus.it\/cattolica\/don-bosco-e-la-lettera-a-francesco-giuseppe-i-daustria\/"},"author":{"name":"Redazione","@id":"https:\/\/www.rassegnastampa-totustuus.it\/cattolica\/#\/schema\/person\/08f319d2bd1a0904ad9e2bfb7b15e5c3"},"headline":"Don Bosco e la lettera a Francesco Giuseppe I d&#8217;Austria","datePublished":"2023-07-19T22:00:00+00:00","dateModified":"2024-01-04T16:01:54+00:00","mainEntityOfPage":{"@id":"https:\/\/www.rassegnastampa-totustuus.it\/cattolica\/don-bosco-e-la-lettera-a-francesco-giuseppe-i-daustria\/"},"wordCount":1509,"publisher":{"@id":"https:\/\/www.rassegnastampa-totustuus.it\/cattolica\/#organization"},"image":{"@id":"https:\/\/www.rassegnastampa-totustuus.it\/cattolica\/don-bosco-e-la-lettera-a-francesco-giuseppe-i-daustria\/#primaryimage"},"thumbnailUrl":"https:\/\/www.rassegnastampa-totustuus.it\/cattolica\/wp-content\/uploads\/2005\/09\/don-Bosco.jpg","keywords":["Austria","don Bosco","Rivoluzione","storia"],"articleSection":["Personaggi","Rivoluzione e controrivoluzione","Storia"],"inLanguage":"it-IT"},{"@type":"WebPage","@id":"https:\/\/www.rassegnastampa-totustuus.it\/cattolica\/don-bosco-e-la-lettera-a-francesco-giuseppe-i-daustria\/","url":"https:\/\/www.rassegnastampa-totustuus.it\/cattolica\/don-bosco-e-la-lettera-a-francesco-giuseppe-i-daustria\/","name":"Don Bosco e la lettera a Francesco Giuseppe I d'Austria - Rassegna Stampa Cattolica","isPartOf":{"@id":"https:\/\/www.rassegnastampa-totustuus.it\/cattolica\/#website"},"primaryImageOfPage":{"@id":"https:\/\/www.rassegnastampa-totustuus.it\/cattolica\/don-bosco-e-la-lettera-a-francesco-giuseppe-i-daustria\/#primaryimage"},"image":{"@id":"https:\/\/www.rassegnastampa-totustuus.it\/cattolica\/don-bosco-e-la-lettera-a-francesco-giuseppe-i-daustria\/#primaryimage"},"thumbnailUrl":"https:\/\/www.rassegnastampa-totustuus.it\/cattolica\/wp-content\/uploads\/2005\/09\/don-Bosco.jpg","datePublished":"2023-07-19T22:00:00+00:00","dateModified":"2024-01-04T16:01:54+00:00","description":"Don bosco e la lettera a Francesco Giuseppe I d'Austria, in cui il santo scrisse come salvare se stesso, l'Austria e l'impero","breadcrumb":{"@id":"https:\/\/www.rassegnastampa-totustuus.it\/cattolica\/don-bosco-e-la-lettera-a-francesco-giuseppe-i-daustria\/#breadcrumb"},"inLanguage":"it-IT","potentialAction":[{"@type":"ReadAction","target":["https:\/\/www.rassegnastampa-totustuus.it\/cattolica\/don-bosco-e-la-lettera-a-francesco-giuseppe-i-daustria\/"]}]},{"@type":"ImageObject","inLanguage":"it-IT","@id":"https:\/\/www.rassegnastampa-totustuus.it\/cattolica\/don-bosco-e-la-lettera-a-francesco-giuseppe-i-daustria\/#primaryimage","url":"https:\/\/www.rassegnastampa-totustuus.it\/cattolica\/wp-content\/uploads\/2005\/09\/don-Bosco.jpg","contentUrl":"https:\/\/www.rassegnastampa-totustuus.it\/cattolica\/wp-content\/uploads\/2005\/09\/don-Bosco.jpg","width":246,"height":205},{"@type":"BreadcrumbList","@id":"https:\/\/www.rassegnastampa-totustuus.it\/cattolica\/don-bosco-e-la-lettera-a-francesco-giuseppe-i-daustria\/#breadcrumb","itemListElement":[{"@type":"ListItem","position":1,"name":"Home","item":"https:\/\/www.rassegnastampa-totustuus.it\/cattolica\/"},{"@type":"ListItem","position":2,"name":"Don Bosco e la lettera a Francesco Giuseppe I d&#8217;Austria"}]},{"@type":"WebSite","@id":"https:\/\/www.rassegnastampa-totustuus.it\/cattolica\/#website","url":"https:\/\/www.rassegnastampa-totustuus.it\/cattolica\/","name":"Rassegna Stampa Cattolica","description":"Per una cultura che nasce dalla Rivelazione cristiana in conformit\u00e0 alla tradizione e al Magistero della Chiesa in opposizione ad ogni relativismo e totalitarismo","publisher":{"@id":"https:\/\/www.rassegnastampa-totustuus.it\/cattolica\/#organization"},"alternateName":"Rass. Cattolica","potentialAction":[{"@type":"SearchAction","target":{"@type":"EntryPoint","urlTemplate":"https:\/\/www.rassegnastampa-totustuus.it\/cattolica\/?s={search_term_string}"},"query-input":{"@type":"PropertyValueSpecification","valueRequired":true,"valueName":"search_term_string"}}],"inLanguage":"it-IT"},{"@type":"Organization","@id":"https:\/\/www.rassegnastampa-totustuus.it\/cattolica\/#organization","name":"Rassegna Stampa Cattolica","url":"https:\/\/www.rassegnastampa-totustuus.it\/cattolica\/","logo":{"@type":"ImageObject","inLanguage":"it-IT","@id":"https:\/\/www.rassegnastampa-totustuus.it\/cattolica\/#\/schema\/logo\/image\/","url":"https:\/\/www.rassegnastampa-totustuus.it\/cattolica\/wp-content\/uploads\/2014\/04\/logo-rassegna1.gif","contentUrl":"https:\/\/www.rassegnastampa-totustuus.it\/cattolica\/wp-content\/uploads\/2014\/04\/logo-rassegna1.gif","width":600,"height":163,"caption":"Rassegna Stampa Cattolica"},"image":{"@id":"https:\/\/www.rassegnastampa-totustuus.it\/cattolica\/#\/schema\/logo\/image\/"},"sameAs":["https:\/\/www.facebook.com\/rassegnastampacattolica","https:\/\/x.com\/rassegnastampa9"]},{"@type":"Person","@id":"https:\/\/www.rassegnastampa-totustuus.it\/cattolica\/#\/schema\/person\/08f319d2bd1a0904ad9e2bfb7b15e5c3","name":"Redazione","image":{"@type":"ImageObject","inLanguage":"it-IT","@id":"https:\/\/secure.gravatar.com\/avatar\/2fcdf27c78ea025fbdb44e914cc63c72249ffec9dc8aafd5c82b26240ef3f346?s=96&d=mm&r=g","url":"https:\/\/secure.gravatar.com\/avatar\/2fcdf27c78ea025fbdb44e914cc63c72249ffec9dc8aafd5c82b26240ef3f346?s=96&d=mm&r=g","contentUrl":"https:\/\/secure.gravatar.com\/avatar\/2fcdf27c78ea025fbdb44e914cc63c72249ffec9dc8aafd5c82b26240ef3f346?s=96&d=mm&r=g","caption":"Redazione"},"url":"https:\/\/www.rassegnastampa-totustuus.it\/cattolica\/author\/pietroelle\/"}]}},"_links":{"self":[{"href":"https:\/\/www.rassegnastampa-totustuus.it\/cattolica\/wp-json\/wp\/v2\/posts\/56716","targetHints":{"allow":["GET"]}}],"collection":[{"href":"https:\/\/www.rassegnastampa-totustuus.it\/cattolica\/wp-json\/wp\/v2\/posts"}],"about":[{"href":"https:\/\/www.rassegnastampa-totustuus.it\/cattolica\/wp-json\/wp\/v2\/types\/post"}],"author":[{"embeddable":true,"href":"https:\/\/www.rassegnastampa-totustuus.it\/cattolica\/wp-json\/wp\/v2\/users\/6"}],"replies":[{"embeddable":true,"href":"https:\/\/www.rassegnastampa-totustuus.it\/cattolica\/wp-json\/wp\/v2\/comments?post=56716"}],"version-history":[{"count":4,"href":"https:\/\/www.rassegnastampa-totustuus.it\/cattolica\/wp-json\/wp\/v2\/posts\/56716\/revisions"}],"predecessor-version":[{"id":58751,"href":"https:\/\/www.rassegnastampa-totustuus.it\/cattolica\/wp-json\/wp\/v2\/posts\/56716\/revisions\/58751"}],"wp:featuredmedia":[{"embeddable":true,"href":"https:\/\/www.rassegnastampa-totustuus.it\/cattolica\/wp-json\/wp\/v2\/media\/33321"}],"wp:attachment":[{"href":"https:\/\/www.rassegnastampa-totustuus.it\/cattolica\/wp-json\/wp\/v2\/media?parent=56716"}],"wp:term":[{"taxonomy":"category","embeddable":true,"href":"https:\/\/www.rassegnastampa-totustuus.it\/cattolica\/wp-json\/wp\/v2\/categories?post=56716"},{"taxonomy":"post_tag","embeddable":true,"href":"https:\/\/www.rassegnastampa-totustuus.it\/cattolica\/wp-json\/wp\/v2\/tags?post=56716"}],"curies":[{"name":"wp","href":"https:\/\/api.w.org\/{rel}","templated":true}]}}