{"id":5671,"date":"2013-07-31T23:34:40","date_gmt":"2013-07-31T21:34:40","guid":{"rendered":""},"modified":"2015-06-09T12:20:43","modified_gmt":"2015-06-09T10:20:43","slug":"eugenio-scalfari","status":"publish","type":"post","link":"https:\/\/www.rassegnastampa-totustuus.it\/cattolica\/eugenio-scalfari\/","title":{"rendered":"Eugenio Scalfari"},"content":{"rendered":"<div style=\"text-align: center;\"><strong><a href=\"https:\/\/www.rassegnastampa-totustuus.it\/cattolica\/wp-content\/uploads\/2013\/07\/Scalfari.jpg\"><img loading=\"lazy\" decoding=\"async\" class=\"alignright wp-image-25727 size-full\" src=\"https:\/\/www.rassegnastampa-totustuus.it\/cattolica\/wp-content\/uploads\/2013\/07\/Scalfari.jpg\" alt=\"Scalfari\" width=\"180\" height=\"178\" \/><\/a>Italians<\/strong> Rivista che ignora il politicamente corretto n. 145 del 1 agosto 2013<\/div>\n<p style=\"text-align: center;\">di <strong>Luigi Fressoia<\/strong><\/p>\n<p style=\"text-align: center;\"><strong>(<\/strong><a href=\"mailto:archifress@tiscali.it\"><strong>archifress@tiscali.it<\/strong><\/a><strong>)<\/strong><\/p>\n<p style=\"text-align: justify;\">Chi ha detto che la politica \u00e8 complicata? E\u2019 invece chiara e semplice come acqua di montagna, basta leggere il divo Eugenio Scalfari, leader del pi\u00f9 forte partito della sinistra italiana, \u201c<em>la Repubblica<\/em>\u201d, ecco cosa scrive una settimana fa a proposito di quella met\u00e0 abbondante di italiani che non votano a sinistra: \u201c<em>\u2026elettori che hanno in comune alcune<\/em> <em>emotivit\u00e0 come l\u2019anticomunismo, l\u2019odio per le tasse e l\u2019ostilit\u00e0 verso lo Stato e sono anche<\/em> <em>lobbies portatrici di interessi concreti da soddisfare rapidamente<\/em>\u201d.<\/p>\n<p><!--more--><\/p>\n<div style=\"text-align: justify;\">Procediamo con ordine.Tra le quattro caratteristiche elencate cominciamo con l\u2019ultima che \u00e8 la pi\u00f9 facile: senz\u2019altro il centro-destra \u00e8 anche un agglomerato di lobbies con interessi assai concreti da soddisfare, solo che nessuno pu\u00f2 negare che le lobbies organizzate intorno ai partiti di sinistra e alle amministrazioni di sinistra, a occhio e croce sono dieci volte pi\u00f9 numerose, pi\u00f9 potenti, pi\u00f9 organizzate, pi\u00f9 oleate, pi\u00f9 consolidate, pi\u00f9 affidabili, c\u2019\u00e8 qualcuno che pu\u00f2 negarlo?<\/div>\n<p style=\"text-align: justify;\">Ma andiamo al sodo, che c\u2019\u00e8 da divertirsi. Intanto \u00e8 davvero fantastico -direi glorioso- quel modo sopraffino di derubricare l\u2019anticomunismo a banale <em>emotivit\u00e0, <\/em>accidenti, chi saprebbe far meglio per sminuire e quindi tutto sommato assolvere (per infine riproporre, prima o poi) le magagne, le miserie, i fallimenti, l\u2019irrazionalit\u00e0, l\u2019intrinseca demenza del comunismo? Il comunismo notoriamente \u00e8 l\u2019esperienza di gran lunga pi\u00f9 sanguinosa della storia umana, chi lo ha assaggiato \u00e8 oggi <em>naturaliter <\/em>anticomunista come da noi si \u00e8 antifascisti per costituzione, eppure il dire soave di Scalfari riesce in una riga a rovesciare mirabilmente la frittata: chi \u00e8 anticomunista \u00e8 un <em>emotivo<\/em>, cio\u00e8 poco meno che un coglione!<\/p>\n<p style=\"text-align: justify;\">Ma il senso di tanta prosopopea \u00e8 nel cuore della prosa scalfariana, in quel \u201c<em>odio per le tasse e ostilit\u00e0 verso lo Stato\u201d <\/em>(obbrobrio!). Ragioniamo, cosa sono le tasse? Cos\u2019\u00e8 lo stato? Dico in concreto, nella esperienza reale e quotidiana degli italiani (non nei cieli delle teorie), da cento e cent\u2019anni cosa sono lo stato e le tasse? Lasciamo perdere i regimi antichi o il famigerato Ventennio, dico oggi, in questi decenni magici della democrazia <em>antifasista nata dalla resistenza<\/em>, cosa sono e che effetti portano le tasse e lo stato?<\/p>\n<p style=\"text-align: justify;\">La democrazia in Italia (anche in Grecia e dintorni\u2026), dietro i paroloni e le grandi emozioni, \u00e8 stata vissuta in quella particolare declinazione che usa il denaro pubblico per assicurare alla propria parte il voto degli elettori, tosto diventati clientes, per cui politici professionali, impiegati della regione, della provincia e del comune, delle universit\u00e0 e delle scuole, usl, ministeri, camere di commercio, enti pubblici i pi\u00f9 diversi e fantasiosi, le comunit\u00e0 montane, il parastato insomma, e poi la guardia di finanza, l\u2019agenzia delle entrate, il catasto, i carabinieri, la forestale, i tribunali d\u2019ogni risma, l\u2019esercito, le soprintendenze, l\u2019inps, le aziende pubbliche, di fatto anche le banche, i trasporti, l\u2019anas, gli scopini e gli stradini, nonch\u00e9 i dipendenti delle grandi industrie iper-sindacalizzate e protette dalla politica, tutti costoro sono diventati cos\u00ec numerosi (tasse al 53% del pil e 68% del profitto di impresa!), quasi che il poterli mantenere non dipendesse dalla forza del sistema produttivo reale.<\/p>\n<p style=\"text-align: justify;\">Quasi che quantit\u00e0 e qualit\u00e0 di imprese-lavoro, aziende vere, investimenti, produttivit\u00e0, creativit\u00e0, inventiva, innovazione, competitivit\u00e0, non contassero a priori. Come se queste ultime, nel momento in cui incontrano il favore del mercato (di noi consumatori), non fossero le uniche entit\u00e0 a saper produrre -creare letteralmente ex nihilo- denaro, denaro per tutti, denaro nondimeno per gli eserciti di parassiti.<\/p>\n<p style=\"text-align: justify;\">Moltissima gente di sinistra -basta che siano lavoratori in proprio o operai e dipendenti delle ditte private- alla domanda <em>cos\u2019\u00e8 lo stato e cosa sono le tasse<\/em>, risponderanno tranquillamente raccontando lo sgomento d\u2019aver ormai da tempo scoperto che le tasse sono lo strumento dell\u2019odierno dominio di classe, ove le classi in lotta sono solo due, chi (prevalentemente) mette denari dentro lo stato e chi (prevalentemente) li prende. Chi \u00e8 garantito dallo stato e chi invece, padrone o operaio che sia, se vuol mangiare \u00e8 costretto a conquistarsi il pane ogni giorno da solo nella competizione globale.<\/p>\n<p style=\"text-align: justify;\">Non parlano inglese questi signori che pur votano a sinistra, se potessero godere di mass media orientati a informare saprebbero che nel mondo anglosassone quella loro scoperta \u00e8 nota fin dai Padri Fondatori, e le due categorie si chiamano <em>Tax Payers <\/em>e <em>Tax Consumers<\/em>, chi le paga e chi le consuma.<\/p>\n<p style=\"text-align: justify;\">Tutte le persone normali intuiscono che la crisi, l\u2019odierna pesantissima crisi, altri non \u00e8 che la sommatoria di tutti i parassitismi seminati in cinquant\u2019anni dalla \u201cdialettica democratica\u201d, che hanno finito per formare un debito vertiginoso. Altro che gli \u201cspeculatori\u201d, gli \u201cevasori\u201d, \u201ci tedeschi\u201d e la \u201cfinanza internazionale\u201d (sic!), come amano depistare i padroni del vapore compresa <em>la Repubblica<\/em>.<\/p>\n<p style=\"text-align: justify;\">Tutti intuiscono che le imprese chiudono e falliscono perch\u00e9 non possono pi\u00f9 reggere il peso di tanto parassitismo. Tutti intuiscono che il meccanismo perverso non si ferma, chiede sempre pi\u00f9 risorse e quindi, a dispetto delle promesse di tutti i governi, le tasse aumenteranno ancora anno dopo anno, in un declino che ci riporter\u00e0 alla povert\u00e0 che lasciammo negli anni \u201960 (a proposito: lasciammo sulle ali dell\u2019odiato consumismo\u2026). Intuiscono ma non sanno, perch\u00e9 sforzo primario della politica e di tutte le sue ramificazioni (in primis i giornali) \u00e8 proprio nascondere il nodo essenziale.<\/p>\n<p style=\"text-align: justify;\">Cosa dunque di pi\u00f9 normale per buona parte della gente comune e perbene che odiare lo stato e le tasse, soggetto e strumento di un dominio oppressivo? D\u2019un dominio di classe? Non \u00e8 ovvio che chi -nell\u2019Italia di oggi- non odia tasse e stato o \u00e8 malato o \u00e8 della partita? Non \u00e8 chiaro come il sole che l\u2019evasione fiscale salva l\u2019Italia tutti i giorni perch\u00e9 senza di essa, se davvero tutti fossero costretti a pagare quanto stabilito, quattro imprese su cinque chiuderebbero e allora s\u00ec che lo Stato avrebbe un tracollo irrimediabile delle entrate?<\/p>\n<p style=\"text-align: justify;\">Chiediamoci piuttosto perch\u00e9 dello stupore di Scalfari a fronte dell\u2019odio naturale e giusto di moltissimi italiani verso le tasse e lo stato: come fa a non odiarli anche lui?<\/p>\n<p style=\"text-align: justify;\">Tutto in verit\u00e0 \u00e8 chiaro come il sole, dicevamo all\u2019inizio. Chi \u00e8 infatti Scalfari Eugenio? Se l\u2019albero si vede dal frutto, e il frutto pi\u00f9 genuino di Scalfari \u00e8 senz\u2019altro <em>la Repubblica<\/em>, queste nostre domande trovano facile risposta nel chiedersi: chi legge <em>Repubblica<\/em>, che gente \u00e8, che fanno nella vita?<\/p>\n<p style=\"text-align: justify;\">Appostatevi dunque presso il giornalaio e vedrete che, tolti un po\u2019 di confusi autolesionisti, il grosso dei lettori di tal foglio reazionario, i pi\u00f9 focosi pasdaran del pensiero statalista e tassaiolo, sono esattamente quei \u201cprofessori\u201d e maestrine, mezze maniche, funzionari, addetti al culturame, uscieri, burocrati, cervelloni, pensatori, pianficatori, esperti, \u201cletterati\u201d, che come i 60 milioni di allenatori della nazionale sparsi nei bar dello stivale, saprebbero benissimo come raddrizzare la baracca \u2013loro s\u00ec caro lei- sanno a menadito chi \u00e8 causa della crisi, delle malattie, della sfiga, del capitalismo cinico e baro e pure dei buchi del calendario Maja.<\/p>\n<p style=\"text-align: justify;\">Gente che oggi -come gli agrari di un tempo odiavano i contadini che pur li mantenevano, odia gli imprenditori, gli artigiani, i professionisti, i commercianti, che pur gli passano lo stipendio tutti i mesi, alto o basso che sia, ma tutti i mesi fino alla fine dei secoli; gente che non ancora satolla &#8211;<em>incredibili dictu<\/em>&#8211; farebbe strame delle ultime riserve degli italiani, odiano i ricchi, gongolano quando i pistoleros dell\u2019agenzia delle entrate violentano Cortina o altri santuari della ricchezza, non sapendo di tagliare il ramo su cui siedono comodi.<\/p>\n<p style=\"text-align: justify;\">Hanno sostituito il Dio dei padri con lo Stato e dunque, secondo tale teologia stracciona, le Tasse si pagano per definizione, sempre, anche se diventano, come peraltro sempre stato nella storia umana, lo strumento del dominio, di classe e di popoli dominatori.<\/p>\n<p style=\"text-align: justify;\">Odiano i ricchi e la ricchezza non dei ceti statali ma solo del lavoro autonomo e d\u2019impresa, quindi castrandola ci ridurranno tutti poveri, inevitabilmente, ma come don Ferrante daranno la colpa agli \u201cevasori\u201d e a congiunzioni d\u2019astri sfortunate\u2026<\/p>\n<p style=\"text-align: justify;\">Si lavano la coscienza con la favoletta che se tutti pagassero e per intero le tasse, allora queste si abbasserebbero. Miserabile bugia! Se domani tutti pagassero tutta l\u2019estorsione di stato legiferata, ci sarebbe un\u2019impennata iperbolica delle <em>entrate <\/em>ma subito dopo delle <em>uscite<\/em>, com\u2019\u00e8 sempre avvenuto nel cinquantennio! Comincerebbero a recuperare tutti i \u201ctagli\u201d degli ultimi quindici anni, la scuola, il cinema, i koala, la formazione professionale<\/p>\n<p style=\"text-align: justify;\">Che ne sa dopo tutto il signor Eugeni Scalfari, che in vita sua ha conosciuto solo la maest\u00e0 dello stato (che non a casa scrive maiuscolo), che ne sa dicevamo dell\u2019epopea quotidiana di un\u2019azienda che riesce a stare in piedi? E\u2019 mai stato a una fiera campionaria, a un expo, ha mai respirato l\u2019aria pulita di chi sa offrire al mondo beni o servizi cos\u00ec ambiti da provocare tra gli umani quella cosa magica che \u00e8 lo scambio, foriera d\u2019ogni comprensione e generatrice di denaro?<\/p>\n<p style=\"text-align: justify;\">Quando capir\u00e0 che c\u2019\u00e8 molta pi\u00f9 <em>socialit\u00e0 <\/em>in un\u2019azienda di trenta persone che in tutto l\u2019ente regione? Da buon aristocratico magno-greco-romano Scalfari non sa quel mondo, lo derubrica a sentina di evasori e sfruttatori cos\u00ec si sente pure bravo nel rapinarlo senza posa.<\/p>\n<p style=\"text-align: justify;\">Chiuso e pasciuto in tale sconfinata sub-cultura, Eugenio Scalfari ha saputo realizzare nel suo geniale prodotto &#8211;<em>la Repubblica<\/em>&#8211; la storica e tutta italica alleanza -ahinoi vincente- tra tre mostri: l\u2019atavico parassitismo delle classi dominanti specie del sud, il marxismo tal quale e quel buffo cattolicesimo confuso che ama cos\u00ec tanto la povert\u00e0 da strologare povert\u00e0 per tutti.<\/p>\n<p style=\"text-align: justify;\">Tutti istericamente protesi al tema della <em>distribuzione <\/em>bens\u00ec trascurandone il presupposto necessario, la <em>creazione di ricchezza<\/em>; ignari soprattutto che lo sviluppo d\u2019impresa \u00e8 in s\u00e9 il miglior distributore, assi meglio di qualsiasi organo dello stato, come s\u2019\u00e8 visto bene in questi cinquant\u2019anni nelle nostre cento province.<\/p>\n<p style=\"text-align: justify;\">E\u2019 la prima volta nella storia dell\u2019umanit\u00e0 che parte cospicua della classe dirigente di una nazione non sa e spregia da dove viene quella ricchezza che pur intercetta in gran copia! Alleanza raccapricciante tutta italiana, dove i tardomarxisti -tra le altre loro tipiche qualit\u00e0 trascinano nel proscenio tutta la filiera mondiale della mistica omosessuale di stampo nordatlantico, sicch\u00e9 \u201c<em>ecco s\u2019avanza uno strano soldato\u201d<\/em>, un personaggio nuovo e inedito nel panorama mondiale: il frocio-comunista. Ed \u00e8 uno spettacolo grandioso -una goduria se volete- vedere i cattocomunisti impacciati ritrovarsi tutto sommato al fianco di Lady Gaga.<\/p>\n<p style=\"text-align: justify;\">Chi l\u2019ha detto che gli italiano hanno perso creativit\u00e0?<\/p>\n<p style=\"text-align: justify;\">Apra bene le orecchie signor Eugenio Scalfari e con lei il suo non casuale prosecutore, quella testa-quadra sabauda di Ezio Mauro: se lo stato non s\u2019acconcia -o non si riesce ad acconciare- a cosa seria e utile per tutti -non solo per voi- noi dicevo caro signore, sullo Stato oriniamo bellamente e sputacchiamo con gran goduria da qui ai secoli a venire, sul vostro Stato estorsore e autenticamente mafioso, unico vero problema degli italiani; voi piuttosto, che non abbiate a rimpiangere presto la eccessiva moderazione di Berlusconi e Bossi.<\/p>\n<p style=\"text-align: center;\">* * *<\/p>\n<p style=\"text-align: center;\">La rivista telematica <em>Italians<\/em> puo&#8217; essere richiesta inviando una mail a: <a href=\"mailto:archifress@tiscali.it\">archifress@tiscali.it<\/a><\/p>\n<div align=\"justify\"><\/div>\n","protected":false},"excerpt":{"rendered":"<p>Italians Rivista che ignora il politicamente corretto n. 145 del 1 agosto 2013 di Luigi Fressoia (archifress@tiscali.it) Chi ha detto che la politica \u00e8 complicata? E\u2019 invece chiara e semplice come acqua di montagna, basta leggere il divo Eugenio Scalfari, leader del pi\u00f9 forte partito della sinistra italiana, \u201cla Repubblica\u201d, ecco cosa scrive una settimana &hellip; <\/p>\n<p><a class=\"more-link btn\" href=\"https:\/\/www.rassegnastampa-totustuus.it\/cattolica\/eugenio-scalfari\/\">Continua a leggere<\/a><\/p>\n","protected":false},"author":6,"featured_media":25727,"comment_status":"closed","ping_status":"open","sticky":false,"template":"","format":"standard","meta":{"footnotes":""},"categories":[20],"tags":[1636,1231],"class_list":["post-5671","post","type-post","status-publish","format-standard","has-post-thumbnail","hentry","category-politica-nazionale","tag-eugenio-scalfari","tag-sinistre","item-wrap"],"yoast_head":"<!-- This site is optimized with the Yoast SEO plugin v27.5 - https:\/\/yoast.com\/product\/yoast-seo-wordpress\/ -->\n<title>Eugenio Scalfari - Rassegna Stampa Cattolica<\/title>\n<meta name=\"description\" content=\"Rassegna Stampa Cattolica - Per una cultura che nasce dalla Rivelazione cristiana in conformit\u00e0 alla tradizione e al Magistero della Chiesa in opposizione ad ogni relativismo e totalitarismo\" \/>\n<meta name=\"robots\" content=\"index, follow, max-snippet:-1, max-image-preview:large, max-video-preview:-1\" \/>\n<link rel=\"canonical\" href=\"https:\/\/www.rassegnastampa-totustuus.it\/cattolica\/eugenio-scalfari\/\" \/>\n<meta property=\"og:locale\" content=\"it_IT\" \/>\n<meta property=\"og:type\" content=\"article\" \/>\n<meta property=\"og:title\" content=\"Eugenio Scalfari - Rassegna Stampa Cattolica\" \/>\n<meta property=\"og:description\" content=\"Rassegna Stampa Cattolica - Per una cultura che nasce dalla Rivelazione cristiana in conformit\u00e0 alla tradizione e al Magistero della Chiesa in opposizione ad ogni relativismo e totalitarismo\" \/>\n<meta property=\"og:url\" content=\"https:\/\/www.rassegnastampa-totustuus.it\/cattolica\/eugenio-scalfari\/\" \/>\n<meta property=\"og:site_name\" content=\"Rassegna Stampa Cattolica\" \/>\n<meta property=\"article:publisher\" content=\"https:\/\/www.facebook.com\/rassegnastampacattolica\" \/>\n<meta property=\"article:published_time\" content=\"2013-07-31T21:34:40+00:00\" \/>\n<meta property=\"article:modified_time\" content=\"2015-06-09T10:20:43+00:00\" \/>\n<meta property=\"og:image\" content=\"https:\/\/www.rassegnastampa-totustuus.it\/cattolica\/wp-content\/uploads\/2013\/07\/Scalfari.jpg\" \/>\n\t<meta property=\"og:image:width\" content=\"180\" \/>\n\t<meta property=\"og:image:height\" content=\"178\" \/>\n\t<meta property=\"og:image:type\" content=\"image\/jpeg\" \/>\n<meta name=\"author\" content=\"Redazione\" \/>\n<meta name=\"twitter:card\" content=\"summary_large_image\" \/>\n<meta name=\"twitter:creator\" content=\"@rassegnastampa9\" \/>\n<meta name=\"twitter:site\" content=\"@rassegnastampa9\" \/>\n<meta name=\"twitter:label1\" content=\"Scritto da\" \/>\n\t<meta name=\"twitter:data1\" content=\"Redazione\" \/>\n\t<meta name=\"twitter:label2\" content=\"Tempo di lettura stimato\" \/>\n\t<meta name=\"twitter:data2\" content=\"9 minuti\" \/>\n<script type=\"application\/ld+json\" class=\"yoast-schema-graph\">{\"@context\":\"https:\\\/\\\/schema.org\",\"@graph\":[{\"@type\":\"Article\",\"@id\":\"https:\\\/\\\/www.rassegnastampa-totustuus.it\\\/cattolica\\\/eugenio-scalfari\\\/#article\",\"isPartOf\":{\"@id\":\"https:\\\/\\\/www.rassegnastampa-totustuus.it\\\/cattolica\\\/eugenio-scalfari\\\/\"},\"author\":{\"name\":\"Redazione\",\"@id\":\"https:\\\/\\\/www.rassegnastampa-totustuus.it\\\/cattolica\\\/#\\\/schema\\\/person\\\/08f319d2bd1a0904ad9e2bfb7b15e5c3\"},\"headline\":\"Eugenio Scalfari\",\"datePublished\":\"2013-07-31T21:34:40+00:00\",\"dateModified\":\"2015-06-09T10:20:43+00:00\",\"mainEntityOfPage\":{\"@id\":\"https:\\\/\\\/www.rassegnastampa-totustuus.it\\\/cattolica\\\/eugenio-scalfari\\\/\"},\"wordCount\":1840,\"publisher\":{\"@id\":\"https:\\\/\\\/www.rassegnastampa-totustuus.it\\\/cattolica\\\/#organization\"},\"image\":{\"@id\":\"https:\\\/\\\/www.rassegnastampa-totustuus.it\\\/cattolica\\\/eugenio-scalfari\\\/#primaryimage\"},\"thumbnailUrl\":\"https:\\\/\\\/www.rassegnastampa-totustuus.it\\\/cattolica\\\/wp-content\\\/uploads\\\/2013\\\/07\\\/Scalfari.jpg\",\"keywords\":[\"Eugenio Scalfari\",\"sinistre\"],\"articleSection\":[\"Politica nazionale\"],\"inLanguage\":\"it-IT\"},{\"@type\":\"WebPage\",\"@id\":\"https:\\\/\\\/www.rassegnastampa-totustuus.it\\\/cattolica\\\/eugenio-scalfari\\\/\",\"url\":\"https:\\\/\\\/www.rassegnastampa-totustuus.it\\\/cattolica\\\/eugenio-scalfari\\\/\",\"name\":\"Eugenio Scalfari - Rassegna Stampa Cattolica\",\"isPartOf\":{\"@id\":\"https:\\\/\\\/www.rassegnastampa-totustuus.it\\\/cattolica\\\/#website\"},\"primaryImageOfPage\":{\"@id\":\"https:\\\/\\\/www.rassegnastampa-totustuus.it\\\/cattolica\\\/eugenio-scalfari\\\/#primaryimage\"},\"image\":{\"@id\":\"https:\\\/\\\/www.rassegnastampa-totustuus.it\\\/cattolica\\\/eugenio-scalfari\\\/#primaryimage\"},\"thumbnailUrl\":\"https:\\\/\\\/www.rassegnastampa-totustuus.it\\\/cattolica\\\/wp-content\\\/uploads\\\/2013\\\/07\\\/Scalfari.jpg\",\"datePublished\":\"2013-07-31T21:34:40+00:00\",\"dateModified\":\"2015-06-09T10:20:43+00:00\",\"description\":\"Rassegna Stampa Cattolica - Per una cultura che nasce dalla Rivelazione cristiana in conformit\u00e0 alla tradizione e al Magistero della Chiesa in opposizione ad ogni relativismo e totalitarismo\",\"breadcrumb\":{\"@id\":\"https:\\\/\\\/www.rassegnastampa-totustuus.it\\\/cattolica\\\/eugenio-scalfari\\\/#breadcrumb\"},\"inLanguage\":\"it-IT\",\"potentialAction\":[{\"@type\":\"ReadAction\",\"target\":[\"https:\\\/\\\/www.rassegnastampa-totustuus.it\\\/cattolica\\\/eugenio-scalfari\\\/\"]}]},{\"@type\":\"ImageObject\",\"inLanguage\":\"it-IT\",\"@id\":\"https:\\\/\\\/www.rassegnastampa-totustuus.it\\\/cattolica\\\/eugenio-scalfari\\\/#primaryimage\",\"url\":\"https:\\\/\\\/www.rassegnastampa-totustuus.it\\\/cattolica\\\/wp-content\\\/uploads\\\/2013\\\/07\\\/Scalfari.jpg\",\"contentUrl\":\"https:\\\/\\\/www.rassegnastampa-totustuus.it\\\/cattolica\\\/wp-content\\\/uploads\\\/2013\\\/07\\\/Scalfari.jpg\",\"width\":180,\"height\":178},{\"@type\":\"BreadcrumbList\",\"@id\":\"https:\\\/\\\/www.rassegnastampa-totustuus.it\\\/cattolica\\\/eugenio-scalfari\\\/#breadcrumb\",\"itemListElement\":[{\"@type\":\"ListItem\",\"position\":1,\"name\":\"Home\",\"item\":\"https:\\\/\\\/www.rassegnastampa-totustuus.it\\\/cattolica\\\/\"},{\"@type\":\"ListItem\",\"position\":2,\"name\":\"Eugenio Scalfari\"}]},{\"@type\":\"WebSite\",\"@id\":\"https:\\\/\\\/www.rassegnastampa-totustuus.it\\\/cattolica\\\/#website\",\"url\":\"https:\\\/\\\/www.rassegnastampa-totustuus.it\\\/cattolica\\\/\",\"name\":\"Rassegna Stampa Cattolica\",\"description\":\"Per una cultura che nasce dalla Rivelazione cristiana in conformit\u00e0 alla tradizione e al Magistero della Chiesa in opposizione ad ogni relativismo e totalitarismo\",\"publisher\":{\"@id\":\"https:\\\/\\\/www.rassegnastampa-totustuus.it\\\/cattolica\\\/#organization\"},\"alternateName\":\"Rass. Cattolica\",\"potentialAction\":[{\"@type\":\"SearchAction\",\"target\":{\"@type\":\"EntryPoint\",\"urlTemplate\":\"https:\\\/\\\/www.rassegnastampa-totustuus.it\\\/cattolica\\\/?s={search_term_string}\"},\"query-input\":{\"@type\":\"PropertyValueSpecification\",\"valueRequired\":true,\"valueName\":\"search_term_string\"}}],\"inLanguage\":\"it-IT\"},{\"@type\":\"Organization\",\"@id\":\"https:\\\/\\\/www.rassegnastampa-totustuus.it\\\/cattolica\\\/#organization\",\"name\":\"Rassegna Stampa Cattolica\",\"url\":\"https:\\\/\\\/www.rassegnastampa-totustuus.it\\\/cattolica\\\/\",\"logo\":{\"@type\":\"ImageObject\",\"inLanguage\":\"it-IT\",\"@id\":\"https:\\\/\\\/www.rassegnastampa-totustuus.it\\\/cattolica\\\/#\\\/schema\\\/logo\\\/image\\\/\",\"url\":\"https:\\\/\\\/www.rassegnastampa-totustuus.it\\\/cattolica\\\/wp-content\\\/uploads\\\/2014\\\/04\\\/logo-rassegna1.gif\",\"contentUrl\":\"https:\\\/\\\/www.rassegnastampa-totustuus.it\\\/cattolica\\\/wp-content\\\/uploads\\\/2014\\\/04\\\/logo-rassegna1.gif\",\"width\":600,\"height\":163,\"caption\":\"Rassegna Stampa Cattolica\"},\"image\":{\"@id\":\"https:\\\/\\\/www.rassegnastampa-totustuus.it\\\/cattolica\\\/#\\\/schema\\\/logo\\\/image\\\/\"},\"sameAs\":[\"https:\\\/\\\/www.facebook.com\\\/rassegnastampacattolica\",\"https:\\\/\\\/x.com\\\/rassegnastampa9\"]},{\"@type\":\"Person\",\"@id\":\"https:\\\/\\\/www.rassegnastampa-totustuus.it\\\/cattolica\\\/#\\\/schema\\\/person\\\/08f319d2bd1a0904ad9e2bfb7b15e5c3\",\"name\":\"Redazione\",\"image\":{\"@type\":\"ImageObject\",\"inLanguage\":\"it-IT\",\"@id\":\"https:\\\/\\\/secure.gravatar.com\\\/avatar\\\/2fcdf27c78ea025fbdb44e914cc63c72249ffec9dc8aafd5c82b26240ef3f346?s=96&d=mm&r=g\",\"url\":\"https:\\\/\\\/secure.gravatar.com\\\/avatar\\\/2fcdf27c78ea025fbdb44e914cc63c72249ffec9dc8aafd5c82b26240ef3f346?s=96&d=mm&r=g\",\"contentUrl\":\"https:\\\/\\\/secure.gravatar.com\\\/avatar\\\/2fcdf27c78ea025fbdb44e914cc63c72249ffec9dc8aafd5c82b26240ef3f346?s=96&d=mm&r=g\",\"caption\":\"Redazione\"},\"url\":\"https:\\\/\\\/www.rassegnastampa-totustuus.it\\\/cattolica\\\/author\\\/pietroelle\\\/\"}]}<\/script>\n<!-- \/ Yoast SEO plugin. -->","yoast_head_json":{"title":"Eugenio Scalfari - Rassegna Stampa Cattolica","description":"Rassegna Stampa Cattolica - Per una cultura che nasce dalla Rivelazione cristiana in conformit\u00e0 alla tradizione e al Magistero della Chiesa in opposizione ad ogni relativismo e totalitarismo","robots":{"index":"index","follow":"follow","max-snippet":"max-snippet:-1","max-image-preview":"max-image-preview:large","max-video-preview":"max-video-preview:-1"},"canonical":"https:\/\/www.rassegnastampa-totustuus.it\/cattolica\/eugenio-scalfari\/","og_locale":"it_IT","og_type":"article","og_title":"Eugenio Scalfari - Rassegna Stampa Cattolica","og_description":"Rassegna Stampa Cattolica - Per una cultura che nasce dalla Rivelazione cristiana in conformit\u00e0 alla tradizione e al Magistero della Chiesa in opposizione ad ogni relativismo e totalitarismo","og_url":"https:\/\/www.rassegnastampa-totustuus.it\/cattolica\/eugenio-scalfari\/","og_site_name":"Rassegna Stampa Cattolica","article_publisher":"https:\/\/www.facebook.com\/rassegnastampacattolica","article_published_time":"2013-07-31T21:34:40+00:00","article_modified_time":"2015-06-09T10:20:43+00:00","og_image":[{"width":180,"height":178,"url":"https:\/\/www.rassegnastampa-totustuus.it\/cattolica\/wp-content\/uploads\/2013\/07\/Scalfari.jpg","type":"image\/jpeg"}],"author":"Redazione","twitter_card":"summary_large_image","twitter_creator":"@rassegnastampa9","twitter_site":"@rassegnastampa9","twitter_misc":{"Scritto da":"Redazione","Tempo di lettura stimato":"9 minuti"},"schema":{"@context":"https:\/\/schema.org","@graph":[{"@type":"Article","@id":"https:\/\/www.rassegnastampa-totustuus.it\/cattolica\/eugenio-scalfari\/#article","isPartOf":{"@id":"https:\/\/www.rassegnastampa-totustuus.it\/cattolica\/eugenio-scalfari\/"},"author":{"name":"Redazione","@id":"https:\/\/www.rassegnastampa-totustuus.it\/cattolica\/#\/schema\/person\/08f319d2bd1a0904ad9e2bfb7b15e5c3"},"headline":"Eugenio Scalfari","datePublished":"2013-07-31T21:34:40+00:00","dateModified":"2015-06-09T10:20:43+00:00","mainEntityOfPage":{"@id":"https:\/\/www.rassegnastampa-totustuus.it\/cattolica\/eugenio-scalfari\/"},"wordCount":1840,"publisher":{"@id":"https:\/\/www.rassegnastampa-totustuus.it\/cattolica\/#organization"},"image":{"@id":"https:\/\/www.rassegnastampa-totustuus.it\/cattolica\/eugenio-scalfari\/#primaryimage"},"thumbnailUrl":"https:\/\/www.rassegnastampa-totustuus.it\/cattolica\/wp-content\/uploads\/2013\/07\/Scalfari.jpg","keywords":["Eugenio Scalfari","sinistre"],"articleSection":["Politica nazionale"],"inLanguage":"it-IT"},{"@type":"WebPage","@id":"https:\/\/www.rassegnastampa-totustuus.it\/cattolica\/eugenio-scalfari\/","url":"https:\/\/www.rassegnastampa-totustuus.it\/cattolica\/eugenio-scalfari\/","name":"Eugenio Scalfari - Rassegna Stampa Cattolica","isPartOf":{"@id":"https:\/\/www.rassegnastampa-totustuus.it\/cattolica\/#website"},"primaryImageOfPage":{"@id":"https:\/\/www.rassegnastampa-totustuus.it\/cattolica\/eugenio-scalfari\/#primaryimage"},"image":{"@id":"https:\/\/www.rassegnastampa-totustuus.it\/cattolica\/eugenio-scalfari\/#primaryimage"},"thumbnailUrl":"https:\/\/www.rassegnastampa-totustuus.it\/cattolica\/wp-content\/uploads\/2013\/07\/Scalfari.jpg","datePublished":"2013-07-31T21:34:40+00:00","dateModified":"2015-06-09T10:20:43+00:00","description":"Rassegna Stampa Cattolica - Per una cultura che nasce dalla Rivelazione cristiana in conformit\u00e0 alla tradizione e al Magistero della Chiesa in opposizione ad ogni relativismo e totalitarismo","breadcrumb":{"@id":"https:\/\/www.rassegnastampa-totustuus.it\/cattolica\/eugenio-scalfari\/#breadcrumb"},"inLanguage":"it-IT","potentialAction":[{"@type":"ReadAction","target":["https:\/\/www.rassegnastampa-totustuus.it\/cattolica\/eugenio-scalfari\/"]}]},{"@type":"ImageObject","inLanguage":"it-IT","@id":"https:\/\/www.rassegnastampa-totustuus.it\/cattolica\/eugenio-scalfari\/#primaryimage","url":"https:\/\/www.rassegnastampa-totustuus.it\/cattolica\/wp-content\/uploads\/2013\/07\/Scalfari.jpg","contentUrl":"https:\/\/www.rassegnastampa-totustuus.it\/cattolica\/wp-content\/uploads\/2013\/07\/Scalfari.jpg","width":180,"height":178},{"@type":"BreadcrumbList","@id":"https:\/\/www.rassegnastampa-totustuus.it\/cattolica\/eugenio-scalfari\/#breadcrumb","itemListElement":[{"@type":"ListItem","position":1,"name":"Home","item":"https:\/\/www.rassegnastampa-totustuus.it\/cattolica\/"},{"@type":"ListItem","position":2,"name":"Eugenio Scalfari"}]},{"@type":"WebSite","@id":"https:\/\/www.rassegnastampa-totustuus.it\/cattolica\/#website","url":"https:\/\/www.rassegnastampa-totustuus.it\/cattolica\/","name":"Rassegna Stampa Cattolica","description":"Per una cultura che nasce dalla Rivelazione cristiana in conformit\u00e0 alla tradizione e al Magistero della Chiesa in opposizione ad ogni relativismo e totalitarismo","publisher":{"@id":"https:\/\/www.rassegnastampa-totustuus.it\/cattolica\/#organization"},"alternateName":"Rass. Cattolica","potentialAction":[{"@type":"SearchAction","target":{"@type":"EntryPoint","urlTemplate":"https:\/\/www.rassegnastampa-totustuus.it\/cattolica\/?s={search_term_string}"},"query-input":{"@type":"PropertyValueSpecification","valueRequired":true,"valueName":"search_term_string"}}],"inLanguage":"it-IT"},{"@type":"Organization","@id":"https:\/\/www.rassegnastampa-totustuus.it\/cattolica\/#organization","name":"Rassegna Stampa Cattolica","url":"https:\/\/www.rassegnastampa-totustuus.it\/cattolica\/","logo":{"@type":"ImageObject","inLanguage":"it-IT","@id":"https:\/\/www.rassegnastampa-totustuus.it\/cattolica\/#\/schema\/logo\/image\/","url":"https:\/\/www.rassegnastampa-totustuus.it\/cattolica\/wp-content\/uploads\/2014\/04\/logo-rassegna1.gif","contentUrl":"https:\/\/www.rassegnastampa-totustuus.it\/cattolica\/wp-content\/uploads\/2014\/04\/logo-rassegna1.gif","width":600,"height":163,"caption":"Rassegna Stampa Cattolica"},"image":{"@id":"https:\/\/www.rassegnastampa-totustuus.it\/cattolica\/#\/schema\/logo\/image\/"},"sameAs":["https:\/\/www.facebook.com\/rassegnastampacattolica","https:\/\/x.com\/rassegnastampa9"]},{"@type":"Person","@id":"https:\/\/www.rassegnastampa-totustuus.it\/cattolica\/#\/schema\/person\/08f319d2bd1a0904ad9e2bfb7b15e5c3","name":"Redazione","image":{"@type":"ImageObject","inLanguage":"it-IT","@id":"https:\/\/secure.gravatar.com\/avatar\/2fcdf27c78ea025fbdb44e914cc63c72249ffec9dc8aafd5c82b26240ef3f346?s=96&d=mm&r=g","url":"https:\/\/secure.gravatar.com\/avatar\/2fcdf27c78ea025fbdb44e914cc63c72249ffec9dc8aafd5c82b26240ef3f346?s=96&d=mm&r=g","contentUrl":"https:\/\/secure.gravatar.com\/avatar\/2fcdf27c78ea025fbdb44e914cc63c72249ffec9dc8aafd5c82b26240ef3f346?s=96&d=mm&r=g","caption":"Redazione"},"url":"https:\/\/www.rassegnastampa-totustuus.it\/cattolica\/author\/pietroelle\/"}]}},"_links":{"self":[{"href":"https:\/\/www.rassegnastampa-totustuus.it\/cattolica\/wp-json\/wp\/v2\/posts\/5671","targetHints":{"allow":["GET"]}}],"collection":[{"href":"https:\/\/www.rassegnastampa-totustuus.it\/cattolica\/wp-json\/wp\/v2\/posts"}],"about":[{"href":"https:\/\/www.rassegnastampa-totustuus.it\/cattolica\/wp-json\/wp\/v2\/types\/post"}],"author":[{"embeddable":true,"href":"https:\/\/www.rassegnastampa-totustuus.it\/cattolica\/wp-json\/wp\/v2\/users\/6"}],"replies":[{"embeddable":true,"href":"https:\/\/www.rassegnastampa-totustuus.it\/cattolica\/wp-json\/wp\/v2\/comments?post=5671"}],"version-history":[{"count":4,"href":"https:\/\/www.rassegnastampa-totustuus.it\/cattolica\/wp-json\/wp\/v2\/posts\/5671\/revisions"}],"predecessor-version":[{"id":25728,"href":"https:\/\/www.rassegnastampa-totustuus.it\/cattolica\/wp-json\/wp\/v2\/posts\/5671\/revisions\/25728"}],"wp:featuredmedia":[{"embeddable":true,"href":"https:\/\/www.rassegnastampa-totustuus.it\/cattolica\/wp-json\/wp\/v2\/media\/25727"}],"wp:attachment":[{"href":"https:\/\/www.rassegnastampa-totustuus.it\/cattolica\/wp-json\/wp\/v2\/media?parent=5671"}],"wp:term":[{"taxonomy":"category","embeddable":true,"href":"https:\/\/www.rassegnastampa-totustuus.it\/cattolica\/wp-json\/wp\/v2\/categories?post=5671"},{"taxonomy":"post_tag","embeddable":true,"href":"https:\/\/www.rassegnastampa-totustuus.it\/cattolica\/wp-json\/wp\/v2\/tags?post=5671"}],"curies":[{"name":"wp","href":"https:\/\/api.w.org\/{rel}","templated":true}]}}