{"id":56658,"date":"2023-07-06T00:00:00","date_gmt":"2023-07-05T22:00:00","guid":{"rendered":"https:\/\/www.rassegnastampa-totustuus.it\/cattolica\/?p=56658"},"modified":"2024-01-04T17:10:20","modified_gmt":"2024-01-04T16:10:20","slug":"quando-la-scienza-e-diventata-una-fede","status":"publish","type":"post","link":"https:\/\/www.rassegnastampa-totustuus.it\/cattolica\/quando-la-scienza-e-diventata-una-fede\/","title":{"rendered":"Quando la scienza \u00e8 diventata una fede"},"content":{"rendered":"<p style=\"text-align: justify;\"><span style=\"color: #000000;\"><strong><img loading=\"lazy\" decoding=\"async\" class=\"wp-image-29524 alignright\" src=\"https:\/\/www.rassegnastampa-totustuus.it\/cattolica\/wp-content\/uploads\/2016\/01\/Giuseppe-Sermonti.jpg\" alt=\"\" width=\"224\" height=\"286\" \/>Abstract: <\/strong><em>Quando la scienza \u00e8 diventata una fede. Il primo a denunciarne la deriva verso una fede assoluta fu Giuseppe <span style=\"color: #000000;\">Sermonti, che si ribell\u00f2 ai dogmi dell\u2019evoluzionismo, del progressismo scientifico e del determinismo tecnocratico e pubblic\u00f2 un libro con cui si inimic\u00f2 la cupola ideologica e scientifica. Il tema del suo libro \u00e8 il tema dei nostri giorni: assegnare limiti alla scienza, restituirle dignit\u00e0 di ricerca e non solo di applicazione tecnica; contestare la sua pretesa di comprendere nei suoi confini tutto l\u2019universo e ogni sapere. Lo scientismo denunciato da Sermonti pi\u00f9 di mezzo secolo fa \u00e8 ancora in auge, anche se con altro nome.<\/span><\/em><\/span><\/p>\n<p><!--more--><\/p>\n<p style=\"text-align: center;\"><span style=\"color: #000000;\"><a href=\"https:\/\/www.laverita.info\/\" target=\"_blank\" rel=\"noopener\"><strong>La Verit\u00e0<\/strong><\/a> 24 Giugno 2023 <\/span><\/p>\n<h3 style=\"text-align: center;\">Quando la scienza divent\u00f2 tiranna<\/h3>\n<p style=\"text-align: center;\"><span style=\"color: #000000;\">di <strong>Marcello Veneziani \u00a0<\/strong><\/span><\/p>\n<p style=\"text-align: justify;\"><span style=\"color: #000000;\">La scienza come fede assoluta, la tecnica come regina del mondo, il vaccino come battesimo della nuova religione. E dall\u2019altra la cancellazione di ogni riferimento religioso, umanistico, politico e civile, storico e culturale. Come chiamare questa epoca cominciata con il dominio planetario degli Usa e dell\u2019Urss? L\u2019epoca dello scientismo. La scienza si fa ideologia, superstizione e la tecnica modifica il mondo, la natura, l\u2019umanit\u00e0, si fa strumento di controllo capillare e mezzo di profitto globale. Il sistema capitalistico e il comunismo sovietico trovarono un punto in comune ma competitivo nell\u2019espansione illimitata della scienza e della tecnica, al servizio della potenza e del \u201cprogresso\u201d.<\/span><\/p>\n<p style=\"text-align: justify;\"><span style=\"color: #000000;\"><img loading=\"lazy\" decoding=\"async\" class=\" wp-image-33484 alignleft\" src=\"https:\/\/www.rassegnastampa-totustuus.it\/cattolica\/wp-content\/uploads\/2010\/11\/scientismo.jpg\" alt=\"\" width=\"261\" height=\"237\" \/>Di scientismo parl\u00f2 agli inizi degli anni settanta un biologo di fama mondiale, un genetista. Si chiamava <strong>Giuseppe Sermonti<\/strong>, classe 1925, morto cinque anni fa. Quell\u2019aria da attempato spadaccino, un po\u2019 d\u2019Artagnan, un po\u2019 cardinale Richelieu, Sermonti si ribell\u00f2 ai dogmi dell\u2019evoluzionismo, del progressismo scientifico e del determinismo tecnocratico e pubblic\u00f2 un libro con cui si inimic\u00f2 la cupola ideologica e scientifica. Lo intitol\u00f2 <span style=\"color: #0000ff;\"><a style=\"color: #0000ff;\" href=\"https:\/\/www.libraccio.it\/libro\/9788888251011\/giuseppe-sermonti\/crepuscolo-dello-scientismo.html\" target=\"_blank\" rel=\"noopener\"><em>Il crepuscolo dello scientismo<\/em> <\/a><\/span>e usc\u00ec nel 1971 in quella fortunata e battagliera collana di Rusconi diretta da Alfredo Cattabiani. Il tema del suo libro \u00e8 il tema dei nostri giorni: assegnare limiti alla scienza, restituirle dignit\u00e0 di ricerca e non solo di applicazione tecnica; contestare la sua pretesa di comprendere nei suoi confini tutto l\u2019universo e ogni sapere.<\/span><\/p>\n<p style=\"text-align: justify;\"><span style=\"color: #000000;\">Sermonti attaccava gli \u201cscienziati assolutisti\u201d, il \u201cclericalismo scientista\u201d, consapevole di passare per reazionario. Accennava sin da allora ai minacciosi e \u201csinistri\u201d progetti di modificazione genetica dell\u2019umano; si occupava gi\u00e0 d\u2019inquinamento ed ecologia, denunciava lo specialismo e i pericoli di una guerra contro la natura e la realt\u00e0, che avrebbe prodotto danni biologici e spirituali incomparabili. Notava la subordinazione della scienza, tramite la tecnica, all\u2019industria, alla farmaceutica, alla produzione. Indicava i suoi miti fondatori in tre figure simboliche: Narciso il vanitoso, Titano l\u2019arrogante e Faust il diabolico. La mitologia del progresso cancellava ogni mito, ogni simbolo e ogni rito dalla vita umana e predisponeva l\u2019avvento di un nuovo dispotismo totalitario. Lui invocava il ritorno alla frugalit\u00e0 e alla semplicit\u00e0 anche per ripararsi dalla societ\u00e0 dei consumi<\/span>.<\/p>\n<p style=\"text-align: justify;\"><span style=\"color: #000000;\"><img loading=\"lazy\" decoding=\"async\" class=\" wp-image-44162 alignright\" src=\"https:\/\/www.rassegnastampa-totustuus.it\/cattolica\/wp-content\/uploads\/2019\/09\/Isaac_Newton.jpg\" alt=\"\" width=\"276\" height=\"228\" \/>Segu\u00ec un altro suo libro, <em>La mela di Adamo e la mela di Newton<\/em>, in cui Sermonti affrontava il rapporto tra il mito e la scienza, tra la metafisica e la fisica. Usciva sempre nella collana di Rusconi, insieme ad altri titoli che ingaggiavano la guerra contro la scienza oscurantista (titolo di un pamphlet di Jean Josipovici, filosofo, scienziato, \u201cadottato al Cairo da una setta sufi\u201d). Sermonti si addentr\u00f2 in un\u2019incalzante critica nei confronti dell\u2019evoluzionismo.<\/span><\/p>\n<p style=\"text-align: justify;\"><span style=\"color: #000000;\">Memorabile fu un suo libro, <em>Dopo l\u2019evoluzionismo<\/em>, scritto con il paleontologo Roberto Fondi contro l\u2019intolleranza dogmatica dei neo-darwiniani, che non ammettono altro orizzonte e altra ipotesi oltre la loro. Secondo Sermonti, per la teoria evoluzionista tutto si forma per caso, per gradi e per \u201copportunismo\u201d. E\u2019 una teoria che esonda dalla biologia, \u201cha una spiegazione per tutto\u201d e riduce tutto allo schema evoluzionistico e selettivo; si applica in campo sociologico, psicologico, artistico, politico, sociale, storico. Da scienza si fa scientismo.<\/span><\/p>\n<p style=\"text-align: justify;\"><span style=\"color: #000000;\">Dopo trent\u2019anni di ricerca come scienziato e genetista, dopo aver studiato i microbi e diretto la <em>Rivista di Biologia<\/em>, Sermonti rivolse i suoi interessi al di l\u00e0 dell\u2019ambito strettamente scientifico. Altre opere seguirono, come <em>L\u2019anima scientifica<\/em>, di recente riprese e pubblicate da Lindau: da Una scienza senz\u2019anima al Tao della biologia, dalle Delizie della biologia a L\u2019Alchimia della fiaba, introdotta da Giulio Giorello ed \u00c9l\u00e9mire Zolla. Sermonti apr\u00ec la scienza ad altri universi <img loading=\"lazy\" decoding=\"async\" class=\" wp-image-53434 alignleft\" src=\"https:\/\/www.rassegnastampa-totustuus.it\/cattolica\/wp-content\/uploads\/2022\/01\/scienza_dna_bioetica-300x168.jpg\" alt=\"\" width=\"355\" height=\"199\" srcset=\"https:\/\/www.rassegnastampa-totustuus.it\/cattolica\/wp-content\/uploads\/2022\/01\/scienza_dna_bioetica-300x168.jpg 300w, https:\/\/www.rassegnastampa-totustuus.it\/cattolica\/wp-content\/uploads\/2022\/01\/scienza_dna_bioetica.jpg 312w\" sizes=\"auto, (max-width: 355px) 100vw, 355px\" \/>spirituali: il confronto con l\u2019anima e l\u2019anima mundi, con l\u2019alchimia e la scienza sacra. Sostenne l\u2019origine sacra e simbolica di molte scoperte tecnico-scientifiche, solo successivamente usate a scopi pratici e utilitaristici, ripens\u00f2 alla scienza che \u00e8 oggi \u201cla prima religione che pretenda di far proseliti vantando i propri benefici anzich\u00e9 la propria verit\u00e0\u201d. Secondo Sermonti noi dobbiamo cercare non il meccanismo bens\u00ec l\u2019ordine che regna sulle cose. Nulla \u00e8 per caso, sostiene Sermonti, e allo scienziato tocca il compito non di dissipare il mistero e la meraviglia per la natura, ma di coltivarli. Saperi tradizionali, letture di poeti e letterati, studiosi del sacro, dei simboli e degli archetipi, si alternavano in Sermonti ai riferimenti scientifici.<\/span><\/p>\n<p style=\"text-align: justify;\"><span style=\"color: #000000;\">Incontrai Sermonti in pi\u00f9 occasioni, mi mandava i suoi libri con dediche amichevoli, andai a trovarlo quando decise di lasciare Roma nel suo ritiro di Calcata. Lo ricordo poi con suo fratello Rutilio, a cui dedic\u00f2 il Tao della biologia, militante e storico appassionato del fascismo, su cui scrisse un\u2019opera monumentale con Pino Rauti. Altro suo pi\u00f9 celebre fratello fu lo scrittore e dantista Vittorio Sermonti, che la pensava diversamente da Rutilio e da lui. Giuseppe raccontava le numerose disavventure capitategli quando fu elevato un cordone sanitario da scientisti, evoluzionisti e marxisti nei suoi confronti. Mi raccont\u00f2 pure (e lo scrisse poi nelle Delizie della biologia) che Guid\u00f2 Ceronetti lasci\u00f2 la collaborazione a L\u2019Espresso dopo che gli censurarono la sua recensione a un\u2019opera di Sermonti.<\/span><\/p>\n<p style=\"text-align: justify;\"><span style=\"color: #000000;\"><img loading=\"lazy\" decoding=\"async\" class=\" wp-image-56207 alignright\" src=\"https:\/\/www.rassegnastampa-totustuus.it\/cattolica\/wp-content\/uploads\/2023\/04\/tecnologia_intelligenza_artificiale.jpg\" alt=\"\" width=\"334\" height=\"222\" \/>Lo scientismo denunciato da Sermonti pi\u00f9 di mezzo secolo fa \u00e8 ancora in auge, anche se con altro nome. Anzi, vige oggi pi\u00f9 di ieri, nella forma del tecnoscientismo, tra l\u2019intelligenza artificiale, gli algoritmi e le manipolazioni genetiche; lo sperimentiamo ogni giorno; la stessa pandemia fu un\u2019esercitazione di massa, una prova generale. Conforta sapere che ci furono e ci sono scienziati che non riducono il tutto a una parte, il mondo a un\u2019ideologia fanatica, la vita a un caotico e casuale intreccio di particelle, che possiamo alterare secondo i desideri. Ma riconoscono una forma, un ordine e un senso alla vita, ai suoi limiti e al suo sacro mistero. Sermonti, il biologo che poetava sull\u2019universo.<\/span><\/p>\n<p>______________________________________<\/p>\n<p><strong><span style=\"color: #000000;\">Su la scienza diventata fede:<\/span><\/strong><\/p>\n<p><a href=\"https:\/\/www.rassegnastampa-totustuus.it\/cattolica\/nientaltro-che-organismi-i-le-pretese-dello-scientismo\/\" target=\"_blank\" rel=\"noopener\"><span style=\"color: #0000ff;\">Nient\u2019altro che organismi? Le pretese dello scientismo<\/span><\/a><\/p>\n","protected":false},"excerpt":{"rendered":"<p>Abstract: Quando la scienza \u00e8 diventata una fede. Il primo a denunciarne la deriva verso una fede assoluta fu Giuseppe Sermonti, che si ribell\u00f2 ai dogmi dell\u2019evoluzionismo, del progressismo scientifico e del determinismo tecnocratico e pubblic\u00f2 un libro con cui si inimic\u00f2 la cupola ideologica e scientifica. Il tema del suo libro \u00e8 il tema &hellip; <\/p>\n<p><a class=\"more-link btn\" href=\"https:\/\/www.rassegnastampa-totustuus.it\/cattolica\/quando-la-scienza-e-diventata-una-fede\/\">Continua a leggere<\/a><\/p>\n","protected":false},"author":6,"featured_media":29524,"comment_status":"closed","ping_status":"closed","sticky":false,"template":"","format":"standard","meta":{"footnotes":""},"categories":[22],"tags":[1354,261],"class_list":["post-56658","post","type-post","status-publish","format-standard","has-post-thumbnail","hentry","category-scienza","tag-scientismo","tag-scienza-2","item-wrap"],"yoast_head":"<!-- This site is optimized with the Yoast SEO plugin v27.5 - https:\/\/yoast.com\/product\/yoast-seo-wordpress\/ -->\n<title>Quando la scienza \u00e8 diventata una fede - Rassegna Stampa Cattolica<\/title>\n<meta name=\"description\" content=\"Quando la scienza \u00e8 diventata una fede. Dare limiti alla scienza, restituirle dignit\u00e0 di ricerca, contestare la pretesa di comprendere tutto\" \/>\n<meta name=\"robots\" content=\"index, follow, max-snippet:-1, max-image-preview:large, max-video-preview:-1\" \/>\n<link rel=\"canonical\" href=\"https:\/\/www.rassegnastampa-totustuus.it\/cattolica\/quando-la-scienza-e-diventata-una-fede\/\" \/>\n<meta property=\"og:locale\" content=\"it_IT\" \/>\n<meta property=\"og:type\" content=\"article\" \/>\n<meta property=\"og:title\" content=\"Quando la scienza \u00e8 diventata una fede - Rassegna Stampa Cattolica\" \/>\n<meta property=\"og:description\" content=\"Quando la scienza \u00e8 diventata una fede. Dare limiti alla scienza, restituirle dignit\u00e0 di ricerca, contestare la pretesa di comprendere tutto\" \/>\n<meta property=\"og:url\" content=\"https:\/\/www.rassegnastampa-totustuus.it\/cattolica\/quando-la-scienza-e-diventata-una-fede\/\" \/>\n<meta property=\"og:site_name\" content=\"Rassegna Stampa Cattolica\" \/>\n<meta property=\"article:publisher\" content=\"https:\/\/www.facebook.com\/rassegnastampacattolica\" \/>\n<meta property=\"article:published_time\" content=\"2023-07-05T22:00:00+00:00\" \/>\n<meta property=\"article:modified_time\" content=\"2024-01-04T16:10:20+00:00\" \/>\n<meta property=\"og:image\" content=\"https:\/\/www.rassegnastampa-totustuus.it\/cattolica\/wp-content\/uploads\/2016\/01\/Giuseppe-Sermonti.jpg\" \/>\n\t<meta property=\"og:image:width\" content=\"160\" \/>\n\t<meta property=\"og:image:height\" content=\"204\" \/>\n\t<meta property=\"og:image:type\" content=\"image\/jpeg\" \/>\n<meta name=\"author\" content=\"Redazione\" \/>\n<meta name=\"twitter:card\" content=\"summary_large_image\" \/>\n<meta name=\"twitter:creator\" content=\"@rassegnastampa9\" \/>\n<meta name=\"twitter:site\" content=\"@rassegnastampa9\" \/>\n<meta name=\"twitter:label1\" content=\"Scritto da\" \/>\n\t<meta name=\"twitter:data1\" content=\"Redazione\" \/>\n\t<meta name=\"twitter:label2\" content=\"Tempo di lettura stimato\" \/>\n\t<meta name=\"twitter:data2\" content=\"7 minuti\" \/>\n<script type=\"application\/ld+json\" class=\"yoast-schema-graph\">{\"@context\":\"https:\\\/\\\/schema.org\",\"@graph\":[{\"@type\":\"Article\",\"@id\":\"https:\\\/\\\/www.rassegnastampa-totustuus.it\\\/cattolica\\\/quando-la-scienza-e-diventata-una-fede\\\/#article\",\"isPartOf\":{\"@id\":\"https:\\\/\\\/www.rassegnastampa-totustuus.it\\\/cattolica\\\/quando-la-scienza-e-diventata-una-fede\\\/\"},\"author\":{\"name\":\"Redazione\",\"@id\":\"https:\\\/\\\/www.rassegnastampa-totustuus.it\\\/cattolica\\\/#\\\/schema\\\/person\\\/08f319d2bd1a0904ad9e2bfb7b15e5c3\"},\"headline\":\"Quando la scienza \u00e8 diventata una fede\",\"datePublished\":\"2023-07-05T22:00:00+00:00\",\"dateModified\":\"2024-01-04T16:10:20+00:00\",\"mainEntityOfPage\":{\"@id\":\"https:\\\/\\\/www.rassegnastampa-totustuus.it\\\/cattolica\\\/quando-la-scienza-e-diventata-una-fede\\\/\"},\"wordCount\":1098,\"publisher\":{\"@id\":\"https:\\\/\\\/www.rassegnastampa-totustuus.it\\\/cattolica\\\/#organization\"},\"image\":{\"@id\":\"https:\\\/\\\/www.rassegnastampa-totustuus.it\\\/cattolica\\\/quando-la-scienza-e-diventata-una-fede\\\/#primaryimage\"},\"thumbnailUrl\":\"https:\\\/\\\/www.rassegnastampa-totustuus.it\\\/cattolica\\\/wp-content\\\/uploads\\\/2016\\\/01\\\/Giuseppe-Sermonti.jpg\",\"keywords\":[\"scientismo\",\"scienza\"],\"articleSection\":[\"Scienza\"],\"inLanguage\":\"it-IT\"},{\"@type\":\"WebPage\",\"@id\":\"https:\\\/\\\/www.rassegnastampa-totustuus.it\\\/cattolica\\\/quando-la-scienza-e-diventata-una-fede\\\/\",\"url\":\"https:\\\/\\\/www.rassegnastampa-totustuus.it\\\/cattolica\\\/quando-la-scienza-e-diventata-una-fede\\\/\",\"name\":\"Quando la scienza \u00e8 diventata una fede - Rassegna Stampa Cattolica\",\"isPartOf\":{\"@id\":\"https:\\\/\\\/www.rassegnastampa-totustuus.it\\\/cattolica\\\/#website\"},\"primaryImageOfPage\":{\"@id\":\"https:\\\/\\\/www.rassegnastampa-totustuus.it\\\/cattolica\\\/quando-la-scienza-e-diventata-una-fede\\\/#primaryimage\"},\"image\":{\"@id\":\"https:\\\/\\\/www.rassegnastampa-totustuus.it\\\/cattolica\\\/quando-la-scienza-e-diventata-una-fede\\\/#primaryimage\"},\"thumbnailUrl\":\"https:\\\/\\\/www.rassegnastampa-totustuus.it\\\/cattolica\\\/wp-content\\\/uploads\\\/2016\\\/01\\\/Giuseppe-Sermonti.jpg\",\"datePublished\":\"2023-07-05T22:00:00+00:00\",\"dateModified\":\"2024-01-04T16:10:20+00:00\",\"description\":\"Quando la scienza \u00e8 diventata una fede. Dare limiti alla scienza, restituirle dignit\u00e0 di ricerca, contestare la pretesa di comprendere tutto\",\"breadcrumb\":{\"@id\":\"https:\\\/\\\/www.rassegnastampa-totustuus.it\\\/cattolica\\\/quando-la-scienza-e-diventata-una-fede\\\/#breadcrumb\"},\"inLanguage\":\"it-IT\",\"potentialAction\":[{\"@type\":\"ReadAction\",\"target\":[\"https:\\\/\\\/www.rassegnastampa-totustuus.it\\\/cattolica\\\/quando-la-scienza-e-diventata-una-fede\\\/\"]}]},{\"@type\":\"ImageObject\",\"inLanguage\":\"it-IT\",\"@id\":\"https:\\\/\\\/www.rassegnastampa-totustuus.it\\\/cattolica\\\/quando-la-scienza-e-diventata-una-fede\\\/#primaryimage\",\"url\":\"https:\\\/\\\/www.rassegnastampa-totustuus.it\\\/cattolica\\\/wp-content\\\/uploads\\\/2016\\\/01\\\/Giuseppe-Sermonti.jpg\",\"contentUrl\":\"https:\\\/\\\/www.rassegnastampa-totustuus.it\\\/cattolica\\\/wp-content\\\/uploads\\\/2016\\\/01\\\/Giuseppe-Sermonti.jpg\",\"width\":160,\"height\":204},{\"@type\":\"BreadcrumbList\",\"@id\":\"https:\\\/\\\/www.rassegnastampa-totustuus.it\\\/cattolica\\\/quando-la-scienza-e-diventata-una-fede\\\/#breadcrumb\",\"itemListElement\":[{\"@type\":\"ListItem\",\"position\":1,\"name\":\"Home\",\"item\":\"https:\\\/\\\/www.rassegnastampa-totustuus.it\\\/cattolica\\\/\"},{\"@type\":\"ListItem\",\"position\":2,\"name\":\"Quando la scienza \u00e8 diventata una fede\"}]},{\"@type\":\"WebSite\",\"@id\":\"https:\\\/\\\/www.rassegnastampa-totustuus.it\\\/cattolica\\\/#website\",\"url\":\"https:\\\/\\\/www.rassegnastampa-totustuus.it\\\/cattolica\\\/\",\"name\":\"Rassegna Stampa Cattolica\",\"description\":\"Per una cultura che nasce dalla Rivelazione cristiana in conformit\u00e0 alla tradizione e al Magistero della Chiesa in opposizione ad ogni relativismo e totalitarismo\",\"publisher\":{\"@id\":\"https:\\\/\\\/www.rassegnastampa-totustuus.it\\\/cattolica\\\/#organization\"},\"alternateName\":\"Rass. Cattolica\",\"potentialAction\":[{\"@type\":\"SearchAction\",\"target\":{\"@type\":\"EntryPoint\",\"urlTemplate\":\"https:\\\/\\\/www.rassegnastampa-totustuus.it\\\/cattolica\\\/?s={search_term_string}\"},\"query-input\":{\"@type\":\"PropertyValueSpecification\",\"valueRequired\":true,\"valueName\":\"search_term_string\"}}],\"inLanguage\":\"it-IT\"},{\"@type\":\"Organization\",\"@id\":\"https:\\\/\\\/www.rassegnastampa-totustuus.it\\\/cattolica\\\/#organization\",\"name\":\"Rassegna Stampa Cattolica\",\"url\":\"https:\\\/\\\/www.rassegnastampa-totustuus.it\\\/cattolica\\\/\",\"logo\":{\"@type\":\"ImageObject\",\"inLanguage\":\"it-IT\",\"@id\":\"https:\\\/\\\/www.rassegnastampa-totustuus.it\\\/cattolica\\\/#\\\/schema\\\/logo\\\/image\\\/\",\"url\":\"https:\\\/\\\/www.rassegnastampa-totustuus.it\\\/cattolica\\\/wp-content\\\/uploads\\\/2014\\\/04\\\/logo-rassegna1.gif\",\"contentUrl\":\"https:\\\/\\\/www.rassegnastampa-totustuus.it\\\/cattolica\\\/wp-content\\\/uploads\\\/2014\\\/04\\\/logo-rassegna1.gif\",\"width\":600,\"height\":163,\"caption\":\"Rassegna Stampa Cattolica\"},\"image\":{\"@id\":\"https:\\\/\\\/www.rassegnastampa-totustuus.it\\\/cattolica\\\/#\\\/schema\\\/logo\\\/image\\\/\"},\"sameAs\":[\"https:\\\/\\\/www.facebook.com\\\/rassegnastampacattolica\",\"https:\\\/\\\/x.com\\\/rassegnastampa9\"]},{\"@type\":\"Person\",\"@id\":\"https:\\\/\\\/www.rassegnastampa-totustuus.it\\\/cattolica\\\/#\\\/schema\\\/person\\\/08f319d2bd1a0904ad9e2bfb7b15e5c3\",\"name\":\"Redazione\",\"image\":{\"@type\":\"ImageObject\",\"inLanguage\":\"it-IT\",\"@id\":\"https:\\\/\\\/secure.gravatar.com\\\/avatar\\\/2fcdf27c78ea025fbdb44e914cc63c72249ffec9dc8aafd5c82b26240ef3f346?s=96&d=mm&r=g\",\"url\":\"https:\\\/\\\/secure.gravatar.com\\\/avatar\\\/2fcdf27c78ea025fbdb44e914cc63c72249ffec9dc8aafd5c82b26240ef3f346?s=96&d=mm&r=g\",\"contentUrl\":\"https:\\\/\\\/secure.gravatar.com\\\/avatar\\\/2fcdf27c78ea025fbdb44e914cc63c72249ffec9dc8aafd5c82b26240ef3f346?s=96&d=mm&r=g\",\"caption\":\"Redazione\"},\"url\":\"https:\\\/\\\/www.rassegnastampa-totustuus.it\\\/cattolica\\\/author\\\/pietroelle\\\/\"}]}<\/script>\n<!-- \/ Yoast SEO plugin. -->","yoast_head_json":{"title":"Quando la scienza \u00e8 diventata una fede - Rassegna Stampa Cattolica","description":"Quando la scienza \u00e8 diventata una fede. Dare limiti alla scienza, restituirle dignit\u00e0 di ricerca, contestare la pretesa di comprendere tutto","robots":{"index":"index","follow":"follow","max-snippet":"max-snippet:-1","max-image-preview":"max-image-preview:large","max-video-preview":"max-video-preview:-1"},"canonical":"https:\/\/www.rassegnastampa-totustuus.it\/cattolica\/quando-la-scienza-e-diventata-una-fede\/","og_locale":"it_IT","og_type":"article","og_title":"Quando la scienza \u00e8 diventata una fede - Rassegna Stampa Cattolica","og_description":"Quando la scienza \u00e8 diventata una fede. Dare limiti alla scienza, restituirle dignit\u00e0 di ricerca, contestare la pretesa di comprendere tutto","og_url":"https:\/\/www.rassegnastampa-totustuus.it\/cattolica\/quando-la-scienza-e-diventata-una-fede\/","og_site_name":"Rassegna Stampa Cattolica","article_publisher":"https:\/\/www.facebook.com\/rassegnastampacattolica","article_published_time":"2023-07-05T22:00:00+00:00","article_modified_time":"2024-01-04T16:10:20+00:00","og_image":[{"width":160,"height":204,"url":"https:\/\/www.rassegnastampa-totustuus.it\/cattolica\/wp-content\/uploads\/2016\/01\/Giuseppe-Sermonti.jpg","type":"image\/jpeg"}],"author":"Redazione","twitter_card":"summary_large_image","twitter_creator":"@rassegnastampa9","twitter_site":"@rassegnastampa9","twitter_misc":{"Scritto da":"Redazione","Tempo di lettura stimato":"7 minuti"},"schema":{"@context":"https:\/\/schema.org","@graph":[{"@type":"Article","@id":"https:\/\/www.rassegnastampa-totustuus.it\/cattolica\/quando-la-scienza-e-diventata-una-fede\/#article","isPartOf":{"@id":"https:\/\/www.rassegnastampa-totustuus.it\/cattolica\/quando-la-scienza-e-diventata-una-fede\/"},"author":{"name":"Redazione","@id":"https:\/\/www.rassegnastampa-totustuus.it\/cattolica\/#\/schema\/person\/08f319d2bd1a0904ad9e2bfb7b15e5c3"},"headline":"Quando la scienza \u00e8 diventata una fede","datePublished":"2023-07-05T22:00:00+00:00","dateModified":"2024-01-04T16:10:20+00:00","mainEntityOfPage":{"@id":"https:\/\/www.rassegnastampa-totustuus.it\/cattolica\/quando-la-scienza-e-diventata-una-fede\/"},"wordCount":1098,"publisher":{"@id":"https:\/\/www.rassegnastampa-totustuus.it\/cattolica\/#organization"},"image":{"@id":"https:\/\/www.rassegnastampa-totustuus.it\/cattolica\/quando-la-scienza-e-diventata-una-fede\/#primaryimage"},"thumbnailUrl":"https:\/\/www.rassegnastampa-totustuus.it\/cattolica\/wp-content\/uploads\/2016\/01\/Giuseppe-Sermonti.jpg","keywords":["scientismo","scienza"],"articleSection":["Scienza"],"inLanguage":"it-IT"},{"@type":"WebPage","@id":"https:\/\/www.rassegnastampa-totustuus.it\/cattolica\/quando-la-scienza-e-diventata-una-fede\/","url":"https:\/\/www.rassegnastampa-totustuus.it\/cattolica\/quando-la-scienza-e-diventata-una-fede\/","name":"Quando la scienza \u00e8 diventata una fede - Rassegna Stampa Cattolica","isPartOf":{"@id":"https:\/\/www.rassegnastampa-totustuus.it\/cattolica\/#website"},"primaryImageOfPage":{"@id":"https:\/\/www.rassegnastampa-totustuus.it\/cattolica\/quando-la-scienza-e-diventata-una-fede\/#primaryimage"},"image":{"@id":"https:\/\/www.rassegnastampa-totustuus.it\/cattolica\/quando-la-scienza-e-diventata-una-fede\/#primaryimage"},"thumbnailUrl":"https:\/\/www.rassegnastampa-totustuus.it\/cattolica\/wp-content\/uploads\/2016\/01\/Giuseppe-Sermonti.jpg","datePublished":"2023-07-05T22:00:00+00:00","dateModified":"2024-01-04T16:10:20+00:00","description":"Quando la scienza \u00e8 diventata una fede. Dare limiti alla scienza, restituirle dignit\u00e0 di ricerca, contestare la pretesa di comprendere tutto","breadcrumb":{"@id":"https:\/\/www.rassegnastampa-totustuus.it\/cattolica\/quando-la-scienza-e-diventata-una-fede\/#breadcrumb"},"inLanguage":"it-IT","potentialAction":[{"@type":"ReadAction","target":["https:\/\/www.rassegnastampa-totustuus.it\/cattolica\/quando-la-scienza-e-diventata-una-fede\/"]}]},{"@type":"ImageObject","inLanguage":"it-IT","@id":"https:\/\/www.rassegnastampa-totustuus.it\/cattolica\/quando-la-scienza-e-diventata-una-fede\/#primaryimage","url":"https:\/\/www.rassegnastampa-totustuus.it\/cattolica\/wp-content\/uploads\/2016\/01\/Giuseppe-Sermonti.jpg","contentUrl":"https:\/\/www.rassegnastampa-totustuus.it\/cattolica\/wp-content\/uploads\/2016\/01\/Giuseppe-Sermonti.jpg","width":160,"height":204},{"@type":"BreadcrumbList","@id":"https:\/\/www.rassegnastampa-totustuus.it\/cattolica\/quando-la-scienza-e-diventata-una-fede\/#breadcrumb","itemListElement":[{"@type":"ListItem","position":1,"name":"Home","item":"https:\/\/www.rassegnastampa-totustuus.it\/cattolica\/"},{"@type":"ListItem","position":2,"name":"Quando la scienza \u00e8 diventata una fede"}]},{"@type":"WebSite","@id":"https:\/\/www.rassegnastampa-totustuus.it\/cattolica\/#website","url":"https:\/\/www.rassegnastampa-totustuus.it\/cattolica\/","name":"Rassegna Stampa Cattolica","description":"Per una cultura che nasce dalla Rivelazione cristiana in conformit\u00e0 alla tradizione e al Magistero della Chiesa in opposizione ad ogni relativismo e totalitarismo","publisher":{"@id":"https:\/\/www.rassegnastampa-totustuus.it\/cattolica\/#organization"},"alternateName":"Rass. Cattolica","potentialAction":[{"@type":"SearchAction","target":{"@type":"EntryPoint","urlTemplate":"https:\/\/www.rassegnastampa-totustuus.it\/cattolica\/?s={search_term_string}"},"query-input":{"@type":"PropertyValueSpecification","valueRequired":true,"valueName":"search_term_string"}}],"inLanguage":"it-IT"},{"@type":"Organization","@id":"https:\/\/www.rassegnastampa-totustuus.it\/cattolica\/#organization","name":"Rassegna Stampa Cattolica","url":"https:\/\/www.rassegnastampa-totustuus.it\/cattolica\/","logo":{"@type":"ImageObject","inLanguage":"it-IT","@id":"https:\/\/www.rassegnastampa-totustuus.it\/cattolica\/#\/schema\/logo\/image\/","url":"https:\/\/www.rassegnastampa-totustuus.it\/cattolica\/wp-content\/uploads\/2014\/04\/logo-rassegna1.gif","contentUrl":"https:\/\/www.rassegnastampa-totustuus.it\/cattolica\/wp-content\/uploads\/2014\/04\/logo-rassegna1.gif","width":600,"height":163,"caption":"Rassegna Stampa Cattolica"},"image":{"@id":"https:\/\/www.rassegnastampa-totustuus.it\/cattolica\/#\/schema\/logo\/image\/"},"sameAs":["https:\/\/www.facebook.com\/rassegnastampacattolica","https:\/\/x.com\/rassegnastampa9"]},{"@type":"Person","@id":"https:\/\/www.rassegnastampa-totustuus.it\/cattolica\/#\/schema\/person\/08f319d2bd1a0904ad9e2bfb7b15e5c3","name":"Redazione","image":{"@type":"ImageObject","inLanguage":"it-IT","@id":"https:\/\/secure.gravatar.com\/avatar\/2fcdf27c78ea025fbdb44e914cc63c72249ffec9dc8aafd5c82b26240ef3f346?s=96&d=mm&r=g","url":"https:\/\/secure.gravatar.com\/avatar\/2fcdf27c78ea025fbdb44e914cc63c72249ffec9dc8aafd5c82b26240ef3f346?s=96&d=mm&r=g","contentUrl":"https:\/\/secure.gravatar.com\/avatar\/2fcdf27c78ea025fbdb44e914cc63c72249ffec9dc8aafd5c82b26240ef3f346?s=96&d=mm&r=g","caption":"Redazione"},"url":"https:\/\/www.rassegnastampa-totustuus.it\/cattolica\/author\/pietroelle\/"}]}},"_links":{"self":[{"href":"https:\/\/www.rassegnastampa-totustuus.it\/cattolica\/wp-json\/wp\/v2\/posts\/56658","targetHints":{"allow":["GET"]}}],"collection":[{"href":"https:\/\/www.rassegnastampa-totustuus.it\/cattolica\/wp-json\/wp\/v2\/posts"}],"about":[{"href":"https:\/\/www.rassegnastampa-totustuus.it\/cattolica\/wp-json\/wp\/v2\/types\/post"}],"author":[{"embeddable":true,"href":"https:\/\/www.rassegnastampa-totustuus.it\/cattolica\/wp-json\/wp\/v2\/users\/6"}],"replies":[{"embeddable":true,"href":"https:\/\/www.rassegnastampa-totustuus.it\/cattolica\/wp-json\/wp\/v2\/comments?post=56658"}],"version-history":[{"count":5,"href":"https:\/\/www.rassegnastampa-totustuus.it\/cattolica\/wp-json\/wp\/v2\/posts\/56658\/revisions"}],"predecessor-version":[{"id":58755,"href":"https:\/\/www.rassegnastampa-totustuus.it\/cattolica\/wp-json\/wp\/v2\/posts\/56658\/revisions\/58755"}],"wp:featuredmedia":[{"embeddable":true,"href":"https:\/\/www.rassegnastampa-totustuus.it\/cattolica\/wp-json\/wp\/v2\/media\/29524"}],"wp:attachment":[{"href":"https:\/\/www.rassegnastampa-totustuus.it\/cattolica\/wp-json\/wp\/v2\/media?parent=56658"}],"wp:term":[{"taxonomy":"category","embeddable":true,"href":"https:\/\/www.rassegnastampa-totustuus.it\/cattolica\/wp-json\/wp\/v2\/categories?post=56658"},{"taxonomy":"post_tag","embeddable":true,"href":"https:\/\/www.rassegnastampa-totustuus.it\/cattolica\/wp-json\/wp\/v2\/tags?post=56658"}],"curies":[{"name":"wp","href":"https:\/\/api.w.org\/{rel}","templated":true}]}}