{"id":56651,"date":"2023-07-06T00:00:00","date_gmt":"2023-07-05T22:00:00","guid":{"rendered":"https:\/\/www.rassegnastampa-totustuus.it\/cattolica\/?p=56651"},"modified":"2023-12-15T12:01:14","modified_gmt":"2023-12-15T11:01:14","slug":"che-guevara-persecutore-degli-omosessuali","status":"publish","type":"post","link":"https:\/\/www.rassegnastampa-totustuus.it\/cattolica\/che-guevara-persecutore-degli-omosessuali\/","title":{"rendered":"Che Guevara persecutore degli omosessuali"},"content":{"rendered":"<p style=\"text-align: justify;\"><span style=\"color: #000000;\"><strong><img loading=\"lazy\" decoding=\"async\" class=\" wp-image-56652 alignleft\" src=\"https:\/\/www.rassegnastampa-totustuus.it\/cattolica\/wp-content\/uploads\/2023\/06\/Guevara_gay.jpg\" alt=\"\" width=\"336\" height=\"188\" \/>Abstract: <\/strong><em>Che Guevara persecutore degli omosessuali, altro che icona gay. Il Che era dotato anche di un macabro senso dell\u2019umorismo, visto che sul cancello del campo di Guanahacabibes destinato agli omosessuali fu fatta apporre la scritta \u00abEl trabajo los har\u00e1 hombre\u00bb, ossia \u00abIl lavoro rende uomini\u00bb, per riecheggiare quell\u2019Arbeit macht frei (Il lavoro rende liberi) che i nazisti affissero al cancello del lager di Auschwitz.<\/em><\/span><\/p>\n<p><!--more--><\/p>\n<p style=\"text-align: center;\"><span style=\"color: #000000;\"><a href=\"https:\/\/lanuovabq.it\/it\" target=\"_blank\" rel=\"noopener\"><strong><span style=\"color: #0000ff;\">La Nuova Bussola quotidiana<\/span><\/strong> <\/a>27 Giugno 2023 \u00a0<\/span><\/p>\n<h3 style=\"text-align: center;\"><span style=\"color: #000000;\">Il paradosso dei gay che amano Che Guevara<\/span><\/h3>\n<p style=\"text-align: justify;\"><span style=\"color: #000000;\">Nei gay pride non \u00e8 raro vedere manifestanti con la maglietta del Che. Il quale per\u00f2 considerava l\u2019omosessualit\u00e0 incompatibile con il suo ideale di uomo nuovo. E tra gli avversari di regime che rinchiudeva e fucilava nel primo \u201cgulag\u201d cubano c\u2019erano anche omosessuali.<\/span><\/p>\n<p style=\"text-align: center;\"><span style=\"color: #000000;\"> di <strong>Gianfranco Amato<\/strong><\/span><\/p>\n<p style=\"text-align: justify;\"><span style=\"color: #000000;\"><img loading=\"lazy\" decoding=\"async\" class=\"size-full wp-image-27724 alignright\" src=\"https:\/\/www.rassegnastampa-totustuus.it\/cattolica\/wp-content\/uploads\/2005\/07\/Che-Guevara.png\" alt=\"\" width=\"259\" height=\"194\" \/>Giugno \u00e8 ormai considerato il mese dell\u2019orgoglio arcobaleno. Anche quest\u2019anno sono diverse decine i vari gay pride organizzati in giro per l\u2019Italia. Le immagini sono sempre le stesse e vanno da persone che manifestano tranquillamente a gente eccentrica che si esibisce in maniera decisamente sopra le righe, sfiorando a volte il cattivo gusto e persino la blasfemia. Ma c\u2019\u00e8 un\u2019immagine che ogni volta fa trasecolare. \u00c8 quella del manifestante Lgbt che ostenta l\u2019icona di Ernesto Che Guevara. Uno degli \u201comofobi\u201d pi\u00f9 spietati della storia. Ora, se c\u2019\u00e8 qualcosa di sideralmente lontano da ogni forma di omosessualit\u00e0 \u00e8 proprio Cuba.<\/span><\/p>\n<p style=\"text-align: justify;\"><span style=\"color: #000000;\"><strong>Jos\u00e9 Mart\u00ed<\/strong>, considerato l\u2019eroe nazionale per eccellenza dai rivoluzionari cubani, nella sua opera <em>Nuestra Am\u00e9rica<\/em>, identificava l\u2019omosessualit\u00e0 come un \u00absegno della decadenza borghese\u00bb e quasi un \u00abvirus che esclude irrimediabilmente colui che ne \u00e8 infettato dalla possibilit\u00e0 di costruzione del progetto rivoluzionario\u00bb. Per Mart\u00ed, infatti, gli omosessuali erano \u00abesseri effeminati\u00bb, \u00abscarti del materialismo moderno\u00bb \u00abincapaci di costruire una nazione\u00bb.<\/span><\/p>\n<p style=\"text-align: justify;\"><span style=\"color: #000000;\"><strong><img loading=\"lazy\" decoding=\"async\" class=\" wp-image-27128 alignleft\" src=\"https:\/\/www.rassegnastampa-totustuus.it\/cattolica\/wp-content\/uploads\/2005\/07\/Che-Guevara.jpg\" alt=\"\" width=\"266\" height=\"222\" \/>Che Guevara considerava l\u2019omosessualit\u00e0 incompatibile con il suo ideale di <em>hombre nuevo<\/em><\/strong>, l\u2019uomo nuovo, che egli identificava, come ricorda il giornalista Carlos Alberto Montaner, nell\u2019\u00abuomo vigoroso, gagliardo, lavoratore, patriota, disinteressato, eterosessuale, monogamo e austero\u00bb. Per questo il \u201cChe\u201d, il quale era solito apostrofare gli omosessuali con l\u2019epiteto poco elegante di <em>maricones<\/em>, non annoverava i \u00ab<em>pervertidos sexuales<\/em>\u00bb tra gli uomini nuovi della rivoluzione.\u00a0<\/span><\/p>\n<p style=\"text-align: justify;\"><span style=\"color: #000000;\"><strong>Non dobbiamo dimenticare<\/strong> che fu proprio Che Guevara ad organizzare il primo \u201cgulag\u201d cubano nella penisola di Guanahacabibes, prototipo di quelle che poi si diffusero nel resto del Paese con il famigerato nome di Unit\u00e0 militari di aiuto alla produzione (Umap). Proprio in quel primo campo di concentramento messo in piedi da Che Guevara furono internati anche gli omosessuali, sottoposti a condizioni disumane. Basta leggere cosa ha scritto Reinaldo Arenas, \u201cil Solgenitsin cubano\u201d, nel suo libro autobiografico intitolato <em>Prima che sia notte<\/em>. Arenas, internato nel campo perch\u00e9 omosessuale, descrive nei minimi particolari le atrocit\u00e0 subite a causa del suo orientamento sessuale.<\/span><\/p>\n<p style=\"text-align: justify;\"><span style=\"color: #000000;\"><strong>In quel campo avvenivano anche fucilazioni degli avversari del regime<\/strong> (dissidenti politici, cattolici, omosessuali, ecc.), e lo stesso Che Guevara ebbe modo di rendere onore al soprannome che si era guadagnato di \u201cCarnicero de La Caba\u00f1a\u201d, ossia il macellaio della Caba\u00f1a. E se ne vantava pure a livello internazionale. Basta ascoltare un passo del suo celebre discorso tenuto alla nona sessione dell\u2019Assemblea Generale dell\u2019Onu, l\u201911 dicembre 1964: \u00abDobbiamo ripetere qui una verit\u00e0 che abbiamo sempre detto davanti a tutto il mondo: fucilazioni; s\u00ec, abbiamo fucilato; fuciliamo e continueremo a fucilare finch\u00e9 sar\u00e0 necessario. La nostra lotta \u00e8 una lotta a morte\u00bb. I fan del Che possono ascoltare la viva voce del loro beniamino mentre pronuncia quelle parole in una registrazione dell\u2019epoca.<\/span><\/p>\n<p style=\"text-align: justify;\"><span style=\"color: #000000;\"><strong><img loading=\"lazy\" decoding=\"async\" class=\" wp-image-41354 alignright\" src=\"https:\/\/www.rassegnastampa-totustuus.it\/cattolica\/wp-content\/uploads\/2005\/07\/Castro_Guevara_Cuba.jpg\" alt=\"\" width=\"346\" height=\"230\" \/>Il Che era dotato anche di un macabro senso dell\u2019umorismo<\/strong>, visto che sul cancello del campo di Guanahacabibes destinato agli omosessuali fu fatta apporre la scritta \u00abEl trabajo los har\u00e1 hombre\u00bb, ossia \u00abIl lavoro rende uomini\u00bb, per riecheggiare quell\u2019<em>Arbeit macht frei<\/em> (Il lavoro rende liberi) che i nazisti affissero al cancello del lager di Auschwitz. No, Ernesto Che Guevara non amava proprio i gay. Juan Goytisolo e Guillermo Cabrera Infante furono testimoni oculari della famosa scenata che il Che fece durante una sua visita all\u2019ambasciata cubana ad Algeri quando si accorse che sul tavolo dell\u2019ambasciatore c\u2019era un libro del poeta omosessuale Virgilio Pi\u00f1era. Guevara prese il libro e lo scaravent\u00f2 per terra chiedendo che cosa ci facesse in ambasciata il libro di \u00abese maric\u00f3n\u00bb (\u00abquel finocchio\u00bb). L\u2019ambasciatore si scus\u00f2 prontamente spiegando che si trattava di una cosa di sua moglie. Anche per questo capita di sorridere quando nelle immagini dei vari gay pride vedo militanti omosessualisti con la famosa maglietta del Che. Pi\u00f9 volte sono stato tentato di distribuire il libro autobiografico di Reinaldo Arenas ai variopinti manifestanti.<\/span><\/p>\n<p style=\"text-align: justify;\"><span style=\"color: #000000;\"><strong><img loading=\"lazy\" decoding=\"async\" class=\" wp-image-44267 alignleft\" src=\"https:\/\/www.rassegnastampa-totustuus.it\/cattolica\/wp-content\/uploads\/2019\/09\/gay_pride.jpg\" alt=\"\" width=\"328\" height=\"218\" \/>Fidel Castro era soltanto un po\u2019 meno rude di Che Guevara nell\u2019esprimersi<\/strong>: \u00abNon abbiamo mai creduto che un omosessuale possa incarnare le condizioni e i requisiti di condotta che ci consentono di considerarlo un vero rivoluzionario, un vero comunista; una tale deviazione si scontra con il nostro concetto di ci\u00f2 che dovrebbe essere un militante comunista\u00bb. Al Primo Congresso Nazionale dell\u2019Educazione e della Cultura, tenutosi nel 1971, il governo castrista riconobbe ufficialmente l\u2019omosessualit\u00e0 come una \u00abdeviazione patologica\u00bb e proib\u00ec agli omosessuali di rappresentare il Paese in atti ufficiali compiuti all\u2019estero. Segu\u00ec, di l\u00ec a poco, la \u201cLegge sull\u2019ostentazione omosessuale\u201d con cui si sanzionarono penalmente le manifestazioni pubbliche tra persone dello stesso sesso. In quegli stessi anni Sep\u00falveda giocava a fare il rivoluzionario cubano in Bolivia.<\/span><\/p>\n<p style=\"text-align: justify;\"><span style=\"color: #000000;\"><strong>Nel delirio della dilagante ideologia <em>woke<\/em><\/strong>, Ernesto Che Guevara \u00e8 un personaggio che corre il serio rischio di essere vittima della <em>cancel culture<\/em>. Se lo ricordino i prossimi manifestanti del gay pride.<\/span><\/p>\n<p>______________________________________<\/p>\n<p><a href=\"https:\/\/www.rassegnastampa-totustuus.it\/cattolica\/che-guevara-sconosciuto\/\" target=\"_blank\" rel=\"noopener\"><span style=\"color: #0000ff;\">Che Guevara sconosciuto<\/span><\/a><\/p>\n","protected":false},"excerpt":{"rendered":"<p>Abstract: Che Guevara persecutore degli omosessuali, altro che icona gay. Il Che era dotato anche di un macabro senso dell\u2019umorismo, visto che sul cancello del campo di Guanahacabibes destinato agli omosessuali fu fatta apporre la scritta \u00abEl trabajo los har\u00e1 hombre\u00bb, ossia \u00abIl lavoro rende uomini\u00bb, per riecheggiare quell\u2019Arbeit macht frei (Il lavoro rende liberi) &hellip; <\/p>\n<p><a class=\"more-link btn\" href=\"https:\/\/www.rassegnastampa-totustuus.it\/cattolica\/che-guevara-persecutore-degli-omosessuali\/\">Continua a leggere<\/a><\/p>\n","protected":false},"author":6,"featured_media":56652,"comment_status":"closed","ping_status":"closed","sticky":false,"template":"","format":"standard","meta":{"footnotes":""},"categories":[32,72,48],"tags":[742,139,603,189,322],"class_list":["post-56651","post","type-post","status-publish","format-standard","has-post-thumbnail","hentry","category-filosofia-del-comunismo","category-cuba","category-omosessualit","tag-che-guevara","tag-comunismo","tag-cuba-2","tag-gay","tag-omosessualita","item-wrap"],"yoast_head":"<!-- This site is optimized with the Yoast SEO plugin v27.5 - https:\/\/yoast.com\/product\/yoast-seo-wordpress\/ -->\n<title>Che Guevara persecutore degli omosessuali - Rassegna Stampa Cattolica<\/title>\n<meta name=\"description\" content=\"Che Guevara persecutore degli omosessuali, altro che icona gay. Il Che rinchiudeva i gay, che disprezzava profondamente, nei gulag.\" \/>\n<meta name=\"robots\" content=\"index, follow, max-snippet:-1, max-image-preview:large, max-video-preview:-1\" \/>\n<link rel=\"canonical\" href=\"https:\/\/www.rassegnastampa-totustuus.it\/cattolica\/che-guevara-persecutore-degli-omosessuali\/\" \/>\n<meta property=\"og:locale\" content=\"it_IT\" \/>\n<meta property=\"og:type\" content=\"article\" \/>\n<meta property=\"og:title\" content=\"Che Guevara persecutore degli omosessuali - Rassegna Stampa Cattolica\" \/>\n<meta property=\"og:description\" content=\"Che Guevara persecutore degli omosessuali, altro che icona gay. Il Che rinchiudeva i gay, che disprezzava profondamente, nei gulag.\" \/>\n<meta property=\"og:url\" content=\"https:\/\/www.rassegnastampa-totustuus.it\/cattolica\/che-guevara-persecutore-degli-omosessuali\/\" \/>\n<meta property=\"og:site_name\" content=\"Rassegna Stampa Cattolica\" \/>\n<meta property=\"article:publisher\" content=\"https:\/\/www.facebook.com\/rassegnastampacattolica\" \/>\n<meta property=\"article:published_time\" content=\"2023-07-05T22:00:00+00:00\" \/>\n<meta property=\"article:modified_time\" content=\"2023-12-15T11:01:14+00:00\" \/>\n<meta property=\"og:image\" content=\"https:\/\/www.rassegnastampa-totustuus.it\/cattolica\/wp-content\/uploads\/2023\/06\/Guevara_gay.jpg\" \/>\n\t<meta property=\"og:image:width\" content=\"300\" \/>\n\t<meta property=\"og:image:height\" content=\"168\" \/>\n\t<meta property=\"og:image:type\" content=\"image\/jpeg\" \/>\n<meta name=\"author\" content=\"Redazione\" \/>\n<meta name=\"twitter:card\" content=\"summary_large_image\" \/>\n<meta name=\"twitter:creator\" content=\"@rassegnastampa9\" \/>\n<meta name=\"twitter:site\" content=\"@rassegnastampa9\" \/>\n<meta name=\"twitter:label1\" content=\"Scritto da\" \/>\n\t<meta name=\"twitter:data1\" content=\"Redazione\" \/>\n\t<meta name=\"twitter:label2\" content=\"Tempo di lettura stimato\" \/>\n\t<meta name=\"twitter:data2\" content=\"6 minuti\" \/>\n<script type=\"application\/ld+json\" class=\"yoast-schema-graph\">{\"@context\":\"https:\\\/\\\/schema.org\",\"@graph\":[{\"@type\":\"Article\",\"@id\":\"https:\\\/\\\/www.rassegnastampa-totustuus.it\\\/cattolica\\\/che-guevara-persecutore-degli-omosessuali\\\/#article\",\"isPartOf\":{\"@id\":\"https:\\\/\\\/www.rassegnastampa-totustuus.it\\\/cattolica\\\/che-guevara-persecutore-degli-omosessuali\\\/\"},\"author\":{\"name\":\"Redazione\",\"@id\":\"https:\\\/\\\/www.rassegnastampa-totustuus.it\\\/cattolica\\\/#\\\/schema\\\/person\\\/08f319d2bd1a0904ad9e2bfb7b15e5c3\"},\"headline\":\"Che Guevara persecutore degli omosessuali\",\"datePublished\":\"2023-07-05T22:00:00+00:00\",\"dateModified\":\"2023-12-15T11:01:14+00:00\",\"mainEntityOfPage\":{\"@id\":\"https:\\\/\\\/www.rassegnastampa-totustuus.it\\\/cattolica\\\/che-guevara-persecutore-degli-omosessuali\\\/\"},\"wordCount\":935,\"publisher\":{\"@id\":\"https:\\\/\\\/www.rassegnastampa-totustuus.it\\\/cattolica\\\/#organization\"},\"image\":{\"@id\":\"https:\\\/\\\/www.rassegnastampa-totustuus.it\\\/cattolica\\\/che-guevara-persecutore-degli-omosessuali\\\/#primaryimage\"},\"thumbnailUrl\":\"https:\\\/\\\/www.rassegnastampa-totustuus.it\\\/cattolica\\\/wp-content\\\/uploads\\\/2023\\\/06\\\/Guevara_gay.jpg\",\"keywords\":[\"Che Guevara\",\"comunismo\",\"cuba\",\"gay\",\"omosessualit\u00e0\"],\"articleSection\":[\"Comunismo\",\"Cuba\",\"Omosessualit&agrave;\"],\"inLanguage\":\"it-IT\"},{\"@type\":\"WebPage\",\"@id\":\"https:\\\/\\\/www.rassegnastampa-totustuus.it\\\/cattolica\\\/che-guevara-persecutore-degli-omosessuali\\\/\",\"url\":\"https:\\\/\\\/www.rassegnastampa-totustuus.it\\\/cattolica\\\/che-guevara-persecutore-degli-omosessuali\\\/\",\"name\":\"Che Guevara persecutore degli omosessuali - Rassegna Stampa Cattolica\",\"isPartOf\":{\"@id\":\"https:\\\/\\\/www.rassegnastampa-totustuus.it\\\/cattolica\\\/#website\"},\"primaryImageOfPage\":{\"@id\":\"https:\\\/\\\/www.rassegnastampa-totustuus.it\\\/cattolica\\\/che-guevara-persecutore-degli-omosessuali\\\/#primaryimage\"},\"image\":{\"@id\":\"https:\\\/\\\/www.rassegnastampa-totustuus.it\\\/cattolica\\\/che-guevara-persecutore-degli-omosessuali\\\/#primaryimage\"},\"thumbnailUrl\":\"https:\\\/\\\/www.rassegnastampa-totustuus.it\\\/cattolica\\\/wp-content\\\/uploads\\\/2023\\\/06\\\/Guevara_gay.jpg\",\"datePublished\":\"2023-07-05T22:00:00+00:00\",\"dateModified\":\"2023-12-15T11:01:14+00:00\",\"description\":\"Che Guevara persecutore degli omosessuali, altro che icona gay. Il Che rinchiudeva i gay, che disprezzava profondamente, nei gulag.\",\"breadcrumb\":{\"@id\":\"https:\\\/\\\/www.rassegnastampa-totustuus.it\\\/cattolica\\\/che-guevara-persecutore-degli-omosessuali\\\/#breadcrumb\"},\"inLanguage\":\"it-IT\",\"potentialAction\":[{\"@type\":\"ReadAction\",\"target\":[\"https:\\\/\\\/www.rassegnastampa-totustuus.it\\\/cattolica\\\/che-guevara-persecutore-degli-omosessuali\\\/\"]}]},{\"@type\":\"ImageObject\",\"inLanguage\":\"it-IT\",\"@id\":\"https:\\\/\\\/www.rassegnastampa-totustuus.it\\\/cattolica\\\/che-guevara-persecutore-degli-omosessuali\\\/#primaryimage\",\"url\":\"https:\\\/\\\/www.rassegnastampa-totustuus.it\\\/cattolica\\\/wp-content\\\/uploads\\\/2023\\\/06\\\/Guevara_gay.jpg\",\"contentUrl\":\"https:\\\/\\\/www.rassegnastampa-totustuus.it\\\/cattolica\\\/wp-content\\\/uploads\\\/2023\\\/06\\\/Guevara_gay.jpg\",\"width\":300,\"height\":168},{\"@type\":\"BreadcrumbList\",\"@id\":\"https:\\\/\\\/www.rassegnastampa-totustuus.it\\\/cattolica\\\/che-guevara-persecutore-degli-omosessuali\\\/#breadcrumb\",\"itemListElement\":[{\"@type\":\"ListItem\",\"position\":1,\"name\":\"Home\",\"item\":\"https:\\\/\\\/www.rassegnastampa-totustuus.it\\\/cattolica\\\/\"},{\"@type\":\"ListItem\",\"position\":2,\"name\":\"Che Guevara persecutore degli omosessuali\"}]},{\"@type\":\"WebSite\",\"@id\":\"https:\\\/\\\/www.rassegnastampa-totustuus.it\\\/cattolica\\\/#website\",\"url\":\"https:\\\/\\\/www.rassegnastampa-totustuus.it\\\/cattolica\\\/\",\"name\":\"Rassegna Stampa Cattolica\",\"description\":\"Per una cultura che nasce dalla Rivelazione cristiana in conformit\u00e0 alla tradizione e al Magistero della Chiesa in opposizione ad ogni relativismo e totalitarismo\",\"publisher\":{\"@id\":\"https:\\\/\\\/www.rassegnastampa-totustuus.it\\\/cattolica\\\/#organization\"},\"alternateName\":\"Rass. Cattolica\",\"potentialAction\":[{\"@type\":\"SearchAction\",\"target\":{\"@type\":\"EntryPoint\",\"urlTemplate\":\"https:\\\/\\\/www.rassegnastampa-totustuus.it\\\/cattolica\\\/?s={search_term_string}\"},\"query-input\":{\"@type\":\"PropertyValueSpecification\",\"valueRequired\":true,\"valueName\":\"search_term_string\"}}],\"inLanguage\":\"it-IT\"},{\"@type\":\"Organization\",\"@id\":\"https:\\\/\\\/www.rassegnastampa-totustuus.it\\\/cattolica\\\/#organization\",\"name\":\"Rassegna Stampa Cattolica\",\"url\":\"https:\\\/\\\/www.rassegnastampa-totustuus.it\\\/cattolica\\\/\",\"logo\":{\"@type\":\"ImageObject\",\"inLanguage\":\"it-IT\",\"@id\":\"https:\\\/\\\/www.rassegnastampa-totustuus.it\\\/cattolica\\\/#\\\/schema\\\/logo\\\/image\\\/\",\"url\":\"https:\\\/\\\/www.rassegnastampa-totustuus.it\\\/cattolica\\\/wp-content\\\/uploads\\\/2014\\\/04\\\/logo-rassegna1.gif\",\"contentUrl\":\"https:\\\/\\\/www.rassegnastampa-totustuus.it\\\/cattolica\\\/wp-content\\\/uploads\\\/2014\\\/04\\\/logo-rassegna1.gif\",\"width\":600,\"height\":163,\"caption\":\"Rassegna Stampa Cattolica\"},\"image\":{\"@id\":\"https:\\\/\\\/www.rassegnastampa-totustuus.it\\\/cattolica\\\/#\\\/schema\\\/logo\\\/image\\\/\"},\"sameAs\":[\"https:\\\/\\\/www.facebook.com\\\/rassegnastampacattolica\",\"https:\\\/\\\/x.com\\\/rassegnastampa9\"]},{\"@type\":\"Person\",\"@id\":\"https:\\\/\\\/www.rassegnastampa-totustuus.it\\\/cattolica\\\/#\\\/schema\\\/person\\\/08f319d2bd1a0904ad9e2bfb7b15e5c3\",\"name\":\"Redazione\",\"image\":{\"@type\":\"ImageObject\",\"inLanguage\":\"it-IT\",\"@id\":\"https:\\\/\\\/secure.gravatar.com\\\/avatar\\\/2fcdf27c78ea025fbdb44e914cc63c72249ffec9dc8aafd5c82b26240ef3f346?s=96&d=mm&r=g\",\"url\":\"https:\\\/\\\/secure.gravatar.com\\\/avatar\\\/2fcdf27c78ea025fbdb44e914cc63c72249ffec9dc8aafd5c82b26240ef3f346?s=96&d=mm&r=g\",\"contentUrl\":\"https:\\\/\\\/secure.gravatar.com\\\/avatar\\\/2fcdf27c78ea025fbdb44e914cc63c72249ffec9dc8aafd5c82b26240ef3f346?s=96&d=mm&r=g\",\"caption\":\"Redazione\"},\"url\":\"https:\\\/\\\/www.rassegnastampa-totustuus.it\\\/cattolica\\\/author\\\/pietroelle\\\/\"}]}<\/script>\n<!-- \/ Yoast SEO plugin. -->","yoast_head_json":{"title":"Che Guevara persecutore degli omosessuali - Rassegna Stampa Cattolica","description":"Che Guevara persecutore degli omosessuali, altro che icona gay. Il Che rinchiudeva i gay, che disprezzava profondamente, nei gulag.","robots":{"index":"index","follow":"follow","max-snippet":"max-snippet:-1","max-image-preview":"max-image-preview:large","max-video-preview":"max-video-preview:-1"},"canonical":"https:\/\/www.rassegnastampa-totustuus.it\/cattolica\/che-guevara-persecutore-degli-omosessuali\/","og_locale":"it_IT","og_type":"article","og_title":"Che Guevara persecutore degli omosessuali - Rassegna Stampa Cattolica","og_description":"Che Guevara persecutore degli omosessuali, altro che icona gay. Il Che rinchiudeva i gay, che disprezzava profondamente, nei gulag.","og_url":"https:\/\/www.rassegnastampa-totustuus.it\/cattolica\/che-guevara-persecutore-degli-omosessuali\/","og_site_name":"Rassegna Stampa Cattolica","article_publisher":"https:\/\/www.facebook.com\/rassegnastampacattolica","article_published_time":"2023-07-05T22:00:00+00:00","article_modified_time":"2023-12-15T11:01:14+00:00","og_image":[{"width":300,"height":168,"url":"https:\/\/www.rassegnastampa-totustuus.it\/cattolica\/wp-content\/uploads\/2023\/06\/Guevara_gay.jpg","type":"image\/jpeg"}],"author":"Redazione","twitter_card":"summary_large_image","twitter_creator":"@rassegnastampa9","twitter_site":"@rassegnastampa9","twitter_misc":{"Scritto da":"Redazione","Tempo di lettura stimato":"6 minuti"},"schema":{"@context":"https:\/\/schema.org","@graph":[{"@type":"Article","@id":"https:\/\/www.rassegnastampa-totustuus.it\/cattolica\/che-guevara-persecutore-degli-omosessuali\/#article","isPartOf":{"@id":"https:\/\/www.rassegnastampa-totustuus.it\/cattolica\/che-guevara-persecutore-degli-omosessuali\/"},"author":{"name":"Redazione","@id":"https:\/\/www.rassegnastampa-totustuus.it\/cattolica\/#\/schema\/person\/08f319d2bd1a0904ad9e2bfb7b15e5c3"},"headline":"Che Guevara persecutore degli omosessuali","datePublished":"2023-07-05T22:00:00+00:00","dateModified":"2023-12-15T11:01:14+00:00","mainEntityOfPage":{"@id":"https:\/\/www.rassegnastampa-totustuus.it\/cattolica\/che-guevara-persecutore-degli-omosessuali\/"},"wordCount":935,"publisher":{"@id":"https:\/\/www.rassegnastampa-totustuus.it\/cattolica\/#organization"},"image":{"@id":"https:\/\/www.rassegnastampa-totustuus.it\/cattolica\/che-guevara-persecutore-degli-omosessuali\/#primaryimage"},"thumbnailUrl":"https:\/\/www.rassegnastampa-totustuus.it\/cattolica\/wp-content\/uploads\/2023\/06\/Guevara_gay.jpg","keywords":["Che Guevara","comunismo","cuba","gay","omosessualit\u00e0"],"articleSection":["Comunismo","Cuba","Omosessualit&agrave;"],"inLanguage":"it-IT"},{"@type":"WebPage","@id":"https:\/\/www.rassegnastampa-totustuus.it\/cattolica\/che-guevara-persecutore-degli-omosessuali\/","url":"https:\/\/www.rassegnastampa-totustuus.it\/cattolica\/che-guevara-persecutore-degli-omosessuali\/","name":"Che Guevara persecutore degli omosessuali - Rassegna Stampa Cattolica","isPartOf":{"@id":"https:\/\/www.rassegnastampa-totustuus.it\/cattolica\/#website"},"primaryImageOfPage":{"@id":"https:\/\/www.rassegnastampa-totustuus.it\/cattolica\/che-guevara-persecutore-degli-omosessuali\/#primaryimage"},"image":{"@id":"https:\/\/www.rassegnastampa-totustuus.it\/cattolica\/che-guevara-persecutore-degli-omosessuali\/#primaryimage"},"thumbnailUrl":"https:\/\/www.rassegnastampa-totustuus.it\/cattolica\/wp-content\/uploads\/2023\/06\/Guevara_gay.jpg","datePublished":"2023-07-05T22:00:00+00:00","dateModified":"2023-12-15T11:01:14+00:00","description":"Che Guevara persecutore degli omosessuali, altro che icona gay. Il Che rinchiudeva i gay, che disprezzava profondamente, nei gulag.","breadcrumb":{"@id":"https:\/\/www.rassegnastampa-totustuus.it\/cattolica\/che-guevara-persecutore-degli-omosessuali\/#breadcrumb"},"inLanguage":"it-IT","potentialAction":[{"@type":"ReadAction","target":["https:\/\/www.rassegnastampa-totustuus.it\/cattolica\/che-guevara-persecutore-degli-omosessuali\/"]}]},{"@type":"ImageObject","inLanguage":"it-IT","@id":"https:\/\/www.rassegnastampa-totustuus.it\/cattolica\/che-guevara-persecutore-degli-omosessuali\/#primaryimage","url":"https:\/\/www.rassegnastampa-totustuus.it\/cattolica\/wp-content\/uploads\/2023\/06\/Guevara_gay.jpg","contentUrl":"https:\/\/www.rassegnastampa-totustuus.it\/cattolica\/wp-content\/uploads\/2023\/06\/Guevara_gay.jpg","width":300,"height":168},{"@type":"BreadcrumbList","@id":"https:\/\/www.rassegnastampa-totustuus.it\/cattolica\/che-guevara-persecutore-degli-omosessuali\/#breadcrumb","itemListElement":[{"@type":"ListItem","position":1,"name":"Home","item":"https:\/\/www.rassegnastampa-totustuus.it\/cattolica\/"},{"@type":"ListItem","position":2,"name":"Che Guevara persecutore degli omosessuali"}]},{"@type":"WebSite","@id":"https:\/\/www.rassegnastampa-totustuus.it\/cattolica\/#website","url":"https:\/\/www.rassegnastampa-totustuus.it\/cattolica\/","name":"Rassegna Stampa Cattolica","description":"Per una cultura che nasce dalla Rivelazione cristiana in conformit\u00e0 alla tradizione e al Magistero della Chiesa in opposizione ad ogni relativismo e totalitarismo","publisher":{"@id":"https:\/\/www.rassegnastampa-totustuus.it\/cattolica\/#organization"},"alternateName":"Rass. Cattolica","potentialAction":[{"@type":"SearchAction","target":{"@type":"EntryPoint","urlTemplate":"https:\/\/www.rassegnastampa-totustuus.it\/cattolica\/?s={search_term_string}"},"query-input":{"@type":"PropertyValueSpecification","valueRequired":true,"valueName":"search_term_string"}}],"inLanguage":"it-IT"},{"@type":"Organization","@id":"https:\/\/www.rassegnastampa-totustuus.it\/cattolica\/#organization","name":"Rassegna Stampa Cattolica","url":"https:\/\/www.rassegnastampa-totustuus.it\/cattolica\/","logo":{"@type":"ImageObject","inLanguage":"it-IT","@id":"https:\/\/www.rassegnastampa-totustuus.it\/cattolica\/#\/schema\/logo\/image\/","url":"https:\/\/www.rassegnastampa-totustuus.it\/cattolica\/wp-content\/uploads\/2014\/04\/logo-rassegna1.gif","contentUrl":"https:\/\/www.rassegnastampa-totustuus.it\/cattolica\/wp-content\/uploads\/2014\/04\/logo-rassegna1.gif","width":600,"height":163,"caption":"Rassegna Stampa Cattolica"},"image":{"@id":"https:\/\/www.rassegnastampa-totustuus.it\/cattolica\/#\/schema\/logo\/image\/"},"sameAs":["https:\/\/www.facebook.com\/rassegnastampacattolica","https:\/\/x.com\/rassegnastampa9"]},{"@type":"Person","@id":"https:\/\/www.rassegnastampa-totustuus.it\/cattolica\/#\/schema\/person\/08f319d2bd1a0904ad9e2bfb7b15e5c3","name":"Redazione","image":{"@type":"ImageObject","inLanguage":"it-IT","@id":"https:\/\/secure.gravatar.com\/avatar\/2fcdf27c78ea025fbdb44e914cc63c72249ffec9dc8aafd5c82b26240ef3f346?s=96&d=mm&r=g","url":"https:\/\/secure.gravatar.com\/avatar\/2fcdf27c78ea025fbdb44e914cc63c72249ffec9dc8aafd5c82b26240ef3f346?s=96&d=mm&r=g","contentUrl":"https:\/\/secure.gravatar.com\/avatar\/2fcdf27c78ea025fbdb44e914cc63c72249ffec9dc8aafd5c82b26240ef3f346?s=96&d=mm&r=g","caption":"Redazione"},"url":"https:\/\/www.rassegnastampa-totustuus.it\/cattolica\/author\/pietroelle\/"}]}},"_links":{"self":[{"href":"https:\/\/www.rassegnastampa-totustuus.it\/cattolica\/wp-json\/wp\/v2\/posts\/56651","targetHints":{"allow":["GET"]}}],"collection":[{"href":"https:\/\/www.rassegnastampa-totustuus.it\/cattolica\/wp-json\/wp\/v2\/posts"}],"about":[{"href":"https:\/\/www.rassegnastampa-totustuus.it\/cattolica\/wp-json\/wp\/v2\/types\/post"}],"author":[{"embeddable":true,"href":"https:\/\/www.rassegnastampa-totustuus.it\/cattolica\/wp-json\/wp\/v2\/users\/6"}],"replies":[{"embeddable":true,"href":"https:\/\/www.rassegnastampa-totustuus.it\/cattolica\/wp-json\/wp\/v2\/comments?post=56651"}],"version-history":[{"count":2,"href":"https:\/\/www.rassegnastampa-totustuus.it\/cattolica\/wp-json\/wp\/v2\/posts\/56651\/revisions"}],"predecessor-version":[{"id":58173,"href":"https:\/\/www.rassegnastampa-totustuus.it\/cattolica\/wp-json\/wp\/v2\/posts\/56651\/revisions\/58173"}],"wp:featuredmedia":[{"embeddable":true,"href":"https:\/\/www.rassegnastampa-totustuus.it\/cattolica\/wp-json\/wp\/v2\/media\/56652"}],"wp:attachment":[{"href":"https:\/\/www.rassegnastampa-totustuus.it\/cattolica\/wp-json\/wp\/v2\/media?parent=56651"}],"wp:term":[{"taxonomy":"category","embeddable":true,"href":"https:\/\/www.rassegnastampa-totustuus.it\/cattolica\/wp-json\/wp\/v2\/categories?post=56651"},{"taxonomy":"post_tag","embeddable":true,"href":"https:\/\/www.rassegnastampa-totustuus.it\/cattolica\/wp-json\/wp\/v2\/tags?post=56651"}],"curies":[{"name":"wp","href":"https:\/\/api.w.org\/{rel}","templated":true}]}}