{"id":5663,"date":"2013-07-25T00:00:00","date_gmt":"2013-07-24T22:00:00","guid":{"rendered":""},"modified":"2016-05-02T09:15:39","modified_gmt":"2016-05-02T07:15:39","slug":"le-buone-notizie","status":"publish","type":"post","link":"https:\/\/www.rassegnastampa-totustuus.it\/cattolica\/le-buone-notizie\/","title":{"rendered":"Le buone notizie"},"content":{"rendered":"<div style=\"text-align: center;\"><strong><img loading=\"lazy\" decoding=\"async\" class=\"alignleft wp-image-33873\" src=\"https:\/\/www.rassegnastampa-totustuus.it\/cattolica\/wp-content\/uploads\/2013\/07\/buone_notizie.jpg\" alt=\"buone_notizie\" width=\"250\" height=\"125\" srcset=\"https:\/\/www.rassegnastampa-totustuus.it\/cattolica\/wp-content\/uploads\/2013\/07\/buone_notizie.jpg 318w, https:\/\/www.rassegnastampa-totustuus.it\/cattolica\/wp-content\/uploads\/2013\/07\/buone_notizie-300x150.jpg 300w\" sizes=\"auto, (max-width: 250px) 100vw, 250px\" \/>Il Timone <\/strong>n.125 luglio-agosto 2013<\/div>\n<p style=\"text-align: center;\">di <strong>Stefano Biavaschi<\/strong><\/p>\n<p style=\"text-align: justify;\">Fa pi\u00f9 rumore un albero che cade di un&#8217;intera foresta che cresce silenziosa. Forse \u00e8 per questo che tanti giornalisti non riescono pi\u00f9 a darci le buone notizie. O forse perch\u00e9 \u00e8 pi\u00f9 comodo stare seduti dietro una scrivania attendendo il fax con la caduta del prossimo albero che non uscire all&#8217;aperto in quella foresta cercando di ascoltarla. Dice il Catechismo: \u00ab\u00c8 <em>opportuno imporsi moderazione e disciplina nell&#8217;uso dei mezzi di comunicazione sociale\u00bb <\/em>(CCC 2512).<\/p>\n<p><!--more--><\/p>\n<div style=\"text-align: justify;\">Invece, tanti giornalisti si stanno sempre pi\u00f9 decentrando verso la cronaca nera, riducendosi cos\u00ec al ruolo di <em>becchini dell&#8217;informazione, <\/em>che ripropongono con ossessione ripetitiva dettagli sempre pi\u00f9 macabri. Non ci si rende conto del danno che viene fatto, non solo alle menti pi\u00f9 fragili, che tenderanno senz&#8217;altro ad emulare ancora quei gesti (fornendo cos\u00ec altre &#8220;notizie&#8221;), ma alla gente comune, che stenta sempre pi\u00f9 a vedere il bene, ai giovani, che cadono sempre pi\u00f9 nello scoraggiamento.<\/div>\n<p style=\"text-align: justify;\"><em>\u00abLa purezza cristiana richiede una purificazione dell&#8217;ambiente sociale. Esige dai mezzi di comunicazione sociale un&#8217;informazione attenta al rispetto e alla moderazione\u00bb <\/em>(CCC 2525). Si dir\u00e0 che i media devono tener conto dell&#8217;indice d&#8217;ascolto. Giovanni Paolo II cos\u00ec replicava: <em>\u00abNon si pu\u00f2 scrivere o trasmettere solo in funzione del grado di ascolto, a discapito di servizi veramente formativi. Non si pu\u00f2 nemmeno fare appello indiscriminato al diritto di informazione, senza tener conto di altri diritti della persona. Nessuna libert\u00e0, inclusa la libert\u00e0 di espressione, \u00e8 assoluta\u00bb <\/em>(Discorso al Giubileo dei giornalisti, 4\/6\/2000).<\/p>\n<p style=\"text-align: justify;\">\u00c8 ovvio che anche le brutte notizie debbano essere date, ma non possono costituire il fine o la parte pi\u00f9 cospicua dell&#8217;informazione. Altrimenti il giornalista si trasforma in avvoltoio attratto solo dai cadaveri, senza valutare davvero chi siano i destinatari.<\/p>\n<p style=\"text-align: justify;\">Si tiene conto dell&#8217;enorme pubblico di deboli, di bambini? Gi\u00e0 papa Paolo VI aveva osservato: <em>\u00abL&#8217;altro polo del dovere morale, proprio dei giornalisti, \u00e8 la vantazione dell&#8217;effetto, che ci\u00f2 che si scrive produrr\u00e0 sui lettori: di fatto l&#8217;opinione pubblica non \u00e8 un&#8217;entit\u00e0 astratta e lontana, ma \u00e8 la somma di persone singole, ciascuna con il suo carattere, con la sua formazione&#8230; \u00c8 pertanto cosa grande e delicata parlare agli altri: a questa grande e sacra e complessa cosa, che \u00e8 l&#8217;uomo; al semplice, all&#8217;inesperto, all&#8217;impressionabile, a chi non \u00e8 ancora in grado di avere idee proprie, e di esercitare con maturit\u00e0 il suo giudizio\u00bb. <\/em>(Discorso al CNSI, 23\/6\/1966).<\/p>\n<p style=\"text-align: justify;\">Senza consapevolezza di questo, i giornalisti diventano veramente <em>&#8220;assassini dell&#8217;anima&#8221;. <\/em>Il delitto non \u00e8 quello da loro raccontato, ma quello da loro compiuto. Sono essi il vero oggetto della cronaca nera. Il mostro sbattuto in prima pagina non \u00e8 il povero disgraziato su cui hanno acceso i riflettori, ma quello che si firma in calce all&#8217;articolo.<\/p>\n<p style=\"text-align: justify;\"><em>\u00abCertamente la vostra professione comporta una grande responsabilit\u00e0, responsabilit\u00e0 verso Dio e verso la comunit\u00e0&#8230; In un certo senso il mondo \u00e8 nelle vostre mani\u00bb: <\/em>cos\u00ec diceva Giovanni Paolo II ai giornalisti di Los Angeles, e aggiungeva un monito:<em> \u00abII vostro lavoro pu\u00f2 costituire una forza per fare un gran bene oppure un gran male&#8230; Tutti i media di cultura popolare che voi rappresentate possono costituire o distruggere, elevare o degradare. Voi avete indicibili possibilit\u00e0 di fare del bene, inquietanti possibilit\u00e0 di distruzione. \u00c8 la differenza tra la morte e la vita, la morte o la vita dello spirito. Ed \u00e8 una questione di scelta. La sfida di Mos\u00e8 al popolo di Israele si ap\u00adplica oggi a tutti noi: &#8220;lo ti ho posto davanti la vita e la morte&#8230; Scegli dunque la vita&#8221; (Dt 30,19)\u00bb. <\/em>(Discorso agli operatori dei mass-media, 15\/9\/87).<\/p>\n<p style=\"text-align: justify;\">Ci sono, dunque, le buone notizie da dare, le notizie che trasmettono vita. <em>\u00abSpesso il giornalismo contemporaneo cerca i peccatori nascosti nella societ\u00e0, cos\u00ec che i loro crimini siano rivelati\u00bb, <\/em>diceva ancora Giovanni Paolo II, augurandosi che il giornalismo invece <em>\u00abriveli i santi nascosti, quegli umili uomini e donne che insegnano ai giovani, che si prendono cura dei malati, che consolano gli afflitti&#8230; In un mondo cos\u00ec spesso diviso dai conflitti e dall&#8217;odio,&#8230; l&#8217;altruismo e il servizio agli altri&#8230; sono realmente interessanti; sono aspetti della buona novella di Cristo\u00bb.<\/em><\/p>\n<p style=\"text-align: justify;\">E aggiungeva che le buone notizie sono perci\u00f2 possibili: <em>\u00abCi sono dunque molte buone notizie da proclamare: le buone notizie di ci\u00f2 che la Chiesa sta facendo nel nome di Ges\u00f9; le buone notizie di ci\u00f2 che i singoli cristiani stanno facendo per amore di Ges\u00f9\u00bb. <\/em>(Discorso all&#8217;UCIS, 21\/3\/1985).<\/p>\n<p style=\"text-align: justify;\">La stampa cattolica \u00e8 forse l&#8217;unica che ancora riesce a dare buone notizie. Forse perch\u00e9 nasce da quella Buona Notizia <em>(eu angh\u00e9lion = <\/em>Vangelo) che ci testimonia la Risurrezione di Cristo, l&#8217;evento unico che trasform\u00f2 la cronaca nera di un delitto, di una morte in croce, in sorgente di Vita, di speranza per tutti: <em>\u00abLa Buona Novella di Cristo rinnova continuamente la vita e la cultura dell&#8217;uomo decaduto, combatte e rimuove gli errori\u00bb <\/em>(CCC 2527).<\/p>\n","protected":false},"excerpt":{"rendered":"<p>Il Timone n.125 luglio-agosto 2013 di Stefano Biavaschi Fa pi\u00f9 rumore un albero che cade di un&#8217;intera foresta che cresce silenziosa. Forse \u00e8 per questo che tanti giornalisti non riescono pi\u00f9 a darci le buone notizie. O forse perch\u00e9 \u00e8 pi\u00f9 comodo stare seduti dietro una scrivania attendendo il fax con la caduta del prossimo &hellip; <\/p>\n<p><a class=\"more-link btn\" href=\"https:\/\/www.rassegnastampa-totustuus.it\/cattolica\/le-buone-notizie\/\">Continua a leggere<\/a><\/p>\n","protected":false},"author":6,"featured_media":33873,"comment_status":"closed","ping_status":"open","sticky":false,"template":"","format":"standard","meta":{"footnotes":""},"categories":[25],"tags":[2216,2215],"class_list":["post-5663","post","type-post","status-publish","format-standard","has-post-thumbnail","hentry","category-sguardo-sul-nostro-tempo","tag-giornalismo","tag-notizie","item-wrap"],"yoast_head":"<!-- This site is optimized with the Yoast SEO plugin v27.4 - https:\/\/yoast.com\/product\/yoast-seo-wordpress\/ -->\n<title>Le buone notizie - Rassegna Stampa Cattolica<\/title>\n<meta name=\"description\" content=\"Rassegna Stampa Cattolica - Per una cultura che nasce dalla Rivelazione cristiana in conformit\u00e0 alla tradizione e al Magistero della Chiesa in opposizione ad ogni relativismo e totalitarismo\" \/>\n<meta name=\"robots\" content=\"index, follow, max-snippet:-1, max-image-preview:large, max-video-preview:-1\" \/>\n<link rel=\"canonical\" href=\"https:\/\/www.rassegnastampa-totustuus.it\/cattolica\/le-buone-notizie\/\" \/>\n<meta property=\"og:locale\" content=\"it_IT\" \/>\n<meta property=\"og:type\" content=\"article\" \/>\n<meta property=\"og:title\" content=\"Le buone notizie - Rassegna Stampa Cattolica\" \/>\n<meta property=\"og:description\" content=\"Rassegna Stampa Cattolica - Per una cultura che nasce dalla Rivelazione cristiana in conformit\u00e0 alla tradizione e al Magistero della Chiesa in opposizione ad ogni relativismo e totalitarismo\" \/>\n<meta property=\"og:url\" content=\"https:\/\/www.rassegnastampa-totustuus.it\/cattolica\/le-buone-notizie\/\" \/>\n<meta property=\"og:site_name\" content=\"Rassegna Stampa Cattolica\" \/>\n<meta property=\"article:publisher\" content=\"https:\/\/www.facebook.com\/rassegnastampacattolica\" \/>\n<meta property=\"article:published_time\" content=\"2013-07-24T22:00:00+00:00\" \/>\n<meta property=\"article:modified_time\" content=\"2016-05-02T07:15:39+00:00\" \/>\n<meta property=\"og:image\" content=\"https:\/\/www.rassegnastampa-totustuus.it\/cattolica\/wp-content\/uploads\/2013\/07\/buone_notizie.jpg\" \/>\n\t<meta property=\"og:image:width\" content=\"318\" \/>\n\t<meta property=\"og:image:height\" content=\"159\" \/>\n\t<meta property=\"og:image:type\" content=\"image\/jpeg\" \/>\n<meta name=\"author\" content=\"Redazione\" \/>\n<meta name=\"twitter:card\" content=\"summary_large_image\" \/>\n<meta name=\"twitter:creator\" content=\"@rassegnastampa9\" \/>\n<meta name=\"twitter:site\" content=\"@rassegnastampa9\" \/>\n<meta name=\"twitter:label1\" content=\"Scritto da\" \/>\n\t<meta name=\"twitter:data1\" content=\"Redazione\" \/>\n\t<meta name=\"twitter:label2\" content=\"Tempo di lettura stimato\" \/>\n\t<meta name=\"twitter:data2\" content=\"4 minuti\" \/>\n<script type=\"application\/ld+json\" class=\"yoast-schema-graph\">{\"@context\":\"https:\\\/\\\/schema.org\",\"@graph\":[{\"@type\":\"Article\",\"@id\":\"https:\\\/\\\/www.rassegnastampa-totustuus.it\\\/cattolica\\\/le-buone-notizie\\\/#article\",\"isPartOf\":{\"@id\":\"https:\\\/\\\/www.rassegnastampa-totustuus.it\\\/cattolica\\\/le-buone-notizie\\\/\"},\"author\":{\"name\":\"Redazione\",\"@id\":\"https:\\\/\\\/www.rassegnastampa-totustuus.it\\\/cattolica\\\/#\\\/schema\\\/person\\\/08f319d2bd1a0904ad9e2bfb7b15e5c3\"},\"headline\":\"Le buone notizie\",\"datePublished\":\"2013-07-24T22:00:00+00:00\",\"dateModified\":\"2016-05-02T07:15:39+00:00\",\"mainEntityOfPage\":{\"@id\":\"https:\\\/\\\/www.rassegnastampa-totustuus.it\\\/cattolica\\\/le-buone-notizie\\\/\"},\"wordCount\":812,\"publisher\":{\"@id\":\"https:\\\/\\\/www.rassegnastampa-totustuus.it\\\/cattolica\\\/#organization\"},\"image\":{\"@id\":\"https:\\\/\\\/www.rassegnastampa-totustuus.it\\\/cattolica\\\/le-buone-notizie\\\/#primaryimage\"},\"thumbnailUrl\":\"https:\\\/\\\/www.rassegnastampa-totustuus.it\\\/cattolica\\\/wp-content\\\/uploads\\\/2013\\\/07\\\/buone_notizie.jpg\",\"keywords\":[\"giornalismo\",\"notizie\"],\"articleSection\":[\"Sguardo sul nostro tempo\"],\"inLanguage\":\"it-IT\"},{\"@type\":\"WebPage\",\"@id\":\"https:\\\/\\\/www.rassegnastampa-totustuus.it\\\/cattolica\\\/le-buone-notizie\\\/\",\"url\":\"https:\\\/\\\/www.rassegnastampa-totustuus.it\\\/cattolica\\\/le-buone-notizie\\\/\",\"name\":\"Le buone notizie - Rassegna Stampa Cattolica\",\"isPartOf\":{\"@id\":\"https:\\\/\\\/www.rassegnastampa-totustuus.it\\\/cattolica\\\/#website\"},\"primaryImageOfPage\":{\"@id\":\"https:\\\/\\\/www.rassegnastampa-totustuus.it\\\/cattolica\\\/le-buone-notizie\\\/#primaryimage\"},\"image\":{\"@id\":\"https:\\\/\\\/www.rassegnastampa-totustuus.it\\\/cattolica\\\/le-buone-notizie\\\/#primaryimage\"},\"thumbnailUrl\":\"https:\\\/\\\/www.rassegnastampa-totustuus.it\\\/cattolica\\\/wp-content\\\/uploads\\\/2013\\\/07\\\/buone_notizie.jpg\",\"datePublished\":\"2013-07-24T22:00:00+00:00\",\"dateModified\":\"2016-05-02T07:15:39+00:00\",\"description\":\"Rassegna Stampa Cattolica - Per una cultura che nasce dalla Rivelazione cristiana in conformit\u00e0 alla tradizione e al Magistero della Chiesa in opposizione ad ogni relativismo e totalitarismo\",\"breadcrumb\":{\"@id\":\"https:\\\/\\\/www.rassegnastampa-totustuus.it\\\/cattolica\\\/le-buone-notizie\\\/#breadcrumb\"},\"inLanguage\":\"it-IT\",\"potentialAction\":[{\"@type\":\"ReadAction\",\"target\":[\"https:\\\/\\\/www.rassegnastampa-totustuus.it\\\/cattolica\\\/le-buone-notizie\\\/\"]}]},{\"@type\":\"ImageObject\",\"inLanguage\":\"it-IT\",\"@id\":\"https:\\\/\\\/www.rassegnastampa-totustuus.it\\\/cattolica\\\/le-buone-notizie\\\/#primaryimage\",\"url\":\"https:\\\/\\\/www.rassegnastampa-totustuus.it\\\/cattolica\\\/wp-content\\\/uploads\\\/2013\\\/07\\\/buone_notizie.jpg\",\"contentUrl\":\"https:\\\/\\\/www.rassegnastampa-totustuus.it\\\/cattolica\\\/wp-content\\\/uploads\\\/2013\\\/07\\\/buone_notizie.jpg\",\"width\":318,\"height\":159},{\"@type\":\"BreadcrumbList\",\"@id\":\"https:\\\/\\\/www.rassegnastampa-totustuus.it\\\/cattolica\\\/le-buone-notizie\\\/#breadcrumb\",\"itemListElement\":[{\"@type\":\"ListItem\",\"position\":1,\"name\":\"Home\",\"item\":\"https:\\\/\\\/www.rassegnastampa-totustuus.it\\\/cattolica\\\/\"},{\"@type\":\"ListItem\",\"position\":2,\"name\":\"Le buone notizie\"}]},{\"@type\":\"WebSite\",\"@id\":\"https:\\\/\\\/www.rassegnastampa-totustuus.it\\\/cattolica\\\/#website\",\"url\":\"https:\\\/\\\/www.rassegnastampa-totustuus.it\\\/cattolica\\\/\",\"name\":\"Rassegna Stampa Cattolica\",\"description\":\"Per una cultura che nasce dalla Rivelazione cristiana in conformit\u00e0 alla tradizione e al Magistero della Chiesa in opposizione ad ogni relativismo e totalitarismo\",\"publisher\":{\"@id\":\"https:\\\/\\\/www.rassegnastampa-totustuus.it\\\/cattolica\\\/#organization\"},\"alternateName\":\"Rass. Cattolica\",\"potentialAction\":[{\"@type\":\"SearchAction\",\"target\":{\"@type\":\"EntryPoint\",\"urlTemplate\":\"https:\\\/\\\/www.rassegnastampa-totustuus.it\\\/cattolica\\\/?s={search_term_string}\"},\"query-input\":{\"@type\":\"PropertyValueSpecification\",\"valueRequired\":true,\"valueName\":\"search_term_string\"}}],\"inLanguage\":\"it-IT\"},{\"@type\":\"Organization\",\"@id\":\"https:\\\/\\\/www.rassegnastampa-totustuus.it\\\/cattolica\\\/#organization\",\"name\":\"Rassegna Stampa Cattolica\",\"url\":\"https:\\\/\\\/www.rassegnastampa-totustuus.it\\\/cattolica\\\/\",\"logo\":{\"@type\":\"ImageObject\",\"inLanguage\":\"it-IT\",\"@id\":\"https:\\\/\\\/www.rassegnastampa-totustuus.it\\\/cattolica\\\/#\\\/schema\\\/logo\\\/image\\\/\",\"url\":\"https:\\\/\\\/www.rassegnastampa-totustuus.it\\\/cattolica\\\/wp-content\\\/uploads\\\/2014\\\/04\\\/logo-rassegna1.gif\",\"contentUrl\":\"https:\\\/\\\/www.rassegnastampa-totustuus.it\\\/cattolica\\\/wp-content\\\/uploads\\\/2014\\\/04\\\/logo-rassegna1.gif\",\"width\":600,\"height\":163,\"caption\":\"Rassegna Stampa Cattolica\"},\"image\":{\"@id\":\"https:\\\/\\\/www.rassegnastampa-totustuus.it\\\/cattolica\\\/#\\\/schema\\\/logo\\\/image\\\/\"},\"sameAs\":[\"https:\\\/\\\/www.facebook.com\\\/rassegnastampacattolica\",\"https:\\\/\\\/x.com\\\/rassegnastampa9\"]},{\"@type\":\"Person\",\"@id\":\"https:\\\/\\\/www.rassegnastampa-totustuus.it\\\/cattolica\\\/#\\\/schema\\\/person\\\/08f319d2bd1a0904ad9e2bfb7b15e5c3\",\"name\":\"Redazione\",\"image\":{\"@type\":\"ImageObject\",\"inLanguage\":\"it-IT\",\"@id\":\"https:\\\/\\\/secure.gravatar.com\\\/avatar\\\/2fcdf27c78ea025fbdb44e914cc63c72249ffec9dc8aafd5c82b26240ef3f346?s=96&d=mm&r=g\",\"url\":\"https:\\\/\\\/secure.gravatar.com\\\/avatar\\\/2fcdf27c78ea025fbdb44e914cc63c72249ffec9dc8aafd5c82b26240ef3f346?s=96&d=mm&r=g\",\"contentUrl\":\"https:\\\/\\\/secure.gravatar.com\\\/avatar\\\/2fcdf27c78ea025fbdb44e914cc63c72249ffec9dc8aafd5c82b26240ef3f346?s=96&d=mm&r=g\",\"caption\":\"Redazione\"},\"url\":\"https:\\\/\\\/www.rassegnastampa-totustuus.it\\\/cattolica\\\/author\\\/pietroelle\\\/\"}]}<\/script>\n<!-- \/ Yoast SEO plugin. -->","yoast_head_json":{"title":"Le buone notizie - Rassegna Stampa Cattolica","description":"Rassegna Stampa Cattolica - Per una cultura che nasce dalla Rivelazione cristiana in conformit\u00e0 alla tradizione e al Magistero della Chiesa in opposizione ad ogni relativismo e totalitarismo","robots":{"index":"index","follow":"follow","max-snippet":"max-snippet:-1","max-image-preview":"max-image-preview:large","max-video-preview":"max-video-preview:-1"},"canonical":"https:\/\/www.rassegnastampa-totustuus.it\/cattolica\/le-buone-notizie\/","og_locale":"it_IT","og_type":"article","og_title":"Le buone notizie - Rassegna Stampa Cattolica","og_description":"Rassegna Stampa Cattolica - Per una cultura che nasce dalla Rivelazione cristiana in conformit\u00e0 alla tradizione e al Magistero della Chiesa in opposizione ad ogni relativismo e totalitarismo","og_url":"https:\/\/www.rassegnastampa-totustuus.it\/cattolica\/le-buone-notizie\/","og_site_name":"Rassegna Stampa Cattolica","article_publisher":"https:\/\/www.facebook.com\/rassegnastampacattolica","article_published_time":"2013-07-24T22:00:00+00:00","article_modified_time":"2016-05-02T07:15:39+00:00","og_image":[{"width":318,"height":159,"url":"https:\/\/www.rassegnastampa-totustuus.it\/cattolica\/wp-content\/uploads\/2013\/07\/buone_notizie.jpg","type":"image\/jpeg"}],"author":"Redazione","twitter_card":"summary_large_image","twitter_creator":"@rassegnastampa9","twitter_site":"@rassegnastampa9","twitter_misc":{"Scritto da":"Redazione","Tempo di lettura stimato":"4 minuti"},"schema":{"@context":"https:\/\/schema.org","@graph":[{"@type":"Article","@id":"https:\/\/www.rassegnastampa-totustuus.it\/cattolica\/le-buone-notizie\/#article","isPartOf":{"@id":"https:\/\/www.rassegnastampa-totustuus.it\/cattolica\/le-buone-notizie\/"},"author":{"name":"Redazione","@id":"https:\/\/www.rassegnastampa-totustuus.it\/cattolica\/#\/schema\/person\/08f319d2bd1a0904ad9e2bfb7b15e5c3"},"headline":"Le buone notizie","datePublished":"2013-07-24T22:00:00+00:00","dateModified":"2016-05-02T07:15:39+00:00","mainEntityOfPage":{"@id":"https:\/\/www.rassegnastampa-totustuus.it\/cattolica\/le-buone-notizie\/"},"wordCount":812,"publisher":{"@id":"https:\/\/www.rassegnastampa-totustuus.it\/cattolica\/#organization"},"image":{"@id":"https:\/\/www.rassegnastampa-totustuus.it\/cattolica\/le-buone-notizie\/#primaryimage"},"thumbnailUrl":"https:\/\/www.rassegnastampa-totustuus.it\/cattolica\/wp-content\/uploads\/2013\/07\/buone_notizie.jpg","keywords":["giornalismo","notizie"],"articleSection":["Sguardo sul nostro tempo"],"inLanguage":"it-IT"},{"@type":"WebPage","@id":"https:\/\/www.rassegnastampa-totustuus.it\/cattolica\/le-buone-notizie\/","url":"https:\/\/www.rassegnastampa-totustuus.it\/cattolica\/le-buone-notizie\/","name":"Le buone notizie - Rassegna Stampa Cattolica","isPartOf":{"@id":"https:\/\/www.rassegnastampa-totustuus.it\/cattolica\/#website"},"primaryImageOfPage":{"@id":"https:\/\/www.rassegnastampa-totustuus.it\/cattolica\/le-buone-notizie\/#primaryimage"},"image":{"@id":"https:\/\/www.rassegnastampa-totustuus.it\/cattolica\/le-buone-notizie\/#primaryimage"},"thumbnailUrl":"https:\/\/www.rassegnastampa-totustuus.it\/cattolica\/wp-content\/uploads\/2013\/07\/buone_notizie.jpg","datePublished":"2013-07-24T22:00:00+00:00","dateModified":"2016-05-02T07:15:39+00:00","description":"Rassegna Stampa Cattolica - Per una cultura che nasce dalla Rivelazione cristiana in conformit\u00e0 alla tradizione e al Magistero della Chiesa in opposizione ad ogni relativismo e totalitarismo","breadcrumb":{"@id":"https:\/\/www.rassegnastampa-totustuus.it\/cattolica\/le-buone-notizie\/#breadcrumb"},"inLanguage":"it-IT","potentialAction":[{"@type":"ReadAction","target":["https:\/\/www.rassegnastampa-totustuus.it\/cattolica\/le-buone-notizie\/"]}]},{"@type":"ImageObject","inLanguage":"it-IT","@id":"https:\/\/www.rassegnastampa-totustuus.it\/cattolica\/le-buone-notizie\/#primaryimage","url":"https:\/\/www.rassegnastampa-totustuus.it\/cattolica\/wp-content\/uploads\/2013\/07\/buone_notizie.jpg","contentUrl":"https:\/\/www.rassegnastampa-totustuus.it\/cattolica\/wp-content\/uploads\/2013\/07\/buone_notizie.jpg","width":318,"height":159},{"@type":"BreadcrumbList","@id":"https:\/\/www.rassegnastampa-totustuus.it\/cattolica\/le-buone-notizie\/#breadcrumb","itemListElement":[{"@type":"ListItem","position":1,"name":"Home","item":"https:\/\/www.rassegnastampa-totustuus.it\/cattolica\/"},{"@type":"ListItem","position":2,"name":"Le buone notizie"}]},{"@type":"WebSite","@id":"https:\/\/www.rassegnastampa-totustuus.it\/cattolica\/#website","url":"https:\/\/www.rassegnastampa-totustuus.it\/cattolica\/","name":"Rassegna Stampa Cattolica","description":"Per una cultura che nasce dalla Rivelazione cristiana in conformit\u00e0 alla tradizione e al Magistero della Chiesa in opposizione ad ogni relativismo e totalitarismo","publisher":{"@id":"https:\/\/www.rassegnastampa-totustuus.it\/cattolica\/#organization"},"alternateName":"Rass. Cattolica","potentialAction":[{"@type":"SearchAction","target":{"@type":"EntryPoint","urlTemplate":"https:\/\/www.rassegnastampa-totustuus.it\/cattolica\/?s={search_term_string}"},"query-input":{"@type":"PropertyValueSpecification","valueRequired":true,"valueName":"search_term_string"}}],"inLanguage":"it-IT"},{"@type":"Organization","@id":"https:\/\/www.rassegnastampa-totustuus.it\/cattolica\/#organization","name":"Rassegna Stampa Cattolica","url":"https:\/\/www.rassegnastampa-totustuus.it\/cattolica\/","logo":{"@type":"ImageObject","inLanguage":"it-IT","@id":"https:\/\/www.rassegnastampa-totustuus.it\/cattolica\/#\/schema\/logo\/image\/","url":"https:\/\/www.rassegnastampa-totustuus.it\/cattolica\/wp-content\/uploads\/2014\/04\/logo-rassegna1.gif","contentUrl":"https:\/\/www.rassegnastampa-totustuus.it\/cattolica\/wp-content\/uploads\/2014\/04\/logo-rassegna1.gif","width":600,"height":163,"caption":"Rassegna Stampa Cattolica"},"image":{"@id":"https:\/\/www.rassegnastampa-totustuus.it\/cattolica\/#\/schema\/logo\/image\/"},"sameAs":["https:\/\/www.facebook.com\/rassegnastampacattolica","https:\/\/x.com\/rassegnastampa9"]},{"@type":"Person","@id":"https:\/\/www.rassegnastampa-totustuus.it\/cattolica\/#\/schema\/person\/08f319d2bd1a0904ad9e2bfb7b15e5c3","name":"Redazione","image":{"@type":"ImageObject","inLanguage":"it-IT","@id":"https:\/\/secure.gravatar.com\/avatar\/2fcdf27c78ea025fbdb44e914cc63c72249ffec9dc8aafd5c82b26240ef3f346?s=96&d=mm&r=g","url":"https:\/\/secure.gravatar.com\/avatar\/2fcdf27c78ea025fbdb44e914cc63c72249ffec9dc8aafd5c82b26240ef3f346?s=96&d=mm&r=g","contentUrl":"https:\/\/secure.gravatar.com\/avatar\/2fcdf27c78ea025fbdb44e914cc63c72249ffec9dc8aafd5c82b26240ef3f346?s=96&d=mm&r=g","caption":"Redazione"},"url":"https:\/\/www.rassegnastampa-totustuus.it\/cattolica\/author\/pietroelle\/"}]}},"_links":{"self":[{"href":"https:\/\/www.rassegnastampa-totustuus.it\/cattolica\/wp-json\/wp\/v2\/posts\/5663","targetHints":{"allow":["GET"]}}],"collection":[{"href":"https:\/\/www.rassegnastampa-totustuus.it\/cattolica\/wp-json\/wp\/v2\/posts"}],"about":[{"href":"https:\/\/www.rassegnastampa-totustuus.it\/cattolica\/wp-json\/wp\/v2\/types\/post"}],"author":[{"embeddable":true,"href":"https:\/\/www.rassegnastampa-totustuus.it\/cattolica\/wp-json\/wp\/v2\/users\/6"}],"replies":[{"embeddable":true,"href":"https:\/\/www.rassegnastampa-totustuus.it\/cattolica\/wp-json\/wp\/v2\/comments?post=5663"}],"version-history":[{"count":5,"href":"https:\/\/www.rassegnastampa-totustuus.it\/cattolica\/wp-json\/wp\/v2\/posts\/5663\/revisions"}],"predecessor-version":[{"id":33874,"href":"https:\/\/www.rassegnastampa-totustuus.it\/cattolica\/wp-json\/wp\/v2\/posts\/5663\/revisions\/33874"}],"wp:featuredmedia":[{"embeddable":true,"href":"https:\/\/www.rassegnastampa-totustuus.it\/cattolica\/wp-json\/wp\/v2\/media\/33873"}],"wp:attachment":[{"href":"https:\/\/www.rassegnastampa-totustuus.it\/cattolica\/wp-json\/wp\/v2\/media?parent=5663"}],"wp:term":[{"taxonomy":"category","embeddable":true,"href":"https:\/\/www.rassegnastampa-totustuus.it\/cattolica\/wp-json\/wp\/v2\/categories?post=5663"},{"taxonomy":"post_tag","embeddable":true,"href":"https:\/\/www.rassegnastampa-totustuus.it\/cattolica\/wp-json\/wp\/v2\/tags?post=5663"}],"curies":[{"name":"wp","href":"https:\/\/api.w.org\/{rel}","templated":true}]}}