{"id":56588,"date":"2023-06-22T00:00:00","date_gmt":"2023-06-21T22:00:00","guid":{"rendered":"https:\/\/www.rassegnastampa-totustuus.it\/cattolica\/?p=56588"},"modified":"2023-12-15T18:59:30","modified_gmt":"2023-12-15T17:59:30","slug":"emergenza-covid-ed-emergenza-clima-alimentano-la-tirannia","status":"publish","type":"post","link":"https:\/\/www.rassegnastampa-totustuus.it\/cattolica\/emergenza-covid-ed-emergenza-clima-alimentano-la-tirannia\/","title":{"rendered":"Emergenza Covid ed emergenza clima alimentano la tirannia"},"content":{"rendered":"<p style=\"text-align: justify;\"><span style=\"color: #000000;\"><strong><img loading=\"lazy\" decoding=\"async\" class=\"size-full wp-image-56484 alignright\" src=\"https:\/\/www.rassegnastampa-totustuus.it\/cattolica\/wp-content\/uploads\/2023\/05\/virus_liberta_manifestazione.jpg\" alt=\"\" width=\"259\" height=\"194\" \/>Abstract:<\/strong><em> emergenza Covid ed emergenza clima alimentano la tirannia. A partire dagli anni Settanta, con il fenomeno del terrorismo politico, l&#8217;ordinamento inizia a dotarsi non solo di strumenti giuridici decisamente esorbitanti dall&#8217;ordinario assetto di garanzie previste da un sistema liberaldemocratico, ma anche di dispositivi culturali e mediatici che mobilitano, in modo totale, l&#8217;opinione pubblica contro il nemico, reale o im\u00admaginario che sia. <\/em><\/span><\/p>\n<p><!--more--><\/p>\n<p style=\"text-align: center;\"><span style=\"color: #000000;\"><strong><span style=\"color: #0000ff;\"><a style=\"color: #0000ff;\" href=\"https:\/\/www.laverita.info\/\" target=\"_blank\" rel=\"noopener\">La Verit\u00e0<\/a><\/span>,<\/strong> domenica 11 giugno 2023 \u00a0<\/span><\/p>\n<h3 style=\"text-align: center;\">\u00ab<span style=\"color: #000000;\">Dal Covid al clima: l&#8217;emergenza perenne <\/span><\/h3>\n<h3 style=\"text-align: center;\"><span style=\"color: #000000;\">alimenta la nuova tirannia\u00bb<\/span><\/h3>\n<p style=\"text-align: justify;\"><span style=\"color: #000000;\"><em>L&#8217;autore del saggio sulle crisi permanenti: \u00abLo Stato si espande per gestire l&#8217;ingovernabile, combinando la paura della morte e le tecnologie. E i media lo spalleggiano, silenziando o criminalizzando il dissenso\u00bb<\/em> <\/span><\/p>\n<p style=\"text-align: center;\"><span style=\"color: #000000;\">di <strong>Francesco Borgonovo<\/strong><\/span><\/p>\n<p style=\"text-align: justify;\"><span style=\"color: #000000;\"><img loading=\"lazy\" decoding=\"async\" class=\" wp-image-56590 alignleft\" src=\"https:\/\/www.rassegnastampa-totustuus.it\/cattolica\/wp-content\/uploads\/2023\/06\/Andrea_Venanzoni.jpg\" alt=\"\" width=\"128\" height=\"128\" \/>Andrea Venanzoni (nella foto) ha elaborato in questi anni un pensiero originale e profondo. Spazia con facilit\u00e0 dai temi giuridici alle suggestioni esoteriche, e in effetti al centro del suo nuovo saggio (<span style=\"color: #0000ff;\"><a style=\"color: #0000ff;\" href=\"https:\/\/www.liberilibri.it\/index.php\/prodotto\/la-tirannia-dellemergenza\" target=\"_blank\" rel=\"noopener\"><em>La tirannia dell&#8217;emergenza<\/em><\/a><\/span>, Liberilibri) c&#8217;\u00e8 quello che sembra a tutti gli effetti un maleficio scagliato contro l&#8217;Occidente. Anzi, che l&#8217;Occidente si \u00e8 tirato addosso da solo.<\/span><\/p>\n<p style=\"text-align: justify;\"><span style=\"color: #000000;\"><strong>Lei parla di tirannia dell&#8217;emergenza. Quando inizia questa tirannia? Con l&#8217;11 set\u00adtembre? <\/strong><\/span><\/p>\n<p style=\"text-align: justify;\"><span style=\"color: #000000;\"><img loading=\"lazy\" decoding=\"async\" class=\"size-full wp-image-47582 alignright\" src=\"https:\/\/www.rassegnastampa-totustuus.it\/cattolica\/wp-content\/uploads\/2020\/06\/terrorismo_68.jpg\" alt=\"\" width=\"282\" height=\"179\" \/>\u00abA partire dagli anni Settanta, con il fenomeno del terrorismo politico, l&#8217;ordinamento inizia a dotarsi non solo di strumenti giuridici decisamente esorbitanti dall&#8217;ordinario assetto di garanzie previste da un sistema liberaldemocratico, ma anche di dispositivi culturali e mediatici che mobilitano, in modo totale, l&#8217;opinione pubblica contro il nemico, reale o im\u00admaginario che sia. Le \u201ctossine\u201d rimaste a fermentare nel cuore dell&#8217;ordinamento si sono poi sposate con i nuovi meccanismi liberticidi previsti da ci\u00f2 che \u00e8 seguito all&#8217;11settembre, per poi, raggiungere nuove, deteriori, vette con cambiamento climatico e. panici sanitari (la pandemia da coronavirus, senza dubbio, ma gi\u00e0 prima Aids e aviaria). Si \u00e8 passati, anche nelle scienze sociali, da un governo dell&#8217;emergenza a un governo della precauzione. La precauzione impone l&#8217;azzeramento dei rischi, e per azzerare i rischi vengono usati tutti gli strumenti adottati nel corso degli anni, sintetizzati tra loro, assieme alla tecnologia sempre pi\u00f9 avanzata. Ogni emergenza sposta sempre pi\u00f9 in l\u00e0 il grado di tirannia\u00bb.<\/span><\/p>\n<p style=\"text-align: justify;\"><span style=\"color: #000000;\"><strong>Insomma, l&#8217;emergenza non finisce mai e la tirannia non fa che peggiorare. <\/strong><\/span><\/p>\n<p style=\"text-align: justify;\"><span style=\"color: #000000;\"><img loading=\"lazy\" decoding=\"async\" class=\"size-full wp-image-32670 alignleft\" src=\"https:\/\/www.rassegnastampa-totustuus.it\/cattolica\/wp-content\/uploads\/2005\/06\/antiterrorismo.jpg\" alt=\"\" width=\"260\" height=\"194\" \/>\u00abL&#8217;emergenza \u00e8 divenuta un dato stabile, permanente. Pensiamo al green pass, la cui temporaneit\u00e0 venne sbandierata ai quattro venti, proprio per far ingoiare una pillola assai amara all&#8217;opinione pubblica, viste le drastiche limitazioni che importava; ecco che oggi, alla faccia della temporaneit\u00e0, Commissione Ue e Oms celebrano l&#8217;idea di elaborare un green pass globale contro future, ipotetiche pandemie. Gli effetti sono la decadenza delle garanzie, dei diritti e delle libert\u00e0, la torsione autoritaria del sistema, con elementi di controllo sempre pi\u00f9 pervasivi e capillari\u00bb.<\/span><\/p>\n<p style=\"text-align: justify;\"><span style=\"color: #000000;\"><strong>Lei nota un aspetto fondamentale. Non si parla pi\u00f9 semplicemente di crisi. Ora viene evocato il pericolo di morte, \u00e8 con la morte che siamo confrontati a confrontarci. <\/strong><\/span><\/p>\n<p style=\"text-align: justify;\"><span style=\"color: #000000;\"><img loading=\"lazy\" decoding=\"async\" class=\" wp-image-27940 alignright\" src=\"https:\/\/www.rassegnastampa-totustuus.it\/cattolica\/wp-content\/uploads\/2005\/07\/comunismo-morte.jpg\" alt=\"\" width=\"360\" height=\"202\" \/>\u00abLa crisi, stando alla sua radice semantica e concettuale, implica sempre una modificazione, una scelta, e in certa misura anche una opportunit\u00e0. Non necessariamente quindi importa un male. Discorso analogo vale per il rischio. La civilt\u00e0 umana \u00e8 avanzata e progredita grazie alla inventiva individuale e alla volont\u00e0, da parte di alcuni individui, di assumersi dei rischi. La morte al contrario \u00e8 la fine, lo spettro nero che si staglia lungo la linea d&#8217;orizzonte a lasciar intendere minaccia di dissoluzione. Viene brandita e agitata mediaticamente, per ter\u00adrorizzare, per rendere ciechi e obbedienti i cittadini. Nasce cos\u00ec quel che Cass Sunstein definisce il &#8220;diritto della paura&#8221;. La morte, come nella danza macabra medievale, diventa dispositivo di moralizzazione del vivere civile e dei costumi, oltre che segnale della fine della libert\u00e0. Se un individuo \u00e8 libero di scegliere \u2013 cos\u00ec lasciano intendere il potere pubblico e certo pensiero progressista &#8211; potrebbe far irrompere la minaccia della morte all&#8217;interno del perimetro della societ\u00e0, come abbiamo visto in tempo di pandemia quando il contagiato era considerato un emissario della morte. Per questo, si cerca di far credere che la libert\u00e0 sia alleata della morte e che la societ\u00e0 debba regredire a uno stadio premoderno, dove \u00e8 la mano del sovrano a dettare l&#8217;agenda. Certo pensiero decrescista, pensiamo all&#8217;ecologismo catastrofista, che tanto anima il cuore pulsante della sinistra, \u00e8 un fenomeno ossificante, incapacitante, che asfissia individuo e libert\u00e0, proprio nel nome del contrasto alla morte, ai rischi e ai pericoli\u00bb.<\/span><\/p>\n<p style=\"text-align: justify;\"><span style=\"color: #000000;\"><strong>\u00c8 appunto la paura della morte a renderci cos\u00ec vulnerabili? <\/strong><\/span><\/p>\n<p style=\"text-align: justify;\"><span style=\"color: #000000;\"><img loading=\"lazy\" decoding=\"async\" class=\" wp-image-44179 alignleft\" src=\"https:\/\/www.rassegnastampa-totustuus.it\/cattolica\/wp-content\/uploads\/2019\/09\/peste.jpg\" alt=\"\" width=\"315\" height=\"218\" \/>\u00abCi rende vulnerabili il modo in cui la morte viene presentata nella societ\u00e0 contemporanea. Come una sorta di presenza oscura del tutto aliena al ciclo vitale, aspetto questo che finisce per essere terrorizzante. La sanitarizzazione e la medicalizzazione della societ\u00e0 ci portano a credere di poter espungere, o comunque allontanare il pi\u00f9 possibile, la morte. La sua trasformazione in dato quasi artificiale ci induce a temerla, a esserne affranti, e allora proprio per essere tutelati ci gettiamo a corpo morto tra le braccia della tirannia. Come notava Michel Foucault, gran parte dei regolamenti di sicurezza urbana, non a caso, originava dai regolamenti medievali di contrasto alla peste. La scientificizzazione della morte \u00e8 un prodotto strumentale di politiche di controllo e sorveglianza, in cui il terrore gioca sempre un ruolo essenziale\u00bb. <\/span><\/p>\n<p style=\"text-align: justify;\"><span style=\"color: #000000;\"><strong>Quali sono le conseguenze sulla democrazia della tirannia emergenziale? <\/strong><\/span><\/p>\n<p style=\"text-align: justify;\"><span style=\"color: #000000;\">\u00abLa radicale limitazione delle libert\u00e0 e dei diritti anche di rango costituzionale. L&#8217;autodeterminazione, la facolt\u00e0 di scelta vengono coartati. che se ci si pensa \u00e8 anche un paradosso, visto che viviamo in un&#8217;epoca di totale superfetazione di diritti, alcuni dei quali anche piuttosto surreali. Viene meno anche un libero, critico dibattito pubblico; l&#8217;opinione pubblica \u00e8 inquinata dalle scorie della narrazione emergenziale, resa dogma totalizzante\u00bb.<\/span><\/p>\n<p style=\"text-align: justify;\"><span style=\"color: #000000;\"><strong>Sembra che a ogni emergenza si sviluppi un apparato burocratico utile a gestirla. \u00c8 cos\u00ec?\u00a0<\/strong><\/span><\/p>\n<p style=\"text-align: justify;\"><span style=\"color: #000000;\"><img loading=\"lazy\" decoding=\"async\" class=\"size-full wp-image-56380 alignright\" src=\"https:\/\/www.rassegnastampa-totustuus.it\/cattolica\/wp-content\/uploads\/2023\/05\/burocrazia_apparato_ufficio_lavoro.jpg\" alt=\"\" width=\"300\" height=\"157\" \/>\u00abLa pandemia ha visto la proliferazione di corpi tecnici del tutto slegati dal circuito della legittimazione sovrana. Si sosteneva che fossero soltanto organismi consultivi, ma poi abbiamo visto come la politica spesso, e magari anche per evitare di assumere responsabilit\u00e0 dirette, ne seguisse in maniera acritica le decisioni. L&#8217;espansione dello Stato conosce la sua massima ipertrofia quando la sfera pubblica \u00e8 chiamata a dover governare l&#8217;apparentemente ingovernabile. Lo stesso Pnrr ha importato la elefantiaca costruzione di una sorta di pubblica amministrazione parallela dentro la gi\u00e0 esistente Pubblica amministrazione Stesso a dirsi per il cambiamento climatico: nuovi apparati, organismi tecnici, consulenti che lavorano lasciando germinare una nuova burocrazia emergenziale. A differenza della usuale burocrazia, quella dell&#8217;emergenza per\u00f2 conosce ancor minori garanzie di partecipazione per il cittadino, perch\u00e9 si sostiene che essa debba decidere in fretta e senza troppi intralci. Una burocrazia tiranna che prevale sul ceto politico e che finisce per controllarlo, come possiamo rilevare dalla totale esautorazione del Parlamento che ormai da anni non decide pi\u00f9 niente\u00bb.<\/span><\/p>\n<p style=\"text-align: justify;\"><span style=\"color: #000000;\"><strong>Quanto contano i mezzi di informazione nello sviluppo di questa tirannia?<\/strong><\/span><\/p>\n<p style=\"text-align: justify;\"><span style=\"color: #000000;\"><img loading=\"lazy\" decoding=\"async\" class=\" wp-image-31534 alignleft\" src=\"https:\/\/www.rassegnastampa-totustuus.it\/cattolica\/wp-content\/uploads\/2016\/03\/manipolazione_media.jpg\" alt=\"\" width=\"318\" height=\"209\" \/>\u00abTantissimo. L&#8217;emergenza si rende tiranna quando mobilita totalmente il corpo sociale. Quando, veicolando informazioni modellate a seconda della convenienza di chi regge il potere, costruisce un senso comune da cui siano espunte tutte le opzioni dissonanti. Spesso le critiche, per quanto articolate e motivate, rivolte a determinate scelte del potere pubblico in fasi di emergenza, vengono fatte rifluire in quella che Elisabeth Neulle-Neumann definiva &#8220;la spirale del silenzio&#8221;. Nessuno, o quasi, ti lascia parlare, non hai voce, n\u00e9 distribuzione, sei un reietto e un proscritto degli studi televisivi. Oppure si passa direttamente alla criminalizzazione delle opinioni e di chi se ne fa portatore\u00bb.<\/span><\/p>\n","protected":false},"excerpt":{"rendered":"<p>Abstract: emergenza Covid ed emergenza clima alimentano la tirannia. A partire dagli anni Settanta, con il fenomeno del terrorismo politico, l&#8217;ordinamento inizia a dotarsi non solo di strumenti giuridici decisamente esorbitanti dall&#8217;ordinario assetto di garanzie previste da un sistema liberaldemocratico, ma anche di dispositivi culturali e mediatici che mobilitano, in modo totale, l&#8217;opinione pubblica contro &hellip; <\/p>\n<p><a class=\"more-link btn\" href=\"https:\/\/www.rassegnastampa-totustuus.it\/cattolica\/emergenza-covid-ed-emergenza-clima-alimentano-la-tirannia\/\">Continua a leggere<\/a><\/p>\n","protected":false},"author":6,"featured_media":56484,"comment_status":"closed","ping_status":"closed","sticky":false,"template":"","format":"standard","meta":{"footnotes":""},"categories":[25,80],"tags":[767,2018,558,399],"class_list":["post-56588","post","type-post","status-publish","format-standard","has-post-thumbnail","hentry","category-sguardo-sul-nostro-tempo","category-totalitarismo","tag-liberta","tag-mass-media","tag-sguardo-sul-nostro-tempo-2","tag-totalitarimo","item-wrap"],"yoast_head":"<!-- This site is optimized with the Yoast SEO plugin v27.5 - https:\/\/yoast.com\/product\/yoast-seo-wordpress\/ -->\n<title>Emergenza Covid ed emergenza clima alimentano la tirannia - Rassegna Stampa Cattolica<\/title>\n<meta name=\"description\" content=\"Emergenza Covid ed emergenza clima alimentano la tirannia. L&#039;ordinamento si \u00e8 dotato di strumenti giuridici esorbitanti di controllo\" \/>\n<meta name=\"robots\" content=\"index, follow, max-snippet:-1, max-image-preview:large, max-video-preview:-1\" \/>\n<link rel=\"canonical\" href=\"https:\/\/www.rassegnastampa-totustuus.it\/cattolica\/emergenza-covid-ed-emergenza-clima-alimentano-la-tirannia\/\" \/>\n<meta property=\"og:locale\" content=\"it_IT\" \/>\n<meta property=\"og:type\" content=\"article\" \/>\n<meta property=\"og:title\" content=\"Emergenza Covid ed emergenza clima alimentano la tirannia - Rassegna Stampa Cattolica\" \/>\n<meta property=\"og:description\" content=\"Emergenza Covid ed emergenza clima alimentano la tirannia. L&#039;ordinamento si \u00e8 dotato di strumenti giuridici esorbitanti di controllo\" \/>\n<meta property=\"og:url\" content=\"https:\/\/www.rassegnastampa-totustuus.it\/cattolica\/emergenza-covid-ed-emergenza-clima-alimentano-la-tirannia\/\" \/>\n<meta property=\"og:site_name\" content=\"Rassegna Stampa Cattolica\" \/>\n<meta property=\"article:publisher\" content=\"https:\/\/www.facebook.com\/rassegnastampacattolica\" \/>\n<meta property=\"article:published_time\" content=\"2023-06-21T22:00:00+00:00\" \/>\n<meta property=\"article:modified_time\" content=\"2023-12-15T17:59:30+00:00\" \/>\n<meta property=\"og:image\" content=\"https:\/\/www.rassegnastampa-totustuus.it\/cattolica\/wp-content\/uploads\/2023\/05\/virus_liberta_manifestazione.jpg\" \/>\n\t<meta property=\"og:image:width\" content=\"259\" \/>\n\t<meta property=\"og:image:height\" content=\"194\" \/>\n\t<meta property=\"og:image:type\" content=\"image\/jpeg\" \/>\n<meta name=\"author\" content=\"Redazione\" \/>\n<meta name=\"twitter:card\" content=\"summary_large_image\" \/>\n<meta name=\"twitter:creator\" content=\"@rassegnastampa9\" \/>\n<meta name=\"twitter:site\" content=\"@rassegnastampa9\" \/>\n<meta name=\"twitter:label1\" content=\"Scritto da\" \/>\n\t<meta name=\"twitter:data1\" content=\"Redazione\" \/>\n\t<meta name=\"twitter:label2\" content=\"Tempo di lettura stimato\" \/>\n\t<meta name=\"twitter:data2\" content=\"9 minuti\" \/>\n<script type=\"application\/ld+json\" class=\"yoast-schema-graph\">{\"@context\":\"https:\\\/\\\/schema.org\",\"@graph\":[{\"@type\":\"Article\",\"@id\":\"https:\\\/\\\/www.rassegnastampa-totustuus.it\\\/cattolica\\\/emergenza-covid-ed-emergenza-clima-alimentano-la-tirannia\\\/#article\",\"isPartOf\":{\"@id\":\"https:\\\/\\\/www.rassegnastampa-totustuus.it\\\/cattolica\\\/emergenza-covid-ed-emergenza-clima-alimentano-la-tirannia\\\/\"},\"author\":{\"name\":\"Redazione\",\"@id\":\"https:\\\/\\\/www.rassegnastampa-totustuus.it\\\/cattolica\\\/#\\\/schema\\\/person\\\/08f319d2bd1a0904ad9e2bfb7b15e5c3\"},\"headline\":\"Emergenza Covid ed emergenza clima alimentano la tirannia\",\"datePublished\":\"2023-06-21T22:00:00+00:00\",\"dateModified\":\"2023-12-15T17:59:30+00:00\",\"mainEntityOfPage\":{\"@id\":\"https:\\\/\\\/www.rassegnastampa-totustuus.it\\\/cattolica\\\/emergenza-covid-ed-emergenza-clima-alimentano-la-tirannia\\\/\"},\"wordCount\":1243,\"publisher\":{\"@id\":\"https:\\\/\\\/www.rassegnastampa-totustuus.it\\\/cattolica\\\/#organization\"},\"image\":{\"@id\":\"https:\\\/\\\/www.rassegnastampa-totustuus.it\\\/cattolica\\\/emergenza-covid-ed-emergenza-clima-alimentano-la-tirannia\\\/#primaryimage\"},\"thumbnailUrl\":\"https:\\\/\\\/www.rassegnastampa-totustuus.it\\\/cattolica\\\/wp-content\\\/uploads\\\/2023\\\/05\\\/virus_liberta_manifestazione.jpg\",\"keywords\":[\"libert\u00e0\",\"mass-media\",\"sguardo sul nostro tempo\",\"totalitarimo\"],\"articleSection\":[\"Sguardo sul nostro tempo\",\"Totalitarismo\"],\"inLanguage\":\"it-IT\"},{\"@type\":\"WebPage\",\"@id\":\"https:\\\/\\\/www.rassegnastampa-totustuus.it\\\/cattolica\\\/emergenza-covid-ed-emergenza-clima-alimentano-la-tirannia\\\/\",\"url\":\"https:\\\/\\\/www.rassegnastampa-totustuus.it\\\/cattolica\\\/emergenza-covid-ed-emergenza-clima-alimentano-la-tirannia\\\/\",\"name\":\"Emergenza Covid ed emergenza clima alimentano la tirannia - Rassegna Stampa Cattolica\",\"isPartOf\":{\"@id\":\"https:\\\/\\\/www.rassegnastampa-totustuus.it\\\/cattolica\\\/#website\"},\"primaryImageOfPage\":{\"@id\":\"https:\\\/\\\/www.rassegnastampa-totustuus.it\\\/cattolica\\\/emergenza-covid-ed-emergenza-clima-alimentano-la-tirannia\\\/#primaryimage\"},\"image\":{\"@id\":\"https:\\\/\\\/www.rassegnastampa-totustuus.it\\\/cattolica\\\/emergenza-covid-ed-emergenza-clima-alimentano-la-tirannia\\\/#primaryimage\"},\"thumbnailUrl\":\"https:\\\/\\\/www.rassegnastampa-totustuus.it\\\/cattolica\\\/wp-content\\\/uploads\\\/2023\\\/05\\\/virus_liberta_manifestazione.jpg\",\"datePublished\":\"2023-06-21T22:00:00+00:00\",\"dateModified\":\"2023-12-15T17:59:30+00:00\",\"description\":\"Emergenza Covid ed emergenza clima alimentano la tirannia. L'ordinamento si \u00e8 dotato di strumenti giuridici esorbitanti di controllo\",\"breadcrumb\":{\"@id\":\"https:\\\/\\\/www.rassegnastampa-totustuus.it\\\/cattolica\\\/emergenza-covid-ed-emergenza-clima-alimentano-la-tirannia\\\/#breadcrumb\"},\"inLanguage\":\"it-IT\",\"potentialAction\":[{\"@type\":\"ReadAction\",\"target\":[\"https:\\\/\\\/www.rassegnastampa-totustuus.it\\\/cattolica\\\/emergenza-covid-ed-emergenza-clima-alimentano-la-tirannia\\\/\"]}]},{\"@type\":\"ImageObject\",\"inLanguage\":\"it-IT\",\"@id\":\"https:\\\/\\\/www.rassegnastampa-totustuus.it\\\/cattolica\\\/emergenza-covid-ed-emergenza-clima-alimentano-la-tirannia\\\/#primaryimage\",\"url\":\"https:\\\/\\\/www.rassegnastampa-totustuus.it\\\/cattolica\\\/wp-content\\\/uploads\\\/2023\\\/05\\\/virus_liberta_manifestazione.jpg\",\"contentUrl\":\"https:\\\/\\\/www.rassegnastampa-totustuus.it\\\/cattolica\\\/wp-content\\\/uploads\\\/2023\\\/05\\\/virus_liberta_manifestazione.jpg\",\"width\":259,\"height\":194},{\"@type\":\"BreadcrumbList\",\"@id\":\"https:\\\/\\\/www.rassegnastampa-totustuus.it\\\/cattolica\\\/emergenza-covid-ed-emergenza-clima-alimentano-la-tirannia\\\/#breadcrumb\",\"itemListElement\":[{\"@type\":\"ListItem\",\"position\":1,\"name\":\"Home\",\"item\":\"https:\\\/\\\/www.rassegnastampa-totustuus.it\\\/cattolica\\\/\"},{\"@type\":\"ListItem\",\"position\":2,\"name\":\"Emergenza Covid ed emergenza clima alimentano la tirannia\"}]},{\"@type\":\"WebSite\",\"@id\":\"https:\\\/\\\/www.rassegnastampa-totustuus.it\\\/cattolica\\\/#website\",\"url\":\"https:\\\/\\\/www.rassegnastampa-totustuus.it\\\/cattolica\\\/\",\"name\":\"Rassegna Stampa Cattolica\",\"description\":\"Per una cultura che nasce dalla Rivelazione cristiana in conformit\u00e0 alla tradizione e al Magistero della Chiesa in opposizione ad ogni relativismo e totalitarismo\",\"publisher\":{\"@id\":\"https:\\\/\\\/www.rassegnastampa-totustuus.it\\\/cattolica\\\/#organization\"},\"alternateName\":\"Rass. Cattolica\",\"potentialAction\":[{\"@type\":\"SearchAction\",\"target\":{\"@type\":\"EntryPoint\",\"urlTemplate\":\"https:\\\/\\\/www.rassegnastampa-totustuus.it\\\/cattolica\\\/?s={search_term_string}\"},\"query-input\":{\"@type\":\"PropertyValueSpecification\",\"valueRequired\":true,\"valueName\":\"search_term_string\"}}],\"inLanguage\":\"it-IT\"},{\"@type\":\"Organization\",\"@id\":\"https:\\\/\\\/www.rassegnastampa-totustuus.it\\\/cattolica\\\/#organization\",\"name\":\"Rassegna Stampa Cattolica\",\"url\":\"https:\\\/\\\/www.rassegnastampa-totustuus.it\\\/cattolica\\\/\",\"logo\":{\"@type\":\"ImageObject\",\"inLanguage\":\"it-IT\",\"@id\":\"https:\\\/\\\/www.rassegnastampa-totustuus.it\\\/cattolica\\\/#\\\/schema\\\/logo\\\/image\\\/\",\"url\":\"https:\\\/\\\/www.rassegnastampa-totustuus.it\\\/cattolica\\\/wp-content\\\/uploads\\\/2014\\\/04\\\/logo-rassegna1.gif\",\"contentUrl\":\"https:\\\/\\\/www.rassegnastampa-totustuus.it\\\/cattolica\\\/wp-content\\\/uploads\\\/2014\\\/04\\\/logo-rassegna1.gif\",\"width\":600,\"height\":163,\"caption\":\"Rassegna Stampa Cattolica\"},\"image\":{\"@id\":\"https:\\\/\\\/www.rassegnastampa-totustuus.it\\\/cattolica\\\/#\\\/schema\\\/logo\\\/image\\\/\"},\"sameAs\":[\"https:\\\/\\\/www.facebook.com\\\/rassegnastampacattolica\",\"https:\\\/\\\/x.com\\\/rassegnastampa9\"]},{\"@type\":\"Person\",\"@id\":\"https:\\\/\\\/www.rassegnastampa-totustuus.it\\\/cattolica\\\/#\\\/schema\\\/person\\\/08f319d2bd1a0904ad9e2bfb7b15e5c3\",\"name\":\"Redazione\",\"image\":{\"@type\":\"ImageObject\",\"inLanguage\":\"it-IT\",\"@id\":\"https:\\\/\\\/secure.gravatar.com\\\/avatar\\\/2fcdf27c78ea025fbdb44e914cc63c72249ffec9dc8aafd5c82b26240ef3f346?s=96&d=mm&r=g\",\"url\":\"https:\\\/\\\/secure.gravatar.com\\\/avatar\\\/2fcdf27c78ea025fbdb44e914cc63c72249ffec9dc8aafd5c82b26240ef3f346?s=96&d=mm&r=g\",\"contentUrl\":\"https:\\\/\\\/secure.gravatar.com\\\/avatar\\\/2fcdf27c78ea025fbdb44e914cc63c72249ffec9dc8aafd5c82b26240ef3f346?s=96&d=mm&r=g\",\"caption\":\"Redazione\"},\"url\":\"https:\\\/\\\/www.rassegnastampa-totustuus.it\\\/cattolica\\\/author\\\/pietroelle\\\/\"}]}<\/script>\n<!-- \/ Yoast SEO plugin. -->","yoast_head_json":{"title":"Emergenza Covid ed emergenza clima alimentano la tirannia - Rassegna Stampa Cattolica","description":"Emergenza Covid ed emergenza clima alimentano la tirannia. L'ordinamento si \u00e8 dotato di strumenti giuridici esorbitanti di controllo","robots":{"index":"index","follow":"follow","max-snippet":"max-snippet:-1","max-image-preview":"max-image-preview:large","max-video-preview":"max-video-preview:-1"},"canonical":"https:\/\/www.rassegnastampa-totustuus.it\/cattolica\/emergenza-covid-ed-emergenza-clima-alimentano-la-tirannia\/","og_locale":"it_IT","og_type":"article","og_title":"Emergenza Covid ed emergenza clima alimentano la tirannia - Rassegna Stampa Cattolica","og_description":"Emergenza Covid ed emergenza clima alimentano la tirannia. L'ordinamento si \u00e8 dotato di strumenti giuridici esorbitanti di controllo","og_url":"https:\/\/www.rassegnastampa-totustuus.it\/cattolica\/emergenza-covid-ed-emergenza-clima-alimentano-la-tirannia\/","og_site_name":"Rassegna Stampa Cattolica","article_publisher":"https:\/\/www.facebook.com\/rassegnastampacattolica","article_published_time":"2023-06-21T22:00:00+00:00","article_modified_time":"2023-12-15T17:59:30+00:00","og_image":[{"width":259,"height":194,"url":"https:\/\/www.rassegnastampa-totustuus.it\/cattolica\/wp-content\/uploads\/2023\/05\/virus_liberta_manifestazione.jpg","type":"image\/jpeg"}],"author":"Redazione","twitter_card":"summary_large_image","twitter_creator":"@rassegnastampa9","twitter_site":"@rassegnastampa9","twitter_misc":{"Scritto da":"Redazione","Tempo di lettura stimato":"9 minuti"},"schema":{"@context":"https:\/\/schema.org","@graph":[{"@type":"Article","@id":"https:\/\/www.rassegnastampa-totustuus.it\/cattolica\/emergenza-covid-ed-emergenza-clima-alimentano-la-tirannia\/#article","isPartOf":{"@id":"https:\/\/www.rassegnastampa-totustuus.it\/cattolica\/emergenza-covid-ed-emergenza-clima-alimentano-la-tirannia\/"},"author":{"name":"Redazione","@id":"https:\/\/www.rassegnastampa-totustuus.it\/cattolica\/#\/schema\/person\/08f319d2bd1a0904ad9e2bfb7b15e5c3"},"headline":"Emergenza Covid ed emergenza clima alimentano la tirannia","datePublished":"2023-06-21T22:00:00+00:00","dateModified":"2023-12-15T17:59:30+00:00","mainEntityOfPage":{"@id":"https:\/\/www.rassegnastampa-totustuus.it\/cattolica\/emergenza-covid-ed-emergenza-clima-alimentano-la-tirannia\/"},"wordCount":1243,"publisher":{"@id":"https:\/\/www.rassegnastampa-totustuus.it\/cattolica\/#organization"},"image":{"@id":"https:\/\/www.rassegnastampa-totustuus.it\/cattolica\/emergenza-covid-ed-emergenza-clima-alimentano-la-tirannia\/#primaryimage"},"thumbnailUrl":"https:\/\/www.rassegnastampa-totustuus.it\/cattolica\/wp-content\/uploads\/2023\/05\/virus_liberta_manifestazione.jpg","keywords":["libert\u00e0","mass-media","sguardo sul nostro tempo","totalitarimo"],"articleSection":["Sguardo sul nostro tempo","Totalitarismo"],"inLanguage":"it-IT"},{"@type":"WebPage","@id":"https:\/\/www.rassegnastampa-totustuus.it\/cattolica\/emergenza-covid-ed-emergenza-clima-alimentano-la-tirannia\/","url":"https:\/\/www.rassegnastampa-totustuus.it\/cattolica\/emergenza-covid-ed-emergenza-clima-alimentano-la-tirannia\/","name":"Emergenza Covid ed emergenza clima alimentano la tirannia - Rassegna Stampa Cattolica","isPartOf":{"@id":"https:\/\/www.rassegnastampa-totustuus.it\/cattolica\/#website"},"primaryImageOfPage":{"@id":"https:\/\/www.rassegnastampa-totustuus.it\/cattolica\/emergenza-covid-ed-emergenza-clima-alimentano-la-tirannia\/#primaryimage"},"image":{"@id":"https:\/\/www.rassegnastampa-totustuus.it\/cattolica\/emergenza-covid-ed-emergenza-clima-alimentano-la-tirannia\/#primaryimage"},"thumbnailUrl":"https:\/\/www.rassegnastampa-totustuus.it\/cattolica\/wp-content\/uploads\/2023\/05\/virus_liberta_manifestazione.jpg","datePublished":"2023-06-21T22:00:00+00:00","dateModified":"2023-12-15T17:59:30+00:00","description":"Emergenza Covid ed emergenza clima alimentano la tirannia. L'ordinamento si \u00e8 dotato di strumenti giuridici esorbitanti di controllo","breadcrumb":{"@id":"https:\/\/www.rassegnastampa-totustuus.it\/cattolica\/emergenza-covid-ed-emergenza-clima-alimentano-la-tirannia\/#breadcrumb"},"inLanguage":"it-IT","potentialAction":[{"@type":"ReadAction","target":["https:\/\/www.rassegnastampa-totustuus.it\/cattolica\/emergenza-covid-ed-emergenza-clima-alimentano-la-tirannia\/"]}]},{"@type":"ImageObject","inLanguage":"it-IT","@id":"https:\/\/www.rassegnastampa-totustuus.it\/cattolica\/emergenza-covid-ed-emergenza-clima-alimentano-la-tirannia\/#primaryimage","url":"https:\/\/www.rassegnastampa-totustuus.it\/cattolica\/wp-content\/uploads\/2023\/05\/virus_liberta_manifestazione.jpg","contentUrl":"https:\/\/www.rassegnastampa-totustuus.it\/cattolica\/wp-content\/uploads\/2023\/05\/virus_liberta_manifestazione.jpg","width":259,"height":194},{"@type":"BreadcrumbList","@id":"https:\/\/www.rassegnastampa-totustuus.it\/cattolica\/emergenza-covid-ed-emergenza-clima-alimentano-la-tirannia\/#breadcrumb","itemListElement":[{"@type":"ListItem","position":1,"name":"Home","item":"https:\/\/www.rassegnastampa-totustuus.it\/cattolica\/"},{"@type":"ListItem","position":2,"name":"Emergenza Covid ed emergenza clima alimentano la tirannia"}]},{"@type":"WebSite","@id":"https:\/\/www.rassegnastampa-totustuus.it\/cattolica\/#website","url":"https:\/\/www.rassegnastampa-totustuus.it\/cattolica\/","name":"Rassegna Stampa Cattolica","description":"Per una cultura che nasce dalla Rivelazione cristiana in conformit\u00e0 alla tradizione e al Magistero della Chiesa in opposizione ad ogni relativismo e totalitarismo","publisher":{"@id":"https:\/\/www.rassegnastampa-totustuus.it\/cattolica\/#organization"},"alternateName":"Rass. Cattolica","potentialAction":[{"@type":"SearchAction","target":{"@type":"EntryPoint","urlTemplate":"https:\/\/www.rassegnastampa-totustuus.it\/cattolica\/?s={search_term_string}"},"query-input":{"@type":"PropertyValueSpecification","valueRequired":true,"valueName":"search_term_string"}}],"inLanguage":"it-IT"},{"@type":"Organization","@id":"https:\/\/www.rassegnastampa-totustuus.it\/cattolica\/#organization","name":"Rassegna Stampa Cattolica","url":"https:\/\/www.rassegnastampa-totustuus.it\/cattolica\/","logo":{"@type":"ImageObject","inLanguage":"it-IT","@id":"https:\/\/www.rassegnastampa-totustuus.it\/cattolica\/#\/schema\/logo\/image\/","url":"https:\/\/www.rassegnastampa-totustuus.it\/cattolica\/wp-content\/uploads\/2014\/04\/logo-rassegna1.gif","contentUrl":"https:\/\/www.rassegnastampa-totustuus.it\/cattolica\/wp-content\/uploads\/2014\/04\/logo-rassegna1.gif","width":600,"height":163,"caption":"Rassegna Stampa Cattolica"},"image":{"@id":"https:\/\/www.rassegnastampa-totustuus.it\/cattolica\/#\/schema\/logo\/image\/"},"sameAs":["https:\/\/www.facebook.com\/rassegnastampacattolica","https:\/\/x.com\/rassegnastampa9"]},{"@type":"Person","@id":"https:\/\/www.rassegnastampa-totustuus.it\/cattolica\/#\/schema\/person\/08f319d2bd1a0904ad9e2bfb7b15e5c3","name":"Redazione","image":{"@type":"ImageObject","inLanguage":"it-IT","@id":"https:\/\/secure.gravatar.com\/avatar\/2fcdf27c78ea025fbdb44e914cc63c72249ffec9dc8aafd5c82b26240ef3f346?s=96&d=mm&r=g","url":"https:\/\/secure.gravatar.com\/avatar\/2fcdf27c78ea025fbdb44e914cc63c72249ffec9dc8aafd5c82b26240ef3f346?s=96&d=mm&r=g","contentUrl":"https:\/\/secure.gravatar.com\/avatar\/2fcdf27c78ea025fbdb44e914cc63c72249ffec9dc8aafd5c82b26240ef3f346?s=96&d=mm&r=g","caption":"Redazione"},"url":"https:\/\/www.rassegnastampa-totustuus.it\/cattolica\/author\/pietroelle\/"}]}},"_links":{"self":[{"href":"https:\/\/www.rassegnastampa-totustuus.it\/cattolica\/wp-json\/wp\/v2\/posts\/56588","targetHints":{"allow":["GET"]}}],"collection":[{"href":"https:\/\/www.rassegnastampa-totustuus.it\/cattolica\/wp-json\/wp\/v2\/posts"}],"about":[{"href":"https:\/\/www.rassegnastampa-totustuus.it\/cattolica\/wp-json\/wp\/v2\/types\/post"}],"author":[{"embeddable":true,"href":"https:\/\/www.rassegnastampa-totustuus.it\/cattolica\/wp-json\/wp\/v2\/users\/6"}],"replies":[{"embeddable":true,"href":"https:\/\/www.rassegnastampa-totustuus.it\/cattolica\/wp-json\/wp\/v2\/comments?post=56588"}],"version-history":[{"count":3,"href":"https:\/\/www.rassegnastampa-totustuus.it\/cattolica\/wp-json\/wp\/v2\/posts\/56588\/revisions"}],"predecessor-version":[{"id":58204,"href":"https:\/\/www.rassegnastampa-totustuus.it\/cattolica\/wp-json\/wp\/v2\/posts\/56588\/revisions\/58204"}],"wp:featuredmedia":[{"embeddable":true,"href":"https:\/\/www.rassegnastampa-totustuus.it\/cattolica\/wp-json\/wp\/v2\/media\/56484"}],"wp:attachment":[{"href":"https:\/\/www.rassegnastampa-totustuus.it\/cattolica\/wp-json\/wp\/v2\/media?parent=56588"}],"wp:term":[{"taxonomy":"category","embeddable":true,"href":"https:\/\/www.rassegnastampa-totustuus.it\/cattolica\/wp-json\/wp\/v2\/categories?post=56588"},{"taxonomy":"post_tag","embeddable":true,"href":"https:\/\/www.rassegnastampa-totustuus.it\/cattolica\/wp-json\/wp\/v2\/tags?post=56588"}],"curies":[{"name":"wp","href":"https:\/\/api.w.org\/{rel}","templated":true}]}}