{"id":56586,"date":"2023-06-15T00:00:00","date_gmt":"2023-06-14T22:00:00","guid":{"rendered":"https:\/\/www.rassegnastampa-totustuus.it\/cattolica\/?p=56586"},"modified":"2024-01-04T17:24:45","modified_gmt":"2024-01-04T16:24:45","slug":"all-lives-matter-sul-femminicidio-i-dati-smentiscono-la-narrazione","status":"publish","type":"post","link":"https:\/\/www.rassegnastampa-totustuus.it\/cattolica\/all-lives-matter-sul-femminicidio-i-dati-smentiscono-la-narrazione\/","title":{"rendered":"All lives matter e femminismo,  sul \u201cfemminicidio\u201d un abbaglio"},"content":{"rendered":"<p style=\"text-align: justify;\"><strong><img loading=\"lazy\" decoding=\"async\" class=\"size-full wp-image-36994 alignleft\" src=\"https:\/\/www.rassegnastampa-totustuus.it\/cattolica\/wp-content\/uploads\/2017\/01\/femminicidio.jpg\" alt=\"\" width=\"296\" height=\"170\" \/>A<span style=\"color: #000000;\">bstract: <\/span><\/strong><span style=\"color: #000000;\"><em>il polverone sollevato dalle femministe e dalla galassia All liver matter sul &#8220;femminicidio&#8221; non ha ragione di essere. I dati mostrano che non c&#8217;\u00e8 alcuna emergenza e che essere donna in Italia \u00e8 una delle condizioni pi\u00f9 sicure al mondo. La violenza semmai \u00e8 in crescita tra gli immigrati ma su questo si preferisce glissare<\/em><\/span><\/p>\n<p><!--more--><\/p>\n<p style=\"text-align: center;\"><span style=\"color: #000000;\"><span style=\"color: #0000ff;\"><a style=\"color: #0000ff;\" href=\"https:\/\/www.nicolaporro.it\/atlanticoquotidiano\/\" target=\"_blank\" rel=\"noopener\"><strong>Atlantico <\/strong><\/a><\/span>7 Giugno 2023<strong> \u00a0<\/strong><\/span><\/p>\n<h3 style=\"text-align: center;\"><strong>All lives matter: sul \u201cfemminicidio\u201d <\/strong><\/h3>\n<h3 style=\"text-align: center;\"><strong>i dati smentiscono la narrazione<\/strong><\/h3>\n<p style=\"text-align: justify;\"><span style=\"color: #000000;\"><em>Essere donna in Italia \u00e8 una delle condizioni pi\u00f9 sicure al mondo. E no, il numero di donne uccise non \u00e8 un \u201cindice di maschilismo\u201d, al contrario\u2026 Inaccettabile la colpevolizzazione collettiva del genere maschile<\/em><\/span><\/p>\n<p style=\"text-align: center;\"><span style=\"color: #000000;\">di <strong>Marco Faraci<\/strong><\/span><\/p>\n<p style=\"text-align: justify;\"><span style=\"color: #000000;\">Il terribile omicidio compiuto pochi giorni fa a Senago, con l\u2019uccisione di <span style=\"color: #0000ff;\"><a style=\"color: #0000ff;\" href=\"https:\/\/www.rainews.it\/articoli\/2023\/06\/lomicidio-di-giulia-tramontano-e-in-corso-lautopsia-sul-corpo-della-donna-74f89116-6a8f-4862-a32a-140465089ef3.html\" target=\"_blank\" rel=\"noopener\"><strong>Giulia Tramontano<\/strong>,<\/a><\/span> una giovane donna in stato avanzato di gravidanza ad opera del compagno, ha scosso il Paese. Si tratta, evidentemente, di un atto dalla <strong>gigantesca brutalit\u00e0<\/strong> perpetrato, tra l\u2019altro, in modo premeditato e pianificato.<\/span><\/p>\n<p style=\"text-align: justify;\"><span style=\"color: #000000;\"><img loading=\"lazy\" decoding=\"async\" class=\" wp-image-52631 alignleft\" src=\"https:\/\/www.rassegnastampa-totustuus.it\/cattolica\/wp-content\/uploads\/2021\/10\/Rosario_Livatino_omicidio.jpg\" alt=\"\" width=\"332\" height=\"221\" \/>La reazione umana ad un simile atto \u00e8 lo shock. \u00c8 la reazione normale di qualsiasi persona comune. Ma lo shock non \u00e8, invece, la reazione appropriata o il migliore consigliere per chi, attraverso l\u2019azione politica, divulgativa e culturale si trova ad osservare i fenomeni nella loro globalit\u00e0 e ad orientare leggi e scelte di indirizzo.<\/span><\/p>\n<p style=\"text-align: justify;\"><span style=\"color: #000000;\">Chi svolge quel tipo di ruolo <strong>non deve agire \u201cdi pancia\u201d<\/strong>, n\u00e9 cavalcare opportunisticamente le reazioni \u201cdi pancia\u201d. Deve invece basare il proprio modo di operare su ragionamenti razionali e su princ\u00ecpi, quali quelli dell\u2019uguaglianza tra i cittadini e del carattere individuale delle responsabilit\u00e0. <\/span><\/p>\n<p style=\"text-align: center;\"><span style=\"color: #000000;\"><strong>Forzatura concettuale <\/strong><\/span><\/p>\n<p style=\"text-align: justify;\"><span style=\"color: #000000;\">In questo senso, bisogna rigettare ogni tentativo di separare i cittadini in <strong>due categorie predefinite<\/strong>, una di potenziali colpevoli e una di potenziali vittime. Serve rifiutare la forzatura concettuale introdotta dalla parola <em>\u201cfemminicidio\u201d<\/em>, in quanto emanazione di una <strong>visione stereotipata e cristallizzata<\/strong> dei rapporti tra i sessi che concepisce la violenza e la prevaricazione in una sola direzione.<\/span><\/p>\n<p style=\"text-align: justify;\"><span style=\"color: #000000;\"><img loading=\"lazy\" decoding=\"async\" class=\"wp-image-36840 alignright\" src=\"https:\/\/www.rassegnastampa-totustuus.it\/cattolica\/wp-content\/uploads\/2016\/12\/femminicidio.jpg\" alt=\"\" width=\"366\" height=\"214\" \/>Mettiamo subito i puntini sulle \u201ci\u201d. Gli uomini <strong>non sono dei carnefici<\/strong>. E le donne non sono \u201cin pericolo\u201d. I numeri parlano chiaro. Il numero di donne uccise in Italia \u00e8, fortunatamente, molto basso. Lo \u00e8 in numeri assoluti e lo \u00e8 in termini relativi rispetto al numero totale di vittime.<\/span><\/p>\n<p style=\"text-align: justify;\"><span style=\"color: #000000;\">L\u2019Italia \u00e8 il <strong>tra gli ultimi Paesi al mondo<\/strong> per tasso di donne uccise e le donne rappresentano solo una minoranza delle vittime di omicidio. Ogni quattro vittime donne in Italia, sono sei gli uomini che vengono ammazzati.<\/span><\/p>\n<p style=\"text-align: justify;\"><span style=\"color: #000000;\">Un numero \u201cmolto basso\u201d di donne uccise \u00e8 comunque \u201ctroppo\u201d? Certo, ma questo \u00e8 vero <strong>anche per le vittime maschili<\/strong> o, se si preferisce, per qualsiasi altro \u201cgruppo\u201d demografico o sociale su cui ci si voglia concentrare.<\/span><\/p>\n<p style=\"text-align: center;\"><strong>Cultura patriarcale<\/strong><\/p>\n<p style=\"text-align: justify;\"><span style=\"color: #000000;\">Il numero di donne uccise non \u00e8 aumentato nel tempo, anzi c\u2019\u00e8 una <strong>lieve tendenza alla riduzione<\/strong> negli anni. \u00c8 vero che tale riduzione \u00e8 meno marcata rispetto alla diminuzione di vittime maschili, che sono sempre state storicamente molte di pi\u00f9, ma la progressiva convergenza nel numero di vittime dei due sessi \u00e8 coerente con la <strong>modernizzazione della societ\u00e0<\/strong> ed \u00e8 un fenomeno osservato in tutti i Paesi occidentali in corrispondenza del raggiungimento di maggiori livelli di uguaglianza di genere. <\/span><\/p>\n<p style=\"text-align: justify;\"><img loading=\"lazy\" decoding=\"async\" class=\" wp-image-37770 alignleft\" src=\"https:\/\/www.rassegnastampa-totustuus.it\/cattolica\/wp-content\/uploads\/2017\/05\/Famiglia_patriarcale.jpg\" alt=\"\" width=\"341\" height=\"227\" \/><span style=\"color: #000000;\">Nei fatti, in maniera del tutto contraria ai luoghi comuni, il numero di donne uccise in un Paese non \u00e8 un \u201cindice di maschilismo\u201d. Anzi, in termini complessivi, la correlazione si presenta proprio in <strong>direzione opposta<\/strong><\/span>.<\/p>\n<p style=\"text-align: justify;\"><span style=\"color: #000000;\">Statisticamente i Paesi con cultura \u201cpatriarcale\/tradizionale\u201d hanno un basso tasso di omicidi di donne, perch\u00e9 le donne sono <strong>meno socialmente esposte<\/strong> degli uomini. Al contrario, nei Paesi con alto livello di sviluppo sociale e di emancipazione femminile (Norvegia, Finlandia, Islanda, etc.) le donne vengono uccise di pi\u00f9 \u2013 dove il \u201cdi pi\u00f9\u201d vuol dire semplicemente <em>\u201ctanto quanto gli uomini\u201d<\/em>.<\/span><\/p>\n<p style=\"text-align: justify;\"><span style=\"color: #000000;\">Dati alla mano, possiamo dire, in termini generali, che essere donna oggi in un Paese come l\u2019Italia \u00e8 <strong>una delle condizioni pi\u00f9 sicure<\/strong> in cui ci si possa trovare al mondo.<\/span><\/p>\n<p style=\"text-align: center;\"><strong>Delitti passionali<\/strong><\/p>\n<p style=\"text-align: justify;\">Esiste, certo, una specifica categoria di delitti in cui le donne sono pi\u00f9 spesso vittime rispetto agli uomini, quella dei <strong>delitti passionali<\/strong> \u2013 ed \u00e8 in effetti questa la tipologia di delitti che il dibattito <em>mainstream<\/em> cerca di inquadrare come <em>\u201coppressione di genere\u201d<\/em>.<\/p>\n<p style=\"text-align: justify;\">Vediamo allora qualche numero. Nel 2022 sono state uccise, in ambito familiare-affettivo, 102 donne contro 37 uomini. Si tratta di numeri diversi, ma non <em>\u201cspaventosamente\u201d<\/em> diversi. In altre parole, ci troviamo in una situazione in cui la \u201ccomunicazione pubblica\u201d da tempo tratta come se fosse un rapporto \u201cuno a mille\u201d, quello che \u00e8 un rapporto \u201cuno a tre\u201d. Questo vuol dire solo <strong>svilire ed offendere i cittadini di sesso maschile<\/strong> che sono vittime di violenza.<\/p>\n<p style=\"text-align: center;\"><span style=\"color: #000000;\"><strong>Il controllo della narrazione<\/strong><\/span><\/p>\n<p style=\"text-align: justify;\"><span style=\"color: #000000;\"><img loading=\"lazy\" decoding=\"async\" class=\"wp-image-31798 alignright\" src=\"https:\/\/www.rassegnastampa-totustuus.it\/cattolica\/wp-content\/uploads\/2016\/03\/femminicidio.jpg\" alt=\"\" width=\"327\" height=\"217\" \/>Il vero problema \u00e8 che, dietro al conio della parola <em>\u201cfemminicidio\u201d<\/em>, c\u2019\u00e8 anche un obiettivo che va oltre la questione sempre e comunque grave della violenza passionale \u2013 quello di arruolare questo tema ad una <strong>pi\u00f9 ampia campagna \u201cfemminista\u201d<\/strong>.<\/span><\/p>\n<p style=\"text-align: justify;\"><span style=\"color: #000000;\">In questo senso \u00e8 evidente come al <em>mainstream<\/em> politico, culturale e mediatico non interessi riportare la questione della violenza nella sua interezza, quanto piuttosto <strong>creare \u201cnarrazioni\u201d<\/strong> che per essere \u201cfunzionali\u201d devono far s\u00ec di attribuire in maniera stabile e facilmente identificabile le categorie di \u201coppresso\u201d e \u201coppressore\u201d, di \u201cvittima\u201d e \u201ccarnefice\u201d.<\/span><\/p>\n<p style=\"text-align: justify;\"><span style=\"color: #000000;\">Ogni informazione ulteriore che infici la \u201cpulizia\u201d di queste attribuzioni e trasmetta una realt\u00e0 pi\u00f9 articolata \u2013 in cui responsabilit\u00e0 e colpe sono meno incasellabili e pi\u00f9 trasversali \u2013 <strong>deve essere espunta<\/strong> perch\u00e9 indebolisce la premessa <\/span><span style=\"color: #000000;\">ideologica.<\/span><\/p>\n<p style=\"text-align: center;\"><strong>Il fattore immigrazione<\/strong><\/p>\n<p style=\"text-align: justify;\"><span style=\"color: #000000;\"><img loading=\"lazy\" decoding=\"async\" class=\" wp-image-55447 alignleft\" src=\"https:\/\/www.rassegnastampa-totustuus.it\/cattolica\/wp-content\/uploads\/2023\/01\/islam_europa-300x168.jpg\" alt=\"\" width=\"391\" height=\"219\" srcset=\"https:\/\/www.rassegnastampa-totustuus.it\/cattolica\/wp-content\/uploads\/2023\/01\/islam_europa-300x168.jpg 300w, https:\/\/www.rassegnastampa-totustuus.it\/cattolica\/wp-content\/uploads\/2023\/01\/islam_europa.jpg 400w\" sizes=\"auto, (max-width: 391px) 100vw, 391px\" \/>Incidentalmente, nella statistica dei delitti passionali <strong>pesa sempre l\u2019immigrazione<\/strong>, che spesso \u00e8 legata a contesti culturali meno \u201csofisticati\u201d dove pi\u00f9 forti sono dinamiche di gelosia e di possesso. Le donne vittime straniere sono ormai <strong>pi\u00f9 di un quarto del totale<\/strong>, praticamente sempre uccise da partner anch\u2019essi stranieri.<\/span><\/p>\n<p style=\"text-align: justify;\"><span style=\"color: #000000;\">Cresce anche il numero di <strong>donne italiane uccise da partner stranieri<\/strong>, mentre resta sostanzialmente trascurabile il numero di donne straniere uccise da uomini italiani \u2013 cosa che dovrebbe far riflettere come sia risibile il fatto che da sinistra si sventoli il tema del \u201cfemminicidio\u201d in termini di colpevolizzazione del <em>\u201cmaschio borghese-conservatore\u201d<\/em>.<\/span><\/p>\n<p style=\"text-align: justify;\"><span style=\"color: #000000;\">In questo senso \u00e8 interessante anche notare che i delitti passionali contro le donne avvengono <strong>per la maggior parte nel Nord Italia<\/strong>, cosa che sarebbe difficile spiegare come prodotto della cultura conservatrice autoctona, considerando che il livello di emancipazione sociale e culturale delle donne \u00e8 sempre stato maggiore nel Settentrione \u2013 ma che potrebbe invece, pi\u00f9 ragionevolmente, correlarsi alla demografia dell\u2019immigrazione.<\/span><\/p>\n<p style=\"text-align: center;\"><span style=\"color: #000000;\"><strong>Basta strumentalizzazioni<\/strong><\/span><\/p>\n<p style=\"text-align: justify;\"><span style=\"color: #000000;\">I<img loading=\"lazy\" decoding=\"async\" class=\"size-medium wp-image-46855 alignright\" src=\"https:\/\/www.rassegnastampa-totustuus.it\/cattolica\/wp-content\/uploads\/2020\/04\/femminismo-300x212.png\" alt=\"\" width=\"300\" height=\"212\" srcset=\"https:\/\/www.rassegnastampa-totustuus.it\/cattolica\/wp-content\/uploads\/2020\/04\/femminismo-300x212.png 300w, https:\/\/www.rassegnastampa-totustuus.it\/cattolica\/wp-content\/uploads\/2020\/04\/femminismo-768x543.png 768w, https:\/\/www.rassegnastampa-totustuus.it\/cattolica\/wp-content\/uploads\/2020\/04\/femminismo-1024x724.png 1024w, https:\/\/www.rassegnastampa-totustuus.it\/cattolica\/wp-content\/uploads\/2020\/04\/femminismo.png 1300w\" sizes=\"auto, (max-width: 300px) 100vw, 300px\" \/>n definitiva, il <em>gap <\/em>tra numero di vittime femminili e maschili di delitti passionali \u00e8 basso. Sarebbe ancora un po\u2019 pi\u00f9 contenuto se limitassimo l\u2019osservazione alle coppie di cultura italiana. Certo continua ad essere vero che pi\u00f9 donne che uomini vengono uccisi in ambito relazionale, ma \u00e8 <strong>improprio<\/strong>, anche e soprattutto <strong>sul piano morale<\/strong>, montare su questo dato una campagna politica.<\/span><\/p>\n<p style=\"text-align: justify;\"><span style=\"color: #000000;\">La deviazione di genere sul numero di vittime di delitti passionali non \u00e8 maggiore dalla deviazione che questo o molti altri delitti possono avere in correlazione con <strong>altri parametri<\/strong>, come possono essere la condizione sociale, il livello culturale o l\u2019etnia.<\/span><\/p>\n<p style=\"text-align: justify;\"><span style=\"color: #000000;\">Non esiste nessun reato in Italia per cui fotografando i colpevoli o fotografando le vittime si abbia una perfetta rappresentazione statistica del Paese secondo qualsiasi indicatore demografico o sociale. Eppure, non sarebbe pensabile in nessun altro ambito che fosse <strong>istituzionalizzata una campagna<\/strong> \u2013 di tutti i telegiornali, di tutti gli <em>opinion makers<\/em>, di tutti i rappresentanti pubblici \u2013 per \u201cesaltare\u201d il fatto che un reato \u00e8 commesso da un certo \u201cgruppo\u201d ai danni di un altro \u201cgruppo\u201d.<\/span><\/p>\n<p style=\"text-align: justify;\"><span style=\"color: #000000;\"><img loading=\"lazy\" decoding=\"async\" class=\" wp-image-40838 alignleft\" src=\"https:\/\/www.rassegnastampa-totustuus.it\/cattolica\/wp-content\/uploads\/2018\/08\/carabinieri_arresto-300x168.jpg\" alt=\"\" width=\"336\" height=\"188\" \/>A fronte di statistiche che vedono <strong>gli immigrati pi\u00f9 spesso colpevoli<\/strong> di alcuni delitti contro cittadini italiani piuttosto che il contrario, potremmo mai pensare che all\u2019unisono dal <em>Tg1<\/em> a Sanremo, dai campi di calcio di Serie A, ai discorsi del presidente della Repubblica, risuonasse una campagna per mettere in guardia contro i <em>\u201creati contro gli italiani\u201d<\/em> o peggio ancora <em>\u201ccontro i bianchi\u201d<\/em>?<\/span><\/p>\n<p style=\"text-align: justify;\"><span style=\"color: #000000;\">Evidentemente no, per\u00f2 questo \u00e8 quello che tolleriamo avvenga ogni giorno quando si parla di \u201cviolenza contro le donne\u201d<\/span>.<\/p>\n<p style=\"text-align: center;\"><span style=\"color: #000000;\"><strong>Tutte le vite contano<\/strong><\/span><\/p>\n<p style=\"text-align: justify;\"><span style=\"color: #000000;\">Andiamo al dunque. Ogni omicidio \u00e8 una mostruosit\u00e0. Ogni persona in pericolo deve essere aiutata. Ma non possiamo pi\u00f9 accettare strumentalizzazioni politiche. Soprattutto non possiamo accettare che, per conformismo, opportunismo o sensazionalismo, si devii dal principio fondamentale secondo cui il bene e il male sono questioni umane, <strong>non questioni di genere<\/strong>.<\/span><\/p>\n<p style=\"text-align: justify;\"><span style=\"color: #000000;\"><img loading=\"lazy\" decoding=\"async\" class=\" wp-image-36102 alignright\" src=\"https:\/\/www.rassegnastampa-totustuus.it\/cattolica\/wp-content\/uploads\/2013\/03\/uomini_donne.jpg\" alt=\"\" width=\"338\" height=\"234\" \/>Non possiamo accettare n\u00e9 la <strong>colpevolizzazione collettiva del genere maschile<\/strong>, n\u00e9 tanto meno il fatto che le vittime maschili siano considerate implicitamente <em>\u201cdi serie B\u201d<\/em>.<\/span><\/p>\n<p style=\"text-align: justify;\"><span style=\"color: #000000;\">La decenza e il rispetto di ogni persona devono imporre di affrontare le tematiche afferenti alla giustizia con un approccio di individualismo metodologico, anzich\u00e9 avventurarsi nella pessima china delle semplificazioni secondo logiche \u201cdi gruppo\u201d e del <strong>populismo mediatico-giudiziario<\/strong>.<\/span><\/p>\n<p style=\"text-align: justify;\"><span style=\"color: #000000;\">Insomma, quello che dobbiamo rivendicare \u00e8 che <strong>tutte le vite contano<\/strong> \u2013 che <em>\u201call lives matter\u201d<\/em> come si direbbe in America nell\u2019ambito di un dibattito diverso ma in qualche misura parallelo. E il fatto che un\u2019affermazione che dovrebbe essere cos\u00ec pacifica, naturale e universale sia oggi sentita come <em>\u201cpoliticamente scorretta\u201d<\/em> e di \u201cpericolosamente di destra\u201d \u00e8 segno della gravit\u00e0 dei tempi che stiamo vivendo e dell\u2019impegno che sar\u00e0 necessario per cercare di raddrizzare la barra.<\/span><\/p>\n<p>________________________<\/p>\n<p>S<span style=\"color: #000000;\"><strong>ul femminicidio e su\u00a0 All lives matter per approfondire:<\/strong><\/span><\/p>\n<p><a href=\"https:\/\/www.rassegnastampa-totustuus.it\/cattolica\/femminicidio-i-dati-sulle-violenze-dicono-il-contrario\/\" target=\"_blank\" rel=\"noopener\"><span style=\"color: #0000ff;\">Femminicidio? I dati sulle violenze dicono il contrario<\/span><\/a><\/p>\n<p><a href=\"https:\/\/www.rassegnastampa-totustuus.it\/cattolica\/femminicidio-i-dati-di-un-allarme-inventato\/\" target=\"_blank\" rel=\"noopener\"><span style=\"color: #0000ff;\">Femminicidio. I dati di un allarme inventato<\/span><\/a><\/p>\n<p><strong><img loading=\"lazy\" decoding=\"async\" class=\"size-full wp-image-36994 alignleft\" src=\"https:\/\/www.rassegnastampa-totustuus.it\/cattolica\/wp-content\/uploads\/2017\/01\/femminicidio.jpg\" alt=\"\" width=\"296\" height=\"170\" \/>Abstract: <\/strong><em>il polverone sollevato dalle femministe e dalla galassia All liver matter sul &#8220;femminicidio&#8221; non ha ragione di essere. I dati mostrano che non c&#8217;\u00e8 alcuna emergenza. La violenza semmai \u00e8 in crescita tra gli immigrati ma su questo si preferisce glissare<\/em><\/p>\n<p><!--more--><\/p>\n<p><a href=\"https:\/\/www.nicolaporro.it\/atlanticoquotidiano\/\" target=\"_blank\" rel=\"noopener\"><strong>Atlantico <\/strong><\/a>7 Giugno 2023<strong> \u00a0<\/strong><\/p>\n<h3><strong>All lives matter: sul \u201cfemminicidio\u201d <\/strong><\/h3>\n<h3><strong>i dati smentiscono la narrazione<\/strong><\/h3>\n<p><em>Essere donna in Italia \u00e8 una delle condizioni pi\u00f9 sicure al mondo. E no, il numero di donne uccise non \u00e8 un \u201cindice di maschilismo\u201d, al contrario\u2026 Inaccettabile la colpevolizzazione collettiva del genere maschile<\/em><\/p>\n<p>di <strong>Marco Faraci<\/strong><\/p>\n<p>Il terribile omicidio compiuto pochi giorni fa a Senago, con l\u2019uccisione di <a href=\"https:\/\/www.rainews.it\/articoli\/2023\/06\/lomicidio-di-giulia-tramontano-e-in-corso-lautopsia-sul-corpo-della-donna-74f89116-6a8f-4862-a32a-140465089ef3.html\" target=\"_blank\" rel=\"noopener\"><strong>Giulia Tramontano<\/strong>,<\/a> una giovane donna in stato avanzato di gravidanza ad opera del compagno, ha scosso il Paese. Si tratta, evidentemente, di un atto dalla <strong>gigantesca brutalit\u00e0<\/strong> perpetrato, tra l\u2019altro, in modo premeditato e pianificato.<\/p>\n<p><img loading=\"lazy\" decoding=\"async\" class=\" wp-image-52631 alignleft\" src=\"https:\/\/www.rassegnastampa-totustuus.it\/cattolica\/wp-content\/uploads\/2021\/10\/Rosario_Livatino_omicidio.jpg\" alt=\"\" width=\"332\" height=\"221\" \/>La reazione umana ad un simile atto \u00e8 lo shock. \u00c8 la reazione normale di qualsiasi persona comune. Ma lo shock non \u00e8, invece, la reazione appropriata o il migliore consigliere per chi, attraverso l\u2019azione politica, divulgativa e culturale si trova ad osservare i fenomeni nella loro globalit\u00e0 e ad orientare leggi e scelte di indirizzo.<\/p>\n<p>Chi svolge quel tipo di ruolo <strong>non deve agire \u201cdi pancia\u201d<\/strong>, n\u00e9 cavalcare opportunisticamente le reazioni \u201cdi pancia\u201d. Deve invece basare il proprio modo di operare su ragionamenti razionali e su princ\u00ecpi, quali quelli dell\u2019uguaglianza tra i cittadini e del carattere individuale delle responsabilit\u00e0.<\/p>\n<p><strong>Forzatura concettuale <\/strong><\/p>\n<p>In questo senso, bisogna rigettare ogni tentativo di separare i cittadini in <strong>due categorie predefinite<\/strong>, una di potenziali colpevoli e una di potenziali vittime. Serve rifiutare la forzatura concettuale introdotta dalla parola <em>\u201cfemminicidio\u201d<\/em>, in quanto emanazione di una <strong>visione stereotipata e cristallizzata<\/strong> dei rapporti tra i sessi che concepisce la violenza e la prevaricazione in una sola direzione.<\/p>\n<p><img loading=\"lazy\" decoding=\"async\" class=\"wp-image-36840 alignright\" src=\"https:\/\/www.rassegnastampa-totustuus.it\/cattolica\/wp-content\/uploads\/2016\/12\/femminicidio.jpg\" alt=\"\" width=\"366\" height=\"214\" \/>Mettiamo subito i puntini sulle \u201ci\u201d. Gli uomini <strong>non sono dei carnefici<\/strong>. E le donne non sono \u201cin pericolo\u201d. I numeri parlano chiaro. Il numero di donne uccise in Italia \u00e8, fortunatamente, molto basso. Lo \u00e8 in numeri assoluti e lo \u00e8 in termini relativi rispetto al numero totale di vittime.<\/p>\n<p>L\u2019Italia \u00e8 il <strong>tra gli ultimi Paesi al mondo<\/strong> per tasso di donne uccise e le donne rappresentano solo una minoranza delle vittime di omicidio. Ogni quattro vittime donne in Italia, sono sei gli uomini che vengono ammazzati.<\/p>\n<p>Un numero \u201cmolto basso\u201d di donne uccise \u00e8 comunque \u201ctroppo\u201d? Certo, ma questo \u00e8 vero <strong>anche per le vittime maschili<\/strong> o, se si preferisce, per qualsiasi altro \u201cgruppo\u201d demografico o sociale su cui ci si voglia concentrare.<\/p>\n<p><strong>Cultura patriarcale<\/strong><\/p>\n<p>Il numero di donne uccise non \u00e8 aumentato nel tempo, anzi c\u2019\u00e8 una <strong>lieve tendenza alla riduzione<\/strong> negli anni. \u00c8 vero che tale riduzione \u00e8 meno marcata rispetto alla diminuzione di vittime maschili, che sono sempre state storicamente molte di pi\u00f9, ma la progressiva convergenza nel numero di vittime dei due sessi \u00e8 coerente con la <strong>modernizzazione della societ\u00e0<\/strong> ed \u00e8 un fenomeno osservato in tutti i Paesi occidentali in corrispondenza del raggiungimento di maggiori livelli di uguaglianza di genere.<\/p>\n<p><img loading=\"lazy\" decoding=\"async\" class=\" wp-image-37770 alignleft\" src=\"https:\/\/www.rassegnastampa-totustuus.it\/cattolica\/wp-content\/uploads\/2017\/05\/Famiglia_patriarcale.jpg\" alt=\"\" width=\"341\" height=\"227\" \/>Nei fatti, in maniera del tutto contraria ai luoghi comuni, il numero di donne uccise in un Paese non \u00e8 un \u201cindice di maschilismo\u201d. Anzi, in termini complessivi, la correlazione si presenta proprio in <strong>direzione opposta<\/strong>.<\/p>\n<p>Statisticamente i Paesi con cultura \u201cpatriarcale\/tradizionale\u201d hanno un basso tasso di omicidi di donne, perch\u00e9 le donne sono <strong>meno socialmente esposte<\/strong> degli uomini. Al contrario, nei Paesi con alto livello di sviluppo sociale e di emancipazione femminile (Norvegia, Finlandia, Islanda, etc.) le donne vengono uccise di pi\u00f9 \u2013 dove il \u201cdi pi\u00f9\u201d vuol dire semplicemente <em>\u201ctanto quanto gli uomini\u201d<\/em>.<\/p>\n<p>Dati alla mano, possiamo dire, in termini generali, che essere donna oggi in un Paese come l\u2019Italia \u00e8 <strong>una delle condizioni pi\u00f9 sicure<\/strong> in cui ci si possa trovare al mondo.<\/p>\n<p><strong>Delitti passionali<\/strong><\/p>\n<p>Esiste, certo, una specifica categoria di delitti in cui le donne sono pi\u00f9 spesso vittime rispetto agli uomini, quella dei <strong>delitti passionali<\/strong> \u2013 ed \u00e8 in effetti questa la tipologia di delitti che il dibattito <em>mainstream<\/em> cerca di inquadrare come <em>\u201coppressione di genere\u201d<\/em>.<\/p>\n<p>Vediamo allora qualche numero. Nel 2022 sono state uccise, in ambito familiare-affettivo, 102 donne contro 37 uomini. Si tratta di numeri diversi, ma non <em>\u201cspaventosamente\u201d<\/em> diversi. In altre parole, ci troviamo in una situazione in cui la \u201ccomunicazione pubblica\u201d da tempo tratta come se fosse un rapporto \u201cuno a mille\u201d, quello che \u00e8 un rapporto \u201cuno a tre\u201d. Questo vuol dire solo <strong>svilire ed offendere i cittadini di sesso maschile<\/strong> che sono vittime di violenza.<\/p>\n<p><strong>Il controllo della narrazione<\/strong><\/p>\n<p><img loading=\"lazy\" decoding=\"async\" class=\"wp-image-31798 alignright\" src=\"https:\/\/www.rassegnastampa-totustuus.it\/cattolica\/wp-content\/uploads\/2016\/03\/femminicidio.jpg\" alt=\"\" width=\"327\" height=\"217\" \/>Il vero problema \u00e8 che, dietro al conio della parola <em>\u201cfemminicidio\u201d<\/em>, c\u2019\u00e8 anche un obiettivo che va oltre la questione sempre e comunque grave della violenza passionale \u2013 quello di arruolare questo tema ad una <strong>pi\u00f9 ampia campagna \u201cfemminista\u201d<\/strong>.<\/p>\n<p>In questo senso \u00e8 evidente come al <em>mainstream<\/em> politico, culturale e mediatico non interessi riportare la questione della violenza nella sua interezza, quanto piuttosto <strong>creare \u201cnarrazioni\u201d<\/strong> che per essere \u201cfunzionali\u201d devono far s\u00ec di attribuire in maniera stabile e facilmente identificabile le categorie di \u201coppresso\u201d e \u201coppressore\u201d, di \u201cvittima\u201d e \u201ccarnefice\u201d.<\/p>\n<p>Ogni informazione ulteriore che infici la \u201cpulizia\u201d di queste attribuzioni e trasmetta una realt\u00e0 pi\u00f9 articolata \u2013 in cui responsabilit\u00e0 e colpe sono meno incasellabili e pi\u00f9 trasversali \u2013 <strong>deve essere espunta<\/strong> perch\u00e9 indebolisce la premessa ideologica.<\/p>\n<p><strong>Il fattore immigrazione<\/strong><\/p>\n<p><img loading=\"lazy\" decoding=\"async\" class=\" wp-image-55447 alignleft\" src=\"https:\/\/www.rassegnastampa-totustuus.it\/cattolica\/wp-content\/uploads\/2023\/01\/islam_europa-300x168.jpg\" alt=\"\" width=\"391\" height=\"219\" srcset=\"https:\/\/www.rassegnastampa-totustuus.it\/cattolica\/wp-content\/uploads\/2023\/01\/islam_europa-300x168.jpg 300w, https:\/\/www.rassegnastampa-totustuus.it\/cattolica\/wp-content\/uploads\/2023\/01\/islam_europa.jpg 400w\" sizes=\"auto, (max-width: 391px) 100vw, 391px\" \/>Incidentalmente, nella statistica dei delitti passionali <strong>pesa sempre l\u2019immigrazione<\/strong>, che spesso \u00e8 legata a contesti culturali meno \u201csofisticati\u201d dove pi\u00f9 forti sono dinamiche di gelosia e di possesso. Le donne vittime straniere sono ormai <strong>pi\u00f9 di un quarto del totale<\/strong>, praticamente sempre uccise da partner anch\u2019essi stranieri.<\/p>\n<p>Cresce anche il numero di <strong>donne italiane uccise da partner stranieri<\/strong>, mentre resta sostanzialmente trascurabile il numero di donne straniere uccise da uomini italiani \u2013 cosa che dovrebbe far riflettere come sia risibile il fatto che da sinistra si sventoli il tema del \u201cfemminicidio\u201d in termini di colpevolizzazione del <em>\u201cmaschio borghese-conservatore\u201d<\/em>.<\/p>\n<p>In questo senso \u00e8 interessante anche notare che i delitti passionali contro le donne avvengono <strong>per la maggior parte nel Nord Italia<\/strong>, cosa che sarebbe difficile spiegare come prodotto della cultura conservatrice autoctona, considerando che il livello di emancipazione sociale e culturale delle donne \u00e8 sempre stato maggiore nel Settentrione \u2013 ma che potrebbe invece, pi\u00f9 ragionevolmente, correlarsi alla demografia dell\u2019immigrazione.<\/p>\n<p><strong>Basta strumentalizzazioni<\/strong><\/p>\n<p>I<img loading=\"lazy\" decoding=\"async\" class=\"size-medium wp-image-46855 alignright\" src=\"https:\/\/www.rassegnastampa-totustuus.it\/cattolica\/wp-content\/uploads\/2020\/04\/femminismo-300x212.png\" alt=\"\" width=\"300\" height=\"212\" srcset=\"https:\/\/www.rassegnastampa-totustuus.it\/cattolica\/wp-content\/uploads\/2020\/04\/femminismo-300x212.png 300w, https:\/\/www.rassegnastampa-totustuus.it\/cattolica\/wp-content\/uploads\/2020\/04\/femminismo-768x543.png 768w, https:\/\/www.rassegnastampa-totustuus.it\/cattolica\/wp-content\/uploads\/2020\/04\/femminismo-1024x724.png 1024w, https:\/\/www.rassegnastampa-totustuus.it\/cattolica\/wp-content\/uploads\/2020\/04\/femminismo.png 1300w\" sizes=\"auto, (max-width: 300px) 100vw, 300px\" \/>n definitiva, il <em>gap <\/em>tra numero di vittime femminili e maschili di delitti passionali \u00e8 basso. Sarebbe ancora un po\u2019 pi\u00f9 contenuto se limitassimo l\u2019osservazione alle coppie di cultura italiana. Certo continua ad essere vero che pi\u00f9 donne che uomini vengono uccisi in ambito relazionale, ma \u00e8 <strong>improprio<\/strong>, anche e soprattutto <strong>sul piano morale<\/strong>, montare su questo dato una campagna politica.<\/p>\n<p>La deviazione di genere sul numero di vittime di delitti passionali non \u00e8 maggiore dalla deviazione che questo o molti altri delitti possono avere in correlazione con <strong>altri parametri<\/strong>, come possono essere la condizione sociale, il livello culturale o l\u2019etnia.<\/p>\n<p>Non esiste nessun reato in Italia per cui fotografando i colpevoli o fotografando le vittime si abbia una perfetta rappresentazione statistica del Paese secondo qualsiasi indicatore demografico o sociale. Eppure, non sarebbe pensabile in nessun altro ambito che fosse <strong>istituzionalizzata una campagna<\/strong> \u2013 di tutti i telegiornali, di tutti gli <em>opinion makers<\/em>, di tutti i rappresentanti pubblici \u2013 per \u201cesaltare\u201d il fatto che un reato \u00e8 commesso da un certo \u201cgruppo\u201d ai danni di un altro \u201cgruppo\u201d.<\/p>\n<p><img loading=\"lazy\" decoding=\"async\" class=\" wp-image-40838 alignleft\" src=\"https:\/\/www.rassegnastampa-totustuus.it\/cattolica\/wp-content\/uploads\/2018\/08\/carabinieri_arresto-300x168.jpg\" alt=\"\" width=\"336\" height=\"188\" \/>A fronte di statistiche che vedono <strong>gli immigrati pi\u00f9 spesso colpevoli<\/strong> di alcuni delitti contro cittadini italiani piuttosto che il contrario, potremmo mai pensare che all\u2019unisono dal <em>Tg1<\/em> a Sanremo, dai campi di calcio di Serie A, ai discorsi del presidente della Repubblica, risuonasse una campagna per mettere in guardia contro i <em>\u201creati contro gli italiani\u201d<\/em> o peggio ancora <em>\u201ccontro i bianchi\u201d<\/em>?<\/p>\n<p>Evidentemente no, per\u00f2 questo \u00e8 quello che tolleriamo avvenga ogni giorno quando si parla di \u201cviolenza contro le donne\u201d.<\/p>\n<p><strong>Tutte le vite contano<\/strong><\/p>\n<p>Andiamo al dunque. Ogni omicidio \u00e8 una mostruosit\u00e0. Ogni persona in pericolo deve essere aiutata. Ma non possiamo pi\u00f9 accettare strumentalizzazioni politiche. Soprattutto non possiamo accettare che, per conformismo, opportunismo o sensazionalismo, si devii dal principio fondamentale secondo cui il bene e il male sono questioni umane, <strong>non questioni di genere<\/strong>.<\/p>\n<p><img loading=\"lazy\" decoding=\"async\" class=\" wp-image-36102 alignright\" src=\"https:\/\/www.rassegnastampa-totustuus.it\/cattolica\/wp-content\/uploads\/2013\/03\/uomini_donne.jpg\" alt=\"\" width=\"338\" height=\"234\" \/>Non possiamo accettare n\u00e9 la <strong>colpevolizzazione collettiva del genere maschile<\/strong>, n\u00e9 tanto meno il fatto che le vittime maschili siano considerate implicitamente <em>\u201cdi serie B\u201d<\/em>.<\/p>\n<p>La decenza e il rispetto di ogni persona devono imporre di affrontare le tematiche afferenti alla giustizia con un approccio di individualismo metodologico, anzich\u00e9 avventurarsi nella pessima china delle semplificazioni secondo logiche \u201cdi gruppo\u201d e del <strong>populismo mediatico-giudiziario<\/strong>.<\/p>\n<p>Insomma, quello che dobbiamo rivendicare \u00e8 che <strong>tutte le vite contano<\/strong> \u2013 che <em>\u201call lives matter\u201d<\/em> come si direbbe in America nell\u2019ambito di un dibattito diverso ma in qualche misura parallelo. E il fatto che un\u2019affermazione che dovrebbe essere cos\u00ec pacifica, naturale e universale sia oggi sentita come <em>\u201cpoliticamente scorretta\u201d<\/em> e di \u201cpericolosamente di destra\u201d \u00e8 segno della gravit\u00e0 dei tempi che stiamo vivendo e dell\u2019impegno che sar\u00e0 necessario per cercare di raddrizzare la barra.<\/p>\n<p>________________________<\/p>\n<p>S<strong>ul femminicidio e su\u00a0 All lives matter per approfondire:<\/strong><\/p>\n<p><a href=\"https:\/\/www.rassegnastampa-totustuus.it\/cattolica\/femminicidio-i-dati-sulle-violenze-dicono-il-contrario\/\" target=\"_blank\" rel=\"noopener\">Femminicidio? I dati sulle violenze dicono il contrario<\/a><\/p>\n<p><a href=\"https:\/\/www.rassegnastampa-totustuus.it\/cattolica\/femminicidio-i-dati-di-un-allarme-inventato\/\" target=\"_blank\" rel=\"noopener\">Femminicidio. I dati di un allarme inventato<\/a><\/p>\n<p><strong><img loading=\"lazy\" decoding=\"async\" class=\"size-full wp-image-36994 alignleft\" src=\"https:\/\/www.rassegnastampa-totustuus.it\/cattolica\/wp-content\/uploads\/2017\/01\/femminicidio.jpg\" alt=\"\" width=\"296\" height=\"170\" \/>Abstract: <\/strong><em>il polverone sollevato dalle femministe e dalla galassia All liver matter sul &#8220;femminicidio&#8221; non ha ragione di essere. I dati mostrano che non c&#8217;\u00e8 alcuna emergenza. La violenza semmai \u00e8 in crescita tra gli immigrati ma su questo si preferisce glissare<\/em><\/p>\n<p><!--more--><\/p>\n<p><a href=\"https:\/\/www.nicolaporro.it\/atlanticoquotidiano\/\" target=\"_blank\" rel=\"noopener\"><strong>Atlantico <\/strong><\/a>7 Giugno 2023<strong> \u00a0<\/strong><\/p>\n<h3><strong>All lives matter: sul \u201cfemminicidio\u201d <\/strong><\/h3>\n<h3><strong>i dati smentiscono la narrazione<\/strong><\/h3>\n<p><em>Essere donna in Italia \u00e8 una delle condizioni pi\u00f9 sicure al mondo. E no, il numero di donne uccise non \u00e8 un \u201cindice di maschilismo\u201d, al contrario\u2026 Inaccettabile la colpevolizzazione collettiva del genere maschile<\/em><\/p>\n<p>di <strong>Marco Faraci<\/strong><\/p>\n<p>Il terribile omicidio compiuto pochi giorni fa a Senago, con l\u2019uccisione di <a href=\"https:\/\/www.rainews.it\/articoli\/2023\/06\/lomicidio-di-giulia-tramontano-e-in-corso-lautopsia-sul-corpo-della-donna-74f89116-6a8f-4862-a32a-140465089ef3.html\" target=\"_blank\" rel=\"noopener\"><strong>Giulia Tramontano<\/strong>,<\/a> una giovane donna in stato avanzato di gravidanza ad opera del compagno, ha scosso il Paese. Si tratta, evidentemente, di un atto dalla <strong>gigantesca brutalit\u00e0<\/strong> perpetrato, tra l\u2019altro, in modo premeditato e pianificato.<\/p>\n<p><img loading=\"lazy\" decoding=\"async\" class=\" wp-image-52631 alignleft\" src=\"https:\/\/www.rassegnastampa-totustuus.it\/cattolica\/wp-content\/uploads\/2021\/10\/Rosario_Livatino_omicidio.jpg\" alt=\"\" width=\"332\" height=\"221\" \/>La reazione umana ad un simile atto \u00e8 lo shock. \u00c8 la reazione normale di qualsiasi persona comune. Ma lo shock non \u00e8, invece, la reazione appropriata o il migliore consigliere per chi, attraverso l\u2019azione politica, divulgativa e culturale si trova ad osservare i fenomeni nella loro globalit\u00e0 e ad orientare leggi e scelte di indirizzo.<\/p>\n<p>Chi svolge quel tipo di ruolo <strong>non deve agire \u201cdi pancia\u201d<\/strong>, n\u00e9 cavalcare opportunisticamente le reazioni \u201cdi pancia\u201d. Deve invece basare il proprio modo di operare su ragionamenti razionali e su princ\u00ecpi, quali quelli dell\u2019uguaglianza tra i cittadini e del carattere individuale delle responsabilit\u00e0.<\/p>\n<p><strong>Forzatura concettuale <\/strong><\/p>\n<p>In questo senso, bisogna rigettare ogni tentativo di separare i cittadini in <strong>due categorie predefinite<\/strong>, una di potenziali colpevoli e una di potenziali vittime. Serve rifiutare la forzatura concettuale introdotta dalla parola <em>\u201cfemminicidio\u201d<\/em>, in quanto emanazione di una <strong>visione stereotipata e cristallizzata<\/strong> dei rapporti tra i sessi che concepisce la violenza e la prevaricazione in una sola direzione.<\/p>\n<p><img loading=\"lazy\" decoding=\"async\" class=\"wp-image-36840 alignright\" src=\"https:\/\/www.rassegnastampa-totustuus.it\/cattolica\/wp-content\/uploads\/2016\/12\/femminicidio.jpg\" alt=\"\" width=\"366\" height=\"214\" \/>Mettiamo subito i puntini sulle \u201ci\u201d. Gli uomini <strong>non sono dei carnefici<\/strong>. E le donne non sono \u201cin pericolo\u201d. I numeri parlano chiaro. Il numero di donne uccise in Italia \u00e8, fortunatamente, molto basso. Lo \u00e8 in numeri assoluti e lo \u00e8 in termini relativi rispetto al numero totale di vittime.<\/p>\n<p>L\u2019Italia \u00e8 il <strong>tra gli ultimi Paesi al mondo<\/strong> per tasso di donne uccise e le donne rappresentano solo una minoranza delle vittime di omicidio. Ogni quattro vittime donne in Italia, sono sei gli uomini che vengono ammazzati.<\/p>\n<p>Un numero \u201cmolto basso\u201d di donne uccise \u00e8 comunque \u201ctroppo\u201d? Certo, ma questo \u00e8 vero <strong>anche per le vittime maschili<\/strong> o, se si preferisce, per qualsiasi altro \u201cgruppo\u201d demografico o sociale su cui ci si voglia concentrare.<\/p>\n<p><strong>Cultura patriarcale<\/strong><\/p>\n<p>Il numero di donne uccise non \u00e8 aumentato nel tempo, anzi c\u2019\u00e8 una <strong>lieve tendenza alla riduzione<\/strong> negli anni. \u00c8 vero che tale riduzione \u00e8 meno marcata rispetto alla diminuzione di vittime maschili, che sono sempre state storicamente molte di pi\u00f9, ma la progressiva convergenza nel numero di vittime dei due sessi \u00e8 coerente con la <strong>modernizzazione della societ\u00e0<\/strong> ed \u00e8 un fenomeno osservato in tutti i Paesi occidentali in corrispondenza del raggiungimento di maggiori livelli di uguaglianza di genere.<\/p>\n<p><img loading=\"lazy\" decoding=\"async\" class=\" wp-image-37770 alignleft\" src=\"https:\/\/www.rassegnastampa-totustuus.it\/cattolica\/wp-content\/uploads\/2017\/05\/Famiglia_patriarcale.jpg\" alt=\"\" width=\"341\" height=\"227\" \/>Nei fatti, in maniera del tutto contraria ai luoghi comuni, il numero di donne uccise in un Paese non \u00e8 un \u201cindice di maschilismo\u201d. Anzi, in termini complessivi, la correlazione si presenta proprio in <strong>direzione opposta<\/strong>.<\/p>\n<p>Statisticamente i Paesi con cultura \u201cpatriarcale\/tradizionale\u201d hanno un basso tasso di omicidi di donne, perch\u00e9 le donne sono <strong>meno socialmente esposte<\/strong> degli uomini. Al contrario, nei Paesi con alto livello di sviluppo sociale e di emancipazione femminile (Norvegia, Finlandia, Islanda, etc.) le donne vengono uccise di pi\u00f9 \u2013 dove il \u201cdi pi\u00f9\u201d vuol dire semplicemente <em>\u201ctanto quanto gli uomini\u201d<\/em>.<\/p>\n<p>Dati alla mano, possiamo dire, in termini generali, che essere donna oggi in un Paese come l\u2019Italia \u00e8 <strong>una delle condizioni pi\u00f9 sicure<\/strong> in cui ci si possa trovare al mondo.<\/p>\n<p><strong>Delitti passionali<\/strong><\/p>\n<p>Esiste, certo, una specifica categoria di delitti in cui le donne sono pi\u00f9 spesso vittime rispetto agli uomini, quella dei <strong>delitti passionali<\/strong> \u2013 ed \u00e8 in effetti questa la tipologia di delitti che il dibattito <em>mainstream<\/em> cerca di inquadrare come <em>\u201coppressione di genere\u201d<\/em>.<\/p>\n<p>Vediamo allora qualche numero. Nel 2022 sono state uccise, in ambito familiare-affettivo, 102 donne contro 37 uomini. Si tratta di numeri diversi, ma non <em>\u201cspaventosamente\u201d<\/em> diversi. In altre parole, ci troviamo in una situazione in cui la \u201ccomunicazione pubblica\u201d da tempo tratta come se fosse un rapporto \u201cuno a mille\u201d, quello che \u00e8 un rapporto \u201cuno a tre\u201d. Questo vuol dire solo <strong>svilire ed offendere i cittadini di sesso maschile<\/strong> che sono vittime di violenza.<\/p>\n<p><strong>Il controllo della narrazione<\/strong><\/p>\n<p><img loading=\"lazy\" decoding=\"async\" class=\"wp-image-31798 alignright\" src=\"https:\/\/www.rassegnastampa-totustuus.it\/cattolica\/wp-content\/uploads\/2016\/03\/femminicidio.jpg\" alt=\"\" width=\"327\" height=\"217\" \/>Il vero problema \u00e8 che, dietro al conio della parola <em>\u201cfemminicidio\u201d<\/em>, c\u2019\u00e8 anche un obiettivo che va oltre la questione sempre e comunque grave della violenza passionale \u2013 quello di arruolare questo tema ad una <strong>pi\u00f9 ampia campagna \u201cfemminista\u201d<\/strong>.<\/p>\n<p>In questo senso \u00e8 evidente come al <em>mainstream<\/em> politico, culturale e mediatico non interessi riportare la questione della violenza nella sua interezza, quanto piuttosto <strong>creare \u201cnarrazioni\u201d<\/strong> che per essere \u201cfunzionali\u201d devono far s\u00ec di attribuire in maniera stabile e facilmente identificabile le categorie di \u201coppresso\u201d e \u201coppressore\u201d, di \u201cvittima\u201d e \u201ccarnefice\u201d.<\/p>\n<p>Ogni informazione ulteriore che infici la \u201cpulizia\u201d di queste attribuzioni e trasmetta una realt\u00e0 pi\u00f9 articolata \u2013 in cui responsabilit\u00e0 e colpe sono meno incasellabili e pi\u00f9 trasversali \u2013 <strong>deve essere espunta<\/strong> perch\u00e9 indebolisce la premessa ideologica.<\/p>\n<p><strong>Il fattore immigrazione<\/strong><\/p>\n<p><img loading=\"lazy\" decoding=\"async\" class=\" wp-image-55447 alignleft\" src=\"https:\/\/www.rassegnastampa-totustuus.it\/cattolica\/wp-content\/uploads\/2023\/01\/islam_europa-300x168.jpg\" alt=\"\" width=\"391\" height=\"219\" srcset=\"https:\/\/www.rassegnastampa-totustuus.it\/cattolica\/wp-content\/uploads\/2023\/01\/islam_europa-300x168.jpg 300w, https:\/\/www.rassegnastampa-totustuus.it\/cattolica\/wp-content\/uploads\/2023\/01\/islam_europa.jpg 400w\" sizes=\"auto, (max-width: 391px) 100vw, 391px\" \/>Incidentalmente, nella statistica dei delitti passionali <strong>pesa sempre l\u2019immigrazione<\/strong>, che spesso \u00e8 legata a contesti culturali meno \u201csofisticati\u201d dove pi\u00f9 forti sono dinamiche di gelosia e di possesso. Le donne vittime straniere sono ormai <strong>pi\u00f9 di un quarto del totale<\/strong>, praticamente sempre uccise da partner anch\u2019essi stranieri.<\/p>\n<p>Cresce anche il numero di <strong>donne italiane uccise da partner stranieri<\/strong>, mentre resta sostanzialmente trascurabile il numero di donne straniere uccise da uomini italiani \u2013 cosa che dovrebbe far riflettere come sia risibile il fatto che da sinistra si sventoli il tema del \u201cfemminicidio\u201d in termini di colpevolizzazione del <em>\u201cmaschio borghese-conservatore\u201d<\/em>.<\/p>\n<p>In questo senso \u00e8 interessante anche notare che i delitti passionali contro le donne avvengono <strong>per la maggior parte nel Nord Italia<\/strong>, cosa che sarebbe difficile spiegare come prodotto della cultura conservatrice autoctona, considerando che il livello di emancipazione sociale e culturale delle donne \u00e8 sempre stato maggiore nel Settentrione \u2013 ma che potrebbe invece, pi\u00f9 ragionevolmente, correlarsi alla demografia dell\u2019immigrazione.<\/p>\n<p><strong>Basta strumentalizzazioni<\/strong><\/p>\n<p>I<img loading=\"lazy\" decoding=\"async\" class=\"size-medium wp-image-46855 alignright\" src=\"https:\/\/www.rassegnastampa-totustuus.it\/cattolica\/wp-content\/uploads\/2020\/04\/femminismo-300x212.png\" alt=\"\" width=\"300\" height=\"212\" srcset=\"https:\/\/www.rassegnastampa-totustuus.it\/cattolica\/wp-content\/uploads\/2020\/04\/femminismo-300x212.png 300w, https:\/\/www.rassegnastampa-totustuus.it\/cattolica\/wp-content\/uploads\/2020\/04\/femminismo-768x543.png 768w, https:\/\/www.rassegnastampa-totustuus.it\/cattolica\/wp-content\/uploads\/2020\/04\/femminismo-1024x724.png 1024w, https:\/\/www.rassegnastampa-totustuus.it\/cattolica\/wp-content\/uploads\/2020\/04\/femminismo.png 1300w\" sizes=\"auto, (max-width: 300px) 100vw, 300px\" \/>n definitiva, il <em>gap <\/em>tra numero di vittime femminili e maschili di delitti passionali \u00e8 basso. Sarebbe ancora un po\u2019 pi\u00f9 contenuto se limitassimo l\u2019osservazione alle coppie di cultura italiana. Certo continua ad essere vero che pi\u00f9 donne che uomini vengono uccisi in ambito relazionale, ma \u00e8 <strong>improprio<\/strong>, anche e soprattutto <strong>sul piano morale<\/strong>, montare su questo dato una campagna politica.<\/p>\n<p>La deviazione di genere sul numero di vittime di delitti passionali non \u00e8 maggiore dalla deviazione che questo o molti altri delitti possono avere in correlazione con <strong>altri parametri<\/strong>, come possono essere la condizione sociale, il livello culturale o l\u2019etnia.<\/p>\n<p>Non esiste nessun reato in Italia per cui fotografando i colpevoli o fotografando le vittime si abbia una perfetta rappresentazione statistica del Paese secondo qualsiasi indicatore demografico o sociale. Eppure, non sarebbe pensabile in nessun altro ambito che fosse <strong>istituzionalizzata una campagna<\/strong> \u2013 di tutti i telegiornali, di tutti gli <em>opinion makers<\/em>, di tutti i rappresentanti pubblici \u2013 per \u201cesaltare\u201d il fatto che un reato \u00e8 commesso da un certo \u201cgruppo\u201d ai danni di un altro \u201cgruppo\u201d.<\/p>\n<p><img loading=\"lazy\" decoding=\"async\" class=\" wp-image-40838 alignleft\" src=\"https:\/\/www.rassegnastampa-totustuus.it\/cattolica\/wp-content\/uploads\/2018\/08\/carabinieri_arresto-300x168.jpg\" alt=\"\" width=\"336\" height=\"188\" \/>A fronte di statistiche che vedono <strong>gli immigrati pi\u00f9 spesso colpevoli<\/strong> di alcuni delitti contro cittadini italiani piuttosto che il contrario, potremmo mai pensare che all\u2019unisono dal <em>Tg1<\/em> a Sanremo, dai campi di calcio di Serie A, ai discorsi del presidente della Repubblica, risuonasse una campagna per mettere in guardia contro i <em>\u201creati contro gli italiani\u201d<\/em> o peggio ancora <em>\u201ccontro i bianchi\u201d<\/em>?<\/p>\n<p>Evidentemente no, per\u00f2 questo \u00e8 quello che tolleriamo avvenga ogni giorno quando si parla di \u201cviolenza contro le donne\u201d.<\/p>\n<p><strong>Tutte le vite contano<\/strong><\/p>\n<p>Andiamo al dunque. Ogni omicidio \u00e8 una mostruosit\u00e0. Ogni persona in pericolo deve essere aiutata. Ma non possiamo pi\u00f9 accettare strumentalizzazioni politiche. Soprattutto non possiamo accettare che, per conformismo, opportunismo o sensazionalismo, si devii dal principio fondamentale secondo cui il bene e il male sono questioni umane, <strong>non questioni di genere<\/strong>.<\/p>\n<p><img loading=\"lazy\" decoding=\"async\" class=\" wp-image-36102 alignright\" src=\"https:\/\/www.rassegnastampa-totustuus.it\/cattolica\/wp-content\/uploads\/2013\/03\/uomini_donne.jpg\" alt=\"\" width=\"338\" height=\"234\" \/>Non possiamo accettare n\u00e9 la <strong>colpevolizzazione collettiva del genere maschile<\/strong>, n\u00e9 tanto meno il fatto che le vittime maschili siano considerate implicitamente <em>\u201cdi serie B\u201d<\/em>.<\/p>\n<p>La decenza e il rispetto di ogni persona devono imporre di affrontare le tematiche afferenti alla giustizia con un approccio di individualismo metodologico, anzich\u00e9 avventurarsi nella pessima china delle semplificazioni secondo logiche \u201cdi gruppo\u201d e del <strong>populismo mediatico-giudiziario<\/strong>.<\/p>\n<p>Insomma, quello che dobbiamo rivendicare \u00e8 che <strong>tutte le vite contano<\/strong> \u2013 che <em>\u201call lives matter\u201d<\/em> come si direbbe in America nell\u2019ambito di un dibattito diverso ma in qualche misura parallelo. E il fatto che un\u2019affermazione che dovrebbe essere cos\u00ec pacifica, naturale e universale sia oggi sentita come <em>\u201cpoliticamente scorretta\u201d<\/em> e di \u201cpericolosamente di destra\u201d \u00e8 segno della gravit\u00e0 dei tempi che stiamo vivendo e dell\u2019impegno che sar\u00e0 necessario per cercare di raddrizzare la barra.<\/p>\n<p>________________________<\/p>\n<p>S<strong>ul femminicidio e su\u00a0 All lives matter per approfondire:<\/strong><\/p>\n<p><a href=\"https:\/\/www.rassegnastampa-totustuus.it\/cattolica\/femminicidio-i-dati-sulle-violenze-dicono-il-contrario\/\" target=\"_blank\" rel=\"noopener\">Femminicidio? I dati sulle violenze dicono il contrario<\/a><\/p>\n<p><a href=\"https:\/\/www.rassegnastampa-totustuus.it\/cattolica\/femminicidio-i-dati-di-un-allarme-inventato\/\" target=\"_blank\" rel=\"noopener\">Femminicidio. I dati di un allarme inventato<\/a><\/p>\n<p><span style=\"color: #0000ff;\"><a style=\"color: #0000ff;\" href=\"https:\/\/www.rassegnastampa-totustuus.it\/cattolica\/femminicidio-ma-gli-uomini-uccisi-sono-di-pi\/\" target=\"_blank\" rel=\"noopener\">Femminicidio, ma gli uomini uccisi sono di pi\u00f9<\/a><\/span><\/p>\n<p><span style=\"color: #0000ff;\"><a style=\"color: #0000ff;\" href=\"https:\/\/www.rassegnastampa-totustuus.it\/cattolica\/femminicidio-invenzione-di-regime\/\" target=\"_blank\" rel=\"noopener\">Femminicidio invenzione di regime<\/a><\/span><\/p>\n<p><span style=\"color: #0000ff;\"><a href=\"https:\/\/www.rassegnastampa-totustuus.it\/cattolica\/perche-black-lives-matter-sbaglia-e-promuovera-una-rivoluzione-per-distruggere-lamerica\/\" target=\"_blank\" rel=\"noopener\">Perch\u00e9 Black lives matter sbaglia e promuover\u00e0 una rivoluzione per distruggere l\u2019America<\/a><\/span><\/p>\n\n\n<p><\/p>\n","protected":false},"excerpt":{"rendered":"<p>Abstract: il polverone sollevato dalle femministe e dalla galassia All liver matter sul &#8220;femminicidio&#8221; non ha ragione di essere. I dati mostrano che non c&#8217;\u00e8 alcuna emergenza e che essere donna in Italia \u00e8 una delle condizioni pi\u00f9 sicure al mondo. La violenza semmai \u00e8 in crescita tra gli immigrati ma su questo si preferisce &hellip; <\/p>\n<p><a class=\"more-link btn\" href=\"https:\/\/www.rassegnastampa-totustuus.it\/cattolica\/all-lives-matter-sul-femminicidio-i-dati-smentiscono-la-narrazione\/\">Continua a leggere<\/a><\/p>\n","protected":false},"author":6,"featured_media":31027,"comment_status":"closed","ping_status":"closed","sticky":false,"template":"","format":"standard","meta":{"footnotes":""},"categories":[7,2943],"tags":[304,340,255,1231],"class_list":["post-56586","post","type-post","status-publish","format-standard","has-post-thumbnail","hentry","category-costume","category-sinistre","tag-costume-2","tag-femminicidio","tag-femminismo","tag-sinistre","item-wrap"],"yoast_head":"<!-- This site is optimized with the Yoast SEO plugin v27.5 - https:\/\/yoast.com\/product\/yoast-seo-wordpress\/ -->\n<title>All lives matter e femminismo, sul \u201cfemminicidio\u201d un abbaglio - Rassegna Stampa Cattolica<\/title>\n<meta name=\"description\" content=\"All lives matter e femminismo sul \u201cfemminicidio\u201d mentono. I dati smentiscono la narrazione. Non c&#039;\u00e8 alcuna evidente emergenza\" \/>\n<meta name=\"robots\" content=\"index, follow, max-snippet:-1, max-image-preview:large, max-video-preview:-1\" \/>\n<link rel=\"canonical\" href=\"https:\/\/www.rassegnastampa-totustuus.it\/cattolica\/all-lives-matter-sul-femminicidio-i-dati-smentiscono-la-narrazione\/\" \/>\n<meta property=\"og:locale\" content=\"it_IT\" \/>\n<meta property=\"og:type\" content=\"article\" \/>\n<meta property=\"og:title\" content=\"All lives matter e femminismo, sul \u201cfemminicidio\u201d un abbaglio - Rassegna Stampa Cattolica\" \/>\n<meta property=\"og:description\" content=\"All lives matter e femminismo sul \u201cfemminicidio\u201d mentono. I dati smentiscono la narrazione. Non c&#039;\u00e8 alcuna evidente emergenza\" \/>\n<meta property=\"og:url\" content=\"https:\/\/www.rassegnastampa-totustuus.it\/cattolica\/all-lives-matter-sul-femminicidio-i-dati-smentiscono-la-narrazione\/\" \/>\n<meta property=\"og:site_name\" content=\"Rassegna Stampa Cattolica\" \/>\n<meta property=\"article:publisher\" content=\"https:\/\/www.facebook.com\/rassegnastampacattolica\" \/>\n<meta property=\"article:published_time\" content=\"2023-06-14T22:00:00+00:00\" \/>\n<meta property=\"article:modified_time\" content=\"2024-01-04T16:24:45+00:00\" \/>\n<meta property=\"og:image\" content=\"https:\/\/www.rassegnastampa-totustuus.it\/cattolica\/wp-content\/uploads\/2013\/10\/femminicidio.jpg\" \/>\n\t<meta property=\"og:image:width\" content=\"296\" \/>\n\t<meta property=\"og:image:height\" content=\"170\" \/>\n\t<meta property=\"og:image:type\" content=\"image\/jpeg\" \/>\n<meta name=\"author\" content=\"Redazione\" \/>\n<meta name=\"twitter:card\" content=\"summary_large_image\" \/>\n<meta name=\"twitter:creator\" content=\"@rassegnastampa9\" \/>\n<meta name=\"twitter:site\" content=\"@rassegnastampa9\" \/>\n<meta name=\"twitter:label1\" content=\"Scritto da\" \/>\n\t<meta name=\"twitter:data1\" content=\"Redazione\" \/>\n\t<meta name=\"twitter:label2\" content=\"Tempo di lettura stimato\" \/>\n\t<meta name=\"twitter:data2\" content=\"30 minuti\" \/>\n<script type=\"application\/ld+json\" class=\"yoast-schema-graph\">{\"@context\":\"https:\\\/\\\/schema.org\",\"@graph\":[{\"@type\":\"Article\",\"@id\":\"https:\\\/\\\/www.rassegnastampa-totustuus.it\\\/cattolica\\\/all-lives-matter-sul-femminicidio-i-dati-smentiscono-la-narrazione\\\/#article\",\"isPartOf\":{\"@id\":\"https:\\\/\\\/www.rassegnastampa-totustuus.it\\\/cattolica\\\/all-lives-matter-sul-femminicidio-i-dati-smentiscono-la-narrazione\\\/\"},\"author\":{\"name\":\"Redazione\",\"@id\":\"https:\\\/\\\/www.rassegnastampa-totustuus.it\\\/cattolica\\\/#\\\/schema\\\/person\\\/08f319d2bd1a0904ad9e2bfb7b15e5c3\"},\"headline\":\"All lives matter e femminismo, sul \u201cfemminicidio\u201d un abbaglio\",\"datePublished\":\"2023-06-14T22:00:00+00:00\",\"dateModified\":\"2024-01-04T16:24:45+00:00\",\"mainEntityOfPage\":{\"@id\":\"https:\\\/\\\/www.rassegnastampa-totustuus.it\\\/cattolica\\\/all-lives-matter-sul-femminicidio-i-dati-smentiscono-la-narrazione\\\/\"},\"wordCount\":4527,\"publisher\":{\"@id\":\"https:\\\/\\\/www.rassegnastampa-totustuus.it\\\/cattolica\\\/#organization\"},\"image\":{\"@id\":\"https:\\\/\\\/www.rassegnastampa-totustuus.it\\\/cattolica\\\/all-lives-matter-sul-femminicidio-i-dati-smentiscono-la-narrazione\\\/#primaryimage\"},\"thumbnailUrl\":\"https:\\\/\\\/www.rassegnastampa-totustuus.it\\\/cattolica\\\/wp-content\\\/uploads\\\/2013\\\/10\\\/femminicidio.jpg\",\"keywords\":[\"costume\",\"femminicidio\",\"femminismo\",\"sinistre\"],\"articleSection\":[\"Costume\",\"sinistre\"],\"inLanguage\":\"it-IT\"},{\"@type\":\"WebPage\",\"@id\":\"https:\\\/\\\/www.rassegnastampa-totustuus.it\\\/cattolica\\\/all-lives-matter-sul-femminicidio-i-dati-smentiscono-la-narrazione\\\/\",\"url\":\"https:\\\/\\\/www.rassegnastampa-totustuus.it\\\/cattolica\\\/all-lives-matter-sul-femminicidio-i-dati-smentiscono-la-narrazione\\\/\",\"name\":\"All lives matter e femminismo, sul \u201cfemminicidio\u201d un abbaglio - Rassegna Stampa Cattolica\",\"isPartOf\":{\"@id\":\"https:\\\/\\\/www.rassegnastampa-totustuus.it\\\/cattolica\\\/#website\"},\"primaryImageOfPage\":{\"@id\":\"https:\\\/\\\/www.rassegnastampa-totustuus.it\\\/cattolica\\\/all-lives-matter-sul-femminicidio-i-dati-smentiscono-la-narrazione\\\/#primaryimage\"},\"image\":{\"@id\":\"https:\\\/\\\/www.rassegnastampa-totustuus.it\\\/cattolica\\\/all-lives-matter-sul-femminicidio-i-dati-smentiscono-la-narrazione\\\/#primaryimage\"},\"thumbnailUrl\":\"https:\\\/\\\/www.rassegnastampa-totustuus.it\\\/cattolica\\\/wp-content\\\/uploads\\\/2013\\\/10\\\/femminicidio.jpg\",\"datePublished\":\"2023-06-14T22:00:00+00:00\",\"dateModified\":\"2024-01-04T16:24:45+00:00\",\"description\":\"All lives matter e femminismo sul \u201cfemminicidio\u201d mentono. I dati smentiscono la narrazione. Non c'\u00e8 alcuna evidente emergenza\",\"breadcrumb\":{\"@id\":\"https:\\\/\\\/www.rassegnastampa-totustuus.it\\\/cattolica\\\/all-lives-matter-sul-femminicidio-i-dati-smentiscono-la-narrazione\\\/#breadcrumb\"},\"inLanguage\":\"it-IT\",\"potentialAction\":[{\"@type\":\"ReadAction\",\"target\":[\"https:\\\/\\\/www.rassegnastampa-totustuus.it\\\/cattolica\\\/all-lives-matter-sul-femminicidio-i-dati-smentiscono-la-narrazione\\\/\"]}]},{\"@type\":\"ImageObject\",\"inLanguage\":\"it-IT\",\"@id\":\"https:\\\/\\\/www.rassegnastampa-totustuus.it\\\/cattolica\\\/all-lives-matter-sul-femminicidio-i-dati-smentiscono-la-narrazione\\\/#primaryimage\",\"url\":\"https:\\\/\\\/www.rassegnastampa-totustuus.it\\\/cattolica\\\/wp-content\\\/uploads\\\/2013\\\/10\\\/femminicidio.jpg\",\"contentUrl\":\"https:\\\/\\\/www.rassegnastampa-totustuus.it\\\/cattolica\\\/wp-content\\\/uploads\\\/2013\\\/10\\\/femminicidio.jpg\",\"width\":296,\"height\":170},{\"@type\":\"BreadcrumbList\",\"@id\":\"https:\\\/\\\/www.rassegnastampa-totustuus.it\\\/cattolica\\\/all-lives-matter-sul-femminicidio-i-dati-smentiscono-la-narrazione\\\/#breadcrumb\",\"itemListElement\":[{\"@type\":\"ListItem\",\"position\":1,\"name\":\"Home\",\"item\":\"https:\\\/\\\/www.rassegnastampa-totustuus.it\\\/cattolica\\\/\"},{\"@type\":\"ListItem\",\"position\":2,\"name\":\"All lives matter e femminismo, sul \u201cfemminicidio\u201d un abbaglio\"}]},{\"@type\":\"WebSite\",\"@id\":\"https:\\\/\\\/www.rassegnastampa-totustuus.it\\\/cattolica\\\/#website\",\"url\":\"https:\\\/\\\/www.rassegnastampa-totustuus.it\\\/cattolica\\\/\",\"name\":\"Rassegna Stampa Cattolica\",\"description\":\"Per una cultura che nasce dalla Rivelazione cristiana in conformit\u00e0 alla tradizione e al Magistero della Chiesa in opposizione ad ogni relativismo e totalitarismo\",\"publisher\":{\"@id\":\"https:\\\/\\\/www.rassegnastampa-totustuus.it\\\/cattolica\\\/#organization\"},\"alternateName\":\"Rass. Cattolica\",\"potentialAction\":[{\"@type\":\"SearchAction\",\"target\":{\"@type\":\"EntryPoint\",\"urlTemplate\":\"https:\\\/\\\/www.rassegnastampa-totustuus.it\\\/cattolica\\\/?s={search_term_string}\"},\"query-input\":{\"@type\":\"PropertyValueSpecification\",\"valueRequired\":true,\"valueName\":\"search_term_string\"}}],\"inLanguage\":\"it-IT\"},{\"@type\":\"Organization\",\"@id\":\"https:\\\/\\\/www.rassegnastampa-totustuus.it\\\/cattolica\\\/#organization\",\"name\":\"Rassegna Stampa Cattolica\",\"url\":\"https:\\\/\\\/www.rassegnastampa-totustuus.it\\\/cattolica\\\/\",\"logo\":{\"@type\":\"ImageObject\",\"inLanguage\":\"it-IT\",\"@id\":\"https:\\\/\\\/www.rassegnastampa-totustuus.it\\\/cattolica\\\/#\\\/schema\\\/logo\\\/image\\\/\",\"url\":\"https:\\\/\\\/www.rassegnastampa-totustuus.it\\\/cattolica\\\/wp-content\\\/uploads\\\/2014\\\/04\\\/logo-rassegna1.gif\",\"contentUrl\":\"https:\\\/\\\/www.rassegnastampa-totustuus.it\\\/cattolica\\\/wp-content\\\/uploads\\\/2014\\\/04\\\/logo-rassegna1.gif\",\"width\":600,\"height\":163,\"caption\":\"Rassegna Stampa Cattolica\"},\"image\":{\"@id\":\"https:\\\/\\\/www.rassegnastampa-totustuus.it\\\/cattolica\\\/#\\\/schema\\\/logo\\\/image\\\/\"},\"sameAs\":[\"https:\\\/\\\/www.facebook.com\\\/rassegnastampacattolica\",\"https:\\\/\\\/x.com\\\/rassegnastampa9\"]},{\"@type\":\"Person\",\"@id\":\"https:\\\/\\\/www.rassegnastampa-totustuus.it\\\/cattolica\\\/#\\\/schema\\\/person\\\/08f319d2bd1a0904ad9e2bfb7b15e5c3\",\"name\":\"Redazione\",\"image\":{\"@type\":\"ImageObject\",\"inLanguage\":\"it-IT\",\"@id\":\"https:\\\/\\\/secure.gravatar.com\\\/avatar\\\/2fcdf27c78ea025fbdb44e914cc63c72249ffec9dc8aafd5c82b26240ef3f346?s=96&d=mm&r=g\",\"url\":\"https:\\\/\\\/secure.gravatar.com\\\/avatar\\\/2fcdf27c78ea025fbdb44e914cc63c72249ffec9dc8aafd5c82b26240ef3f346?s=96&d=mm&r=g\",\"contentUrl\":\"https:\\\/\\\/secure.gravatar.com\\\/avatar\\\/2fcdf27c78ea025fbdb44e914cc63c72249ffec9dc8aafd5c82b26240ef3f346?s=96&d=mm&r=g\",\"caption\":\"Redazione\"},\"url\":\"https:\\\/\\\/www.rassegnastampa-totustuus.it\\\/cattolica\\\/author\\\/pietroelle\\\/\"}]}<\/script>\n<!-- \/ Yoast SEO plugin. -->","yoast_head_json":{"title":"All lives matter e femminismo, sul \u201cfemminicidio\u201d un abbaglio - Rassegna Stampa Cattolica","description":"All lives matter e femminismo sul \u201cfemminicidio\u201d mentono. I dati smentiscono la narrazione. Non c'\u00e8 alcuna evidente emergenza","robots":{"index":"index","follow":"follow","max-snippet":"max-snippet:-1","max-image-preview":"max-image-preview:large","max-video-preview":"max-video-preview:-1"},"canonical":"https:\/\/www.rassegnastampa-totustuus.it\/cattolica\/all-lives-matter-sul-femminicidio-i-dati-smentiscono-la-narrazione\/","og_locale":"it_IT","og_type":"article","og_title":"All lives matter e femminismo, sul \u201cfemminicidio\u201d un abbaglio - Rassegna Stampa Cattolica","og_description":"All lives matter e femminismo sul \u201cfemminicidio\u201d mentono. I dati smentiscono la narrazione. Non c'\u00e8 alcuna evidente emergenza","og_url":"https:\/\/www.rassegnastampa-totustuus.it\/cattolica\/all-lives-matter-sul-femminicidio-i-dati-smentiscono-la-narrazione\/","og_site_name":"Rassegna Stampa Cattolica","article_publisher":"https:\/\/www.facebook.com\/rassegnastampacattolica","article_published_time":"2023-06-14T22:00:00+00:00","article_modified_time":"2024-01-04T16:24:45+00:00","og_image":[{"width":296,"height":170,"url":"https:\/\/www.rassegnastampa-totustuus.it\/cattolica\/wp-content\/uploads\/2013\/10\/femminicidio.jpg","type":"image\/jpeg"}],"author":"Redazione","twitter_card":"summary_large_image","twitter_creator":"@rassegnastampa9","twitter_site":"@rassegnastampa9","twitter_misc":{"Scritto da":"Redazione","Tempo di lettura stimato":"30 minuti"},"schema":{"@context":"https:\/\/schema.org","@graph":[{"@type":"Article","@id":"https:\/\/www.rassegnastampa-totustuus.it\/cattolica\/all-lives-matter-sul-femminicidio-i-dati-smentiscono-la-narrazione\/#article","isPartOf":{"@id":"https:\/\/www.rassegnastampa-totustuus.it\/cattolica\/all-lives-matter-sul-femminicidio-i-dati-smentiscono-la-narrazione\/"},"author":{"name":"Redazione","@id":"https:\/\/www.rassegnastampa-totustuus.it\/cattolica\/#\/schema\/person\/08f319d2bd1a0904ad9e2bfb7b15e5c3"},"headline":"All lives matter e femminismo, sul \u201cfemminicidio\u201d un abbaglio","datePublished":"2023-06-14T22:00:00+00:00","dateModified":"2024-01-04T16:24:45+00:00","mainEntityOfPage":{"@id":"https:\/\/www.rassegnastampa-totustuus.it\/cattolica\/all-lives-matter-sul-femminicidio-i-dati-smentiscono-la-narrazione\/"},"wordCount":4527,"publisher":{"@id":"https:\/\/www.rassegnastampa-totustuus.it\/cattolica\/#organization"},"image":{"@id":"https:\/\/www.rassegnastampa-totustuus.it\/cattolica\/all-lives-matter-sul-femminicidio-i-dati-smentiscono-la-narrazione\/#primaryimage"},"thumbnailUrl":"https:\/\/www.rassegnastampa-totustuus.it\/cattolica\/wp-content\/uploads\/2013\/10\/femminicidio.jpg","keywords":["costume","femminicidio","femminismo","sinistre"],"articleSection":["Costume","sinistre"],"inLanguage":"it-IT"},{"@type":"WebPage","@id":"https:\/\/www.rassegnastampa-totustuus.it\/cattolica\/all-lives-matter-sul-femminicidio-i-dati-smentiscono-la-narrazione\/","url":"https:\/\/www.rassegnastampa-totustuus.it\/cattolica\/all-lives-matter-sul-femminicidio-i-dati-smentiscono-la-narrazione\/","name":"All lives matter e femminismo, sul \u201cfemminicidio\u201d un abbaglio - Rassegna Stampa Cattolica","isPartOf":{"@id":"https:\/\/www.rassegnastampa-totustuus.it\/cattolica\/#website"},"primaryImageOfPage":{"@id":"https:\/\/www.rassegnastampa-totustuus.it\/cattolica\/all-lives-matter-sul-femminicidio-i-dati-smentiscono-la-narrazione\/#primaryimage"},"image":{"@id":"https:\/\/www.rassegnastampa-totustuus.it\/cattolica\/all-lives-matter-sul-femminicidio-i-dati-smentiscono-la-narrazione\/#primaryimage"},"thumbnailUrl":"https:\/\/www.rassegnastampa-totustuus.it\/cattolica\/wp-content\/uploads\/2013\/10\/femminicidio.jpg","datePublished":"2023-06-14T22:00:00+00:00","dateModified":"2024-01-04T16:24:45+00:00","description":"All lives matter e femminismo sul \u201cfemminicidio\u201d mentono. I dati smentiscono la narrazione. Non c'\u00e8 alcuna evidente emergenza","breadcrumb":{"@id":"https:\/\/www.rassegnastampa-totustuus.it\/cattolica\/all-lives-matter-sul-femminicidio-i-dati-smentiscono-la-narrazione\/#breadcrumb"},"inLanguage":"it-IT","potentialAction":[{"@type":"ReadAction","target":["https:\/\/www.rassegnastampa-totustuus.it\/cattolica\/all-lives-matter-sul-femminicidio-i-dati-smentiscono-la-narrazione\/"]}]},{"@type":"ImageObject","inLanguage":"it-IT","@id":"https:\/\/www.rassegnastampa-totustuus.it\/cattolica\/all-lives-matter-sul-femminicidio-i-dati-smentiscono-la-narrazione\/#primaryimage","url":"https:\/\/www.rassegnastampa-totustuus.it\/cattolica\/wp-content\/uploads\/2013\/10\/femminicidio.jpg","contentUrl":"https:\/\/www.rassegnastampa-totustuus.it\/cattolica\/wp-content\/uploads\/2013\/10\/femminicidio.jpg","width":296,"height":170},{"@type":"BreadcrumbList","@id":"https:\/\/www.rassegnastampa-totustuus.it\/cattolica\/all-lives-matter-sul-femminicidio-i-dati-smentiscono-la-narrazione\/#breadcrumb","itemListElement":[{"@type":"ListItem","position":1,"name":"Home","item":"https:\/\/www.rassegnastampa-totustuus.it\/cattolica\/"},{"@type":"ListItem","position":2,"name":"All lives matter e femminismo, sul \u201cfemminicidio\u201d un abbaglio"}]},{"@type":"WebSite","@id":"https:\/\/www.rassegnastampa-totustuus.it\/cattolica\/#website","url":"https:\/\/www.rassegnastampa-totustuus.it\/cattolica\/","name":"Rassegna Stampa Cattolica","description":"Per una cultura che nasce dalla Rivelazione cristiana in conformit\u00e0 alla tradizione e al Magistero della Chiesa in opposizione ad ogni relativismo e totalitarismo","publisher":{"@id":"https:\/\/www.rassegnastampa-totustuus.it\/cattolica\/#organization"},"alternateName":"Rass. Cattolica","potentialAction":[{"@type":"SearchAction","target":{"@type":"EntryPoint","urlTemplate":"https:\/\/www.rassegnastampa-totustuus.it\/cattolica\/?s={search_term_string}"},"query-input":{"@type":"PropertyValueSpecification","valueRequired":true,"valueName":"search_term_string"}}],"inLanguage":"it-IT"},{"@type":"Organization","@id":"https:\/\/www.rassegnastampa-totustuus.it\/cattolica\/#organization","name":"Rassegna Stampa Cattolica","url":"https:\/\/www.rassegnastampa-totustuus.it\/cattolica\/","logo":{"@type":"ImageObject","inLanguage":"it-IT","@id":"https:\/\/www.rassegnastampa-totustuus.it\/cattolica\/#\/schema\/logo\/image\/","url":"https:\/\/www.rassegnastampa-totustuus.it\/cattolica\/wp-content\/uploads\/2014\/04\/logo-rassegna1.gif","contentUrl":"https:\/\/www.rassegnastampa-totustuus.it\/cattolica\/wp-content\/uploads\/2014\/04\/logo-rassegna1.gif","width":600,"height":163,"caption":"Rassegna Stampa Cattolica"},"image":{"@id":"https:\/\/www.rassegnastampa-totustuus.it\/cattolica\/#\/schema\/logo\/image\/"},"sameAs":["https:\/\/www.facebook.com\/rassegnastampacattolica","https:\/\/x.com\/rassegnastampa9"]},{"@type":"Person","@id":"https:\/\/www.rassegnastampa-totustuus.it\/cattolica\/#\/schema\/person\/08f319d2bd1a0904ad9e2bfb7b15e5c3","name":"Redazione","image":{"@type":"ImageObject","inLanguage":"it-IT","@id":"https:\/\/secure.gravatar.com\/avatar\/2fcdf27c78ea025fbdb44e914cc63c72249ffec9dc8aafd5c82b26240ef3f346?s=96&d=mm&r=g","url":"https:\/\/secure.gravatar.com\/avatar\/2fcdf27c78ea025fbdb44e914cc63c72249ffec9dc8aafd5c82b26240ef3f346?s=96&d=mm&r=g","contentUrl":"https:\/\/secure.gravatar.com\/avatar\/2fcdf27c78ea025fbdb44e914cc63c72249ffec9dc8aafd5c82b26240ef3f346?s=96&d=mm&r=g","caption":"Redazione"},"url":"https:\/\/www.rassegnastampa-totustuus.it\/cattolica\/author\/pietroelle\/"}]}},"_links":{"self":[{"href":"https:\/\/www.rassegnastampa-totustuus.it\/cattolica\/wp-json\/wp\/v2\/posts\/56586","targetHints":{"allow":["GET"]}}],"collection":[{"href":"https:\/\/www.rassegnastampa-totustuus.it\/cattolica\/wp-json\/wp\/v2\/posts"}],"about":[{"href":"https:\/\/www.rassegnastampa-totustuus.it\/cattolica\/wp-json\/wp\/v2\/types\/post"}],"author":[{"embeddable":true,"href":"https:\/\/www.rassegnastampa-totustuus.it\/cattolica\/wp-json\/wp\/v2\/users\/6"}],"replies":[{"embeddable":true,"href":"https:\/\/www.rassegnastampa-totustuus.it\/cattolica\/wp-json\/wp\/v2\/comments?post=56586"}],"version-history":[{"count":3,"href":"https:\/\/www.rassegnastampa-totustuus.it\/cattolica\/wp-json\/wp\/v2\/posts\/56586\/revisions"}],"predecessor-version":[{"id":58766,"href":"https:\/\/www.rassegnastampa-totustuus.it\/cattolica\/wp-json\/wp\/v2\/posts\/56586\/revisions\/58766"}],"wp:featuredmedia":[{"embeddable":true,"href":"https:\/\/www.rassegnastampa-totustuus.it\/cattolica\/wp-json\/wp\/v2\/media\/31027"}],"wp:attachment":[{"href":"https:\/\/www.rassegnastampa-totustuus.it\/cattolica\/wp-json\/wp\/v2\/media?parent=56586"}],"wp:term":[{"taxonomy":"category","embeddable":true,"href":"https:\/\/www.rassegnastampa-totustuus.it\/cattolica\/wp-json\/wp\/v2\/categories?post=56586"},{"taxonomy":"post_tag","embeddable":true,"href":"https:\/\/www.rassegnastampa-totustuus.it\/cattolica\/wp-json\/wp\/v2\/tags?post=56586"}],"curies":[{"name":"wp","href":"https:\/\/api.w.org\/{rel}","templated":true}]}}