{"id":56568,"date":"2023-06-15T00:00:00","date_gmt":"2023-06-14T22:00:00","guid":{"rendered":"https:\/\/www.rassegnastampa-totustuus.it\/cattolica\/?p=56568"},"modified":"2024-01-04T17:23:20","modified_gmt":"2024-01-04T16:23:20","slug":"eutanasia-in-canada-una-testimonianza","status":"publish","type":"post","link":"https:\/\/www.rassegnastampa-totustuus.it\/cattolica\/eutanasia-in-canada-una-testimonianza\/","title":{"rendered":"Eutanasia in Canada, una testimonianza"},"content":{"rendered":"<p style=\"text-align: center;\"><span style=\"color: #000000;\"><strong><img loading=\"lazy\" decoding=\"async\" class=\" wp-image-55359 alignleft\" src=\"https:\/\/www.rassegnastampa-totustuus.it\/cattolica\/wp-content\/uploads\/2022\/12\/eutanasia_canada.jpg\" alt=\"\" width=\"297\" height=\"217\" \/><\/strong><\/span><\/p>\n<p style=\"text-align: justify;\"><strong>Abstract: <\/strong><em>eutanasia in Canada; una testimonianza di un medico malato di cancro al quale \u00e8 stata prospettata come soluzione la morte procurata mostra come\u00a0 ormai\u00a0 senza una resistenza.<\/em><span style=\"color: #000000;\">\u00a0<em>il sistema, come spinto dalla forza gravit\u00e0, fornir\u00e0 sempre pi\u00f9 suicidio ed eutanasia invece di guarire i poveri, gli anziani e i malati gravi\u00bb. Il pendio scivoloso, in definitiva, \u00e8 ben lungi dall\u2019essere una teoria astratta, ma \u00e8 qualcosa di concreto, che \u00e8 sotto gli occhi di tutti, <\/em><\/span><\/p>\n<p><!--more--><\/p>\n<p style=\"text-align: center;\"><span style=\"color: #000000;\"><span style=\"color: #0000ff;\"><a style=\"color: #0000ff;\" href=\"https:\/\/www.centrostudilivatino.it\/\" target=\"_blank\" rel=\"noopener\"><strong>Centro Studi Rosario Livatino<\/strong> <\/a><\/span>6 Giugno 2023<\/span><\/p>\n<h3 style=\"text-align: center;\"><strong>Morte assistita in Canada: <\/strong><\/h3>\n<h3 style=\"text-align: center;\"><strong>la testimonianza del Prof. Bill Gardner<\/strong><\/h3>\n<p style=\"text-align: center;\"><strong>Aldo Rocco Vitale<\/strong><\/p>\n<p style=\"text-align: justify;\"><span style=\"color: #000000;\">Quando si tratta delle pratiche di morte medicalmente assistita coloro che ne difendono la legalizzazione ritengono quasi sempre che non esista il cosiddetto \u201cpendio scivoloso\u201d,<strong>[1] <\/strong>cio\u00e8 il rischio che si cominci a praticare la morte assistita per chi la richiede e si finisca per somministrarla anche a chi non l\u2019ha mai richiesta, e perfino coloro che ne riconoscono gli effetti ritengono che non sia sempre convincente come argomento.<strong>[2]<\/strong><\/span><\/p>\n<p style=\"text-align: justify;\"><span style=\"color: #000000;\">In tale direzione, appare significativa l\u2019esperienza del Professore Bill Gardner, docente di Psichiatria e Psicologia infantile presso la Facolt\u00e0 di Medicina dell\u2019Universit\u00e0 di Ottawa, che di recente ha scritto<\/span> <span style=\"color: #0000ff;\"><a style=\"color: #0000ff;\" href=\"https:\/\/comment.org\/death-by-referral\/\" target=\"_blank\" rel=\"noopener\">un lungo resoconto critico<\/a><\/span> <span style=\"color: #000000;\">di quanto vissuto in prima persona dopo aver scoperto di essere nuovamente sofferente a causa di quel cancro che tempo prima sperava di aver sconfitto.<\/span><\/p>\n<p style=\"text-align: justify;\"><span style=\"color: #000000;\"><img loading=\"lazy\" decoding=\"async\" class=\" wp-image-32127 alignright\" src=\"https:\/\/www.rassegnastampa-totustuus.it\/cattolica\/wp-content\/uploads\/2011\/04\/eutanasia.jpg\" alt=\"\" width=\"342\" height=\"228\" \/>Nell\u2019aprile del 2021, infatti, dopo una biopsia, a Gardner venne diagnosticata la recidiva del cancro alla gola che si estendeva fino alla base della lingua e che fu ritenuto dai medici inoperabile e con una prognosi di vita molto breve, cio\u00e8 di appena pochi mesi. Il chirurgo interpellato da Gardner, quindi, gli prospett\u00f2 due vie: o le cure palliative, oppure la MAID (Medical Assistance in Dying), cio\u00e8 la morte medicalmente assistita come \u201csoluzione terapeutica\u201d.<\/span><\/p>\n<p style=\"text-align: justify;\"><span style=\"color: #000000;\">Dinnanzi alle due suddette opzioni Gardner \u00e8 rimasto fortemente stupito che l\u2019opzione offerta da un medico fosse quella di somministrare la morte assistita con la stessa identica \u201cnormalit\u00e0\u201d con cui si pu\u00f2 prevedere un qualunque piano terapeutico.<\/span><\/p>\n<p style=\"text-align: justify;\"><span style=\"color: #000000;\">Da qui le riflessioni di Gardner che si possono sintetizzare in almeno tre punti principali.<\/span><\/p>\n<p style=\"text-align: justify;\"><span style=\"color: #000000;\">In primo luogo: il contesto giuridico nel sistema canadese.<\/span><\/p>\n<p style=\"text-align: justify;\"><span style=\"color: #000000;\"><img loading=\"lazy\" decoding=\"async\" class=\" wp-image-29802 alignleft\" src=\"https:\/\/www.rassegnastampa-totustuus.it\/cattolica\/wp-content\/uploads\/2006\/10\/eutanasia.jpg\" alt=\"\" width=\"310\" height=\"204\" \/>Nel 2015, infatti, la Canadian Supreme Court, nel caso<\/span> <span style=\"color: #0000ff;\"><em><a style=\"color: #0000ff;\" href=\"https:\/\/scc-csc.lexum.com\/scc-csc\/scc-csc\/en\/item\/14637\/index.do\" target=\"_blank\" rel=\"noopener\">Carter v. Canada<\/a><\/em><\/span> \u2013 <span style=\"color: #000000;\">lo stesso richiamato dalla Corte Costituzionale italiana nell\u2019ordinanza<\/span> <a href=\"https:\/\/giurcost.org\/decisioni\/2018\/0207o-18.html\"><span style=\"color: #0000ff;\">n. 207\/2018<\/span><\/a> <span style=\"color: #000000;\">del caso Cappato-Dj Fabo \u2013 ha sancito che in determinate circostanze i cittadini canadesi hanno il diritto alla morte assistita, specificando i quattro criteri affinch\u00e9 ci\u00f2 sia legittimo, dovendo provenire la richiesta di morte assistita da un adulto 1) competente e consenziente, 2) che ha una patologia grave e irrimediabile, 3) la quale \u00e8 causa di sofferenze fisiche o psicologiche durature e intollerabili che non possono essere alleviate in condizioni ritenute accettabili, 4) e che versa in uno stato avanzato di declino irreversibile delle proprie capacit\u00e0.<\/span><\/p>\n<p style=\"text-align: justify;\"><span style=\"color: #000000;\">In seguito alla predetta pronuncia della Suprema Corte Canadese le morti medicalmente assistite in Canada sono sostanzialmente decuplicate, passando dal numero di 1.018 nel 2016 al numero di 10.064 nel 2021.<\/span><\/p>\n<p style=\"text-align: justify;\"><span style=\"color: #000000;\">In secondo luogo: il contesto medico-scientifico.<\/span><\/p>\n<p style=\"text-align: justify;\"><span style=\"color: #000000;\"><img loading=\"lazy\" decoding=\"async\" class=\" wp-image-43648 alignright\" src=\"https:\/\/www.rassegnastampa-totustuus.it\/cattolica\/wp-content\/uploads\/2019\/07\/eutanasia-300x174.jpg\" alt=\"\" width=\"367\" height=\"213\" srcset=\"https:\/\/www.rassegnastampa-totustuus.it\/cattolica\/wp-content\/uploads\/2019\/07\/eutanasia-300x174.jpg 300w, https:\/\/www.rassegnastampa-totustuus.it\/cattolica\/wp-content\/uploads\/2019\/07\/eutanasia-768x445.jpg 768w, https:\/\/www.rassegnastampa-totustuus.it\/cattolica\/wp-content\/uploads\/2019\/07\/eutanasia-1024x594.jpg 1024w, https:\/\/www.rassegnastampa-totustuus.it\/cattolica\/wp-content\/uploads\/2019\/07\/eutanasia.jpg 1200w\" sizes=\"auto, (max-width: 367px) 100vw, 367px\" \/>Dal punto di vista medico-scientifico, infatti, Gardner cita statistiche secondo cui l\u201989% delle persone che muoiono potrebbero beneficiare delle cure palliative, sebbene, secondo un report del 2015, soltanto 275 medici erano specializzati in cure palliative nella regione dell\u2019Ontario, e di questi ben 145 lavoravano part-time, rendendosi evidenti che non ci siano sufficienti specialisti di cure palliative per gli oltre 1000 decessi annuali a causa del cancro.<\/span><\/p>\n<p style=\"text-align: justify;\"><span style=\"color: #000000;\">In sostanza le carenze del sistema sanitario si ripercuotono sulle scelte di fine vita, e poich\u00e9 manca o non \u00e8 sufficiente l\u2019assistenza palliativa dei pazienti terminali, questi spesso scelgono la morte assistita dato che \u00e8 assente l\u2019assistenza alla vita seppur nelle fasi finali del suo decorso.<\/span><\/p>\n<p style=\"text-align: justify;\"><span style=\"color: #000000;\">In terzo luogo: il contesto sociale.<\/span><\/p>\n<p style=\"text-align: justify;\"><span style=\"color: #000000;\">Gardner chiarisce che nel 2023 \u00abil 19% dei canadesi ha sessantacinque anni o pi\u00f9; nel 2035 sar\u00e0 il 25%. Ci sar\u00e0 un numero crescente di pazienti molto malati e costosi. Le province dovranno affrontare difficili scelte fiscali e il sistema sanitario sar\u00e0 attratto dall\u2019efficienza. I sistemi di assistenza che forniscono assistenza integrata oncologica, palliativa e di salute mentale sono difficili da istituire e costosi da gestire. La MAID \u00e8 poco costosa, completamente efficace e facilmente erogabile\u00bb.<\/span><\/p>\n<p style=\"text-align: justify;\"><span style=\"color: #000000;\"><img loading=\"lazy\" decoding=\"async\" class=\" wp-image-17711 alignleft\" src=\"https:\/\/www.rassegnastampa-totustuus.it\/cattolica\/wp-content\/uploads\/2009\/02\/nazi_eutanasia.jpg\" alt=\"\" width=\"185\" height=\"248\" \/>La morte medicalmente assistita, almeno in Canada, si prospetta, dunque, come un rimedio veloce ed economico per risolvere i problemi degli alti costi della sanit\u00e0 pubblica, il problema dell\u2019invecchiamento della popolazione e dell\u2019aumento delle patologie legate al suddetto invecchiamento.<\/span><\/p>\n<p style=\"text-align: justify;\"><span style=\"color: #000000;\">La morte assistita, allora, da rivendicazione del singolo quale espressione della propria autodeterminazione, si trasforma cos\u00ec in strumento di regolazione sociale del rapporto costi-benefici di una vita umana; la morte assistita, diventa, cos\u00ec un metodo di attribuzione di valore economico-sociale della vita umana, con la conseguenza inevitabile per cui le vite ritenute di minor valore (anziani, malati cronici, disabili, malati terminali ecc) saranno indotte a sacrificarsi o ad essere sacrificate per tutelare le ragioni del pubblico bilancio.<\/span><\/p>\n<p style=\"text-align: justify;\"><span style=\"color: #000000;\">Ecco perch\u00e9, non a caso, lo stesso Gardner conclude cos\u00ec chiarendo: \u00abSe non resistiamo, il sistema, come spinto dalla forza gravit\u00e0, fornir\u00e0 sempre pi\u00f9 suicidio ed eutanasia invece di guarire i poveri, gli anziani e i malati gravi\u00bb.<\/span><\/p>\n<p style=\"text-align: justify;\"><span style=\"color: #000000;\"><img loading=\"lazy\" decoding=\"async\" class=\" wp-image-27558 alignright\" src=\"https:\/\/www.rassegnastampa-totustuus.it\/cattolica\/wp-content\/uploads\/2006\/04\/eutanasia.jpg\" alt=\"\" width=\"341\" height=\"212\" \/>Il un tale fosco scenario, insomma, il diritto ha perduto ogni consistenza, poich\u00e9 ha concesso di mettere a morte per ragioni puramente economiche i pi\u00f9 inermi, rinunciando alla propria vocazione, cio\u00e8 di difendere i pi\u00f9 deboli, e trasformandosi da strumento di resistenza contro la violenza in strumento di violenza contro cui occorre resistere.<\/span><\/p>\n<p style=\"text-align: justify;\"><span style=\"color: #000000;\">Il pendio scivoloso, in definitiva, \u00e8 ben lungi dall\u2019essere una teoria astratta, ma \u00e8 qualcosa di concreto, che \u00e8 sotto gli occhi di tutti, soprattutto alla luce dell\u2019esperienza di quegli ordinamenti che hanno gi\u00e0 legalizzato le pratiche di morte assistita, e proprio sul quel pendio scivola silenziosamente e inesorabilmente verso l\u2019abisso la dignit\u00e0 dell\u2019essere umano e, con essa, anche quella del diritto, oramai miseramente ridotto al suo mostruoso contrario.<strong>[3]<\/strong><\/span><\/p>\n<p style=\"text-align: justify;\"><span style=\"color: #000000;\"><strong>Note<\/strong><\/span><\/p>\n<p style=\"text-align: justify;\"><strong>[1]<\/strong> <span style=\"color: #0000ff;\"><a style=\"color: #0000ff;\" href=\"https:\/\/ottawacitizen.com\/opinion\/columnists\/chambers-no-evidence-of-a-slippery-slope-on-medically-assisted-death\" target=\"_blank\" rel=\"noopener\">https:\/\/ottawacitizen.com\/opinion\/columnists\/chambers-no-evidence-of-a-slippery-slope-on-medically-assisted-death<\/a><\/span>; <span style=\"color: #000000;\">cfr. inoltre <em>ex plurimis<\/em>: Eduard Verhagen, <em>The Groningen Protocol for newborn euthanasia; which way did the slippery slope tilt?<\/em>, in Journal of Medical Ethics, 39\/2013, pag. 293-295; Jonathan Reggler, <em>The slippery slope argument and medical assistance in dying<\/em>, in Canadian Medical Association Journal, 27 marzo 2017, pag. 471; AA.VV., <em>When slippery slope arguments miss the mark: a lesson from one against physician-assisted death<\/em>, Journal of Medical Ethics, 6 luglio 2018; Giovanni Fornero, <em>Indisponibilit\u00e0 e disponibilit\u00e0 della vita. Una difesa filosofico-giuridica del suicidio assistito e dell\u2019eutanasia volontaria<\/em>, Utet, Torino, 2020, 499-538; Jocelyn Downie, Udo Schuklenk, <em>Social determinants of health and slippery slopes in assisted dying debates: lessons from Canada<\/em>, in Journal of Medical Ethics, 4 agosto 2021. Contra <em>ex plurimis<\/em>: John Wyatt, <em>Right to die?<\/em>, IVP, Nottingham, 2015, pag. 75; Aldo Rocco Vitale, <em>L\u2019eutanasia come problema biogiuridico<\/em>, FrancoAngeli, Milano, 2016, pag. 151 e ss.; Mauro Ronco,<\/span> <span style=\"color: #0000ff;\"><em><a style=\"color: #0000ff;\" href=\"https:\/\/www.centrostudilivatino.it\/un-pendio-scivoloso\/\" target=\"_blank\" rel=\"noopener\">Un pendio scivoloso. Cosa succede nei paesi che hanno gi\u00e0 approvato l\u2019eutanasia?<\/a><\/em><\/span>, <span style=\"color: #000000;\">10 aprile 2018; Giovanna Razzano, <em>Le discutibili asserzioni dell\u2019ordinanza Cappato e alcuni enormi macigni<\/em>, in Forum Quaderni Costituzionali, 9 giugno 2019.<\/span><\/p>\n<p style=\"text-align: justify;\"><span style=\"color: #000000;\"><strong>[2]<\/strong> Cfr. <em>ex plurimis<\/em>: Barron Lerner, Arthur Caplan, <em>Euthanasia in Belgium and the Netherlands. On a slippery slope?<\/em>, in Journal of the American Medical Association, ottobre 2015.<\/span><\/p>\n<p style=\"text-align: justify;\"><span style=\"color: #000000;\">[3] Per approfondimenti cfr.: AA.VV., <em>Il diritto di essere uccisi: verso la morte del diritto?<\/em>, a cura di Mauro Ronco, Giappichelli, Torino, 2019; AA.VV., <em>Eutanasia. Le ragioni del no<\/em>, a cura di Alfredo Mantovano, Cantagalli, Siena, 2021; Aldo Rocco Vitale, <em>Introduzione alla bioetica. Temi e problemi attuali<\/em>, Il Cerchio, Rimini, 2019.<\/span><\/p>\n<p>________________________________________<\/p>\n<p><a href=\"https:\/\/www.rassegnastampa-totustuus.it\/cattolica\/quando-leutanasia-diventa-un-affare-per-lo-stato\/\" target=\"_blank\" rel=\"noopener\"><span style=\"color: #0000ff;\">Quando l\u2019eutanasia diventa un affare (per lo Stato)<\/span><\/a><\/p>\n<p><a href=\"https:\/\/www.rassegnastampa-totustuus.it\/cattolica\/piu-leutanasia-e-legale-piu-ammazza-senza-motivo\/\" target=\"_blank\" rel=\"noopener\"><span style=\"color: #0000ff;\">Pi\u00f9 l\u2019eutanasia \u00e8 legale, pi\u00f9 ammazza senza motivo<\/span><\/a><\/p>\n","protected":false},"excerpt":{"rendered":"<p>Abstract: eutanasia in Canada; una testimonianza di un medico malato di cancro al quale \u00e8 stata prospettata come soluzione la morte procurata mostra come\u00a0 ormai\u00a0 senza una resistenza.\u00a0il sistema, come spinto dalla forza gravit\u00e0, fornir\u00e0 sempre pi\u00f9 suicidio ed eutanasia invece di guarire i poveri, gli anziani e i malati gravi\u00bb. Il pendio scivoloso, in &hellip; <\/p>\n<p><a class=\"more-link btn\" href=\"https:\/\/www.rassegnastampa-totustuus.it\/cattolica\/eutanasia-in-canada-una-testimonianza\/\">Continua a leggere<\/a><\/p>\n","protected":false},"author":6,"featured_media":55359,"comment_status":"closed","ping_status":"closed","sticky":false,"template":"","format":"standard","meta":{"footnotes":""},"categories":[55],"tags":[2618,141],"class_list":["post-56568","post","type-post","status-publish","format-standard","has-post-thumbnail","hentry","category-eutanasia","tag-canada","tag-eutanasia-2","item-wrap"],"yoast_head":"<!-- This site is optimized with the Yoast SEO plugin v27.5 - https:\/\/yoast.com\/product\/yoast-seo-wordpress\/ -->\n<title>Eutanasia in Canada, una testimonianza - Rassegna Stampa Cattolica<\/title>\n<meta name=\"description\" content=\"Eutanasia in Canada una testimonianza mostra come senza una resistenza il sistema scivoler\u00e0 sempre pi\u00f9 verso la morte di deboli e malati\" \/>\n<meta name=\"robots\" content=\"index, follow, max-snippet:-1, max-image-preview:large, max-video-preview:-1\" \/>\n<link rel=\"canonical\" href=\"https:\/\/www.rassegnastampa-totustuus.it\/cattolica\/eutanasia-in-canada-una-testimonianza\/\" \/>\n<meta property=\"og:locale\" content=\"it_IT\" \/>\n<meta property=\"og:type\" content=\"article\" \/>\n<meta property=\"og:title\" content=\"Eutanasia in Canada, una testimonianza - Rassegna Stampa Cattolica\" \/>\n<meta property=\"og:description\" content=\"Eutanasia in Canada una testimonianza mostra come senza una resistenza il sistema scivoler\u00e0 sempre pi\u00f9 verso la morte di deboli e malati\" \/>\n<meta property=\"og:url\" content=\"https:\/\/www.rassegnastampa-totustuus.it\/cattolica\/eutanasia-in-canada-una-testimonianza\/\" \/>\n<meta property=\"og:site_name\" content=\"Rassegna Stampa Cattolica\" \/>\n<meta property=\"article:publisher\" content=\"https:\/\/www.facebook.com\/rassegnastampacattolica\" \/>\n<meta property=\"article:published_time\" content=\"2023-06-14T22:00:00+00:00\" \/>\n<meta property=\"article:modified_time\" content=\"2024-01-04T16:23:20+00:00\" \/>\n<meta property=\"og:image\" content=\"https:\/\/www.rassegnastampa-totustuus.it\/cattolica\/wp-content\/uploads\/2022\/12\/eutanasia_canada.jpg\" \/>\n\t<meta property=\"og:image:width\" content=\"263\" \/>\n\t<meta property=\"og:image:height\" content=\"192\" \/>\n\t<meta property=\"og:image:type\" content=\"image\/jpeg\" \/>\n<meta name=\"author\" content=\"Redazione\" \/>\n<meta name=\"twitter:card\" content=\"summary_large_image\" \/>\n<meta name=\"twitter:creator\" content=\"@rassegnastampa9\" \/>\n<meta name=\"twitter:site\" content=\"@rassegnastampa9\" \/>\n<meta name=\"twitter:label1\" content=\"Scritto da\" \/>\n\t<meta name=\"twitter:data1\" content=\"Redazione\" \/>\n\t<meta name=\"twitter:label2\" content=\"Tempo di lettura stimato\" \/>\n\t<meta name=\"twitter:data2\" content=\"9 minuti\" \/>\n<script type=\"application\/ld+json\" class=\"yoast-schema-graph\">{\"@context\":\"https:\\\/\\\/schema.org\",\"@graph\":[{\"@type\":\"Article\",\"@id\":\"https:\\\/\\\/www.rassegnastampa-totustuus.it\\\/cattolica\\\/eutanasia-in-canada-una-testimonianza\\\/#article\",\"isPartOf\":{\"@id\":\"https:\\\/\\\/www.rassegnastampa-totustuus.it\\\/cattolica\\\/eutanasia-in-canada-una-testimonianza\\\/\"},\"author\":{\"name\":\"Redazione\",\"@id\":\"https:\\\/\\\/www.rassegnastampa-totustuus.it\\\/cattolica\\\/#\\\/schema\\\/person\\\/08f319d2bd1a0904ad9e2bfb7b15e5c3\"},\"headline\":\"Eutanasia in Canada, una testimonianza\",\"datePublished\":\"2023-06-14T22:00:00+00:00\",\"dateModified\":\"2024-01-04T16:23:20+00:00\",\"mainEntityOfPage\":{\"@id\":\"https:\\\/\\\/www.rassegnastampa-totustuus.it\\\/cattolica\\\/eutanasia-in-canada-una-testimonianza\\\/\"},\"wordCount\":1224,\"publisher\":{\"@id\":\"https:\\\/\\\/www.rassegnastampa-totustuus.it\\\/cattolica\\\/#organization\"},\"image\":{\"@id\":\"https:\\\/\\\/www.rassegnastampa-totustuus.it\\\/cattolica\\\/eutanasia-in-canada-una-testimonianza\\\/#primaryimage\"},\"thumbnailUrl\":\"https:\\\/\\\/www.rassegnastampa-totustuus.it\\\/cattolica\\\/wp-content\\\/uploads\\\/2022\\\/12\\\/eutanasia_canada.jpg\",\"keywords\":[\"Canada\",\"eutanasia\"],\"articleSection\":[\"Eutanasia\"],\"inLanguage\":\"it-IT\"},{\"@type\":\"WebPage\",\"@id\":\"https:\\\/\\\/www.rassegnastampa-totustuus.it\\\/cattolica\\\/eutanasia-in-canada-una-testimonianza\\\/\",\"url\":\"https:\\\/\\\/www.rassegnastampa-totustuus.it\\\/cattolica\\\/eutanasia-in-canada-una-testimonianza\\\/\",\"name\":\"Eutanasia in Canada, una testimonianza - Rassegna Stampa Cattolica\",\"isPartOf\":{\"@id\":\"https:\\\/\\\/www.rassegnastampa-totustuus.it\\\/cattolica\\\/#website\"},\"primaryImageOfPage\":{\"@id\":\"https:\\\/\\\/www.rassegnastampa-totustuus.it\\\/cattolica\\\/eutanasia-in-canada-una-testimonianza\\\/#primaryimage\"},\"image\":{\"@id\":\"https:\\\/\\\/www.rassegnastampa-totustuus.it\\\/cattolica\\\/eutanasia-in-canada-una-testimonianza\\\/#primaryimage\"},\"thumbnailUrl\":\"https:\\\/\\\/www.rassegnastampa-totustuus.it\\\/cattolica\\\/wp-content\\\/uploads\\\/2022\\\/12\\\/eutanasia_canada.jpg\",\"datePublished\":\"2023-06-14T22:00:00+00:00\",\"dateModified\":\"2024-01-04T16:23:20+00:00\",\"description\":\"Eutanasia in Canada una testimonianza mostra come senza una resistenza il sistema scivoler\u00e0 sempre pi\u00f9 verso la morte di deboli e malati\",\"breadcrumb\":{\"@id\":\"https:\\\/\\\/www.rassegnastampa-totustuus.it\\\/cattolica\\\/eutanasia-in-canada-una-testimonianza\\\/#breadcrumb\"},\"inLanguage\":\"it-IT\",\"potentialAction\":[{\"@type\":\"ReadAction\",\"target\":[\"https:\\\/\\\/www.rassegnastampa-totustuus.it\\\/cattolica\\\/eutanasia-in-canada-una-testimonianza\\\/\"]}]},{\"@type\":\"ImageObject\",\"inLanguage\":\"it-IT\",\"@id\":\"https:\\\/\\\/www.rassegnastampa-totustuus.it\\\/cattolica\\\/eutanasia-in-canada-una-testimonianza\\\/#primaryimage\",\"url\":\"https:\\\/\\\/www.rassegnastampa-totustuus.it\\\/cattolica\\\/wp-content\\\/uploads\\\/2022\\\/12\\\/eutanasia_canada.jpg\",\"contentUrl\":\"https:\\\/\\\/www.rassegnastampa-totustuus.it\\\/cattolica\\\/wp-content\\\/uploads\\\/2022\\\/12\\\/eutanasia_canada.jpg\",\"width\":263,\"height\":192},{\"@type\":\"BreadcrumbList\",\"@id\":\"https:\\\/\\\/www.rassegnastampa-totustuus.it\\\/cattolica\\\/eutanasia-in-canada-una-testimonianza\\\/#breadcrumb\",\"itemListElement\":[{\"@type\":\"ListItem\",\"position\":1,\"name\":\"Home\",\"item\":\"https:\\\/\\\/www.rassegnastampa-totustuus.it\\\/cattolica\\\/\"},{\"@type\":\"ListItem\",\"position\":2,\"name\":\"Eutanasia in Canada, una testimonianza\"}]},{\"@type\":\"WebSite\",\"@id\":\"https:\\\/\\\/www.rassegnastampa-totustuus.it\\\/cattolica\\\/#website\",\"url\":\"https:\\\/\\\/www.rassegnastampa-totustuus.it\\\/cattolica\\\/\",\"name\":\"Rassegna Stampa Cattolica\",\"description\":\"Per una cultura che nasce dalla Rivelazione cristiana in conformit\u00e0 alla tradizione e al Magistero della Chiesa in opposizione ad ogni relativismo e totalitarismo\",\"publisher\":{\"@id\":\"https:\\\/\\\/www.rassegnastampa-totustuus.it\\\/cattolica\\\/#organization\"},\"alternateName\":\"Rass. Cattolica\",\"potentialAction\":[{\"@type\":\"SearchAction\",\"target\":{\"@type\":\"EntryPoint\",\"urlTemplate\":\"https:\\\/\\\/www.rassegnastampa-totustuus.it\\\/cattolica\\\/?s={search_term_string}\"},\"query-input\":{\"@type\":\"PropertyValueSpecification\",\"valueRequired\":true,\"valueName\":\"search_term_string\"}}],\"inLanguage\":\"it-IT\"},{\"@type\":\"Organization\",\"@id\":\"https:\\\/\\\/www.rassegnastampa-totustuus.it\\\/cattolica\\\/#organization\",\"name\":\"Rassegna Stampa Cattolica\",\"url\":\"https:\\\/\\\/www.rassegnastampa-totustuus.it\\\/cattolica\\\/\",\"logo\":{\"@type\":\"ImageObject\",\"inLanguage\":\"it-IT\",\"@id\":\"https:\\\/\\\/www.rassegnastampa-totustuus.it\\\/cattolica\\\/#\\\/schema\\\/logo\\\/image\\\/\",\"url\":\"https:\\\/\\\/www.rassegnastampa-totustuus.it\\\/cattolica\\\/wp-content\\\/uploads\\\/2014\\\/04\\\/logo-rassegna1.gif\",\"contentUrl\":\"https:\\\/\\\/www.rassegnastampa-totustuus.it\\\/cattolica\\\/wp-content\\\/uploads\\\/2014\\\/04\\\/logo-rassegna1.gif\",\"width\":600,\"height\":163,\"caption\":\"Rassegna Stampa Cattolica\"},\"image\":{\"@id\":\"https:\\\/\\\/www.rassegnastampa-totustuus.it\\\/cattolica\\\/#\\\/schema\\\/logo\\\/image\\\/\"},\"sameAs\":[\"https:\\\/\\\/www.facebook.com\\\/rassegnastampacattolica\",\"https:\\\/\\\/x.com\\\/rassegnastampa9\"]},{\"@type\":\"Person\",\"@id\":\"https:\\\/\\\/www.rassegnastampa-totustuus.it\\\/cattolica\\\/#\\\/schema\\\/person\\\/08f319d2bd1a0904ad9e2bfb7b15e5c3\",\"name\":\"Redazione\",\"image\":{\"@type\":\"ImageObject\",\"inLanguage\":\"it-IT\",\"@id\":\"https:\\\/\\\/secure.gravatar.com\\\/avatar\\\/2fcdf27c78ea025fbdb44e914cc63c72249ffec9dc8aafd5c82b26240ef3f346?s=96&d=mm&r=g\",\"url\":\"https:\\\/\\\/secure.gravatar.com\\\/avatar\\\/2fcdf27c78ea025fbdb44e914cc63c72249ffec9dc8aafd5c82b26240ef3f346?s=96&d=mm&r=g\",\"contentUrl\":\"https:\\\/\\\/secure.gravatar.com\\\/avatar\\\/2fcdf27c78ea025fbdb44e914cc63c72249ffec9dc8aafd5c82b26240ef3f346?s=96&d=mm&r=g\",\"caption\":\"Redazione\"},\"url\":\"https:\\\/\\\/www.rassegnastampa-totustuus.it\\\/cattolica\\\/author\\\/pietroelle\\\/\"}]}<\/script>\n<!-- \/ Yoast SEO plugin. -->","yoast_head_json":{"title":"Eutanasia in Canada, una testimonianza - Rassegna Stampa Cattolica","description":"Eutanasia in Canada una testimonianza mostra come senza una resistenza il sistema scivoler\u00e0 sempre pi\u00f9 verso la morte di deboli e malati","robots":{"index":"index","follow":"follow","max-snippet":"max-snippet:-1","max-image-preview":"max-image-preview:large","max-video-preview":"max-video-preview:-1"},"canonical":"https:\/\/www.rassegnastampa-totustuus.it\/cattolica\/eutanasia-in-canada-una-testimonianza\/","og_locale":"it_IT","og_type":"article","og_title":"Eutanasia in Canada, una testimonianza - Rassegna Stampa Cattolica","og_description":"Eutanasia in Canada una testimonianza mostra come senza una resistenza il sistema scivoler\u00e0 sempre pi\u00f9 verso la morte di deboli e malati","og_url":"https:\/\/www.rassegnastampa-totustuus.it\/cattolica\/eutanasia-in-canada-una-testimonianza\/","og_site_name":"Rassegna Stampa Cattolica","article_publisher":"https:\/\/www.facebook.com\/rassegnastampacattolica","article_published_time":"2023-06-14T22:00:00+00:00","article_modified_time":"2024-01-04T16:23:20+00:00","og_image":[{"width":263,"height":192,"url":"https:\/\/www.rassegnastampa-totustuus.it\/cattolica\/wp-content\/uploads\/2022\/12\/eutanasia_canada.jpg","type":"image\/jpeg"}],"author":"Redazione","twitter_card":"summary_large_image","twitter_creator":"@rassegnastampa9","twitter_site":"@rassegnastampa9","twitter_misc":{"Scritto da":"Redazione","Tempo di lettura stimato":"9 minuti"},"schema":{"@context":"https:\/\/schema.org","@graph":[{"@type":"Article","@id":"https:\/\/www.rassegnastampa-totustuus.it\/cattolica\/eutanasia-in-canada-una-testimonianza\/#article","isPartOf":{"@id":"https:\/\/www.rassegnastampa-totustuus.it\/cattolica\/eutanasia-in-canada-una-testimonianza\/"},"author":{"name":"Redazione","@id":"https:\/\/www.rassegnastampa-totustuus.it\/cattolica\/#\/schema\/person\/08f319d2bd1a0904ad9e2bfb7b15e5c3"},"headline":"Eutanasia in Canada, una testimonianza","datePublished":"2023-06-14T22:00:00+00:00","dateModified":"2024-01-04T16:23:20+00:00","mainEntityOfPage":{"@id":"https:\/\/www.rassegnastampa-totustuus.it\/cattolica\/eutanasia-in-canada-una-testimonianza\/"},"wordCount":1224,"publisher":{"@id":"https:\/\/www.rassegnastampa-totustuus.it\/cattolica\/#organization"},"image":{"@id":"https:\/\/www.rassegnastampa-totustuus.it\/cattolica\/eutanasia-in-canada-una-testimonianza\/#primaryimage"},"thumbnailUrl":"https:\/\/www.rassegnastampa-totustuus.it\/cattolica\/wp-content\/uploads\/2022\/12\/eutanasia_canada.jpg","keywords":["Canada","eutanasia"],"articleSection":["Eutanasia"],"inLanguage":"it-IT"},{"@type":"WebPage","@id":"https:\/\/www.rassegnastampa-totustuus.it\/cattolica\/eutanasia-in-canada-una-testimonianza\/","url":"https:\/\/www.rassegnastampa-totustuus.it\/cattolica\/eutanasia-in-canada-una-testimonianza\/","name":"Eutanasia in Canada, una testimonianza - Rassegna Stampa Cattolica","isPartOf":{"@id":"https:\/\/www.rassegnastampa-totustuus.it\/cattolica\/#website"},"primaryImageOfPage":{"@id":"https:\/\/www.rassegnastampa-totustuus.it\/cattolica\/eutanasia-in-canada-una-testimonianza\/#primaryimage"},"image":{"@id":"https:\/\/www.rassegnastampa-totustuus.it\/cattolica\/eutanasia-in-canada-una-testimonianza\/#primaryimage"},"thumbnailUrl":"https:\/\/www.rassegnastampa-totustuus.it\/cattolica\/wp-content\/uploads\/2022\/12\/eutanasia_canada.jpg","datePublished":"2023-06-14T22:00:00+00:00","dateModified":"2024-01-04T16:23:20+00:00","description":"Eutanasia in Canada una testimonianza mostra come senza una resistenza il sistema scivoler\u00e0 sempre pi\u00f9 verso la morte di deboli e malati","breadcrumb":{"@id":"https:\/\/www.rassegnastampa-totustuus.it\/cattolica\/eutanasia-in-canada-una-testimonianza\/#breadcrumb"},"inLanguage":"it-IT","potentialAction":[{"@type":"ReadAction","target":["https:\/\/www.rassegnastampa-totustuus.it\/cattolica\/eutanasia-in-canada-una-testimonianza\/"]}]},{"@type":"ImageObject","inLanguage":"it-IT","@id":"https:\/\/www.rassegnastampa-totustuus.it\/cattolica\/eutanasia-in-canada-una-testimonianza\/#primaryimage","url":"https:\/\/www.rassegnastampa-totustuus.it\/cattolica\/wp-content\/uploads\/2022\/12\/eutanasia_canada.jpg","contentUrl":"https:\/\/www.rassegnastampa-totustuus.it\/cattolica\/wp-content\/uploads\/2022\/12\/eutanasia_canada.jpg","width":263,"height":192},{"@type":"BreadcrumbList","@id":"https:\/\/www.rassegnastampa-totustuus.it\/cattolica\/eutanasia-in-canada-una-testimonianza\/#breadcrumb","itemListElement":[{"@type":"ListItem","position":1,"name":"Home","item":"https:\/\/www.rassegnastampa-totustuus.it\/cattolica\/"},{"@type":"ListItem","position":2,"name":"Eutanasia in Canada, una testimonianza"}]},{"@type":"WebSite","@id":"https:\/\/www.rassegnastampa-totustuus.it\/cattolica\/#website","url":"https:\/\/www.rassegnastampa-totustuus.it\/cattolica\/","name":"Rassegna Stampa Cattolica","description":"Per una cultura che nasce dalla Rivelazione cristiana in conformit\u00e0 alla tradizione e al Magistero della Chiesa in opposizione ad ogni relativismo e totalitarismo","publisher":{"@id":"https:\/\/www.rassegnastampa-totustuus.it\/cattolica\/#organization"},"alternateName":"Rass. Cattolica","potentialAction":[{"@type":"SearchAction","target":{"@type":"EntryPoint","urlTemplate":"https:\/\/www.rassegnastampa-totustuus.it\/cattolica\/?s={search_term_string}"},"query-input":{"@type":"PropertyValueSpecification","valueRequired":true,"valueName":"search_term_string"}}],"inLanguage":"it-IT"},{"@type":"Organization","@id":"https:\/\/www.rassegnastampa-totustuus.it\/cattolica\/#organization","name":"Rassegna Stampa Cattolica","url":"https:\/\/www.rassegnastampa-totustuus.it\/cattolica\/","logo":{"@type":"ImageObject","inLanguage":"it-IT","@id":"https:\/\/www.rassegnastampa-totustuus.it\/cattolica\/#\/schema\/logo\/image\/","url":"https:\/\/www.rassegnastampa-totustuus.it\/cattolica\/wp-content\/uploads\/2014\/04\/logo-rassegna1.gif","contentUrl":"https:\/\/www.rassegnastampa-totustuus.it\/cattolica\/wp-content\/uploads\/2014\/04\/logo-rassegna1.gif","width":600,"height":163,"caption":"Rassegna Stampa Cattolica"},"image":{"@id":"https:\/\/www.rassegnastampa-totustuus.it\/cattolica\/#\/schema\/logo\/image\/"},"sameAs":["https:\/\/www.facebook.com\/rassegnastampacattolica","https:\/\/x.com\/rassegnastampa9"]},{"@type":"Person","@id":"https:\/\/www.rassegnastampa-totustuus.it\/cattolica\/#\/schema\/person\/08f319d2bd1a0904ad9e2bfb7b15e5c3","name":"Redazione","image":{"@type":"ImageObject","inLanguage":"it-IT","@id":"https:\/\/secure.gravatar.com\/avatar\/2fcdf27c78ea025fbdb44e914cc63c72249ffec9dc8aafd5c82b26240ef3f346?s=96&d=mm&r=g","url":"https:\/\/secure.gravatar.com\/avatar\/2fcdf27c78ea025fbdb44e914cc63c72249ffec9dc8aafd5c82b26240ef3f346?s=96&d=mm&r=g","contentUrl":"https:\/\/secure.gravatar.com\/avatar\/2fcdf27c78ea025fbdb44e914cc63c72249ffec9dc8aafd5c82b26240ef3f346?s=96&d=mm&r=g","caption":"Redazione"},"url":"https:\/\/www.rassegnastampa-totustuus.it\/cattolica\/author\/pietroelle\/"}]}},"_links":{"self":[{"href":"https:\/\/www.rassegnastampa-totustuus.it\/cattolica\/wp-json\/wp\/v2\/posts\/56568","targetHints":{"allow":["GET"]}}],"collection":[{"href":"https:\/\/www.rassegnastampa-totustuus.it\/cattolica\/wp-json\/wp\/v2\/posts"}],"about":[{"href":"https:\/\/www.rassegnastampa-totustuus.it\/cattolica\/wp-json\/wp\/v2\/types\/post"}],"author":[{"embeddable":true,"href":"https:\/\/www.rassegnastampa-totustuus.it\/cattolica\/wp-json\/wp\/v2\/users\/6"}],"replies":[{"embeddable":true,"href":"https:\/\/www.rassegnastampa-totustuus.it\/cattolica\/wp-json\/wp\/v2\/comments?post=56568"}],"version-history":[{"count":5,"href":"https:\/\/www.rassegnastampa-totustuus.it\/cattolica\/wp-json\/wp\/v2\/posts\/56568\/revisions"}],"predecessor-version":[{"id":58765,"href":"https:\/\/www.rassegnastampa-totustuus.it\/cattolica\/wp-json\/wp\/v2\/posts\/56568\/revisions\/58765"}],"wp:featuredmedia":[{"embeddable":true,"href":"https:\/\/www.rassegnastampa-totustuus.it\/cattolica\/wp-json\/wp\/v2\/media\/55359"}],"wp:attachment":[{"href":"https:\/\/www.rassegnastampa-totustuus.it\/cattolica\/wp-json\/wp\/v2\/media?parent=56568"}],"wp:term":[{"taxonomy":"category","embeddable":true,"href":"https:\/\/www.rassegnastampa-totustuus.it\/cattolica\/wp-json\/wp\/v2\/categories?post=56568"},{"taxonomy":"post_tag","embeddable":true,"href":"https:\/\/www.rassegnastampa-totustuus.it\/cattolica\/wp-json\/wp\/v2\/tags?post=56568"}],"curies":[{"name":"wp","href":"https:\/\/api.w.org\/{rel}","templated":true}]}}