{"id":56558,"date":"2023-06-08T00:00:00","date_gmt":"2023-06-07T22:00:00","guid":{"rendered":"https:\/\/www.rassegnastampa-totustuus.it\/cattolica\/?p=56558"},"modified":"2024-01-04T20:20:32","modified_gmt":"2024-01-04T19:20:32","slug":"conversione-e-proselitismo","status":"publish","type":"post","link":"https:\/\/www.rassegnastampa-totustuus.it\/cattolica\/conversione-e-proselitismo\/","title":{"rendered":"Conversione e proselitismo"},"content":{"rendered":"<p style=\"text-align: justify;\"><span style=\"color: #000000;\"><strong><img loading=\"lazy\" decoding=\"async\" class=\" wp-image-56560 alignright\" src=\"https:\/\/www.rassegnastampa-totustuus.it\/cattolica\/wp-content\/uploads\/2023\/06\/conversione.jpg\" alt=\"\" width=\"322\" height=\"195\" \/>Abstract: <\/strong><em>\u00e8 necessaria una riflessione, affinch\u00e9 i semplici fedeli o anche i sacerdoti in cura d\u2019anime non abbiano a pensare che convertire delle persone, ovvero portarle alla Fede, sia una cosa sbagliata. \u00abLa religione rivelata non \u00e8 una verit\u00e0, ma un sentimento e una preferenza personale\u201d. Per cui secondo il relativismo la conversione non \u00e8 pi\u00f9 necessaria, e anzi va osteggiata. Magari bollandola con il termine di \u201cproselitismo\u201d.<\/em><\/span><\/p>\n<p><!--more--><\/p>\n<p style=\"text-align: center;\"><span style=\"color: #000000;\"><a href=\"https:\/\/www.informazionecattolica.it\/\" target=\"_blank\" rel=\"noopener\"><strong>InFormazione cattolica <\/strong><\/a>6 Giugno 2023<\/span><strong> \u00a0<\/strong><\/p>\n<h3 style=\"text-align: center;\"><span style=\"color: #000000;\"><strong>Conversione e proselitismo, \u00e8 necessaria una riflessione<\/strong><\/span><\/h3>\n<h4 style=\"text-align: center;\"><span style=\"color: #000000;\"><em>La conversione: un dono di grazia <\/em><\/span><\/h4>\n<p style=\"text-align: center;\"><span style=\"color: #000000;\">di <strong>Paolo Gulisano<\/strong><\/span><\/p>\n<p style=\"text-align: justify;\"><span style=\"color: #000000;\">Negli scorsi giorni la cronaca ha riportato un singolare episodio riferito a papa Francesco. Ora, a mente fredda, vale la pena spendere alcune considerazioni in merito a tale episodio e a ci\u00f2 che pu\u00f2 significare per un cristiano.<\/span><\/p>\n<p style=\"text-align: justify;\"><span style=\"color: #000000;\"><img loading=\"lazy\" decoding=\"async\" class=\" wp-image-42076 alignleft\" src=\"https:\/\/www.rassegnastampa-totustuus.it\/cattolica\/wp-content\/uploads\/2019\/02\/conversione.jpg\" alt=\"\" width=\"284\" height=\"239\" \/>\u00c8 il papa stesso che lo ha raccontato, spiegando che una signora gli aveva fatto perdere le staffe. \u00abUscivo dalla sagrestia e c\u2019era una signora molto elegante, ricca pure, con un ragazzo e una ragazza. E questa signora che parlava lo spagnolo mi dice: \u201cPadre, sono contenta perch\u00e9 ho convertito questi due\u201d. Io mi sono arrabbiato\u00bb. E perch\u00e9 mai l\u2019anziano gesuita se l\u2019\u00e8 presa tanto? \u201cPerch\u00e9 non si fa proselitismo\u201d ha spiegato.<\/span><\/p>\n<p style=\"text-align: justify;\"><span style=\"color: #000000;\">A questo punto, come si diceva, \u00e8 necessaria una riflessione, affinch\u00e9 i semplici fedeli o anche i sacerdoti in cura d\u2019anime non abbiano a pensare che convertire delle persone, ovvero portarle alla Fede, sia una cosa sbagliata. Forse il papa anzich\u00e9 cedere all\u2019ira e ai pregiudizi (la signora era \u201cricca\u201d, e come faceva saperlo Bergoglio? Forse che aveva preso visione della sua denuncia dei redditi?) avrebbe dovuto chiedere alla signora come era andata. Come vivevano quei due ragazzi prima della conversione? In cosa credevano? E soprattutto avrebbe potuto chiederlo agli stessi ragazzi, ponendo anche una semplicissima ma fondamentale domanda: siete contenti di esservi convertiti?<\/span><\/p>\n<p style=\"text-align: justify;\"><span style=\"color: #000000;\"><img loading=\"lazy\" decoding=\"async\" class=\" wp-image-28683 alignright\" src=\"https:\/\/www.rassegnastampa-totustuus.it\/cattolica\/wp-content\/uploads\/2006\/05\/conversioni.jpg\" alt=\"\" width=\"301\" height=\"183\" \/>Probabilmente la risposta gioiosa dei giovani avrebbe smorzato la rabbia e lo zelo amaro del pastore argentino. La conversione \u00e8 sempre un\u2019esperienza di gioia e di commozione. In questo anno in cui si celebra il 150\u00b0 anniversario della morte di Alessandro Manzoni, al papa si potrebbe consigliare la rilettura dei Promessi Sposi, in particolare le pagine struggenti della conversione dell\u2019Innominato. Un uomo malvagio, un peccatore incallito, al quale il cardinale Borromeo porta la luce della Fede. L\u2019arcivescovo non era preoccupato di evitare il proselitismo, non si voleva limitare nell\u2019incontro con il peccatore di un dialogo rispettoso, ma gli annuncia la salvezza portata da Cristo.<\/span><\/p>\n<p style=\"text-align: justify;\"><span style=\"color: #000000;\">Probabilmente il papa argentino ragiona con categorie puramente sociologiche, per le quali con il termine \u201cproselitismo\u201d viene generalmente indicato un atteggiamento per ci si \u201carruola\u201d in una certa parte, religiosa o politica, un nuovo adepto, al quale quasi si impone in modo unilaterale un determinato sistema di idee. Non \u00e8 la prima volta che il papa crea equivoci tra il concetto di conversione e quello di proselitismo. Accadde gi\u00e0 anni fa, precisamente in un dialogo tra lui e il giornalista Eugenio Scalfari, uno dei guru del laicismo antireligioso, in cui sottoline\u00f2 il carattere negativo del proselitismo affermando che \u00e8 \u201cuna solenne sciocchezza\u201d.<\/span><\/p>\n<p style=\"text-align: justify;\"><span style=\"color: #000000;\"><img loading=\"lazy\" decoding=\"async\" class=\" wp-image-31597 alignleft\" src=\"https:\/\/www.rassegnastampa-totustuus.it\/cattolica\/wp-content\/uploads\/2009\/05\/conversione.jpg\" alt=\"\" width=\"180\" height=\"236\" \/>Ma la conversione \u00e8 tutta un\u2019altra cosa, e l\u2019esempio dell\u2019Innominato \u00e8 il pi\u00f9 evidente. Conversione vuol dire finalmente incontrare la Verit\u00e0, giungere al termine di una ricerca, trovare le risposte alle proprie domande. La signora disprezzata dal papa gli portava questa notizia, di aver portato alla Fede qualcuno che non la conosceva. \u201cSono contenta\u201d, gli aveva detto. Ma Bergoglio purtroppo non aveva fatto caso a questa gioia, giudicandola dalle apparenze (\u201celegante\u201d, la definisce, e quindi ricca, e quindi cattiva). E non aveva fatto caso nemmeno alla gioia di quei due giovani, cui la signora, ci immaginiamo con quanta trepidazione, aveva portato ad incontrare nientemeno che il papa. E chiss\u00e0 cos\u2019hanno provato, quei ragazzi, a sentirsi definire \u201cproseliti\u201d, come se fossero dei nuovi tifosi del san Lorenzo, la (mediocre) squadra di cui Bergoglio \u00e8 tifoso.<\/span><\/p>\n<p style=\"text-align: justify;\"><span style=\"color: #000000;\">Ci auguriamo e preghiamo perch\u00e9 la freddezza e l\u2019ostilit\u00e0 con cui sono stati accolti non pregiudichi la gioia di avere finalmente incontrato Cristo nella loro vita, e di avere iniziato una nuova vita. Sappiano che prima di loro tanti altri hanno vissuto questa esperienza, che fu voluta da Cristo Salvatore stesso. Uno dei passi fondamentali del Vangelo secondo Matteo riporta l\u2019esortazione di Ges\u00f9 ai suoi apostoli affinch\u00e9 i vadano in tutto il mondo facendo discepoli, battezzandoli e diffondendo gli insegnamenti del Messia. Convertire vuol dire evangelizzare, fare apostolato, portare la salvezza ad ogni persona.<\/span><\/p>\n<p style=\"text-align: justify;\"><span style=\"color: #000000;\"><img loading=\"lazy\" decoding=\"async\" class=\" wp-image-31244 alignright\" src=\"https:\/\/www.rassegnastampa-totustuus.it\/cattolica\/wp-content\/uploads\/2005\/01\/convertiti_Islam.jpg\" alt=\"\" width=\"304\" height=\"228\" \/>Un grande santo, e un grande convertito, l\u2019Inglese John Henry Newman, alle soglie degli ottant\u2019anni di vita, in occasione della sua elevazione alla dignit\u00e0 cardinalizia, scriveva quanto aveva sperimentato nella sua prima conversione, l\u2019incontro con la Verit\u00e0. . Ribadiva, ancora una volta, che la grande peste del nostro tempo \u00e8 \u201clo spirito del liberalismo nella religione\u201d. Oggi potremmo chiamarlo relativismo, una \u201cpeste che combatte ogni dogma, affermando per\u00f2 i propri, rigidi ed indiscutibili: \u00abLa religione rivelata non \u00e8 una verit\u00e0, ma un sentimento e una preferenza personale\u201d. Per cui secondo il relativismo la conversione non \u00e8 pi\u00f9 necessaria, e anzi va osteggiata. Magari bollandola con il termine di \u201cproselitismo\u201d.<\/span><\/p>\n<p style=\"text-align: justify;\"><span style=\"color: #000000;\">Nessun dubbio, quindi: occorre pi\u00f9 che mai fare apostolato, evangelizzare, convertire.<\/span><\/p>\n<p>____________________________________<\/p>\n<p><a href=\"https:\/\/www.rassegnastampa-totustuus.it\/cattolica\/corea-del-sud-la-tigre-asiatica-della-chiesa\/\" target=\"_blank\" rel=\"noopener\"><span style=\"color: #0000ff;\">Corea del Sud, la tigre asiatica della Chiesa<\/span><\/a><\/p>\n","protected":false},"excerpt":{"rendered":"<p>Abstract: \u00e8 necessaria una riflessione, affinch\u00e9 i semplici fedeli o anche i sacerdoti in cura d\u2019anime non abbiano a pensare che convertire delle persone, ovvero portarle alla Fede, sia una cosa sbagliata. \u00abLa religione rivelata non \u00e8 una verit\u00e0, ma un sentimento e una preferenza personale\u201d. Per cui secondo il relativismo la conversione non \u00e8 &hellip; <\/p>\n<p><a class=\"more-link btn\" href=\"https:\/\/www.rassegnastampa-totustuus.it\/cattolica\/conversione-e-proselitismo\/\">Continua a leggere<\/a><\/p>\n","protected":false},"author":6,"featured_media":56560,"comment_status":"closed","ping_status":"closed","sticky":false,"template":"","format":"standard","meta":{"footnotes":""},"categories":[5,42],"tags":[157,259,458],"class_list":["post-56558","post","type-post","status-publish","format-standard","has-post-thumbnail","hentry","category-chiesa","category-dottrina-e-morale","tag-chiesa-2","tag-conversioni","tag-dottrina-e-morale-2","item-wrap"],"yoast_head":"<!-- This site is optimized with the Yoast SEO plugin v27.5 - https:\/\/yoast.com\/product\/yoast-seo-wordpress\/ -->\n<title>Conversione e proselitismo - Rassegna Stampa Cattolica<\/title>\n<meta name=\"description\" content=\"Conversione e proselitismo; si rifletta, affinch\u00e9 i semplici fedeli o anche i sacerdoti non pensino che portare alla Fede sia sbagliato.\" \/>\n<meta name=\"robots\" content=\"index, follow, max-snippet:-1, max-image-preview:large, max-video-preview:-1\" \/>\n<link rel=\"canonical\" href=\"https:\/\/www.rassegnastampa-totustuus.it\/cattolica\/conversione-e-proselitismo\/\" \/>\n<meta property=\"og:locale\" content=\"it_IT\" \/>\n<meta property=\"og:type\" content=\"article\" \/>\n<meta property=\"og:title\" content=\"Conversione e proselitismo - Rassegna Stampa Cattolica\" \/>\n<meta property=\"og:description\" content=\"Conversione e proselitismo; si rifletta, affinch\u00e9 i semplici fedeli o anche i sacerdoti non pensino che portare alla Fede sia sbagliato.\" \/>\n<meta property=\"og:url\" content=\"https:\/\/www.rassegnastampa-totustuus.it\/cattolica\/conversione-e-proselitismo\/\" \/>\n<meta property=\"og:site_name\" content=\"Rassegna Stampa Cattolica\" \/>\n<meta property=\"article:publisher\" content=\"https:\/\/www.facebook.com\/rassegnastampacattolica\" \/>\n<meta property=\"article:published_time\" content=\"2023-06-07T22:00:00+00:00\" \/>\n<meta property=\"article:modified_time\" content=\"2024-01-04T19:20:32+00:00\" \/>\n<meta property=\"og:image\" content=\"https:\/\/www.rassegnastampa-totustuus.it\/cattolica\/wp-content\/uploads\/2023\/06\/conversione.jpg\" \/>\n\t<meta property=\"og:image:width\" content=\"297\" \/>\n\t<meta property=\"og:image:height\" content=\"180\" \/>\n\t<meta property=\"og:image:type\" content=\"image\/jpeg\" \/>\n<meta name=\"author\" content=\"Redazione\" \/>\n<meta name=\"twitter:card\" content=\"summary_large_image\" \/>\n<meta name=\"twitter:creator\" content=\"@rassegnastampa9\" \/>\n<meta name=\"twitter:site\" content=\"@rassegnastampa9\" \/>\n<meta name=\"twitter:label1\" content=\"Scritto da\" \/>\n\t<meta name=\"twitter:data1\" content=\"Redazione\" \/>\n\t<meta name=\"twitter:label2\" content=\"Tempo di lettura stimato\" \/>\n\t<meta name=\"twitter:data2\" content=\"6 minuti\" \/>\n<script type=\"application\/ld+json\" class=\"yoast-schema-graph\">{\"@context\":\"https:\\\/\\\/schema.org\",\"@graph\":[{\"@type\":\"Article\",\"@id\":\"https:\\\/\\\/www.rassegnastampa-totustuus.it\\\/cattolica\\\/conversione-e-proselitismo\\\/#article\",\"isPartOf\":{\"@id\":\"https:\\\/\\\/www.rassegnastampa-totustuus.it\\\/cattolica\\\/conversione-e-proselitismo\\\/\"},\"author\":{\"name\":\"Redazione\",\"@id\":\"https:\\\/\\\/www.rassegnastampa-totustuus.it\\\/cattolica\\\/#\\\/schema\\\/person\\\/08f319d2bd1a0904ad9e2bfb7b15e5c3\"},\"headline\":\"Conversione e proselitismo\",\"datePublished\":\"2023-06-07T22:00:00+00:00\",\"dateModified\":\"2024-01-04T19:20:32+00:00\",\"mainEntityOfPage\":{\"@id\":\"https:\\\/\\\/www.rassegnastampa-totustuus.it\\\/cattolica\\\/conversione-e-proselitismo\\\/\"},\"wordCount\":867,\"publisher\":{\"@id\":\"https:\\\/\\\/www.rassegnastampa-totustuus.it\\\/cattolica\\\/#organization\"},\"image\":{\"@id\":\"https:\\\/\\\/www.rassegnastampa-totustuus.it\\\/cattolica\\\/conversione-e-proselitismo\\\/#primaryimage\"},\"thumbnailUrl\":\"https:\\\/\\\/www.rassegnastampa-totustuus.it\\\/cattolica\\\/wp-content\\\/uploads\\\/2023\\\/06\\\/conversione.jpg\",\"keywords\":[\"chiesa\",\"conversioni\",\"dottrina e morale\"],\"articleSection\":[\"Chiesa\",\"Dottrina e morale\"],\"inLanguage\":\"it-IT\"},{\"@type\":\"WebPage\",\"@id\":\"https:\\\/\\\/www.rassegnastampa-totustuus.it\\\/cattolica\\\/conversione-e-proselitismo\\\/\",\"url\":\"https:\\\/\\\/www.rassegnastampa-totustuus.it\\\/cattolica\\\/conversione-e-proselitismo\\\/\",\"name\":\"Conversione e proselitismo - Rassegna Stampa Cattolica\",\"isPartOf\":{\"@id\":\"https:\\\/\\\/www.rassegnastampa-totustuus.it\\\/cattolica\\\/#website\"},\"primaryImageOfPage\":{\"@id\":\"https:\\\/\\\/www.rassegnastampa-totustuus.it\\\/cattolica\\\/conversione-e-proselitismo\\\/#primaryimage\"},\"image\":{\"@id\":\"https:\\\/\\\/www.rassegnastampa-totustuus.it\\\/cattolica\\\/conversione-e-proselitismo\\\/#primaryimage\"},\"thumbnailUrl\":\"https:\\\/\\\/www.rassegnastampa-totustuus.it\\\/cattolica\\\/wp-content\\\/uploads\\\/2023\\\/06\\\/conversione.jpg\",\"datePublished\":\"2023-06-07T22:00:00+00:00\",\"dateModified\":\"2024-01-04T19:20:32+00:00\",\"description\":\"Conversione e proselitismo; si rifletta, affinch\u00e9 i semplici fedeli o anche i sacerdoti non pensino che portare alla Fede sia sbagliato.\",\"breadcrumb\":{\"@id\":\"https:\\\/\\\/www.rassegnastampa-totustuus.it\\\/cattolica\\\/conversione-e-proselitismo\\\/#breadcrumb\"},\"inLanguage\":\"it-IT\",\"potentialAction\":[{\"@type\":\"ReadAction\",\"target\":[\"https:\\\/\\\/www.rassegnastampa-totustuus.it\\\/cattolica\\\/conversione-e-proselitismo\\\/\"]}]},{\"@type\":\"ImageObject\",\"inLanguage\":\"it-IT\",\"@id\":\"https:\\\/\\\/www.rassegnastampa-totustuus.it\\\/cattolica\\\/conversione-e-proselitismo\\\/#primaryimage\",\"url\":\"https:\\\/\\\/www.rassegnastampa-totustuus.it\\\/cattolica\\\/wp-content\\\/uploads\\\/2023\\\/06\\\/conversione.jpg\",\"contentUrl\":\"https:\\\/\\\/www.rassegnastampa-totustuus.it\\\/cattolica\\\/wp-content\\\/uploads\\\/2023\\\/06\\\/conversione.jpg\",\"width\":297,\"height\":180},{\"@type\":\"BreadcrumbList\",\"@id\":\"https:\\\/\\\/www.rassegnastampa-totustuus.it\\\/cattolica\\\/conversione-e-proselitismo\\\/#breadcrumb\",\"itemListElement\":[{\"@type\":\"ListItem\",\"position\":1,\"name\":\"Home\",\"item\":\"https:\\\/\\\/www.rassegnastampa-totustuus.it\\\/cattolica\\\/\"},{\"@type\":\"ListItem\",\"position\":2,\"name\":\"Conversione e proselitismo\"}]},{\"@type\":\"WebSite\",\"@id\":\"https:\\\/\\\/www.rassegnastampa-totustuus.it\\\/cattolica\\\/#website\",\"url\":\"https:\\\/\\\/www.rassegnastampa-totustuus.it\\\/cattolica\\\/\",\"name\":\"Rassegna Stampa Cattolica\",\"description\":\"Per una cultura che nasce dalla Rivelazione cristiana in conformit\u00e0 alla tradizione e al Magistero della Chiesa in opposizione ad ogni relativismo e totalitarismo\",\"publisher\":{\"@id\":\"https:\\\/\\\/www.rassegnastampa-totustuus.it\\\/cattolica\\\/#organization\"},\"alternateName\":\"Rass. Cattolica\",\"potentialAction\":[{\"@type\":\"SearchAction\",\"target\":{\"@type\":\"EntryPoint\",\"urlTemplate\":\"https:\\\/\\\/www.rassegnastampa-totustuus.it\\\/cattolica\\\/?s={search_term_string}\"},\"query-input\":{\"@type\":\"PropertyValueSpecification\",\"valueRequired\":true,\"valueName\":\"search_term_string\"}}],\"inLanguage\":\"it-IT\"},{\"@type\":\"Organization\",\"@id\":\"https:\\\/\\\/www.rassegnastampa-totustuus.it\\\/cattolica\\\/#organization\",\"name\":\"Rassegna Stampa Cattolica\",\"url\":\"https:\\\/\\\/www.rassegnastampa-totustuus.it\\\/cattolica\\\/\",\"logo\":{\"@type\":\"ImageObject\",\"inLanguage\":\"it-IT\",\"@id\":\"https:\\\/\\\/www.rassegnastampa-totustuus.it\\\/cattolica\\\/#\\\/schema\\\/logo\\\/image\\\/\",\"url\":\"https:\\\/\\\/www.rassegnastampa-totustuus.it\\\/cattolica\\\/wp-content\\\/uploads\\\/2014\\\/04\\\/logo-rassegna1.gif\",\"contentUrl\":\"https:\\\/\\\/www.rassegnastampa-totustuus.it\\\/cattolica\\\/wp-content\\\/uploads\\\/2014\\\/04\\\/logo-rassegna1.gif\",\"width\":600,\"height\":163,\"caption\":\"Rassegna Stampa Cattolica\"},\"image\":{\"@id\":\"https:\\\/\\\/www.rassegnastampa-totustuus.it\\\/cattolica\\\/#\\\/schema\\\/logo\\\/image\\\/\"},\"sameAs\":[\"https:\\\/\\\/www.facebook.com\\\/rassegnastampacattolica\",\"https:\\\/\\\/x.com\\\/rassegnastampa9\"]},{\"@type\":\"Person\",\"@id\":\"https:\\\/\\\/www.rassegnastampa-totustuus.it\\\/cattolica\\\/#\\\/schema\\\/person\\\/08f319d2bd1a0904ad9e2bfb7b15e5c3\",\"name\":\"Redazione\",\"image\":{\"@type\":\"ImageObject\",\"inLanguage\":\"it-IT\",\"@id\":\"https:\\\/\\\/secure.gravatar.com\\\/avatar\\\/2fcdf27c78ea025fbdb44e914cc63c72249ffec9dc8aafd5c82b26240ef3f346?s=96&d=mm&r=g\",\"url\":\"https:\\\/\\\/secure.gravatar.com\\\/avatar\\\/2fcdf27c78ea025fbdb44e914cc63c72249ffec9dc8aafd5c82b26240ef3f346?s=96&d=mm&r=g\",\"contentUrl\":\"https:\\\/\\\/secure.gravatar.com\\\/avatar\\\/2fcdf27c78ea025fbdb44e914cc63c72249ffec9dc8aafd5c82b26240ef3f346?s=96&d=mm&r=g\",\"caption\":\"Redazione\"},\"url\":\"https:\\\/\\\/www.rassegnastampa-totustuus.it\\\/cattolica\\\/author\\\/pietroelle\\\/\"}]}<\/script>\n<!-- \/ Yoast SEO plugin. -->","yoast_head_json":{"title":"Conversione e proselitismo - Rassegna Stampa Cattolica","description":"Conversione e proselitismo; si rifletta, affinch\u00e9 i semplici fedeli o anche i sacerdoti non pensino che portare alla Fede sia sbagliato.","robots":{"index":"index","follow":"follow","max-snippet":"max-snippet:-1","max-image-preview":"max-image-preview:large","max-video-preview":"max-video-preview:-1"},"canonical":"https:\/\/www.rassegnastampa-totustuus.it\/cattolica\/conversione-e-proselitismo\/","og_locale":"it_IT","og_type":"article","og_title":"Conversione e proselitismo - Rassegna Stampa Cattolica","og_description":"Conversione e proselitismo; si rifletta, affinch\u00e9 i semplici fedeli o anche i sacerdoti non pensino che portare alla Fede sia sbagliato.","og_url":"https:\/\/www.rassegnastampa-totustuus.it\/cattolica\/conversione-e-proselitismo\/","og_site_name":"Rassegna Stampa Cattolica","article_publisher":"https:\/\/www.facebook.com\/rassegnastampacattolica","article_published_time":"2023-06-07T22:00:00+00:00","article_modified_time":"2024-01-04T19:20:32+00:00","og_image":[{"width":297,"height":180,"url":"https:\/\/www.rassegnastampa-totustuus.it\/cattolica\/wp-content\/uploads\/2023\/06\/conversione.jpg","type":"image\/jpeg"}],"author":"Redazione","twitter_card":"summary_large_image","twitter_creator":"@rassegnastampa9","twitter_site":"@rassegnastampa9","twitter_misc":{"Scritto da":"Redazione","Tempo di lettura stimato":"6 minuti"},"schema":{"@context":"https:\/\/schema.org","@graph":[{"@type":"Article","@id":"https:\/\/www.rassegnastampa-totustuus.it\/cattolica\/conversione-e-proselitismo\/#article","isPartOf":{"@id":"https:\/\/www.rassegnastampa-totustuus.it\/cattolica\/conversione-e-proselitismo\/"},"author":{"name":"Redazione","@id":"https:\/\/www.rassegnastampa-totustuus.it\/cattolica\/#\/schema\/person\/08f319d2bd1a0904ad9e2bfb7b15e5c3"},"headline":"Conversione e proselitismo","datePublished":"2023-06-07T22:00:00+00:00","dateModified":"2024-01-04T19:20:32+00:00","mainEntityOfPage":{"@id":"https:\/\/www.rassegnastampa-totustuus.it\/cattolica\/conversione-e-proselitismo\/"},"wordCount":867,"publisher":{"@id":"https:\/\/www.rassegnastampa-totustuus.it\/cattolica\/#organization"},"image":{"@id":"https:\/\/www.rassegnastampa-totustuus.it\/cattolica\/conversione-e-proselitismo\/#primaryimage"},"thumbnailUrl":"https:\/\/www.rassegnastampa-totustuus.it\/cattolica\/wp-content\/uploads\/2023\/06\/conversione.jpg","keywords":["chiesa","conversioni","dottrina e morale"],"articleSection":["Chiesa","Dottrina e morale"],"inLanguage":"it-IT"},{"@type":"WebPage","@id":"https:\/\/www.rassegnastampa-totustuus.it\/cattolica\/conversione-e-proselitismo\/","url":"https:\/\/www.rassegnastampa-totustuus.it\/cattolica\/conversione-e-proselitismo\/","name":"Conversione e proselitismo - Rassegna Stampa Cattolica","isPartOf":{"@id":"https:\/\/www.rassegnastampa-totustuus.it\/cattolica\/#website"},"primaryImageOfPage":{"@id":"https:\/\/www.rassegnastampa-totustuus.it\/cattolica\/conversione-e-proselitismo\/#primaryimage"},"image":{"@id":"https:\/\/www.rassegnastampa-totustuus.it\/cattolica\/conversione-e-proselitismo\/#primaryimage"},"thumbnailUrl":"https:\/\/www.rassegnastampa-totustuus.it\/cattolica\/wp-content\/uploads\/2023\/06\/conversione.jpg","datePublished":"2023-06-07T22:00:00+00:00","dateModified":"2024-01-04T19:20:32+00:00","description":"Conversione e proselitismo; si rifletta, affinch\u00e9 i semplici fedeli o anche i sacerdoti non pensino che portare alla Fede sia sbagliato.","breadcrumb":{"@id":"https:\/\/www.rassegnastampa-totustuus.it\/cattolica\/conversione-e-proselitismo\/#breadcrumb"},"inLanguage":"it-IT","potentialAction":[{"@type":"ReadAction","target":["https:\/\/www.rassegnastampa-totustuus.it\/cattolica\/conversione-e-proselitismo\/"]}]},{"@type":"ImageObject","inLanguage":"it-IT","@id":"https:\/\/www.rassegnastampa-totustuus.it\/cattolica\/conversione-e-proselitismo\/#primaryimage","url":"https:\/\/www.rassegnastampa-totustuus.it\/cattolica\/wp-content\/uploads\/2023\/06\/conversione.jpg","contentUrl":"https:\/\/www.rassegnastampa-totustuus.it\/cattolica\/wp-content\/uploads\/2023\/06\/conversione.jpg","width":297,"height":180},{"@type":"BreadcrumbList","@id":"https:\/\/www.rassegnastampa-totustuus.it\/cattolica\/conversione-e-proselitismo\/#breadcrumb","itemListElement":[{"@type":"ListItem","position":1,"name":"Home","item":"https:\/\/www.rassegnastampa-totustuus.it\/cattolica\/"},{"@type":"ListItem","position":2,"name":"Conversione e proselitismo"}]},{"@type":"WebSite","@id":"https:\/\/www.rassegnastampa-totustuus.it\/cattolica\/#website","url":"https:\/\/www.rassegnastampa-totustuus.it\/cattolica\/","name":"Rassegna Stampa Cattolica","description":"Per una cultura che nasce dalla Rivelazione cristiana in conformit\u00e0 alla tradizione e al Magistero della Chiesa in opposizione ad ogni relativismo e totalitarismo","publisher":{"@id":"https:\/\/www.rassegnastampa-totustuus.it\/cattolica\/#organization"},"alternateName":"Rass. Cattolica","potentialAction":[{"@type":"SearchAction","target":{"@type":"EntryPoint","urlTemplate":"https:\/\/www.rassegnastampa-totustuus.it\/cattolica\/?s={search_term_string}"},"query-input":{"@type":"PropertyValueSpecification","valueRequired":true,"valueName":"search_term_string"}}],"inLanguage":"it-IT"},{"@type":"Organization","@id":"https:\/\/www.rassegnastampa-totustuus.it\/cattolica\/#organization","name":"Rassegna Stampa Cattolica","url":"https:\/\/www.rassegnastampa-totustuus.it\/cattolica\/","logo":{"@type":"ImageObject","inLanguage":"it-IT","@id":"https:\/\/www.rassegnastampa-totustuus.it\/cattolica\/#\/schema\/logo\/image\/","url":"https:\/\/www.rassegnastampa-totustuus.it\/cattolica\/wp-content\/uploads\/2014\/04\/logo-rassegna1.gif","contentUrl":"https:\/\/www.rassegnastampa-totustuus.it\/cattolica\/wp-content\/uploads\/2014\/04\/logo-rassegna1.gif","width":600,"height":163,"caption":"Rassegna Stampa Cattolica"},"image":{"@id":"https:\/\/www.rassegnastampa-totustuus.it\/cattolica\/#\/schema\/logo\/image\/"},"sameAs":["https:\/\/www.facebook.com\/rassegnastampacattolica","https:\/\/x.com\/rassegnastampa9"]},{"@type":"Person","@id":"https:\/\/www.rassegnastampa-totustuus.it\/cattolica\/#\/schema\/person\/08f319d2bd1a0904ad9e2bfb7b15e5c3","name":"Redazione","image":{"@type":"ImageObject","inLanguage":"it-IT","@id":"https:\/\/secure.gravatar.com\/avatar\/2fcdf27c78ea025fbdb44e914cc63c72249ffec9dc8aafd5c82b26240ef3f346?s=96&d=mm&r=g","url":"https:\/\/secure.gravatar.com\/avatar\/2fcdf27c78ea025fbdb44e914cc63c72249ffec9dc8aafd5c82b26240ef3f346?s=96&d=mm&r=g","contentUrl":"https:\/\/secure.gravatar.com\/avatar\/2fcdf27c78ea025fbdb44e914cc63c72249ffec9dc8aafd5c82b26240ef3f346?s=96&d=mm&r=g","caption":"Redazione"},"url":"https:\/\/www.rassegnastampa-totustuus.it\/cattolica\/author\/pietroelle\/"}]}},"_links":{"self":[{"href":"https:\/\/www.rassegnastampa-totustuus.it\/cattolica\/wp-json\/wp\/v2\/posts\/56558","targetHints":{"allow":["GET"]}}],"collection":[{"href":"https:\/\/www.rassegnastampa-totustuus.it\/cattolica\/wp-json\/wp\/v2\/posts"}],"about":[{"href":"https:\/\/www.rassegnastampa-totustuus.it\/cattolica\/wp-json\/wp\/v2\/types\/post"}],"author":[{"embeddable":true,"href":"https:\/\/www.rassegnastampa-totustuus.it\/cattolica\/wp-json\/wp\/v2\/users\/6"}],"replies":[{"embeddable":true,"href":"https:\/\/www.rassegnastampa-totustuus.it\/cattolica\/wp-json\/wp\/v2\/comments?post=56558"}],"version-history":[{"count":4,"href":"https:\/\/www.rassegnastampa-totustuus.it\/cattolica\/wp-json\/wp\/v2\/posts\/56558\/revisions"}],"predecessor-version":[{"id":58769,"href":"https:\/\/www.rassegnastampa-totustuus.it\/cattolica\/wp-json\/wp\/v2\/posts\/56558\/revisions\/58769"}],"wp:featuredmedia":[{"embeddable":true,"href":"https:\/\/www.rassegnastampa-totustuus.it\/cattolica\/wp-json\/wp\/v2\/media\/56560"}],"wp:attachment":[{"href":"https:\/\/www.rassegnastampa-totustuus.it\/cattolica\/wp-json\/wp\/v2\/media?parent=56558"}],"wp:term":[{"taxonomy":"category","embeddable":true,"href":"https:\/\/www.rassegnastampa-totustuus.it\/cattolica\/wp-json\/wp\/v2\/categories?post=56558"},{"taxonomy":"post_tag","embeddable":true,"href":"https:\/\/www.rassegnastampa-totustuus.it\/cattolica\/wp-json\/wp\/v2\/tags?post=56558"}],"curies":[{"name":"wp","href":"https:\/\/api.w.org\/{rel}","templated":true}]}}