{"id":56501,"date":"2023-05-26T12:59:34","date_gmt":"2023-05-26T10:59:34","guid":{"rendered":"https:\/\/www.rassegnastampa-totustuus.it\/cattolica\/?p=56501"},"modified":"2024-01-04T20:30:32","modified_gmt":"2024-01-04T19:30:32","slug":"le-fonti-rinnovabili-inquinano","status":"publish","type":"post","link":"https:\/\/www.rassegnastampa-totustuus.it\/cattolica\/le-fonti-rinnovabili-inquinano\/","title":{"rendered":"Le fonti rinnovabili inquinano"},"content":{"rendered":"<p style=\"text-align: center;\"><span style=\"color: #000000;\"><strong><img loading=\"lazy\" decoding=\"async\" class=\" wp-image-46478 alignleft\" src=\"https:\/\/www.rassegnastampa-totustuus.it\/cattolica\/wp-content\/uploads\/2020\/02\/ambiente_energia_eolico-2-300x135.jpg\" alt=\"\" width=\"358\" height=\"161\" srcset=\"https:\/\/www.rassegnastampa-totustuus.it\/cattolica\/wp-content\/uploads\/2020\/02\/ambiente_energia_eolico-2-300x135.jpg 300w, https:\/\/www.rassegnastampa-totustuus.it\/cattolica\/wp-content\/uploads\/2020\/02\/ambiente_energia_eolico-2-768x346.jpg 768w, https:\/\/www.rassegnastampa-totustuus.it\/cattolica\/wp-content\/uploads\/2020\/02\/ambiente_energia_eolico-2-1024x461.jpg 1024w\" sizes=\"auto, (max-width: 358px) 100vw, 358px\" \/><\/strong><\/span><\/p>\n<p style=\"text-align: justify;\"><strong>Abstract:\u00a0<\/strong><span style=\"color: #000000;\"><em>le fonti rinnovabili inquinano.\u00a0 Pannelli solari e auto elettriche producono CO2\u00a0 e per produrre pale eoliche e batterie per auto si generano scorie radioattive.\u00a0 \u00a0Le promesse \u201cgreen\u201d non sono supportate dai dati.<\/em><\/span><\/p>\n<p><!--more--><\/p>\n<p style=\"text-align: center;\"><span style=\"color: #000000;\"><a href=\"https:\/\/www.nicolaporro.it\/atlanticoquotidiano\/\" target=\"_blank\" rel=\"noopener\"><strong>Atlantico<\/strong><\/a> 25 maggio 2023<\/span><\/p>\n<h3 style=\"text-align: center;\"><strong>CO2 e scorie radioattive: <\/strong><\/h3>\n<h3 style=\"text-align: center;\"><strong>tutto quello che non vi hanno detto sulle rinnovabili<\/strong><\/h3>\n<p style=\"text-align: justify;\"><span style=\"color: #000000;\"><em>Giovanni Brussato: promesse \u201cgreen\u201d non supportate dai dati. Quanta CO2 da pannelli e auto elettriche? E le scorie radioattive per produrre batterie e pale eoliche?<\/em><\/span><\/p>\n<p style=\"text-align: center;\"><span style=\"color: #000000;\"> <strong>Marco Hugo Barsotti<\/strong><\/span><\/p>\n<p style=\"text-align: justify;\"><span style=\"color: #000000;\">Nell\u2019<\/span> <span style=\"color: #0000ff;\"><a style=\"color: #0000ff;\" href=\"https:\/\/www.rassegnastampa-totustuus.it\/cattolica\/?p=56498\" target=\"_blank\" rel=\"noopener\">articolo pubblicato il 17 maggio 2023<\/a><\/span> <span style=\"color: #000000;\">abbiamo iniziato una conversazione con <strong>Giovanni Brussato<\/strong>, ingegnere minerario e opinionista per numerose testate, tra cui\u00a0<em>Panorama<\/em>, sulle questioni legate al clima e alle materie prime necessarie per la produzione di energia da fonti rinnovabili (audio integrale in fondo)\u00a0<\/span><\/p>\n<h4 style=\"text-align: center;\"><span style=\"color: #000000;\"><strong>La crisi del rame<\/strong><\/span><\/h4>\n<p style=\"text-align: justify;\"><span style=\"color: #000000;\"><img loading=\"lazy\" decoding=\"async\" class=\" wp-image-52008 alignright\" src=\"https:\/\/www.rassegnastampa-totustuus.it\/cattolica\/wp-content\/uploads\/2021\/07\/energia_elettricit\u00e0.jpg\" alt=\"\" width=\"362\" height=\"241\" \/>MARCO HUGO BARSOTTI: Le materie prime sono una componente essenziale anche nel campo energetico, ma se ne parla sempre troppo poco. Poco fa lei ci faceva l\u2019esempio del rame, materiale chiave per quasi tutti i settori industriali moderni grazie alla sua versatilit\u00e0, durabilit\u00e0 e conduttivit\u00e0.<\/span><\/p>\n<p style=\"text-align: justify;\">GIOVANNI BRUSSATO: Infatti, il <strong>rame<\/strong> \u00e8 fondamentale per le infrastrutture ed essenziale nelle reti elettriche. In Occidente ne consumiamo mediamente <strong>10 chilogrammi pro capite l\u2019anno<\/strong>, ma un indiano ne usa a stento 1-1,5 kg e un africano ancora meno. Dobbiamo dunque pensare a cosa accadr\u00e0 se e quando tutti i Paesi raggiungeranno il nostro livello di sviluppo<\/p>\n<p style=\"text-align: justify;\">\u00c8 un dato di fatto che esistono risorse limitate e un <strong>consumo evidentemente insostenibile<\/strong>, come dimostrano i numeri. Preferiamo non vederlo, ma la crisi del rame ci attende gi\u00e0 nella seconda met\u00e0 di questo decennio.<\/p>\n<h4 style=\"text-align: center;\"><strong>I rifiuti radioattivi delle terre rare<\/strong><\/h4>\n<p style=\"text-align: justify;\"><img loading=\"lazy\" decoding=\"async\" class=\" wp-image-56502 alignleft\" src=\"https:\/\/www.rassegnastampa-totustuus.it\/cattolica\/wp-content\/uploads\/2023\/05\/rifiuti_atomo_radioattivita.jpg\" alt=\"\" width=\"351\" height=\"219\" \/>MB: In Francia il presidente <strong>Emmanuel Macron<\/strong> insiste sul fatto che l\u2019energia nucleare debba essere considerata \u201cverde\u201d in quanto non produce Co2. Quando avevo <span style=\"color: #0000ff;\"><a style=\"color: #0000ff;\" href=\"https:\/\/www.nicolaporro.it\/atlanticoquotidiano\/quotidiano\/aq-economia\/perche-il-futuro-e-nucleare-fallita-lideologia-del-tutto-rinnovabili\/\" target=\"_blank\" rel=\"noopener\">intervistato il professor Umberto Minopoli \u00a0<\/a><\/span>, scomparso di recente, si era detto d\u2019accordo, in quanto a suo avviso le scorie sono oggi trattate e smaltite in modo sicuro. \u00c8 d\u2019accordo sul fatto che il nucleare sia <em>green<\/em>?<\/p>\n<p style=\"text-align: justify;\">GB: Condivido l\u2019opinione di Macron e Minopoli sul nucleare e la gestione sicura delle scorie. Ma farei un ulteriore passo: perch\u00e9 non si parla della gestione dei\u00a0<strong>rifiuti radioattivi delle terre rare<\/strong>? I magneti permanenti permeano ogni dispositivo che ci circonda, comprese auto elettriche e turbine eoliche.<\/p>\n<p style=\"text-align: justify;\">Se non ci fossero, una <em>Tesla<\/em> non potrebbe far girare le ruote. E ovviamente molte turbine eoliche <em>offshore<\/em> usano magneti permanenti. Il problema \u00e8 che provengono principalmente da un minerale, la <strong>monazite<\/strong>, che contiene <strong>torio<\/strong> e <strong>uranio<\/strong>.<\/p>\n<p style=\"text-align: justify;\">Perch\u00e9 non ci si preoccupa, vedendo un\u2019auto elettrica o una turbina eolica, di <strong>dove siano finite le scorie radioattive<\/strong> e gli elementi radioattivi estratti?<\/p>\n<p style=\"text-align: justify;\">Vista la preoccupazione per le scorie nucleari italiane, come mai non ci preoccupiamo delle 20.000 tonnellate l\u2019anno di magneti permanenti che l\u2019Europa importa, molti dei quali arrivano in Italia? Preferiamo non capire e <strong>spostare costi sociali e ambientali lontano dagli occhi<\/strong>, scelta estremamente conveniente<\/p>\n<h4 style=\"text-align: center;\"><span style=\"color: #000000;\"><strong>Sganciarsi dalla Cina<\/strong><\/span><\/h4>\n<p style=\"text-align: justify;\"><img loading=\"lazy\" decoding=\"async\" class=\"wp-image-45938 alignright\" src=\"https:\/\/www.rassegnastampa-totustuus.it\/cattolica\/wp-content\/uploads\/2020\/01\/Cina-3-300x168.jpg\" alt=\"\" width=\"404\" height=\"226\" \/>MB: E poi c\u2019\u00e8 la questione Cina.<\/p>\n<p style=\"text-align: justify;\">GB: Oggi ci troviamo di fronte a una situazione complessa in cui la sicurezza e il controllo di gran parte delle materie prime \u2013 e soprattutto della raffinazione di queste materie prime \u2013 sono saldamente nelle mani della Cina<\/p>\n<p style=\"text-align: justify;\">Due anni fa ho scritto un report di 60 pagine presentato dall\u2019attuale ministro delle imprese del <em>made in Italy<\/em> <strong>Adolfo Urso<\/strong> che spiegava il controllo della Cina su queste materie prime. Dalla crisi del <em>Covid-19<\/em> abbiamo finalmente capito che \u00e8 <strong>meglio sganciarsi un po\u2019 dalla Cina<\/strong>.<\/p>\n<p style=\"text-align: justify;\">Macron l\u2019ha capito e sta facendo il possibile. Ma la Francia ha quello che noi abbiamo scelto di non avere trent\u2019anni fa.<\/p>\n<h4 style=\"text-align: center;\"><strong><span style=\"color: #000000;\">L\u2019impatto delle rinnovabili<\/span><\/strong><\/h4>\n<p style=\"text-align: justify;\"><img loading=\"lazy\" decoding=\"async\" class=\" wp-image-24716 alignleft\" src=\"https:\/\/www.rassegnastampa-totustuus.it\/cattolica\/wp-content\/uploads\/2012\/12\/fotovoltaico.jpg\" alt=\"\" width=\"308\" height=\"257\" \/>MB: Nel suo intervento su\u00a0<em>Radio Radicale<\/em>, che ho ascoltato l\u2019altro giorno, lei ha spiegato come la produzione di pannelli solari abbia un impatto ambientale di per s\u00e9. In particolare, ha parlato del vetro, dicendo che per ogni chilogrammo di vetro prodotto vengono immesse 0,68 kg di Co2 equivalente in atmosfera.<\/p>\n<p style=\"text-align: justify;\">GB: L\u2019esempio del vetro che ho portato deriva da una ricerca che mostra come le stesse pubblicazioni oggi usate per descrivere il ciclo di vita di un prodotto siano<strong> palesemente in contraddizione tra loro.<\/strong> La prima ricerca era basata su dati forniti da un istituto cinese e includeva una percentuale di vetro riciclato che in teoria dovrebbe ridurre l\u2019impronta di carbonio. Il risultato era <strong>0,68 kg di Co2 equivalente<\/strong> per kg di vetro.<\/p>\n<p style=\"text-align: justify;\">Nel 2022, altri ricercatori hanno condotto la stessa analisi nell\u2019industria del vetro nel Regno Unito, utilizzando dati di <em>Eurostat<\/em> e <em>Garden Europe<\/em>. Hanno calcolato un\u2019impronta di carbonio di<strong>1,12 kg di Co2 equivalente<\/strong> per kg di vetro prodotto, senza vetro riciclato.<\/p>\n<p style=\"text-align: justify;\">Dal momento che il mix energetico cinese si basa per oltre il <strong>75 per cento sul carbone<\/strong>, mentre quello europeo proviene dalla combustione di gas naturale e in parte da energia rinnovabile, \u00e8 evidente che uno dei due studi deve aver sbagliato qualcosa.<\/p>\n<h4 style=\"text-align: center;\"><strong><span style=\"color: #000000;\">La Co2 nell\u2019auto elettrica<\/span><\/strong><\/h4>\n<p style=\"text-align: justify;\"><img loading=\"lazy\" decoding=\"async\" class=\" wp-image-39917 alignright\" src=\"https:\/\/www.rassegnastampa-totustuus.it\/cattolica\/wp-content\/uploads\/2018\/03\/auto_elettrica.jpg\" alt=\"\" width=\"360\" height=\"250\" \/>Parliamo di automotive. L\u2019<em>Agenzia Internazionale per l\u2019Energia<\/em> (IEA), nel suo rapporto del 2021 <em>\u201cThe Role of Critical Minerals in Clean Energy Transitions\u201d<\/em> produceva questo grafico da cui un lettore non esperto poteva ritenere che\u00a0<strong>l\u2019intensit\u00e0 carbonica di un\u2019auto elettrica<\/strong> fosse meno della met\u00e0 di quella di una dotata di motore endotermico.<\/p>\n<p style=\"text-align: justify;\">Ma il diavolo com\u2019\u00e8 noto si nasconde nei dettagli ed in questo caso negli intervalli di confidenza, cio\u00e8 le linee grigie pi\u00f9 sottili che fanno intuire che le cose forse <strong>non stanno proprio cos\u00ec<\/strong>.<\/p>\n<p style=\"text-align: justify;\">Infatti, in un altro grafico un centinaio di pagine dopo spiega come l\u2019intensit\u00e0 carbonica del <em>nichel<\/em>, un componente fondamentale delle batterie delle EVs, dipenda <strong>da dove viene estratto<\/strong>.<\/p>\n<p style=\"text-align: justify;\">Se il <em>nichel<\/em> viene estratto da depositi di solfuri, come ad esempio quelli di Norilsk in <strong>Russia<\/strong>, la sua impronta carbonica \u00e8 di circa\u00a0<strong>10 kgCO<sub>2e<\/sub>\/kg<\/strong>, ma se viene estratto da lateriti indonesiane la sua impronta carbonica sar\u00e0 fino a sei volte superiore:\u00a0<strong>60 kgCO<sub>2e<\/sub>\/kg.<\/strong><\/p>\n<p style=\"text-align: justify;\"><img loading=\"lazy\" decoding=\"async\" class=\" wp-image-56503 alignleft\" src=\"https:\/\/www.rassegnastampa-totustuus.it\/cattolica\/wp-content\/uploads\/2023\/05\/auto_elettriche_batteria.jpg\" alt=\"\" width=\"364\" height=\"235\" \/>E questo spiega le linee grigie degli intervalli di confidenza, perch\u00e9 il medesimo ragionamento pu\u00f2 essere fatto per buona parte dei metalli che costituiscono la batteria. Aspetto singolare \u00e8 che il\u00a0<em>nichel<\/em>\u00a0estratto in <strong>Indonesia<\/strong> ha <strong>l\u2019impronta carbonica pi\u00f9 elevata<\/strong> e proprio l\u2019Indonesia \u00e8 il Paese dove la <strong>Cina<\/strong>, produttore di oltre il 70 per cento delle batterie per EVs oggi sul mercato, ha legami di fornitura pi\u00f9 stretti\u2026<\/p>\n<p style=\"text-align: justify;\">MB: Difficile davvero orientarsi!<\/p>\n<p style=\"text-align: justify;\">GB: Perch\u00e9 quando si analizza il ciclo di vita di un prodotto, bisognerebbe dire da dove proviene la materia prima e avere una fotografia esatta del momento e delle\u00a0<strong>condizioni in cui viene estratta<\/strong>.<\/p>\n<p style=\"text-align: justify;\">L\u2019estrazione di una materia prima dipende esponenzialmente dalla <strong>quantit\u00e0 di minerale contenuta nella roccia<\/strong>. Se c\u2019\u00e8 il 3 per cento di\u00a0<em>nichel<\/em>, serve una certa energia per estrarlo; se c\u2019\u00e8 lo 0,1, ne serve molta di pi\u00f9, e l\u2019energia tende all\u2019infinito man mano che il minerale si esaurisce.<\/p>\n<p style=\"text-align: justify;\">Oggi dire quale sia l\u2019impronta di carbonio di un metallo in questo modo \u00e8 <strong>impossibile<\/strong>. Bisognerebbe avere i dati forniti dalla compagnia mineraria stessa, che per definizione non li fornisce. I valori che danno sono medi, e si prende ci\u00f2 che viene fornito. \u00c8 chiaro? Spero di essere riuscito a spiegarmi.<\/p>\n<h4 style=\"text-align: center;\"><strong>La Co2 nei pannelli solari<\/strong><\/h4>\n<p style=\"text-align: justify;\"><img loading=\"lazy\" decoding=\"async\" class=\"wp-image-42160 alignright\" src=\"https:\/\/www.rassegnastampa-totustuus.it\/cattolica\/wp-content\/uploads\/2019\/02\/ambientalismo_solare.jpg\" alt=\"\" width=\"365\" height=\"243\" \/>MB: Direi di s\u00ec, il concetto \u00e8 chiarissimo. Si pu\u00f2 riassumere cos\u00ec: la realt\u00e0 \u00e8 infinitamente pi\u00f9 complessa delle semplificazioni che ci vengono date da leggere, perch\u00e9 in questo modo \u00e8 facile sostenere una tesi. Due ultime domande sui pannelli solari. Dopo aver ascoltato la sua recente intervista su <em>Radio Radicale<\/em> mi sono chiesto se produrli emetta pi\u00f9 Co2 di quanta se ne risparmi durante la vita utile, ipotizzando ad esempio una vita di 25 anni.<\/p>\n<p style=\"text-align: justify;\">GB: Eh! 25 anni. E chi lo dice?<\/p>\n<p style=\"text-align: justify;\">MB: <span style=\"color: #0000ff;\"><a style=\"color: #0000ff;\" href=\"https:\/\/bard.google.com\/\" target=\"_blank\" rel=\"noopener\"><em>Bard<\/em><\/a><\/span>. In ogni caso, su <em>Amazon<\/em> ho visto un pannello con potenza dichiarata 1800 Wp (picco) che \u2013 si afferma \u2013 produrrebbe 7200 kWh\/anno! Ma dove? A me sembra che senza indicare dove, sia aria fritta. Basandosi su <span style=\"color: #0000ff;\"><a style=\"color: #0000ff;\" href=\"https:\/\/solargis.com\/maps-and-gis-data\/download\/italy\" target=\"_blank\" rel=\"noopener\"><em>SolarGIS<\/em><\/a><\/span>, ad esempio a Milano dovrebbe produrne molto meno della met\u00e0, circa 2280 kWh\/anno.<\/p>\n<p style=\"text-align: justify;\">GB: Qui dovremmo entrare nel concetto di densit\u00e0 energetica. Purtroppo, le energie rinnovabili hanno una <strong>densit\u00e0 molto limitata<\/strong>. Nel caso dell\u2019energia solare, abbiamo l\u2019intermittenza giorno-notte e la dipendenza dalle condizioni atmosferiche, il che rende\u00a0<strong>imprevedibile il loro rendimento<\/strong>. D\u2019altra parte ricadiamo in ci\u00f2 che ho detto prima: non abbiamo un ciclo di vita certificato che mi dica quanta energia \u00e8 stata necessaria per produrre quel pannello.<\/p>\n<p style=\"text-align: justify;\">Questo \u00e8 il grande vulnus dell\u2019intera questione. \u00c8 il <span style=\"color: #0000ff;\"><a style=\"color: #0000ff;\" href=\"https:\/\/it.wikipedia.org\/wiki\/Ritorno_energetico_sull%27investimento_energetico\" target=\"_blank\" rel=\"noopener\">fattore <em>EROEI<\/em><\/a>,<\/span> ossia l\u2019energia restituita sulla base di quella spesa per costruire quell\u2019elemento. Una questione oggetto di grandi dibattiti e continui scontri, proprio perch\u00e9 <strong>non esistono dati certi sull\u2019effettivo consumo<\/strong>, dalla materia prima in avanti. Fare questo tipo di analisi, quindi, \u00e8 impossibile.<\/p>\n<h4 style=\"text-align: center;\"><strong>Le promesse <em>green<\/em><\/strong><\/h4>\n<p style=\"text-align: justify;\"><img loading=\"lazy\" decoding=\"async\" class=\" wp-image-43263 alignleft\" src=\"https:\/\/www.rassegnastampa-totustuus.it\/cattolica\/wp-content\/uploads\/2019\/06\/green-new-deal.jpg\" alt=\"\" width=\"349\" height=\"256\" \/>MB: In sostanza, manchiamo di informazioni essenziali\u2026<\/p>\n<p style=\"text-align: justify;\">GB: \u00c8 un quadro sfaccettato. Le promesse del <em>\u201cgreen\u201d<\/em> necessitano di <strong>controllo indipendente<\/strong> e dati certi, oggi assenti. Non so se lei se lo ricorda, ma due anni fa, o anche meno, <em>Polestar<\/em> rese pubblica una ricerca sul ciclo di vita della loro intera vettura, compresa la batteria, che in effetti era l\u2019unica cosa che pesava nell\u2019intero quadro.<\/p>\n<p style=\"text-align: justify;\">Inserirono un numero, dicendo che quel numero era stato fornito dal produttore della batteria, ma\u00a0<strong>non giustificarono nulla<\/strong>, non fornirono alcun dato, informazione o criterio. Lo scrissi e io sono abbastanza convinto che nemmeno chi ha fatto la batteria aveva una reale consapevolezza di quel valore. E questo \u00e8 il problema.<\/p>\n<p style=\"text-align: justify;\">MB: Da quanto dice lei, la transizione verde \u00e8 basata su un\u2019assenza totale dei dati\u2026<\/p>\n<p style=\"text-align: justify;\">GB: Infatti, oggi si cerca di <em>bypassare<\/em> tutto questo discorso facendo un bel salto e dicendo: <em>\u201cTu non dici quello che diciamo noi, quindi sei un negazionista. Quindi non ti interessa l\u2019ambiente\u201d<\/em>.<\/p>\n<p style=\"text-align: justify;\">Si danno per scontati <strong>fatti che sono tutti da dimostrare<\/strong>. Queste analisi dovrebbero invece essere affidate ad un\u2019agenzia indipendente o a qualcuno che effettivamente analizzi e certifichi il risultato del ciclo di vita di quello specifico oggetto, di quella specifica batteria<\/p>\n<h4 style=\"text-align: center;\">.<span style=\"color: #000000;\"><strong>La rete elettrica<\/strong><\/span><\/h4>\n<p style=\"text-align: justify;\"><img loading=\"lazy\" decoding=\"async\" class=\" wp-image-56419 alignright\" src=\"https:\/\/www.rassegnastampa-totustuus.it\/cattolica\/wp-content\/uploads\/2023\/05\/energia_idroelettrico_centrale.jpg\" alt=\"\" width=\"415\" height=\"221\" \/>MB: Altro tema. Le nostre infrastrutture sono pronte per un\u2019elettrificazione intensiva?<\/p>\n<p style=\"text-align: justify;\">GB: Guardi, partiamo proprio dal rame, di cui abbiamo gi\u00e0 parlato. un\u2019indagine di\u00a0<em>Bloomberg<\/em>, che tutti hanno preso con la massima serenit\u00e0 non pi\u00f9 tardi di 15 giorni fa, spiega che per adeguare le reti elettriche e utilizzare le energie alternative serviranno <strong>450 milioni di tonnellate di rame entro il 2050<\/strong>. Consideri che di rame ne produciamo, quando va bene, 20 milioni di tonnellate\u2026<\/p>\n<p style=\"text-align: justify;\">MB: Noi chi? Italia o Europa?<\/p>\n<p style=\"text-align: justify;\">GB: Parlo di <strong>dati globali<\/strong>. In questo momento: nel mondo si estraggono 20 milioni di tonnellate con un tasso di circolarit\u00e0 che copre altri 4 milioni e mezzo\u2026 a proposito di economia circolare. Il rame \u00e8 un metallo prezioso e costoso, e ne ricicliamo meno del 20 per cento!<\/p>\n<h4 style=\"text-align: center;\"><strong>Noi e il resto del mondo<\/strong><\/h4>\n<p style=\"text-align: justify;\"><img loading=\"lazy\" decoding=\"async\" class=\" wp-image-56504 alignleft\" src=\"https:\/\/www.rassegnastampa-totustuus.it\/cattolica\/wp-content\/uploads\/2023\/05\/India_traffico_ambiente_auto.jpg\" alt=\"\" width=\"393\" height=\"263\" \/>E ci raccontiamo che l\u2019economia circolare salver\u00e0 il mondo\u2026 E poi un altro aspetto. La transizione la facciamo noi, ma\u00a0<strong>il resto del pianeta non fa niente<\/strong>.<\/p>\n<p style=\"text-align: justify;\">MB: Quest\u2019ultima frase non l\u2019ho capita completamente. La transizione la facciamo noi, cio\u00e8 l\u2019Occidente? Intende dire che noi ci riempiremo di pannelli, pale e auto elettriche mentre il resto del pianeta continuer\u00e0 nel suo incedere normale e dunque la Co2 continuer\u00e0 a salire tranquillamente?<\/p>\n<p style=\"text-align: justify;\">GB: Lei pensa veramente che ci sia qualcuno, tra 1 miliardo e 400 milioni di indiani, che sente concretamente il problema di riempire il suo Paese di pale, pannelli e tutto il resto? Prima devono campare.<\/p>\n<p style=\"text-align: justify;\">E questo vale per l\u2019Africa, per pi\u00f9 della met\u00e0 del pianeta. Questa \u00e8 <strong>la follia di cui parliamo<\/strong>: cose che non hanno senso. Noi guardiamo il nostro orticello, ma non siamo nessuno. Se chiudiamo i nostri confini, la Co2 non \u00e8 pi\u00f9 nostra? Il mondo in cui viviamo \u00e8 un condominio!<\/p>\n<h4 style=\"text-align: center;\"><strong><span style=\"color: #000000;\">Rinnovabili marginali<\/span><\/strong><\/h4>\n<p style=\"text-align: justify;\"><img loading=\"lazy\" decoding=\"async\" class=\" wp-image-46472 alignright\" src=\"https:\/\/www.rassegnastampa-totustuus.it\/cattolica\/wp-content\/uploads\/2020\/02\/ambiente_energia_eolico.jpg\" alt=\"\" width=\"366\" height=\"230\" \/>Un\u2019ultima cosa. A me piacciono molto le politiche tedesche, perch\u00e9 mi offrono sempre infiniti spunti di analisi. Ora, la rete elettrica tedesca si sta <strong>strutturalmente staccando gli impianti eolici<\/strong> quando producono troppo, perch\u00e9 l\u2019energia viene prodotta al Nord, nel Mare del Nord, e non hanno le linee per trasferirla al Sud.<\/p>\n<p style=\"text-align: justify;\">Il governo dice ai tedeschi: <em>\u201cGuardate che dovete comprarvi le auto elettriche, dovete montare le pompe di calore entro il 2030\u201d<\/em>, eccetera. Dall\u2019altro dice alle <em>utility<\/em>: \u201cIo adesso preparo una legge per cui, quando avete bisogno, potete <strong>staccare la corrente alle utenze pi\u00f9 onerose<\/strong>, che sono per l\u2019appunto quelle delle auto elettriche e delle pompe di calore\u201d<\/p>\n<p style=\"text-align: justify;\">Le rinnovabili sono una <strong>tecnologia marginale<\/strong> da utilizzare dove le condizioni climatiche ne massimizzino la gi\u00e0 modesta efficienza. Non servono pannelli o pale ovunque, n\u00e9 un mix predefinito, ma flessibilit\u00e0 e realismo. Oggi tutti sono esperti di energia, ma \u00e8 una materia complessa, con materie prime essenziali scarse. Servono politiche basate sui dati, <strong>non semplici proclami<\/strong>.<\/p>\n<p style=\"text-align: center;\"><span style=\"color: #0000ff;\"><a style=\"color: #0000ff;\" href=\"https:\/\/www.rassegnastampa-totustuus.it\/cattolica\/?p=56498\" target=\"_blank\" rel=\"noopener\">VAI ALLA PRIMA PARTE\u00a0<\/a><\/span><\/p>\n","protected":false},"excerpt":{"rendered":"<p>Abstract:\u00a0le fonti rinnovabili inquinano.\u00a0 Pannelli solari e auto elettriche producono CO2\u00a0 e per produrre pale eoliche e batterie per auto si generano scorie radioattive.\u00a0 \u00a0Le promesse \u201cgreen\u201d non sono supportate dai dati.<\/p><p><a class=\"more-link btn\" href=\"https:\/\/www.rassegnastampa-totustuus.it\/cattolica\/le-fonti-rinnovabili-inquinano\/\">Continua a leggere<\/a><\/p>\n","protected":false},"author":6,"featured_media":46478,"comment_status":"closed","ping_status":"closed","sticky":false,"template":"","format":"standard","meta":{"footnotes":""},"categories":[3],"tags":[2387,2961,1819,2745,1454],"class_list":["post-56501","post","type-post","status-publish","format-standard","has-post-thumbnail","hentry","category-ambientalismo","tag-ambientalismo","tag-auto-elettriche","tag-energia","tag-energia-eolica","tag-energia-solare","item-wrap"],"yoast_head":"<!-- This site is optimized with the Yoast SEO plugin v27.5 - https:\/\/yoast.com\/product\/yoast-seo-wordpress\/ -->\n<title>Le fonti rinnovabili inquinano - Rassegna Stampa Cattolica<\/title>\n<meta name=\"description\" content=\"Le fonti rinnovabili inquinano\" \/>\n<meta name=\"robots\" content=\"index, follow, max-snippet:-1, max-image-preview:large, max-video-preview:-1\" \/>\n<link rel=\"canonical\" href=\"https:\/\/www.rassegnastampa-totustuus.it\/cattolica\/le-fonti-rinnovabili-inquinano\/\" \/>\n<meta property=\"og:locale\" content=\"it_IT\" \/>\n<meta property=\"og:type\" content=\"article\" \/>\n<meta property=\"og:title\" content=\"Le fonti rinnovabili inquinano - Rassegna Stampa Cattolica\" \/>\n<meta property=\"og:description\" content=\"Le fonti rinnovabili inquinano\" \/>\n<meta property=\"og:url\" content=\"https:\/\/www.rassegnastampa-totustuus.it\/cattolica\/le-fonti-rinnovabili-inquinano\/\" \/>\n<meta property=\"og:site_name\" content=\"Rassegna Stampa Cattolica\" \/>\n<meta property=\"article:publisher\" content=\"https:\/\/www.facebook.com\/rassegnastampacattolica\" \/>\n<meta property=\"article:published_time\" content=\"2023-05-26T10:59:34+00:00\" \/>\n<meta property=\"article:modified_time\" content=\"2024-01-04T19:30:32+00:00\" \/>\n<meta property=\"og:image\" content=\"https:\/\/www.rassegnastampa-totustuus.it\/cattolica\/wp-content\/uploads\/2020\/02\/ambiente_energia_eolico-2.jpg\" \/>\n\t<meta property=\"og:image:width\" content=\"4752\" \/>\n\t<meta property=\"og:image:height\" content=\"2138\" \/>\n\t<meta property=\"og:image:type\" content=\"image\/jpeg\" \/>\n<meta name=\"author\" content=\"Redazione\" \/>\n<meta name=\"twitter:card\" content=\"summary_large_image\" \/>\n<meta name=\"twitter:creator\" content=\"@rassegnastampa9\" \/>\n<meta name=\"twitter:site\" content=\"@rassegnastampa9\" \/>\n<meta name=\"twitter:label1\" content=\"Scritto da\" \/>\n\t<meta name=\"twitter:data1\" content=\"Redazione\" \/>\n\t<meta name=\"twitter:label2\" content=\"Tempo di lettura stimato\" \/>\n\t<meta name=\"twitter:data2\" content=\"1 minuto\" \/>\n<script type=\"application\/ld+json\" class=\"yoast-schema-graph\">{\"@context\":\"https:\\\/\\\/schema.org\",\"@graph\":[{\"@type\":\"Article\",\"@id\":\"https:\\\/\\\/www.rassegnastampa-totustuus.it\\\/cattolica\\\/le-fonti-rinnovabili-inquinano\\\/#article\",\"isPartOf\":{\"@id\":\"https:\\\/\\\/www.rassegnastampa-totustuus.it\\\/cattolica\\\/le-fonti-rinnovabili-inquinano\\\/\"},\"author\":{\"name\":\"Redazione\",\"@id\":\"https:\\\/\\\/www.rassegnastampa-totustuus.it\\\/cattolica\\\/#\\\/schema\\\/person\\\/08f319d2bd1a0904ad9e2bfb7b15e5c3\"},\"headline\":\"Le fonti rinnovabili inquinano\",\"datePublished\":\"2023-05-26T10:59:34+00:00\",\"dateModified\":\"2024-01-04T19:30:32+00:00\",\"mainEntityOfPage\":{\"@id\":\"https:\\\/\\\/www.rassegnastampa-totustuus.it\\\/cattolica\\\/le-fonti-rinnovabili-inquinano\\\/\"},\"wordCount\":2113,\"publisher\":{\"@id\":\"https:\\\/\\\/www.rassegnastampa-totustuus.it\\\/cattolica\\\/#organization\"},\"image\":{\"@id\":\"https:\\\/\\\/www.rassegnastampa-totustuus.it\\\/cattolica\\\/le-fonti-rinnovabili-inquinano\\\/#primaryimage\"},\"thumbnailUrl\":\"https:\\\/\\\/www.rassegnastampa-totustuus.it\\\/cattolica\\\/wp-content\\\/uploads\\\/2020\\\/02\\\/ambiente_energia_eolico-2.jpg\",\"keywords\":[\"Ambientalismo\",\"auto elettriche\",\"energia\",\"energia eolica\",\"energia solare\"],\"articleSection\":[\"Ambientalismo\"],\"inLanguage\":\"it-IT\"},{\"@type\":\"WebPage\",\"@id\":\"https:\\\/\\\/www.rassegnastampa-totustuus.it\\\/cattolica\\\/le-fonti-rinnovabili-inquinano\\\/\",\"url\":\"https:\\\/\\\/www.rassegnastampa-totustuus.it\\\/cattolica\\\/le-fonti-rinnovabili-inquinano\\\/\",\"name\":\"Le fonti rinnovabili inquinano - Rassegna Stampa Cattolica\",\"isPartOf\":{\"@id\":\"https:\\\/\\\/www.rassegnastampa-totustuus.it\\\/cattolica\\\/#website\"},\"primaryImageOfPage\":{\"@id\":\"https:\\\/\\\/www.rassegnastampa-totustuus.it\\\/cattolica\\\/le-fonti-rinnovabili-inquinano\\\/#primaryimage\"},\"image\":{\"@id\":\"https:\\\/\\\/www.rassegnastampa-totustuus.it\\\/cattolica\\\/le-fonti-rinnovabili-inquinano\\\/#primaryimage\"},\"thumbnailUrl\":\"https:\\\/\\\/www.rassegnastampa-totustuus.it\\\/cattolica\\\/wp-content\\\/uploads\\\/2020\\\/02\\\/ambiente_energia_eolico-2.jpg\",\"datePublished\":\"2023-05-26T10:59:34+00:00\",\"dateModified\":\"2024-01-04T19:30:32+00:00\",\"description\":\"Le fonti rinnovabili inquinano\",\"breadcrumb\":{\"@id\":\"https:\\\/\\\/www.rassegnastampa-totustuus.it\\\/cattolica\\\/le-fonti-rinnovabili-inquinano\\\/#breadcrumb\"},\"inLanguage\":\"it-IT\",\"potentialAction\":[{\"@type\":\"ReadAction\",\"target\":[\"https:\\\/\\\/www.rassegnastampa-totustuus.it\\\/cattolica\\\/le-fonti-rinnovabili-inquinano\\\/\"]}]},{\"@type\":\"ImageObject\",\"inLanguage\":\"it-IT\",\"@id\":\"https:\\\/\\\/www.rassegnastampa-totustuus.it\\\/cattolica\\\/le-fonti-rinnovabili-inquinano\\\/#primaryimage\",\"url\":\"https:\\\/\\\/www.rassegnastampa-totustuus.it\\\/cattolica\\\/wp-content\\\/uploads\\\/2020\\\/02\\\/ambiente_energia_eolico-2.jpg\",\"contentUrl\":\"https:\\\/\\\/www.rassegnastampa-totustuus.it\\\/cattolica\\\/wp-content\\\/uploads\\\/2020\\\/02\\\/ambiente_energia_eolico-2.jpg\",\"width\":4752,\"height\":2138},{\"@type\":\"BreadcrumbList\",\"@id\":\"https:\\\/\\\/www.rassegnastampa-totustuus.it\\\/cattolica\\\/le-fonti-rinnovabili-inquinano\\\/#breadcrumb\",\"itemListElement\":[{\"@type\":\"ListItem\",\"position\":1,\"name\":\"Home\",\"item\":\"https:\\\/\\\/www.rassegnastampa-totustuus.it\\\/cattolica\\\/\"},{\"@type\":\"ListItem\",\"position\":2,\"name\":\"Le fonti rinnovabili inquinano\"}]},{\"@type\":\"WebSite\",\"@id\":\"https:\\\/\\\/www.rassegnastampa-totustuus.it\\\/cattolica\\\/#website\",\"url\":\"https:\\\/\\\/www.rassegnastampa-totustuus.it\\\/cattolica\\\/\",\"name\":\"Rassegna Stampa Cattolica\",\"description\":\"Per una cultura che nasce dalla Rivelazione cristiana in conformit\u00e0 alla tradizione e al Magistero della Chiesa in opposizione ad ogni relativismo e totalitarismo\",\"publisher\":{\"@id\":\"https:\\\/\\\/www.rassegnastampa-totustuus.it\\\/cattolica\\\/#organization\"},\"alternateName\":\"Rass. Cattolica\",\"potentialAction\":[{\"@type\":\"SearchAction\",\"target\":{\"@type\":\"EntryPoint\",\"urlTemplate\":\"https:\\\/\\\/www.rassegnastampa-totustuus.it\\\/cattolica\\\/?s={search_term_string}\"},\"query-input\":{\"@type\":\"PropertyValueSpecification\",\"valueRequired\":true,\"valueName\":\"search_term_string\"}}],\"inLanguage\":\"it-IT\"},{\"@type\":\"Organization\",\"@id\":\"https:\\\/\\\/www.rassegnastampa-totustuus.it\\\/cattolica\\\/#organization\",\"name\":\"Rassegna Stampa Cattolica\",\"url\":\"https:\\\/\\\/www.rassegnastampa-totustuus.it\\\/cattolica\\\/\",\"logo\":{\"@type\":\"ImageObject\",\"inLanguage\":\"it-IT\",\"@id\":\"https:\\\/\\\/www.rassegnastampa-totustuus.it\\\/cattolica\\\/#\\\/schema\\\/logo\\\/image\\\/\",\"url\":\"https:\\\/\\\/www.rassegnastampa-totustuus.it\\\/cattolica\\\/wp-content\\\/uploads\\\/2014\\\/04\\\/logo-rassegna1.gif\",\"contentUrl\":\"https:\\\/\\\/www.rassegnastampa-totustuus.it\\\/cattolica\\\/wp-content\\\/uploads\\\/2014\\\/04\\\/logo-rassegna1.gif\",\"width\":600,\"height\":163,\"caption\":\"Rassegna Stampa Cattolica\"},\"image\":{\"@id\":\"https:\\\/\\\/www.rassegnastampa-totustuus.it\\\/cattolica\\\/#\\\/schema\\\/logo\\\/image\\\/\"},\"sameAs\":[\"https:\\\/\\\/www.facebook.com\\\/rassegnastampacattolica\",\"https:\\\/\\\/x.com\\\/rassegnastampa9\"]},{\"@type\":\"Person\",\"@id\":\"https:\\\/\\\/www.rassegnastampa-totustuus.it\\\/cattolica\\\/#\\\/schema\\\/person\\\/08f319d2bd1a0904ad9e2bfb7b15e5c3\",\"name\":\"Redazione\",\"image\":{\"@type\":\"ImageObject\",\"inLanguage\":\"it-IT\",\"@id\":\"https:\\\/\\\/secure.gravatar.com\\\/avatar\\\/2fcdf27c78ea025fbdb44e914cc63c72249ffec9dc8aafd5c82b26240ef3f346?s=96&d=mm&r=g\",\"url\":\"https:\\\/\\\/secure.gravatar.com\\\/avatar\\\/2fcdf27c78ea025fbdb44e914cc63c72249ffec9dc8aafd5c82b26240ef3f346?s=96&d=mm&r=g\",\"contentUrl\":\"https:\\\/\\\/secure.gravatar.com\\\/avatar\\\/2fcdf27c78ea025fbdb44e914cc63c72249ffec9dc8aafd5c82b26240ef3f346?s=96&d=mm&r=g\",\"caption\":\"Redazione\"},\"url\":\"https:\\\/\\\/www.rassegnastampa-totustuus.it\\\/cattolica\\\/author\\\/pietroelle\\\/\"}]}<\/script>\n<!-- \/ Yoast SEO plugin. -->","yoast_head_json":{"title":"Le fonti rinnovabili inquinano - Rassegna Stampa Cattolica","description":"Le fonti rinnovabili inquinano","robots":{"index":"index","follow":"follow","max-snippet":"max-snippet:-1","max-image-preview":"max-image-preview:large","max-video-preview":"max-video-preview:-1"},"canonical":"https:\/\/www.rassegnastampa-totustuus.it\/cattolica\/le-fonti-rinnovabili-inquinano\/","og_locale":"it_IT","og_type":"article","og_title":"Le fonti rinnovabili inquinano - Rassegna Stampa Cattolica","og_description":"Le fonti rinnovabili inquinano","og_url":"https:\/\/www.rassegnastampa-totustuus.it\/cattolica\/le-fonti-rinnovabili-inquinano\/","og_site_name":"Rassegna Stampa Cattolica","article_publisher":"https:\/\/www.facebook.com\/rassegnastampacattolica","article_published_time":"2023-05-26T10:59:34+00:00","article_modified_time":"2024-01-04T19:30:32+00:00","og_image":[{"width":4752,"height":2138,"url":"https:\/\/www.rassegnastampa-totustuus.it\/cattolica\/wp-content\/uploads\/2020\/02\/ambiente_energia_eolico-2.jpg","type":"image\/jpeg"}],"author":"Redazione","twitter_card":"summary_large_image","twitter_creator":"@rassegnastampa9","twitter_site":"@rassegnastampa9","twitter_misc":{"Scritto da":"Redazione","Tempo di lettura stimato":"1 minuto"},"schema":{"@context":"https:\/\/schema.org","@graph":[{"@type":"Article","@id":"https:\/\/www.rassegnastampa-totustuus.it\/cattolica\/le-fonti-rinnovabili-inquinano\/#article","isPartOf":{"@id":"https:\/\/www.rassegnastampa-totustuus.it\/cattolica\/le-fonti-rinnovabili-inquinano\/"},"author":{"name":"Redazione","@id":"https:\/\/www.rassegnastampa-totustuus.it\/cattolica\/#\/schema\/person\/08f319d2bd1a0904ad9e2bfb7b15e5c3"},"headline":"Le fonti rinnovabili inquinano","datePublished":"2023-05-26T10:59:34+00:00","dateModified":"2024-01-04T19:30:32+00:00","mainEntityOfPage":{"@id":"https:\/\/www.rassegnastampa-totustuus.it\/cattolica\/le-fonti-rinnovabili-inquinano\/"},"wordCount":2113,"publisher":{"@id":"https:\/\/www.rassegnastampa-totustuus.it\/cattolica\/#organization"},"image":{"@id":"https:\/\/www.rassegnastampa-totustuus.it\/cattolica\/le-fonti-rinnovabili-inquinano\/#primaryimage"},"thumbnailUrl":"https:\/\/www.rassegnastampa-totustuus.it\/cattolica\/wp-content\/uploads\/2020\/02\/ambiente_energia_eolico-2.jpg","keywords":["Ambientalismo","auto elettriche","energia","energia eolica","energia solare"],"articleSection":["Ambientalismo"],"inLanguage":"it-IT"},{"@type":"WebPage","@id":"https:\/\/www.rassegnastampa-totustuus.it\/cattolica\/le-fonti-rinnovabili-inquinano\/","url":"https:\/\/www.rassegnastampa-totustuus.it\/cattolica\/le-fonti-rinnovabili-inquinano\/","name":"Le fonti rinnovabili inquinano - Rassegna Stampa Cattolica","isPartOf":{"@id":"https:\/\/www.rassegnastampa-totustuus.it\/cattolica\/#website"},"primaryImageOfPage":{"@id":"https:\/\/www.rassegnastampa-totustuus.it\/cattolica\/le-fonti-rinnovabili-inquinano\/#primaryimage"},"image":{"@id":"https:\/\/www.rassegnastampa-totustuus.it\/cattolica\/le-fonti-rinnovabili-inquinano\/#primaryimage"},"thumbnailUrl":"https:\/\/www.rassegnastampa-totustuus.it\/cattolica\/wp-content\/uploads\/2020\/02\/ambiente_energia_eolico-2.jpg","datePublished":"2023-05-26T10:59:34+00:00","dateModified":"2024-01-04T19:30:32+00:00","description":"Le fonti rinnovabili inquinano","breadcrumb":{"@id":"https:\/\/www.rassegnastampa-totustuus.it\/cattolica\/le-fonti-rinnovabili-inquinano\/#breadcrumb"},"inLanguage":"it-IT","potentialAction":[{"@type":"ReadAction","target":["https:\/\/www.rassegnastampa-totustuus.it\/cattolica\/le-fonti-rinnovabili-inquinano\/"]}]},{"@type":"ImageObject","inLanguage":"it-IT","@id":"https:\/\/www.rassegnastampa-totustuus.it\/cattolica\/le-fonti-rinnovabili-inquinano\/#primaryimage","url":"https:\/\/www.rassegnastampa-totustuus.it\/cattolica\/wp-content\/uploads\/2020\/02\/ambiente_energia_eolico-2.jpg","contentUrl":"https:\/\/www.rassegnastampa-totustuus.it\/cattolica\/wp-content\/uploads\/2020\/02\/ambiente_energia_eolico-2.jpg","width":4752,"height":2138},{"@type":"BreadcrumbList","@id":"https:\/\/www.rassegnastampa-totustuus.it\/cattolica\/le-fonti-rinnovabili-inquinano\/#breadcrumb","itemListElement":[{"@type":"ListItem","position":1,"name":"Home","item":"https:\/\/www.rassegnastampa-totustuus.it\/cattolica\/"},{"@type":"ListItem","position":2,"name":"Le fonti rinnovabili inquinano"}]},{"@type":"WebSite","@id":"https:\/\/www.rassegnastampa-totustuus.it\/cattolica\/#website","url":"https:\/\/www.rassegnastampa-totustuus.it\/cattolica\/","name":"Rassegna Stampa Cattolica","description":"Per una cultura che nasce dalla Rivelazione cristiana in conformit\u00e0 alla tradizione e al Magistero della Chiesa in opposizione ad ogni relativismo e totalitarismo","publisher":{"@id":"https:\/\/www.rassegnastampa-totustuus.it\/cattolica\/#organization"},"alternateName":"Rass. Cattolica","potentialAction":[{"@type":"SearchAction","target":{"@type":"EntryPoint","urlTemplate":"https:\/\/www.rassegnastampa-totustuus.it\/cattolica\/?s={search_term_string}"},"query-input":{"@type":"PropertyValueSpecification","valueRequired":true,"valueName":"search_term_string"}}],"inLanguage":"it-IT"},{"@type":"Organization","@id":"https:\/\/www.rassegnastampa-totustuus.it\/cattolica\/#organization","name":"Rassegna Stampa Cattolica","url":"https:\/\/www.rassegnastampa-totustuus.it\/cattolica\/","logo":{"@type":"ImageObject","inLanguage":"it-IT","@id":"https:\/\/www.rassegnastampa-totustuus.it\/cattolica\/#\/schema\/logo\/image\/","url":"https:\/\/www.rassegnastampa-totustuus.it\/cattolica\/wp-content\/uploads\/2014\/04\/logo-rassegna1.gif","contentUrl":"https:\/\/www.rassegnastampa-totustuus.it\/cattolica\/wp-content\/uploads\/2014\/04\/logo-rassegna1.gif","width":600,"height":163,"caption":"Rassegna Stampa Cattolica"},"image":{"@id":"https:\/\/www.rassegnastampa-totustuus.it\/cattolica\/#\/schema\/logo\/image\/"},"sameAs":["https:\/\/www.facebook.com\/rassegnastampacattolica","https:\/\/x.com\/rassegnastampa9"]},{"@type":"Person","@id":"https:\/\/www.rassegnastampa-totustuus.it\/cattolica\/#\/schema\/person\/08f319d2bd1a0904ad9e2bfb7b15e5c3","name":"Redazione","image":{"@type":"ImageObject","inLanguage":"it-IT","@id":"https:\/\/secure.gravatar.com\/avatar\/2fcdf27c78ea025fbdb44e914cc63c72249ffec9dc8aafd5c82b26240ef3f346?s=96&d=mm&r=g","url":"https:\/\/secure.gravatar.com\/avatar\/2fcdf27c78ea025fbdb44e914cc63c72249ffec9dc8aafd5c82b26240ef3f346?s=96&d=mm&r=g","contentUrl":"https:\/\/secure.gravatar.com\/avatar\/2fcdf27c78ea025fbdb44e914cc63c72249ffec9dc8aafd5c82b26240ef3f346?s=96&d=mm&r=g","caption":"Redazione"},"url":"https:\/\/www.rassegnastampa-totustuus.it\/cattolica\/author\/pietroelle\/"}]}},"_links":{"self":[{"href":"https:\/\/www.rassegnastampa-totustuus.it\/cattolica\/wp-json\/wp\/v2\/posts\/56501","targetHints":{"allow":["GET"]}}],"collection":[{"href":"https:\/\/www.rassegnastampa-totustuus.it\/cattolica\/wp-json\/wp\/v2\/posts"}],"about":[{"href":"https:\/\/www.rassegnastampa-totustuus.it\/cattolica\/wp-json\/wp\/v2\/types\/post"}],"author":[{"embeddable":true,"href":"https:\/\/www.rassegnastampa-totustuus.it\/cattolica\/wp-json\/wp\/v2\/users\/6"}],"replies":[{"embeddable":true,"href":"https:\/\/www.rassegnastampa-totustuus.it\/cattolica\/wp-json\/wp\/v2\/comments?post=56501"}],"version-history":[{"count":3,"href":"https:\/\/www.rassegnastampa-totustuus.it\/cattolica\/wp-json\/wp\/v2\/posts\/56501\/revisions"}],"predecessor-version":[{"id":58776,"href":"https:\/\/www.rassegnastampa-totustuus.it\/cattolica\/wp-json\/wp\/v2\/posts\/56501\/revisions\/58776"}],"wp:featuredmedia":[{"embeddable":true,"href":"https:\/\/www.rassegnastampa-totustuus.it\/cattolica\/wp-json\/wp\/v2\/media\/46478"}],"wp:attachment":[{"href":"https:\/\/www.rassegnastampa-totustuus.it\/cattolica\/wp-json\/wp\/v2\/media?parent=56501"}],"wp:term":[{"taxonomy":"category","embeddable":true,"href":"https:\/\/www.rassegnastampa-totustuus.it\/cattolica\/wp-json\/wp\/v2\/categories?post=56501"},{"taxonomy":"post_tag","embeddable":true,"href":"https:\/\/www.rassegnastampa-totustuus.it\/cattolica\/wp-json\/wp\/v2\/tags?post=56501"}],"curies":[{"name":"wp","href":"https:\/\/api.w.org\/{rel}","templated":true}]}}