{"id":5650,"date":"2013-07-11T00:00:00","date_gmt":"2013-07-10T22:00:00","guid":{"rendered":""},"modified":"2015-06-06T16:11:42","modified_gmt":"2015-06-06T14:11:42","slug":"cantare-la-messa-non-durante-la-messa","status":"publish","type":"post","link":"https:\/\/www.rassegnastampa-totustuus.it\/cattolica\/cantare-la-messa-non-durante-la-messa\/","title":{"rendered":"Cantare la messa, non durante la Messa"},"content":{"rendered":"<div style=\"text-align: center;\"><a href=\"https:\/\/www.rassegnastampa-totustuus.it\/cattolica\/wp-content\/uploads\/2013\/07\/coro.jpg\"><img loading=\"lazy\" decoding=\"async\" class=\"alignright wp-image-25612\" src=\"https:\/\/www.rassegnastampa-totustuus.it\/cattolica\/wp-content\/uploads\/2013\/07\/coro.jpg\" alt=\"coro\" width=\"250\" height=\"166\" \/><\/a>Tratto dal blog <a href=\"http:\/\/continuitas.wordpress.com\/\"><strong>Continuitas<\/strong><\/a> 1 luglio 2013<\/div>\n<p style=\"text-align: justify;\">Il fedele \u00e8 seduto &#8211; forse un po&#8217; sonnacchioso &#8211; sul suo banco, in attesa dell&#8217;inizio della Santa Messa. Cerca di recitare qualche breve giaculatoria per preparare l&#8217;animo alla celebrazione. Poi, ecco, suona la campanella. Vede i ministranti, la croce, il turibolo, il diacono e poi lui, il celebrante. Nel frattempo, la corale ha iniziato a cantare&#8230;Quante volte abbiamo assistito a questa scena? Tantissime. Qui vorremmo concentrarci molto brevemente su un aspetto un po&#8217; negletto, in quei momenti, e cio\u00e8: la corale, il coro, l&#8217;assemblea, <em>cosa sta cantando<\/em>?<\/p>\n<p><!--more--><\/p>\n<div style=\"text-align: justify;\">Tante possono essere le risposte: vorremmo dire, qualche bel canto gregoriano, l&#8217;introito&#8230; ma temiamo siano casi un po&#8217; rari. Pi\u00f9 spesso si tratta di un canto, pi\u00f9 o meno conosciuto, magari un po&#8217; attinente al tempo liturgico che si sta vivendo. E quanti canti ci sono a disposizione! I libretti e i compositori da qualche decennio si sono sbizzarriti nel fornire tantissimo materiale ai fedeli, in buona fede (non lo mettiamo in dubbio). Ma senz&#8217;altro si possono contestare due aspetti.<\/div>\n<p style=\"text-align: justify;\">Il primo, che i prodotti canori forniti ai fedeli siano di vera qualit\u00e0. Certo, non tutte le assemblee possono giungere ai livelli di certe corali. Per\u00f2 ricordiamoci che semplicit\u00e0 non fa rima con sciatteria o con volgarizzazione o con insulsa modernizzazione. La vera semplicit\u00e0 \u00e8 ben altro, \u00e8 riuscire con poco a penetrare nell&#8217;intelligenza del mistero che si sta celebrando.<\/p>\n<p style=\"text-align: justify;\">Secondo &#8211; e questo \u00e8 l&#8217;argomento precipuo di questo post &#8211; dobbiamo constatare come sia oramai inveterata, nel nostro paese, l&#8217;abitudine di cantare <em>durante<\/em> la Messa e non <em>la Messa<\/em>.<\/p>\n<p style=\"text-align: justify;\">Per spiegarci meglio, riportiamo un testo apparso in <em>Notitiae<\/em> n. 5 (1969), p. 406. Il bollettino \u00e8 l&#8217;organo della Congregazione per il Culto Divino e la Disciplina dei Sacramenti. Le parole che riportiamo non appartengono ad un vero e proprio decreto, ma sono comunque importanti. Eccole: <em>Da pi\u00f9 parti \u00e8 stato chiesto se \u00e8 ancora valida la formula della <em>Instruzione sulla Musica sacra e la Sacra Liturgia<\/em>, del 3 sett. 1958, al n. 33: \u00ab In Missis lectis cantus populares religiosi a fidelibus \u00a0cantari possunt, servata tamen hac lege ut singulis Missae partibus plane congruant \u00bb<\/em><\/p>\n<p style=\"text-align: justify;\"><em>La formula \u00e8 <em>superata<\/em>.<\/em><\/p>\n<p style=\"text-align: justify;\"><em>\u00c8 la Messa, Ordinario e Proprio, che si deve cantare, e non \u00ab qualcosa \u00bb, anche se <em>plane congruit<\/em>, che si sovrappone alla Messa. Perch\u00e9 l&#8217;<em>azione<\/em> \u00e8 unica, ha un solo volto, un solo accento, una sola voce: la voce della Chiesa. Continuare a cantare mottetti, sia pure devoti e pii (come il <em>Lauda Sion<\/em> all&#8217;offertorio nella festa di un santo), ma estranei alla Messa, <em>in luogo dei testi della Messa che si celebra<\/em>, significa continuare un&#8217;ambiguit\u00e0 inammissibile: dare crusca invece di buon frumento, vinello annacquato invece di vino generoso.<\/em><\/p>\n<p style=\"text-align: justify;\"><em>Perch\u00e9 non solo la melodia ci interessa nel canto liturgico, ma le parole, il testo, il pensiero, i sentimenti rivestiti di poesi e di melodia. Ora, questi testi devono essere quelli della Messa, non altri. Cantare <em>la<\/em> Messa, dunque, e non solo cantare <em>durante<\/em> la Messa.<\/em><\/p>\n<p style=\"text-align: justify;\">Sono parole molto chiare, ma approfondiamole un momento<\/p>\n<p style=\"text-align: justify;\">Nella Santa Messa, noi abbiamo dei testi prestabiliti per il canto, alcuni dei quali sono fissi nel testo ogni domenica (l&#8217;Ordinario: Kyrie, Gloria, Credo, Sanctus, Agnus Dei), mentre altri variano (i canti del Proprio, come l&#8217;antifona di ingresso o quella di comunione).<\/p>\n<p style=\"text-align: justify;\">Nella forma extra-ordinaria del rito romano, la questione del canto veniva risolta alla radice dividendo tutte le Messe in due grandi categorie: le Messe <em>lette<\/em> e quelle <em>in canto<\/em>. Nelle prime tutto il testo liturgico (compresi Ordinario e Proprio) venivano letti dal sacerdote, senza cantarli (veniva per\u00f2 lasciata la possibilit\u00e0 di aggiungere &#8211; attenzione, non sostituire: aggiungere &#8211; alcuni canti popolari in momenti stabiliti). Nelle seconde, quasi tutta la Messa veniva cantata dal celebrante, dalla schola e dall&#8217;assemblea. E veniva cantata sempre e solo coi testi fissati dalla Chiesa, che non potevano essere sostituiti.<\/p>\n<p style=\"text-align: justify;\">Nelle Messe in forma ordinaria, invece, la gran parte delle Messe ha assunto forma ibrida: un po&#8217; lette, un po&#8217; in canto. Questo non \u00e8 di per se sbagliato. Per\u00f2 \u00e8 fuor di discussione che, mentre i canti dell&#8217;ordinario sono tutto sommato rimasti (anche se purtroppo le melodie tradizionali sono poco utilizzate), quelli del Proprio sono praticamente scomparsi. Prendiamo per esempio ieri, XIII domenica del tempo ordinario (o, con un&#8217;espressione pi\u00f9 felice, <em>per annum<\/em>).<\/p>\n<p style=\"text-align: justify;\">L&#8217;antifona d&#8217;introito era: <em>Popoli tutti, battete le mani, acclamate a Dio con voci di gioia.<\/em> E quella di Comunione, invece, era: <em>Anima mia, benedici il Signore:<\/em><em> <em>tutto il mio essere benedica il suo santo nome.<\/em><\/em> oppure <em>\u00abPadre, prego per loro, perch\u00e9 siano una cosa sola, e il mondo creda che tu mi hai mandato\u00bb, dice il Signore.<\/em> oppure ancora <em>Ges\u00f9 mosse decisamente verso Gerusalemme incontro alla sua Passione.<\/em><\/p>\n<p style=\"text-align: justify;\">Ecco, inviteremmo tutti coloro che hanno sentito cantare questi testi ad alzare la mano: crediamo e temiamo non vedremmo molti proporsi col braccio in alto. I compositori, di solito cos\u00ec prolifici, qui hanno dato veramente pochissimi risultati e ben pochi si sono dedicati a musicare i testi del Proprio.<\/p>\n<p style=\"text-align: justify;\">Eppure cantare con le parole della Scrittura &#8211; perch\u00e9 queste antifone sono tratte dalla Scrittura &#8211; \u00e8 quanto di pi\u00f9 tradizionale ed antico ci sia nella Sacra Liturgia. Usare la Parola di Dio stessa &#8211; garanzia di verit\u00e0, a differenza di certi testi ambigui (per non dire erronei) che vengono propinati oggi &#8211; \u00e8 una cosa che pare ovvia e bellissima, ma si fa troppo poco. Eppure, non ci sembra ci vorrebbe cos\u00ec tanta fatica: bastano melodie semplici, non occorre chiss\u00e0 cosa. Giungeremo anche ad accettare che si usi il recto tono, pur di sentire queste parole nelle nostre chiese!<\/p>\n<p style=\"text-align: justify;\">Qualcuno potrebbe obiettare che la Cei, nelle sue <em>Precisazioni<\/em> annesse alla I edizione tipica del Messale Romano in lingua italiana, ha stabilito che &#8220;<em>In luogo dei canti inseriti nei libri liturgici si possono usare altri canti adatti all\u2019azione sacra, al momento e al carattere del giorno o del tempo, purch\u00e9 siano approvati dalla Conferenza Episcopale nazionale o regionale o dall\u2019Ordinario del luogo<\/em>.&#8221;, ma \u00e8 fuor di luogo che il canto di Ordinario e proprio sia senz&#8217;altro da preferirsi e da promuovere, come si ammette subito dopo: &#8220;<em>Si esortano i musicisti e i cantori a valersi dei testi antifonali del giorno con qualche eventuale adattamento.<\/em>&#8220;<\/p>\n<p style=\"text-align: justify;\">E non si dimentichi che la stessa Cei, stabilendo la normativa riguardante la lingua liturgica, scrive che &#8220;<em>Si potranno inserire nel repertorio della Messa celebrata in italiano canti dell\u2019ordinario ed eventualmente del proprio in lingua latina.<\/em>&#8220;<\/p>\n<p style=\"text-align: justify;\">E&#8217; questa una soluzione, quella di ricorrere alle tradizionali melodie in lingua latina, che probabilmente sar\u00e0 venuta in mente ai nostri lettori pi\u00f9 preparati. Sarebbe senz&#8217;altro un&#8217;ottima possibilit\u00e0, che non necessiterebbe neppure di creare nuove melodie, dato che ce ne sono gi\u00e0.<\/p>\n<p style=\"text-align: justify;\">In questo modo, inoltre, si verrebbe incontro ai precetti del Vaticano II e di tutta la Tradizione della Chiesa, che ha senz&#8217;altro favorito il canto gregoriano e il resto del proprio patrimonio musicale, polifonico e non. Con un po&#8217; di realismo, per\u00f2, ci rendiamo conto che questa soluzione non \u00e8 facilmente percorribile ovunque, sia perch\u00e9 non tutte i cori riescono a sostenere il canto gregoriano, sia perch\u00e9 &#8211; soprattutto! &#8211; c&#8217;\u00e8 una grande avversione verso questa straordinaria e felicissima espressione musicale propria della liturgia romana.<\/p>\n<p style=\"text-align: justify;\">Quindi, in un&#8217;ottica di progressivo miglioramento delle condizioni musicali in cui versa la liturgia, ci sembra che, almeno come misura transitoria, l&#8217;uso dei canti liturgici finalmente musicati possa risultare di non poco vantaggio per i fedeli, nonch\u00e9 per la bellezza, la dignit\u00e0 e il decoro dei sacri riti.<\/p>\n<p style=\"text-align: justify;\">Cantare Ordinario e Proprio, quindi, cantare i testi liturgici stessi, non canzonette moderne che, passata la moda, passano anch&#8217;esse &#8211; e con questo non vogliamo sminuire le belle opere che sono state composte: solo, ci sembra che di fronte alla Scrittura e ad una prassi cos\u00ec tradizionale e consona come quella di cantare Ordinario e Proprio debbano passare in secondo piano.<\/p>\n<p style=\"text-align: justify;\">Speriamo il Signore si degni di suscitare nella Sua Santa Chiesa dei bravi e volenterosi uomini e donne di musica, che si dedichino a questo compito con arte e competenza!<\/p>\n","protected":false},"excerpt":{"rendered":"<p>Tratto dal blog Continuitas 1 luglio 2013 Il fedele \u00e8 seduto &#8211; forse un po&#8217; sonnacchioso &#8211; sul suo banco, in attesa dell&#8217;inizio della Santa Messa. Cerca di recitare qualche breve giaculatoria per preparare l&#8217;animo alla celebrazione. Poi, ecco, suona la campanella. Vede i ministranti, la croce, il turibolo, il diacono e poi lui, il &hellip; <\/p>\n<p><a class=\"more-link btn\" href=\"https:\/\/www.rassegnastampa-totustuus.it\/cattolica\/cantare-la-messa-non-durante-la-messa\/\">Continua a leggere<\/a><\/p>\n","protected":false},"author":6,"featured_media":25612,"comment_status":"closed","ping_status":"open","sticky":false,"template":"","format":"standard","meta":{"footnotes":""},"categories":[5,115],"tags":[2205,1285],"class_list":["post-5650","post","type-post","status-publish","format-standard","has-post-thumbnail","hentry","category-chiesa","category-liturgia","tag-canto-liturgico","tag-santa-messa","item-wrap"],"yoast_head":"<!-- This site is optimized with the Yoast SEO plugin v27.5 - https:\/\/yoast.com\/product\/yoast-seo-wordpress\/ -->\n<title>Cantare la messa, non durante la Messa - Rassegna Stampa Cattolica<\/title>\n<meta name=\"description\" content=\"Rassegna Stampa Cattolica - Per una cultura che nasce dalla Rivelazione cristiana in conformit\u00e0 alla tradizione e al Magistero della Chiesa in opposizione ad ogni relativismo e totalitarismo\" \/>\n<meta name=\"robots\" content=\"index, follow, max-snippet:-1, max-image-preview:large, max-video-preview:-1\" \/>\n<link rel=\"canonical\" href=\"https:\/\/www.rassegnastampa-totustuus.it\/cattolica\/cantare-la-messa-non-durante-la-messa\/\" \/>\n<meta property=\"og:locale\" content=\"it_IT\" \/>\n<meta property=\"og:type\" content=\"article\" \/>\n<meta property=\"og:title\" content=\"Cantare la messa, non durante la Messa - Rassegna Stampa Cattolica\" \/>\n<meta property=\"og:description\" content=\"Rassegna Stampa Cattolica - Per una cultura che nasce dalla Rivelazione cristiana in conformit\u00e0 alla tradizione e al Magistero della Chiesa in opposizione ad ogni relativismo e totalitarismo\" \/>\n<meta property=\"og:url\" content=\"https:\/\/www.rassegnastampa-totustuus.it\/cattolica\/cantare-la-messa-non-durante-la-messa\/\" \/>\n<meta property=\"og:site_name\" content=\"Rassegna Stampa Cattolica\" \/>\n<meta property=\"article:publisher\" content=\"https:\/\/www.facebook.com\/rassegnastampacattolica\" \/>\n<meta property=\"article:published_time\" content=\"2013-07-10T22:00:00+00:00\" \/>\n<meta property=\"article:modified_time\" content=\"2015-06-06T14:11:42+00:00\" \/>\n<meta property=\"og:image\" content=\"https:\/\/www.rassegnastampa-totustuus.it\/cattolica\/wp-content\/uploads\/2013\/07\/coro.jpg\" \/>\n\t<meta property=\"og:image:width\" content=\"275\" \/>\n\t<meta property=\"og:image:height\" content=\"183\" \/>\n\t<meta property=\"og:image:type\" content=\"image\/jpeg\" \/>\n<meta name=\"author\" content=\"Redazione\" \/>\n<meta name=\"twitter:card\" content=\"summary_large_image\" \/>\n<meta name=\"twitter:creator\" content=\"@rassegnastampa9\" \/>\n<meta name=\"twitter:site\" content=\"@rassegnastampa9\" \/>\n<meta name=\"twitter:label1\" content=\"Scritto da\" \/>\n\t<meta name=\"twitter:data1\" content=\"Redazione\" \/>\n\t<meta name=\"twitter:label2\" content=\"Tempo di lettura stimato\" \/>\n\t<meta name=\"twitter:data2\" content=\"7 minuti\" \/>\n<script type=\"application\/ld+json\" class=\"yoast-schema-graph\">{\"@context\":\"https:\\\/\\\/schema.org\",\"@graph\":[{\"@type\":\"Article\",\"@id\":\"https:\\\/\\\/www.rassegnastampa-totustuus.it\\\/cattolica\\\/cantare-la-messa-non-durante-la-messa\\\/#article\",\"isPartOf\":{\"@id\":\"https:\\\/\\\/www.rassegnastampa-totustuus.it\\\/cattolica\\\/cantare-la-messa-non-durante-la-messa\\\/\"},\"author\":{\"name\":\"Redazione\",\"@id\":\"https:\\\/\\\/www.rassegnastampa-totustuus.it\\\/cattolica\\\/#\\\/schema\\\/person\\\/08f319d2bd1a0904ad9e2bfb7b15e5c3\"},\"headline\":\"Cantare la messa, non durante la Messa\",\"datePublished\":\"2013-07-10T22:00:00+00:00\",\"dateModified\":\"2015-06-06T14:11:42+00:00\",\"mainEntityOfPage\":{\"@id\":\"https:\\\/\\\/www.rassegnastampa-totustuus.it\\\/cattolica\\\/cantare-la-messa-non-durante-la-messa\\\/\"},\"wordCount\":1351,\"publisher\":{\"@id\":\"https:\\\/\\\/www.rassegnastampa-totustuus.it\\\/cattolica\\\/#organization\"},\"image\":{\"@id\":\"https:\\\/\\\/www.rassegnastampa-totustuus.it\\\/cattolica\\\/cantare-la-messa-non-durante-la-messa\\\/#primaryimage\"},\"thumbnailUrl\":\"https:\\\/\\\/www.rassegnastampa-totustuus.it\\\/cattolica\\\/wp-content\\\/uploads\\\/2013\\\/07\\\/coro.jpg\",\"keywords\":[\"canto liturgico\",\"santa Messa\"],\"articleSection\":[\"Chiesa\",\"Liturgia\"],\"inLanguage\":\"it-IT\"},{\"@type\":\"WebPage\",\"@id\":\"https:\\\/\\\/www.rassegnastampa-totustuus.it\\\/cattolica\\\/cantare-la-messa-non-durante-la-messa\\\/\",\"url\":\"https:\\\/\\\/www.rassegnastampa-totustuus.it\\\/cattolica\\\/cantare-la-messa-non-durante-la-messa\\\/\",\"name\":\"Cantare la messa, non durante la Messa - Rassegna Stampa Cattolica\",\"isPartOf\":{\"@id\":\"https:\\\/\\\/www.rassegnastampa-totustuus.it\\\/cattolica\\\/#website\"},\"primaryImageOfPage\":{\"@id\":\"https:\\\/\\\/www.rassegnastampa-totustuus.it\\\/cattolica\\\/cantare-la-messa-non-durante-la-messa\\\/#primaryimage\"},\"image\":{\"@id\":\"https:\\\/\\\/www.rassegnastampa-totustuus.it\\\/cattolica\\\/cantare-la-messa-non-durante-la-messa\\\/#primaryimage\"},\"thumbnailUrl\":\"https:\\\/\\\/www.rassegnastampa-totustuus.it\\\/cattolica\\\/wp-content\\\/uploads\\\/2013\\\/07\\\/coro.jpg\",\"datePublished\":\"2013-07-10T22:00:00+00:00\",\"dateModified\":\"2015-06-06T14:11:42+00:00\",\"description\":\"Rassegna Stampa Cattolica - Per una cultura che nasce dalla Rivelazione cristiana in conformit\u00e0 alla tradizione e al Magistero della Chiesa in opposizione ad ogni relativismo e totalitarismo\",\"breadcrumb\":{\"@id\":\"https:\\\/\\\/www.rassegnastampa-totustuus.it\\\/cattolica\\\/cantare-la-messa-non-durante-la-messa\\\/#breadcrumb\"},\"inLanguage\":\"it-IT\",\"potentialAction\":[{\"@type\":\"ReadAction\",\"target\":[\"https:\\\/\\\/www.rassegnastampa-totustuus.it\\\/cattolica\\\/cantare-la-messa-non-durante-la-messa\\\/\"]}]},{\"@type\":\"ImageObject\",\"inLanguage\":\"it-IT\",\"@id\":\"https:\\\/\\\/www.rassegnastampa-totustuus.it\\\/cattolica\\\/cantare-la-messa-non-durante-la-messa\\\/#primaryimage\",\"url\":\"https:\\\/\\\/www.rassegnastampa-totustuus.it\\\/cattolica\\\/wp-content\\\/uploads\\\/2013\\\/07\\\/coro.jpg\",\"contentUrl\":\"https:\\\/\\\/www.rassegnastampa-totustuus.it\\\/cattolica\\\/wp-content\\\/uploads\\\/2013\\\/07\\\/coro.jpg\",\"width\":275,\"height\":183},{\"@type\":\"BreadcrumbList\",\"@id\":\"https:\\\/\\\/www.rassegnastampa-totustuus.it\\\/cattolica\\\/cantare-la-messa-non-durante-la-messa\\\/#breadcrumb\",\"itemListElement\":[{\"@type\":\"ListItem\",\"position\":1,\"name\":\"Home\",\"item\":\"https:\\\/\\\/www.rassegnastampa-totustuus.it\\\/cattolica\\\/\"},{\"@type\":\"ListItem\",\"position\":2,\"name\":\"Cantare la messa, non durante la Messa\"}]},{\"@type\":\"WebSite\",\"@id\":\"https:\\\/\\\/www.rassegnastampa-totustuus.it\\\/cattolica\\\/#website\",\"url\":\"https:\\\/\\\/www.rassegnastampa-totustuus.it\\\/cattolica\\\/\",\"name\":\"Rassegna Stampa Cattolica\",\"description\":\"Per una cultura che nasce dalla Rivelazione cristiana in conformit\u00e0 alla tradizione e al Magistero della Chiesa in opposizione ad ogni relativismo e totalitarismo\",\"publisher\":{\"@id\":\"https:\\\/\\\/www.rassegnastampa-totustuus.it\\\/cattolica\\\/#organization\"},\"alternateName\":\"Rass. Cattolica\",\"potentialAction\":[{\"@type\":\"SearchAction\",\"target\":{\"@type\":\"EntryPoint\",\"urlTemplate\":\"https:\\\/\\\/www.rassegnastampa-totustuus.it\\\/cattolica\\\/?s={search_term_string}\"},\"query-input\":{\"@type\":\"PropertyValueSpecification\",\"valueRequired\":true,\"valueName\":\"search_term_string\"}}],\"inLanguage\":\"it-IT\"},{\"@type\":\"Organization\",\"@id\":\"https:\\\/\\\/www.rassegnastampa-totustuus.it\\\/cattolica\\\/#organization\",\"name\":\"Rassegna Stampa Cattolica\",\"url\":\"https:\\\/\\\/www.rassegnastampa-totustuus.it\\\/cattolica\\\/\",\"logo\":{\"@type\":\"ImageObject\",\"inLanguage\":\"it-IT\",\"@id\":\"https:\\\/\\\/www.rassegnastampa-totustuus.it\\\/cattolica\\\/#\\\/schema\\\/logo\\\/image\\\/\",\"url\":\"https:\\\/\\\/www.rassegnastampa-totustuus.it\\\/cattolica\\\/wp-content\\\/uploads\\\/2014\\\/04\\\/logo-rassegna1.gif\",\"contentUrl\":\"https:\\\/\\\/www.rassegnastampa-totustuus.it\\\/cattolica\\\/wp-content\\\/uploads\\\/2014\\\/04\\\/logo-rassegna1.gif\",\"width\":600,\"height\":163,\"caption\":\"Rassegna Stampa Cattolica\"},\"image\":{\"@id\":\"https:\\\/\\\/www.rassegnastampa-totustuus.it\\\/cattolica\\\/#\\\/schema\\\/logo\\\/image\\\/\"},\"sameAs\":[\"https:\\\/\\\/www.facebook.com\\\/rassegnastampacattolica\",\"https:\\\/\\\/x.com\\\/rassegnastampa9\"]},{\"@type\":\"Person\",\"@id\":\"https:\\\/\\\/www.rassegnastampa-totustuus.it\\\/cattolica\\\/#\\\/schema\\\/person\\\/08f319d2bd1a0904ad9e2bfb7b15e5c3\",\"name\":\"Redazione\",\"image\":{\"@type\":\"ImageObject\",\"inLanguage\":\"it-IT\",\"@id\":\"https:\\\/\\\/secure.gravatar.com\\\/avatar\\\/2fcdf27c78ea025fbdb44e914cc63c72249ffec9dc8aafd5c82b26240ef3f346?s=96&d=mm&r=g\",\"url\":\"https:\\\/\\\/secure.gravatar.com\\\/avatar\\\/2fcdf27c78ea025fbdb44e914cc63c72249ffec9dc8aafd5c82b26240ef3f346?s=96&d=mm&r=g\",\"contentUrl\":\"https:\\\/\\\/secure.gravatar.com\\\/avatar\\\/2fcdf27c78ea025fbdb44e914cc63c72249ffec9dc8aafd5c82b26240ef3f346?s=96&d=mm&r=g\",\"caption\":\"Redazione\"},\"url\":\"https:\\\/\\\/www.rassegnastampa-totustuus.it\\\/cattolica\\\/author\\\/pietroelle\\\/\"}]}<\/script>\n<!-- \/ Yoast SEO plugin. -->","yoast_head_json":{"title":"Cantare la messa, non durante la Messa - Rassegna Stampa Cattolica","description":"Rassegna Stampa Cattolica - Per una cultura che nasce dalla Rivelazione cristiana in conformit\u00e0 alla tradizione e al Magistero della Chiesa in opposizione ad ogni relativismo e totalitarismo","robots":{"index":"index","follow":"follow","max-snippet":"max-snippet:-1","max-image-preview":"max-image-preview:large","max-video-preview":"max-video-preview:-1"},"canonical":"https:\/\/www.rassegnastampa-totustuus.it\/cattolica\/cantare-la-messa-non-durante-la-messa\/","og_locale":"it_IT","og_type":"article","og_title":"Cantare la messa, non durante la Messa - Rassegna Stampa Cattolica","og_description":"Rassegna Stampa Cattolica - Per una cultura che nasce dalla Rivelazione cristiana in conformit\u00e0 alla tradizione e al Magistero della Chiesa in opposizione ad ogni relativismo e totalitarismo","og_url":"https:\/\/www.rassegnastampa-totustuus.it\/cattolica\/cantare-la-messa-non-durante-la-messa\/","og_site_name":"Rassegna Stampa Cattolica","article_publisher":"https:\/\/www.facebook.com\/rassegnastampacattolica","article_published_time":"2013-07-10T22:00:00+00:00","article_modified_time":"2015-06-06T14:11:42+00:00","og_image":[{"width":275,"height":183,"url":"https:\/\/www.rassegnastampa-totustuus.it\/cattolica\/wp-content\/uploads\/2013\/07\/coro.jpg","type":"image\/jpeg"}],"author":"Redazione","twitter_card":"summary_large_image","twitter_creator":"@rassegnastampa9","twitter_site":"@rassegnastampa9","twitter_misc":{"Scritto da":"Redazione","Tempo di lettura stimato":"7 minuti"},"schema":{"@context":"https:\/\/schema.org","@graph":[{"@type":"Article","@id":"https:\/\/www.rassegnastampa-totustuus.it\/cattolica\/cantare-la-messa-non-durante-la-messa\/#article","isPartOf":{"@id":"https:\/\/www.rassegnastampa-totustuus.it\/cattolica\/cantare-la-messa-non-durante-la-messa\/"},"author":{"name":"Redazione","@id":"https:\/\/www.rassegnastampa-totustuus.it\/cattolica\/#\/schema\/person\/08f319d2bd1a0904ad9e2bfb7b15e5c3"},"headline":"Cantare la messa, non durante la Messa","datePublished":"2013-07-10T22:00:00+00:00","dateModified":"2015-06-06T14:11:42+00:00","mainEntityOfPage":{"@id":"https:\/\/www.rassegnastampa-totustuus.it\/cattolica\/cantare-la-messa-non-durante-la-messa\/"},"wordCount":1351,"publisher":{"@id":"https:\/\/www.rassegnastampa-totustuus.it\/cattolica\/#organization"},"image":{"@id":"https:\/\/www.rassegnastampa-totustuus.it\/cattolica\/cantare-la-messa-non-durante-la-messa\/#primaryimage"},"thumbnailUrl":"https:\/\/www.rassegnastampa-totustuus.it\/cattolica\/wp-content\/uploads\/2013\/07\/coro.jpg","keywords":["canto liturgico","santa Messa"],"articleSection":["Chiesa","Liturgia"],"inLanguage":"it-IT"},{"@type":"WebPage","@id":"https:\/\/www.rassegnastampa-totustuus.it\/cattolica\/cantare-la-messa-non-durante-la-messa\/","url":"https:\/\/www.rassegnastampa-totustuus.it\/cattolica\/cantare-la-messa-non-durante-la-messa\/","name":"Cantare la messa, non durante la Messa - Rassegna Stampa Cattolica","isPartOf":{"@id":"https:\/\/www.rassegnastampa-totustuus.it\/cattolica\/#website"},"primaryImageOfPage":{"@id":"https:\/\/www.rassegnastampa-totustuus.it\/cattolica\/cantare-la-messa-non-durante-la-messa\/#primaryimage"},"image":{"@id":"https:\/\/www.rassegnastampa-totustuus.it\/cattolica\/cantare-la-messa-non-durante-la-messa\/#primaryimage"},"thumbnailUrl":"https:\/\/www.rassegnastampa-totustuus.it\/cattolica\/wp-content\/uploads\/2013\/07\/coro.jpg","datePublished":"2013-07-10T22:00:00+00:00","dateModified":"2015-06-06T14:11:42+00:00","description":"Rassegna Stampa Cattolica - Per una cultura che nasce dalla Rivelazione cristiana in conformit\u00e0 alla tradizione e al Magistero della Chiesa in opposizione ad ogni relativismo e totalitarismo","breadcrumb":{"@id":"https:\/\/www.rassegnastampa-totustuus.it\/cattolica\/cantare-la-messa-non-durante-la-messa\/#breadcrumb"},"inLanguage":"it-IT","potentialAction":[{"@type":"ReadAction","target":["https:\/\/www.rassegnastampa-totustuus.it\/cattolica\/cantare-la-messa-non-durante-la-messa\/"]}]},{"@type":"ImageObject","inLanguage":"it-IT","@id":"https:\/\/www.rassegnastampa-totustuus.it\/cattolica\/cantare-la-messa-non-durante-la-messa\/#primaryimage","url":"https:\/\/www.rassegnastampa-totustuus.it\/cattolica\/wp-content\/uploads\/2013\/07\/coro.jpg","contentUrl":"https:\/\/www.rassegnastampa-totustuus.it\/cattolica\/wp-content\/uploads\/2013\/07\/coro.jpg","width":275,"height":183},{"@type":"BreadcrumbList","@id":"https:\/\/www.rassegnastampa-totustuus.it\/cattolica\/cantare-la-messa-non-durante-la-messa\/#breadcrumb","itemListElement":[{"@type":"ListItem","position":1,"name":"Home","item":"https:\/\/www.rassegnastampa-totustuus.it\/cattolica\/"},{"@type":"ListItem","position":2,"name":"Cantare la messa, non durante la Messa"}]},{"@type":"WebSite","@id":"https:\/\/www.rassegnastampa-totustuus.it\/cattolica\/#website","url":"https:\/\/www.rassegnastampa-totustuus.it\/cattolica\/","name":"Rassegna Stampa Cattolica","description":"Per una cultura che nasce dalla Rivelazione cristiana in conformit\u00e0 alla tradizione e al Magistero della Chiesa in opposizione ad ogni relativismo e totalitarismo","publisher":{"@id":"https:\/\/www.rassegnastampa-totustuus.it\/cattolica\/#organization"},"alternateName":"Rass. Cattolica","potentialAction":[{"@type":"SearchAction","target":{"@type":"EntryPoint","urlTemplate":"https:\/\/www.rassegnastampa-totustuus.it\/cattolica\/?s={search_term_string}"},"query-input":{"@type":"PropertyValueSpecification","valueRequired":true,"valueName":"search_term_string"}}],"inLanguage":"it-IT"},{"@type":"Organization","@id":"https:\/\/www.rassegnastampa-totustuus.it\/cattolica\/#organization","name":"Rassegna Stampa Cattolica","url":"https:\/\/www.rassegnastampa-totustuus.it\/cattolica\/","logo":{"@type":"ImageObject","inLanguage":"it-IT","@id":"https:\/\/www.rassegnastampa-totustuus.it\/cattolica\/#\/schema\/logo\/image\/","url":"https:\/\/www.rassegnastampa-totustuus.it\/cattolica\/wp-content\/uploads\/2014\/04\/logo-rassegna1.gif","contentUrl":"https:\/\/www.rassegnastampa-totustuus.it\/cattolica\/wp-content\/uploads\/2014\/04\/logo-rassegna1.gif","width":600,"height":163,"caption":"Rassegna Stampa Cattolica"},"image":{"@id":"https:\/\/www.rassegnastampa-totustuus.it\/cattolica\/#\/schema\/logo\/image\/"},"sameAs":["https:\/\/www.facebook.com\/rassegnastampacattolica","https:\/\/x.com\/rassegnastampa9"]},{"@type":"Person","@id":"https:\/\/www.rassegnastampa-totustuus.it\/cattolica\/#\/schema\/person\/08f319d2bd1a0904ad9e2bfb7b15e5c3","name":"Redazione","image":{"@type":"ImageObject","inLanguage":"it-IT","@id":"https:\/\/secure.gravatar.com\/avatar\/2fcdf27c78ea025fbdb44e914cc63c72249ffec9dc8aafd5c82b26240ef3f346?s=96&d=mm&r=g","url":"https:\/\/secure.gravatar.com\/avatar\/2fcdf27c78ea025fbdb44e914cc63c72249ffec9dc8aafd5c82b26240ef3f346?s=96&d=mm&r=g","contentUrl":"https:\/\/secure.gravatar.com\/avatar\/2fcdf27c78ea025fbdb44e914cc63c72249ffec9dc8aafd5c82b26240ef3f346?s=96&d=mm&r=g","caption":"Redazione"},"url":"https:\/\/www.rassegnastampa-totustuus.it\/cattolica\/author\/pietroelle\/"}]}},"_links":{"self":[{"href":"https:\/\/www.rassegnastampa-totustuus.it\/cattolica\/wp-json\/wp\/v2\/posts\/5650","targetHints":{"allow":["GET"]}}],"collection":[{"href":"https:\/\/www.rassegnastampa-totustuus.it\/cattolica\/wp-json\/wp\/v2\/posts"}],"about":[{"href":"https:\/\/www.rassegnastampa-totustuus.it\/cattolica\/wp-json\/wp\/v2\/types\/post"}],"author":[{"embeddable":true,"href":"https:\/\/www.rassegnastampa-totustuus.it\/cattolica\/wp-json\/wp\/v2\/users\/6"}],"replies":[{"embeddable":true,"href":"https:\/\/www.rassegnastampa-totustuus.it\/cattolica\/wp-json\/wp\/v2\/comments?post=5650"}],"version-history":[{"count":3,"href":"https:\/\/www.rassegnastampa-totustuus.it\/cattolica\/wp-json\/wp\/v2\/posts\/5650\/revisions"}],"predecessor-version":[{"id":25613,"href":"https:\/\/www.rassegnastampa-totustuus.it\/cattolica\/wp-json\/wp\/v2\/posts\/5650\/revisions\/25613"}],"wp:featuredmedia":[{"embeddable":true,"href":"https:\/\/www.rassegnastampa-totustuus.it\/cattolica\/wp-json\/wp\/v2\/media\/25612"}],"wp:attachment":[{"href":"https:\/\/www.rassegnastampa-totustuus.it\/cattolica\/wp-json\/wp\/v2\/media?parent=5650"}],"wp:term":[{"taxonomy":"category","embeddable":true,"href":"https:\/\/www.rassegnastampa-totustuus.it\/cattolica\/wp-json\/wp\/v2\/categories?post=5650"},{"taxonomy":"post_tag","embeddable":true,"href":"https:\/\/www.rassegnastampa-totustuus.it\/cattolica\/wp-json\/wp\/v2\/tags?post=5650"}],"curies":[{"name":"wp","href":"https:\/\/api.w.org\/{rel}","templated":true}]}}