{"id":56498,"date":"2023-05-26T12:04:12","date_gmt":"2023-05-26T10:04:12","guid":{"rendered":"https:\/\/www.rassegnastampa-totustuus.it\/cattolica\/?p=56498"},"modified":"2023-12-21T15:09:49","modified_gmt":"2023-12-21T14:09:49","slug":"dominare-il-clima","status":"publish","type":"post","link":"https:\/\/www.rassegnastampa-totustuus.it\/cattolica\/dominare-il-clima\/","title":{"rendered":"Dominare il clima?"},"content":{"rendered":"<p style=\"text-align: center;\"><span style=\"color: #000000;\"><strong><img loading=\"lazy\" decoding=\"async\" class=\" wp-image-38425 alignleft\" src=\"https:\/\/www.rassegnastampa-totustuus.it\/cattolica\/wp-content\/uploads\/2017\/09\/clima.jpg\" alt=\"\" width=\"321\" height=\"215\" \/><\/strong><\/span><\/p>\n<p style=\"text-align: justify;\"><span style=\"color: #000000;\"><strong>Abstract: <\/strong><\/span><span style=\"color: #000000;\"><em>d<\/em><\/span><em><span style=\"color: #000000;\">ominare il clima? Chi intende modificare il clima sottintende un pericoloso senso si onnipotenza, Finch\u00e9 parliamo di modelli climatici che presumono di descrivere il comportamento dell\u2019universo, spesso da una prospettiva limitata, e attribuiamo alle attivit\u00e0 umane la piena responsabilit\u00e0 dei cambiamenti climatici, stiamo <\/span><span style=\"color: #000000;\">ignorando la nostra fragilit\u00e0 di fronte alla natura<\/span><span style=\"color: #000000;\">.<\/span><\/em><\/p>\n<p><!--more--><\/p>\n<p style=\"text-align: center;\"><span style=\"color: #000000;\"><strong>Atlantico <\/strong>17 maggio 2023<strong> \u00a0<\/strong><\/span><\/p>\n<h3 style=\"text-align: center;\"><span style=\"color: #000000;\">Occhio al senso di onnipotenza <\/span><\/h3>\n<h3 style=\"text-align: center;\"><span style=\"color: #000000;\">di chi pensa che possiamo dominare il clima<\/span><\/h3>\n<p style=\"text-align: justify;\"><span style=\"color: #000000;\"><em>Giovanni Brussato: \u201cattribuire alle attivit\u00e0 umane la piena responsabilit\u00e0 dei cambiamenti climatici significa ignorare la nostra fragilit\u00e0 di fronte alla natura\u201d<\/em><\/span><\/p>\n<p style=\"text-align: center;\">di <strong>Marco Hugo Barsotti<\/strong><\/p>\n<div id=\"attachment_56499\" style=\"width: 171px\" class=\"wp-caption alignright\"><img loading=\"lazy\" decoding=\"async\" aria-describedby=\"caption-attachment-56499\" class=\"wp-image-56499 \" src=\"https:\/\/www.rassegnastampa-totustuus.it\/cattolica\/wp-content\/uploads\/2023\/05\/Giovanni_Brussato_ambiente.jpg\" alt=\"\" width=\"171\" height=\"207\" \/><p id=\"caption-attachment-56499\" class=\"wp-caption-text\">Giovanni Brussato<\/p><\/div>\n<p style=\"text-align: justify;\"><span style=\"color: #000000;\">Gioved\u00ec 11 maggio 2023 abbiamo avuto l\u2019occasione di intervistare Giovanni Brussato, ingegnere minerario e opinionista per numerose testate, tra cui<em> Panorama<\/em>, dove si occupa di questioni relative a clima e materie prime.<\/span><\/p>\n<p style=\"text-align: justify;\"><span style=\"color: #000000;\">Lo fa da un punto di vista <strong>molto eterodosso<\/strong> e proprio per questo da noi totalmente condiviso: nei suoi articoli si trovano oltretutto perle quali: <em>\u201cil vice-cancelliere tedesco Habeck ha risolto il problema di come riaprire le centrali a carbone senza contraddire la legge sulla protezione del clima (che prevede la riduzione costante delle emissioni di Co2) utilizzando equazioni comprendenti numeri complessi. I quali, come noto, sono composti da una parte reale ed una\u2026 immaginaria\u201d<\/em>.<\/span><\/p>\n<p style=\"text-align: justify;\"><span style=\"color: #000000;\">Viste queste premesse non ci restava che chiedergli un\u2019intervista per\u00a0<em>Atlantico Quotidiano<\/em>, ovviamente sulla scottante questione del clima. Intervista immediatamente accettata e che, vista la lunghezza (59 minuti di registrazione), sar\u00e0 pubblicata in due puntate, nella seconda della quale includeremo il link al\u00a0<em>podcast<\/em>\u00a0con l\u2019audio integrale.\u00a0<\/span><\/p>\n<p style=\"text-align: justify;\"><span style=\"color: #000000;\">MARCO HUGO BARSOTTI: Innanzitutto, pu\u00f2 presentarsi brevemente ai lettori?<\/span><\/p>\n<p style=\"text-align: justify;\"><img loading=\"lazy\" decoding=\"async\" class=\" wp-image-50790 alignleft\" src=\"https:\/\/www.rassegnastampa-totustuus.it\/cattolica\/wp-content\/uploads\/2021\/05\/Olanda_dighe_ambiente_clima.jpg\" alt=\"\" width=\"308\" height=\"192\" \/><span style=\"color: #000000;\">GIOVANNI BRUSSATO: Sono un ingegnere minerario e autore<\/span> di<em>\u201c<span style=\"color: #0000ff;\"><a style=\"color: #0000ff;\" href=\"https:\/\/www.amazon.com\/Energia-verde-Prepariamoci-scavare-rinnovabili-ebook\/dp\/B08ZCZDKWH\/ref=sr_1_1?crid=OKQ7GXTSP25N&amp;keywords=energia+verde%3F+prepariamoci+a+scavare&amp;qid=1684128993&amp;sprefix=energia+verde+prepariamoci+a+scavar%2Caps%2C182&amp;sr=8-1\" target=\"_blank\" rel=\"noopener\">Energia verde: prepariamoci a scavare<\/a><\/span>\u201d<\/em>, <span style=\"color: #000000;\">un libro sui <strong>costi ambientali e sociali delle energie rinnovabili<\/strong>. Sono coautore di <\/span><em>\u201c<span style=\"color: #0000ff;\"><a style=\"color: #0000ff;\" href=\"https:\/\/www.amazon.com\/Dialoghi-sul-clima-emergenza-conoscenza-ebook\/dp\/B0BJVD11ML\/ref=sr_1_1?crid=381VDMUWGBAOQ&amp;keywords=Dialoghi+sul+clima%3A+tra+emergenza+e+conoscenza&amp;qid=1684129205&amp;sprefix=dialoghi+sul+clima+tra+emergenza+e+conoscenza%2Caps%2C319&amp;sr=8-1\" target=\"_blank\" rel=\"noopener\">Dialoghi sul clima: tra emergenza e conoscenza<\/a><\/span>\u201d<\/em>, <span style=\"color: #000000;\">un saggio sui cambiamenti climatici. Mi occupo in particolare dell\u2019approvvigionamento delle materie prime necessarie per la transizione energetica. Collaboro con riviste come <em>Panorama<\/em> ed <em>Energia<\/em>. Sono consulente scientifico di <em>Amici della Terra<\/em>.<\/span><\/p>\n<h4 style=\"text-align: center;\"><span style=\"color: #000000;\"><strong>La Co2 nell\u2019atmosfera<\/strong><\/span><\/h4>\n<p style=\"text-align: justify;\"><span style=\"color: #000000;\">MB: Nel libr<\/span>o\u00a0<em>\u201c<span style=\"color: #0000ff;\"><a style=\"color: #0000ff;\" href=\"https:\/\/www.amazon.com\/Signal-Noise-Many-Predictions-Fail-but-ebook\/dp\/B007V65R54\/ref=sr_1_1?crid=38L72R05H7GZ7&amp;keywords=the+signal+and+the+noise+nate+silver&amp;qid=1684130252&amp;sprefix=the+signal+and+%2Caps%2C195&amp;sr=8-1\" target=\"_blank\" rel=\"noopener\">Il segnali ed il rumore, perch\u00e9 cos\u00ec tante previsioni falliscono (ma alcune no)<\/a><\/span>\u201d<\/em> <span style=\"color: #000000;\">si forniscono i dati dell\u2019aumento della concentrazione di Co2 nell\u2019atmosfera: Tra il 1959 e il 2011 siamo passati da 315 ppm (parti per milione) a 390 ppm. Conosciamo dati pi\u00f9 recenti? La velocit\u00e0 di questo aumento \u00e8 cambiata?<\/span><\/p>\n<p style=\"text-align: justify;\"><span style=\"color: #000000;\"><img loading=\"lazy\" decoding=\"async\" class=\" wp-image-44226 alignright\" src=\"https:\/\/www.rassegnastampa-totustuus.it\/cattolica\/wp-content\/uploads\/2019\/09\/ambiente_CO2.jpg\" alt=\"\" width=\"337\" height=\"203\" \/>GB: Ci sono molte stime sull\u2019accelerazione dell\u2019aumento di Co2. Secondo l\u2019osservatorio di Mauna Loa, alle Hawaii, la concentrazione di Co2 nell\u2019atmosfera \u00e8 oggi di circa 423,4 ppm. Il numero oscilla molto durante l\u2019anno ma\u00a0<strong>continua ad aumentare<\/strong><\/span>. <span style=\"color: #0000ff;\"><a style=\"color: #0000ff;\" href=\"http:\/\/www.esrl.noaa.gov\/gmd\/ccgg\/trends\/index.html\" target=\"_blank\" rel=\"noopener\">Questo il sito<\/a><\/span> <span style=\"color: #000000;\">dell\u2019osservatorio di Mauna Loa con i dati giornalieri sulla Co2 atmosferica.<\/span><\/p>\n<p style=\"text-align: justify;\"><span style=\"color: #000000;\">MHB: Molto interessante. Osservando i grafici diremmo che le oscillazioni esistono ma non nascondono il trend generale in aumento. Anche se \u2013 giusto per tranquillizzarci un po\u2019 \u2013 osserviamo anche che non si tratta di aumento esponenziale.<\/span><\/p>\n<h4 style=\"text-align: center;\"><span style=\"color: #000000;\"><strong>Co2 e riscaldamento globale<\/strong><\/span><\/h4>\n<p style=\"text-align: justify;\"><span style=\"color: #000000;\">Il che ci porta per\u00f2 alla prossima domanda: c\u2019\u00e8 una correlazione diretta tra l\u2019aumento di Co2 e il riscaldamento globale? In termini numerici, aumentano alla stessa velocit\u00e0?<\/span><\/p>\n<p style=\"text-align: justify;\"><span style=\"color: #000000;\"><img loading=\"lazy\" decoding=\"async\" class=\" wp-image-37370 alignleft\" src=\"https:\/\/www.rassegnastampa-totustuus.it\/cattolica\/wp-content\/uploads\/2017\/03\/global_warming.jpg\" alt=\"\" width=\"299\" height=\"224\" \/>GB: Le ricostruzioni paleoclimatiche mostrano che negli ultimi 500 milioni di anni la temperatura media del pianeta \u00e8 variata parecchio, con <strong>ampie oscillazioni<\/strong>\u2026<\/span><\/p>\n<p style=\"text-align: justify;\"><span style=\"color: #000000;\">[In merito abbiamo recuperato i dati dell\u2019<em>Earth Observatory<\/em> della <em>Nasa<\/em>, i quali <a style=\"color: #000000;\" href=\"https:\/\/earthobservatory.nasa.gov\/features\/GlobalWarming\/page3.php#:~:text=As%20the%20Earth%20moved%20out,ice-age-recovery%20warming.\" target=\"_blank\" rel=\"noopener\">mostrano in questo periodo<\/a> <\/span>un\u2019oscillazione tra \u20138 e + 4C,\u00a0<em>ndr<\/em>]<\/p>\n<p style=\"text-align: justify;\"><span style=\"color: #000000;\">GB: Perch\u00e9 <strong>il clima della Terra cambia naturalmente<\/strong>. L\u2019uomo potrebbe senz\u2019altro aver influito sul clima globale nell\u2019ultimo secolo, per le emissioni di gas serra dovute all\u2019uso di combustibili fossili.<\/span><\/p>\n<p style=\"text-align: justify;\"><span style=\"color: #000000;\">MHB: Ha detto \u201cpotrebbe\u201d e non \u201cha\u201d<\/span>\u2026<\/p>\n<p style=\"text-align: justify;\"><span style=\"color: #000000;\">GHB: A sentire l\u2019<em>IPCC<\/em> (<a style=\"color: #000000;\" href=\"https:\/\/www.ipcc.ch\/\" target=\"_blank\" rel=\"noopener\"><em>Intergovernmental Panel on Climate Change<\/em><\/a>, <em>ndr<\/em>) il riscaldamento contemporaneo \u00e8 quasi interamente dovuto all\u2019uomo. La temperatura media globale \u00e8 aumentata di circa 1\u00b0C dal 1850-1900 al 2011-2020. Il riscaldamento antropico sarebbe di 1,07\u00b0C, quello naturale di -0,1\u00b0C. Per l\u2019IPCC, le emissioni antropiche di gas serra sono responsabili di <strong>quasi il 100 per cento del riscaldamento globale<\/strong> dal 1850 al 2020.<\/span><\/p>\n<h4 style=\"text-align: center;\">Senso di onnipotenza<\/h4>\n<p style=\"text-align: justify;\"><img loading=\"lazy\" decoding=\"async\" class=\" wp-image-52226 alignleft\" src=\"https:\/\/www.rassegnastampa-totustuus.it\/cattolica\/wp-content\/uploads\/2021\/08\/Ipcc_clima_global_ambientalismo-300x169.jpg\" alt=\"\" width=\"364\" height=\"205\" srcset=\"https:\/\/www.rassegnastampa-totustuus.it\/cattolica\/wp-content\/uploads\/2021\/08\/Ipcc_clima_global_ambientalismo-300x169.jpg 300w, https:\/\/www.rassegnastampa-totustuus.it\/cattolica\/wp-content\/uploads\/2021\/08\/Ipcc_clima_global_ambientalismo-768x432.jpg 768w, https:\/\/www.rassegnastampa-totustuus.it\/cattolica\/wp-content\/uploads\/2021\/08\/Ipcc_clima_global_ambientalismo-1024x576.jpg 1024w, https:\/\/www.rassegnastampa-totustuus.it\/cattolica\/wp-content\/uploads\/2021\/08\/Ipcc_clima_global_ambientalismo.jpg 1920w\" sizes=\"auto, (max-width: 364px) 100vw, 364px\" \/><span style=\"color: #000000;\">Come ha detto, molti scienziati, tra cui tre Premi Nobel, la pensano diversamente. A mio parere personale, finch\u00e9 parliamo di modelli climatici che presumono di descrivere il comportamento dell\u2019universo, spesso da una prospettiva limitata, e attribuiamo alle attivit\u00e0 umane la piena responsabilit\u00e0 dei cambiamenti climatici, stiamo <strong>ignorando la nostra fragilit\u00e0 di fronte alla natura<\/strong>.<\/span><\/p>\n<p style=\"text-align: justify;\"><span style=\"color: #000000;\">C\u2019\u00e8 un senso di onnipotenza insito in chi pensa che possiamo dominare la natura con la tecnica. Penso che potrebbe aiutarci riconoscere di esserci <strong>spinti sulla strada sbagliata<\/strong>.<\/span><\/p>\n<p style=\"text-align: justify;\"><span style=\"color: #000000;\">La teoria del cambiamento climatico antropico \u00e8 <strong>un\u2019opinione<\/strong>, un modello matematico che pretende di dimostrare la capacit\u00e0 umana di condizionare l\u2019effetto serra o il clima del pianeta. Temo vi sia una certa presunzione e che si confonda l\u2019abitudine di inquinare l\u2019ambiente, conseguenza dell\u2019evoluzione industriale, con l\u2019alterazione permanente del clima.<\/span><\/p>\n<p style=\"text-align: justify;\"><span style=\"color: #000000;\">Secondo me, la natura ha i suoi strumenti e agisce su <strong>scale temporali incomparabili<\/strong> con la durata della vita umana. Ripeto, questa \u00e8 la mia personale opinione.<\/span><\/p>\n<p style=\"text-align: justify;\"><img loading=\"lazy\" decoding=\"async\" class=\"size-medium wp-image-9443 alignright\" src=\"https:\/\/www.rassegnastampa-totustuus.it\/cattolica\/wp-content\/uploads\/2014\/08\/global-warming-300x300.jpg\" alt=\"\" width=\"300\" height=\"300\" srcset=\"https:\/\/www.rassegnastampa-totustuus.it\/cattolica\/wp-content\/uploads\/2014\/08\/global-warming.jpg 300w, https:\/\/www.rassegnastampa-totustuus.it\/cattolica\/wp-content\/uploads\/2014\/08\/global-warming-150x150.jpg 150w\" sizes=\"auto, (max-width: 300px) 100vw, 300px\" \/><span style=\"color: #000000;\">MHB: Quanto dice mi ricorda l\u2019opinione di un ex amministratore <em>Nasa<\/em><\/span>, <span style=\"color: #0000ff;\"><a style=\"color: #0000ff;\" href=\"https:\/\/en.wikipedia.org\/wiki\/Michael_D._Griffin\" target=\"_blank\" rel=\"noopener\">Michael Griffin<\/a><\/span>. <span style=\"color: #000000;\">Nel 2007 aveva affermato qualcosa di molto simile<\/span> <span style=\"color: #0000ff;\"><a style=\"color: #0000ff;\" href=\"https:\/\/abcnews.go.com\/Technology\/GlobalWarming\/story?id=3229696&amp;page=1\" target=\"_blank\" rel=\"noopener\">scatenando le ire di climatologi e membri del Congresso<\/a>.<\/span> <span style=\"color: #000000;\">Il suo discorso era molto interessante, ricordiamo parte delle sue affermazioni:<\/span><\/p>\n<p style=\"text-align: justify;\"><em><span style=\"color: #000000;\">\u00abPresumere che questo sia un problema significa presumere che lo stato del clima della Terra oggi sia il clima ottimale, il miglior clima che avremmo potuto avere o che avremmo mai avuto e che dobbiamo prendere provvedimenti per assicurarci che non cambi. Io vorrei chiedere a chi deve essere concesso il privilegio di decidere <strong>quale sia il miglior clima per tutti gli altri esseri umani\u00bb<\/strong><\/span>.<\/em><\/p>\n<p style=\"text-align: justify;\"><span style=\"color: #000000;\">A seguito di quelle affermazioni, il responsabile degli studi sul clima del <em>Goddard Institute<\/em> di New York aveva definito Griffin, persona che vanta svariate lauree in fisica applicata, ingegneria elettronica e ingegneria aerospaziale, arrogante e ignorante<\/span>\u2026<\/p>\n<h4 style=\"text-align: center;\"><strong>Un sistema complesso<\/strong><\/h4>\n<p style=\"text-align: justify;\"><span style=\"color: #000000;\">GB: Credo che vogliamo spiegare un sistema di <strong>complessit\u00e0 infinita<\/strong> attraverso modelli matematici e dati di solo un secolo o due, ricavati da sistemi pi\u00f9 o meno certi che forniscono informazioni limitate.<\/span><\/p>\n<p style=\"text-align: justify;\"><img loading=\"lazy\" decoding=\"async\" class=\" wp-image-43944 alignleft\" src=\"https:\/\/www.rassegnastampa-totustuus.it\/cattolica\/wp-content\/uploads\/2019\/08\/ambiente_campagna-300x169.jpg\" alt=\"\" width=\"364\" height=\"205\" srcset=\"https:\/\/www.rassegnastampa-totustuus.it\/cattolica\/wp-content\/uploads\/2019\/08\/ambiente_campagna-300x169.jpg 300w, https:\/\/www.rassegnastampa-totustuus.it\/cattolica\/wp-content\/uploads\/2019\/08\/ambiente_campagna-768x432.jpg 768w, https:\/\/www.rassegnastampa-totustuus.it\/cattolica\/wp-content\/uploads\/2019\/08\/ambiente_campagna-1024x576.jpg 1024w, https:\/\/www.rassegnastampa-totustuus.it\/cattolica\/wp-content\/uploads\/2019\/08\/ambiente_campagna.jpg 1280w\" sizes=\"auto, (max-width: 364px) 100vw, 364px\" \/><span style=\"color: #000000;\">Di fatto, conosciamo solo una frazione infinitesimale della Terra. Oggi non avere certezze granitiche e rifiutare qualsiasi dubbio sull\u2019influenza umana sul clima, se non addirittura sul comportamento del pianeta, <strong>equivale a eresia<\/strong>. Eppure, malgrado molti scienziati, tra cui Premi Nobel, la pensino diversamente, un approccio aperto consentirebbe di considerare tutte le opzioni con maggiore serenit<\/span>\u00e0.<\/p>\n<p style=\"text-align: justify;\"><span style=\"color: #000000;\">Si rischia di attribuire erroneamente ai cambiamenti climatici molti effetti che in realt\u00e0 <strong>dipendono semplicemente dalle nostre abitudini inquinanti di sempre<\/strong>, da quando l\u2019uomo abita il pianeta<\/span>.<\/p>\n<p style=\"text-align: justify;\"><span style=\"color: #000000;\">Avveleniamo e devastiamo l\u2019ambiente, e pensiamo che ci\u00f2 possa aver provocato un\u2019alterazione permanente del clima. Sono certo che in molti casi abbiamo <strong>danneggiato gravemente<\/strong> l\u2019ambiente, ma non vorrei che, nel riconoscere ci\u00f2, cadessimo nell\u2019errore di presumere di comprendere e definire correttamente sistemi cos\u00ec complessi. E lo dico con umilt\u00e0<\/span>.<\/p>\n<h4 style=\"text-align: center;\"><span style=\"color: #000000;\"><strong>Occidentali, pentitevi!<\/strong><\/span><\/h4>\n<p style=\"text-align: justify;\"><img loading=\"lazy\" decoding=\"async\" class=\" wp-image-50389 alignright\" src=\"https:\/\/www.rassegnastampa-totustuus.it\/cattolica\/wp-content\/uploads\/2021\/03\/fabbrica_Usa_ford.jpg\" alt=\"\" width=\"350\" height=\"212\" \/><span style=\"color: #000000;\">MHB: Un altro fenomeno che osserviamo \u00e8 la <strong>colpevolizzazione del modo di vita occidentale<\/strong>: scaldiamo troppo le nostre case, usiamo l\u2019auto, viaggiamo in aereo. Nessuno considera che la popolazione mondiale \u00e8 aumentata enormemente in pochi anni e molte nazioni, come India e Cina, raggiungeranno nel tempo il nostro livello di consumo delle risorse<\/span>.<\/p>\n<p style=\"text-align: justify;\"><span style=\"color: #000000;\">GB: Sul tema di recente ho<\/span> <span style=\"color: #0000ff;\"><a style=\"color: #0000ff;\" href=\"http:\/\/www.nuova-energia.com\/index.php?option=com_content&amp;task=view&amp;id=6115&amp;Itemid=113\" target=\"_blank\" rel=\"noopener\">pubblicato un articolo<\/a> <\/span><span style=\"color: #000000;\">intitolato \u201c<em>L\u2019insostenibilit\u00e0 della crescita esponenziale in un sistema finito<\/em>\u201d. Ritengo spieghi ci\u00f2 che lei chiedeva. Partiamo con l\u2019osservare che solo dopo il 1800 gli abitanti del pianeta hanno superato il miliardo. Ma sono bastati 100 anni perch\u00e9 la popolazione raddoppiasse e per il passo successivo, da 2 a 3 miliardi, sono stati sufficienti solo 41 anni.<\/span><\/p>\n<p style=\"text-align: justify;\">S<span style=\"color: #000000;\">iamo passati 6 a 7 miliardi in soli 15 anni. Abbiamo una <strong>crescita esponenziale della popolazione<\/strong>, arrivata a 8 miliardi di persone e prevista a 9,5 miliardi nel 2050. le risorse naturali sono finite, nel senso che hanno una loro dimensione, e la relazione fra loro approvvigionamento e il nostro consumo si sta sempre pi\u00f9 deteriorando.<\/span><\/p>\n<p style=\"text-align: center;\"><span style=\"color: #0000ff;\"><a style=\"color: #0000ff;\" href=\"https:\/\/www.rassegnastampa-totustuus.it\/cattolica\/?p=56501\" target=\"_blank\" rel=\"noopener\">VAI ALLA SECONDA PARTE<\/a><\/span><\/p>\n","protected":false},"excerpt":{"rendered":"<p>Abstract: dominare il clima? Chi intende modificare il clima sottintende un pericoloso senso si onnipotenza, Finch\u00e9 parliamo di modelli climatici che presumono di descrivere il comportamento dell\u2019universo, spesso da una prospettiva limitata, e attribuiamo alle attivit\u00e0 umane la piena responsabilit\u00e0 dei cambiamenti climatici, stiamo ignorando la nostra fragilit\u00e0 di fronte alla natura.<\/p><p><a class=\"more-link btn\" href=\"https:\/\/www.rassegnastampa-totustuus.it\/cattolica\/dominare-il-clima\/\">Continua a leggere<\/a><\/p>\n","protected":false},"author":6,"featured_media":38425,"comment_status":"closed","ping_status":"closed","sticky":false,"template":"","format":"standard","meta":{"footnotes":""},"categories":[3],"tags":[2387,2305,498],"class_list":["post-56498","post","type-post","status-publish","format-standard","has-post-thumbnail","hentry","category-ambientalismo","tag-ambientalismo","tag-clima","tag-global-warming","item-wrap"],"yoast_head":"<!-- This site is optimized with the Yoast SEO plugin v27.5 - https:\/\/yoast.com\/product\/yoast-seo-wordpress\/ -->\n<title>Dominare il clima? - Rassegna Stampa Cattolica<\/title>\n<meta name=\"description\" content=\"Dominare il clima? Chi lo pensa \u00e8 dominato da un pericoloso senso di onnipotenza che ignora la nostra fragilit\u00e0 di fronte alla natura\" \/>\n<meta name=\"robots\" content=\"index, follow, max-snippet:-1, max-image-preview:large, max-video-preview:-1\" \/>\n<link rel=\"canonical\" href=\"https:\/\/www.rassegnastampa-totustuus.it\/cattolica\/dominare-il-clima\/\" \/>\n<meta property=\"og:locale\" content=\"it_IT\" \/>\n<meta property=\"og:type\" content=\"article\" \/>\n<meta property=\"og:title\" content=\"Dominare il clima? - Rassegna Stampa Cattolica\" \/>\n<meta property=\"og:description\" content=\"Dominare il clima? Chi lo pensa \u00e8 dominato da un pericoloso senso di onnipotenza che ignora la nostra fragilit\u00e0 di fronte alla natura\" \/>\n<meta property=\"og:url\" content=\"https:\/\/www.rassegnastampa-totustuus.it\/cattolica\/dominare-il-clima\/\" \/>\n<meta property=\"og:site_name\" content=\"Rassegna Stampa Cattolica\" \/>\n<meta property=\"article:publisher\" content=\"https:\/\/www.facebook.com\/rassegnastampacattolica\" \/>\n<meta property=\"article:published_time\" content=\"2023-05-26T10:04:12+00:00\" \/>\n<meta property=\"article:modified_time\" content=\"2023-12-21T14:09:49+00:00\" \/>\n<meta property=\"og:image\" content=\"https:\/\/www.rassegnastampa-totustuus.it\/cattolica\/wp-content\/uploads\/2017\/09\/clima.jpg\" \/>\n\t<meta property=\"og:image:width\" content=\"275\" \/>\n\t<meta property=\"og:image:height\" content=\"184\" \/>\n\t<meta property=\"og:image:type\" content=\"image\/jpeg\" \/>\n<meta name=\"author\" content=\"Redazione\" \/>\n<meta name=\"twitter:card\" content=\"summary_large_image\" \/>\n<meta name=\"twitter:creator\" content=\"@rassegnastampa9\" \/>\n<meta name=\"twitter:site\" content=\"@rassegnastampa9\" \/>\n<meta name=\"twitter:label1\" content=\"Scritto da\" \/>\n\t<meta name=\"twitter:data1\" content=\"Redazione\" \/>\n\t<meta name=\"twitter:label2\" content=\"Tempo di lettura stimato\" \/>\n\t<meta name=\"twitter:data2\" content=\"9 minuti\" \/>\n<script type=\"application\/ld+json\" class=\"yoast-schema-graph\">{\"@context\":\"https:\\\/\\\/schema.org\",\"@graph\":[{\"@type\":\"Article\",\"@id\":\"https:\\\/\\\/www.rassegnastampa-totustuus.it\\\/cattolica\\\/dominare-il-clima\\\/#article\",\"isPartOf\":{\"@id\":\"https:\\\/\\\/www.rassegnastampa-totustuus.it\\\/cattolica\\\/dominare-il-clima\\\/\"},\"author\":{\"name\":\"Redazione\",\"@id\":\"https:\\\/\\\/www.rassegnastampa-totustuus.it\\\/cattolica\\\/#\\\/schema\\\/person\\\/08f319d2bd1a0904ad9e2bfb7b15e5c3\"},\"headline\":\"Dominare il clima?\",\"datePublished\":\"2023-05-26T10:04:12+00:00\",\"dateModified\":\"2023-12-21T14:09:49+00:00\",\"mainEntityOfPage\":{\"@id\":\"https:\\\/\\\/www.rassegnastampa-totustuus.it\\\/cattolica\\\/dominare-il-clima\\\/\"},\"wordCount\":1310,\"publisher\":{\"@id\":\"https:\\\/\\\/www.rassegnastampa-totustuus.it\\\/cattolica\\\/#organization\"},\"image\":{\"@id\":\"https:\\\/\\\/www.rassegnastampa-totustuus.it\\\/cattolica\\\/dominare-il-clima\\\/#primaryimage\"},\"thumbnailUrl\":\"https:\\\/\\\/www.rassegnastampa-totustuus.it\\\/cattolica\\\/wp-content\\\/uploads\\\/2017\\\/09\\\/clima.jpg\",\"keywords\":[\"Ambientalismo\",\"clima\",\"global warming\"],\"articleSection\":[\"Ambientalismo\"],\"inLanguage\":\"it-IT\"},{\"@type\":\"WebPage\",\"@id\":\"https:\\\/\\\/www.rassegnastampa-totustuus.it\\\/cattolica\\\/dominare-il-clima\\\/\",\"url\":\"https:\\\/\\\/www.rassegnastampa-totustuus.it\\\/cattolica\\\/dominare-il-clima\\\/\",\"name\":\"Dominare il clima? - Rassegna Stampa Cattolica\",\"isPartOf\":{\"@id\":\"https:\\\/\\\/www.rassegnastampa-totustuus.it\\\/cattolica\\\/#website\"},\"primaryImageOfPage\":{\"@id\":\"https:\\\/\\\/www.rassegnastampa-totustuus.it\\\/cattolica\\\/dominare-il-clima\\\/#primaryimage\"},\"image\":{\"@id\":\"https:\\\/\\\/www.rassegnastampa-totustuus.it\\\/cattolica\\\/dominare-il-clima\\\/#primaryimage\"},\"thumbnailUrl\":\"https:\\\/\\\/www.rassegnastampa-totustuus.it\\\/cattolica\\\/wp-content\\\/uploads\\\/2017\\\/09\\\/clima.jpg\",\"datePublished\":\"2023-05-26T10:04:12+00:00\",\"dateModified\":\"2023-12-21T14:09:49+00:00\",\"description\":\"Dominare il clima? Chi lo pensa \u00e8 dominato da un pericoloso senso di onnipotenza che ignora la nostra fragilit\u00e0 di fronte alla natura\",\"breadcrumb\":{\"@id\":\"https:\\\/\\\/www.rassegnastampa-totustuus.it\\\/cattolica\\\/dominare-il-clima\\\/#breadcrumb\"},\"inLanguage\":\"it-IT\",\"potentialAction\":[{\"@type\":\"ReadAction\",\"target\":[\"https:\\\/\\\/www.rassegnastampa-totustuus.it\\\/cattolica\\\/dominare-il-clima\\\/\"]}]},{\"@type\":\"ImageObject\",\"inLanguage\":\"it-IT\",\"@id\":\"https:\\\/\\\/www.rassegnastampa-totustuus.it\\\/cattolica\\\/dominare-il-clima\\\/#primaryimage\",\"url\":\"https:\\\/\\\/www.rassegnastampa-totustuus.it\\\/cattolica\\\/wp-content\\\/uploads\\\/2017\\\/09\\\/clima.jpg\",\"contentUrl\":\"https:\\\/\\\/www.rassegnastampa-totustuus.it\\\/cattolica\\\/wp-content\\\/uploads\\\/2017\\\/09\\\/clima.jpg\",\"width\":275,\"height\":184},{\"@type\":\"BreadcrumbList\",\"@id\":\"https:\\\/\\\/www.rassegnastampa-totustuus.it\\\/cattolica\\\/dominare-il-clima\\\/#breadcrumb\",\"itemListElement\":[{\"@type\":\"ListItem\",\"position\":1,\"name\":\"Home\",\"item\":\"https:\\\/\\\/www.rassegnastampa-totustuus.it\\\/cattolica\\\/\"},{\"@type\":\"ListItem\",\"position\":2,\"name\":\"Dominare il clima?\"}]},{\"@type\":\"WebSite\",\"@id\":\"https:\\\/\\\/www.rassegnastampa-totustuus.it\\\/cattolica\\\/#website\",\"url\":\"https:\\\/\\\/www.rassegnastampa-totustuus.it\\\/cattolica\\\/\",\"name\":\"Rassegna Stampa Cattolica\",\"description\":\"Per una cultura che nasce dalla Rivelazione cristiana in conformit\u00e0 alla tradizione e al Magistero della Chiesa in opposizione ad ogni relativismo e totalitarismo\",\"publisher\":{\"@id\":\"https:\\\/\\\/www.rassegnastampa-totustuus.it\\\/cattolica\\\/#organization\"},\"alternateName\":\"Rass. Cattolica\",\"potentialAction\":[{\"@type\":\"SearchAction\",\"target\":{\"@type\":\"EntryPoint\",\"urlTemplate\":\"https:\\\/\\\/www.rassegnastampa-totustuus.it\\\/cattolica\\\/?s={search_term_string}\"},\"query-input\":{\"@type\":\"PropertyValueSpecification\",\"valueRequired\":true,\"valueName\":\"search_term_string\"}}],\"inLanguage\":\"it-IT\"},{\"@type\":\"Organization\",\"@id\":\"https:\\\/\\\/www.rassegnastampa-totustuus.it\\\/cattolica\\\/#organization\",\"name\":\"Rassegna Stampa Cattolica\",\"url\":\"https:\\\/\\\/www.rassegnastampa-totustuus.it\\\/cattolica\\\/\",\"logo\":{\"@type\":\"ImageObject\",\"inLanguage\":\"it-IT\",\"@id\":\"https:\\\/\\\/www.rassegnastampa-totustuus.it\\\/cattolica\\\/#\\\/schema\\\/logo\\\/image\\\/\",\"url\":\"https:\\\/\\\/www.rassegnastampa-totustuus.it\\\/cattolica\\\/wp-content\\\/uploads\\\/2014\\\/04\\\/logo-rassegna1.gif\",\"contentUrl\":\"https:\\\/\\\/www.rassegnastampa-totustuus.it\\\/cattolica\\\/wp-content\\\/uploads\\\/2014\\\/04\\\/logo-rassegna1.gif\",\"width\":600,\"height\":163,\"caption\":\"Rassegna Stampa Cattolica\"},\"image\":{\"@id\":\"https:\\\/\\\/www.rassegnastampa-totustuus.it\\\/cattolica\\\/#\\\/schema\\\/logo\\\/image\\\/\"},\"sameAs\":[\"https:\\\/\\\/www.facebook.com\\\/rassegnastampacattolica\",\"https:\\\/\\\/x.com\\\/rassegnastampa9\"]},{\"@type\":\"Person\",\"@id\":\"https:\\\/\\\/www.rassegnastampa-totustuus.it\\\/cattolica\\\/#\\\/schema\\\/person\\\/08f319d2bd1a0904ad9e2bfb7b15e5c3\",\"name\":\"Redazione\",\"image\":{\"@type\":\"ImageObject\",\"inLanguage\":\"it-IT\",\"@id\":\"https:\\\/\\\/secure.gravatar.com\\\/avatar\\\/2fcdf27c78ea025fbdb44e914cc63c72249ffec9dc8aafd5c82b26240ef3f346?s=96&d=mm&r=g\",\"url\":\"https:\\\/\\\/secure.gravatar.com\\\/avatar\\\/2fcdf27c78ea025fbdb44e914cc63c72249ffec9dc8aafd5c82b26240ef3f346?s=96&d=mm&r=g\",\"contentUrl\":\"https:\\\/\\\/secure.gravatar.com\\\/avatar\\\/2fcdf27c78ea025fbdb44e914cc63c72249ffec9dc8aafd5c82b26240ef3f346?s=96&d=mm&r=g\",\"caption\":\"Redazione\"},\"url\":\"https:\\\/\\\/www.rassegnastampa-totustuus.it\\\/cattolica\\\/author\\\/pietroelle\\\/\"}]}<\/script>\n<!-- \/ Yoast SEO plugin. -->","yoast_head_json":{"title":"Dominare il clima? - Rassegna Stampa Cattolica","description":"Dominare il clima? Chi lo pensa \u00e8 dominato da un pericoloso senso di onnipotenza che ignora la nostra fragilit\u00e0 di fronte alla natura","robots":{"index":"index","follow":"follow","max-snippet":"max-snippet:-1","max-image-preview":"max-image-preview:large","max-video-preview":"max-video-preview:-1"},"canonical":"https:\/\/www.rassegnastampa-totustuus.it\/cattolica\/dominare-il-clima\/","og_locale":"it_IT","og_type":"article","og_title":"Dominare il clima? - Rassegna Stampa Cattolica","og_description":"Dominare il clima? Chi lo pensa \u00e8 dominato da un pericoloso senso di onnipotenza che ignora la nostra fragilit\u00e0 di fronte alla natura","og_url":"https:\/\/www.rassegnastampa-totustuus.it\/cattolica\/dominare-il-clima\/","og_site_name":"Rassegna Stampa Cattolica","article_publisher":"https:\/\/www.facebook.com\/rassegnastampacattolica","article_published_time":"2023-05-26T10:04:12+00:00","article_modified_time":"2023-12-21T14:09:49+00:00","og_image":[{"width":275,"height":184,"url":"https:\/\/www.rassegnastampa-totustuus.it\/cattolica\/wp-content\/uploads\/2017\/09\/clima.jpg","type":"image\/jpeg"}],"author":"Redazione","twitter_card":"summary_large_image","twitter_creator":"@rassegnastampa9","twitter_site":"@rassegnastampa9","twitter_misc":{"Scritto da":"Redazione","Tempo di lettura stimato":"9 minuti"},"schema":{"@context":"https:\/\/schema.org","@graph":[{"@type":"Article","@id":"https:\/\/www.rassegnastampa-totustuus.it\/cattolica\/dominare-il-clima\/#article","isPartOf":{"@id":"https:\/\/www.rassegnastampa-totustuus.it\/cattolica\/dominare-il-clima\/"},"author":{"name":"Redazione","@id":"https:\/\/www.rassegnastampa-totustuus.it\/cattolica\/#\/schema\/person\/08f319d2bd1a0904ad9e2bfb7b15e5c3"},"headline":"Dominare il clima?","datePublished":"2023-05-26T10:04:12+00:00","dateModified":"2023-12-21T14:09:49+00:00","mainEntityOfPage":{"@id":"https:\/\/www.rassegnastampa-totustuus.it\/cattolica\/dominare-il-clima\/"},"wordCount":1310,"publisher":{"@id":"https:\/\/www.rassegnastampa-totustuus.it\/cattolica\/#organization"},"image":{"@id":"https:\/\/www.rassegnastampa-totustuus.it\/cattolica\/dominare-il-clima\/#primaryimage"},"thumbnailUrl":"https:\/\/www.rassegnastampa-totustuus.it\/cattolica\/wp-content\/uploads\/2017\/09\/clima.jpg","keywords":["Ambientalismo","clima","global warming"],"articleSection":["Ambientalismo"],"inLanguage":"it-IT"},{"@type":"WebPage","@id":"https:\/\/www.rassegnastampa-totustuus.it\/cattolica\/dominare-il-clima\/","url":"https:\/\/www.rassegnastampa-totustuus.it\/cattolica\/dominare-il-clima\/","name":"Dominare il clima? - Rassegna Stampa Cattolica","isPartOf":{"@id":"https:\/\/www.rassegnastampa-totustuus.it\/cattolica\/#website"},"primaryImageOfPage":{"@id":"https:\/\/www.rassegnastampa-totustuus.it\/cattolica\/dominare-il-clima\/#primaryimage"},"image":{"@id":"https:\/\/www.rassegnastampa-totustuus.it\/cattolica\/dominare-il-clima\/#primaryimage"},"thumbnailUrl":"https:\/\/www.rassegnastampa-totustuus.it\/cattolica\/wp-content\/uploads\/2017\/09\/clima.jpg","datePublished":"2023-05-26T10:04:12+00:00","dateModified":"2023-12-21T14:09:49+00:00","description":"Dominare il clima? Chi lo pensa \u00e8 dominato da un pericoloso senso di onnipotenza che ignora la nostra fragilit\u00e0 di fronte alla natura","breadcrumb":{"@id":"https:\/\/www.rassegnastampa-totustuus.it\/cattolica\/dominare-il-clima\/#breadcrumb"},"inLanguage":"it-IT","potentialAction":[{"@type":"ReadAction","target":["https:\/\/www.rassegnastampa-totustuus.it\/cattolica\/dominare-il-clima\/"]}]},{"@type":"ImageObject","inLanguage":"it-IT","@id":"https:\/\/www.rassegnastampa-totustuus.it\/cattolica\/dominare-il-clima\/#primaryimage","url":"https:\/\/www.rassegnastampa-totustuus.it\/cattolica\/wp-content\/uploads\/2017\/09\/clima.jpg","contentUrl":"https:\/\/www.rassegnastampa-totustuus.it\/cattolica\/wp-content\/uploads\/2017\/09\/clima.jpg","width":275,"height":184},{"@type":"BreadcrumbList","@id":"https:\/\/www.rassegnastampa-totustuus.it\/cattolica\/dominare-il-clima\/#breadcrumb","itemListElement":[{"@type":"ListItem","position":1,"name":"Home","item":"https:\/\/www.rassegnastampa-totustuus.it\/cattolica\/"},{"@type":"ListItem","position":2,"name":"Dominare il clima?"}]},{"@type":"WebSite","@id":"https:\/\/www.rassegnastampa-totustuus.it\/cattolica\/#website","url":"https:\/\/www.rassegnastampa-totustuus.it\/cattolica\/","name":"Rassegna Stampa Cattolica","description":"Per una cultura che nasce dalla Rivelazione cristiana in conformit\u00e0 alla tradizione e al Magistero della Chiesa in opposizione ad ogni relativismo e totalitarismo","publisher":{"@id":"https:\/\/www.rassegnastampa-totustuus.it\/cattolica\/#organization"},"alternateName":"Rass. Cattolica","potentialAction":[{"@type":"SearchAction","target":{"@type":"EntryPoint","urlTemplate":"https:\/\/www.rassegnastampa-totustuus.it\/cattolica\/?s={search_term_string}"},"query-input":{"@type":"PropertyValueSpecification","valueRequired":true,"valueName":"search_term_string"}}],"inLanguage":"it-IT"},{"@type":"Organization","@id":"https:\/\/www.rassegnastampa-totustuus.it\/cattolica\/#organization","name":"Rassegna Stampa Cattolica","url":"https:\/\/www.rassegnastampa-totustuus.it\/cattolica\/","logo":{"@type":"ImageObject","inLanguage":"it-IT","@id":"https:\/\/www.rassegnastampa-totustuus.it\/cattolica\/#\/schema\/logo\/image\/","url":"https:\/\/www.rassegnastampa-totustuus.it\/cattolica\/wp-content\/uploads\/2014\/04\/logo-rassegna1.gif","contentUrl":"https:\/\/www.rassegnastampa-totustuus.it\/cattolica\/wp-content\/uploads\/2014\/04\/logo-rassegna1.gif","width":600,"height":163,"caption":"Rassegna Stampa Cattolica"},"image":{"@id":"https:\/\/www.rassegnastampa-totustuus.it\/cattolica\/#\/schema\/logo\/image\/"},"sameAs":["https:\/\/www.facebook.com\/rassegnastampacattolica","https:\/\/x.com\/rassegnastampa9"]},{"@type":"Person","@id":"https:\/\/www.rassegnastampa-totustuus.it\/cattolica\/#\/schema\/person\/08f319d2bd1a0904ad9e2bfb7b15e5c3","name":"Redazione","image":{"@type":"ImageObject","inLanguage":"it-IT","@id":"https:\/\/secure.gravatar.com\/avatar\/2fcdf27c78ea025fbdb44e914cc63c72249ffec9dc8aafd5c82b26240ef3f346?s=96&d=mm&r=g","url":"https:\/\/secure.gravatar.com\/avatar\/2fcdf27c78ea025fbdb44e914cc63c72249ffec9dc8aafd5c82b26240ef3f346?s=96&d=mm&r=g","contentUrl":"https:\/\/secure.gravatar.com\/avatar\/2fcdf27c78ea025fbdb44e914cc63c72249ffec9dc8aafd5c82b26240ef3f346?s=96&d=mm&r=g","caption":"Redazione"},"url":"https:\/\/www.rassegnastampa-totustuus.it\/cattolica\/author\/pietroelle\/"}]}},"_links":{"self":[{"href":"https:\/\/www.rassegnastampa-totustuus.it\/cattolica\/wp-json\/wp\/v2\/posts\/56498","targetHints":{"allow":["GET"]}}],"collection":[{"href":"https:\/\/www.rassegnastampa-totustuus.it\/cattolica\/wp-json\/wp\/v2\/posts"}],"about":[{"href":"https:\/\/www.rassegnastampa-totustuus.it\/cattolica\/wp-json\/wp\/v2\/types\/post"}],"author":[{"embeddable":true,"href":"https:\/\/www.rassegnastampa-totustuus.it\/cattolica\/wp-json\/wp\/v2\/users\/6"}],"replies":[{"embeddable":true,"href":"https:\/\/www.rassegnastampa-totustuus.it\/cattolica\/wp-json\/wp\/v2\/comments?post=56498"}],"version-history":[{"count":3,"href":"https:\/\/www.rassegnastampa-totustuus.it\/cattolica\/wp-json\/wp\/v2\/posts\/56498\/revisions"}],"predecessor-version":[{"id":58344,"href":"https:\/\/www.rassegnastampa-totustuus.it\/cattolica\/wp-json\/wp\/v2\/posts\/56498\/revisions\/58344"}],"wp:featuredmedia":[{"embeddable":true,"href":"https:\/\/www.rassegnastampa-totustuus.it\/cattolica\/wp-json\/wp\/v2\/media\/38425"}],"wp:attachment":[{"href":"https:\/\/www.rassegnastampa-totustuus.it\/cattolica\/wp-json\/wp\/v2\/media?parent=56498"}],"wp:term":[{"taxonomy":"category","embeddable":true,"href":"https:\/\/www.rassegnastampa-totustuus.it\/cattolica\/wp-json\/wp\/v2\/categories?post=56498"},{"taxonomy":"post_tag","embeddable":true,"href":"https:\/\/www.rassegnastampa-totustuus.it\/cattolica\/wp-json\/wp\/v2\/tags?post=56498"}],"curies":[{"name":"wp","href":"https:\/\/api.w.org\/{rel}","templated":true}]}}