{"id":56492,"date":"2023-06-01T00:00:00","date_gmt":"2023-05-31T22:00:00","guid":{"rendered":"https:\/\/www.rassegnastampa-totustuus.it\/cattolica\/?p=56492"},"modified":"2024-01-04T20:29:00","modified_gmt":"2024-01-04T19:29:00","slug":"la-figlia-abbandonata-da-pablo-neruda","status":"publish","type":"post","link":"https:\/\/www.rassegnastampa-totustuus.it\/cattolica\/la-figlia-abbandonata-da-pablo-neruda\/","title":{"rendered":"La figlia abbandonata da Pablo Neruda"},"content":{"rendered":"<p style=\"text-align: justify;\"><span style=\"color: #000000;\"><img loading=\"lazy\" decoding=\"async\" class=\"size-full wp-image-56493 alignright\" src=\"https:\/\/www.rassegnastampa-totustuus.it\/cattolica\/wp-content\/uploads\/2023\/05\/Pabro_Neruda.jpg\" alt=\"\" width=\"250\" height=\"202\" \/><strong>Abstract: <\/strong><em>la figlia abbandonata da Pablo Neruda. <\/em><\/span><em><span style=\"color: #000000;\">Quando citate Pablo Neruda non vi dimenticate questo: &#8220;Mia figlia, o quello che definisco cos\u00ec, \u00e8 un essere perfettamente ridicolo, una specie di punto e virgola, una vampira di tre chili&#8221;. I\u20198 novembre si separa dalla moglie e da quel giorno abbandona Malva. Neruda\u00a0 gli ha negato anche il lasciapassare di scambio di cittadini che l&#8217; avrebbe salvata da un&#8217;Europa immersa negli stenti della seconda guerra mondiale.<\/span><\/em><\/p>\n<p><!--more--><\/p>\n<p style=\"text-align: center;\"><span style=\"color: #000000;\">Dalla pagina blog di Facebook <span style=\"color: #0000ff;\"><a style=\"color: #0000ff;\" href=\"https:\/\/www.lanotiziagiornale.it\/\" target=\"_blank\" rel=\"noopener\"><strong>La Notizia<\/strong> <\/a><\/span>30 maggio 2020 <\/span><\/p>\n<h3 style=\"text-align: center;\"><strong><span style=\"color: #000000;\">Quando citate Neruda non vi dimenticate questo\u00a0<\/span><\/strong><\/h3>\n<p style=\"text-align: center;\"><span style=\"color: #000000;\">di <strong>Pasquino Romano<\/strong> <\/span><\/p>\n<p style=\"text-align: justify;\"><span style=\"color: #000000;\">Quando citate Pablo Neruda non vi dimenticate questo: &#8220;Mia figlia, o quello che definisco cos\u00ec, \u00e8 un essere perfettamente ridicolo, una specie di punto e virgola, una vampira di tre chili&#8221;. I\u20198 novembre si separa dalla moglie e da quel giorno abbandona Malva.<\/span><\/p>\n<p><img loading=\"lazy\" decoding=\"async\" class=\" wp-image-56494 alignleft\" src=\"https:\/\/www.rassegnastampa-totustuus.it\/cattolica\/wp-content\/uploads\/2023\/05\/Malva_Marina_Reyes_Neruda.jpg\" alt=\"\" width=\"134\" height=\"211\" \/><\/p>\n<p style=\"text-align: justify;\"><span style=\"color: #000000;\">Lei \u00e8 Malva Marina Reyes, la figlia di Pablo Neruda. <\/span><span style=\"color: #000000;\">Nata con idrocefalia ed \u00e8 stata abbandonata per questo.<\/span><\/p>\n<p style=\"text-align: justify;\"><span style=\"color: #000000;\">L&#8217;uomo che ha scritto i pi\u00f9 belli e dolci versi chiamava sua figlia, &#8221; Punto e virgola &#8221; (per la proporzione tra la testa e il suo corpo), &#8221; Vampiressa di tre chili &#8221; e &#8221; Essere ridicola &#8220;. Malva \u00e8 morta nella indigenza a soli 8 anni. Suo padre non \u00e8 andato al funerale.<\/span><\/p>\n<p style=\"text-align: justify;\"><span style=\"color: #000000;\">Malva Marina Trinidad Reyes la figlia abbandonata da suo padre Ricardo Eli\u00e9cer Neftali Reyes Basoalto (Pablo Neruda).<\/span><\/p>\n<p style=\"text-align: justify;\"><span style=\"color: #000000;\">1- il poeta pi\u00f9 amato a sinistra Pablo Neruda, ha avuto una figlia: Malva Marina Trinidad Reyes, morta in Olanda a otto anni, abbandonata da suo padre che la odiava per la sua idrocefalia.<\/span><\/p>\n<p style=\"text-align: justify;\"><span style=\"color: #000000;\">2- Il 18 agosto 1934 Malva nasce a Madrid, dove Neruda (Ricardo Eli\u00e9cer Neftali Reyes Basoalto) era console generale. Ma per il poeta cileno, la nascita di una figlia malata e deforme (secondo la propria descrizione) era fuori di tutti i suoi calcoli.<\/span><\/p>\n<p style=\"text-align: justify;\"><span style=\"color: #000000;\"><img loading=\"lazy\" decoding=\"async\" class=\"size-full wp-image-56495 alignright\" src=\"https:\/\/www.rassegnastampa-totustuus.it\/cattolica\/wp-content\/uploads\/2023\/05\/Neruda_cover.jpg\" alt=\"\" width=\"194\" height=\"259\" \/>3- Nel giugno 1934 pubblica &#8220;Residenza sulla terra&#8221; e incontra l&#8217;Argentina Delia del Corsia, affiliata al Partito Comunista francese, la famosa Formichina. Delia ha 20 anni e l&#8217;amore sar\u00e0 istantaneo. Nell&#8217;agosto 1934 Maryka, sofferente moglie di Neruda, partorir\u00e0 Malva.<\/span><\/p>\n<p style=\"text-align: justify;\"><span style=\"color: #000000;\">4- Al mese dalla sua nascita Neruda scrive alla sua amica argentina Sara Torn\u00fa: &#8220;Mia figlia, o quello che definisco cos\u00ec, \u00e8 un essere perfettamente ridicolo, una specie di punto e virgola, una vampira di tre chili&#8221;. Il 8 novembre si separa da Maryka e da quel giorno abbandona Malva.<\/span><\/p>\n<p style=\"text-align: justify;\"><span style=\"color: #000000;\">5- Scappa con La Formichina a Parigi e non dice a nessuno dell&#8217;abbandono di Malva, per anni sotto copertura con la complicit\u00e0 della Gilda letteraria latinoamericana e del partito comunista cileno, che hanno nascosto anche abusi e maltrattamenti a decine di donne. Tutto questo per Pablo Neruda.<\/span><\/p>\n<p style=\"text-align: justify;\"><span style=\"color: #000000;\">6- Maryka si avvicina ad una chiesa dell&#8217;Aia, dove trova un asilo nido per Malva. L\u00ec sar\u00e0 curata dal matrimonio di Hendrik Julsing e Gerdina Sierks. Neruda non risponder\u00e0 mai alle suppliche della sua moglie abbandonata per non dare 100 dollari al mese<\/span>.<\/p>\n<p style=\"text-align: justify;\"><img loading=\"lazy\" decoding=\"async\" class=\"size-full wp-image-56496 alignleft\" src=\"https:\/\/www.rassegnastampa-totustuus.it\/cattolica\/wp-content\/uploads\/2023\/05\/Neruda_Delia_Corsia.jpg\" alt=\"\" width=\"192\" height=\"262\" \/><span style=\"color: #000000;\">7- Maryka vive in una pensione e lavora su ci\u00f2 che trova per mantenere Malva, implora Neruda di mandargli dei soldi per poterle dare da mangiare: &#8220;Il mio ultimo centesimo lo spender\u00f2 per inviare questa lettera&#8221;. La figlia del Nobel di Letteratura \u00e8 morta a 8 anni il 2 marzo 1943 a Gouda.<\/span><\/p>\n<p style=\"text-align: justify;\"><span style=\"color: #000000;\">8- Neruda che incarna l&#8217;avanguardia poetica, l&#8217;intellettuale militante magnete per il socialismo in Sud America, gli ha negato anche il lasciapassare di scambio di cittadini che l&#8217; avrebbe salvata da un&#8217;Europa immersa negli stenti della seconda guerra mondiale.<\/span><\/p>\n<p style=\"text-align: justify;\"><span style=\"color: #000000;\">9- La piccola Malva non \u00e8 menzionata nelle sue memorie n\u00e9 esiste un verso dedicato a lei. Ma il cinismo di Neruda si palpa in &#8220;Canto alle madri dei miliziani morti&#8221; dove finge un affetto che contrasta con l&#8217;abbandono che ha fatto sentire Maryka e sua figlia.<\/span><\/p>\n","protected":false},"excerpt":{"rendered":"<p>Abstract: la figlia abbandonata da Pablo Neruda. Quando citate Pablo Neruda non vi dimenticate questo: &#8220;Mia figlia, o quello che definisco cos\u00ec, \u00e8 un essere perfettamente ridicolo, una specie di punto e virgola, una vampira di tre chili&#8221;. I\u20198 novembre si separa dalla moglie e da quel giorno abbandona Malva. Neruda\u00a0 gli ha negato anche &hellip; <\/p>\n<p><a class=\"more-link btn\" href=\"https:\/\/www.rassegnastampa-totustuus.it\/cattolica\/la-figlia-abbandonata-da-pablo-neruda\/\">Continua a leggere<\/a><\/p>\n","protected":false},"author":6,"featured_media":56493,"comment_status":"closed","ping_status":"closed","sticky":false,"template":"","format":"standard","meta":{"footnotes":""},"categories":[18],"tags":[2960,283],"class_list":["post-56492","post","type-post","status-publish","format-standard","has-post-thumbnail","hentry","category-personaggi","tag-pablo-neruda","tag-personaggi-2","item-wrap"],"yoast_head":"<!-- This site is optimized with the Yoast SEO plugin v27.5 - https:\/\/yoast.com\/product\/yoast-seo-wordpress\/ -->\n<title>La figlia abbandonata da Pablo Neruda - Rassegna Stampa Cattolica<\/title>\n<meta name=\"description\" content=\"La figlia abbandonata da Pablo Neruda, che ne disprezzava l&#039;handicap; la bambina era affetta da idrocefalia\" \/>\n<meta name=\"robots\" content=\"index, follow, max-snippet:-1, max-image-preview:large, max-video-preview:-1\" \/>\n<link rel=\"canonical\" href=\"https:\/\/www.rassegnastampa-totustuus.it\/cattolica\/la-figlia-abbandonata-da-pablo-neruda\/\" \/>\n<meta property=\"og:locale\" content=\"it_IT\" \/>\n<meta property=\"og:type\" content=\"article\" \/>\n<meta property=\"og:title\" content=\"La figlia abbandonata da Pablo Neruda - Rassegna Stampa Cattolica\" \/>\n<meta property=\"og:description\" content=\"La figlia abbandonata da Pablo Neruda, che ne disprezzava l&#039;handicap; la bambina era affetta da idrocefalia\" \/>\n<meta property=\"og:url\" content=\"https:\/\/www.rassegnastampa-totustuus.it\/cattolica\/la-figlia-abbandonata-da-pablo-neruda\/\" \/>\n<meta property=\"og:site_name\" content=\"Rassegna Stampa Cattolica\" \/>\n<meta property=\"article:publisher\" content=\"https:\/\/www.facebook.com\/rassegnastampacattolica\" \/>\n<meta property=\"article:published_time\" content=\"2023-05-31T22:00:00+00:00\" \/>\n<meta property=\"article:modified_time\" content=\"2024-01-04T19:29:00+00:00\" \/>\n<meta property=\"og:image\" content=\"https:\/\/www.rassegnastampa-totustuus.it\/cattolica\/wp-content\/uploads\/2023\/05\/Pabro_Neruda.jpg\" \/>\n\t<meta property=\"og:image:width\" content=\"250\" \/>\n\t<meta property=\"og:image:height\" content=\"202\" \/>\n\t<meta property=\"og:image:type\" content=\"image\/jpeg\" \/>\n<meta name=\"author\" content=\"Redazione\" \/>\n<meta name=\"twitter:card\" content=\"summary_large_image\" \/>\n<meta name=\"twitter:creator\" content=\"@rassegnastampa9\" \/>\n<meta name=\"twitter:site\" content=\"@rassegnastampa9\" \/>\n<meta name=\"twitter:label1\" content=\"Scritto da\" \/>\n\t<meta name=\"twitter:data1\" content=\"Redazione\" \/>\n\t<meta name=\"twitter:label2\" content=\"Tempo di lettura stimato\" \/>\n\t<meta name=\"twitter:data2\" content=\"5 minuti\" \/>\n<script type=\"application\/ld+json\" class=\"yoast-schema-graph\">{\"@context\":\"https:\\\/\\\/schema.org\",\"@graph\":[{\"@type\":\"Article\",\"@id\":\"https:\\\/\\\/www.rassegnastampa-totustuus.it\\\/cattolica\\\/la-figlia-abbandonata-da-pablo-neruda\\\/#article\",\"isPartOf\":{\"@id\":\"https:\\\/\\\/www.rassegnastampa-totustuus.it\\\/cattolica\\\/la-figlia-abbandonata-da-pablo-neruda\\\/\"},\"author\":{\"name\":\"Redazione\",\"@id\":\"https:\\\/\\\/www.rassegnastampa-totustuus.it\\\/cattolica\\\/#\\\/schema\\\/person\\\/08f319d2bd1a0904ad9e2bfb7b15e5c3\"},\"headline\":\"La figlia abbandonata da Pablo Neruda\",\"datePublished\":\"2023-05-31T22:00:00+00:00\",\"dateModified\":\"2024-01-04T19:29:00+00:00\",\"mainEntityOfPage\":{\"@id\":\"https:\\\/\\\/www.rassegnastampa-totustuus.it\\\/cattolica\\\/la-figlia-abbandonata-da-pablo-neruda\\\/\"},\"wordCount\":613,\"publisher\":{\"@id\":\"https:\\\/\\\/www.rassegnastampa-totustuus.it\\\/cattolica\\\/#organization\"},\"image\":{\"@id\":\"https:\\\/\\\/www.rassegnastampa-totustuus.it\\\/cattolica\\\/la-figlia-abbandonata-da-pablo-neruda\\\/#primaryimage\"},\"thumbnailUrl\":\"https:\\\/\\\/www.rassegnastampa-totustuus.it\\\/cattolica\\\/wp-content\\\/uploads\\\/2023\\\/05\\\/Pabro_Neruda.jpg\",\"keywords\":[\"Pablo Neruda\",\"personaggi\"],\"articleSection\":[\"Personaggi\"],\"inLanguage\":\"it-IT\"},{\"@type\":\"WebPage\",\"@id\":\"https:\\\/\\\/www.rassegnastampa-totustuus.it\\\/cattolica\\\/la-figlia-abbandonata-da-pablo-neruda\\\/\",\"url\":\"https:\\\/\\\/www.rassegnastampa-totustuus.it\\\/cattolica\\\/la-figlia-abbandonata-da-pablo-neruda\\\/\",\"name\":\"La figlia abbandonata da Pablo Neruda - Rassegna Stampa Cattolica\",\"isPartOf\":{\"@id\":\"https:\\\/\\\/www.rassegnastampa-totustuus.it\\\/cattolica\\\/#website\"},\"primaryImageOfPage\":{\"@id\":\"https:\\\/\\\/www.rassegnastampa-totustuus.it\\\/cattolica\\\/la-figlia-abbandonata-da-pablo-neruda\\\/#primaryimage\"},\"image\":{\"@id\":\"https:\\\/\\\/www.rassegnastampa-totustuus.it\\\/cattolica\\\/la-figlia-abbandonata-da-pablo-neruda\\\/#primaryimage\"},\"thumbnailUrl\":\"https:\\\/\\\/www.rassegnastampa-totustuus.it\\\/cattolica\\\/wp-content\\\/uploads\\\/2023\\\/05\\\/Pabro_Neruda.jpg\",\"datePublished\":\"2023-05-31T22:00:00+00:00\",\"dateModified\":\"2024-01-04T19:29:00+00:00\",\"description\":\"La figlia abbandonata da Pablo Neruda, che ne disprezzava l'handicap; la bambina era affetta da idrocefalia\",\"breadcrumb\":{\"@id\":\"https:\\\/\\\/www.rassegnastampa-totustuus.it\\\/cattolica\\\/la-figlia-abbandonata-da-pablo-neruda\\\/#breadcrumb\"},\"inLanguage\":\"it-IT\",\"potentialAction\":[{\"@type\":\"ReadAction\",\"target\":[\"https:\\\/\\\/www.rassegnastampa-totustuus.it\\\/cattolica\\\/la-figlia-abbandonata-da-pablo-neruda\\\/\"]}]},{\"@type\":\"ImageObject\",\"inLanguage\":\"it-IT\",\"@id\":\"https:\\\/\\\/www.rassegnastampa-totustuus.it\\\/cattolica\\\/la-figlia-abbandonata-da-pablo-neruda\\\/#primaryimage\",\"url\":\"https:\\\/\\\/www.rassegnastampa-totustuus.it\\\/cattolica\\\/wp-content\\\/uploads\\\/2023\\\/05\\\/Pabro_Neruda.jpg\",\"contentUrl\":\"https:\\\/\\\/www.rassegnastampa-totustuus.it\\\/cattolica\\\/wp-content\\\/uploads\\\/2023\\\/05\\\/Pabro_Neruda.jpg\",\"width\":250,\"height\":202},{\"@type\":\"BreadcrumbList\",\"@id\":\"https:\\\/\\\/www.rassegnastampa-totustuus.it\\\/cattolica\\\/la-figlia-abbandonata-da-pablo-neruda\\\/#breadcrumb\",\"itemListElement\":[{\"@type\":\"ListItem\",\"position\":1,\"name\":\"Home\",\"item\":\"https:\\\/\\\/www.rassegnastampa-totustuus.it\\\/cattolica\\\/\"},{\"@type\":\"ListItem\",\"position\":2,\"name\":\"La figlia abbandonata da Pablo Neruda\"}]},{\"@type\":\"WebSite\",\"@id\":\"https:\\\/\\\/www.rassegnastampa-totustuus.it\\\/cattolica\\\/#website\",\"url\":\"https:\\\/\\\/www.rassegnastampa-totustuus.it\\\/cattolica\\\/\",\"name\":\"Rassegna Stampa Cattolica\",\"description\":\"Per una cultura che nasce dalla Rivelazione cristiana in conformit\u00e0 alla tradizione e al Magistero della Chiesa in opposizione ad ogni relativismo e totalitarismo\",\"publisher\":{\"@id\":\"https:\\\/\\\/www.rassegnastampa-totustuus.it\\\/cattolica\\\/#organization\"},\"alternateName\":\"Rass. Cattolica\",\"potentialAction\":[{\"@type\":\"SearchAction\",\"target\":{\"@type\":\"EntryPoint\",\"urlTemplate\":\"https:\\\/\\\/www.rassegnastampa-totustuus.it\\\/cattolica\\\/?s={search_term_string}\"},\"query-input\":{\"@type\":\"PropertyValueSpecification\",\"valueRequired\":true,\"valueName\":\"search_term_string\"}}],\"inLanguage\":\"it-IT\"},{\"@type\":\"Organization\",\"@id\":\"https:\\\/\\\/www.rassegnastampa-totustuus.it\\\/cattolica\\\/#organization\",\"name\":\"Rassegna Stampa Cattolica\",\"url\":\"https:\\\/\\\/www.rassegnastampa-totustuus.it\\\/cattolica\\\/\",\"logo\":{\"@type\":\"ImageObject\",\"inLanguage\":\"it-IT\",\"@id\":\"https:\\\/\\\/www.rassegnastampa-totustuus.it\\\/cattolica\\\/#\\\/schema\\\/logo\\\/image\\\/\",\"url\":\"https:\\\/\\\/www.rassegnastampa-totustuus.it\\\/cattolica\\\/wp-content\\\/uploads\\\/2014\\\/04\\\/logo-rassegna1.gif\",\"contentUrl\":\"https:\\\/\\\/www.rassegnastampa-totustuus.it\\\/cattolica\\\/wp-content\\\/uploads\\\/2014\\\/04\\\/logo-rassegna1.gif\",\"width\":600,\"height\":163,\"caption\":\"Rassegna Stampa Cattolica\"},\"image\":{\"@id\":\"https:\\\/\\\/www.rassegnastampa-totustuus.it\\\/cattolica\\\/#\\\/schema\\\/logo\\\/image\\\/\"},\"sameAs\":[\"https:\\\/\\\/www.facebook.com\\\/rassegnastampacattolica\",\"https:\\\/\\\/x.com\\\/rassegnastampa9\"]},{\"@type\":\"Person\",\"@id\":\"https:\\\/\\\/www.rassegnastampa-totustuus.it\\\/cattolica\\\/#\\\/schema\\\/person\\\/08f319d2bd1a0904ad9e2bfb7b15e5c3\",\"name\":\"Redazione\",\"image\":{\"@type\":\"ImageObject\",\"inLanguage\":\"it-IT\",\"@id\":\"https:\\\/\\\/secure.gravatar.com\\\/avatar\\\/2fcdf27c78ea025fbdb44e914cc63c72249ffec9dc8aafd5c82b26240ef3f346?s=96&d=mm&r=g\",\"url\":\"https:\\\/\\\/secure.gravatar.com\\\/avatar\\\/2fcdf27c78ea025fbdb44e914cc63c72249ffec9dc8aafd5c82b26240ef3f346?s=96&d=mm&r=g\",\"contentUrl\":\"https:\\\/\\\/secure.gravatar.com\\\/avatar\\\/2fcdf27c78ea025fbdb44e914cc63c72249ffec9dc8aafd5c82b26240ef3f346?s=96&d=mm&r=g\",\"caption\":\"Redazione\"},\"url\":\"https:\\\/\\\/www.rassegnastampa-totustuus.it\\\/cattolica\\\/author\\\/pietroelle\\\/\"}]}<\/script>\n<!-- \/ Yoast SEO plugin. -->","yoast_head_json":{"title":"La figlia abbandonata da Pablo Neruda - Rassegna Stampa Cattolica","description":"La figlia abbandonata da Pablo Neruda, che ne disprezzava l'handicap; la bambina era affetta da idrocefalia","robots":{"index":"index","follow":"follow","max-snippet":"max-snippet:-1","max-image-preview":"max-image-preview:large","max-video-preview":"max-video-preview:-1"},"canonical":"https:\/\/www.rassegnastampa-totustuus.it\/cattolica\/la-figlia-abbandonata-da-pablo-neruda\/","og_locale":"it_IT","og_type":"article","og_title":"La figlia abbandonata da Pablo Neruda - Rassegna Stampa Cattolica","og_description":"La figlia abbandonata da Pablo Neruda, che ne disprezzava l'handicap; la bambina era affetta da idrocefalia","og_url":"https:\/\/www.rassegnastampa-totustuus.it\/cattolica\/la-figlia-abbandonata-da-pablo-neruda\/","og_site_name":"Rassegna Stampa Cattolica","article_publisher":"https:\/\/www.facebook.com\/rassegnastampacattolica","article_published_time":"2023-05-31T22:00:00+00:00","article_modified_time":"2024-01-04T19:29:00+00:00","og_image":[{"width":250,"height":202,"url":"https:\/\/www.rassegnastampa-totustuus.it\/cattolica\/wp-content\/uploads\/2023\/05\/Pabro_Neruda.jpg","type":"image\/jpeg"}],"author":"Redazione","twitter_card":"summary_large_image","twitter_creator":"@rassegnastampa9","twitter_site":"@rassegnastampa9","twitter_misc":{"Scritto da":"Redazione","Tempo di lettura stimato":"5 minuti"},"schema":{"@context":"https:\/\/schema.org","@graph":[{"@type":"Article","@id":"https:\/\/www.rassegnastampa-totustuus.it\/cattolica\/la-figlia-abbandonata-da-pablo-neruda\/#article","isPartOf":{"@id":"https:\/\/www.rassegnastampa-totustuus.it\/cattolica\/la-figlia-abbandonata-da-pablo-neruda\/"},"author":{"name":"Redazione","@id":"https:\/\/www.rassegnastampa-totustuus.it\/cattolica\/#\/schema\/person\/08f319d2bd1a0904ad9e2bfb7b15e5c3"},"headline":"La figlia abbandonata da Pablo Neruda","datePublished":"2023-05-31T22:00:00+00:00","dateModified":"2024-01-04T19:29:00+00:00","mainEntityOfPage":{"@id":"https:\/\/www.rassegnastampa-totustuus.it\/cattolica\/la-figlia-abbandonata-da-pablo-neruda\/"},"wordCount":613,"publisher":{"@id":"https:\/\/www.rassegnastampa-totustuus.it\/cattolica\/#organization"},"image":{"@id":"https:\/\/www.rassegnastampa-totustuus.it\/cattolica\/la-figlia-abbandonata-da-pablo-neruda\/#primaryimage"},"thumbnailUrl":"https:\/\/www.rassegnastampa-totustuus.it\/cattolica\/wp-content\/uploads\/2023\/05\/Pabro_Neruda.jpg","keywords":["Pablo Neruda","personaggi"],"articleSection":["Personaggi"],"inLanguage":"it-IT"},{"@type":"WebPage","@id":"https:\/\/www.rassegnastampa-totustuus.it\/cattolica\/la-figlia-abbandonata-da-pablo-neruda\/","url":"https:\/\/www.rassegnastampa-totustuus.it\/cattolica\/la-figlia-abbandonata-da-pablo-neruda\/","name":"La figlia abbandonata da Pablo Neruda - Rassegna Stampa Cattolica","isPartOf":{"@id":"https:\/\/www.rassegnastampa-totustuus.it\/cattolica\/#website"},"primaryImageOfPage":{"@id":"https:\/\/www.rassegnastampa-totustuus.it\/cattolica\/la-figlia-abbandonata-da-pablo-neruda\/#primaryimage"},"image":{"@id":"https:\/\/www.rassegnastampa-totustuus.it\/cattolica\/la-figlia-abbandonata-da-pablo-neruda\/#primaryimage"},"thumbnailUrl":"https:\/\/www.rassegnastampa-totustuus.it\/cattolica\/wp-content\/uploads\/2023\/05\/Pabro_Neruda.jpg","datePublished":"2023-05-31T22:00:00+00:00","dateModified":"2024-01-04T19:29:00+00:00","description":"La figlia abbandonata da Pablo Neruda, che ne disprezzava l'handicap; la bambina era affetta da idrocefalia","breadcrumb":{"@id":"https:\/\/www.rassegnastampa-totustuus.it\/cattolica\/la-figlia-abbandonata-da-pablo-neruda\/#breadcrumb"},"inLanguage":"it-IT","potentialAction":[{"@type":"ReadAction","target":["https:\/\/www.rassegnastampa-totustuus.it\/cattolica\/la-figlia-abbandonata-da-pablo-neruda\/"]}]},{"@type":"ImageObject","inLanguage":"it-IT","@id":"https:\/\/www.rassegnastampa-totustuus.it\/cattolica\/la-figlia-abbandonata-da-pablo-neruda\/#primaryimage","url":"https:\/\/www.rassegnastampa-totustuus.it\/cattolica\/wp-content\/uploads\/2023\/05\/Pabro_Neruda.jpg","contentUrl":"https:\/\/www.rassegnastampa-totustuus.it\/cattolica\/wp-content\/uploads\/2023\/05\/Pabro_Neruda.jpg","width":250,"height":202},{"@type":"BreadcrumbList","@id":"https:\/\/www.rassegnastampa-totustuus.it\/cattolica\/la-figlia-abbandonata-da-pablo-neruda\/#breadcrumb","itemListElement":[{"@type":"ListItem","position":1,"name":"Home","item":"https:\/\/www.rassegnastampa-totustuus.it\/cattolica\/"},{"@type":"ListItem","position":2,"name":"La figlia abbandonata da Pablo Neruda"}]},{"@type":"WebSite","@id":"https:\/\/www.rassegnastampa-totustuus.it\/cattolica\/#website","url":"https:\/\/www.rassegnastampa-totustuus.it\/cattolica\/","name":"Rassegna Stampa Cattolica","description":"Per una cultura che nasce dalla Rivelazione cristiana in conformit\u00e0 alla tradizione e al Magistero della Chiesa in opposizione ad ogni relativismo e totalitarismo","publisher":{"@id":"https:\/\/www.rassegnastampa-totustuus.it\/cattolica\/#organization"},"alternateName":"Rass. Cattolica","potentialAction":[{"@type":"SearchAction","target":{"@type":"EntryPoint","urlTemplate":"https:\/\/www.rassegnastampa-totustuus.it\/cattolica\/?s={search_term_string}"},"query-input":{"@type":"PropertyValueSpecification","valueRequired":true,"valueName":"search_term_string"}}],"inLanguage":"it-IT"},{"@type":"Organization","@id":"https:\/\/www.rassegnastampa-totustuus.it\/cattolica\/#organization","name":"Rassegna Stampa Cattolica","url":"https:\/\/www.rassegnastampa-totustuus.it\/cattolica\/","logo":{"@type":"ImageObject","inLanguage":"it-IT","@id":"https:\/\/www.rassegnastampa-totustuus.it\/cattolica\/#\/schema\/logo\/image\/","url":"https:\/\/www.rassegnastampa-totustuus.it\/cattolica\/wp-content\/uploads\/2014\/04\/logo-rassegna1.gif","contentUrl":"https:\/\/www.rassegnastampa-totustuus.it\/cattolica\/wp-content\/uploads\/2014\/04\/logo-rassegna1.gif","width":600,"height":163,"caption":"Rassegna Stampa Cattolica"},"image":{"@id":"https:\/\/www.rassegnastampa-totustuus.it\/cattolica\/#\/schema\/logo\/image\/"},"sameAs":["https:\/\/www.facebook.com\/rassegnastampacattolica","https:\/\/x.com\/rassegnastampa9"]},{"@type":"Person","@id":"https:\/\/www.rassegnastampa-totustuus.it\/cattolica\/#\/schema\/person\/08f319d2bd1a0904ad9e2bfb7b15e5c3","name":"Redazione","image":{"@type":"ImageObject","inLanguage":"it-IT","@id":"https:\/\/secure.gravatar.com\/avatar\/2fcdf27c78ea025fbdb44e914cc63c72249ffec9dc8aafd5c82b26240ef3f346?s=96&d=mm&r=g","url":"https:\/\/secure.gravatar.com\/avatar\/2fcdf27c78ea025fbdb44e914cc63c72249ffec9dc8aafd5c82b26240ef3f346?s=96&d=mm&r=g","contentUrl":"https:\/\/secure.gravatar.com\/avatar\/2fcdf27c78ea025fbdb44e914cc63c72249ffec9dc8aafd5c82b26240ef3f346?s=96&d=mm&r=g","caption":"Redazione"},"url":"https:\/\/www.rassegnastampa-totustuus.it\/cattolica\/author\/pietroelle\/"}]}},"_links":{"self":[{"href":"https:\/\/www.rassegnastampa-totustuus.it\/cattolica\/wp-json\/wp\/v2\/posts\/56492","targetHints":{"allow":["GET"]}}],"collection":[{"href":"https:\/\/www.rassegnastampa-totustuus.it\/cattolica\/wp-json\/wp\/v2\/posts"}],"about":[{"href":"https:\/\/www.rassegnastampa-totustuus.it\/cattolica\/wp-json\/wp\/v2\/types\/post"}],"author":[{"embeddable":true,"href":"https:\/\/www.rassegnastampa-totustuus.it\/cattolica\/wp-json\/wp\/v2\/users\/6"}],"replies":[{"embeddable":true,"href":"https:\/\/www.rassegnastampa-totustuus.it\/cattolica\/wp-json\/wp\/v2\/comments?post=56492"}],"version-history":[{"count":3,"href":"https:\/\/www.rassegnastampa-totustuus.it\/cattolica\/wp-json\/wp\/v2\/posts\/56492\/revisions"}],"predecessor-version":[{"id":58775,"href":"https:\/\/www.rassegnastampa-totustuus.it\/cattolica\/wp-json\/wp\/v2\/posts\/56492\/revisions\/58775"}],"wp:featuredmedia":[{"embeddable":true,"href":"https:\/\/www.rassegnastampa-totustuus.it\/cattolica\/wp-json\/wp\/v2\/media\/56493"}],"wp:attachment":[{"href":"https:\/\/www.rassegnastampa-totustuus.it\/cattolica\/wp-json\/wp\/v2\/media?parent=56492"}],"wp:term":[{"taxonomy":"category","embeddable":true,"href":"https:\/\/www.rassegnastampa-totustuus.it\/cattolica\/wp-json\/wp\/v2\/categories?post=56492"},{"taxonomy":"post_tag","embeddable":true,"href":"https:\/\/www.rassegnastampa-totustuus.it\/cattolica\/wp-json\/wp\/v2\/tags?post=56492"}],"curies":[{"name":"wp","href":"https:\/\/api.w.org\/{rel}","templated":true}]}}