{"id":56480,"date":"2023-05-25T09:03:18","date_gmt":"2023-05-25T07:03:18","guid":{"rendered":"https:\/\/www.rassegnastampa-totustuus.it\/cattolica\/?p=56480"},"modified":"2024-01-04T20:32:26","modified_gmt":"2024-01-04T19:32:26","slug":"evoluzionismo-discendiamo-dalle-scimmie","status":"publish","type":"post","link":"https:\/\/www.rassegnastampa-totustuus.it\/cattolica\/evoluzionismo-discendiamo-dalle-scimmie\/","title":{"rendered":"Evoluzionismo: discendiamo dalle scimmie?"},"content":{"rendered":"<p style=\"text-align: justify;\"><span style=\"color: #000000;\"><strong><img loading=\"lazy\" decoding=\"async\" class=\" wp-image-34391 alignright\" src=\"https:\/\/www.rassegnastampa-totustuus.it\/cattolica\/wp-content\/uploads\/2006\/07\/evoluzionismo.jpg\" alt=\"\" width=\"332\" height=\"231\" \/>Abstract: <\/strong><em>Evoluzionismo: discendiamo dalle scimmie? La cosa \u00e8 data ancora cole assodata ma questa teoria non ha ancora prodotto uno straccio di prova. E la scienza esige prove, non parole. Per esempio, l\u2019uomo-scimmia, il famoso anello mancante e che continua a mancare. S\u00ec, perch\u00e9 il solo uomo-scimmia a noi noto \u00e8 Tarzan, creazione letteraria. A parte Romolo e Remo, i soli bimbi allevati da bestie ritrovati erano umani inselvatichiti, mica Mowgli.<\/em><\/span><\/p>\n<p><!--more--><\/p>\n<p style=\"text-align: center;\"><span style=\"color: #000000;\"><a href=\"https:\/\/www.nicolaporro.it\/\" target=\"_blank\" rel=\"noopener\"><strong>Blog di Nicola Porro<\/strong><\/a> 18 Maggio 2023<\/span><\/p>\n<h3 style=\"text-align: center;\"><strong>Legge o solo teoria: deriviamo davvero dalle scimmie?<\/strong><\/h3>\n<p style=\"text-align: center;\"><span style=\"color: #000000;\">di <strong>Rino Cammilleri<\/strong> <\/span><\/p>\n<p style=\"text-align: justify;\"><span style=\"color: #000000;\">Avete presente quei disegni ormai diventati iconici che rappresentano l\u2019evoluzione umana? Dall\u2019ameba all\u2019homo sapiens, passando ovviamente dalle scimmie e i neanderthaliani. Fanno talmente parte del nostro immaginario \u2013 e della narrazione \u2013 fin dalle elementari \u2013 che dico? dall\u2019asilo \u2013 che non ci soffermiamo mai a rifletterci sopra. Come il sole e il panorama, le case e i semafori: ci sono sempre stati, solo i poeti vi indugiano.<\/span><\/p>\n<p style=\"text-align: justify;\"><span style=\"color: #000000;\"><img loading=\"lazy\" decoding=\"async\" class=\" wp-image-28750 alignleft\" src=\"https:\/\/www.rassegnastampa-totustuus.it\/cattolica\/wp-content\/uploads\/2009\/03\/evoluzionismo.jpg\" alt=\"\" width=\"317\" height=\"227\" \/>La prima pulce nell\u2019orecchio me la mise un signore seduto dietro di me mentre assistevamo a una dotta conferenza accademica sull\u2019<strong>evoluzione umana<\/strong>. Alla fine della dissertazione, all\u2019ora delle domande, quel signore si alz\u00f2 e chiese: \u00abMa se io fossi un\u2019ameba, perch\u00e9 mai dovrei uscire dall\u2019acquitrino dove sto bene?\u00bb. La risposta fu la solita sparata sull\u2019enorme quantit\u00e0 di tempo, i milioni di anni che rendevano la fuoruscita dell\u2019ameba non solo probabile ma anche sicura. Quanto ci sia di scientifico in questa affermazione lo lascio alla vostra valutazione. Per me \u00e8 come quando la <strong>Hack<\/strong> diceva che gli alieni esistono per forza perch\u00e9 l\u2019universo \u00e8 cos\u00ec smisurato che non \u00e8 possibile che non esistano. Ma non tutti gli astrofisici sono cos\u00ec, anche se, detta da uno di loro, la fola assume tutto un altro aspetto. Come il tizio in camice bianco che, in tiv\u00f9, pubblicizza il dentifricio. Per far dimenticare che \u00e8 solo un sapone per i denti.<\/span><\/p>\n<p style=\"text-align: justify;\"><span style=\"color: #000000;\">Per esempio, <strong>Isaac Asimov<\/strong>, che era un fisico nucleare, in tutta la sua sterminata produzione fantascientifica non ci mise un solo alieno: correttamente, non ci credeva. Ci sono prove? No, manco una. Solo dicerie, e foto sfocate. Ma torniamo all\u2019evoluzionismo. Non posso negare che, se guardo una discoteca piena o un reality, qualche dubbio mi viene: <strong>forse davvero discendiamo dalle scimmie<\/strong>. Solo che anche la mia \u00e8 un\u2019ipotesi. Ora, per\u00f2, perch\u00e9 la mia ipotesi fa sorridere mentre quella opposta viene insegnata nelle universit\u00e0? E perch\u00e9 ogni volta che qualcuno avanza dei dubbi seri, scientifici davvero, la teoria muta? Il \u00abcespuglio\u00bb, poi la \u00abpoligenesi\u00bb, poi \u00abil caso e la necessit\u00e0\u00bb, poi la \u00abserie di mutazioni casuali\u00bb. Un tornado in un hangar di pezzi di ricambio, molti tornado consecutivi e, prima o poi, uscir\u00e0 un aereo perfettamente montato. Oppure: un branco di oranghi che battono all\u2019impazzata su macchine per scrivere; in qualche milione di anni prima o poi da una di esse uscir\u00e0 la <em>Divina Commedia<\/em>.<\/span><\/p>\n<p style=\"text-align: justify;\"><span style=\"color: #000000;\"><img loading=\"lazy\" decoding=\"async\" class=\" wp-image-32339 alignright\" src=\"https:\/\/www.rassegnastampa-totustuus.it\/cattolica\/wp-content\/uploads\/2005\/05\/ideologia_evoluzione.jpg\" alt=\"\" width=\"317\" height=\"339\" \/>La cosa cominci\u00f2 con l\u2019Expo Univ\u00e9rsale di Parigi del 1900, dove un intero padiglione spiegava come equalmente discendiamo dalle scimmie. Ora, la domanda da cento milioni di dollari \u00e8 la seguente: di solito la Scienza quando una teoria si ostina a non produrre prove cambia strada e ricerca altrove. Invece, l\u2019evoluzionismo va avanti da quasi due secoli e lo si d\u00e0 per dimostrato mentre non lo \u00e8 affatto. Come il vaccino Covid, insomma. \u00c8 stato appena ripubblicato un libretto interessante e significativo che val la pena leggere anche solo per sentire altre campane: Pier Carlo Landucci, <em>La verit\u00e0 sull\u2019evoluzione e l\u2019origine dell\u2019uomo<\/em> (Edizioni Fiducia, pp. 100, euro 10).<\/span><\/p>\n<p style=\"text-align: justify;\"><span style=\"color: #000000;\"><strong>Qualcuno sospetta che sia tutta una storia di razionalismo:<\/strong> discendere da Dio, che ci avrebbe fatti a Sua immagine e somiglianza, \u00e8 religione, mica scienza. Cos\u00ec sarebbe l\u2019uomo a essersi inventato un Dio a sua immagine e somiglianza. Comunque sia, per\u00f2, anche il razionalismo \u00e8 filosofia, e per molti \u00e8 pure religione. <strong>La Scienza, invece, non esiste: esiste semmai il metodo scientifico<\/strong>. Il quale esige prove, non parole. Prove. Per esempio, l\u2019uomo-scimmia, il famoso anello mancante e che continua a mancare. S\u00ec, perch\u00e9 il solo uomo-scimmia a noi noto \u00e8 Tarzan, creazione letteraria. A parte Romolo e Remo, i soli bimbi allevati da bestie ritrovati erano umani inselvatichiti, mica Mowgli.<\/span><\/p>\n<p>_________________________________<\/p>\n<p><strong>Per approfondire:<\/strong><\/p>\n<p><span style=\"color: #0000ff;\"><a href=\"https:\/\/www.rassegnastampa-totustuus.it\/cattolica\/rapporto-sullevoluzionismo-di-rutilio-sermonti\/\" target=\"_blank\" rel=\"noopener\">Rapporto sull\u2019evoluzionismo (di Rutilio Sermonti)\u00a0<\/a> <span style=\"color: #000000;\">libro<\/span><\/span><\/p>\n\n\n<p><\/p>\n","protected":false},"excerpt":{"rendered":"<p>Abstract: Evoluzionismo: discendiamo dalle scimmie? La cosa \u00e8 data ancora cole assodata ma questa teoria non ha ancora prodotto uno straccio di prova. E la scienza esige prove, non parole. Per esempio, l\u2019uomo-scimmia, il famoso anello mancante e che continua a mancare. S\u00ec, perch\u00e9 il solo uomo-scimmia a noi noto \u00e8 Tarzan, creazione letteraria. A &hellip; <\/p>\n<p><a class=\"more-link btn\" href=\"https:\/\/www.rassegnastampa-totustuus.it\/cattolica\/evoluzionismo-discendiamo-dalle-scimmie\/\">Continua a leggere<\/a><\/p>\n","protected":false},"author":6,"featured_media":34391,"comment_status":"closed","ping_status":"closed","sticky":false,"template":"","format":"standard","meta":{"footnotes":""},"categories":[51],"tags":[751,275,261],"class_list":["post-56480","post","type-post","status-publish","format-standard","has-post-thumbnail","hentry","category-evoluzionismo","tag-darwinismo","tag-evoluzionismo-2","tag-scienza-2","item-wrap"],"yoast_head":"<!-- This site is optimized with the Yoast SEO plugin v27.4 - https:\/\/yoast.com\/product\/yoast-seo-wordpress\/ -->\n<title>Evoluzionismo: discendiamo dalle scimmie? - Rassegna Stampa Cattolica<\/title>\n<meta name=\"description\" content=\"Evoluzionismo: discendiamo dalle scimmie? La cosa \u00e8 data ancora cole assodata ma questa teoria non ha ancora prodotto uno straccio di prova\" \/>\n<meta name=\"robots\" content=\"index, follow, max-snippet:-1, max-image-preview:large, max-video-preview:-1\" \/>\n<link rel=\"canonical\" href=\"https:\/\/www.rassegnastampa-totustuus.it\/cattolica\/evoluzionismo-discendiamo-dalle-scimmie\/\" \/>\n<meta property=\"og:locale\" content=\"it_IT\" \/>\n<meta property=\"og:type\" content=\"article\" \/>\n<meta property=\"og:title\" content=\"Evoluzionismo: discendiamo dalle scimmie? - Rassegna Stampa Cattolica\" \/>\n<meta property=\"og:description\" content=\"Evoluzionismo: discendiamo dalle scimmie? La cosa \u00e8 data ancora cole assodata ma questa teoria non ha ancora prodotto uno straccio di prova\" \/>\n<meta property=\"og:url\" content=\"https:\/\/www.rassegnastampa-totustuus.it\/cattolica\/evoluzionismo-discendiamo-dalle-scimmie\/\" \/>\n<meta property=\"og:site_name\" content=\"Rassegna Stampa Cattolica\" \/>\n<meta property=\"article:publisher\" content=\"https:\/\/www.facebook.com\/rassegnastampacattolica\" \/>\n<meta property=\"article:published_time\" content=\"2023-05-25T07:03:18+00:00\" \/>\n<meta property=\"article:modified_time\" content=\"2024-01-04T19:32:26+00:00\" \/>\n<meta property=\"og:image\" content=\"https:\/\/www.rassegnastampa-totustuus.it\/cattolica\/wp-content\/uploads\/2006\/07\/evoluzionismo.jpg\" \/>\n\t<meta property=\"og:image:width\" content=\"269\" \/>\n\t<meta property=\"og:image:height\" content=\"187\" \/>\n\t<meta property=\"og:image:type\" content=\"image\/jpeg\" \/>\n<meta name=\"author\" content=\"Redazione\" \/>\n<meta name=\"twitter:card\" content=\"summary_large_image\" \/>\n<meta name=\"twitter:creator\" content=\"@rassegnastampa9\" \/>\n<meta name=\"twitter:site\" content=\"@rassegnastampa9\" \/>\n<meta name=\"twitter:label1\" content=\"Scritto da\" \/>\n\t<meta name=\"twitter:data1\" content=\"Redazione\" \/>\n\t<meta name=\"twitter:label2\" content=\"Tempo di lettura stimato\" \/>\n\t<meta name=\"twitter:data2\" content=\"5 minuti\" \/>\n<script type=\"application\/ld+json\" class=\"yoast-schema-graph\">{\"@context\":\"https:\\\/\\\/schema.org\",\"@graph\":[{\"@type\":\"Article\",\"@id\":\"https:\\\/\\\/www.rassegnastampa-totustuus.it\\\/cattolica\\\/evoluzionismo-discendiamo-dalle-scimmie\\\/#article\",\"isPartOf\":{\"@id\":\"https:\\\/\\\/www.rassegnastampa-totustuus.it\\\/cattolica\\\/evoluzionismo-discendiamo-dalle-scimmie\\\/\"},\"author\":{\"name\":\"Redazione\",\"@id\":\"https:\\\/\\\/www.rassegnastampa-totustuus.it\\\/cattolica\\\/#\\\/schema\\\/person\\\/08f319d2bd1a0904ad9e2bfb7b15e5c3\"},\"headline\":\"Evoluzionismo: discendiamo dalle scimmie?\",\"datePublished\":\"2023-05-25T07:03:18+00:00\",\"dateModified\":\"2024-01-04T19:32:26+00:00\",\"mainEntityOfPage\":{\"@id\":\"https:\\\/\\\/www.rassegnastampa-totustuus.it\\\/cattolica\\\/evoluzionismo-discendiamo-dalle-scimmie\\\/\"},\"wordCount\":709,\"publisher\":{\"@id\":\"https:\\\/\\\/www.rassegnastampa-totustuus.it\\\/cattolica\\\/#organization\"},\"image\":{\"@id\":\"https:\\\/\\\/www.rassegnastampa-totustuus.it\\\/cattolica\\\/evoluzionismo-discendiamo-dalle-scimmie\\\/#primaryimage\"},\"thumbnailUrl\":\"https:\\\/\\\/www.rassegnastampa-totustuus.it\\\/cattolica\\\/wp-content\\\/uploads\\\/2006\\\/07\\\/evoluzionismo.jpg\",\"keywords\":[\"darwinismo\",\"evoluzionismo\",\"scienza\"],\"articleSection\":[\"Evoluzionismo\"],\"inLanguage\":\"it-IT\"},{\"@type\":\"WebPage\",\"@id\":\"https:\\\/\\\/www.rassegnastampa-totustuus.it\\\/cattolica\\\/evoluzionismo-discendiamo-dalle-scimmie\\\/\",\"url\":\"https:\\\/\\\/www.rassegnastampa-totustuus.it\\\/cattolica\\\/evoluzionismo-discendiamo-dalle-scimmie\\\/\",\"name\":\"Evoluzionismo: discendiamo dalle scimmie? - Rassegna Stampa Cattolica\",\"isPartOf\":{\"@id\":\"https:\\\/\\\/www.rassegnastampa-totustuus.it\\\/cattolica\\\/#website\"},\"primaryImageOfPage\":{\"@id\":\"https:\\\/\\\/www.rassegnastampa-totustuus.it\\\/cattolica\\\/evoluzionismo-discendiamo-dalle-scimmie\\\/#primaryimage\"},\"image\":{\"@id\":\"https:\\\/\\\/www.rassegnastampa-totustuus.it\\\/cattolica\\\/evoluzionismo-discendiamo-dalle-scimmie\\\/#primaryimage\"},\"thumbnailUrl\":\"https:\\\/\\\/www.rassegnastampa-totustuus.it\\\/cattolica\\\/wp-content\\\/uploads\\\/2006\\\/07\\\/evoluzionismo.jpg\",\"datePublished\":\"2023-05-25T07:03:18+00:00\",\"dateModified\":\"2024-01-04T19:32:26+00:00\",\"description\":\"Evoluzionismo: discendiamo dalle scimmie? La cosa \u00e8 data ancora cole assodata ma questa teoria non ha ancora prodotto uno straccio di prova\",\"breadcrumb\":{\"@id\":\"https:\\\/\\\/www.rassegnastampa-totustuus.it\\\/cattolica\\\/evoluzionismo-discendiamo-dalle-scimmie\\\/#breadcrumb\"},\"inLanguage\":\"it-IT\",\"potentialAction\":[{\"@type\":\"ReadAction\",\"target\":[\"https:\\\/\\\/www.rassegnastampa-totustuus.it\\\/cattolica\\\/evoluzionismo-discendiamo-dalle-scimmie\\\/\"]}]},{\"@type\":\"ImageObject\",\"inLanguage\":\"it-IT\",\"@id\":\"https:\\\/\\\/www.rassegnastampa-totustuus.it\\\/cattolica\\\/evoluzionismo-discendiamo-dalle-scimmie\\\/#primaryimage\",\"url\":\"https:\\\/\\\/www.rassegnastampa-totustuus.it\\\/cattolica\\\/wp-content\\\/uploads\\\/2006\\\/07\\\/evoluzionismo.jpg\",\"contentUrl\":\"https:\\\/\\\/www.rassegnastampa-totustuus.it\\\/cattolica\\\/wp-content\\\/uploads\\\/2006\\\/07\\\/evoluzionismo.jpg\",\"width\":269,\"height\":187},{\"@type\":\"BreadcrumbList\",\"@id\":\"https:\\\/\\\/www.rassegnastampa-totustuus.it\\\/cattolica\\\/evoluzionismo-discendiamo-dalle-scimmie\\\/#breadcrumb\",\"itemListElement\":[{\"@type\":\"ListItem\",\"position\":1,\"name\":\"Home\",\"item\":\"https:\\\/\\\/www.rassegnastampa-totustuus.it\\\/cattolica\\\/\"},{\"@type\":\"ListItem\",\"position\":2,\"name\":\"Evoluzionismo: discendiamo dalle scimmie?\"}]},{\"@type\":\"WebSite\",\"@id\":\"https:\\\/\\\/www.rassegnastampa-totustuus.it\\\/cattolica\\\/#website\",\"url\":\"https:\\\/\\\/www.rassegnastampa-totustuus.it\\\/cattolica\\\/\",\"name\":\"Rassegna Stampa Cattolica\",\"description\":\"Per una cultura che nasce dalla Rivelazione cristiana in conformit\u00e0 alla tradizione e al Magistero della Chiesa in opposizione ad ogni relativismo e totalitarismo\",\"publisher\":{\"@id\":\"https:\\\/\\\/www.rassegnastampa-totustuus.it\\\/cattolica\\\/#organization\"},\"alternateName\":\"Rass. Cattolica\",\"potentialAction\":[{\"@type\":\"SearchAction\",\"target\":{\"@type\":\"EntryPoint\",\"urlTemplate\":\"https:\\\/\\\/www.rassegnastampa-totustuus.it\\\/cattolica\\\/?s={search_term_string}\"},\"query-input\":{\"@type\":\"PropertyValueSpecification\",\"valueRequired\":true,\"valueName\":\"search_term_string\"}}],\"inLanguage\":\"it-IT\"},{\"@type\":\"Organization\",\"@id\":\"https:\\\/\\\/www.rassegnastampa-totustuus.it\\\/cattolica\\\/#organization\",\"name\":\"Rassegna Stampa Cattolica\",\"url\":\"https:\\\/\\\/www.rassegnastampa-totustuus.it\\\/cattolica\\\/\",\"logo\":{\"@type\":\"ImageObject\",\"inLanguage\":\"it-IT\",\"@id\":\"https:\\\/\\\/www.rassegnastampa-totustuus.it\\\/cattolica\\\/#\\\/schema\\\/logo\\\/image\\\/\",\"url\":\"https:\\\/\\\/www.rassegnastampa-totustuus.it\\\/cattolica\\\/wp-content\\\/uploads\\\/2014\\\/04\\\/logo-rassegna1.gif\",\"contentUrl\":\"https:\\\/\\\/www.rassegnastampa-totustuus.it\\\/cattolica\\\/wp-content\\\/uploads\\\/2014\\\/04\\\/logo-rassegna1.gif\",\"width\":600,\"height\":163,\"caption\":\"Rassegna Stampa Cattolica\"},\"image\":{\"@id\":\"https:\\\/\\\/www.rassegnastampa-totustuus.it\\\/cattolica\\\/#\\\/schema\\\/logo\\\/image\\\/\"},\"sameAs\":[\"https:\\\/\\\/www.facebook.com\\\/rassegnastampacattolica\",\"https:\\\/\\\/x.com\\\/rassegnastampa9\"]},{\"@type\":\"Person\",\"@id\":\"https:\\\/\\\/www.rassegnastampa-totustuus.it\\\/cattolica\\\/#\\\/schema\\\/person\\\/08f319d2bd1a0904ad9e2bfb7b15e5c3\",\"name\":\"Redazione\",\"image\":{\"@type\":\"ImageObject\",\"inLanguage\":\"it-IT\",\"@id\":\"https:\\\/\\\/secure.gravatar.com\\\/avatar\\\/2fcdf27c78ea025fbdb44e914cc63c72249ffec9dc8aafd5c82b26240ef3f346?s=96&d=mm&r=g\",\"url\":\"https:\\\/\\\/secure.gravatar.com\\\/avatar\\\/2fcdf27c78ea025fbdb44e914cc63c72249ffec9dc8aafd5c82b26240ef3f346?s=96&d=mm&r=g\",\"contentUrl\":\"https:\\\/\\\/secure.gravatar.com\\\/avatar\\\/2fcdf27c78ea025fbdb44e914cc63c72249ffec9dc8aafd5c82b26240ef3f346?s=96&d=mm&r=g\",\"caption\":\"Redazione\"},\"url\":\"https:\\\/\\\/www.rassegnastampa-totustuus.it\\\/cattolica\\\/author\\\/pietroelle\\\/\"}]}<\/script>\n<!-- \/ Yoast SEO plugin. -->","yoast_head_json":{"title":"Evoluzionismo: discendiamo dalle scimmie? - Rassegna Stampa Cattolica","description":"Evoluzionismo: discendiamo dalle scimmie? La cosa \u00e8 data ancora cole assodata ma questa teoria non ha ancora prodotto uno straccio di prova","robots":{"index":"index","follow":"follow","max-snippet":"max-snippet:-1","max-image-preview":"max-image-preview:large","max-video-preview":"max-video-preview:-1"},"canonical":"https:\/\/www.rassegnastampa-totustuus.it\/cattolica\/evoluzionismo-discendiamo-dalle-scimmie\/","og_locale":"it_IT","og_type":"article","og_title":"Evoluzionismo: discendiamo dalle scimmie? - Rassegna Stampa Cattolica","og_description":"Evoluzionismo: discendiamo dalle scimmie? La cosa \u00e8 data ancora cole assodata ma questa teoria non ha ancora prodotto uno straccio di prova","og_url":"https:\/\/www.rassegnastampa-totustuus.it\/cattolica\/evoluzionismo-discendiamo-dalle-scimmie\/","og_site_name":"Rassegna Stampa Cattolica","article_publisher":"https:\/\/www.facebook.com\/rassegnastampacattolica","article_published_time":"2023-05-25T07:03:18+00:00","article_modified_time":"2024-01-04T19:32:26+00:00","og_image":[{"width":269,"height":187,"url":"https:\/\/www.rassegnastampa-totustuus.it\/cattolica\/wp-content\/uploads\/2006\/07\/evoluzionismo.jpg","type":"image\/jpeg"}],"author":"Redazione","twitter_card":"summary_large_image","twitter_creator":"@rassegnastampa9","twitter_site":"@rassegnastampa9","twitter_misc":{"Scritto da":"Redazione","Tempo di lettura stimato":"5 minuti"},"schema":{"@context":"https:\/\/schema.org","@graph":[{"@type":"Article","@id":"https:\/\/www.rassegnastampa-totustuus.it\/cattolica\/evoluzionismo-discendiamo-dalle-scimmie\/#article","isPartOf":{"@id":"https:\/\/www.rassegnastampa-totustuus.it\/cattolica\/evoluzionismo-discendiamo-dalle-scimmie\/"},"author":{"name":"Redazione","@id":"https:\/\/www.rassegnastampa-totustuus.it\/cattolica\/#\/schema\/person\/08f319d2bd1a0904ad9e2bfb7b15e5c3"},"headline":"Evoluzionismo: discendiamo dalle scimmie?","datePublished":"2023-05-25T07:03:18+00:00","dateModified":"2024-01-04T19:32:26+00:00","mainEntityOfPage":{"@id":"https:\/\/www.rassegnastampa-totustuus.it\/cattolica\/evoluzionismo-discendiamo-dalle-scimmie\/"},"wordCount":709,"publisher":{"@id":"https:\/\/www.rassegnastampa-totustuus.it\/cattolica\/#organization"},"image":{"@id":"https:\/\/www.rassegnastampa-totustuus.it\/cattolica\/evoluzionismo-discendiamo-dalle-scimmie\/#primaryimage"},"thumbnailUrl":"https:\/\/www.rassegnastampa-totustuus.it\/cattolica\/wp-content\/uploads\/2006\/07\/evoluzionismo.jpg","keywords":["darwinismo","evoluzionismo","scienza"],"articleSection":["Evoluzionismo"],"inLanguage":"it-IT"},{"@type":"WebPage","@id":"https:\/\/www.rassegnastampa-totustuus.it\/cattolica\/evoluzionismo-discendiamo-dalle-scimmie\/","url":"https:\/\/www.rassegnastampa-totustuus.it\/cattolica\/evoluzionismo-discendiamo-dalle-scimmie\/","name":"Evoluzionismo: discendiamo dalle scimmie? - Rassegna Stampa Cattolica","isPartOf":{"@id":"https:\/\/www.rassegnastampa-totustuus.it\/cattolica\/#website"},"primaryImageOfPage":{"@id":"https:\/\/www.rassegnastampa-totustuus.it\/cattolica\/evoluzionismo-discendiamo-dalle-scimmie\/#primaryimage"},"image":{"@id":"https:\/\/www.rassegnastampa-totustuus.it\/cattolica\/evoluzionismo-discendiamo-dalle-scimmie\/#primaryimage"},"thumbnailUrl":"https:\/\/www.rassegnastampa-totustuus.it\/cattolica\/wp-content\/uploads\/2006\/07\/evoluzionismo.jpg","datePublished":"2023-05-25T07:03:18+00:00","dateModified":"2024-01-04T19:32:26+00:00","description":"Evoluzionismo: discendiamo dalle scimmie? La cosa \u00e8 data ancora cole assodata ma questa teoria non ha ancora prodotto uno straccio di prova","breadcrumb":{"@id":"https:\/\/www.rassegnastampa-totustuus.it\/cattolica\/evoluzionismo-discendiamo-dalle-scimmie\/#breadcrumb"},"inLanguage":"it-IT","potentialAction":[{"@type":"ReadAction","target":["https:\/\/www.rassegnastampa-totustuus.it\/cattolica\/evoluzionismo-discendiamo-dalle-scimmie\/"]}]},{"@type":"ImageObject","inLanguage":"it-IT","@id":"https:\/\/www.rassegnastampa-totustuus.it\/cattolica\/evoluzionismo-discendiamo-dalle-scimmie\/#primaryimage","url":"https:\/\/www.rassegnastampa-totustuus.it\/cattolica\/wp-content\/uploads\/2006\/07\/evoluzionismo.jpg","contentUrl":"https:\/\/www.rassegnastampa-totustuus.it\/cattolica\/wp-content\/uploads\/2006\/07\/evoluzionismo.jpg","width":269,"height":187},{"@type":"BreadcrumbList","@id":"https:\/\/www.rassegnastampa-totustuus.it\/cattolica\/evoluzionismo-discendiamo-dalle-scimmie\/#breadcrumb","itemListElement":[{"@type":"ListItem","position":1,"name":"Home","item":"https:\/\/www.rassegnastampa-totustuus.it\/cattolica\/"},{"@type":"ListItem","position":2,"name":"Evoluzionismo: discendiamo dalle scimmie?"}]},{"@type":"WebSite","@id":"https:\/\/www.rassegnastampa-totustuus.it\/cattolica\/#website","url":"https:\/\/www.rassegnastampa-totustuus.it\/cattolica\/","name":"Rassegna Stampa Cattolica","description":"Per una cultura che nasce dalla Rivelazione cristiana in conformit\u00e0 alla tradizione e al Magistero della Chiesa in opposizione ad ogni relativismo e totalitarismo","publisher":{"@id":"https:\/\/www.rassegnastampa-totustuus.it\/cattolica\/#organization"},"alternateName":"Rass. Cattolica","potentialAction":[{"@type":"SearchAction","target":{"@type":"EntryPoint","urlTemplate":"https:\/\/www.rassegnastampa-totustuus.it\/cattolica\/?s={search_term_string}"},"query-input":{"@type":"PropertyValueSpecification","valueRequired":true,"valueName":"search_term_string"}}],"inLanguage":"it-IT"},{"@type":"Organization","@id":"https:\/\/www.rassegnastampa-totustuus.it\/cattolica\/#organization","name":"Rassegna Stampa Cattolica","url":"https:\/\/www.rassegnastampa-totustuus.it\/cattolica\/","logo":{"@type":"ImageObject","inLanguage":"it-IT","@id":"https:\/\/www.rassegnastampa-totustuus.it\/cattolica\/#\/schema\/logo\/image\/","url":"https:\/\/www.rassegnastampa-totustuus.it\/cattolica\/wp-content\/uploads\/2014\/04\/logo-rassegna1.gif","contentUrl":"https:\/\/www.rassegnastampa-totustuus.it\/cattolica\/wp-content\/uploads\/2014\/04\/logo-rassegna1.gif","width":600,"height":163,"caption":"Rassegna Stampa Cattolica"},"image":{"@id":"https:\/\/www.rassegnastampa-totustuus.it\/cattolica\/#\/schema\/logo\/image\/"},"sameAs":["https:\/\/www.facebook.com\/rassegnastampacattolica","https:\/\/x.com\/rassegnastampa9"]},{"@type":"Person","@id":"https:\/\/www.rassegnastampa-totustuus.it\/cattolica\/#\/schema\/person\/08f319d2bd1a0904ad9e2bfb7b15e5c3","name":"Redazione","image":{"@type":"ImageObject","inLanguage":"it-IT","@id":"https:\/\/secure.gravatar.com\/avatar\/2fcdf27c78ea025fbdb44e914cc63c72249ffec9dc8aafd5c82b26240ef3f346?s=96&d=mm&r=g","url":"https:\/\/secure.gravatar.com\/avatar\/2fcdf27c78ea025fbdb44e914cc63c72249ffec9dc8aafd5c82b26240ef3f346?s=96&d=mm&r=g","contentUrl":"https:\/\/secure.gravatar.com\/avatar\/2fcdf27c78ea025fbdb44e914cc63c72249ffec9dc8aafd5c82b26240ef3f346?s=96&d=mm&r=g","caption":"Redazione"},"url":"https:\/\/www.rassegnastampa-totustuus.it\/cattolica\/author\/pietroelle\/"}]}},"_links":{"self":[{"href":"https:\/\/www.rassegnastampa-totustuus.it\/cattolica\/wp-json\/wp\/v2\/posts\/56480","targetHints":{"allow":["GET"]}}],"collection":[{"href":"https:\/\/www.rassegnastampa-totustuus.it\/cattolica\/wp-json\/wp\/v2\/posts"}],"about":[{"href":"https:\/\/www.rassegnastampa-totustuus.it\/cattolica\/wp-json\/wp\/v2\/types\/post"}],"author":[{"embeddable":true,"href":"https:\/\/www.rassegnastampa-totustuus.it\/cattolica\/wp-json\/wp\/v2\/users\/6"}],"replies":[{"embeddable":true,"href":"https:\/\/www.rassegnastampa-totustuus.it\/cattolica\/wp-json\/wp\/v2\/comments?post=56480"}],"version-history":[{"count":4,"href":"https:\/\/www.rassegnastampa-totustuus.it\/cattolica\/wp-json\/wp\/v2\/posts\/56480\/revisions"}],"predecessor-version":[{"id":58777,"href":"https:\/\/www.rassegnastampa-totustuus.it\/cattolica\/wp-json\/wp\/v2\/posts\/56480\/revisions\/58777"}],"wp:featuredmedia":[{"embeddable":true,"href":"https:\/\/www.rassegnastampa-totustuus.it\/cattolica\/wp-json\/wp\/v2\/media\/34391"}],"wp:attachment":[{"href":"https:\/\/www.rassegnastampa-totustuus.it\/cattolica\/wp-json\/wp\/v2\/media?parent=56480"}],"wp:term":[{"taxonomy":"category","embeddable":true,"href":"https:\/\/www.rassegnastampa-totustuus.it\/cattolica\/wp-json\/wp\/v2\/categories?post=56480"},{"taxonomy":"post_tag","embeddable":true,"href":"https:\/\/www.rassegnastampa-totustuus.it\/cattolica\/wp-json\/wp\/v2\/tags?post=56480"}],"curies":[{"name":"wp","href":"https:\/\/api.w.org\/{rel}","templated":true}]}}