{"id":56394,"date":"2023-05-18T00:00:00","date_gmt":"2023-05-17T22:00:00","guid":{"rendered":"https:\/\/www.rassegnastampa-totustuus.it\/cattolica\/?p=56394"},"modified":"2024-01-04T20:45:13","modified_gmt":"2024-01-04T19:45:13","slug":"tecnologia-e-medioevo","status":"publish","type":"post","link":"https:\/\/www.rassegnastampa-totustuus.it\/cattolica\/tecnologia-e-medioevo\/","title":{"rendered":"Tecnologia e Medioevo"},"content":{"rendered":"<p style=\"text-align: justify;\"><strong><img loading=\"lazy\" decoding=\"async\" class=\"size-full wp-image-58385 alignleft\" src=\"https:\/\/www.rassegnastampa-totustuus.it\/cattolica\/wp-content\/uploads\/2023\/05\/Zwischgold_medioevo_arte.jpeg\" alt=\"\" width=\"178\" height=\"267\" \/>Abstract:\u00a0 <\/strong><em>tecnologia e Medioevo. <span style=\"color: #000000;\">Una nuova ricerca sull&#8217;uso medievale delle nanotecnologie nell&#8217;arte mostra sorprendenti capacit\u00e0 degli artisti medievali, che utilizzavano una sostanza chiamata Zwischgold (oro di Zwisch). Si tratta di una sottilissima lamina d&#8217;oro fusa sopra una lamina d&#8217;argento pi\u00f9 spessa, anch\u2019essa molto sottile. L&#8217;uso dello Zwischgold risale almeno ai primi anni del 1200. Tutto ci\u00f2 dimostra la fallacia dell&#8217;affermazione di Ruth Hermence Green secondo cui il dominio del cattolicesimo avrebbe prodotto tempi bui. Piuttosto, ha prodotto epoche pi\u00f9 luminose di tutte quelle che il mondo ha visto, nonostante i limiti di quei tempi. Questo \u00e8 vero, non solo per l&#8217;enorme raffinatezza di ci\u00f2 che i medievali producevano con mezzi cos\u00ec miseri, ma ancor pi\u00f9 perch\u00e9 in quel periodo tutta la societ\u00e0 era concentrata su <\/span>Cristo.<\/em><\/p>\n<p><!--more--><\/p>\n<p style=\"text-align: center;\"><span style=\"color: #000000;\"><span style=\"color: #0000ff;\"><a style=\"color: #0000ff;\" href=\"https:\/\/www.atfp.it\/\" target=\"_blank\" rel=\"noopener\"><strong>Tradizione Famiglia Propriet\u00e0 <\/strong><\/a><\/span>newsletter 11 Maggio 2023 <strong>\u00a0<\/strong><\/span><\/p>\n<h3 style=\"text-align: center;\">Tempi bui? Medioevo e nanotecnologie<\/h3>\n<p><img loading=\"lazy\" decoding=\"async\" class=\" wp-image-56396 aligncenter\" src=\"https:\/\/www.rassegnastampa-totustuus.it\/cattolica\/wp-content\/uploads\/2023\/05\/Lorenzetti_annunciazione_arte.jpg\" alt=\"\" width=\"320\" height=\"364\" \/><\/p>\n<p style=\"text-align: center;\"><span style=\"color: #000000;\">di<strong> Michael Whitcraft<\/strong> <\/span><\/p>\n<p style=\"text-align: justify;\"><span style=\"color: #000000;\">Qualche tempo prima di suicidarsi nel 1981, l&#8217;atea Ruth Hermence Green disse: &#8220;C&#8217;\u00e8 stato un tempo in cui la religione dominava il mondo. \u00c8 conosciuto come l\u2019Et\u00e0 Buia&#8221;. In effetti, intendeva dire che l&#8217;epoca denominata &#8220;Medioevo&#8221; \u00e8 stata quella in cui il <\/span><span style=\"color: #0000ff;\"><a style=\"color: #0000ff;\" href=\"https:\/\/www.tfp.org\/the-communist-crucifix-are-socialism-and-catholicism-no-longer-contradictory-terms\/\" target=\"_blank\" rel=\"noreferrer noopener\">cattolicesimo<\/a><\/span> <span style=\"color: #000000;\">ha dominato il mondo, dato il fatto innegabile che una qualche religione ha dominato ogni societ\u00e0 per la maggior parte della storia.<\/span><\/p>\n<p style=\"text-align: justify;\"><span style=\"color: #000000;\"><img loading=\"lazy\" decoding=\"async\" class=\" wp-image-56397 alignleft\" src=\"https:\/\/www.rassegnastampa-totustuus.it\/cattolica\/wp-content\/uploads\/2023\/05\/arte_medioevo.jpg\" alt=\"\" width=\"271\" height=\"237\" \/>Questa oscurit\u00e0 eponima si riferisce a una presunta mancanza di progresso intellettuale in tutta Europa dopo la caduta dell&#8217;Impero Romano. I detrattori del Medioevo sostengono che questa penuria degli studi e della ricerca sia continuata fino al Rinascimento, quando l&#8217;Europa riapr\u00ec gli occhi sulle societ\u00e0 pagane di Grecia e di Roma e, quindi, torn\u00f2 ad essere luminosa.<\/span><\/p>\n<p style=\"text-align: justify;\"><span style=\"color: #000000;\">Tuttavia, \u00e8 vero che il Medioevo era buio? E, se fu cos\u00ec, questa oscurit\u00e0 pu\u00f2 essere attribuita alla Chiesa? Una nuova ricerca sull&#8217;uso medievale delle nanotecnologie nell&#8217;arte suggerisce che la risposta a entrambe le domande \u00e8 un sonoro \u201cno\u201d.<\/span><\/p>\n<p style=\"text-align: justify;\"><span style=\"color: #000000;\">Da tempo la comunit\u00e0 artistica conosce l&#8217;uso medievale di una sostanza chiamata <em>Zwischgold <\/em>(oro di Zwisch). Si tratta di una sottilissima lamina d&#8217;oro fusa sopra una lamina d&#8217;argento pi\u00f9 spessa, anch\u2019essa molto sottile. L&#8217;uso dello <em>Zwischgold<\/em> risale almeno ai primi anni del 1200.<\/span><\/p>\n<p style=\"text-align: justify;\"><span style=\"color: #000000;\">Per comprendere meglio questa sostanza, gli scienziati ne hanno recentemente sottoposto alcuni campioni a un sofisticato processo chiamato tomografia ptipografica che ha fornito le prime viste tridimensionali. I risultati sono stati sorprendenti. Se prima gli specialisti sapevano che l&#8217;oro di Zwisch \u00e8 pi\u00f9 sottile della foglia d&#8217;oro, non avevano mai capito del tutto quanto fosse sottile.<\/span><\/p>\n<p style=\"text-align: justify;\"><span style=\"color: #000000;\"><img loading=\"lazy\" decoding=\"async\" class=\" wp-image-56398 alignright\" src=\"https:\/\/www.rassegnastampa-totustuus.it\/cattolica\/wp-content\/uploads\/2023\/05\/arte_medioevo_Madonna.jpg\" alt=\"\" width=\"216\" height=\"336\" \/>Lo spessore medio dei campioni testati \u00e8 di 30 nanometri. Un nanometro \u00e8 un miliardesimo di metro. Gli atomi d&#8217;oro hanno un diametro di circa un terzo di nanometro, il che significa che l&#8217;oro di Zwisch utilizzato nell&#8217;arte medievale aveva uno spessore medio di soli 90 atomi. Per mettere questo dato in prospettiva, un capello umano ha una dimensione di 80.000-100.000 nanometri, il che significa che \u00e8 circa 3.000 volte pi\u00f9 spesso dello strato d&#8217;oro de suddetto materiale artistico medievale.<\/span><\/p>\n<p style=\"text-align: justify;\"><span style=\"color: #000000;\">Questa \u00e8 stata una rivelazione per gli scienziati, che non avrebbero mai immaginato che l&#8217;uomo medievale fosse in grado di produrre una sostanza cos\u00ec sofisticata. Quello che ancora lascia perplessi gli scienziati \u00e8: come hanno fatto gli artisti a produrre una sostanza cos\u00ec sottile con soli strumenti manuali? E perch\u00e9?<\/span><\/p>\n<p style=\"text-align: justify;\"><span style=\"color: #000000;\">Nessun manoscritto sopravvissuto spiega il processo di realizzazione dello <em>Zwischgold<\/em> agli albori della sua produzione. Gli esperti ritengono che si trattasse di un<\/span> <span style=\"color: #0000ff;\"><a style=\"color: #0000ff;\" href=\"https:\/\/www.tfp.org\/from-the-secret-of-the-rosary\/\" target=\"_blank\" rel=\"noopener\">segreto<\/a><\/span> <span style=\"color: #000000;\">commerciale che gli artisti esitavano a condividere.<\/span><\/p>\n<p style=\"text-align: justify;\"><span style=\"color: #000000;\">Tuttavia, ci sono alcune prove che mostrano i metodi utilizzati in seguito. <em>Medievalists.net<\/em> fornisce questa spiegazione: <em>&#8220;&#8230;lo storico dell&#8217;arte conosce ora il metodo utilizzato nel XV secolo: prima l&#8217;oro e l&#8217;argento venivano martellati separatamente per produrre lamine sottili&#8230; Poi le due lamine metalliche venivano lavorate insieme, una procedura complicata che richiedeva specialisti altamente qualificati&#8221;.<\/em> (1)<\/span><\/p>\n<p style=\"text-align: justify;\"><span style=\"color: #000000;\">Se la comprensione del modo in cui gli uomini producevano l&#8217;oro di Zwisch fornisce uno sguardo sulla raffinatezza della tecnologia del Medioevo, la comprensione del motivo per cui lo producevano getta luce sul carattere dell&#8217;anima medievale stessa.<\/span><\/p>\n<h4 style=\"text-align: center;\"><span style=\"color: #000000;\"><strong>Ad Maiorem Dei Gloriam<\/strong><\/span><\/h4>\n<div id=\"attachment_56399\" style=\"width: 309px\" class=\"wp-caption alignleft\"><img loading=\"lazy\" decoding=\"async\" aria-describedby=\"caption-attachment-56399\" class=\"wp-image-56399 \" src=\"https:\/\/www.rassegnastampa-totustuus.it\/cattolica\/wp-content\/uploads\/2023\/05\/Zwischgold_arte_medioevo.jpg\" alt=\"\" width=\"309\" height=\"217\" \/><p id=\"caption-attachment-56399\" class=\"wp-caption-text\">Zwischgold, analisi<\/p><\/div>\n<p style=\"text-align: justify;\"><span style=\"color: #000000;\">In un primo momento, gli esperti ritenevano che la produzione dell&#8217;oro di Zwisch fosse dovuta a ragioni puramente monetarie, poich\u00e9 l&#8217;applicazione di uno strato cos\u00ec sottile significava che l&#8217;oro degli artisti sarebbe durato molto pi\u00f9 a lungo che se avessero usato altri metodi come la doratura. Tuttavia, alcuni ritengono che il costo del complesso processo di produzione dell&#8217;oro di Zwisch avrebbe azzerato qualsiasi vantaggio in termini di risparmio di materiale.<\/span><\/p>\n<p style=\"text-align: justify;\"><span style=\"color: #000000;\">Un articolo su <em>Medievalists.net<\/em> spiega che: &#8220;poich\u00e9 questa nanotecnologia avrebbe richiesto maggiori competenze e materiali specializzati, il costo della loro produzione sarebbe stato probabilmente simile a quello dell&#8217;uso dell&#8217;oro&#8221;. (2)<\/span><\/p>\n<p style=\"text-align: justify;\"><span style=\"color: #000000;\">Questo port\u00f2 gli specialisti a cercare altre ragioni per il suo utilizzo. Indubbiamente, aggiungeva dettagli e raffinatezza all&#8217;arte, soprattutto se usato in combinazione con altre tecniche di doratura. Poich\u00e9 l&#8217;oro di Zwisch rispetto alla foglia d&#8217;oro \u00e8 pi\u00f9 pallido e meno riflettente, nei dipinti si trova spesso nelle pieghe degli abiti e per evidenziare gli strati interni dei capelli.<\/span><\/p>\n<p style=\"text-align: justify;\"><span style=\"color: #000000;\"><img loading=\"lazy\" decoding=\"async\" class=\" wp-image-56400 alignright\" src=\"https:\/\/www.rassegnastampa-totustuus.it\/cattolica\/wp-content\/uploads\/2023\/05\/medioevo.jpg\" alt=\"\" width=\"393\" height=\"263\" \/>Secondo alcuni, inoltre, ha contribuito a stabilire una gerarchia di importanza nel confronto tra i diversi elementi di un&#8217;opera d&#8217;arte. <em>Medievalists.net<\/em> afferma che: &#8220;c&#8217;era&#8230; una rigida gerarchia dei materiali: la foglia d&#8217;oro era usata per fare l&#8217;aureola di una figura, per esempio, mentre l&#8217;oro di Zwisch era usato per la veste&#8221;. (3)<\/span><\/p>\n<p style=\"text-align: justify;\">I<span style=\"color: #000000;\">l fatto che ci si prendesse tanta briga per onorare un elemento di un&#8217;opera d&#8217;arte rispetto a un altro illustra la passione<\/span> <span style=\"color: #0000ff;\"><a style=\"color: #0000ff;\" href=\"https:\/\/www.tfp.org\/how-the-medieval-social-order-found-the-balance-between-the-local-and-the-global\/\" target=\"_blank\" rel=\"noopener\">dell&#8217;uomo medievale<\/a><\/span> <span style=\"color: #000000;\">per l&#8217;ordine, le proporzioni e la gerarchia. Infiammato dall&#8217;amore per la giustizia, era ansioso di dare a ogni cosa il suo giusto valore. Desiderava fare distinzioni e ordinare tutto con saggezza. Questo atteggiamento contrasta nettamente con l&#8217;uomo moderno, che desidera livellare le cose al minimo comune denominatore e distribuire a tutti una misura uguale.<\/span><\/p>\n<p style=\"text-align: justify;\"><span style=\"color: #000000;\">L&#8217;uomo medievale non ha sposato questa visione orizzontale. Piuttosto, vedeva le cose in modo verticale che, in ultima analisi, portano a Dio e alla Sua gloria. <em>Return to Order, lo <\/em>studioso della TFP John Horvat ha discusso questa prospettiva medievale, affermando che: &#8220;Questa visione verticale ci invita a elevare le nostre menti in modo singolare verso valori trascendenti e, in ultima analisi, verso Dio&#8221;. R.H. Tawney descrive questa visione come &#8220;teoria di una gerarchia di valori, che abbraccia tutti gli interessi e le attivit\u00e0 umane in un sistema il cui apice \u00e8 la religione&#8221;. (4)<\/span><\/p>\n<p style=\"text-align: justify;\">I<span style=\"color: #000000;\">n effetti, l&#8217;amore per la Chiesa, incentrato su Nostro Signore Ges\u00f9 Cristo, illuminava l&#8217;uomo del Medioevo e tutto ci\u00f2 che faceva. Non desiderava altro che unirsi interamente all&#8217;Uomo-Dio. John Horvat lo afferma, dicendo che: &#8220;Essere come Nostro Signore Ges\u00f9 Cristo era l&#8217;ideale che ispirava il Medioevo. L&#8217;uomo medievale desiderava unirsi a Lui nel modo pi\u00f9 completo possibile, smarrirsi in Lui&#8221; (5).<\/span><\/p>\n<h4 style=\"text-align: center;\"><span style=\"color: #000000;\"><strong>Le et\u00e0 luminose<\/strong><\/span><\/h4>\n<p style=\"text-align: justify;\"><span style=\"color: #000000;\"><img loading=\"lazy\" decoding=\"async\" class=\" wp-image-41903 alignleft\" src=\"https:\/\/www.rassegnastampa-totustuus.it\/cattolica\/wp-content\/uploads\/2019\/01\/Cristo.jpg\" alt=\"\" width=\"274\" height=\"253\" \/>Tutto ci\u00f2 dimostra la fallacia dell&#8217;affermazione di Ruth Hermence Green secondo cui il dominio del cattolicesimo avrebbe prodotto tempi bui. Piuttosto, ha prodotto epoche pi\u00f9 luminose di tutte quelle che il mondo ha visto, nonostante i limiti di quei tempi.<\/span><\/p>\n<p style=\"text-align: justify;\"><span style=\"color: #000000;\">Questo \u00e8 vero, non solo per l&#8217;enorme raffinatezza di ci\u00f2 che i medievali producevano con mezzi cos\u00ec miseri, ma ancor pi\u00f9 perch\u00e9 in quel periodo tutta la societ\u00e0 era concentrata su<\/span> <span style=\"color: #0000ff;\"><a style=\"color: #0000ff;\" href=\"https:\/\/www.tfp.org\/embracing-christ-and-the-cross\/\" target=\"_blank\" rel=\"noopener\">Cristo<\/a><\/span>,<span style=\"color: #000000;\"> <em>Luce <\/em>del Mondo.<\/span><\/p>\n<p style=\"text-align: justify;\"><span style=\"color: #000000;\">Pertanto, ci\u00f2 che molti chiamano <em>&#8220;Secoli bui&#8221; <\/em>sarebbe pi\u00f9 appropriato chiamarli <em>&#8220;Secoli luminosi&#8221;<\/em>. La societ\u00e0 odierna avrebbe sicuramente bisogno di una buona dose di questa luminosit\u00e0.<\/span><\/p>\n<p style=\"text-align: justify;\"><span style=\"color: #000000;\"><strong>Note<\/strong><\/span><\/p>\n<p style=\"text-align: justify;\"><span style=\"color: #000000;\"><strong>(1)<\/strong> Medievalists.net, <em>The Secrets of Medieval Nanotechnology Revealed in New Study <\/em>(<em>I segreti della nanotecnologia medievale rivelati da un nuovo studio<\/em>), consultato il 19 dicembre 2022,<\/span> <span style=\"color: #0000ff;\"><a style=\"color: #0000ff;\" href=\"https:\/\/www.medievalists.net\/2022\/10\/secrets-medieval-nanotechnology\/\" target=\"_blank\" rel=\"noopener\">https:\/\/www.medievalists.net\/2022\/10\/secrets-medieval-nanotechnology\/<\/a><\/span><\/p>\n<p style=\"text-align: justify;\"><span style=\"color: #000000;\"><strong>(2)<\/strong><\/span> Medievalists.net, <em>Medieval People Used Nanotechnology, Researchers Find<\/em>, consultato nel dicembre 2022, <span style=\"color: #0000ff;\"><a style=\"color: #0000ff;\" href=\"https:\/\/www.medievalists.net\/2021\/12\/medieval-nanotechnology\/\" target=\"_blank\" rel=\"noopener\">https:\/\/www.medievalists.net\/2021\/12\/medieval-nanotechnology\/<\/a><\/span><\/p>\n<p><strong>(3)<\/strong> <span style=\"color: #000000;\">Medievalists.net, <em>The Secrets of Medieval Nanotechnology Revealed in New Study <\/em>(<em>I segreti della nanotecnologia medievale rivelati da un nuovo studio<\/em>), consultato il 20 dicembre 2022,<\/span> <span style=\"color: #0000ff;\"><a style=\"color: #0000ff;\" href=\"https:\/\/www.medievalists.net\/2022\/10\/secrets-medieval-nanotechnology\/\" target=\"_blank\" rel=\"noopener\">https:\/\/www.medievalists.net\/2022\/10\/secrets-medieval-nanotechnology\/<\/a><\/span><\/p>\n<p><span style=\"color: #000000;\"><strong>(4)<\/strong> Horvat, John. 2013. <em>Return to Order<\/em>. 1a ed. York, Pennsylvania: York Press, p. 312.<\/span><\/p>\n<p><span style=\"color: #000000;\"><strong>(5)<\/strong> Ibid. p. 336.<\/span><\/p>\n<p style=\"text-align: center;\"><strong>Fonte<\/strong>: <span style=\"color: #0000ff;\"><a style=\"color: #0000ff;\" href=\"https:\/\/www.tfp.org\/the-luminous-ages-the-medieval-use-of-nanotechnology-refutes-detractors\/?PKG=TFPE3079\" target=\"_blank\" rel=\"noopener\">Tfp.org<\/a><\/span>, 5 Maggio 2023. <em>Traduzione a cura di Tradizione Famiglia Propriet\u00e0 \u2013 Italia.<\/em><\/p>\n<p>________________________________<\/p>\n<p><strong>Per Approfondire:\u00a0<\/strong><\/p>\n<p><a href=\"https:\/\/www.rassegnastampa-totustuus.it\/cattolica\/aspetti-dello-sviluppo-industriale-nel-medioevo\/\" target=\"_blank\" rel=\"noopener\"><span style=\"color: #0000ff;\">Aspetti dello sviluppo industriale nel medioevo<\/span><\/a><\/p>\n","protected":false},"excerpt":{"rendered":"<p>Abstract:\u00a0 tecnologia e Medioevo. Una nuova ricerca sull&#8217;uso medievale delle nanotecnologie nell&#8217;arte mostra sorprendenti capacit\u00e0 degli artisti medievali, che utilizzavano una sostanza chiamata Zwischgold (oro di Zwisch). Si tratta di una sottilissima lamina d&#8217;oro fusa sopra una lamina d&#8217;argento pi\u00f9 spessa, anch\u2019essa molto sottile. L&#8217;uso dello Zwischgold risale almeno ai primi anni del 1200. Tutto &hellip; <\/p>\n<p><a class=\"more-link btn\" href=\"https:\/\/www.rassegnastampa-totustuus.it\/cattolica\/tecnologia-e-medioevo\/\">Continua a leggere<\/a><\/p>\n","protected":false},"author":6,"featured_media":56396,"comment_status":"closed","ping_status":"closed","sticky":false,"template":"","format":"standard","meta":{"footnotes":""},"categories":[119,91],"tags":[538,268],"class_list":["post-56394","post","type-post","status-publish","format-standard","has-post-thumbnail","hentry","category-arte-sacra","category-medioevo","tag-arte-sacra-2","tag-medioevo-2","item-wrap"],"yoast_head":"<!-- This site is optimized with the Yoast SEO plugin v27.5 - https:\/\/yoast.com\/product\/yoast-seo-wordpress\/ -->\n<title>Tecnologia e Medioevo - Rassegna Stampa Cattolica<\/title>\n<meta name=\"description\" content=\"Tecnologia e Medioevo. Una nuova ricerca sull&#039;uso medievale delle nanotecnologie nell&#039;arte mostra sorprendenti capacit\u00e0 dei medievali\" \/>\n<meta name=\"robots\" content=\"index, follow, max-snippet:-1, max-image-preview:large, max-video-preview:-1\" \/>\n<link rel=\"canonical\" href=\"https:\/\/www.rassegnastampa-totustuus.it\/cattolica\/tecnologia-e-medioevo\/\" \/>\n<meta property=\"og:locale\" content=\"it_IT\" \/>\n<meta property=\"og:type\" content=\"article\" \/>\n<meta property=\"og:title\" content=\"Tecnologia e Medioevo - Rassegna Stampa Cattolica\" \/>\n<meta property=\"og:description\" content=\"Tecnologia e Medioevo. Una nuova ricerca sull&#039;uso medievale delle nanotecnologie nell&#039;arte mostra sorprendenti capacit\u00e0 dei medievali\" \/>\n<meta property=\"og:url\" content=\"https:\/\/www.rassegnastampa-totustuus.it\/cattolica\/tecnologia-e-medioevo\/\" \/>\n<meta property=\"og:site_name\" content=\"Rassegna Stampa Cattolica\" \/>\n<meta property=\"article:publisher\" content=\"https:\/\/www.facebook.com\/rassegnastampacattolica\" \/>\n<meta property=\"article:published_time\" content=\"2023-05-17T22:00:00+00:00\" \/>\n<meta property=\"article:modified_time\" content=\"2024-01-04T19:45:13+00:00\" \/>\n<meta property=\"og:image\" content=\"https:\/\/www.rassegnastampa-totustuus.it\/cattolica\/wp-content\/uploads\/2023\/05\/Lorenzetti_annunciazione_arte.jpg\" \/>\n\t<meta property=\"og:image:width\" content=\"949\" \/>\n\t<meta property=\"og:image:height\" content=\"1080\" \/>\n\t<meta property=\"og:image:type\" content=\"image\/jpeg\" \/>\n<meta name=\"author\" content=\"Redazione\" \/>\n<meta name=\"twitter:card\" content=\"summary_large_image\" \/>\n<meta name=\"twitter:creator\" content=\"@rassegnastampa9\" \/>\n<meta name=\"twitter:site\" content=\"@rassegnastampa9\" \/>\n<meta name=\"twitter:label1\" content=\"Scritto da\" \/>\n\t<meta name=\"twitter:data1\" content=\"Redazione\" \/>\n\t<meta name=\"twitter:label2\" content=\"Tempo di lettura stimato\" \/>\n\t<meta name=\"twitter:data2\" content=\"9 minuti\" \/>\n<script type=\"application\/ld+json\" class=\"yoast-schema-graph\">{\"@context\":\"https:\\\/\\\/schema.org\",\"@graph\":[{\"@type\":\"Article\",\"@id\":\"https:\\\/\\\/www.rassegnastampa-totustuus.it\\\/cattolica\\\/tecnologia-e-medioevo\\\/#article\",\"isPartOf\":{\"@id\":\"https:\\\/\\\/www.rassegnastampa-totustuus.it\\\/cattolica\\\/tecnologia-e-medioevo\\\/\"},\"author\":{\"name\":\"Redazione\",\"@id\":\"https:\\\/\\\/www.rassegnastampa-totustuus.it\\\/cattolica\\\/#\\\/schema\\\/person\\\/08f319d2bd1a0904ad9e2bfb7b15e5c3\"},\"headline\":\"Tecnologia e Medioevo\",\"datePublished\":\"2023-05-17T22:00:00+00:00\",\"dateModified\":\"2024-01-04T19:45:13+00:00\",\"mainEntityOfPage\":{\"@id\":\"https:\\\/\\\/www.rassegnastampa-totustuus.it\\\/cattolica\\\/tecnologia-e-medioevo\\\/\"},\"wordCount\":1366,\"publisher\":{\"@id\":\"https:\\\/\\\/www.rassegnastampa-totustuus.it\\\/cattolica\\\/#organization\"},\"image\":{\"@id\":\"https:\\\/\\\/www.rassegnastampa-totustuus.it\\\/cattolica\\\/tecnologia-e-medioevo\\\/#primaryimage\"},\"thumbnailUrl\":\"https:\\\/\\\/www.rassegnastampa-totustuus.it\\\/cattolica\\\/wp-content\\\/uploads\\\/2023\\\/05\\\/Lorenzetti_annunciazione_arte.jpg\",\"keywords\":[\"arte sacra\",\"medioevo\"],\"articleSection\":[\"Arte sacra\",\"Medioevo\"],\"inLanguage\":\"it-IT\"},{\"@type\":\"WebPage\",\"@id\":\"https:\\\/\\\/www.rassegnastampa-totustuus.it\\\/cattolica\\\/tecnologia-e-medioevo\\\/\",\"url\":\"https:\\\/\\\/www.rassegnastampa-totustuus.it\\\/cattolica\\\/tecnologia-e-medioevo\\\/\",\"name\":\"Tecnologia e Medioevo - Rassegna Stampa Cattolica\",\"isPartOf\":{\"@id\":\"https:\\\/\\\/www.rassegnastampa-totustuus.it\\\/cattolica\\\/#website\"},\"primaryImageOfPage\":{\"@id\":\"https:\\\/\\\/www.rassegnastampa-totustuus.it\\\/cattolica\\\/tecnologia-e-medioevo\\\/#primaryimage\"},\"image\":{\"@id\":\"https:\\\/\\\/www.rassegnastampa-totustuus.it\\\/cattolica\\\/tecnologia-e-medioevo\\\/#primaryimage\"},\"thumbnailUrl\":\"https:\\\/\\\/www.rassegnastampa-totustuus.it\\\/cattolica\\\/wp-content\\\/uploads\\\/2023\\\/05\\\/Lorenzetti_annunciazione_arte.jpg\",\"datePublished\":\"2023-05-17T22:00:00+00:00\",\"dateModified\":\"2024-01-04T19:45:13+00:00\",\"description\":\"Tecnologia e Medioevo. Una nuova ricerca sull'uso medievale delle nanotecnologie nell'arte mostra sorprendenti capacit\u00e0 dei medievali\",\"breadcrumb\":{\"@id\":\"https:\\\/\\\/www.rassegnastampa-totustuus.it\\\/cattolica\\\/tecnologia-e-medioevo\\\/#breadcrumb\"},\"inLanguage\":\"it-IT\",\"potentialAction\":[{\"@type\":\"ReadAction\",\"target\":[\"https:\\\/\\\/www.rassegnastampa-totustuus.it\\\/cattolica\\\/tecnologia-e-medioevo\\\/\"]}]},{\"@type\":\"ImageObject\",\"inLanguage\":\"it-IT\",\"@id\":\"https:\\\/\\\/www.rassegnastampa-totustuus.it\\\/cattolica\\\/tecnologia-e-medioevo\\\/#primaryimage\",\"url\":\"https:\\\/\\\/www.rassegnastampa-totustuus.it\\\/cattolica\\\/wp-content\\\/uploads\\\/2023\\\/05\\\/Lorenzetti_annunciazione_arte.jpg\",\"contentUrl\":\"https:\\\/\\\/www.rassegnastampa-totustuus.it\\\/cattolica\\\/wp-content\\\/uploads\\\/2023\\\/05\\\/Lorenzetti_annunciazione_arte.jpg\",\"width\":949,\"height\":1080},{\"@type\":\"BreadcrumbList\",\"@id\":\"https:\\\/\\\/www.rassegnastampa-totustuus.it\\\/cattolica\\\/tecnologia-e-medioevo\\\/#breadcrumb\",\"itemListElement\":[{\"@type\":\"ListItem\",\"position\":1,\"name\":\"Home\",\"item\":\"https:\\\/\\\/www.rassegnastampa-totustuus.it\\\/cattolica\\\/\"},{\"@type\":\"ListItem\",\"position\":2,\"name\":\"Tecnologia e Medioevo\"}]},{\"@type\":\"WebSite\",\"@id\":\"https:\\\/\\\/www.rassegnastampa-totustuus.it\\\/cattolica\\\/#website\",\"url\":\"https:\\\/\\\/www.rassegnastampa-totustuus.it\\\/cattolica\\\/\",\"name\":\"Rassegna Stampa Cattolica\",\"description\":\"Per una cultura che nasce dalla Rivelazione cristiana in conformit\u00e0 alla tradizione e al Magistero della Chiesa in opposizione ad ogni relativismo e totalitarismo\",\"publisher\":{\"@id\":\"https:\\\/\\\/www.rassegnastampa-totustuus.it\\\/cattolica\\\/#organization\"},\"alternateName\":\"Rass. Cattolica\",\"potentialAction\":[{\"@type\":\"SearchAction\",\"target\":{\"@type\":\"EntryPoint\",\"urlTemplate\":\"https:\\\/\\\/www.rassegnastampa-totustuus.it\\\/cattolica\\\/?s={search_term_string}\"},\"query-input\":{\"@type\":\"PropertyValueSpecification\",\"valueRequired\":true,\"valueName\":\"search_term_string\"}}],\"inLanguage\":\"it-IT\"},{\"@type\":\"Organization\",\"@id\":\"https:\\\/\\\/www.rassegnastampa-totustuus.it\\\/cattolica\\\/#organization\",\"name\":\"Rassegna Stampa Cattolica\",\"url\":\"https:\\\/\\\/www.rassegnastampa-totustuus.it\\\/cattolica\\\/\",\"logo\":{\"@type\":\"ImageObject\",\"inLanguage\":\"it-IT\",\"@id\":\"https:\\\/\\\/www.rassegnastampa-totustuus.it\\\/cattolica\\\/#\\\/schema\\\/logo\\\/image\\\/\",\"url\":\"https:\\\/\\\/www.rassegnastampa-totustuus.it\\\/cattolica\\\/wp-content\\\/uploads\\\/2014\\\/04\\\/logo-rassegna1.gif\",\"contentUrl\":\"https:\\\/\\\/www.rassegnastampa-totustuus.it\\\/cattolica\\\/wp-content\\\/uploads\\\/2014\\\/04\\\/logo-rassegna1.gif\",\"width\":600,\"height\":163,\"caption\":\"Rassegna Stampa Cattolica\"},\"image\":{\"@id\":\"https:\\\/\\\/www.rassegnastampa-totustuus.it\\\/cattolica\\\/#\\\/schema\\\/logo\\\/image\\\/\"},\"sameAs\":[\"https:\\\/\\\/www.facebook.com\\\/rassegnastampacattolica\",\"https:\\\/\\\/x.com\\\/rassegnastampa9\"]},{\"@type\":\"Person\",\"@id\":\"https:\\\/\\\/www.rassegnastampa-totustuus.it\\\/cattolica\\\/#\\\/schema\\\/person\\\/08f319d2bd1a0904ad9e2bfb7b15e5c3\",\"name\":\"Redazione\",\"image\":{\"@type\":\"ImageObject\",\"inLanguage\":\"it-IT\",\"@id\":\"https:\\\/\\\/secure.gravatar.com\\\/avatar\\\/2fcdf27c78ea025fbdb44e914cc63c72249ffec9dc8aafd5c82b26240ef3f346?s=96&d=mm&r=g\",\"url\":\"https:\\\/\\\/secure.gravatar.com\\\/avatar\\\/2fcdf27c78ea025fbdb44e914cc63c72249ffec9dc8aafd5c82b26240ef3f346?s=96&d=mm&r=g\",\"contentUrl\":\"https:\\\/\\\/secure.gravatar.com\\\/avatar\\\/2fcdf27c78ea025fbdb44e914cc63c72249ffec9dc8aafd5c82b26240ef3f346?s=96&d=mm&r=g\",\"caption\":\"Redazione\"},\"url\":\"https:\\\/\\\/www.rassegnastampa-totustuus.it\\\/cattolica\\\/author\\\/pietroelle\\\/\"}]}<\/script>\n<!-- \/ Yoast SEO plugin. -->","yoast_head_json":{"title":"Tecnologia e Medioevo - Rassegna Stampa Cattolica","description":"Tecnologia e Medioevo. Una nuova ricerca sull'uso medievale delle nanotecnologie nell'arte mostra sorprendenti capacit\u00e0 dei medievali","robots":{"index":"index","follow":"follow","max-snippet":"max-snippet:-1","max-image-preview":"max-image-preview:large","max-video-preview":"max-video-preview:-1"},"canonical":"https:\/\/www.rassegnastampa-totustuus.it\/cattolica\/tecnologia-e-medioevo\/","og_locale":"it_IT","og_type":"article","og_title":"Tecnologia e Medioevo - Rassegna Stampa Cattolica","og_description":"Tecnologia e Medioevo. Una nuova ricerca sull'uso medievale delle nanotecnologie nell'arte mostra sorprendenti capacit\u00e0 dei medievali","og_url":"https:\/\/www.rassegnastampa-totustuus.it\/cattolica\/tecnologia-e-medioevo\/","og_site_name":"Rassegna Stampa Cattolica","article_publisher":"https:\/\/www.facebook.com\/rassegnastampacattolica","article_published_time":"2023-05-17T22:00:00+00:00","article_modified_time":"2024-01-04T19:45:13+00:00","og_image":[{"width":949,"height":1080,"url":"https:\/\/www.rassegnastampa-totustuus.it\/cattolica\/wp-content\/uploads\/2023\/05\/Lorenzetti_annunciazione_arte.jpg","type":"image\/jpeg"}],"author":"Redazione","twitter_card":"summary_large_image","twitter_creator":"@rassegnastampa9","twitter_site":"@rassegnastampa9","twitter_misc":{"Scritto da":"Redazione","Tempo di lettura stimato":"9 minuti"},"schema":{"@context":"https:\/\/schema.org","@graph":[{"@type":"Article","@id":"https:\/\/www.rassegnastampa-totustuus.it\/cattolica\/tecnologia-e-medioevo\/#article","isPartOf":{"@id":"https:\/\/www.rassegnastampa-totustuus.it\/cattolica\/tecnologia-e-medioevo\/"},"author":{"name":"Redazione","@id":"https:\/\/www.rassegnastampa-totustuus.it\/cattolica\/#\/schema\/person\/08f319d2bd1a0904ad9e2bfb7b15e5c3"},"headline":"Tecnologia e Medioevo","datePublished":"2023-05-17T22:00:00+00:00","dateModified":"2024-01-04T19:45:13+00:00","mainEntityOfPage":{"@id":"https:\/\/www.rassegnastampa-totustuus.it\/cattolica\/tecnologia-e-medioevo\/"},"wordCount":1366,"publisher":{"@id":"https:\/\/www.rassegnastampa-totustuus.it\/cattolica\/#organization"},"image":{"@id":"https:\/\/www.rassegnastampa-totustuus.it\/cattolica\/tecnologia-e-medioevo\/#primaryimage"},"thumbnailUrl":"https:\/\/www.rassegnastampa-totustuus.it\/cattolica\/wp-content\/uploads\/2023\/05\/Lorenzetti_annunciazione_arte.jpg","keywords":["arte sacra","medioevo"],"articleSection":["Arte sacra","Medioevo"],"inLanguage":"it-IT"},{"@type":"WebPage","@id":"https:\/\/www.rassegnastampa-totustuus.it\/cattolica\/tecnologia-e-medioevo\/","url":"https:\/\/www.rassegnastampa-totustuus.it\/cattolica\/tecnologia-e-medioevo\/","name":"Tecnologia e Medioevo - Rassegna Stampa Cattolica","isPartOf":{"@id":"https:\/\/www.rassegnastampa-totustuus.it\/cattolica\/#website"},"primaryImageOfPage":{"@id":"https:\/\/www.rassegnastampa-totustuus.it\/cattolica\/tecnologia-e-medioevo\/#primaryimage"},"image":{"@id":"https:\/\/www.rassegnastampa-totustuus.it\/cattolica\/tecnologia-e-medioevo\/#primaryimage"},"thumbnailUrl":"https:\/\/www.rassegnastampa-totustuus.it\/cattolica\/wp-content\/uploads\/2023\/05\/Lorenzetti_annunciazione_arte.jpg","datePublished":"2023-05-17T22:00:00+00:00","dateModified":"2024-01-04T19:45:13+00:00","description":"Tecnologia e Medioevo. Una nuova ricerca sull'uso medievale delle nanotecnologie nell'arte mostra sorprendenti capacit\u00e0 dei medievali","breadcrumb":{"@id":"https:\/\/www.rassegnastampa-totustuus.it\/cattolica\/tecnologia-e-medioevo\/#breadcrumb"},"inLanguage":"it-IT","potentialAction":[{"@type":"ReadAction","target":["https:\/\/www.rassegnastampa-totustuus.it\/cattolica\/tecnologia-e-medioevo\/"]}]},{"@type":"ImageObject","inLanguage":"it-IT","@id":"https:\/\/www.rassegnastampa-totustuus.it\/cattolica\/tecnologia-e-medioevo\/#primaryimage","url":"https:\/\/www.rassegnastampa-totustuus.it\/cattolica\/wp-content\/uploads\/2023\/05\/Lorenzetti_annunciazione_arte.jpg","contentUrl":"https:\/\/www.rassegnastampa-totustuus.it\/cattolica\/wp-content\/uploads\/2023\/05\/Lorenzetti_annunciazione_arte.jpg","width":949,"height":1080},{"@type":"BreadcrumbList","@id":"https:\/\/www.rassegnastampa-totustuus.it\/cattolica\/tecnologia-e-medioevo\/#breadcrumb","itemListElement":[{"@type":"ListItem","position":1,"name":"Home","item":"https:\/\/www.rassegnastampa-totustuus.it\/cattolica\/"},{"@type":"ListItem","position":2,"name":"Tecnologia e Medioevo"}]},{"@type":"WebSite","@id":"https:\/\/www.rassegnastampa-totustuus.it\/cattolica\/#website","url":"https:\/\/www.rassegnastampa-totustuus.it\/cattolica\/","name":"Rassegna Stampa Cattolica","description":"Per una cultura che nasce dalla Rivelazione cristiana in conformit\u00e0 alla tradizione e al Magistero della Chiesa in opposizione ad ogni relativismo e totalitarismo","publisher":{"@id":"https:\/\/www.rassegnastampa-totustuus.it\/cattolica\/#organization"},"alternateName":"Rass. Cattolica","potentialAction":[{"@type":"SearchAction","target":{"@type":"EntryPoint","urlTemplate":"https:\/\/www.rassegnastampa-totustuus.it\/cattolica\/?s={search_term_string}"},"query-input":{"@type":"PropertyValueSpecification","valueRequired":true,"valueName":"search_term_string"}}],"inLanguage":"it-IT"},{"@type":"Organization","@id":"https:\/\/www.rassegnastampa-totustuus.it\/cattolica\/#organization","name":"Rassegna Stampa Cattolica","url":"https:\/\/www.rassegnastampa-totustuus.it\/cattolica\/","logo":{"@type":"ImageObject","inLanguage":"it-IT","@id":"https:\/\/www.rassegnastampa-totustuus.it\/cattolica\/#\/schema\/logo\/image\/","url":"https:\/\/www.rassegnastampa-totustuus.it\/cattolica\/wp-content\/uploads\/2014\/04\/logo-rassegna1.gif","contentUrl":"https:\/\/www.rassegnastampa-totustuus.it\/cattolica\/wp-content\/uploads\/2014\/04\/logo-rassegna1.gif","width":600,"height":163,"caption":"Rassegna Stampa Cattolica"},"image":{"@id":"https:\/\/www.rassegnastampa-totustuus.it\/cattolica\/#\/schema\/logo\/image\/"},"sameAs":["https:\/\/www.facebook.com\/rassegnastampacattolica","https:\/\/x.com\/rassegnastampa9"]},{"@type":"Person","@id":"https:\/\/www.rassegnastampa-totustuus.it\/cattolica\/#\/schema\/person\/08f319d2bd1a0904ad9e2bfb7b15e5c3","name":"Redazione","image":{"@type":"ImageObject","inLanguage":"it-IT","@id":"https:\/\/secure.gravatar.com\/avatar\/2fcdf27c78ea025fbdb44e914cc63c72249ffec9dc8aafd5c82b26240ef3f346?s=96&d=mm&r=g","url":"https:\/\/secure.gravatar.com\/avatar\/2fcdf27c78ea025fbdb44e914cc63c72249ffec9dc8aafd5c82b26240ef3f346?s=96&d=mm&r=g","contentUrl":"https:\/\/secure.gravatar.com\/avatar\/2fcdf27c78ea025fbdb44e914cc63c72249ffec9dc8aafd5c82b26240ef3f346?s=96&d=mm&r=g","caption":"Redazione"},"url":"https:\/\/www.rassegnastampa-totustuus.it\/cattolica\/author\/pietroelle\/"}]}},"_links":{"self":[{"href":"https:\/\/www.rassegnastampa-totustuus.it\/cattolica\/wp-json\/wp\/v2\/posts\/56394","targetHints":{"allow":["GET"]}}],"collection":[{"href":"https:\/\/www.rassegnastampa-totustuus.it\/cattolica\/wp-json\/wp\/v2\/posts"}],"about":[{"href":"https:\/\/www.rassegnastampa-totustuus.it\/cattolica\/wp-json\/wp\/v2\/types\/post"}],"author":[{"embeddable":true,"href":"https:\/\/www.rassegnastampa-totustuus.it\/cattolica\/wp-json\/wp\/v2\/users\/6"}],"replies":[{"embeddable":true,"href":"https:\/\/www.rassegnastampa-totustuus.it\/cattolica\/wp-json\/wp\/v2\/comments?post=56394"}],"version-history":[{"count":4,"href":"https:\/\/www.rassegnastampa-totustuus.it\/cattolica\/wp-json\/wp\/v2\/posts\/56394\/revisions"}],"predecessor-version":[{"id":58785,"href":"https:\/\/www.rassegnastampa-totustuus.it\/cattolica\/wp-json\/wp\/v2\/posts\/56394\/revisions\/58785"}],"wp:featuredmedia":[{"embeddable":true,"href":"https:\/\/www.rassegnastampa-totustuus.it\/cattolica\/wp-json\/wp\/v2\/media\/56396"}],"wp:attachment":[{"href":"https:\/\/www.rassegnastampa-totustuus.it\/cattolica\/wp-json\/wp\/v2\/media?parent=56394"}],"wp:term":[{"taxonomy":"category","embeddable":true,"href":"https:\/\/www.rassegnastampa-totustuus.it\/cattolica\/wp-json\/wp\/v2\/categories?post=56394"},{"taxonomy":"post_tag","embeddable":true,"href":"https:\/\/www.rassegnastampa-totustuus.it\/cattolica\/wp-json\/wp\/v2\/tags?post=56394"}],"curies":[{"name":"wp","href":"https:\/\/api.w.org\/{rel}","templated":true}]}}