{"id":56373,"date":"2023-05-18T00:00:00","date_gmt":"2023-05-17T22:00:00","guid":{"rendered":"https:\/\/www.rassegnastampa-totustuus.it\/cattolica\/?p=56373"},"modified":"2023-12-25T14:28:12","modified_gmt":"2023-12-25T13:28:12","slug":"le-tasse-alte-sono-illegittime","status":"publish","type":"post","link":"https:\/\/www.rassegnastampa-totustuus.it\/cattolica\/le-tasse-alte-sono-illegittime\/","title":{"rendered":"Le tasse alte sono illegittime"},"content":{"rendered":"<p style=\"text-align: justify;\"><span style=\"font-family: Arial, sans-serif; color: #000000;\"><strong><img loading=\"lazy\" decoding=\"async\" class=\"wp-image-44501 alignright\" src=\"https:\/\/www.rassegnastampa-totustuus.it\/cattolica\/wp-content\/uploads\/2014\/03\/tasse_fisco-300x157.jpg\" alt=\"\" width=\"359\" height=\"188\" srcset=\"https:\/\/www.rassegnastampa-totustuus.it\/cattolica\/wp-content\/uploads\/2014\/03\/tasse_fisco-300x157.jpg 300w, https:\/\/www.rassegnastampa-totustuus.it\/cattolica\/wp-content\/uploads\/2014\/03\/tasse_fisco.jpg 310w\" sizes=\"auto, (max-width: 359px) 100vw, 359px\" \/>Abstract: <\/strong><em>Le tasse alte sono illegittime, perch\u00e9 ne beneficia soprattutto lo Stato innescando una spirale negativa che impoverisce la popolazione. E&#8217; vero che vi \u00e8 un dovere etico dei cittadini a pagare le tasse ma vi sono anche dei doveri da parte dello Stato, che deve limitare la sua azione<\/em><\/span><\/p>\n<p><!--more--><\/p>\n<p style=\"text-align: center;\"><span style=\"font-family: Arial, sans-serif; color: #000000;\"><span style=\"color: #0000ff;\"><a style=\"color: #0000ff;\" href=\"https:\/\/www.iltimone.org\/\" target=\"_blank\" rel=\"noopener\" data-wplink-edit=\"true\"><strong>Il Timone<\/strong><\/a><\/span> n. 228 maggio 2023<\/span><\/p>\n<h3 style=\"text-align: center;\"><span style=\"font-family: Arial, sans-serif; color: #000000;\">Si alle tasse, ma solo se sono basse \u00a0<\/span><\/h3>\n<p style=\"text-align: justify;\"><span style=\"font-family: Arial, sans-serif; color: #000000;\"><em>Le imposte hanno una loro giustificazione etica, ma quando sono alte ne beneficia soprattutto lo Stato. E viene una spirate negativa che impoverisce la popolazione<\/em> <\/span><\/p>\n<p style=\"text-align: center;\"><span style=\"font-family: 'Arial',sans-serif;\">d<span style=\"color: #000000;\">i <strong>Giacomo Samek Lodovici<\/strong> <\/span><\/span><\/p>\n<p style=\"text-align: justify;\"><span style=\"font-family: 'Arial',sans-serif;\"><span style=\"color: #000000;\">A gennaio avevamo visto diverse critiche all\u2019<\/span><span style=\"color: #0000ff;\"><a style=\"color: #0000ff;\" href=\"https:\/\/www.rassegnastampa-totustuus.it\/cattolica\/?p=55398\" target=\"_blank\" rel=\"noopener\">egualitarismo<\/a><\/span>, <span style=\"color: #000000;\">specialmente inteso come \u00a0quella concezione che asserisce che bisogna eliminare le ineguaglianze economiche togliendo a chi ha di pi\u00f9 e dando a chi ha di meno, mediante la redistribuzione fiscale.<\/span><\/span><\/p>\n<h4 style=\"text-align: center;\"><span style=\"color: #000000;\"><strong>La legittimit\u00e0 delle imposte<\/strong><\/span><\/h4>\n<p style=\"text-align: justify;\"><span style=\"color: #000000;\"><img loading=\"lazy\" decoding=\"async\" class=\"size-full wp-image-33685 alignleft\" src=\"https:\/\/www.rassegnastampa-totustuus.it\/cattolica\/wp-content\/uploads\/2005\/07\/egualitarismo.jpg\" alt=\"\" width=\"261\" height=\"193\" \/>Da un lato abbiamo criticato l\u2019egualitarismo dall\u2019altro per\u00f2 abbiamo anche detto che \u00e8 giusto che in un Paese ci sia una tassazione <em>parziale<\/em> ed <em>equilibrata<\/em> (non rapace), e dunque una parziale redistribuzione economica.<\/span><\/p>\n<p style=\"text-align: justify;\"><span style=\"color: #000000;\">Una prima giustificazione delle imposte \u00e8 che lo Stato deve tutelare, a favore di chiunque, i diritti fondamentali: il diritto alla vita, alla libert\u00e0, alla propriet\u00e0, alla salute, all\u2019istruzione, ecc., e perci\u00f2 ha bisogno di risorse economiche per retribuire le le forze dell\u2019ordine (onde proteggere la vita, la libert\u00e0 e la propriet\u00e0, anche a favore di coloro che vengono tassati), ecc.<\/span><\/p>\n<p style=\"text-align: justify;\"><span style=\"color: #000000;\">C\u2019\u00e8 per\u00f2 una seconda motivazione. Il filosofo liberale Robert Nozick (1938-2002) critica con valide ragioni l\u2019idea secondo cui gli indigenti avrebbero diritto a una parziale espropriazione delle ricchezze altrui, tramite politiche redistributive (cfr. il suo <em>Anarchia, Stato e utopia. Quanto Stato si serve<\/em>?, Il saggiatore, 2000, pp.51-54, pp.181-182).<\/span><\/p>\n<p style=\"text-align: justify;\"><span style=\"color: #000000;\"><img loading=\"lazy\" decoding=\"async\" class=\"wp-image-28734 alignright\" src=\"https:\/\/www.rassegnastampa-totustuus.it\/cattolica\/wp-content\/uploads\/2011\/09\/diritti-umani.jpg\" alt=\"\" width=\"294\" height=\"211\" \/>Si pu\u00f2 per\u00f2 rispondere col filosofo contemporaneo Martin Rhonheimer che ogni persona non soltanto pu\u00f2 ( a volte) giustamente rivendicare dei diritti nei riguardi degli altri, ma ha anche dei doveri verso gli altri, e alcuni di questi doveri sono originati dalla dignit\u00e0 delle altre persone (cfr. <em>Lo Stato costituzionale democratico e il bene comune<\/em>, in E.Morandi-R.Panattoni [a cura di], Ripensare lo spazio politico: quale aristrocrazia?, in \u00abCon-tratto\u00bb, 6, 1997, pp. 57-123).<\/span><\/p>\n<p style=\"text-align: justify;\"><span style=\"color: #000000;\">In altri termini, Nozick pare dire che la logica della solidariet\u00e0 eretta a giustificazione delle politiche fiscali calpesta la dignit\u00e0 delle persone perch\u00e9 esse vengono private di parte del loro denaro e dunque vengono danneggiate, ma si pu\u00f2 rispondere che una parziale ridistribuzione, se \u00e8 equilibrata, non \u00e8 \u00abun attacco all\u2019uguale dignit\u00e0 delle persone, ma uno strumento per promuoverla\u00bb, come dice Will Kymlicka, che \u00e8 un autore vivente non gi\u00e0 filocomunista, bens\u00ec simpatetico col liberalismo (crf. <em>Introduzione alla filosofia politica contemporanea<\/em>, Feltrinelli 1996, p.142). Uno strumento, tornando a Rhonheimer, sia per promuovere la dignit\u00e0 degli altri, sia per essere moralmente all\u2019altezza della propria dignit\u00e0, che esige una certa doverosa sollecitudine verso la dignit\u00e0 altrui.<\/span><\/p>\n<p style=\"text-align: justify;\"><span style=\"color: #000000;\"><img loading=\"lazy\" decoding=\"async\" class=\" wp-image-56379 alignleft\" src=\"https:\/\/www.rassegnastampa-totustuus.it\/cattolica\/wp-content\/uploads\/2023\/05\/giustizia_sociale.jpg\" alt=\"\" width=\"213\" height=\"207\" \/>In effetti, la giustizia richiede non solo di dare all\u2019altro ci\u00f2 che gli dobbiamo in virt\u00f9 dei suoi diritti, ma anche ci\u00f2 che a volte gli dobbiamo in rapporto a certi suoi bisogni, considerato che ognuno di noi ha (per varie ragioni che qui non \u00e8 possibile riferire) una dignit\u00e0 ontologica incommensurabile, la quale rende doveroso provvedere a certi suoi bisogni davvero essenziali. Cos\u00ec, dice Rhonheimer, \u00abdobbiamo all\u2019altro non soltanto ci\u00f2 che \u00e8 suo diritto, ma anche ci\u00f2 che corrisponde al suo bisogno\u00bb, o meglio a certi suoi bisogni (come chiariremo fra poco), e questo \u2013 lo rimarchiamo &#8211; \u00abanche se [l\u2019altro] non possiede propriamente un titolo di diritto a tale debito. Si aggiunge cos\u00ec ai nostri diritti [il nostro dovere di solidariet\u00e0\u00bb.<\/span><\/p>\n<p style=\"text-align: justify;\"><span style=\"color: #000000;\">Ci\u00f2 significa che, in certi casi, noi abbiamo il dovere di fare X a Tizio, senza che Tizio abbia il diritto di esigere X da noi. Sembra un paradosso, ma non lo \u00e8. Insomma, chi \u00e8 benestante ha un certo dovere di soccorrere gli indigenti in stato di bisogno, ma nessuna persona pu\u00f2 reclamare un diritto sulla propriet\u00e0 (legittimamente) acquistata da un\u2019altra persona (l\u2019eccezione \u00e8 il caso della sottrazione di cose altrui per sopravvivere in casi urgenti: bisognerebbe affrontare analiticamente il tema della destinazione universale dei beni e devo rimandare almeno al Compendio della dottrina sociale della Chiesa, \u00a7\u00a7 171-184, 192-195). Per Ronheimer, quanto pi\u00f9 si possiedono risorse materiali e opportunit\u00e0 di vario tipo, con ci\u00f2 \u00abaumenta anche il dovere di solidariet\u00e0 verso quelli pi\u00f9 bisognosi\u00bb.<\/span><\/p>\n<h4 style=\"text-align: center;\"><span style=\"color: #000000;\"><strong>Ma c\u2019\u00e8 bisogno e bisogno<\/strong><\/span><\/h4>\n<p style=\"text-align: justify;\"><span style=\"color: #000000;\"><img loading=\"lazy\" decoding=\"async\" class=\" wp-image-40690 alignright\" src=\"https:\/\/www.rassegnastampa-totustuus.it\/cattolica\/wp-content\/uploads\/2018\/07\/ricchi_lusso.jpg\" alt=\"\" width=\"314\" height=\"209\" \/>Certo, non ogni bisogno d\u00e0 origine a un altrui dovere di solidariet\u00e0: \u00e8 necessario distinguere i bisogni essenziali da quelli superflui, cos\u00ec come occorre valutare eticamente e con saggezza la situazione e le potenzialit\u00e0 del bisognoso, il quale ha un dovere di migliorare, se possibile, la sua condizione, deve darsi da fare, deve cercare lavoro se non ce l\u2019ha, ecc.<\/span><\/p>\n<p style=\"text-align: justify;\"><span style=\"color: #000000;\">Fin qui abbiamo ragionato sui doveri del singolo. Passiamo adesso allo Stato<\/span><\/p>\n<p style=\"text-align: justify;\"><span style=\"color: #000000;\">Ebbene, nella prospettiva personalista che stiamo seguendo, e che qui possiamo solo presupporre ma non argomentare, la giustificazione di una politica di equilibrata e non rapace ridistribuzione risiede nel fatto che lo Stato esiste in vista del bene comune politico, il quale include il rispetto e la protezione della dignit\u00e0 umana e dunque esige la sollecitudine verso quei bisogni umani <em>veramente fondamentali<\/em> senza la cui soddisfazione la dignit\u00e0 umana \u00e8 offesa. Ma anche lo Stato deve soddisfare solo alcuni bisogni delle persone e comprendere come soddisfarli richiede grande saggezza politica ed etico-filosofica.<\/span><\/p>\n<h4 style=\"text-align: center;\"><span style=\"color: #000000;\"><strong>L\u2019egualitarismo \u00e8 benefico per gli apparati<\/strong><\/span><\/h4>\n<p style=\"text-align: justify;\"><span style=\"color: #000000;\"><img loading=\"lazy\" decoding=\"async\" class=\" wp-image-56380 alignleft\" src=\"https:\/\/www.rassegnastampa-totustuus.it\/cattolica\/wp-content\/uploads\/2023\/05\/burocrazia_apparato_ufficio_lavoro.jpg\" alt=\"\" width=\"346\" height=\"181\" \/>Ma la redistribuzione che stiamo giustificando dovrebbe essere piuttosto limitata, per ridurre un altro problema dell\u2019egualitarismo, che si aggiunge a quelli menzionati su <em>Il Timone <\/em>un mese fa. E\u2019 un problema rimarcato da Bertrand de Jouvenel (1903-1987) nel suo <em>L\u2019etica della redistribuzione<\/em>. Infatti, come dimostra la storia, la redistribuzione economica va a beneficio soprattutto dello Stato e delle sue burocrazie, spesso dando vita ad apparati politico-burocratici costosi e inefficienti, che hanno come loro scopo principale la propria sopravvivenza. In altri termini, per erogare i suo molteplici e sempre numerosi servizi, lo Stato assistenziale crea degli apparati elefantiaci, che finiscono spesso per impiegare una percentuale enorme di quanto viene prelevato al cittadino per il proprio funzionamento e sostentamento: non solo per stipendiare i funzionari, ma anche per foraggiare i propri referenti e (nel caso dei politici) le clientele necessarie per essere rieletti. Come spesso si nota, la spesa pubblica si accresce a dismisura e conseguentemente aumentano le imposte in una vera e propria spirale negativa, che , come argomenta l\u2019autore, impoverisce mediante, mediamente, la popolazione. E tra gli apparati \u00e8 spesso diffusa la corruzione.<\/span><\/p>\n<p style=\"text-align: justify;\"><span style=\"color: #000000;\"><img loading=\"lazy\" decoding=\"async\" class=\" wp-image-44502 alignright\" src=\"https:\/\/www.rassegnastampa-totustuus.it\/cattolica\/wp-content\/uploads\/2014\/03\/spreco_denaro_tasse.jpg\" alt=\"\" width=\"338\" height=\"203\" \/>Uno Stato che interviene in tutti i campi, sostituendosi ai singoli e alle associazioni, diventa ipertrofico e insieme dispersivo, meno efficace, anzi spesso deficitario, nello svolgimento di altri compiti, cio\u00e8 dei compiti che solo l\u2019autorit\u00e0 politica pu\u00f2 eseguire: se viceversa lo Stato si focalizza su questi suoi compiti esclusivi e specifici, viene davvero perseguito il bene comune.<\/span><\/p>\n<p style=\"text-align: justify;\"><span style=\"color: #000000;\">D\u2019altro canto, proprio quella promozione della dignit\u00e0 della persona che abbiamo sopra richiamato per giustificare la tassazione, implica che anche una certa limitazione del ruolo dello Stato: infatti la dignit\u00e0 della persona esige che se ne promuova l\u2019iniziativa e la libert\u00e0 (purch\u00e9 esercitata in modo non ingiusto verso gli altri), invece che deresponsabilizzarla e magari anche mortificarla togliendole delle mansioni. Per fare un paragone, se un capoufficio ci toglie delle mansioni che siamo capaci di svolgere e se ce le toglie non gi\u00e0 perch\u00e9 siamo sovraccarichi di lavoro n\u00e9 perch\u00e9 esse non ci aggradano, solitamente ci fa sentire mortificati.<\/span><\/p>\n","protected":false},"excerpt":{"rendered":"<p>Abstract: Le tasse alte sono illegittime, perch\u00e9 ne beneficia soprattutto lo Stato innescando una spirale negativa che impoverisce la popolazione. E&#8217; vero che vi \u00e8 un dovere etico dei cittadini a pagare le tasse ma vi sono anche dei doveri da parte dello Stato, che deve limitare la sua azione<\/p><p><a class=\"more-link btn\" href=\"https:\/\/www.rassegnastampa-totustuus.it\/cattolica\/le-tasse-alte-sono-illegittime\/\">Continua a leggere<\/a><\/p>\n","protected":false},"author":6,"featured_media":44501,"comment_status":"closed","ping_status":"closed","sticky":false,"template":"","format":"standard","meta":{"footnotes":""},"categories":[58],"tags":[145,177],"class_list":["post-56373","post","type-post","status-publish","format-standard","has-post-thumbnail","hentry","category-fisco","tag-fisco-2","tag-tasse","item-wrap"],"yoast_head":"<!-- This site is optimized with the Yoast SEO plugin v27.5 - https:\/\/yoast.com\/product\/yoast-seo-wordpress\/ -->\n<title>Le tasse alte sono illegittime - Rassegna Stampa Cattolica<\/title>\n<meta name=\"description\" content=\"Le tasse alte sono illegittime oltre un certo livello che innesca una spirale negativa che impoverisce la popolazione\" \/>\n<meta name=\"robots\" content=\"index, follow, max-snippet:-1, max-image-preview:large, max-video-preview:-1\" \/>\n<link rel=\"canonical\" href=\"https:\/\/www.rassegnastampa-totustuus.it\/cattolica\/le-tasse-alte-sono-illegittime\/\" \/>\n<meta property=\"og:locale\" content=\"it_IT\" \/>\n<meta property=\"og:type\" content=\"article\" \/>\n<meta property=\"og:title\" content=\"Le tasse alte sono illegittime - Rassegna Stampa Cattolica\" \/>\n<meta property=\"og:description\" content=\"Le tasse alte sono illegittime oltre un certo livello che innesca una spirale negativa che impoverisce la popolazione\" \/>\n<meta property=\"og:url\" content=\"https:\/\/www.rassegnastampa-totustuus.it\/cattolica\/le-tasse-alte-sono-illegittime\/\" \/>\n<meta property=\"og:site_name\" content=\"Rassegna Stampa Cattolica\" \/>\n<meta property=\"article:publisher\" content=\"https:\/\/www.facebook.com\/rassegnastampacattolica\" \/>\n<meta property=\"article:published_time\" content=\"2023-05-17T22:00:00+00:00\" \/>\n<meta property=\"article:modified_time\" content=\"2023-12-25T13:28:12+00:00\" \/>\n<meta property=\"og:image\" content=\"https:\/\/www.rassegnastampa-totustuus.it\/cattolica\/wp-content\/uploads\/2014\/03\/tasse_fisco.jpg\" \/>\n\t<meta property=\"og:image:width\" content=\"310\" \/>\n\t<meta property=\"og:image:height\" content=\"162\" \/>\n\t<meta property=\"og:image:type\" content=\"image\/jpeg\" \/>\n<meta name=\"author\" content=\"Redazione\" \/>\n<meta name=\"twitter:card\" content=\"summary_large_image\" \/>\n<meta name=\"twitter:creator\" content=\"@rassegnastampa9\" \/>\n<meta name=\"twitter:site\" content=\"@rassegnastampa9\" \/>\n<meta name=\"twitter:label1\" content=\"Scritto da\" \/>\n\t<meta name=\"twitter:data1\" content=\"Redazione\" \/>\n\t<meta name=\"twitter:label2\" content=\"Tempo di lettura stimato\" \/>\n\t<meta name=\"twitter:data2\" content=\"8 minuti\" \/>\n<script type=\"application\/ld+json\" class=\"yoast-schema-graph\">{\"@context\":\"https:\\\/\\\/schema.org\",\"@graph\":[{\"@type\":\"Article\",\"@id\":\"https:\\\/\\\/www.rassegnastampa-totustuus.it\\\/cattolica\\\/le-tasse-alte-sono-illegittime\\\/#article\",\"isPartOf\":{\"@id\":\"https:\\\/\\\/www.rassegnastampa-totustuus.it\\\/cattolica\\\/le-tasse-alte-sono-illegittime\\\/\"},\"author\":{\"name\":\"Redazione\",\"@id\":\"https:\\\/\\\/www.rassegnastampa-totustuus.it\\\/cattolica\\\/#\\\/schema\\\/person\\\/08f319d2bd1a0904ad9e2bfb7b15e5c3\"},\"headline\":\"Le tasse alte sono illegittime\",\"datePublished\":\"2023-05-17T22:00:00+00:00\",\"dateModified\":\"2023-12-25T13:28:12+00:00\",\"mainEntityOfPage\":{\"@id\":\"https:\\\/\\\/www.rassegnastampa-totustuus.it\\\/cattolica\\\/le-tasse-alte-sono-illegittime\\\/\"},\"wordCount\":1230,\"publisher\":{\"@id\":\"https:\\\/\\\/www.rassegnastampa-totustuus.it\\\/cattolica\\\/#organization\"},\"image\":{\"@id\":\"https:\\\/\\\/www.rassegnastampa-totustuus.it\\\/cattolica\\\/le-tasse-alte-sono-illegittime\\\/#primaryimage\"},\"thumbnailUrl\":\"https:\\\/\\\/www.rassegnastampa-totustuus.it\\\/cattolica\\\/wp-content\\\/uploads\\\/2014\\\/03\\\/tasse_fisco.jpg\",\"keywords\":[\"fisco\",\"tasse\"],\"articleSection\":[\"Fisco\"],\"inLanguage\":\"it-IT\"},{\"@type\":\"WebPage\",\"@id\":\"https:\\\/\\\/www.rassegnastampa-totustuus.it\\\/cattolica\\\/le-tasse-alte-sono-illegittime\\\/\",\"url\":\"https:\\\/\\\/www.rassegnastampa-totustuus.it\\\/cattolica\\\/le-tasse-alte-sono-illegittime\\\/\",\"name\":\"Le tasse alte sono illegittime - Rassegna Stampa Cattolica\",\"isPartOf\":{\"@id\":\"https:\\\/\\\/www.rassegnastampa-totustuus.it\\\/cattolica\\\/#website\"},\"primaryImageOfPage\":{\"@id\":\"https:\\\/\\\/www.rassegnastampa-totustuus.it\\\/cattolica\\\/le-tasse-alte-sono-illegittime\\\/#primaryimage\"},\"image\":{\"@id\":\"https:\\\/\\\/www.rassegnastampa-totustuus.it\\\/cattolica\\\/le-tasse-alte-sono-illegittime\\\/#primaryimage\"},\"thumbnailUrl\":\"https:\\\/\\\/www.rassegnastampa-totustuus.it\\\/cattolica\\\/wp-content\\\/uploads\\\/2014\\\/03\\\/tasse_fisco.jpg\",\"datePublished\":\"2023-05-17T22:00:00+00:00\",\"dateModified\":\"2023-12-25T13:28:12+00:00\",\"description\":\"Le tasse alte sono illegittime oltre un certo livello che innesca una spirale negativa che impoverisce la popolazione\",\"breadcrumb\":{\"@id\":\"https:\\\/\\\/www.rassegnastampa-totustuus.it\\\/cattolica\\\/le-tasse-alte-sono-illegittime\\\/#breadcrumb\"},\"inLanguage\":\"it-IT\",\"potentialAction\":[{\"@type\":\"ReadAction\",\"target\":[\"https:\\\/\\\/www.rassegnastampa-totustuus.it\\\/cattolica\\\/le-tasse-alte-sono-illegittime\\\/\"]}]},{\"@type\":\"ImageObject\",\"inLanguage\":\"it-IT\",\"@id\":\"https:\\\/\\\/www.rassegnastampa-totustuus.it\\\/cattolica\\\/le-tasse-alte-sono-illegittime\\\/#primaryimage\",\"url\":\"https:\\\/\\\/www.rassegnastampa-totustuus.it\\\/cattolica\\\/wp-content\\\/uploads\\\/2014\\\/03\\\/tasse_fisco.jpg\",\"contentUrl\":\"https:\\\/\\\/www.rassegnastampa-totustuus.it\\\/cattolica\\\/wp-content\\\/uploads\\\/2014\\\/03\\\/tasse_fisco.jpg\",\"width\":310,\"height\":162},{\"@type\":\"BreadcrumbList\",\"@id\":\"https:\\\/\\\/www.rassegnastampa-totustuus.it\\\/cattolica\\\/le-tasse-alte-sono-illegittime\\\/#breadcrumb\",\"itemListElement\":[{\"@type\":\"ListItem\",\"position\":1,\"name\":\"Home\",\"item\":\"https:\\\/\\\/www.rassegnastampa-totustuus.it\\\/cattolica\\\/\"},{\"@type\":\"ListItem\",\"position\":2,\"name\":\"Le tasse alte sono illegittime\"}]},{\"@type\":\"WebSite\",\"@id\":\"https:\\\/\\\/www.rassegnastampa-totustuus.it\\\/cattolica\\\/#website\",\"url\":\"https:\\\/\\\/www.rassegnastampa-totustuus.it\\\/cattolica\\\/\",\"name\":\"Rassegna Stampa Cattolica\",\"description\":\"Per una cultura che nasce dalla Rivelazione cristiana in conformit\u00e0 alla tradizione e al Magistero della Chiesa in opposizione ad ogni relativismo e totalitarismo\",\"publisher\":{\"@id\":\"https:\\\/\\\/www.rassegnastampa-totustuus.it\\\/cattolica\\\/#organization\"},\"alternateName\":\"Rass. Cattolica\",\"potentialAction\":[{\"@type\":\"SearchAction\",\"target\":{\"@type\":\"EntryPoint\",\"urlTemplate\":\"https:\\\/\\\/www.rassegnastampa-totustuus.it\\\/cattolica\\\/?s={search_term_string}\"},\"query-input\":{\"@type\":\"PropertyValueSpecification\",\"valueRequired\":true,\"valueName\":\"search_term_string\"}}],\"inLanguage\":\"it-IT\"},{\"@type\":\"Organization\",\"@id\":\"https:\\\/\\\/www.rassegnastampa-totustuus.it\\\/cattolica\\\/#organization\",\"name\":\"Rassegna Stampa Cattolica\",\"url\":\"https:\\\/\\\/www.rassegnastampa-totustuus.it\\\/cattolica\\\/\",\"logo\":{\"@type\":\"ImageObject\",\"inLanguage\":\"it-IT\",\"@id\":\"https:\\\/\\\/www.rassegnastampa-totustuus.it\\\/cattolica\\\/#\\\/schema\\\/logo\\\/image\\\/\",\"url\":\"https:\\\/\\\/www.rassegnastampa-totustuus.it\\\/cattolica\\\/wp-content\\\/uploads\\\/2014\\\/04\\\/logo-rassegna1.gif\",\"contentUrl\":\"https:\\\/\\\/www.rassegnastampa-totustuus.it\\\/cattolica\\\/wp-content\\\/uploads\\\/2014\\\/04\\\/logo-rassegna1.gif\",\"width\":600,\"height\":163,\"caption\":\"Rassegna Stampa Cattolica\"},\"image\":{\"@id\":\"https:\\\/\\\/www.rassegnastampa-totustuus.it\\\/cattolica\\\/#\\\/schema\\\/logo\\\/image\\\/\"},\"sameAs\":[\"https:\\\/\\\/www.facebook.com\\\/rassegnastampacattolica\",\"https:\\\/\\\/x.com\\\/rassegnastampa9\"]},{\"@type\":\"Person\",\"@id\":\"https:\\\/\\\/www.rassegnastampa-totustuus.it\\\/cattolica\\\/#\\\/schema\\\/person\\\/08f319d2bd1a0904ad9e2bfb7b15e5c3\",\"name\":\"Redazione\",\"image\":{\"@type\":\"ImageObject\",\"inLanguage\":\"it-IT\",\"@id\":\"https:\\\/\\\/secure.gravatar.com\\\/avatar\\\/2fcdf27c78ea025fbdb44e914cc63c72249ffec9dc8aafd5c82b26240ef3f346?s=96&d=mm&r=g\",\"url\":\"https:\\\/\\\/secure.gravatar.com\\\/avatar\\\/2fcdf27c78ea025fbdb44e914cc63c72249ffec9dc8aafd5c82b26240ef3f346?s=96&d=mm&r=g\",\"contentUrl\":\"https:\\\/\\\/secure.gravatar.com\\\/avatar\\\/2fcdf27c78ea025fbdb44e914cc63c72249ffec9dc8aafd5c82b26240ef3f346?s=96&d=mm&r=g\",\"caption\":\"Redazione\"},\"url\":\"https:\\\/\\\/www.rassegnastampa-totustuus.it\\\/cattolica\\\/author\\\/pietroelle\\\/\"}]}<\/script>\n<!-- \/ Yoast SEO plugin. -->","yoast_head_json":{"title":"Le tasse alte sono illegittime - Rassegna Stampa Cattolica","description":"Le tasse alte sono illegittime oltre un certo livello che innesca una spirale negativa che impoverisce la popolazione","robots":{"index":"index","follow":"follow","max-snippet":"max-snippet:-1","max-image-preview":"max-image-preview:large","max-video-preview":"max-video-preview:-1"},"canonical":"https:\/\/www.rassegnastampa-totustuus.it\/cattolica\/le-tasse-alte-sono-illegittime\/","og_locale":"it_IT","og_type":"article","og_title":"Le tasse alte sono illegittime - Rassegna Stampa Cattolica","og_description":"Le tasse alte sono illegittime oltre un certo livello che innesca una spirale negativa che impoverisce la popolazione","og_url":"https:\/\/www.rassegnastampa-totustuus.it\/cattolica\/le-tasse-alte-sono-illegittime\/","og_site_name":"Rassegna Stampa Cattolica","article_publisher":"https:\/\/www.facebook.com\/rassegnastampacattolica","article_published_time":"2023-05-17T22:00:00+00:00","article_modified_time":"2023-12-25T13:28:12+00:00","og_image":[{"width":310,"height":162,"url":"https:\/\/www.rassegnastampa-totustuus.it\/cattolica\/wp-content\/uploads\/2014\/03\/tasse_fisco.jpg","type":"image\/jpeg"}],"author":"Redazione","twitter_card":"summary_large_image","twitter_creator":"@rassegnastampa9","twitter_site":"@rassegnastampa9","twitter_misc":{"Scritto da":"Redazione","Tempo di lettura stimato":"8 minuti"},"schema":{"@context":"https:\/\/schema.org","@graph":[{"@type":"Article","@id":"https:\/\/www.rassegnastampa-totustuus.it\/cattolica\/le-tasse-alte-sono-illegittime\/#article","isPartOf":{"@id":"https:\/\/www.rassegnastampa-totustuus.it\/cattolica\/le-tasse-alte-sono-illegittime\/"},"author":{"name":"Redazione","@id":"https:\/\/www.rassegnastampa-totustuus.it\/cattolica\/#\/schema\/person\/08f319d2bd1a0904ad9e2bfb7b15e5c3"},"headline":"Le tasse alte sono illegittime","datePublished":"2023-05-17T22:00:00+00:00","dateModified":"2023-12-25T13:28:12+00:00","mainEntityOfPage":{"@id":"https:\/\/www.rassegnastampa-totustuus.it\/cattolica\/le-tasse-alte-sono-illegittime\/"},"wordCount":1230,"publisher":{"@id":"https:\/\/www.rassegnastampa-totustuus.it\/cattolica\/#organization"},"image":{"@id":"https:\/\/www.rassegnastampa-totustuus.it\/cattolica\/le-tasse-alte-sono-illegittime\/#primaryimage"},"thumbnailUrl":"https:\/\/www.rassegnastampa-totustuus.it\/cattolica\/wp-content\/uploads\/2014\/03\/tasse_fisco.jpg","keywords":["fisco","tasse"],"articleSection":["Fisco"],"inLanguage":"it-IT"},{"@type":"WebPage","@id":"https:\/\/www.rassegnastampa-totustuus.it\/cattolica\/le-tasse-alte-sono-illegittime\/","url":"https:\/\/www.rassegnastampa-totustuus.it\/cattolica\/le-tasse-alte-sono-illegittime\/","name":"Le tasse alte sono illegittime - Rassegna Stampa Cattolica","isPartOf":{"@id":"https:\/\/www.rassegnastampa-totustuus.it\/cattolica\/#website"},"primaryImageOfPage":{"@id":"https:\/\/www.rassegnastampa-totustuus.it\/cattolica\/le-tasse-alte-sono-illegittime\/#primaryimage"},"image":{"@id":"https:\/\/www.rassegnastampa-totustuus.it\/cattolica\/le-tasse-alte-sono-illegittime\/#primaryimage"},"thumbnailUrl":"https:\/\/www.rassegnastampa-totustuus.it\/cattolica\/wp-content\/uploads\/2014\/03\/tasse_fisco.jpg","datePublished":"2023-05-17T22:00:00+00:00","dateModified":"2023-12-25T13:28:12+00:00","description":"Le tasse alte sono illegittime oltre un certo livello che innesca una spirale negativa che impoverisce la popolazione","breadcrumb":{"@id":"https:\/\/www.rassegnastampa-totustuus.it\/cattolica\/le-tasse-alte-sono-illegittime\/#breadcrumb"},"inLanguage":"it-IT","potentialAction":[{"@type":"ReadAction","target":["https:\/\/www.rassegnastampa-totustuus.it\/cattolica\/le-tasse-alte-sono-illegittime\/"]}]},{"@type":"ImageObject","inLanguage":"it-IT","@id":"https:\/\/www.rassegnastampa-totustuus.it\/cattolica\/le-tasse-alte-sono-illegittime\/#primaryimage","url":"https:\/\/www.rassegnastampa-totustuus.it\/cattolica\/wp-content\/uploads\/2014\/03\/tasse_fisco.jpg","contentUrl":"https:\/\/www.rassegnastampa-totustuus.it\/cattolica\/wp-content\/uploads\/2014\/03\/tasse_fisco.jpg","width":310,"height":162},{"@type":"BreadcrumbList","@id":"https:\/\/www.rassegnastampa-totustuus.it\/cattolica\/le-tasse-alte-sono-illegittime\/#breadcrumb","itemListElement":[{"@type":"ListItem","position":1,"name":"Home","item":"https:\/\/www.rassegnastampa-totustuus.it\/cattolica\/"},{"@type":"ListItem","position":2,"name":"Le tasse alte sono illegittime"}]},{"@type":"WebSite","@id":"https:\/\/www.rassegnastampa-totustuus.it\/cattolica\/#website","url":"https:\/\/www.rassegnastampa-totustuus.it\/cattolica\/","name":"Rassegna Stampa Cattolica","description":"Per una cultura che nasce dalla Rivelazione cristiana in conformit\u00e0 alla tradizione e al Magistero della Chiesa in opposizione ad ogni relativismo e totalitarismo","publisher":{"@id":"https:\/\/www.rassegnastampa-totustuus.it\/cattolica\/#organization"},"alternateName":"Rass. Cattolica","potentialAction":[{"@type":"SearchAction","target":{"@type":"EntryPoint","urlTemplate":"https:\/\/www.rassegnastampa-totustuus.it\/cattolica\/?s={search_term_string}"},"query-input":{"@type":"PropertyValueSpecification","valueRequired":true,"valueName":"search_term_string"}}],"inLanguage":"it-IT"},{"@type":"Organization","@id":"https:\/\/www.rassegnastampa-totustuus.it\/cattolica\/#organization","name":"Rassegna Stampa Cattolica","url":"https:\/\/www.rassegnastampa-totustuus.it\/cattolica\/","logo":{"@type":"ImageObject","inLanguage":"it-IT","@id":"https:\/\/www.rassegnastampa-totustuus.it\/cattolica\/#\/schema\/logo\/image\/","url":"https:\/\/www.rassegnastampa-totustuus.it\/cattolica\/wp-content\/uploads\/2014\/04\/logo-rassegna1.gif","contentUrl":"https:\/\/www.rassegnastampa-totustuus.it\/cattolica\/wp-content\/uploads\/2014\/04\/logo-rassegna1.gif","width":600,"height":163,"caption":"Rassegna Stampa Cattolica"},"image":{"@id":"https:\/\/www.rassegnastampa-totustuus.it\/cattolica\/#\/schema\/logo\/image\/"},"sameAs":["https:\/\/www.facebook.com\/rassegnastampacattolica","https:\/\/x.com\/rassegnastampa9"]},{"@type":"Person","@id":"https:\/\/www.rassegnastampa-totustuus.it\/cattolica\/#\/schema\/person\/08f319d2bd1a0904ad9e2bfb7b15e5c3","name":"Redazione","image":{"@type":"ImageObject","inLanguage":"it-IT","@id":"https:\/\/secure.gravatar.com\/avatar\/2fcdf27c78ea025fbdb44e914cc63c72249ffec9dc8aafd5c82b26240ef3f346?s=96&d=mm&r=g","url":"https:\/\/secure.gravatar.com\/avatar\/2fcdf27c78ea025fbdb44e914cc63c72249ffec9dc8aafd5c82b26240ef3f346?s=96&d=mm&r=g","contentUrl":"https:\/\/secure.gravatar.com\/avatar\/2fcdf27c78ea025fbdb44e914cc63c72249ffec9dc8aafd5c82b26240ef3f346?s=96&d=mm&r=g","caption":"Redazione"},"url":"https:\/\/www.rassegnastampa-totustuus.it\/cattolica\/author\/pietroelle\/"}]}},"_links":{"self":[{"href":"https:\/\/www.rassegnastampa-totustuus.it\/cattolica\/wp-json\/wp\/v2\/posts\/56373","targetHints":{"allow":["GET"]}}],"collection":[{"href":"https:\/\/www.rassegnastampa-totustuus.it\/cattolica\/wp-json\/wp\/v2\/posts"}],"about":[{"href":"https:\/\/www.rassegnastampa-totustuus.it\/cattolica\/wp-json\/wp\/v2\/types\/post"}],"author":[{"embeddable":true,"href":"https:\/\/www.rassegnastampa-totustuus.it\/cattolica\/wp-json\/wp\/v2\/users\/6"}],"replies":[{"embeddable":true,"href":"https:\/\/www.rassegnastampa-totustuus.it\/cattolica\/wp-json\/wp\/v2\/comments?post=56373"}],"version-history":[{"count":3,"href":"https:\/\/www.rassegnastampa-totustuus.it\/cattolica\/wp-json\/wp\/v2\/posts\/56373\/revisions"}],"predecessor-version":[{"id":58381,"href":"https:\/\/www.rassegnastampa-totustuus.it\/cattolica\/wp-json\/wp\/v2\/posts\/56373\/revisions\/58381"}],"wp:featuredmedia":[{"embeddable":true,"href":"https:\/\/www.rassegnastampa-totustuus.it\/cattolica\/wp-json\/wp\/v2\/media\/44501"}],"wp:attachment":[{"href":"https:\/\/www.rassegnastampa-totustuus.it\/cattolica\/wp-json\/wp\/v2\/media?parent=56373"}],"wp:term":[{"taxonomy":"category","embeddable":true,"href":"https:\/\/www.rassegnastampa-totustuus.it\/cattolica\/wp-json\/wp\/v2\/categories?post=56373"},{"taxonomy":"post_tag","embeddable":true,"href":"https:\/\/www.rassegnastampa-totustuus.it\/cattolica\/wp-json\/wp\/v2\/tags?post=56373"}],"curies":[{"name":"wp","href":"https:\/\/api.w.org\/{rel}","templated":true}]}}