{"id":56328,"date":"2023-05-11T00:00:00","date_gmt":"2023-05-10T22:00:00","guid":{"rendered":"https:\/\/www.rassegnastampa-totustuus.it\/cattolica\/?p=56328"},"modified":"2023-12-25T15:29:55","modified_gmt":"2023-12-25T14:29:55","slug":"lenergia-eolica-non-e-ecologica","status":"publish","type":"post","link":"https:\/\/www.rassegnastampa-totustuus.it\/cattolica\/lenergia-eolica-non-e-ecologica\/","title":{"rendered":"L&#8217;energia eolica non \u00e8 ecologica"},"content":{"rendered":"<p style=\"text-align: center;\"><span style=\"color: #000000;\"><strong><img loading=\"lazy\" decoding=\"async\" class=\" wp-image-46472 alignleft\" src=\"https:\/\/www.rassegnastampa-totustuus.it\/cattolica\/wp-content\/uploads\/2020\/02\/ambiente_energia_eolico.jpg\" alt=\"\" width=\"326\" height=\"205\" \/><\/strong><\/span><\/p>\n<p style=\"text-align: justify;\"><span style=\"color: #000000;\"><strong>Abstract: <\/strong>l&#8217;energia eolica non \u00e8 ecologica; <em>le turbine eoliche hanno un aspetto ingannevolmente pulito poich\u00e8 per la costruzione impiegano materiali la cui estrazione e lavorazione \u00e8 estremamente inquinante e presentano anche grossi problemi di smaltimento al termine della loro vita operativa. In conclusione. Le turbine eoliche non contribuiscono a migliorare l&#8217;ambiente, ma sono anche incredibilmente brutte, distruggono bei paesaggi, <\/em><\/span><\/p>\n<p><!--more--><\/p>\n<p style=\"text-align: center;\"><span style=\"color: #000000;\"><span style=\"color: #0000ff;\"><a style=\"color: #0000ff;\" href=\"https:\/\/www.atfp.it\/\" target=\"_blank\" rel=\"noopener\"><strong>Tradizione Famiglia Propriet\u00e0<\/strong><\/a><\/span> Newsletter 5 Maggio 2023<\/span><\/p>\n<h3 style=\"text-align: center;\">Le turbine eoliche sono davvero pulite ed ecologiche?<\/h3>\n<p style=\"text-align: center;\"><span style=\"color: #000000;\">di <strong>Damien Murphy<\/strong> <\/span><\/p>\n<p style=\"text-align: justify;\"><span style=\"color: #000000;\">Le turbine eoliche hanno un aspetto ingannevolmente &#8220;pulito&#8221;, con le loro pale bianche e scintillanti che girano dolcemente nel vento, producendo senza sforzo energia verde per un mondo che ne \u00e8 affamato. Tuttavia, la costruzione di questi bestioni non \u00e8 affatto ecologica.<\/span><\/p>\n<p style=\"text-align: justify;\"><span style=\"color: #000000;\">Ad esempio, trentatr\u00e9 generatori di turbine destinati alla Scozia sono stati prodotti nel Paese pi\u00f9 anti-ecologico del mondo, la Cina. Per produrre queste macchine pulite, i contadini cinesi della regione di Baotou, nella Mongolia interna, hanno visto distrutti i loro campi di grano e di mais. Le loro terre sono state trasformate in immensi laghi di scarico di gorgogliante fango tossico, creato da sconsiderate pratiche minerarie delle aziende che scavano per trovare i metalli necessari a queste turbine, le quali dovrebbero essere &#8220;verdi&#8221; dal punto di vista ambientale.<\/span><\/p>\n<h4 class=\"has-text-align-justify\" style=\"text-align: center;\"><strong>Impatto ambientale dell&#8217;estrazione del neodimio<\/strong><\/h4>\n<p style=\"text-align: justify;\"><img loading=\"lazy\" decoding=\"async\" class=\" wp-image-44077 alignright\" src=\"https:\/\/www.rassegnastampa-totustuus.it\/cattolica\/wp-content\/uploads\/2019\/08\/eolico_ambientalismo-300x200.jpg\" alt=\"\" width=\"333\" height=\"222\" srcset=\"https:\/\/www.rassegnastampa-totustuus.it\/cattolica\/wp-content\/uploads\/2019\/08\/eolico_ambientalismo-300x200.jpg 300w, https:\/\/www.rassegnastampa-totustuus.it\/cattolica\/wp-content\/uploads\/2019\/08\/eolico_ambientalismo-768x512.jpg 768w, https:\/\/www.rassegnastampa-totustuus.it\/cattolica\/wp-content\/uploads\/2019\/08\/eolico_ambientalismo-1024x683.jpg 1024w, https:\/\/www.rassegnastampa-totustuus.it\/cattolica\/wp-content\/uploads\/2019\/08\/eolico_ambientalismo.jpg 1600w\" sizes=\"auto, (max-width: 333px) 100vw, 333px\" \/><span style=\"color: #000000;\">Il neodimio \u00e8 stato utilizzato per decenni in molti dispositivi come altoparlanti hi-fi, dischi rigidi e laser. Tuttavia, con la frenetica richiesta di turbine eoliche spinta dagli ambientalisti <em>liberal<\/em>, la domanda \u00e8 salita alle stelle. Baotou possiede una delle pi\u00f9 grandi riserve di terre rare conosciute dall&#8217;uomo, tra cui il neodimio. Il neodimio \u00e8 sempre stato estratto nella regione, ma \u00e8 diventato fondamentale solo con l&#8217;avvento di due iniziative di stampo ecologico: le turbine eoliche e le auto elettriche ibride.<\/span><\/p>\n<p style=\"text-align: justify;\"><span style=\"color: #000000;\">Purtroppo, con l&#8217;aumento dell&#8217;estrazione del neodimio, ogni anno vengono scaricate 7.000.000 di tonnellate di rifiuti tossici (alcuni anche radioattivi) in un lago artificiale di sei miglia di larghezza a Baotou. (1) Questo lago \u00e8 diventato cos\u00ec grande e tossico da mettere a rischio uno dei pi\u00f9 importanti corsi d&#8217;acqua della Cina.<\/span><\/p>\n<p style=\"text-align: justify;\"><span style=\"color: #000000;\">Quando negli anni Sessanta le aziende iniziarono a estrarre terre rare, il lago di Baotou era solo un piccolo bacino di decantazione tossico. Ma nel corso degli anni si \u00e8 ingrandito, diffondendo il suo fetore nocivo, avvelenando sempre pi\u00f9 le falde acquifere e causando persino la morte. Le sostanze chimiche e i metalli pesanti sono fuoriusciti dalle acque di superficie e sono penetrati nelle falde acquifere, mettendo in pericolo i sistemi di irrigazione su cui gli agricoltori fanno affidamento per irrigare la terra e abbeverare il bestiame. Come prevedibile, il problema \u00e8 stato semplicemente ignorato. I funzionari della Cina comunista si sono limitati a parlare di problemi ambientali per placare le preoccupazioni della sinistra, e poi hanno continuato a fare affari come al solito. In breve tempo, tutto ci\u00f2 che era stato piantato dagli abitanti del villaggio mor\u00ec a causa delle tossine emanate dal lago, e anche i loro animali<\/span>.<\/p>\n<h4 style=\"text-align: center;\"><span style=\"color: #000000;\"><strong>Gli ambientalisti ammettono l&#8217;ironia<\/strong><\/span><\/h4>\n<p style=\"text-align: justify;\"><span style=\"font-size: revert;\"><img loading=\"lazy\" decoding=\"async\" class=\" wp-image-46473 alignleft\" src=\"https:\/\/www.rassegnastampa-totustuus.it\/cattolica\/wp-content\/uploads\/2020\/02\/ambiente_energia_eolico-1-300x168.jpg\" alt=\"\" width=\"354\" height=\"198\" \/><span style=\"color: #000000;\">Jamie Choi, esperto di <\/span><\/span><span style=\"color: #000000;\"><em style=\"font-size: revert;\">Greenpeace Cina<\/em><span style=\"font-size: revert;\">, ammette l&#8217;ironia. &#8220;Non c&#8217;\u00e8 una sola fase del processo di estrazione delle terre rare che non sia disastrosa per l&#8217;ambiente. I minerali vengono estratti pompando acido nel terreno e poi vengono lavorati utilizzando altri acidi e sostanze chimiche&#8221;. (2) <\/span><span style=\"font-size: revert;\">Cos\u00ec, mentre gli ambientalisti di sinistra si battono contro l&#8217;energia nucleare, petrolifera e del carbone a causa del loro impatto negativo sull&#8217;ambiente, chiudono un occhio sui massicci danni ambientali causati dalla costruzione di turbine eoliche. Dove sono gli appelli strazianti per aiutare le persone povere ed emarginate che vengono sfruttate nella Cina comunista.<\/span><\/span><\/p>\n<p style=\"text-align: justify;\"><span style=\"color: #000000;\">Nel lontano Regno Unito, l&#8217;installazione di turbine eoliche continua a causare danni ambientale. Solo in Gran Bretagna ci sono attualmente pi\u00f9 di 3.000 turbine, che hanno richiesto la distruzione di ambienti paesaggistici bellissimi per aprire strade di servizio su cui, tra l&#8217;altro, hanno transitato 3.000.000 di libbre di cemento per le fondamenta di ogni turbina. Tuttavia, di fronte alla palese contraddizione di proteggere l\u2019ambiente danneggiando la natura, gli ambientalisti come Craig Bennett liquidano la questione dicendo che &#8220;nessun modo di generare energia \u00e8 pulito al 100% e privo di problemi&#8221;. Sebbene ci\u00f2 sia vero, il carbone, il petrolio, il gas naturale e la produzione di energia nucleare causano meno problemi, sono risorse pi\u00f9 abbondanti e immensamente pi\u00f9 stabili nella produzione di energia. Diventa dolorosamente chiaro che l&#8217;ambientalismo ha poco a che fare con la salvezza dell&#8217;ambiente; sono fin troppo disposti a sacrificare quest\u2019ultimo sull\u2019altare della loro ideologia.<\/span><\/p>\n<p style=\"text-align: justify;\"><img loading=\"lazy\" decoding=\"async\" class=\" wp-image-46478 alignright\" src=\"https:\/\/www.rassegnastampa-totustuus.it\/cattolica\/wp-content\/uploads\/2020\/02\/ambiente_energia_eolico-2-300x135.jpg\" alt=\"\" width=\"385\" height=\"173\" srcset=\"https:\/\/www.rassegnastampa-totustuus.it\/cattolica\/wp-content\/uploads\/2020\/02\/ambiente_energia_eolico-2-300x135.jpg 300w, https:\/\/www.rassegnastampa-totustuus.it\/cattolica\/wp-content\/uploads\/2020\/02\/ambiente_energia_eolico-2-768x346.jpg 768w, https:\/\/www.rassegnastampa-totustuus.it\/cattolica\/wp-content\/uploads\/2020\/02\/ambiente_energia_eolico-2-1024x461.jpg 1024w\" sizes=\"auto, (max-width: 385px) 100vw, 385px\" \/><span style=\"color: #000000;\">In conclusione. Le turbine eoliche non contribuiscono a migliorare l&#8217;ambiente, ma sono anche incredibilmente brutte, distruggono bei paesaggi, sono estremamente inaffidabili nella produzione di elettricit\u00e0 e non durano a lungo. Le turbine eoliche hanno un ciclo di funzionamento di 120.000 ore di utilizzo, che equivale a 13,7 anni di produzione effettiva di energia prima di essere sostituite. Se a questo si aggiungono la produzione dei componenti e la costruzione in loco, che contribuiscono a provocare un terribile danno ambientale, la proposta diventa perdente. Quando si parla di turbine eoliche, gli ambientalisti sono completamente ipocriti nei confronti della Cina, un Paese con standard deplorevoli in materia di diritti umani e di tutela ambientale. \u00c8 ora di affrontare la realt\u00e0 e di mettere le turbine eoliche nella pattumiera degli esperimenti falliti della sinistra.<\/span><\/p>\n<h4 style=\"text-align: justify;\"><strong>Note<\/strong><\/h4>\n<p style=\"text-align: justify;\"><strong>1<\/strong>). <span style=\"color: #0000ff;\"><u><a style=\"color: #0000ff;\" href=\"https:\/\/www.youtube.com\/watch?v=t_UdqZdFr-w\" target=\"_blank\" rel=\"noopener\">https:\/\/www.youtube.com\/watch?v=t_UdqZdFr-w<\/a><\/u><\/span><\/p>\n<p style=\"text-align: justify;\"><strong>2). <\/strong><span style=\"color: #0000ff;\"><u><a style=\"color: #0000ff;\" href=\"http:\/\/www.dailymail.co.uk\/home\/moslive\/article-1350811\/In-China-true-cost-Britains-clean-green-wind-power-experiment-Pollution-disastrous-scale.html\" target=\"_blank\" rel=\"noopener\">http:\/\/www.dailymail.co.uk\/home\/moslive\/article-1350811\/In-China-true-cost-Britains-clean-green-wind-power-experiment-Pollution-disastrous-scale.html<\/a><\/u><\/span><\/p>\n<p>____________________________________<\/p>\n<p><span style=\"color: #000000;\"><strong>Per approfondire:<\/strong><\/span><\/p>\n<p><a href=\"https:\/\/www.rassegnastampa-totustuus.it\/cattolica\/dallauto-elettrica-alleolico-tutte-le-fisse-ambientaliste-che-non-sono-poi-cosi-eco-friendly-ma-costosissime\/\" target=\"_blank\" rel=\"noopener\"><span style=\"color: #0000ff;\">Dall\u2019auto elettrica all\u2019eolico, tutte le fisse ambientaliste che non sono poi cos\u00ec eco-friendly ma costosissime<\/span><\/a><\/p>\n<p><a href=\"https:\/\/www.rassegnastampa-totustuus.it\/cattolica\/le-fonti-rinnovabili-inquinano\/\" target=\"_blank\" rel=\"noopener\"><span style=\"color: #0000ff;\">CO2 e scorie radioattive:\u00a0 tutto quello che non vi hanno detto sulle rinnovabili<\/span><\/a><\/p>\n","protected":false},"excerpt":{"rendered":"<p>Abstract: l&#8217;energia eolica non \u00e8 ecologica; le turbine eoliche hanno un aspetto ingannevolmente pulito poich\u00e8 per la costruzione impiegano materiali la cui estrazione e lavorazione \u00e8 estremamente inquinante e presentano anche grossi problemi di smaltimento al termine della loro vita operativa. In conclusione. Le turbine eoliche non contribuiscono a migliorare l&#8217;ambiente, ma sono anche incredibilmente &hellip; <\/p>\n<p><a class=\"more-link btn\" href=\"https:\/\/www.rassegnastampa-totustuus.it\/cattolica\/lenergia-eolica-non-e-ecologica\/\">Continua a leggere<\/a><\/p>\n","protected":false},"author":6,"featured_media":46472,"comment_status":"closed","ping_status":"closed","sticky":false,"template":"","format":"standard","meta":{"footnotes":""},"categories":[3],"tags":[2387,2395,2745],"class_list":["post-56328","post","type-post","status-publish","format-standard","has-post-thumbnail","hentry","category-ambientalismo","tag-ambientalismo","tag-cina","tag-energia-eolica","item-wrap"],"yoast_head":"<!-- This site is optimized with the Yoast SEO plugin v27.5 - https:\/\/yoast.com\/product\/yoast-seo-wordpress\/ -->\n<title>L&#039;energia eolica non \u00e8 ecologica - Rassegna Stampa Cattolica<\/title>\n<meta name=\"description\" content=\"L&#039;energia eolica non \u00e8 ecologica; per costruire le turbine occorrono materiali la cui lavorazione ed estrazione \u00e8 estremamente inquinante\" \/>\n<meta name=\"robots\" content=\"index, follow, max-snippet:-1, max-image-preview:large, max-video-preview:-1\" \/>\n<link rel=\"canonical\" href=\"https:\/\/www.rassegnastampa-totustuus.it\/cattolica\/lenergia-eolica-non-e-ecologica\/\" \/>\n<meta property=\"og:locale\" content=\"it_IT\" \/>\n<meta property=\"og:type\" content=\"article\" \/>\n<meta property=\"og:title\" content=\"L&#039;energia eolica non \u00e8 ecologica - Rassegna Stampa Cattolica\" \/>\n<meta property=\"og:description\" content=\"L&#039;energia eolica non \u00e8 ecologica; per costruire le turbine occorrono materiali la cui lavorazione ed estrazione \u00e8 estremamente inquinante\" \/>\n<meta property=\"og:url\" content=\"https:\/\/www.rassegnastampa-totustuus.it\/cattolica\/lenergia-eolica-non-e-ecologica\/\" \/>\n<meta property=\"og:site_name\" content=\"Rassegna Stampa Cattolica\" \/>\n<meta property=\"article:publisher\" content=\"https:\/\/www.facebook.com\/rassegnastampacattolica\" \/>\n<meta property=\"article:published_time\" content=\"2023-05-10T22:00:00+00:00\" \/>\n<meta property=\"article:modified_time\" content=\"2023-12-25T14:29:55+00:00\" \/>\n<meta property=\"og:image\" content=\"https:\/\/www.rassegnastampa-totustuus.it\/cattolica\/wp-content\/uploads\/2020\/02\/ambiente_energia_eolico.jpg\" \/>\n\t<meta property=\"og:image:width\" content=\"283\" \/>\n\t<meta property=\"og:image:height\" content=\"178\" \/>\n\t<meta property=\"og:image:type\" content=\"image\/jpeg\" \/>\n<meta name=\"author\" content=\"Redazione\" \/>\n<meta name=\"twitter:card\" content=\"summary_large_image\" \/>\n<meta name=\"twitter:creator\" content=\"@rassegnastampa9\" \/>\n<meta name=\"twitter:site\" content=\"@rassegnastampa9\" \/>\n<meta name=\"twitter:label1\" content=\"Scritto da\" \/>\n\t<meta name=\"twitter:data1\" content=\"Redazione\" \/>\n\t<meta name=\"twitter:label2\" content=\"Tempo di lettura stimato\" \/>\n\t<meta name=\"twitter:data2\" content=\"6 minuti\" \/>\n<script type=\"application\/ld+json\" class=\"yoast-schema-graph\">{\"@context\":\"https:\\\/\\\/schema.org\",\"@graph\":[{\"@type\":\"Article\",\"@id\":\"https:\\\/\\\/www.rassegnastampa-totustuus.it\\\/cattolica\\\/lenergia-eolica-non-e-ecologica\\\/#article\",\"isPartOf\":{\"@id\":\"https:\\\/\\\/www.rassegnastampa-totustuus.it\\\/cattolica\\\/lenergia-eolica-non-e-ecologica\\\/\"},\"author\":{\"name\":\"Redazione\",\"@id\":\"https:\\\/\\\/www.rassegnastampa-totustuus.it\\\/cattolica\\\/#\\\/schema\\\/person\\\/08f319d2bd1a0904ad9e2bfb7b15e5c3\"},\"headline\":\"L&#8217;energia eolica non \u00e8 ecologica\",\"datePublished\":\"2023-05-10T22:00:00+00:00\",\"dateModified\":\"2023-12-25T14:29:55+00:00\",\"mainEntityOfPage\":{\"@id\":\"https:\\\/\\\/www.rassegnastampa-totustuus.it\\\/cattolica\\\/lenergia-eolica-non-e-ecologica\\\/\"},\"wordCount\":927,\"publisher\":{\"@id\":\"https:\\\/\\\/www.rassegnastampa-totustuus.it\\\/cattolica\\\/#organization\"},\"image\":{\"@id\":\"https:\\\/\\\/www.rassegnastampa-totustuus.it\\\/cattolica\\\/lenergia-eolica-non-e-ecologica\\\/#primaryimage\"},\"thumbnailUrl\":\"https:\\\/\\\/www.rassegnastampa-totustuus.it\\\/cattolica\\\/wp-content\\\/uploads\\\/2020\\\/02\\\/ambiente_energia_eolico.jpg\",\"keywords\":[\"Ambientalismo\",\"Cina\",\"energia eolica\"],\"articleSection\":[\"Ambientalismo\"],\"inLanguage\":\"it-IT\"},{\"@type\":\"WebPage\",\"@id\":\"https:\\\/\\\/www.rassegnastampa-totustuus.it\\\/cattolica\\\/lenergia-eolica-non-e-ecologica\\\/\",\"url\":\"https:\\\/\\\/www.rassegnastampa-totustuus.it\\\/cattolica\\\/lenergia-eolica-non-e-ecologica\\\/\",\"name\":\"L'energia eolica non \u00e8 ecologica - Rassegna Stampa Cattolica\",\"isPartOf\":{\"@id\":\"https:\\\/\\\/www.rassegnastampa-totustuus.it\\\/cattolica\\\/#website\"},\"primaryImageOfPage\":{\"@id\":\"https:\\\/\\\/www.rassegnastampa-totustuus.it\\\/cattolica\\\/lenergia-eolica-non-e-ecologica\\\/#primaryimage\"},\"image\":{\"@id\":\"https:\\\/\\\/www.rassegnastampa-totustuus.it\\\/cattolica\\\/lenergia-eolica-non-e-ecologica\\\/#primaryimage\"},\"thumbnailUrl\":\"https:\\\/\\\/www.rassegnastampa-totustuus.it\\\/cattolica\\\/wp-content\\\/uploads\\\/2020\\\/02\\\/ambiente_energia_eolico.jpg\",\"datePublished\":\"2023-05-10T22:00:00+00:00\",\"dateModified\":\"2023-12-25T14:29:55+00:00\",\"description\":\"L'energia eolica non \u00e8 ecologica; per costruire le turbine occorrono materiali la cui lavorazione ed estrazione \u00e8 estremamente inquinante\",\"breadcrumb\":{\"@id\":\"https:\\\/\\\/www.rassegnastampa-totustuus.it\\\/cattolica\\\/lenergia-eolica-non-e-ecologica\\\/#breadcrumb\"},\"inLanguage\":\"it-IT\",\"potentialAction\":[{\"@type\":\"ReadAction\",\"target\":[\"https:\\\/\\\/www.rassegnastampa-totustuus.it\\\/cattolica\\\/lenergia-eolica-non-e-ecologica\\\/\"]}]},{\"@type\":\"ImageObject\",\"inLanguage\":\"it-IT\",\"@id\":\"https:\\\/\\\/www.rassegnastampa-totustuus.it\\\/cattolica\\\/lenergia-eolica-non-e-ecologica\\\/#primaryimage\",\"url\":\"https:\\\/\\\/www.rassegnastampa-totustuus.it\\\/cattolica\\\/wp-content\\\/uploads\\\/2020\\\/02\\\/ambiente_energia_eolico.jpg\",\"contentUrl\":\"https:\\\/\\\/www.rassegnastampa-totustuus.it\\\/cattolica\\\/wp-content\\\/uploads\\\/2020\\\/02\\\/ambiente_energia_eolico.jpg\",\"width\":283,\"height\":178,\"caption\":\"La Net Zero dell'Unione europea \u00e8 una follia\"},{\"@type\":\"BreadcrumbList\",\"@id\":\"https:\\\/\\\/www.rassegnastampa-totustuus.it\\\/cattolica\\\/lenergia-eolica-non-e-ecologica\\\/#breadcrumb\",\"itemListElement\":[{\"@type\":\"ListItem\",\"position\":1,\"name\":\"Home\",\"item\":\"https:\\\/\\\/www.rassegnastampa-totustuus.it\\\/cattolica\\\/\"},{\"@type\":\"ListItem\",\"position\":2,\"name\":\"L&#8217;energia eolica non \u00e8 ecologica\"}]},{\"@type\":\"WebSite\",\"@id\":\"https:\\\/\\\/www.rassegnastampa-totustuus.it\\\/cattolica\\\/#website\",\"url\":\"https:\\\/\\\/www.rassegnastampa-totustuus.it\\\/cattolica\\\/\",\"name\":\"Rassegna Stampa Cattolica\",\"description\":\"Per una cultura che nasce dalla Rivelazione cristiana in conformit\u00e0 alla tradizione e al Magistero della Chiesa in opposizione ad ogni relativismo e totalitarismo\",\"publisher\":{\"@id\":\"https:\\\/\\\/www.rassegnastampa-totustuus.it\\\/cattolica\\\/#organization\"},\"alternateName\":\"Rass. Cattolica\",\"potentialAction\":[{\"@type\":\"SearchAction\",\"target\":{\"@type\":\"EntryPoint\",\"urlTemplate\":\"https:\\\/\\\/www.rassegnastampa-totustuus.it\\\/cattolica\\\/?s={search_term_string}\"},\"query-input\":{\"@type\":\"PropertyValueSpecification\",\"valueRequired\":true,\"valueName\":\"search_term_string\"}}],\"inLanguage\":\"it-IT\"},{\"@type\":\"Organization\",\"@id\":\"https:\\\/\\\/www.rassegnastampa-totustuus.it\\\/cattolica\\\/#organization\",\"name\":\"Rassegna Stampa Cattolica\",\"url\":\"https:\\\/\\\/www.rassegnastampa-totustuus.it\\\/cattolica\\\/\",\"logo\":{\"@type\":\"ImageObject\",\"inLanguage\":\"it-IT\",\"@id\":\"https:\\\/\\\/www.rassegnastampa-totustuus.it\\\/cattolica\\\/#\\\/schema\\\/logo\\\/image\\\/\",\"url\":\"https:\\\/\\\/www.rassegnastampa-totustuus.it\\\/cattolica\\\/wp-content\\\/uploads\\\/2014\\\/04\\\/logo-rassegna1.gif\",\"contentUrl\":\"https:\\\/\\\/www.rassegnastampa-totustuus.it\\\/cattolica\\\/wp-content\\\/uploads\\\/2014\\\/04\\\/logo-rassegna1.gif\",\"width\":600,\"height\":163,\"caption\":\"Rassegna Stampa Cattolica\"},\"image\":{\"@id\":\"https:\\\/\\\/www.rassegnastampa-totustuus.it\\\/cattolica\\\/#\\\/schema\\\/logo\\\/image\\\/\"},\"sameAs\":[\"https:\\\/\\\/www.facebook.com\\\/rassegnastampacattolica\",\"https:\\\/\\\/x.com\\\/rassegnastampa9\"]},{\"@type\":\"Person\",\"@id\":\"https:\\\/\\\/www.rassegnastampa-totustuus.it\\\/cattolica\\\/#\\\/schema\\\/person\\\/08f319d2bd1a0904ad9e2bfb7b15e5c3\",\"name\":\"Redazione\",\"image\":{\"@type\":\"ImageObject\",\"inLanguage\":\"it-IT\",\"@id\":\"https:\\\/\\\/secure.gravatar.com\\\/avatar\\\/2fcdf27c78ea025fbdb44e914cc63c72249ffec9dc8aafd5c82b26240ef3f346?s=96&d=mm&r=g\",\"url\":\"https:\\\/\\\/secure.gravatar.com\\\/avatar\\\/2fcdf27c78ea025fbdb44e914cc63c72249ffec9dc8aafd5c82b26240ef3f346?s=96&d=mm&r=g\",\"contentUrl\":\"https:\\\/\\\/secure.gravatar.com\\\/avatar\\\/2fcdf27c78ea025fbdb44e914cc63c72249ffec9dc8aafd5c82b26240ef3f346?s=96&d=mm&r=g\",\"caption\":\"Redazione\"},\"url\":\"https:\\\/\\\/www.rassegnastampa-totustuus.it\\\/cattolica\\\/author\\\/pietroelle\\\/\"}]}<\/script>\n<!-- \/ Yoast SEO plugin. -->","yoast_head_json":{"title":"L'energia eolica non \u00e8 ecologica - Rassegna Stampa Cattolica","description":"L'energia eolica non \u00e8 ecologica; per costruire le turbine occorrono materiali la cui lavorazione ed estrazione \u00e8 estremamente inquinante","robots":{"index":"index","follow":"follow","max-snippet":"max-snippet:-1","max-image-preview":"max-image-preview:large","max-video-preview":"max-video-preview:-1"},"canonical":"https:\/\/www.rassegnastampa-totustuus.it\/cattolica\/lenergia-eolica-non-e-ecologica\/","og_locale":"it_IT","og_type":"article","og_title":"L'energia eolica non \u00e8 ecologica - Rassegna Stampa Cattolica","og_description":"L'energia eolica non \u00e8 ecologica; per costruire le turbine occorrono materiali la cui lavorazione ed estrazione \u00e8 estremamente inquinante","og_url":"https:\/\/www.rassegnastampa-totustuus.it\/cattolica\/lenergia-eolica-non-e-ecologica\/","og_site_name":"Rassegna Stampa Cattolica","article_publisher":"https:\/\/www.facebook.com\/rassegnastampacattolica","article_published_time":"2023-05-10T22:00:00+00:00","article_modified_time":"2023-12-25T14:29:55+00:00","og_image":[{"width":283,"height":178,"url":"https:\/\/www.rassegnastampa-totustuus.it\/cattolica\/wp-content\/uploads\/2020\/02\/ambiente_energia_eolico.jpg","type":"image\/jpeg"}],"author":"Redazione","twitter_card":"summary_large_image","twitter_creator":"@rassegnastampa9","twitter_site":"@rassegnastampa9","twitter_misc":{"Scritto da":"Redazione","Tempo di lettura stimato":"6 minuti"},"schema":{"@context":"https:\/\/schema.org","@graph":[{"@type":"Article","@id":"https:\/\/www.rassegnastampa-totustuus.it\/cattolica\/lenergia-eolica-non-e-ecologica\/#article","isPartOf":{"@id":"https:\/\/www.rassegnastampa-totustuus.it\/cattolica\/lenergia-eolica-non-e-ecologica\/"},"author":{"name":"Redazione","@id":"https:\/\/www.rassegnastampa-totustuus.it\/cattolica\/#\/schema\/person\/08f319d2bd1a0904ad9e2bfb7b15e5c3"},"headline":"L&#8217;energia eolica non \u00e8 ecologica","datePublished":"2023-05-10T22:00:00+00:00","dateModified":"2023-12-25T14:29:55+00:00","mainEntityOfPage":{"@id":"https:\/\/www.rassegnastampa-totustuus.it\/cattolica\/lenergia-eolica-non-e-ecologica\/"},"wordCount":927,"publisher":{"@id":"https:\/\/www.rassegnastampa-totustuus.it\/cattolica\/#organization"},"image":{"@id":"https:\/\/www.rassegnastampa-totustuus.it\/cattolica\/lenergia-eolica-non-e-ecologica\/#primaryimage"},"thumbnailUrl":"https:\/\/www.rassegnastampa-totustuus.it\/cattolica\/wp-content\/uploads\/2020\/02\/ambiente_energia_eolico.jpg","keywords":["Ambientalismo","Cina","energia eolica"],"articleSection":["Ambientalismo"],"inLanguage":"it-IT"},{"@type":"WebPage","@id":"https:\/\/www.rassegnastampa-totustuus.it\/cattolica\/lenergia-eolica-non-e-ecologica\/","url":"https:\/\/www.rassegnastampa-totustuus.it\/cattolica\/lenergia-eolica-non-e-ecologica\/","name":"L'energia eolica non \u00e8 ecologica - Rassegna Stampa Cattolica","isPartOf":{"@id":"https:\/\/www.rassegnastampa-totustuus.it\/cattolica\/#website"},"primaryImageOfPage":{"@id":"https:\/\/www.rassegnastampa-totustuus.it\/cattolica\/lenergia-eolica-non-e-ecologica\/#primaryimage"},"image":{"@id":"https:\/\/www.rassegnastampa-totustuus.it\/cattolica\/lenergia-eolica-non-e-ecologica\/#primaryimage"},"thumbnailUrl":"https:\/\/www.rassegnastampa-totustuus.it\/cattolica\/wp-content\/uploads\/2020\/02\/ambiente_energia_eolico.jpg","datePublished":"2023-05-10T22:00:00+00:00","dateModified":"2023-12-25T14:29:55+00:00","description":"L'energia eolica non \u00e8 ecologica; per costruire le turbine occorrono materiali la cui lavorazione ed estrazione \u00e8 estremamente inquinante","breadcrumb":{"@id":"https:\/\/www.rassegnastampa-totustuus.it\/cattolica\/lenergia-eolica-non-e-ecologica\/#breadcrumb"},"inLanguage":"it-IT","potentialAction":[{"@type":"ReadAction","target":["https:\/\/www.rassegnastampa-totustuus.it\/cattolica\/lenergia-eolica-non-e-ecologica\/"]}]},{"@type":"ImageObject","inLanguage":"it-IT","@id":"https:\/\/www.rassegnastampa-totustuus.it\/cattolica\/lenergia-eolica-non-e-ecologica\/#primaryimage","url":"https:\/\/www.rassegnastampa-totustuus.it\/cattolica\/wp-content\/uploads\/2020\/02\/ambiente_energia_eolico.jpg","contentUrl":"https:\/\/www.rassegnastampa-totustuus.it\/cattolica\/wp-content\/uploads\/2020\/02\/ambiente_energia_eolico.jpg","width":283,"height":178,"caption":"La Net Zero dell'Unione europea \u00e8 una follia"},{"@type":"BreadcrumbList","@id":"https:\/\/www.rassegnastampa-totustuus.it\/cattolica\/lenergia-eolica-non-e-ecologica\/#breadcrumb","itemListElement":[{"@type":"ListItem","position":1,"name":"Home","item":"https:\/\/www.rassegnastampa-totustuus.it\/cattolica\/"},{"@type":"ListItem","position":2,"name":"L&#8217;energia eolica non \u00e8 ecologica"}]},{"@type":"WebSite","@id":"https:\/\/www.rassegnastampa-totustuus.it\/cattolica\/#website","url":"https:\/\/www.rassegnastampa-totustuus.it\/cattolica\/","name":"Rassegna Stampa Cattolica","description":"Per una cultura che nasce dalla Rivelazione cristiana in conformit\u00e0 alla tradizione e al Magistero della Chiesa in opposizione ad ogni relativismo e totalitarismo","publisher":{"@id":"https:\/\/www.rassegnastampa-totustuus.it\/cattolica\/#organization"},"alternateName":"Rass. Cattolica","potentialAction":[{"@type":"SearchAction","target":{"@type":"EntryPoint","urlTemplate":"https:\/\/www.rassegnastampa-totustuus.it\/cattolica\/?s={search_term_string}"},"query-input":{"@type":"PropertyValueSpecification","valueRequired":true,"valueName":"search_term_string"}}],"inLanguage":"it-IT"},{"@type":"Organization","@id":"https:\/\/www.rassegnastampa-totustuus.it\/cattolica\/#organization","name":"Rassegna Stampa Cattolica","url":"https:\/\/www.rassegnastampa-totustuus.it\/cattolica\/","logo":{"@type":"ImageObject","inLanguage":"it-IT","@id":"https:\/\/www.rassegnastampa-totustuus.it\/cattolica\/#\/schema\/logo\/image\/","url":"https:\/\/www.rassegnastampa-totustuus.it\/cattolica\/wp-content\/uploads\/2014\/04\/logo-rassegna1.gif","contentUrl":"https:\/\/www.rassegnastampa-totustuus.it\/cattolica\/wp-content\/uploads\/2014\/04\/logo-rassegna1.gif","width":600,"height":163,"caption":"Rassegna Stampa Cattolica"},"image":{"@id":"https:\/\/www.rassegnastampa-totustuus.it\/cattolica\/#\/schema\/logo\/image\/"},"sameAs":["https:\/\/www.facebook.com\/rassegnastampacattolica","https:\/\/x.com\/rassegnastampa9"]},{"@type":"Person","@id":"https:\/\/www.rassegnastampa-totustuus.it\/cattolica\/#\/schema\/person\/08f319d2bd1a0904ad9e2bfb7b15e5c3","name":"Redazione","image":{"@type":"ImageObject","inLanguage":"it-IT","@id":"https:\/\/secure.gravatar.com\/avatar\/2fcdf27c78ea025fbdb44e914cc63c72249ffec9dc8aafd5c82b26240ef3f346?s=96&d=mm&r=g","url":"https:\/\/secure.gravatar.com\/avatar\/2fcdf27c78ea025fbdb44e914cc63c72249ffec9dc8aafd5c82b26240ef3f346?s=96&d=mm&r=g","contentUrl":"https:\/\/secure.gravatar.com\/avatar\/2fcdf27c78ea025fbdb44e914cc63c72249ffec9dc8aafd5c82b26240ef3f346?s=96&d=mm&r=g","caption":"Redazione"},"url":"https:\/\/www.rassegnastampa-totustuus.it\/cattolica\/author\/pietroelle\/"}]}},"_links":{"self":[{"href":"https:\/\/www.rassegnastampa-totustuus.it\/cattolica\/wp-json\/wp\/v2\/posts\/56328","targetHints":{"allow":["GET"]}}],"collection":[{"href":"https:\/\/www.rassegnastampa-totustuus.it\/cattolica\/wp-json\/wp\/v2\/posts"}],"about":[{"href":"https:\/\/www.rassegnastampa-totustuus.it\/cattolica\/wp-json\/wp\/v2\/types\/post"}],"author":[{"embeddable":true,"href":"https:\/\/www.rassegnastampa-totustuus.it\/cattolica\/wp-json\/wp\/v2\/users\/6"}],"replies":[{"embeddable":true,"href":"https:\/\/www.rassegnastampa-totustuus.it\/cattolica\/wp-json\/wp\/v2\/comments?post=56328"}],"version-history":[{"count":3,"href":"https:\/\/www.rassegnastampa-totustuus.it\/cattolica\/wp-json\/wp\/v2\/posts\/56328\/revisions"}],"predecessor-version":[{"id":58390,"href":"https:\/\/www.rassegnastampa-totustuus.it\/cattolica\/wp-json\/wp\/v2\/posts\/56328\/revisions\/58390"}],"wp:featuredmedia":[{"embeddable":true,"href":"https:\/\/www.rassegnastampa-totustuus.it\/cattolica\/wp-json\/wp\/v2\/media\/46472"}],"wp:attachment":[{"href":"https:\/\/www.rassegnastampa-totustuus.it\/cattolica\/wp-json\/wp\/v2\/media?parent=56328"}],"wp:term":[{"taxonomy":"category","embeddable":true,"href":"https:\/\/www.rassegnastampa-totustuus.it\/cattolica\/wp-json\/wp\/v2\/categories?post=56328"},{"taxonomy":"post_tag","embeddable":true,"href":"https:\/\/www.rassegnastampa-totustuus.it\/cattolica\/wp-json\/wp\/v2\/tags?post=56328"}],"curies":[{"name":"wp","href":"https:\/\/api.w.org\/{rel}","templated":true}]}}