{"id":5632,"date":"2013-06-27T00:00:00","date_gmt":"2013-06-26T22:00:00","guid":{"rendered":""},"modified":"2015-11-17T15:18:14","modified_gmt":"2015-11-17T14:18:14","slug":"vita-e-famiglia-il-tradimento-dei-cattolici","status":"publish","type":"post","link":"https:\/\/www.rassegnastampa-totustuus.it\/cattolica\/vita-e-famiglia-il-tradimento-dei-cattolici\/","title":{"rendered":"Vita e famiglia, il &quot;tradimento&quot; dei cattolici"},"content":{"rendered":"<div style=\"text-align: center;\"><strong><a href=\"https:\/\/www.rassegnastampa-totustuus.it\/cattolica\/wp-content\/uploads\/2013\/06\/aborto_campagna.jpg\"><img loading=\"lazy\" decoding=\"async\" class=\"alignright wp-image-27777\" src=\"https:\/\/www.rassegnastampa-totustuus.it\/cattolica\/wp-content\/uploads\/2013\/06\/aborto_campagna.jpg\" alt=\"aborto_campagna\" width=\"250\" height=\"183\" \/><\/a>La nuova Bussola Quotidiana<\/strong>,<\/div>\n<div style=\"text-align: center;\">16 giugno 2013<\/div>\n<p style=\"text-align: center;\">di <strong>Massimo Introvigne<\/strong><\/p>\n<p style=\"text-align: justify;\">Sabato 15 giugno si sono aperte a Roma le manifestazioni per la \u00abGiornata dell&#8217;Evangelium Vitae\u00bb. In attesa della Messa del Papa di domenica, la giornata di sabato ha offerto numerosi momenti di preghiera e di penitenza &#8211; perch\u00e9 per i peccati contro la vita occorre anzitutto fare penitenza -, una catechesi in italiano del cardinale Camillo Ruini e un convegno in lingua inglese alla Pontificia Universit\u00e0 Urbaniana aperto dal cardinale americano Raymond Leo Burke.<\/p>\n<p><!--more--><\/p>\n<div style=\"text-align: justify;\">Personalmente ho seguito il convegno dell&#8217;Urbaniana, e della bella relazione del cardinale Burke ho apprezzato soprattutto un passaggio, del resto consonante con quanto ha detto anche il cardinale Ruini. Burke ha denunciato la lobby multi-miliardaria che con una potenza di fuoco inaudita conduce la sua battaglia per la \u00abcultura anticoncezionale\u00bb, per l&#8217;aborto e contro la famiglia. Non ha nominato esplicitamente Bill e Melinda Gates, che di questa battaglia contro la vita sono oggi i primi finanziatori, ma \u00e8 come se l&#8217;avesse fatto. \u00c8 vero: \u00e8 grazie a questo immenso fluire di soldi che la propaganda anticoncezionale, abortista e omosessualista ci martella tutti i giorni, anche tramite i film, la televisione, e romanzi come \u00abInferno\u00bb di Dan Brown, che \u00e8 un manifesto per il controllo delle nascite con tutti i mezzi.<\/div>\n<p style=\"text-align: justify;\"><strong>Ma il cardinale Burke \u00e8 andato oltre, chiedendosi: perch\u00e9 queste campagne hanno successo?<\/strong> Dopo tutto, per quanto denaro si spenda, si tratta di vendere la morte, il che non dovrebbe poi essere cos\u00ec facile. Citando il beato Giovanni Paolo II (1920-2005), il porporato americano ha suggerito che la cultura della morte vince non solo per l&#8217;aggressivit\u00e0 dei nemici della verit\u00e0 naturale e cristiana ma anche per la confusione dottrinale che regna tra le fila dei cattolici. <em>\u00abLa nuova Bussola Quotidiana<\/em>\u00bb documenta questa confusione tutti i giorni. Il cardinale ha ragione: ci sono tanti cattolici &#8211; compreso qualche vescovo &#8211; che tradiscono il Catechismo e il Magistero con sconcertanti aperture su anticoncezionali, aborto, eutanasia e unioni omosessuali. E ha fatto molto bene Burke ha ricordare come tutto \u00e8 cominciato nel 1968 con la contestazione di tanti teologi contro l&#8217;enciclica \u00abHumanae vitae\u00bb del servo di Dio Paolo VI (1897-1978). Quella degli anticoncezionali, ha detto Burke, non \u00e8 una questione secondaria: il cattolico che cede sugli anticoncezionali \u00e8 gi\u00e0 pronto a cedere su tutto il resto.<\/p>\n<p style=\"text-align: justify;\"><strong>Appena accennato nel discorso di Burke \u00e8 un secondo punto, che a me sembra decisivo.<\/strong> La cultura della morte vince non solo perch\u00e9 un certo numero di cattolici tradisce la verit\u00e0 sul terreno della morale. Vince perch\u00e9 milioni di cattolici, che sul piano dottrinale si dicono fedeli al Catechismo, sul piano della teologia e della visione della storia, quindi sul piano psicologico, sono stati fatti prigionieri dalla dittatura del relativismo. Il problema, su cui dobbiamo molto riflettere, \u00e8 che tantissimi cattolici accettano, silenziosamente, la tesi della\u00a0 presunta \u00abirreversibilit\u00e0\u00bb delle \u00abconquiste\u00bb rivoluzionarie. Pensano che \u00abnon si possa pi\u00f9 tornare indietro\u00bb perch\u00e9 certi processi sono irreversibili. Questa idea della irreversibilit\u00e0 ha convinto non solo teologi e vescovi progressisti ma anche tanti conservatori, tanti dirigenti cattolici e sacerdoti che non negano le verit\u00e0 morali del Catechismo.<\/p>\n<p style=\"text-align: justify;\"><strong>Si sono convinti che la storia avanzi in modo lineare, che la rivoluzione<\/strong> contro la castit\u00e0, l\u2019aborto, il matrimonio omosessuale, l\u2019eutanasia \u2013 domani l\u2019\u00ababorto post-natale\u00bb cio\u00e8 l&#8217;infanticidio, l&#8217;assassinio dopo la nascita dei bambini malati e indesiderati, la prossima frontiera della cultura della morte, della cui sinistra avanzata ha fatto stato all&#8217;Urbaniana il filosofo Francis Beckwith\u00a0 \u2013 sia il risultato di processi \u00abirreversibili\u00bb. Si pensa che il treno sia partito e avanzi in modo lineare. Al massimo \u2013 com\u2019\u00e8 accaduto negli anni scorsi in Italia sul tema delle unioni omosessuali \u2013 il treno pu\u00f2 essere fermato in stazione per un po\u2019, ma poi inesorabilmente riprende la sua marcia.<\/p>\n<p style=\"text-align: justify;\"><strong>Anche molti \u00abbuoni\u00bb che si oppongono al matrimonio omosessuale<\/strong> e ad altri frutti della cultura della morte sono convinti di stare combattendo una battaglia di retroguardia, di battersi per onore di firma, ma senza possibilit\u00e0 di vincere, perch\u00e9 il \u00absenso della storia\u00bb \u00e8 un altro. Tutti sono \u2013 in una certa misura, tutti siamo \u2013 vittima del mito del progresso e dell\u2019idea illuminista della storia lineare, i quali sono pilastri della visione del mondo relativista per cui la verit\u00e0 non \u00e8 mai assoluta ma \u00e8 sempre figlia del tempo. O ci liberiamo di questa superstizione, che la dittatura del relativismo ci martella nella testa e nel cuore tutti i giorni dell&#8217;anno, o la battaglia per la vita e la famiglia \u00e8 gi\u00e0 finita, l&#8217;abbiamo gi\u00e0 persa e arriveranno dovunque i matrimoni omosessuali, l&#8217;eutanasia\u00a0 e alla fine anche l&#8217;\u00ababorto post-natale\u00bb.<\/p>\n<p style=\"text-align: justify;\"><strong>Dobbiamo denunciare il fatto che quali elementi costituiscano il \u00abprogresso\u00bb<\/strong> non \u00e8 di per s\u00e9 evidente ed \u00e8 deciso dai poteri forti, che poi impongono le loro decisioni a tutti. Rimontare sull\u2019idea dei processi \u00abirreversibili\u00bb \u00e8 difficile, perch\u00e9 le battaglie perse si sono accumulate. Eppure la storia non ha nessun senso umano predeterminato e necessario, le battaglie le vincono e le perdono gli uomini, e per il cristiano nessuna vittoria del male \u00e8 \u00abirreversibile\u00bb. Anche il nazismo e il comunismo sovietico sembravano invincibili e \u00abirreversibili\u00bb ma sono caduti.<\/p>\n<p style=\"text-align: justify;\"><strong>Ultimamente, credere che il male sia irreversibile e invincibile \u00e8 parte<\/strong> di quella disperazione storica che, come ci insegna quasi tutti i giorni Papa Francesco, viene dal diavolo. Ma anche il diavolo non \u00e8 invincibile, anzi \u00e8 gi\u00e0 sconfitto dal Signore Ges\u00f9. Di pi\u00f9: a rigore non esiste nessun senso della storia al di fuori della vittoria del Signore sul male, sulla morte e sul diavolo. Partecipare a questo unico vero senso della storia, a questa vittoria antica e sempre nuova del Signore, richiede per\u00f2 che ci liberiamo dalla superstizione del mito del progresso: una liberazione che possiamo conquistare solo nello studio, nella meditazione e nella preghiera.<\/p>\n","protected":false},"excerpt":{"rendered":"<p>La nuova Bussola Quotidiana, 16 giugno 2013 di Massimo Introvigne Sabato 15 giugno si sono aperte a Roma le manifestazioni per la \u00abGiornata dell&#8217;Evangelium Vitae\u00bb. In attesa della Messa del Papa di domenica, la giornata di sabato ha offerto numerosi momenti di preghiera e di penitenza &#8211; perch\u00e9 per i peccati contro la vita occorre &hellip; <\/p>\n<p><a class=\"more-link btn\" href=\"https:\/\/www.rassegnastampa-totustuus.it\/cattolica\/vita-e-famiglia-il-tradimento-dei-cattolici\/\">Continua a leggere<\/a><\/p>\n","protected":false},"author":6,"featured_media":27777,"comment_status":"closed","ping_status":"open","sticky":false,"template":"","format":"standard","meta":{"footnotes":""},"categories":[5,15],"tags":[2198,292],"class_list":["post-5632","post","type-post","status-publish","format-standard","has-post-thumbnail","hentry","category-chiesa","category-famiglia","tag-morale-cristiana","tag-vita","item-wrap"],"yoast_head":"<!-- This site is optimized with the Yoast SEO plugin v27.5 - https:\/\/yoast.com\/product\/yoast-seo-wordpress\/ -->\n<title>Vita e famiglia, il &quot;tradimento&quot; dei cattolici - Rassegna Stampa Cattolica<\/title>\n<meta name=\"description\" content=\"Rassegna Stampa Cattolica - Per una cultura che nasce dalla Rivelazione cristiana in conformit\u00e0 alla tradizione e al Magistero della Chiesa in opposizione ad ogni relativismo e totalitarismo\" \/>\n<meta name=\"robots\" content=\"index, follow, max-snippet:-1, max-image-preview:large, max-video-preview:-1\" \/>\n<link rel=\"canonical\" href=\"https:\/\/www.rassegnastampa-totustuus.it\/cattolica\/vita-e-famiglia-il-tradimento-dei-cattolici\/\" \/>\n<meta property=\"og:locale\" content=\"it_IT\" \/>\n<meta property=\"og:type\" content=\"article\" \/>\n<meta property=\"og:title\" content=\"Vita e famiglia, il &quot;tradimento&quot; dei cattolici - Rassegna Stampa Cattolica\" \/>\n<meta property=\"og:description\" content=\"Rassegna Stampa Cattolica - Per una cultura che nasce dalla Rivelazione cristiana in conformit\u00e0 alla tradizione e al Magistero della Chiesa in opposizione ad ogni relativismo e totalitarismo\" \/>\n<meta property=\"og:url\" content=\"https:\/\/www.rassegnastampa-totustuus.it\/cattolica\/vita-e-famiglia-il-tradimento-dei-cattolici\/\" \/>\n<meta property=\"og:site_name\" content=\"Rassegna Stampa Cattolica\" \/>\n<meta property=\"article:publisher\" content=\"https:\/\/www.facebook.com\/rassegnastampacattolica\" \/>\n<meta property=\"article:published_time\" content=\"2013-06-26T22:00:00+00:00\" \/>\n<meta property=\"article:modified_time\" content=\"2015-11-17T14:18:14+00:00\" \/>\n<meta property=\"og:image\" content=\"https:\/\/www.rassegnastampa-totustuus.it\/cattolica\/wp-content\/uploads\/2013\/06\/aborto_campagna.jpg\" \/>\n\t<meta property=\"og:image:width\" content=\"263\" \/>\n\t<meta property=\"og:image:height\" content=\"192\" \/>\n\t<meta property=\"og:image:type\" content=\"image\/jpeg\" \/>\n<meta name=\"author\" content=\"Redazione\" \/>\n<meta name=\"twitter:card\" content=\"summary_large_image\" \/>\n<meta name=\"twitter:creator\" content=\"@rassegnastampa9\" \/>\n<meta name=\"twitter:site\" content=\"@rassegnastampa9\" \/>\n<meta name=\"twitter:label1\" content=\"Scritto da\" \/>\n\t<meta name=\"twitter:data1\" content=\"Redazione\" \/>\n\t<meta name=\"twitter:label2\" content=\"Tempo di lettura stimato\" \/>\n\t<meta name=\"twitter:data2\" content=\"5 minuti\" \/>\n<script type=\"application\/ld+json\" class=\"yoast-schema-graph\">{\"@context\":\"https:\\\/\\\/schema.org\",\"@graph\":[{\"@type\":\"Article\",\"@id\":\"https:\\\/\\\/www.rassegnastampa-totustuus.it\\\/cattolica\\\/vita-e-famiglia-il-tradimento-dei-cattolici\\\/#article\",\"isPartOf\":{\"@id\":\"https:\\\/\\\/www.rassegnastampa-totustuus.it\\\/cattolica\\\/vita-e-famiglia-il-tradimento-dei-cattolici\\\/\"},\"author\":{\"name\":\"Redazione\",\"@id\":\"https:\\\/\\\/www.rassegnastampa-totustuus.it\\\/cattolica\\\/#\\\/schema\\\/person\\\/08f319d2bd1a0904ad9e2bfb7b15e5c3\"},\"headline\":\"Vita e famiglia, il &quot;tradimento&quot; dei cattolici\",\"datePublished\":\"2013-06-26T22:00:00+00:00\",\"dateModified\":\"2015-11-17T14:18:14+00:00\",\"mainEntityOfPage\":{\"@id\":\"https:\\\/\\\/www.rassegnastampa-totustuus.it\\\/cattolica\\\/vita-e-famiglia-il-tradimento-dei-cattolici\\\/\"},\"wordCount\":957,\"publisher\":{\"@id\":\"https:\\\/\\\/www.rassegnastampa-totustuus.it\\\/cattolica\\\/#organization\"},\"image\":{\"@id\":\"https:\\\/\\\/www.rassegnastampa-totustuus.it\\\/cattolica\\\/vita-e-famiglia-il-tradimento-dei-cattolici\\\/#primaryimage\"},\"thumbnailUrl\":\"https:\\\/\\\/www.rassegnastampa-totustuus.it\\\/cattolica\\\/wp-content\\\/uploads\\\/2013\\\/06\\\/aborto_campagna.jpg\",\"keywords\":[\"morale cristiana\",\"vita\"],\"articleSection\":[\"Chiesa\",\"Famiglia\"],\"inLanguage\":\"it-IT\"},{\"@type\":\"WebPage\",\"@id\":\"https:\\\/\\\/www.rassegnastampa-totustuus.it\\\/cattolica\\\/vita-e-famiglia-il-tradimento-dei-cattolici\\\/\",\"url\":\"https:\\\/\\\/www.rassegnastampa-totustuus.it\\\/cattolica\\\/vita-e-famiglia-il-tradimento-dei-cattolici\\\/\",\"name\":\"Vita e famiglia, il &quot;tradimento&quot; dei cattolici - Rassegna Stampa Cattolica\",\"isPartOf\":{\"@id\":\"https:\\\/\\\/www.rassegnastampa-totustuus.it\\\/cattolica\\\/#website\"},\"primaryImageOfPage\":{\"@id\":\"https:\\\/\\\/www.rassegnastampa-totustuus.it\\\/cattolica\\\/vita-e-famiglia-il-tradimento-dei-cattolici\\\/#primaryimage\"},\"image\":{\"@id\":\"https:\\\/\\\/www.rassegnastampa-totustuus.it\\\/cattolica\\\/vita-e-famiglia-il-tradimento-dei-cattolici\\\/#primaryimage\"},\"thumbnailUrl\":\"https:\\\/\\\/www.rassegnastampa-totustuus.it\\\/cattolica\\\/wp-content\\\/uploads\\\/2013\\\/06\\\/aborto_campagna.jpg\",\"datePublished\":\"2013-06-26T22:00:00+00:00\",\"dateModified\":\"2015-11-17T14:18:14+00:00\",\"description\":\"Rassegna Stampa Cattolica - Per una cultura che nasce dalla Rivelazione cristiana in conformit\u00e0 alla tradizione e al Magistero della Chiesa in opposizione ad ogni relativismo e totalitarismo\",\"breadcrumb\":{\"@id\":\"https:\\\/\\\/www.rassegnastampa-totustuus.it\\\/cattolica\\\/vita-e-famiglia-il-tradimento-dei-cattolici\\\/#breadcrumb\"},\"inLanguage\":\"it-IT\",\"potentialAction\":[{\"@type\":\"ReadAction\",\"target\":[\"https:\\\/\\\/www.rassegnastampa-totustuus.it\\\/cattolica\\\/vita-e-famiglia-il-tradimento-dei-cattolici\\\/\"]}]},{\"@type\":\"ImageObject\",\"inLanguage\":\"it-IT\",\"@id\":\"https:\\\/\\\/www.rassegnastampa-totustuus.it\\\/cattolica\\\/vita-e-famiglia-il-tradimento-dei-cattolici\\\/#primaryimage\",\"url\":\"https:\\\/\\\/www.rassegnastampa-totustuus.it\\\/cattolica\\\/wp-content\\\/uploads\\\/2013\\\/06\\\/aborto_campagna.jpg\",\"contentUrl\":\"https:\\\/\\\/www.rassegnastampa-totustuus.it\\\/cattolica\\\/wp-content\\\/uploads\\\/2013\\\/06\\\/aborto_campagna.jpg\",\"width\":263,\"height\":192},{\"@type\":\"BreadcrumbList\",\"@id\":\"https:\\\/\\\/www.rassegnastampa-totustuus.it\\\/cattolica\\\/vita-e-famiglia-il-tradimento-dei-cattolici\\\/#breadcrumb\",\"itemListElement\":[{\"@type\":\"ListItem\",\"position\":1,\"name\":\"Home\",\"item\":\"https:\\\/\\\/www.rassegnastampa-totustuus.it\\\/cattolica\\\/\"},{\"@type\":\"ListItem\",\"position\":2,\"name\":\"Vita e famiglia, il &quot;tradimento&quot; dei cattolici\"}]},{\"@type\":\"WebSite\",\"@id\":\"https:\\\/\\\/www.rassegnastampa-totustuus.it\\\/cattolica\\\/#website\",\"url\":\"https:\\\/\\\/www.rassegnastampa-totustuus.it\\\/cattolica\\\/\",\"name\":\"Rassegna Stampa Cattolica\",\"description\":\"Per una cultura che nasce dalla Rivelazione cristiana in conformit\u00e0 alla tradizione e al Magistero della Chiesa in opposizione ad ogni relativismo e totalitarismo\",\"publisher\":{\"@id\":\"https:\\\/\\\/www.rassegnastampa-totustuus.it\\\/cattolica\\\/#organization\"},\"alternateName\":\"Rass. Cattolica\",\"potentialAction\":[{\"@type\":\"SearchAction\",\"target\":{\"@type\":\"EntryPoint\",\"urlTemplate\":\"https:\\\/\\\/www.rassegnastampa-totustuus.it\\\/cattolica\\\/?s={search_term_string}\"},\"query-input\":{\"@type\":\"PropertyValueSpecification\",\"valueRequired\":true,\"valueName\":\"search_term_string\"}}],\"inLanguage\":\"it-IT\"},{\"@type\":\"Organization\",\"@id\":\"https:\\\/\\\/www.rassegnastampa-totustuus.it\\\/cattolica\\\/#organization\",\"name\":\"Rassegna Stampa Cattolica\",\"url\":\"https:\\\/\\\/www.rassegnastampa-totustuus.it\\\/cattolica\\\/\",\"logo\":{\"@type\":\"ImageObject\",\"inLanguage\":\"it-IT\",\"@id\":\"https:\\\/\\\/www.rassegnastampa-totustuus.it\\\/cattolica\\\/#\\\/schema\\\/logo\\\/image\\\/\",\"url\":\"https:\\\/\\\/www.rassegnastampa-totustuus.it\\\/cattolica\\\/wp-content\\\/uploads\\\/2014\\\/04\\\/logo-rassegna1.gif\",\"contentUrl\":\"https:\\\/\\\/www.rassegnastampa-totustuus.it\\\/cattolica\\\/wp-content\\\/uploads\\\/2014\\\/04\\\/logo-rassegna1.gif\",\"width\":600,\"height\":163,\"caption\":\"Rassegna Stampa Cattolica\"},\"image\":{\"@id\":\"https:\\\/\\\/www.rassegnastampa-totustuus.it\\\/cattolica\\\/#\\\/schema\\\/logo\\\/image\\\/\"},\"sameAs\":[\"https:\\\/\\\/www.facebook.com\\\/rassegnastampacattolica\",\"https:\\\/\\\/x.com\\\/rassegnastampa9\"]},{\"@type\":\"Person\",\"@id\":\"https:\\\/\\\/www.rassegnastampa-totustuus.it\\\/cattolica\\\/#\\\/schema\\\/person\\\/08f319d2bd1a0904ad9e2bfb7b15e5c3\",\"name\":\"Redazione\",\"image\":{\"@type\":\"ImageObject\",\"inLanguage\":\"it-IT\",\"@id\":\"https:\\\/\\\/secure.gravatar.com\\\/avatar\\\/2fcdf27c78ea025fbdb44e914cc63c72249ffec9dc8aafd5c82b26240ef3f346?s=96&d=mm&r=g\",\"url\":\"https:\\\/\\\/secure.gravatar.com\\\/avatar\\\/2fcdf27c78ea025fbdb44e914cc63c72249ffec9dc8aafd5c82b26240ef3f346?s=96&d=mm&r=g\",\"contentUrl\":\"https:\\\/\\\/secure.gravatar.com\\\/avatar\\\/2fcdf27c78ea025fbdb44e914cc63c72249ffec9dc8aafd5c82b26240ef3f346?s=96&d=mm&r=g\",\"caption\":\"Redazione\"},\"url\":\"https:\\\/\\\/www.rassegnastampa-totustuus.it\\\/cattolica\\\/author\\\/pietroelle\\\/\"}]}<\/script>\n<!-- \/ Yoast SEO plugin. -->","yoast_head_json":{"title":"Vita e famiglia, il &quot;tradimento&quot; dei cattolici - Rassegna Stampa Cattolica","description":"Rassegna Stampa Cattolica - Per una cultura che nasce dalla Rivelazione cristiana in conformit\u00e0 alla tradizione e al Magistero della Chiesa in opposizione ad ogni relativismo e totalitarismo","robots":{"index":"index","follow":"follow","max-snippet":"max-snippet:-1","max-image-preview":"max-image-preview:large","max-video-preview":"max-video-preview:-1"},"canonical":"https:\/\/www.rassegnastampa-totustuus.it\/cattolica\/vita-e-famiglia-il-tradimento-dei-cattolici\/","og_locale":"it_IT","og_type":"article","og_title":"Vita e famiglia, il &quot;tradimento&quot; dei cattolici - Rassegna Stampa Cattolica","og_description":"Rassegna Stampa Cattolica - Per una cultura che nasce dalla Rivelazione cristiana in conformit\u00e0 alla tradizione e al Magistero della Chiesa in opposizione ad ogni relativismo e totalitarismo","og_url":"https:\/\/www.rassegnastampa-totustuus.it\/cattolica\/vita-e-famiglia-il-tradimento-dei-cattolici\/","og_site_name":"Rassegna Stampa Cattolica","article_publisher":"https:\/\/www.facebook.com\/rassegnastampacattolica","article_published_time":"2013-06-26T22:00:00+00:00","article_modified_time":"2015-11-17T14:18:14+00:00","og_image":[{"width":263,"height":192,"url":"https:\/\/www.rassegnastampa-totustuus.it\/cattolica\/wp-content\/uploads\/2013\/06\/aborto_campagna.jpg","type":"image\/jpeg"}],"author":"Redazione","twitter_card":"summary_large_image","twitter_creator":"@rassegnastampa9","twitter_site":"@rassegnastampa9","twitter_misc":{"Scritto da":"Redazione","Tempo di lettura stimato":"5 minuti"},"schema":{"@context":"https:\/\/schema.org","@graph":[{"@type":"Article","@id":"https:\/\/www.rassegnastampa-totustuus.it\/cattolica\/vita-e-famiglia-il-tradimento-dei-cattolici\/#article","isPartOf":{"@id":"https:\/\/www.rassegnastampa-totustuus.it\/cattolica\/vita-e-famiglia-il-tradimento-dei-cattolici\/"},"author":{"name":"Redazione","@id":"https:\/\/www.rassegnastampa-totustuus.it\/cattolica\/#\/schema\/person\/08f319d2bd1a0904ad9e2bfb7b15e5c3"},"headline":"Vita e famiglia, il &quot;tradimento&quot; dei cattolici","datePublished":"2013-06-26T22:00:00+00:00","dateModified":"2015-11-17T14:18:14+00:00","mainEntityOfPage":{"@id":"https:\/\/www.rassegnastampa-totustuus.it\/cattolica\/vita-e-famiglia-il-tradimento-dei-cattolici\/"},"wordCount":957,"publisher":{"@id":"https:\/\/www.rassegnastampa-totustuus.it\/cattolica\/#organization"},"image":{"@id":"https:\/\/www.rassegnastampa-totustuus.it\/cattolica\/vita-e-famiglia-il-tradimento-dei-cattolici\/#primaryimage"},"thumbnailUrl":"https:\/\/www.rassegnastampa-totustuus.it\/cattolica\/wp-content\/uploads\/2013\/06\/aborto_campagna.jpg","keywords":["morale cristiana","vita"],"articleSection":["Chiesa","Famiglia"],"inLanguage":"it-IT"},{"@type":"WebPage","@id":"https:\/\/www.rassegnastampa-totustuus.it\/cattolica\/vita-e-famiglia-il-tradimento-dei-cattolici\/","url":"https:\/\/www.rassegnastampa-totustuus.it\/cattolica\/vita-e-famiglia-il-tradimento-dei-cattolici\/","name":"Vita e famiglia, il &quot;tradimento&quot; dei cattolici - Rassegna Stampa Cattolica","isPartOf":{"@id":"https:\/\/www.rassegnastampa-totustuus.it\/cattolica\/#website"},"primaryImageOfPage":{"@id":"https:\/\/www.rassegnastampa-totustuus.it\/cattolica\/vita-e-famiglia-il-tradimento-dei-cattolici\/#primaryimage"},"image":{"@id":"https:\/\/www.rassegnastampa-totustuus.it\/cattolica\/vita-e-famiglia-il-tradimento-dei-cattolici\/#primaryimage"},"thumbnailUrl":"https:\/\/www.rassegnastampa-totustuus.it\/cattolica\/wp-content\/uploads\/2013\/06\/aborto_campagna.jpg","datePublished":"2013-06-26T22:00:00+00:00","dateModified":"2015-11-17T14:18:14+00:00","description":"Rassegna Stampa Cattolica - Per una cultura che nasce dalla Rivelazione cristiana in conformit\u00e0 alla tradizione e al Magistero della Chiesa in opposizione ad ogni relativismo e totalitarismo","breadcrumb":{"@id":"https:\/\/www.rassegnastampa-totustuus.it\/cattolica\/vita-e-famiglia-il-tradimento-dei-cattolici\/#breadcrumb"},"inLanguage":"it-IT","potentialAction":[{"@type":"ReadAction","target":["https:\/\/www.rassegnastampa-totustuus.it\/cattolica\/vita-e-famiglia-il-tradimento-dei-cattolici\/"]}]},{"@type":"ImageObject","inLanguage":"it-IT","@id":"https:\/\/www.rassegnastampa-totustuus.it\/cattolica\/vita-e-famiglia-il-tradimento-dei-cattolici\/#primaryimage","url":"https:\/\/www.rassegnastampa-totustuus.it\/cattolica\/wp-content\/uploads\/2013\/06\/aborto_campagna.jpg","contentUrl":"https:\/\/www.rassegnastampa-totustuus.it\/cattolica\/wp-content\/uploads\/2013\/06\/aborto_campagna.jpg","width":263,"height":192},{"@type":"BreadcrumbList","@id":"https:\/\/www.rassegnastampa-totustuus.it\/cattolica\/vita-e-famiglia-il-tradimento-dei-cattolici\/#breadcrumb","itemListElement":[{"@type":"ListItem","position":1,"name":"Home","item":"https:\/\/www.rassegnastampa-totustuus.it\/cattolica\/"},{"@type":"ListItem","position":2,"name":"Vita e famiglia, il &quot;tradimento&quot; dei cattolici"}]},{"@type":"WebSite","@id":"https:\/\/www.rassegnastampa-totustuus.it\/cattolica\/#website","url":"https:\/\/www.rassegnastampa-totustuus.it\/cattolica\/","name":"Rassegna Stampa Cattolica","description":"Per una cultura che nasce dalla Rivelazione cristiana in conformit\u00e0 alla tradizione e al Magistero della Chiesa in opposizione ad ogni relativismo e totalitarismo","publisher":{"@id":"https:\/\/www.rassegnastampa-totustuus.it\/cattolica\/#organization"},"alternateName":"Rass. Cattolica","potentialAction":[{"@type":"SearchAction","target":{"@type":"EntryPoint","urlTemplate":"https:\/\/www.rassegnastampa-totustuus.it\/cattolica\/?s={search_term_string}"},"query-input":{"@type":"PropertyValueSpecification","valueRequired":true,"valueName":"search_term_string"}}],"inLanguage":"it-IT"},{"@type":"Organization","@id":"https:\/\/www.rassegnastampa-totustuus.it\/cattolica\/#organization","name":"Rassegna Stampa Cattolica","url":"https:\/\/www.rassegnastampa-totustuus.it\/cattolica\/","logo":{"@type":"ImageObject","inLanguage":"it-IT","@id":"https:\/\/www.rassegnastampa-totustuus.it\/cattolica\/#\/schema\/logo\/image\/","url":"https:\/\/www.rassegnastampa-totustuus.it\/cattolica\/wp-content\/uploads\/2014\/04\/logo-rassegna1.gif","contentUrl":"https:\/\/www.rassegnastampa-totustuus.it\/cattolica\/wp-content\/uploads\/2014\/04\/logo-rassegna1.gif","width":600,"height":163,"caption":"Rassegna Stampa Cattolica"},"image":{"@id":"https:\/\/www.rassegnastampa-totustuus.it\/cattolica\/#\/schema\/logo\/image\/"},"sameAs":["https:\/\/www.facebook.com\/rassegnastampacattolica","https:\/\/x.com\/rassegnastampa9"]},{"@type":"Person","@id":"https:\/\/www.rassegnastampa-totustuus.it\/cattolica\/#\/schema\/person\/08f319d2bd1a0904ad9e2bfb7b15e5c3","name":"Redazione","image":{"@type":"ImageObject","inLanguage":"it-IT","@id":"https:\/\/secure.gravatar.com\/avatar\/2fcdf27c78ea025fbdb44e914cc63c72249ffec9dc8aafd5c82b26240ef3f346?s=96&d=mm&r=g","url":"https:\/\/secure.gravatar.com\/avatar\/2fcdf27c78ea025fbdb44e914cc63c72249ffec9dc8aafd5c82b26240ef3f346?s=96&d=mm&r=g","contentUrl":"https:\/\/secure.gravatar.com\/avatar\/2fcdf27c78ea025fbdb44e914cc63c72249ffec9dc8aafd5c82b26240ef3f346?s=96&d=mm&r=g","caption":"Redazione"},"url":"https:\/\/www.rassegnastampa-totustuus.it\/cattolica\/author\/pietroelle\/"}]}},"_links":{"self":[{"href":"https:\/\/www.rassegnastampa-totustuus.it\/cattolica\/wp-json\/wp\/v2\/posts\/5632","targetHints":{"allow":["GET"]}}],"collection":[{"href":"https:\/\/www.rassegnastampa-totustuus.it\/cattolica\/wp-json\/wp\/v2\/posts"}],"about":[{"href":"https:\/\/www.rassegnastampa-totustuus.it\/cattolica\/wp-json\/wp\/v2\/types\/post"}],"author":[{"embeddable":true,"href":"https:\/\/www.rassegnastampa-totustuus.it\/cattolica\/wp-json\/wp\/v2\/users\/6"}],"replies":[{"embeddable":true,"href":"https:\/\/www.rassegnastampa-totustuus.it\/cattolica\/wp-json\/wp\/v2\/comments?post=5632"}],"version-history":[{"count":4,"href":"https:\/\/www.rassegnastampa-totustuus.it\/cattolica\/wp-json\/wp\/v2\/posts\/5632\/revisions"}],"predecessor-version":[{"id":27778,"href":"https:\/\/www.rassegnastampa-totustuus.it\/cattolica\/wp-json\/wp\/v2\/posts\/5632\/revisions\/27778"}],"wp:featuredmedia":[{"embeddable":true,"href":"https:\/\/www.rassegnastampa-totustuus.it\/cattolica\/wp-json\/wp\/v2\/media\/27777"}],"wp:attachment":[{"href":"https:\/\/www.rassegnastampa-totustuus.it\/cattolica\/wp-json\/wp\/v2\/media?parent=5632"}],"wp:term":[{"taxonomy":"category","embeddable":true,"href":"https:\/\/www.rassegnastampa-totustuus.it\/cattolica\/wp-json\/wp\/v2\/categories?post=5632"},{"taxonomy":"post_tag","embeddable":true,"href":"https:\/\/www.rassegnastampa-totustuus.it\/cattolica\/wp-json\/wp\/v2\/tags?post=5632"}],"curies":[{"name":"wp","href":"https:\/\/api.w.org\/{rel}","templated":true}]}}