{"id":56302,"date":"2023-05-04T12:47:52","date_gmt":"2023-05-04T10:47:52","guid":{"rendered":"https:\/\/www.rassegnastampa-totustuus.it\/cattolica\/?p=56302"},"modified":"2023-12-28T11:06:29","modified_gmt":"2023-12-28T10:06:29","slug":"intelligenza-artificiale-quale-rischio","status":"publish","type":"post","link":"https:\/\/www.rassegnastampa-totustuus.it\/cattolica\/intelligenza-artificiale-quale-rischio\/","title":{"rendered":"Intelligenza artificiale, quale rischio?"},"content":{"rendered":"<p style=\"text-align: center;\"><strong><img loading=\"lazy\" decoding=\"async\" class=\" wp-image-53056 alignleft\" src=\"https:\/\/www.rassegnastampa-totustuus.it\/cattolica\/wp-content\/uploads\/2021\/11\/tecnologia_internet_metaverso-1-300x168.jpg\" alt=\"\" width=\"341\" height=\"191\" \/><\/strong><\/p>\n<p style=\"text-align: justify;\"><span style=\"color: #000000;\"><strong>Abstract:\u00a0<\/strong><\/span><em><span style=\"color: #000000;\">intelligenza artificiale, quale rischio?\u00a0 Il fronte dell\u2019intelligenza artificiale conta un altro disertore eccellente. Geoffrey Hinton, ingegnere di alto livello di Google, rassegna le dimissioni segnalando i rischi che corriamo a causa dell&#8217;IA. Ma davvero un programma pu\u00f2 diventare pi\u00f9 intelligente dell&#8217;uomo? Il dibattito \u00e8 antropologico.<\/span><\/em><\/p>\n<p><!--more--><\/p>\n<p style=\"text-align: center;\"><strong>La Nuova Bussola <span style=\"color: #000000;\">quotidiana <\/span><\/strong>3 maggio 2023<\/p>\n<h3 style=\"text-align: center;\"><span style=\"color: #000000;\">Intelligenza artificiale, fra paure infondate e veri rischi<\/span><\/h3>\n<p style=\"text-align: justify;\"><span style=\"color: #000000;\"><em>Il fronte dell\u2019intelligenza artificiale conta un altro disertore eccellente. Geoffrey Hinton, ingegnere di alto livello di Google, rassegna le dimissioni segnalando i rischi che corriamo a causa dell&#8217;IA. Ma davvero un programma pu\u00f2 diventare pi\u00f9 intelligente dell&#8217;uomo? Il dibattito \u00e8 antropologico. <\/em><\/span><\/p>\n<p class=\"has-text-align-justify\" style=\"text-align: center;\"><span style=\"color: #000000;\">di <strong>Stefano Magni<\/strong><\/span><\/p>\n<p style=\"text-align: justify;\"><span style=\"color: #000000;\">Il fronte dell\u2019intelligenza artificiale conta un altro disertore eccellente. Geoffrey Hinton, ingegnere di alto livello di Google, considerato uno dei padri del progetto Chat GPT, ha rassegnato le dimissioni e in una sua intervista rilasciata al <em>New York Times<\/em>, ci ha messo in guardia dal possibile cattivo uso della sua creatura: \u00ab\u00c8 difficile vedere come non puoi impedire ai cattivi attori di usarlo per cose cattive\u00bb, ha dichiarato. Questo avvertimento fa il paio con la lettera aperta di Musk, Wozniak e un migliaio di esperti del settore in cui si denunciavano \u00abprofondi rischi per la societ\u00e0 e umanit\u00e0\u00bb.<\/span><\/p>\n<div id=\"attachment_56303\" style=\"width: 231px\" class=\"wp-caption alignright\"><img loading=\"lazy\" decoding=\"async\" aria-describedby=\"caption-attachment-56303\" class=\"wp-image-56303\" src=\"https:\/\/www.rassegnastampa-totustuus.it\/cattolica\/wp-content\/uploads\/2023\/05\/Geoffrey_Hinton_tecnologia_AI.jpg\" alt=\"\" width=\"231\" height=\"212\" \/><p id=\"caption-attachment-56303\" class=\"wp-caption-text\">Geoffrey Hinton<\/p><\/div>\n<p style=\"text-align: justify;\"><span style=\"color: #000000;\"><strong>Hinton, nella sua intervista alla BBC, <\/strong>sostiene un concetto ancor pi\u00f9 inquietante: \u00abMentre vi sto parlando, le intelligenze artificiali non sono pi\u00f9 intelligenti di noi. Ma presto possono diventarlo\u00bb. Questi programmi funzionano imitando un cervello umano, una rete neurale che pu\u00f2 apprendere e aumentare le sue competenze, anche senza l\u2019intervento esterno di un programmatore. Il programma gratuito Chat GPT, che possiamo tornare a usare liberamente anche in Italia dalla settimana scorsa, d\u00e0 l\u2019idea di cosa possa realizzare, anche se si tratta di tecnologia ormai obsoleta, del 2021. I prodotti gi\u00e0 usati dagli addetti ai lavori nel 2023 sono molto pi\u00f9 potenti<\/span>.<\/p>\n<p style=\"text-align: justify;\"><span style=\"color: #000000;\"><strong>Alla Tv britannica, Hinton dichiara: \u00abAl momento, stiamo vedendo <\/strong>cose come il GPT-4, che eclissa una persona nella quantit\u00e0 di conoscenze generali che possiede e la eclissa di gran lunga. In termini di ragionamento, non \u00e8 altrettanto bravo, ma \u00e8 gi\u00e0 in grado di fare ragionamenti semplici\u00bb. E quindi, \u00abdato il ritmo dei progressi, ci aspettiamo che le cose migliorino abbastanza velocemente. Quindi dobbiamo preoccuparci\u00bb<\/span>.<\/p>\n<p style=\"text-align: justify;\"><span style=\"color: #000000;\"><strong>La paura per la nuova tecnologia esiste dall\u2019alba della scienza<\/strong>. Romanzi come <em>Frankenstein<\/em> rivelano come questa angoscia del creatore a cui sfugge il controllo della creazione fosse gi\u00e0 un incubo due secoli fa. E allora si conosceva, al massimo, il principio fisico dell\u2019elettricit\u00e0, non la si usava ancora nella vita quotidiana, men che meno era concepibile un qualcosa come un cervello artificiale. Qui parliamo di una situazione veramente pi\u00f9 vicina a quella di Frankenstein (un uomo creato da un altro uomo) che non al luddismo classico, che era rivolto contro macchine utilizzate dall\u2019uomo per svolgere lavori manuali, o al massimo aiutarsi a svolgere compiti intellettuali.<\/span><\/p>\n<p style=\"text-align: justify;\"><strong><img loading=\"lazy\" decoding=\"async\" class=\" wp-image-53850 alignleft\" src=\"https:\/\/www.rassegnastampa-totustuus.it\/cattolica\/wp-content\/uploads\/2022\/03\/rivoluzione_industriale_informatica-300x175.jpg\" alt=\"\" width=\"369\" height=\"215\" srcset=\"https:\/\/www.rassegnastampa-totustuus.it\/cattolica\/wp-content\/uploads\/2022\/03\/rivoluzione_industriale_informatica-300x175.jpg 300w, https:\/\/www.rassegnastampa-totustuus.it\/cattolica\/wp-content\/uploads\/2022\/03\/rivoluzione_industriale_informatica.jpg 307w\" sizes=\"auto, (max-width: 369px) 100vw, 369px\" \/><span style=\"color: #000000;\">Per\u00f2, proprio per questo, il dibattito sull\u2019intelligenza artificiale<\/span><\/strong><span style=\"color: #000000;\"> ci costringe a meditare su cosa sia la ragione umana, molto pi\u00f9 che su come funzioni la nostra mente. Alla domanda aiuta a rispondere Philip Larrey, sacerdote cattolico statunitense, docente di Epistemologia e Logica alla Pontificia Universit\u00e0 Lateranense. Larrey, nel suo saggio <em>Artificial Humanity<\/em>, pubblicato nel 2019, si poneva gi\u00e0 il problema di cui oggi parlano Musk, Wozniak e Hinton. \u201cCosa rende l\u2019uomo veramente umano?\u201d si chiede e risponde: \u201c\u00c8 semplice dirlo: \u00e8 l\u2019intelligenza razionale e l\u2019azione libera.\u00a0 In altre parole, le nostre decisioni e gli atti liberamente scelti &#8211; con tutte le conseguenze del caso, nel bene e nel male &#8211; sono ci\u00f2 che ci contraddistingue come umani<\/span>\u201d.<\/p>\n<p style=\"text-align: justify;\"><span style=\"color: #000000;\"><strong>L\u2019intelligenza artificiale non potr\u00e0 mai essere come l\u2019uomo o superiore<\/strong>. Perch\u00e9, spiega Larrey: \u201cUn sistema di intelligenza artificiale, per quanto sofisticato, pu\u00f2 solo scegliere al meglio tra pi\u00f9 opzioni. Nessun sistema di intelligenza artificiale pu\u00f2 realmente <em>decidere<\/em>, perch\u00e9 per prendere una decisione \u00e8 necessario avere una <em>volont\u00e0<\/em>, una capacit\u00e0 di volere\u201d. Cosa che nessuna intelligenza artificiale potr\u00e0 mai avere.<\/span><\/p>\n<p style=\"text-align: justify;\"><strong><img loading=\"lazy\" decoding=\"async\" class=\" wp-image-56207 alignright\" src=\"https:\/\/www.rassegnastampa-totustuus.it\/cattolica\/wp-content\/uploads\/2023\/04\/tecnologia_intelligenza_artificiale.jpg\" alt=\"\" width=\"346\" height=\"230\" \/><span style=\"color: #000000;\">Resterebbe, per\u00f2, al di l\u00e0 delle paure di Hinton o dell&#8217;ottimismo<\/span><\/strong><span style=\"color: #000000;\"> di padre Larrey, la tentazione umana di usare l\u2019intelligenza artificiale al peggio. Come tutte le nuove scoperte, come l\u2019energia nucleare, come l\u2019aereo, come l\u2019energia elettrica, pu\u00f2 essere usata per costruire o per distruggere. Con l\u2019intelligenza artificiale la tentazione \u00e8 quella di spingere agli eccessi il transumanesimo, cio\u00e8 l\u2019illusione di usare la tecnologia per creare un uomo che vada al di l\u00e0 delle sue capacit\u00e0 naturali. Non solo per curarlo o per allungare la speranza di vita, ma proprio per trasformarlo in uomo-macchina dalle capacit\u00e0 superiori. Ma non\u00a0serve andare con l\u2019immaginazione alla letteratura cyberpunk o ai manga giapponesi sui robot: basta pensare al magistrato che fa emettere le sentenze da un\u2019intelligenza artificiale per capire il rischio che corriamo nel prossimo futuro.<\/span><\/p>\n<p>_______________________________________<\/p>\n<p><span style=\"color: #000000;\"><strong>Sulla Intelligenza artificiale si legga anche:<\/strong><\/span><\/p>\n<p><a href=\"https:\/\/www.rassegnastampa-totustuus.it\/cattolica\/intelligenza-artificiale-e-lavoro-che-cambia\/\" target=\"_blank\" rel=\"noopener\"><span style=\"color: #0000ff;\">Tempi e luoghi del lavoro che cambia<\/span><\/a><\/p>\n<p><a href=\"https:\/\/www.rassegnastampa-totustuus.it\/cattolica\/57526-2\/\" target=\"_blank\" rel=\"noopener\"><span style=\"color: #0000ff;\">Democrazia, Costituzione e intelligenza artificiale<\/span><\/a><\/p>\n<p><a href=\"https:\/\/www.rassegnastampa-totustuus.it\/cattolica\/intelligenza-artificiale-e-tecnologia-digitale\/\" target=\"_blank\" rel=\"noopener\"><span style=\"color: #0000ff;\">Apprendere digitale<\/span><\/a><\/p>\n<p><span style=\"color: #0000ff;\">Democrazia e algoterica<\/span><\/p>\n<p><a href=\"https:\/\/www.rassegnastampa-totustuus.it\/cattolica\/intelligenza-artificiale-e-intelligenza-umana\/\" target=\"_blank\" rel=\"noopener\"><span style=\"color: #0000ff;\">Verso la sostituzione finale<\/span><\/a><\/p>\n","protected":false},"excerpt":{"rendered":"<p>Abstract:\u00a0intelligenza artificiale, quale rischio?\u00a0 Il fronte dell\u2019intelligenza artificiale conta un altro disertore eccellente. Geoffrey Hinton, ingegnere di alto livello di Google, rassegna le dimissioni segnalando i rischi che corriamo a causa dell&#8217;IA. Ma davvero un programma pu\u00f2 diventare pi\u00f9 intelligente dell&#8217;uomo? Il dibattito \u00e8 antropologico.<\/p><p><a class=\"more-link btn\" href=\"https:\/\/www.rassegnastampa-totustuus.it\/cattolica\/intelligenza-artificiale-quale-rischio\/\">Continua a leggere<\/a><\/p>\n","protected":false},"author":6,"featured_media":54131,"comment_status":"closed","ping_status":"closed","sticky":false,"template":"","format":"standard","meta":{"footnotes":""},"categories":[2956],"tags":[2898,2817],"class_list":["post-56302","post","type-post","status-publish","format-standard","has-post-thumbnail","hentry","category-tecnologia","tag-intelligenza-artificiale","tag-tecnologia","item-wrap"],"yoast_head":"<!-- This site is optimized with the Yoast SEO plugin v27.4 - https:\/\/yoast.com\/product\/yoast-seo-wordpress\/ -->\n<title>Intelligenza artificiale, quale rischio? - Rassegna Stampa Cattolica<\/title>\n<meta name=\"description\" content=\"Intelligenza artificiale, quale rischio? aumenta il numero di chi segnala i rischi che corriamo a causa dell&#039;IA.\" \/>\n<meta name=\"robots\" content=\"index, follow, max-snippet:-1, max-image-preview:large, max-video-preview:-1\" \/>\n<link rel=\"canonical\" href=\"https:\/\/www.rassegnastampa-totustuus.it\/cattolica\/intelligenza-artificiale-quale-rischio\/\" \/>\n<meta property=\"og:locale\" content=\"it_IT\" \/>\n<meta property=\"og:type\" content=\"article\" \/>\n<meta property=\"og:title\" content=\"Intelligenza artificiale, quale rischio? - Rassegna Stampa Cattolica\" \/>\n<meta property=\"og:description\" content=\"Intelligenza artificiale, quale rischio? aumenta il numero di chi segnala i rischi che corriamo a causa dell&#039;IA.\" \/>\n<meta property=\"og:url\" content=\"https:\/\/www.rassegnastampa-totustuus.it\/cattolica\/intelligenza-artificiale-quale-rischio\/\" \/>\n<meta property=\"og:site_name\" content=\"Rassegna Stampa Cattolica\" \/>\n<meta property=\"article:publisher\" content=\"https:\/\/www.facebook.com\/rassegnastampacattolica\" \/>\n<meta property=\"article:published_time\" content=\"2023-05-04T10:47:52+00:00\" \/>\n<meta property=\"article:modified_time\" content=\"2023-12-28T10:06:29+00:00\" \/>\n<meta property=\"og:image\" content=\"https:\/\/www.rassegnastampa-totustuus.it\/cattolica\/wp-content\/uploads\/2022\/05\/QI_intelligenza_cervello.jpg\" \/>\n\t<meta property=\"og:image:width\" content=\"275\" \/>\n\t<meta property=\"og:image:height\" content=\"183\" \/>\n\t<meta property=\"og:image:type\" content=\"image\/jpeg\" \/>\n<meta name=\"author\" content=\"Redazione\" \/>\n<meta name=\"twitter:card\" content=\"summary_large_image\" \/>\n<meta name=\"twitter:creator\" content=\"@rassegnastampa9\" \/>\n<meta name=\"twitter:site\" content=\"@rassegnastampa9\" \/>\n<meta name=\"twitter:label1\" content=\"Scritto da\" \/>\n\t<meta name=\"twitter:data1\" content=\"Redazione\" \/>\n\t<meta name=\"twitter:label2\" content=\"Tempo di lettura stimato\" \/>\n\t<meta name=\"twitter:data2\" content=\"6 minuti\" \/>\n<script type=\"application\/ld+json\" class=\"yoast-schema-graph\">{\"@context\":\"https:\\\/\\\/schema.org\",\"@graph\":[{\"@type\":\"Article\",\"@id\":\"https:\\\/\\\/www.rassegnastampa-totustuus.it\\\/cattolica\\\/intelligenza-artificiale-quale-rischio\\\/#article\",\"isPartOf\":{\"@id\":\"https:\\\/\\\/www.rassegnastampa-totustuus.it\\\/cattolica\\\/intelligenza-artificiale-quale-rischio\\\/\"},\"author\":{\"name\":\"Redazione\",\"@id\":\"https:\\\/\\\/www.rassegnastampa-totustuus.it\\\/cattolica\\\/#\\\/schema\\\/person\\\/08f319d2bd1a0904ad9e2bfb7b15e5c3\"},\"headline\":\"Intelligenza artificiale, quale rischio?\",\"datePublished\":\"2023-05-04T10:47:52+00:00\",\"dateModified\":\"2023-12-28T10:06:29+00:00\",\"mainEntityOfPage\":{\"@id\":\"https:\\\/\\\/www.rassegnastampa-totustuus.it\\\/cattolica\\\/intelligenza-artificiale-quale-rischio\\\/\"},\"wordCount\":835,\"publisher\":{\"@id\":\"https:\\\/\\\/www.rassegnastampa-totustuus.it\\\/cattolica\\\/#organization\"},\"image\":{\"@id\":\"https:\\\/\\\/www.rassegnastampa-totustuus.it\\\/cattolica\\\/intelligenza-artificiale-quale-rischio\\\/#primaryimage\"},\"thumbnailUrl\":\"https:\\\/\\\/www.rassegnastampa-totustuus.it\\\/cattolica\\\/wp-content\\\/uploads\\\/2022\\\/05\\\/QI_intelligenza_cervello.jpg\",\"keywords\":[\"intelligenza artificiale\",\"tecnologia\"],\"articleSection\":[\"Tecnologia\"],\"inLanguage\":\"it-IT\"},{\"@type\":\"WebPage\",\"@id\":\"https:\\\/\\\/www.rassegnastampa-totustuus.it\\\/cattolica\\\/intelligenza-artificiale-quale-rischio\\\/\",\"url\":\"https:\\\/\\\/www.rassegnastampa-totustuus.it\\\/cattolica\\\/intelligenza-artificiale-quale-rischio\\\/\",\"name\":\"Intelligenza artificiale, quale rischio? - Rassegna Stampa Cattolica\",\"isPartOf\":{\"@id\":\"https:\\\/\\\/www.rassegnastampa-totustuus.it\\\/cattolica\\\/#website\"},\"primaryImageOfPage\":{\"@id\":\"https:\\\/\\\/www.rassegnastampa-totustuus.it\\\/cattolica\\\/intelligenza-artificiale-quale-rischio\\\/#primaryimage\"},\"image\":{\"@id\":\"https:\\\/\\\/www.rassegnastampa-totustuus.it\\\/cattolica\\\/intelligenza-artificiale-quale-rischio\\\/#primaryimage\"},\"thumbnailUrl\":\"https:\\\/\\\/www.rassegnastampa-totustuus.it\\\/cattolica\\\/wp-content\\\/uploads\\\/2022\\\/05\\\/QI_intelligenza_cervello.jpg\",\"datePublished\":\"2023-05-04T10:47:52+00:00\",\"dateModified\":\"2023-12-28T10:06:29+00:00\",\"description\":\"Intelligenza artificiale, quale rischio? aumenta il numero di chi segnala i rischi che corriamo a causa dell'IA.\",\"breadcrumb\":{\"@id\":\"https:\\\/\\\/www.rassegnastampa-totustuus.it\\\/cattolica\\\/intelligenza-artificiale-quale-rischio\\\/#breadcrumb\"},\"inLanguage\":\"it-IT\",\"potentialAction\":[{\"@type\":\"ReadAction\",\"target\":[\"https:\\\/\\\/www.rassegnastampa-totustuus.it\\\/cattolica\\\/intelligenza-artificiale-quale-rischio\\\/\"]}]},{\"@type\":\"ImageObject\",\"inLanguage\":\"it-IT\",\"@id\":\"https:\\\/\\\/www.rassegnastampa-totustuus.it\\\/cattolica\\\/intelligenza-artificiale-quale-rischio\\\/#primaryimage\",\"url\":\"https:\\\/\\\/www.rassegnastampa-totustuus.it\\\/cattolica\\\/wp-content\\\/uploads\\\/2022\\\/05\\\/QI_intelligenza_cervello.jpg\",\"contentUrl\":\"https:\\\/\\\/www.rassegnastampa-totustuus.it\\\/cattolica\\\/wp-content\\\/uploads\\\/2022\\\/05\\\/QI_intelligenza_cervello.jpg\",\"width\":275,\"height\":183},{\"@type\":\"BreadcrumbList\",\"@id\":\"https:\\\/\\\/www.rassegnastampa-totustuus.it\\\/cattolica\\\/intelligenza-artificiale-quale-rischio\\\/#breadcrumb\",\"itemListElement\":[{\"@type\":\"ListItem\",\"position\":1,\"name\":\"Home\",\"item\":\"https:\\\/\\\/www.rassegnastampa-totustuus.it\\\/cattolica\\\/\"},{\"@type\":\"ListItem\",\"position\":2,\"name\":\"Intelligenza artificiale, quale rischio?\"}]},{\"@type\":\"WebSite\",\"@id\":\"https:\\\/\\\/www.rassegnastampa-totustuus.it\\\/cattolica\\\/#website\",\"url\":\"https:\\\/\\\/www.rassegnastampa-totustuus.it\\\/cattolica\\\/\",\"name\":\"Rassegna Stampa Cattolica\",\"description\":\"Per una cultura che nasce dalla Rivelazione cristiana in conformit\u00e0 alla tradizione e al Magistero della Chiesa in opposizione ad ogni relativismo e totalitarismo\",\"publisher\":{\"@id\":\"https:\\\/\\\/www.rassegnastampa-totustuus.it\\\/cattolica\\\/#organization\"},\"alternateName\":\"Rass. Cattolica\",\"potentialAction\":[{\"@type\":\"SearchAction\",\"target\":{\"@type\":\"EntryPoint\",\"urlTemplate\":\"https:\\\/\\\/www.rassegnastampa-totustuus.it\\\/cattolica\\\/?s={search_term_string}\"},\"query-input\":{\"@type\":\"PropertyValueSpecification\",\"valueRequired\":true,\"valueName\":\"search_term_string\"}}],\"inLanguage\":\"it-IT\"},{\"@type\":\"Organization\",\"@id\":\"https:\\\/\\\/www.rassegnastampa-totustuus.it\\\/cattolica\\\/#organization\",\"name\":\"Rassegna Stampa Cattolica\",\"url\":\"https:\\\/\\\/www.rassegnastampa-totustuus.it\\\/cattolica\\\/\",\"logo\":{\"@type\":\"ImageObject\",\"inLanguage\":\"it-IT\",\"@id\":\"https:\\\/\\\/www.rassegnastampa-totustuus.it\\\/cattolica\\\/#\\\/schema\\\/logo\\\/image\\\/\",\"url\":\"https:\\\/\\\/www.rassegnastampa-totustuus.it\\\/cattolica\\\/wp-content\\\/uploads\\\/2014\\\/04\\\/logo-rassegna1.gif\",\"contentUrl\":\"https:\\\/\\\/www.rassegnastampa-totustuus.it\\\/cattolica\\\/wp-content\\\/uploads\\\/2014\\\/04\\\/logo-rassegna1.gif\",\"width\":600,\"height\":163,\"caption\":\"Rassegna Stampa Cattolica\"},\"image\":{\"@id\":\"https:\\\/\\\/www.rassegnastampa-totustuus.it\\\/cattolica\\\/#\\\/schema\\\/logo\\\/image\\\/\"},\"sameAs\":[\"https:\\\/\\\/www.facebook.com\\\/rassegnastampacattolica\",\"https:\\\/\\\/x.com\\\/rassegnastampa9\"]},{\"@type\":\"Person\",\"@id\":\"https:\\\/\\\/www.rassegnastampa-totustuus.it\\\/cattolica\\\/#\\\/schema\\\/person\\\/08f319d2bd1a0904ad9e2bfb7b15e5c3\",\"name\":\"Redazione\",\"image\":{\"@type\":\"ImageObject\",\"inLanguage\":\"it-IT\",\"@id\":\"https:\\\/\\\/secure.gravatar.com\\\/avatar\\\/2fcdf27c78ea025fbdb44e914cc63c72249ffec9dc8aafd5c82b26240ef3f346?s=96&d=mm&r=g\",\"url\":\"https:\\\/\\\/secure.gravatar.com\\\/avatar\\\/2fcdf27c78ea025fbdb44e914cc63c72249ffec9dc8aafd5c82b26240ef3f346?s=96&d=mm&r=g\",\"contentUrl\":\"https:\\\/\\\/secure.gravatar.com\\\/avatar\\\/2fcdf27c78ea025fbdb44e914cc63c72249ffec9dc8aafd5c82b26240ef3f346?s=96&d=mm&r=g\",\"caption\":\"Redazione\"},\"url\":\"https:\\\/\\\/www.rassegnastampa-totustuus.it\\\/cattolica\\\/author\\\/pietroelle\\\/\"}]}<\/script>\n<!-- \/ Yoast SEO plugin. -->","yoast_head_json":{"title":"Intelligenza artificiale, quale rischio? - Rassegna Stampa Cattolica","description":"Intelligenza artificiale, quale rischio? aumenta il numero di chi segnala i rischi che corriamo a causa dell'IA.","robots":{"index":"index","follow":"follow","max-snippet":"max-snippet:-1","max-image-preview":"max-image-preview:large","max-video-preview":"max-video-preview:-1"},"canonical":"https:\/\/www.rassegnastampa-totustuus.it\/cattolica\/intelligenza-artificiale-quale-rischio\/","og_locale":"it_IT","og_type":"article","og_title":"Intelligenza artificiale, quale rischio? - Rassegna Stampa Cattolica","og_description":"Intelligenza artificiale, quale rischio? aumenta il numero di chi segnala i rischi che corriamo a causa dell'IA.","og_url":"https:\/\/www.rassegnastampa-totustuus.it\/cattolica\/intelligenza-artificiale-quale-rischio\/","og_site_name":"Rassegna Stampa Cattolica","article_publisher":"https:\/\/www.facebook.com\/rassegnastampacattolica","article_published_time":"2023-05-04T10:47:52+00:00","article_modified_time":"2023-12-28T10:06:29+00:00","og_image":[{"width":275,"height":183,"url":"https:\/\/www.rassegnastampa-totustuus.it\/cattolica\/wp-content\/uploads\/2022\/05\/QI_intelligenza_cervello.jpg","type":"image\/jpeg"}],"author":"Redazione","twitter_card":"summary_large_image","twitter_creator":"@rassegnastampa9","twitter_site":"@rassegnastampa9","twitter_misc":{"Scritto da":"Redazione","Tempo di lettura stimato":"6 minuti"},"schema":{"@context":"https:\/\/schema.org","@graph":[{"@type":"Article","@id":"https:\/\/www.rassegnastampa-totustuus.it\/cattolica\/intelligenza-artificiale-quale-rischio\/#article","isPartOf":{"@id":"https:\/\/www.rassegnastampa-totustuus.it\/cattolica\/intelligenza-artificiale-quale-rischio\/"},"author":{"name":"Redazione","@id":"https:\/\/www.rassegnastampa-totustuus.it\/cattolica\/#\/schema\/person\/08f319d2bd1a0904ad9e2bfb7b15e5c3"},"headline":"Intelligenza artificiale, quale rischio?","datePublished":"2023-05-04T10:47:52+00:00","dateModified":"2023-12-28T10:06:29+00:00","mainEntityOfPage":{"@id":"https:\/\/www.rassegnastampa-totustuus.it\/cattolica\/intelligenza-artificiale-quale-rischio\/"},"wordCount":835,"publisher":{"@id":"https:\/\/www.rassegnastampa-totustuus.it\/cattolica\/#organization"},"image":{"@id":"https:\/\/www.rassegnastampa-totustuus.it\/cattolica\/intelligenza-artificiale-quale-rischio\/#primaryimage"},"thumbnailUrl":"https:\/\/www.rassegnastampa-totustuus.it\/cattolica\/wp-content\/uploads\/2022\/05\/QI_intelligenza_cervello.jpg","keywords":["intelligenza artificiale","tecnologia"],"articleSection":["Tecnologia"],"inLanguage":"it-IT"},{"@type":"WebPage","@id":"https:\/\/www.rassegnastampa-totustuus.it\/cattolica\/intelligenza-artificiale-quale-rischio\/","url":"https:\/\/www.rassegnastampa-totustuus.it\/cattolica\/intelligenza-artificiale-quale-rischio\/","name":"Intelligenza artificiale, quale rischio? - Rassegna Stampa Cattolica","isPartOf":{"@id":"https:\/\/www.rassegnastampa-totustuus.it\/cattolica\/#website"},"primaryImageOfPage":{"@id":"https:\/\/www.rassegnastampa-totustuus.it\/cattolica\/intelligenza-artificiale-quale-rischio\/#primaryimage"},"image":{"@id":"https:\/\/www.rassegnastampa-totustuus.it\/cattolica\/intelligenza-artificiale-quale-rischio\/#primaryimage"},"thumbnailUrl":"https:\/\/www.rassegnastampa-totustuus.it\/cattolica\/wp-content\/uploads\/2022\/05\/QI_intelligenza_cervello.jpg","datePublished":"2023-05-04T10:47:52+00:00","dateModified":"2023-12-28T10:06:29+00:00","description":"Intelligenza artificiale, quale rischio? aumenta il numero di chi segnala i rischi che corriamo a causa dell'IA.","breadcrumb":{"@id":"https:\/\/www.rassegnastampa-totustuus.it\/cattolica\/intelligenza-artificiale-quale-rischio\/#breadcrumb"},"inLanguage":"it-IT","potentialAction":[{"@type":"ReadAction","target":["https:\/\/www.rassegnastampa-totustuus.it\/cattolica\/intelligenza-artificiale-quale-rischio\/"]}]},{"@type":"ImageObject","inLanguage":"it-IT","@id":"https:\/\/www.rassegnastampa-totustuus.it\/cattolica\/intelligenza-artificiale-quale-rischio\/#primaryimage","url":"https:\/\/www.rassegnastampa-totustuus.it\/cattolica\/wp-content\/uploads\/2022\/05\/QI_intelligenza_cervello.jpg","contentUrl":"https:\/\/www.rassegnastampa-totustuus.it\/cattolica\/wp-content\/uploads\/2022\/05\/QI_intelligenza_cervello.jpg","width":275,"height":183},{"@type":"BreadcrumbList","@id":"https:\/\/www.rassegnastampa-totustuus.it\/cattolica\/intelligenza-artificiale-quale-rischio\/#breadcrumb","itemListElement":[{"@type":"ListItem","position":1,"name":"Home","item":"https:\/\/www.rassegnastampa-totustuus.it\/cattolica\/"},{"@type":"ListItem","position":2,"name":"Intelligenza artificiale, quale rischio?"}]},{"@type":"WebSite","@id":"https:\/\/www.rassegnastampa-totustuus.it\/cattolica\/#website","url":"https:\/\/www.rassegnastampa-totustuus.it\/cattolica\/","name":"Rassegna Stampa Cattolica","description":"Per una cultura che nasce dalla Rivelazione cristiana in conformit\u00e0 alla tradizione e al Magistero della Chiesa in opposizione ad ogni relativismo e totalitarismo","publisher":{"@id":"https:\/\/www.rassegnastampa-totustuus.it\/cattolica\/#organization"},"alternateName":"Rass. Cattolica","potentialAction":[{"@type":"SearchAction","target":{"@type":"EntryPoint","urlTemplate":"https:\/\/www.rassegnastampa-totustuus.it\/cattolica\/?s={search_term_string}"},"query-input":{"@type":"PropertyValueSpecification","valueRequired":true,"valueName":"search_term_string"}}],"inLanguage":"it-IT"},{"@type":"Organization","@id":"https:\/\/www.rassegnastampa-totustuus.it\/cattolica\/#organization","name":"Rassegna Stampa Cattolica","url":"https:\/\/www.rassegnastampa-totustuus.it\/cattolica\/","logo":{"@type":"ImageObject","inLanguage":"it-IT","@id":"https:\/\/www.rassegnastampa-totustuus.it\/cattolica\/#\/schema\/logo\/image\/","url":"https:\/\/www.rassegnastampa-totustuus.it\/cattolica\/wp-content\/uploads\/2014\/04\/logo-rassegna1.gif","contentUrl":"https:\/\/www.rassegnastampa-totustuus.it\/cattolica\/wp-content\/uploads\/2014\/04\/logo-rassegna1.gif","width":600,"height":163,"caption":"Rassegna Stampa Cattolica"},"image":{"@id":"https:\/\/www.rassegnastampa-totustuus.it\/cattolica\/#\/schema\/logo\/image\/"},"sameAs":["https:\/\/www.facebook.com\/rassegnastampacattolica","https:\/\/x.com\/rassegnastampa9"]},{"@type":"Person","@id":"https:\/\/www.rassegnastampa-totustuus.it\/cattolica\/#\/schema\/person\/08f319d2bd1a0904ad9e2bfb7b15e5c3","name":"Redazione","image":{"@type":"ImageObject","inLanguage":"it-IT","@id":"https:\/\/secure.gravatar.com\/avatar\/2fcdf27c78ea025fbdb44e914cc63c72249ffec9dc8aafd5c82b26240ef3f346?s=96&d=mm&r=g","url":"https:\/\/secure.gravatar.com\/avatar\/2fcdf27c78ea025fbdb44e914cc63c72249ffec9dc8aafd5c82b26240ef3f346?s=96&d=mm&r=g","contentUrl":"https:\/\/secure.gravatar.com\/avatar\/2fcdf27c78ea025fbdb44e914cc63c72249ffec9dc8aafd5c82b26240ef3f346?s=96&d=mm&r=g","caption":"Redazione"},"url":"https:\/\/www.rassegnastampa-totustuus.it\/cattolica\/author\/pietroelle\/"}]}},"_links":{"self":[{"href":"https:\/\/www.rassegnastampa-totustuus.it\/cattolica\/wp-json\/wp\/v2\/posts\/56302","targetHints":{"allow":["GET"]}}],"collection":[{"href":"https:\/\/www.rassegnastampa-totustuus.it\/cattolica\/wp-json\/wp\/v2\/posts"}],"about":[{"href":"https:\/\/www.rassegnastampa-totustuus.it\/cattolica\/wp-json\/wp\/v2\/types\/post"}],"author":[{"embeddable":true,"href":"https:\/\/www.rassegnastampa-totustuus.it\/cattolica\/wp-json\/wp\/v2\/users\/6"}],"replies":[{"embeddable":true,"href":"https:\/\/www.rassegnastampa-totustuus.it\/cattolica\/wp-json\/wp\/v2\/comments?post=56302"}],"version-history":[{"count":3,"href":"https:\/\/www.rassegnastampa-totustuus.it\/cattolica\/wp-json\/wp\/v2\/posts\/56302\/revisions"}],"predecessor-version":[{"id":58445,"href":"https:\/\/www.rassegnastampa-totustuus.it\/cattolica\/wp-json\/wp\/v2\/posts\/56302\/revisions\/58445"}],"wp:featuredmedia":[{"embeddable":true,"href":"https:\/\/www.rassegnastampa-totustuus.it\/cattolica\/wp-json\/wp\/v2\/media\/54131"}],"wp:attachment":[{"href":"https:\/\/www.rassegnastampa-totustuus.it\/cattolica\/wp-json\/wp\/v2\/media?parent=56302"}],"wp:term":[{"taxonomy":"category","embeddable":true,"href":"https:\/\/www.rassegnastampa-totustuus.it\/cattolica\/wp-json\/wp\/v2\/categories?post=56302"},{"taxonomy":"post_tag","embeddable":true,"href":"https:\/\/www.rassegnastampa-totustuus.it\/cattolica\/wp-json\/wp\/v2\/tags?post=56302"}],"curies":[{"name":"wp","href":"https:\/\/api.w.org\/{rel}","templated":true}]}}