{"id":56299,"date":"2023-05-04T12:27:44","date_gmt":"2023-05-04T10:27:44","guid":{"rendered":"https:\/\/www.rassegnastampa-totustuus.it\/cattolica\/?p=56299"},"modified":"2024-01-04T20:58:18","modified_gmt":"2024-01-04T19:58:18","slug":"antonio-gramsci-e-legemonia-culturale-realizzata","status":"publish","type":"post","link":"https:\/\/www.rassegnastampa-totustuus.it\/cattolica\/antonio-gramsci-e-legemonia-culturale-realizzata\/","title":{"rendered":"Antonio Gramsci e l&#8217;egemonia culturale realizzata"},"content":{"rendered":"<p style=\"text-align: justify;\"><strong><img loading=\"lazy\" decoding=\"async\" class=\" wp-image-42536 alignright\" src=\"https:\/\/www.rassegnastampa-totustuus.it\/cattolica\/wp-content\/uploads\/2019\/03\/Antonio_Gramsci.jpg\" alt=\"\" width=\"292\" height=\"219\" \/><span style=\"color: #000000;\">Abstract: <\/span><\/strong><em><span style=\"color: #000000;\">Antonio Gramsci e l&#8217;egemonia culturale realizzata di un pensatore totalitario. Nel mirino del pensiero unico egemone oggi non solo presunti fascisti, ma anche liberali e conservatori. I concetti di \u201cintellettuale collettivo\u201d e di \u201cegemonia culturale\u201d nascono nella mente di Antonio Gramsci essenzialmente come strumenti per la conquista del potere. ll pensatore sardo, nell\u2019elaborare l\u2019idea del partito come intellettuale collettivo destinato a dominare la societ\u00e0 mediante la conquista della cultura, aveva in vista fini esclusivamente politici.<\/span><\/em><\/p>\n<p><!--more--><\/p>\n<p style=\"text-align: center;\"><a href=\"https:\/\/www.nicolaporro.it\/atlanticoquotidiano\/\" target=\"_blank\" rel=\"noopener\"><strong><span style=\"color: #000000;\">Atlantico <\/span><\/strong><\/a><span style=\"color: #000000;\">27 Aprile 2023<\/span><\/p>\n<h3 style=\"text-align: center;\"><span style=\"color: #000000;\">L\u2019egemonia culturale si \u00e8 realizzata davvero.<\/span><\/h3>\n<h3 style=\"text-align: center;\"><span style=\"color: #000000;\"> Ed \u00e8 gramsciana<\/span><\/h3>\n<p style=\"text-align: justify;\"><span style=\"color: #000000;\"><em>Gramsci un pensatore totalitario. Nel mirino del pensiero unico egemone oggi non solo presunti fascisti, ma anche liberali e conservatori<\/em><\/span><\/p>\n<p style=\"text-align: center;\"><span style=\"color: #000000;\">di <strong>Michele Marsonet<\/strong><\/span><\/p>\n<p style=\"text-align: justify;\"><span style=\"color: #000000;\">I concetti di <em>\u201cintellettuale collettivo\u201d<\/em> e di <em>\u201cegemonia culturale\u201d<\/em> nascono nella mente di <strong>Antonio Gramsci<\/strong> essenzialmente come <strong>strumenti per la conquista del potere<\/strong>. ll pensatore sardo, nell\u2019elaborare l\u2019idea del partito come intellettuale collettivo destinato a dominare la societ\u00e0 mediante la conquista della cultura, aveva in vista fini esclusivamente politici.<\/span><\/p>\n<p style=\"text-align: justify;\"><img loading=\"lazy\" decoding=\"async\" class=\"size-full wp-image-30357 alignleft\" src=\"https:\/\/www.rassegnastampa-totustuus.it\/cattolica\/wp-content\/uploads\/2016\/02\/Gramsci.jpg\" alt=\"\" width=\"275\" height=\"183\" \/><span style=\"color: #000000;\">Voleva insomma tracciare una via che, pur inserendosi nel filone classico del marxismo, se ne discostava in modo originale sottolineando il <strong>valore fondante<\/strong> del fattore culturale. Non pi\u00f9 concepito \u2013 alla stregua dei padri fondatori \u2013 quale mera sovrastruttura dipendente dalla sfera dell\u2019economia.<\/span><\/p>\n<p style=\"text-align: justify;\"><span style=\"color: #000000;\">Ambizione di dominio, insomma, per facilitare e rendere <strong>pi\u00f9 appetibile l\u2019avvento al potere<\/strong>, che Marx considerava inevitabile, della classe incaricata di far sorgere l\u2019uomo \u201cnuovo\u201d, e di porre cos\u00ec fine alla storia e ai conflitti che la caratterizzano sin dalle origini del genere umano.<\/span><\/p>\n<h4 style=\"text-align: center;\"><span style=\"color: #000000;\"><strong>La lotta tra uguaglianza e libert\u00e0<\/strong><\/span><\/h4>\n<p style=\"text-align: justify;\"><span style=\"color: #000000;\">In realt\u00e0, \u00e8 impossibile comprendere il pensiero gramsciano se si prescinde dalla lotta costante che negli ultimi secoli ha contrapposto il principio democratico al principio della libert\u00e0. Tanti restano attoniti nel sentir parlare di questa lotta perch\u00e9 sono troppo abituati a considerare tali principi come affini e strettamente correlati.<\/span><\/p>\n<p style=\"text-align: justify;\"><img loading=\"lazy\" decoding=\"async\" class=\"wp-image-44766 alignright\" src=\"https:\/\/www.rassegnastampa-totustuus.it\/cattolica\/wp-content\/uploads\/2019\/10\/libert\u00e8_egalit\u00e8_fraternit\u00e8.jpg\" alt=\"\" width=\"282\" height=\"264\" \/><span style=\"color: #000000;\"><span style=\"font-size: revert;\">E invece uguaglianza e libert\u00e0 risultano compatibili solo se l\u2019una cede qualcosa all\u2019altra, e viceversa. Poich\u00e9 non \u00e8 vero che gli esseri umani siano tutti uguali: la natura e la storia dimostrano che non \u00e8 cos\u00ec. Si pu\u00f2 renderli uguali soltanto in base a dichiarazioni di principio che sono, proprio in quanto tali, astratte. L\u2019uguaglianza assoluta si ottiene \u2013 ammesso che la si possa realizzare per davvero \u2013 solo <\/span><strong style=\"font-size: revert;\">a scapito della libert\u00e0 individuale<\/strong><span style=\"font-size: revert;\">.<\/span><\/span><\/p>\n<p style=\"text-align: justify;\"><span style=\"color: #000000;\">E proprio questo \u00e8 l\u2019intento di Gramsci, grande <strong>nemico del liberalismo politico<\/strong>. Ai suoi occhi la democrazia pu\u00f2 giungere a compimento solo se la libert\u00e0 si svincola dal liberalismo, abbandonando la sua astrattezza e passando a un\u2019epoca di democrazia \u201corganica\u201d che metta in crisi i limiti che lo Stato di diritto si \u00e8 autoassegnato.<\/span><\/p>\n<p style=\"text-align: justify;\"><span style=\"color: #000000;\">A quel punto il diritto nascente, che sorge dalle classi subalterne, avr\u00e0 modo di procedere all\u2019identificazione tra diritto e Stato con il fine ultimo di giungere all\u2019estinzione dello Stato stesso. Il diritto nuovo deve dunque diventare <strong>volont\u00e0 etica collettiva<\/strong> superando il formalismo del diritto come \u00e8 stato finora inteso.<\/span><\/p>\n<p style=\"text-align: justify;\"><span style=\"color: #000000;\">L\u2019individuo non ha esigenze proprie che debordano dai confini del soggetto collettivo. Non esiste di conseguenza una <em>\u201clibert\u00e0 liberale\u201d<\/em>, poich\u00e9 la libert\u00e0 si declina soltanto nell\u2019ambito del gruppo, n\u00e9 \u00e8 possibile scindere etica e politica. Sullo sfondo c\u2019\u00e8 l\u2019idea di <strong>un\u2019umanit\u00e0 unificata e autocosciente<\/strong> di essere il vero e unico motore della storia. Una sorta di globalizzazione <em>ante litteram<\/em>, anche se con un significato diverso da quello oggi in uso.<\/span><\/p>\n<h4 class=\"has-text-align-justify\" style=\"text-align: center;\"><span style=\"color: #000000;\"><strong>Pensatore totalitario<\/strong><\/span><\/h4>\n<p style=\"text-align: justify;\"><img loading=\"lazy\" decoding=\"async\" class=\"size-medium wp-image-48770 alignleft\" src=\"https:\/\/www.rassegnastampa-totustuus.it\/cattolica\/wp-content\/uploads\/2020\/10\/comunismo_sinistra-300x201.jpg\" alt=\"\" width=\"300\" height=\"201\" srcset=\"https:\/\/www.rassegnastampa-totustuus.it\/cattolica\/wp-content\/uploads\/2020\/10\/comunismo_sinistra-300x201.jpg 300w, https:\/\/www.rassegnastampa-totustuus.it\/cattolica\/wp-content\/uploads\/2020\/10\/comunismo_sinistra-768x514.jpg 768w, https:\/\/www.rassegnastampa-totustuus.it\/cattolica\/wp-content\/uploads\/2020\/10\/comunismo_sinistra-1024x685.jpg 1024w, https:\/\/www.rassegnastampa-totustuus.it\/cattolica\/wp-content\/uploads\/2020\/10\/comunismo_sinistra-595x400.jpg 595w, https:\/\/www.rassegnastampa-totustuus.it\/cattolica\/wp-content\/uploads\/2020\/10\/comunismo_sinistra.jpg 1280w\" sizes=\"auto, (max-width: 300px) 100vw, 300px\" \/>T<span style=\"color: #000000;\">ali sono dunque le premesse che spiegano il senso dell\u2019intellettuale collettivo e della egemonia culturale. Dal che appare chiaro che non si pu\u00f2 reagire a Gramsci restando unicamente sul piano politico contingente, fermandosi alla mera presa del potere.<\/span><\/p>\n<p style=\"text-align: justify;\">S<span style=\"color: #000000;\">e lo si vuole criticare in modo serio occorre risalire alla sua convinzione che esista una Storia con la \u201cS\u201d maiuscola, che vi sia una particolare classe destinata a farla entrare nella fase finale e definitiva (priva di conflitti), e che si diano parimenti delle <em>\u201cleggi storiche\u201d<\/em> che la governano in modo rigoroso.<\/span><\/p>\n<p style=\"text-align: justify;\"><span style=\"color: #000000;\">Bisogna, in altre parole, riconoscere che Gramsci \u00e8 davvero un <strong>pensatore totalitario<\/strong>, antiliberale piuttosto che antidemocratico. Senza queste precauzioni il rischio del fraintendimento \u00e8 sempre in agguato<\/span><\/p>\n<h4 class=\"has-text-align-justify\" style=\"text-align: center;\"><span style=\"color: #000000;\"><strong>L\u2019egemonia culturale<\/strong><\/span><\/h4>\n<p style=\"text-align: justify;\"><img loading=\"lazy\" decoding=\"async\" class=\" wp-image-27261 alignright\" src=\"https:\/\/www.rassegnastampa-totustuus.it\/cattolica\/wp-content\/uploads\/2009\/03\/egemonia_cultura.jpg\" alt=\"\" width=\"191\" height=\"201\" \/>T<span style=\"color: #000000;\">enendo conto che il panorama politico e culturale \u00e8 molto cambiato rispetto ai tempi in cui egli scriveva, \u00e8 quanto meno sorprendente notare il persistente successo della sua idea di <em>\u201cegemonia culturale\u201d<\/em><\/span>.<\/p>\n<p style=\"text-align: justify;\"><span style=\"color: #000000;\">Sorprendente perch\u00e9, a ben guardare, essa <strong>si \u00e8 davvero realizzata e domina ancora<\/strong> nel mondo dei <em>mass media<\/em> (soprattutto italiani), e in quello universitario e della cultura in genere. \u00c8 diventata, tale idea, componente fondamentale del <em>mainstream<\/em> politico che occupa quasi tutti gli spazi sui grandi giornali quotidiani, nei programmi televisivi e negli innumerevoli <em>talk show<\/em> che quotidianamente li affollano.<\/span><\/p>\n<p style=\"text-align: justify;\"><span style=\"color: #000000;\">Si pensi, per esempio, a giornali un tempo prestigiosi quali <em>Corriere della Sera<\/em> e <em>La Stampa<\/em>. L\u00ec direttori e giornalisti <strong>fanno a gara<\/strong> per dimostrare di far parte del suddetto <em>mainstream<\/em>. Senza nutrire rimorsi per il fatto di schierarsi a favore di un pensiero che pi\u00f9 <em>\u201cunico\u201d<\/em> di cos\u00ec non potrebbe essere.<\/span><\/p>\n<h4 class=\"has-text-align-justify\" style=\"text-align: center;\"><span style=\"color: #000000;\"><strong>Nel mirino anche liberali e conservatori<\/strong><\/span><\/h4>\n<p style=\"text-align: justify;\"><img loading=\"lazy\" decoding=\"async\" class=\" wp-image-31986 alignleft\" src=\"https:\/\/www.rassegnastampa-totustuus.it\/cattolica\/wp-content\/uploads\/2016\/03\/conservatori.jpg\" alt=\"\" width=\"287\" height=\"215\" \/><span style=\"color: #000000;\">Obiettivi diventano, allora, non solo i fascisti (spesso presunti tali), ma <strong>anche i liberali classici e l\u2019intero comparto dei conservatori<\/strong>, accusati di essere complici di una <em>\u201creazione\u201d<\/em> mai definita in termini chiar<\/span>i.<\/p>\n<p style=\"text-align: justify;\"><span style=\"color: #000000;\">Ecco perch\u00e9 chi si dichiara antifascista, e al contempo anticomunista, viene subito tacciato di essere <strong>fascista sotto mentite spoglie<\/strong>, come se il comunismo realizzato non avesse causato sconquassi enormi nel corso degli ultimi due secoli.<\/span><\/p>\n<p style=\"text-align: justify;\"><span style=\"color: #000000;\">\u00c8 una <strong>situazione davvero incresciosa<\/strong> che impedisce, in Italia e altrove, lo sviluppo di un dibattito storico sereno, e attento a cogliere tutti gli elementi che hanno concorso a fare la storia.<\/span><\/p>\n<p>_________________________________________________<\/p>\n<p><strong>Si legga anche:<\/strong><\/p>\n<p><a href=\"https:\/\/www.rassegnastampa-totustuus.it\/cattolica\/gramsci-e-la-via-italiana-al-comunismo\/\" target=\"_blank\" rel=\"noopener\"><span style=\"color: #0000ff;\">Gramsci e la via italiana al comunismo<\/span><\/a><\/p>\n","protected":false},"excerpt":{"rendered":"<p>Abstract: Antonio Gramsci e l&#8217;egemonia culturale realizzata di un pensatore totalitario. Nel mirino del pensiero unico egemone oggi non solo presunti fascisti, ma anche liberali e conservatori. I concetti di \u201cintellettuale collettivo\u201d e di \u201cegemonia culturale\u201d nascono nella mente di Antonio Gramsci essenzialmente come strumenti per la conquista del potere. ll pensatore sardo, nell\u2019elaborare l\u2019idea &hellip; <\/p>\n<p><a class=\"more-link btn\" href=\"https:\/\/www.rassegnastampa-totustuus.it\/cattolica\/antonio-gramsci-e-legemonia-culturale-realizzata\/\">Continua a leggere<\/a><\/p>\n","protected":false},"author":6,"featured_media":42536,"comment_status":"closed","ping_status":"closed","sticky":false,"template":"","format":"standard","meta":{"footnotes":""},"categories":[82,2943,27],"tags":[857,929,2593,1223],"class_list":["post-56299","post","type-post","status-publish","format-standard","has-post-thumbnail","hentry","category-comunismo-in-italia","category-sinistre","category-socialismo-e-comunismo","tag-antonio-gramsci","tag-egemonia-culturale","tag-pensiero-unico","tag-sinistra","item-wrap"],"yoast_head":"<!-- This site is optimized with the Yoast SEO plugin v27.5 - https:\/\/yoast.com\/product\/yoast-seo-wordpress\/ -->\n<title>Antonio Gramsci e l&#039;egemonia culturale realizzata - Rassegna Stampa Cattolica<\/title>\n<meta name=\"description\" content=\"Antonio Gramsci e l&#039;egemonia culturale realizzata di un pensatore totalitario. Nel mirino del pensiero unico egemone oggi anche i conservatori\" \/>\n<meta name=\"robots\" content=\"index, follow, max-snippet:-1, max-image-preview:large, max-video-preview:-1\" \/>\n<link rel=\"canonical\" href=\"https:\/\/www.rassegnastampa-totustuus.it\/cattolica\/antonio-gramsci-e-legemonia-culturale-realizzata\/\" \/>\n<meta property=\"og:locale\" content=\"it_IT\" \/>\n<meta property=\"og:type\" content=\"article\" \/>\n<meta property=\"og:title\" content=\"Antonio Gramsci e l&#039;egemonia culturale realizzata - Rassegna Stampa Cattolica\" \/>\n<meta property=\"og:description\" content=\"Antonio Gramsci e l&#039;egemonia culturale realizzata di un pensatore totalitario. Nel mirino del pensiero unico egemone oggi anche i conservatori\" \/>\n<meta property=\"og:url\" content=\"https:\/\/www.rassegnastampa-totustuus.it\/cattolica\/antonio-gramsci-e-legemonia-culturale-realizzata\/\" \/>\n<meta property=\"og:site_name\" content=\"Rassegna Stampa Cattolica\" \/>\n<meta property=\"article:publisher\" content=\"https:\/\/www.facebook.com\/rassegnastampacattolica\" \/>\n<meta property=\"article:published_time\" content=\"2023-05-04T10:27:44+00:00\" \/>\n<meta property=\"article:modified_time\" content=\"2024-01-04T19:58:18+00:00\" \/>\n<meta property=\"og:image\" content=\"https:\/\/www.rassegnastampa-totustuus.it\/cattolica\/wp-content\/uploads\/2019\/03\/Antonio_Gramsci.jpg\" \/>\n\t<meta property=\"og:image:width\" content=\"259\" \/>\n\t<meta property=\"og:image:height\" content=\"194\" \/>\n\t<meta property=\"og:image:type\" content=\"image\/jpeg\" \/>\n<meta name=\"author\" content=\"Redazione\" \/>\n<meta name=\"twitter:card\" content=\"summary_large_image\" \/>\n<meta name=\"twitter:creator\" content=\"@rassegnastampa9\" \/>\n<meta name=\"twitter:site\" content=\"@rassegnastampa9\" \/>\n<meta name=\"twitter:label1\" content=\"Scritto da\" \/>\n\t<meta name=\"twitter:data1\" content=\"Redazione\" \/>\n\t<meta name=\"twitter:label2\" content=\"Tempo di lettura stimato\" \/>\n\t<meta name=\"twitter:data2\" content=\"7 minuti\" \/>\n<script type=\"application\/ld+json\" class=\"yoast-schema-graph\">{\"@context\":\"https:\\\/\\\/schema.org\",\"@graph\":[{\"@type\":\"Article\",\"@id\":\"https:\\\/\\\/www.rassegnastampa-totustuus.it\\\/cattolica\\\/antonio-gramsci-e-legemonia-culturale-realizzata\\\/#article\",\"isPartOf\":{\"@id\":\"https:\\\/\\\/www.rassegnastampa-totustuus.it\\\/cattolica\\\/antonio-gramsci-e-legemonia-culturale-realizzata\\\/\"},\"author\":{\"name\":\"Redazione\",\"@id\":\"https:\\\/\\\/www.rassegnastampa-totustuus.it\\\/cattolica\\\/#\\\/schema\\\/person\\\/08f319d2bd1a0904ad9e2bfb7b15e5c3\"},\"headline\":\"Antonio Gramsci e l&#8217;egemonia culturale realizzata\",\"datePublished\":\"2023-05-04T10:27:44+00:00\",\"dateModified\":\"2024-01-04T19:58:18+00:00\",\"mainEntityOfPage\":{\"@id\":\"https:\\\/\\\/www.rassegnastampa-totustuus.it\\\/cattolica\\\/antonio-gramsci-e-legemonia-culturale-realizzata\\\/\"},\"wordCount\":939,\"publisher\":{\"@id\":\"https:\\\/\\\/www.rassegnastampa-totustuus.it\\\/cattolica\\\/#organization\"},\"image\":{\"@id\":\"https:\\\/\\\/www.rassegnastampa-totustuus.it\\\/cattolica\\\/antonio-gramsci-e-legemonia-culturale-realizzata\\\/#primaryimage\"},\"thumbnailUrl\":\"https:\\\/\\\/www.rassegnastampa-totustuus.it\\\/cattolica\\\/wp-content\\\/uploads\\\/2019\\\/03\\\/Antonio_Gramsci.jpg\",\"keywords\":[\"Antonio Gramsci\",\"egemonia culturale\",\"pensiero unico\",\"sinistra\"],\"articleSection\":[\"Comunismo in Italia\",\"sinistre\",\"Socialcomunismo\"],\"inLanguage\":\"it-IT\"},{\"@type\":\"WebPage\",\"@id\":\"https:\\\/\\\/www.rassegnastampa-totustuus.it\\\/cattolica\\\/antonio-gramsci-e-legemonia-culturale-realizzata\\\/\",\"url\":\"https:\\\/\\\/www.rassegnastampa-totustuus.it\\\/cattolica\\\/antonio-gramsci-e-legemonia-culturale-realizzata\\\/\",\"name\":\"Antonio Gramsci e l'egemonia culturale realizzata - Rassegna Stampa Cattolica\",\"isPartOf\":{\"@id\":\"https:\\\/\\\/www.rassegnastampa-totustuus.it\\\/cattolica\\\/#website\"},\"primaryImageOfPage\":{\"@id\":\"https:\\\/\\\/www.rassegnastampa-totustuus.it\\\/cattolica\\\/antonio-gramsci-e-legemonia-culturale-realizzata\\\/#primaryimage\"},\"image\":{\"@id\":\"https:\\\/\\\/www.rassegnastampa-totustuus.it\\\/cattolica\\\/antonio-gramsci-e-legemonia-culturale-realizzata\\\/#primaryimage\"},\"thumbnailUrl\":\"https:\\\/\\\/www.rassegnastampa-totustuus.it\\\/cattolica\\\/wp-content\\\/uploads\\\/2019\\\/03\\\/Antonio_Gramsci.jpg\",\"datePublished\":\"2023-05-04T10:27:44+00:00\",\"dateModified\":\"2024-01-04T19:58:18+00:00\",\"description\":\"Antonio Gramsci e l'egemonia culturale realizzata di un pensatore totalitario. Nel mirino del pensiero unico egemone oggi anche i conservatori\",\"breadcrumb\":{\"@id\":\"https:\\\/\\\/www.rassegnastampa-totustuus.it\\\/cattolica\\\/antonio-gramsci-e-legemonia-culturale-realizzata\\\/#breadcrumb\"},\"inLanguage\":\"it-IT\",\"potentialAction\":[{\"@type\":\"ReadAction\",\"target\":[\"https:\\\/\\\/www.rassegnastampa-totustuus.it\\\/cattolica\\\/antonio-gramsci-e-legemonia-culturale-realizzata\\\/\"]}]},{\"@type\":\"ImageObject\",\"inLanguage\":\"it-IT\",\"@id\":\"https:\\\/\\\/www.rassegnastampa-totustuus.it\\\/cattolica\\\/antonio-gramsci-e-legemonia-culturale-realizzata\\\/#primaryimage\",\"url\":\"https:\\\/\\\/www.rassegnastampa-totustuus.it\\\/cattolica\\\/wp-content\\\/uploads\\\/2019\\\/03\\\/Antonio_Gramsci.jpg\",\"contentUrl\":\"https:\\\/\\\/www.rassegnastampa-totustuus.it\\\/cattolica\\\/wp-content\\\/uploads\\\/2019\\\/03\\\/Antonio_Gramsci.jpg\",\"width\":259,\"height\":194},{\"@type\":\"BreadcrumbList\",\"@id\":\"https:\\\/\\\/www.rassegnastampa-totustuus.it\\\/cattolica\\\/antonio-gramsci-e-legemonia-culturale-realizzata\\\/#breadcrumb\",\"itemListElement\":[{\"@type\":\"ListItem\",\"position\":1,\"name\":\"Home\",\"item\":\"https:\\\/\\\/www.rassegnastampa-totustuus.it\\\/cattolica\\\/\"},{\"@type\":\"ListItem\",\"position\":2,\"name\":\"Antonio Gramsci e l&#8217;egemonia culturale realizzata\"}]},{\"@type\":\"WebSite\",\"@id\":\"https:\\\/\\\/www.rassegnastampa-totustuus.it\\\/cattolica\\\/#website\",\"url\":\"https:\\\/\\\/www.rassegnastampa-totustuus.it\\\/cattolica\\\/\",\"name\":\"Rassegna Stampa Cattolica\",\"description\":\"Per una cultura che nasce dalla Rivelazione cristiana in conformit\u00e0 alla tradizione e al Magistero della Chiesa in opposizione ad ogni relativismo e totalitarismo\",\"publisher\":{\"@id\":\"https:\\\/\\\/www.rassegnastampa-totustuus.it\\\/cattolica\\\/#organization\"},\"alternateName\":\"Rass. Cattolica\",\"potentialAction\":[{\"@type\":\"SearchAction\",\"target\":{\"@type\":\"EntryPoint\",\"urlTemplate\":\"https:\\\/\\\/www.rassegnastampa-totustuus.it\\\/cattolica\\\/?s={search_term_string}\"},\"query-input\":{\"@type\":\"PropertyValueSpecification\",\"valueRequired\":true,\"valueName\":\"search_term_string\"}}],\"inLanguage\":\"it-IT\"},{\"@type\":\"Organization\",\"@id\":\"https:\\\/\\\/www.rassegnastampa-totustuus.it\\\/cattolica\\\/#organization\",\"name\":\"Rassegna Stampa Cattolica\",\"url\":\"https:\\\/\\\/www.rassegnastampa-totustuus.it\\\/cattolica\\\/\",\"logo\":{\"@type\":\"ImageObject\",\"inLanguage\":\"it-IT\",\"@id\":\"https:\\\/\\\/www.rassegnastampa-totustuus.it\\\/cattolica\\\/#\\\/schema\\\/logo\\\/image\\\/\",\"url\":\"https:\\\/\\\/www.rassegnastampa-totustuus.it\\\/cattolica\\\/wp-content\\\/uploads\\\/2014\\\/04\\\/logo-rassegna1.gif\",\"contentUrl\":\"https:\\\/\\\/www.rassegnastampa-totustuus.it\\\/cattolica\\\/wp-content\\\/uploads\\\/2014\\\/04\\\/logo-rassegna1.gif\",\"width\":600,\"height\":163,\"caption\":\"Rassegna Stampa Cattolica\"},\"image\":{\"@id\":\"https:\\\/\\\/www.rassegnastampa-totustuus.it\\\/cattolica\\\/#\\\/schema\\\/logo\\\/image\\\/\"},\"sameAs\":[\"https:\\\/\\\/www.facebook.com\\\/rassegnastampacattolica\",\"https:\\\/\\\/x.com\\\/rassegnastampa9\"]},{\"@type\":\"Person\",\"@id\":\"https:\\\/\\\/www.rassegnastampa-totustuus.it\\\/cattolica\\\/#\\\/schema\\\/person\\\/08f319d2bd1a0904ad9e2bfb7b15e5c3\",\"name\":\"Redazione\",\"image\":{\"@type\":\"ImageObject\",\"inLanguage\":\"it-IT\",\"@id\":\"https:\\\/\\\/secure.gravatar.com\\\/avatar\\\/2fcdf27c78ea025fbdb44e914cc63c72249ffec9dc8aafd5c82b26240ef3f346?s=96&d=mm&r=g\",\"url\":\"https:\\\/\\\/secure.gravatar.com\\\/avatar\\\/2fcdf27c78ea025fbdb44e914cc63c72249ffec9dc8aafd5c82b26240ef3f346?s=96&d=mm&r=g\",\"contentUrl\":\"https:\\\/\\\/secure.gravatar.com\\\/avatar\\\/2fcdf27c78ea025fbdb44e914cc63c72249ffec9dc8aafd5c82b26240ef3f346?s=96&d=mm&r=g\",\"caption\":\"Redazione\"},\"url\":\"https:\\\/\\\/www.rassegnastampa-totustuus.it\\\/cattolica\\\/author\\\/pietroelle\\\/\"}]}<\/script>\n<!-- \/ Yoast SEO plugin. -->","yoast_head_json":{"title":"Antonio Gramsci e l'egemonia culturale realizzata - Rassegna Stampa Cattolica","description":"Antonio Gramsci e l'egemonia culturale realizzata di un pensatore totalitario. Nel mirino del pensiero unico egemone oggi anche i conservatori","robots":{"index":"index","follow":"follow","max-snippet":"max-snippet:-1","max-image-preview":"max-image-preview:large","max-video-preview":"max-video-preview:-1"},"canonical":"https:\/\/www.rassegnastampa-totustuus.it\/cattolica\/antonio-gramsci-e-legemonia-culturale-realizzata\/","og_locale":"it_IT","og_type":"article","og_title":"Antonio Gramsci e l'egemonia culturale realizzata - Rassegna Stampa Cattolica","og_description":"Antonio Gramsci e l'egemonia culturale realizzata di un pensatore totalitario. Nel mirino del pensiero unico egemone oggi anche i conservatori","og_url":"https:\/\/www.rassegnastampa-totustuus.it\/cattolica\/antonio-gramsci-e-legemonia-culturale-realizzata\/","og_site_name":"Rassegna Stampa Cattolica","article_publisher":"https:\/\/www.facebook.com\/rassegnastampacattolica","article_published_time":"2023-05-04T10:27:44+00:00","article_modified_time":"2024-01-04T19:58:18+00:00","og_image":[{"width":259,"height":194,"url":"https:\/\/www.rassegnastampa-totustuus.it\/cattolica\/wp-content\/uploads\/2019\/03\/Antonio_Gramsci.jpg","type":"image\/jpeg"}],"author":"Redazione","twitter_card":"summary_large_image","twitter_creator":"@rassegnastampa9","twitter_site":"@rassegnastampa9","twitter_misc":{"Scritto da":"Redazione","Tempo di lettura stimato":"7 minuti"},"schema":{"@context":"https:\/\/schema.org","@graph":[{"@type":"Article","@id":"https:\/\/www.rassegnastampa-totustuus.it\/cattolica\/antonio-gramsci-e-legemonia-culturale-realizzata\/#article","isPartOf":{"@id":"https:\/\/www.rassegnastampa-totustuus.it\/cattolica\/antonio-gramsci-e-legemonia-culturale-realizzata\/"},"author":{"name":"Redazione","@id":"https:\/\/www.rassegnastampa-totustuus.it\/cattolica\/#\/schema\/person\/08f319d2bd1a0904ad9e2bfb7b15e5c3"},"headline":"Antonio Gramsci e l&#8217;egemonia culturale realizzata","datePublished":"2023-05-04T10:27:44+00:00","dateModified":"2024-01-04T19:58:18+00:00","mainEntityOfPage":{"@id":"https:\/\/www.rassegnastampa-totustuus.it\/cattolica\/antonio-gramsci-e-legemonia-culturale-realizzata\/"},"wordCount":939,"publisher":{"@id":"https:\/\/www.rassegnastampa-totustuus.it\/cattolica\/#organization"},"image":{"@id":"https:\/\/www.rassegnastampa-totustuus.it\/cattolica\/antonio-gramsci-e-legemonia-culturale-realizzata\/#primaryimage"},"thumbnailUrl":"https:\/\/www.rassegnastampa-totustuus.it\/cattolica\/wp-content\/uploads\/2019\/03\/Antonio_Gramsci.jpg","keywords":["Antonio Gramsci","egemonia culturale","pensiero unico","sinistra"],"articleSection":["Comunismo in Italia","sinistre","Socialcomunismo"],"inLanguage":"it-IT"},{"@type":"WebPage","@id":"https:\/\/www.rassegnastampa-totustuus.it\/cattolica\/antonio-gramsci-e-legemonia-culturale-realizzata\/","url":"https:\/\/www.rassegnastampa-totustuus.it\/cattolica\/antonio-gramsci-e-legemonia-culturale-realizzata\/","name":"Antonio Gramsci e l'egemonia culturale realizzata - Rassegna Stampa Cattolica","isPartOf":{"@id":"https:\/\/www.rassegnastampa-totustuus.it\/cattolica\/#website"},"primaryImageOfPage":{"@id":"https:\/\/www.rassegnastampa-totustuus.it\/cattolica\/antonio-gramsci-e-legemonia-culturale-realizzata\/#primaryimage"},"image":{"@id":"https:\/\/www.rassegnastampa-totustuus.it\/cattolica\/antonio-gramsci-e-legemonia-culturale-realizzata\/#primaryimage"},"thumbnailUrl":"https:\/\/www.rassegnastampa-totustuus.it\/cattolica\/wp-content\/uploads\/2019\/03\/Antonio_Gramsci.jpg","datePublished":"2023-05-04T10:27:44+00:00","dateModified":"2024-01-04T19:58:18+00:00","description":"Antonio Gramsci e l'egemonia culturale realizzata di un pensatore totalitario. Nel mirino del pensiero unico egemone oggi anche i conservatori","breadcrumb":{"@id":"https:\/\/www.rassegnastampa-totustuus.it\/cattolica\/antonio-gramsci-e-legemonia-culturale-realizzata\/#breadcrumb"},"inLanguage":"it-IT","potentialAction":[{"@type":"ReadAction","target":["https:\/\/www.rassegnastampa-totustuus.it\/cattolica\/antonio-gramsci-e-legemonia-culturale-realizzata\/"]}]},{"@type":"ImageObject","inLanguage":"it-IT","@id":"https:\/\/www.rassegnastampa-totustuus.it\/cattolica\/antonio-gramsci-e-legemonia-culturale-realizzata\/#primaryimage","url":"https:\/\/www.rassegnastampa-totustuus.it\/cattolica\/wp-content\/uploads\/2019\/03\/Antonio_Gramsci.jpg","contentUrl":"https:\/\/www.rassegnastampa-totustuus.it\/cattolica\/wp-content\/uploads\/2019\/03\/Antonio_Gramsci.jpg","width":259,"height":194},{"@type":"BreadcrumbList","@id":"https:\/\/www.rassegnastampa-totustuus.it\/cattolica\/antonio-gramsci-e-legemonia-culturale-realizzata\/#breadcrumb","itemListElement":[{"@type":"ListItem","position":1,"name":"Home","item":"https:\/\/www.rassegnastampa-totustuus.it\/cattolica\/"},{"@type":"ListItem","position":2,"name":"Antonio Gramsci e l&#8217;egemonia culturale realizzata"}]},{"@type":"WebSite","@id":"https:\/\/www.rassegnastampa-totustuus.it\/cattolica\/#website","url":"https:\/\/www.rassegnastampa-totustuus.it\/cattolica\/","name":"Rassegna Stampa Cattolica","description":"Per una cultura che nasce dalla Rivelazione cristiana in conformit\u00e0 alla tradizione e al Magistero della Chiesa in opposizione ad ogni relativismo e totalitarismo","publisher":{"@id":"https:\/\/www.rassegnastampa-totustuus.it\/cattolica\/#organization"},"alternateName":"Rass. Cattolica","potentialAction":[{"@type":"SearchAction","target":{"@type":"EntryPoint","urlTemplate":"https:\/\/www.rassegnastampa-totustuus.it\/cattolica\/?s={search_term_string}"},"query-input":{"@type":"PropertyValueSpecification","valueRequired":true,"valueName":"search_term_string"}}],"inLanguage":"it-IT"},{"@type":"Organization","@id":"https:\/\/www.rassegnastampa-totustuus.it\/cattolica\/#organization","name":"Rassegna Stampa Cattolica","url":"https:\/\/www.rassegnastampa-totustuus.it\/cattolica\/","logo":{"@type":"ImageObject","inLanguage":"it-IT","@id":"https:\/\/www.rassegnastampa-totustuus.it\/cattolica\/#\/schema\/logo\/image\/","url":"https:\/\/www.rassegnastampa-totustuus.it\/cattolica\/wp-content\/uploads\/2014\/04\/logo-rassegna1.gif","contentUrl":"https:\/\/www.rassegnastampa-totustuus.it\/cattolica\/wp-content\/uploads\/2014\/04\/logo-rassegna1.gif","width":600,"height":163,"caption":"Rassegna Stampa Cattolica"},"image":{"@id":"https:\/\/www.rassegnastampa-totustuus.it\/cattolica\/#\/schema\/logo\/image\/"},"sameAs":["https:\/\/www.facebook.com\/rassegnastampacattolica","https:\/\/x.com\/rassegnastampa9"]},{"@type":"Person","@id":"https:\/\/www.rassegnastampa-totustuus.it\/cattolica\/#\/schema\/person\/08f319d2bd1a0904ad9e2bfb7b15e5c3","name":"Redazione","image":{"@type":"ImageObject","inLanguage":"it-IT","@id":"https:\/\/secure.gravatar.com\/avatar\/2fcdf27c78ea025fbdb44e914cc63c72249ffec9dc8aafd5c82b26240ef3f346?s=96&d=mm&r=g","url":"https:\/\/secure.gravatar.com\/avatar\/2fcdf27c78ea025fbdb44e914cc63c72249ffec9dc8aafd5c82b26240ef3f346?s=96&d=mm&r=g","contentUrl":"https:\/\/secure.gravatar.com\/avatar\/2fcdf27c78ea025fbdb44e914cc63c72249ffec9dc8aafd5c82b26240ef3f346?s=96&d=mm&r=g","caption":"Redazione"},"url":"https:\/\/www.rassegnastampa-totustuus.it\/cattolica\/author\/pietroelle\/"}]}},"_links":{"self":[{"href":"https:\/\/www.rassegnastampa-totustuus.it\/cattolica\/wp-json\/wp\/v2\/posts\/56299","targetHints":{"allow":["GET"]}}],"collection":[{"href":"https:\/\/www.rassegnastampa-totustuus.it\/cattolica\/wp-json\/wp\/v2\/posts"}],"about":[{"href":"https:\/\/www.rassegnastampa-totustuus.it\/cattolica\/wp-json\/wp\/v2\/types\/post"}],"author":[{"embeddable":true,"href":"https:\/\/www.rassegnastampa-totustuus.it\/cattolica\/wp-json\/wp\/v2\/users\/6"}],"replies":[{"embeddable":true,"href":"https:\/\/www.rassegnastampa-totustuus.it\/cattolica\/wp-json\/wp\/v2\/comments?post=56299"}],"version-history":[{"count":5,"href":"https:\/\/www.rassegnastampa-totustuus.it\/cattolica\/wp-json\/wp\/v2\/posts\/56299\/revisions"}],"predecessor-version":[{"id":58795,"href":"https:\/\/www.rassegnastampa-totustuus.it\/cattolica\/wp-json\/wp\/v2\/posts\/56299\/revisions\/58795"}],"wp:featuredmedia":[{"embeddable":true,"href":"https:\/\/www.rassegnastampa-totustuus.it\/cattolica\/wp-json\/wp\/v2\/media\/42536"}],"wp:attachment":[{"href":"https:\/\/www.rassegnastampa-totustuus.it\/cattolica\/wp-json\/wp\/v2\/media?parent=56299"}],"wp:term":[{"taxonomy":"category","embeddable":true,"href":"https:\/\/www.rassegnastampa-totustuus.it\/cattolica\/wp-json\/wp\/v2\/categories?post=56299"},{"taxonomy":"post_tag","embeddable":true,"href":"https:\/\/www.rassegnastampa-totustuus.it\/cattolica\/wp-json\/wp\/v2\/tags?post=56299"}],"curies":[{"name":"wp","href":"https:\/\/api.w.org\/{rel}","templated":true}]}}