{"id":56272,"date":"2023-05-04T00:00:42","date_gmt":"2023-05-03T22:00:42","guid":{"rendered":"http:\/\/www.rassegnastampa-totustuus.it\/cattolica\/?p=56272"},"modified":"2023-12-28T12:39:32","modified_gmt":"2023-12-28T11:39:32","slug":"guerra-e-pace-in-ucraina-secondo-il-magistero-della-chiesa","status":"publish","type":"post","link":"https:\/\/www.rassegnastampa-totustuus.it\/cattolica\/guerra-e-pace-in-ucraina-secondo-il-magistero-della-chiesa\/","title":{"rendered":"Guerra e pace in Ucraina secondo il Magistero della Chiesa"},"content":{"rendered":"<p style=\"text-align: justify;\"><strong><span style=\"color: #000000;\"><img loading=\"lazy\" decoding=\"async\" class=\"size-medium wp-image-55390 alignleft\" src=\"https:\/\/www.rassegnastampa-totustuus.it\/cattolica\/wp-content\/uploads\/2022\/12\/Ucraina_guerra-300x168.jpg\" alt=\"\" width=\"300\" height=\"168\" \/>Abstract: <\/span><\/strong><em><span style=\"color: #000000;\">g<\/span><span style=\"color: #000000;\">uerra e pace in Ucraina secondo il Magistero della Chiesa. Comprendendo tutte le crisi ed escalation violente,\u00a0 secondo la Caritas, si calcolano 359 conflitti nel 2020, incluso quello storico e \u201cprimordiale\u201d tra israeliani e palestinesi. Non c\u2019\u00e8 quindi solo la guerra Russia-Ucraina ma, per motivi che non si faticano ad intuire, nei grandi media occidentali si parla quasi solo di questo conflitto.<\/span><\/em><\/p>\n<p style=\"text-align: center;\"><!--more--><span style=\"color: #000000;\">Testo della conferenza tenuta a Roma il 29 marzo 2023 presso la<\/span> <span style=\"color: #0000ff;\"><a style=\"color: #0000ff;\" href=\"https:\/\/www.collegiorui.it\/it\/\" target=\"_blank\" rel=\"noopener noreferrer\"><em>Residenza Universitaria Internazionale<\/em><\/a> <\/span><span style=\"color: #000000;\">(RUI)<\/span><\/p>\n<h3 style=\"text-align: center;\"><span style=\"color: #000000;\">Guerra e pace fra Magistero e attualit\u00e0 politica<\/span><\/h3>\n<p><img loading=\"lazy\" decoding=\"async\" class=\"size-medium wp-image-55680 aligncenter\" src=\"https:\/\/www.rassegnastampa-totustuus.it\/cattolica\/wp-content\/uploads\/2023\/02\/Africa_guerra_armi-1-300x160.jpg\" alt=\"\" width=\"300\" height=\"160\" srcset=\"https:\/\/www.rassegnastampa-totustuus.it\/cattolica\/wp-content\/uploads\/2023\/02\/Africa_guerra_armi-1-300x160.jpg 300w, https:\/\/www.rassegnastampa-totustuus.it\/cattolica\/wp-content\/uploads\/2023\/02\/Africa_guerra_armi-1.jpg 307w\" sizes=\"auto, (max-width: 300px) 100vw, 300px\" \/><\/p>\n<p style=\"text-align: center;\"><span style=\"color: #000000;\">di <strong>Giuseppe Brienza<\/strong><\/span><\/p>\n<p style=\"text-align: right;\"><span style=\"color: #000000;\">\u00ab<em>La pace terrena, <\/em><em>che nasce dall&#8217;amore del prossimo, <\/em><\/span><\/p>\n<p style=\"text-align: right;\"><span style=\"color: #000000;\"><em>\u00e8 immagine ed effetto della pace di Cristo\u00a0 <\/em><em>che promana dal Padre<\/em>\u00bb<\/span><\/p>\n<p style=\"text-align: right;\"><span style=\"color: #000000;\">(<em>Gaudium et Spes<\/em>, 7 dicembre 1965, n. 78)<\/span><\/p>\n<p style=\"text-align: justify;\"><span style=\"color: #000000;\">In un rapporto pubblicato prima dell\u2019inizio della guerra in Ucraina la<\/span> <span style=\"color: #0000ff;\"><a style=\"color: #0000ff;\" href=\"https:\/\/www.italiacaritas.it\/\" target=\"_blank\" rel=\"noopener noreferrer\"><em>Caritas<\/em> italiana<\/a><\/span> <span style=\"color: #000000;\">aveva individuato nel mondo<\/span> <span style=\"color: #0000ff;\"><a style=\"color: #0000ff;\" href=\"https:\/\/www.italiacaritas.it\/blog\/2021\/12\/21\/falsi-equilibri-che-scatenano-guerre\/\" target=\"_blank\" rel=\"noopener noreferrer\">22 conflitti <em>ad alta densit\u00e0<\/em><\/a><\/span> <span style=\"color: #000000;\">(1). Con l\u2019attacco sferrato dalla Federazione russa ad Hostomel&#8217;, nel distretto di Bu\u010da, il 24 febbraio del 2022 le guerre nel mondo salgono quindi a 23.<\/span><\/p>\n<p style=\"text-align: justify;\"><span style=\"color: #000000;\"><img loading=\"lazy\" decoding=\"async\" class=\"wp-image-55392 alignright\" src=\"https:\/\/www.rassegnastampa-totustuus.it\/cattolica\/wp-content\/uploads\/2022\/12\/carri_armati_russi_guerra.jpg\" alt=\"\" width=\"301\" height=\"213\" \/>Comprendendo tutte le crisi ed <em>escalation<\/em> violente, sempre secondo la <em>Caritas<\/em>, si calcolano 359 conflitti nel 2020, incluso quello storico e \u201cprimordiale\u201d tra israeliani e palestinesi. Finch\u00e9 durer\u00e0 quest\u2019ultimo, con tutte le sue conseguenze anche al di fuori della specifica area mediorientale, sar\u00e0 a nostro parere molto difficile che la situazione internazionale possa migliorare dal punto di vista bellico. Gerusalemme, infatti, come ha ricordato Papa Francesco, \u00ab<em>ha un valore universale, contenuto gi\u00e0 nel significato del suo nome: \u201c<\/em>Citt\u00e0 della pace\u201d\u00bb (2).<\/span><\/p>\n<h4 style=\"text-align: center;\"><span style=\"color: #000000;\"><strong>Non solo conflitto il russo\/ucraino\u2026<\/strong><\/span><\/h4>\n<p style=\"text-align: justify;\"><span style=\"color: #000000;\">Non c\u2019\u00e8 quindi solo la guerra Russia-Ucraina ma, per motivi che non si faticano ad intuire, nei grandi <em>media<\/em> occidentali si parla quasi solo di questo conflitto. Eppure in Siria negli oltre 12 anni di guerra le vittime ammontano a mezzo milione, laddove quelle fra russi e ucraini, al momento, non superano le 130mila, delle quali 30mila civili.<\/span><\/p>\n<p style=\"text-align: justify;\"><span style=\"color: #000000;\"><img loading=\"lazy\" decoding=\"async\" class=\" wp-image-31191 alignleft\" src=\"https:\/\/www.rassegnastampa-totustuus.it\/cattolica\/wp-content\/uploads\/2009\/04\/Yemen_chiesa-300x139.jpg\" alt=\"\" width=\"350\" height=\"162\" srcset=\"https:\/\/www.rassegnastampa-totustuus.it\/cattolica\/wp-content\/uploads\/2009\/04\/Yemen_chiesa-300x139.jpg 300w, https:\/\/www.rassegnastampa-totustuus.it\/cattolica\/wp-content\/uploads\/2009\/04\/Yemen_chiesa.jpg 330w\" sizes=\"auto, (max-width: 350px) 100vw, 350px\" \/>Nello Yemen dal conflitto in corso dal 2015 \u00e8 scaturita la pi\u00f9 grave crisi umanitaria del mondo, con 17 milioni di persone che soffrono la fame e abbisognano di assistenza umanitaria. In Etiopia la guerra \u00e8 scoppiata per la contesa della regione del Tigray, lungi dall\u2019essere risolta. Nell\u2019ambito del conflitto in Mozambico dal 2017 la popolazione civile della provincia di Capo Delgado \u00e8 vittima di continui attacchi omicidi di formazioni <em>jih\u0101diste<\/em>, per non parlare poi del Sud Sudan, della Repubblica \u201cDemocratica\u201d del Congo e del Mali, nazione all\u2019interno della quale milizie islamiste impediscono ai contadini inermi di mietere le risaie bruciando e saccheggiando i loro campi. Di queste e delle altre guerre <em>ad alta intensit\u00e0<\/em>, per\u00f2, al di fuori delle ristrette cerchie specialistiche, non si parla. Non tutte le guerre sono uguali quindi per la (dis-)informazione e, quindi, per la politica contemporanea?<\/span><\/p>\n<h4 style=\"text-align: center;\"><span style=\"color: #000000;\"><strong><em>\u201c<\/em><\/strong><strong>Beati gli operatori di pace, perch\u00e9 saranno chiamati figli di Dio<em>\u201d (Mt 5,9)<\/em><\/strong><\/span><\/h4>\n<p style=\"text-align: justify;\"><span style=\"color: #000000;\"><img loading=\"lazy\" decoding=\"async\" class=\"size-full wp-image-41924 alignright\" src=\"https:\/\/www.rassegnastampa-totustuus.it\/cattolica\/wp-content\/uploads\/2019\/01\/papa_Francesco.jpg\" alt=\"\" width=\"299\" height=\"168\" \/>A giudicare dagli appelli per la pace di Papa Francesco (con quello dell\u2019<\/span><span style=\"color: #0000ff;\"><a style=\"color: #0000ff;\" href=\"https:\/\/www.vatican.va\/content\/francesco\/it\/audiences\/2023\/documents\/20230322-udienza-generale.html\" target=\"_blank\" rel=\"noopener noreferrer\">Udienza Generale del 22 marzo 2023<\/a><\/span><span style=\"color: #000000;\"> assommano a 111 [3]), non solo rivolti ai belligeranti in Ucraina ma estesi anche a molte delle situazioni di conflitto attive nel mondo, l\u2019evoluzione di quella che il Pontefice ha efficacemente identificato come la terza guerra mondiale \u201ca pezzi\u201d (4), sembra infittirsi nel tempo di sempre nuovi ostacoli e funeste prospettive. Fin dall\u2019inizio del suo pontificato Bergoglio, in effetti, \u00e8 stato l\u2019unico \u201cleader globale\u201d che \u00ab<em>ha colto il quadro complessivo delle sofferenze del pianeta, cercando di scuotere sia i fedeli che l\u2019opinione pubblica occidentale dall\u2019indifferenza indotta dall\u2019apparente benessere<\/em>\u00bb (5).<\/span><\/p>\n<p style=\"text-align: justify;\"><span style=\"color: #000000;\"><img loading=\"lazy\" decoding=\"async\" class=\" wp-image-55263 alignleft\" src=\"https:\/\/www.rassegnastampa-totustuus.it\/cattolica\/wp-content\/uploads\/2022\/12\/guerra_Russia_Ucraina.jpg\" alt=\"\" width=\"338\" height=\"225\" \/>Come in tante altre situazioni di crisi e pericolo, per\u00f2, le situazioni &#8211; umanamente parlando &#8211; sono in mano agli uomini e alle donne che reggono politicamente le fila delle comunit\u00e0 nazionali e internazionale. Per questo ritengo essenziale l\u2019invocazione dell\u2019Arcivescovo di Milano mons. Mario Delpini a \u00ab<em>pregare che lo Spirito di Dio e le parole del Papa facciano sorgere, come capita ogni tanto nella storia, qualche personalit\u00e0 eminente, saggia, santa, autorevole, all\u2019altezza del suo compito, che la gente possa riconoscere come operatore di pace<\/em>\u00bb (6). <\/span><\/p>\n<p style=\"text-align: justify;\"><span style=\"color: #000000;\">Infatti, se la scena mondiale divenisse finalmente appannaggio di tali <em>personalit\u00e0 di pace<\/em>, verrebbero meno quei protagonisti guerrafondai nascosti che, pur avendo promosso e soffiando costantemente sulla <em>damnatio<\/em> del presidente della Federazione Russa Vladimir Putin, hanno la responsabilit\u00e0 di aver aggiunto ai danni e lutti della <em>calamit\u00e0 creata<\/em>, quelli della strumentalizzazione a fini di parte, in una dinamica bellica \u00ab<em>sovente incrementata \u201ca tavolino\u201d, in quel meccanismo di azione reazione, ben noto e, non solo agli esperti, nei millenni<\/em>\u00bb (7).<\/span><\/p>\n<h4 style=\"text-align: center;\"><span style=\"color: #000000;\"><strong>L\u2019unica via d\u2019uscita dalla tragedia ucraina? Un cessate il fuoco immediato<\/strong><\/span><\/h4>\n<p style=\"text-align: justify;\"><span style=\"color: #000000;\"><img loading=\"lazy\" decoding=\"async\" class=\" wp-image-53892 alignleft\" src=\"https:\/\/www.rassegnastampa-totustuus.it\/cattolica\/wp-content\/uploads\/2022\/04\/Ucraina_guerra_soldati-1.jpg\" alt=\"\" width=\"300\" height=\"198\" \/>Per quanto riguarda l\u2019Italia, ormai la stragrande maggioranza dell\u2019opinione pubblica \u00e8 divenuta contraria all\u2019invio di armi in Ucraina (8). Sembra quindi confermato quel dato da sempre tramandato dalla storia secondo cui il popolo (<em>i popoli<\/em>) abbiano un \u201cconnaturato\u201d bisogno di pace.<\/span><\/p>\n<p style=\"text-align: justify;\"><span style=\"color: #000000;\">Oltretutto, come ricordava uno dei pochi politici della <em>Prima Repubblica<\/em> non asservito a logiche unilaterali o servilistiche in politica estera come Amintore Fanfani (1908-1999), \u00ab<em>la Costituzione italiana \u00e8 seria quando dice che l\u2019Italia rinunzia alla guerra come strumento di politica estera<\/em>\u00bb (9).<\/span><\/p>\n<div id=\"attachment_13666\" style=\"width: 176px\" class=\"wp-caption alignright\"><img loading=\"lazy\" decoding=\"async\" aria-describedby=\"caption-attachment-13666\" class=\"wp-image-13666 size-full\" src=\"https:\/\/www.rassegnastampa-totustuus.it\/cattolica\/wp-content\/uploads\/2014\/11\/Amintore-Fanfani.jpg\" alt=\"\" width=\"176\" height=\"241\" \/><p id=\"caption-attachment-13666\" class=\"wp-caption-text\">Amintore Fanfani<\/p><\/div>\n<p style=\"text-align: justify;\"><span style=\"color: #000000;\">Oggi manca purtroppo chi si richiami all\u2019eredit\u00e0 di un grande <em>cattolico in politica<\/em> come Fanfani che, senza manovre di Palazzo, interventi giudiziari e\/o interferenze internazionali ha saputo ricoprire onorevolmente pi\u00f9 volte l\u2019incarico di ministro degli esteri oltre che, per ben sei volte, quello di presidente del Consiglio (10). Come affermato da un protagonista di quei tempi come Mario Primicerio, gi\u00e0 sindaco di Firenze dal 1995 al 1999 e fino a pochi anni fa presidente della <a style=\"color: #000000;\" href=\"https:\/\/www.fondazionelapira.org\/\">fondazione intitolata a Giorgio La Pira (1904-1977)<\/a>, altro protagonista recentemente <a style=\"color: #000000;\" href=\"https:\/\/www.causesanti.va\/it\/venerabili\/giorgio-la-pira.html\">dichiarato <em>Venerabile<\/em> da Papa Francesco<\/a>, \u00ab<em>l\u2019unica via d\u2019uscita dalla tragedia ucraina \u00e8 un cessate il fuoco immediato. Anche senza un ritiro preventivo delle truppe russe<\/em>\u00bb (11).<\/span><\/p>\n<p><img loading=\"lazy\" decoding=\"async\" class=\"alignleft wp-image-49047 size-medium\" src=\"https:\/\/www.rassegnastampa-totustuus.it\/cattolica\/wp-content\/uploads\/2020\/11\/Italia-1-300x200.jpg\" alt=\"\" width=\"300\" height=\"200\" srcset=\"https:\/\/www.rassegnastampa-totustuus.it\/cattolica\/wp-content\/uploads\/2020\/11\/Italia-1-300x200.jpg 300w, https:\/\/www.rassegnastampa-totustuus.it\/cattolica\/wp-content\/uploads\/2020\/11\/Italia-1-768x512.jpg 768w, https:\/\/www.rassegnastampa-totustuus.it\/cattolica\/wp-content\/uploads\/2020\/11\/Italia-1-1024x683.jpg 1024w, https:\/\/www.rassegnastampa-totustuus.it\/cattolica\/wp-content\/uploads\/2020\/11\/Italia-1.jpg 1875w\" sizes=\"auto, (max-width: 300px) 100vw, 300px\" \/><\/p>\n<p style=\"text-align: justify;\"><span style=\"color: #000000;\">L\u2019Italia e Roma potrebbero svolgere in merito un ruolo importantissimo, perch\u00e9 noi rimaniamo la \u201cpatria del diritto\u201d ed i fautori di una idea di pace fondata sul diritto. Un\u2019idea portata avanti nei secoli da filosofi, giuristi, ecclesiastici ma anche da politici significativi e internazionalmente noti come i citati Fanfani e La Pira. Uomini e donne per i quali lo stato naturale (o \u201cprimitivo\u201d) delle relazioni tra i popoli non \u00e8 la guerra [teoria della \u201costilit\u00e0 naturale\u201d promossa sulla scia dello storico e giurista tedesco Theodor Mommsen (1817-1903)] bens\u00ec \u00ab<em>il fallimento della politica<\/em>\u00bb (12)<\/span>.<\/p>\n<p style=\"text-align: justify;\"><span style=\"color: #000000;\">A proposito della pace, in particolare, \u00e8 ora valido pi\u00f9 che nel passato l\u2019insegnamento di san Giovanni Paolo II sul ruolo del diritto \u00ab<em>destinato ad ampliarsi nel mantenimento della pace. Si sapeva gi\u00e0 quanto largamente, in ogni stato, la promozione della giustizia e il rispetto dei diritti dell\u2019uomo beneficiassero del lavoro dei giuristi. Ma il ruolo di costoro non \u00e8 minore quando si tratta di ricercare i medesimi obiettivi sul piano internazionale, e di perfezionare, a questo livello, gli strumenti giuridici che costruiscono la pace e la mantengono<\/em>\u00bb(13).<\/span><\/p>\n<h4 style=\"text-align: center;\"><span style=\"color: #000000;\"><strong>Conclusione (con una proposta)<\/strong><\/span><\/h4>\n<p style=\"text-align: justify;\"><span style=\"color: #000000;\"><img loading=\"lazy\" decoding=\"async\" class=\" wp-image-46686 alignright\" src=\"https:\/\/www.rassegnastampa-totustuus.it\/cattolica\/wp-content\/uploads\/2020\/03\/arte_picasso_pace.jpeg\" alt=\"\" width=\"299\" height=\"205\" \/>Ricorrendo in conclusione ad un protagonista \u201cfuori dei giochi\u201d come il prof. Primicerio, ci sembra significativo ricordare quanto da lui affermato in specifico riferimento alla guerra in Ucraina, ovvero che \u00ab<em>la pace \u00e8<\/em> <em>un processo, e il primo passo deve essere volto a limitare l\u2019intensit\u00e0 del conflitto fino a una cessazione delle ostilit\u00e0<\/em>\u00bb (14).<\/span><\/p>\n<p style=\"text-align: justify;\"><span style=\"color: #000000;\">Riteniamo quindi che un possibile passo verso una \u00ab<em>migliore politica, posta al servizio del vero bene comune<\/em>\u00bb (15) possa essere operato nell\u2019ambito degli attuali conflitti <em>ad alta densit\u00e0<\/em> con la promozione di \u201ccorridoi umanitari\u201d. Frutto talvolta di una collaborazione ecumenica fra protestanti e cattolici, tali \u201ccorridoi\u201d stanno dando e potranno dare ancora pi\u00f9 rifugio e accoglienza a sempre pi\u00f9 singoli e famiglie, realizzando cos\u00ec, come afferma Papa Francesco, \u00ab<em>un impegno concreto per la pace<\/em>\u00bb non solo per il martoriato Paese ucraino ma anche \u00ab<em>per gli altri che sono colpiti dalla guerra <\/em>[\u2026]<em>. E questo servizio ai poveri, ai profughi e ai rifugiati \u00e8 anche un\u2019esperienza forte di unit\u00e0 tra i cristiani <\/em>[\u2026]<em> un bel segno che unisce fratelli e sorelle che condividono la fede in Cristo<\/em>\u00bb (16).<\/span><\/p>\n<p style=\"text-align: center;\">_______________________<\/p>\n<p style=\"text-align: justify;\"><span style=\"color: #000000;\"><strong>(1)<\/strong> Cfr. Caritas Italiana, <em>Falsi equilibri. Rapporto su diseguaglianze e conflitti dimenticati<\/em>, Edizioni San Paolo, Cinisello Balsamo (Mi) 2021.<\/span><\/p>\n<p style=\"text-align: justify;\"><span style=\"color: #000000;\"><strong>(2)<\/strong> Papa Francesco,<\/span> <span style=\"color: #0000ff;\"><a style=\"color: #0000ff;\" href=\"https:\/\/www.vatican.va\/content\/francesco\/it\/speeches\/2023\/march\/documents\/20230309-jointworking-dialogue.html\" target=\"_blank\" rel=\"noopener noreferrer\"><em>Saluto ai partecipanti del Gruppo congiunto di lavoro per il dialogo tra il Dicastero per il dialogo interreligioso e la Commissione Palestinese per il dialogo interreligioso<\/em><\/a><\/span>, <span style=\"color: #000000;\">9 marzo 2023.<\/span><\/p>\n<p style=\"text-align: justify;\"><span style=\"color: #000000;\"><strong>(3)<\/strong> Cfr. Maria Pia Baccari,<\/span> <span style=\"color: #0000ff;\"><a style=\"color: #0000ff;\" href=\"https:\/\/www.centrostudilivatino.it\/il-grido-di-pace-la-violenza-e-la-guerra-non-sono-mai-la-via-della-pace\/\" target=\"_blank\" rel=\"noopener noreferrer\"><em>Il grido di pace: la violenza e la guerra non sono mai lavia della pace<\/em><\/a><\/span>, <span style=\"color: #000000;\">in<\/span> <span style=\"color: #0000ff;\"><a style=\"color: #0000ff;\" href=\"https:\/\/www.centrostudilivatino.it\/\" target=\"_blank\" rel=\"noopener noreferrer\">Centro Studi \u201cRosario Livatino\u201d<\/a><\/span>, <span style=\"color: #000000;\">18 marzo 2023.<\/span><\/p>\n<p style=\"text-align: justify;\"><span style=\"color: #000000;\"><strong>(4) <\/strong>Cfr. Marco Orioles<\/span>, <span style=\"color: #0000ff;\"><a style=\"color: #0000ff;\" href=\"https:\/\/www.store.rubbettinoeditore.it\/catalogo\/la-terza-guerra-mondiale-a-pezzi\/\" target=\"_blank\" rel=\"noopener noreferrer\"><em>La Terza guerra mondiale a pezzi. La grande turbolenza globale: cronache e commenti<\/em><\/a><\/span>, <span style=\"color: #0000ff;\"><a style=\"color: #0000ff;\" href=\"https:\/\/www.store.rubbettinoeditore.it\/\" target=\"_blank\" rel=\"noopener noreferrer\"><em>Rubbettino Editore<\/em><\/a><\/span>, <span style=\"color: #000000;\">Soveria Mannelli (CZ) 2022.<\/span><\/p>\n<p style=\"text-align: justify;\"><span style=\"color: #000000;\"><strong>(5)<\/strong> Gianpiero Gamaleri, <em>La fumata bianca della pace. La voce di dodici Papi contro la guerra<\/em><\/span>,<span style=\"color: #0000ff;\"> <a style=\"color: #0000ff;\" href=\"https:\/\/www.pagine.net\/\" target=\"_blank\" rel=\"noopener noreferrer\"><em>Editrice Pagine<\/em><\/a><\/span>,<span style=\"color: #000000;\"> Roma 2023, <em>Introduzione<\/em>.<\/span><\/p>\n<p style=\"text-align: justify;\"><span style=\"color: #000000;\"><strong>(6)<\/strong> Cit. in Francesco Ognibene,<\/span> <span style=\"color: #0000ff;\"><a style=\"color: #0000ff;\" href=\"https:\/\/www.avvenire.it\/attualita\/pagine\/costruttoridi-speranza\" target=\"_blank\" rel=\"noopener noreferrer\"><em>Delpini: la pace \u00e8 una guarigione. Ora tregua, basta morti, basta bombe<\/em><\/a><\/span>, <a href=\"https:\/\/www.avvenire.it\/\"><em><span style=\"color: #0000ff;\">Avvenire<\/span><\/em><\/a>, <span style=\"color: #000000;\">19 febbraio 2023.<\/span><\/p>\n<p style=\"text-align: justify;\"><span style=\"color: #000000;\"><strong>(7)<\/strong> M. P. Baccari, <em>Il grido di pace: la violenza e la guerra\u2026<\/em>, art. cit.<\/span><\/p>\n<p style=\"text-align: justify;\"><span style=\"color: #000000;\"><strong>(8)<\/strong> Cfr. Istituto Demopolis,<\/span> <span style=\"color: #0000ff;\"><a style=\"color: #0000ff;\" href=\"https:\/\/www.famigliacristiana.it\/articolo\/sondaggio-demopolis-la-maggorenza-degli-italiani-contraria-all-invio-di-armi.aspx\" target=\"_blank\" rel=\"noopener noreferrer\"><em>L\u2019invio di armi a Kiev divide l\u2019Italia<\/em><\/a>,<\/span> in <span style=\"color: #0000ff;\"><a style=\"color: #0000ff;\" href=\"https:\/\/www.famigliacristiana.it\/\" target=\"_blank\" rel=\"noopener noreferrer\"><em>Famiglia Cristiana<\/em><\/a><\/span>,<span style=\"color: #000000;\"> 23 febbraio 2023.<\/span><\/p>\n<p style=\"text-align: justify;\"><span style=\"color: #000000;\"><strong>(9)<\/strong> Amintore Fanfani, <em>Intervento alla<\/em> <em>Camera dei Deputati<\/em>, in\u00a0<em>Atti parlamentari della IV Legislatura &#8211; Discussioni<\/em><\/span><\/p>\n<p style=\"text-align: justify;\"><span style=\"color: #000000;\"><strong>(10)<\/strong> Ricordiamo anche che Amintore Fanfani \u00e8 stato eletto presidente alla 20\u00aa sessione dell\u2019Assemblea generale delle Nazioni Unite per il periodo 1965-1966 e, d\u2019allora, \u00e8 l\u2019unico politico italiano ad avere ricoperto tale carica.<\/span><\/p>\n<p style=\"text-align: justify;\"><span style=\"color: #000000;\"><strong>(11)<\/strong> Cit. in Riccardo Michelucci, <em>La pace e quella lezione di La Pira. Porre fine alle sofferenze dell\u2019Ucraina<\/em>,<\/span> <span style=\"color: #0000ff;\"><a style=\"color: #0000ff;\" href=\"https:\/\/www.avvenire.it\/\" target=\"_blank\" rel=\"noopener noreferrer\"><em>Avvenire<\/em><\/a><\/span>, <span style=\"color: #000000;\">12 febbraio 2023, p. 7.<\/span><\/p>\n<p style=\"text-align: justify;\"><span style=\"color: #000000;\"><strong>(12)<\/strong> Papa Francesco,<\/span> <span style=\"color: #0000ff;\"><a style=\"color: #0000ff;\" href=\"https:\/\/www.vatican.va\/content\/francesco\/it\/speeches\/2023\/march\/documents\/20230318-progetto-policoro.html\" target=\"_blank\" rel=\"noopener noreferrer\"><em>Discorso ai giovani del &#8220;Progetto Policoro&#8221; promosso dalla Conferenza Episcopale Italiana<\/em><\/a><\/span>, <span style=\"color: #000000;\">Sala Clementina, 18 marzo 2023.<\/span><\/p>\n<p style=\"text-align: justify;\"><span style=\"color: #000000;\"><strong>(13)<\/strong> Cit. in <em>La pace nella parola di Giovanni Paolo II 1978-1982<\/em>,<\/span> <span style=\"color: #0000ff;\"><a style=\"color: #0000ff;\" href=\"https:\/\/www.paoline.org\/\" target=\"_blank\" rel=\"noopener noreferrer\"><em>Figlie di San Paolo<\/em><\/a><\/span>, <span style=\"color: #000000;\">Roma 1982, pp. 129 ss.<\/span><\/p>\n<p style=\"text-align: justify;\"><span style=\"color: #000000;\"><strong>(14)<\/strong> Mario Primicerio, <em>La pace e quella lezione di La Pira\u2026<\/em>, intervista cit.<\/span><\/p>\n<p style=\"text-align: justify;\"><span style=\"color: #000000;\"><strong>(15)<\/strong> Papa Francesco, Lettera Enciclica\u00a0<\/span>\u201c<span style=\"color: #0000ff;\"><a style=\"color: #0000ff;\" href=\"https:\/\/www.vatican.va\/content\/francesco\/it\/encyclicals\/documents\/papa-francesco_20201003_enciclica-fratelli-tutti.html#5\" target=\"_blank\" rel=\"noopener noreferrer\"><em>Fratelli tutti<\/em><\/a><\/span>\u201d <span style=\"color: #000000;\">sulla fraternit\u00e0 e l\u2019amicizia sociale, 3 ottobre 2020, n. 154.<\/span><\/p>\n<p style=\"text-align: justify;\"><span style=\"color: #000000;\"><strong>(16)<\/strong> Idem,<\/span> <span style=\"color: #0000ff;\"><a style=\"color: #0000ff;\" href=\"https:\/\/www.vatican.va\/content\/francesco\/it\/speeches\/2023\/march\/documents\/20230318-famiglie-rifugiate.html#:~:text=Sono%20presenti%20tra%20voi%20parecchi,sono%20fuggite%20da%20altre%20guerre.\" target=\"_blank\" rel=\"noopener noreferrer\"><em>Discorso alle famiglie rifugiate attraverso i corridoi umanitari<\/em><\/a><\/span><em>, <\/em><span style=\"color: #000000;\">Aula Paolo VI, 18 marzo 2023.<\/span><\/p>\n","protected":false},"excerpt":{"rendered":"<p>Abstract: guerra e pace in Ucraina secondo il Magistero della Chiesa. Comprendendo tutte le crisi ed escalation violente,\u00a0 secondo la Caritas, si calcolano 359 conflitti nel 2020, incluso quello storico e \u201cprimordiale\u201d tra israeliani e palestinesi. Non c\u2019\u00e8 quindi solo la guerra Russia-Ucraina ma, per motivi che non si faticano ad intuire, nei grandi media &hellip; <\/p>\n<p><a class=\"more-link btn\" href=\"https:\/\/www.rassegnastampa-totustuus.it\/cattolica\/guerra-e-pace-in-ucraina-secondo-il-magistero-della-chiesa\/\">Continua a leggere<\/a><\/p>\n","protected":false},"author":6,"featured_media":55680,"comment_status":"closed","ping_status":"closed","sticky":false,"template":"","format":"standard","meta":{"footnotes":""},"categories":[19],"tags":[505,290,148],"class_list":["post-56272","post","type-post","status-publish","format-standard","has-post-thumbnail","hentry","category-politica-internazionale","tag-guerra","tag-pace","tag-politica-internazionale-2","item-wrap"],"yoast_head":"<!-- This site is optimized with the Yoast SEO plugin v27.5 - https:\/\/yoast.com\/product\/yoast-seo-wordpress\/ -->\n<title>Guerra e pace in Ucraina secondo il Magistero della Chiesa - Rassegna Stampa Cattolica<\/title>\n<meta name=\"description\" content=\"Guerra e pace in Ucraina secondo il Magistero della Chiesa. Non c\u2019\u00e8 solo la guerra Russia-Ucraina. Nel mondo si contano 359 guerre\" \/>\n<meta name=\"robots\" content=\"index, follow, max-snippet:-1, max-image-preview:large, max-video-preview:-1\" \/>\n<link rel=\"canonical\" href=\"https:\/\/www.rassegnastampa-totustuus.it\/cattolica\/guerra-e-pace-in-ucraina-secondo-il-magistero-della-chiesa\/\" \/>\n<meta property=\"og:locale\" content=\"it_IT\" \/>\n<meta property=\"og:type\" content=\"article\" \/>\n<meta property=\"og:title\" content=\"Guerra e pace in Ucraina secondo il Magistero della Chiesa - Rassegna Stampa Cattolica\" \/>\n<meta property=\"og:description\" content=\"Guerra e pace in Ucraina secondo il Magistero della Chiesa. Non c\u2019\u00e8 solo la guerra Russia-Ucraina. Nel mondo si contano 359 guerre\" \/>\n<meta property=\"og:url\" content=\"https:\/\/www.rassegnastampa-totustuus.it\/cattolica\/guerra-e-pace-in-ucraina-secondo-il-magistero-della-chiesa\/\" \/>\n<meta property=\"og:site_name\" content=\"Rassegna Stampa Cattolica\" \/>\n<meta property=\"article:publisher\" content=\"https:\/\/www.facebook.com\/rassegnastampacattolica\" \/>\n<meta property=\"article:published_time\" content=\"2023-05-03T22:00:42+00:00\" \/>\n<meta property=\"article:modified_time\" content=\"2023-12-28T11:39:32+00:00\" \/>\n<meta property=\"og:image\" content=\"https:\/\/www.rassegnastampa-totustuus.it\/cattolica\/wp-content\/uploads\/2023\/02\/Africa_guerra_armi-1.jpg\" \/>\n\t<meta property=\"og:image:width\" content=\"307\" \/>\n\t<meta property=\"og:image:height\" content=\"164\" \/>\n\t<meta property=\"og:image:type\" content=\"image\/jpeg\" \/>\n<meta name=\"author\" content=\"Redazione\" \/>\n<meta name=\"twitter:card\" content=\"summary_large_image\" \/>\n<meta name=\"twitter:creator\" content=\"@rassegnastampa9\" \/>\n<meta name=\"twitter:site\" content=\"@rassegnastampa9\" \/>\n<meta name=\"twitter:label1\" content=\"Scritto da\" \/>\n\t<meta name=\"twitter:data1\" content=\"Redazione\" \/>\n\t<meta name=\"twitter:label2\" content=\"Tempo di lettura stimato\" \/>\n\t<meta name=\"twitter:data2\" content=\"11 minuti\" \/>\n<script type=\"application\/ld+json\" class=\"yoast-schema-graph\">{\"@context\":\"https:\\\/\\\/schema.org\",\"@graph\":[{\"@type\":\"Article\",\"@id\":\"https:\\\/\\\/www.rassegnastampa-totustuus.it\\\/cattolica\\\/guerra-e-pace-in-ucraina-secondo-il-magistero-della-chiesa\\\/#article\",\"isPartOf\":{\"@id\":\"https:\\\/\\\/www.rassegnastampa-totustuus.it\\\/cattolica\\\/guerra-e-pace-in-ucraina-secondo-il-magistero-della-chiesa\\\/\"},\"author\":{\"name\":\"Redazione\",\"@id\":\"https:\\\/\\\/www.rassegnastampa-totustuus.it\\\/cattolica\\\/#\\\/schema\\\/person\\\/08f319d2bd1a0904ad9e2bfb7b15e5c3\"},\"headline\":\"Guerra e pace in Ucraina secondo il Magistero della Chiesa\",\"datePublished\":\"2023-05-03T22:00:42+00:00\",\"dateModified\":\"2023-12-28T11:39:32+00:00\",\"mainEntityOfPage\":{\"@id\":\"https:\\\/\\\/www.rassegnastampa-totustuus.it\\\/cattolica\\\/guerra-e-pace-in-ucraina-secondo-il-magistero-della-chiesa\\\/\"},\"wordCount\":1612,\"publisher\":{\"@id\":\"https:\\\/\\\/www.rassegnastampa-totustuus.it\\\/cattolica\\\/#organization\"},\"image\":{\"@id\":\"https:\\\/\\\/www.rassegnastampa-totustuus.it\\\/cattolica\\\/guerra-e-pace-in-ucraina-secondo-il-magistero-della-chiesa\\\/#primaryimage\"},\"thumbnailUrl\":\"https:\\\/\\\/www.rassegnastampa-totustuus.it\\\/cattolica\\\/wp-content\\\/uploads\\\/2023\\\/02\\\/Africa_guerra_armi-1.jpg\",\"keywords\":[\"guerra\",\"pace\",\"politica internazionale\"],\"articleSection\":[\"Politica internazionale\"],\"inLanguage\":\"it-IT\"},{\"@type\":\"WebPage\",\"@id\":\"https:\\\/\\\/www.rassegnastampa-totustuus.it\\\/cattolica\\\/guerra-e-pace-in-ucraina-secondo-il-magistero-della-chiesa\\\/\",\"url\":\"https:\\\/\\\/www.rassegnastampa-totustuus.it\\\/cattolica\\\/guerra-e-pace-in-ucraina-secondo-il-magistero-della-chiesa\\\/\",\"name\":\"Guerra e pace in Ucraina secondo il Magistero della Chiesa - Rassegna Stampa Cattolica\",\"isPartOf\":{\"@id\":\"https:\\\/\\\/www.rassegnastampa-totustuus.it\\\/cattolica\\\/#website\"},\"primaryImageOfPage\":{\"@id\":\"https:\\\/\\\/www.rassegnastampa-totustuus.it\\\/cattolica\\\/guerra-e-pace-in-ucraina-secondo-il-magistero-della-chiesa\\\/#primaryimage\"},\"image\":{\"@id\":\"https:\\\/\\\/www.rassegnastampa-totustuus.it\\\/cattolica\\\/guerra-e-pace-in-ucraina-secondo-il-magistero-della-chiesa\\\/#primaryimage\"},\"thumbnailUrl\":\"https:\\\/\\\/www.rassegnastampa-totustuus.it\\\/cattolica\\\/wp-content\\\/uploads\\\/2023\\\/02\\\/Africa_guerra_armi-1.jpg\",\"datePublished\":\"2023-05-03T22:00:42+00:00\",\"dateModified\":\"2023-12-28T11:39:32+00:00\",\"description\":\"Guerra e pace in Ucraina secondo il Magistero della Chiesa. Non c\u2019\u00e8 solo la guerra Russia-Ucraina. Nel mondo si contano 359 guerre\",\"breadcrumb\":{\"@id\":\"https:\\\/\\\/www.rassegnastampa-totustuus.it\\\/cattolica\\\/guerra-e-pace-in-ucraina-secondo-il-magistero-della-chiesa\\\/#breadcrumb\"},\"inLanguage\":\"it-IT\",\"potentialAction\":[{\"@type\":\"ReadAction\",\"target\":[\"https:\\\/\\\/www.rassegnastampa-totustuus.it\\\/cattolica\\\/guerra-e-pace-in-ucraina-secondo-il-magistero-della-chiesa\\\/\"]}]},{\"@type\":\"ImageObject\",\"inLanguage\":\"it-IT\",\"@id\":\"https:\\\/\\\/www.rassegnastampa-totustuus.it\\\/cattolica\\\/guerra-e-pace-in-ucraina-secondo-il-magistero-della-chiesa\\\/#primaryimage\",\"url\":\"https:\\\/\\\/www.rassegnastampa-totustuus.it\\\/cattolica\\\/wp-content\\\/uploads\\\/2023\\\/02\\\/Africa_guerra_armi-1.jpg\",\"contentUrl\":\"https:\\\/\\\/www.rassegnastampa-totustuus.it\\\/cattolica\\\/wp-content\\\/uploads\\\/2023\\\/02\\\/Africa_guerra_armi-1.jpg\",\"width\":307,\"height\":164},{\"@type\":\"BreadcrumbList\",\"@id\":\"https:\\\/\\\/www.rassegnastampa-totustuus.it\\\/cattolica\\\/guerra-e-pace-in-ucraina-secondo-il-magistero-della-chiesa\\\/#breadcrumb\",\"itemListElement\":[{\"@type\":\"ListItem\",\"position\":1,\"name\":\"Home\",\"item\":\"https:\\\/\\\/www.rassegnastampa-totustuus.it\\\/cattolica\\\/\"},{\"@type\":\"ListItem\",\"position\":2,\"name\":\"Guerra e pace in Ucraina secondo il Magistero della Chiesa\"}]},{\"@type\":\"WebSite\",\"@id\":\"https:\\\/\\\/www.rassegnastampa-totustuus.it\\\/cattolica\\\/#website\",\"url\":\"https:\\\/\\\/www.rassegnastampa-totustuus.it\\\/cattolica\\\/\",\"name\":\"Rassegna Stampa Cattolica\",\"description\":\"Per una cultura che nasce dalla Rivelazione cristiana in conformit\u00e0 alla tradizione e al Magistero della Chiesa in opposizione ad ogni relativismo e totalitarismo\",\"publisher\":{\"@id\":\"https:\\\/\\\/www.rassegnastampa-totustuus.it\\\/cattolica\\\/#organization\"},\"alternateName\":\"Rass. Cattolica\",\"potentialAction\":[{\"@type\":\"SearchAction\",\"target\":{\"@type\":\"EntryPoint\",\"urlTemplate\":\"https:\\\/\\\/www.rassegnastampa-totustuus.it\\\/cattolica\\\/?s={search_term_string}\"},\"query-input\":{\"@type\":\"PropertyValueSpecification\",\"valueRequired\":true,\"valueName\":\"search_term_string\"}}],\"inLanguage\":\"it-IT\"},{\"@type\":\"Organization\",\"@id\":\"https:\\\/\\\/www.rassegnastampa-totustuus.it\\\/cattolica\\\/#organization\",\"name\":\"Rassegna Stampa Cattolica\",\"url\":\"https:\\\/\\\/www.rassegnastampa-totustuus.it\\\/cattolica\\\/\",\"logo\":{\"@type\":\"ImageObject\",\"inLanguage\":\"it-IT\",\"@id\":\"https:\\\/\\\/www.rassegnastampa-totustuus.it\\\/cattolica\\\/#\\\/schema\\\/logo\\\/image\\\/\",\"url\":\"https:\\\/\\\/www.rassegnastampa-totustuus.it\\\/cattolica\\\/wp-content\\\/uploads\\\/2014\\\/04\\\/logo-rassegna1.gif\",\"contentUrl\":\"https:\\\/\\\/www.rassegnastampa-totustuus.it\\\/cattolica\\\/wp-content\\\/uploads\\\/2014\\\/04\\\/logo-rassegna1.gif\",\"width\":600,\"height\":163,\"caption\":\"Rassegna Stampa Cattolica\"},\"image\":{\"@id\":\"https:\\\/\\\/www.rassegnastampa-totustuus.it\\\/cattolica\\\/#\\\/schema\\\/logo\\\/image\\\/\"},\"sameAs\":[\"https:\\\/\\\/www.facebook.com\\\/rassegnastampacattolica\",\"https:\\\/\\\/x.com\\\/rassegnastampa9\"]},{\"@type\":\"Person\",\"@id\":\"https:\\\/\\\/www.rassegnastampa-totustuus.it\\\/cattolica\\\/#\\\/schema\\\/person\\\/08f319d2bd1a0904ad9e2bfb7b15e5c3\",\"name\":\"Redazione\",\"image\":{\"@type\":\"ImageObject\",\"inLanguage\":\"it-IT\",\"@id\":\"https:\\\/\\\/secure.gravatar.com\\\/avatar\\\/2fcdf27c78ea025fbdb44e914cc63c72249ffec9dc8aafd5c82b26240ef3f346?s=96&d=mm&r=g\",\"url\":\"https:\\\/\\\/secure.gravatar.com\\\/avatar\\\/2fcdf27c78ea025fbdb44e914cc63c72249ffec9dc8aafd5c82b26240ef3f346?s=96&d=mm&r=g\",\"contentUrl\":\"https:\\\/\\\/secure.gravatar.com\\\/avatar\\\/2fcdf27c78ea025fbdb44e914cc63c72249ffec9dc8aafd5c82b26240ef3f346?s=96&d=mm&r=g\",\"caption\":\"Redazione\"},\"url\":\"https:\\\/\\\/www.rassegnastampa-totustuus.it\\\/cattolica\\\/author\\\/pietroelle\\\/\"}]}<\/script>\n<!-- \/ Yoast SEO plugin. -->","yoast_head_json":{"title":"Guerra e pace in Ucraina secondo il Magistero della Chiesa - Rassegna Stampa Cattolica","description":"Guerra e pace in Ucraina secondo il Magistero della Chiesa. Non c\u2019\u00e8 solo la guerra Russia-Ucraina. Nel mondo si contano 359 guerre","robots":{"index":"index","follow":"follow","max-snippet":"max-snippet:-1","max-image-preview":"max-image-preview:large","max-video-preview":"max-video-preview:-1"},"canonical":"https:\/\/www.rassegnastampa-totustuus.it\/cattolica\/guerra-e-pace-in-ucraina-secondo-il-magistero-della-chiesa\/","og_locale":"it_IT","og_type":"article","og_title":"Guerra e pace in Ucraina secondo il Magistero della Chiesa - Rassegna Stampa Cattolica","og_description":"Guerra e pace in Ucraina secondo il Magistero della Chiesa. Non c\u2019\u00e8 solo la guerra Russia-Ucraina. Nel mondo si contano 359 guerre","og_url":"https:\/\/www.rassegnastampa-totustuus.it\/cattolica\/guerra-e-pace-in-ucraina-secondo-il-magistero-della-chiesa\/","og_site_name":"Rassegna Stampa Cattolica","article_publisher":"https:\/\/www.facebook.com\/rassegnastampacattolica","article_published_time":"2023-05-03T22:00:42+00:00","article_modified_time":"2023-12-28T11:39:32+00:00","og_image":[{"width":307,"height":164,"url":"https:\/\/www.rassegnastampa-totustuus.it\/cattolica\/wp-content\/uploads\/2023\/02\/Africa_guerra_armi-1.jpg","type":"image\/jpeg"}],"author":"Redazione","twitter_card":"summary_large_image","twitter_creator":"@rassegnastampa9","twitter_site":"@rassegnastampa9","twitter_misc":{"Scritto da":"Redazione","Tempo di lettura stimato":"11 minuti"},"schema":{"@context":"https:\/\/schema.org","@graph":[{"@type":"Article","@id":"https:\/\/www.rassegnastampa-totustuus.it\/cattolica\/guerra-e-pace-in-ucraina-secondo-il-magistero-della-chiesa\/#article","isPartOf":{"@id":"https:\/\/www.rassegnastampa-totustuus.it\/cattolica\/guerra-e-pace-in-ucraina-secondo-il-magistero-della-chiesa\/"},"author":{"name":"Redazione","@id":"https:\/\/www.rassegnastampa-totustuus.it\/cattolica\/#\/schema\/person\/08f319d2bd1a0904ad9e2bfb7b15e5c3"},"headline":"Guerra e pace in Ucraina secondo il Magistero della Chiesa","datePublished":"2023-05-03T22:00:42+00:00","dateModified":"2023-12-28T11:39:32+00:00","mainEntityOfPage":{"@id":"https:\/\/www.rassegnastampa-totustuus.it\/cattolica\/guerra-e-pace-in-ucraina-secondo-il-magistero-della-chiesa\/"},"wordCount":1612,"publisher":{"@id":"https:\/\/www.rassegnastampa-totustuus.it\/cattolica\/#organization"},"image":{"@id":"https:\/\/www.rassegnastampa-totustuus.it\/cattolica\/guerra-e-pace-in-ucraina-secondo-il-magistero-della-chiesa\/#primaryimage"},"thumbnailUrl":"https:\/\/www.rassegnastampa-totustuus.it\/cattolica\/wp-content\/uploads\/2023\/02\/Africa_guerra_armi-1.jpg","keywords":["guerra","pace","politica internazionale"],"articleSection":["Politica internazionale"],"inLanguage":"it-IT"},{"@type":"WebPage","@id":"https:\/\/www.rassegnastampa-totustuus.it\/cattolica\/guerra-e-pace-in-ucraina-secondo-il-magistero-della-chiesa\/","url":"https:\/\/www.rassegnastampa-totustuus.it\/cattolica\/guerra-e-pace-in-ucraina-secondo-il-magistero-della-chiesa\/","name":"Guerra e pace in Ucraina secondo il Magistero della Chiesa - Rassegna Stampa Cattolica","isPartOf":{"@id":"https:\/\/www.rassegnastampa-totustuus.it\/cattolica\/#website"},"primaryImageOfPage":{"@id":"https:\/\/www.rassegnastampa-totustuus.it\/cattolica\/guerra-e-pace-in-ucraina-secondo-il-magistero-della-chiesa\/#primaryimage"},"image":{"@id":"https:\/\/www.rassegnastampa-totustuus.it\/cattolica\/guerra-e-pace-in-ucraina-secondo-il-magistero-della-chiesa\/#primaryimage"},"thumbnailUrl":"https:\/\/www.rassegnastampa-totustuus.it\/cattolica\/wp-content\/uploads\/2023\/02\/Africa_guerra_armi-1.jpg","datePublished":"2023-05-03T22:00:42+00:00","dateModified":"2023-12-28T11:39:32+00:00","description":"Guerra e pace in Ucraina secondo il Magistero della Chiesa. Non c\u2019\u00e8 solo la guerra Russia-Ucraina. Nel mondo si contano 359 guerre","breadcrumb":{"@id":"https:\/\/www.rassegnastampa-totustuus.it\/cattolica\/guerra-e-pace-in-ucraina-secondo-il-magistero-della-chiesa\/#breadcrumb"},"inLanguage":"it-IT","potentialAction":[{"@type":"ReadAction","target":["https:\/\/www.rassegnastampa-totustuus.it\/cattolica\/guerra-e-pace-in-ucraina-secondo-il-magistero-della-chiesa\/"]}]},{"@type":"ImageObject","inLanguage":"it-IT","@id":"https:\/\/www.rassegnastampa-totustuus.it\/cattolica\/guerra-e-pace-in-ucraina-secondo-il-magistero-della-chiesa\/#primaryimage","url":"https:\/\/www.rassegnastampa-totustuus.it\/cattolica\/wp-content\/uploads\/2023\/02\/Africa_guerra_armi-1.jpg","contentUrl":"https:\/\/www.rassegnastampa-totustuus.it\/cattolica\/wp-content\/uploads\/2023\/02\/Africa_guerra_armi-1.jpg","width":307,"height":164},{"@type":"BreadcrumbList","@id":"https:\/\/www.rassegnastampa-totustuus.it\/cattolica\/guerra-e-pace-in-ucraina-secondo-il-magistero-della-chiesa\/#breadcrumb","itemListElement":[{"@type":"ListItem","position":1,"name":"Home","item":"https:\/\/www.rassegnastampa-totustuus.it\/cattolica\/"},{"@type":"ListItem","position":2,"name":"Guerra e pace in Ucraina secondo il Magistero della Chiesa"}]},{"@type":"WebSite","@id":"https:\/\/www.rassegnastampa-totustuus.it\/cattolica\/#website","url":"https:\/\/www.rassegnastampa-totustuus.it\/cattolica\/","name":"Rassegna Stampa Cattolica","description":"Per una cultura che nasce dalla Rivelazione cristiana in conformit\u00e0 alla tradizione e al Magistero della Chiesa in opposizione ad ogni relativismo e totalitarismo","publisher":{"@id":"https:\/\/www.rassegnastampa-totustuus.it\/cattolica\/#organization"},"alternateName":"Rass. Cattolica","potentialAction":[{"@type":"SearchAction","target":{"@type":"EntryPoint","urlTemplate":"https:\/\/www.rassegnastampa-totustuus.it\/cattolica\/?s={search_term_string}"},"query-input":{"@type":"PropertyValueSpecification","valueRequired":true,"valueName":"search_term_string"}}],"inLanguage":"it-IT"},{"@type":"Organization","@id":"https:\/\/www.rassegnastampa-totustuus.it\/cattolica\/#organization","name":"Rassegna Stampa Cattolica","url":"https:\/\/www.rassegnastampa-totustuus.it\/cattolica\/","logo":{"@type":"ImageObject","inLanguage":"it-IT","@id":"https:\/\/www.rassegnastampa-totustuus.it\/cattolica\/#\/schema\/logo\/image\/","url":"https:\/\/www.rassegnastampa-totustuus.it\/cattolica\/wp-content\/uploads\/2014\/04\/logo-rassegna1.gif","contentUrl":"https:\/\/www.rassegnastampa-totustuus.it\/cattolica\/wp-content\/uploads\/2014\/04\/logo-rassegna1.gif","width":600,"height":163,"caption":"Rassegna Stampa Cattolica"},"image":{"@id":"https:\/\/www.rassegnastampa-totustuus.it\/cattolica\/#\/schema\/logo\/image\/"},"sameAs":["https:\/\/www.facebook.com\/rassegnastampacattolica","https:\/\/x.com\/rassegnastampa9"]},{"@type":"Person","@id":"https:\/\/www.rassegnastampa-totustuus.it\/cattolica\/#\/schema\/person\/08f319d2bd1a0904ad9e2bfb7b15e5c3","name":"Redazione","image":{"@type":"ImageObject","inLanguage":"it-IT","@id":"https:\/\/secure.gravatar.com\/avatar\/2fcdf27c78ea025fbdb44e914cc63c72249ffec9dc8aafd5c82b26240ef3f346?s=96&d=mm&r=g","url":"https:\/\/secure.gravatar.com\/avatar\/2fcdf27c78ea025fbdb44e914cc63c72249ffec9dc8aafd5c82b26240ef3f346?s=96&d=mm&r=g","contentUrl":"https:\/\/secure.gravatar.com\/avatar\/2fcdf27c78ea025fbdb44e914cc63c72249ffec9dc8aafd5c82b26240ef3f346?s=96&d=mm&r=g","caption":"Redazione"},"url":"https:\/\/www.rassegnastampa-totustuus.it\/cattolica\/author\/pietroelle\/"}]}},"_links":{"self":[{"href":"https:\/\/www.rassegnastampa-totustuus.it\/cattolica\/wp-json\/wp\/v2\/posts\/56272","targetHints":{"allow":["GET"]}}],"collection":[{"href":"https:\/\/www.rassegnastampa-totustuus.it\/cattolica\/wp-json\/wp\/v2\/posts"}],"about":[{"href":"https:\/\/www.rassegnastampa-totustuus.it\/cattolica\/wp-json\/wp\/v2\/types\/post"}],"author":[{"embeddable":true,"href":"https:\/\/www.rassegnastampa-totustuus.it\/cattolica\/wp-json\/wp\/v2\/users\/6"}],"replies":[{"embeddable":true,"href":"https:\/\/www.rassegnastampa-totustuus.it\/cattolica\/wp-json\/wp\/v2\/comments?post=56272"}],"version-history":[{"count":2,"href":"https:\/\/www.rassegnastampa-totustuus.it\/cattolica\/wp-json\/wp\/v2\/posts\/56272\/revisions"}],"predecessor-version":[{"id":58451,"href":"https:\/\/www.rassegnastampa-totustuus.it\/cattolica\/wp-json\/wp\/v2\/posts\/56272\/revisions\/58451"}],"wp:featuredmedia":[{"embeddable":true,"href":"https:\/\/www.rassegnastampa-totustuus.it\/cattolica\/wp-json\/wp\/v2\/media\/55680"}],"wp:attachment":[{"href":"https:\/\/www.rassegnastampa-totustuus.it\/cattolica\/wp-json\/wp\/v2\/media?parent=56272"}],"wp:term":[{"taxonomy":"category","embeddable":true,"href":"https:\/\/www.rassegnastampa-totustuus.it\/cattolica\/wp-json\/wp\/v2\/categories?post=56272"},{"taxonomy":"post_tag","embeddable":true,"href":"https:\/\/www.rassegnastampa-totustuus.it\/cattolica\/wp-json\/wp\/v2\/tags?post=56272"}],"curies":[{"name":"wp","href":"https:\/\/api.w.org\/{rel}","templated":true}]}}