{"id":56267,"date":"2023-04-27T00:00:11","date_gmt":"2023-04-26T22:00:11","guid":{"rendered":"http:\/\/www.rassegnastampa-totustuus.it\/cattolica\/?p=56267"},"modified":"2023-12-28T16:41:31","modified_gmt":"2023-12-28T15:41:31","slug":"il-cristianesimo-non-e-una-religione-intellettuale","status":"publish","type":"post","link":"https:\/\/www.rassegnastampa-totustuus.it\/cattolica\/il-cristianesimo-non-e-una-religione-intellettuale\/","title":{"rendered":"Il cristianesimo non \u00e8 una religione intellettuale"},"content":{"rendered":"<p style=\"text-align: center;\"><span style=\"color: #000000;\"><span style=\"color: #0000ff;\"><a style=\"color: #0000ff;\" href=\"https:\/\/itresentieri.it\/\" target=\"_blank\" rel=\"noopener\"><strong>Il Cammino dei tre sentieri <\/strong><\/a><\/span>24 Aprile 2023<\/span><\/p>\n<h3 style=\"text-align: center;\"><span style=\"color: #000000;\">Perch\u00e9 certa teologia cattolica contemporanea <\/span><\/h3>\n<h3 style=\"text-align: center;\"><span style=\"color: #000000;\">ha finito con il ridurre il Cristianesimo <\/span><\/h3>\n<h3 style=\"text-align: center;\"><span style=\"color: #000000;\">a \u201creligione-intellettuale\u201d?<\/span><\/h3>\n<p><img loading=\"lazy\" decoding=\"async\" class=\"size-medium wp-image-56268 aligncenter\" src=\"https:\/\/www.rassegnastampa-totustuus.it\/cattolica\/wp-content\/uploads\/2023\/04\/fede_devozione_chiesa-300x262.jpeg\" alt=\"\" width=\"300\" height=\"262\" srcset=\"https:\/\/www.rassegnastampa-totustuus.it\/cattolica\/wp-content\/uploads\/2023\/04\/fede_devozione_chiesa-300x262.jpeg 300w, https:\/\/www.rassegnastampa-totustuus.it\/cattolica\/wp-content\/uploads\/2023\/04\/fede_devozione_chiesa.jpeg 500w\" sizes=\"auto, (max-width: 300px) 100vw, 300px\" \/><\/p>\n<p style=\"text-align: center;\"><span style=\"color: #000000;\">di <strong>Corrado Gnerre<\/strong><\/span><\/p>\n<p style=\"text-align: justify;\"><span style=\"color: #000000;\">Lo abbiamo detto pi\u00f9 volte: il Cristianesimo non \u00e8 una gnosi; non \u00e8 una sorta di congrega d\u2019intellettuali, per cui pi\u00f9 si conosce, pi\u00f9 si traffica sulle cose di Dio, e pi\u00f9 si sarebbe avvantaggiati. No, il Cristianesimo non \u00e8 questo.<\/span><\/p>\n<p><!--more--><\/p>\n<p style=\"text-align: justify;\"><span style=\"color: #000000;\">Certo la conoscenza di Dio \u00e8 necessaria (perch\u00e9 non si pu\u00f2 amare ci\u00f2 che non si conosce), ma non \u00e8 su questa che la nostra anima sar\u00e0 giudicata. Chi pu\u00f2 conoscere e chi pu\u00f2 studiare, avendone da Dio ricevuti i talenti, deve farlo. Ma farlo come servizio, non come qualcosa da utilizzare per credersi pi\u00f9 importante e pi\u00f9 bravo. Guai se chi \u00e8 chiamato ad approfondire le cose di Dio mancasse di umilt\u00e0!<\/span><\/p>\n<p style=\"text-align: justify;\"><span style=\"color: #000000;\">E\u2019 sulla carit\u00e0 che ognuno di noi sar\u00e0 giudicato. Carit\u00e0 da intendersi come amore a Dio e, attraverso Dio, anche ai fratelli.<\/span><\/p>\n<p style=\"text-align: justify;\"><span style=\"color: #000000;\">Per\u00f2 attenzione: l\u2019amore a Dio non si misura con vaghi sentimenti, con stati emozionali che vanno e che vengono. No, si misura con la capacit\u00e0 di conformarsi alla volont\u00e0 sua: \u201c<em>Non sono pi\u00f9 io che vivo, ma \u00e8 Cristo che vive in me<\/em>\u201c, dice san paolo ai Galati. Fare la volont\u00e0 di Dio vuol dire adempiere alla Sua Legge, la quale corrisponde alla sua natura.<\/span><\/p>\n<p style=\"text-align: justify;\"><span style=\"color: #000000;\">Non ci si rende conto che certo cattolicesimo contemporaneo, che, riguardo alla morale, ha optato per la cosiddetta <em>morale della situazione<\/em>\u00a0o per l\u2019 <em>opzione fondamentale<\/em>, trascurando una seria adesione alla Legge di Dio, ha finito con il proporre un cristianesimo astratto e -appunto- intellettualistico, dove ci\u00f2 che conta sarebbe solo riferirsi in maniera evanescente a Dio (cio\u00e8 intellettualisticamente) piuttosto che abbracciarlo, che farsi plasmare completamente -e non parzialmente- da Lui.<\/span><\/p>\n<p style=\"text-align: justify;\"><span style=\"color: #000000;\">Concludiamo con queste parole tratte dal Capitolo Primo de <em>L\u2019imitazione di Cristo<\/em> (Capitolo Primo). E\u2019 il Signore che parla all\u2019anima:<\/span><\/p>\n<p style=\"text-align: justify;\"><span style=\"color: #000000;\"><em>La dottrina di Cristo trascende tutti gl\u2019insegnamenti dei santi; e chi avesse lo spirito suo vi troverebbe una manna celeste nascosta. Ma succede che molti, pur udendo spesso il Vangelo, ne sentono poco desiderio, perch\u00e9 non hanno lo spirito di Cristo. Chi, invece, vuole intendere appieno e con gusto spirituale la parola di Cristo, deve cercare di modellare tutta quanta la sua vita su di lui. Che ti pu\u00f2 giovare il discutere profondamente del mistero della Trinit\u00e0, se manchi d\u2019umilt\u00e0, per cui dispiaci alla Trinit\u00e0? In realt\u00e0, non sono i discorsi profondi che formano il santo e il giusto; ma \u00e8 la vita virtuosa che rende l\u2019uomo caro a Dio.\u00a0 Io preferisco sentire la compunzione, che conoscerne la definizione.\u00a0 Se tu conoscessi a memoria l\u2019intera Bibbia e le massime di tutti i filosofi, a che ti gioverebbe tutto questo senza la carit\u00e0 e la Grazia di Dio?<\/em><\/span><\/p>\n<p style=\"text-align: center;\"><span style=\"color: #000000;\"><strong>Dio \u00e8 Verit\u00e0, Bont\u00e0 e Bellezza<\/strong><\/span><\/p>\n<p style=\"text-align: center;\"><span style=\"color: #000000;\"><strong>Il Cammino dei Tre Sentieri<\/strong><\/span><\/p>\n<p>__________________________________<\/p>\n<p><span style=\"color: #000000;\"><strong>Si legga anche:<\/strong><\/span><\/p>\n<p><a href=\"https:\/\/www.rassegnastampa-totustuus.it\/cattolica\/caritas-in-veritate\/\" target=\"_blank\" rel=\"noopener\"><span style=\"color: #0000ff;\">Caritas in veritate<\/span><\/a><\/p>\n","protected":false},"excerpt":{"rendered":"<p>Il Cammino dei tre sentieri 24 Aprile 2023 Perch\u00e9 certa teologia cattolica contemporanea ha finito con il ridurre il Cristianesimo a \u201creligione-intellettuale\u201d? di Corrado Gnerre Lo abbiamo detto pi\u00f9 volte: il Cristianesimo non \u00e8 una gnosi; non \u00e8 una sorta di congrega d\u2019intellettuali, per cui pi\u00f9 si conosce, pi\u00f9 si traffica sulle cose di Dio, &hellip; <\/p>\n<p><a class=\"more-link btn\" href=\"https:\/\/www.rassegnastampa-totustuus.it\/cattolica\/il-cristianesimo-non-e-una-religione-intellettuale\/\">Continua a leggere<\/a><\/p>\n","protected":false},"author":6,"featured_media":56268,"comment_status":"closed","ping_status":"closed","sticky":false,"template":"","format":"standard","meta":{"footnotes":""},"categories":[5,42],"tags":[157,458],"class_list":["post-56267","post","type-post","status-publish","format-standard","has-post-thumbnail","hentry","category-chiesa","category-dottrina-e-morale","tag-chiesa-2","tag-dottrina-e-morale-2","item-wrap"],"yoast_head":"<!-- This site is optimized with the Yoast SEO plugin v27.5 - https:\/\/yoast.com\/product\/yoast-seo-wordpress\/ -->\n<title>Il cristianesimo non \u00e8 una religione intellettuale - Rassegna Stampa Cattolica<\/title>\n<meta name=\"description\" content=\"Il cristianesimo non \u00e8 una religione intellettuale anche se certa teologia cattolica contemporanea lo vuole ridurre a ci\u00f2\" \/>\n<meta name=\"robots\" content=\"index, follow, max-snippet:-1, max-image-preview:large, max-video-preview:-1\" \/>\n<link rel=\"canonical\" href=\"https:\/\/www.rassegnastampa-totustuus.it\/cattolica\/il-cristianesimo-non-e-una-religione-intellettuale\/\" \/>\n<meta property=\"og:locale\" content=\"it_IT\" \/>\n<meta property=\"og:type\" content=\"article\" \/>\n<meta property=\"og:title\" content=\"Il cristianesimo non \u00e8 una religione intellettuale - Rassegna Stampa Cattolica\" \/>\n<meta property=\"og:description\" content=\"Il cristianesimo non \u00e8 una religione intellettuale anche se certa teologia cattolica contemporanea lo vuole ridurre a ci\u00f2\" \/>\n<meta property=\"og:url\" content=\"https:\/\/www.rassegnastampa-totustuus.it\/cattolica\/il-cristianesimo-non-e-una-religione-intellettuale\/\" \/>\n<meta property=\"og:site_name\" content=\"Rassegna Stampa Cattolica\" \/>\n<meta property=\"article:publisher\" content=\"https:\/\/www.facebook.com\/rassegnastampacattolica\" \/>\n<meta property=\"article:published_time\" content=\"2023-04-26T22:00:11+00:00\" \/>\n<meta property=\"article:modified_time\" content=\"2023-12-28T15:41:31+00:00\" \/>\n<meta property=\"og:image\" content=\"https:\/\/www.rassegnastampa-totustuus.it\/cattolica\/wp-content\/uploads\/2023\/04\/fede_devozione_chiesa.jpeg\" \/>\n\t<meta property=\"og:image:width\" content=\"500\" \/>\n\t<meta property=\"og:image:height\" content=\"437\" \/>\n\t<meta property=\"og:image:type\" content=\"image\/jpeg\" \/>\n<meta name=\"author\" content=\"Redazione\" \/>\n<meta name=\"twitter:card\" content=\"summary_large_image\" \/>\n<meta name=\"twitter:creator\" content=\"@rassegnastampa9\" \/>\n<meta name=\"twitter:site\" content=\"@rassegnastampa9\" \/>\n<meta name=\"twitter:label1\" content=\"Scritto da\" \/>\n\t<meta name=\"twitter:data1\" content=\"Redazione\" \/>\n\t<meta name=\"twitter:label2\" content=\"Tempo di lettura stimato\" \/>\n\t<meta name=\"twitter:data2\" content=\"3 minuti\" \/>\n<script type=\"application\/ld+json\" class=\"yoast-schema-graph\">{\"@context\":\"https:\\\/\\\/schema.org\",\"@graph\":[{\"@type\":\"Article\",\"@id\":\"https:\\\/\\\/www.rassegnastampa-totustuus.it\\\/cattolica\\\/il-cristianesimo-non-e-una-religione-intellettuale\\\/#article\",\"isPartOf\":{\"@id\":\"https:\\\/\\\/www.rassegnastampa-totustuus.it\\\/cattolica\\\/il-cristianesimo-non-e-una-religione-intellettuale\\\/\"},\"author\":{\"name\":\"Redazione\",\"@id\":\"https:\\\/\\\/www.rassegnastampa-totustuus.it\\\/cattolica\\\/#\\\/schema\\\/person\\\/08f319d2bd1a0904ad9e2bfb7b15e5c3\"},\"headline\":\"Il cristianesimo non \u00e8 una religione intellettuale\",\"datePublished\":\"2023-04-26T22:00:11+00:00\",\"dateModified\":\"2023-12-28T15:41:31+00:00\",\"mainEntityOfPage\":{\"@id\":\"https:\\\/\\\/www.rassegnastampa-totustuus.it\\\/cattolica\\\/il-cristianesimo-non-e-una-religione-intellettuale\\\/\"},\"wordCount\":484,\"publisher\":{\"@id\":\"https:\\\/\\\/www.rassegnastampa-totustuus.it\\\/cattolica\\\/#organization\"},\"image\":{\"@id\":\"https:\\\/\\\/www.rassegnastampa-totustuus.it\\\/cattolica\\\/il-cristianesimo-non-e-una-religione-intellettuale\\\/#primaryimage\"},\"thumbnailUrl\":\"https:\\\/\\\/www.rassegnastampa-totustuus.it\\\/cattolica\\\/wp-content\\\/uploads\\\/2023\\\/04\\\/fede_devozione_chiesa.jpeg\",\"keywords\":[\"chiesa\",\"dottrina e morale\"],\"articleSection\":[\"Chiesa\",\"Dottrina e morale\"],\"inLanguage\":\"it-IT\"},{\"@type\":\"WebPage\",\"@id\":\"https:\\\/\\\/www.rassegnastampa-totustuus.it\\\/cattolica\\\/il-cristianesimo-non-e-una-religione-intellettuale\\\/\",\"url\":\"https:\\\/\\\/www.rassegnastampa-totustuus.it\\\/cattolica\\\/il-cristianesimo-non-e-una-religione-intellettuale\\\/\",\"name\":\"Il cristianesimo non \u00e8 una religione intellettuale - Rassegna Stampa Cattolica\",\"isPartOf\":{\"@id\":\"https:\\\/\\\/www.rassegnastampa-totustuus.it\\\/cattolica\\\/#website\"},\"primaryImageOfPage\":{\"@id\":\"https:\\\/\\\/www.rassegnastampa-totustuus.it\\\/cattolica\\\/il-cristianesimo-non-e-una-religione-intellettuale\\\/#primaryimage\"},\"image\":{\"@id\":\"https:\\\/\\\/www.rassegnastampa-totustuus.it\\\/cattolica\\\/il-cristianesimo-non-e-una-religione-intellettuale\\\/#primaryimage\"},\"thumbnailUrl\":\"https:\\\/\\\/www.rassegnastampa-totustuus.it\\\/cattolica\\\/wp-content\\\/uploads\\\/2023\\\/04\\\/fede_devozione_chiesa.jpeg\",\"datePublished\":\"2023-04-26T22:00:11+00:00\",\"dateModified\":\"2023-12-28T15:41:31+00:00\",\"description\":\"Il cristianesimo non \u00e8 una religione intellettuale anche se certa teologia cattolica contemporanea lo vuole ridurre a ci\u00f2\",\"breadcrumb\":{\"@id\":\"https:\\\/\\\/www.rassegnastampa-totustuus.it\\\/cattolica\\\/il-cristianesimo-non-e-una-religione-intellettuale\\\/#breadcrumb\"},\"inLanguage\":\"it-IT\",\"potentialAction\":[{\"@type\":\"ReadAction\",\"target\":[\"https:\\\/\\\/www.rassegnastampa-totustuus.it\\\/cattolica\\\/il-cristianesimo-non-e-una-religione-intellettuale\\\/\"]}]},{\"@type\":\"ImageObject\",\"inLanguage\":\"it-IT\",\"@id\":\"https:\\\/\\\/www.rassegnastampa-totustuus.it\\\/cattolica\\\/il-cristianesimo-non-e-una-religione-intellettuale\\\/#primaryimage\",\"url\":\"https:\\\/\\\/www.rassegnastampa-totustuus.it\\\/cattolica\\\/wp-content\\\/uploads\\\/2023\\\/04\\\/fede_devozione_chiesa.jpeg\",\"contentUrl\":\"https:\\\/\\\/www.rassegnastampa-totustuus.it\\\/cattolica\\\/wp-content\\\/uploads\\\/2023\\\/04\\\/fede_devozione_chiesa.jpeg\",\"width\":500,\"height\":437},{\"@type\":\"BreadcrumbList\",\"@id\":\"https:\\\/\\\/www.rassegnastampa-totustuus.it\\\/cattolica\\\/il-cristianesimo-non-e-una-religione-intellettuale\\\/#breadcrumb\",\"itemListElement\":[{\"@type\":\"ListItem\",\"position\":1,\"name\":\"Home\",\"item\":\"https:\\\/\\\/www.rassegnastampa-totustuus.it\\\/cattolica\\\/\"},{\"@type\":\"ListItem\",\"position\":2,\"name\":\"Il cristianesimo non \u00e8 una religione intellettuale\"}]},{\"@type\":\"WebSite\",\"@id\":\"https:\\\/\\\/www.rassegnastampa-totustuus.it\\\/cattolica\\\/#website\",\"url\":\"https:\\\/\\\/www.rassegnastampa-totustuus.it\\\/cattolica\\\/\",\"name\":\"Rassegna Stampa Cattolica\",\"description\":\"Per una cultura che nasce dalla Rivelazione cristiana in conformit\u00e0 alla tradizione e al Magistero della Chiesa in opposizione ad ogni relativismo e totalitarismo\",\"publisher\":{\"@id\":\"https:\\\/\\\/www.rassegnastampa-totustuus.it\\\/cattolica\\\/#organization\"},\"alternateName\":\"Rass. Cattolica\",\"potentialAction\":[{\"@type\":\"SearchAction\",\"target\":{\"@type\":\"EntryPoint\",\"urlTemplate\":\"https:\\\/\\\/www.rassegnastampa-totustuus.it\\\/cattolica\\\/?s={search_term_string}\"},\"query-input\":{\"@type\":\"PropertyValueSpecification\",\"valueRequired\":true,\"valueName\":\"search_term_string\"}}],\"inLanguage\":\"it-IT\"},{\"@type\":\"Organization\",\"@id\":\"https:\\\/\\\/www.rassegnastampa-totustuus.it\\\/cattolica\\\/#organization\",\"name\":\"Rassegna Stampa Cattolica\",\"url\":\"https:\\\/\\\/www.rassegnastampa-totustuus.it\\\/cattolica\\\/\",\"logo\":{\"@type\":\"ImageObject\",\"inLanguage\":\"it-IT\",\"@id\":\"https:\\\/\\\/www.rassegnastampa-totustuus.it\\\/cattolica\\\/#\\\/schema\\\/logo\\\/image\\\/\",\"url\":\"https:\\\/\\\/www.rassegnastampa-totustuus.it\\\/cattolica\\\/wp-content\\\/uploads\\\/2014\\\/04\\\/logo-rassegna1.gif\",\"contentUrl\":\"https:\\\/\\\/www.rassegnastampa-totustuus.it\\\/cattolica\\\/wp-content\\\/uploads\\\/2014\\\/04\\\/logo-rassegna1.gif\",\"width\":600,\"height\":163,\"caption\":\"Rassegna Stampa Cattolica\"},\"image\":{\"@id\":\"https:\\\/\\\/www.rassegnastampa-totustuus.it\\\/cattolica\\\/#\\\/schema\\\/logo\\\/image\\\/\"},\"sameAs\":[\"https:\\\/\\\/www.facebook.com\\\/rassegnastampacattolica\",\"https:\\\/\\\/x.com\\\/rassegnastampa9\"]},{\"@type\":\"Person\",\"@id\":\"https:\\\/\\\/www.rassegnastampa-totustuus.it\\\/cattolica\\\/#\\\/schema\\\/person\\\/08f319d2bd1a0904ad9e2bfb7b15e5c3\",\"name\":\"Redazione\",\"image\":{\"@type\":\"ImageObject\",\"inLanguage\":\"it-IT\",\"@id\":\"https:\\\/\\\/secure.gravatar.com\\\/avatar\\\/2fcdf27c78ea025fbdb44e914cc63c72249ffec9dc8aafd5c82b26240ef3f346?s=96&d=mm&r=g\",\"url\":\"https:\\\/\\\/secure.gravatar.com\\\/avatar\\\/2fcdf27c78ea025fbdb44e914cc63c72249ffec9dc8aafd5c82b26240ef3f346?s=96&d=mm&r=g\",\"contentUrl\":\"https:\\\/\\\/secure.gravatar.com\\\/avatar\\\/2fcdf27c78ea025fbdb44e914cc63c72249ffec9dc8aafd5c82b26240ef3f346?s=96&d=mm&r=g\",\"caption\":\"Redazione\"},\"url\":\"https:\\\/\\\/www.rassegnastampa-totustuus.it\\\/cattolica\\\/author\\\/pietroelle\\\/\"}]}<\/script>\n<!-- \/ Yoast SEO plugin. -->","yoast_head_json":{"title":"Il cristianesimo non \u00e8 una religione intellettuale - Rassegna Stampa Cattolica","description":"Il cristianesimo non \u00e8 una religione intellettuale anche se certa teologia cattolica contemporanea lo vuole ridurre a ci\u00f2","robots":{"index":"index","follow":"follow","max-snippet":"max-snippet:-1","max-image-preview":"max-image-preview:large","max-video-preview":"max-video-preview:-1"},"canonical":"https:\/\/www.rassegnastampa-totustuus.it\/cattolica\/il-cristianesimo-non-e-una-religione-intellettuale\/","og_locale":"it_IT","og_type":"article","og_title":"Il cristianesimo non \u00e8 una religione intellettuale - Rassegna Stampa Cattolica","og_description":"Il cristianesimo non \u00e8 una religione intellettuale anche se certa teologia cattolica contemporanea lo vuole ridurre a ci\u00f2","og_url":"https:\/\/www.rassegnastampa-totustuus.it\/cattolica\/il-cristianesimo-non-e-una-religione-intellettuale\/","og_site_name":"Rassegna Stampa Cattolica","article_publisher":"https:\/\/www.facebook.com\/rassegnastampacattolica","article_published_time":"2023-04-26T22:00:11+00:00","article_modified_time":"2023-12-28T15:41:31+00:00","og_image":[{"width":500,"height":437,"url":"https:\/\/www.rassegnastampa-totustuus.it\/cattolica\/wp-content\/uploads\/2023\/04\/fede_devozione_chiesa.jpeg","type":"image\/jpeg"}],"author":"Redazione","twitter_card":"summary_large_image","twitter_creator":"@rassegnastampa9","twitter_site":"@rassegnastampa9","twitter_misc":{"Scritto da":"Redazione","Tempo di lettura stimato":"3 minuti"},"schema":{"@context":"https:\/\/schema.org","@graph":[{"@type":"Article","@id":"https:\/\/www.rassegnastampa-totustuus.it\/cattolica\/il-cristianesimo-non-e-una-religione-intellettuale\/#article","isPartOf":{"@id":"https:\/\/www.rassegnastampa-totustuus.it\/cattolica\/il-cristianesimo-non-e-una-religione-intellettuale\/"},"author":{"name":"Redazione","@id":"https:\/\/www.rassegnastampa-totustuus.it\/cattolica\/#\/schema\/person\/08f319d2bd1a0904ad9e2bfb7b15e5c3"},"headline":"Il cristianesimo non \u00e8 una religione intellettuale","datePublished":"2023-04-26T22:00:11+00:00","dateModified":"2023-12-28T15:41:31+00:00","mainEntityOfPage":{"@id":"https:\/\/www.rassegnastampa-totustuus.it\/cattolica\/il-cristianesimo-non-e-una-religione-intellettuale\/"},"wordCount":484,"publisher":{"@id":"https:\/\/www.rassegnastampa-totustuus.it\/cattolica\/#organization"},"image":{"@id":"https:\/\/www.rassegnastampa-totustuus.it\/cattolica\/il-cristianesimo-non-e-una-religione-intellettuale\/#primaryimage"},"thumbnailUrl":"https:\/\/www.rassegnastampa-totustuus.it\/cattolica\/wp-content\/uploads\/2023\/04\/fede_devozione_chiesa.jpeg","keywords":["chiesa","dottrina e morale"],"articleSection":["Chiesa","Dottrina e morale"],"inLanguage":"it-IT"},{"@type":"WebPage","@id":"https:\/\/www.rassegnastampa-totustuus.it\/cattolica\/il-cristianesimo-non-e-una-religione-intellettuale\/","url":"https:\/\/www.rassegnastampa-totustuus.it\/cattolica\/il-cristianesimo-non-e-una-religione-intellettuale\/","name":"Il cristianesimo non \u00e8 una religione intellettuale - Rassegna Stampa Cattolica","isPartOf":{"@id":"https:\/\/www.rassegnastampa-totustuus.it\/cattolica\/#website"},"primaryImageOfPage":{"@id":"https:\/\/www.rassegnastampa-totustuus.it\/cattolica\/il-cristianesimo-non-e-una-religione-intellettuale\/#primaryimage"},"image":{"@id":"https:\/\/www.rassegnastampa-totustuus.it\/cattolica\/il-cristianesimo-non-e-una-religione-intellettuale\/#primaryimage"},"thumbnailUrl":"https:\/\/www.rassegnastampa-totustuus.it\/cattolica\/wp-content\/uploads\/2023\/04\/fede_devozione_chiesa.jpeg","datePublished":"2023-04-26T22:00:11+00:00","dateModified":"2023-12-28T15:41:31+00:00","description":"Il cristianesimo non \u00e8 una religione intellettuale anche se certa teologia cattolica contemporanea lo vuole ridurre a ci\u00f2","breadcrumb":{"@id":"https:\/\/www.rassegnastampa-totustuus.it\/cattolica\/il-cristianesimo-non-e-una-religione-intellettuale\/#breadcrumb"},"inLanguage":"it-IT","potentialAction":[{"@type":"ReadAction","target":["https:\/\/www.rassegnastampa-totustuus.it\/cattolica\/il-cristianesimo-non-e-una-religione-intellettuale\/"]}]},{"@type":"ImageObject","inLanguage":"it-IT","@id":"https:\/\/www.rassegnastampa-totustuus.it\/cattolica\/il-cristianesimo-non-e-una-religione-intellettuale\/#primaryimage","url":"https:\/\/www.rassegnastampa-totustuus.it\/cattolica\/wp-content\/uploads\/2023\/04\/fede_devozione_chiesa.jpeg","contentUrl":"https:\/\/www.rassegnastampa-totustuus.it\/cattolica\/wp-content\/uploads\/2023\/04\/fede_devozione_chiesa.jpeg","width":500,"height":437},{"@type":"BreadcrumbList","@id":"https:\/\/www.rassegnastampa-totustuus.it\/cattolica\/il-cristianesimo-non-e-una-religione-intellettuale\/#breadcrumb","itemListElement":[{"@type":"ListItem","position":1,"name":"Home","item":"https:\/\/www.rassegnastampa-totustuus.it\/cattolica\/"},{"@type":"ListItem","position":2,"name":"Il cristianesimo non \u00e8 una religione intellettuale"}]},{"@type":"WebSite","@id":"https:\/\/www.rassegnastampa-totustuus.it\/cattolica\/#website","url":"https:\/\/www.rassegnastampa-totustuus.it\/cattolica\/","name":"Rassegna Stampa Cattolica","description":"Per una cultura che nasce dalla Rivelazione cristiana in conformit\u00e0 alla tradizione e al Magistero della Chiesa in opposizione ad ogni relativismo e totalitarismo","publisher":{"@id":"https:\/\/www.rassegnastampa-totustuus.it\/cattolica\/#organization"},"alternateName":"Rass. Cattolica","potentialAction":[{"@type":"SearchAction","target":{"@type":"EntryPoint","urlTemplate":"https:\/\/www.rassegnastampa-totustuus.it\/cattolica\/?s={search_term_string}"},"query-input":{"@type":"PropertyValueSpecification","valueRequired":true,"valueName":"search_term_string"}}],"inLanguage":"it-IT"},{"@type":"Organization","@id":"https:\/\/www.rassegnastampa-totustuus.it\/cattolica\/#organization","name":"Rassegna Stampa Cattolica","url":"https:\/\/www.rassegnastampa-totustuus.it\/cattolica\/","logo":{"@type":"ImageObject","inLanguage":"it-IT","@id":"https:\/\/www.rassegnastampa-totustuus.it\/cattolica\/#\/schema\/logo\/image\/","url":"https:\/\/www.rassegnastampa-totustuus.it\/cattolica\/wp-content\/uploads\/2014\/04\/logo-rassegna1.gif","contentUrl":"https:\/\/www.rassegnastampa-totustuus.it\/cattolica\/wp-content\/uploads\/2014\/04\/logo-rassegna1.gif","width":600,"height":163,"caption":"Rassegna Stampa Cattolica"},"image":{"@id":"https:\/\/www.rassegnastampa-totustuus.it\/cattolica\/#\/schema\/logo\/image\/"},"sameAs":["https:\/\/www.facebook.com\/rassegnastampacattolica","https:\/\/x.com\/rassegnastampa9"]},{"@type":"Person","@id":"https:\/\/www.rassegnastampa-totustuus.it\/cattolica\/#\/schema\/person\/08f319d2bd1a0904ad9e2bfb7b15e5c3","name":"Redazione","image":{"@type":"ImageObject","inLanguage":"it-IT","@id":"https:\/\/secure.gravatar.com\/avatar\/2fcdf27c78ea025fbdb44e914cc63c72249ffec9dc8aafd5c82b26240ef3f346?s=96&d=mm&r=g","url":"https:\/\/secure.gravatar.com\/avatar\/2fcdf27c78ea025fbdb44e914cc63c72249ffec9dc8aafd5c82b26240ef3f346?s=96&d=mm&r=g","contentUrl":"https:\/\/secure.gravatar.com\/avatar\/2fcdf27c78ea025fbdb44e914cc63c72249ffec9dc8aafd5c82b26240ef3f346?s=96&d=mm&r=g","caption":"Redazione"},"url":"https:\/\/www.rassegnastampa-totustuus.it\/cattolica\/author\/pietroelle\/"}]}},"_links":{"self":[{"href":"https:\/\/www.rassegnastampa-totustuus.it\/cattolica\/wp-json\/wp\/v2\/posts\/56267","targetHints":{"allow":["GET"]}}],"collection":[{"href":"https:\/\/www.rassegnastampa-totustuus.it\/cattolica\/wp-json\/wp\/v2\/posts"}],"about":[{"href":"https:\/\/www.rassegnastampa-totustuus.it\/cattolica\/wp-json\/wp\/v2\/types\/post"}],"author":[{"embeddable":true,"href":"https:\/\/www.rassegnastampa-totustuus.it\/cattolica\/wp-json\/wp\/v2\/users\/6"}],"replies":[{"embeddable":true,"href":"https:\/\/www.rassegnastampa-totustuus.it\/cattolica\/wp-json\/wp\/v2\/comments?post=56267"}],"version-history":[{"count":2,"href":"https:\/\/www.rassegnastampa-totustuus.it\/cattolica\/wp-json\/wp\/v2\/posts\/56267\/revisions"}],"predecessor-version":[{"id":58478,"href":"https:\/\/www.rassegnastampa-totustuus.it\/cattolica\/wp-json\/wp\/v2\/posts\/56267\/revisions\/58478"}],"wp:featuredmedia":[{"embeddable":true,"href":"https:\/\/www.rassegnastampa-totustuus.it\/cattolica\/wp-json\/wp\/v2\/media\/56268"}],"wp:attachment":[{"href":"https:\/\/www.rassegnastampa-totustuus.it\/cattolica\/wp-json\/wp\/v2\/media?parent=56267"}],"wp:term":[{"taxonomy":"category","embeddable":true,"href":"https:\/\/www.rassegnastampa-totustuus.it\/cattolica\/wp-json\/wp\/v2\/categories?post=56267"},{"taxonomy":"post_tag","embeddable":true,"href":"https:\/\/www.rassegnastampa-totustuus.it\/cattolica\/wp-json\/wp\/v2\/tags?post=56267"}],"curies":[{"name":"wp","href":"https:\/\/api.w.org\/{rel}","templated":true}]}}