{"id":5626,"date":"2013-06-20T00:00:00","date_gmt":"2013-06-19T22:00:00","guid":{"rendered":""},"modified":"2015-11-17T15:13:58","modified_gmt":"2015-11-17T14:13:58","slug":"un-pensiero-differente-per-il-rilancio-della-metapolitica","status":"publish","type":"post","link":"https:\/\/www.rassegnastampa-totustuus.it\/cattolica\/un-pensiero-differente-per-il-rilancio-della-metapolitica\/","title":{"rendered":"Un \u201cpensiero differente\u201d, per il rilancio della Metapolitica"},"content":{"rendered":"<div style=\"text-align: center;\"><a href=\"https:\/\/www.rassegnastampa-totustuus.it\/cattolica\/wp-content\/uploads\/2013\/06\/Siena_cover.jpg\"><img loading=\"lazy\" decoding=\"async\" class=\"alignleft wp-image-27775\" src=\"https:\/\/www.rassegnastampa-totustuus.it\/cattolica\/wp-content\/uploads\/2013\/06\/Siena_cover.jpg\" alt=\"Siena_cover\" width=\"137\" height=\"200\" \/><\/a>Dal sito <strong>Vatican insider<\/strong> (La Stampa.it) 4 giugno 2013<\/div>\n<p style=\"text-align: center;\"><em>Nell\u2019ultimo saggio di Primo Siena riproposti 15 maestri del \u201cpoliticamente scorretto\u201d<br \/>\n<\/em><\/p>\n<p style=\"text-align: center;\"><strong>Giuseppe Brienza<\/strong><\/p>\n<p><!--more--><\/p>\n<div style=\"text-align: justify;\">\u00abHo scelto un titolo tolkeniano per questa raccolta di saggi dedicata a persone che hanno coltivato il \u201cpensiero differente\u201d, cio\u00e8 un pensiero \u201cpoliticamente scorretto\u201d, non allineato al conformismo del pensiero corrente\u00bb. Cos\u00ec inizia \u201cIncontri nella Terra di Mezzo. Profili del pensiero differente\u201d (\u201cEdizioni Solfanelli\u201d, Chieti 2013, pp. 215, \u20ac 15,00) l\u2019ultimo libro di Primo Siena, giornalista, scrittore e, per oltre trent\u2019anni, dirigente presso le scuole italiane in America Latina, segnatamente in Per\u00f9 e in Cile dove risiede tuttora.<\/div>\n<p style=\"text-align: justify;\">Siena collabora soprattutto in Argentina con la Fondazione culturale \u201cDecus\u201d di La Plata-Buenos Aires, che promuove da alcuni decenni un rilancio nel \u201cNuovo Mondo\u201d della tradizionale accezione della \u201cMetapolitica\u201d, cio\u00e8 metafisica applicata alla vita sociale al fine di superarne il \u201ckaos\u201d e ripristinarne l\u2019originario ordine, alla scuola del filologo classico Carlos Alberto Disandro (1919-1994).<\/p>\n<p style=\"text-align: justify;\">Siena nel suo volume da\u2019 quindi luogo, come scrive nell\u2019Introduzione, ad una ragionata ribellione \u00abagl\u2019idoli sconsacrati del momento e ai feticci della cultura dominante\u00bb, merc\u00e9 il dialogo con coloro che chiama \u00abmaestri del pensiero differente\u00bb e \u00abuomini dal fermo carattere\u00bb.<\/p>\n<p style=\"text-align: justify;\">Il volume riassume cos\u00ec le esperienze culturali ed umane dello scrittore con personaggi, italiani e stranieri, di grande spessore intellettuale ma non molto conosciuto dal grande pubblico come ad esempio i filosofi Michele F. Sciacca e Marino Gentile, il germanista suo principale maestro Guido Manacorda, il letterato e critico romeno Vintila Horia, i pensatori tradizionalisti Attilio Mordini e Silvano Panunzio ed, infine, l\u2019\u00abItaliano scomodo\u00bb per antonomasia, come lo definisce Siena, Giovanni Papini.<\/p>\n<p style=\"text-align: justify;\">Le pagine dedicate da Siena a Marino Gentile risultano molto documentate, conducendo in particolare una disamina del suo \u201cspiritualismo cristiano\u201d fondato dal punto di vista teoretico, del quale Gentile rappresenta, nel panorama del pensiero italiano del secolo scorso, una delle figure pi\u00f9 importanti.<\/p>\n<p style=\"text-align: justify;\">Decisamente personali risultano le pagine riservate dall\u2019Autore ad Attilio Mordini e a Silvano Panunzio, che gli hanno aperto \u00aborizzonti suggestivi della meta politica\u00bb col suggerimento a \u00abpercorrerne gli erti sentieri\u00bb.<\/p>\n<p style=\"text-align: justify;\">Non meno sentiti si presentano gli accenti dedicati, rispettivamente, al pensatore Michele Federico Sciacca ed al germanista Guido Manacorda, il primo sostenitore di un\u2019originale forma della \u00abinteriorit\u00e0 dell\u2019essere integrale\u00bb e demolitore, altres\u00ec, \u00abdell\u2019immanentismo, dell\u2019ateismo, del materialismo e del panteismo cattomarxista\u00bb, il secondo nemico di ogni forma collettivistica di oppressione ed autore di saggi fra i quali, \u201cIl bolscevismo\u201d, nel quale esplicita una \u00abradicale opposizione del comunismo sovietico alla civilt\u00e0 italiana e romana sia sotto il profilo della morale e della politica come dell\u2019economia e dell\u2019arte\u00bb.<\/p>\n<p style=\"text-align: justify;\">L\u2019analisi pi\u00f9 originale nel libro \u00e8 quella dedicata al sofferto itinerario di Giovanni Papini, da lui definito scomodo perch\u00e9 irriducibilmente \u00abanticonformista e polemista inarrestabile\u00bb, critico pungente e severo fustigatore dei costumi e della cultura del suo tempo. Dello scrittore fiorentino Siena riprende in particolare le pagine \u201cspeculative\u201d, frutto delle sue indagini sul pragmatismo, delle quali resta in particolare il testo \u201cCrepuscolo dei filosofi\u201d, del 1906.<\/p>\n<p style=\"text-align: justify;\">Papini e gli altri scrittori passati al vaglio da Siena hanno in comune una visione metapolitica del mondo e della vita, che li fanno apparire altrettanti confessori di un \u201cpensiero forte\u201d. Solo quest\u2019ultimo, nell\u2019attuale \u201cdittatura del relativismo\u201d, permetterebbe ad avviso dell\u2019autore di riscattare il vigore essenziale di una cultura \u201cpoliticamente scorretta\u201d all\u2019insegna di un rinnovato e necessario \u201crealismo metafisico\u201d.<\/p>\n","protected":false},"excerpt":{"rendered":"<p>Dal sito Vatican insider (La Stampa.it) 4 giugno 2013 Nell\u2019ultimo saggio di Primo Siena riproposti 15 maestri del \u201cpoliticamente scorretto\u201d Giuseppe Brienza<\/p><p><a class=\"more-link btn\" href=\"https:\/\/www.rassegnastampa-totustuus.it\/cattolica\/un-pensiero-differente-per-il-rilancio-della-metapolitica\/\">Continua a leggere<\/a><\/p>\n","protected":false},"author":6,"featured_media":27775,"comment_status":"closed","ping_status":"open","sticky":false,"template":"","format":"standard","meta":{"footnotes":""},"categories":[17],"tags":[283],"class_list":["post-5626","post","type-post","status-publish","format-standard","has-post-thumbnail","hentry","category-libri","tag-personaggi-2","item-wrap"],"yoast_head":"<!-- This site is optimized with the Yoast SEO plugin v27.5 - https:\/\/yoast.com\/product\/yoast-seo-wordpress\/ -->\n<title>Un \u201cpensiero differente\u201d, per il rilancio della Metapolitica - Rassegna Stampa Cattolica<\/title>\n<meta name=\"description\" content=\"Rassegna Stampa Cattolica - Per una cultura che nasce dalla Rivelazione cristiana in conformit\u00e0 alla tradizione e al Magistero della Chiesa in opposizione ad ogni relativismo e totalitarismo\" \/>\n<meta name=\"robots\" content=\"index, follow, max-snippet:-1, max-image-preview:large, max-video-preview:-1\" \/>\n<link rel=\"canonical\" href=\"https:\/\/www.rassegnastampa-totustuus.it\/cattolica\/un-pensiero-differente-per-il-rilancio-della-metapolitica\/\" \/>\n<meta property=\"og:locale\" content=\"it_IT\" \/>\n<meta property=\"og:type\" content=\"article\" \/>\n<meta property=\"og:title\" content=\"Un \u201cpensiero differente\u201d, per il rilancio della Metapolitica - Rassegna Stampa Cattolica\" \/>\n<meta property=\"og:description\" content=\"Rassegna Stampa Cattolica - Per una cultura che nasce dalla Rivelazione cristiana in conformit\u00e0 alla tradizione e al Magistero della Chiesa in opposizione ad ogni relativismo e totalitarismo\" \/>\n<meta property=\"og:url\" content=\"https:\/\/www.rassegnastampa-totustuus.it\/cattolica\/un-pensiero-differente-per-il-rilancio-della-metapolitica\/\" \/>\n<meta property=\"og:site_name\" content=\"Rassegna Stampa Cattolica\" \/>\n<meta property=\"article:publisher\" content=\"https:\/\/www.facebook.com\/rassegnastampacattolica\" \/>\n<meta property=\"article:published_time\" content=\"2013-06-19T22:00:00+00:00\" \/>\n<meta property=\"article:modified_time\" content=\"2015-11-17T14:13:58+00:00\" \/>\n<meta property=\"og:image\" content=\"https:\/\/www.rassegnastampa-totustuus.it\/cattolica\/wp-content\/uploads\/2013\/06\/Siena_cover.jpg\" \/>\n\t<meta property=\"og:image:width\" content=\"200\" \/>\n\t<meta property=\"og:image:height\" content=\"293\" \/>\n\t<meta property=\"og:image:type\" content=\"image\/jpeg\" \/>\n<meta name=\"author\" content=\"Redazione\" \/>\n<meta name=\"twitter:card\" content=\"summary_large_image\" \/>\n<meta name=\"twitter:creator\" content=\"@rassegnastampa9\" \/>\n<meta name=\"twitter:site\" content=\"@rassegnastampa9\" \/>\n<meta name=\"twitter:label1\" content=\"Scritto da\" \/>\n\t<meta name=\"twitter:data1\" content=\"Redazione\" \/>\n\t<meta name=\"twitter:label2\" content=\"Tempo di lettura stimato\" \/>\n\t<meta name=\"twitter:data2\" content=\"3 minuti\" \/>\n<script type=\"application\/ld+json\" class=\"yoast-schema-graph\">{\"@context\":\"https:\\\/\\\/schema.org\",\"@graph\":[{\"@type\":\"Article\",\"@id\":\"https:\\\/\\\/www.rassegnastampa-totustuus.it\\\/cattolica\\\/un-pensiero-differente-per-il-rilancio-della-metapolitica\\\/#article\",\"isPartOf\":{\"@id\":\"https:\\\/\\\/www.rassegnastampa-totustuus.it\\\/cattolica\\\/un-pensiero-differente-per-il-rilancio-della-metapolitica\\\/\"},\"author\":{\"name\":\"Redazione\",\"@id\":\"https:\\\/\\\/www.rassegnastampa-totustuus.it\\\/cattolica\\\/#\\\/schema\\\/person\\\/08f319d2bd1a0904ad9e2bfb7b15e5c3\"},\"headline\":\"Un \u201cpensiero differente\u201d, per il rilancio della Metapolitica\",\"datePublished\":\"2013-06-19T22:00:00+00:00\",\"dateModified\":\"2015-11-17T14:13:58+00:00\",\"mainEntityOfPage\":{\"@id\":\"https:\\\/\\\/www.rassegnastampa-totustuus.it\\\/cattolica\\\/un-pensiero-differente-per-il-rilancio-della-metapolitica\\\/\"},\"wordCount\":567,\"publisher\":{\"@id\":\"https:\\\/\\\/www.rassegnastampa-totustuus.it\\\/cattolica\\\/#organization\"},\"image\":{\"@id\":\"https:\\\/\\\/www.rassegnastampa-totustuus.it\\\/cattolica\\\/un-pensiero-differente-per-il-rilancio-della-metapolitica\\\/#primaryimage\"},\"thumbnailUrl\":\"https:\\\/\\\/www.rassegnastampa-totustuus.it\\\/cattolica\\\/wp-content\\\/uploads\\\/2013\\\/06\\\/Siena_cover.jpg\",\"keywords\":[\"personaggi\"],\"articleSection\":[\"Libri\"],\"inLanguage\":\"it-IT\"},{\"@type\":\"WebPage\",\"@id\":\"https:\\\/\\\/www.rassegnastampa-totustuus.it\\\/cattolica\\\/un-pensiero-differente-per-il-rilancio-della-metapolitica\\\/\",\"url\":\"https:\\\/\\\/www.rassegnastampa-totustuus.it\\\/cattolica\\\/un-pensiero-differente-per-il-rilancio-della-metapolitica\\\/\",\"name\":\"Un \u201cpensiero differente\u201d, per il rilancio della Metapolitica - Rassegna Stampa Cattolica\",\"isPartOf\":{\"@id\":\"https:\\\/\\\/www.rassegnastampa-totustuus.it\\\/cattolica\\\/#website\"},\"primaryImageOfPage\":{\"@id\":\"https:\\\/\\\/www.rassegnastampa-totustuus.it\\\/cattolica\\\/un-pensiero-differente-per-il-rilancio-della-metapolitica\\\/#primaryimage\"},\"image\":{\"@id\":\"https:\\\/\\\/www.rassegnastampa-totustuus.it\\\/cattolica\\\/un-pensiero-differente-per-il-rilancio-della-metapolitica\\\/#primaryimage\"},\"thumbnailUrl\":\"https:\\\/\\\/www.rassegnastampa-totustuus.it\\\/cattolica\\\/wp-content\\\/uploads\\\/2013\\\/06\\\/Siena_cover.jpg\",\"datePublished\":\"2013-06-19T22:00:00+00:00\",\"dateModified\":\"2015-11-17T14:13:58+00:00\",\"description\":\"Rassegna Stampa Cattolica - Per una cultura che nasce dalla Rivelazione cristiana in conformit\u00e0 alla tradizione e al Magistero della Chiesa in opposizione ad ogni relativismo e totalitarismo\",\"breadcrumb\":{\"@id\":\"https:\\\/\\\/www.rassegnastampa-totustuus.it\\\/cattolica\\\/un-pensiero-differente-per-il-rilancio-della-metapolitica\\\/#breadcrumb\"},\"inLanguage\":\"it-IT\",\"potentialAction\":[{\"@type\":\"ReadAction\",\"target\":[\"https:\\\/\\\/www.rassegnastampa-totustuus.it\\\/cattolica\\\/un-pensiero-differente-per-il-rilancio-della-metapolitica\\\/\"]}]},{\"@type\":\"ImageObject\",\"inLanguage\":\"it-IT\",\"@id\":\"https:\\\/\\\/www.rassegnastampa-totustuus.it\\\/cattolica\\\/un-pensiero-differente-per-il-rilancio-della-metapolitica\\\/#primaryimage\",\"url\":\"https:\\\/\\\/www.rassegnastampa-totustuus.it\\\/cattolica\\\/wp-content\\\/uploads\\\/2013\\\/06\\\/Siena_cover.jpg\",\"contentUrl\":\"https:\\\/\\\/www.rassegnastampa-totustuus.it\\\/cattolica\\\/wp-content\\\/uploads\\\/2013\\\/06\\\/Siena_cover.jpg\",\"width\":200,\"height\":293},{\"@type\":\"BreadcrumbList\",\"@id\":\"https:\\\/\\\/www.rassegnastampa-totustuus.it\\\/cattolica\\\/un-pensiero-differente-per-il-rilancio-della-metapolitica\\\/#breadcrumb\",\"itemListElement\":[{\"@type\":\"ListItem\",\"position\":1,\"name\":\"Home\",\"item\":\"https:\\\/\\\/www.rassegnastampa-totustuus.it\\\/cattolica\\\/\"},{\"@type\":\"ListItem\",\"position\":2,\"name\":\"Un \u201cpensiero differente\u201d, per il rilancio della Metapolitica\"}]},{\"@type\":\"WebSite\",\"@id\":\"https:\\\/\\\/www.rassegnastampa-totustuus.it\\\/cattolica\\\/#website\",\"url\":\"https:\\\/\\\/www.rassegnastampa-totustuus.it\\\/cattolica\\\/\",\"name\":\"Rassegna Stampa Cattolica\",\"description\":\"Per una cultura che nasce dalla Rivelazione cristiana in conformit\u00e0 alla tradizione e al Magistero della Chiesa in opposizione ad ogni relativismo e totalitarismo\",\"publisher\":{\"@id\":\"https:\\\/\\\/www.rassegnastampa-totustuus.it\\\/cattolica\\\/#organization\"},\"alternateName\":\"Rass. Cattolica\",\"potentialAction\":[{\"@type\":\"SearchAction\",\"target\":{\"@type\":\"EntryPoint\",\"urlTemplate\":\"https:\\\/\\\/www.rassegnastampa-totustuus.it\\\/cattolica\\\/?s={search_term_string}\"},\"query-input\":{\"@type\":\"PropertyValueSpecification\",\"valueRequired\":true,\"valueName\":\"search_term_string\"}}],\"inLanguage\":\"it-IT\"},{\"@type\":\"Organization\",\"@id\":\"https:\\\/\\\/www.rassegnastampa-totustuus.it\\\/cattolica\\\/#organization\",\"name\":\"Rassegna Stampa Cattolica\",\"url\":\"https:\\\/\\\/www.rassegnastampa-totustuus.it\\\/cattolica\\\/\",\"logo\":{\"@type\":\"ImageObject\",\"inLanguage\":\"it-IT\",\"@id\":\"https:\\\/\\\/www.rassegnastampa-totustuus.it\\\/cattolica\\\/#\\\/schema\\\/logo\\\/image\\\/\",\"url\":\"https:\\\/\\\/www.rassegnastampa-totustuus.it\\\/cattolica\\\/wp-content\\\/uploads\\\/2014\\\/04\\\/logo-rassegna1.gif\",\"contentUrl\":\"https:\\\/\\\/www.rassegnastampa-totustuus.it\\\/cattolica\\\/wp-content\\\/uploads\\\/2014\\\/04\\\/logo-rassegna1.gif\",\"width\":600,\"height\":163,\"caption\":\"Rassegna Stampa Cattolica\"},\"image\":{\"@id\":\"https:\\\/\\\/www.rassegnastampa-totustuus.it\\\/cattolica\\\/#\\\/schema\\\/logo\\\/image\\\/\"},\"sameAs\":[\"https:\\\/\\\/www.facebook.com\\\/rassegnastampacattolica\",\"https:\\\/\\\/x.com\\\/rassegnastampa9\"]},{\"@type\":\"Person\",\"@id\":\"https:\\\/\\\/www.rassegnastampa-totustuus.it\\\/cattolica\\\/#\\\/schema\\\/person\\\/08f319d2bd1a0904ad9e2bfb7b15e5c3\",\"name\":\"Redazione\",\"image\":{\"@type\":\"ImageObject\",\"inLanguage\":\"it-IT\",\"@id\":\"https:\\\/\\\/secure.gravatar.com\\\/avatar\\\/2fcdf27c78ea025fbdb44e914cc63c72249ffec9dc8aafd5c82b26240ef3f346?s=96&d=mm&r=g\",\"url\":\"https:\\\/\\\/secure.gravatar.com\\\/avatar\\\/2fcdf27c78ea025fbdb44e914cc63c72249ffec9dc8aafd5c82b26240ef3f346?s=96&d=mm&r=g\",\"contentUrl\":\"https:\\\/\\\/secure.gravatar.com\\\/avatar\\\/2fcdf27c78ea025fbdb44e914cc63c72249ffec9dc8aafd5c82b26240ef3f346?s=96&d=mm&r=g\",\"caption\":\"Redazione\"},\"url\":\"https:\\\/\\\/www.rassegnastampa-totustuus.it\\\/cattolica\\\/author\\\/pietroelle\\\/\"}]}<\/script>\n<!-- \/ Yoast SEO plugin. -->","yoast_head_json":{"title":"Un \u201cpensiero differente\u201d, per il rilancio della Metapolitica - Rassegna Stampa Cattolica","description":"Rassegna Stampa Cattolica - Per una cultura che nasce dalla Rivelazione cristiana in conformit\u00e0 alla tradizione e al Magistero della Chiesa in opposizione ad ogni relativismo e totalitarismo","robots":{"index":"index","follow":"follow","max-snippet":"max-snippet:-1","max-image-preview":"max-image-preview:large","max-video-preview":"max-video-preview:-1"},"canonical":"https:\/\/www.rassegnastampa-totustuus.it\/cattolica\/un-pensiero-differente-per-il-rilancio-della-metapolitica\/","og_locale":"it_IT","og_type":"article","og_title":"Un \u201cpensiero differente\u201d, per il rilancio della Metapolitica - Rassegna Stampa Cattolica","og_description":"Rassegna Stampa Cattolica - Per una cultura che nasce dalla Rivelazione cristiana in conformit\u00e0 alla tradizione e al Magistero della Chiesa in opposizione ad ogni relativismo e totalitarismo","og_url":"https:\/\/www.rassegnastampa-totustuus.it\/cattolica\/un-pensiero-differente-per-il-rilancio-della-metapolitica\/","og_site_name":"Rassegna Stampa Cattolica","article_publisher":"https:\/\/www.facebook.com\/rassegnastampacattolica","article_published_time":"2013-06-19T22:00:00+00:00","article_modified_time":"2015-11-17T14:13:58+00:00","og_image":[{"width":200,"height":293,"url":"https:\/\/www.rassegnastampa-totustuus.it\/cattolica\/wp-content\/uploads\/2013\/06\/Siena_cover.jpg","type":"image\/jpeg"}],"author":"Redazione","twitter_card":"summary_large_image","twitter_creator":"@rassegnastampa9","twitter_site":"@rassegnastampa9","twitter_misc":{"Scritto da":"Redazione","Tempo di lettura stimato":"3 minuti"},"schema":{"@context":"https:\/\/schema.org","@graph":[{"@type":"Article","@id":"https:\/\/www.rassegnastampa-totustuus.it\/cattolica\/un-pensiero-differente-per-il-rilancio-della-metapolitica\/#article","isPartOf":{"@id":"https:\/\/www.rassegnastampa-totustuus.it\/cattolica\/un-pensiero-differente-per-il-rilancio-della-metapolitica\/"},"author":{"name":"Redazione","@id":"https:\/\/www.rassegnastampa-totustuus.it\/cattolica\/#\/schema\/person\/08f319d2bd1a0904ad9e2bfb7b15e5c3"},"headline":"Un \u201cpensiero differente\u201d, per il rilancio della Metapolitica","datePublished":"2013-06-19T22:00:00+00:00","dateModified":"2015-11-17T14:13:58+00:00","mainEntityOfPage":{"@id":"https:\/\/www.rassegnastampa-totustuus.it\/cattolica\/un-pensiero-differente-per-il-rilancio-della-metapolitica\/"},"wordCount":567,"publisher":{"@id":"https:\/\/www.rassegnastampa-totustuus.it\/cattolica\/#organization"},"image":{"@id":"https:\/\/www.rassegnastampa-totustuus.it\/cattolica\/un-pensiero-differente-per-il-rilancio-della-metapolitica\/#primaryimage"},"thumbnailUrl":"https:\/\/www.rassegnastampa-totustuus.it\/cattolica\/wp-content\/uploads\/2013\/06\/Siena_cover.jpg","keywords":["personaggi"],"articleSection":["Libri"],"inLanguage":"it-IT"},{"@type":"WebPage","@id":"https:\/\/www.rassegnastampa-totustuus.it\/cattolica\/un-pensiero-differente-per-il-rilancio-della-metapolitica\/","url":"https:\/\/www.rassegnastampa-totustuus.it\/cattolica\/un-pensiero-differente-per-il-rilancio-della-metapolitica\/","name":"Un \u201cpensiero differente\u201d, per il rilancio della Metapolitica - Rassegna Stampa Cattolica","isPartOf":{"@id":"https:\/\/www.rassegnastampa-totustuus.it\/cattolica\/#website"},"primaryImageOfPage":{"@id":"https:\/\/www.rassegnastampa-totustuus.it\/cattolica\/un-pensiero-differente-per-il-rilancio-della-metapolitica\/#primaryimage"},"image":{"@id":"https:\/\/www.rassegnastampa-totustuus.it\/cattolica\/un-pensiero-differente-per-il-rilancio-della-metapolitica\/#primaryimage"},"thumbnailUrl":"https:\/\/www.rassegnastampa-totustuus.it\/cattolica\/wp-content\/uploads\/2013\/06\/Siena_cover.jpg","datePublished":"2013-06-19T22:00:00+00:00","dateModified":"2015-11-17T14:13:58+00:00","description":"Rassegna Stampa Cattolica - Per una cultura che nasce dalla Rivelazione cristiana in conformit\u00e0 alla tradizione e al Magistero della Chiesa in opposizione ad ogni relativismo e totalitarismo","breadcrumb":{"@id":"https:\/\/www.rassegnastampa-totustuus.it\/cattolica\/un-pensiero-differente-per-il-rilancio-della-metapolitica\/#breadcrumb"},"inLanguage":"it-IT","potentialAction":[{"@type":"ReadAction","target":["https:\/\/www.rassegnastampa-totustuus.it\/cattolica\/un-pensiero-differente-per-il-rilancio-della-metapolitica\/"]}]},{"@type":"ImageObject","inLanguage":"it-IT","@id":"https:\/\/www.rassegnastampa-totustuus.it\/cattolica\/un-pensiero-differente-per-il-rilancio-della-metapolitica\/#primaryimage","url":"https:\/\/www.rassegnastampa-totustuus.it\/cattolica\/wp-content\/uploads\/2013\/06\/Siena_cover.jpg","contentUrl":"https:\/\/www.rassegnastampa-totustuus.it\/cattolica\/wp-content\/uploads\/2013\/06\/Siena_cover.jpg","width":200,"height":293},{"@type":"BreadcrumbList","@id":"https:\/\/www.rassegnastampa-totustuus.it\/cattolica\/un-pensiero-differente-per-il-rilancio-della-metapolitica\/#breadcrumb","itemListElement":[{"@type":"ListItem","position":1,"name":"Home","item":"https:\/\/www.rassegnastampa-totustuus.it\/cattolica\/"},{"@type":"ListItem","position":2,"name":"Un \u201cpensiero differente\u201d, per il rilancio della Metapolitica"}]},{"@type":"WebSite","@id":"https:\/\/www.rassegnastampa-totustuus.it\/cattolica\/#website","url":"https:\/\/www.rassegnastampa-totustuus.it\/cattolica\/","name":"Rassegna Stampa Cattolica","description":"Per una cultura che nasce dalla Rivelazione cristiana in conformit\u00e0 alla tradizione e al Magistero della Chiesa in opposizione ad ogni relativismo e totalitarismo","publisher":{"@id":"https:\/\/www.rassegnastampa-totustuus.it\/cattolica\/#organization"},"alternateName":"Rass. Cattolica","potentialAction":[{"@type":"SearchAction","target":{"@type":"EntryPoint","urlTemplate":"https:\/\/www.rassegnastampa-totustuus.it\/cattolica\/?s={search_term_string}"},"query-input":{"@type":"PropertyValueSpecification","valueRequired":true,"valueName":"search_term_string"}}],"inLanguage":"it-IT"},{"@type":"Organization","@id":"https:\/\/www.rassegnastampa-totustuus.it\/cattolica\/#organization","name":"Rassegna Stampa Cattolica","url":"https:\/\/www.rassegnastampa-totustuus.it\/cattolica\/","logo":{"@type":"ImageObject","inLanguage":"it-IT","@id":"https:\/\/www.rassegnastampa-totustuus.it\/cattolica\/#\/schema\/logo\/image\/","url":"https:\/\/www.rassegnastampa-totustuus.it\/cattolica\/wp-content\/uploads\/2014\/04\/logo-rassegna1.gif","contentUrl":"https:\/\/www.rassegnastampa-totustuus.it\/cattolica\/wp-content\/uploads\/2014\/04\/logo-rassegna1.gif","width":600,"height":163,"caption":"Rassegna Stampa Cattolica"},"image":{"@id":"https:\/\/www.rassegnastampa-totustuus.it\/cattolica\/#\/schema\/logo\/image\/"},"sameAs":["https:\/\/www.facebook.com\/rassegnastampacattolica","https:\/\/x.com\/rassegnastampa9"]},{"@type":"Person","@id":"https:\/\/www.rassegnastampa-totustuus.it\/cattolica\/#\/schema\/person\/08f319d2bd1a0904ad9e2bfb7b15e5c3","name":"Redazione","image":{"@type":"ImageObject","inLanguage":"it-IT","@id":"https:\/\/secure.gravatar.com\/avatar\/2fcdf27c78ea025fbdb44e914cc63c72249ffec9dc8aafd5c82b26240ef3f346?s=96&d=mm&r=g","url":"https:\/\/secure.gravatar.com\/avatar\/2fcdf27c78ea025fbdb44e914cc63c72249ffec9dc8aafd5c82b26240ef3f346?s=96&d=mm&r=g","contentUrl":"https:\/\/secure.gravatar.com\/avatar\/2fcdf27c78ea025fbdb44e914cc63c72249ffec9dc8aafd5c82b26240ef3f346?s=96&d=mm&r=g","caption":"Redazione"},"url":"https:\/\/www.rassegnastampa-totustuus.it\/cattolica\/author\/pietroelle\/"}]}},"_links":{"self":[{"href":"https:\/\/www.rassegnastampa-totustuus.it\/cattolica\/wp-json\/wp\/v2\/posts\/5626","targetHints":{"allow":["GET"]}}],"collection":[{"href":"https:\/\/www.rassegnastampa-totustuus.it\/cattolica\/wp-json\/wp\/v2\/posts"}],"about":[{"href":"https:\/\/www.rassegnastampa-totustuus.it\/cattolica\/wp-json\/wp\/v2\/types\/post"}],"author":[{"embeddable":true,"href":"https:\/\/www.rassegnastampa-totustuus.it\/cattolica\/wp-json\/wp\/v2\/users\/6"}],"replies":[{"embeddable":true,"href":"https:\/\/www.rassegnastampa-totustuus.it\/cattolica\/wp-json\/wp\/v2\/comments?post=5626"}],"version-history":[{"count":4,"href":"https:\/\/www.rassegnastampa-totustuus.it\/cattolica\/wp-json\/wp\/v2\/posts\/5626\/revisions"}],"predecessor-version":[{"id":27776,"href":"https:\/\/www.rassegnastampa-totustuus.it\/cattolica\/wp-json\/wp\/v2\/posts\/5626\/revisions\/27776"}],"wp:featuredmedia":[{"embeddable":true,"href":"https:\/\/www.rassegnastampa-totustuus.it\/cattolica\/wp-json\/wp\/v2\/media\/27775"}],"wp:attachment":[{"href":"https:\/\/www.rassegnastampa-totustuus.it\/cattolica\/wp-json\/wp\/v2\/media?parent=5626"}],"wp:term":[{"taxonomy":"category","embeddable":true,"href":"https:\/\/www.rassegnastampa-totustuus.it\/cattolica\/wp-json\/wp\/v2\/categories?post=5626"},{"taxonomy":"post_tag","embeddable":true,"href":"https:\/\/www.rassegnastampa-totustuus.it\/cattolica\/wp-json\/wp\/v2\/tags?post=5626"}],"curies":[{"name":"wp","href":"https:\/\/api.w.org\/{rel}","templated":true}]}}