{"id":56258,"date":"2023-04-27T00:00:24","date_gmt":"2023-04-26T22:00:24","guid":{"rendered":"http:\/\/www.rassegnastampa-totustuus.it\/cattolica\/?p=56258"},"modified":"2023-12-28T16:23:06","modified_gmt":"2023-12-28T15:23:06","slug":"origini-americane-di-eugenetica-e-camere-a-gas","status":"publish","type":"post","link":"https:\/\/www.rassegnastampa-totustuus.it\/cattolica\/origini-americane-di-eugenetica-e-camere-a-gas\/","title":{"rendered":"Origini americane di eugenetica e camere a gas"},"content":{"rendered":"<p style=\"text-align: justify;\"><strong><img loading=\"lazy\" decoding=\"async\" class=\"wp-image-56259 alignright\" src=\"https:\/\/www.rassegnastampa-totustuus.it\/cattolica\/wp-content\/uploads\/2023\/04\/eugenetica-300x214.png\" alt=\"\" width=\"355\" height=\"253\" srcset=\"https:\/\/www.rassegnastampa-totustuus.it\/cattolica\/wp-content\/uploads\/2023\/04\/eugenetica-300x214.png 300w, https:\/\/www.rassegnastampa-totustuus.it\/cattolica\/wp-content\/uploads\/2023\/04\/eugenetica.png 750w\" sizes=\"auto, (max-width: 355px) 100vw, 355px\" \/><span style=\"color: #000000;\">Abstract: <\/span><\/strong><em><span style=\"color: #000000;\">origini americane di eugenetica e camere a gas. Le camere a gas furono inventate in Gran Bretagna alla fine del XIX secolo come metodo \u201cumano\u201d per uccidere cani e gatti randagi. Quasi subito si pens\u00f2 di utilizzarle per l\u2019esecuzione \u201cumana\u201d dei criminali e tra gli eugenisti, per sbarazzarsi delle persone \u201cinadatte\u201d, mentre negli Stati Uniti si discuteva di metodi di eliminazione \u201cumana\u201d di persone ritenute indegne di vivere.<\/span><\/em><\/p>\n<p><!--more--><\/p>\n<p style=\"text-align: center;\"><a href=\"https:\/\/www.facebook.com\" target=\"_blank\" rel=\"noopener\"><strong><span style=\"color: #000000;\">International Family News <\/span><\/strong><\/a><span style=\"color: #000000;\">23 Aprile 2023<\/span><\/p>\n<h3 style=\"text-align: center;\"><span style=\"color: #000000;\">L\u2019eugenetica e le radici americane <\/span><\/h3>\n<h3 style=\"text-align: center;\"><span style=\"color: #000000;\">delle camere a gas naziste<\/span><\/h3>\n<p style=\"text-align: justify;\"><span style=\"color: #000000;\"><em>Madison Grant scrisse: &#8220;Un malinteso rispetto per quelle che sono considerate leggi divine e una convinzione sentimentale nella santit\u00e0 della vita umana di solito impediscono sia la distruzione dei neonati difettosi che la sterilizzazione di quegli adulti che non hanno alcun valore per la societ\u00e0. Le leggi della natura richiedono la distruzione di chi non \u00e8 adatto, e la vita umana ha valore solo quando \u00e8 utile alla societ\u00e0 o alla razza&#8221;.<\/em><\/span><\/p>\n<p style=\"text-align: center;\"><span style=\"color: #000000;\">di <strong>Pavel Parfentiev<\/strong><\/span><\/p>\n<p style=\"text-align: justify;\"><span style=\"color: #000000;\"><img loading=\"lazy\" decoding=\"async\" class=\"size-full wp-image-54171 alignleft\" src=\"https:\/\/www.rassegnastampa-totustuus.it\/cattolica\/wp-content\/uploads\/2009\/03\/infanticidio_eugenetica_sparta.jpg\" alt=\"\" width=\"186\" height=\"271\" \/>Parlando delle<\/span> <span style=\"color: #0000ff;\"><a style=\"color: #0000ff;\" href=\"https:\/\/ifamnews.com\/ru\/evgeniceskie-vzgld-uinstona-cercill\" target=\"_blank\" rel=\"noopener noreferrer\">idee eugenetiche di Churchill<\/a>,<\/span> <span style=\"color: #000000;\">ho citato il primo congresso internazionale di eugenetica tenutosi a Londra nel 1912. Tra i relatori, Bleeker van Wagenen dell\u2019Associazione americana degli allevatori. La sua presentazione era in gran parte basata sul \u201cRapporto preliminare\u201d della sezione eugenetica di questa Associazione \u201csui migliori mezzi pratici per eliminare il germoplasma difettoso nella popolazione umana\u201d.<\/span><\/p>\n<p style=\"text-align: justify;\"><span style=\"color: #000000;\">Tra le opzioni prese in considerazione c\u2019era l&#8217;\u201deutanasia\u201d. Non credo che si trattasse dell\u2019uccisione indolore dei malati terminali (sebbene anche questa sia una cosa terribile). No, si trattava di metodi di eliminazione \u201cumana\u201d di persone ritenute indegne di vivere. Il metodo principale, di cui si discuteva ampiamente in Gran Bretagna, negli Stati Uniti e in molti altri Paesi, era quello delle \u201ccamere della morte\u201d, cio\u00e8 le camere a gas.<\/span><\/p>\n<p style=\"text-align: justify;\"><span style=\"color: #000000;\">Le camere a gas furono inventate in Gran Bretagna alla fine del XIX secolo come metodo \u201cumano\u201d per uccidere cani e gatti randagi. Quasi subito si pens\u00f2 di utilizzarle per l\u2019esecuzione \u201cumana\u201d dei criminali. E tra gli eugenisti, per sbarazzarsi delle persone \u201cinadatte\u201d.<\/span><\/p>\n<p style=\"text-align: justify;\"><span style=\"color: #000000;\"><img loading=\"lazy\" decoding=\"async\" class=\" wp-image-31817 alignright\" src=\"https:\/\/www.rassegnastampa-totustuus.it\/cattolica\/wp-content\/uploads\/2012\/11\/eugenetica.jpg\" alt=\"\" width=\"321\" height=\"237\" \/>Nel 1905 il sostenitore britannico del controllo delle nascite, il socialista Eden Paul, scrisse che la societ\u00e0 deve difendersi da coloro che \u201cgenerano atti antisociali che possono danneggiare le generazioni future. Se essa [la societ\u00e0] rifiuta le camere della morte, quale altra alternativa pu\u00f2 escogitare uno Stato socialista?\u201d.<\/span><\/p>\n<p style=\"text-align: justify;\"><span style=\"color: #000000;\">L\u2019anno successivo, l\u2019eugenista britannico Robert Rentoul inser\u00ec nel suo libro \u201cCultura razziale o suicidio razziale?\u201d un\u2019ampia sezione intitolata \u201cUccidere i degenerati\u201d. Tuttavia, Rentul rifiut\u00f2 l\u2019idea dei massacri, ritenendola troppo brutale. George Bernard Shaw, il famoso scrittore ed eugenista, non lo rifiut\u00f2. Nel 1910 dichiar\u00f2: \u201cParte della politica eugenetica ci condurr\u00e0 alla fine all\u2019uso diffuso della telecamera della morte. Cos\u00ec tante persone dovrebbero essere sterminate semplicemente perch\u00e9 il tempo di altre persone viene speso per prendersi cura di loro\u201d. In generale, tra gli eugenisti britannici non tutti, ma parecchi discutevano seriamente di questa \u201csoluzione finale\u201d al problema delle persone \u201cinadatte\u201d.<\/span><\/p>\n<p style=\"text-align: justify;\"><img loading=\"lazy\" decoding=\"async\" class=\" wp-image-50380 alignleft\" src=\"https:\/\/www.rassegnastampa-totustuus.it\/cattolica\/wp-content\/uploads\/2021\/03\/eugenetica-300x169.jpg\" alt=\"\" width=\"339\" height=\"191\" srcset=\"https:\/\/www.rassegnastampa-totustuus.it\/cattolica\/wp-content\/uploads\/2021\/03\/eugenetica-300x169.jpg 300w, https:\/\/www.rassegnastampa-totustuus.it\/cattolica\/wp-content\/uploads\/2021\/03\/eugenetica-768x432.jpg 768w, https:\/\/www.rassegnastampa-totustuus.it\/cattolica\/wp-content\/uploads\/2021\/03\/eugenetica-1024x576.jpg 1024w, https:\/\/www.rassegnastampa-totustuus.it\/cattolica\/wp-content\/uploads\/2021\/03\/eugenetica.jpg 1280w\" sizes=\"auto, (max-width: 339px) 100vw, 339px\" \/><span style=\"color: #000000;\">La stessa cosa stava accadendo in America. Ma in questo Paese, con il suo pragmatico \u201capproccio commerciale\u201d, questo approccio \u00e8 stato molto prima considerato normale e accettabile. Nel 1900, il medico W. Duncan McKim pubblic\u00f2 un libro intitolato Heredity and Human Progress. In essa ha scritto:<\/span><\/p>\n<p style=\"text-align: justify;\"><span style=\"color: #000000;\">\u201cL\u2019ereditariet\u00e0 \u00e8 la causa principale della miseria umana\u2026 Il mezzo pi\u00f9 sicuro, semplice, gentile e umano per impedire la procreazione di coloro che riteniamo indegni di questo alto privilegio [della riproduzione] \u00e8 una morte dolce e indolore\u201d. E ha aggiunto: \u201cAbbiamo una sostanza \u2013 l\u2019anidride carbonica \u2013 che soddisfa questa esigenza all\u2019istante.<\/span><\/p>\n<p style=\"text-align: justify;\"><span style=\"color: #000000;\"><img loading=\"lazy\" decoding=\"async\" class=\" wp-image-17711 alignright\" src=\"https:\/\/www.rassegnastampa-totustuus.it\/cattolica\/wp-content\/uploads\/2009\/02\/nazi_eutanasia.jpg\" alt=\"\" width=\"237\" height=\"318\" \/>Queste idee cannibalistiche e misantropiche sono state proposte spesso e i progetti pratici per realizzarle sono stati piuttosto numerosi. Anche i legislatori americani ci hanno pensato.<\/span><\/p>\n<p style=\"text-align: justify;\"><span style=\"color: #000000;\">In generale, gi\u00e0 intorno al 1910 l\u2019idea di inviare tutte le persone \u201cnon idonee\u201d alle camere a gas era ampiamente discussa negli Stati Uniti da molti sociologi ed eugenisti. Ad esempio, E. \u0411. Sherlock, nel suo libro The Demented: A Manual of Study and Practice (1911), testimoniava: \u201cLe frivole proposte per l\u2019erezione di camere della morte sono abbastanza comuni\u2026\u201d.<\/span><\/p>\n<p style=\"text-align: justify;\"><span style=\"color: #000000;\">L\u2019urologo newyorkese William Robinson, un altro sostenitore dell\u2019eugenetica e del controllo delle nascite, sugger\u00ec nel suo libro Eugenetica, matrimonio e controllo delle nascite (Practical Eugenics) di uccidere con il gas la prole delle persone \u201cinadatte\u201d.<\/span><\/p>\n<p style=\"text-align: justify;\"><span style=\"color: #000000;\"><img loading=\"lazy\" decoding=\"async\" class=\" wp-image-27146 alignleft\" src=\"https:\/\/www.rassegnastampa-totustuus.it\/cattolica\/wp-content\/uploads\/2007\/03\/eutanasia.jpg\" alt=\"\" width=\"231\" height=\"337\" \/>Alla prima Conferenza nazionale sul miglioramento della razza fu invitato un eugenista dell\u2019Universit\u00e0 del Wisconsin, Leon J. D.. Cole elogiava i nuovi approcci eugenetici all\u2019allevamento. Spiega: \u201c\u2026 invece della selezione naturale si tratta ora di una selezione consapevole da parte dell\u2019allevatore. La morte \u00e8 un normale processo di eliminazione nell\u2019organismo sociale, e possiamo andare oltre e dire che prolungando la vita degli individui difettosi impediamo ai reni della societ\u00e0 di funzionare!<\/span><\/p>\n<p style=\"text-align: justify;\"><span style=\"color: #000000;\">Nel suo famoso libro Applied Eugenics, il celebre eugenista Paul Popenow ha scritto a proposito dell\u2019eliminazione delle persone \u201cnon adatte\u201d: \u201cStoricamente, il primo metodo che viene in mente \u00e8 l\u2019esecrazione\u2026. La sua importanza nel mantenimento degli standard razziali non deve essere sottovalutata.<\/span><\/p>\n<p style=\"text-align: justify;\"><span style=\"color: #000000;\">Penso che ci siano abbastanza esempi. Ma rivolgiamo la nostra attenzione a un altro autore.<\/span><\/p>\n<p style=\"text-align: justify;\"><span style=\"color: #000000;\"><img loading=\"lazy\" decoding=\"async\" class=\"wp-image-56261 alignright\" src=\"https:\/\/www.rassegnastampa-totustuus.it\/cattolica\/wp-content\/uploads\/2023\/04\/nazismo_camera_gas_eugenetica.jpg\" alt=\"\" width=\"318\" height=\"235\" \/>Il famoso scrittore americano Madison Grant scrisse nel suo libro The Departure of a Great Race: The Racial Basis of European History (1916):<\/span><\/p>\n<p style=\"text-align: justify;\"><span style=\"color: #000000;\">\u201cUn malinteso rispetto per quelle che sono considerate leggi divine e una convinzione sentimentale nella santit\u00e0 della vita umana di solito impediscono sia la distruzione dei neonati difettosi che la sterilizzazione di quegli adulti che non hanno alcun valore per la societ\u00e0. Le leggi della natura richiedono la distruzione di chi non \u00e8 idoneo, e la vita umana ha valore solo quando \u00e8 utile alla societ\u00e0 o alla razza\u201d.<\/span><\/p>\n<p style=\"text-align: justify;\"><img loading=\"lazy\" decoding=\"async\" class=\" wp-image-49907 alignleft\" src=\"https:\/\/www.rassegnastampa-totustuus.it\/cattolica\/wp-content\/uploads\/2021\/02\/eugenetica_nazismo-300x191.jpg\" alt=\"\" width=\"330\" height=\"210\" srcset=\"https:\/\/www.rassegnastampa-totustuus.it\/cattolica\/wp-content\/uploads\/2021\/02\/eugenetica_nazismo-300x191.jpg 300w, https:\/\/www.rassegnastampa-totustuus.it\/cattolica\/wp-content\/uploads\/2021\/02\/eugenetica_nazismo-768x488.jpg 768w, https:\/\/www.rassegnastampa-totustuus.it\/cattolica\/wp-content\/uploads\/2021\/02\/eugenetica_nazismo.jpg 800w\" sizes=\"auto, (max-width: 330px) 100vw, 330px\" \/><span style=\"color: #000000;\">Come si pu\u00f2 vedere, queste sono gi\u00e0 le idee naziste a tutti gli effetti che ci aspetteremmo di vedere nei libri e nei discorsi di Hitler. E non solo sono stati ampiamente discussi nella societ\u00e0. Alcuni operatori sanitari le hanno messe in pratica, privando deliberatamente i neonati delle cure di genitori \u201cinadatti\u201d per farli morire. Negli istituti per \u201cdementi\u201d, spesso le condizioni sono state deliberatamente create per portare ad alti tassi di mortalit\u00e0.<\/span><\/p>\n<p style=\"text-align: justify;\"><span style=\"color: #000000;\">Le idee americane hanno avuto una grande influenza sugli eugenisti di altri Paesi, compresa l\u2019Europa. La Germania non ha fatto eccezione. Le \u201ccharity\u201d americane, tuttavia, sponsorizzavano generosamente gli eugenisti \u201cd\u2019oltreoceano\u201d.<\/span><\/p>\n<p style=\"text-align: justify;\"><span style=\"color: #000000;\"><img loading=\"lazy\" decoding=\"async\" class=\"wp-image-29267 alignright\" src=\"https:\/\/www.rassegnastampa-totustuus.it\/cattolica\/wp-content\/uploads\/2016\/01\/fondazione_Rockefeller.jpg\" alt=\"\" width=\"229\" height=\"220\" \/>Ad esempio, la Fondazione Rockefeller e la Carnegie Institution investirono centinaia di migliaia di dollari nello sviluppo della \u201cbiologia razziale\u201d tedesca. Non sono stati i nazisti, ma gli eugenisti americani, l\u2019\u00e9lite intellettuale e politica degli Stati Uniti, a parlare per primi di persone \u201cereditariamente inadatte\u201d e \u201cinutili alla societ\u00e0\u201d come \u201cmicrobi\u201d, \u201cparassiti\u201d, \u201cbastardi\u201d e \u201csubumani\u201d. Come, del resto, la superiorit\u00e0 eugenetica della \u201crazza nordica\u201d.<\/span><\/p>\n<p style=\"text-align: justify;\"><span style=\"color: #000000;\">Ci\u00f2 che nella Germania nazista si \u00e8 evoluto nella teoria \u201cRasse und Blut\u201d \u2013 \u201crazza e sangue\u201d \u2013 \u00e8 stato forgiato negli Stati Uniti. Le proposte americane, le leggi sulla sterilizzazione forzata, gli studi e le idee eugenetiche furono una fonte di seria ispirazione per i teorici e gli operatori tedeschi.<\/span><\/p>\n<p style=\"text-align: justify;\"><span style=\"color: #000000;\"><img loading=\"lazy\" decoding=\"async\" class=\" wp-image-44636 alignright\" src=\"https:\/\/www.rassegnastampa-totustuus.it\/cattolica\/wp-content\/uploads\/2019\/10\/Eutanasia-300x169.jpg\" alt=\"\" width=\"369\" height=\"208\" srcset=\"https:\/\/www.rassegnastampa-totustuus.it\/cattolica\/wp-content\/uploads\/2019\/10\/Eutanasia-300x169.jpg 300w, https:\/\/www.rassegnastampa-totustuus.it\/cattolica\/wp-content\/uploads\/2019\/10\/Eutanasia-768x433.jpg 768w, https:\/\/www.rassegnastampa-totustuus.it\/cattolica\/wp-content\/uploads\/2019\/10\/Eutanasia-1024x577.jpg 1024w, https:\/\/www.rassegnastampa-totustuus.it\/cattolica\/wp-content\/uploads\/2019\/10\/Eutanasia.jpg 1800w\" sizes=\"auto, (max-width: 369px) 100vw, 369px\" \/>Ricordate le parole di Madison Grant, eugenista, sostenitore dello sterminio dei \u201cnon adatti\u201d e del dominio della \u201crazza nordica\u201d? Un giorno, all\u2019inizio degli anni \u201930, ricevette la visita di Leon Whitney della direzione dell\u2019Associazione Eugenetica Americana. Whitney mostr\u00f2 a Madison una lettera che aveva appena ricevuto da un lettore entusiasta dei suoi articoli dalla Germania. Madison rispose mostrando allegramente una lettera dello stesso ammiratore tedesco che lodava il suo libro, The Passing of a Great Race. Un fan ha scritto che il libro di Madison \u00e8 diventato \u201cla sua Bibbia\u201d. L\u2019autore della lettera era un politico tedesco di successo che avrebbe presto superato i suoi maestri americani distruggendo milioni di persone razzialmente e biologicamente \u201cinadatte\u201d in istituti speciali e campi di concentramento. Il nome dell\u2019uomo era Adolf Hitler.<\/span><\/p>\n<p style=\"text-align: justify;\"><span style=\"color: #000000;\"><em>Questo articolo si basa su pubblicazioni straniere, in particolare sullo studio americano: Edwin Black, War Against the Weak: Eugenics and America\u2019s Campaign to Create a Master Race (2003).<\/em><\/span><\/p>\n<p style=\"text-align: justify;\"><strong><img loading=\"lazy\" decoding=\"async\" class=\"size-full wp-image-56260 alignleft\" src=\"https:\/\/www.rassegnastampa-totustuus.it\/cattolica\/wp-content\/uploads\/2023\/04\/Pavel_Parfentiev.jpg\" alt=\"\" width=\"150\" height=\"150\" \/><span style=\"color: #000000;\">Pavel Parfentiev <\/span><\/strong><span style=\"color: #000000;\">Pavel A. Parfentiev, russo, \u00e8 un esperto indipendente di Diritto di famiglia e di politiche familiari da anni attivo nella difesa della famiglia \u00a0naturale e dei diritti parentali, fra l\u2019altro come membro di comitati di esperti in commissioni della <em>duma<\/em>, il parlamento russo. \u00c8 autore di diversi libri sulla storia della Chiesa, di una monografia sulle tematiche cristiane nell\u2019opera di J.R.R. Tolkien e del primo manuale in russo sugli aspetti giuridici dell\u2019istruzione parentale. Amministratore delegato del<\/span> <span style=\"color: #0000ff;\"><a style=\"color: #0000ff;\" href=\"https:\/\/en.familypolicy.ru\/\" target=\"_blank\" rel=\"noopener noreferrer\">FamilyPolicy.Ru<\/a> <\/span>e presidente di <span style=\"color: #0000ff;\"><a style=\"color: #0000ff;\" href=\"https:\/\/profamilia.ru\/about-for-family-rights-ngo-russia\" target=\"_blank\" rel=\"noopener noreferrer\">For Family Rights<\/a><\/span>, Pavel guida le campagne in lingua russa di <a href=\"https:\/\/citizengo.org\/ru\" target=\"_blank\" rel=\"noopener noreferrer\"><span style=\"color: #0000ff;\">CitizenGO<\/span><\/a> in favore di famiglia, vita e libert\u00e0.<\/p>\n<p>_______________________________________<\/p>\n<p><strong>Si legga anche:<\/strong><\/p>\n<p><a href=\"https:\/\/www.rassegnastampa-totustuus.it\/cattolica\/cliniche-per-il-controllo-delle-nascite-100-anni-di-eugenetica-e-razzismo\/\" target=\"_blank\" rel=\"noopener\"><span style=\"color: #0000ff;\">Cliniche per il controllo delle nascite, 100 anni di eugenetica e razzismo<\/span><\/a><\/p>\n<p><a href=\"https:\/\/www.rassegnastampa-totustuus.it\/cattolica\/eugenetica-figlia-dellevoluzionismo-di-darwin\/\" target=\"_blank\" rel=\"noopener\"><span style=\"color: #0000ff;\">Eugenetica, figlia dell\u2019evoluzionismo di Darwin<\/span><\/a><\/p>\n<p><a href=\"https:\/\/www.rassegnastampa-totustuus.it\/cattolica\/il-ritorno-delleugenetica\/\" target=\"_blank\" rel=\"noopener\"><span style=\"color: #0000ff;\">Il ritorno dell&#8217;eugenetica<\/span><\/a><\/p>\n","protected":false},"excerpt":{"rendered":"<p>Abstract: origini americane di eugenetica e camere a gas. Le camere a gas furono inventate in Gran Bretagna alla fine del XIX secolo come metodo \u201cumano\u201d per uccidere cani e gatti randagi. Quasi subito si pens\u00f2 di utilizzarle per l\u2019esecuzione \u201cumana\u201d dei criminali e tra gli eugenisti, per sbarazzarsi delle persone \u201cinadatte\u201d, mentre negli Stati &hellip; <\/p>\n<p><a class=\"more-link btn\" href=\"https:\/\/www.rassegnastampa-totustuus.it\/cattolica\/origini-americane-di-eugenetica-e-camere-a-gas\/\">Continua a leggere<\/a><\/p>\n","protected":false},"author":6,"featured_media":56259,"comment_status":"closed","ping_status":"closed","sticky":false,"template":"","format":"standard","meta":{"footnotes":""},"categories":[4,117,55,76],"tags":[2388,382,141,486,2401],"class_list":["post-56258","post","type-post","status-publish","format-standard","has-post-thumbnail","hentry","category-bioetica","category-eugenetica","category-eutanasia","category-stati-uniti","tag-bioetica","tag-eugenetica-2","tag-eutanasia-2","tag-nazionalsocialismo-2","tag-stati-uniti","item-wrap"],"yoast_head":"<!-- This site is optimized with the Yoast SEO plugin v27.5 - https:\/\/yoast.com\/product\/yoast-seo-wordpress\/ -->\n<title>Origini americane di eugenetica e camere a gas - Rassegna Stampa Cattolica<\/title>\n<meta name=\"description\" content=\"Origini americane di eugenetica e camere a gas, che non furono idee originali di Adolf Hitler e dei nazisti\" \/>\n<meta name=\"robots\" content=\"index, follow, max-snippet:-1, max-image-preview:large, max-video-preview:-1\" \/>\n<link rel=\"canonical\" href=\"https:\/\/www.rassegnastampa-totustuus.it\/cattolica\/origini-americane-di-eugenetica-e-camere-a-gas\/\" \/>\n<meta property=\"og:locale\" content=\"it_IT\" \/>\n<meta property=\"og:type\" content=\"article\" \/>\n<meta property=\"og:title\" content=\"Origini americane di eugenetica e camere a gas - Rassegna Stampa Cattolica\" \/>\n<meta property=\"og:description\" content=\"Origini americane di eugenetica e camere a gas, che non furono idee originali di Adolf Hitler e dei nazisti\" \/>\n<meta property=\"og:url\" content=\"https:\/\/www.rassegnastampa-totustuus.it\/cattolica\/origini-americane-di-eugenetica-e-camere-a-gas\/\" \/>\n<meta property=\"og:site_name\" content=\"Rassegna Stampa Cattolica\" \/>\n<meta property=\"article:publisher\" content=\"https:\/\/www.facebook.com\/rassegnastampacattolica\" \/>\n<meta property=\"article:published_time\" content=\"2023-04-26T22:00:24+00:00\" \/>\n<meta property=\"article:modified_time\" content=\"2023-12-28T15:23:06+00:00\" \/>\n<meta property=\"og:image\" content=\"https:\/\/www.rassegnastampa-totustuus.it\/cattolica\/wp-content\/uploads\/2023\/04\/eugenetica.png\" \/>\n\t<meta property=\"og:image:width\" content=\"750\" \/>\n\t<meta property=\"og:image:height\" content=\"536\" \/>\n\t<meta property=\"og:image:type\" content=\"image\/png\" \/>\n<meta name=\"author\" content=\"Redazione\" \/>\n<meta name=\"twitter:card\" content=\"summary_large_image\" \/>\n<meta name=\"twitter:creator\" content=\"@rassegnastampa9\" \/>\n<meta name=\"twitter:site\" content=\"@rassegnastampa9\" \/>\n<meta name=\"twitter:label1\" content=\"Scritto da\" \/>\n\t<meta name=\"twitter:data1\" content=\"Redazione\" \/>\n\t<meta name=\"twitter:label2\" content=\"Tempo di lettura stimato\" \/>\n\t<meta name=\"twitter:data2\" content=\"10 minuti\" \/>\n<script type=\"application\/ld+json\" class=\"yoast-schema-graph\">{\"@context\":\"https:\\\/\\\/schema.org\",\"@graph\":[{\"@type\":\"Article\",\"@id\":\"https:\\\/\\\/www.rassegnastampa-totustuus.it\\\/cattolica\\\/origini-americane-di-eugenetica-e-camere-a-gas\\\/#article\",\"isPartOf\":{\"@id\":\"https:\\\/\\\/www.rassegnastampa-totustuus.it\\\/cattolica\\\/origini-americane-di-eugenetica-e-camere-a-gas\\\/\"},\"author\":{\"name\":\"Redazione\",\"@id\":\"https:\\\/\\\/www.rassegnastampa-totustuus.it\\\/cattolica\\\/#\\\/schema\\\/person\\\/08f319d2bd1a0904ad9e2bfb7b15e5c3\"},\"headline\":\"Origini americane di eugenetica e camere a gas\",\"datePublished\":\"2023-04-26T22:00:24+00:00\",\"dateModified\":\"2023-12-28T15:23:06+00:00\",\"mainEntityOfPage\":{\"@id\":\"https:\\\/\\\/www.rassegnastampa-totustuus.it\\\/cattolica\\\/origini-americane-di-eugenetica-e-camere-a-gas\\\/\"},\"wordCount\":1431,\"publisher\":{\"@id\":\"https:\\\/\\\/www.rassegnastampa-totustuus.it\\\/cattolica\\\/#organization\"},\"image\":{\"@id\":\"https:\\\/\\\/www.rassegnastampa-totustuus.it\\\/cattolica\\\/origini-americane-di-eugenetica-e-camere-a-gas\\\/#primaryimage\"},\"thumbnailUrl\":\"https:\\\/\\\/www.rassegnastampa-totustuus.it\\\/cattolica\\\/wp-content\\\/uploads\\\/2023\\\/04\\\/eugenetica.png\",\"keywords\":[\"Bioetica\",\"eugenetica\",\"eutanasia\",\"nazionalsocialismo\",\"Stati Uniti\"],\"articleSection\":[\"Bioetica\",\"Eugenetica\",\"Eutanasia\",\"Stati Uniti\"],\"inLanguage\":\"it-IT\"},{\"@type\":\"WebPage\",\"@id\":\"https:\\\/\\\/www.rassegnastampa-totustuus.it\\\/cattolica\\\/origini-americane-di-eugenetica-e-camere-a-gas\\\/\",\"url\":\"https:\\\/\\\/www.rassegnastampa-totustuus.it\\\/cattolica\\\/origini-americane-di-eugenetica-e-camere-a-gas\\\/\",\"name\":\"Origini americane di eugenetica e camere a gas - Rassegna Stampa Cattolica\",\"isPartOf\":{\"@id\":\"https:\\\/\\\/www.rassegnastampa-totustuus.it\\\/cattolica\\\/#website\"},\"primaryImageOfPage\":{\"@id\":\"https:\\\/\\\/www.rassegnastampa-totustuus.it\\\/cattolica\\\/origini-americane-di-eugenetica-e-camere-a-gas\\\/#primaryimage\"},\"image\":{\"@id\":\"https:\\\/\\\/www.rassegnastampa-totustuus.it\\\/cattolica\\\/origini-americane-di-eugenetica-e-camere-a-gas\\\/#primaryimage\"},\"thumbnailUrl\":\"https:\\\/\\\/www.rassegnastampa-totustuus.it\\\/cattolica\\\/wp-content\\\/uploads\\\/2023\\\/04\\\/eugenetica.png\",\"datePublished\":\"2023-04-26T22:00:24+00:00\",\"dateModified\":\"2023-12-28T15:23:06+00:00\",\"description\":\"Origini americane di eugenetica e camere a gas, che non furono idee originali di Adolf Hitler e dei nazisti\",\"breadcrumb\":{\"@id\":\"https:\\\/\\\/www.rassegnastampa-totustuus.it\\\/cattolica\\\/origini-americane-di-eugenetica-e-camere-a-gas\\\/#breadcrumb\"},\"inLanguage\":\"it-IT\",\"potentialAction\":[{\"@type\":\"ReadAction\",\"target\":[\"https:\\\/\\\/www.rassegnastampa-totustuus.it\\\/cattolica\\\/origini-americane-di-eugenetica-e-camere-a-gas\\\/\"]}]},{\"@type\":\"ImageObject\",\"inLanguage\":\"it-IT\",\"@id\":\"https:\\\/\\\/www.rassegnastampa-totustuus.it\\\/cattolica\\\/origini-americane-di-eugenetica-e-camere-a-gas\\\/#primaryimage\",\"url\":\"https:\\\/\\\/www.rassegnastampa-totustuus.it\\\/cattolica\\\/wp-content\\\/uploads\\\/2023\\\/04\\\/eugenetica.png\",\"contentUrl\":\"https:\\\/\\\/www.rassegnastampa-totustuus.it\\\/cattolica\\\/wp-content\\\/uploads\\\/2023\\\/04\\\/eugenetica.png\",\"width\":750,\"height\":536},{\"@type\":\"BreadcrumbList\",\"@id\":\"https:\\\/\\\/www.rassegnastampa-totustuus.it\\\/cattolica\\\/origini-americane-di-eugenetica-e-camere-a-gas\\\/#breadcrumb\",\"itemListElement\":[{\"@type\":\"ListItem\",\"position\":1,\"name\":\"Home\",\"item\":\"https:\\\/\\\/www.rassegnastampa-totustuus.it\\\/cattolica\\\/\"},{\"@type\":\"ListItem\",\"position\":2,\"name\":\"Origini americane di eugenetica e camere a gas\"}]},{\"@type\":\"WebSite\",\"@id\":\"https:\\\/\\\/www.rassegnastampa-totustuus.it\\\/cattolica\\\/#website\",\"url\":\"https:\\\/\\\/www.rassegnastampa-totustuus.it\\\/cattolica\\\/\",\"name\":\"Rassegna Stampa Cattolica\",\"description\":\"Per una cultura che nasce dalla Rivelazione cristiana in conformit\u00e0 alla tradizione e al Magistero della Chiesa in opposizione ad ogni relativismo e totalitarismo\",\"publisher\":{\"@id\":\"https:\\\/\\\/www.rassegnastampa-totustuus.it\\\/cattolica\\\/#organization\"},\"alternateName\":\"Rass. Cattolica\",\"potentialAction\":[{\"@type\":\"SearchAction\",\"target\":{\"@type\":\"EntryPoint\",\"urlTemplate\":\"https:\\\/\\\/www.rassegnastampa-totustuus.it\\\/cattolica\\\/?s={search_term_string}\"},\"query-input\":{\"@type\":\"PropertyValueSpecification\",\"valueRequired\":true,\"valueName\":\"search_term_string\"}}],\"inLanguage\":\"it-IT\"},{\"@type\":\"Organization\",\"@id\":\"https:\\\/\\\/www.rassegnastampa-totustuus.it\\\/cattolica\\\/#organization\",\"name\":\"Rassegna Stampa Cattolica\",\"url\":\"https:\\\/\\\/www.rassegnastampa-totustuus.it\\\/cattolica\\\/\",\"logo\":{\"@type\":\"ImageObject\",\"inLanguage\":\"it-IT\",\"@id\":\"https:\\\/\\\/www.rassegnastampa-totustuus.it\\\/cattolica\\\/#\\\/schema\\\/logo\\\/image\\\/\",\"url\":\"https:\\\/\\\/www.rassegnastampa-totustuus.it\\\/cattolica\\\/wp-content\\\/uploads\\\/2014\\\/04\\\/logo-rassegna1.gif\",\"contentUrl\":\"https:\\\/\\\/www.rassegnastampa-totustuus.it\\\/cattolica\\\/wp-content\\\/uploads\\\/2014\\\/04\\\/logo-rassegna1.gif\",\"width\":600,\"height\":163,\"caption\":\"Rassegna Stampa Cattolica\"},\"image\":{\"@id\":\"https:\\\/\\\/www.rassegnastampa-totustuus.it\\\/cattolica\\\/#\\\/schema\\\/logo\\\/image\\\/\"},\"sameAs\":[\"https:\\\/\\\/www.facebook.com\\\/rassegnastampacattolica\",\"https:\\\/\\\/x.com\\\/rassegnastampa9\"]},{\"@type\":\"Person\",\"@id\":\"https:\\\/\\\/www.rassegnastampa-totustuus.it\\\/cattolica\\\/#\\\/schema\\\/person\\\/08f319d2bd1a0904ad9e2bfb7b15e5c3\",\"name\":\"Redazione\",\"image\":{\"@type\":\"ImageObject\",\"inLanguage\":\"it-IT\",\"@id\":\"https:\\\/\\\/secure.gravatar.com\\\/avatar\\\/2fcdf27c78ea025fbdb44e914cc63c72249ffec9dc8aafd5c82b26240ef3f346?s=96&d=mm&r=g\",\"url\":\"https:\\\/\\\/secure.gravatar.com\\\/avatar\\\/2fcdf27c78ea025fbdb44e914cc63c72249ffec9dc8aafd5c82b26240ef3f346?s=96&d=mm&r=g\",\"contentUrl\":\"https:\\\/\\\/secure.gravatar.com\\\/avatar\\\/2fcdf27c78ea025fbdb44e914cc63c72249ffec9dc8aafd5c82b26240ef3f346?s=96&d=mm&r=g\",\"caption\":\"Redazione\"},\"url\":\"https:\\\/\\\/www.rassegnastampa-totustuus.it\\\/cattolica\\\/author\\\/pietroelle\\\/\"}]}<\/script>\n<!-- \/ Yoast SEO plugin. -->","yoast_head_json":{"title":"Origini americane di eugenetica e camere a gas - Rassegna Stampa Cattolica","description":"Origini americane di eugenetica e camere a gas, che non furono idee originali di Adolf Hitler e dei nazisti","robots":{"index":"index","follow":"follow","max-snippet":"max-snippet:-1","max-image-preview":"max-image-preview:large","max-video-preview":"max-video-preview:-1"},"canonical":"https:\/\/www.rassegnastampa-totustuus.it\/cattolica\/origini-americane-di-eugenetica-e-camere-a-gas\/","og_locale":"it_IT","og_type":"article","og_title":"Origini americane di eugenetica e camere a gas - Rassegna Stampa Cattolica","og_description":"Origini americane di eugenetica e camere a gas, che non furono idee originali di Adolf Hitler e dei nazisti","og_url":"https:\/\/www.rassegnastampa-totustuus.it\/cattolica\/origini-americane-di-eugenetica-e-camere-a-gas\/","og_site_name":"Rassegna Stampa Cattolica","article_publisher":"https:\/\/www.facebook.com\/rassegnastampacattolica","article_published_time":"2023-04-26T22:00:24+00:00","article_modified_time":"2023-12-28T15:23:06+00:00","og_image":[{"width":750,"height":536,"url":"https:\/\/www.rassegnastampa-totustuus.it\/cattolica\/wp-content\/uploads\/2023\/04\/eugenetica.png","type":"image\/png"}],"author":"Redazione","twitter_card":"summary_large_image","twitter_creator":"@rassegnastampa9","twitter_site":"@rassegnastampa9","twitter_misc":{"Scritto da":"Redazione","Tempo di lettura stimato":"10 minuti"},"schema":{"@context":"https:\/\/schema.org","@graph":[{"@type":"Article","@id":"https:\/\/www.rassegnastampa-totustuus.it\/cattolica\/origini-americane-di-eugenetica-e-camere-a-gas\/#article","isPartOf":{"@id":"https:\/\/www.rassegnastampa-totustuus.it\/cattolica\/origini-americane-di-eugenetica-e-camere-a-gas\/"},"author":{"name":"Redazione","@id":"https:\/\/www.rassegnastampa-totustuus.it\/cattolica\/#\/schema\/person\/08f319d2bd1a0904ad9e2bfb7b15e5c3"},"headline":"Origini americane di eugenetica e camere a gas","datePublished":"2023-04-26T22:00:24+00:00","dateModified":"2023-12-28T15:23:06+00:00","mainEntityOfPage":{"@id":"https:\/\/www.rassegnastampa-totustuus.it\/cattolica\/origini-americane-di-eugenetica-e-camere-a-gas\/"},"wordCount":1431,"publisher":{"@id":"https:\/\/www.rassegnastampa-totustuus.it\/cattolica\/#organization"},"image":{"@id":"https:\/\/www.rassegnastampa-totustuus.it\/cattolica\/origini-americane-di-eugenetica-e-camere-a-gas\/#primaryimage"},"thumbnailUrl":"https:\/\/www.rassegnastampa-totustuus.it\/cattolica\/wp-content\/uploads\/2023\/04\/eugenetica.png","keywords":["Bioetica","eugenetica","eutanasia","nazionalsocialismo","Stati Uniti"],"articleSection":["Bioetica","Eugenetica","Eutanasia","Stati Uniti"],"inLanguage":"it-IT"},{"@type":"WebPage","@id":"https:\/\/www.rassegnastampa-totustuus.it\/cattolica\/origini-americane-di-eugenetica-e-camere-a-gas\/","url":"https:\/\/www.rassegnastampa-totustuus.it\/cattolica\/origini-americane-di-eugenetica-e-camere-a-gas\/","name":"Origini americane di eugenetica e camere a gas - Rassegna Stampa Cattolica","isPartOf":{"@id":"https:\/\/www.rassegnastampa-totustuus.it\/cattolica\/#website"},"primaryImageOfPage":{"@id":"https:\/\/www.rassegnastampa-totustuus.it\/cattolica\/origini-americane-di-eugenetica-e-camere-a-gas\/#primaryimage"},"image":{"@id":"https:\/\/www.rassegnastampa-totustuus.it\/cattolica\/origini-americane-di-eugenetica-e-camere-a-gas\/#primaryimage"},"thumbnailUrl":"https:\/\/www.rassegnastampa-totustuus.it\/cattolica\/wp-content\/uploads\/2023\/04\/eugenetica.png","datePublished":"2023-04-26T22:00:24+00:00","dateModified":"2023-12-28T15:23:06+00:00","description":"Origini americane di eugenetica e camere a gas, che non furono idee originali di Adolf Hitler e dei nazisti","breadcrumb":{"@id":"https:\/\/www.rassegnastampa-totustuus.it\/cattolica\/origini-americane-di-eugenetica-e-camere-a-gas\/#breadcrumb"},"inLanguage":"it-IT","potentialAction":[{"@type":"ReadAction","target":["https:\/\/www.rassegnastampa-totustuus.it\/cattolica\/origini-americane-di-eugenetica-e-camere-a-gas\/"]}]},{"@type":"ImageObject","inLanguage":"it-IT","@id":"https:\/\/www.rassegnastampa-totustuus.it\/cattolica\/origini-americane-di-eugenetica-e-camere-a-gas\/#primaryimage","url":"https:\/\/www.rassegnastampa-totustuus.it\/cattolica\/wp-content\/uploads\/2023\/04\/eugenetica.png","contentUrl":"https:\/\/www.rassegnastampa-totustuus.it\/cattolica\/wp-content\/uploads\/2023\/04\/eugenetica.png","width":750,"height":536},{"@type":"BreadcrumbList","@id":"https:\/\/www.rassegnastampa-totustuus.it\/cattolica\/origini-americane-di-eugenetica-e-camere-a-gas\/#breadcrumb","itemListElement":[{"@type":"ListItem","position":1,"name":"Home","item":"https:\/\/www.rassegnastampa-totustuus.it\/cattolica\/"},{"@type":"ListItem","position":2,"name":"Origini americane di eugenetica e camere a gas"}]},{"@type":"WebSite","@id":"https:\/\/www.rassegnastampa-totustuus.it\/cattolica\/#website","url":"https:\/\/www.rassegnastampa-totustuus.it\/cattolica\/","name":"Rassegna Stampa Cattolica","description":"Per una cultura che nasce dalla Rivelazione cristiana in conformit\u00e0 alla tradizione e al Magistero della Chiesa in opposizione ad ogni relativismo e totalitarismo","publisher":{"@id":"https:\/\/www.rassegnastampa-totustuus.it\/cattolica\/#organization"},"alternateName":"Rass. Cattolica","potentialAction":[{"@type":"SearchAction","target":{"@type":"EntryPoint","urlTemplate":"https:\/\/www.rassegnastampa-totustuus.it\/cattolica\/?s={search_term_string}"},"query-input":{"@type":"PropertyValueSpecification","valueRequired":true,"valueName":"search_term_string"}}],"inLanguage":"it-IT"},{"@type":"Organization","@id":"https:\/\/www.rassegnastampa-totustuus.it\/cattolica\/#organization","name":"Rassegna Stampa Cattolica","url":"https:\/\/www.rassegnastampa-totustuus.it\/cattolica\/","logo":{"@type":"ImageObject","inLanguage":"it-IT","@id":"https:\/\/www.rassegnastampa-totustuus.it\/cattolica\/#\/schema\/logo\/image\/","url":"https:\/\/www.rassegnastampa-totustuus.it\/cattolica\/wp-content\/uploads\/2014\/04\/logo-rassegna1.gif","contentUrl":"https:\/\/www.rassegnastampa-totustuus.it\/cattolica\/wp-content\/uploads\/2014\/04\/logo-rassegna1.gif","width":600,"height":163,"caption":"Rassegna Stampa Cattolica"},"image":{"@id":"https:\/\/www.rassegnastampa-totustuus.it\/cattolica\/#\/schema\/logo\/image\/"},"sameAs":["https:\/\/www.facebook.com\/rassegnastampacattolica","https:\/\/x.com\/rassegnastampa9"]},{"@type":"Person","@id":"https:\/\/www.rassegnastampa-totustuus.it\/cattolica\/#\/schema\/person\/08f319d2bd1a0904ad9e2bfb7b15e5c3","name":"Redazione","image":{"@type":"ImageObject","inLanguage":"it-IT","@id":"https:\/\/secure.gravatar.com\/avatar\/2fcdf27c78ea025fbdb44e914cc63c72249ffec9dc8aafd5c82b26240ef3f346?s=96&d=mm&r=g","url":"https:\/\/secure.gravatar.com\/avatar\/2fcdf27c78ea025fbdb44e914cc63c72249ffec9dc8aafd5c82b26240ef3f346?s=96&d=mm&r=g","contentUrl":"https:\/\/secure.gravatar.com\/avatar\/2fcdf27c78ea025fbdb44e914cc63c72249ffec9dc8aafd5c82b26240ef3f346?s=96&d=mm&r=g","caption":"Redazione"},"url":"https:\/\/www.rassegnastampa-totustuus.it\/cattolica\/author\/pietroelle\/"}]}},"_links":{"self":[{"href":"https:\/\/www.rassegnastampa-totustuus.it\/cattolica\/wp-json\/wp\/v2\/posts\/56258","targetHints":{"allow":["GET"]}}],"collection":[{"href":"https:\/\/www.rassegnastampa-totustuus.it\/cattolica\/wp-json\/wp\/v2\/posts"}],"about":[{"href":"https:\/\/www.rassegnastampa-totustuus.it\/cattolica\/wp-json\/wp\/v2\/types\/post"}],"author":[{"embeddable":true,"href":"https:\/\/www.rassegnastampa-totustuus.it\/cattolica\/wp-json\/wp\/v2\/users\/6"}],"replies":[{"embeddable":true,"href":"https:\/\/www.rassegnastampa-totustuus.it\/cattolica\/wp-json\/wp\/v2\/comments?post=56258"}],"version-history":[{"count":4,"href":"https:\/\/www.rassegnastampa-totustuus.it\/cattolica\/wp-json\/wp\/v2\/posts\/56258\/revisions"}],"predecessor-version":[{"id":58476,"href":"https:\/\/www.rassegnastampa-totustuus.it\/cattolica\/wp-json\/wp\/v2\/posts\/56258\/revisions\/58476"}],"wp:featuredmedia":[{"embeddable":true,"href":"https:\/\/www.rassegnastampa-totustuus.it\/cattolica\/wp-json\/wp\/v2\/media\/56259"}],"wp:attachment":[{"href":"https:\/\/www.rassegnastampa-totustuus.it\/cattolica\/wp-json\/wp\/v2\/media?parent=56258"}],"wp:term":[{"taxonomy":"category","embeddable":true,"href":"https:\/\/www.rassegnastampa-totustuus.it\/cattolica\/wp-json\/wp\/v2\/categories?post=56258"},{"taxonomy":"post_tag","embeddable":true,"href":"https:\/\/www.rassegnastampa-totustuus.it\/cattolica\/wp-json\/wp\/v2\/tags?post=56258"}],"curies":[{"name":"wp","href":"https:\/\/api.w.org\/{rel}","templated":true}]}}