{"id":56255,"date":"2023-04-27T00:00:50","date_gmt":"2023-04-26T22:00:50","guid":{"rendered":"http:\/\/www.rassegnastampa-totustuus.it\/cattolica\/?p=56255"},"modified":"2023-12-28T15:52:06","modified_gmt":"2023-12-28T14:52:06","slug":"silicon-valley-centro-del-nuovo-potere-tecnologico-e-del-potere-politico","status":"publish","type":"post","link":"https:\/\/www.rassegnastampa-totustuus.it\/cattolica\/silicon-valley-centro-del-nuovo-potere-tecnologico-e-del-potere-politico\/","title":{"rendered":"Silicon Valley  centro del nuovo potere tecnologico  e del potere politico"},"content":{"rendered":"<p style=\"text-align: justify;\"><span style=\"color: #000000;\"><strong><img loading=\"lazy\" decoding=\"async\" class=\"size-medium wp-image-54826 alignleft\" src=\"https:\/\/www.rassegnastampa-totustuus.it\/cattolica\/wp-content\/uploads\/2022\/09\/tecnologia_informatica-300x168.jpg\" alt=\"Silicon Valley  centro del nuovo potere tecnologico\" width=\"300\" height=\"168\" \/>Abstract: <\/strong><em>Silicon Valley centro del nuovo potere tecnologico e del potere politico, <\/em><\/span><em><span style=\"color: #000000;\">e<\/span><\/em><em><span style=\"color: #000000;\">picentro di un nuovo potere, di una nuova ideologia.<\/span><\/em><span style=\"color: #000000;\"><em> Potere che non \u00e8 solo economico, ma anche politico.<\/em> <em>Dal momento che la rivoluzione digitale non ha soltanto cambiato le infrastrutture tecnologiche della societ\u00e0, ma ha in definitiva<\/em><\/span> <em><span style=\"color: #000000;\">prodotto una nuova societ\u00e0<\/span><\/em><em><span style=\"color: #000000;\">.<\/span><\/em><em><span style=\"color: #000000;\"> Riarticolando le strutture e le relazioni sociali.<\/span><\/em><\/p>\n<p><!--more--><\/p>\n<p style=\"text-align: center;\"><span style=\"color: #000000;\"><span style=\"color: #0000ff;\"><a style=\"color: #0000ff;\" href=\"https:\/\/www.nicolaporro.it\/\" target=\"_blank\" rel=\"noopener\"><strong>Atlantico<\/strong> <\/a><\/span>24 Aprile 2023<\/span><\/p>\n<h3 style=\"text-align: center;\"><span style=\"color: #000000;\">I Signori del Silicio: oltre a fare cassa, <\/span><\/h3>\n<h3 style=\"text-align: center;\"><span style=\"color: #000000;\">hanno un piano per l\u2019umanit\u00e0<\/span><\/h3>\n<p style=\"text-align: justify;\"><span style=\"color: #000000;\"><em>Il soluzionismo tecnologico: una nuova ideologia che occupa gli spazi lasciati dalla politica, sempre pi\u00f9 post-ideologica, e dalla religione, sempre pi\u00f9 secolarizzata <\/em><\/span><\/p>\n<p style=\"text-align: center;\"><span style=\"color: #000000;\">di <strong>Pierpaolo Sicco<\/strong> \u00a0<\/span><\/p>\n<p style=\"text-align: justify;\"><span style=\"color: #000000;\"><img loading=\"lazy\" decoding=\"async\" class=\"size-full wp-image-50744 alignright\" src=\"https:\/\/www.rassegnastampa-totustuus.it\/cattolica\/wp-content\/uploads\/2021\/04\/microchip_tecnologia_elettronica.jpg\" alt=\"Silicon Valley  centro del nuovo potere tecnologico\" width=\"281\" height=\"179\" \/>Molto di voi probabilmente non sapranno \u2013 e tra questi vi ero anche io \u2013 da dove derivi il termine <em>Silicon Valley<\/em>. Semplice: <em>Silicon<\/em> deriva da <strong>silicio<\/strong>. Il silicio \u00e8 uno dei semiconduttori per eccellenza. I semiconduttori sono una componente essenziale di tutti i <em>microchip<\/em>.<\/span><\/p>\n<p style=\"text-align: justify;\"><span style=\"color: #000000;\">Ma la <em><span style=\"font-family: 'Arial',sans-serif;\">Silicon Valley<\/span><\/em> non \u00e8 solo la valle del silicio. I suoi Signori, come li ha definiti il sociologo bielorusso Evgenij Morozov, stanno diventando<\/span> <span style=\"color: #000000;\">i <strong>Signori del pianeta terra. Le <em>Big Five<\/em> nate in quell\u2019angolo di California (<em>Google<\/em>, <em>Apple<\/em>, <em>Amazon<\/em>, <em>Microsoft<\/em>, <em><span style=\"font-family: 'Arial',sans-serif;\">Meta<\/span><\/em>) sono arrivate a capitalizzare, alla fine del 2021, una cifra cinque volte superiore al Pil italiano<\/strong>.<\/span><\/p>\n<h4 style=\"text-align: center;\"><strong>Nuovo potere, nuova ideologia<\/strong><\/h4>\n<p style=\"text-align: justify;\"><span style=\"color: #000000;\">La <em><span style=\"font-family: 'Arial',sans-serif;\">Silicon Valley<\/span><\/em>, valle del silicio, ma anche epicentro di un nuovo potere, di una nuova ideologia. Potere che non \u00e8 solo economico, ma anche politico; dal momento che la rivoluzione digitale non ha soltanto cambiato le infrastrutture tecnologiche della societ\u00e0, ma ha in definitiva r<strong>iarticolando le strutture e le relazioni sociali.<\/strong><\/span><\/p>\n<p style=\"text-align: justify;\"><span style=\"color: #000000;\">Ideologia che \u00e8 incorporata nella tecnologia. Tra la componente <em><span style=\"font-family: 'Arial',sans-serif;\">hardware<\/span><\/em> e quella <em><span style=\"font-family: 'Arial',sans-serif;\">software<\/span><\/em> sono incasellati i <strong>sistemi di valore<\/strong>, le visioni del mondo dell\u2019industria <em><span style=\"font-family: 'Arial',sans-serif;\">Big Tech<\/span><\/em>. La tecnologia non \u00e8 solo prodotta dall\u2019uomo. La tecnologia \u00e8 la materializzazione di un sistema ideologico specifico. Ora accade che questo sistema ideologico, che oscilla nella dimensione del latente, del non detto, potrebbe progressivamente occupare le lacune lasciate dalla <strong>politica<\/strong>, che \u00e8 sempre pi\u00f9 post-ideologica, e dalla <strong>religione<\/strong>, che si secolarizza progressivamente<\/span>.<\/p>\n<h4 style=\"text-align: center;\"><span style=\"color: #000000;\"><strong>Un piano per l\u2019umanit\u00e0<\/strong><\/span><\/h4>\n<p style=\"text-align: justify;\"><span style=\"color: #000000;\"><img loading=\"lazy\" decoding=\"async\" class=\"size-full wp-image-56210 alignleft\" src=\"https:\/\/www.rassegnastampa-totustuus.it\/cattolica\/wp-content\/uploads\/2023\/04\/Elon_Musk_tecnologia.jpg\" alt=\"\" width=\"263\" height=\"192\" \/>C\u2019\u00e8 il rischio, quindi, che i Signori del Silicio rimangano gli unici ad avere un <strong><span style=\"font-family: 'Arial',sans-serif; font-weight: normal;\">piano di lungo respiro per l\u2019umanit\u00e0<\/span><\/strong>.<\/span> <span style=\"color: #000000;\">Ci\u00f2 che dovrebbe far riflettere non \u00e8 solo la volont\u00e0 di questi Signori di voler decidere \u2013 in totale autonomia \u2013 come sar\u00e0 il mondo del futuro. Del resto, la visione \u00e8 ci\u00f2 che distingue l\u2019uomo dall\u2019animale.<\/span><\/p>\n<p style=\"text-align: justify;\"><span style=\"color: #000000;\">Quello che a mio avviso deve inquietare, \u00e8 il fatto che un manipolo di persone possa essere <strong>lasciato da solo in questo compito. La politica, la societ\u00e0 civile sembrano non rendersene conto: in uno stato di crisi permanente, il dibattito pubblico \u00e8 orientato sempre di pi\u00f9 all\u2019ordinaria amministrazione.<\/strong><\/span><\/p>\n<p style=\"text-align: justify;\"><span style=\"color: #000000;\"><img loading=\"lazy\" decoding=\"async\" class=\"size-full wp-image-47236 alignright\" src=\"https:\/\/www.rassegnastampa-totustuus.it\/cattolica\/wp-content\/uploads\/2020\/05\/Bill_Gates.jpg\" alt=\"\" width=\"225\" height=\"225\" srcset=\"https:\/\/www.rassegnastampa-totustuus.it\/cattolica\/wp-content\/uploads\/2020\/05\/Bill_Gates.jpg 225w, https:\/\/www.rassegnastampa-totustuus.it\/cattolica\/wp-content\/uploads\/2020\/05\/Bill_Gates-150x150.jpg 150w\" sizes=\"auto, (max-width: 225px) 100vw, 225px\" \/>Quello che succede \u00e8 che mentre noi discutiamo di Elly Schlein, del super-bonus, degli eco-vandali, qualcun altro, sulle sponde dell\u2019oceano Pacifico, sta immaginando la <strong>fusione tra uomo e macchina<\/strong>. Parlo di <strong>Ray Kurzweil<\/strong>, ingegnere capo di <em><span style=\"font-family: 'Arial',sans-serif;\">Google<\/span><\/em>. Secondo questo signore, in un futuro non tanto lontano, l\u2019Intelligenza Artificiale potr\u00e0 essere implementata nel cervello umano, facendogli compiere un salto di qualit\u00e0 tale da liberarlo finalmente da tutti gli errori, i pregiudizi, i <em><span style=\"font-family: 'Arial',sans-serif;\">bias<\/span><\/em> cognitivi. Sempre secondo Kurzweil, incorporando nell\u2019uomo componenti nanotecnologiche, si potrebbe rallentare, far regredire il processo di invecchiamento cellulare<\/span>.<\/p>\n<p style=\"text-align: justify;\"><span style=\"color: #000000;\">Un altro cervellone, tale <strong><span style=\"font-size: 12.0pt; font-family: 'Arial',sans-serif;\">Alex Pentland<\/span><\/strong>, nel suo libro <em><span style=\"font-family: 'Arial',sans-serif;\">\u201cFisica sociale\u201d<\/span><\/em> ha teorizzato una nuova scienza del comportamento umano, basandosi sull\u2019idea che grazie all\u2019uso dei <em><span style=\"font-family: 'Arial',sans-serif;\">big data<\/span><\/em> non solo l\u2019uomo diventer\u00e0 sempre pi\u00f9 prevedibile, ma si potr\u00e0 anche <strong>indirizzarlo verso comportamenti socialmente \u2013 ed economicamente \u2013 utili<\/strong>.<\/span><\/p>\n<p style=\"text-align: justify;\"><span style=\"color: #000000;\">Mentre invece l\u2019ex socio in affari di <strong>Elon Musk<\/strong> e cofondatore di <em><span style=\"font-family: 'Arial',sans-serif;\">PayPal<\/span><\/em>, <strong>Peter Thiel<\/strong>, sta finanziando progetti milionari per la creazione, in acque internazionali, di isole artificiali galleggianti intese come <strong>zone franche da qualsiasi giurisdizione<\/strong>.<\/span><\/p>\n<h4 style=\"text-align: center;\"><strong><span style=\"font-size: 12pt; font-family: 'Arial', sans-serif; color: #000000;\">Il soluzionismo tecnologico<\/span><\/strong><\/h4>\n<p style=\"text-align: justify;\"><span style=\"color: #000000;\"><img loading=\"lazy\" decoding=\"async\" class=\"size-medium wp-image-42678 alignleft\" src=\"https:\/\/www.rassegnastampa-totustuus.it\/cattolica\/wp-content\/uploads\/2019\/04\/transumanesimo-300x200.jpg\" alt=\"\" width=\"300\" height=\"200\" srcset=\"https:\/\/www.rassegnastampa-totustuus.it\/cattolica\/wp-content\/uploads\/2019\/04\/transumanesimo-300x200.jpg 300w, https:\/\/www.rassegnastampa-totustuus.it\/cattolica\/wp-content\/uploads\/2019\/04\/transumanesimo.jpg 600w\" sizes=\"auto, (max-width: 300px) 100vw, 300px\" \/>Creare essere ibridi (met\u00e0 carne-met\u00e0 silicio), fermare il processo d\u2019invecchiamento, prevedere gli avvenimenti del futuro, dare vita a dei non Stati in cui vige la non legge. Vi sembrano questi dei ragionamenti da ingegneri (<em><span style=\"font-family: 'Arial',sans-serif;\">nerd<\/span><\/em>) in crisi di mezza et\u00e0?<\/span><\/p>\n<p style=\"text-align: justify;\"><span style=\"color: #000000;\">Alcuni diranno \u2013 a ragion veduta \u2013 che si tratta di deliri distopici di cyber fanatici. Una cosa per\u00f2 \u00e8 certa: i Signori del Silicio, oltre a fare cassa, stanno <strong>pensando in modo strategico <\/strong>disegnando i possibili scenari della societ\u00e0 che verr\u00e0.<\/span><\/p>\n<p style=\"text-align: justify;\"><span style=\"color: #000000;\">Al cuore dell\u2019ideologia della Silicon Valley \u2013 che ha poco di liberale e molto di anarchico \u2013 c\u2019\u00e8 quel concetto che <strong>Evgenij Morozov<\/strong> ha definito <em><span style=\"font-family: 'Arial',sans-serif;\">soluzionismo tecnologico<\/span><\/em>.\u00a0In sintesi, l\u2019idea di fondo di tale prospettiva \u00e8 questa: non \u00e8 pi\u00f9 necessario che l\u2019uomo si preoccupi tanto dei problemi dell\u2019umanit\u00e0. Basteranno miliardi di dati e macchine super potenti per trovare tutte le soluzioni.<\/span><\/p>\n<h4 style=\"text-align: center;\"><span style=\"color: #000000;\"><strong>La fine della scienza<\/strong><\/span><\/h4>\n<p style=\"text-align: justify;\"><span style=\"color: #000000;\"><img loading=\"lazy\" decoding=\"async\" class=\" wp-image-57385 alignright\" src=\"https:\/\/www.rassegnastampa-totustuus.it\/cattolica\/wp-content\/uploads\/2023\/11\/intelligenza_artificiale_tecnologia_digitale-1.jpg\" alt=\"Silicon Valley  centro del nuovo potere tecnologico\" width=\"318\" height=\"233\" \/>Il profetico <strong>Chris Anderson<\/strong>, fondatore della rivista <em><span style=\"font-family: 'Arial',sans-serif;\">Wired<\/span><\/em>, lo aveva affermato in un articolo del 2008, diventato la pietra miliare della <em><span style=\"font-family: 'Arial',sans-serif;\">filosofia datista<\/span><\/em>. L\u2019articolo<\/span> <span style=\"color: #000000;\">era intitolato \u201c<em><span style=\"font-family: 'Arial',sans-serif;\">The End of Theory\u201d<\/span><\/em>. La tesi ivi sostenuta era la seguente: la teoria scientifica non avr\u00e0 pi\u00f9 bisogno di esistere se un algoritmo potr\u00e0 scovare, tra la vasta fenomenologia del reale \u2013 vale a dire tra milioni e milioni di dati \u2013 le connessioni, i collegamenti che un tempo la scienza aveva il compito di individuare.<\/span><\/p>\n<p style=\"text-align: justify;\"><span style=\"color: #000000;\"><span style=\"font-size: 12.0pt; font-family: 'Arial',sans-serif; font-weight: normal;\">Fine della teoria, dunque. Fine della scienza, anche.\u00a0Ma siamo davvero sicuri che l\u2019Intelligenza Artificiale ci salver\u00e0 da tutti i mali?\u00a0Vogliamo davvero pensare che una macchina \u2013 resa super intelligente da valanghe di dati \u2013 potr\u00e0 <\/span><strong><span style=\"font-size: 12.0pt; font-family: 'Arial',sans-serif;\">eguagliare l\u2019intelletto umano<\/span><\/strong>, acquisendo la capacit\u00e0 di astrarre, di fare generalizzazioni, di sviluppare autocoscienza?<\/span><\/p>\n<h4 style=\"text-align: center;\"><span style=\"color: #000000;\"><strong>Derubricare l\u2019uomo<\/strong><\/span><\/h4>\n<p style=\"text-align: justify;\"><span style=\"color: #000000;\"><img loading=\"lazy\" decoding=\"async\" class=\" wp-image-56256 alignleft\" src=\"https:\/\/www.rassegnastampa-totustuus.it\/cattolica\/wp-content\/uploads\/2023\/04\/isole_tecnologia_ambiente-300x146.jpg\" alt=\"\" width=\"323\" height=\"157\" srcset=\"https:\/\/www.rassegnastampa-totustuus.it\/cattolica\/wp-content\/uploads\/2023\/04\/isole_tecnologia_ambiente-300x146.jpg 300w, https:\/\/www.rassegnastampa-totustuus.it\/cattolica\/wp-content\/uploads\/2023\/04\/isole_tecnologia_ambiente.jpg 322w\" sizes=\"auto, (max-width: 323px) 100vw, 323px\" \/>Forse a questi Signori del Silicio gli \u00e8 <strong>sfuggito qualcosa di mano<\/strong>. Avranno anche ragione a pensare che certe funzioni saranno svolte con maggiore precisione da un robot piuttosto che da un uomo. Ma come fanno a derubricare la complessit\u00e0 a un problema meramente tecnico?<\/span><\/p>\n<p style=\"text-align: justify;\"><span style=\"color: #000000;\">Perch\u00e9 cosi facendo, stanno derubricando l\u2019uomo. E la storia ci ha mostrato che ogni qual volta si \u00e8 proceduto a questa derubricazione, l\u2019umanit\u00e0 \u00e8 sprofondata negli abissi, nei <strong><span style=\"font-family: 'Arial',sans-serif; font-weight: normal;\">buchi neri della civilt\u00e0<\/span><\/strong>.<\/span><\/p>\n<p>_________________________________________<\/p>\n<p><span style=\"color: #000000;\"><strong>Si legga anche:<\/strong><\/span><\/p>\n<p><a href=\"https:\/\/www.rassegnastampa-totustuus.it\/cattolica\/rod-dreher-silicon-valley-odia-i-conservatori-odia-i-cristiani\/\" target=\"_blank\" rel=\"noopener\"><span style=\"color: #0000ff;\">Rod Dreher: \u201cSilicon Valley odia i conservatori, odia i cristiani\u201d<\/span><\/a><\/p>\n","protected":false},"excerpt":{"rendered":"<p>Abstract: Silicon Valley centro del nuovo potere tecnologico e del potere politico, epicentro di un nuovo potere, di una nuova ideologia. Potere che non \u00e8 solo economico, ma anche politico. Dal momento che la rivoluzione digitale non ha soltanto cambiato le infrastrutture tecnologiche della societ\u00e0, ma ha in definitiva prodotto una nuova societ\u00e0. Riarticolando le &hellip; <\/p>\n<p><a class=\"more-link btn\" href=\"https:\/\/www.rassegnastampa-totustuus.it\/cattolica\/silicon-valley-centro-del-nuovo-potere-tecnologico-e-del-potere-politico\/\">Continua a leggere<\/a><\/p>\n","protected":false},"author":6,"featured_media":54826,"comment_status":"closed","ping_status":"closed","sticky":false,"template":"","format":"standard","meta":{"footnotes":""},"categories":[59,2956],"tags":[489,2817],"class_list":["post-56255","post","type-post","status-publish","format-standard","has-post-thumbnail","hentry","category-tecnocrazia","category-tecnologia","tag-tecnocrazia-2","tag-tecnologia","item-wrap"],"yoast_head":"<!-- This site is optimized with the Yoast SEO plugin v27.5 - https:\/\/yoast.com\/product\/yoast-seo-wordpress\/ -->\n<title>Silicon Valley centro del nuovo potere tecnologico e del potere politico - Rassegna Stampa Cattolica<\/title>\n<meta name=\"description\" content=\"Silicon Valley centro del nuovo potere tecnologico e del potere politico epicentro di una nuova ideologia e societ\u00e0\" \/>\n<meta name=\"robots\" content=\"index, follow, max-snippet:-1, max-image-preview:large, max-video-preview:-1\" \/>\n<link rel=\"canonical\" href=\"https:\/\/www.rassegnastampa-totustuus.it\/cattolica\/silicon-valley-centro-del-nuovo-potere-tecnologico-e-del-potere-politico\/\" \/>\n<meta property=\"og:locale\" content=\"it_IT\" \/>\n<meta property=\"og:type\" content=\"article\" \/>\n<meta property=\"og:title\" content=\"Silicon Valley centro del nuovo potere tecnologico e del potere politico - Rassegna Stampa Cattolica\" \/>\n<meta property=\"og:description\" content=\"Silicon Valley centro del nuovo potere tecnologico e del potere politico epicentro di una nuova ideologia e societ\u00e0\" \/>\n<meta property=\"og:url\" content=\"https:\/\/www.rassegnastampa-totustuus.it\/cattolica\/silicon-valley-centro-del-nuovo-potere-tecnologico-e-del-potere-politico\/\" \/>\n<meta property=\"og:site_name\" content=\"Rassegna Stampa Cattolica\" \/>\n<meta property=\"article:publisher\" content=\"https:\/\/www.facebook.com\/rassegnastampacattolica\" \/>\n<meta property=\"article:published_time\" content=\"2023-04-26T22:00:50+00:00\" \/>\n<meta property=\"article:modified_time\" content=\"2023-12-28T14:52:06+00:00\" \/>\n<meta property=\"og:image\" content=\"https:\/\/www.rassegnastampa-totustuus.it\/cattolica\/wp-content\/uploads\/2022\/09\/tecnologia_informatica.jpg\" \/>\n\t<meta property=\"og:image:width\" content=\"300\" \/>\n\t<meta property=\"og:image:height\" content=\"168\" \/>\n\t<meta property=\"og:image:type\" content=\"image\/jpeg\" \/>\n<meta name=\"author\" content=\"Redazione\" \/>\n<meta name=\"twitter:card\" content=\"summary_large_image\" \/>\n<meta name=\"twitter:creator\" content=\"@rassegnastampa9\" \/>\n<meta name=\"twitter:site\" content=\"@rassegnastampa9\" \/>\n<meta name=\"twitter:label1\" content=\"Scritto da\" \/>\n\t<meta name=\"twitter:data1\" content=\"Redazione\" \/>\n\t<meta name=\"twitter:label2\" content=\"Tempo di lettura stimato\" \/>\n\t<meta name=\"twitter:data2\" content=\"7 minuti\" \/>\n<script type=\"application\/ld+json\" class=\"yoast-schema-graph\">{\"@context\":\"https:\\\/\\\/schema.org\",\"@graph\":[{\"@type\":\"Article\",\"@id\":\"https:\\\/\\\/www.rassegnastampa-totustuus.it\\\/cattolica\\\/silicon-valley-centro-del-nuovo-potere-tecnologico-e-del-potere-politico\\\/#article\",\"isPartOf\":{\"@id\":\"https:\\\/\\\/www.rassegnastampa-totustuus.it\\\/cattolica\\\/silicon-valley-centro-del-nuovo-potere-tecnologico-e-del-potere-politico\\\/\"},\"author\":{\"name\":\"Redazione\",\"@id\":\"https:\\\/\\\/www.rassegnastampa-totustuus.it\\\/cattolica\\\/#\\\/schema\\\/person\\\/08f319d2bd1a0904ad9e2bfb7b15e5c3\"},\"headline\":\"Silicon Valley centro del nuovo potere tecnologico e del potere politico\",\"datePublished\":\"2023-04-26T22:00:50+00:00\",\"dateModified\":\"2023-12-28T14:52:06+00:00\",\"mainEntityOfPage\":{\"@id\":\"https:\\\/\\\/www.rassegnastampa-totustuus.it\\\/cattolica\\\/silicon-valley-centro-del-nuovo-potere-tecnologico-e-del-potere-politico\\\/\"},\"wordCount\":1001,\"publisher\":{\"@id\":\"https:\\\/\\\/www.rassegnastampa-totustuus.it\\\/cattolica\\\/#organization\"},\"image\":{\"@id\":\"https:\\\/\\\/www.rassegnastampa-totustuus.it\\\/cattolica\\\/silicon-valley-centro-del-nuovo-potere-tecnologico-e-del-potere-politico\\\/#primaryimage\"},\"thumbnailUrl\":\"https:\\\/\\\/www.rassegnastampa-totustuus.it\\\/cattolica\\\/wp-content\\\/uploads\\\/2022\\\/09\\\/tecnologia_informatica.jpg\",\"keywords\":[\"tecnocrazia\",\"tecnologia\"],\"articleSection\":[\"Tecnocrazia\",\"Tecnologia\"],\"inLanguage\":\"it-IT\"},{\"@type\":\"WebPage\",\"@id\":\"https:\\\/\\\/www.rassegnastampa-totustuus.it\\\/cattolica\\\/silicon-valley-centro-del-nuovo-potere-tecnologico-e-del-potere-politico\\\/\",\"url\":\"https:\\\/\\\/www.rassegnastampa-totustuus.it\\\/cattolica\\\/silicon-valley-centro-del-nuovo-potere-tecnologico-e-del-potere-politico\\\/\",\"name\":\"Silicon Valley centro del nuovo potere tecnologico e del potere politico - Rassegna Stampa Cattolica\",\"isPartOf\":{\"@id\":\"https:\\\/\\\/www.rassegnastampa-totustuus.it\\\/cattolica\\\/#website\"},\"primaryImageOfPage\":{\"@id\":\"https:\\\/\\\/www.rassegnastampa-totustuus.it\\\/cattolica\\\/silicon-valley-centro-del-nuovo-potere-tecnologico-e-del-potere-politico\\\/#primaryimage\"},\"image\":{\"@id\":\"https:\\\/\\\/www.rassegnastampa-totustuus.it\\\/cattolica\\\/silicon-valley-centro-del-nuovo-potere-tecnologico-e-del-potere-politico\\\/#primaryimage\"},\"thumbnailUrl\":\"https:\\\/\\\/www.rassegnastampa-totustuus.it\\\/cattolica\\\/wp-content\\\/uploads\\\/2022\\\/09\\\/tecnologia_informatica.jpg\",\"datePublished\":\"2023-04-26T22:00:50+00:00\",\"dateModified\":\"2023-12-28T14:52:06+00:00\",\"description\":\"Silicon Valley centro del nuovo potere tecnologico e del potere politico epicentro di una nuova ideologia e societ\u00e0\",\"breadcrumb\":{\"@id\":\"https:\\\/\\\/www.rassegnastampa-totustuus.it\\\/cattolica\\\/silicon-valley-centro-del-nuovo-potere-tecnologico-e-del-potere-politico\\\/#breadcrumb\"},\"inLanguage\":\"it-IT\",\"potentialAction\":[{\"@type\":\"ReadAction\",\"target\":[\"https:\\\/\\\/www.rassegnastampa-totustuus.it\\\/cattolica\\\/silicon-valley-centro-del-nuovo-potere-tecnologico-e-del-potere-politico\\\/\"]}]},{\"@type\":\"ImageObject\",\"inLanguage\":\"it-IT\",\"@id\":\"https:\\\/\\\/www.rassegnastampa-totustuus.it\\\/cattolica\\\/silicon-valley-centro-del-nuovo-potere-tecnologico-e-del-potere-politico\\\/#primaryimage\",\"url\":\"https:\\\/\\\/www.rassegnastampa-totustuus.it\\\/cattolica\\\/wp-content\\\/uploads\\\/2022\\\/09\\\/tecnologia_informatica.jpg\",\"contentUrl\":\"https:\\\/\\\/www.rassegnastampa-totustuus.it\\\/cattolica\\\/wp-content\\\/uploads\\\/2022\\\/09\\\/tecnologia_informatica.jpg\",\"width\":300,\"height\":168,\"caption\":\"Silicon Valley centro del nuovo potere tecnologico\"},{\"@type\":\"BreadcrumbList\",\"@id\":\"https:\\\/\\\/www.rassegnastampa-totustuus.it\\\/cattolica\\\/silicon-valley-centro-del-nuovo-potere-tecnologico-e-del-potere-politico\\\/#breadcrumb\",\"itemListElement\":[{\"@type\":\"ListItem\",\"position\":1,\"name\":\"Home\",\"item\":\"https:\\\/\\\/www.rassegnastampa-totustuus.it\\\/cattolica\\\/\"},{\"@type\":\"ListItem\",\"position\":2,\"name\":\"Silicon Valley centro del nuovo potere tecnologico e del potere politico\"}]},{\"@type\":\"WebSite\",\"@id\":\"https:\\\/\\\/www.rassegnastampa-totustuus.it\\\/cattolica\\\/#website\",\"url\":\"https:\\\/\\\/www.rassegnastampa-totustuus.it\\\/cattolica\\\/\",\"name\":\"Rassegna Stampa Cattolica\",\"description\":\"Per una cultura che nasce dalla Rivelazione cristiana in conformit\u00e0 alla tradizione e al Magistero della Chiesa in opposizione ad ogni relativismo e totalitarismo\",\"publisher\":{\"@id\":\"https:\\\/\\\/www.rassegnastampa-totustuus.it\\\/cattolica\\\/#organization\"},\"alternateName\":\"Rass. Cattolica\",\"potentialAction\":[{\"@type\":\"SearchAction\",\"target\":{\"@type\":\"EntryPoint\",\"urlTemplate\":\"https:\\\/\\\/www.rassegnastampa-totustuus.it\\\/cattolica\\\/?s={search_term_string}\"},\"query-input\":{\"@type\":\"PropertyValueSpecification\",\"valueRequired\":true,\"valueName\":\"search_term_string\"}}],\"inLanguage\":\"it-IT\"},{\"@type\":\"Organization\",\"@id\":\"https:\\\/\\\/www.rassegnastampa-totustuus.it\\\/cattolica\\\/#organization\",\"name\":\"Rassegna Stampa Cattolica\",\"url\":\"https:\\\/\\\/www.rassegnastampa-totustuus.it\\\/cattolica\\\/\",\"logo\":{\"@type\":\"ImageObject\",\"inLanguage\":\"it-IT\",\"@id\":\"https:\\\/\\\/www.rassegnastampa-totustuus.it\\\/cattolica\\\/#\\\/schema\\\/logo\\\/image\\\/\",\"url\":\"https:\\\/\\\/www.rassegnastampa-totustuus.it\\\/cattolica\\\/wp-content\\\/uploads\\\/2014\\\/04\\\/logo-rassegna1.gif\",\"contentUrl\":\"https:\\\/\\\/www.rassegnastampa-totustuus.it\\\/cattolica\\\/wp-content\\\/uploads\\\/2014\\\/04\\\/logo-rassegna1.gif\",\"width\":600,\"height\":163,\"caption\":\"Rassegna Stampa Cattolica\"},\"image\":{\"@id\":\"https:\\\/\\\/www.rassegnastampa-totustuus.it\\\/cattolica\\\/#\\\/schema\\\/logo\\\/image\\\/\"},\"sameAs\":[\"https:\\\/\\\/www.facebook.com\\\/rassegnastampacattolica\",\"https:\\\/\\\/x.com\\\/rassegnastampa9\"]},{\"@type\":\"Person\",\"@id\":\"https:\\\/\\\/www.rassegnastampa-totustuus.it\\\/cattolica\\\/#\\\/schema\\\/person\\\/08f319d2bd1a0904ad9e2bfb7b15e5c3\",\"name\":\"Redazione\",\"image\":{\"@type\":\"ImageObject\",\"inLanguage\":\"it-IT\",\"@id\":\"https:\\\/\\\/secure.gravatar.com\\\/avatar\\\/2fcdf27c78ea025fbdb44e914cc63c72249ffec9dc8aafd5c82b26240ef3f346?s=96&d=mm&r=g\",\"url\":\"https:\\\/\\\/secure.gravatar.com\\\/avatar\\\/2fcdf27c78ea025fbdb44e914cc63c72249ffec9dc8aafd5c82b26240ef3f346?s=96&d=mm&r=g\",\"contentUrl\":\"https:\\\/\\\/secure.gravatar.com\\\/avatar\\\/2fcdf27c78ea025fbdb44e914cc63c72249ffec9dc8aafd5c82b26240ef3f346?s=96&d=mm&r=g\",\"caption\":\"Redazione\"},\"url\":\"https:\\\/\\\/www.rassegnastampa-totustuus.it\\\/cattolica\\\/author\\\/pietroelle\\\/\"}]}<\/script>\n<!-- \/ Yoast SEO plugin. -->","yoast_head_json":{"title":"Silicon Valley centro del nuovo potere tecnologico e del potere politico - Rassegna Stampa Cattolica","description":"Silicon Valley centro del nuovo potere tecnologico e del potere politico epicentro di una nuova ideologia e societ\u00e0","robots":{"index":"index","follow":"follow","max-snippet":"max-snippet:-1","max-image-preview":"max-image-preview:large","max-video-preview":"max-video-preview:-1"},"canonical":"https:\/\/www.rassegnastampa-totustuus.it\/cattolica\/silicon-valley-centro-del-nuovo-potere-tecnologico-e-del-potere-politico\/","og_locale":"it_IT","og_type":"article","og_title":"Silicon Valley centro del nuovo potere tecnologico e del potere politico - Rassegna Stampa Cattolica","og_description":"Silicon Valley centro del nuovo potere tecnologico e del potere politico epicentro di una nuova ideologia e societ\u00e0","og_url":"https:\/\/www.rassegnastampa-totustuus.it\/cattolica\/silicon-valley-centro-del-nuovo-potere-tecnologico-e-del-potere-politico\/","og_site_name":"Rassegna Stampa Cattolica","article_publisher":"https:\/\/www.facebook.com\/rassegnastampacattolica","article_published_time":"2023-04-26T22:00:50+00:00","article_modified_time":"2023-12-28T14:52:06+00:00","og_image":[{"width":300,"height":168,"url":"https:\/\/www.rassegnastampa-totustuus.it\/cattolica\/wp-content\/uploads\/2022\/09\/tecnologia_informatica.jpg","type":"image\/jpeg"}],"author":"Redazione","twitter_card":"summary_large_image","twitter_creator":"@rassegnastampa9","twitter_site":"@rassegnastampa9","twitter_misc":{"Scritto da":"Redazione","Tempo di lettura stimato":"7 minuti"},"schema":{"@context":"https:\/\/schema.org","@graph":[{"@type":"Article","@id":"https:\/\/www.rassegnastampa-totustuus.it\/cattolica\/silicon-valley-centro-del-nuovo-potere-tecnologico-e-del-potere-politico\/#article","isPartOf":{"@id":"https:\/\/www.rassegnastampa-totustuus.it\/cattolica\/silicon-valley-centro-del-nuovo-potere-tecnologico-e-del-potere-politico\/"},"author":{"name":"Redazione","@id":"https:\/\/www.rassegnastampa-totustuus.it\/cattolica\/#\/schema\/person\/08f319d2bd1a0904ad9e2bfb7b15e5c3"},"headline":"Silicon Valley centro del nuovo potere tecnologico e del potere politico","datePublished":"2023-04-26T22:00:50+00:00","dateModified":"2023-12-28T14:52:06+00:00","mainEntityOfPage":{"@id":"https:\/\/www.rassegnastampa-totustuus.it\/cattolica\/silicon-valley-centro-del-nuovo-potere-tecnologico-e-del-potere-politico\/"},"wordCount":1001,"publisher":{"@id":"https:\/\/www.rassegnastampa-totustuus.it\/cattolica\/#organization"},"image":{"@id":"https:\/\/www.rassegnastampa-totustuus.it\/cattolica\/silicon-valley-centro-del-nuovo-potere-tecnologico-e-del-potere-politico\/#primaryimage"},"thumbnailUrl":"https:\/\/www.rassegnastampa-totustuus.it\/cattolica\/wp-content\/uploads\/2022\/09\/tecnologia_informatica.jpg","keywords":["tecnocrazia","tecnologia"],"articleSection":["Tecnocrazia","Tecnologia"],"inLanguage":"it-IT"},{"@type":"WebPage","@id":"https:\/\/www.rassegnastampa-totustuus.it\/cattolica\/silicon-valley-centro-del-nuovo-potere-tecnologico-e-del-potere-politico\/","url":"https:\/\/www.rassegnastampa-totustuus.it\/cattolica\/silicon-valley-centro-del-nuovo-potere-tecnologico-e-del-potere-politico\/","name":"Silicon Valley centro del nuovo potere tecnologico e del potere politico - Rassegna Stampa Cattolica","isPartOf":{"@id":"https:\/\/www.rassegnastampa-totustuus.it\/cattolica\/#website"},"primaryImageOfPage":{"@id":"https:\/\/www.rassegnastampa-totustuus.it\/cattolica\/silicon-valley-centro-del-nuovo-potere-tecnologico-e-del-potere-politico\/#primaryimage"},"image":{"@id":"https:\/\/www.rassegnastampa-totustuus.it\/cattolica\/silicon-valley-centro-del-nuovo-potere-tecnologico-e-del-potere-politico\/#primaryimage"},"thumbnailUrl":"https:\/\/www.rassegnastampa-totustuus.it\/cattolica\/wp-content\/uploads\/2022\/09\/tecnologia_informatica.jpg","datePublished":"2023-04-26T22:00:50+00:00","dateModified":"2023-12-28T14:52:06+00:00","description":"Silicon Valley centro del nuovo potere tecnologico e del potere politico epicentro di una nuova ideologia e societ\u00e0","breadcrumb":{"@id":"https:\/\/www.rassegnastampa-totustuus.it\/cattolica\/silicon-valley-centro-del-nuovo-potere-tecnologico-e-del-potere-politico\/#breadcrumb"},"inLanguage":"it-IT","potentialAction":[{"@type":"ReadAction","target":["https:\/\/www.rassegnastampa-totustuus.it\/cattolica\/silicon-valley-centro-del-nuovo-potere-tecnologico-e-del-potere-politico\/"]}]},{"@type":"ImageObject","inLanguage":"it-IT","@id":"https:\/\/www.rassegnastampa-totustuus.it\/cattolica\/silicon-valley-centro-del-nuovo-potere-tecnologico-e-del-potere-politico\/#primaryimage","url":"https:\/\/www.rassegnastampa-totustuus.it\/cattolica\/wp-content\/uploads\/2022\/09\/tecnologia_informatica.jpg","contentUrl":"https:\/\/www.rassegnastampa-totustuus.it\/cattolica\/wp-content\/uploads\/2022\/09\/tecnologia_informatica.jpg","width":300,"height":168,"caption":"Silicon Valley centro del nuovo potere tecnologico"},{"@type":"BreadcrumbList","@id":"https:\/\/www.rassegnastampa-totustuus.it\/cattolica\/silicon-valley-centro-del-nuovo-potere-tecnologico-e-del-potere-politico\/#breadcrumb","itemListElement":[{"@type":"ListItem","position":1,"name":"Home","item":"https:\/\/www.rassegnastampa-totustuus.it\/cattolica\/"},{"@type":"ListItem","position":2,"name":"Silicon Valley centro del nuovo potere tecnologico e del potere politico"}]},{"@type":"WebSite","@id":"https:\/\/www.rassegnastampa-totustuus.it\/cattolica\/#website","url":"https:\/\/www.rassegnastampa-totustuus.it\/cattolica\/","name":"Rassegna Stampa Cattolica","description":"Per una cultura che nasce dalla Rivelazione cristiana in conformit\u00e0 alla tradizione e al Magistero della Chiesa in opposizione ad ogni relativismo e totalitarismo","publisher":{"@id":"https:\/\/www.rassegnastampa-totustuus.it\/cattolica\/#organization"},"alternateName":"Rass. Cattolica","potentialAction":[{"@type":"SearchAction","target":{"@type":"EntryPoint","urlTemplate":"https:\/\/www.rassegnastampa-totustuus.it\/cattolica\/?s={search_term_string}"},"query-input":{"@type":"PropertyValueSpecification","valueRequired":true,"valueName":"search_term_string"}}],"inLanguage":"it-IT"},{"@type":"Organization","@id":"https:\/\/www.rassegnastampa-totustuus.it\/cattolica\/#organization","name":"Rassegna Stampa Cattolica","url":"https:\/\/www.rassegnastampa-totustuus.it\/cattolica\/","logo":{"@type":"ImageObject","inLanguage":"it-IT","@id":"https:\/\/www.rassegnastampa-totustuus.it\/cattolica\/#\/schema\/logo\/image\/","url":"https:\/\/www.rassegnastampa-totustuus.it\/cattolica\/wp-content\/uploads\/2014\/04\/logo-rassegna1.gif","contentUrl":"https:\/\/www.rassegnastampa-totustuus.it\/cattolica\/wp-content\/uploads\/2014\/04\/logo-rassegna1.gif","width":600,"height":163,"caption":"Rassegna Stampa Cattolica"},"image":{"@id":"https:\/\/www.rassegnastampa-totustuus.it\/cattolica\/#\/schema\/logo\/image\/"},"sameAs":["https:\/\/www.facebook.com\/rassegnastampacattolica","https:\/\/x.com\/rassegnastampa9"]},{"@type":"Person","@id":"https:\/\/www.rassegnastampa-totustuus.it\/cattolica\/#\/schema\/person\/08f319d2bd1a0904ad9e2bfb7b15e5c3","name":"Redazione","image":{"@type":"ImageObject","inLanguage":"it-IT","@id":"https:\/\/secure.gravatar.com\/avatar\/2fcdf27c78ea025fbdb44e914cc63c72249ffec9dc8aafd5c82b26240ef3f346?s=96&d=mm&r=g","url":"https:\/\/secure.gravatar.com\/avatar\/2fcdf27c78ea025fbdb44e914cc63c72249ffec9dc8aafd5c82b26240ef3f346?s=96&d=mm&r=g","contentUrl":"https:\/\/secure.gravatar.com\/avatar\/2fcdf27c78ea025fbdb44e914cc63c72249ffec9dc8aafd5c82b26240ef3f346?s=96&d=mm&r=g","caption":"Redazione"},"url":"https:\/\/www.rassegnastampa-totustuus.it\/cattolica\/author\/pietroelle\/"}]}},"_links":{"self":[{"href":"https:\/\/www.rassegnastampa-totustuus.it\/cattolica\/wp-json\/wp\/v2\/posts\/56255","targetHints":{"allow":["GET"]}}],"collection":[{"href":"https:\/\/www.rassegnastampa-totustuus.it\/cattolica\/wp-json\/wp\/v2\/posts"}],"about":[{"href":"https:\/\/www.rassegnastampa-totustuus.it\/cattolica\/wp-json\/wp\/v2\/types\/post"}],"author":[{"embeddable":true,"href":"https:\/\/www.rassegnastampa-totustuus.it\/cattolica\/wp-json\/wp\/v2\/users\/6"}],"replies":[{"embeddable":true,"href":"https:\/\/www.rassegnastampa-totustuus.it\/cattolica\/wp-json\/wp\/v2\/comments?post=56255"}],"version-history":[{"count":8,"href":"https:\/\/www.rassegnastampa-totustuus.it\/cattolica\/wp-json\/wp\/v2\/posts\/56255\/revisions"}],"predecessor-version":[{"id":58472,"href":"https:\/\/www.rassegnastampa-totustuus.it\/cattolica\/wp-json\/wp\/v2\/posts\/56255\/revisions\/58472"}],"wp:featuredmedia":[{"embeddable":true,"href":"https:\/\/www.rassegnastampa-totustuus.it\/cattolica\/wp-json\/wp\/v2\/media\/54826"}],"wp:attachment":[{"href":"https:\/\/www.rassegnastampa-totustuus.it\/cattolica\/wp-json\/wp\/v2\/media?parent=56255"}],"wp:term":[{"taxonomy":"category","embeddable":true,"href":"https:\/\/www.rassegnastampa-totustuus.it\/cattolica\/wp-json\/wp\/v2\/categories?post=56255"},{"taxonomy":"post_tag","embeddable":true,"href":"https:\/\/www.rassegnastampa-totustuus.it\/cattolica\/wp-json\/wp\/v2\/tags?post=56255"}],"curies":[{"name":"wp","href":"https:\/\/api.w.org\/{rel}","templated":true}]}}