{"id":56241,"date":"2023-04-27T00:00:26","date_gmt":"2023-04-26T22:00:26","guid":{"rendered":"http:\/\/www.rassegnastampa-totustuus.it\/cattolica\/?p=56241"},"modified":"2023-12-28T16:04:16","modified_gmt":"2023-12-28T15:04:16","slug":"vladimir-putin-non-e-lanti-davos","status":"publish","type":"post","link":"https:\/\/www.rassegnastampa-totustuus.it\/cattolica\/vladimir-putin-non-e-lanti-davos\/","title":{"rendered":"Vladimir Putin non \u00e8 l&#8217;anti-Davos"},"content":{"rendered":"<p style=\"text-align: center;\"><span style=\"color: #000000;\"><strong><img loading=\"lazy\" decoding=\"async\" class=\"size-medium wp-image-56242 alignleft\" src=\"https:\/\/www.rassegnastampa-totustuus.it\/cattolica\/wp-content\/uploads\/2023\/04\/Putin_Davos_Russia_Reset-300x168.jpg\" alt=\"\" width=\"300\" height=\"168\" \/><\/strong><\/span><\/p>\n<p style=\"text-align: justify;\"><strong>Abstract: <\/strong><em>Vladimir Putin non \u00e8 l&#8217;anti-Davos; il <span style=\"color: #000000;\">futuro della guerra in Ucraina dipender\u00e0 da come sar\u00e0 interpretata. Se si riuscir\u00e0 a convincere l&#8217;opinione pubblica che il motivo della guerra si basa su qualcosa di pi\u00f9 grande dell&#8217;agognato territorio ucraino e delle ambizioni nazionalistiche, la gente potrebbe guardare con simpatia agli invasori russi<\/span><\/em><\/p>\n<p><!--more--><\/p>\n<p style=\"text-align: center;\"><span style=\"color: #000000;\"><strong>Tradizione Famiglia Propriet\u00e0 <\/strong>Newsletter 19 Aprile 2023<\/span><\/p>\n<h3 style=\"text-align: center;\"><span style=\"color: #000000;\">Perch\u00e9 Vladimir Putin <\/span><\/h3>\n<h3 style=\"text-align: center;\"><span style=\"color: #000000;\">non rappresenta il partito anti-Davos<\/span><\/h3>\n<p style=\"text-align: justify;\"><em><span style=\"color: #000000;\">Il futuro della guerra in Ucraina dipender\u00e0 da come sar\u00e0 interpretata. Se si riuscir\u00e0 a convincere l&#8217;opinione pubblica che il motivo della guerra si basa su qualcosa di pi\u00f9 grande dell&#8217;agognato territorio ucraino e delle ambizioni nazionalistiche, la gente potrebbe guardare con simpatia agli invasori russi<\/span><\/em><\/p>\n<p style=\"text-align: center;\"><span style=\"color: #000000;\">di <strong>John Horvat<\/strong><\/span><\/p>\n<p style=\"text-align: justify;\"><span style=\"color: #000000;\"><img loading=\"lazy\" decoding=\"async\" class=\"size-medium wp-image-55752 alignright\" src=\"https:\/\/www.rassegnastampa-totustuus.it\/cattolica\/wp-content\/uploads\/2023\/03\/globalismo_capitalismo-300x214.png\" alt=\"\" width=\"300\" height=\"214\" srcset=\"https:\/\/www.rassegnastampa-totustuus.it\/cattolica\/wp-content\/uploads\/2023\/03\/globalismo_capitalismo-300x214.png 300w, https:\/\/www.rassegnastampa-totustuus.it\/cattolica\/wp-content\/uploads\/2023\/03\/globalismo_capitalismo.png 750w\" sizes=\"auto, (max-width: 300px) 100vw, 300px\" \/>Questa interpretazione sta diventando sempre pi\u00f9 evidente nei discorsi di coloro che sostengono che la guerra sia un conflitto tra le \u00e9lite globaliste occidentali e i difensori<\/span> <span style=\"color: #0000ff;\"><a style=\"color: #0000ff;\" href=\"https:\/\/www.tfp.org\/a-look-at-the-indestructible-link-between-putinism-and-russian-nationalism\/\" target=\"_blank\" rel=\"noopener noreferrer\">nazionalisti russi<\/a>.<\/span> <span style=\"color: #000000;\">Difatti, molti commentatori presentano il Presidente russo Vladimir Putin come il campione del mondo contro queste \u00e9lite globaliste, in particolare quelle che si riuniscono annualmente a Davos per determinare i successivi passi in avanti del mondo e le priorit\u00e0 del <em>&#8220;great reset&#8221;.<\/em><\/span><\/p>\n<h4 style=\"text-align: center;\"><span style=\"color: #000000;\"><strong>Mons. Vigan\u00f2 sembra ignorare i rapporti storici Russia-Davos<\/strong><\/span><\/h4>\n<p style=\"text-align: justify;\"><span style=\"color: #000000;\"><img loading=\"lazy\" decoding=\"async\" class=\"size-full wp-image-47899 alignleft\" src=\"https:\/\/www.rassegnastampa-totustuus.it\/cattolica\/wp-content\/uploads\/2020\/07\/Carlo_Maria_Vigan\u00f2.jpg\" alt=\"\" width=\"225\" height=\"225\" srcset=\"https:\/\/www.rassegnastampa-totustuus.it\/cattolica\/wp-content\/uploads\/2020\/07\/Carlo_Maria_Vigan\u00f2.jpg 225w, https:\/\/www.rassegnastampa-totustuus.it\/cattolica\/wp-content\/uploads\/2020\/07\/Carlo_Maria_Vigan\u00f2-150x150.jpg 150w\" sizes=\"auto, (max-width: 225px) 100vw, 225px\" \/>Questa narrazione \u00e8 stata recentemente presentata dall&#8217;arcivescovo Carlo Maria Vigan\u00f2, gi\u00e0 nunzio apostolico negli Stati Uniti, in un discorso video al<\/span> <span style=\"color: #0000ff;\"><a style=\"color: #0000ff;\" href=\"https:\/\/remnantnewspaper.com\/web\/index.php\/fetzen-fliegen\/item\/6453-vigano-message-to-the-international-congress-of-russophiles\" target=\"_blank\" rel=\"noopener noreferrer\"><em>Congresso di fondazione del Movimento internazionale dei russofili<\/em><\/a> <\/span><span style=\"color: #000000;\">a Mosca nel marzo scorso. Questo peculiare arcivescovo sembra sostenere che il testimone della fede \u00e8 passato alla Chiesa ortodossa russa. Quindi, la Russia \u00e8 &#8220;l&#8217;ultimo bastione della civilt\u00e0 contro la barbarie&#8221;. In particolare, mette in guardia da Klaus Schwab e dal <em>Forum economico mondiale<\/em> di Davos e cita Vladimir Putin, secondo il quale queste figure globali mirano a &#8220;creare una societ\u00e0 di schiavi asserviti all&#8217;\u00e9lite di Davos&#8221;.<\/span><\/p>\n<p style=\"text-align: justify;\"><span style=\"color: #000000;\">L&#8217;arcivescovo Vigan\u00f2 interpretata la guerra come una battaglia contro il programma di &#8220;reset&#8221; di Davos e presenta la Russia come un nemico di lunga data di questo piano. Ha detto: &#8220;Abbiamo bisogno di un&#8217;alleanza antiglobalista che restituisca ai cittadini il potere che \u00e8 stato loro tolto e alle nazioni la sovranit\u00e0 erosa e ceduta alla lobby di Davos. La Federazione Russa giocher\u00e0 un ruolo decisivo in questo sforzo&#8221;.<\/span><\/p>\n<p style=\"text-align: justify;\"><span style=\"color: #000000;\"><img loading=\"lazy\" decoding=\"async\" class=\" wp-image-49297 alignright\" src=\"https:\/\/www.rassegnastampa-totustuus.it\/cattolica\/wp-content\/uploads\/2020\/11\/Davos_reset-300x169.jpg\" alt=\"\" width=\"318\" height=\"179\" srcset=\"https:\/\/www.rassegnastampa-totustuus.it\/cattolica\/wp-content\/uploads\/2020\/11\/Davos_reset-300x169.jpg 300w, https:\/\/www.rassegnastampa-totustuus.it\/cattolica\/wp-content\/uploads\/2020\/11\/Davos_reset-768x432.jpg 768w, https:\/\/www.rassegnastampa-totustuus.it\/cattolica\/wp-content\/uploads\/2020\/11\/Davos_reset-1024x576.jpg 1024w, https:\/\/www.rassegnastampa-totustuus.it\/cattolica\/wp-content\/uploads\/2020\/11\/Davos_reset.jpg 1280w\" sizes=\"auto, (max-width: 318px) 100vw, 318px\" \/>Pertanto, tali dichiarazioni sembrerebbero dire che chiunque sia stato recentemente associato a Davos \u00e8 almeno sospettato di collaborazione con il nemico. Queste dichiarazioni ignorano, tra l\u2019altro, tutti gli sforzi degli occidentali antiglobalisti che giustamente denunciano gli obiettivi anticristiani degli incontri di Davos.<\/span><\/p>\n<p style=\"text-align: justify;\"><span style=\"color: #000000;\">Il problema di questa narrazione anti-Davos \u00e8 che \u00e8 falsa. Fino allo scoppio della guerra in Ucraina nel febbraio 2022, la Russia \u00e8 sempre stata un&#8217;accanita sostenitrice della conferenza di Davos. I suoi funzionari, tra cui Vladimir Putin, hanno a lungo frequentato le \u00e9lite di Davos. Il quotidiano <em>Politico<\/em> riporta che il presidente russo ha legami con Klaus Schwab fin dai primi anni Novanta. Ha parlato all&#8217;evento diverse volte. In effetti, Schwab ha presentato Putin al raduno virtuale di Davos nel gennaio del 2021.<\/span><\/p>\n<p style=\"text-align: justify;\"><span style=\"color: #000000;\"><img loading=\"lazy\" decoding=\"async\" class=\"size-medium wp-image-50191 alignleft\" src=\"https:\/\/www.rassegnastampa-totustuus.it\/cattolica\/wp-content\/uploads\/2021\/02\/Great_Reset_economia-300x168.jpg\" alt=\"\" width=\"300\" height=\"168\" srcset=\"https:\/\/www.rassegnastampa-totustuus.it\/cattolica\/wp-content\/uploads\/2021\/02\/Great_Reset_economia-300x168.jpg 300w, https:\/\/www.rassegnastampa-totustuus.it\/cattolica\/wp-content\/uploads\/2021\/02\/Great_Reset_economia.jpg 326w\" sizes=\"auto, (max-width: 300px) 100vw, 300px\" \/>La Fondazione Roscongress, promotrice degli interessi russi a Davos, ha riferito di un incontro pre-COVID di<\/span> <span style=\"color: #0000ff;\"><a style=\"color: #0000ff;\" href=\"https:\/\/forumspb.com\/en\/news\/news\/russian-president-vladimir-putin-meets-with-world-economic-forum-chairman-klaus-schwab\/\" target=\"_blank\" rel=\"noopener noreferrer\"><em>Vladimir Putin con il presidente esecutivo del Forum economico mondiale Klaus Schwab<\/em><\/a> <\/span><span style=\"color: #000000;\">a San Pietroburgo nel 2019. Durante l&#8217;incontro, il presidente russo si \u00e8 rivolto a Schwab dicendo: &#8220;Abbiamo sempre mantenuto relazioni con il forum da lei fondato e continueremo a sostenerlo. E, naturalmente, i rappresentanti russi hanno sempre partecipato e parteciperanno agli eventi da voi organizzati&#8221;.<\/span><\/p>\n<p style=\"text-align: justify;\"><span style=\"color: #000000;\"><img loading=\"lazy\" decoding=\"async\" class=\"size-full wp-image-52458 alignright\" src=\"https:\/\/www.rassegnastampa-totustuus.it\/cattolica\/wp-content\/uploads\/2021\/09\/great_reset_economic_forum.jpg\" alt=\"\" width=\"225\" height=\"225\" srcset=\"https:\/\/www.rassegnastampa-totustuus.it\/cattolica\/wp-content\/uploads\/2021\/09\/great_reset_economic_forum.jpg 225w, https:\/\/www.rassegnastampa-totustuus.it\/cattolica\/wp-content\/uploads\/2021\/09\/great_reset_economic_forum-150x150.jpg 150w\" sizes=\"auto, (max-width: 225px) 100vw, 225px\" \/>Klaus Schwab ha risposto a tono, dicendo: &#8220;Per me \u00e8 sempre stato importante che i rappresentanti russi partecipino ai nostri eventi a Davos. Questo \u00e8 sempre stato di particolare importanza per me&#8221;. Questa cooperazione tra Davos e Putin \u00e8 continuata anche durante gli anni dirompenti del COVID, fino alla guerra ucraina. Non sono stati i russi a tagliare i rapporti con Davos (molti oligarchi si sono iscritti all&#8217;evento del 2022), ma i dirigenti di Davos si sono visti costretti a dare un taglio ai legami ufficiali per rispettare le sanzioni internazionali.<\/span><\/p>\n<p style=\"text-align: justify;\"><span style=\"color: #000000;\">Pertanto, qualsiasi ostilit\u00e0 ufficiale russa nei confronti di Davos \u00e8 un recente sviluppo dal 2022 e non uno sforzo incessante sviluppato nel corso degli anni per combattere le \u00e9lite globaliste.<\/span><\/p>\n<h4 style=\"text-align: center;\"><span style=\"color: #000000;\"><strong>N\u00e9 Davos n\u00e9 Dugin<\/strong><\/span><\/h4>\n<p style=\"text-align: justify;\"><span style=\"color: #000000;\"><img loading=\"lazy\" decoding=\"async\" class=\"size-full wp-image-56243 alignleft\" src=\"https:\/\/www.rassegnastampa-totustuus.it\/cattolica\/wp-content\/uploads\/2023\/04\/nazionalisti_russia.jpg\" alt=\"\" width=\"276\" height=\"183\" \/>La partecipazione della Russia a Davos non \u00e8 stata passiva, bens\u00ec robusta. Una delle sedi multifunzionali per gli incontri tra i partecipanti all&#8217;incontro annuale di Davos \u00e8 stato un luogo chiamato <em>Russian House<\/em>. Dal 2018, il luogo ha ospitato membri della delegazione ufficiale russa, imprenditori e opinionisti. Nel 2020, <em>Politico<\/em> ha riferito che oltre 2.000 ospiti provenienti da 85 Paesi si sono incontrati alla <em>Russian House<\/em>. A loro si sono aggiunti numerosi rappresentanti dei media che coprivano gli eventi sul posto. La detta <em>Russian House<\/em> \u00e8 ben nota per le sue feste elaborate, chiassose e costose.<\/span><\/p>\n<p style=\"text-align: justify;\"><span style=\"color: #000000;\"><img loading=\"lazy\" decoding=\"async\" class=\"size-full wp-image-38488 alignright\" src=\"https:\/\/www.rassegnastampa-totustuus.it\/cattolica\/wp-content\/uploads\/2017\/09\/oligarchi.jpg\" alt=\"\" width=\"206\" height=\"244\" \/>In altre parole, ci sono poche prove di un passato antagonismo tra i leader russi e le \u00e9lite di Davos. In effetti, i partecipanti russi, tra cui Putin e molti oligarchi, hanno agito come \u00e9lite globaliste. Durante tutto quel tempo, il contingente russo non ha fatto alcuno sforzo per denunciare la cospirazione di Davos finalizzata a formare quella &#8220;societ\u00e0 di schiavi sottomessi&#8221; che ha menzionato mons. Vigan\u00f2.<\/span><\/p>\n<p style=\"text-align: justify;\"><span style=\"color: #000000;\">Il cambiamento di atteggiamento verso Davos \u00e8 avvenuto solo dopo l&#8217;invasione ucraina. Ma l&#8217;interpretazione della guerra come risposta anti-Davos non corrisponde alla realt\u00e0 della collaborazione passata. Sembrerebbe pi\u00f9 in linea con le ambizioni nazionaliste espresse dall&#8217;ideologo russo<\/span> <span style=\"color: #0000ff;\"><a style=\"color: #0000ff;\" href=\"https:\/\/www.tfp.org\/trying-to-explain-alexander-dugin\/\" target=\"_blank\" rel=\"noopener noreferrer\">Alexander Dugin<\/a><\/span> <span style=\"color: #000000;\">e dalla sua &#8220;quarta teoria politica&#8221;. Il suo programma richiederebbe una pesante rottura con l&#8217;Occidente, come quella provocata dall&#8217;attacco ucraino, per forzare la formazione di un mondo &#8220;multipolare&#8221;.<\/span><\/p>\n<p style=\"text-align: justify;\"><span style=\"color: #000000;\"><img loading=\"lazy\" decoding=\"async\" class=\"size-full wp-image-37752 alignleft\" src=\"https:\/\/www.rassegnastampa-totustuus.it\/cattolica\/wp-content\/uploads\/2017\/05\/Madonna_Fatima.jpg\" alt=\"\" width=\"258\" height=\"195\" \/>Indipendentemente dalla falsa narrazione adottata &#8211; Davos o Dugin \u2013 bisogna aggiungere che entrambe escludono la soluzione di Fatima del 1917. La vera via non pu\u00f2 che essere l\u2019appello di Fatima alla rigenerazione morale dell\u2019umanit\u00e0 che promette sia la conversione della Russia che il trionfo del Cuore Immacolato della Madonna.<\/span><\/p>\n<p style=\"text-align: justify;\"><span style=\"color: #000000;\"><strong>Fonte<\/strong>:<\/span> <span style=\"color: #0000ff;\"><a style=\"color: #0000ff;\" href=\"https:\/\/www.tfp.org\/vladimir-putin-does-not-represent-the-anti-davos-party\/?PKG=TFPE3057\" target=\"_blank\" rel=\"noopener noreferrer\">Tfp.og,<\/a><\/span><span style=\"color: #000000;\"> 31 marzo 2023. <em>Traduzione a cura di Tradizione Famiglia Propriet\u00e0 \u2013 Italia.<\/em><\/span><\/p>\n","protected":false},"excerpt":{"rendered":"<p>Abstract: Vladimir Putin non \u00e8 l&#8217;anti-Davos; il futuro della guerra in Ucraina dipender\u00e0 da come sar\u00e0 interpretata. Se si riuscir\u00e0 a convincere l&#8217;opinione pubblica che il motivo della guerra si basa su qualcosa di pi\u00f9 grande dell&#8217;agognato territorio ucraino e delle ambizioni nazionalistiche, la gente potrebbe guardare con simpatia agli invasori russi<\/p><p><a class=\"more-link btn\" href=\"https:\/\/www.rassegnastampa-totustuus.it\/cattolica\/vladimir-putin-non-e-lanti-davos\/\">Continua a leggere<\/a><\/p>\n","protected":false},"author":6,"featured_media":56242,"comment_status":"closed","ping_status":"closed","sticky":false,"template":"","format":"standard","meta":{"footnotes":""},"categories":[19,116],"tags":[2854,148,2409],"class_list":["post-56241","post","type-post","status-publish","format-standard","has-post-thumbnail","hentry","category-politica-internazionale","category-russia","tag-great-reset","tag-politica-internazionale-2","tag-russia","item-wrap"],"yoast_head":"<!-- This site is optimized with the Yoast SEO plugin v27.5 - https:\/\/yoast.com\/product\/yoast-seo-wordpress\/ -->\n<title>Vladimir Putin non \u00e8 l&#039;anti-Davos - Rassegna Stampa Cattolica<\/title>\n<meta name=\"description\" content=\"Vladimir Putin non \u00e8 l&#039;anti-Davos; non \u00e8 il campione del mondo contro le \u00e9lite globaliste e ha rapporti di lunga data con il forum di Schwab\" \/>\n<meta name=\"robots\" content=\"index, follow, max-snippet:-1, max-image-preview:large, max-video-preview:-1\" \/>\n<link rel=\"canonical\" href=\"https:\/\/www.rassegnastampa-totustuus.it\/cattolica\/vladimir-putin-non-e-lanti-davos\/\" \/>\n<meta property=\"og:locale\" content=\"it_IT\" \/>\n<meta property=\"og:type\" content=\"article\" \/>\n<meta property=\"og:title\" content=\"Vladimir Putin non \u00e8 l&#039;anti-Davos - Rassegna Stampa Cattolica\" \/>\n<meta property=\"og:description\" content=\"Vladimir Putin non \u00e8 l&#039;anti-Davos; non \u00e8 il campione del mondo contro le \u00e9lite globaliste e ha rapporti di lunga data con il forum di Schwab\" \/>\n<meta property=\"og:url\" content=\"https:\/\/www.rassegnastampa-totustuus.it\/cattolica\/vladimir-putin-non-e-lanti-davos\/\" \/>\n<meta property=\"og:site_name\" content=\"Rassegna Stampa Cattolica\" \/>\n<meta property=\"article:publisher\" content=\"https:\/\/www.facebook.com\/rassegnastampacattolica\" \/>\n<meta property=\"article:published_time\" content=\"2023-04-26T22:00:26+00:00\" \/>\n<meta property=\"article:modified_time\" content=\"2023-12-28T15:04:16+00:00\" \/>\n<meta property=\"og:image\" content=\"https:\/\/www.rassegnastampa-totustuus.it\/cattolica\/wp-content\/uploads\/2023\/04\/Putin_Davos_Russia_Reset.jpg\" \/>\n\t<meta property=\"og:image:width\" content=\"300\" \/>\n\t<meta property=\"og:image:height\" content=\"168\" \/>\n\t<meta property=\"og:image:type\" content=\"image\/jpeg\" \/>\n<meta name=\"author\" content=\"Redazione\" \/>\n<meta name=\"twitter:card\" content=\"summary_large_image\" \/>\n<meta name=\"twitter:creator\" content=\"@rassegnastampa9\" \/>\n<meta name=\"twitter:site\" content=\"@rassegnastampa9\" \/>\n<meta name=\"twitter:label1\" content=\"Scritto da\" \/>\n\t<meta name=\"twitter:data1\" content=\"Redazione\" \/>\n\t<meta name=\"twitter:label2\" content=\"Tempo di lettura stimato\" \/>\n\t<meta name=\"twitter:data2\" content=\"7 minuti\" \/>\n<script type=\"application\/ld+json\" class=\"yoast-schema-graph\">{\"@context\":\"https:\\\/\\\/schema.org\",\"@graph\":[{\"@type\":\"Article\",\"@id\":\"https:\\\/\\\/www.rassegnastampa-totustuus.it\\\/cattolica\\\/vladimir-putin-non-e-lanti-davos\\\/#article\",\"isPartOf\":{\"@id\":\"https:\\\/\\\/www.rassegnastampa-totustuus.it\\\/cattolica\\\/vladimir-putin-non-e-lanti-davos\\\/\"},\"author\":{\"name\":\"Redazione\",\"@id\":\"https:\\\/\\\/www.rassegnastampa-totustuus.it\\\/cattolica\\\/#\\\/schema\\\/person\\\/08f319d2bd1a0904ad9e2bfb7b15e5c3\"},\"headline\":\"Vladimir Putin non \u00e8 l&#8217;anti-Davos\",\"datePublished\":\"2023-04-26T22:00:26+00:00\",\"dateModified\":\"2023-12-28T15:04:16+00:00\",\"mainEntityOfPage\":{\"@id\":\"https:\\\/\\\/www.rassegnastampa-totustuus.it\\\/cattolica\\\/vladimir-putin-non-e-lanti-davos\\\/\"},\"wordCount\":973,\"publisher\":{\"@id\":\"https:\\\/\\\/www.rassegnastampa-totustuus.it\\\/cattolica\\\/#organization\"},\"image\":{\"@id\":\"https:\\\/\\\/www.rassegnastampa-totustuus.it\\\/cattolica\\\/vladimir-putin-non-e-lanti-davos\\\/#primaryimage\"},\"thumbnailUrl\":\"https:\\\/\\\/www.rassegnastampa-totustuus.it\\\/cattolica\\\/wp-content\\\/uploads\\\/2023\\\/04\\\/Putin_Davos_Russia_Reset.jpg\",\"keywords\":[\"Great Reset\",\"politica internazionale\",\"Russia\"],\"articleSection\":[\"Politica internazionale\",\"Russia\"],\"inLanguage\":\"it-IT\"},{\"@type\":\"WebPage\",\"@id\":\"https:\\\/\\\/www.rassegnastampa-totustuus.it\\\/cattolica\\\/vladimir-putin-non-e-lanti-davos\\\/\",\"url\":\"https:\\\/\\\/www.rassegnastampa-totustuus.it\\\/cattolica\\\/vladimir-putin-non-e-lanti-davos\\\/\",\"name\":\"Vladimir Putin non \u00e8 l'anti-Davos - Rassegna Stampa Cattolica\",\"isPartOf\":{\"@id\":\"https:\\\/\\\/www.rassegnastampa-totustuus.it\\\/cattolica\\\/#website\"},\"primaryImageOfPage\":{\"@id\":\"https:\\\/\\\/www.rassegnastampa-totustuus.it\\\/cattolica\\\/vladimir-putin-non-e-lanti-davos\\\/#primaryimage\"},\"image\":{\"@id\":\"https:\\\/\\\/www.rassegnastampa-totustuus.it\\\/cattolica\\\/vladimir-putin-non-e-lanti-davos\\\/#primaryimage\"},\"thumbnailUrl\":\"https:\\\/\\\/www.rassegnastampa-totustuus.it\\\/cattolica\\\/wp-content\\\/uploads\\\/2023\\\/04\\\/Putin_Davos_Russia_Reset.jpg\",\"datePublished\":\"2023-04-26T22:00:26+00:00\",\"dateModified\":\"2023-12-28T15:04:16+00:00\",\"description\":\"Vladimir Putin non \u00e8 l'anti-Davos; non \u00e8 il campione del mondo contro le \u00e9lite globaliste e ha rapporti di lunga data con il forum di Schwab\",\"breadcrumb\":{\"@id\":\"https:\\\/\\\/www.rassegnastampa-totustuus.it\\\/cattolica\\\/vladimir-putin-non-e-lanti-davos\\\/#breadcrumb\"},\"inLanguage\":\"it-IT\",\"potentialAction\":[{\"@type\":\"ReadAction\",\"target\":[\"https:\\\/\\\/www.rassegnastampa-totustuus.it\\\/cattolica\\\/vladimir-putin-non-e-lanti-davos\\\/\"]}]},{\"@type\":\"ImageObject\",\"inLanguage\":\"it-IT\",\"@id\":\"https:\\\/\\\/www.rassegnastampa-totustuus.it\\\/cattolica\\\/vladimir-putin-non-e-lanti-davos\\\/#primaryimage\",\"url\":\"https:\\\/\\\/www.rassegnastampa-totustuus.it\\\/cattolica\\\/wp-content\\\/uploads\\\/2023\\\/04\\\/Putin_Davos_Russia_Reset.jpg\",\"contentUrl\":\"https:\\\/\\\/www.rassegnastampa-totustuus.it\\\/cattolica\\\/wp-content\\\/uploads\\\/2023\\\/04\\\/Putin_Davos_Russia_Reset.jpg\",\"width\":300,\"height\":168},{\"@type\":\"BreadcrumbList\",\"@id\":\"https:\\\/\\\/www.rassegnastampa-totustuus.it\\\/cattolica\\\/vladimir-putin-non-e-lanti-davos\\\/#breadcrumb\",\"itemListElement\":[{\"@type\":\"ListItem\",\"position\":1,\"name\":\"Home\",\"item\":\"https:\\\/\\\/www.rassegnastampa-totustuus.it\\\/cattolica\\\/\"},{\"@type\":\"ListItem\",\"position\":2,\"name\":\"Vladimir Putin non \u00e8 l&#8217;anti-Davos\"}]},{\"@type\":\"WebSite\",\"@id\":\"https:\\\/\\\/www.rassegnastampa-totustuus.it\\\/cattolica\\\/#website\",\"url\":\"https:\\\/\\\/www.rassegnastampa-totustuus.it\\\/cattolica\\\/\",\"name\":\"Rassegna Stampa Cattolica\",\"description\":\"Per una cultura che nasce dalla Rivelazione cristiana in conformit\u00e0 alla tradizione e al Magistero della Chiesa in opposizione ad ogni relativismo e totalitarismo\",\"publisher\":{\"@id\":\"https:\\\/\\\/www.rassegnastampa-totustuus.it\\\/cattolica\\\/#organization\"},\"alternateName\":\"Rass. Cattolica\",\"potentialAction\":[{\"@type\":\"SearchAction\",\"target\":{\"@type\":\"EntryPoint\",\"urlTemplate\":\"https:\\\/\\\/www.rassegnastampa-totustuus.it\\\/cattolica\\\/?s={search_term_string}\"},\"query-input\":{\"@type\":\"PropertyValueSpecification\",\"valueRequired\":true,\"valueName\":\"search_term_string\"}}],\"inLanguage\":\"it-IT\"},{\"@type\":\"Organization\",\"@id\":\"https:\\\/\\\/www.rassegnastampa-totustuus.it\\\/cattolica\\\/#organization\",\"name\":\"Rassegna Stampa Cattolica\",\"url\":\"https:\\\/\\\/www.rassegnastampa-totustuus.it\\\/cattolica\\\/\",\"logo\":{\"@type\":\"ImageObject\",\"inLanguage\":\"it-IT\",\"@id\":\"https:\\\/\\\/www.rassegnastampa-totustuus.it\\\/cattolica\\\/#\\\/schema\\\/logo\\\/image\\\/\",\"url\":\"https:\\\/\\\/www.rassegnastampa-totustuus.it\\\/cattolica\\\/wp-content\\\/uploads\\\/2014\\\/04\\\/logo-rassegna1.gif\",\"contentUrl\":\"https:\\\/\\\/www.rassegnastampa-totustuus.it\\\/cattolica\\\/wp-content\\\/uploads\\\/2014\\\/04\\\/logo-rassegna1.gif\",\"width\":600,\"height\":163,\"caption\":\"Rassegna Stampa Cattolica\"},\"image\":{\"@id\":\"https:\\\/\\\/www.rassegnastampa-totustuus.it\\\/cattolica\\\/#\\\/schema\\\/logo\\\/image\\\/\"},\"sameAs\":[\"https:\\\/\\\/www.facebook.com\\\/rassegnastampacattolica\",\"https:\\\/\\\/x.com\\\/rassegnastampa9\"]},{\"@type\":\"Person\",\"@id\":\"https:\\\/\\\/www.rassegnastampa-totustuus.it\\\/cattolica\\\/#\\\/schema\\\/person\\\/08f319d2bd1a0904ad9e2bfb7b15e5c3\",\"name\":\"Redazione\",\"image\":{\"@type\":\"ImageObject\",\"inLanguage\":\"it-IT\",\"@id\":\"https:\\\/\\\/secure.gravatar.com\\\/avatar\\\/2fcdf27c78ea025fbdb44e914cc63c72249ffec9dc8aafd5c82b26240ef3f346?s=96&d=mm&r=g\",\"url\":\"https:\\\/\\\/secure.gravatar.com\\\/avatar\\\/2fcdf27c78ea025fbdb44e914cc63c72249ffec9dc8aafd5c82b26240ef3f346?s=96&d=mm&r=g\",\"contentUrl\":\"https:\\\/\\\/secure.gravatar.com\\\/avatar\\\/2fcdf27c78ea025fbdb44e914cc63c72249ffec9dc8aafd5c82b26240ef3f346?s=96&d=mm&r=g\",\"caption\":\"Redazione\"},\"url\":\"https:\\\/\\\/www.rassegnastampa-totustuus.it\\\/cattolica\\\/author\\\/pietroelle\\\/\"}]}<\/script>\n<!-- \/ Yoast SEO plugin. -->","yoast_head_json":{"title":"Vladimir Putin non \u00e8 l'anti-Davos - Rassegna Stampa Cattolica","description":"Vladimir Putin non \u00e8 l'anti-Davos; non \u00e8 il campione del mondo contro le \u00e9lite globaliste e ha rapporti di lunga data con il forum di Schwab","robots":{"index":"index","follow":"follow","max-snippet":"max-snippet:-1","max-image-preview":"max-image-preview:large","max-video-preview":"max-video-preview:-1"},"canonical":"https:\/\/www.rassegnastampa-totustuus.it\/cattolica\/vladimir-putin-non-e-lanti-davos\/","og_locale":"it_IT","og_type":"article","og_title":"Vladimir Putin non \u00e8 l'anti-Davos - Rassegna Stampa Cattolica","og_description":"Vladimir Putin non \u00e8 l'anti-Davos; non \u00e8 il campione del mondo contro le \u00e9lite globaliste e ha rapporti di lunga data con il forum di Schwab","og_url":"https:\/\/www.rassegnastampa-totustuus.it\/cattolica\/vladimir-putin-non-e-lanti-davos\/","og_site_name":"Rassegna Stampa Cattolica","article_publisher":"https:\/\/www.facebook.com\/rassegnastampacattolica","article_published_time":"2023-04-26T22:00:26+00:00","article_modified_time":"2023-12-28T15:04:16+00:00","og_image":[{"width":300,"height":168,"url":"https:\/\/www.rassegnastampa-totustuus.it\/cattolica\/wp-content\/uploads\/2023\/04\/Putin_Davos_Russia_Reset.jpg","type":"image\/jpeg"}],"author":"Redazione","twitter_card":"summary_large_image","twitter_creator":"@rassegnastampa9","twitter_site":"@rassegnastampa9","twitter_misc":{"Scritto da":"Redazione","Tempo di lettura stimato":"7 minuti"},"schema":{"@context":"https:\/\/schema.org","@graph":[{"@type":"Article","@id":"https:\/\/www.rassegnastampa-totustuus.it\/cattolica\/vladimir-putin-non-e-lanti-davos\/#article","isPartOf":{"@id":"https:\/\/www.rassegnastampa-totustuus.it\/cattolica\/vladimir-putin-non-e-lanti-davos\/"},"author":{"name":"Redazione","@id":"https:\/\/www.rassegnastampa-totustuus.it\/cattolica\/#\/schema\/person\/08f319d2bd1a0904ad9e2bfb7b15e5c3"},"headline":"Vladimir Putin non \u00e8 l&#8217;anti-Davos","datePublished":"2023-04-26T22:00:26+00:00","dateModified":"2023-12-28T15:04:16+00:00","mainEntityOfPage":{"@id":"https:\/\/www.rassegnastampa-totustuus.it\/cattolica\/vladimir-putin-non-e-lanti-davos\/"},"wordCount":973,"publisher":{"@id":"https:\/\/www.rassegnastampa-totustuus.it\/cattolica\/#organization"},"image":{"@id":"https:\/\/www.rassegnastampa-totustuus.it\/cattolica\/vladimir-putin-non-e-lanti-davos\/#primaryimage"},"thumbnailUrl":"https:\/\/www.rassegnastampa-totustuus.it\/cattolica\/wp-content\/uploads\/2023\/04\/Putin_Davos_Russia_Reset.jpg","keywords":["Great Reset","politica internazionale","Russia"],"articleSection":["Politica internazionale","Russia"],"inLanguage":"it-IT"},{"@type":"WebPage","@id":"https:\/\/www.rassegnastampa-totustuus.it\/cattolica\/vladimir-putin-non-e-lanti-davos\/","url":"https:\/\/www.rassegnastampa-totustuus.it\/cattolica\/vladimir-putin-non-e-lanti-davos\/","name":"Vladimir Putin non \u00e8 l'anti-Davos - Rassegna Stampa Cattolica","isPartOf":{"@id":"https:\/\/www.rassegnastampa-totustuus.it\/cattolica\/#website"},"primaryImageOfPage":{"@id":"https:\/\/www.rassegnastampa-totustuus.it\/cattolica\/vladimir-putin-non-e-lanti-davos\/#primaryimage"},"image":{"@id":"https:\/\/www.rassegnastampa-totustuus.it\/cattolica\/vladimir-putin-non-e-lanti-davos\/#primaryimage"},"thumbnailUrl":"https:\/\/www.rassegnastampa-totustuus.it\/cattolica\/wp-content\/uploads\/2023\/04\/Putin_Davos_Russia_Reset.jpg","datePublished":"2023-04-26T22:00:26+00:00","dateModified":"2023-12-28T15:04:16+00:00","description":"Vladimir Putin non \u00e8 l'anti-Davos; non \u00e8 il campione del mondo contro le \u00e9lite globaliste e ha rapporti di lunga data con il forum di Schwab","breadcrumb":{"@id":"https:\/\/www.rassegnastampa-totustuus.it\/cattolica\/vladimir-putin-non-e-lanti-davos\/#breadcrumb"},"inLanguage":"it-IT","potentialAction":[{"@type":"ReadAction","target":["https:\/\/www.rassegnastampa-totustuus.it\/cattolica\/vladimir-putin-non-e-lanti-davos\/"]}]},{"@type":"ImageObject","inLanguage":"it-IT","@id":"https:\/\/www.rassegnastampa-totustuus.it\/cattolica\/vladimir-putin-non-e-lanti-davos\/#primaryimage","url":"https:\/\/www.rassegnastampa-totustuus.it\/cattolica\/wp-content\/uploads\/2023\/04\/Putin_Davos_Russia_Reset.jpg","contentUrl":"https:\/\/www.rassegnastampa-totustuus.it\/cattolica\/wp-content\/uploads\/2023\/04\/Putin_Davos_Russia_Reset.jpg","width":300,"height":168},{"@type":"BreadcrumbList","@id":"https:\/\/www.rassegnastampa-totustuus.it\/cattolica\/vladimir-putin-non-e-lanti-davos\/#breadcrumb","itemListElement":[{"@type":"ListItem","position":1,"name":"Home","item":"https:\/\/www.rassegnastampa-totustuus.it\/cattolica\/"},{"@type":"ListItem","position":2,"name":"Vladimir Putin non \u00e8 l&#8217;anti-Davos"}]},{"@type":"WebSite","@id":"https:\/\/www.rassegnastampa-totustuus.it\/cattolica\/#website","url":"https:\/\/www.rassegnastampa-totustuus.it\/cattolica\/","name":"Rassegna Stampa Cattolica","description":"Per una cultura che nasce dalla Rivelazione cristiana in conformit\u00e0 alla tradizione e al Magistero della Chiesa in opposizione ad ogni relativismo e totalitarismo","publisher":{"@id":"https:\/\/www.rassegnastampa-totustuus.it\/cattolica\/#organization"},"alternateName":"Rass. Cattolica","potentialAction":[{"@type":"SearchAction","target":{"@type":"EntryPoint","urlTemplate":"https:\/\/www.rassegnastampa-totustuus.it\/cattolica\/?s={search_term_string}"},"query-input":{"@type":"PropertyValueSpecification","valueRequired":true,"valueName":"search_term_string"}}],"inLanguage":"it-IT"},{"@type":"Organization","@id":"https:\/\/www.rassegnastampa-totustuus.it\/cattolica\/#organization","name":"Rassegna Stampa Cattolica","url":"https:\/\/www.rassegnastampa-totustuus.it\/cattolica\/","logo":{"@type":"ImageObject","inLanguage":"it-IT","@id":"https:\/\/www.rassegnastampa-totustuus.it\/cattolica\/#\/schema\/logo\/image\/","url":"https:\/\/www.rassegnastampa-totustuus.it\/cattolica\/wp-content\/uploads\/2014\/04\/logo-rassegna1.gif","contentUrl":"https:\/\/www.rassegnastampa-totustuus.it\/cattolica\/wp-content\/uploads\/2014\/04\/logo-rassegna1.gif","width":600,"height":163,"caption":"Rassegna Stampa Cattolica"},"image":{"@id":"https:\/\/www.rassegnastampa-totustuus.it\/cattolica\/#\/schema\/logo\/image\/"},"sameAs":["https:\/\/www.facebook.com\/rassegnastampacattolica","https:\/\/x.com\/rassegnastampa9"]},{"@type":"Person","@id":"https:\/\/www.rassegnastampa-totustuus.it\/cattolica\/#\/schema\/person\/08f319d2bd1a0904ad9e2bfb7b15e5c3","name":"Redazione","image":{"@type":"ImageObject","inLanguage":"it-IT","@id":"https:\/\/secure.gravatar.com\/avatar\/2fcdf27c78ea025fbdb44e914cc63c72249ffec9dc8aafd5c82b26240ef3f346?s=96&d=mm&r=g","url":"https:\/\/secure.gravatar.com\/avatar\/2fcdf27c78ea025fbdb44e914cc63c72249ffec9dc8aafd5c82b26240ef3f346?s=96&d=mm&r=g","contentUrl":"https:\/\/secure.gravatar.com\/avatar\/2fcdf27c78ea025fbdb44e914cc63c72249ffec9dc8aafd5c82b26240ef3f346?s=96&d=mm&r=g","caption":"Redazione"},"url":"https:\/\/www.rassegnastampa-totustuus.it\/cattolica\/author\/pietroelle\/"}]}},"_links":{"self":[{"href":"https:\/\/www.rassegnastampa-totustuus.it\/cattolica\/wp-json\/wp\/v2\/posts\/56241","targetHints":{"allow":["GET"]}}],"collection":[{"href":"https:\/\/www.rassegnastampa-totustuus.it\/cattolica\/wp-json\/wp\/v2\/posts"}],"about":[{"href":"https:\/\/www.rassegnastampa-totustuus.it\/cattolica\/wp-json\/wp\/v2\/types\/post"}],"author":[{"embeddable":true,"href":"https:\/\/www.rassegnastampa-totustuus.it\/cattolica\/wp-json\/wp\/v2\/users\/6"}],"replies":[{"embeddable":true,"href":"https:\/\/www.rassegnastampa-totustuus.it\/cattolica\/wp-json\/wp\/v2\/comments?post=56241"}],"version-history":[{"count":4,"href":"https:\/\/www.rassegnastampa-totustuus.it\/cattolica\/wp-json\/wp\/v2\/posts\/56241\/revisions"}],"predecessor-version":[{"id":58474,"href":"https:\/\/www.rassegnastampa-totustuus.it\/cattolica\/wp-json\/wp\/v2\/posts\/56241\/revisions\/58474"}],"wp:featuredmedia":[{"embeddable":true,"href":"https:\/\/www.rassegnastampa-totustuus.it\/cattolica\/wp-json\/wp\/v2\/media\/56242"}],"wp:attachment":[{"href":"https:\/\/www.rassegnastampa-totustuus.it\/cattolica\/wp-json\/wp\/v2\/media?parent=56241"}],"wp:term":[{"taxonomy":"category","embeddable":true,"href":"https:\/\/www.rassegnastampa-totustuus.it\/cattolica\/wp-json\/wp\/v2\/categories?post=56241"},{"taxonomy":"post_tag","embeddable":true,"href":"https:\/\/www.rassegnastampa-totustuus.it\/cattolica\/wp-json\/wp\/v2\/tags?post=56241"}],"curies":[{"name":"wp","href":"https:\/\/api.w.org\/{rel}","templated":true}]}}