{"id":56236,"date":"2023-04-27T00:00:57","date_gmt":"2023-04-26T22:00:57","guid":{"rendered":"http:\/\/www.rassegnastampa-totustuus.it\/cattolica\/?p=56236"},"modified":"2023-12-28T13:41:11","modified_gmt":"2023-12-28T12:41:11","slug":"transgender-pentiti-per-il-cambio-di-sesso","status":"publish","type":"post","link":"https:\/\/www.rassegnastampa-totustuus.it\/cattolica\/transgender-pentiti-per-il-cambio-di-sesso\/","title":{"rendered":"Transgender pentiti per il cambio di sesso"},"content":{"rendered":"<p style=\"text-align: center;\"><span style=\"color: #000000;\"><strong><img loading=\"lazy\" decoding=\"async\" class=\" wp-image-51517 alignleft\" src=\"https:\/\/www.rassegnastampa-totustuus.it\/cattolica\/wp-content\/uploads\/2021\/06\/trans_gender.jpg\" alt=\"\" width=\"296\" height=\"205\" \/><\/strong><\/span><\/p>\n<p style=\"text-align: justify;\"><span style=\"color: #000000;\"><strong>Abstract: <\/strong><em>Transgender pentiti per il cambio di sesso in forte aumento; con le loro storie stanno s<span style=\"color: #000000;\">briciolando la narrazione Lgbt. Purtroppo chi si sottopone alle gravi menomazioni che comporta il cambio chirurgico di sesso non potr\u00e0 pi\u00f9 avere una vita normale, con gravi ripercussioni psicologiche che gli ideologi del gender si guardano bene dal rappresentare<\/span>\u00a0<\/em><\/span><\/p>\n<p><!--more--><\/p>\n<p style=\"text-align: center;\"><span style=\"color: #000000;\"><a href=\"https:\/\/www.iltimone.org\/\" target=\"_blank\" rel=\"noopener\"><strong>Il Timone<\/strong><\/a> n. 227 Maggio 2023<br \/>\n<\/span><\/p>\n<h3 style=\"text-align: center;\"><strong>Il grande esperimento \u00e8 smascherato<\/strong><\/h3>\n<p style=\"text-align: justify;\"><span style=\"color: #000000;\"><em>La stampa mainstream \u00e8 presa in contropiede dal dilagare dei \u201ctrans pentiti\u201d, che con le loro storie stanno sbriciolando la narrazione Lgbt. Analisi di un fenomeno scomodo<\/em> <\/span><\/p>\n<p style=\"text-align: center;\"><span style=\"color: #000000;\">di <strong>Giuliano Guzzo<\/strong><\/span><\/p>\n<p style=\"text-align: justify;\"><span style=\"color: #000000;\">\u00abLa detransizione sar\u00e0 presto pi\u00f9 comune della transizione\u00bb. La giornalista e studiosa canadese <em>Debra Soh<\/em> \u00e8 lapidaria. Per l&#8217;autrice del libro <em>The end of gender<\/em> quella del \u201ccambio di sesso\u201d tra i minori <em>in primis<\/em>, \u00e8 una bomba a orologeria destinata a brillare col ritorno all&#8217;identit\u00e0 biologica di tantissimi prima affascinati e poi delusi dalla transizione a un altro genere. <\/span><\/p>\n<p style=\"text-align: justify;\"><span style=\"color: #000000;\"><img loading=\"lazy\" decoding=\"async\" class=\"size-full wp-image-56237 alignright\" src=\"https:\/\/www.rassegnastampa-totustuus.it\/cattolica\/wp-content\/uploads\/2023\/04\/bambini_transizione_gender.jpg\" alt=\"\" width=\"275\" height=\"183\" \/>Non \u00e8 un pensiero isolato. Michael S. Irwing, della Harward Medical School, ha firmato un articolo sul <em>Journal of clinical endocrinology &amp;<\/em> <em>metabolism <\/em>in cui \u00e8 esplicito: \u00abC\u2019\u00e8 motivo di ritenere che il numero di quanti abbandonano la transizione possa aumentare\u00bb. Lo scorso dicembre, tre giorni prima di Natale, la <em>Reuters<\/em> ha pubblicato un lungo <em>reportage<\/em> a firma Robin Respaut, dove si afferma che i <em>detransitioner<\/em> &#8211; cos\u00ec vengono chiamati i transgender \u201cpentiti\u201d &#8211; sono cruciali per la scienza\u00bb. <\/span><\/p>\n<p style=\"text-align: justify;\"><span style=\"color: #000000;\">A gennaio anche la rivista <em>The Atlantic<\/em> si \u00e8 occupata del tema, invitando a \u00abprendere sul serio\u00bb le persone che \u00abinvertono la loro transizione di genere comprendere la loro esperienza \u00e8 fondamentale\u00bb. Gli autori dell&#8217;articolo, Leo Valdes e Kinnon MacKinnon \u2013 studioso al di sopra di ogni sospetto, essendo due accademici <em>trans<\/em> -, pur opponendosi alle limitazioni delle opzioni di trattamento per la disforia di genere, hanno scritto che \u00abi sostenitori dei diritti <em>trans<\/em> e i media <em>mainstream<\/em> dovrebbero smetterla di minimizzare la realt\u00e0 della detransizione\u00bb.<\/span><\/p>\n<p style=\"text-align: justify;\"><span style=\"color: #000000;\"><img loading=\"lazy\" decoding=\"async\" class=\"size-full wp-image-55302 alignleft\" src=\"https:\/\/www.rassegnastampa-totustuus.it\/cattolica\/wp-content\/uploads\/2022\/12\/transgender_minori.jpg\" alt=\"\" width=\"277\" height=\"182\" \/>Su <em>Twitter<\/em> perfino il pornodivo trans Bach Angel \u2013 pseudonimo di Jake Miller &#8211; \u00e8 sbottato contro i genitori che, accecati dall&#8217;ideologia, appoggiano con entusiasmo la transizione di genere: \u00abSe una madre di un bambino che sta \u201ccambiando sesso\u201d dice che per lei \u201c\u00e8 divertente ed eccitante\u201d, ci\u00f2 la dice lunga su tutto quanto. Da quando la disforia di genere \u00e8 divertente ed eccitante?\u00bb. Se i <em>detransitioners<\/em> sono in aumento &#8211; e tra gli stessi <em>trans<\/em> si sta aprendo un dibattito -, significa una cosa: un dogma caro al mondo Lgbt, quello del \u201ccambio di sesso\u201d, sta vacillando. Va bene, ma quanti sono i pentiti della transizione? Per decenni si \u00e8 pensato fossero casi di rarit\u00e0 Infinitesimale. Oggi sappiamo che le cose non stanno cos\u00ec.<\/span><\/p>\n<h4 style=\"text-align: center;\"><span style=\"color: #000000;\"><strong>Casi in aumento<\/strong><\/span><\/h4>\n<p style=\"text-align: justify;\"><span style=\"color: #000000;\"><img loading=\"lazy\" decoding=\"async\" class=\"size-full wp-image-55086 alignright\" src=\"https:\/\/www.rassegnastampa-totustuus.it\/cattolica\/wp-content\/uploads\/2022\/11\/gender-1.jpg\" alt=\"\" width=\"179\" height=\"282\" \/>Secondo Walt Heyer, intervenuto in apertura di questo <em>Primo piano<\/em>, i <em>detransitioners <\/em>ammontano addirittura al 20% dell\u2019insieme dei<em> trans<\/em>. Gli studi al momento si fermano per\u00f2 a una forbice che va dal 2 fino all&#8217;8%, percentuale quest&#8217;ultima rilevata dal <em>Report of the 2015 U.S. transgender survey<\/em>, la pi\u00f9 ampia indagine sul tema basata su un campione di quasi 28.000 soggetti.<\/span><\/p>\n<p style=\"text-align: justify;\"><span style=\"color: #000000;\"> Anche questa per\u00f2 \u00e8 una rilevazione datata, dato che l&#8217;interruzione nell&#8217;assunzione dei bloccanti della pubert\u00e0 \u00e8 un fenomeno di cui si occupa seriamente da non pi\u00f9 di cinque o sei anni; nel frattempo, i casi potrebbero essere aumentati di molto. Non sono per\u00f2 semplici da intercettare, anche perch\u00e9 i pentiti della transizione vengono spesso bullizzati dalla comunit\u00e0 Lgbt, che li tratta come traditori della causa. <\/span><\/p>\n<p style=\"text-align: justify;\"><span style=\"color: #000000;\"><img loading=\"lazy\" decoding=\"async\" class=\"size-full wp-image-48057 alignleft\" src=\"https:\/\/www.rassegnastampa-totustuus.it\/cattolica\/wp-content\/uploads\/2020\/08\/trans_gender.jpg\" alt=\"\" width=\"296\" height=\"170\" \/>Da uno studio pubblicato su <em>Archives of sexual behavior<\/em> sappiamo che sono meno di un quarto &#8211; il 24% per l&#8217;esattezza &#8211; i <em>detransitioner<\/em> che decidono di informare della loro scelta i medici. Molti, semplicemente, spariscono: non si fanno pi\u00f9 vedere e basta. Il che alimenta in alcuni il sospetto che, in realt\u00e0, molti transgender interrompano l&#8217;iter di \u201ccambio di sesso\u201d non perch\u00e8 delusi ma per esempio per effetti collaterali nei farmaci assunti. <\/span><\/p>\n<p style=\"text-align: justify;\"><span style=\"color: #000000;\">In realt\u00e0, non \u00e8 affatto cos\u00ec: sette <em>detransitioner<\/em> \u00a0su dieci affermano che alla base del loro tentativo di riavvolgere il nastro della loro identit\u00e0, per cos\u00ec dire, c&#8217;\u00e8 la consapevolezza che la disforia di genere per la quale sono stati avviati ai trattamenti interrotti era correlata ad altri problemi. Da questo punto di vista, restano emblematiche le risultanze di un&#8217;indagine pubblicata sulla rivista <em>Human system<\/em>, attraverso la quale &#8211; considerando 79 giovani di ambedue i sessi inviati a una <em>gender clinic<\/em> -si \u00e8 scoperto come costoro, oltre a provenire spesso da famiglie divise, sperimentano in oltre il 62% dei casi ansia o depressione, in oltre il 40% delle situazioni alti livelli di disagio, ideazione suicidaria e autolesionismo e in oltre il 35% dei casi disturbi comportamentali.<\/span><\/p>\n<h4 style=\"text-align: center;\"><span style=\"color: #000000;\"><strong>Dubbi pure dal <em>New York Times<\/em> <\/strong><\/span><\/h4>\n<p style=\"text-align: justify;\"><span style=\"color: #000000;\"><img loading=\"lazy\" decoding=\"async\" class=\" wp-image-35447 alignright\" src=\"https:\/\/www.rassegnastampa-totustuus.it\/cattolica\/wp-content\/uploads\/2011\/07\/New_york_times.jpg\" alt=\"\" width=\"293\" height=\"195\" \/>Non serve insomma un luminare per capire che avviare al \u201ccambio di sesso\u201d ragazzini con simili disagi sia da irresponsabili. Eppure \u00e8 ci\u00f2 che avviene sempre pi\u00f9 spesso senza \u2013 attenzione \u2013 nessuna certezza di quali possano essere i benefici per i giovani pazienti. Il fatto \u00e8 talmente grave da essere ormai stato notato anche dalla stampa<em> liberal<\/em> e progressista.<\/span><\/p>\n<p style=\"text-align: justify;\"><span style=\"color: #000000;\"> Nel novembre scorso, per dire, il <em>New York Times<\/em> ha pubblicato un servizio\u00a0 di Megan Twohey e Christina Jewett, che fin dal titolo suonava come una denuncia verso i farmaci dati ai minori interessati al \u201ccambio di sesso\u201d: <em>They paused puberty, buti s there a cost<\/em>? (Essi bloccano la pubert\u00e0 ma a che prezzo?). Sconvolgenti, in quel pezzo, le parole di Sheri Berembaum, che all\u2019universit\u00e0 Penn State\u00a0 dirige un laboratorio specializzato su questi temi ma che, interpellata su quali possono essere gli effetti sul cervello dei minori\u00a0 dei bloccanti la pubert\u00e0 ha risposto: \u00abNon lo sappiamo\u00bb. <\/span><\/p>\n<p style=\"text-align: justify;\"><span style=\"color: #000000;\"><img loading=\"lazy\" decoding=\"async\" class=\" wp-image-52047 alignleft\" src=\"https:\/\/www.rassegnastampa-totustuus.it\/cattolica\/wp-content\/uploads\/2021\/07\/Lgbt_gay_scuola_bambini.jpg\" alt=\"\" width=\"316\" height=\"196\" \/>Che qualcosa non tornasse , il <em>New York Times<\/em> lo aveva lasciato intendere anche in un altro servizio pubblicato il 26 settembre scorso a firma di Azeen Gorayshi, che, a proposito di uno studio su 136 pazienti di et\u00e0 compresa tra i 13 e i 25 anni, met\u00e0 dei quali aveva subito un intervento chirurgico importante e apparentemente migliorativo della loro condizione, aveva evidenziato una cosa: \u00abla maggior parte dei pazienti \u00e8 stata intervistata meno di due anni dopo l\u2019intervento chirurgico e quasi il 30% non ha potuto essere contattato o ha rifiutato di partecipare\u00bb. <\/span><\/p>\n<p style=\"text-align: justify;\"><span style=\"color: #000000;\">Neppure la stampa <em>liberal <\/em>pu\u00f2 dunque ora nascondere come sia in corso un colossale esperimento sulla pelle dei bambini.<\/span><\/p>\n<p>______________________________________<\/p>\n<p><span style=\"color: #000000;\"><strong>Sul cambio di sesso:\u00a0<\/strong><\/span><\/p>\n<p><a href=\"https:\/\/www.rassegnastampa-totustuus.it\/cattolica\/un-altro-detrattore-smaschera-il-culto-del-genere\/\" target=\"_blank\" rel=\"noopener\"><span style=\"color: #0000ff;\">Un altro detrattore smaschera il culto del genere<\/span><\/a><\/p>\n<p><a href=\"https:\/\/www.rassegnastampa-totustuus.it\/cattolica\/n-svezia-giovani-cavie-della-transizione-di-genere\/\" target=\"_blank\" rel=\"noopener\"><span style=\"color: #0000ff;\">In Svezia Giovani cavie della transizione di genere<\/span><\/a><\/p>\n","protected":false},"excerpt":{"rendered":"<p>Abstract: Transgender pentiti per il cambio di sesso in forte aumento; con le loro storie stanno sbriciolando la narrazione Lgbt. Purtroppo chi si sottopone alle gravi menomazioni che comporta il cambio chirurgico di sesso non potr\u00e0 pi\u00f9 avere una vita normale, con gravi ripercussioni psicologiche che gli ideologi del gender si guardano bene dal rappresentare\u00a0<\/p><p><a class=\"more-link btn\" href=\"https:\/\/www.rassegnastampa-totustuus.it\/cattolica\/transgender-pentiti-per-il-cambio-di-sesso\/\">Continua a leggere<\/a><\/p>\n","protected":false},"author":6,"featured_media":51517,"comment_status":"closed","ping_status":"closed","sticky":false,"template":"","format":"standard","meta":{"footnotes":""},"categories":[125],"tags":[437,1953,323],"class_list":["post-56236","post","type-post","status-publish","format-standard","has-post-thumbnail","hentry","category-ideologia-del-gender","tag-ideologia-del-gender-2","tag-minori","tag-transessualita","item-wrap"],"yoast_head":"<!-- This site is optimized with the Yoast SEO plugin v27.5 - https:\/\/yoast.com\/product\/yoast-seo-wordpress\/ -->\n<title>Transgender pentiti per il cambio di sesso - Rassegna Stampa Cattolica<\/title>\n<meta name=\"description\" content=\"Transgender pentiti per il cambio di sesso che con i loro racconti stanno mandando in frantumi la narrazione Lgbt\" \/>\n<meta name=\"robots\" content=\"index, follow, max-snippet:-1, max-image-preview:large, max-video-preview:-1\" \/>\n<link rel=\"canonical\" href=\"https:\/\/www.rassegnastampa-totustuus.it\/cattolica\/transgender-pentiti-per-il-cambio-di-sesso\/\" \/>\n<meta property=\"og:locale\" content=\"it_IT\" \/>\n<meta property=\"og:type\" content=\"article\" \/>\n<meta property=\"og:title\" content=\"Transgender pentiti per il cambio di sesso - Rassegna Stampa Cattolica\" \/>\n<meta property=\"og:description\" content=\"Transgender pentiti per il cambio di sesso che con i loro racconti stanno mandando in frantumi la narrazione Lgbt\" \/>\n<meta property=\"og:url\" content=\"https:\/\/www.rassegnastampa-totustuus.it\/cattolica\/transgender-pentiti-per-il-cambio-di-sesso\/\" \/>\n<meta property=\"og:site_name\" content=\"Rassegna Stampa Cattolica\" \/>\n<meta property=\"article:publisher\" content=\"https:\/\/www.facebook.com\/rassegnastampacattolica\" \/>\n<meta property=\"article:published_time\" content=\"2023-04-26T22:00:57+00:00\" \/>\n<meta property=\"article:modified_time\" content=\"2023-12-28T12:41:11+00:00\" \/>\n<meta property=\"og:image\" content=\"https:\/\/www.rassegnastampa-totustuus.it\/cattolica\/wp-content\/uploads\/2021\/06\/trans_gender.jpg\" \/>\n\t<meta property=\"og:image:width\" content=\"270\" \/>\n\t<meta property=\"og:image:height\" content=\"187\" \/>\n\t<meta property=\"og:image:type\" content=\"image\/jpeg\" \/>\n<meta name=\"author\" content=\"Redazione\" \/>\n<meta name=\"twitter:card\" content=\"summary_large_image\" \/>\n<meta name=\"twitter:creator\" content=\"@rassegnastampa9\" \/>\n<meta name=\"twitter:site\" content=\"@rassegnastampa9\" \/>\n<meta name=\"twitter:label1\" content=\"Scritto da\" \/>\n\t<meta name=\"twitter:data1\" content=\"Redazione\" \/>\n\t<meta name=\"twitter:label2\" content=\"Tempo di lettura stimato\" \/>\n\t<meta name=\"twitter:data2\" content=\"8 minuti\" \/>\n<script type=\"application\/ld+json\" class=\"yoast-schema-graph\">{\"@context\":\"https:\\\/\\\/schema.org\",\"@graph\":[{\"@type\":\"Article\",\"@id\":\"https:\\\/\\\/www.rassegnastampa-totustuus.it\\\/cattolica\\\/transgender-pentiti-per-il-cambio-di-sesso\\\/#article\",\"isPartOf\":{\"@id\":\"https:\\\/\\\/www.rassegnastampa-totustuus.it\\\/cattolica\\\/transgender-pentiti-per-il-cambio-di-sesso\\\/\"},\"author\":{\"name\":\"Redazione\",\"@id\":\"https:\\\/\\\/www.rassegnastampa-totustuus.it\\\/cattolica\\\/#\\\/schema\\\/person\\\/08f319d2bd1a0904ad9e2bfb7b15e5c3\"},\"headline\":\"Transgender pentiti per il cambio di sesso\",\"datePublished\":\"2023-04-26T22:00:57+00:00\",\"dateModified\":\"2023-12-28T12:41:11+00:00\",\"mainEntityOfPage\":{\"@id\":\"https:\\\/\\\/www.rassegnastampa-totustuus.it\\\/cattolica\\\/transgender-pentiti-per-il-cambio-di-sesso\\\/\"},\"wordCount\":1050,\"publisher\":{\"@id\":\"https:\\\/\\\/www.rassegnastampa-totustuus.it\\\/cattolica\\\/#organization\"},\"image\":{\"@id\":\"https:\\\/\\\/www.rassegnastampa-totustuus.it\\\/cattolica\\\/transgender-pentiti-per-il-cambio-di-sesso\\\/#primaryimage\"},\"thumbnailUrl\":\"https:\\\/\\\/www.rassegnastampa-totustuus.it\\\/cattolica\\\/wp-content\\\/uploads\\\/2021\\\/06\\\/trans_gender.jpg\",\"keywords\":[\"ideologia del gender\",\"minori\",\"transessualit\u00e0\"],\"articleSection\":[\"Ideologia del gender\"],\"inLanguage\":\"it-IT\"},{\"@type\":\"WebPage\",\"@id\":\"https:\\\/\\\/www.rassegnastampa-totustuus.it\\\/cattolica\\\/transgender-pentiti-per-il-cambio-di-sesso\\\/\",\"url\":\"https:\\\/\\\/www.rassegnastampa-totustuus.it\\\/cattolica\\\/transgender-pentiti-per-il-cambio-di-sesso\\\/\",\"name\":\"Transgender pentiti per il cambio di sesso - Rassegna Stampa Cattolica\",\"isPartOf\":{\"@id\":\"https:\\\/\\\/www.rassegnastampa-totustuus.it\\\/cattolica\\\/#website\"},\"primaryImageOfPage\":{\"@id\":\"https:\\\/\\\/www.rassegnastampa-totustuus.it\\\/cattolica\\\/transgender-pentiti-per-il-cambio-di-sesso\\\/#primaryimage\"},\"image\":{\"@id\":\"https:\\\/\\\/www.rassegnastampa-totustuus.it\\\/cattolica\\\/transgender-pentiti-per-il-cambio-di-sesso\\\/#primaryimage\"},\"thumbnailUrl\":\"https:\\\/\\\/www.rassegnastampa-totustuus.it\\\/cattolica\\\/wp-content\\\/uploads\\\/2021\\\/06\\\/trans_gender.jpg\",\"datePublished\":\"2023-04-26T22:00:57+00:00\",\"dateModified\":\"2023-12-28T12:41:11+00:00\",\"description\":\"Transgender pentiti per il cambio di sesso che con i loro racconti stanno mandando in frantumi la narrazione Lgbt\",\"breadcrumb\":{\"@id\":\"https:\\\/\\\/www.rassegnastampa-totustuus.it\\\/cattolica\\\/transgender-pentiti-per-il-cambio-di-sesso\\\/#breadcrumb\"},\"inLanguage\":\"it-IT\",\"potentialAction\":[{\"@type\":\"ReadAction\",\"target\":[\"https:\\\/\\\/www.rassegnastampa-totustuus.it\\\/cattolica\\\/transgender-pentiti-per-il-cambio-di-sesso\\\/\"]}]},{\"@type\":\"ImageObject\",\"inLanguage\":\"it-IT\",\"@id\":\"https:\\\/\\\/www.rassegnastampa-totustuus.it\\\/cattolica\\\/transgender-pentiti-per-il-cambio-di-sesso\\\/#primaryimage\",\"url\":\"https:\\\/\\\/www.rassegnastampa-totustuus.it\\\/cattolica\\\/wp-content\\\/uploads\\\/2021\\\/06\\\/trans_gender.jpg\",\"contentUrl\":\"https:\\\/\\\/www.rassegnastampa-totustuus.it\\\/cattolica\\\/wp-content\\\/uploads\\\/2021\\\/06\\\/trans_gender.jpg\",\"width\":270,\"height\":187},{\"@type\":\"BreadcrumbList\",\"@id\":\"https:\\\/\\\/www.rassegnastampa-totustuus.it\\\/cattolica\\\/transgender-pentiti-per-il-cambio-di-sesso\\\/#breadcrumb\",\"itemListElement\":[{\"@type\":\"ListItem\",\"position\":1,\"name\":\"Home\",\"item\":\"https:\\\/\\\/www.rassegnastampa-totustuus.it\\\/cattolica\\\/\"},{\"@type\":\"ListItem\",\"position\":2,\"name\":\"Transgender pentiti per il cambio di sesso\"}]},{\"@type\":\"WebSite\",\"@id\":\"https:\\\/\\\/www.rassegnastampa-totustuus.it\\\/cattolica\\\/#website\",\"url\":\"https:\\\/\\\/www.rassegnastampa-totustuus.it\\\/cattolica\\\/\",\"name\":\"Rassegna Stampa Cattolica\",\"description\":\"Per una cultura che nasce dalla Rivelazione cristiana in conformit\u00e0 alla tradizione e al Magistero della Chiesa in opposizione ad ogni relativismo e totalitarismo\",\"publisher\":{\"@id\":\"https:\\\/\\\/www.rassegnastampa-totustuus.it\\\/cattolica\\\/#organization\"},\"alternateName\":\"Rass. Cattolica\",\"potentialAction\":[{\"@type\":\"SearchAction\",\"target\":{\"@type\":\"EntryPoint\",\"urlTemplate\":\"https:\\\/\\\/www.rassegnastampa-totustuus.it\\\/cattolica\\\/?s={search_term_string}\"},\"query-input\":{\"@type\":\"PropertyValueSpecification\",\"valueRequired\":true,\"valueName\":\"search_term_string\"}}],\"inLanguage\":\"it-IT\"},{\"@type\":\"Organization\",\"@id\":\"https:\\\/\\\/www.rassegnastampa-totustuus.it\\\/cattolica\\\/#organization\",\"name\":\"Rassegna Stampa Cattolica\",\"url\":\"https:\\\/\\\/www.rassegnastampa-totustuus.it\\\/cattolica\\\/\",\"logo\":{\"@type\":\"ImageObject\",\"inLanguage\":\"it-IT\",\"@id\":\"https:\\\/\\\/www.rassegnastampa-totustuus.it\\\/cattolica\\\/#\\\/schema\\\/logo\\\/image\\\/\",\"url\":\"https:\\\/\\\/www.rassegnastampa-totustuus.it\\\/cattolica\\\/wp-content\\\/uploads\\\/2014\\\/04\\\/logo-rassegna1.gif\",\"contentUrl\":\"https:\\\/\\\/www.rassegnastampa-totustuus.it\\\/cattolica\\\/wp-content\\\/uploads\\\/2014\\\/04\\\/logo-rassegna1.gif\",\"width\":600,\"height\":163,\"caption\":\"Rassegna Stampa Cattolica\"},\"image\":{\"@id\":\"https:\\\/\\\/www.rassegnastampa-totustuus.it\\\/cattolica\\\/#\\\/schema\\\/logo\\\/image\\\/\"},\"sameAs\":[\"https:\\\/\\\/www.facebook.com\\\/rassegnastampacattolica\",\"https:\\\/\\\/x.com\\\/rassegnastampa9\"]},{\"@type\":\"Person\",\"@id\":\"https:\\\/\\\/www.rassegnastampa-totustuus.it\\\/cattolica\\\/#\\\/schema\\\/person\\\/08f319d2bd1a0904ad9e2bfb7b15e5c3\",\"name\":\"Redazione\",\"image\":{\"@type\":\"ImageObject\",\"inLanguage\":\"it-IT\",\"@id\":\"https:\\\/\\\/secure.gravatar.com\\\/avatar\\\/2fcdf27c78ea025fbdb44e914cc63c72249ffec9dc8aafd5c82b26240ef3f346?s=96&d=mm&r=g\",\"url\":\"https:\\\/\\\/secure.gravatar.com\\\/avatar\\\/2fcdf27c78ea025fbdb44e914cc63c72249ffec9dc8aafd5c82b26240ef3f346?s=96&d=mm&r=g\",\"contentUrl\":\"https:\\\/\\\/secure.gravatar.com\\\/avatar\\\/2fcdf27c78ea025fbdb44e914cc63c72249ffec9dc8aafd5c82b26240ef3f346?s=96&d=mm&r=g\",\"caption\":\"Redazione\"},\"url\":\"https:\\\/\\\/www.rassegnastampa-totustuus.it\\\/cattolica\\\/author\\\/pietroelle\\\/\"}]}<\/script>\n<!-- \/ Yoast SEO plugin. -->","yoast_head_json":{"title":"Transgender pentiti per il cambio di sesso - Rassegna Stampa Cattolica","description":"Transgender pentiti per il cambio di sesso che con i loro racconti stanno mandando in frantumi la narrazione Lgbt","robots":{"index":"index","follow":"follow","max-snippet":"max-snippet:-1","max-image-preview":"max-image-preview:large","max-video-preview":"max-video-preview:-1"},"canonical":"https:\/\/www.rassegnastampa-totustuus.it\/cattolica\/transgender-pentiti-per-il-cambio-di-sesso\/","og_locale":"it_IT","og_type":"article","og_title":"Transgender pentiti per il cambio di sesso - Rassegna Stampa Cattolica","og_description":"Transgender pentiti per il cambio di sesso che con i loro racconti stanno mandando in frantumi la narrazione Lgbt","og_url":"https:\/\/www.rassegnastampa-totustuus.it\/cattolica\/transgender-pentiti-per-il-cambio-di-sesso\/","og_site_name":"Rassegna Stampa Cattolica","article_publisher":"https:\/\/www.facebook.com\/rassegnastampacattolica","article_published_time":"2023-04-26T22:00:57+00:00","article_modified_time":"2023-12-28T12:41:11+00:00","og_image":[{"width":270,"height":187,"url":"https:\/\/www.rassegnastampa-totustuus.it\/cattolica\/wp-content\/uploads\/2021\/06\/trans_gender.jpg","type":"image\/jpeg"}],"author":"Redazione","twitter_card":"summary_large_image","twitter_creator":"@rassegnastampa9","twitter_site":"@rassegnastampa9","twitter_misc":{"Scritto da":"Redazione","Tempo di lettura stimato":"8 minuti"},"schema":{"@context":"https:\/\/schema.org","@graph":[{"@type":"Article","@id":"https:\/\/www.rassegnastampa-totustuus.it\/cattolica\/transgender-pentiti-per-il-cambio-di-sesso\/#article","isPartOf":{"@id":"https:\/\/www.rassegnastampa-totustuus.it\/cattolica\/transgender-pentiti-per-il-cambio-di-sesso\/"},"author":{"name":"Redazione","@id":"https:\/\/www.rassegnastampa-totustuus.it\/cattolica\/#\/schema\/person\/08f319d2bd1a0904ad9e2bfb7b15e5c3"},"headline":"Transgender pentiti per il cambio di sesso","datePublished":"2023-04-26T22:00:57+00:00","dateModified":"2023-12-28T12:41:11+00:00","mainEntityOfPage":{"@id":"https:\/\/www.rassegnastampa-totustuus.it\/cattolica\/transgender-pentiti-per-il-cambio-di-sesso\/"},"wordCount":1050,"publisher":{"@id":"https:\/\/www.rassegnastampa-totustuus.it\/cattolica\/#organization"},"image":{"@id":"https:\/\/www.rassegnastampa-totustuus.it\/cattolica\/transgender-pentiti-per-il-cambio-di-sesso\/#primaryimage"},"thumbnailUrl":"https:\/\/www.rassegnastampa-totustuus.it\/cattolica\/wp-content\/uploads\/2021\/06\/trans_gender.jpg","keywords":["ideologia del gender","minori","transessualit\u00e0"],"articleSection":["Ideologia del gender"],"inLanguage":"it-IT"},{"@type":"WebPage","@id":"https:\/\/www.rassegnastampa-totustuus.it\/cattolica\/transgender-pentiti-per-il-cambio-di-sesso\/","url":"https:\/\/www.rassegnastampa-totustuus.it\/cattolica\/transgender-pentiti-per-il-cambio-di-sesso\/","name":"Transgender pentiti per il cambio di sesso - Rassegna Stampa Cattolica","isPartOf":{"@id":"https:\/\/www.rassegnastampa-totustuus.it\/cattolica\/#website"},"primaryImageOfPage":{"@id":"https:\/\/www.rassegnastampa-totustuus.it\/cattolica\/transgender-pentiti-per-il-cambio-di-sesso\/#primaryimage"},"image":{"@id":"https:\/\/www.rassegnastampa-totustuus.it\/cattolica\/transgender-pentiti-per-il-cambio-di-sesso\/#primaryimage"},"thumbnailUrl":"https:\/\/www.rassegnastampa-totustuus.it\/cattolica\/wp-content\/uploads\/2021\/06\/trans_gender.jpg","datePublished":"2023-04-26T22:00:57+00:00","dateModified":"2023-12-28T12:41:11+00:00","description":"Transgender pentiti per il cambio di sesso che con i loro racconti stanno mandando in frantumi la narrazione Lgbt","breadcrumb":{"@id":"https:\/\/www.rassegnastampa-totustuus.it\/cattolica\/transgender-pentiti-per-il-cambio-di-sesso\/#breadcrumb"},"inLanguage":"it-IT","potentialAction":[{"@type":"ReadAction","target":["https:\/\/www.rassegnastampa-totustuus.it\/cattolica\/transgender-pentiti-per-il-cambio-di-sesso\/"]}]},{"@type":"ImageObject","inLanguage":"it-IT","@id":"https:\/\/www.rassegnastampa-totustuus.it\/cattolica\/transgender-pentiti-per-il-cambio-di-sesso\/#primaryimage","url":"https:\/\/www.rassegnastampa-totustuus.it\/cattolica\/wp-content\/uploads\/2021\/06\/trans_gender.jpg","contentUrl":"https:\/\/www.rassegnastampa-totustuus.it\/cattolica\/wp-content\/uploads\/2021\/06\/trans_gender.jpg","width":270,"height":187},{"@type":"BreadcrumbList","@id":"https:\/\/www.rassegnastampa-totustuus.it\/cattolica\/transgender-pentiti-per-il-cambio-di-sesso\/#breadcrumb","itemListElement":[{"@type":"ListItem","position":1,"name":"Home","item":"https:\/\/www.rassegnastampa-totustuus.it\/cattolica\/"},{"@type":"ListItem","position":2,"name":"Transgender pentiti per il cambio di sesso"}]},{"@type":"WebSite","@id":"https:\/\/www.rassegnastampa-totustuus.it\/cattolica\/#website","url":"https:\/\/www.rassegnastampa-totustuus.it\/cattolica\/","name":"Rassegna Stampa Cattolica","description":"Per una cultura che nasce dalla Rivelazione cristiana in conformit\u00e0 alla tradizione e al Magistero della Chiesa in opposizione ad ogni relativismo e totalitarismo","publisher":{"@id":"https:\/\/www.rassegnastampa-totustuus.it\/cattolica\/#organization"},"alternateName":"Rass. Cattolica","potentialAction":[{"@type":"SearchAction","target":{"@type":"EntryPoint","urlTemplate":"https:\/\/www.rassegnastampa-totustuus.it\/cattolica\/?s={search_term_string}"},"query-input":{"@type":"PropertyValueSpecification","valueRequired":true,"valueName":"search_term_string"}}],"inLanguage":"it-IT"},{"@type":"Organization","@id":"https:\/\/www.rassegnastampa-totustuus.it\/cattolica\/#organization","name":"Rassegna Stampa Cattolica","url":"https:\/\/www.rassegnastampa-totustuus.it\/cattolica\/","logo":{"@type":"ImageObject","inLanguage":"it-IT","@id":"https:\/\/www.rassegnastampa-totustuus.it\/cattolica\/#\/schema\/logo\/image\/","url":"https:\/\/www.rassegnastampa-totustuus.it\/cattolica\/wp-content\/uploads\/2014\/04\/logo-rassegna1.gif","contentUrl":"https:\/\/www.rassegnastampa-totustuus.it\/cattolica\/wp-content\/uploads\/2014\/04\/logo-rassegna1.gif","width":600,"height":163,"caption":"Rassegna Stampa Cattolica"},"image":{"@id":"https:\/\/www.rassegnastampa-totustuus.it\/cattolica\/#\/schema\/logo\/image\/"},"sameAs":["https:\/\/www.facebook.com\/rassegnastampacattolica","https:\/\/x.com\/rassegnastampa9"]},{"@type":"Person","@id":"https:\/\/www.rassegnastampa-totustuus.it\/cattolica\/#\/schema\/person\/08f319d2bd1a0904ad9e2bfb7b15e5c3","name":"Redazione","image":{"@type":"ImageObject","inLanguage":"it-IT","@id":"https:\/\/secure.gravatar.com\/avatar\/2fcdf27c78ea025fbdb44e914cc63c72249ffec9dc8aafd5c82b26240ef3f346?s=96&d=mm&r=g","url":"https:\/\/secure.gravatar.com\/avatar\/2fcdf27c78ea025fbdb44e914cc63c72249ffec9dc8aafd5c82b26240ef3f346?s=96&d=mm&r=g","contentUrl":"https:\/\/secure.gravatar.com\/avatar\/2fcdf27c78ea025fbdb44e914cc63c72249ffec9dc8aafd5c82b26240ef3f346?s=96&d=mm&r=g","caption":"Redazione"},"url":"https:\/\/www.rassegnastampa-totustuus.it\/cattolica\/author\/pietroelle\/"}]}},"_links":{"self":[{"href":"https:\/\/www.rassegnastampa-totustuus.it\/cattolica\/wp-json\/wp\/v2\/posts\/56236","targetHints":{"allow":["GET"]}}],"collection":[{"href":"https:\/\/www.rassegnastampa-totustuus.it\/cattolica\/wp-json\/wp\/v2\/posts"}],"about":[{"href":"https:\/\/www.rassegnastampa-totustuus.it\/cattolica\/wp-json\/wp\/v2\/types\/post"}],"author":[{"embeddable":true,"href":"https:\/\/www.rassegnastampa-totustuus.it\/cattolica\/wp-json\/wp\/v2\/users\/6"}],"replies":[{"embeddable":true,"href":"https:\/\/www.rassegnastampa-totustuus.it\/cattolica\/wp-json\/wp\/v2\/comments?post=56236"}],"version-history":[{"count":4,"href":"https:\/\/www.rassegnastampa-totustuus.it\/cattolica\/wp-json\/wp\/v2\/posts\/56236\/revisions"}],"predecessor-version":[{"id":58458,"href":"https:\/\/www.rassegnastampa-totustuus.it\/cattolica\/wp-json\/wp\/v2\/posts\/56236\/revisions\/58458"}],"wp:featuredmedia":[{"embeddable":true,"href":"https:\/\/www.rassegnastampa-totustuus.it\/cattolica\/wp-json\/wp\/v2\/media\/51517"}],"wp:attachment":[{"href":"https:\/\/www.rassegnastampa-totustuus.it\/cattolica\/wp-json\/wp\/v2\/media?parent=56236"}],"wp:term":[{"taxonomy":"category","embeddable":true,"href":"https:\/\/www.rassegnastampa-totustuus.it\/cattolica\/wp-json\/wp\/v2\/categories?post=56236"},{"taxonomy":"post_tag","embeddable":true,"href":"https:\/\/www.rassegnastampa-totustuus.it\/cattolica\/wp-json\/wp\/v2\/tags?post=56236"}],"curies":[{"name":"wp","href":"https:\/\/api.w.org\/{rel}","templated":true}]}}