{"id":56192,"date":"2023-04-20T00:00:58","date_gmt":"2023-04-19T22:00:58","guid":{"rendered":"http:\/\/www.rassegnastampa-totustuus.it\/cattolica\/?p=56192"},"modified":"2024-01-06T16:20:16","modified_gmt":"2024-01-06T15:20:16","slug":"coldiretti-censurata-perche-contro-la-carne-sintetica","status":"publish","type":"post","link":"https:\/\/www.rassegnastampa-totustuus.it\/cattolica\/coldiretti-censurata-perche-contro-la-carne-sintetica\/","title":{"rendered":"Coldiretti censurata perch\u00e9 contro la carne sintetica"},"content":{"rendered":"<p style=\"text-align: center;\"><strong><img loading=\"lazy\" decoding=\"async\" class=\" wp-image-56118 alignleft\" src=\"https:\/\/www.rassegnastampa-totustuus.it\/cattolica\/wp-content\/uploads\/2023\/04\/carne_sintetica_cibo-1.jpg\" alt=\"\" width=\"328\" height=\"218\" \/><\/strong><\/p>\n<p style=\"text-align: justify;\"><strong>Abstract: <\/strong><em>Coldiretti censurata perch\u00e8 contro la carne sintetica. Facebook oscura la\u00a0<\/em><span style=\"color: #000000;\"><em> petizione contro il cibo artificiale. Il social fa le pulci alle definizioni ma finge di non sentire l&#8217;allarme di Fao e Oms sui pericoli per la salute\u00a0 individuando\u00a0<\/em><\/span><em><span style=\"color: #000000;\"> 53\u00a0 potenziali rischi derivanti dal consumo di carne coltivata (ivi compresa l&#8217;insorgenza di tumori) <\/span><\/em><\/p>\n<p><!--more--><\/p>\n<p style=\"text-align: center;\"><strong><span style=\"color: #000000;\"><a href=\"https:\/\/www.laverita.info\/\" target=\"_blank\" rel=\"noopener\"><span style=\"color: #0000ff;\">La Verit\u00e0,<\/span><\/a> <\/span><\/strong><span style=\"color: #000000;\">venerdi 14 aprile 2023\u00a0<\/span><\/p>\n<h3 style=\"text-align: center;\"><span style=\"color: #000000;\">Coldiretti imbavagliata da Facebook <\/span><\/h3>\n<h3 style=\"text-align: center;\"><span style=\"color: #000000;\">per la sua lotta alla carne sintetica<\/span><\/h3>\n<p style=\"text-align: justify;\"><span style=\"color: #000000;\"><em>Censurata la petizione della Confederazione contro il cibo artificiale. Il social fa le pulci alle definizioni ma finge di non sentire l&#8217;allarme di Fao e Oms sui pericoli per la salute<\/em><\/span><\/p>\n<p style=\"text-align: center;\"><span style=\"color: #000000;\">di <strong>Carlo Cambi<\/strong><\/span><\/p>\n<p style=\"text-align: justify;\"><span style=\"color: #000000;\"><img loading=\"lazy\" decoding=\"async\" class=\"wp-image-56193 alignright\" src=\"https:\/\/www.rassegnastampa-totustuus.it\/cattolica\/wp-content\/uploads\/2023\/04\/Coldiretti_agricoltura_cibo.jpg\" alt=\"\" width=\"311\" height=\"233\" \/>Alla faccia della libera espressione sui social. Facebook, come nell&#8217;orwelliano Socing, dove agisce la psicopolizia di 1984, censura tutto ci\u00f2 che va contro il pensiero dominante e conveniente. Ne ha fatto esperienza amara la Coldiretti: un post che invita a distinguere tra cibo naturale e cibo sintetico e a firmare la petizione contro la carne prodotta in laboratorio \u00e8 stato cancellato. Neanche il tempo di fare invio che dal Glavlit &#8211; l&#8217;ufficio censura della polizia politica sovietica &#8211; di Mark Zuckerberg arrivato l\u2019Ukaze: \u00ab<em>Il post contiene informazioni che fact checker indipendenti hanno dichiarato essere privi di contesto<\/em>\u00bb. In nome della correttezza dell&#8217;informazione non si possono invitare i cittadini a firmare contro il cibo sintetico.<\/span><\/p>\n<p style=\"text-align: justify;\"><span style=\"color: #000000;\"><img loading=\"lazy\" decoding=\"async\" class=\"size-full wp-image-46159 alignleft\" src=\"https:\/\/www.rassegnastampa-totustuus.it\/cattolica\/wp-content\/uploads\/2020\/01\/Giorgia_Meloni.jpg\" alt=\"\" width=\"290\" height=\"174\" \/>Sia detto per inciso, la petizione della Coldiretti, presieduta da Ettore Prandini, ha gi\u00e0 raggiunto il mezzo milione di sottoscrittori, 2.000 tra sindaci e consigli comunali di ogni colore, oltre alla firma forse pi\u00f9 autorevole, quella del presidente del Consiglio, Giorgia Meloni, che ha adottato su proposta dei ministri della Sovranit\u00e0 alimentare, Francesco Lollobrigida, e della Salute, Orazio Schillaci, il decreto che vieta la vendita e la produzione delle finte bistecche in Italia.<\/span><\/p>\n<p style=\"text-align: justify;\"><span style=\"color: #000000;\">La polemica nasce attorno alla dizione \u00ab<em>carne sintetica<\/em>\u00bb e molti sedicenti scienziati per difendere il nuovo (cibo) dagli avanzi (le cellule moltiplicate in laboratorio) impongono che si chiami \u00ab<em>carne coltivata<\/em>\u00bb. Stanno quasi tutti a sinistra, dove la sbornia pro scientifica manifestatasi con i vaccini Covid non \u00e8 mai passata; dalla Fondazione Veronesi al vicepresidente della Commissione Europea, Frans Timmermans, dai nostrani guru come la televisiva Barbara Gallavotti, il ricercatore di Tor Vergata che la sta sperimentando, Cesare Gargioli, sino al chimico <em>radical chic<\/em> Dario Bressanini, tutti a imporre di non chiamarla sintetica perch\u00e9 \u00e8 carne vera. Sicuri?<\/span><\/p>\n<p style=\"text-align: justify;\"><span style=\"color: #000000;\"><img loading=\"lazy\" decoding=\"async\" class=\" wp-image-30049 alignright\" src=\"https:\/\/www.rassegnastampa-totustuus.it\/cattolica\/wp-content\/uploads\/2005\/11\/Fao_logo.png\" alt=\"\" width=\"243\" height=\"243\" srcset=\"https:\/\/www.rassegnastampa-totustuus.it\/cattolica\/wp-content\/uploads\/2005\/11\/Fao_logo.png 225w, https:\/\/www.rassegnastampa-totustuus.it\/cattolica\/wp-content\/uploads\/2005\/11\/Fao_logo-150x150.png 150w\" sizes=\"auto, (max-width: 243px) 100vw, 243px\" \/>Appena un giorno fa la Fao, in accordo con l&#8217;Oms &#8211; \u00e8 clamorosa novit\u00e0 e la dice lunga sulla pericolosit\u00e0 percepita di questo nuovo alimento, visto che il primo sostenitore e produttore della carne Frankenstein \u00e8 Bill Gates, che \u00e8 anche il primo finanziatore privato dell&#8217;Organizzazione mondiale della sanit\u00e0 ha emesso un documento di 138 pagine cos\u00ec intitolato: \u201c<em>Food safety aspects of cell-based food<\/em>\u201d(Gli aspetti di sicurezza dei cibi a base cellulare).<\/span><\/p>\n<p style=\"text-align: justify;\"><span style=\"color: #000000;\">Vi si individuano 53 (cinquantatre) potenziali rischi derivanti dal consumo di carne coltivata (ivi compresa l&#8217;insorgenza di tumori) come la trasmissione di batteri, la contaminazione microbica, le interferenze con il metabolismo umano. Eppure l&#8217;Efsa -l&#8217;Ente che autorizza i cibi in Europa &#8211; su pressione di Ursula von der Leyen, vuole accelerare il via libera alla carne sintetica, ma Fao e Oms scrivono: \u00ab<em>Attualmente esiste una quantit\u00e0 limitata di informazioni e di dati sugli aspetti della sicurezza alimentare degli alimenti a base di cellule per aiutare i regolatori a prendere decisioni informate<\/em>\u00bb.<\/span><\/p>\n<p style=\"text-align: justify;\"><span style=\"color: #000000;\"><img loading=\"lazy\" decoding=\"async\" class=\"size-full wp-image-48134 alignleft\" src=\"https:\/\/www.rassegnastampa-totustuus.it\/cattolica\/wp-content\/uploads\/2020\/08\/maiali_animali_agricoltura.jpg\" alt=\"\" width=\"225\" height=\"225\" srcset=\"https:\/\/www.rassegnastampa-totustuus.it\/cattolica\/wp-content\/uploads\/2020\/08\/maiali_animali_agricoltura.jpg 225w, https:\/\/www.rassegnastampa-totustuus.it\/cattolica\/wp-content\/uploads\/2020\/08\/maiali_animali_agricoltura-150x150.jpg 150w\" sizes=\"auto, (max-width: 225px) 100vw, 225px\" \/>A proposito della censura di Facebook, si afferma: \u00ab<em>Bisogna definire questi prodotti alimenti a base di cellule, perch\u00e9 il termine coltivati \u00e8 fuorviante; anche se largamente usato dalle industrie, ha significati ben diversi e si esortano gli enti normativi nazionali a stabilire un linguaggio chiaro e coerente per evitare errori di comunicazione che sono fondamentali per l&#8217;etichettatura<\/em>\u00bb. La faccenda per\u00f2 non \u00e8 da Accademia della Crusca, la questione \u00e8 che nel <em>business<\/em> della carne Frankenstein ci si sono buttati sia Big pharma, sia i signori della comunica\u00adzione.<\/span><\/p>\n<p style=\"text-align: justify;\"><span style=\"color: #000000;\"><img loading=\"lazy\" decoding=\"async\" class=\"size-full wp-image-44860 alignright\" src=\"https:\/\/www.rassegnastampa-totustuus.it\/cattolica\/wp-content\/uploads\/2019\/10\/mandria_mucche.jpg\" alt=\"\" width=\"259\" height=\"194\" \/>Nella falsa bistecca hanno investito tra gli altri Pe\u00adter Thiel (cofondatore di Paypal), Marc Andreessen (fon\u00addatore di Netscape), Jerry Yang (cofondatore di Yahoo!) Vinod Khosla (Sun Microsystems). La torta stimata \u00e8 di 450 miliardi di dollari, da qui a cinque anni, ed \u00e8 evidente che bisogna convincere in tutti i modi i consumatori a comprare i cibi Frankenstein, censurando le opinioni contrarie. Anche perch\u00e9 non contenti di prelevare cellule dai feti delle vacche, nutrirle con ogni sorta di composto chimico, farle accrescere con reazioni chimico-fisiche, magari usandole anche per la vaccinazione di massa attraverso l&#8217;alimentazione, adesso i signori del cosiddetto nuovo cibo si sono in\u00adventati di mescolare cellule animali e cellule vegetali.<\/span><\/p>\n<p style=\"text-align: justify;\"><span style=\"color: #000000;\"><img loading=\"lazy\" decoding=\"async\" class=\" wp-image-56116 alignleft\" src=\"https:\/\/www.rassegnastampa-totustuus.it\/cattolica\/wp-content\/uploads\/2023\/04\/carne_sintetica_cibo.jpg\" alt=\"\" width=\"317\" height=\"211\" \/>Lo scopo \u00e8 duplice: abbassare il prezzo della carne finta spacciando per proteine ani\u00admali sostanze vegetali e usare solo le parti adipose della carne replicate in laboratorio per conferire sapore a questi ammassi di cellule combinate. Upside Foods, in California, sta sperimentando alcuni prodotti a base di pollo \u00ab<em>miscelato<\/em>\u00bb con cellule vegetali. Joshua Marsh, il capo di SciFi foods, ha prodotto polpette di manzo che hanno solo 11 5% di cellule animali.<\/span><\/p>\n<p style=\"text-align: justify;\"><span style=\"color: #000000;\"><img loading=\"lazy\" decoding=\"async\" class=\"size-full wp-image-47236 alignright\" src=\"https:\/\/www.rassegnastampa-totustuus.it\/cattolica\/wp-content\/uploads\/2020\/05\/Bill_Gates.jpg\" alt=\"\" width=\"225\" height=\"225\" srcset=\"https:\/\/www.rassegnastampa-totustuus.it\/cattolica\/wp-content\/uploads\/2020\/05\/Bill_Gates.jpg 225w, https:\/\/www.rassegnastampa-totustuus.it\/cattolica\/wp-content\/uploads\/2020\/05\/Bill_Gates-150x150.jpg 150w\" sizes=\"auto, (max-width: 225px) 100vw, 225px\" \/>A Oxford, in Gran Bretagna, la Ivy Farm Technologies ha pronto un miscuglio ibrido tra maiale, proteine del pisello, cipolla e aromi sintetici. Ormai nel mondo ci sono pi\u00f9 di 100 aziende finanziate da potentati economici come quello di Bill Gates, di BlackRock, del colosso mondiale della carne, la brasiliana Jbs e, in Europa, neanche a farlo apposta gli olandesi sono i primi incoraggiati da Frans Timmermans, che sul settore ha dirottato oltre 60 milioni della Commissione europea.<\/span><\/p>\n<p style=\"text-align: justify;\"><span style=\"color: #000000;\">Tra i finanziamenti europei, pagati da tutti i cittadini, ci sono anche 10,5 milioni di euro per il programma Giant Leaps, che deve indurre entro il 2030 i consumatori \u00aba sostituire il consumo di proteine animali tradizionali in modo che il 50% dell&#8217;apporto alimentare di proteine derivi da fonti proteiche alternative\u00bb. Se poi Facebook censura i post non c&#8217;\u00e8 da stupirsi.<\/span><\/p>\n<p>___________________________________________<\/p>\n<p><strong>Sullo stesso argomento:\u00a0<\/strong><\/p>\n<p><a href=\"https:\/\/www.rassegnastampa-totustuus.it\/cattolica\/ecco-la-filiera-di-chi-impone-la-carne-sintetica\/\" target=\"_blank\" rel=\"noopener\"><span style=\"color: #0000ff;\">Ecco la filiera di chi impone la carne sintetica<\/span><\/a><\/p>\n<p><a href=\"https:\/\/www.rassegnastampa-totustuus.it\/cattolica\/figli-di-una-pasta-minore\/\" target=\"_blank\" rel=\"noopener\"><span style=\"color: #0000ff;\">Figli di una pasta minore<\/span><\/a><\/p>\n","protected":false},"excerpt":{"rendered":"<p>Abstract: Coldiretti censurata perch\u00e8 contro la carne sintetica. Facebook oscura la\u00a0 petizione contro il cibo artificiale. Il social fa le pulci alle definizioni ma finge di non sentire l&#8217;allarme di Fao e Oms sui pericoli per la salute\u00a0 individuando\u00a0 53\u00a0 potenziali rischi derivanti dal consumo di carne coltivata (ivi compresa l&#8217;insorgenza di tumori)<\/p><p><a class=\"more-link btn\" href=\"https:\/\/www.rassegnastampa-totustuus.it\/cattolica\/coldiretti-censurata-perche-contro-la-carne-sintetica\/\">Continua a leggere<\/a><\/p>\n","protected":false},"author":6,"featured_media":56118,"comment_status":"closed","ping_status":"closed","sticky":false,"template":"","format":"standard","meta":{"footnotes":""},"categories":[3],"tags":[1538,2387,2147,274],"class_list":["post-56192","post","type-post","status-publish","format-standard","has-post-thumbnail","hentry","category-ambientalismo","tag-alimentazione","tag-ambientalismo","tag-cibo","tag-ogm","item-wrap"],"yoast_head":"<!-- This site is optimized with the Yoast SEO plugin v27.5 - https:\/\/yoast.com\/product\/yoast-seo-wordpress\/ -->\n<title>Coldiretti censurata perch\u00e9 contro la carne sintetica - Rassegna Stampa Cattolica<\/title>\n<meta name=\"description\" content=\"Coldiretti censurata perch\u00e8 contro la carne sintetica\" \/>\n<meta name=\"robots\" content=\"index, follow, max-snippet:-1, max-image-preview:large, max-video-preview:-1\" \/>\n<link rel=\"canonical\" href=\"https:\/\/www.rassegnastampa-totustuus.it\/cattolica\/coldiretti-censurata-perche-contro-la-carne-sintetica\/\" \/>\n<meta property=\"og:locale\" content=\"it_IT\" \/>\n<meta property=\"og:type\" content=\"article\" \/>\n<meta property=\"og:title\" content=\"Coldiretti censurata perch\u00e9 contro la carne sintetica - Rassegna Stampa Cattolica\" \/>\n<meta property=\"og:description\" content=\"Coldiretti censurata perch\u00e8 contro la carne sintetica\" \/>\n<meta property=\"og:url\" content=\"https:\/\/www.rassegnastampa-totustuus.it\/cattolica\/coldiretti-censurata-perche-contro-la-carne-sintetica\/\" \/>\n<meta property=\"og:site_name\" content=\"Rassegna Stampa Cattolica\" \/>\n<meta property=\"article:publisher\" content=\"https:\/\/www.facebook.com\/rassegnastampacattolica\" \/>\n<meta property=\"article:published_time\" content=\"2023-04-19T22:00:58+00:00\" \/>\n<meta property=\"article:modified_time\" content=\"2024-01-06T15:20:16+00:00\" \/>\n<meta property=\"og:image\" content=\"https:\/\/www.rassegnastampa-totustuus.it\/cattolica\/wp-content\/uploads\/2023\/04\/carne_sintetica_cibo-1.jpg\" \/>\n\t<meta property=\"og:image:width\" content=\"275\" \/>\n\t<meta property=\"og:image:height\" content=\"183\" \/>\n\t<meta property=\"og:image:type\" content=\"image\/jpeg\" \/>\n<meta name=\"author\" content=\"Redazione\" \/>\n<meta name=\"twitter:card\" content=\"summary_large_image\" \/>\n<meta name=\"twitter:creator\" content=\"@rassegnastampa9\" \/>\n<meta name=\"twitter:site\" content=\"@rassegnastampa9\" \/>\n<meta name=\"twitter:label1\" content=\"Scritto da\" \/>\n\t<meta name=\"twitter:data1\" content=\"Redazione\" \/>\n\t<meta name=\"twitter:label2\" content=\"Tempo di lettura stimato\" \/>\n\t<meta name=\"twitter:data2\" content=\"7 minuti\" \/>\n<script type=\"application\/ld+json\" class=\"yoast-schema-graph\">{\"@context\":\"https:\\\/\\\/schema.org\",\"@graph\":[{\"@type\":\"Article\",\"@id\":\"https:\\\/\\\/www.rassegnastampa-totustuus.it\\\/cattolica\\\/coldiretti-censurata-perche-contro-la-carne-sintetica\\\/#article\",\"isPartOf\":{\"@id\":\"https:\\\/\\\/www.rassegnastampa-totustuus.it\\\/cattolica\\\/coldiretti-censurata-perche-contro-la-carne-sintetica\\\/\"},\"author\":{\"name\":\"Redazione\",\"@id\":\"https:\\\/\\\/www.rassegnastampa-totustuus.it\\\/cattolica\\\/#\\\/schema\\\/person\\\/08f319d2bd1a0904ad9e2bfb7b15e5c3\"},\"headline\":\"Coldiretti censurata perch\u00e9 contro la carne sintetica\",\"datePublished\":\"2023-04-19T22:00:58+00:00\",\"dateModified\":\"2024-01-06T15:20:16+00:00\",\"mainEntityOfPage\":{\"@id\":\"https:\\\/\\\/www.rassegnastampa-totustuus.it\\\/cattolica\\\/coldiretti-censurata-perche-contro-la-carne-sintetica\\\/\"},\"wordCount\":979,\"publisher\":{\"@id\":\"https:\\\/\\\/www.rassegnastampa-totustuus.it\\\/cattolica\\\/#organization\"},\"image\":{\"@id\":\"https:\\\/\\\/www.rassegnastampa-totustuus.it\\\/cattolica\\\/coldiretti-censurata-perche-contro-la-carne-sintetica\\\/#primaryimage\"},\"thumbnailUrl\":\"https:\\\/\\\/www.rassegnastampa-totustuus.it\\\/cattolica\\\/wp-content\\\/uploads\\\/2023\\\/04\\\/carne_sintetica_cibo-1.jpg\",\"keywords\":[\"alimentazione\",\"Ambientalismo\",\"cibo\",\"ogm\"],\"articleSection\":[\"Ambientalismo\"],\"inLanguage\":\"it-IT\"},{\"@type\":\"WebPage\",\"@id\":\"https:\\\/\\\/www.rassegnastampa-totustuus.it\\\/cattolica\\\/coldiretti-censurata-perche-contro-la-carne-sintetica\\\/\",\"url\":\"https:\\\/\\\/www.rassegnastampa-totustuus.it\\\/cattolica\\\/coldiretti-censurata-perche-contro-la-carne-sintetica\\\/\",\"name\":\"Coldiretti censurata perch\u00e9 contro la carne sintetica - Rassegna Stampa Cattolica\",\"isPartOf\":{\"@id\":\"https:\\\/\\\/www.rassegnastampa-totustuus.it\\\/cattolica\\\/#website\"},\"primaryImageOfPage\":{\"@id\":\"https:\\\/\\\/www.rassegnastampa-totustuus.it\\\/cattolica\\\/coldiretti-censurata-perche-contro-la-carne-sintetica\\\/#primaryimage\"},\"image\":{\"@id\":\"https:\\\/\\\/www.rassegnastampa-totustuus.it\\\/cattolica\\\/coldiretti-censurata-perche-contro-la-carne-sintetica\\\/#primaryimage\"},\"thumbnailUrl\":\"https:\\\/\\\/www.rassegnastampa-totustuus.it\\\/cattolica\\\/wp-content\\\/uploads\\\/2023\\\/04\\\/carne_sintetica_cibo-1.jpg\",\"datePublished\":\"2023-04-19T22:00:58+00:00\",\"dateModified\":\"2024-01-06T15:20:16+00:00\",\"description\":\"Coldiretti censurata perch\u00e8 contro la carne sintetica\",\"breadcrumb\":{\"@id\":\"https:\\\/\\\/www.rassegnastampa-totustuus.it\\\/cattolica\\\/coldiretti-censurata-perche-contro-la-carne-sintetica\\\/#breadcrumb\"},\"inLanguage\":\"it-IT\",\"potentialAction\":[{\"@type\":\"ReadAction\",\"target\":[\"https:\\\/\\\/www.rassegnastampa-totustuus.it\\\/cattolica\\\/coldiretti-censurata-perche-contro-la-carne-sintetica\\\/\"]}]},{\"@type\":\"ImageObject\",\"inLanguage\":\"it-IT\",\"@id\":\"https:\\\/\\\/www.rassegnastampa-totustuus.it\\\/cattolica\\\/coldiretti-censurata-perche-contro-la-carne-sintetica\\\/#primaryimage\",\"url\":\"https:\\\/\\\/www.rassegnastampa-totustuus.it\\\/cattolica\\\/wp-content\\\/uploads\\\/2023\\\/04\\\/carne_sintetica_cibo-1.jpg\",\"contentUrl\":\"https:\\\/\\\/www.rassegnastampa-totustuus.it\\\/cattolica\\\/wp-content\\\/uploads\\\/2023\\\/04\\\/carne_sintetica_cibo-1.jpg\",\"width\":275,\"height\":183},{\"@type\":\"BreadcrumbList\",\"@id\":\"https:\\\/\\\/www.rassegnastampa-totustuus.it\\\/cattolica\\\/coldiretti-censurata-perche-contro-la-carne-sintetica\\\/#breadcrumb\",\"itemListElement\":[{\"@type\":\"ListItem\",\"position\":1,\"name\":\"Home\",\"item\":\"https:\\\/\\\/www.rassegnastampa-totustuus.it\\\/cattolica\\\/\"},{\"@type\":\"ListItem\",\"position\":2,\"name\":\"Coldiretti censurata perch\u00e9 contro la carne sintetica\"}]},{\"@type\":\"WebSite\",\"@id\":\"https:\\\/\\\/www.rassegnastampa-totustuus.it\\\/cattolica\\\/#website\",\"url\":\"https:\\\/\\\/www.rassegnastampa-totustuus.it\\\/cattolica\\\/\",\"name\":\"Rassegna Stampa Cattolica\",\"description\":\"Per una cultura che nasce dalla Rivelazione cristiana in conformit\u00e0 alla tradizione e al Magistero della Chiesa in opposizione ad ogni relativismo e totalitarismo\",\"publisher\":{\"@id\":\"https:\\\/\\\/www.rassegnastampa-totustuus.it\\\/cattolica\\\/#organization\"},\"alternateName\":\"Rass. Cattolica\",\"potentialAction\":[{\"@type\":\"SearchAction\",\"target\":{\"@type\":\"EntryPoint\",\"urlTemplate\":\"https:\\\/\\\/www.rassegnastampa-totustuus.it\\\/cattolica\\\/?s={search_term_string}\"},\"query-input\":{\"@type\":\"PropertyValueSpecification\",\"valueRequired\":true,\"valueName\":\"search_term_string\"}}],\"inLanguage\":\"it-IT\"},{\"@type\":\"Organization\",\"@id\":\"https:\\\/\\\/www.rassegnastampa-totustuus.it\\\/cattolica\\\/#organization\",\"name\":\"Rassegna Stampa Cattolica\",\"url\":\"https:\\\/\\\/www.rassegnastampa-totustuus.it\\\/cattolica\\\/\",\"logo\":{\"@type\":\"ImageObject\",\"inLanguage\":\"it-IT\",\"@id\":\"https:\\\/\\\/www.rassegnastampa-totustuus.it\\\/cattolica\\\/#\\\/schema\\\/logo\\\/image\\\/\",\"url\":\"https:\\\/\\\/www.rassegnastampa-totustuus.it\\\/cattolica\\\/wp-content\\\/uploads\\\/2014\\\/04\\\/logo-rassegna1.gif\",\"contentUrl\":\"https:\\\/\\\/www.rassegnastampa-totustuus.it\\\/cattolica\\\/wp-content\\\/uploads\\\/2014\\\/04\\\/logo-rassegna1.gif\",\"width\":600,\"height\":163,\"caption\":\"Rassegna Stampa Cattolica\"},\"image\":{\"@id\":\"https:\\\/\\\/www.rassegnastampa-totustuus.it\\\/cattolica\\\/#\\\/schema\\\/logo\\\/image\\\/\"},\"sameAs\":[\"https:\\\/\\\/www.facebook.com\\\/rassegnastampacattolica\",\"https:\\\/\\\/x.com\\\/rassegnastampa9\"]},{\"@type\":\"Person\",\"@id\":\"https:\\\/\\\/www.rassegnastampa-totustuus.it\\\/cattolica\\\/#\\\/schema\\\/person\\\/08f319d2bd1a0904ad9e2bfb7b15e5c3\",\"name\":\"Redazione\",\"image\":{\"@type\":\"ImageObject\",\"inLanguage\":\"it-IT\",\"@id\":\"https:\\\/\\\/secure.gravatar.com\\\/avatar\\\/2fcdf27c78ea025fbdb44e914cc63c72249ffec9dc8aafd5c82b26240ef3f346?s=96&d=mm&r=g\",\"url\":\"https:\\\/\\\/secure.gravatar.com\\\/avatar\\\/2fcdf27c78ea025fbdb44e914cc63c72249ffec9dc8aafd5c82b26240ef3f346?s=96&d=mm&r=g\",\"contentUrl\":\"https:\\\/\\\/secure.gravatar.com\\\/avatar\\\/2fcdf27c78ea025fbdb44e914cc63c72249ffec9dc8aafd5c82b26240ef3f346?s=96&d=mm&r=g\",\"caption\":\"Redazione\"},\"url\":\"https:\\\/\\\/www.rassegnastampa-totustuus.it\\\/cattolica\\\/author\\\/pietroelle\\\/\"}]}<\/script>\n<!-- \/ Yoast SEO plugin. -->","yoast_head_json":{"title":"Coldiretti censurata perch\u00e9 contro la carne sintetica - Rassegna Stampa Cattolica","description":"Coldiretti censurata perch\u00e8 contro la carne sintetica","robots":{"index":"index","follow":"follow","max-snippet":"max-snippet:-1","max-image-preview":"max-image-preview:large","max-video-preview":"max-video-preview:-1"},"canonical":"https:\/\/www.rassegnastampa-totustuus.it\/cattolica\/coldiretti-censurata-perche-contro-la-carne-sintetica\/","og_locale":"it_IT","og_type":"article","og_title":"Coldiretti censurata perch\u00e9 contro la carne sintetica - Rassegna Stampa Cattolica","og_description":"Coldiretti censurata perch\u00e8 contro la carne sintetica","og_url":"https:\/\/www.rassegnastampa-totustuus.it\/cattolica\/coldiretti-censurata-perche-contro-la-carne-sintetica\/","og_site_name":"Rassegna Stampa Cattolica","article_publisher":"https:\/\/www.facebook.com\/rassegnastampacattolica","article_published_time":"2023-04-19T22:00:58+00:00","article_modified_time":"2024-01-06T15:20:16+00:00","og_image":[{"width":275,"height":183,"url":"https:\/\/www.rassegnastampa-totustuus.it\/cattolica\/wp-content\/uploads\/2023\/04\/carne_sintetica_cibo-1.jpg","type":"image\/jpeg"}],"author":"Redazione","twitter_card":"summary_large_image","twitter_creator":"@rassegnastampa9","twitter_site":"@rassegnastampa9","twitter_misc":{"Scritto da":"Redazione","Tempo di lettura stimato":"7 minuti"},"schema":{"@context":"https:\/\/schema.org","@graph":[{"@type":"Article","@id":"https:\/\/www.rassegnastampa-totustuus.it\/cattolica\/coldiretti-censurata-perche-contro-la-carne-sintetica\/#article","isPartOf":{"@id":"https:\/\/www.rassegnastampa-totustuus.it\/cattolica\/coldiretti-censurata-perche-contro-la-carne-sintetica\/"},"author":{"name":"Redazione","@id":"https:\/\/www.rassegnastampa-totustuus.it\/cattolica\/#\/schema\/person\/08f319d2bd1a0904ad9e2bfb7b15e5c3"},"headline":"Coldiretti censurata perch\u00e9 contro la carne sintetica","datePublished":"2023-04-19T22:00:58+00:00","dateModified":"2024-01-06T15:20:16+00:00","mainEntityOfPage":{"@id":"https:\/\/www.rassegnastampa-totustuus.it\/cattolica\/coldiretti-censurata-perche-contro-la-carne-sintetica\/"},"wordCount":979,"publisher":{"@id":"https:\/\/www.rassegnastampa-totustuus.it\/cattolica\/#organization"},"image":{"@id":"https:\/\/www.rassegnastampa-totustuus.it\/cattolica\/coldiretti-censurata-perche-contro-la-carne-sintetica\/#primaryimage"},"thumbnailUrl":"https:\/\/www.rassegnastampa-totustuus.it\/cattolica\/wp-content\/uploads\/2023\/04\/carne_sintetica_cibo-1.jpg","keywords":["alimentazione","Ambientalismo","cibo","ogm"],"articleSection":["Ambientalismo"],"inLanguage":"it-IT"},{"@type":"WebPage","@id":"https:\/\/www.rassegnastampa-totustuus.it\/cattolica\/coldiretti-censurata-perche-contro-la-carne-sintetica\/","url":"https:\/\/www.rassegnastampa-totustuus.it\/cattolica\/coldiretti-censurata-perche-contro-la-carne-sintetica\/","name":"Coldiretti censurata perch\u00e9 contro la carne sintetica - Rassegna Stampa Cattolica","isPartOf":{"@id":"https:\/\/www.rassegnastampa-totustuus.it\/cattolica\/#website"},"primaryImageOfPage":{"@id":"https:\/\/www.rassegnastampa-totustuus.it\/cattolica\/coldiretti-censurata-perche-contro-la-carne-sintetica\/#primaryimage"},"image":{"@id":"https:\/\/www.rassegnastampa-totustuus.it\/cattolica\/coldiretti-censurata-perche-contro-la-carne-sintetica\/#primaryimage"},"thumbnailUrl":"https:\/\/www.rassegnastampa-totustuus.it\/cattolica\/wp-content\/uploads\/2023\/04\/carne_sintetica_cibo-1.jpg","datePublished":"2023-04-19T22:00:58+00:00","dateModified":"2024-01-06T15:20:16+00:00","description":"Coldiretti censurata perch\u00e8 contro la carne sintetica","breadcrumb":{"@id":"https:\/\/www.rassegnastampa-totustuus.it\/cattolica\/coldiretti-censurata-perche-contro-la-carne-sintetica\/#breadcrumb"},"inLanguage":"it-IT","potentialAction":[{"@type":"ReadAction","target":["https:\/\/www.rassegnastampa-totustuus.it\/cattolica\/coldiretti-censurata-perche-contro-la-carne-sintetica\/"]}]},{"@type":"ImageObject","inLanguage":"it-IT","@id":"https:\/\/www.rassegnastampa-totustuus.it\/cattolica\/coldiretti-censurata-perche-contro-la-carne-sintetica\/#primaryimage","url":"https:\/\/www.rassegnastampa-totustuus.it\/cattolica\/wp-content\/uploads\/2023\/04\/carne_sintetica_cibo-1.jpg","contentUrl":"https:\/\/www.rassegnastampa-totustuus.it\/cattolica\/wp-content\/uploads\/2023\/04\/carne_sintetica_cibo-1.jpg","width":275,"height":183},{"@type":"BreadcrumbList","@id":"https:\/\/www.rassegnastampa-totustuus.it\/cattolica\/coldiretti-censurata-perche-contro-la-carne-sintetica\/#breadcrumb","itemListElement":[{"@type":"ListItem","position":1,"name":"Home","item":"https:\/\/www.rassegnastampa-totustuus.it\/cattolica\/"},{"@type":"ListItem","position":2,"name":"Coldiretti censurata perch\u00e9 contro la carne sintetica"}]},{"@type":"WebSite","@id":"https:\/\/www.rassegnastampa-totustuus.it\/cattolica\/#website","url":"https:\/\/www.rassegnastampa-totustuus.it\/cattolica\/","name":"Rassegna Stampa Cattolica","description":"Per una cultura che nasce dalla Rivelazione cristiana in conformit\u00e0 alla tradizione e al Magistero della Chiesa in opposizione ad ogni relativismo e totalitarismo","publisher":{"@id":"https:\/\/www.rassegnastampa-totustuus.it\/cattolica\/#organization"},"alternateName":"Rass. Cattolica","potentialAction":[{"@type":"SearchAction","target":{"@type":"EntryPoint","urlTemplate":"https:\/\/www.rassegnastampa-totustuus.it\/cattolica\/?s={search_term_string}"},"query-input":{"@type":"PropertyValueSpecification","valueRequired":true,"valueName":"search_term_string"}}],"inLanguage":"it-IT"},{"@type":"Organization","@id":"https:\/\/www.rassegnastampa-totustuus.it\/cattolica\/#organization","name":"Rassegna Stampa Cattolica","url":"https:\/\/www.rassegnastampa-totustuus.it\/cattolica\/","logo":{"@type":"ImageObject","inLanguage":"it-IT","@id":"https:\/\/www.rassegnastampa-totustuus.it\/cattolica\/#\/schema\/logo\/image\/","url":"https:\/\/www.rassegnastampa-totustuus.it\/cattolica\/wp-content\/uploads\/2014\/04\/logo-rassegna1.gif","contentUrl":"https:\/\/www.rassegnastampa-totustuus.it\/cattolica\/wp-content\/uploads\/2014\/04\/logo-rassegna1.gif","width":600,"height":163,"caption":"Rassegna Stampa Cattolica"},"image":{"@id":"https:\/\/www.rassegnastampa-totustuus.it\/cattolica\/#\/schema\/logo\/image\/"},"sameAs":["https:\/\/www.facebook.com\/rassegnastampacattolica","https:\/\/x.com\/rassegnastampa9"]},{"@type":"Person","@id":"https:\/\/www.rassegnastampa-totustuus.it\/cattolica\/#\/schema\/person\/08f319d2bd1a0904ad9e2bfb7b15e5c3","name":"Redazione","image":{"@type":"ImageObject","inLanguage":"it-IT","@id":"https:\/\/secure.gravatar.com\/avatar\/2fcdf27c78ea025fbdb44e914cc63c72249ffec9dc8aafd5c82b26240ef3f346?s=96&d=mm&r=g","url":"https:\/\/secure.gravatar.com\/avatar\/2fcdf27c78ea025fbdb44e914cc63c72249ffec9dc8aafd5c82b26240ef3f346?s=96&d=mm&r=g","contentUrl":"https:\/\/secure.gravatar.com\/avatar\/2fcdf27c78ea025fbdb44e914cc63c72249ffec9dc8aafd5c82b26240ef3f346?s=96&d=mm&r=g","caption":"Redazione"},"url":"https:\/\/www.rassegnastampa-totustuus.it\/cattolica\/author\/pietroelle\/"}]}},"_links":{"self":[{"href":"https:\/\/www.rassegnastampa-totustuus.it\/cattolica\/wp-json\/wp\/v2\/posts\/56192","targetHints":{"allow":["GET"]}}],"collection":[{"href":"https:\/\/www.rassegnastampa-totustuus.it\/cattolica\/wp-json\/wp\/v2\/posts"}],"about":[{"href":"https:\/\/www.rassegnastampa-totustuus.it\/cattolica\/wp-json\/wp\/v2\/types\/post"}],"author":[{"embeddable":true,"href":"https:\/\/www.rassegnastampa-totustuus.it\/cattolica\/wp-json\/wp\/v2\/users\/6"}],"replies":[{"embeddable":true,"href":"https:\/\/www.rassegnastampa-totustuus.it\/cattolica\/wp-json\/wp\/v2\/comments?post=56192"}],"version-history":[{"count":4,"href":"https:\/\/www.rassegnastampa-totustuus.it\/cattolica\/wp-json\/wp\/v2\/posts\/56192\/revisions"}],"predecessor-version":[{"id":58920,"href":"https:\/\/www.rassegnastampa-totustuus.it\/cattolica\/wp-json\/wp\/v2\/posts\/56192\/revisions\/58920"}],"wp:featuredmedia":[{"embeddable":true,"href":"https:\/\/www.rassegnastampa-totustuus.it\/cattolica\/wp-json\/wp\/v2\/media\/56118"}],"wp:attachment":[{"href":"https:\/\/www.rassegnastampa-totustuus.it\/cattolica\/wp-json\/wp\/v2\/media?parent=56192"}],"wp:term":[{"taxonomy":"category","embeddable":true,"href":"https:\/\/www.rassegnastampa-totustuus.it\/cattolica\/wp-json\/wp\/v2\/categories?post=56192"},{"taxonomy":"post_tag","embeddable":true,"href":"https:\/\/www.rassegnastampa-totustuus.it\/cattolica\/wp-json\/wp\/v2\/tags?post=56192"}],"curies":[{"name":"wp","href":"https:\/\/api.w.org\/{rel}","templated":true}]}}