{"id":56169,"date":"2023-04-13T00:00:54","date_gmt":"2023-04-12T22:00:54","guid":{"rendered":"http:\/\/www.rassegnastampa-totustuus.it\/cattolica\/?p=56169"},"modified":"2024-01-06T20:39:04","modified_gmt":"2024-01-06T19:39:04","slug":"invasione-dallafrica-sara-inarrestabile","status":"publish","type":"post","link":"https:\/\/www.rassegnastampa-totustuus.it\/cattolica\/invasione-dallafrica-sara-inarrestabile\/","title":{"rendered":"Invasione dall&#8217;Africa sar\u00e0 inarrestabile"},"content":{"rendered":"<p style=\"text-align: center;\"><strong><img loading=\"lazy\" decoding=\"async\" class=\" wp-image-44237 alignleft\" src=\"https:\/\/www.rassegnastampa-totustuus.it\/cattolica\/wp-content\/uploads\/2019\/09\/immigrazione-300x200.jpg\" alt=\"\" width=\"321\" height=\"214\" srcset=\"https:\/\/www.rassegnastampa-totustuus.it\/cattolica\/wp-content\/uploads\/2019\/09\/immigrazione-300x200.jpg 300w, https:\/\/www.rassegnastampa-totustuus.it\/cattolica\/wp-content\/uploads\/2019\/09\/immigrazione-768x512.jpg 768w, https:\/\/www.rassegnastampa-totustuus.it\/cattolica\/wp-content\/uploads\/2019\/09\/immigrazione-1024x683.jpg 1024w, https:\/\/www.rassegnastampa-totustuus.it\/cattolica\/wp-content\/uploads\/2019\/09\/immigrazione.jpg 1920w\" sizes=\"auto, (max-width: 321px) 100vw, 321px\" \/><\/strong><\/p>\n<p style=\"text-align: justify;\"><span style=\"color: #000000;\"><strong>Abstract: <\/strong><em>invasione dall&#8217;Africa sar\u00e0 inarrestabile. <\/em><em>L\u2019Africa subsahariana raddoppier\u00e0 la popolazione in trent\u2019anni, passando da 1,152 miliardi del 2022 a 2,094 del 2050. Le popolazioni del Nord Africa e dell\u2019Asia occidentale passeranno da 549 milioni a 771. I trend demografici parlano chiaro: europei sempre pi\u00f9 vecchi e pochi, africani tanti e giovani. <\/em><\/span><!--more--><\/p>\n<p style=\"text-align: center;\"><span style=\"color: #0000ff;\"><strong><a style=\"color: #0000ff;\" href=\"https:\/\/www.nicolaporro.it\/atlanticoquotidiano\/\" target=\"_blank\" rel=\"noopener\">Atlantico<\/a> <\/strong><\/span>6 Aprile 2023<\/p>\n<h3 style=\"text-align: center;\"><span style=\"color: #000000;\">Migranti dall\u2019Africa, l\u2019invasione \u00e8 solo all\u2019inizio:<\/span><\/h3>\n<h3 style=\"text-align: center;\"><span style=\"color: #000000;\"> ecco i numeri<\/span><\/h3>\n<p style=\"text-align: justify;\"><em>I trend demografici parlano chiaro: europei sempre pi\u00f9 vecchi e pochi, africani tanti e giovani. L\u2019accoglienza la risposta pi\u00f9 immediata, ma a che prezzo?<\/em><\/p>\n<p style=\"text-align: center;\"><strong>Umberto Camillo Iacoviello<\/strong><\/p>\n<p style=\"text-align: justify;\">Secondo una proiezione demografica delle Nazioni Unite, \u201c<em>World Population Prospect 2022<\/em>\u201d, la popolazione occidentale \u2013 Europa, Russia e Nord America \u2013 nei prossimi trent\u2019anni risulter\u00e0 stabile, passando da 1,120 miliardi del 2022 a <strong>1,125 miliardi del 2050<\/strong>.<\/p>\n<h4 style=\"text-align: center;\"><strong>La crescita della popolazione mondiale<\/strong><\/h4>\n<p style=\"text-align: justify;\"><img loading=\"lazy\" decoding=\"async\" class=\"wp-image-20822 alignright\" src=\"https:\/\/www.rassegnastampa-totustuus.it\/cattolica\/wp-content\/uploads\/2010\/04\/immigrazione.jpg\" alt=\"\" width=\"325\" height=\"216\" \/>Sono conteggiati anche <strong>gli immigrati extraeuropei<\/strong> che in alcune nazioni costituiscono una parte consistente della popolazione (14 per cento nei Paesi Bassi, 15 per cento nel Regno Unito, circa il 10 per cento in Francia, Germania, Svezia). Gli immigrati extraeuropei rappresentano la popolazione pi\u00f9 giovane, fanno pi\u00f9 figli, quindi nel medio-lungo periodo queste percentuali sono destinate ad aumentare.<\/p>\n<p style=\"text-align: justify;\">L\u2019Africa subsahariana <strong>raddoppier\u00e0 la popolazione in trent\u2019anni<\/strong>, passando da 1,152 miliardi del 2022 a 2,094 del 2050. Le popolazioni del Nord Africa e dell\u2019Asia occidentale passeranno da 549 milioni a 771.<\/p>\n<p style=\"text-align: justify;\">Quelle dell\u2019Asia centrale e meridionale in trent\u2019anni passeranno da 2,075 miliardi a 2,575. Quelle dell\u2019Asia orientale e sud orientale da 2,342 miliardi a 2,317, mentre le popolazioni dell\u2019America latina e Caraibi cresceranno di poco: da 658 milioni a 749.<\/p>\n<p style=\"text-align: justify;\">Complessivamente, la popolazione mondiale aumenter\u00e0 di 1,74 miliardi: <strong>da 7,942 miliardi a 9,687<\/strong>.<\/p>\n<p><img loading=\"lazy\" decoding=\"async\" class=\" wp-image-56170 aligncenter\" src=\"https:\/\/www.rassegnastampa-totustuus.it\/cattolica\/wp-content\/uploads\/2023\/04\/Immagine1_demografia-300x167.jpg\" alt=\"\" width=\"359\" height=\"200\" srcset=\"https:\/\/www.rassegnastampa-totustuus.it\/cattolica\/wp-content\/uploads\/2023\/04\/Immagine1_demografia-300x167.jpg 300w, https:\/\/www.rassegnastampa-totustuus.it\/cattolica\/wp-content\/uploads\/2023\/04\/Immagine1_demografia.jpg 536w\" sizes=\"auto, (max-width: 359px) 100vw, 359px\" \/><\/p>\n<p style=\"text-align: center;\"><em>Distribuzione della popolazione mondiale nel 2030, 2050<\/em><\/p>\n<h4 style=\"text-align: center;\"><strong>L\u2019esplosione dell\u2019Africa subsahariana<\/strong><\/h4>\n<p style=\"text-align: justify;\"><img loading=\"lazy\" decoding=\"async\" class=\" wp-image-38105 alignleft\" src=\"https:\/\/www.rassegnastampa-totustuus.it\/cattolica\/wp-content\/uploads\/2017\/07\/esodo_Africa.jpg\" alt=\"\" width=\"247\" height=\"247\" srcset=\"https:\/\/www.rassegnastampa-totustuus.it\/cattolica\/wp-content\/uploads\/2017\/07\/esodo_Africa.jpg 225w, https:\/\/www.rassegnastampa-totustuus.it\/cattolica\/wp-content\/uploads\/2017\/07\/esodo_Africa-150x150.jpg 150w\" sizes=\"auto, (max-width: 247px) 100vw, 247px\" \/>Nell\u2019Africa subsahariana si sta verificando <strong>un\u2019esplosione demografica<\/strong>. I nigeriani <strong>raddoppieranno<\/strong>: oggi sono tra i 216 e i 218 milioni, nel 2050 saranno tra i 375 e i 400 milioni. La Nigeria avr\u00e0 la stessa popolazione dell\u2019intera Unione europea (e degli Stati Uniti) e diventer\u00e0 il quarto o il terzo Paese pi\u00f9 popoloso del mondo. E la crescita continuer\u00e0 anche dopo il 2050. La Repubblica Democratica del Congo raddoppier\u00e0 la sua popolazione, arrivando a 215 milioni di abitanti nel 2050.<\/p>\n<p style=\"text-align: justify;\">Paesi pi\u00f9 popolosi nel 2050:<\/p>\n<ul>\n<li style=\"text-align: justify;\">I. India (1,668 miliardi)<\/li>\n<li style=\"text-align: justify;\">II. Cina (1,317 miliardi)<\/li>\n<li style=\"text-align: justify;\">III. USA (375 milioni) \u2013 Nigeria (375 milioni)<\/li>\n<li style=\"text-align: justify;\">IV. Pakistan (366 milioni)<\/li>\n<li style=\"text-align: justify;\">V. Indonesia (317 milioni)<\/li>\n<li style=\"text-align: justify;\">VI.Brasile (231 milioni)<\/li>\n<li style=\"text-align: justify;\">VII. Repubblica Democratica del Congo (215 milioni)<\/li>\n<li style=\"text-align: justify;\">VIII. Etiopia (213 milioni)<\/li>\n<li style=\"text-align: justify;\">IX. Bangladesh (204 milioni)<\/li>\n<\/ul>\n<p><img loading=\"lazy\" decoding=\"async\" class=\"wp-image-44775  alignright\" src=\"https:\/\/www.rassegnastampa-totustuus.it\/cattolica\/wp-content\/uploads\/2019\/10\/culle_demografia-bambini-300x200.jpg\" alt=\"\" width=\"339\" height=\"226\" srcset=\"https:\/\/www.rassegnastampa-totustuus.it\/cattolica\/wp-content\/uploads\/2019\/10\/culle_demografia-bambini-300x200.jpg 300w, https:\/\/www.rassegnastampa-totustuus.it\/cattolica\/wp-content\/uploads\/2019\/10\/culle_demografia-bambini-768x513.jpg 768w, https:\/\/www.rassegnastampa-totustuus.it\/cattolica\/wp-content\/uploads\/2019\/10\/culle_demografia-bambini-1024x684.jpg 1024w\" sizes=\"auto, (max-width: 339px) 100vw, 339px\" \/><\/p>\n<p style=\"text-align: justify;\">Viene naturale chiedersi se gli stati dell\u2019Africa subsahariana saranno in grado di trattenere una popolazione cos\u00ec numerosa o se saranno lieti di liberarsi della popolazione in eccesso. La migrazione africana verso l\u2019Europa degli ultimi anni potrebbe essere <strong>solo l\u2019assaggio<\/strong> di un flusso migratorio molto pi\u00f9 grande, potenzialmente catastrofico<\/p>\n<h4 style=\"text-align: center;\"><strong>Verso la sparizione<\/strong><\/h4>\n<p><img loading=\"lazy\" decoding=\"async\" class=\" wp-image-56171 aligncenter\" src=\"https:\/\/www.rassegnastampa-totustuus.it\/cattolica\/wp-content\/uploads\/2023\/04\/Immagine2_demografia-300x171.jpg\" alt=\"\" width=\"374\" height=\"213\" srcset=\"https:\/\/www.rassegnastampa-totustuus.it\/cattolica\/wp-content\/uploads\/2023\/04\/Immagine2_demografia-300x171.jpg 300w, https:\/\/www.rassegnastampa-totustuus.it\/cattolica\/wp-content\/uploads\/2023\/04\/Immagine2_demografia.jpg 584w\" sizes=\"auto, (max-width: 374px) 100vw, 374px\" \/><\/p>\n<p style=\"text-align: justify;\"><em>Europei pochi e vecchi, africani tanti e giovani. Nel 2050 il 26,9% degli europei avr\u00e0 pi\u00f9 di 65 anni, in Africa appena il 4,7%<\/em><\/p>\n<p style=\"text-align: justify;\"><img loading=\"lazy\" decoding=\"async\" class=\" wp-image-31164 alignleft\" src=\"https:\/\/www.rassegnastampa-totustuus.it\/cattolica\/wp-content\/uploads\/2016\/03\/anziani.jpg\" alt=\"\" width=\"283\" height=\"203\" \/>I popoli europei saranno <strong>sempre pi\u00f9 vecchi<\/strong> (pochi figli, et\u00e0 media alta) e col rischio di collassare (in Italia nel 2050 il rapporto tra popolazione attiva e popolazione inattiva sar\u00e0 1:1). Per questo motivo gli Stati europei opteranno per l\u2019accoglienza, l\u2019immigrazione resta <strong>la risposta pi\u00f9 immediata<\/strong> per far fronte al calo della natalit\u00e0 e all\u2019invecchiamento, ma a quale prezzo?<\/p>\n<p style=\"text-align: justify;\">Diciamo chiaramente: quello di <strong>sparire fisicamente<\/strong>. Questa prospettiva sembra non turbare affatto l\u2019Ue, troppo impegnata a decidere come dobbiamo spendere i nostri soldi e a dettare legge sulla base del <em>fantambientalismo<\/em>. Se nell\u2019Europa <em>green<\/em> di domani gli europei non ci saranno, \u00e8 solo un dettaglio<\/p>\n","protected":false},"excerpt":{"rendered":"<p>Abstract: invasione dall&#8217;Africa sar\u00e0 inarrestabile. L\u2019Africa subsahariana raddoppier\u00e0 la popolazione in trent\u2019anni, passando da 1,152 miliardi del 2022 a 2,094 del 2050. Le popolazioni del Nord Africa e dell\u2019Asia occidentale passeranno da 549 milioni a 771. I trend demografici parlano chiaro: europei sempre pi\u00f9 vecchi e pochi, africani tanti e giovani.<\/p><p><a class=\"more-link btn\" href=\"https:\/\/www.rassegnastampa-totustuus.it\/cattolica\/invasione-dallafrica-sara-inarrestabile\/\">Continua a leggere<\/a><\/p>\n","protected":false},"author":6,"featured_media":44237,"comment_status":"closed","ping_status":"closed","sticky":false,"template":"","format":"standard","meta":{"footnotes":""},"categories":[39,9,14,38],"tags":[2393,217,1261,439,2392],"class_list":["post-56169","post","type-post","status-publish","format-standard","has-post-thumbnail","hentry","category-africa","category-demografia","category-europa-e-ue","category-immigrazione","tag-africa","tag-demografia-2","tag-denatalita","tag-europa-ue","tag-immigrazione","item-wrap"],"yoast_head":"<!-- This site is optimized with the Yoast SEO plugin v27.4 - https:\/\/yoast.com\/product\/yoast-seo-wordpress\/ -->\n<title>Invasione dall&#039;Africa sar\u00e0 inarrestabile - Rassegna Stampa Cattolica<\/title>\n<meta name=\"description\" content=\"Invasione dall&#039;Africa sar\u00e0 inarrestabile\" \/>\n<meta name=\"robots\" content=\"index, follow, max-snippet:-1, max-image-preview:large, max-video-preview:-1\" \/>\n<link rel=\"canonical\" href=\"https:\/\/www.rassegnastampa-totustuus.it\/cattolica\/invasione-dallafrica-sara-inarrestabile\/\" \/>\n<meta property=\"og:locale\" content=\"it_IT\" \/>\n<meta property=\"og:type\" content=\"article\" \/>\n<meta property=\"og:title\" content=\"Invasione dall&#039;Africa sar\u00e0 inarrestabile - Rassegna Stampa Cattolica\" \/>\n<meta property=\"og:description\" content=\"Invasione dall&#039;Africa sar\u00e0 inarrestabile\" \/>\n<meta property=\"og:url\" content=\"https:\/\/www.rassegnastampa-totustuus.it\/cattolica\/invasione-dallafrica-sara-inarrestabile\/\" \/>\n<meta property=\"og:site_name\" content=\"Rassegna Stampa Cattolica\" \/>\n<meta property=\"article:publisher\" content=\"https:\/\/www.facebook.com\/rassegnastampacattolica\" \/>\n<meta property=\"article:published_time\" content=\"2023-04-12T22:00:54+00:00\" \/>\n<meta property=\"article:modified_time\" content=\"2024-01-06T19:39:04+00:00\" \/>\n<meta property=\"og:image\" content=\"https:\/\/www.rassegnastampa-totustuus.it\/cattolica\/wp-content\/uploads\/2019\/09\/immigrazione.jpg\" \/>\n\t<meta property=\"og:image:width\" content=\"1920\" \/>\n\t<meta property=\"og:image:height\" content=\"1280\" \/>\n\t<meta property=\"og:image:type\" content=\"image\/jpeg\" \/>\n<meta name=\"author\" content=\"Redazione\" \/>\n<meta name=\"twitter:card\" content=\"summary_large_image\" \/>\n<meta name=\"twitter:creator\" content=\"@rassegnastampa9\" \/>\n<meta name=\"twitter:site\" content=\"@rassegnastampa9\" \/>\n<meta name=\"twitter:label1\" content=\"Scritto da\" \/>\n\t<meta name=\"twitter:data1\" content=\"Redazione\" \/>\n\t<meta name=\"twitter:label2\" content=\"Tempo di lettura stimato\" \/>\n\t<meta name=\"twitter:data2\" content=\"5 minuti\" \/>\n<script type=\"application\/ld+json\" class=\"yoast-schema-graph\">{\"@context\":\"https:\\\/\\\/schema.org\",\"@graph\":[{\"@type\":\"Article\",\"@id\":\"https:\\\/\\\/www.rassegnastampa-totustuus.it\\\/cattolica\\\/invasione-dallafrica-sara-inarrestabile\\\/#article\",\"isPartOf\":{\"@id\":\"https:\\\/\\\/www.rassegnastampa-totustuus.it\\\/cattolica\\\/invasione-dallafrica-sara-inarrestabile\\\/\"},\"author\":{\"name\":\"Redazione\",\"@id\":\"https:\\\/\\\/www.rassegnastampa-totustuus.it\\\/cattolica\\\/#\\\/schema\\\/person\\\/08f319d2bd1a0904ad9e2bfb7b15e5c3\"},\"headline\":\"Invasione dall&#8217;Africa sar\u00e0 inarrestabile\",\"datePublished\":\"2023-04-12T22:00:54+00:00\",\"dateModified\":\"2024-01-06T19:39:04+00:00\",\"mainEntityOfPage\":{\"@id\":\"https:\\\/\\\/www.rassegnastampa-totustuus.it\\\/cattolica\\\/invasione-dallafrica-sara-inarrestabile\\\/\"},\"wordCount\":561,\"publisher\":{\"@id\":\"https:\\\/\\\/www.rassegnastampa-totustuus.it\\\/cattolica\\\/#organization\"},\"image\":{\"@id\":\"https:\\\/\\\/www.rassegnastampa-totustuus.it\\\/cattolica\\\/invasione-dallafrica-sara-inarrestabile\\\/#primaryimage\"},\"thumbnailUrl\":\"https:\\\/\\\/www.rassegnastampa-totustuus.it\\\/cattolica\\\/wp-content\\\/uploads\\\/2019\\\/09\\\/immigrazione.jpg\",\"keywords\":[\"Africa\",\"demografia\",\"denatalit\u00e0\",\"Europa UE\",\"immigrazione\"],\"articleSection\":[\"Africa\",\"Demografia\",\"Europa e UE\",\"Immigrazione\"],\"inLanguage\":\"it-IT\"},{\"@type\":\"WebPage\",\"@id\":\"https:\\\/\\\/www.rassegnastampa-totustuus.it\\\/cattolica\\\/invasione-dallafrica-sara-inarrestabile\\\/\",\"url\":\"https:\\\/\\\/www.rassegnastampa-totustuus.it\\\/cattolica\\\/invasione-dallafrica-sara-inarrestabile\\\/\",\"name\":\"Invasione dall'Africa sar\u00e0 inarrestabile - Rassegna Stampa Cattolica\",\"isPartOf\":{\"@id\":\"https:\\\/\\\/www.rassegnastampa-totustuus.it\\\/cattolica\\\/#website\"},\"primaryImageOfPage\":{\"@id\":\"https:\\\/\\\/www.rassegnastampa-totustuus.it\\\/cattolica\\\/invasione-dallafrica-sara-inarrestabile\\\/#primaryimage\"},\"image\":{\"@id\":\"https:\\\/\\\/www.rassegnastampa-totustuus.it\\\/cattolica\\\/invasione-dallafrica-sara-inarrestabile\\\/#primaryimage\"},\"thumbnailUrl\":\"https:\\\/\\\/www.rassegnastampa-totustuus.it\\\/cattolica\\\/wp-content\\\/uploads\\\/2019\\\/09\\\/immigrazione.jpg\",\"datePublished\":\"2023-04-12T22:00:54+00:00\",\"dateModified\":\"2024-01-06T19:39:04+00:00\",\"description\":\"Invasione dall'Africa sar\u00e0 inarrestabile\",\"breadcrumb\":{\"@id\":\"https:\\\/\\\/www.rassegnastampa-totustuus.it\\\/cattolica\\\/invasione-dallafrica-sara-inarrestabile\\\/#breadcrumb\"},\"inLanguage\":\"it-IT\",\"potentialAction\":[{\"@type\":\"ReadAction\",\"target\":[\"https:\\\/\\\/www.rassegnastampa-totustuus.it\\\/cattolica\\\/invasione-dallafrica-sara-inarrestabile\\\/\"]}]},{\"@type\":\"ImageObject\",\"inLanguage\":\"it-IT\",\"@id\":\"https:\\\/\\\/www.rassegnastampa-totustuus.it\\\/cattolica\\\/invasione-dallafrica-sara-inarrestabile\\\/#primaryimage\",\"url\":\"https:\\\/\\\/www.rassegnastampa-totustuus.it\\\/cattolica\\\/wp-content\\\/uploads\\\/2019\\\/09\\\/immigrazione.jpg\",\"contentUrl\":\"https:\\\/\\\/www.rassegnastampa-totustuus.it\\\/cattolica\\\/wp-content\\\/uploads\\\/2019\\\/09\\\/immigrazione.jpg\",\"width\":1920,\"height\":1280},{\"@type\":\"BreadcrumbList\",\"@id\":\"https:\\\/\\\/www.rassegnastampa-totustuus.it\\\/cattolica\\\/invasione-dallafrica-sara-inarrestabile\\\/#breadcrumb\",\"itemListElement\":[{\"@type\":\"ListItem\",\"position\":1,\"name\":\"Home\",\"item\":\"https:\\\/\\\/www.rassegnastampa-totustuus.it\\\/cattolica\\\/\"},{\"@type\":\"ListItem\",\"position\":2,\"name\":\"Invasione dall&#8217;Africa sar\u00e0 inarrestabile\"}]},{\"@type\":\"WebSite\",\"@id\":\"https:\\\/\\\/www.rassegnastampa-totustuus.it\\\/cattolica\\\/#website\",\"url\":\"https:\\\/\\\/www.rassegnastampa-totustuus.it\\\/cattolica\\\/\",\"name\":\"Rassegna Stampa Cattolica\",\"description\":\"Per una cultura che nasce dalla Rivelazione cristiana in conformit\u00e0 alla tradizione e al Magistero della Chiesa in opposizione ad ogni relativismo e totalitarismo\",\"publisher\":{\"@id\":\"https:\\\/\\\/www.rassegnastampa-totustuus.it\\\/cattolica\\\/#organization\"},\"alternateName\":\"Rass. Cattolica\",\"potentialAction\":[{\"@type\":\"SearchAction\",\"target\":{\"@type\":\"EntryPoint\",\"urlTemplate\":\"https:\\\/\\\/www.rassegnastampa-totustuus.it\\\/cattolica\\\/?s={search_term_string}\"},\"query-input\":{\"@type\":\"PropertyValueSpecification\",\"valueRequired\":true,\"valueName\":\"search_term_string\"}}],\"inLanguage\":\"it-IT\"},{\"@type\":\"Organization\",\"@id\":\"https:\\\/\\\/www.rassegnastampa-totustuus.it\\\/cattolica\\\/#organization\",\"name\":\"Rassegna Stampa Cattolica\",\"url\":\"https:\\\/\\\/www.rassegnastampa-totustuus.it\\\/cattolica\\\/\",\"logo\":{\"@type\":\"ImageObject\",\"inLanguage\":\"it-IT\",\"@id\":\"https:\\\/\\\/www.rassegnastampa-totustuus.it\\\/cattolica\\\/#\\\/schema\\\/logo\\\/image\\\/\",\"url\":\"https:\\\/\\\/www.rassegnastampa-totustuus.it\\\/cattolica\\\/wp-content\\\/uploads\\\/2014\\\/04\\\/logo-rassegna1.gif\",\"contentUrl\":\"https:\\\/\\\/www.rassegnastampa-totustuus.it\\\/cattolica\\\/wp-content\\\/uploads\\\/2014\\\/04\\\/logo-rassegna1.gif\",\"width\":600,\"height\":163,\"caption\":\"Rassegna Stampa Cattolica\"},\"image\":{\"@id\":\"https:\\\/\\\/www.rassegnastampa-totustuus.it\\\/cattolica\\\/#\\\/schema\\\/logo\\\/image\\\/\"},\"sameAs\":[\"https:\\\/\\\/www.facebook.com\\\/rassegnastampacattolica\",\"https:\\\/\\\/x.com\\\/rassegnastampa9\"]},{\"@type\":\"Person\",\"@id\":\"https:\\\/\\\/www.rassegnastampa-totustuus.it\\\/cattolica\\\/#\\\/schema\\\/person\\\/08f319d2bd1a0904ad9e2bfb7b15e5c3\",\"name\":\"Redazione\",\"image\":{\"@type\":\"ImageObject\",\"inLanguage\":\"it-IT\",\"@id\":\"https:\\\/\\\/secure.gravatar.com\\\/avatar\\\/2fcdf27c78ea025fbdb44e914cc63c72249ffec9dc8aafd5c82b26240ef3f346?s=96&d=mm&r=g\",\"url\":\"https:\\\/\\\/secure.gravatar.com\\\/avatar\\\/2fcdf27c78ea025fbdb44e914cc63c72249ffec9dc8aafd5c82b26240ef3f346?s=96&d=mm&r=g\",\"contentUrl\":\"https:\\\/\\\/secure.gravatar.com\\\/avatar\\\/2fcdf27c78ea025fbdb44e914cc63c72249ffec9dc8aafd5c82b26240ef3f346?s=96&d=mm&r=g\",\"caption\":\"Redazione\"},\"url\":\"https:\\\/\\\/www.rassegnastampa-totustuus.it\\\/cattolica\\\/author\\\/pietroelle\\\/\"}]}<\/script>\n<!-- \/ Yoast SEO plugin. -->","yoast_head_json":{"title":"Invasione dall'Africa sar\u00e0 inarrestabile - Rassegna Stampa Cattolica","description":"Invasione dall'Africa sar\u00e0 inarrestabile","robots":{"index":"index","follow":"follow","max-snippet":"max-snippet:-1","max-image-preview":"max-image-preview:large","max-video-preview":"max-video-preview:-1"},"canonical":"https:\/\/www.rassegnastampa-totustuus.it\/cattolica\/invasione-dallafrica-sara-inarrestabile\/","og_locale":"it_IT","og_type":"article","og_title":"Invasione dall'Africa sar\u00e0 inarrestabile - Rassegna Stampa Cattolica","og_description":"Invasione dall'Africa sar\u00e0 inarrestabile","og_url":"https:\/\/www.rassegnastampa-totustuus.it\/cattolica\/invasione-dallafrica-sara-inarrestabile\/","og_site_name":"Rassegna Stampa Cattolica","article_publisher":"https:\/\/www.facebook.com\/rassegnastampacattolica","article_published_time":"2023-04-12T22:00:54+00:00","article_modified_time":"2024-01-06T19:39:04+00:00","og_image":[{"width":1920,"height":1280,"url":"https:\/\/www.rassegnastampa-totustuus.it\/cattolica\/wp-content\/uploads\/2019\/09\/immigrazione.jpg","type":"image\/jpeg"}],"author":"Redazione","twitter_card":"summary_large_image","twitter_creator":"@rassegnastampa9","twitter_site":"@rassegnastampa9","twitter_misc":{"Scritto da":"Redazione","Tempo di lettura stimato":"5 minuti"},"schema":{"@context":"https:\/\/schema.org","@graph":[{"@type":"Article","@id":"https:\/\/www.rassegnastampa-totustuus.it\/cattolica\/invasione-dallafrica-sara-inarrestabile\/#article","isPartOf":{"@id":"https:\/\/www.rassegnastampa-totustuus.it\/cattolica\/invasione-dallafrica-sara-inarrestabile\/"},"author":{"name":"Redazione","@id":"https:\/\/www.rassegnastampa-totustuus.it\/cattolica\/#\/schema\/person\/08f319d2bd1a0904ad9e2bfb7b15e5c3"},"headline":"Invasione dall&#8217;Africa sar\u00e0 inarrestabile","datePublished":"2023-04-12T22:00:54+00:00","dateModified":"2024-01-06T19:39:04+00:00","mainEntityOfPage":{"@id":"https:\/\/www.rassegnastampa-totustuus.it\/cattolica\/invasione-dallafrica-sara-inarrestabile\/"},"wordCount":561,"publisher":{"@id":"https:\/\/www.rassegnastampa-totustuus.it\/cattolica\/#organization"},"image":{"@id":"https:\/\/www.rassegnastampa-totustuus.it\/cattolica\/invasione-dallafrica-sara-inarrestabile\/#primaryimage"},"thumbnailUrl":"https:\/\/www.rassegnastampa-totustuus.it\/cattolica\/wp-content\/uploads\/2019\/09\/immigrazione.jpg","keywords":["Africa","demografia","denatalit\u00e0","Europa UE","immigrazione"],"articleSection":["Africa","Demografia","Europa e UE","Immigrazione"],"inLanguage":"it-IT"},{"@type":"WebPage","@id":"https:\/\/www.rassegnastampa-totustuus.it\/cattolica\/invasione-dallafrica-sara-inarrestabile\/","url":"https:\/\/www.rassegnastampa-totustuus.it\/cattolica\/invasione-dallafrica-sara-inarrestabile\/","name":"Invasione dall'Africa sar\u00e0 inarrestabile - Rassegna Stampa Cattolica","isPartOf":{"@id":"https:\/\/www.rassegnastampa-totustuus.it\/cattolica\/#website"},"primaryImageOfPage":{"@id":"https:\/\/www.rassegnastampa-totustuus.it\/cattolica\/invasione-dallafrica-sara-inarrestabile\/#primaryimage"},"image":{"@id":"https:\/\/www.rassegnastampa-totustuus.it\/cattolica\/invasione-dallafrica-sara-inarrestabile\/#primaryimage"},"thumbnailUrl":"https:\/\/www.rassegnastampa-totustuus.it\/cattolica\/wp-content\/uploads\/2019\/09\/immigrazione.jpg","datePublished":"2023-04-12T22:00:54+00:00","dateModified":"2024-01-06T19:39:04+00:00","description":"Invasione dall'Africa sar\u00e0 inarrestabile","breadcrumb":{"@id":"https:\/\/www.rassegnastampa-totustuus.it\/cattolica\/invasione-dallafrica-sara-inarrestabile\/#breadcrumb"},"inLanguage":"it-IT","potentialAction":[{"@type":"ReadAction","target":["https:\/\/www.rassegnastampa-totustuus.it\/cattolica\/invasione-dallafrica-sara-inarrestabile\/"]}]},{"@type":"ImageObject","inLanguage":"it-IT","@id":"https:\/\/www.rassegnastampa-totustuus.it\/cattolica\/invasione-dallafrica-sara-inarrestabile\/#primaryimage","url":"https:\/\/www.rassegnastampa-totustuus.it\/cattolica\/wp-content\/uploads\/2019\/09\/immigrazione.jpg","contentUrl":"https:\/\/www.rassegnastampa-totustuus.it\/cattolica\/wp-content\/uploads\/2019\/09\/immigrazione.jpg","width":1920,"height":1280},{"@type":"BreadcrumbList","@id":"https:\/\/www.rassegnastampa-totustuus.it\/cattolica\/invasione-dallafrica-sara-inarrestabile\/#breadcrumb","itemListElement":[{"@type":"ListItem","position":1,"name":"Home","item":"https:\/\/www.rassegnastampa-totustuus.it\/cattolica\/"},{"@type":"ListItem","position":2,"name":"Invasione dall&#8217;Africa sar\u00e0 inarrestabile"}]},{"@type":"WebSite","@id":"https:\/\/www.rassegnastampa-totustuus.it\/cattolica\/#website","url":"https:\/\/www.rassegnastampa-totustuus.it\/cattolica\/","name":"Rassegna Stampa Cattolica","description":"Per una cultura che nasce dalla Rivelazione cristiana in conformit\u00e0 alla tradizione e al Magistero della Chiesa in opposizione ad ogni relativismo e totalitarismo","publisher":{"@id":"https:\/\/www.rassegnastampa-totustuus.it\/cattolica\/#organization"},"alternateName":"Rass. Cattolica","potentialAction":[{"@type":"SearchAction","target":{"@type":"EntryPoint","urlTemplate":"https:\/\/www.rassegnastampa-totustuus.it\/cattolica\/?s={search_term_string}"},"query-input":{"@type":"PropertyValueSpecification","valueRequired":true,"valueName":"search_term_string"}}],"inLanguage":"it-IT"},{"@type":"Organization","@id":"https:\/\/www.rassegnastampa-totustuus.it\/cattolica\/#organization","name":"Rassegna Stampa Cattolica","url":"https:\/\/www.rassegnastampa-totustuus.it\/cattolica\/","logo":{"@type":"ImageObject","inLanguage":"it-IT","@id":"https:\/\/www.rassegnastampa-totustuus.it\/cattolica\/#\/schema\/logo\/image\/","url":"https:\/\/www.rassegnastampa-totustuus.it\/cattolica\/wp-content\/uploads\/2014\/04\/logo-rassegna1.gif","contentUrl":"https:\/\/www.rassegnastampa-totustuus.it\/cattolica\/wp-content\/uploads\/2014\/04\/logo-rassegna1.gif","width":600,"height":163,"caption":"Rassegna Stampa Cattolica"},"image":{"@id":"https:\/\/www.rassegnastampa-totustuus.it\/cattolica\/#\/schema\/logo\/image\/"},"sameAs":["https:\/\/www.facebook.com\/rassegnastampacattolica","https:\/\/x.com\/rassegnastampa9"]},{"@type":"Person","@id":"https:\/\/www.rassegnastampa-totustuus.it\/cattolica\/#\/schema\/person\/08f319d2bd1a0904ad9e2bfb7b15e5c3","name":"Redazione","image":{"@type":"ImageObject","inLanguage":"it-IT","@id":"https:\/\/secure.gravatar.com\/avatar\/2fcdf27c78ea025fbdb44e914cc63c72249ffec9dc8aafd5c82b26240ef3f346?s=96&d=mm&r=g","url":"https:\/\/secure.gravatar.com\/avatar\/2fcdf27c78ea025fbdb44e914cc63c72249ffec9dc8aafd5c82b26240ef3f346?s=96&d=mm&r=g","contentUrl":"https:\/\/secure.gravatar.com\/avatar\/2fcdf27c78ea025fbdb44e914cc63c72249ffec9dc8aafd5c82b26240ef3f346?s=96&d=mm&r=g","caption":"Redazione"},"url":"https:\/\/www.rassegnastampa-totustuus.it\/cattolica\/author\/pietroelle\/"}]}},"_links":{"self":[{"href":"https:\/\/www.rassegnastampa-totustuus.it\/cattolica\/wp-json\/wp\/v2\/posts\/56169","targetHints":{"allow":["GET"]}}],"collection":[{"href":"https:\/\/www.rassegnastampa-totustuus.it\/cattolica\/wp-json\/wp\/v2\/posts"}],"about":[{"href":"https:\/\/www.rassegnastampa-totustuus.it\/cattolica\/wp-json\/wp\/v2\/types\/post"}],"author":[{"embeddable":true,"href":"https:\/\/www.rassegnastampa-totustuus.it\/cattolica\/wp-json\/wp\/v2\/users\/6"}],"replies":[{"embeddable":true,"href":"https:\/\/www.rassegnastampa-totustuus.it\/cattolica\/wp-json\/wp\/v2\/comments?post=56169"}],"version-history":[{"count":2,"href":"https:\/\/www.rassegnastampa-totustuus.it\/cattolica\/wp-json\/wp\/v2\/posts\/56169\/revisions"}],"predecessor-version":[{"id":58940,"href":"https:\/\/www.rassegnastampa-totustuus.it\/cattolica\/wp-json\/wp\/v2\/posts\/56169\/revisions\/58940"}],"wp:featuredmedia":[{"embeddable":true,"href":"https:\/\/www.rassegnastampa-totustuus.it\/cattolica\/wp-json\/wp\/v2\/media\/44237"}],"wp:attachment":[{"href":"https:\/\/www.rassegnastampa-totustuus.it\/cattolica\/wp-json\/wp\/v2\/media?parent=56169"}],"wp:term":[{"taxonomy":"category","embeddable":true,"href":"https:\/\/www.rassegnastampa-totustuus.it\/cattolica\/wp-json\/wp\/v2\/categories?post=56169"},{"taxonomy":"post_tag","embeddable":true,"href":"https:\/\/www.rassegnastampa-totustuus.it\/cattolica\/wp-json\/wp\/v2\/tags?post=56169"}],"curies":[{"name":"wp","href":"https:\/\/api.w.org\/{rel}","templated":true}]}}