{"id":56155,"date":"2023-04-13T00:00:12","date_gmt":"2023-04-12T22:00:12","guid":{"rendered":"http:\/\/www.rassegnastampa-totustuus.it\/cattolica\/?p=56155"},"modified":"2024-01-07T10:52:42","modified_gmt":"2024-01-07T09:52:42","slug":"il-processo-di-gesu-davanti-al-sinedrio-e-a-ponzio-pilato-analisi","status":"publish","type":"post","link":"https:\/\/www.rassegnastampa-totustuus.it\/cattolica\/il-processo-di-gesu-davanti-al-sinedrio-e-a-ponzio-pilato-analisi\/","title":{"rendered":"Il processo di Ges\u00f9 davanti al sinedrio e a Ponzio Pilato, analisi"},"content":{"rendered":"<p style=\"text-align: center;\"><span style=\"color: #000000;\"><strong><img loading=\"lazy\" decoding=\"async\" class=\"size-full wp-image-43820 alignleft\" src=\"https:\/\/www.rassegnastampa-totustuus.it\/cattolica\/wp-content\/uploads\/2019\/08\/Ges\u00f9-3.jpg\" alt=\"\" width=\"290\" height=\"240\" \/><\/strong><\/span><\/p>\n<p style=\"text-align: justify;\"><span style=\"color: #000000;\"><strong>Abstract: <\/strong><em>il processo di Ges\u00f9 davanti al sinedrio e a Ponzio Pilato, analisi di un procedimento penale<\/em><\/span><span style=\"color: #000000;\"><em> che non finisce mai di interrogare drammaticamente la coscienza. Nessun altro processo, nemmeno quello intentato a Socrate, ai Templari o a Galileo, soltanto per far cenno ad alcuni, peraltro notissimi, come lo \u00e8, nella storia moderna, quello di Norimberga, \u00e8 stato oggetto, sin dal momento della sua conclusione, a continue analisi e interpretazioni.<\/em><\/span><\/p>\n<p><!--more--><\/p>\n<p style=\"text-align: center;\"><span style=\"color: #000000;\"><span style=\"color: #0000ff;\"><a style=\"color: #0000ff;\" href=\"https:\/\/www.centrostudilivatino.it\/\" target=\"_blank\" rel=\"noopener\"><strong>Centro Studi Rosario Livatino<\/strong><\/a><\/span> \u00a0<\/span><span style=\"color: #000000;\">7 Aprile 2023<\/span><\/p>\n<h3 style=\"text-align: center;\"><span style=\"color: #000000;\">Processo a Ges\u00f9<\/span><\/h3>\n<p style=\"text-align: center;\"><span style=\"color: #000000;\"><strong>Daniele Onori<\/strong><\/span><\/p>\n<p style=\"text-align: justify;\"><span style=\"color: #000000;\"><em>Il processo penale di Ges\u00f9 di Nazaret dinanzi al sinedrio giudaico e al prefetto romano Pilato \u00e8 un avvenimento della storia universale che non finisce mai di interrogare drammaticamente la coscienza. Nessun altro processo, nemmeno quello intentato a Socrate, ai Templari o a Galileo, soltanto per far cenno ad alcuni, peraltro notissimi, come lo \u00e8, nella storia moderna, quello di Norimberga, \u00e8 stato oggetto, sin dal momento della sua conclusione, a continue analisi di interpretazione di problemi storici, giuridici, politici, teologici e filosofici tali da destare l\u2019interesse non soltanto degli esegeti neotestamentari e degli storici del cristianesimo antico, ma anche degli storici del diritto e degli studiosi della politica e della filosofia.<\/em><\/span><\/p>\n<p style=\"text-align: justify;\"><span style=\"color: #000000;\"><img loading=\"lazy\" decoding=\"async\" class=\"size-medium wp-image-43819 alignleft\" src=\"https:\/\/www.rassegnastampa-totustuus.it\/cattolica\/wp-content\/uploads\/2019\/08\/Ges\u00f9-2-300x278.jpg\" alt=\"\" width=\"300\" height=\"278\" srcset=\"https:\/\/www.rassegnastampa-totustuus.it\/cattolica\/wp-content\/uploads\/2019\/08\/Ges\u00f9-2-300x278.jpg 300w, https:\/\/www.rassegnastampa-totustuus.it\/cattolica\/wp-content\/uploads\/2019\/08\/Ges\u00f9-2-768x711.jpg 768w, https:\/\/www.rassegnastampa-totustuus.it\/cattolica\/wp-content\/uploads\/2019\/08\/Ges\u00f9-2.jpg 1024w\" sizes=\"auto, (max-width: 300px) 100vw, 300px\" \/>Il processo di Ges\u00f9 \u00e8 riportato da tutti e quattro i vangeli canonici, ma in maniera notevolmente diversa l\u2019uno dall\u2019altro. Differenze particolarmente notevoli ci sono anzitutto tra il racconto di Giovanni e quello dei sinottici (Marco, Matteo e Luca). Mentre infatti i sinottici descrivono un dibattimento davanti al sinedrio giudaico presieduto dal sommo sacerdote Caifa, Giovanni ignora del tutto questo dibattimento e riporta invece (1 8, 19-24) un interrogatorio preliminare davanti all\u2019ex sommo sacerdote (e suocero di Caifa) Anna (l\u2019 Anano di Giuseppe), personaggio ancora di grande influenza, ma privo di un ruolo istituzionale preciso.<\/span><\/p>\n<p style=\"text-align: justify;\"><span style=\"color: #000000;\">E mentre i sinottici, per il comportamento silenzioso tenuto quasi costantemente da Ges\u00f9, fanno discutere Pilato quasi esclusivamente con i sinedriti, Giovanni, oltre ad accentuare in maniera vistosa il tema politico della regalit\u00e0, riporta il celebre dialogo tra Ges\u00f9 e il prefetto romano (18,33- 38), nel quale viene affrontato il tema della verit\u00e0[1], che tante interpretazioni ha suscitato nella letteratura mondiale.[2]<\/span><\/p>\n<p style=\"text-align: justify;\"><span style=\"color: #000000;\"><img loading=\"lazy\" decoding=\"async\" class=\" wp-image-43817 alignright\" src=\"https:\/\/www.rassegnastampa-totustuus.it\/cattolica\/wp-content\/uploads\/2019\/08\/Ges\u00f9-1.jpg\" alt=\"\" width=\"283\" height=\"260\" \/>Gli evangelisti, che certo non potevano essere presenti al processo, non si preoccupano di indicare le fonti della loro narrazione e proprio questa assenza di scrupoli filologici conferisce al racconto il suo incomparabile tono epico<\/span><\/p>\n<p style=\"text-align: justify;\"><span style=\"color: #000000;\">La decisione fondamentale per un procedimento contro Ges\u00f9, presa nella riunione del sinedrio, veniva realizzata nella notte tra gioved\u00ec e venerd\u00ec sul Monte degli ulivi con il suo arresto. In un\u2019ora ancora notturna, Ges\u00f9 fu condotto nel palazzo del sommo sacerdote, dove il sinedrio con le sue tre componenti \u2013 sacerdoti, anziani, scribi \u2013 ovviamente era gi\u00e0 riunito.<\/span><\/p>\n<p style=\"text-align: justify;\"><span style=\"color: #000000;\"><img loading=\"lazy\" decoding=\"async\" class=\" wp-image-43816 alignleft\" src=\"https:\/\/www.rassegnastampa-totustuus.it\/cattolica\/wp-content\/uploads\/2019\/08\/Ges\u00f9.jpg\" alt=\"\" width=\"289\" height=\"253\" \/>I due \u00abprocessi\u00bb a Ges\u00f9, davanti al sinedrio e davanti al governatore romano Pilato, sono stati discussi ampiamente fin nei minimi particolari da storici del diritto e da esegeti. Non dobbiamo qui entrare in queste sottili questioni storiche, tanto pi\u00f9 che non conosciamo \u2013 come ha sottolineato Martin Hengel \u2013 dettagli sul diritto criminale sadduceo e non \u00e8 lecito trarre conclusioni dal posteriore trattato della Mishna, \u00abSanhedrin\u00bb, ed applicarle all\u2019ordinamento del tempo di Ges\u00f9 (cfr Hengel \/Schwemer, p. 592).<\/span><\/p>\n<p style=\"text-align: justify;\"><span style=\"color: #000000;\">Pu\u00f2 essere considerato verosimile, oggi, che nel caso del dibattimento contro Ges\u00f9 davanti al sinedrio non si sia trattato di un vero processo, ma di un interrogatorio approfondito, terminato con il giudizio di consegnare Ges\u00f9 al governatore romano per la condanna.[3]<\/span><\/p>\n<p style=\"text-align: justify;\"><span style=\"color: #000000;\">Ma cosa si intende per giudizio?<\/span><\/p>\n<p style=\"text-align: justify;\"><span style=\"color: #000000;\"><img loading=\"lazy\" decoding=\"async\" class=\" wp-image-43810 alignright\" src=\"https:\/\/www.rassegnastampa-totustuus.it\/cattolica\/wp-content\/uploads\/2019\/07\/Ges\u00f9-3.jpg\" alt=\"\" width=\"308\" height=\"266\" \/>Giudizio si dice in greco <em>krisis <\/em>(da <em>krino<\/em>, che significa etimologicamente \u201cseparare, de-cidere\u201d). Accanto a questo significato giuridico, convergono nel termine tanto un significato medico (<em>krisis<\/em> come il momento decisivo nell\u2019evoluzione di una malattia, quando il medico deve \u201cgiudicare\u201d se il malato morir\u00e0 o sopravvivr\u00e0), che uno teologico (il Giudizio finale: <em>en emerai kriseos<\/em>, \u201cnel giorno del giudizio\u201d, \u00e8 l\u2019ammonimento che torna pi\u00fa volte sulla bocca di Ges\u00f9; in Paolo: <em>en emerai ote crinei<\/em>, \u201c<em>nel giorno in cui Dio giudicher\u00e0<\/em>\u201d, Rm. 2,16).<\/span><\/p>\n<p style=\"text-align: justify;\"><span style=\"color: #000000;\">Nella narrazione degli evangelisti il termine non compare. Il termine tecnico per la funzione del giudice \u00e8, qui, <em>bema<\/em>, il seggio o il podio su cui siede colui che deve pronunciare il giudizio (la <em>sella curulis<\/em> del magistrato romano).<\/span><\/p>\n<p style=\"text-align: justify;\"><span style=\"color: #000000;\"><img loading=\"lazy\" decoding=\"async\" class=\" wp-image-56156 alignleft\" src=\"https:\/\/www.rassegnastampa-totustuus.it\/cattolica\/wp-content\/uploads\/2023\/04\/Gesu_Pilato.jpg\" alt=\"\" width=\"290\" height=\"269\" \/>Quando Pilato sta per pronunciare la condanna, egli si siede sul bema: \u201c<em>Pilato condusse fuori Ges\u00f9 e sedette sul podio in un luogo chiamato Lithostrotos<\/em>\u201d (Gv. 19,13); cos\u00ed in Mt. 27,19: \u201c<em>Mentre Pilato sedeva sul bema<\/em>\u201d (cio\u00e8 esercitava la sua funzione di giudice; la vulgata traduce sedente pro-tribunali), \u201c<em>sua moglie mand\u00f2 a dirgli [\u2026]<\/em>\u201d.<\/span><\/p>\n<p style=\"text-align: justify;\"><span style=\"color: #000000;\">Negli Atti (18,12), il termine significa semplicemente \u201ctribunale\u201d: \u201c<em>Gli Ebrei insorsero contro Paolo e lo condussero al tribunale (eis to bema)<\/em>\u201d.<\/span><\/p>\n<p style=\"text-align: justify;\"><span style=\"color: #000000;\">Non diversamente, in Paolo, <em>bema<\/em> designa per sineddoche il Giudizio finale: \u201c<em>Tutti devono comparire davanti al bema di Cristo<\/em>\u201d (2 Cor. 5,10). Il giudizio di Dio \u00e8, per\u00f2, esplicitamente contrapposto a quello degli uomini, che non devono giudicarsi fra loro: \u201c<em>Ma tu perch\u00e9 giudichi (ti krineis) tuo fratello? [\u2026] Tutti dovranno presentarsi davanti al bema di Dio<\/em>\u201d (Rm. 14,10).<\/span><\/p>\n<p style=\"text-align: justify;\"><span style=\"color: #000000;\">Nel processo che si svolge davanti a Pilato, due <em>bemata<\/em>, due giudizi e due regni sembrano fronteggiarsi: l\u2019umano e il divino, il temporale e l\u2019eterno.<\/span><\/p>\n<p style=\"text-align: justify;\"><span style=\"color: #000000;\"><img loading=\"lazy\" decoding=\"async\" class=\"wp-image-56157 alignright\" src=\"https:\/\/www.rassegnastampa-totustuus.it\/cattolica\/wp-content\/uploads\/2023\/04\/Gesu_Pilato-1.jpg\" alt=\"\" width=\"281\" height=\"281\" srcset=\"https:\/\/www.rassegnastampa-totustuus.it\/cattolica\/wp-content\/uploads\/2023\/04\/Gesu_Pilato-1.jpg 225w, https:\/\/www.rassegnastampa-totustuus.it\/cattolica\/wp-content\/uploads\/2023\/04\/Gesu_Pilato-1-150x150.jpg 150w\" sizes=\"auto, (max-width: 281px) 100vw, 281px\" \/>Spengler ha espresso con la consueta vivacit\u00e0 questa contrapposizione: \u201c<em>Quando Ges\u00f9 viene portato davanti a Pilato, due mondi stanno immediatamente e inconciliabilmente di fronte: quello dei fatti e quello delle verit\u00e0, e con tanta spaventosa chiarezza come mai altrove nella storia del mondo<\/em>\u201d[4]<\/span><\/p>\n<p style=\"text-align: justify;\"><span style=\"color: #000000;\">Ed \u00e8 il mondo dei fatti che deve giudicare quello della verit\u00e0, il regno temporale che deve pronunciare un giudizio sul Regno eterno. Tanto pi\u00f9 necessario \u00e8 valutare con cura ogni dettaglio della cronaca di questo confronto decisivo, di questa <em>krisis<\/em> storica che, in qualche modo, \u00e8 sempre in corso.<\/span><\/p>\n<p style=\"text-align: justify;\"><span style=\"color: #000000;\">La narrazione di Giovanni \u00e8, rispetto ai sinottici, tanto pi\u00f9 ampia e particolareggiata, da risultare del tutto indipendente da essi. I dialoghi fra Pilato e Ges\u00f9, che i sinottici sbrigano in poche righe, acquistano qui uno spessore e un significato in ogni senso decisivi.<\/span><\/p>\n<p style=\"text-align: justify;\"><span style=\"color: #000000;\"><img loading=\"lazy\" decoding=\"async\" class=\" wp-image-56158 alignleft\" src=\"https:\/\/www.rassegnastampa-totustuus.it\/cattolica\/wp-content\/uploads\/2023\/04\/Ges\u00f9_Sinedrio-300x168.jpg\" alt=\"\" width=\"330\" height=\"185\" \/>Giovanni scandisce drammaticamente il racconto in sette scene, a ognuna delle quali corrisponde un cambiamento di luogo, ora fuori ora dentro il pretorio, ogni volta (tranne per la quinta scena) introdotto dalle formule stereotipe: \u201c<em>Pilato usc\u00ed fuori (exelthen)\u201d, \u201centr\u00f2 di nuovo (eiselthen palin)\u201d, \u201cusc\u00ed di nuovo (exelthen palin)\u201d. Conosciamo inoltre la durata del dramma, cinque ore, dal mattino presto (proi- Gv. 18,28) all\u2019ora sesta (ivi, 19,14)<\/em>.<\/span><\/p>\n<p style=\"text-align: justify;\"><span style=\"color: #000000;\">Nella prima scena, poich\u00e9 i sacerdoti che hanno condotto Ges\u00f9 nel pretorio non vogliono entrarvi per non contaminarsi prima del pasto pasquale, Pilato esce fuori e chiede: \u201c<em>Qual \u00e8 l\u2019accusa (kategorian) che portate contro quest\u2019uomo?<\/em>\u201d.<\/span><\/p>\n<p style=\"text-align: justify;\"><span style=\"color: #000000;\">La domanda \u00e8 coerente con la struttura del processo romano, che iniziava con l\u2019iscrizione dell\u2019accusa, che doveva essere determinata e non calunniosa.<\/span><\/p>\n<p style=\"text-align: justify;\"><span style=\"color: #000000;\"><img loading=\"lazy\" decoding=\"async\" class=\"wp-image-56159 alignright\" src=\"https:\/\/www.rassegnastampa-totustuus.it\/cattolica\/wp-content\/uploads\/2023\/04\/Sinedrio_Pilato_Ges\u00f9.jpg\" alt=\"\" width=\"324\" height=\"212\" \/>Gli Ebrei non formulano l\u2019accusa, ma si limitano a dichiarare genericamente che \u201c<em>se costui non fosse un malfattore non te l\u2019avremmo consegnato (paredokamen)<\/em>\u201d.<\/span><\/p>\n<p style=\"text-align: justify;\"><span style=\"color: #000000;\">La conseguente ingiunzione di Pilato agli Ebrei, di prendere l\u2019accusato e di giudicarlo \u201c<em>secondo la vostra legge (kata ton nomon ymon)<\/em>\u201d, sembra seguire ancora una logica processuale: dal momento che l\u2019accusa non era stata formalizzata, la legge romana non poteva applicarsi. La replica degli Ebrei (\u201c<em>A noi non \u00e8 permesso uccidere<\/em>\u201d) segna una svolta nel comportamento di Pilato.<\/span><\/p>\n<p style=\"text-align: justify;\"><span style=\"color: #000000;\">Il commento di Giovanni (gli Ebrei dicevano questo \u201c<em>affinch\u00e9 si adempisse la parola di Ges\u00f9 quando aveva indicato di quale morte doveva morire<\/em>\u201d) non poteva certo riguardare Pilato e, tuttavia, \u00e8 come se il prefetto interpretasse la replica degli Ebrei come la formulazione di un\u2019accusa di lesa maest\u00e0.<\/span><\/p>\n<p style=\"text-align: justify;\"><span style=\"color: #000000;\">Secondo il Digesto, infatti \u201c<em>\u00e8 un crimine di lesa maest\u00e0 (maiestatis crimen) quello che viene commesso contro il popolo romano o contro la sua sicurezza<\/em>\u201d (Dig. 48.4.1.1). E la <em>lex Julia maiestatis<\/em> del 46 a.C. stabiliva per questo delitto, secondo la condizione del colpevole, la crocifissione, la consegna alle belve o l\u2019esilio. In ogni modo, Pilato decide inaspettatamente di interrogare Ges\u00f9.<\/span><\/p>\n<p style=\"text-align: justify;\"><span style=\"color: #000000;\"><img loading=\"lazy\" decoding=\"async\" class=\" wp-image-56160 alignleft\" src=\"https:\/\/www.rassegnastampa-totustuus.it\/cattolica\/wp-content\/uploads\/2023\/04\/Gesu_Pilato-2-231x300.jpg\" alt=\"\" width=\"248\" height=\"322\" srcset=\"https:\/\/www.rassegnastampa-totustuus.it\/cattolica\/wp-content\/uploads\/2023\/04\/Gesu_Pilato-2-231x300.jpg 231w, https:\/\/www.rassegnastampa-totustuus.it\/cattolica\/wp-content\/uploads\/2023\/04\/Gesu_Pilato-2-768x997.jpg 768w, https:\/\/www.rassegnastampa-totustuus.it\/cattolica\/wp-content\/uploads\/2023\/04\/Gesu_Pilato-2.jpg 789w\" sizes=\"auto, (max-width: 248px) 100vw, 248px\" \/>Ha luogo a questo punto il primo serrato confronto fra Pilato e Ges\u00f9. Allora Pilato entr\u00f2 di nuovo nel pretorio, chiam\u00f2 Ges\u00f9 e gli chiese: \u201c<em>Sei tu il re dei Giudei?<\/em>\u201d Ges\u00f9 rispose: \u201c<em>Dici questo da te stesso o altri te l\u2019hanno detto di me?<\/em>\u201d<\/span><\/p>\n<p style=\"text-align: justify;\"><span style=\"color: #000000;\">Rispose Pilato: \u201c<em>Sono io forse un giudeo? La tua nazione (to ethnos to son) e i sommi sacerdoti ti hanno consegnato a me. Che cosa hai fatto?<\/em>\u201d<\/span><\/p>\n<p style=\"text-align: justify;\"><span style=\"color: #000000;\">Il sintagma \u201c<em>re dei Giudei<\/em>\u201d (<em>basileus ton Ioudaion<\/em>), che avr\u00e0 in seguito una funzione cos\u00ec decisiva, appare qui nel processo per la prima volta.<\/span><\/p>\n<p style=\"text-align: justify;\"><span style=\"color: #000000;\">A giudicare dalla sua replica, Ges\u00f9 non si aspettava la domanda: cosa ha a che fare, infatti, il prefetto romano con una questione interna del giudaismo, qual era l\u2019attesa ebraica del messia? Pilato sembra leggergli nel pensiero: \u201c<em>Sono io forse un giudeo<\/em>?\u201d Comincia qui quel dialogo sul Regno e sulla verit\u00e0, su cui sono state scritte innumerevoli pagine.<\/span><\/p>\n<p style=\"text-align: justify;\"><span style=\"color: #000000;\">Invece di rispondere alla domanda: \u201c<em>Che cosa hai fatto?<\/em>\u201d, Ges\u00f9 replica alla precedente: \u201c<em>Il mio regno non \u00e8 di questo mondo\u201d<\/em>.<\/span><\/p>\n<p style=\"text-align: justify;\"><span style=\"color: #000000;\"><img loading=\"lazy\" decoding=\"async\" class=\" wp-image-56161 alignright\" src=\"https:\/\/www.rassegnastampa-totustuus.it\/cattolica\/wp-content\/uploads\/2023\/04\/Gesu_Pilato-3-300x273.jpg\" alt=\"\" width=\"280\" height=\"255\" srcset=\"https:\/\/www.rassegnastampa-totustuus.it\/cattolica\/wp-content\/uploads\/2023\/04\/Gesu_Pilato-3-300x273.jpg 300w, https:\/\/www.rassegnastampa-totustuus.it\/cattolica\/wp-content\/uploads\/2023\/04\/Gesu_Pilato-3.jpg 700w\" sizes=\"auto, (max-width: 280px) 100vw, 280px\" \/>Una volta chiarito che il Regno di Ges\u00f9 non riguarda questo mondo, vuole sapere la verit\u00e0 e venire in chiaro del regno di cui l\u2019accusato sta testimoniando: la sua domanda non si riferisce alla verit\u00e0 in generale, ma alla speciale verit\u00e0 che Ges\u00f9 sembra intendere e che egli non riesce ad afferrare.<\/span><\/p>\n<p style=\"text-align: justify;\"><span style=\"color: #000000;\">Pilato a questo punto esce nuovamente dal pretorio. Si \u00e8 spesso sottolineato il fatto che egli volutamente non aspetta la risposta di Ges\u00f9.<\/span><\/p>\n<p style=\"text-align: justify;\"><span style=\"color: #000000;\">La decisione improvvisa si spiega con la sua apostrofe ai Giudei: \u201c<em>Io non trovo in lui alcuna colpa. Ma voi avete l\u2019usanza che io vi liberi qualcuno per la Pasqua. Volete dunque che vi liberi il re dei Giudei?<\/em>\u201d<\/span><\/p>\n<p style=\"text-align: justify;\"><span style=\"color: #000000;\">Non avendo trovato colpevole l\u2019accusato, Pilato avrebbe dovuto emettere un verdetto di innocenza (la formula prevista nel processo romano era <em>absolvo o videtur non fecisse<\/em>) o sospendere il processo e chiedere un supplemento di indagine (la formula prevista era <em>non liquet o amplius est cognoscendum<\/em>).<\/span><\/p>\n<p style=\"text-align: justify;\"><span style=\"color: #000000;\"><img loading=\"lazy\" decoding=\"async\" class=\"size-medium wp-image-56162 alignleft\" src=\"https:\/\/www.rassegnastampa-totustuus.it\/cattolica\/wp-content\/uploads\/2023\/04\/Gesu_Barabba-300x250.jpg\" alt=\"\" width=\"300\" height=\"250\" srcset=\"https:\/\/www.rassegnastampa-totustuus.it\/cattolica\/wp-content\/uploads\/2023\/04\/Gesu_Barabba-300x250.jpg 300w, https:\/\/www.rassegnastampa-totustuus.it\/cattolica\/wp-content\/uploads\/2023\/04\/Gesu_Barabba.jpg 600w\" sizes=\"auto, (max-width: 300px) 100vw, 300px\" \/>Egli pensa, invece, di risolvere il caso servendosi dell\u2019amnistia pasquale. Per tutto il corso del processo \u2013 \u00e8 un fatto su cui occorre riflettere \u2013, Pilato cerca tenacemente di evitare la pronuncia di un verdetto.<\/span><\/p>\n<p style=\"text-align: justify;\"><span style=\"color: #000000;\">Anche alla fine, quando cede alle tumultuose insistenze dei Giudei, il prefetto non pronuncia, come vedremo, una sentenza: si limita a \u201cconsegnare (<em>paredoken<\/em>)\u201d l\u2019accusato agli Ebrei.<\/span><\/p>\n<p style=\"text-align: justify;\"><span style=\"color: #000000;\">Gli Ebrei vanificano il suo proposito gridando: \u201c<em>Non lui, ma Barabba<\/em>\u201d (come informa Mc. 15,7, Barabba, letteralmente \u201cil figlio del padre\u201d, era un ribelle omicida).<\/span><\/p>\n<p style=\"text-align: justify;\"><span style=\"color: #000000;\">Ges\u00f9 fu preso e fatto flagellare. I soldati intrecciarono una corona di spine, gliela posero sul capo e lo rivestirono di un manto di porpora; si avvicinavano a lui dicendo: \u201c<em>Salve, re dei Giudei<\/em>\u201d e gli davano schiaffi.<\/span><\/p>\n<p style=\"text-align: justify;\"><span style=\"color: #000000;\"><img loading=\"lazy\" decoding=\"async\" class=\"size-medium wp-image-56163 alignright\" src=\"https:\/\/www.rassegnastampa-totustuus.it\/cattolica\/wp-content\/uploads\/2023\/04\/Ges\u00f9_flagellazione-300x290.jpg\" alt=\"\" width=\"300\" height=\"290\" srcset=\"https:\/\/www.rassegnastampa-totustuus.it\/cattolica\/wp-content\/uploads\/2023\/04\/Ges\u00f9_flagellazione-300x290.jpg 300w, https:\/\/www.rassegnastampa-totustuus.it\/cattolica\/wp-content\/uploads\/2023\/04\/Ges\u00f9_flagellazione-768x741.jpg 768w, https:\/\/www.rassegnastampa-totustuus.it\/cattolica\/wp-content\/uploads\/2023\/04\/Ges\u00f9_flagellazione-1024x988.jpg 1024w, https:\/\/www.rassegnastampa-totustuus.it\/cattolica\/wp-content\/uploads\/2023\/04\/Ges\u00f9_flagellazione.jpg 1200w\" sizes=\"auto, (max-width: 300px) 100vw, 300px\" \/>La flagellazione era una pena accessoria prevista come preliminare alla crocifissione: Pilato intende invece servirsene, alquanto incongruamente \u2013 ma ci\u00f2 rientrava con ogni probabilit\u00e0 nei suoi poteri discrezionali (cfr. Dig. 48.2.6) \u2013 come pena per un non specificato reato minore.<\/span><\/p>\n<p style=\"text-align: justify;\"><span style=\"color: #000000;\">\u00c8 quanto Luca gli fa dire con chiarezza: \u201c<em>Non ho trovato nulla in lui che meriti la <\/em><\/span><span style=\"color: #000000;\"><em>morte. Lo far\u00f2 castigare e poi lo metter\u00f2 in libert\u00e0<\/em>\u201d (Lc. 23,22).<\/span><\/p>\n<p style=\"text-align: justify;\"><span style=\"color: #000000;\">Pilato di nuovo usc\u00ec fuori e disse loro: \u201c<em>Ecco, ve lo conduco fuori, affinch\u00e9 sappiate che non trovo in lui alcuna co<\/em>lpa\u201d.<\/span><\/p>\n<p style=\"text-align: justify;\"><span style=\"color: #000000;\">Usc\u00ec dunque Ges\u00f9, portando la corona di spine e il mantello di porpora. Pilato disse loro: \u201c<em>Ecco l\u2019uomo<\/em> (<em>idou ho anthropos, vulg. Ecce homo<\/em>)\u201d.<\/span><\/p>\n<p style=\"text-align: justify;\"><span style=\"color: #000000;\">Vedendolo, i sommi sacerdoti e i loro inservienti gridarono: \u201c<em>Crocifiggi! Crocifiggi!<\/em>\u201d<\/span><\/p>\n<p style=\"text-align: justify;\"><span style=\"color: #000000;\">Disse loro Pilato: \u201c<em>Prendetelo voi e crocifiggetelo; io non trovo in lui colpa<\/em>\u201d. Gli risposero gli Ebrei: \u201c<em>Noi abbiamo una legge e secondo questa legge deve morire, perch\u00e9 si \u00e8 fatto figlio di Dio<\/em>\u201d.<\/span><\/p>\n<p style=\"text-align: justify;\"><span style=\"color: #000000;\"><img loading=\"lazy\" decoding=\"async\" class=\"size-full wp-image-43821 alignleft\" src=\"https:\/\/www.rassegnastampa-totustuus.it\/cattolica\/wp-content\/uploads\/2019\/08\/Ges\u00f9-4.jpg\" alt=\"\" width=\"195\" height=\"259\" \/>L\u2019accusa che, secondo Lev. 24,16, meritava per gli Ebrei la pena capitale era stata gi\u00e0 menzionata in Gv. 5,18 (\u201c<em>Per questo i Giudei cercavano di ucciderlo, perch\u00e9 non solo violava il sabato, ma chiamava Dio suo padre, facendo se stesso uguale a Dio<\/em>\u201d) e Ges\u00f9 si era difeso con queste parole: A colui che il padre ha santificato e ha mandato nel mondo voi dite: \u201c<em>Tu bestemmi<\/em>,\u201d perch\u00e9 ho detto: \u201c<em>Sono figlio di Dio<\/em>\u201d<\/span><\/p>\n<p style=\"text-align: justify;\"><span style=\"color: #000000;\">Quale fu, allora, l\u2019imputazione mossa contro Ges\u00f9? Testo fondamentale risulta essere quello di Luca, poich\u00e9 risulta essere quello maggiormente dettagliato sul punto: <em>Quest\u2019uomo lo abbiamo trovato mentre sobillava la nostra gente; proibiva di pagare i tributi a Cesare ed affermava di essere il Cristo-Re.<\/em> (Lc. 23.2, 5)<\/span><\/p>\n<p style=\"text-align: justify;\"><span style=\"color: #000000;\"><img loading=\"lazy\" decoding=\"async\" class=\"size-medium wp-image-56164 alignright\" src=\"https:\/\/www.rassegnastampa-totustuus.it\/cattolica\/wp-content\/uploads\/2023\/04\/Inri_crocifissione_Ges\u00f9-300x150.jpg\" alt=\"\" width=\"300\" height=\"150\" srcset=\"https:\/\/www.rassegnastampa-totustuus.it\/cattolica\/wp-content\/uploads\/2023\/04\/Inri_crocifissione_Ges\u00f9-300x150.jpg 300w, https:\/\/www.rassegnastampa-totustuus.it\/cattolica\/wp-content\/uploads\/2023\/04\/Inri_crocifissione_Ges\u00f9.jpg 318w\" sizes=\"auto, (max-width: 300px) 100vw, 300px\" \/>Il passo lucano allude alle imputazioni di lesa maest\u00e0 (nella duplice forma sia della sollevazione popolare, sia dell\u2019attivit\u00e0 tesa ad ostacolare la raccolta delle imposte) e della <em>adfectatio regni<\/em> (ossia la proclamazione di s\u00e9 stesso quale Re \u2013 ovviamente, nel caso di specie, di Israele o della Giudea).<\/span><\/p>\n<p style=\"text-align: justify;\"><span style=\"color: #000000;\">Si trattava di imputazioni assai gravi e rilevanti per il diritto romano, e come tali degne della cognizione del magistrato romano. A questo riguardo, tuttavia, la dottrina ha interposto un\u2019eccezione.<\/span><\/p>\n<p style=\"text-align: justify;\"><span style=\"color: #000000;\">Davanti al Sinedrio, infatti, si sarebbe trattato di fatti di natura religiosa, ossia della messianicit\u00e0 di Ges\u00f9 e della sua filiazione rispetto a Dio.<\/span><\/p>\n<p style=\"text-align: justify;\"><span style=\"color: #000000;\"><img loading=\"lazy\" decoding=\"async\" class=\" wp-image-56165 alignleft\" src=\"https:\/\/www.rassegnastampa-totustuus.it\/cattolica\/wp-content\/uploads\/2023\/04\/Ges\u00f9_coronato_di-spine.jpg\" alt=\"\" width=\"329\" height=\"218\" \/>Questo profilo si sarebbe \u2013 per cos\u00ec dire \u2013 dissolto, invece, davanti a Pilato, per \u2018tramutarsi\u2019 nell\u2019accusa di lesa maest\u00e0. Procedendo da questa obiezione si \u00e8 giunti alla conclusione che i Sinedriti fossero stati mossi da esclusivo odio (religioso e politico) verso Ges\u00f9, appena dissimulato nelle forme del processo, e che la consegna dell\u2019imputato al magistrato romano fosse avvenuta modificando il capo di imputazione, con evidente mala fede, ossia accusando il Nazareno di reati diversi e pertinenti l\u2019ordinamento romano, poich\u00e9 Pilato non avrebbe di certo proceduto ad emettere una sentenza di condanna \u2013 per di pi\u00f9 capitale \u2013 sulla base della commissione di illeciti religiosi, ovvero di esclusivo interesse per la cultura e per la religione ebraiche. Se la premessa fosse valida, allora \u2013 come conclude questa parte della dottrina \u2013 saremmo in possesso della prova che il Sinedrio fu \u2018colpevole\u2019 per la morte di Ges\u00f9, avendo provocato l\u2019azione del prefetto di Giudea Pilato contro la realt\u00e0 dei fatti e le risultanze probatorie.<\/span><\/p>\n<p style=\"text-align: justify;\"><span style=\"color: #000000;\"><img loading=\"lazy\" decoding=\"async\" class=\" wp-image-43810 alignright\" src=\"https:\/\/www.rassegnastampa-totustuus.it\/cattolica\/wp-content\/uploads\/2019\/07\/Ges\u00f9-3.jpg\" alt=\"\" width=\"265\" height=\"229\" \/>A sostegno di tale conclusione si \u00e8 osservato, inoltre, che nella seduta davanti al Sinedrio (ossia nel corso della fase istruttoria) sarebbero state commesse numerose irregolarit\u00e0, tali di inficiare la validit\u00e0 dell\u2019intero procedimento. Queste dimostrerebbero, ancora una volta, la cattiva coscienza e, pertanto, il pregiudizio dei sinedriti. Infatti, alla luce delle narrazioni evangeliche:<\/span><\/p>\n<ul>\n<li style=\"text-align: justify;\"><span style=\"color: #000000;\">I. i testimoni apparirebbero essere stati addirittura subornati;[5]<\/span><\/li>\n<li style=\"text-align: justify;\"><span style=\"color: #000000;\">II. la seduta del Sinedrio si sarebbe tenuta di notte, contro le regole rituali ebraiche;<\/span><\/li>\n<li style=\"text-align: justify;\"><span style=\"color: #000000;\">III. l\u2019accertamento della reit\u00e0 sarebbe avvenuto soltanto dopo la testimonianza (peraltro unica) emessa dello stesso Ges\u00f9, mentre per l\u2019ordinamento ebraico un solo testimone non sarebbe stato sufficiente per giungere al verdetto di colpevolezza e alla relativa condanna;<\/span><\/li>\n<li style=\"text-align: justify;\"><span style=\"color: #000000;\">IV. Ges\u00f9 \u00e8 accusato soltanto di proclamarsi \u2018Figlio dell\u2019Altissimo\u2019.<\/span><\/li>\n<\/ul>\n<p style=\"text-align: justify;\"><span style=\"color: #000000;\"><img loading=\"lazy\" decoding=\"async\" class=\" wp-image-43822 alignleft\" src=\"https:\/\/www.rassegnastampa-totustuus.it\/cattolica\/wp-content\/uploads\/2019\/08\/Ges\u00f9-5.jpg\" alt=\"\" width=\"264\" height=\"249\" \/>Perch\u00e9 l\u2019evento decisivo della storia \u2013 la passione di Cristo e la redenzione dell\u2019umanit\u00e0 \u2013 deve prendere la forma di un processo? Perch\u00e9 Ges\u00f9 deve fare i conti con la legge e misurarsi con Pilato \u2013 il vicario di Cesare \u2013 in una stretta, di cui non sembra fino all\u2019ultimo venire a capo? A questa domanda, Dante aveva cercato di rispondere non elusivamente nel <em>De Monarchia<\/em>, anche se ci\u00f2 che innanzitutto gli premeva era la legittimazione dell\u2019Impero Romano.<\/span><\/p>\n<p style=\"text-align: justify;\"><span style=\"color: #000000;\">Egli interpreta il famigerato versetto di Luca 2,1 sul censimento al momento della nascita di Ges\u00f9 (\u201c<em>In quei giorni fu promulgato un editto di Cesare Augusto che ordinava il censimento di tutta la terra<\/em>\u201d) come il riconoscimento che la giurisdizione di Roma sul mondo corrispondeva al giudizio divino (<em>de divino iudicio prevaluit<\/em> \u2013 De Mon. II,8). Cristo \u2013 egli argomenta \u2013 ha voluto nascere e farsi censire sotto l\u2019editto di Cesare perch\u00e9 in questo modo la sua umanit\u00e0 veniva sancita col sigillo della legge: Cristo, come attesta il suo scriba Luca, ha voluto nascere dalla Vergine sua madre sotto l\u2019editto dell\u2019autorit\u00e0 romana, affinch\u00e9, in quel censimento di tutto il genere umano, il figlio di Dio, fatto uomo, fosse censito come uomo (<em>homo conscriberetur<\/em>) [\u2026].<\/span><\/p>\n<p style=\"text-align: justify;\"><span style=\"color: #000000;\">E forse \u00e8 pi\u00f9 giusto ritenere che quell\u2019editto fosse proclamato da Cesare secondo la volont\u00e0 di Dio (divinitus), in modo che colui che era stato atteso per secoli nella societ\u00e0 degli uomini, fosse segnato tra i mortali. (De Mon. II,9)<\/span><\/p>\n<p style=\"text-align: justify;\"><span style=\"color: #000000;\"><img loading=\"lazy\" decoding=\"async\" class=\" wp-image-35681 alignright\" src=\"https:\/\/www.rassegnastampa-totustuus.it\/cattolica\/wp-content\/uploads\/2005\/07\/impero_Roma.jpg\" alt=\"\" width=\"313\" height=\"210\" \/>Dante riprende qui l\u2019idea di un parallelismo fra l\u2019universalit\u00e0 dell\u2019Impero Romano e l\u2019incarnazione dell\u2019unico Dio, il censimento di Augusto e la nascita di Cristo, che era stata elaborata gi\u00e0 a partire da Eusebio, Giovanni Crisostomo, Girolamo e Ambrogio, e si trova espressa con chiarezza nell\u2019opera storica di Orosio. In questione era la giustificazione teologica del potere imperiale e dell\u2019alleanza che la Chiesa aveva concluso con esso.<\/span><\/p>\n<p style=\"text-align: justify;\"><span style=\"color: #000000;\">Anche per questo il nome di Pilato era stato incluso nel <em>Symbolon<\/em> costantinopolitano. Se Pilato non ha, per\u00f2, emesso un giudizio legittimo, l\u2019appuntamento fra il vicario di Cesare e Ges\u00f9, fra la legge umana e il divino, fra la citt\u00e0 terrena e quella celeste, perde la sua ragion d\u2019essere e diventa un enigma.<\/span><\/p>\n<p style=\"text-align: justify;\"><span style=\"color: #000000;\"><img loading=\"lazy\" decoding=\"async\" class=\" wp-image-56166 alignleft\" src=\"https:\/\/www.rassegnastampa-totustuus.it\/cattolica\/wp-content\/uploads\/2023\/04\/Ponzio_Pilato_Ges\u00f9-300x219.jpg\" alt=\"\" width=\"342\" height=\"250\" srcset=\"https:\/\/www.rassegnastampa-totustuus.it\/cattolica\/wp-content\/uploads\/2023\/04\/Ponzio_Pilato_Ges\u00f9-300x219.jpg 300w, https:\/\/www.rassegnastampa-totustuus.it\/cattolica\/wp-content\/uploads\/2023\/04\/Ponzio_Pilato_Ges\u00f9.jpg 690w\" sizes=\"auto, (max-width: 342px) 100vw, 342px\" \/>Viene, insieme, a cadere ogni possibilit\u00e0 di una teologia politica cristiana e di una giustificazione teologica del potere profano. L\u2019ordine giuridico non si lascia iscrivere cos\u00ec limpidamente nell\u2019ordine della salvezza, n\u00e9 questo in quello.<\/span><\/p>\n<p style=\"text-align: justify;\"><span style=\"color: #000000;\">Pilato, con la sua irresolutezza \u2013 come il sovrano barocco secondo Benjamin, che \u00e8 incapace di decidere \u2013, ha diviso per sempre i due ordini \u2013 o, quanto meno, ha reso insondabile la loro relazione. In questo modo ha condannato l\u2019umanit\u00e0 a una <em>krisis <\/em>incessante \u2013 incessante, perch\u00e9 non pu\u00f2 mai essere decisa una volta per tutte.[6]<\/span><\/p>\n<p style=\"text-align: justify;\"><span style=\"color: #000000;\">L\u2019insolvibilit\u00e0 implicita nello scontro fra i due mondi, e fra Pilato e Ges\u00f9, si attesta nelle due idee-chiave della modernit\u00e0: che la storia sia un \u201cprocesso\u201d e che questo processo, in quanto non si conclude in un giudizio, sia in stato di crisi permanente.<\/span><\/p>\n<p style=\"text-align: justify;\"><span style=\"color: #000000;\"><img loading=\"lazy\" decoding=\"async\" class=\"size-full wp-image-47178 alignright\" src=\"https:\/\/www.rassegnastampa-totustuus.it\/cattolica\/wp-content\/uploads\/2020\/05\/chiesa_giudizio_Dio.jpg\" alt=\"\" width=\"287\" height=\"175\" \/>In questo senso il processo di Ges\u00f9 \u00e8 un\u2019allegoria del nostro tempo che, come ogni epoca storica che abbia rispetto di s\u00e9, dovrebbe avere la forma escatologica di una <em>novissima dies<\/em>, ma ne \u00e8 stata privata dalla tacita, progressiva estenuazione del dogma del Giudizio Universale, di cui la Chiesa non vuol pi\u00f9 sentir parlare.<\/span><\/p>\n<p style=\"text-align: justify;\"><span style=\"color: #000000;\">Tanto nella tradizione medica che in quella teologica, che sono confluite nel significato moderno del termine, il termine <em>krisis<\/em> \u00e8 inseparabile dalla connessione a un momento determinato del tempo: i \u201cgiorni decisivi (<em>krisimoi emerai, vulg. dies decretorii<\/em>)\u201d in cui il medico \u201cgiudica\u201d se il malato sopravvivr\u00e0, e l\u2019ultimo giorno che coincide con la fine dei tempi o della cosa che deve essere giudicata.<\/span><\/p>\n<p style=\"text-align: justify;\"><span style=\"color: #000000;\">Scrive Tommaso: <em>Il giudizio concerne il termine, attraverso il quale le cose sono condotte alla loro fine [\u2026]. Non si pu\u00f2 dare un giudizio di una cosa mutabile prima della sua consumazione [\u2026] per questo \u00e8 necessario che il giudizio finale avvenga nell\u2019ultimo giorno, nel quale soltanto si pu\u00f2 decidere compiutamente e manifestamente ci\u00f2 che riguarda ciascun uomo<\/em>. (S.th. Suppl., q. 88, art. 1 e S.th., III, q. 59, art. 5)<\/span><\/p>\n<p style=\"text-align: justify;\"><span style=\"color: #000000;\">Come il trauma in psicoanalisi, la crisi, che \u00e8 stata tolta dal suo terrifico luogo, riappare in forme patologiche in ogni ambito e in ogni momento. Essa si separa dal suo \u201cgiorno decisivo\u201d e si trasforma in una condizione permanente.<\/span><\/p>\n<p style=\"text-align: justify;\"><span style=\"color: #000000;\"><img loading=\"lazy\" decoding=\"async\" class=\" wp-image-28976 alignleft\" src=\"https:\/\/www.rassegnastampa-totustuus.it\/cattolica\/wp-content\/uploads\/2010\/01\/giustizia.jpg\" alt=\"\" width=\"311\" height=\"194\" \/>Conseguentemente, la facolt\u00e0 di decidere una volta per tutte viene meno e la decisione incessante non decide propriamente di nulla. Ovvero, com\u2019\u00e8 avvenuto a Pilato, si rovescia improvvisamente in catastrofe. L\u2019indeciso \u2013 Pilato \u2013 non fa che decidere, il deciso \u2013 Ges\u00f9 \u2013 non ha alcuna decisione da prendere.[7]<\/span><\/p>\n<p style=\"text-align: justify;\"><span style=\"color: #000000;\">Che vi sia un processo, ma non un giudizio, \u00e8, in realt\u00e0, la pi\u00f9 severa obiezione che possa levarsi contro il diritto, se \u00e8 vero che il diritto \u00e8 in ultima istanza processo e questo, nella sua essenza, giudizio. Colui che \u00e8 venuto a compiere la legge, colui che \u00e8 stato mandato nel mondo non per giudicarlo, ma per salvarlo, deve sottoporsi a un processo senza giudizio. \u00c8 possibile che Paolo, quando elabora la sua critica della legge nella lettera ai Romani, fosse a conoscenza di narrazioni del processo di Ges\u00f9 che sono poi confluite nei Vangeli.<\/span><\/p>\n<p style=\"text-align: justify;\"><span style=\"color: #000000;\"><img loading=\"lazy\" decoding=\"async\" class=\"wp-image-36782 alignright\" src=\"https:\/\/www.rassegnastampa-totustuus.it\/cattolica\/wp-content\/uploads\/2016\/11\/Cristo-re.jpg\" alt=\"\" width=\"301\" height=\"246\" \/>Alla sua tesi perentoria \u2013 non si pu\u00f2 essere giustificati attraverso la legge, ma solo attraverso la fede \u2013 corrisponde puntualmente il fatto che Ges\u00f9 non poteva, in realt\u00e0, essere giudicato. Come la legge non pu\u00f2 giustificare, cos\u00ed non pu\u00f2 nemmeno giudicare. \u00c8 quanto Ges\u00f9 afferma con chiarezza in Gv. 3,19: <em>Chi crede in lui non viene giudicato (ou krinetai); chi non crede in lui \u00e8 stato gi\u00e0 giudicato <\/em>(<em>ede kekritai<\/em>) [\u2026].<\/span><\/p>\n<p style=\"text-align: justify;\"><span style=\"color: #000000;\">Questo, infatti, \u00e8 il giudizio: che la luce \u00e8 venuta nel mondo e gli uomini hanno amato pi\u00fa le tenebre che la luce. Un giudizio non pu\u00f2 in verit\u00e0 darsi, perch\u00e9 esso \u00e8 sempre gi\u00e0 avvenuto. <em>Aute de estin he krisis<\/em>: questo, e non altro, \u00e8, agli occhi di Ges\u00f9, il giudizio. Il processo di Ges\u00f9 \u2013 ogni processo \u2013 comincia quando il giudizio \u00e8 gi\u00e0 avvenuto. Il giudice pu\u00f2 soltanto consegnare l\u2019accusato al carnefice, non pu\u00f2 giudicarlo.<\/span><\/p>\n<p style=\"text-align: justify;\"><span style=\"color: #000000;\">Nel 1949 Salvatore Satta pubblica un saggio, <em>Il mistero del processo<\/em>, che \u00e8 forse la pi\u00fa acuta riflessione che un giurista abbia fatto sulla propria materia. \u00c8 del tutto fuorviante, egli scrive, sostenere che il processo abbia per scopo l\u2019attuazione della legge, la giustizia o la verit\u00e0: se ci\u00f2 fosse vero, non si comprenderebbe la forza del giudicato che compete a una sentenza indipendentemente dal suo essere giusta o ingiusta.<\/span><\/p>\n<p style=\"text-align: justify;\"><span style=\"color: #000000;\">Se uno scopo si vuole assegnare al processo, questo non pu\u00f2 essere altro che il giudizio. La pronuncia di un giudizio, la <em>res iudicata<\/em>, con cui la sentenza si sostituisce alla verit\u00e0 e alla giustizia, \u00e8 il fine ultimo del processo. Ma il giudizio, lo abbiamo visto, non \u00e8 uno scopo esterno al processo: esso coincide integralmente col suo implacabile svolgimento, che \u00e8, quindi, in qualche modo, un atto senza scopo.<\/span><\/p>\n<p style=\"text-align: justify;\"><span style=\"color: #000000;\"><em>Perch\u00e9 questa battuta d\u2019arresto \u00e8 proprio il giudizio: un atto, dunque, contrario all\u2019economia della vita, che \u00e8 tutta movimento, tutta volont\u00e0 e tutta azione, un atto antiumano, inumano, un atto veramente \u2013 se lo si considera, bene inteso, nella sua essenza \u2013 senza scopo. Di quest\u2019atto senza scopo gli uomini hanno intuito la natura divina e gli hanno dato in balia tutta la loro esistenza. Di pi\u00fa: tutta la loro esistenza hanno costruito su quest\u2019unico atto. Secondo il nostro credo, quando la vita sar\u00e0 finita, quando l\u2019azione sar\u00e0 conclusa, verr\u00e0 Uno, non per punire, non per premiare, ma per giudicare: qui venturus est judicare vivos et mortuos<\/em>.[8]<\/span><\/p>\n<p style=\"text-align: justify;\"><span style=\"color: #000000;\">\u00c8 questa concezione del giudizio che il processo di Ges\u00f9 revoca in questione. Poich\u00e9, in esso, il mistero del giudizio e il mistero della vita si sfiorano in un punto per poi separarsi per sempre.<\/span><\/p>\n<p>________________________<\/p>\n<p style=\"text-align: justify;\"><span style=\"color: #000000;\"><strong>[1]<\/strong> La frase latina <em>Quid est veritas?<\/em>, tradotta letteralmente, significa \u00abChe cos\u2019\u00e8 la verit\u00e0?\u00bb. La frase si trova nel <em>Vangelo secondo Giovanni<\/em> (18:38), ed \u00e8 pronunciata da Ponzio Pilato durante il suo interrogatorio a Ges\u00f9. In questo passo Pilato replica alla dichiarazione di Ges\u00f9 di essere venuto al mondo per \u00abrendere testimonianza alla verit\u00e0\u00bb. Dopo di ci\u00f2, Pilato proclama alle masse di non riscontrare in Ges\u00f9 nessuna colpa. Il brano, in lingua greca, \u00e8 attestato nel Papiro P52, risalente alla prima met\u00e0 del II secolo. Il significato della domanda \u00e8 stato oggetto di dibattiti tra studiosi testamentari, che per\u00f2 non sono giunti a solide conclusioni. La domanda di Pilato potrebbe essere intesa come uno scherno, se si considera il processo una farsa, o potrebbe significare che la verit\u00e0 \u00e8 difficile da accertare.<\/span><\/p>\n<p style=\"text-align: justify;\"><span style=\"color: #000000;\"><strong>[2]<\/strong> Questo versetto \u00e8 stato ampiamente citato e riportato nella cultura e letteratura occidentali, in particolare in ambito filosofico. Per quanto con la domanda di Pilato \u2013 sia che venga intesa filosoficamente, ironicamente, retoricamente, o nata da frustrazione per la mancanza di una semplice risposta \u2013 non sia affatto la prima volta che qualcuno mette in discussione la natura della verit\u00e0, la frase \u00e8 stata nominata spesso come un significativo verificarsi di tale ricorrenza. <strong>Francesco Bacone<\/strong> usa questo pensiero per iniziare il suo saggio \u201cOf Truth (Sulla Verit\u00e0)\u201d, affermando che Pilato \u201cnon rimase ad aspettare una risposta\u201d. Propone la frase per introdurre il suo tema come affermazione di fede. <strong>Friedrich Nietzsche<\/strong> ne fa un nodo della sua critica al cristianesimo nel suo L\u2019Anticristo: \u00abDevo proprio aggiungere che in tutto il Nuovo Testamento vi \u00e8 solo <em>una<\/em> solitaria figura che si \u00e8 obbligati a rispettare? Pilato, il governatore romano. Prendere <em>sul serio<\/em> un problema ebraico \u2013 non riesce a farlo. Un ebreo in pi\u00f9 o in meno \u2013 cosa importa?\u2026 Il nobile disprezzo di un romano davanti a cui un uso sfacciato della parola \u2018verit\u00e0\u2019 \u00e8 stato fatto, ha arricchito il Nuovo Testamento con l\u2019unica espressione che <em>possiede valore<\/em> \u2013 che \u00e8 la sua critica, persino il suo <em>annientamento<\/em>: \u2018Che cos\u2019\u00e8 la verit\u00e0?\u2019\u2026\u201d\u00bb Questa domanda \u00e8 posta da <strong>Jonathan Swift Somers<\/strong> (una specie di Ponzio Pilato) all\u2019aspirante \u201cprofeta\u201d Oaks Tutt ne Antologia di Spoon River: come nel Vangelo secondo Giovanni, non vi \u00e8 una risposta. <strong>Michail Bulgakov<\/strong> fittiziamente espande il rapporto tra Pilato e Ges\u00f9 nel suo romanzo <em>Il Maestro e Margherita<\/em>. Un riferimento specifico a Giovanni 18:38 arriva nel Capitolo 2 del romanzo, dal titolo \u201cPonzio Pilato\u201d, in cui egli chiede la stessa domanda: \u201cChe cos\u2019\u00e8 la verit\u00e0?\u201d ad un Ges\u00f9 romanzato di nome Jeshua Ha-Nozri.<\/span><\/p>\n<p style=\"text-align: justify;\"><span style=\"color: #000000;\"><strong>[3]<\/strong> Benedetto XVI<em>, Ges\u00f9 di Nazaret<\/em>, Il <em>processo a Ges\u00f9<\/em>, Tomo 2, Capitolo 7, Rizzoli 2007<\/span><\/p>\n<p style=\"text-align: justify;\"><span style=\"color: #000000;\"><strong>[4]<\/strong> Oswald Spengler, <em>Der Untergang des Abendlandes, Beck<\/em>, M\u00fcnchen 1975; ed. it. Il tramonto dell\u2019Occidente, trad. it. di R. Calabrese Conte, M. Cottone, F. Jesi, p. 968, Longanesi, Milano 1978.<\/span><\/p>\n<p style=\"text-align: justify;\"><span style=\"color: #000000;\"><strong>[5]<\/strong> Cfr. Mt. 26.59-60 e Mc. 14.56 (comunque falsi, anche se non corrotti)<\/span><\/p>\n<p style=\"text-align: justify;\"><span style=\"color: #000000;\"><strong>[6]<\/strong> G. Agamben, <em>Pilato e Ges\u00f9<\/em> p. 34-35, Nottetempo, Milano 2013<\/span><\/p>\n<p style=\"text-align: justify;\"><span style=\"color: #000000;\"><strong>[7]<\/strong> G. Agamben,<em> Pilato e Ges\u00f9, cit.<\/em> p. 35-36<\/span><\/p>\n<p style=\"text-align: justify;\"><span style=\"color: #000000;\"><strong>[8]<\/strong> Satta: Salvatore Satta, \u201cIl mistero del processo\u201d, p. 25 in Rivista di diritto processuale, a. 4, n. 4, 1949, ora in Il mistero del processo, Adelphi, Milano 1994.<\/span><\/p>\n<p>_____________________________________<\/p>\n<p><span style=\"color: #000000;\"><strong>Si legga anche:<\/strong><\/span><\/p>\n<p><a href=\"https:\/\/www.rassegnastampa-totustuus.it\/cattolica\/oremus-et-pro-iudaeis\/\" target=\"_blank\" rel=\"noopener\"><span style=\"color: #0000ff;\">Oremus et pro Iudaeis<\/span><\/a><\/p>\n<p><a href=\"https:\/\/www.rassegnastampa-totustuus.it\/cattolica\/lanticristianesimo-allorigine-dellantigiudaismo\/\" target=\"_blank\" rel=\"noopener\"><span style=\"color: #0000ff;\">L\u2019anticristianesimo all\u2019origine dell\u2019antigiudaismo<\/span><\/a><\/p>\n","protected":false},"excerpt":{"rendered":"<p>Abstract: il processo di Ges\u00f9 davanti al sinedrio e a Ponzio Pilato, analisi di un procedimento penale che non finisce mai di interrogare drammaticamente la coscienza. Nessun altro processo, nemmeno quello intentato a Socrate, ai Templari o a Galileo, soltanto per far cenno ad alcuni, peraltro notissimi, come lo \u00e8, nella storia moderna, quello di &hellip; <\/p>\n<p><a class=\"more-link btn\" href=\"https:\/\/www.rassegnastampa-totustuus.it\/cattolica\/il-processo-di-gesu-davanti-al-sinedrio-e-a-ponzio-pilato-analisi\/\">Continua a leggere<\/a><\/p>\n","protected":false},"author":6,"featured_media":43820,"comment_status":"closed","ping_status":"closed","sticky":false,"template":"","format":"standard","meta":{"footnotes":""},"categories":[5,24],"tags":[157,332,162],"class_list":["post-56155","post","type-post","status-publish","format-standard","has-post-thumbnail","hentry","category-chiesa","category-storia","tag-chiesa-2","tag-gesu-cristo","tag-storia-2","item-wrap"],"yoast_head":"<!-- This site is optimized with the Yoast SEO plugin v27.5 - https:\/\/yoast.com\/product\/yoast-seo-wordpress\/ -->\n<title>Il processo di Ges\u00f9 davanti al sinedrio e a Ponzio Pilato, analisi - Rassegna Stampa Cattolica<\/title>\n<meta name=\"description\" content=\"Il processo di Ges\u00f9 davanti al sinedrio e a Ponzio Pilato, analisi di un procedimento penale al centro di innumerevoli interpretazioni\" \/>\n<meta name=\"robots\" content=\"index, follow, max-snippet:-1, max-image-preview:large, max-video-preview:-1\" \/>\n<link rel=\"canonical\" href=\"https:\/\/www.rassegnastampa-totustuus.it\/cattolica\/il-processo-di-gesu-davanti-al-sinedrio-e-a-ponzio-pilato-analisi\/\" \/>\n<meta property=\"og:locale\" content=\"it_IT\" \/>\n<meta property=\"og:type\" content=\"article\" \/>\n<meta property=\"og:title\" content=\"Il processo di Ges\u00f9 davanti al sinedrio e a Ponzio Pilato, analisi - Rassegna Stampa Cattolica\" \/>\n<meta property=\"og:description\" content=\"Il processo di Ges\u00f9 davanti al sinedrio e a Ponzio Pilato, analisi di un procedimento penale al centro di innumerevoli interpretazioni\" \/>\n<meta property=\"og:url\" content=\"https:\/\/www.rassegnastampa-totustuus.it\/cattolica\/il-processo-di-gesu-davanti-al-sinedrio-e-a-ponzio-pilato-analisi\/\" \/>\n<meta property=\"og:site_name\" content=\"Rassegna Stampa Cattolica\" \/>\n<meta property=\"article:publisher\" content=\"https:\/\/www.facebook.com\/rassegnastampacattolica\" \/>\n<meta property=\"article:published_time\" content=\"2023-04-12T22:00:12+00:00\" \/>\n<meta property=\"article:modified_time\" content=\"2024-01-07T09:52:42+00:00\" \/>\n<meta property=\"og:image\" content=\"https:\/\/www.rassegnastampa-totustuus.it\/cattolica\/wp-content\/uploads\/2019\/08\/Ges\u00f9-3.jpg\" \/>\n\t<meta property=\"og:image:width\" content=\"290\" \/>\n\t<meta property=\"og:image:height\" content=\"240\" \/>\n\t<meta property=\"og:image:type\" content=\"image\/jpeg\" \/>\n<meta name=\"author\" content=\"Redazione\" \/>\n<meta name=\"twitter:card\" content=\"summary_large_image\" \/>\n<meta name=\"twitter:creator\" content=\"@rassegnastampa9\" \/>\n<meta name=\"twitter:site\" content=\"@rassegnastampa9\" \/>\n<meta name=\"twitter:label1\" content=\"Scritto da\" \/>\n\t<meta name=\"twitter:data1\" content=\"Redazione\" \/>\n\t<meta name=\"twitter:label2\" content=\"Tempo di lettura stimato\" \/>\n\t<meta name=\"twitter:data2\" content=\"28 minuti\" \/>\n<script type=\"application\/ld+json\" class=\"yoast-schema-graph\">{\"@context\":\"https:\\\/\\\/schema.org\",\"@graph\":[{\"@type\":\"Article\",\"@id\":\"https:\\\/\\\/www.rassegnastampa-totustuus.it\\\/cattolica\\\/il-processo-di-gesu-davanti-al-sinedrio-e-a-ponzio-pilato-analisi\\\/#article\",\"isPartOf\":{\"@id\":\"https:\\\/\\\/www.rassegnastampa-totustuus.it\\\/cattolica\\\/il-processo-di-gesu-davanti-al-sinedrio-e-a-ponzio-pilato-analisi\\\/\"},\"author\":{\"name\":\"Redazione\",\"@id\":\"https:\\\/\\\/www.rassegnastampa-totustuus.it\\\/cattolica\\\/#\\\/schema\\\/person\\\/08f319d2bd1a0904ad9e2bfb7b15e5c3\"},\"headline\":\"Il processo di Ges\u00f9 davanti al sinedrio e a Ponzio Pilato, analisi\",\"datePublished\":\"2023-04-12T22:00:12+00:00\",\"dateModified\":\"2024-01-07T09:52:42+00:00\",\"mainEntityOfPage\":{\"@id\":\"https:\\\/\\\/www.rassegnastampa-totustuus.it\\\/cattolica\\\/il-processo-di-gesu-davanti-al-sinedrio-e-a-ponzio-pilato-analisi\\\/\"},\"wordCount\":4202,\"publisher\":{\"@id\":\"https:\\\/\\\/www.rassegnastampa-totustuus.it\\\/cattolica\\\/#organization\"},\"image\":{\"@id\":\"https:\\\/\\\/www.rassegnastampa-totustuus.it\\\/cattolica\\\/il-processo-di-gesu-davanti-al-sinedrio-e-a-ponzio-pilato-analisi\\\/#primaryimage\"},\"thumbnailUrl\":\"https:\\\/\\\/www.rassegnastampa-totustuus.it\\\/cattolica\\\/wp-content\\\/uploads\\\/2019\\\/08\\\/Ges\u00f9-3.jpg\",\"keywords\":[\"chiesa\",\"Ges\u00f9 Cristo\",\"storia\"],\"articleSection\":[\"Chiesa\",\"Storia\"],\"inLanguage\":\"it-IT\"},{\"@type\":\"WebPage\",\"@id\":\"https:\\\/\\\/www.rassegnastampa-totustuus.it\\\/cattolica\\\/il-processo-di-gesu-davanti-al-sinedrio-e-a-ponzio-pilato-analisi\\\/\",\"url\":\"https:\\\/\\\/www.rassegnastampa-totustuus.it\\\/cattolica\\\/il-processo-di-gesu-davanti-al-sinedrio-e-a-ponzio-pilato-analisi\\\/\",\"name\":\"Il processo di Ges\u00f9 davanti al sinedrio e a Ponzio Pilato, analisi - Rassegna Stampa Cattolica\",\"isPartOf\":{\"@id\":\"https:\\\/\\\/www.rassegnastampa-totustuus.it\\\/cattolica\\\/#website\"},\"primaryImageOfPage\":{\"@id\":\"https:\\\/\\\/www.rassegnastampa-totustuus.it\\\/cattolica\\\/il-processo-di-gesu-davanti-al-sinedrio-e-a-ponzio-pilato-analisi\\\/#primaryimage\"},\"image\":{\"@id\":\"https:\\\/\\\/www.rassegnastampa-totustuus.it\\\/cattolica\\\/il-processo-di-gesu-davanti-al-sinedrio-e-a-ponzio-pilato-analisi\\\/#primaryimage\"},\"thumbnailUrl\":\"https:\\\/\\\/www.rassegnastampa-totustuus.it\\\/cattolica\\\/wp-content\\\/uploads\\\/2019\\\/08\\\/Ges\u00f9-3.jpg\",\"datePublished\":\"2023-04-12T22:00:12+00:00\",\"dateModified\":\"2024-01-07T09:52:42+00:00\",\"description\":\"Il processo di Ges\u00f9 davanti al sinedrio e a Ponzio Pilato, analisi di un procedimento penale al centro di innumerevoli interpretazioni\",\"breadcrumb\":{\"@id\":\"https:\\\/\\\/www.rassegnastampa-totustuus.it\\\/cattolica\\\/il-processo-di-gesu-davanti-al-sinedrio-e-a-ponzio-pilato-analisi\\\/#breadcrumb\"},\"inLanguage\":\"it-IT\",\"potentialAction\":[{\"@type\":\"ReadAction\",\"target\":[\"https:\\\/\\\/www.rassegnastampa-totustuus.it\\\/cattolica\\\/il-processo-di-gesu-davanti-al-sinedrio-e-a-ponzio-pilato-analisi\\\/\"]}]},{\"@type\":\"ImageObject\",\"inLanguage\":\"it-IT\",\"@id\":\"https:\\\/\\\/www.rassegnastampa-totustuus.it\\\/cattolica\\\/il-processo-di-gesu-davanti-al-sinedrio-e-a-ponzio-pilato-analisi\\\/#primaryimage\",\"url\":\"https:\\\/\\\/www.rassegnastampa-totustuus.it\\\/cattolica\\\/wp-content\\\/uploads\\\/2019\\\/08\\\/Ges\u00f9-3.jpg\",\"contentUrl\":\"https:\\\/\\\/www.rassegnastampa-totustuus.it\\\/cattolica\\\/wp-content\\\/uploads\\\/2019\\\/08\\\/Ges\u00f9-3.jpg\",\"width\":290,\"height\":240},{\"@type\":\"BreadcrumbList\",\"@id\":\"https:\\\/\\\/www.rassegnastampa-totustuus.it\\\/cattolica\\\/il-processo-di-gesu-davanti-al-sinedrio-e-a-ponzio-pilato-analisi\\\/#breadcrumb\",\"itemListElement\":[{\"@type\":\"ListItem\",\"position\":1,\"name\":\"Home\",\"item\":\"https:\\\/\\\/www.rassegnastampa-totustuus.it\\\/cattolica\\\/\"},{\"@type\":\"ListItem\",\"position\":2,\"name\":\"Il processo di Ges\u00f9 davanti al sinedrio e a Ponzio Pilato, analisi\"}]},{\"@type\":\"WebSite\",\"@id\":\"https:\\\/\\\/www.rassegnastampa-totustuus.it\\\/cattolica\\\/#website\",\"url\":\"https:\\\/\\\/www.rassegnastampa-totustuus.it\\\/cattolica\\\/\",\"name\":\"Rassegna Stampa Cattolica\",\"description\":\"Per una cultura che nasce dalla Rivelazione cristiana in conformit\u00e0 alla tradizione e al Magistero della Chiesa in opposizione ad ogni relativismo e totalitarismo\",\"publisher\":{\"@id\":\"https:\\\/\\\/www.rassegnastampa-totustuus.it\\\/cattolica\\\/#organization\"},\"alternateName\":\"Rass. Cattolica\",\"potentialAction\":[{\"@type\":\"SearchAction\",\"target\":{\"@type\":\"EntryPoint\",\"urlTemplate\":\"https:\\\/\\\/www.rassegnastampa-totustuus.it\\\/cattolica\\\/?s={search_term_string}\"},\"query-input\":{\"@type\":\"PropertyValueSpecification\",\"valueRequired\":true,\"valueName\":\"search_term_string\"}}],\"inLanguage\":\"it-IT\"},{\"@type\":\"Organization\",\"@id\":\"https:\\\/\\\/www.rassegnastampa-totustuus.it\\\/cattolica\\\/#organization\",\"name\":\"Rassegna Stampa Cattolica\",\"url\":\"https:\\\/\\\/www.rassegnastampa-totustuus.it\\\/cattolica\\\/\",\"logo\":{\"@type\":\"ImageObject\",\"inLanguage\":\"it-IT\",\"@id\":\"https:\\\/\\\/www.rassegnastampa-totustuus.it\\\/cattolica\\\/#\\\/schema\\\/logo\\\/image\\\/\",\"url\":\"https:\\\/\\\/www.rassegnastampa-totustuus.it\\\/cattolica\\\/wp-content\\\/uploads\\\/2014\\\/04\\\/logo-rassegna1.gif\",\"contentUrl\":\"https:\\\/\\\/www.rassegnastampa-totustuus.it\\\/cattolica\\\/wp-content\\\/uploads\\\/2014\\\/04\\\/logo-rassegna1.gif\",\"width\":600,\"height\":163,\"caption\":\"Rassegna Stampa Cattolica\"},\"image\":{\"@id\":\"https:\\\/\\\/www.rassegnastampa-totustuus.it\\\/cattolica\\\/#\\\/schema\\\/logo\\\/image\\\/\"},\"sameAs\":[\"https:\\\/\\\/www.facebook.com\\\/rassegnastampacattolica\",\"https:\\\/\\\/x.com\\\/rassegnastampa9\"]},{\"@type\":\"Person\",\"@id\":\"https:\\\/\\\/www.rassegnastampa-totustuus.it\\\/cattolica\\\/#\\\/schema\\\/person\\\/08f319d2bd1a0904ad9e2bfb7b15e5c3\",\"name\":\"Redazione\",\"image\":{\"@type\":\"ImageObject\",\"inLanguage\":\"it-IT\",\"@id\":\"https:\\\/\\\/secure.gravatar.com\\\/avatar\\\/2fcdf27c78ea025fbdb44e914cc63c72249ffec9dc8aafd5c82b26240ef3f346?s=96&d=mm&r=g\",\"url\":\"https:\\\/\\\/secure.gravatar.com\\\/avatar\\\/2fcdf27c78ea025fbdb44e914cc63c72249ffec9dc8aafd5c82b26240ef3f346?s=96&d=mm&r=g\",\"contentUrl\":\"https:\\\/\\\/secure.gravatar.com\\\/avatar\\\/2fcdf27c78ea025fbdb44e914cc63c72249ffec9dc8aafd5c82b26240ef3f346?s=96&d=mm&r=g\",\"caption\":\"Redazione\"},\"url\":\"https:\\\/\\\/www.rassegnastampa-totustuus.it\\\/cattolica\\\/author\\\/pietroelle\\\/\"}]}<\/script>\n<!-- \/ Yoast SEO plugin. -->","yoast_head_json":{"title":"Il processo di Ges\u00f9 davanti al sinedrio e a Ponzio Pilato, analisi - Rassegna Stampa Cattolica","description":"Il processo di Ges\u00f9 davanti al sinedrio e a Ponzio Pilato, analisi di un procedimento penale al centro di innumerevoli interpretazioni","robots":{"index":"index","follow":"follow","max-snippet":"max-snippet:-1","max-image-preview":"max-image-preview:large","max-video-preview":"max-video-preview:-1"},"canonical":"https:\/\/www.rassegnastampa-totustuus.it\/cattolica\/il-processo-di-gesu-davanti-al-sinedrio-e-a-ponzio-pilato-analisi\/","og_locale":"it_IT","og_type":"article","og_title":"Il processo di Ges\u00f9 davanti al sinedrio e a Ponzio Pilato, analisi - Rassegna Stampa Cattolica","og_description":"Il processo di Ges\u00f9 davanti al sinedrio e a Ponzio Pilato, analisi di un procedimento penale al centro di innumerevoli interpretazioni","og_url":"https:\/\/www.rassegnastampa-totustuus.it\/cattolica\/il-processo-di-gesu-davanti-al-sinedrio-e-a-ponzio-pilato-analisi\/","og_site_name":"Rassegna Stampa Cattolica","article_publisher":"https:\/\/www.facebook.com\/rassegnastampacattolica","article_published_time":"2023-04-12T22:00:12+00:00","article_modified_time":"2024-01-07T09:52:42+00:00","og_image":[{"width":290,"height":240,"url":"https:\/\/www.rassegnastampa-totustuus.it\/cattolica\/wp-content\/uploads\/2019\/08\/Ges\u00f9-3.jpg","type":"image\/jpeg"}],"author":"Redazione","twitter_card":"summary_large_image","twitter_creator":"@rassegnastampa9","twitter_site":"@rassegnastampa9","twitter_misc":{"Scritto da":"Redazione","Tempo di lettura stimato":"28 minuti"},"schema":{"@context":"https:\/\/schema.org","@graph":[{"@type":"Article","@id":"https:\/\/www.rassegnastampa-totustuus.it\/cattolica\/il-processo-di-gesu-davanti-al-sinedrio-e-a-ponzio-pilato-analisi\/#article","isPartOf":{"@id":"https:\/\/www.rassegnastampa-totustuus.it\/cattolica\/il-processo-di-gesu-davanti-al-sinedrio-e-a-ponzio-pilato-analisi\/"},"author":{"name":"Redazione","@id":"https:\/\/www.rassegnastampa-totustuus.it\/cattolica\/#\/schema\/person\/08f319d2bd1a0904ad9e2bfb7b15e5c3"},"headline":"Il processo di Ges\u00f9 davanti al sinedrio e a Ponzio Pilato, analisi","datePublished":"2023-04-12T22:00:12+00:00","dateModified":"2024-01-07T09:52:42+00:00","mainEntityOfPage":{"@id":"https:\/\/www.rassegnastampa-totustuus.it\/cattolica\/il-processo-di-gesu-davanti-al-sinedrio-e-a-ponzio-pilato-analisi\/"},"wordCount":4202,"publisher":{"@id":"https:\/\/www.rassegnastampa-totustuus.it\/cattolica\/#organization"},"image":{"@id":"https:\/\/www.rassegnastampa-totustuus.it\/cattolica\/il-processo-di-gesu-davanti-al-sinedrio-e-a-ponzio-pilato-analisi\/#primaryimage"},"thumbnailUrl":"https:\/\/www.rassegnastampa-totustuus.it\/cattolica\/wp-content\/uploads\/2019\/08\/Ges\u00f9-3.jpg","keywords":["chiesa","Ges\u00f9 Cristo","storia"],"articleSection":["Chiesa","Storia"],"inLanguage":"it-IT"},{"@type":"WebPage","@id":"https:\/\/www.rassegnastampa-totustuus.it\/cattolica\/il-processo-di-gesu-davanti-al-sinedrio-e-a-ponzio-pilato-analisi\/","url":"https:\/\/www.rassegnastampa-totustuus.it\/cattolica\/il-processo-di-gesu-davanti-al-sinedrio-e-a-ponzio-pilato-analisi\/","name":"Il processo di Ges\u00f9 davanti al sinedrio e a Ponzio Pilato, analisi - Rassegna Stampa Cattolica","isPartOf":{"@id":"https:\/\/www.rassegnastampa-totustuus.it\/cattolica\/#website"},"primaryImageOfPage":{"@id":"https:\/\/www.rassegnastampa-totustuus.it\/cattolica\/il-processo-di-gesu-davanti-al-sinedrio-e-a-ponzio-pilato-analisi\/#primaryimage"},"image":{"@id":"https:\/\/www.rassegnastampa-totustuus.it\/cattolica\/il-processo-di-gesu-davanti-al-sinedrio-e-a-ponzio-pilato-analisi\/#primaryimage"},"thumbnailUrl":"https:\/\/www.rassegnastampa-totustuus.it\/cattolica\/wp-content\/uploads\/2019\/08\/Ges\u00f9-3.jpg","datePublished":"2023-04-12T22:00:12+00:00","dateModified":"2024-01-07T09:52:42+00:00","description":"Il processo di Ges\u00f9 davanti al sinedrio e a Ponzio Pilato, analisi di un procedimento penale al centro di innumerevoli interpretazioni","breadcrumb":{"@id":"https:\/\/www.rassegnastampa-totustuus.it\/cattolica\/il-processo-di-gesu-davanti-al-sinedrio-e-a-ponzio-pilato-analisi\/#breadcrumb"},"inLanguage":"it-IT","potentialAction":[{"@type":"ReadAction","target":["https:\/\/www.rassegnastampa-totustuus.it\/cattolica\/il-processo-di-gesu-davanti-al-sinedrio-e-a-ponzio-pilato-analisi\/"]}]},{"@type":"ImageObject","inLanguage":"it-IT","@id":"https:\/\/www.rassegnastampa-totustuus.it\/cattolica\/il-processo-di-gesu-davanti-al-sinedrio-e-a-ponzio-pilato-analisi\/#primaryimage","url":"https:\/\/www.rassegnastampa-totustuus.it\/cattolica\/wp-content\/uploads\/2019\/08\/Ges\u00f9-3.jpg","contentUrl":"https:\/\/www.rassegnastampa-totustuus.it\/cattolica\/wp-content\/uploads\/2019\/08\/Ges\u00f9-3.jpg","width":290,"height":240},{"@type":"BreadcrumbList","@id":"https:\/\/www.rassegnastampa-totustuus.it\/cattolica\/il-processo-di-gesu-davanti-al-sinedrio-e-a-ponzio-pilato-analisi\/#breadcrumb","itemListElement":[{"@type":"ListItem","position":1,"name":"Home","item":"https:\/\/www.rassegnastampa-totustuus.it\/cattolica\/"},{"@type":"ListItem","position":2,"name":"Il processo di Ges\u00f9 davanti al sinedrio e a Ponzio Pilato, analisi"}]},{"@type":"WebSite","@id":"https:\/\/www.rassegnastampa-totustuus.it\/cattolica\/#website","url":"https:\/\/www.rassegnastampa-totustuus.it\/cattolica\/","name":"Rassegna Stampa Cattolica","description":"Per una cultura che nasce dalla Rivelazione cristiana in conformit\u00e0 alla tradizione e al Magistero della Chiesa in opposizione ad ogni relativismo e totalitarismo","publisher":{"@id":"https:\/\/www.rassegnastampa-totustuus.it\/cattolica\/#organization"},"alternateName":"Rass. Cattolica","potentialAction":[{"@type":"SearchAction","target":{"@type":"EntryPoint","urlTemplate":"https:\/\/www.rassegnastampa-totustuus.it\/cattolica\/?s={search_term_string}"},"query-input":{"@type":"PropertyValueSpecification","valueRequired":true,"valueName":"search_term_string"}}],"inLanguage":"it-IT"},{"@type":"Organization","@id":"https:\/\/www.rassegnastampa-totustuus.it\/cattolica\/#organization","name":"Rassegna Stampa Cattolica","url":"https:\/\/www.rassegnastampa-totustuus.it\/cattolica\/","logo":{"@type":"ImageObject","inLanguage":"it-IT","@id":"https:\/\/www.rassegnastampa-totustuus.it\/cattolica\/#\/schema\/logo\/image\/","url":"https:\/\/www.rassegnastampa-totustuus.it\/cattolica\/wp-content\/uploads\/2014\/04\/logo-rassegna1.gif","contentUrl":"https:\/\/www.rassegnastampa-totustuus.it\/cattolica\/wp-content\/uploads\/2014\/04\/logo-rassegna1.gif","width":600,"height":163,"caption":"Rassegna Stampa Cattolica"},"image":{"@id":"https:\/\/www.rassegnastampa-totustuus.it\/cattolica\/#\/schema\/logo\/image\/"},"sameAs":["https:\/\/www.facebook.com\/rassegnastampacattolica","https:\/\/x.com\/rassegnastampa9"]},{"@type":"Person","@id":"https:\/\/www.rassegnastampa-totustuus.it\/cattolica\/#\/schema\/person\/08f319d2bd1a0904ad9e2bfb7b15e5c3","name":"Redazione","image":{"@type":"ImageObject","inLanguage":"it-IT","@id":"https:\/\/secure.gravatar.com\/avatar\/2fcdf27c78ea025fbdb44e914cc63c72249ffec9dc8aafd5c82b26240ef3f346?s=96&d=mm&r=g","url":"https:\/\/secure.gravatar.com\/avatar\/2fcdf27c78ea025fbdb44e914cc63c72249ffec9dc8aafd5c82b26240ef3f346?s=96&d=mm&r=g","contentUrl":"https:\/\/secure.gravatar.com\/avatar\/2fcdf27c78ea025fbdb44e914cc63c72249ffec9dc8aafd5c82b26240ef3f346?s=96&d=mm&r=g","caption":"Redazione"},"url":"https:\/\/www.rassegnastampa-totustuus.it\/cattolica\/author\/pietroelle\/"}]}},"_links":{"self":[{"href":"https:\/\/www.rassegnastampa-totustuus.it\/cattolica\/wp-json\/wp\/v2\/posts\/56155","targetHints":{"allow":["GET"]}}],"collection":[{"href":"https:\/\/www.rassegnastampa-totustuus.it\/cattolica\/wp-json\/wp\/v2\/posts"}],"about":[{"href":"https:\/\/www.rassegnastampa-totustuus.it\/cattolica\/wp-json\/wp\/v2\/types\/post"}],"author":[{"embeddable":true,"href":"https:\/\/www.rassegnastampa-totustuus.it\/cattolica\/wp-json\/wp\/v2\/users\/6"}],"replies":[{"embeddable":true,"href":"https:\/\/www.rassegnastampa-totustuus.it\/cattolica\/wp-json\/wp\/v2\/comments?post=56155"}],"version-history":[{"count":2,"href":"https:\/\/www.rassegnastampa-totustuus.it\/cattolica\/wp-json\/wp\/v2\/posts\/56155\/revisions"}],"predecessor-version":[{"id":58944,"href":"https:\/\/www.rassegnastampa-totustuus.it\/cattolica\/wp-json\/wp\/v2\/posts\/56155\/revisions\/58944"}],"wp:featuredmedia":[{"embeddable":true,"href":"https:\/\/www.rassegnastampa-totustuus.it\/cattolica\/wp-json\/wp\/v2\/media\/43820"}],"wp:attachment":[{"href":"https:\/\/www.rassegnastampa-totustuus.it\/cattolica\/wp-json\/wp\/v2\/media?parent=56155"}],"wp:term":[{"taxonomy":"category","embeddable":true,"href":"https:\/\/www.rassegnastampa-totustuus.it\/cattolica\/wp-json\/wp\/v2\/categories?post=56155"},{"taxonomy":"post_tag","embeddable":true,"href":"https:\/\/www.rassegnastampa-totustuus.it\/cattolica\/wp-json\/wp\/v2\/tags?post=56155"}],"curies":[{"name":"wp","href":"https:\/\/api.w.org\/{rel}","templated":true}]}}