{"id":56135,"date":"2023-04-13T00:00:08","date_gmt":"2023-04-12T22:00:08","guid":{"rendered":"http:\/\/www.rassegnastampa-totustuus.it\/cattolica\/?p=56135"},"modified":"2024-01-07T10:57:32","modified_gmt":"2024-01-07T09:57:32","slug":"clemente-solaro-della-margarita","status":"publish","type":"post","link":"https:\/\/www.rassegnastampa-totustuus.it\/cattolica\/clemente-solaro-della-margarita\/","title":{"rendered":"Clemente Solaro della Margarita (1792-1869)"},"content":{"rendered":"<p style=\"text-align: center;\"><span style=\"color: #000000;\">I.D.I.S. &#8211; Istituto per la Dottrina e l&#8217;Informazione Sociale<\/span><\/p>\n<p style=\"text-align: center;\"><span style=\"color: #000000;\"><strong>Voci per un dizionario del pensiero forte\u00a0<\/strong><\/span><\/p>\n<p style=\"text-align: center;\"><span style=\"color: #000000;\">di<strong>Giacomo Roggeri Mermet <\/strong><\/span><\/p>\n<p><img loading=\"lazy\" decoding=\"async\" class=\"size-full wp-image-52013 aligncenter\" src=\"https:\/\/www.rassegnastampa-totustuus.it\/cattolica\/wp-content\/uploads\/2021\/07\/Clemente_Solaro_della_Margarita.jpg\" alt=\"\" width=\"175\" height=\"266\" \/><\/p>\n<h4 style=\"text-align: center;\"><span style=\"color: #000000;\"><strong>1. La vita <\/strong><\/span><\/h4>\n<p style=\"text-align: justify;\"><span style=\"color: #000000;\">Clemente Solaro nasce a Cuneo, nel Regno di Sardegna, il 21 novem\u00adbre 1792 dal conte Vittorio Luigi Solaro della Margarita (1763-1849) \u2014 Margarita \u00e8 un paese a pochi chilometri da Cuneo \u2014 e da Maria Gabriella Galleani d\u2019Agliano (1771-1842). Nel 1803 viene inviato a studiare a Siena al collegio Tolomei, retto dai padri scolopi \u2014 appartenenti all\u2019ordine dei Chierici Regolari Poveri della Madre di Dio delle Scuole Pie \u2014, ma nel 1807, in seguito a un editto di Napoleone Bonaparte (1769-1821), che intima il ritorno in patria ai sudditi residenti all\u2019estero, rientra a Torino, dove continua gli studi sotto la guida del sacerdote nizzardo Pietro Ricordi (1729-1829), <em>ex<\/em> gesuita, poi, dal 1809 al 1812, all\u2019ateneo torinese, l\u2019Accademia.<\/span><\/p>\n<p><!--more--><\/p>\n<p style=\"text-align: justify;\"><span style=\"color: #000000;\"><img loading=\"lazy\" decoding=\"async\" class=\"size-medium wp-image-56138 alignleft\" src=\"https:\/\/www.rassegnastampa-totustuus.it\/cattolica\/wp-content\/uploads\/2023\/04\/Clemente_Solaro_Margarita-300x180.png\" alt=\"\" width=\"300\" height=\"180\" srcset=\"https:\/\/www.rassegnastampa-totustuus.it\/cattolica\/wp-content\/uploads\/2023\/04\/Clemente_Solaro_Margarita-300x180.png 300w, https:\/\/www.rassegnastampa-totustuus.it\/cattolica\/wp-content\/uploads\/2023\/04\/Clemente_Solaro_Margarita.png 640w\" sizes=\"auto, (max-width: 300px) 100vw, 300px\" \/>Nel 1809, a soli sedici anni, si prodiga per far conoscere la bolla con cui Papa Pio VII (1800-1823) scomunica Napoleone; nel 1812, ventenne, fonda la Societ\u00e0 Italiana per la Promozione della Cultura Italiana, scrivendo e diffondendo bollettini periodici. Nel 1814 pubblica <em>Il giorno di liberazione del Piemonte<\/em>; nel 1815 diviene applicato all\u2019Ufficio del\u00adl\u2019Avvocato Generale e l\u2019anno successivo, a ventiquattro anni, entra in diplomazia quale segretario della legazione Sarda presso il Regno di Napoli a Napoli.<\/span><\/p>\n<p style=\"text-align: justify;\"><span style=\"color: #000000;\">Nel 1824 sposa Carolina de Quesada di San Saturnino (1808-1882) ed \u00e8, nello stesso anno, richiamato a Torino per essere nominato incaricato d\u2019Affari a Madrid l\u2019anno successivo. Nel 1826 \u00e8 promosso ministro plenipotenziario. Ritornato a Torino nel 1834 gli viene affidata una missione segreta a Roma e a Napoli. Nel gennaio del 1835 \u00e8 nominato ministro plenipotenziario a Vienna, ma il 3 febbraio, in procinto di partire, riceve la nomina, prima temporaneamente e dopo poche settimane definitivamente, a segretario di Stato per gli Affari Esteri, carica che conserver\u00e0 fino al 9 ottobre 1847, quando ne sar\u00e0 esonerato da re Carlo Alberto di Savoia-Carignano (1798-1849).<\/span><\/p>\n<p style=\"text-align: justify;\"><span style=\"color: #000000;\"><img loading=\"lazy\" decoding=\"async\" class=\"size-medium wp-image-22163 alignright\" src=\"https:\/\/www.rassegnastampa-totustuus.it\/cattolica\/wp-content\/uploads\/2011\/02\/azzurro_savoia-300x300.png\" alt=\"\" width=\"300\" height=\"300\" srcset=\"https:\/\/www.rassegnastampa-totustuus.it\/cattolica\/wp-content\/uploads\/2011\/02\/azzurro_savoia.png 300w, https:\/\/www.rassegnastampa-totustuus.it\/cattolica\/wp-content\/uploads\/2011\/02\/azzurro_savoia-150x150.png 150w\" sizes=\"auto, (max-width: 300px) 100vw, 300px\" \/>Nel 1851 inizia una feconda stagione letteraria: in questo anno pubblica il <em>Memorandum storico politico<\/em>, nel 1853 <em>Avvedimenti Politici<\/em> e nel 1854 <em>Questioni di Stato<\/em>, quindi, nel 1856, <em>Discorso alla Nazione<\/em> e <em>Discorso Se\u00adcondo alla Nazione<\/em>. Nel 1860 d\u00e0 alle stampe <em>Opinione sull\u2019annessione di alcuni Stati alla Monarchia e sulla cessione della Savoia e di Nizza alla Francia<\/em> e <em>Risposta all\u2019opuscolo Il Papa ed il Congresso<\/em>, e nel 1863-1864 <em>L\u2019Uomo di Stato indirizzato al governo della cosa pubblica<\/em>. Fra i suoi scritti si annoverano anche operette giovanili, opere ascetiche e di erudizio\u00adne. Muore il 12 novembre 1869, a settantasette anni.<\/span><\/p>\n<h4 style=\"text-align: center;\"><span style=\"color: #000000;\"><strong>2. L\u2019et\u00e0 della Restaurazione<\/strong><\/span><\/h4>\n<p style=\"text-align: justify;\"><span style=\"color: #000000;\"><img loading=\"lazy\" decoding=\"async\" class=\"size-full wp-image-56140 alignleft\" src=\"https:\/\/www.rassegnastampa-totustuus.it\/cattolica\/wp-content\/uploads\/2023\/04\/Pio_Bruno_Lanteri_santi_chiesa.jpg\" alt=\"\" width=\"193\" height=\"225\" \/>A partire dal 1814, con la Restaurazione che riporta sul trono del Regno di Sardegna re Vittorio Emanuele I di Savoia (1759-1824), la resistenza cattolica alla Rivoluzione esce dalla clandestinit\u00e0: la Compagnia di Ges\u00f9, soppressa nel 1773, viene ristabilita, gli istituti religiosi vengono potenziati, mentre il cuneese venerabile Pio Bruno Lanteri (1759-1830) nel 1817 fonda e dirige a Torino l\u2019Amicizia Cattolica, che continua l\u2019opera dell\u2019Amicizia Cristiana, nata verso il 1775, nella stessa capitale, con carattere di segretezza a opera del gesuita svizzero Nikolaus Joseph Albert von Die\u03b2bach (1732-1798), <em>ex<\/em> ufficiale, calvinista convertito al cattolicesimo.<\/span><\/p>\n<p style=\"text-align: justify;\"><span style=\"color: #000000;\">Intorno all\u2019Amicizia Cattolica si raccolgono molti aristocratici piemontesi che hanno compreso l\u2019importanza di un\u2019azione restauratrice in opposizione ai princ\u00ecpi rivoluzionari. Il pi\u00f9 celebre \u00e8 il torinese marchese Cesare Taparelli d\u2019Azeglio (1763-1830), che diventa segretario del sodalizio.<\/span><\/p>\n<p style=\"text-align: justify;\"><span style=\"color: #000000;\"><img loading=\"lazy\" decoding=\"async\" class=\"size-full wp-image-43727 alignright\" src=\"https:\/\/www.rassegnastampa-totustuus.it\/cattolica\/wp-content\/uploads\/2019\/07\/rivoluzione_francese.jpg\" alt=\"\" width=\"184\" height=\"274\" \/>In campo politico, Solaro della Margarita, che incarna l\u2019uomo politico cattolico operante con lo spirito del missionario, \u00e8 certamente l\u2019interprete principale della resistenza cattolica. Egli si sforza di realizzare la verit\u00e0 cristiana negli atti politici e di ostacolare la Rivolu\u00adzione nelle forme in cui si presenta nel suo tempo: difende i principi contrapponendoli alle ideo\u00adlogie che trionferanno nel secolo XX portando con s\u00e9 immani tragedie e persegue \u2014 secondo l\u2019espressione del biellese conte Emiliano Avogadro della Motta (1798-1865) \u2014 il <em>\u00abregresso\u00bb<\/em>, cio\u00e8 il ritorno della societ\u00e0 ai princ\u00ecpi eterni e immutabili. Fra altri operanti in questa importante stagione contro-rivoluzionaria, oltre a questo aristocratico biellese, autore del famoso <em>Saggio sul socialismo<\/em>, si segnala il savoiardo conte Vittorio Amedeo Sallier de la Tour (1774-1858).<\/span><\/p>\n<h4 style=\"text-align: center;\"><span style=\"color: #000000;\"><strong>3. L\u2019uomo di Stato<\/strong><\/span><\/h4>\n<p style=\"text-align: justify;\"><span style=\"color: #000000;\"><img loading=\"lazy\" decoding=\"async\" class=\"size-medium wp-image-56141 alignleft\" src=\"https:\/\/www.rassegnastampa-totustuus.it\/cattolica\/wp-content\/uploads\/2023\/04\/Codice_Albertino_Savoia_Italia-300x300.jpg\" alt=\"\" width=\"300\" height=\"300\" srcset=\"https:\/\/www.rassegnastampa-totustuus.it\/cattolica\/wp-content\/uploads\/2023\/04\/Codice_Albertino_Savoia_Italia-300x300.jpg 300w, https:\/\/www.rassegnastampa-totustuus.it\/cattolica\/wp-content\/uploads\/2023\/04\/Codice_Albertino_Savoia_Italia-150x150.jpg 150w, https:\/\/www.rassegnastampa-totustuus.it\/cattolica\/wp-content\/uploads\/2023\/04\/Codice_Albertino_Savoia_Italia.jpg 600w\" sizes=\"auto, (max-width: 300px) 100vw, 300px\" \/>Dal 1835 al 1847 Solaro della Margarita regge la segreteria di Stato per gli Affari Esteri e di questa permanenza \u00e8 testimonianza la sua opera pi\u00f9 conosciuta, il <em>Memorandum storico politico<\/em>, un diario-testamento, dove si pu\u00f2 cogliere la perfetta coerenza tra la fede professata e l\u2019impegno politico. Egli inizia la sua attivit\u00e0 avendo come programma quello di contrastare con tutti i mezzi offerti dalla sua carica la Rivoluzione italiana e di consigliare il re nello stesso senso. Cos\u00ec, all\u2019inizio del suo ministero, entra subito in contrasto con i liberali nelle discussioni relative al Codice Albertino circa il matrimonio, difendendo la permanenza alla Chiesa degli atti dello Stato civile. Quindi polemizza ancora con i liberali non condividendo la loro avversione nei confronti dell\u2019impero asburgico e la loro idea d\u2019ingrandire il Regno di Sardegna in direzione del fiume Ticino, cosa che considera <em>\u00abfra le meno probabili\u00bb<\/em> da raggiungersi a seguito di trattati e possibile solo <em>\u00abdopo sanguinose guerre\u00bb<\/em>: perci\u00f2 auspica una espansione in altre direzioni.<\/span><\/p>\n<p style=\"text-align: justify;\"><span style=\"color: #000000;\">Nel 1836 \u00e8 a fianco di re Carlo Alberto che \u2014 nonostante le proteste del Regno di Francia e del Regno Unito \u2014 sostiene don Carlos di Borbone (1788-1855), fratello e legittimo successore di re Ferdinando VII (1784-1833) sul trono spagnolo, nella guerra contro la regina Isabella II, pure di Borbone (1830-1904); l\u2019anno seguente \u00e8 impegnato a rispondere al governo inglese in merito a uno strumentale attacco sulla que\u00adstione dei valdesi in Piemonte.<\/span><\/p>\n<p style=\"text-align: justify;\"><span style=\"color: #000000;\"><img loading=\"lazy\" decoding=\"async\" class=\"size-full wp-image-33303 alignright\" src=\"https:\/\/www.rassegnastampa-totustuus.it\/cattolica\/wp-content\/uploads\/2005\/12\/Carlo_Alberto.jpg\" alt=\"\" width=\"225\" height=\"224\" srcset=\"https:\/\/www.rassegnastampa-totustuus.it\/cattolica\/wp-content\/uploads\/2005\/12\/Carlo_Alberto.jpg 225w, https:\/\/www.rassegnastampa-totustuus.it\/cattolica\/wp-content\/uploads\/2005\/12\/Carlo_Alberto-150x150.jpg 150w\" sizes=\"auto, (max-width: 225px) 100vw, 225px\" \/>Nel 1839 ristabilisce la nunziatura apostolica nel regno, sospesa nel 1751 da Carlo Ema\u00adnuele III di Savoia (1701-1773), e negli anni successivi sostiene, contro il pensiero dei rivoluzionari, che i concordati e le convenzioni con la Santa Sede hanno la stessa forza dei trattati conclusi con altre potenze.<\/span><\/p>\n<p style=\"text-align: justify;\"><span style=\"color: #000000;\">Nel 1845 promette aiuto e appoggio diplomatico ai Cantoni cattolici svizzeri che si uniscono nel <em>Sonderbund<\/em>, una \u00abLega separata\u00bb, in difesa delle loro tradizioni contro il governo federale in mano ai laicisti radicali. Con il 1846 iniziano ininterrotti gli attacchi all\u2019opera di Solaro della Margarita da parte dei liberali, sempre pi\u00f9 alimentati dallo spirito rivoluzionario, soprattutto dopo l\u2019occupazione della piazzaforte di Ferrara da parte dell\u2019impero asburgico. Re Carlo Alberto lo esonera dall\u2019incarico l\u201911 ottobre 1847.<\/span><\/p>\n<p style=\"text-align: justify;\"><span style=\"color: #000000;\">Solaro della Margarita torna alla politica attiva nel 1854, quando viene eletto deputato al parlamento nel collegio di San Quirico, oggi nel Vercellese, un collegio poi smembrato dal torinese conte Camillo Benso di Cavour (1810-1861) onde impedirne la rielezione nel 1860.<\/span><\/p>\n<h4 style=\"text-align: center;\"><span style=\"color: #000000;\"><strong>4. Il pensatore<\/strong><\/span><\/h4>\n<p style=\"text-align: justify;\"><span style=\"color: #000000;\"><img loading=\"lazy\" decoding=\"async\" class=\" wp-image-56142 alignleft\" src=\"https:\/\/www.rassegnastampa-totustuus.it\/cattolica\/wp-content\/uploads\/2023\/04\/della_Margarita_cover-300x169.jpg\" alt=\"\" width=\"367\" height=\"207\" srcset=\"https:\/\/www.rassegnastampa-totustuus.it\/cattolica\/wp-content\/uploads\/2023\/04\/della_Margarita_cover-300x169.jpg 300w, https:\/\/www.rassegnastampa-totustuus.it\/cattolica\/wp-content\/uploads\/2023\/04\/della_Margarita_cover.jpg 536w\" sizes=\"auto, (max-width: 367px) 100vw, 367px\" \/>Lasciato il ministero e dopo la pubblicazione del <em>Memorandum storico-politico<\/em>, d\u00e0 alle stampe <em>Avvedimenti politici<\/em>, in cui, a completamento dell\u2019opera precedente, espone i princ\u00ecpi della sana politica, cio\u00e8 il \u00abpensiero forte\u00bb di un cattolico vocato alla vita pubblica, con tratti talora assai polemici nei confronti delle moderne dottrine sul tema.<\/span><\/p>\n<p style=\"text-align: justify;\"><span style=\"color: #000000;\"><em>L\u2019Uomo di Stato indirizzato al governo della cosa pubblica<\/em>, scritto negli ultimi anni della vita, \u00e8 diviso in quattro libri: nel primo tratta delle qualit\u00e0 personali necessarie all\u2019uomo di Stato, nel secondo di quelle dell\u2019uomo di Stato in azione e negli ultimi due illustra con ampiezza e con profondit\u00e0 i princ\u00ecpi sociali necessari per amministrare.<\/span><\/p>\n<p style=\"text-align: justify;\"><span style=\"color: #000000;\">Cos\u00ec Solaro della Margarita scrive che la politica \u00e8 <em>\u00abmateria d\u2019altissima importanza, principalissima scienza\u00bb<\/em> fondata su massime fisse, su princ\u00ecpi che sono certi, e che l\u2019uomo di Stato \u2014 <em>\u00ab<\/em>[\u2026] <em>che non si trova come una pianta in ogni giardino<\/em>\u00bb \u2014 deve <img loading=\"lazy\" decoding=\"async\" class=\"size-medium wp-image-56143 alignright\" src=\"https:\/\/www.rassegnastampa-totustuus.it\/cattolica\/wp-content\/uploads\/2023\/04\/Savoia_stamma_Italia-256x300.jpg\" alt=\"\" width=\"256\" height=\"300\" srcset=\"https:\/\/www.rassegnastampa-totustuus.it\/cattolica\/wp-content\/uploads\/2023\/04\/Savoia_stamma_Italia-256x300.jpg 256w, https:\/\/www.rassegnastampa-totustuus.it\/cattolica\/wp-content\/uploads\/2023\/04\/Savoia_stamma_Italia.jpg 412w\" sizes=\"auto, (max-width: 256px) 100vw, 256px\" \/>possedere, fra le altre, una qualit\u00e0 indispensabile: la scienza politica, <em>\u00ab<\/em>[\u2026]<em> da cui s\u2019imparano quali siano i diritti, le condizioni di una societ\u00e0 ben ordinata, quale sia il modo di mantenere la sua indipendenza e di ben indirizzare le sue relazioni cogli Stati esteri\u00bb.<\/em> L\u2019autore prende in esame anche i rapporti fra la politica e la religione: ricorda che <em>\u00ab<\/em>[\u2026]<em> senza religione non v\u2019\u00e8 salute per la cosa pubblica\u00bb<\/em>, si dichiara timoroso di funeste conseguenze per quegli uomini di Stato che osteggiano le pratiche religiose e li ammonisce affermando che <em>\u00ab<\/em>[\u2026]<em> quegli uomini cui essi hanno tolta la religione, toglieranno loro l\u2019autorit\u00e0\u00bb<\/em>. Se nel pensiero di Solaro della Margarita non vi \u00e8 spazio per la separazione fra fede e politica, fra Chiesa e Stato, non vi \u00e8 nemmeno per la loro confusione. Egli non vuole <em>\u00ab<\/em>[\u2026]<em> convertir gli uomini di Stato in ferventi cenobiti\u00bb<\/em>, ma \u00e8 convinto che, facendo il loro dovere di credenti, servendo lo Stato, <em>\u00ab<\/em>[\u2026]<em> faranno forse pi\u00f9, e non certo meno, di quel che pu\u00f2 farsi a pro della religione nei chiostri\u00bb<\/em>.<\/span><\/p>\n<p style=\"text-align: justify;\"><span style=\"color: #000000;\"><img loading=\"lazy\" decoding=\"async\" class=\"size-full wp-image-9446 alignleft\" src=\"https:\/\/www.rassegnastampa-totustuus.it\/cattolica\/wp-content\/uploads\/2014\/08\/Pio-IX.jpg\" alt=\"\" width=\"190\" height=\"266\" \/>La scienza politica non deve porsi in opposizione all\u2019autorit\u00e0 divina: se molti non cattolici sono encomiabili perch\u00e9 seguono i buoni principi nella politica, non per ubbidienza alla Chiesa ma per la naturale rettitudine del loro cuore, tanto pi\u00f9 \u00e8 primario dovere per i cattolici camminare per la via retta vivendo nel grembo della Chiesa, che sola \u00e8 maestra di morale evangelica e quindi sola vera interprete della sana politica.<\/span><\/p>\n<p style=\"text-align: justify;\"><span style=\"color: #000000;\">Se la scienza politica, ancora, \u00e8 la principale scienza di un uomo di Stato, la religione ne \u00e8 la principale virt\u00f9: questa non deve mancare all\u2019uomo di Stato, al quale tocca riconoscere che l\u2019autorit\u00e0 ha origine divina \u2014 <em>\u00abPer me reges regnant\u00bb<\/em> (<em>Prov<\/em>. 8, 15) \u2014 e non risiede nel popolo. Se i reggitori dei popoli regnano per volere di Dio, regnano per compiere la volont\u00e0 di Dio, che a tal scopo li delega, e non perch\u00e9 possano fare quanto a loro piace. La sovranit\u00e0 non risiede nel popolo, perch\u00e9 altrimenti si cadrebbe nell\u2019assurdo del popolo sovrano e suddito nello stesso tempo.<\/span><\/p>\n<p style=\"text-align: justify;\"><span style=\"color: #000000;\"><img loading=\"lazy\" decoding=\"async\" class=\" wp-image-27296 alignright\" src=\"https:\/\/www.rassegnastampa-totustuus.it\/cattolica\/wp-content\/uploads\/2012\/12\/dogma_cattolico.jpg\" alt=\"\" width=\"332\" height=\"241\" \/>Quando una nazione \u00e8 felice? Quando persegue il suo fine che non pu\u00f2 essere diverso da quello dei singoli, cio\u00e8 Dio, dal momento che la nazione \u00e8 <em>\u00abriunione <\/em>[\u2026]<em> d\u2019uomini\u00bb<\/em>. Solaro della Margarita ricorda che, come per il singolo il raggiungimento del fine richiede la con\u00adservazione della vita e dei beni della famiglia, cos\u00ec per la societ\u00e0 necessita di <em>\u00ab<\/em>[\u2026]<em> provvedere a quanto conviene per mantenerla in fiore\u00bb<\/em>, <em>\u00ab<\/em>[\u2026] <em>di camminare nella via della virt\u00f9 onde corrispondere ai disegni del Creatore che non vuole disordini, vizi e delitti nel mondo, n\u00e8 negli individui, e nemmeno nella massa del popolo\u00bb<\/em>. Si devia invece dal fine, se si curano solo gli interessi materiali.<\/span><\/p>\n<p style=\"text-align: justify;\"><span style=\"color: #000000;\">Nell\u2019opera il politico cattolico tratta poi di finanze, di istruzione, di industria e commercio, di agricoltura, di problemi militari e di altri argomenti ancora, rivelando una mente di ampie prospettive e di vasti interessi; n\u00e9 manca d\u2019inter\u00advenire su argomenti che oggi si direbbero ecologici, quasi prevedendo certe catastrofi naturali come conseguenze di uno smodato desiderio di ricchezza delle generazioni a lui contemporanee che, dimentiche dell\u2019importanza delle foreste, le abbattono senza freno.<\/span><\/p>\n<h4 style=\"text-align: center;\"><span style=\"color: #000000;\"><strong>5. Attualit\u00e0 di Clemente Solaro della Margarita<\/strong><\/span><\/h4>\n<p style=\"text-align: justify;\"><span style=\"color: #000000;\"><img loading=\"lazy\" decoding=\"async\" class=\" wp-image-48713 alignleft\" src=\"https:\/\/www.rassegnastampa-totustuus.it\/cattolica\/wp-content\/uploads\/2020\/10\/controrivoluzione-300x158.jpg\" alt=\"\" width=\"366\" height=\"193\" srcset=\"https:\/\/www.rassegnastampa-totustuus.it\/cattolica\/wp-content\/uploads\/2020\/10\/controrivoluzione-300x158.jpg 300w, https:\/\/www.rassegnastampa-totustuus.it\/cattolica\/wp-content\/uploads\/2020\/10\/controrivoluzione.jpg 310w\" sizes=\"auto, (max-width: 366px) 100vw, 366px\" \/>Il conte Clemente Solaro della Margarita, cattolico esemplare e fine politico, combatte la Rivoluzione cos\u00ec come al suo tempo si presenta: questa concretezza \u00e8 la sua grande lezione, unita alla sapienza che, straordinaria, riluce nelle sue opere e nel suo operato. Grazie a questa sapienza e a questa concretezza egli prevede le logiche conseguenze dei gravi errori politici del suo tempo: a lui, agli uomini di buona volont\u00e0 del suo tempo come a quelli delle et\u00e0 seguenti, rimane solo \u2014 scrive in <em>L\u2019Uomo di Stato indirizzato al governo della cosa pubblica<\/em> \u2014 il compito di <em>\u00ab<\/em>[\u2026]<em> radunare i materiali che servir possano a riedificare allorch\u00e8 a Dio piacer\u00e0 che si restauri il retto sentire della ragione umana\u00bb<\/em>.<\/span><\/p>\n<p style=\"text-align: center;\"><span style=\"color: #000000;\">24 ottobre 2018<\/span><\/p>\n<p style=\"text-align: justify;\"><span style=\"color: #000000;\"><strong><em>Per approfondire<\/em><\/strong><strong>:<\/strong> Clemente Solaro della Margarita, <em>Avvedimenti politici<\/em>, 3<sup>a<\/sup> ed. accresciuta con la ristampa di tre opuscoli di argomento politico, Fiaccadori, Parma 1867 (nel sito <em>web<\/em> (<\/span><span style=\"color: #0000ff;\"><a style=\"color: #0000ff;\" href=\"https:\/\/archive.org\/details\/avvedimentipoli00marggoog\/page\/n20\" target=\"_blank\" rel=\"noopener noreferrer\">https:\/\/archive.org\/details\/avvedimentipoli00marggoog\/page\/n20<\/a><\/span>); <span style=\"color: #000000;\">Idem, <em>L\u2019uomo di Stato indirizzato al governo della cosa pubblica<\/em>, 2 voll., Speirani, Torino 1864 (nel sito <em>web<\/em><\/span> <span style=\"color: #0000ff;\"><a style=\"color: #0000ff;\" href=\"https:\/\/archive.org\/details\/luomodistatoind01marggoog\/page\/n5\" target=\"_blank\" rel=\"noopener noreferrer\">https:\/\/archive.org\/details\/luomodistatoind01marggoog\/page\/n5<\/a><\/span> \u00a0<span style=\"color: #000000;\">(vol. I);<\/span> <a href=\"https:\/\/archive.org\/details\/luomodistatoind00marggoog\/page\/n6\" target=\"_blank\" rel=\"noopener noreferrer\"><span style=\"color: #0000ff;\">https:\/\/archive.org\/details\/luomodistatoind00marggoog\/page\/n6<\/span><\/a> \u00a0<span style=\"color: #000000;\">(vol. II); Idem, <em>Memorandum storico politico<\/em>, F.lli Bocca, Torino 1930 (nel sito web<\/span> <a href=\"https:\/\/archive.org\/details\/bub_gb_pNPYJVFwLNwC\/page\/n7\" target=\"_blank\" rel=\"noopener noreferrer\"><span style=\"color: #0000ff;\">https:\/\/archive.org\/details\/bub_gb_pNPYJVFwLNwC\/page\/n7<\/span><\/a>); <span style=\"color: #000000;\">Idem, <em>Lezioni di politica<\/em> (antologia di scritti), Il Pensiero, Catanzaro 2018. Su di lui, Michele Monaco, <em>Clemente Solaro della Margarita. Pensiero ed azione di un cattolico di fronte al Risorgimento italiano<\/em>, Marietti, Torino 1955: Carlo Lovera e Ilario Rinieri S.J., <em>Clemente Solaro della Margarita<\/em>, 3 voll., Bocca, Torino 1931; Alessandro Augusto Monti della Corte, <em>I grandi atleti del Trono e dell\u2019Altare<\/em>, Gatti, Brescia 1929, pp. 138-152; Isabella Rauti, <em>I paladini della reazione. Il pensiero antirisorgimentale in Italia nella prima met\u00e0 dell\u2019Ottocento<\/em>, Settimo Sigillo, Roma 1987, pp. 45-54; e Nicola Del Corno, <em>Gli \u00abscritti sani\u00bb. Dottrina e propaganda della reazione italiana dalla Restaurazione all\u2019Unit\u00e0<\/em>, Franco Angeli, Milano 1992, pp. 178-258.<\/span><\/p>\n","protected":false},"excerpt":{"rendered":"<p>I.D.I.S. &#8211; Istituto per la Dottrina e l&#8217;Informazione Sociale Voci per un dizionario del pensiero forte\u00a0 diGiacomo Roggeri Mermet 1. La vita Clemente Solaro nasce a Cuneo, nel Regno di Sardegna, il 21 novem\u00adbre 1792 dal conte Vittorio Luigi Solaro della Margarita (1763-1849) \u2014 Margarita \u00e8 un paese a pochi chilometri da Cuneo \u2014 e &hellip; <\/p>\n<p><a class=\"more-link btn\" href=\"https:\/\/www.rassegnastampa-totustuus.it\/cattolica\/clemente-solaro-della-margarita\/\">Continua a leggere<\/a><\/p>\n","protected":false},"author":6,"featured_media":56138,"comment_status":"closed","ping_status":"closed","sticky":false,"template":"","format":"standard","meta":{"footnotes":""},"categories":[18,53,24],"tags":[283,235,162],"class_list":["post-56135","post","type-post","status-publish","format-standard","has-post-thumbnail","hentry","category-personaggi","category-politica","category-storia","tag-personaggi-2","tag-politica-2","tag-storia-2","item-wrap"],"yoast_head":"<!-- This site is optimized with the Yoast SEO plugin v27.5 - https:\/\/yoast.com\/product\/yoast-seo-wordpress\/ -->\n<title>Clemente Solaro della Margarita (1792-1869) - Rassegna Stampa Cattolica<\/title>\n<meta name=\"description\" content=\"Clemente Solaro della Margarita, biografia di un cattolico esemplare e fine politico che combatt\u00e9 la Rivoluzione\" \/>\n<meta name=\"robots\" content=\"index, follow, max-snippet:-1, max-image-preview:large, max-video-preview:-1\" \/>\n<link rel=\"canonical\" href=\"https:\/\/www.rassegnastampa-totustuus.it\/cattolica\/clemente-solaro-della-margarita\/\" \/>\n<meta property=\"og:locale\" content=\"it_IT\" \/>\n<meta property=\"og:type\" content=\"article\" \/>\n<meta property=\"og:title\" content=\"Clemente Solaro della Margarita (1792-1869) - Rassegna Stampa Cattolica\" \/>\n<meta property=\"og:description\" content=\"Clemente Solaro della Margarita, biografia di un cattolico esemplare e fine politico che combatt\u00e9 la Rivoluzione\" \/>\n<meta property=\"og:url\" content=\"https:\/\/www.rassegnastampa-totustuus.it\/cattolica\/clemente-solaro-della-margarita\/\" \/>\n<meta property=\"og:site_name\" content=\"Rassegna Stampa Cattolica\" \/>\n<meta property=\"article:publisher\" content=\"https:\/\/www.facebook.com\/rassegnastampacattolica\" \/>\n<meta property=\"article:published_time\" content=\"2023-04-12T22:00:08+00:00\" \/>\n<meta property=\"article:modified_time\" content=\"2024-01-07T09:57:32+00:00\" \/>\n<meta property=\"og:image\" content=\"https:\/\/www.rassegnastampa-totustuus.it\/cattolica\/wp-content\/uploads\/2023\/04\/Clemente_Solaro_Margarita.png\" \/>\n\t<meta property=\"og:image:width\" content=\"640\" \/>\n\t<meta property=\"og:image:height\" content=\"384\" \/>\n\t<meta property=\"og:image:type\" content=\"image\/png\" \/>\n<meta name=\"author\" content=\"Redazione\" \/>\n<meta name=\"twitter:card\" content=\"summary_large_image\" \/>\n<meta name=\"twitter:creator\" content=\"@rassegnastampa9\" \/>\n<meta name=\"twitter:site\" content=\"@rassegnastampa9\" \/>\n<meta name=\"twitter:label1\" content=\"Scritto da\" \/>\n\t<meta name=\"twitter:data1\" content=\"Redazione\" \/>\n\t<meta name=\"twitter:label2\" content=\"Tempo di lettura stimato\" \/>\n\t<meta name=\"twitter:data2\" content=\"14 minuti\" \/>\n<script type=\"application\/ld+json\" class=\"yoast-schema-graph\">{\"@context\":\"https:\\\/\\\/schema.org\",\"@graph\":[{\"@type\":\"Article\",\"@id\":\"https:\\\/\\\/www.rassegnastampa-totustuus.it\\\/cattolica\\\/clemente-solaro-della-margarita\\\/#article\",\"isPartOf\":{\"@id\":\"https:\\\/\\\/www.rassegnastampa-totustuus.it\\\/cattolica\\\/clemente-solaro-della-margarita\\\/\"},\"author\":{\"name\":\"Redazione\",\"@id\":\"https:\\\/\\\/www.rassegnastampa-totustuus.it\\\/cattolica\\\/#\\\/schema\\\/person\\\/08f319d2bd1a0904ad9e2bfb7b15e5c3\"},\"headline\":\"Clemente Solaro della Margarita (1792-1869)\",\"datePublished\":\"2023-04-12T22:00:08+00:00\",\"dateModified\":\"2024-01-07T09:57:32+00:00\",\"mainEntityOfPage\":{\"@id\":\"https:\\\/\\\/www.rassegnastampa-totustuus.it\\\/cattolica\\\/clemente-solaro-della-margarita\\\/\"},\"wordCount\":2066,\"publisher\":{\"@id\":\"https:\\\/\\\/www.rassegnastampa-totustuus.it\\\/cattolica\\\/#organization\"},\"image\":{\"@id\":\"https:\\\/\\\/www.rassegnastampa-totustuus.it\\\/cattolica\\\/clemente-solaro-della-margarita\\\/#primaryimage\"},\"thumbnailUrl\":\"https:\\\/\\\/www.rassegnastampa-totustuus.it\\\/cattolica\\\/wp-content\\\/uploads\\\/2023\\\/04\\\/Clemente_Solaro_Margarita.png\",\"keywords\":[\"personaggi\",\"politica\",\"storia\"],\"articleSection\":[\"Personaggi\",\"Politica\",\"Storia\"],\"inLanguage\":\"it-IT\"},{\"@type\":\"WebPage\",\"@id\":\"https:\\\/\\\/www.rassegnastampa-totustuus.it\\\/cattolica\\\/clemente-solaro-della-margarita\\\/\",\"url\":\"https:\\\/\\\/www.rassegnastampa-totustuus.it\\\/cattolica\\\/clemente-solaro-della-margarita\\\/\",\"name\":\"Clemente Solaro della Margarita (1792-1869) - Rassegna Stampa Cattolica\",\"isPartOf\":{\"@id\":\"https:\\\/\\\/www.rassegnastampa-totustuus.it\\\/cattolica\\\/#website\"},\"primaryImageOfPage\":{\"@id\":\"https:\\\/\\\/www.rassegnastampa-totustuus.it\\\/cattolica\\\/clemente-solaro-della-margarita\\\/#primaryimage\"},\"image\":{\"@id\":\"https:\\\/\\\/www.rassegnastampa-totustuus.it\\\/cattolica\\\/clemente-solaro-della-margarita\\\/#primaryimage\"},\"thumbnailUrl\":\"https:\\\/\\\/www.rassegnastampa-totustuus.it\\\/cattolica\\\/wp-content\\\/uploads\\\/2023\\\/04\\\/Clemente_Solaro_Margarita.png\",\"datePublished\":\"2023-04-12T22:00:08+00:00\",\"dateModified\":\"2024-01-07T09:57:32+00:00\",\"description\":\"Clemente Solaro della Margarita, biografia di un cattolico esemplare e fine politico che combatt\u00e9 la Rivoluzione\",\"breadcrumb\":{\"@id\":\"https:\\\/\\\/www.rassegnastampa-totustuus.it\\\/cattolica\\\/clemente-solaro-della-margarita\\\/#breadcrumb\"},\"inLanguage\":\"it-IT\",\"potentialAction\":[{\"@type\":\"ReadAction\",\"target\":[\"https:\\\/\\\/www.rassegnastampa-totustuus.it\\\/cattolica\\\/clemente-solaro-della-margarita\\\/\"]}]},{\"@type\":\"ImageObject\",\"inLanguage\":\"it-IT\",\"@id\":\"https:\\\/\\\/www.rassegnastampa-totustuus.it\\\/cattolica\\\/clemente-solaro-della-margarita\\\/#primaryimage\",\"url\":\"https:\\\/\\\/www.rassegnastampa-totustuus.it\\\/cattolica\\\/wp-content\\\/uploads\\\/2023\\\/04\\\/Clemente_Solaro_Margarita.png\",\"contentUrl\":\"https:\\\/\\\/www.rassegnastampa-totustuus.it\\\/cattolica\\\/wp-content\\\/uploads\\\/2023\\\/04\\\/Clemente_Solaro_Margarita.png\",\"width\":640,\"height\":384},{\"@type\":\"BreadcrumbList\",\"@id\":\"https:\\\/\\\/www.rassegnastampa-totustuus.it\\\/cattolica\\\/clemente-solaro-della-margarita\\\/#breadcrumb\",\"itemListElement\":[{\"@type\":\"ListItem\",\"position\":1,\"name\":\"Home\",\"item\":\"https:\\\/\\\/www.rassegnastampa-totustuus.it\\\/cattolica\\\/\"},{\"@type\":\"ListItem\",\"position\":2,\"name\":\"Clemente Solaro della Margarita (1792-1869)\"}]},{\"@type\":\"WebSite\",\"@id\":\"https:\\\/\\\/www.rassegnastampa-totustuus.it\\\/cattolica\\\/#website\",\"url\":\"https:\\\/\\\/www.rassegnastampa-totustuus.it\\\/cattolica\\\/\",\"name\":\"Rassegna Stampa Cattolica\",\"description\":\"Per una cultura che nasce dalla Rivelazione cristiana in conformit\u00e0 alla tradizione e al Magistero della Chiesa in opposizione ad ogni relativismo e totalitarismo\",\"publisher\":{\"@id\":\"https:\\\/\\\/www.rassegnastampa-totustuus.it\\\/cattolica\\\/#organization\"},\"alternateName\":\"Rass. Cattolica\",\"potentialAction\":[{\"@type\":\"SearchAction\",\"target\":{\"@type\":\"EntryPoint\",\"urlTemplate\":\"https:\\\/\\\/www.rassegnastampa-totustuus.it\\\/cattolica\\\/?s={search_term_string}\"},\"query-input\":{\"@type\":\"PropertyValueSpecification\",\"valueRequired\":true,\"valueName\":\"search_term_string\"}}],\"inLanguage\":\"it-IT\"},{\"@type\":\"Organization\",\"@id\":\"https:\\\/\\\/www.rassegnastampa-totustuus.it\\\/cattolica\\\/#organization\",\"name\":\"Rassegna Stampa Cattolica\",\"url\":\"https:\\\/\\\/www.rassegnastampa-totustuus.it\\\/cattolica\\\/\",\"logo\":{\"@type\":\"ImageObject\",\"inLanguage\":\"it-IT\",\"@id\":\"https:\\\/\\\/www.rassegnastampa-totustuus.it\\\/cattolica\\\/#\\\/schema\\\/logo\\\/image\\\/\",\"url\":\"https:\\\/\\\/www.rassegnastampa-totustuus.it\\\/cattolica\\\/wp-content\\\/uploads\\\/2014\\\/04\\\/logo-rassegna1.gif\",\"contentUrl\":\"https:\\\/\\\/www.rassegnastampa-totustuus.it\\\/cattolica\\\/wp-content\\\/uploads\\\/2014\\\/04\\\/logo-rassegna1.gif\",\"width\":600,\"height\":163,\"caption\":\"Rassegna Stampa Cattolica\"},\"image\":{\"@id\":\"https:\\\/\\\/www.rassegnastampa-totustuus.it\\\/cattolica\\\/#\\\/schema\\\/logo\\\/image\\\/\"},\"sameAs\":[\"https:\\\/\\\/www.facebook.com\\\/rassegnastampacattolica\",\"https:\\\/\\\/x.com\\\/rassegnastampa9\"]},{\"@type\":\"Person\",\"@id\":\"https:\\\/\\\/www.rassegnastampa-totustuus.it\\\/cattolica\\\/#\\\/schema\\\/person\\\/08f319d2bd1a0904ad9e2bfb7b15e5c3\",\"name\":\"Redazione\",\"image\":{\"@type\":\"ImageObject\",\"inLanguage\":\"it-IT\",\"@id\":\"https:\\\/\\\/secure.gravatar.com\\\/avatar\\\/2fcdf27c78ea025fbdb44e914cc63c72249ffec9dc8aafd5c82b26240ef3f346?s=96&d=mm&r=g\",\"url\":\"https:\\\/\\\/secure.gravatar.com\\\/avatar\\\/2fcdf27c78ea025fbdb44e914cc63c72249ffec9dc8aafd5c82b26240ef3f346?s=96&d=mm&r=g\",\"contentUrl\":\"https:\\\/\\\/secure.gravatar.com\\\/avatar\\\/2fcdf27c78ea025fbdb44e914cc63c72249ffec9dc8aafd5c82b26240ef3f346?s=96&d=mm&r=g\",\"caption\":\"Redazione\"},\"url\":\"https:\\\/\\\/www.rassegnastampa-totustuus.it\\\/cattolica\\\/author\\\/pietroelle\\\/\"}]}<\/script>\n<!-- \/ Yoast SEO plugin. -->","yoast_head_json":{"title":"Clemente Solaro della Margarita (1792-1869) - Rassegna Stampa Cattolica","description":"Clemente Solaro della Margarita, biografia di un cattolico esemplare e fine politico che combatt\u00e9 la Rivoluzione","robots":{"index":"index","follow":"follow","max-snippet":"max-snippet:-1","max-image-preview":"max-image-preview:large","max-video-preview":"max-video-preview:-1"},"canonical":"https:\/\/www.rassegnastampa-totustuus.it\/cattolica\/clemente-solaro-della-margarita\/","og_locale":"it_IT","og_type":"article","og_title":"Clemente Solaro della Margarita (1792-1869) - Rassegna Stampa Cattolica","og_description":"Clemente Solaro della Margarita, biografia di un cattolico esemplare e fine politico che combatt\u00e9 la Rivoluzione","og_url":"https:\/\/www.rassegnastampa-totustuus.it\/cattolica\/clemente-solaro-della-margarita\/","og_site_name":"Rassegna Stampa Cattolica","article_publisher":"https:\/\/www.facebook.com\/rassegnastampacattolica","article_published_time":"2023-04-12T22:00:08+00:00","article_modified_time":"2024-01-07T09:57:32+00:00","og_image":[{"width":640,"height":384,"url":"https:\/\/www.rassegnastampa-totustuus.it\/cattolica\/wp-content\/uploads\/2023\/04\/Clemente_Solaro_Margarita.png","type":"image\/png"}],"author":"Redazione","twitter_card":"summary_large_image","twitter_creator":"@rassegnastampa9","twitter_site":"@rassegnastampa9","twitter_misc":{"Scritto da":"Redazione","Tempo di lettura stimato":"14 minuti"},"schema":{"@context":"https:\/\/schema.org","@graph":[{"@type":"Article","@id":"https:\/\/www.rassegnastampa-totustuus.it\/cattolica\/clemente-solaro-della-margarita\/#article","isPartOf":{"@id":"https:\/\/www.rassegnastampa-totustuus.it\/cattolica\/clemente-solaro-della-margarita\/"},"author":{"name":"Redazione","@id":"https:\/\/www.rassegnastampa-totustuus.it\/cattolica\/#\/schema\/person\/08f319d2bd1a0904ad9e2bfb7b15e5c3"},"headline":"Clemente Solaro della Margarita (1792-1869)","datePublished":"2023-04-12T22:00:08+00:00","dateModified":"2024-01-07T09:57:32+00:00","mainEntityOfPage":{"@id":"https:\/\/www.rassegnastampa-totustuus.it\/cattolica\/clemente-solaro-della-margarita\/"},"wordCount":2066,"publisher":{"@id":"https:\/\/www.rassegnastampa-totustuus.it\/cattolica\/#organization"},"image":{"@id":"https:\/\/www.rassegnastampa-totustuus.it\/cattolica\/clemente-solaro-della-margarita\/#primaryimage"},"thumbnailUrl":"https:\/\/www.rassegnastampa-totustuus.it\/cattolica\/wp-content\/uploads\/2023\/04\/Clemente_Solaro_Margarita.png","keywords":["personaggi","politica","storia"],"articleSection":["Personaggi","Politica","Storia"],"inLanguage":"it-IT"},{"@type":"WebPage","@id":"https:\/\/www.rassegnastampa-totustuus.it\/cattolica\/clemente-solaro-della-margarita\/","url":"https:\/\/www.rassegnastampa-totustuus.it\/cattolica\/clemente-solaro-della-margarita\/","name":"Clemente Solaro della Margarita (1792-1869) - Rassegna Stampa Cattolica","isPartOf":{"@id":"https:\/\/www.rassegnastampa-totustuus.it\/cattolica\/#website"},"primaryImageOfPage":{"@id":"https:\/\/www.rassegnastampa-totustuus.it\/cattolica\/clemente-solaro-della-margarita\/#primaryimage"},"image":{"@id":"https:\/\/www.rassegnastampa-totustuus.it\/cattolica\/clemente-solaro-della-margarita\/#primaryimage"},"thumbnailUrl":"https:\/\/www.rassegnastampa-totustuus.it\/cattolica\/wp-content\/uploads\/2023\/04\/Clemente_Solaro_Margarita.png","datePublished":"2023-04-12T22:00:08+00:00","dateModified":"2024-01-07T09:57:32+00:00","description":"Clemente Solaro della Margarita, biografia di un cattolico esemplare e fine politico che combatt\u00e9 la Rivoluzione","breadcrumb":{"@id":"https:\/\/www.rassegnastampa-totustuus.it\/cattolica\/clemente-solaro-della-margarita\/#breadcrumb"},"inLanguage":"it-IT","potentialAction":[{"@type":"ReadAction","target":["https:\/\/www.rassegnastampa-totustuus.it\/cattolica\/clemente-solaro-della-margarita\/"]}]},{"@type":"ImageObject","inLanguage":"it-IT","@id":"https:\/\/www.rassegnastampa-totustuus.it\/cattolica\/clemente-solaro-della-margarita\/#primaryimage","url":"https:\/\/www.rassegnastampa-totustuus.it\/cattolica\/wp-content\/uploads\/2023\/04\/Clemente_Solaro_Margarita.png","contentUrl":"https:\/\/www.rassegnastampa-totustuus.it\/cattolica\/wp-content\/uploads\/2023\/04\/Clemente_Solaro_Margarita.png","width":640,"height":384},{"@type":"BreadcrumbList","@id":"https:\/\/www.rassegnastampa-totustuus.it\/cattolica\/clemente-solaro-della-margarita\/#breadcrumb","itemListElement":[{"@type":"ListItem","position":1,"name":"Home","item":"https:\/\/www.rassegnastampa-totustuus.it\/cattolica\/"},{"@type":"ListItem","position":2,"name":"Clemente Solaro della Margarita (1792-1869)"}]},{"@type":"WebSite","@id":"https:\/\/www.rassegnastampa-totustuus.it\/cattolica\/#website","url":"https:\/\/www.rassegnastampa-totustuus.it\/cattolica\/","name":"Rassegna Stampa Cattolica","description":"Per una cultura che nasce dalla Rivelazione cristiana in conformit\u00e0 alla tradizione e al Magistero della Chiesa in opposizione ad ogni relativismo e totalitarismo","publisher":{"@id":"https:\/\/www.rassegnastampa-totustuus.it\/cattolica\/#organization"},"alternateName":"Rass. Cattolica","potentialAction":[{"@type":"SearchAction","target":{"@type":"EntryPoint","urlTemplate":"https:\/\/www.rassegnastampa-totustuus.it\/cattolica\/?s={search_term_string}"},"query-input":{"@type":"PropertyValueSpecification","valueRequired":true,"valueName":"search_term_string"}}],"inLanguage":"it-IT"},{"@type":"Organization","@id":"https:\/\/www.rassegnastampa-totustuus.it\/cattolica\/#organization","name":"Rassegna Stampa Cattolica","url":"https:\/\/www.rassegnastampa-totustuus.it\/cattolica\/","logo":{"@type":"ImageObject","inLanguage":"it-IT","@id":"https:\/\/www.rassegnastampa-totustuus.it\/cattolica\/#\/schema\/logo\/image\/","url":"https:\/\/www.rassegnastampa-totustuus.it\/cattolica\/wp-content\/uploads\/2014\/04\/logo-rassegna1.gif","contentUrl":"https:\/\/www.rassegnastampa-totustuus.it\/cattolica\/wp-content\/uploads\/2014\/04\/logo-rassegna1.gif","width":600,"height":163,"caption":"Rassegna Stampa Cattolica"},"image":{"@id":"https:\/\/www.rassegnastampa-totustuus.it\/cattolica\/#\/schema\/logo\/image\/"},"sameAs":["https:\/\/www.facebook.com\/rassegnastampacattolica","https:\/\/x.com\/rassegnastampa9"]},{"@type":"Person","@id":"https:\/\/www.rassegnastampa-totustuus.it\/cattolica\/#\/schema\/person\/08f319d2bd1a0904ad9e2bfb7b15e5c3","name":"Redazione","image":{"@type":"ImageObject","inLanguage":"it-IT","@id":"https:\/\/secure.gravatar.com\/avatar\/2fcdf27c78ea025fbdb44e914cc63c72249ffec9dc8aafd5c82b26240ef3f346?s=96&d=mm&r=g","url":"https:\/\/secure.gravatar.com\/avatar\/2fcdf27c78ea025fbdb44e914cc63c72249ffec9dc8aafd5c82b26240ef3f346?s=96&d=mm&r=g","contentUrl":"https:\/\/secure.gravatar.com\/avatar\/2fcdf27c78ea025fbdb44e914cc63c72249ffec9dc8aafd5c82b26240ef3f346?s=96&d=mm&r=g","caption":"Redazione"},"url":"https:\/\/www.rassegnastampa-totustuus.it\/cattolica\/author\/pietroelle\/"}]}},"_links":{"self":[{"href":"https:\/\/www.rassegnastampa-totustuus.it\/cattolica\/wp-json\/wp\/v2\/posts\/56135","targetHints":{"allow":["GET"]}}],"collection":[{"href":"https:\/\/www.rassegnastampa-totustuus.it\/cattolica\/wp-json\/wp\/v2\/posts"}],"about":[{"href":"https:\/\/www.rassegnastampa-totustuus.it\/cattolica\/wp-json\/wp\/v2\/types\/post"}],"author":[{"embeddable":true,"href":"https:\/\/www.rassegnastampa-totustuus.it\/cattolica\/wp-json\/wp\/v2\/users\/6"}],"replies":[{"embeddable":true,"href":"https:\/\/www.rassegnastampa-totustuus.it\/cattolica\/wp-json\/wp\/v2\/comments?post=56135"}],"version-history":[{"count":4,"href":"https:\/\/www.rassegnastampa-totustuus.it\/cattolica\/wp-json\/wp\/v2\/posts\/56135\/revisions"}],"predecessor-version":[{"id":58946,"href":"https:\/\/www.rassegnastampa-totustuus.it\/cattolica\/wp-json\/wp\/v2\/posts\/56135\/revisions\/58946"}],"wp:featuredmedia":[{"embeddable":true,"href":"https:\/\/www.rassegnastampa-totustuus.it\/cattolica\/wp-json\/wp\/v2\/media\/56138"}],"wp:attachment":[{"href":"https:\/\/www.rassegnastampa-totustuus.it\/cattolica\/wp-json\/wp\/v2\/media?parent=56135"}],"wp:term":[{"taxonomy":"category","embeddable":true,"href":"https:\/\/www.rassegnastampa-totustuus.it\/cattolica\/wp-json\/wp\/v2\/categories?post=56135"},{"taxonomy":"post_tag","embeddable":true,"href":"https:\/\/www.rassegnastampa-totustuus.it\/cattolica\/wp-json\/wp\/v2\/tags?post=56135"}],"curies":[{"name":"wp","href":"https:\/\/api.w.org\/{rel}","templated":true}]}}