{"id":5613,"date":"2013-06-13T00:00:00","date_gmt":"2013-06-12T22:00:00","guid":{"rendered":""},"modified":"2015-11-09T12:17:48","modified_gmt":"2015-11-09T11:17:48","slug":"marx-tra-formule-dialettica-e-profezie","status":"publish","type":"post","link":"https:\/\/www.rassegnastampa-totustuus.it\/cattolica\/marx-tra-formule-dialettica-e-profezie\/","title":{"rendered":"Marx tra formule, dialettica e profezie"},"content":{"rendered":"<div style=\"text-align: center;\"><strong><a href=\"https:\/\/www.rassegnastampa-totustuus.it\/cattolica\/wp-content\/uploads\/2013\/06\/marx.jpg\"><img loading=\"lazy\" decoding=\"async\" class=\"alignright wp-image-27263\" src=\"https:\/\/www.rassegnastampa-totustuus.it\/cattolica\/wp-content\/uploads\/2013\/06\/marx.jpg\" alt=\"marx\" width=\"140\" height=\"200\" \/><\/a>Il <a href=\"http:\/\/www.corrieredelsud.it\/\" target=\"_blank\">Corriere del sud<\/a> <\/strong>n.4-2013 15 maggio<\/div>\n<p style=\"text-align: center;\">A cura di<strong> Marco Bertoncini<\/strong><\/p>\n<p style=\"text-align: justify;\">Sovrintendente emerito all\u2019Archivio centrale dello Stato, docente di Storia contemporanea, Aldo Giovanni Ricci ha all\u2019attivo una lunga serie di studi, che vanno dagli anni d\u2019avvio della Repubblica (segnatamente il periodo degasperiano), alla figura del Sismondi (Ricci presiede l\u2019Associazione di studi sismondiani), da Garibaldi a Lucio Colletti. Importante \u00e8 la serie di verbali del Consiglio dei ministri da lui curata per gli anni dal 1943 al \u201948. Se al centro dei suoi interessi sono soprattutto Otto e Novecento, non ha mancato escursioni in altri periodo, partendo dal Cinquecento farnesiano. L\u2019ultimo suo volume \u00e8 <em>La magnifica illusione. Marx tra formule, dialettica e profezie,<\/em> pubblicato da Palombi editori (pp.150, \u20ac 12). Su questa opera l\u2019abbiamo sentito.<\/p>\n<p><!--more--><\/p>\n<div style=\"text-align: justify;\"><strong>La prima domanda \u00e8 quasi scontata: perch\u00e9 ancora un libro su Marx?<\/strong><\/div>\n<p style=\"text-align: justify;\">Questo \u00e8 un libro che potrebbe apparire inattuale, perch\u00e9 il marxismo sembra estinto o in via di estinzione. Ma per altri versi forse non lo \u00e8, perch\u00e9 la sociologia del capitalismo elaborata da Marx resta un classico, ma anche, e forse soprattutto, perch\u00e9 queste stesse profezie possono rivelarsi tuttora gravide di frutti imprevedibili in tempi in cui tornano di moda messaggi apocalittici, che postulano la distruzione dell\u2019esistente per la costruzione del nuovo. Messaggi in cui la crisi della politica viene fatta coincidere con la sua fine, per essere sostituita da una favoleggiata democrazia diretta espressa attraverso la rete.<\/p>\n<p style=\"text-align: justify;\"><strong>Qual \u00e8 il nucleo centrale del pensiero di Marx?<\/strong><\/p>\n<p style=\"text-align: justify;\">Si pu\u00f2 descrivere come un lungo viaggio, sulla scia del pensiero hegeliano, alla ricerca dell\u2019alienazione nel mondo moderno, individuata nella propriet\u00e0 privata e nei suoi sviluppi nell\u2019era del capitalismo. Nell\u2019alienazione della produzione di merci trovano le loro radici anche la separazione tra societ\u00e0 civile e Stato politico.<\/p>\n<p style=\"text-align: justify;\"><strong>Come si supera per Marx questa situazione?<\/strong><\/p>\n<p style=\"text-align: justify;\">Per Marx l\u2019alienazione capitalistica \u00e8 un male necessario per il suo definitivo superamento in un bene pi\u00f9 elevato e il proletariato, in quanto oggetto del massimo sfruttamento da parte del capitale, rappresenta il nuovo popolo eletto, chiamato a emancipare l\u2019intera societ\u00e0.<\/p>\n<p style=\"text-align: justify;\"><strong>Che ruolo ha la politica in questa prospettiva?<\/strong><\/p>\n<p style=\"text-align: justify;\">In Marx non c\u2019\u00e8 posto per una teoria della politica. Il rovesciamento del modo di produzione capitalistico comporta pure l\u2019estinzione dello Stato e quindi il venir meno della politica in quanto mediazione tra interessi diversi. Capitale, altari e Stato scompaiono e la politica muore con loro, anche se la grande industria, con le sue leggi, continua a crescere per soddisfare bisogni potenzialmente infiniti. \u00c8 la contraddizione, messa a fuoco con estrema lucidit\u00e0 dal grande filosofo del diritto austriaco Hans Kelsen, tra la teoria economica e la teoria politica del marxismo.<\/p>\n<p style=\"text-align: justify;\"><strong>500 anni fa Machiavelli scriveva il <em>Principe<\/em>, ponendo le fondamenta della politica moderna. Marx se ne occupa?<\/strong><\/p>\n<p style=\"text-align: justify;\">No. Non cita mai nelle sue opere (e non \u00e8 un caso) il nostro Machiavelli e non ha quindi occasione di confrontarsi con le sue ricerche e in particolare con la scoperta della secolarizzazione della politica nella societ\u00e0 moderna, come conseguenza della sua progressiva emancipazione dalla sfera religiosa. Nel sistema di Marx non c\u2019\u00e8 spazio per quella grande conquista teorica e pratica rappresentata dall\u2019autonomia della politica, dalla quale discendono tutte le dichiarazioni dei diritti che sono alla base delle costituzioni del mondo occidentale.<\/p>\n<p style=\"text-align: justify;\"><strong>La scomparsa della politica profetizzata da Marx ci dice qualcosa sulla sua crisi oggi nel nostro Paese?<\/strong><\/p>\n<p style=\"text-align: justify;\">\u00c8 vero, viviamo tempi di crisi della politica, in particolare in Italia, ma pi\u00f9 in generale in tutto il mondo occidentale, come se il liberalismo democratico-sociale, nelle sue diverse versioni nazionali, non fosse pi\u00f9 in grado di sostenere il confronto con la crisi economica e il progressivo arretramento del <em>welfare<\/em>. Alla voce sempre pi\u00f9 flebile della politica si affianca la voce sempre pi\u00f9 forte dei tecnocrati, mentre riprendono fiato autori neoanarchici, pronti a illustrarci come rifiutare ogni cooperazione al funzionamento del sistema per realizzare la sua implosione.<\/p>\n<p style=\"text-align: justify;\">Come conseguenza della crisi radicale del sistema dei partiti, questo rifiuto ha trovato un seguito di massa proprio nel nostro Paese, utilizzando le forme dell\u2019egualitarismo ambiguo della rete, un egualitarismo che, paradossalmente, proprio per la volatilit\u00e0 del mezzo utilizzato, si traduce (\u00e8 il nostro caso) in un esasperato culto verticistico della personalit\u00e0.<\/p>\n<p style=\"text-align: justify;\"><strong>Insomma, leggendo Marx si scopre che non c\u2019\u00e8 niente di nuovo sotto il sole?<\/strong><\/p>\n<p style=\"text-align: justify;\">Proprio cos\u00ec. Sembrano discorsi nuovi, ma lo studio di Marx ci mostra che sono discorsi vecchi, viziati da contraddizioni insanabili, riproposti per di pi\u00f9 in versioni unilaterali e semplificate, che non hanno certo il fascino del sistema totalizzante del fondatore del \u201csocialismo scientifico\u201d. Le risposte alla crisi della politica, almeno fino a quando non vivremo in un mondo angelicato o di puri spiriti, possono venire solo dalla politica stessa, a meno di non rinunciare alla democrazia cos\u00ec come noi la conosciamo. Ma il buio del \u201csecolo breve\u201d appena trascorso ha dimostrato anche ai pi\u00f9 ottimisti che la <em>Civitas Dei <\/em>non \u00e8 di questo mondo.<\/p>\n","protected":false},"excerpt":{"rendered":"<p>Il Corriere del sud n.4-2013 15 maggio A cura di Marco Bertoncini Sovrintendente emerito all\u2019Archivio centrale dello Stato, docente di Storia contemporanea, Aldo Giovanni Ricci ha all\u2019attivo una lunga serie di studi, che vanno dagli anni d\u2019avvio della Repubblica (segnatamente il periodo degasperiano), alla figura del Sismondi (Ricci presiede l\u2019Associazione di studi sismondiani), da Garibaldi &hellip; <\/p>\n<p><a class=\"more-link btn\" href=\"https:\/\/www.rassegnastampa-totustuus.it\/cattolica\/marx-tra-formule-dialettica-e-profezie\/\">Continua a leggere<\/a><\/p>\n","protected":false},"author":6,"featured_media":27263,"comment_status":"closed","ping_status":"open","sticky":false,"template":"","format":"standard","meta":{"footnotes":""},"categories":[13,17],"tags":[576,235],"class_list":["post-5613","post","type-post","status-publish","format-standard","has-post-thumbnail","hentry","category-economia","category-libri","tag-marxismo","tag-politica-2","item-wrap"],"yoast_head":"<!-- This site is optimized with the Yoast SEO plugin v27.5 - https:\/\/yoast.com\/product\/yoast-seo-wordpress\/ -->\n<title>Marx tra formule, dialettica e profezie - Rassegna Stampa Cattolica<\/title>\n<meta name=\"description\" content=\"Rassegna Stampa Cattolica - Per una cultura che nasce dalla Rivelazione cristiana in conformit\u00e0 alla tradizione e al Magistero della Chiesa in opposizione ad ogni relativismo e totalitarismo\" \/>\n<meta name=\"robots\" content=\"index, follow, max-snippet:-1, max-image-preview:large, max-video-preview:-1\" \/>\n<link rel=\"canonical\" href=\"https:\/\/www.rassegnastampa-totustuus.it\/cattolica\/marx-tra-formule-dialettica-e-profezie\/\" \/>\n<meta property=\"og:locale\" content=\"it_IT\" \/>\n<meta property=\"og:type\" content=\"article\" \/>\n<meta property=\"og:title\" content=\"Marx tra formule, dialettica e profezie - Rassegna Stampa Cattolica\" \/>\n<meta property=\"og:description\" content=\"Rassegna Stampa Cattolica - Per una cultura che nasce dalla Rivelazione cristiana in conformit\u00e0 alla tradizione e al Magistero della Chiesa in opposizione ad ogni relativismo e totalitarismo\" \/>\n<meta property=\"og:url\" content=\"https:\/\/www.rassegnastampa-totustuus.it\/cattolica\/marx-tra-formule-dialettica-e-profezie\/\" \/>\n<meta property=\"og:site_name\" content=\"Rassegna Stampa Cattolica\" \/>\n<meta property=\"article:publisher\" content=\"https:\/\/www.facebook.com\/rassegnastampacattolica\" \/>\n<meta property=\"article:published_time\" content=\"2013-06-12T22:00:00+00:00\" \/>\n<meta property=\"article:modified_time\" content=\"2015-11-09T11:17:48+00:00\" \/>\n<meta property=\"og:image\" content=\"https:\/\/www.rassegnastampa-totustuus.it\/cattolica\/wp-content\/uploads\/2013\/06\/marx.jpg\" \/>\n\t<meta property=\"og:image:width\" content=\"188\" \/>\n\t<meta property=\"og:image:height\" content=\"268\" \/>\n\t<meta property=\"og:image:type\" content=\"image\/jpeg\" \/>\n<meta name=\"author\" content=\"Redazione\" \/>\n<meta name=\"twitter:card\" content=\"summary_large_image\" \/>\n<meta name=\"twitter:creator\" content=\"@rassegnastampa9\" \/>\n<meta name=\"twitter:site\" content=\"@rassegnastampa9\" \/>\n<meta name=\"twitter:label1\" content=\"Scritto da\" \/>\n\t<meta name=\"twitter:data1\" content=\"Redazione\" \/>\n\t<meta name=\"twitter:label2\" content=\"Tempo di lettura stimato\" \/>\n\t<meta name=\"twitter:data2\" content=\"4 minuti\" \/>\n<script type=\"application\/ld+json\" class=\"yoast-schema-graph\">{\"@context\":\"https:\\\/\\\/schema.org\",\"@graph\":[{\"@type\":\"Article\",\"@id\":\"https:\\\/\\\/www.rassegnastampa-totustuus.it\\\/cattolica\\\/marx-tra-formule-dialettica-e-profezie\\\/#article\",\"isPartOf\":{\"@id\":\"https:\\\/\\\/www.rassegnastampa-totustuus.it\\\/cattolica\\\/marx-tra-formule-dialettica-e-profezie\\\/\"},\"author\":{\"name\":\"Redazione\",\"@id\":\"https:\\\/\\\/www.rassegnastampa-totustuus.it\\\/cattolica\\\/#\\\/schema\\\/person\\\/08f319d2bd1a0904ad9e2bfb7b15e5c3\"},\"headline\":\"Marx tra formule, dialettica e profezie\",\"datePublished\":\"2013-06-12T22:00:00+00:00\",\"dateModified\":\"2015-11-09T11:17:48+00:00\",\"mainEntityOfPage\":{\"@id\":\"https:\\\/\\\/www.rassegnastampa-totustuus.it\\\/cattolica\\\/marx-tra-formule-dialettica-e-profezie\\\/\"},\"wordCount\":815,\"publisher\":{\"@id\":\"https:\\\/\\\/www.rassegnastampa-totustuus.it\\\/cattolica\\\/#organization\"},\"image\":{\"@id\":\"https:\\\/\\\/www.rassegnastampa-totustuus.it\\\/cattolica\\\/marx-tra-formule-dialettica-e-profezie\\\/#primaryimage\"},\"thumbnailUrl\":\"https:\\\/\\\/www.rassegnastampa-totustuus.it\\\/cattolica\\\/wp-content\\\/uploads\\\/2013\\\/06\\\/marx.jpg\",\"keywords\":[\"marxismo\",\"politica\"],\"articleSection\":[\"Economia\",\"Libri\"],\"inLanguage\":\"it-IT\"},{\"@type\":\"WebPage\",\"@id\":\"https:\\\/\\\/www.rassegnastampa-totustuus.it\\\/cattolica\\\/marx-tra-formule-dialettica-e-profezie\\\/\",\"url\":\"https:\\\/\\\/www.rassegnastampa-totustuus.it\\\/cattolica\\\/marx-tra-formule-dialettica-e-profezie\\\/\",\"name\":\"Marx tra formule, dialettica e profezie - Rassegna Stampa Cattolica\",\"isPartOf\":{\"@id\":\"https:\\\/\\\/www.rassegnastampa-totustuus.it\\\/cattolica\\\/#website\"},\"primaryImageOfPage\":{\"@id\":\"https:\\\/\\\/www.rassegnastampa-totustuus.it\\\/cattolica\\\/marx-tra-formule-dialettica-e-profezie\\\/#primaryimage\"},\"image\":{\"@id\":\"https:\\\/\\\/www.rassegnastampa-totustuus.it\\\/cattolica\\\/marx-tra-formule-dialettica-e-profezie\\\/#primaryimage\"},\"thumbnailUrl\":\"https:\\\/\\\/www.rassegnastampa-totustuus.it\\\/cattolica\\\/wp-content\\\/uploads\\\/2013\\\/06\\\/marx.jpg\",\"datePublished\":\"2013-06-12T22:00:00+00:00\",\"dateModified\":\"2015-11-09T11:17:48+00:00\",\"description\":\"Rassegna Stampa Cattolica - Per una cultura che nasce dalla Rivelazione cristiana in conformit\u00e0 alla tradizione e al Magistero della Chiesa in opposizione ad ogni relativismo e totalitarismo\",\"breadcrumb\":{\"@id\":\"https:\\\/\\\/www.rassegnastampa-totustuus.it\\\/cattolica\\\/marx-tra-formule-dialettica-e-profezie\\\/#breadcrumb\"},\"inLanguage\":\"it-IT\",\"potentialAction\":[{\"@type\":\"ReadAction\",\"target\":[\"https:\\\/\\\/www.rassegnastampa-totustuus.it\\\/cattolica\\\/marx-tra-formule-dialettica-e-profezie\\\/\"]}]},{\"@type\":\"ImageObject\",\"inLanguage\":\"it-IT\",\"@id\":\"https:\\\/\\\/www.rassegnastampa-totustuus.it\\\/cattolica\\\/marx-tra-formule-dialettica-e-profezie\\\/#primaryimage\",\"url\":\"https:\\\/\\\/www.rassegnastampa-totustuus.it\\\/cattolica\\\/wp-content\\\/uploads\\\/2013\\\/06\\\/marx.jpg\",\"contentUrl\":\"https:\\\/\\\/www.rassegnastampa-totustuus.it\\\/cattolica\\\/wp-content\\\/uploads\\\/2013\\\/06\\\/marx.jpg\",\"width\":188,\"height\":268},{\"@type\":\"BreadcrumbList\",\"@id\":\"https:\\\/\\\/www.rassegnastampa-totustuus.it\\\/cattolica\\\/marx-tra-formule-dialettica-e-profezie\\\/#breadcrumb\",\"itemListElement\":[{\"@type\":\"ListItem\",\"position\":1,\"name\":\"Home\",\"item\":\"https:\\\/\\\/www.rassegnastampa-totustuus.it\\\/cattolica\\\/\"},{\"@type\":\"ListItem\",\"position\":2,\"name\":\"Marx tra formule, dialettica e profezie\"}]},{\"@type\":\"WebSite\",\"@id\":\"https:\\\/\\\/www.rassegnastampa-totustuus.it\\\/cattolica\\\/#website\",\"url\":\"https:\\\/\\\/www.rassegnastampa-totustuus.it\\\/cattolica\\\/\",\"name\":\"Rassegna Stampa Cattolica\",\"description\":\"Per una cultura che nasce dalla Rivelazione cristiana in conformit\u00e0 alla tradizione e al Magistero della Chiesa in opposizione ad ogni relativismo e totalitarismo\",\"publisher\":{\"@id\":\"https:\\\/\\\/www.rassegnastampa-totustuus.it\\\/cattolica\\\/#organization\"},\"alternateName\":\"Rass. Cattolica\",\"potentialAction\":[{\"@type\":\"SearchAction\",\"target\":{\"@type\":\"EntryPoint\",\"urlTemplate\":\"https:\\\/\\\/www.rassegnastampa-totustuus.it\\\/cattolica\\\/?s={search_term_string}\"},\"query-input\":{\"@type\":\"PropertyValueSpecification\",\"valueRequired\":true,\"valueName\":\"search_term_string\"}}],\"inLanguage\":\"it-IT\"},{\"@type\":\"Organization\",\"@id\":\"https:\\\/\\\/www.rassegnastampa-totustuus.it\\\/cattolica\\\/#organization\",\"name\":\"Rassegna Stampa Cattolica\",\"url\":\"https:\\\/\\\/www.rassegnastampa-totustuus.it\\\/cattolica\\\/\",\"logo\":{\"@type\":\"ImageObject\",\"inLanguage\":\"it-IT\",\"@id\":\"https:\\\/\\\/www.rassegnastampa-totustuus.it\\\/cattolica\\\/#\\\/schema\\\/logo\\\/image\\\/\",\"url\":\"https:\\\/\\\/www.rassegnastampa-totustuus.it\\\/cattolica\\\/wp-content\\\/uploads\\\/2014\\\/04\\\/logo-rassegna1.gif\",\"contentUrl\":\"https:\\\/\\\/www.rassegnastampa-totustuus.it\\\/cattolica\\\/wp-content\\\/uploads\\\/2014\\\/04\\\/logo-rassegna1.gif\",\"width\":600,\"height\":163,\"caption\":\"Rassegna Stampa Cattolica\"},\"image\":{\"@id\":\"https:\\\/\\\/www.rassegnastampa-totustuus.it\\\/cattolica\\\/#\\\/schema\\\/logo\\\/image\\\/\"},\"sameAs\":[\"https:\\\/\\\/www.facebook.com\\\/rassegnastampacattolica\",\"https:\\\/\\\/x.com\\\/rassegnastampa9\"]},{\"@type\":\"Person\",\"@id\":\"https:\\\/\\\/www.rassegnastampa-totustuus.it\\\/cattolica\\\/#\\\/schema\\\/person\\\/08f319d2bd1a0904ad9e2bfb7b15e5c3\",\"name\":\"Redazione\",\"image\":{\"@type\":\"ImageObject\",\"inLanguage\":\"it-IT\",\"@id\":\"https:\\\/\\\/secure.gravatar.com\\\/avatar\\\/2fcdf27c78ea025fbdb44e914cc63c72249ffec9dc8aafd5c82b26240ef3f346?s=96&d=mm&r=g\",\"url\":\"https:\\\/\\\/secure.gravatar.com\\\/avatar\\\/2fcdf27c78ea025fbdb44e914cc63c72249ffec9dc8aafd5c82b26240ef3f346?s=96&d=mm&r=g\",\"contentUrl\":\"https:\\\/\\\/secure.gravatar.com\\\/avatar\\\/2fcdf27c78ea025fbdb44e914cc63c72249ffec9dc8aafd5c82b26240ef3f346?s=96&d=mm&r=g\",\"caption\":\"Redazione\"},\"url\":\"https:\\\/\\\/www.rassegnastampa-totustuus.it\\\/cattolica\\\/author\\\/pietroelle\\\/\"}]}<\/script>\n<!-- \/ Yoast SEO plugin. -->","yoast_head_json":{"title":"Marx tra formule, dialettica e profezie - Rassegna Stampa Cattolica","description":"Rassegna Stampa Cattolica - Per una cultura che nasce dalla Rivelazione cristiana in conformit\u00e0 alla tradizione e al Magistero della Chiesa in opposizione ad ogni relativismo e totalitarismo","robots":{"index":"index","follow":"follow","max-snippet":"max-snippet:-1","max-image-preview":"max-image-preview:large","max-video-preview":"max-video-preview:-1"},"canonical":"https:\/\/www.rassegnastampa-totustuus.it\/cattolica\/marx-tra-formule-dialettica-e-profezie\/","og_locale":"it_IT","og_type":"article","og_title":"Marx tra formule, dialettica e profezie - Rassegna Stampa Cattolica","og_description":"Rassegna Stampa Cattolica - Per una cultura che nasce dalla Rivelazione cristiana in conformit\u00e0 alla tradizione e al Magistero della Chiesa in opposizione ad ogni relativismo e totalitarismo","og_url":"https:\/\/www.rassegnastampa-totustuus.it\/cattolica\/marx-tra-formule-dialettica-e-profezie\/","og_site_name":"Rassegna Stampa Cattolica","article_publisher":"https:\/\/www.facebook.com\/rassegnastampacattolica","article_published_time":"2013-06-12T22:00:00+00:00","article_modified_time":"2015-11-09T11:17:48+00:00","og_image":[{"width":188,"height":268,"url":"https:\/\/www.rassegnastampa-totustuus.it\/cattolica\/wp-content\/uploads\/2013\/06\/marx.jpg","type":"image\/jpeg"}],"author":"Redazione","twitter_card":"summary_large_image","twitter_creator":"@rassegnastampa9","twitter_site":"@rassegnastampa9","twitter_misc":{"Scritto da":"Redazione","Tempo di lettura stimato":"4 minuti"},"schema":{"@context":"https:\/\/schema.org","@graph":[{"@type":"Article","@id":"https:\/\/www.rassegnastampa-totustuus.it\/cattolica\/marx-tra-formule-dialettica-e-profezie\/#article","isPartOf":{"@id":"https:\/\/www.rassegnastampa-totustuus.it\/cattolica\/marx-tra-formule-dialettica-e-profezie\/"},"author":{"name":"Redazione","@id":"https:\/\/www.rassegnastampa-totustuus.it\/cattolica\/#\/schema\/person\/08f319d2bd1a0904ad9e2bfb7b15e5c3"},"headline":"Marx tra formule, dialettica e profezie","datePublished":"2013-06-12T22:00:00+00:00","dateModified":"2015-11-09T11:17:48+00:00","mainEntityOfPage":{"@id":"https:\/\/www.rassegnastampa-totustuus.it\/cattolica\/marx-tra-formule-dialettica-e-profezie\/"},"wordCount":815,"publisher":{"@id":"https:\/\/www.rassegnastampa-totustuus.it\/cattolica\/#organization"},"image":{"@id":"https:\/\/www.rassegnastampa-totustuus.it\/cattolica\/marx-tra-formule-dialettica-e-profezie\/#primaryimage"},"thumbnailUrl":"https:\/\/www.rassegnastampa-totustuus.it\/cattolica\/wp-content\/uploads\/2013\/06\/marx.jpg","keywords":["marxismo","politica"],"articleSection":["Economia","Libri"],"inLanguage":"it-IT"},{"@type":"WebPage","@id":"https:\/\/www.rassegnastampa-totustuus.it\/cattolica\/marx-tra-formule-dialettica-e-profezie\/","url":"https:\/\/www.rassegnastampa-totustuus.it\/cattolica\/marx-tra-formule-dialettica-e-profezie\/","name":"Marx tra formule, dialettica e profezie - Rassegna Stampa Cattolica","isPartOf":{"@id":"https:\/\/www.rassegnastampa-totustuus.it\/cattolica\/#website"},"primaryImageOfPage":{"@id":"https:\/\/www.rassegnastampa-totustuus.it\/cattolica\/marx-tra-formule-dialettica-e-profezie\/#primaryimage"},"image":{"@id":"https:\/\/www.rassegnastampa-totustuus.it\/cattolica\/marx-tra-formule-dialettica-e-profezie\/#primaryimage"},"thumbnailUrl":"https:\/\/www.rassegnastampa-totustuus.it\/cattolica\/wp-content\/uploads\/2013\/06\/marx.jpg","datePublished":"2013-06-12T22:00:00+00:00","dateModified":"2015-11-09T11:17:48+00:00","description":"Rassegna Stampa Cattolica - Per una cultura che nasce dalla Rivelazione cristiana in conformit\u00e0 alla tradizione e al Magistero della Chiesa in opposizione ad ogni relativismo e totalitarismo","breadcrumb":{"@id":"https:\/\/www.rassegnastampa-totustuus.it\/cattolica\/marx-tra-formule-dialettica-e-profezie\/#breadcrumb"},"inLanguage":"it-IT","potentialAction":[{"@type":"ReadAction","target":["https:\/\/www.rassegnastampa-totustuus.it\/cattolica\/marx-tra-formule-dialettica-e-profezie\/"]}]},{"@type":"ImageObject","inLanguage":"it-IT","@id":"https:\/\/www.rassegnastampa-totustuus.it\/cattolica\/marx-tra-formule-dialettica-e-profezie\/#primaryimage","url":"https:\/\/www.rassegnastampa-totustuus.it\/cattolica\/wp-content\/uploads\/2013\/06\/marx.jpg","contentUrl":"https:\/\/www.rassegnastampa-totustuus.it\/cattolica\/wp-content\/uploads\/2013\/06\/marx.jpg","width":188,"height":268},{"@type":"BreadcrumbList","@id":"https:\/\/www.rassegnastampa-totustuus.it\/cattolica\/marx-tra-formule-dialettica-e-profezie\/#breadcrumb","itemListElement":[{"@type":"ListItem","position":1,"name":"Home","item":"https:\/\/www.rassegnastampa-totustuus.it\/cattolica\/"},{"@type":"ListItem","position":2,"name":"Marx tra formule, dialettica e profezie"}]},{"@type":"WebSite","@id":"https:\/\/www.rassegnastampa-totustuus.it\/cattolica\/#website","url":"https:\/\/www.rassegnastampa-totustuus.it\/cattolica\/","name":"Rassegna Stampa Cattolica","description":"Per una cultura che nasce dalla Rivelazione cristiana in conformit\u00e0 alla tradizione e al Magistero della Chiesa in opposizione ad ogni relativismo e totalitarismo","publisher":{"@id":"https:\/\/www.rassegnastampa-totustuus.it\/cattolica\/#organization"},"alternateName":"Rass. Cattolica","potentialAction":[{"@type":"SearchAction","target":{"@type":"EntryPoint","urlTemplate":"https:\/\/www.rassegnastampa-totustuus.it\/cattolica\/?s={search_term_string}"},"query-input":{"@type":"PropertyValueSpecification","valueRequired":true,"valueName":"search_term_string"}}],"inLanguage":"it-IT"},{"@type":"Organization","@id":"https:\/\/www.rassegnastampa-totustuus.it\/cattolica\/#organization","name":"Rassegna Stampa Cattolica","url":"https:\/\/www.rassegnastampa-totustuus.it\/cattolica\/","logo":{"@type":"ImageObject","inLanguage":"it-IT","@id":"https:\/\/www.rassegnastampa-totustuus.it\/cattolica\/#\/schema\/logo\/image\/","url":"https:\/\/www.rassegnastampa-totustuus.it\/cattolica\/wp-content\/uploads\/2014\/04\/logo-rassegna1.gif","contentUrl":"https:\/\/www.rassegnastampa-totustuus.it\/cattolica\/wp-content\/uploads\/2014\/04\/logo-rassegna1.gif","width":600,"height":163,"caption":"Rassegna Stampa Cattolica"},"image":{"@id":"https:\/\/www.rassegnastampa-totustuus.it\/cattolica\/#\/schema\/logo\/image\/"},"sameAs":["https:\/\/www.facebook.com\/rassegnastampacattolica","https:\/\/x.com\/rassegnastampa9"]},{"@type":"Person","@id":"https:\/\/www.rassegnastampa-totustuus.it\/cattolica\/#\/schema\/person\/08f319d2bd1a0904ad9e2bfb7b15e5c3","name":"Redazione","image":{"@type":"ImageObject","inLanguage":"it-IT","@id":"https:\/\/secure.gravatar.com\/avatar\/2fcdf27c78ea025fbdb44e914cc63c72249ffec9dc8aafd5c82b26240ef3f346?s=96&d=mm&r=g","url":"https:\/\/secure.gravatar.com\/avatar\/2fcdf27c78ea025fbdb44e914cc63c72249ffec9dc8aafd5c82b26240ef3f346?s=96&d=mm&r=g","contentUrl":"https:\/\/secure.gravatar.com\/avatar\/2fcdf27c78ea025fbdb44e914cc63c72249ffec9dc8aafd5c82b26240ef3f346?s=96&d=mm&r=g","caption":"Redazione"},"url":"https:\/\/www.rassegnastampa-totustuus.it\/cattolica\/author\/pietroelle\/"}]}},"_links":{"self":[{"href":"https:\/\/www.rassegnastampa-totustuus.it\/cattolica\/wp-json\/wp\/v2\/posts\/5613","targetHints":{"allow":["GET"]}}],"collection":[{"href":"https:\/\/www.rassegnastampa-totustuus.it\/cattolica\/wp-json\/wp\/v2\/posts"}],"about":[{"href":"https:\/\/www.rassegnastampa-totustuus.it\/cattolica\/wp-json\/wp\/v2\/types\/post"}],"author":[{"embeddable":true,"href":"https:\/\/www.rassegnastampa-totustuus.it\/cattolica\/wp-json\/wp\/v2\/users\/6"}],"replies":[{"embeddable":true,"href":"https:\/\/www.rassegnastampa-totustuus.it\/cattolica\/wp-json\/wp\/v2\/comments?post=5613"}],"version-history":[{"count":4,"href":"https:\/\/www.rassegnastampa-totustuus.it\/cattolica\/wp-json\/wp\/v2\/posts\/5613\/revisions"}],"predecessor-version":[{"id":27264,"href":"https:\/\/www.rassegnastampa-totustuus.it\/cattolica\/wp-json\/wp\/v2\/posts\/5613\/revisions\/27264"}],"wp:featuredmedia":[{"embeddable":true,"href":"https:\/\/www.rassegnastampa-totustuus.it\/cattolica\/wp-json\/wp\/v2\/media\/27263"}],"wp:attachment":[{"href":"https:\/\/www.rassegnastampa-totustuus.it\/cattolica\/wp-json\/wp\/v2\/media?parent=5613"}],"wp:term":[{"taxonomy":"category","embeddable":true,"href":"https:\/\/www.rassegnastampa-totustuus.it\/cattolica\/wp-json\/wp\/v2\/categories?post=5613"},{"taxonomy":"post_tag","embeddable":true,"href":"https:\/\/www.rassegnastampa-totustuus.it\/cattolica\/wp-json\/wp\/v2\/tags?post=5613"}],"curies":[{"name":"wp","href":"https:\/\/api.w.org\/{rel}","templated":true}]}}