{"id":56121,"date":"2023-04-06T00:00:51","date_gmt":"2023-04-05T22:00:51","guid":{"rendered":"http:\/\/www.rassegnastampa-totustuus.it\/cattolica\/?p=56121"},"modified":"2024-01-07T11:30:42","modified_gmt":"2024-01-07T10:30:42","slug":"adozioni-gay-e-lordinamento-giuridico-italiano","status":"publish","type":"post","link":"https:\/\/www.rassegnastampa-totustuus.it\/cattolica\/adozioni-gay-e-lordinamento-giuridico-italiano\/","title":{"rendered":"Adozioni gay e l&#8217;ordinamento giuridico italiano"},"content":{"rendered":"<p style=\"text-align: center;\"><span style=\"color: #000000;\"><strong><img loading=\"lazy\" decoding=\"async\" class=\" wp-image-35756 alignleft\" src=\"https:\/\/www.rassegnastampa-totustuus.it\/cattolica\/wp-content\/uploads\/2012\/10\/adozioni_gay.jpg\" alt=\"\" width=\"296\" height=\"227\" \/><\/strong><\/span><\/p>\n<p style=\"text-align: justify;\"><span style=\"color: #000000;\"><strong>Abstract: <\/strong><em>Adozioni gay e l&#8217;ordinamento giuridico italiano. E&#8217; discutibile l&#8217; emendamento approvato il 30 marzo 2022 dal<\/em><\/span><span style=\"color: #000000;\"> Parlamento Europeo <\/span><span style=\"color: #0000ff;\"> <span style=\"color: #000000;\">inserito al n. 10, alla proposta di Risoluzione sullo Stato di diritto nell&#8217;Ue <\/span><\/span><span style=\"color: #000000;\">che \u00ab<em>condanna le istruzioni impartite dal governo italiano al Comune di Milano di non registrare pi\u00f9 i figli di coppie omogenitoriali<\/em>\u00bb.<\/span><\/p>\n<p><!--more--><\/p>\n<p style=\"text-align: center;\"><span style=\"color: #000000;\"><a href=\"https:\/\/ntplusdiritto.ilsole24ore.com\/\" target=\"_blank\" rel=\"noopener\"><span style=\"color: #0000ff;\"><strong>NT+Diritto<\/strong> <\/span><\/a>&#8211; Sole24Ore\u00a0 <\/span><span style=\"color: #000000;\">31 Marzo 2023<\/span><\/p>\n<h3 style=\"text-align: center;\"><span style=\"color: #000000;\">Filiazione omogenitoriale, le istanze del Parlamento UE<\/span><\/h3>\n<h3 style=\"text-align: center;\"><span style=\"color: #000000;\">trovano fondamento nell&#8217;ordinamento italiano?<\/span><\/h3>\n<p style=\"text-align: center;\"><span style=\"color: #000000;\">\u00a0di <strong>Giancarlo Cerrelli*<\/strong><\/span><\/p>\n<h4 style=\"text-align: center;\"><span style=\"color: #000000;\"><strong>La Risoluzione del Parlamento Europeo che ha condannato l&#8217;Italia <\/strong><\/span><\/h4>\n<p style=\"text-align: justify;\"><span style=\"color: #000000;\">Il Parlamento Europeo ha approvato il 30 marzo 2022, per alzata di mano, in plenaria a Bruxelles, un emendamento, inserito al n. 10, alla<\/span> <span style=\"color: #0000ff;\"><a style=\"color: #0000ff;\" href=\"https:\/\/i2.res.24o.it\/pdf2010\/Editrice\/ILSOLE24ORE\/QUOTIDIANI_VERTICALI\/Online\/_Oggetti_Embedded\/Documenti\/2023\/04\/01\/Risoluzione%20parlamento%20Europeo%20del%2030%20marzo%202023.pdf\" target=\"_blank\" rel=\"noopener noreferrer\"><strong>proposta di Risoluzione sullo Stato di diritto nell&#8217;Ue<\/strong> <\/a><\/span><span style=\"color: #000000;\">che \u00ab<strong><em>condanna le istruzioni impartite dal governo italiano al Comune di Milano di non registrare pi\u00f9 i figli di coppie omogenitoriali<\/em><\/strong>\u00bb.<\/span><\/p>\n<p style=\"text-align: justify;\"><span style=\"color: #000000;\"><img loading=\"lazy\" decoding=\"async\" class=\" wp-image-27005 alignright\" src=\"https:\/\/www.rassegnastampa-totustuus.it\/cattolica\/wp-content\/uploads\/2015\/10\/adozioni-gay1.jpg\" alt=\"\" width=\"305\" height=\"204\" \/>Il Parlamento Europeo, si legge ancora nell&#8217;emendamento, \u00ab<em>ritiene che questa decisione porter\u00e0 inevitabilmente alla <strong>discriminazione non solo delle coppie dello stesso sesso, ma anche e soprattutto dei loro figli<\/strong>; ritiene che tale azione costituisca una <strong>violazione diretta dei diritti dei minori<\/strong>, quali elencati nella Convenzione delle Nazioni Unite sui diritti dell&#8217;infanzia e dell&#8217;adolescenza del 1989; esprime<strong> preoccupazione per il fatto che tale decisione si iscrive in un pi\u00f9 ampio attacco contro la comunit\u00e0 Lgbtqi+ in Italia<\/strong>; invita il Governo italiano a revocare immediatamente la sua decisione<\/em>\u00bb.<\/span><\/p>\n<h4 style=\"text-align: center;\"><span style=\"color: #000000;\"><strong>La Risoluzione \u00e8 priva di conseguenze giuridiche per l&#8217;Italia<\/strong><\/span><\/h4>\n<p style=\"text-align: justify;\"><span style=\"color: #000000;\">Come \u00e8 noto la risoluzione \u00e8 un atto privo, in linea generale, di efficacia vincolante per i destinatari, peraltro, su una materia riservata a ogni Stato membro, qual \u00e8 il diritto di famiglia.<\/span><\/p>\n<h4 style=\"text-align: center;\"><span style=\"color: #000000;\"><strong>Come mai riteniamo tale risoluzione ingiustificata?<\/strong><\/span><\/h4>\n<p style=\"text-align: justify;\"><span style=\"color: #000000;\"><img loading=\"lazy\" decoding=\"async\" class=\" wp-image-26578 alignleft\" src=\"https:\/\/www.rassegnastampa-totustuus.it\/cattolica\/wp-content\/uploads\/2009\/03\/adozioni_gay.jpg\" alt=\"\" width=\"323\" height=\"206\" \/>Per ci\u00f2 che proveremo a spiegare di seguito, facendo un breve <em>excursus <\/em>dei fatti accaduti, che hanno propiziato la risoluzione e rendendo, inoltre, evidente come la Circolare del Ministero dell&#8217;Interno e quella del Prefetto di Milano sono da annoverare quali atti dovuti<\/span><\/p>\n<p style=\"text-align: justify;\"><span style=\"color: #000000;\">Esaminiamo il perch\u00e8. Come riportato in un nostro precedente articolo<\/span> (<span style=\"color: #0000ff;\"><a style=\"color: #0000ff;\" href=\"https:\/\/ntplusdiritto.ilsole24ore.com\/art\/la-filiazione-omogenitoriale-il-rispetto-ordine-pubblico-e-miglior-interesse-minore-AEyFbj7C\" target=\"_blank\" rel=\"noopener noreferrer\"><strong>La filiazione omogenitoriale tra il rispetto dell&#8217;ordine pubblico e il miglior interesse del minore<\/strong> <\/a><\/span><span style=\"color: #000000;\">) il Prefetto di Milano, su indicazione del Viminale, ha diffidato, nei giorni scorsi, con circolare, il Comune meneghino a non trascrivere gli atti di nascita di provenienza straniera in cui figurano come genitori i membri di una coppia omosessuale.<\/span><\/p>\n<h4 style=\"text-align: center;\"><span style=\"color: #000000;\"><strong>La Circolare del Ministero dell&#8217;Interno<\/strong><\/span><\/h4>\n<p style=\"text-align: justify;\"><span style=\"color: #000000;\"><img loading=\"lazy\" decoding=\"async\" class=\" wp-image-7195 alignright\" src=\"https:\/\/www.rassegnastampa-totustuus.it\/cattolica\/wp-content\/uploads\/2013\/11\/adozioni_gay.jpg\" alt=\"\" width=\"293\" height=\"209\" \/>Il Prefetto di Milano, invero, ha semplicemente dato seguito alla<\/span> <span style=\"color: #0000ff;\"><a style=\"color: #0000ff;\" href=\"https:\/\/ntplusdiritto.ilsole24ore.com\/viewer?appid=4239&amp;redirect=false&amp;origine=diritto#showdoc\/39698449\" target=\"_blank\" rel=\"noopener noreferrer\"><strong>Circolare del Ministero dell&#8217;Interno del 19 gennaio 2023, n. 3\/2023<\/strong> <\/a><\/span>, <span style=\"color: #000000;\">che, aveva comunicato a tutti i Prefetti italiani e agli Enti interessati, <em>l&#8217;orientamento da tenere <\/em>&#8211; dopo la pubblicazione della sentenza della<\/span><a href=\"https:\/\/ntplusdiritto.ilsole24ore.com\/viewer?appid=4239&amp;redirect=false&amp;origine=diritto#showdoc\/39597367\" target=\"_blank\" rel=\"noopener noreferrer\"> <strong><span style=\"color: #0000ff;\">Corte Suprema di Cassazione, Sezioni Unite Civili, n. 38162, del 30 dicembre 2022<\/span> <\/strong><\/a>&#8211; <span style=\"color: #000000;\">circa la<strong> trascrivibilit\u00e0 in Italia di provvedimenti giudiziari stranieri e di atti di nascita formati all&#8217;estero<\/strong>, che indicano quale genitore il <strong>padre d&#8217;intenzione<\/strong> del bambino nato da gestazione per altri.<\/span><\/p>\n<p style=\"text-align: justify;\"><span style=\"color: #000000;\">Il Ministero dell&#8217;Interno con la Circolare n. 3\/2023 ha, infatti, opportunamente, dato comunicazione a tutti i Prefetti &#8211; pregandoli di farne stato, a loro volta, a tutti i Sindaci d&#8217;Italia \u2013 su quale comportamento tenere a seguito <\/span><span style=\"color: #000000;\">dell&#8217;importante sentenza della Cassazione n. 38162\/2022, circa le suddette trascrizioni; a tal uopo, nel contenuto della Circolare \u00e8 stata inserita la parte della sentenza della Cassazione, che detta le regole in materia, avente il seguente tenore: <\/span><\/p>\n<p style=\"text-align: justify;\"><span style=\"color: #000000;\"><em><img loading=\"lazy\" decoding=\"async\" class=\" wp-image-21470 alignleft\" src=\"https:\/\/www.rassegnastampa-totustuus.it\/cattolica\/wp-content\/uploads\/2010\/10\/adozioni_lesbiche.jpg\" alt=\"\" width=\"297\" height=\"213\" \/>&#8220;la pratica della gestazione per altri, quali che siano le modalit\u00e0 della condotta e gli scopi perseguiti, offende in modo intollerabile la dignit\u00e0 della donna e mina nel profondo le relazioni umane; ci\u00f2 <strong>esclude la automatica trascrivibilit\u00e0 del provvedimento giudiziario straniero, e &#8220;a fortiori&#8221; dell&#8217;originario atto di nascita<\/strong>, nel quale sia indicato quale genitore del bambino il genitore d&#8217;intenzione, oltre al padre biologico, anche se l&#8217;atto di nascita \u00e8 stato formato in conformit\u00e0 della &#8220;lex loci&#8221;; che, nondimeno, anche<strong> il bambino nato ricorrendo alla gestazione per altri ha un diritto fondamentale al riconoscimento, anche giuridico, del legame sorto in forza del rapporto affettivo instaurato e vissuto con colui che ha <img loading=\"lazy\" decoding=\"async\" class=\" wp-image-43528 alignright\" src=\"https:\/\/www.rassegnastampa-totustuus.it\/cattolica\/wp-content\/uploads\/2019\/07\/adozioni_gay.jpg\" alt=\"\" width=\"347\" height=\"260\" \/>condiviso il disegno genitoriale<\/strong>, e che l&#8217;ineludibile esigenza di assicurargli i medesimi diritti degli altri bambini<strong> \u00e8 garantita attraverso l&#8217;adozione in casi particolari, ai sensi dell&#8217;art. 44, comma 1, lett. d), della l. n. 184 de\/1983<\/strong>, in quanto, allo stato dell&#8217;evoluzione dell&#8217;ordinamento, l&#8217;adozione rappresenta lo strumento che consente di dare riconoscimento giuridico, con il conseguimento dello &#8220;status&#8221; di figlio, al legame di fatto con il &#8220;partner&#8221; del genitore genetico che ha condiviso il disegno procreativo e ha concorso nel prendersi cura del bambino sin dal momento della nascita.&#8221;<\/em><\/span><\/p>\n<p style=\"text-align: justify;\"><span style=\"color: #000000;\">La Circolare Ministeriale ha, in conclusione, intimato ai destinatari di dare &#8220;<strong><em>puntuale ed uniforme osservanza degli indirizzi giurisprudenziali espressi dalle Sezioni Unite negli adempimenti dei competenti uffici<\/em><\/strong>&#8220;.<\/span><\/p>\n<h4 style=\"text-align: center;\"><span style=\"color: #000000;\"><strong>La Circolare del Prefetto di Milano<\/strong><\/span><\/h4>\n<p style=\"text-align: justify;\"><span style=\"color: #000000;\"><img loading=\"lazy\" decoding=\"async\" class=\"size-medium wp-image-56122 alignleft\" src=\"https:\/\/www.rassegnastampa-totustuus.it\/cattolica\/wp-content\/uploads\/2023\/04\/Milano_stemma_Italia-300x242.png\" alt=\"\" width=\"300\" height=\"242\" srcset=\"https:\/\/www.rassegnastampa-totustuus.it\/cattolica\/wp-content\/uploads\/2023\/04\/Milano_stemma_Italia-300x242.png 300w, https:\/\/www.rassegnastampa-totustuus.it\/cattolica\/wp-content\/uploads\/2023\/04\/Milano_stemma_Italia.png 595w\" sizes=\"auto, (max-width: 300px) 100vw, 300px\" \/>In tale ottica, il Prefetto di Milano ha comunicato doverosamente le indicazioni del Ministero e per mezzo di una <strong>Circolare diretta al Sindaco di Milano<\/strong>, ha precisato che:<\/span><\/p>\n<p style=\"text-align: justify;\"><span style=\"color: #000000;\"><em>&#8220;alla luce del divieto per le coppie composte da soggetti dello stesso sesso di accedere a tecniche di procreazione medicalmente assistita,<strong> il solo genitore che abbia un legame biologico con il nato pu\u00f2 essere menzionato nell&#8217;atto di nascita che viene formato in Italia<\/strong>. Parimenti esclusa \u00e8 la trascrizione di atti di nascita formati all&#8217;estero riconducibili alla <strong>fattispecie della maternit\u00e0 surrogata<\/strong>&#8220;.<\/em><\/span><\/p>\n<p style=\"text-align: justify;\"><span style=\"color: #000000;\">La Prefettura ha, dunque, anche e<strong>steso il divieto di trascrizione dell&#8217;atto di nascita di bambini nati all&#8217;estero per mezzo di fecondazione assistita e riportante due donne come genitori<\/strong>; ci\u00f2 \u00e8 stato deciso \u00ab<strong><em>in ragione dell&#8217;assenza di indicazioni normative<\/em><\/strong>\u00bb, tuttavia, la Prefettura ha chiesto, in merito, un parere all&#8217;Avvocatura dello Stato.<\/span><\/p>\n<h4 style=\"text-align: center;\"><span style=\"color: #000000;\"><strong>Le proteste del mondo LGBTIQA+ e la disobbedienza dei sindaci<\/strong><\/span><\/h4>\n<p style=\"text-align: justify;\"><span style=\"color: #000000;\">Il provvedimento del Prefetto ha innescato, come \u00e8 noto, proteste da parte del mondo LGBTIQA+ e anche da parte di alcuni Sindaci di importanti Comuni italiani, che hanno deciso di &#8220;<strong><em>disobbedire<\/em><\/strong>&#8221; &#8220;<em>procedendo, <strong>nell&#8217;esclusivo interesse dei minori<\/strong>, alle <strong>trascrizioni integrali dei certificati di nascita costituiti all&#8217;estero con due mamme non riconducibili a una gestazione per altri<\/strong>&#8220;<\/em>. Tali proteste sono state portate fino a Bruxelles, per propiziare la detta risoluzione del Parlamento Europeo.<\/span><\/p>\n<p style=\"text-align: justify;\"><span style=\"color: #000000;\">A questo punto, sorgono due punti di domanda:<\/span><\/p>\n<ul>\n<li style=\"text-align: justify;\"><span style=\"color: #000000;\"><em>\u00e8 conforme alla legge e alla giurisprudenza la decisione dei sindaci disobbedienti?<\/em><\/span><\/li>\n<li style=\"text-align: justify;\"><span style=\"color: #000000;\"><em>qual \u00e8 la tutela da dare ai figli nati dal desiderio di persone dello stesso sesso?<\/em><\/span><\/li>\n<\/ul>\n<h4 style=\"text-align: center;\"><span style=\"color: #000000;\"><strong>La maternit\u00e0 surrogata \u00e8 contraria all&#8217;ordine pubblico<\/strong><\/span><\/h4>\n<p style=\"text-align: justify;\"><span style=\"color: #000000;\"><img loading=\"lazy\" decoding=\"async\" class=\" wp-image-21183 alignright\" src=\"https:\/\/www.rassegnastampa-totustuus.it\/cattolica\/wp-content\/uploads\/2015\/03\/utero_affitto.jpg\" alt=\"\" width=\"254\" height=\"254\" srcset=\"https:\/\/www.rassegnastampa-totustuus.it\/cattolica\/wp-content\/uploads\/2015\/03\/utero_affitto.jpg 160w, https:\/\/www.rassegnastampa-totustuus.it\/cattolica\/wp-content\/uploads\/2015\/03\/utero_affitto-150x150.jpg 150w\" sizes=\"auto, (max-width: 254px) 100vw, 254px\" \/>Non c&#8217;\u00e8 alcun dubbio che, come abbiamo gi\u00e0 <a style=\"color: #000000;\" href=\"https:\/\/ntplusdiritto.ilsole24ore.com\/art\/(https:\/ntplusdiritto.ilsole24ore.com\/art\/la-filiazione-omogenitoriale-il-rispetto-ordine-pubblico-e-miglior-interesse-minore-AEyFbj7C\">ribadito qui <\/a>, essendo la <strong>pratica della maternit\u00e0 surrogata<\/strong> &#8211;<em> come afferma la Corte di Cassazione con la sentenza n. 38162\/2022<\/em> &#8211; <strong>contraria all&#8217;ordine pubblico<\/strong>, lo \u00e8, pertanto, anche,<strong> la trascrivibilit\u00e0 automatica del provvedimento straniero di attestazione della genitorialit\u00e0 avente origine da una maternit\u00e0 surrogata<\/strong>; infatti, \u00e8 riconosciuto il carattere di norma di ordine pubblico internazionale<\/span> <span style=\"color: #0000ff;\"><a style=\"color: #0000ff;\" href=\"https:\/\/ntplusdiritto.ilsole24ore.com\/viewer?appid=4239&amp;redirect=false&amp;origine=diritto#showdoc\/5118743\" target=\"_blank\" rel=\"noopener noreferrer\"><strong>all&#8217;articolo 12, comma 6, della legge 19 febbraio 2004, n. 40<\/strong> <\/a><\/span>, <span style=\"color: #000000;\">che considera fattispecie di reato ogni forma di maternit\u00e0 surrogata, con sanzione rivolta a tutti i soggetti coinvolti, compresi i genitori intenzionali.<\/span><\/p>\n<p style=\"text-align: justify;\"><span style=\"color: #000000;\"><img loading=\"lazy\" decoding=\"async\" class=\" wp-image-28628 alignleft\" src=\"https:\/\/www.rassegnastampa-totustuus.it\/cattolica\/wp-content\/uploads\/2015\/12\/utero-in-affitto.jpg\" alt=\"\" width=\"321\" height=\"218\" \/>La Cassazione, infatti, nella sentenza a <em>Sezioni Unite n. 38162\/2022<\/em>, specifica che in tal modo <em>&#8220;si pone l&#8217;esigenza di <strong>salvaguardare i principi ispiratori dell&#8217;ordinamento giuridico italiano in una materia di rilevante sensibilit\u00e0 sul piano etico<\/strong>, che mette in gioco il valore fondamentale della dignit\u00e0 umana, <strong>alla quale \u00e8 preordinato il divieto di ricorso alla maternit\u00e0 surrogata posto da una legge della Repubblica<\/strong>. Nella gestazione per altri non ci sono soltanto i desideri di genitorialit\u00e0, le aspirazioni e i progetti della coppia committente. Ci sono persone concrete. Ci sono<strong> donne usate come strumento per funzioni riproduttive, con i loro diritti inalienabili annullati o sospesi dentro procedure contrattuali<\/strong>. Ci sono <strong>bambini esposti a una pratica che determina incertezze sul loro status<\/strong> e, quindi, sulla loro identit\u00e0 nella societ\u00e0.&#8221;<\/em><\/span><\/p>\n<p style=\"text-align: justify;\"><span style=\"color: #000000;\"><img loading=\"lazy\" decoding=\"async\" class=\"size-medium wp-image-47412 alignright\" src=\"https:\/\/www.rassegnastampa-totustuus.it\/cattolica\/wp-content\/uploads\/2020\/06\/magistratura_giustizia_diritto-300x109.jpg\" alt=\"\" width=\"300\" height=\"109\" srcset=\"https:\/\/www.rassegnastampa-totustuus.it\/cattolica\/wp-content\/uploads\/2020\/06\/magistratura_giustizia_diritto-300x109.jpg 300w, https:\/\/www.rassegnastampa-totustuus.it\/cattolica\/wp-content\/uploads\/2020\/06\/magistratura_giustizia_diritto-768x280.jpg 768w, https:\/\/www.rassegnastampa-totustuus.it\/cattolica\/wp-content\/uploads\/2020\/06\/magistratura_giustizia_diritto-1024x373.jpg 1024w, https:\/\/www.rassegnastampa-totustuus.it\/cattolica\/wp-content\/uploads\/2020\/06\/magistratura_giustizia_diritto.jpg 1920w\" sizes=\"auto, (max-width: 300px) 100vw, 300px\" \/>La sanzione penale di cui alla L. n. 40 del 2004, articolo 12, comma 6, esprime per tali motivi <strong>l&#8217;elevato grado di disvalore che il nostro ordinamento attribuisce alla surrogazione di maternit\u00e0<\/strong>; pertanto, la L. n. 40 del 2004, articolo 12, comma 6, esprime l&#8217;esigenza di porre un confine al desiderio di genitorialit\u00e0 ad ogni costo, che pretende di essere soddisfatto attraverso il corpo di un&#8217;altra persona utilizzato come mero supporto materiale per la realizzazione di un progetto altrimenti irrealizzabile.<\/span><\/p>\n<p style=\"text-align: justify;\"><span style=\"color: #000000;\">Parafrasando le affermazioni della Suprema Corte, \u00e8 possibile, dunque, sostenere, che non ogni desiderio pu\u00f2 diventare diritto, se lede la dignit\u00e0 dei pi\u00f9 piccoli.<\/span><\/p>\n<h4 style=\"text-align: center;\"><span style=\"color: #000000;\"><strong>La condanna della maternit\u00e0 surrogata da parte del Parlamento Europeo\u00a0 <\/strong><\/span><span style=\"color: #000000;\"><strong>e dalla Corte europea dei Diritti Umani<\/strong><\/span><\/h4>\n<p style=\"text-align: justify;\"><span style=\"color: #000000;\"><img loading=\"lazy\" decoding=\"async\" class=\" wp-image-39998 alignleft\" src=\"https:\/\/www.rassegnastampa-totustuus.it\/cattolica\/wp-content\/uploads\/2018\/03\/giustizia_Europa.jpg\" alt=\"\" width=\"325\" height=\"221\" \/>Dopotutto la <strong>condanna di<\/strong> &#8220;<strong><em>qualsiasi forma di maternit\u00e0 surrogata a fini commerciali<\/em><\/strong>&#8221; era stata espressa anche dal<\/span> <span style=\"color: #0000ff;\"><a style=\"color: #0000ff;\" href=\"https:\/\/eur-lex.europa.eu\/legal-content\/IT\/TXT\/PDF\/?uri=CELEX:52016IP0485&amp;from=PL\" target=\"_blank\" rel=\"noopener noreferrer\"><strong>Parlamento Europeo nella propria risoluzione del 13 dicembre 2016<\/strong> <\/a><\/span>sulla situazione dei diritti fondamentali nell&#8217;Unione Europea nel 2015, ma anche dalla <strong>Grande Camera<\/strong>, il massimo organo giurisdizionale della <span style=\"color: #0000ff;\"><a style=\"color: #0000ff;\" href=\"https:\/\/hudoc.echr.coe.int\/eng#{%22fulltext%22:[%22Paradiso%22],%22documentcollectionid2%22:[%22GRANDCHAMBER%22,%22CHAMBER%22],%22itemid%22:[%22001-170359%22]}\" target=\"_blank\" rel=\"noopener noreferrer\"><strong>Corte europea dei diritti dell&#8217;uomo, con la sentenza depositata il 24 gennaio 2017 <\/strong><\/a><\/span><span style=\"color: #000000;\">(CASE OF PARADISO AND CAMPANELLI v. ITALY &#8211; <em>ricorso n. 25358<\/em>).<\/span><\/p>\n<p style=\"text-align: justify;\"><span style=\"color: #000000;\">In tale sentenza la Grande Camera ha stabilito un principio importante, ossia la <strong>competenza esclusiva degli Stati nel fissare le regole sull&#8217;attribuzione di effetti giuridici ai legami tra genitori e figli<\/strong>. Con la conseguenza che, in forza di tale competenza, nell&#8217;ambito del proprio potere di apprezzamento, lo Stato pu\u00f2 decidere di tutelare solo i vincoli frutto di legami biologici o di adozione, escludendo ogni riconoscimento per i rapporti derivanti dalla pratica dell&#8217;utero in affitto.<\/span><\/p>\n<h4 style=\"text-align: center;\"><span style=\"color: #000000;\"><strong>La trascrizione dei certificati di nascita costituiti all&#8217;estero con &#8220;due mamme <\/strong><\/span><span style=\"color: #000000;\"><strong>non riconducibili a una gestazione per altri&#8221; trova fondamento nel nostro ordinamento?<\/strong><\/span><\/h4>\n<p style=\"text-align: justify;\"><span style=\"color: #000000;\"><img loading=\"lazy\" decoding=\"async\" class=\"size-medium wp-image-56123 alignright\" src=\"https:\/\/www.rassegnastampa-totustuus.it\/cattolica\/wp-content\/uploads\/2023\/04\/certificato_nascita-300x241.jpg\" alt=\"\" width=\"300\" height=\"241\" srcset=\"https:\/\/www.rassegnastampa-totustuus.it\/cattolica\/wp-content\/uploads\/2023\/04\/certificato_nascita-300x241.jpg 300w, https:\/\/www.rassegnastampa-totustuus.it\/cattolica\/wp-content\/uploads\/2023\/04\/certificato_nascita.jpg 600w\" sizes=\"auto, (max-width: 300px) 100vw, 300px\" \/>Se come abbiamo notato non sorgono problemi interpretativi sul divieto di trascrizione di atti di nascita formati all&#8217;estero riconducibili alla fattispecie della maternit\u00e0 surrogata, rimane da valutare, alla luce della legislazione vigente e della giurisprudenza, se la &#8220;<em>disobbedienza<\/em>&#8221; di quei sindaci che hanno deciso di &#8220;<strong><em>trascrivere integralmente i certificati di nascita costituiti all&#8217;estero con due mamme non riconducibili a una gestazione per altri<\/em><\/strong>&#8221; trova fondamento nel nostro ordinamento.<\/span><\/p>\n<p style=\"text-align: justify;\"><span style=\"color: #000000;\">\u00c8 da evidenziare in primo luogo che il diniego di riconoscibilit\u00e0 del rapporto di genitorialit\u00e0 omosessuale deve essere vagliato alla luce non solo delle <strong>norme dettate dall&#8217;ordinamento dello stato civile<\/strong>, le quali non consentono di indicare altra figura genitoriale, oltre alla madre, che non sia il padre (<em>cfr. art. 250 c.c.<\/em>), ma anche di quelle di<strong> diritto internazionale privato<\/strong>: il <a style=\"color: #000000;\" href=\"https:\/\/ntplusdiritto.ilsole24ore.com\/viewer?appid=4239&amp;redirect=false&amp;origine=diritto#showdoc\/30442447\">D.Lgs. 19 gennaio 2017, n. 7<\/a>, infatti,<strong> esercitando la delega del comma 28, lett. b), L. n. 76\/2016, sulle unioni civili, non ha espressamente previsto alcuna modifica in merito<\/strong> e nemmeno per quanto concerne la L. n. 218\/1995, cosicch\u00e9 \u00e8 <strong>inibito alla Pubblica Amministrazione di provvedere alla richiesta di riconoscimento di atti di nascita, o di provvedimenti formati all&#8217;estero<\/strong>, vietando, altres\u00ec, qualsiasi comportamento discrezionale dell&#8217;ufficiale di stato civile.<\/span><\/p>\n<h4 style=\"text-align: center;\"><span style=\"color: #000000;\"><strong>L&#8217;ufficiale di stato civile \u00e8 vincolato alla legge nella tenuta dei registri<\/strong><\/span><\/h4>\n<p style=\"text-align: justify;\"><span style=\"color: #000000;\"><img loading=\"lazy\" decoding=\"async\" class=\" wp-image-56124 alignright\" src=\"https:\/\/www.rassegnastampa-totustuus.it\/cattolica\/wp-content\/uploads\/2023\/04\/burocrazia_faldoni_documenti.jpg\" alt=\"\" width=\"277\" height=\"277\" srcset=\"https:\/\/www.rassegnastampa-totustuus.it\/cattolica\/wp-content\/uploads\/2023\/04\/burocrazia_faldoni_documenti.jpg 225w, https:\/\/www.rassegnastampa-totustuus.it\/cattolica\/wp-content\/uploads\/2023\/04\/burocrazia_faldoni_documenti-150x150.jpg 150w\" sizes=\"auto, (max-width: 277px) 100vw, 277px\" \/>La giurisprudenza di legittimit\u00e0, d&#8217;altra parte, \u00e8 ferma nell&#8217;escludere che possa in Italia formarsi un atto di nascita contente l&#8217;indicazione di due madri. L&#8217;ufficiale di stato civile, infatti, \u00e8 vincolato alla legge nella tenuta dei registri, cosicch\u00e9 <strong>non pu\u00f2 darsi corso alla redazione di un atto di nascita che menzioni due madri<\/strong>, poich\u00e9 tanto le leggi in materia di p.m.a. (art. 5 l. 104\/2004.) quanto le norme dello stato civile (implicitamente, ma chiaramente) postulano che una sola persona ha diritto di essere menzionata come madre nell&#8217;atto di nascita.<\/span><\/p>\n<h4 style=\"text-align: center;\"><span style=\"color: #000000;\"><strong>Le Corti vietano forme di genitorialit\u00e0 svincolate dal rapporto biologico<\/strong><\/span><\/h4>\n<p style=\"text-align: justify;\"><span style=\"color: #000000;\"><img loading=\"lazy\" decoding=\"async\" class=\" wp-image-55425 alignleft\" src=\"https:\/\/www.rassegnastampa-totustuus.it\/cattolica\/wp-content\/uploads\/2023\/01\/diritto_cassazione_magistratura_giustizia.jpg\" alt=\"\" width=\"337\" height=\"192\" \/>Secondo la Cassazione \u00e8, infatti, legittimo il diniego dell&#8217;ufficiale di stato civile di rettificare il certificato di nascita di un minore con l&#8217;indicazione di entrambe le madri in quanto non \u00e8 consentita, al di fuori dei casi previsti dalla legge, la realizzazione di forme di genitorialit\u00e0, svincolate da un rapporto biologico, con i medesimi strumenti giuridici previsti per il minore nato nel matrimonio oppure riconosciuto. <strong>La Legge n. 40 del 2004 non consente un&#8217;interpretazione estensiva con riferimento ai soggetti che possono accedere alle tecniche di p.m.a., essendo escluso il ricorso alle predette tecniche alle coppie omosessuali <\/strong>(cfr.<\/span> <span style=\"color: #0000ff;\"><a style=\"color: #0000ff;\" href=\"https:\/\/ntplusdiritto.ilsole24ore.com\/viewer?appid=4239&amp;redirect=false&amp;origine=diritto#showdoc\/38537667\" target=\"_blank\" rel=\"noopener noreferrer\"><strong>Corte di Cassazione Sezione 1 Civile Ordinanza 4 aprile 2022 n. 10844<\/strong> <\/a><\/span>).<\/p>\n<h4 style=\"text-align: center;\"><span style=\"color: #000000;\"><strong>Corte Costituzionale: la famiglia ad instar naturae \u00e8 il &#8220;luogo&#8221; pi\u00f9 idoneo\u00a0 <\/strong><strong>per accogliere e crescere il nuovo nato<\/strong><\/span><\/h4>\n<p style=\"text-align: justify;\"><span style=\"color: #000000;\">Anche la <strong>Corte Costituzionale si \u00e8 espressa in tal senso<\/strong>, dichiarando <em>inammissibile la questione di legittimit\u00e0 costituzionale dell&#8217;art. 1, comma 20, l. 20 maggio 2016, n. 76 e dell&#8217;art. 29, comma 2, d.P.R. 3 novembre 2000, n. 396, censurati per violazione degli artt. 2, 3, commi 1 e 2, 30 e 117, comma 1, Cost<\/em>., quest&#8217;ultimo in relazione <em>all&#8217;art. 24, par. 3, CdfUe, agli artt. 8 e 14 Cedu e alla Convenzione sui diritti del fanciullo<\/em>, nella parte in cui non consentono la formazione di un atto di nascita in cui vengano indicati come genitori due donne tra loro unite civilmente e che abbiano fatto ricorso (all&#8217;estero) alla procreazione medicalmente assistita.<\/span><\/p>\n<p style=\"text-align: justify;\"><span style=\"color: #000000;\"><img loading=\"lazy\" decoding=\"async\" class=\" wp-image-44494 alignright\" src=\"https:\/\/www.rassegnastampa-totustuus.it\/cattolica\/wp-content\/uploads\/2005\/11\/corte_costituzionale.jpg\" alt=\"\" width=\"329\" height=\"219\" \/>La scelta operata dal legislatore, infatti, sottende l&#8217;idea, non arbitraria o irrazionale, che una <strong>famiglia <em>ad instar naturae <\/em><\/strong>\u2014 due genitori, di sesso diverso, entrambi viventi e in et\u00e0 potenzialmente fertile \u2014 rappresenti, in linea di principio, <strong>il &#8220;<em>luogo<\/em>&#8221; pi\u00f9 idoneo per accogliere e crescere il nuovo nato, e tale scelta non viola gli artt. 2 e 30 Cost.<\/strong>, perch\u00e9 l&#8217;aspirazione della madre intenzionale ad essere genitore non assurge a livello di diritto fondamentale della persona.<\/span><\/p>\n<p style=\"text-align: justify;\"><span style=\"color: #000000;\">A sua volta,<strong> l&#8217;art. 30 Cost. non pone una nozione di famiglia inscindibilmente correlata alla presenza di figli e la libert\u00e0 e volontariet\u00e0 dell&#8217;atto che consente di diventare genitori non implica che possa esplicarsi senza limiti<\/strong>. Inoltre, la circostanza che esista una differenza tra la normativa italiana e le molteplici normative mondiali \u00e8 un fatto che l&#8217;ordinamento non pu\u00f2 tenere in considerazione, n\u00e9 diversamente rilevano le richiamate fonti europee, poich\u00e9 sia la CdfUe sia la Cedu, in materia di famiglia, rinviano in modo esplicito alle singole legislazioni nazionali e al rispetto dei principi ivi affermati. (cfr<\/span>. <span style=\"color: #0000ff;\"><a style=\"color: #0000ff;\" href=\"https:\/\/ntplusdiritto.ilsole24ore.com\/viewer?appid=4239&amp;redirect=false&amp;origine=diritto#showdoc\/36215437\" target=\"_blank\" rel=\"noopener noreferrer\"><strong>Corte Costituzionale Sentenza 4 novembre 2020, n. 230<\/strong> <\/a><\/span>).<\/p>\n<h4 style=\"text-align: center;\"><span style=\"color: #000000;\"><strong>La Cassazione afferma che <em>&#8220;una sola persona ha diritto di essere menzionata <\/em><\/strong><\/span><span style=\"color: #000000;\"><strong><em>come madre nell&#8217;atto di nascita&#8221;<\/em><\/strong><\/span><\/h4>\n<p style=\"text-align: justify;\"><span style=\"color: #000000;\"><img loading=\"lazy\" decoding=\"async\" class=\" wp-image-6947 alignleft\" src=\"https:\/\/www.rassegnastampa-totustuus.it\/cattolica\/wp-content\/uploads\/2013\/12\/giudici.jpg\" alt=\"\" width=\"300\" height=\"225\" \/>La Cassazione ha, peraltro, ribadito, che nel nostro ordinamento, <strong>una sola persona ha diritto di essere menzionata come madre nell&#8217;atto di nascita<\/strong>, in virt\u00f9 di un <strong>rapporto di filiazione che presuppone il legame biologico e\/o genetico con il nato<\/strong>; pertanto, il divieto di doppia maternit\u00e0 si applica agli atti di nascita formati o da formare in Italia, a prescindere dal luogo dove sia avvenuta la pratica fecondativa. (cfr.<\/span> <span style=\"color: #0000ff;\"><a style=\"color: #0000ff;\" href=\"https:\/\/ntplusdiritto.ilsole24ore.com\/viewer?appid=4239&amp;redirect=false&amp;origine=diritto#showdoc\/34812421\" target=\"_blank\" rel=\"noopener noreferrer\"><strong>Corte di Cassazione Sezione 1 Civile Sentenza 3 aprile 2020 n. 7668<\/strong> <\/a><\/span><span style=\"color: #000000;\">).<\/span><\/p>\n<p style=\"text-align: justify;\"><span style=\"color: #000000;\">\u00c8 da annoverare anche un&#8217;altra sentenza della Corte Costituzionale che ha evidenziato che la L. n. 40 del 2004, prevede che alle <em>tecniche di procreazione medicalmente assistita possano accedere soltanto coppie di maggiorenni di sesso diverso, coniugate o conviventi, in et\u00e0 potenzialmente fertile, entrambi viventi, <strong>non consentendo<\/strong>, dunque, l<strong>&#8216;accesso alla procreazione medicalmente assistita alle coppie omosessuali<\/strong> <strong>.<\/strong><\/em> (cfr. <\/span><span style=\"color: #0000ff;\"><a style=\"color: #0000ff;\" href=\"https:\/\/ntplusdiritto.ilsole24ore.com\/viewer?appid=4239&amp;redirect=false&amp;origine=diritto#showdoc\/34192213\" target=\"_blank\" rel=\"noopener noreferrer\"><strong>Corte cost., 23 ottobre 2019, n. 221<\/strong> <\/a><\/span><span style=\"color: #000000;\">)<\/span><\/p>\n<h4 style=\"text-align: center;\"><span style=\"color: #000000;\"><strong>La giurisprudenza delle Corti<\/strong><\/span><\/h4>\n<p><img loading=\"lazy\" decoding=\"async\" class=\"alignright wp-image-52405 \" src=\"https:\/\/www.rassegnastampa-totustuus.it\/cattolica\/wp-content\/uploads\/2021\/09\/legge_diritto_giustizia-300x192.jpg\" alt=\"\" width=\"325\" height=\"208\" srcset=\"https:\/\/www.rassegnastampa-totustuus.it\/cattolica\/wp-content\/uploads\/2021\/09\/legge_diritto_giustizia-300x192.jpg 300w, https:\/\/www.rassegnastampa-totustuus.it\/cattolica\/wp-content\/uploads\/2021\/09\/legge_diritto_giustizia-768x492.jpg 768w, https:\/\/www.rassegnastampa-totustuus.it\/cattolica\/wp-content\/uploads\/2021\/09\/legge_diritto_giustizia-1024x656.jpg 1024w, https:\/\/www.rassegnastampa-totustuus.it\/cattolica\/wp-content\/uploads\/2021\/09\/legge_diritto_giustizia.jpg 1723w\" sizes=\"auto, (max-width: 325px) 100vw, 325px\" \/><\/p>\n<p style=\"text-align: justify;\"><span style=\"color: #000000;\">La giurisprudenza delle Corti \u00e8 unanime nell&#8217;affermare che <strong>non \u00e8 accoglibile la domanda di rettificazione dell&#8217;atto italiano di nascita tesa ad ottenere l&#8217;indicazione, in qualit\u00e0 di madre del bambino<\/strong>, non solo di quella che lo ha partorito, ma <strong>anche della donna a colei legata <\/strong>da stabile relazione affettiva<\/span><\/p>\n<p style=\"text-align: justify;\"><span style=\"color: #000000;\">\u00c8 da rilevare, comunque, che la costante giurisprudenza di legittimit\u00e0 afferma senza equivoci e in modo granitico, che qualora il minore sia nato in Italia e concepito mediante l&#8217;impiego di tecniche di fecondazione medicalmente assistita di tipo eterologo praticate all&#8217;estero, non \u00e8 accoglibile la domanda di rettificazione dell&#8217;atto italiano di nascita tesa ad ottenere l&#8217;indicazione, in qualit\u00e0 di madre del bambino, non solo di quella che lo ha partorito, ma anche della donna a colei legata da stabile relazione affettiva, poich\u00e9 in contrasto con l&#8217;art. 4 c. 3 della L. n. 40 del 2004 che esclude il ricorso alle tecniche di PMA da parte di coppie dello stesso sesso, <strong>non essendo consentite<\/strong>, al di fuori dei casi previsti dalla legge, <strong>forme di genitorialit\u00e0 svincolate da un rapporto biologico mediante i medesimi strumenti giuridici previsti per il minore nato nel matrimonio o riconosciuto <\/strong>( <em>cfr. Cass. n. 7668\/2020, Cass. n. 8029\/2020 , Cass. n. 7413\/2022; Cass. 10844\/2022; Cass. 6383\/2022<\/em>).<\/span><\/p>\n<p style=\"text-align: justify;\"><span style=\"color: #000000;\"><img loading=\"lazy\" decoding=\"async\" class=\" wp-image-56125 alignleft\" src=\"https:\/\/www.rassegnastampa-totustuus.it\/cattolica\/wp-content\/uploads\/2023\/04\/Europa_corte_diritti_uomo.jpg\" alt=\"\" width=\"319\" height=\"188\" \/>Anche la Corte Europea dei diritti dell&#8217;Uomo ha affermato che una <strong>legge nazionale che riservi l&#8217;inseminazione artificiale a coppie eterosessuali sterili <\/strong>attribuendone una finalit\u00e0 terapeutica non<strong> pu\u00f2 essere considerata fonte di una ingiustificata disparit\u00e0 di trattamento<\/strong> nei confronti delle coppie omosessuali, rilevante agli effetti degli articoli 8 e 14 CEDU: ci\u00f2, proprio perch\u00e9 la situazione delle seconde non \u00e8 paragonabile a quelle delle prime. (cfr.<\/span><span style=\"color: #0000ff;\"><a style=\"color: #0000ff;\" href=\"https:\/\/ntplusdiritto.ilsole24ore.com\/viewer?appid=4239&amp;redirect=false&amp;origine=diritto#showdoc\/13176895\" target=\"_blank\" rel=\"noopener noreferrer\"> <strong>Corte E.D.U., sent. 15 marzo 2012, Gas e Dubois c. Francia<\/strong> <\/a><\/span>)<span style=\"color: #000000;\">.<\/span><\/p>\n<p style=\"text-align: justify;\"><span style=\"color: #000000;\">La sentenza della <em>Cassazione n. 2332\/2021 <\/em>ha, inoltre, precisato che la legge n. 76 del 2016, <strong>pur riconoscendo la dignit\u00e0 sociale giuridica delle coppie formate da persone dello stesso sesso, non consente comunque la filiazione<\/strong>, sia adottiva che per fecondazione assistita, in loro favore, poich\u00e9 <strong>dal rinvio alle disposizioni sul matrimonio<\/strong>, contenuto nell&#8217;articolo 1 comma 20 la L. n. 76 del 2016, restano escluse, in quanto non richiamate, proprio quelle che<strong> regolano la paternit\u00e0, la maternit\u00e0 e l&#8217;adozione legittimante.<\/strong><\/span><\/p>\n<p style=\"text-align: justify;\"><span style=\"color: #000000;\"><img loading=\"lazy\" decoding=\"async\" class=\"wp-image-56126 alignright\" src=\"https:\/\/www.rassegnastampa-totustuus.it\/cattolica\/wp-content\/uploads\/2023\/04\/adozioni_omosex_lesbo.jpg\" alt=\"\" width=\"351\" height=\"192\" \/> Interessante anche il recente e ben motivato decreto del<\/span> <span style=\"color: #0000ff;\"><a style=\"color: #0000ff;\" href=\"https:\/\/ntplusdiritto.ilsole24ore.com\/art\/status-madre-solo-chi-ha-partorito-no-indicazione-due-mamme-atto-nascita-AEid7NLC\" target=\"_blank\" rel=\"noopener noreferrer\"><strong>Tribunale di Arezzo del 10 novembre 2022 qui commentato<\/strong> <\/a><\/span><span style=\"color: #000000;\">che a conclusione di un giudizio promosso da due donne, che avevano fatto richiesta, che fosse esteso ad entrambe lo &#8220;<em>status di madre<\/em>&#8221; di due gemelli, ha affermato che &#8220;<em>la mamma \u00e8 una sola<\/em>&#8220;, cos\u00ec prevede la legislazione vigente, pertanto, <strong>sull&#8217;atto di nascita non possono essere indicate due mamme, ma, soltanto colei che ha partorito il figlio<\/strong>.<\/span><\/p>\n<h4 style=\"text-align: center;\"><span style=\"color: #000000;\"><strong>Quale tutela ai figli nati dal desiderio delle persone dello stesso sesso?<\/strong><\/span><\/h4>\n<p style=\"text-align: justify;\"><span style=\"color: #000000;\">Se, pertanto, da una parte, non rileva l&#8217;aspirazione della madre intenzionale ad essere genitore [perch\u00e9] non assurge a livello di diritto fondamentale della persona (cfr. <em>Corte Costituzionale sent. n. 230\/2020<\/em>), resta, tuttavia, da esaminare, quale tutela dare ai figli nati dal desiderio delle persone dello stesso sesso.<\/span><\/p>\n<p style=\"text-align: justify;\"><span style=\"color: #000000;\"><img loading=\"lazy\" decoding=\"async\" class=\" wp-image-56127 alignleft\" src=\"https:\/\/www.rassegnastampa-totustuus.it\/cattolica\/wp-content\/uploads\/2023\/04\/Comune_anagrafe_stato_civile-300x165.jpg\" alt=\"\" width=\"387\" height=\"213\" srcset=\"https:\/\/www.rassegnastampa-totustuus.it\/cattolica\/wp-content\/uploads\/2023\/04\/Comune_anagrafe_stato_civile-300x165.jpg 300w, https:\/\/www.rassegnastampa-totustuus.it\/cattolica\/wp-content\/uploads\/2023\/04\/Comune_anagrafe_stato_civile.jpg 303w\" sizes=\"auto, (max-width: 387px) 100vw, 387px\" \/>\u00c8 preliminarmente da evidenziare che <strong>l&#8217;ordinamento dello stato civile non consente di indicare altra figura genitoriale, oltre alla madre, che non sia il padre <\/strong>(cfr. art. 250 c.c.), pertanto, in tali casi la Suprema Corte in materia, ha ribadito l&#8217;orientamento costante, chiarendo che l&#8217;indicazione della doppia genitorialit\u00e0 non \u00e8 da ritenersi necessaria a garantire al minore la migliore tutela possibile, atteso che, in tali casi,<strong> l&#8217;adozione in casi particolari si presta a realizzare appieno il preminente interesse del minore alla creazione di legami parentali con la famiglia del genitore adottivo<\/strong>, senza che siano esclusi quelli con la famiglia del genitore biologico e ci\u00f2 alla luce di quanto stabilito dalla sentenza della Corte cost. n. 79 del 2022 (cfr. <em>Cass. 22179\/2022<\/em> ). E ci\u00f2<strong> anche nel caso in cui la compagna della partner sia madre &#8220;<em>intenzionale<\/em>&#8220;<\/strong>, essendosi limitata a prestare all&#8217;estero il consenso alla procreazione (eterologa) della madre, sia nella ipotesi in cui ella abbia anche donato l&#8217;ovulo e sia dunque legata al figlio da un rapporto genetico (cfr. <em>Cass. n. 6383\/2022<\/em>).<\/span><\/p>\n<h4 style=\"text-align: center;\"><span style=\"color: #000000;\"><strong>Il miglior interesse del minore e il suo diritto alla bigenitorialit\u00e0<\/strong><\/span><\/h4>\n<p style=\"text-align: justify;\"><span style=\"color: #000000;\"><img loading=\"lazy\" decoding=\"async\" class=\" wp-image-31340 alignright\" src=\"https:\/\/www.rassegnastampa-totustuus.it\/cattolica\/wp-content\/uploads\/2012\/12\/bambini-300x160.jpg\" alt=\"\" width=\"347\" height=\"185\" srcset=\"https:\/\/www.rassegnastampa-totustuus.it\/cattolica\/wp-content\/uploads\/2012\/12\/bambini-300x160.jpg 300w, https:\/\/www.rassegnastampa-totustuus.it\/cattolica\/wp-content\/uploads\/2012\/12\/bambini.jpg 308w\" sizes=\"auto, (max-width: 347px) 100vw, 347px\" \/>A questo punto non rimane altro che valutare se l&#8217;intento dei &#8220;<em>sindaci disobbedienti<\/em>&#8221; a promuovere &#8220;<em>l&#8217;esclusivo interesse dei minori<\/em>&#8221; per mezzo delle trascrizioni sia fondato.<\/span><\/p>\n<p style=\"text-align: justify;\"><span style=\"color: #000000;\">Come \u00e8 noto <strong>il miglior interesse del minore \u00e8 il principio cardine su cui si basa il diritto di famiglia. Collegato a tale principio vi \u00e8 il diritto del minore alla bigenitorialit\u00e0<\/strong>.<\/span><\/p>\n<p style=\"text-align: justify;\"><span style=\"color: #000000;\">In tale prospettiva sono i due genitori, anche se non uniti in matrimonio, che hanno il dovere, prima che diritto, di istruire, educare e mantenere i figli ex art. 30 comma 1 Cost., e questi due genitori sono la madre ed il padre.<\/span><\/p>\n<p style=\"text-align: justify;\"><span style=\"color: #000000;\"><img loading=\"lazy\" decoding=\"async\" class=\" wp-image-36130 alignleft\" src=\"https:\/\/www.rassegnastampa-totustuus.it\/cattolica\/wp-content\/uploads\/2007\/02\/famiglia.jpg\" alt=\"\" width=\"271\" height=\"249\" \/>La Corte Costituzionale, sent. n. 230\/2020 ha, infatti, sostenuto che una famiglia ad instar naturae \u2014 due genitori, di sesso diverso, entrambi viventi e in et\u00e0 potenzialmente fertile \u2014 rappresenti, in linea di principio, il &#8220;luogo&#8221; pi\u00f9 idoneo per accogliere e crescere il nuovo nato.<\/span><\/p>\n<p style=\"text-align: justify;\"><span style=\"color: #000000;\">La <strong>genitorialit\u00e0<\/strong>, infatti, \u00e8, secondo il nostro ordinamento,<strong> una dimensione di ruoli e di ruoli differenti<\/strong>, i quali, ai sensi del comma 2 art. 29 Cost., sono o<strong>rdinati sulla eguaglianza morale e giuridica proprio perch\u00e9 differenti<\/strong>.<\/span><\/p>\n<p style=\"text-align: center;\"><span style=\"color: #000000;\"><strong>La genitorialit\u00e0 delle coppie same sex \u00e8 conforme al principio della bigenitorialit\u00e0?<\/strong><\/span><\/p>\n<p style=\"text-align: justify;\"><span style=\"color: #000000;\">In tale prospettiva, \u00e8 necessario chiederci se anche la &#8220;<em>genitorialit\u00e0<\/em>&#8221; nelle coppie same sex sia conforme al principio della bigenitorialit\u00e0. Se il <strong>nostro ordinamento pone dei limiti al riconoscimento <em>tout court <\/em>della omogenitorialit\u00e0 \u00e8 per il fatto che essa implica sempre e necessariamente la presenza di un terzo soggetto<\/strong>: a due donne deve aggiungersi un uomo, a due uomini deve aggiungersi \u2014 quanto meno \u2014 una donna.<\/span><\/p>\n<p style=\"text-align: justify;\"><span style=\"color: #000000;\">Se pertanto il nostro ordinamento ha stabilito che alle tecniche di fecondazione assistita non possano accedere persone dello stesso sesso \u00e8 per il fatto che, in tal caso, sarebbe <strong>leso il migliore interesse del minore, di qualsivoglia minore, perch\u00e9 <em>ab origine<\/em> lo priva o della mamma o del pap\u00e0, ledendo il suo diritto fondamentale alla doppia figura genitoriale complementare e differente<\/strong>.<\/span><\/p>\n<p>________________________________________<\/p>\n<p><span style=\"color: #000000;\"><strong>Si legga anche:<\/strong><\/span><\/p>\n<p><a href=\"https:\/\/www.rassegnastampa-totustuus.it\/cattolica\/lue-ci-impone-le-adozioni-ai-gay-e-lutero-in-affitto\/\" target=\"_blank\" rel=\"noopener\"><span style=\"color: #0000ff;\">L\u2019Ue ci impone le adozioni ai gay e l\u2019utero in affitto<\/span><\/a><\/p>\n","protected":false},"excerpt":{"rendered":"<p>Abstract: Adozioni gay e l&#8217;ordinamento giuridico italiano. E&#8217; discutibile l&#8217; emendamento approvato il 30 marzo 2022 dal Parlamento Europeo inserito al n. 10, alla proposta di Risoluzione sullo Stato di diritto nell&#8217;Ue che \u00abcondanna le istruzioni impartite dal governo italiano al Comune di Milano di non registrare pi\u00f9 i figli di coppie omogenitoriali\u00bb.<\/p><p><a class=\"more-link btn\" href=\"https:\/\/www.rassegnastampa-totustuus.it\/cattolica\/adozioni-gay-e-lordinamento-giuridico-italiano\/\">Continua a leggere<\/a><\/p>\n","protected":false},"author":6,"featured_media":35756,"comment_status":"closed","ping_status":"closed","sticky":false,"template":"","format":"standard","meta":{"footnotes":""},"categories":[15,48],"tags":[288,602,156,322,307],"class_list":["post-56121","post","type-post","status-publish","format-standard","has-post-thumbnail","hentry","category-famiglia","category-omosessualit","tag-adozioni","tag-adozioni-gay","tag-famiglia-2","tag-omosessualita","tag-utero-in-affitto","item-wrap"],"yoast_head":"<!-- This site is optimized with the Yoast SEO plugin v27.5 - https:\/\/yoast.com\/product\/yoast-seo-wordpress\/ -->\n<title>Adozioni gay e l&#039;ordinamento giuridico italiano - Rassegna Stampa Cattolica<\/title>\n<meta name=\"description\" content=\"Adozioni gay e l&#039;ordinamento giuridico italiano. Discutibile l&#039;emendamento di condanna del Parlamento europeo\" \/>\n<meta name=\"robots\" content=\"index, follow, max-snippet:-1, max-image-preview:large, max-video-preview:-1\" \/>\n<link rel=\"canonical\" href=\"https:\/\/www.rassegnastampa-totustuus.it\/cattolica\/adozioni-gay-e-lordinamento-giuridico-italiano\/\" \/>\n<meta property=\"og:locale\" content=\"it_IT\" \/>\n<meta property=\"og:type\" content=\"article\" \/>\n<meta property=\"og:title\" content=\"Adozioni gay e l&#039;ordinamento giuridico italiano - Rassegna Stampa Cattolica\" \/>\n<meta property=\"og:description\" content=\"Adozioni gay e l&#039;ordinamento giuridico italiano. Discutibile l&#039;emendamento di condanna del Parlamento europeo\" \/>\n<meta property=\"og:url\" content=\"https:\/\/www.rassegnastampa-totustuus.it\/cattolica\/adozioni-gay-e-lordinamento-giuridico-italiano\/\" \/>\n<meta property=\"og:site_name\" content=\"Rassegna Stampa Cattolica\" \/>\n<meta property=\"article:publisher\" content=\"https:\/\/www.facebook.com\/rassegnastampacattolica\" \/>\n<meta property=\"article:published_time\" content=\"2023-04-05T22:00:51+00:00\" \/>\n<meta property=\"article:modified_time\" content=\"2024-01-07T10:30:42+00:00\" \/>\n<meta property=\"og:image\" content=\"https:\/\/www.rassegnastampa-totustuus.it\/cattolica\/wp-content\/uploads\/2012\/10\/adozioni_gay.jpg\" \/>\n\t<meta property=\"og:image:width\" content=\"240\" \/>\n\t<meta property=\"og:image:height\" content=\"184\" \/>\n\t<meta property=\"og:image:type\" content=\"image\/jpeg\" \/>\n<meta name=\"author\" content=\"Redazione\" \/>\n<meta name=\"twitter:card\" content=\"summary_large_image\" \/>\n<meta name=\"twitter:creator\" content=\"@rassegnastampa9\" \/>\n<meta name=\"twitter:site\" content=\"@rassegnastampa9\" \/>\n<meta name=\"twitter:label1\" content=\"Scritto da\" \/>\n\t<meta name=\"twitter:data1\" content=\"Redazione\" \/>\n\t<meta name=\"twitter:label2\" content=\"Tempo di lettura stimato\" \/>\n\t<meta name=\"twitter:data2\" content=\"23 minuti\" \/>\n<script type=\"application\/ld+json\" class=\"yoast-schema-graph\">{\"@context\":\"https:\\\/\\\/schema.org\",\"@graph\":[{\"@type\":\"Article\",\"@id\":\"https:\\\/\\\/www.rassegnastampa-totustuus.it\\\/cattolica\\\/adozioni-gay-e-lordinamento-giuridico-italiano\\\/#article\",\"isPartOf\":{\"@id\":\"https:\\\/\\\/www.rassegnastampa-totustuus.it\\\/cattolica\\\/adozioni-gay-e-lordinamento-giuridico-italiano\\\/\"},\"author\":{\"name\":\"Redazione\",\"@id\":\"https:\\\/\\\/www.rassegnastampa-totustuus.it\\\/cattolica\\\/#\\\/schema\\\/person\\\/08f319d2bd1a0904ad9e2bfb7b15e5c3\"},\"headline\":\"Adozioni gay e l&#8217;ordinamento giuridico italiano\",\"datePublished\":\"2023-04-05T22:00:51+00:00\",\"dateModified\":\"2024-01-07T10:30:42+00:00\",\"mainEntityOfPage\":{\"@id\":\"https:\\\/\\\/www.rassegnastampa-totustuus.it\\\/cattolica\\\/adozioni-gay-e-lordinamento-giuridico-italiano\\\/\"},\"wordCount\":3386,\"publisher\":{\"@id\":\"https:\\\/\\\/www.rassegnastampa-totustuus.it\\\/cattolica\\\/#organization\"},\"image\":{\"@id\":\"https:\\\/\\\/www.rassegnastampa-totustuus.it\\\/cattolica\\\/adozioni-gay-e-lordinamento-giuridico-italiano\\\/#primaryimage\"},\"thumbnailUrl\":\"https:\\\/\\\/www.rassegnastampa-totustuus.it\\\/cattolica\\\/wp-content\\\/uploads\\\/2012\\\/10\\\/adozioni_gay.jpg\",\"keywords\":[\"adozioni\",\"adozioni gay\",\"famiglia\",\"omosessualit\u00e0\",\"utero in affitto\"],\"articleSection\":[\"Famiglia\",\"Omosessualit&agrave;\"],\"inLanguage\":\"it-IT\"},{\"@type\":\"WebPage\",\"@id\":\"https:\\\/\\\/www.rassegnastampa-totustuus.it\\\/cattolica\\\/adozioni-gay-e-lordinamento-giuridico-italiano\\\/\",\"url\":\"https:\\\/\\\/www.rassegnastampa-totustuus.it\\\/cattolica\\\/adozioni-gay-e-lordinamento-giuridico-italiano\\\/\",\"name\":\"Adozioni gay e l'ordinamento giuridico italiano - Rassegna Stampa Cattolica\",\"isPartOf\":{\"@id\":\"https:\\\/\\\/www.rassegnastampa-totustuus.it\\\/cattolica\\\/#website\"},\"primaryImageOfPage\":{\"@id\":\"https:\\\/\\\/www.rassegnastampa-totustuus.it\\\/cattolica\\\/adozioni-gay-e-lordinamento-giuridico-italiano\\\/#primaryimage\"},\"image\":{\"@id\":\"https:\\\/\\\/www.rassegnastampa-totustuus.it\\\/cattolica\\\/adozioni-gay-e-lordinamento-giuridico-italiano\\\/#primaryimage\"},\"thumbnailUrl\":\"https:\\\/\\\/www.rassegnastampa-totustuus.it\\\/cattolica\\\/wp-content\\\/uploads\\\/2012\\\/10\\\/adozioni_gay.jpg\",\"datePublished\":\"2023-04-05T22:00:51+00:00\",\"dateModified\":\"2024-01-07T10:30:42+00:00\",\"description\":\"Adozioni gay e l'ordinamento giuridico italiano. Discutibile l'emendamento di condanna del Parlamento europeo\",\"breadcrumb\":{\"@id\":\"https:\\\/\\\/www.rassegnastampa-totustuus.it\\\/cattolica\\\/adozioni-gay-e-lordinamento-giuridico-italiano\\\/#breadcrumb\"},\"inLanguage\":\"it-IT\",\"potentialAction\":[{\"@type\":\"ReadAction\",\"target\":[\"https:\\\/\\\/www.rassegnastampa-totustuus.it\\\/cattolica\\\/adozioni-gay-e-lordinamento-giuridico-italiano\\\/\"]}]},{\"@type\":\"ImageObject\",\"inLanguage\":\"it-IT\",\"@id\":\"https:\\\/\\\/www.rassegnastampa-totustuus.it\\\/cattolica\\\/adozioni-gay-e-lordinamento-giuridico-italiano\\\/#primaryimage\",\"url\":\"https:\\\/\\\/www.rassegnastampa-totustuus.it\\\/cattolica\\\/wp-content\\\/uploads\\\/2012\\\/10\\\/adozioni_gay.jpg\",\"contentUrl\":\"https:\\\/\\\/www.rassegnastampa-totustuus.it\\\/cattolica\\\/wp-content\\\/uploads\\\/2012\\\/10\\\/adozioni_gay.jpg\",\"width\":240,\"height\":184},{\"@type\":\"BreadcrumbList\",\"@id\":\"https:\\\/\\\/www.rassegnastampa-totustuus.it\\\/cattolica\\\/adozioni-gay-e-lordinamento-giuridico-italiano\\\/#breadcrumb\",\"itemListElement\":[{\"@type\":\"ListItem\",\"position\":1,\"name\":\"Home\",\"item\":\"https:\\\/\\\/www.rassegnastampa-totustuus.it\\\/cattolica\\\/\"},{\"@type\":\"ListItem\",\"position\":2,\"name\":\"Adozioni gay e l&#8217;ordinamento giuridico italiano\"}]},{\"@type\":\"WebSite\",\"@id\":\"https:\\\/\\\/www.rassegnastampa-totustuus.it\\\/cattolica\\\/#website\",\"url\":\"https:\\\/\\\/www.rassegnastampa-totustuus.it\\\/cattolica\\\/\",\"name\":\"Rassegna Stampa Cattolica\",\"description\":\"Per una cultura che nasce dalla Rivelazione cristiana in conformit\u00e0 alla tradizione e al Magistero della Chiesa in opposizione ad ogni relativismo e totalitarismo\",\"publisher\":{\"@id\":\"https:\\\/\\\/www.rassegnastampa-totustuus.it\\\/cattolica\\\/#organization\"},\"alternateName\":\"Rass. Cattolica\",\"potentialAction\":[{\"@type\":\"SearchAction\",\"target\":{\"@type\":\"EntryPoint\",\"urlTemplate\":\"https:\\\/\\\/www.rassegnastampa-totustuus.it\\\/cattolica\\\/?s={search_term_string}\"},\"query-input\":{\"@type\":\"PropertyValueSpecification\",\"valueRequired\":true,\"valueName\":\"search_term_string\"}}],\"inLanguage\":\"it-IT\"},{\"@type\":\"Organization\",\"@id\":\"https:\\\/\\\/www.rassegnastampa-totustuus.it\\\/cattolica\\\/#organization\",\"name\":\"Rassegna Stampa Cattolica\",\"url\":\"https:\\\/\\\/www.rassegnastampa-totustuus.it\\\/cattolica\\\/\",\"logo\":{\"@type\":\"ImageObject\",\"inLanguage\":\"it-IT\",\"@id\":\"https:\\\/\\\/www.rassegnastampa-totustuus.it\\\/cattolica\\\/#\\\/schema\\\/logo\\\/image\\\/\",\"url\":\"https:\\\/\\\/www.rassegnastampa-totustuus.it\\\/cattolica\\\/wp-content\\\/uploads\\\/2014\\\/04\\\/logo-rassegna1.gif\",\"contentUrl\":\"https:\\\/\\\/www.rassegnastampa-totustuus.it\\\/cattolica\\\/wp-content\\\/uploads\\\/2014\\\/04\\\/logo-rassegna1.gif\",\"width\":600,\"height\":163,\"caption\":\"Rassegna Stampa Cattolica\"},\"image\":{\"@id\":\"https:\\\/\\\/www.rassegnastampa-totustuus.it\\\/cattolica\\\/#\\\/schema\\\/logo\\\/image\\\/\"},\"sameAs\":[\"https:\\\/\\\/www.facebook.com\\\/rassegnastampacattolica\",\"https:\\\/\\\/x.com\\\/rassegnastampa9\"]},{\"@type\":\"Person\",\"@id\":\"https:\\\/\\\/www.rassegnastampa-totustuus.it\\\/cattolica\\\/#\\\/schema\\\/person\\\/08f319d2bd1a0904ad9e2bfb7b15e5c3\",\"name\":\"Redazione\",\"image\":{\"@type\":\"ImageObject\",\"inLanguage\":\"it-IT\",\"@id\":\"https:\\\/\\\/secure.gravatar.com\\\/avatar\\\/2fcdf27c78ea025fbdb44e914cc63c72249ffec9dc8aafd5c82b26240ef3f346?s=96&d=mm&r=g\",\"url\":\"https:\\\/\\\/secure.gravatar.com\\\/avatar\\\/2fcdf27c78ea025fbdb44e914cc63c72249ffec9dc8aafd5c82b26240ef3f346?s=96&d=mm&r=g\",\"contentUrl\":\"https:\\\/\\\/secure.gravatar.com\\\/avatar\\\/2fcdf27c78ea025fbdb44e914cc63c72249ffec9dc8aafd5c82b26240ef3f346?s=96&d=mm&r=g\",\"caption\":\"Redazione\"},\"url\":\"https:\\\/\\\/www.rassegnastampa-totustuus.it\\\/cattolica\\\/author\\\/pietroelle\\\/\"}]}<\/script>\n<!-- \/ Yoast SEO plugin. -->","yoast_head_json":{"title":"Adozioni gay e l'ordinamento giuridico italiano - Rassegna Stampa Cattolica","description":"Adozioni gay e l'ordinamento giuridico italiano. Discutibile l'emendamento di condanna del Parlamento europeo","robots":{"index":"index","follow":"follow","max-snippet":"max-snippet:-1","max-image-preview":"max-image-preview:large","max-video-preview":"max-video-preview:-1"},"canonical":"https:\/\/www.rassegnastampa-totustuus.it\/cattolica\/adozioni-gay-e-lordinamento-giuridico-italiano\/","og_locale":"it_IT","og_type":"article","og_title":"Adozioni gay e l'ordinamento giuridico italiano - Rassegna Stampa Cattolica","og_description":"Adozioni gay e l'ordinamento giuridico italiano. Discutibile l'emendamento di condanna del Parlamento europeo","og_url":"https:\/\/www.rassegnastampa-totustuus.it\/cattolica\/adozioni-gay-e-lordinamento-giuridico-italiano\/","og_site_name":"Rassegna Stampa Cattolica","article_publisher":"https:\/\/www.facebook.com\/rassegnastampacattolica","article_published_time":"2023-04-05T22:00:51+00:00","article_modified_time":"2024-01-07T10:30:42+00:00","og_image":[{"width":240,"height":184,"url":"https:\/\/www.rassegnastampa-totustuus.it\/cattolica\/wp-content\/uploads\/2012\/10\/adozioni_gay.jpg","type":"image\/jpeg"}],"author":"Redazione","twitter_card":"summary_large_image","twitter_creator":"@rassegnastampa9","twitter_site":"@rassegnastampa9","twitter_misc":{"Scritto da":"Redazione","Tempo di lettura stimato":"23 minuti"},"schema":{"@context":"https:\/\/schema.org","@graph":[{"@type":"Article","@id":"https:\/\/www.rassegnastampa-totustuus.it\/cattolica\/adozioni-gay-e-lordinamento-giuridico-italiano\/#article","isPartOf":{"@id":"https:\/\/www.rassegnastampa-totustuus.it\/cattolica\/adozioni-gay-e-lordinamento-giuridico-italiano\/"},"author":{"name":"Redazione","@id":"https:\/\/www.rassegnastampa-totustuus.it\/cattolica\/#\/schema\/person\/08f319d2bd1a0904ad9e2bfb7b15e5c3"},"headline":"Adozioni gay e l&#8217;ordinamento giuridico italiano","datePublished":"2023-04-05T22:00:51+00:00","dateModified":"2024-01-07T10:30:42+00:00","mainEntityOfPage":{"@id":"https:\/\/www.rassegnastampa-totustuus.it\/cattolica\/adozioni-gay-e-lordinamento-giuridico-italiano\/"},"wordCount":3386,"publisher":{"@id":"https:\/\/www.rassegnastampa-totustuus.it\/cattolica\/#organization"},"image":{"@id":"https:\/\/www.rassegnastampa-totustuus.it\/cattolica\/adozioni-gay-e-lordinamento-giuridico-italiano\/#primaryimage"},"thumbnailUrl":"https:\/\/www.rassegnastampa-totustuus.it\/cattolica\/wp-content\/uploads\/2012\/10\/adozioni_gay.jpg","keywords":["adozioni","adozioni gay","famiglia","omosessualit\u00e0","utero in affitto"],"articleSection":["Famiglia","Omosessualit&agrave;"],"inLanguage":"it-IT"},{"@type":"WebPage","@id":"https:\/\/www.rassegnastampa-totustuus.it\/cattolica\/adozioni-gay-e-lordinamento-giuridico-italiano\/","url":"https:\/\/www.rassegnastampa-totustuus.it\/cattolica\/adozioni-gay-e-lordinamento-giuridico-italiano\/","name":"Adozioni gay e l'ordinamento giuridico italiano - Rassegna Stampa Cattolica","isPartOf":{"@id":"https:\/\/www.rassegnastampa-totustuus.it\/cattolica\/#website"},"primaryImageOfPage":{"@id":"https:\/\/www.rassegnastampa-totustuus.it\/cattolica\/adozioni-gay-e-lordinamento-giuridico-italiano\/#primaryimage"},"image":{"@id":"https:\/\/www.rassegnastampa-totustuus.it\/cattolica\/adozioni-gay-e-lordinamento-giuridico-italiano\/#primaryimage"},"thumbnailUrl":"https:\/\/www.rassegnastampa-totustuus.it\/cattolica\/wp-content\/uploads\/2012\/10\/adozioni_gay.jpg","datePublished":"2023-04-05T22:00:51+00:00","dateModified":"2024-01-07T10:30:42+00:00","description":"Adozioni gay e l'ordinamento giuridico italiano. Discutibile l'emendamento di condanna del Parlamento europeo","breadcrumb":{"@id":"https:\/\/www.rassegnastampa-totustuus.it\/cattolica\/adozioni-gay-e-lordinamento-giuridico-italiano\/#breadcrumb"},"inLanguage":"it-IT","potentialAction":[{"@type":"ReadAction","target":["https:\/\/www.rassegnastampa-totustuus.it\/cattolica\/adozioni-gay-e-lordinamento-giuridico-italiano\/"]}]},{"@type":"ImageObject","inLanguage":"it-IT","@id":"https:\/\/www.rassegnastampa-totustuus.it\/cattolica\/adozioni-gay-e-lordinamento-giuridico-italiano\/#primaryimage","url":"https:\/\/www.rassegnastampa-totustuus.it\/cattolica\/wp-content\/uploads\/2012\/10\/adozioni_gay.jpg","contentUrl":"https:\/\/www.rassegnastampa-totustuus.it\/cattolica\/wp-content\/uploads\/2012\/10\/adozioni_gay.jpg","width":240,"height":184},{"@type":"BreadcrumbList","@id":"https:\/\/www.rassegnastampa-totustuus.it\/cattolica\/adozioni-gay-e-lordinamento-giuridico-italiano\/#breadcrumb","itemListElement":[{"@type":"ListItem","position":1,"name":"Home","item":"https:\/\/www.rassegnastampa-totustuus.it\/cattolica\/"},{"@type":"ListItem","position":2,"name":"Adozioni gay e l&#8217;ordinamento giuridico italiano"}]},{"@type":"WebSite","@id":"https:\/\/www.rassegnastampa-totustuus.it\/cattolica\/#website","url":"https:\/\/www.rassegnastampa-totustuus.it\/cattolica\/","name":"Rassegna Stampa Cattolica","description":"Per una cultura che nasce dalla Rivelazione cristiana in conformit\u00e0 alla tradizione e al Magistero della Chiesa in opposizione ad ogni relativismo e totalitarismo","publisher":{"@id":"https:\/\/www.rassegnastampa-totustuus.it\/cattolica\/#organization"},"alternateName":"Rass. Cattolica","potentialAction":[{"@type":"SearchAction","target":{"@type":"EntryPoint","urlTemplate":"https:\/\/www.rassegnastampa-totustuus.it\/cattolica\/?s={search_term_string}"},"query-input":{"@type":"PropertyValueSpecification","valueRequired":true,"valueName":"search_term_string"}}],"inLanguage":"it-IT"},{"@type":"Organization","@id":"https:\/\/www.rassegnastampa-totustuus.it\/cattolica\/#organization","name":"Rassegna Stampa Cattolica","url":"https:\/\/www.rassegnastampa-totustuus.it\/cattolica\/","logo":{"@type":"ImageObject","inLanguage":"it-IT","@id":"https:\/\/www.rassegnastampa-totustuus.it\/cattolica\/#\/schema\/logo\/image\/","url":"https:\/\/www.rassegnastampa-totustuus.it\/cattolica\/wp-content\/uploads\/2014\/04\/logo-rassegna1.gif","contentUrl":"https:\/\/www.rassegnastampa-totustuus.it\/cattolica\/wp-content\/uploads\/2014\/04\/logo-rassegna1.gif","width":600,"height":163,"caption":"Rassegna Stampa Cattolica"},"image":{"@id":"https:\/\/www.rassegnastampa-totustuus.it\/cattolica\/#\/schema\/logo\/image\/"},"sameAs":["https:\/\/www.facebook.com\/rassegnastampacattolica","https:\/\/x.com\/rassegnastampa9"]},{"@type":"Person","@id":"https:\/\/www.rassegnastampa-totustuus.it\/cattolica\/#\/schema\/person\/08f319d2bd1a0904ad9e2bfb7b15e5c3","name":"Redazione","image":{"@type":"ImageObject","inLanguage":"it-IT","@id":"https:\/\/secure.gravatar.com\/avatar\/2fcdf27c78ea025fbdb44e914cc63c72249ffec9dc8aafd5c82b26240ef3f346?s=96&d=mm&r=g","url":"https:\/\/secure.gravatar.com\/avatar\/2fcdf27c78ea025fbdb44e914cc63c72249ffec9dc8aafd5c82b26240ef3f346?s=96&d=mm&r=g","contentUrl":"https:\/\/secure.gravatar.com\/avatar\/2fcdf27c78ea025fbdb44e914cc63c72249ffec9dc8aafd5c82b26240ef3f346?s=96&d=mm&r=g","caption":"Redazione"},"url":"https:\/\/www.rassegnastampa-totustuus.it\/cattolica\/author\/pietroelle\/"}]}},"_links":{"self":[{"href":"https:\/\/www.rassegnastampa-totustuus.it\/cattolica\/wp-json\/wp\/v2\/posts\/56121","targetHints":{"allow":["GET"]}}],"collection":[{"href":"https:\/\/www.rassegnastampa-totustuus.it\/cattolica\/wp-json\/wp\/v2\/posts"}],"about":[{"href":"https:\/\/www.rassegnastampa-totustuus.it\/cattolica\/wp-json\/wp\/v2\/types\/post"}],"author":[{"embeddable":true,"href":"https:\/\/www.rassegnastampa-totustuus.it\/cattolica\/wp-json\/wp\/v2\/users\/6"}],"replies":[{"embeddable":true,"href":"https:\/\/www.rassegnastampa-totustuus.it\/cattolica\/wp-json\/wp\/v2\/comments?post=56121"}],"version-history":[{"count":2,"href":"https:\/\/www.rassegnastampa-totustuus.it\/cattolica\/wp-json\/wp\/v2\/posts\/56121\/revisions"}],"predecessor-version":[{"id":58948,"href":"https:\/\/www.rassegnastampa-totustuus.it\/cattolica\/wp-json\/wp\/v2\/posts\/56121\/revisions\/58948"}],"wp:featuredmedia":[{"embeddable":true,"href":"https:\/\/www.rassegnastampa-totustuus.it\/cattolica\/wp-json\/wp\/v2\/media\/35756"}],"wp:attachment":[{"href":"https:\/\/www.rassegnastampa-totustuus.it\/cattolica\/wp-json\/wp\/v2\/media?parent=56121"}],"wp:term":[{"taxonomy":"category","embeddable":true,"href":"https:\/\/www.rassegnastampa-totustuus.it\/cattolica\/wp-json\/wp\/v2\/categories?post=56121"},{"taxonomy":"post_tag","embeddable":true,"href":"https:\/\/www.rassegnastampa-totustuus.it\/cattolica\/wp-json\/wp\/v2\/tags?post=56121"}],"curies":[{"name":"wp","href":"https:\/\/api.w.org\/{rel}","templated":true}]}}