{"id":5606,"date":"2013-06-06T00:00:00","date_gmt":"2013-06-05T22:00:00","guid":{"rendered":""},"modified":"2016-12-02T14:00:26","modified_gmt":"2016-12-02T13:00:26","slug":"convenzione-di-istanbul-donne-e-dubbi","status":"publish","type":"post","link":"https:\/\/www.rassegnastampa-totustuus.it\/cattolica\/convenzione-di-istanbul-donne-e-dubbi\/","title":{"rendered":"Convenzione di Istanbul, donne e dubbi"},"content":{"rendered":"<div style=\"text-align: center;\"><strong>La Nuova Bussola Quotidiana<\/strong>, 30 maggio 2013<\/div>\n<p style=\"text-align: center;\">di <strong>Tommaso Scandroglio<\/strong><\/p>\n<p style=\"text-align: center;\"><a href=\"https:\/\/www.rassegnastampa-totustuus.it\/cattolica\/wp-content\/uploads\/2013\/06\/istanbul_conference.jpg\"><img loading=\"lazy\" decoding=\"async\" class=\"aligncenter wp-image-29346 size-full\" src=\"https:\/\/www.rassegnastampa-totustuus.it\/cattolica\/wp-content\/uploads\/2013\/06\/istanbul_conference.jpg\" alt=\"istanbul_conference\" width=\"343\" height=\"147\" srcset=\"https:\/\/www.rassegnastampa-totustuus.it\/cattolica\/wp-content\/uploads\/2013\/06\/istanbul_conference.jpg 343w, https:\/\/www.rassegnastampa-totustuus.it\/cattolica\/wp-content\/uploads\/2013\/06\/istanbul_conference-300x128.jpg 300w\" sizes=\"auto, (max-width: 343px) 100vw, 343px\" \/><\/a><\/p>\n<p style=\"text-align: justify;\">Anche sull&#8217;onda dell&#8217;emozione provocata da recenti e ripetuti fatti di cronaca, la Camera ha approvato marted\u00ec scorso all\u2019unanimit\u00e0 la \u201cConvenzione di Istanbul per il contrasto alla violenza sulle donne e alla violenza domestica\u201d che il Comitato dei Ministri del Consiglio d\u2019Europa aveva a sua volta approvato nel maggio del 2011. Adesso la palla passer\u00e0 al Senato. La convenzione per diventare esecutiva, e vincolante, deve essere ratificata almeno da dieci stati. Per ora siamo a quota cinque con l\u2019Italia.<\/p>\n<p><!--more--><\/p>\n<div style=\"text-align: justify;\"><strong>La convenzione nella sua sostanza dice cose condivisibili,<\/strong> ma all\u2019art. 3 spiegando cosa si debba intendere per violenza fa riferimento \u201ca tutti gli atti di violenza fondati sul genere\u201d. Successivamente al paragrafo C dello stesso articolo si d\u00e0 anche la definizione di \u201cgenere\u201d: \u201cCi si riferisce a ruoli, comportamenti, attivit\u00e0 e attributi socialmente costruiti che una determinata societ\u00e0 considera appropriati per donne e uomini\u201d. Dunque l\u2019essere donna e uomo non \u00e8 un dato biologico a cui deve seguire una conformit\u00e0 psicologica, bens\u00ec un dato convenzionale (ruoli che \u201cuna determinata societ\u00e0 considera appropriati\u201d), un costrutto artificioso nato da un consenso diffuso (\u201cattributi socialmente costruiti\u201d).<\/div>\n<p style=\"text-align: justify;\"><strong>Ma se la convenzione riguarda la violenza sulle donne<\/strong> perch\u00e9 inserire nel testo anche il concetto di genere? Il termine \u201cdonna\u201d non si presta a fraintendimenti, perci\u00f2 parlare di \u201cgenere\u201d \u00e8 superfluo ed anzi crea confusione. Superfluo forse per noi, non per i cultori dell\u2019ideologia \u201cgender\u201d che hanno visto in questo documento una ghiotta opportunit\u00e0 da non perdere per infilarci dentro qualche loro idea sull\u2019orientamento sessuale e sull\u2019identit\u00e0 di genere. Se ne era accorto anche il governo Monti il quale, approvando la Convenzione ancora da rettificare, deposit\u00f2 una nota critica presso il Consiglio d\u2019Europa proprio su questo punto: \u201cLa definizione di genere contenuta nella Convenzione \u00e8 ritenuta troppo ampia e incerta e presenta profili di criticit\u00e0 con l\u2019impianto costituzionale italiano\u201d. Tale rilievo \u00e8 confluito anche in una nota inserita nell\u2019ordine del giorno dei lavori alla Camera: in pratica si dice che la parola &#8220;genere&#8221; sar\u00e0 intesa secondo la nostra Costituzione: uomo e donna. Resta per\u00f2 il fatto che la nota non potr\u00e0 modificare il contenuto della Convenzione \u2013 e quindi la parola \u201cgenere\u201d rimarr\u00e0 nel testo \u2013 e sar\u00e0 sempre soggetta a una reinterpretazione se la maggioranza parlamentare lo vorr\u00e0.<\/p>\n<p style=\"text-align: justify;\"><strong>L\u2019operazione in realt\u00e0 \u00e8 stata assai furba:<\/strong> proporre una convenzione che certamente tutti i paesi avrebbero approvato (pi\u00f9 di una ventina gli stati che l\u2019hanno approvata ma non ancora resa esecutiva) \u2013 chi non \u00e8 contro la violenza delle donne? \u2013 per poi far passare ci\u00f2 a cui si tiene davvero: la cultura di \u201cgenere\u201d. La solita pillola indorata assai letale. Un cavallo di Troia efficace se andiamo a leggere qua e l\u00e0 l\u2019articolato della Convenzione.<\/p>\n<p style=\"text-align: justify;\"><strong>Ad esempio il comma 3 dell\u2019art. 4 ci fa capire che il termine \u201cgenere\u201d<\/strong> non \u00e8 usato come sinonimo del termine \u201csesso\u201d, in sostituzione di questo, ma possiede un suo autonomo significato: \u201cL&#8217;attuazione delle disposizioni della presente Convenzione da parte delle Parti contraenti [\u2026] deve essere garantita senza alcuna discriminazione fondata sul sesso, sul genere, [\u2026] sull\u2019orientamento sessuale, sull\u2019identit\u00e0 di genere\u201d. Quindi per gli estensori della convenzione il sesso \u201cmaschio-femmina\u201d \u00e8 cosa diversa dal \u201cgenere\u201d, e questi due lemmi sono poi differenti dall\u2019 \u201corientamento sessuale\u201d e dall\u2019 \u201cidentit\u00e0 di genere\u201d.<\/p>\n<p style=\"text-align: justify;\"><strong>L\u2019art 14 comma 1 invece ci rivela che la lotta contro la violenza sulle donne<\/strong> \u00e8 solo una parte della pi\u00f9 ampia strategia posta in essere dalla convenzione, la quale mira ad indottrinare le nuove generazioni secondo i principi omosessualisti: \u201cLe Parti intraprendono, se del caso, le azioni necessarie per includere nei programmi scolastici di ogni ordine e grado dei materiali didattici su temi quali la parit\u00e0 tra i sessi, i ruoli di genere non stereotipati\u201d. Il pap\u00e0 maschio che fa il pap\u00e0 e la mamma femmina che fa la mamma state pur sicuri che passeranno come \u201cruoli di genere stereotipati\u201d e dunque esclusi da qualsiasi sussidiario delle elementari.<\/p>\n<p style=\"text-align: justify;\"><strong>Forse il vero DNA della convenzione potrebbe essere contenuto nell\u2019art. 6:<\/strong> \u201cLe Parti si impegnano a inserire una prospettiva di genere nell\u2019applicazione e nella valutazione dell&#8217;impatto delle disposizioni della presente Convenzione\u201d. Altro che violenza sulle donne, qui quello che importa \u00e8 leggere ogni azione di discriminazione con gli occhiali della cultura \u201cgender\u201d.<\/p>\n<p style=\"text-align: justify;\"><strong>A riprova che il tema sulla violenza sulle donne \u00e8 preso a prestito dalla convenzione<\/strong> in modo pretestuoso ci sono anche i fatti. Domanda politicamente scorrettissima: ma siamo certi che il femminicidio sia davvero un\u2019emergenza sociale? A dar retta ai media gli omicidi sulle donne sono in strabiliante aumento e il fenomeno starebbe dilagando. In realt\u00e0 quello che \u00e8 in aumento \u00e8 solo l\u2019attenzione di giornali e Tv, non il numero di omicidi.<\/p>\n<p style=\"text-align: justify;\"><strong>Rimandiamo al seguente passaggio<\/strong> dell\u2019articolo di Riccardo Cascioli dal titolo \u201cDonne uccise, ecco cosa fare\u201d pubblicato sulla <em>Nuova Bussola<\/em> a dicembre: \u201cContrariamente a quanto si sarebbe portati a pensare, gli omicidi nei confronti delle donne sono in diminuzione, almeno a quanto affermano i dati dell\u2019Istat: in questo 2012 le vittime femminili alla fine supereranno di poco le 120 unit\u00e0, ma nel 2010 erano state uccise 156 donne, 172 nel 2009 e ben 192 nel 2003, che rappresenta il picco degli ultimi dieci anni. Rispetto al totale degli omicidi le vittime donne rappresentano circa il 30%\u201d.<\/p>\n<p style=\"text-align: justify;\"><strong>I dati ricordati da Cascioli, che trovano una significativa eco<\/strong> in un articolo dal titolo \u201cFemminicidio, i numeri sono tutti sbagliati\u201d di Fabrizio Tonello pubblicato ad inizio maggio sul <em>Fatto Quotidiano<\/em>, e vengono confermati dai vari rapporti sulla criminalit\u00e0 redatti dal Ministero dell\u2019Interno. In particolare nel Rapporto pubblicato nel 2011 si afferma che il tasso di omicidi in cui la vittima \u00e8 donna \u00e8 in crescita, ma non cos\u00ec il numero assoluto di omicidi sulle donne: \u201cLa crescita dipende da una relazione ben nota agli studiosi, per la quale la quota di donne sul totale delle persone uccise cresce al diminuire del tasso di omicidi. Questo accade perch\u00e9, mentre il tasso di omicidi dovuto alla criminalit\u00e0 comune e a quella organizzata \u00e8 molto variabile, gli omicidi in famiglia \u2212 la categoria in cui le donne sono colpite con maggiore frequenza \u2212 \u00e8 invece pi\u00f9 stabile nel tempo e nello spazio\u201d.<\/p>\n<p style=\"text-align: justify;\"><strong>Insomma se il numero di omicidi totali diminuisce<\/strong> e quello che interessa le donne diminuisce di poco o rimane stabile, la percentuale di \u201cfemminicidi\u201d risulta in aumento. A tale proposito sempre il Ministero dell\u2019Interno in un rapporto di qualche anno fa cos\u00ec appuntava: \u201c\u00c8 condivisa l\u2019idea che determinate condizioni di \u2018debolezza\u2019, dovute al sesso femminile o all\u2019et\u00e0 avanzata, aumentino la vulnerabilit\u00e0 e quindi la probabilit\u00e0 di essere vittima di un reato violento come l\u2019omicidio. Al contrario, dai dati emerge che pi\u00f9 frequentemente le vittime di omicidio sono maschi\u201d.<\/p>\n<p style=\"text-align: justify;\"><strong>Si badi bene: anche un solo cadavere grida vendetta al Cielo<\/strong> e, banale a dirsi, occorre lo sforzo di tutti perch\u00e9 gli atti di violenza sulle donne diminuiscano sempre pi\u00f9. Ma quello che qui vogliamo sottolineare attiene ad un altro aspetto e riguarda la strategia in atto: gonfiando il fenomeno ad arte, facendolo percepire per quello che non \u00e8, si creano le premesse culturali per mirare ad altro.<\/p>\n<p style=\"text-align: justify;\"><strong>Se facciamo credere che le donne cadono come mosche<\/strong> sar\u00e0 pi\u00f9 facile far passare leggi per la tutela del \u201cgenere\u201d, cio\u00e8 leggi per incoraggiare l\u2019omosessualit\u00e0. La Convenzione di Istanbul in buona sostanza \u00e8 un ulteriore tassello di quel mosaico culturale che vuole stravolgere l\u2019antropologia naturale e sostituirla con una inventata a tavolino, dove una donna biologica pu\u00f2 diventare un \u201cuomo\u201d e un uomo una \u201cdonna\u201d.<\/p>\n<p style=\"text-align: justify;\">________________________<\/p>\n<p style=\"text-align: justify;\"><strong>Leggi anche:<\/strong><\/p>\n<p><a title=\"PermaLink a Femminicidio? I dati sulle violenze dicono il contrario\" href=\"https:\/\/www.rassegnastampa-totustuus.it\/cattolica\/?p=31796\" target=\"_blank\" rel=\"bookmark\">Femminicidio? I dati sulle violenze dicono il contrario<\/a><br \/>\n<a title=\"PermaLink a Femminicidio. I dati di un allarme inventato\" href=\"https:\/\/www.rassegnastampa-totustuus.it\/cattolica\/?p=5754\" target=\"_blank\" rel=\"bookmark\">Femminicidio. I dati di un allarme inventato<\/a><br \/>\n<a title=\"PermaLink a Femminicidio, ma gli uomini uccisi sono di pi\u00f9\" href=\"https:\/\/www.rassegnastampa-totustuus.it\/cattolica\/?p=5685\" target=\"_blank\" rel=\"bookmark\">Femminicidio, ma gli uomini uccisi sono di pi\u00f9<\/a>\u00a0[con in\u00a0appendice articoli tratti dalla cronaca di omicidi di uomini perppetrati da donne]<br \/>\n<a title=\"PermaLink a Femminicidio, invenzione di regime\" href=\"https:\/\/www.rassegnastampa-totustuus.it\/cattolica\/?p=5682\" target=\"_blank\" rel=\"bookmark\">Femminicidio, invenzione di regime<\/a><br \/>\n<a title=\"PermaLink a Salviamo le donne dal Femmicidio\" href=\"https:\/\/www.rassegnastampa-totustuus.it\/cattolica\/?p=5631\" target=\"_blank\" rel=\"bookmark\">Salviamo le donne dal Femmicidio<\/a><\/p>\n","protected":false},"excerpt":{"rendered":"<p>La Nuova Bussola Quotidiana, 30 maggio 2013 di Tommaso Scandroglio Anche sull&#8217;onda dell&#8217;emozione provocata da recenti e ripetuti fatti di cronaca, la Camera ha approvato marted\u00ec scorso all\u2019unanimit\u00e0 la \u201cConvenzione di Istanbul per il contrasto alla violenza sulle donne e alla violenza domestica\u201d che il Comitato dei Ministri del Consiglio d\u2019Europa aveva a sua volta &hellip; <\/p>\n<p><a class=\"more-link btn\" href=\"https:\/\/www.rassegnastampa-totustuus.it\/cattolica\/convenzione-di-istanbul-donne-e-dubbi\/\">Continua a leggere<\/a><\/p>\n","protected":false},"author":6,"featured_media":29346,"comment_status":"closed","ping_status":"open","sticky":false,"template":"","format":"standard","meta":{"footnotes":""},"categories":[125],"tags":[256,2189,2188],"class_list":["post-5606","post","type-post","status-publish","format-standard","has-post-thumbnail","hentry","category-ideologia-del-gender","tag-donne","tag-genere","tag-violenza-sulle-donne","item-wrap"],"yoast_head":"<!-- This site is optimized with the Yoast SEO plugin v27.5 - https:\/\/yoast.com\/product\/yoast-seo-wordpress\/ -->\n<title>Convenzione di Istanbul, donne e dubbi - Rassegna Stampa Cattolica<\/title>\n<meta name=\"description\" content=\"Rassegna Stampa Cattolica - Per una cultura che nasce dalla Rivelazione cristiana in conformit\u00e0 alla tradizione e al Magistero della Chiesa in opposizione ad ogni relativismo e totalitarismo\" \/>\n<meta name=\"robots\" content=\"index, follow, max-snippet:-1, max-image-preview:large, max-video-preview:-1\" \/>\n<link rel=\"canonical\" href=\"https:\/\/www.rassegnastampa-totustuus.it\/cattolica\/convenzione-di-istanbul-donne-e-dubbi\/\" \/>\n<meta property=\"og:locale\" content=\"it_IT\" \/>\n<meta property=\"og:type\" content=\"article\" \/>\n<meta property=\"og:title\" content=\"Convenzione di Istanbul, donne e dubbi - Rassegna Stampa Cattolica\" \/>\n<meta property=\"og:description\" content=\"Rassegna Stampa Cattolica - Per una cultura che nasce dalla Rivelazione cristiana in conformit\u00e0 alla tradizione e al Magistero della Chiesa in opposizione ad ogni relativismo e totalitarismo\" \/>\n<meta property=\"og:url\" content=\"https:\/\/www.rassegnastampa-totustuus.it\/cattolica\/convenzione-di-istanbul-donne-e-dubbi\/\" \/>\n<meta property=\"og:site_name\" content=\"Rassegna Stampa Cattolica\" \/>\n<meta property=\"article:publisher\" content=\"https:\/\/www.facebook.com\/rassegnastampacattolica\" \/>\n<meta property=\"article:published_time\" content=\"2013-06-05T22:00:00+00:00\" \/>\n<meta property=\"article:modified_time\" content=\"2016-12-02T13:00:26+00:00\" \/>\n<meta property=\"og:image\" content=\"https:\/\/www.rassegnastampa-totustuus.it\/cattolica\/wp-content\/uploads\/2013\/06\/istanbul_conference.jpg\" \/>\n\t<meta property=\"og:image:width\" content=\"343\" \/>\n\t<meta property=\"og:image:height\" content=\"147\" \/>\n\t<meta property=\"og:image:type\" content=\"image\/jpeg\" \/>\n<meta name=\"author\" content=\"Redazione\" \/>\n<meta name=\"twitter:card\" content=\"summary_large_image\" \/>\n<meta name=\"twitter:creator\" content=\"@rassegnastampa9\" \/>\n<meta name=\"twitter:site\" content=\"@rassegnastampa9\" \/>\n<meta name=\"twitter:label1\" content=\"Scritto da\" \/>\n\t<meta name=\"twitter:data1\" content=\"Redazione\" \/>\n\t<meta name=\"twitter:label2\" content=\"Tempo di lettura stimato\" \/>\n\t<meta name=\"twitter:data2\" content=\"6 minuti\" \/>\n<script type=\"application\/ld+json\" class=\"yoast-schema-graph\">{\"@context\":\"https:\\\/\\\/schema.org\",\"@graph\":[{\"@type\":\"Article\",\"@id\":\"https:\\\/\\\/www.rassegnastampa-totustuus.it\\\/cattolica\\\/convenzione-di-istanbul-donne-e-dubbi\\\/#article\",\"isPartOf\":{\"@id\":\"https:\\\/\\\/www.rassegnastampa-totustuus.it\\\/cattolica\\\/convenzione-di-istanbul-donne-e-dubbi\\\/\"},\"author\":{\"name\":\"Redazione\",\"@id\":\"https:\\\/\\\/www.rassegnastampa-totustuus.it\\\/cattolica\\\/#\\\/schema\\\/person\\\/08f319d2bd1a0904ad9e2bfb7b15e5c3\"},\"headline\":\"Convenzione di Istanbul, donne e dubbi\",\"datePublished\":\"2013-06-05T22:00:00+00:00\",\"dateModified\":\"2016-12-02T13:00:26+00:00\",\"mainEntityOfPage\":{\"@id\":\"https:\\\/\\\/www.rassegnastampa-totustuus.it\\\/cattolica\\\/convenzione-di-istanbul-donne-e-dubbi\\\/\"},\"wordCount\":1289,\"publisher\":{\"@id\":\"https:\\\/\\\/www.rassegnastampa-totustuus.it\\\/cattolica\\\/#organization\"},\"image\":{\"@id\":\"https:\\\/\\\/www.rassegnastampa-totustuus.it\\\/cattolica\\\/convenzione-di-istanbul-donne-e-dubbi\\\/#primaryimage\"},\"thumbnailUrl\":\"https:\\\/\\\/www.rassegnastampa-totustuus.it\\\/cattolica\\\/wp-content\\\/uploads\\\/2013\\\/06\\\/istanbul_conference.jpg\",\"keywords\":[\"donne\",\"genere\",\"violenza sulle donne\"],\"articleSection\":[\"Ideologia del gender\"],\"inLanguage\":\"it-IT\"},{\"@type\":\"WebPage\",\"@id\":\"https:\\\/\\\/www.rassegnastampa-totustuus.it\\\/cattolica\\\/convenzione-di-istanbul-donne-e-dubbi\\\/\",\"url\":\"https:\\\/\\\/www.rassegnastampa-totustuus.it\\\/cattolica\\\/convenzione-di-istanbul-donne-e-dubbi\\\/\",\"name\":\"Convenzione di Istanbul, donne e dubbi - Rassegna Stampa Cattolica\",\"isPartOf\":{\"@id\":\"https:\\\/\\\/www.rassegnastampa-totustuus.it\\\/cattolica\\\/#website\"},\"primaryImageOfPage\":{\"@id\":\"https:\\\/\\\/www.rassegnastampa-totustuus.it\\\/cattolica\\\/convenzione-di-istanbul-donne-e-dubbi\\\/#primaryimage\"},\"image\":{\"@id\":\"https:\\\/\\\/www.rassegnastampa-totustuus.it\\\/cattolica\\\/convenzione-di-istanbul-donne-e-dubbi\\\/#primaryimage\"},\"thumbnailUrl\":\"https:\\\/\\\/www.rassegnastampa-totustuus.it\\\/cattolica\\\/wp-content\\\/uploads\\\/2013\\\/06\\\/istanbul_conference.jpg\",\"datePublished\":\"2013-06-05T22:00:00+00:00\",\"dateModified\":\"2016-12-02T13:00:26+00:00\",\"description\":\"Rassegna Stampa Cattolica - Per una cultura che nasce dalla Rivelazione cristiana in conformit\u00e0 alla tradizione e al Magistero della Chiesa in opposizione ad ogni relativismo e totalitarismo\",\"breadcrumb\":{\"@id\":\"https:\\\/\\\/www.rassegnastampa-totustuus.it\\\/cattolica\\\/convenzione-di-istanbul-donne-e-dubbi\\\/#breadcrumb\"},\"inLanguage\":\"it-IT\",\"potentialAction\":[{\"@type\":\"ReadAction\",\"target\":[\"https:\\\/\\\/www.rassegnastampa-totustuus.it\\\/cattolica\\\/convenzione-di-istanbul-donne-e-dubbi\\\/\"]}]},{\"@type\":\"ImageObject\",\"inLanguage\":\"it-IT\",\"@id\":\"https:\\\/\\\/www.rassegnastampa-totustuus.it\\\/cattolica\\\/convenzione-di-istanbul-donne-e-dubbi\\\/#primaryimage\",\"url\":\"https:\\\/\\\/www.rassegnastampa-totustuus.it\\\/cattolica\\\/wp-content\\\/uploads\\\/2013\\\/06\\\/istanbul_conference.jpg\",\"contentUrl\":\"https:\\\/\\\/www.rassegnastampa-totustuus.it\\\/cattolica\\\/wp-content\\\/uploads\\\/2013\\\/06\\\/istanbul_conference.jpg\",\"width\":343,\"height\":147},{\"@type\":\"BreadcrumbList\",\"@id\":\"https:\\\/\\\/www.rassegnastampa-totustuus.it\\\/cattolica\\\/convenzione-di-istanbul-donne-e-dubbi\\\/#breadcrumb\",\"itemListElement\":[{\"@type\":\"ListItem\",\"position\":1,\"name\":\"Home\",\"item\":\"https:\\\/\\\/www.rassegnastampa-totustuus.it\\\/cattolica\\\/\"},{\"@type\":\"ListItem\",\"position\":2,\"name\":\"Convenzione di Istanbul, donne e dubbi\"}]},{\"@type\":\"WebSite\",\"@id\":\"https:\\\/\\\/www.rassegnastampa-totustuus.it\\\/cattolica\\\/#website\",\"url\":\"https:\\\/\\\/www.rassegnastampa-totustuus.it\\\/cattolica\\\/\",\"name\":\"Rassegna Stampa Cattolica\",\"description\":\"Per una cultura che nasce dalla Rivelazione cristiana in conformit\u00e0 alla tradizione e al Magistero della Chiesa in opposizione ad ogni relativismo e totalitarismo\",\"publisher\":{\"@id\":\"https:\\\/\\\/www.rassegnastampa-totustuus.it\\\/cattolica\\\/#organization\"},\"alternateName\":\"Rass. Cattolica\",\"potentialAction\":[{\"@type\":\"SearchAction\",\"target\":{\"@type\":\"EntryPoint\",\"urlTemplate\":\"https:\\\/\\\/www.rassegnastampa-totustuus.it\\\/cattolica\\\/?s={search_term_string}\"},\"query-input\":{\"@type\":\"PropertyValueSpecification\",\"valueRequired\":true,\"valueName\":\"search_term_string\"}}],\"inLanguage\":\"it-IT\"},{\"@type\":\"Organization\",\"@id\":\"https:\\\/\\\/www.rassegnastampa-totustuus.it\\\/cattolica\\\/#organization\",\"name\":\"Rassegna Stampa Cattolica\",\"url\":\"https:\\\/\\\/www.rassegnastampa-totustuus.it\\\/cattolica\\\/\",\"logo\":{\"@type\":\"ImageObject\",\"inLanguage\":\"it-IT\",\"@id\":\"https:\\\/\\\/www.rassegnastampa-totustuus.it\\\/cattolica\\\/#\\\/schema\\\/logo\\\/image\\\/\",\"url\":\"https:\\\/\\\/www.rassegnastampa-totustuus.it\\\/cattolica\\\/wp-content\\\/uploads\\\/2014\\\/04\\\/logo-rassegna1.gif\",\"contentUrl\":\"https:\\\/\\\/www.rassegnastampa-totustuus.it\\\/cattolica\\\/wp-content\\\/uploads\\\/2014\\\/04\\\/logo-rassegna1.gif\",\"width\":600,\"height\":163,\"caption\":\"Rassegna Stampa Cattolica\"},\"image\":{\"@id\":\"https:\\\/\\\/www.rassegnastampa-totustuus.it\\\/cattolica\\\/#\\\/schema\\\/logo\\\/image\\\/\"},\"sameAs\":[\"https:\\\/\\\/www.facebook.com\\\/rassegnastampacattolica\",\"https:\\\/\\\/x.com\\\/rassegnastampa9\"]},{\"@type\":\"Person\",\"@id\":\"https:\\\/\\\/www.rassegnastampa-totustuus.it\\\/cattolica\\\/#\\\/schema\\\/person\\\/08f319d2bd1a0904ad9e2bfb7b15e5c3\",\"name\":\"Redazione\",\"image\":{\"@type\":\"ImageObject\",\"inLanguage\":\"it-IT\",\"@id\":\"https:\\\/\\\/secure.gravatar.com\\\/avatar\\\/2fcdf27c78ea025fbdb44e914cc63c72249ffec9dc8aafd5c82b26240ef3f346?s=96&d=mm&r=g\",\"url\":\"https:\\\/\\\/secure.gravatar.com\\\/avatar\\\/2fcdf27c78ea025fbdb44e914cc63c72249ffec9dc8aafd5c82b26240ef3f346?s=96&d=mm&r=g\",\"contentUrl\":\"https:\\\/\\\/secure.gravatar.com\\\/avatar\\\/2fcdf27c78ea025fbdb44e914cc63c72249ffec9dc8aafd5c82b26240ef3f346?s=96&d=mm&r=g\",\"caption\":\"Redazione\"},\"url\":\"https:\\\/\\\/www.rassegnastampa-totustuus.it\\\/cattolica\\\/author\\\/pietroelle\\\/\"}]}<\/script>\n<!-- \/ Yoast SEO plugin. -->","yoast_head_json":{"title":"Convenzione di Istanbul, donne e dubbi - Rassegna Stampa Cattolica","description":"Rassegna Stampa Cattolica - Per una cultura che nasce dalla Rivelazione cristiana in conformit\u00e0 alla tradizione e al Magistero della Chiesa in opposizione ad ogni relativismo e totalitarismo","robots":{"index":"index","follow":"follow","max-snippet":"max-snippet:-1","max-image-preview":"max-image-preview:large","max-video-preview":"max-video-preview:-1"},"canonical":"https:\/\/www.rassegnastampa-totustuus.it\/cattolica\/convenzione-di-istanbul-donne-e-dubbi\/","og_locale":"it_IT","og_type":"article","og_title":"Convenzione di Istanbul, donne e dubbi - Rassegna Stampa Cattolica","og_description":"Rassegna Stampa Cattolica - Per una cultura che nasce dalla Rivelazione cristiana in conformit\u00e0 alla tradizione e al Magistero della Chiesa in opposizione ad ogni relativismo e totalitarismo","og_url":"https:\/\/www.rassegnastampa-totustuus.it\/cattolica\/convenzione-di-istanbul-donne-e-dubbi\/","og_site_name":"Rassegna Stampa Cattolica","article_publisher":"https:\/\/www.facebook.com\/rassegnastampacattolica","article_published_time":"2013-06-05T22:00:00+00:00","article_modified_time":"2016-12-02T13:00:26+00:00","og_image":[{"width":343,"height":147,"url":"https:\/\/www.rassegnastampa-totustuus.it\/cattolica\/wp-content\/uploads\/2013\/06\/istanbul_conference.jpg","type":"image\/jpeg"}],"author":"Redazione","twitter_card":"summary_large_image","twitter_creator":"@rassegnastampa9","twitter_site":"@rassegnastampa9","twitter_misc":{"Scritto da":"Redazione","Tempo di lettura stimato":"6 minuti"},"schema":{"@context":"https:\/\/schema.org","@graph":[{"@type":"Article","@id":"https:\/\/www.rassegnastampa-totustuus.it\/cattolica\/convenzione-di-istanbul-donne-e-dubbi\/#article","isPartOf":{"@id":"https:\/\/www.rassegnastampa-totustuus.it\/cattolica\/convenzione-di-istanbul-donne-e-dubbi\/"},"author":{"name":"Redazione","@id":"https:\/\/www.rassegnastampa-totustuus.it\/cattolica\/#\/schema\/person\/08f319d2bd1a0904ad9e2bfb7b15e5c3"},"headline":"Convenzione di Istanbul, donne e dubbi","datePublished":"2013-06-05T22:00:00+00:00","dateModified":"2016-12-02T13:00:26+00:00","mainEntityOfPage":{"@id":"https:\/\/www.rassegnastampa-totustuus.it\/cattolica\/convenzione-di-istanbul-donne-e-dubbi\/"},"wordCount":1289,"publisher":{"@id":"https:\/\/www.rassegnastampa-totustuus.it\/cattolica\/#organization"},"image":{"@id":"https:\/\/www.rassegnastampa-totustuus.it\/cattolica\/convenzione-di-istanbul-donne-e-dubbi\/#primaryimage"},"thumbnailUrl":"https:\/\/www.rassegnastampa-totustuus.it\/cattolica\/wp-content\/uploads\/2013\/06\/istanbul_conference.jpg","keywords":["donne","genere","violenza sulle donne"],"articleSection":["Ideologia del gender"],"inLanguage":"it-IT"},{"@type":"WebPage","@id":"https:\/\/www.rassegnastampa-totustuus.it\/cattolica\/convenzione-di-istanbul-donne-e-dubbi\/","url":"https:\/\/www.rassegnastampa-totustuus.it\/cattolica\/convenzione-di-istanbul-donne-e-dubbi\/","name":"Convenzione di Istanbul, donne e dubbi - Rassegna Stampa Cattolica","isPartOf":{"@id":"https:\/\/www.rassegnastampa-totustuus.it\/cattolica\/#website"},"primaryImageOfPage":{"@id":"https:\/\/www.rassegnastampa-totustuus.it\/cattolica\/convenzione-di-istanbul-donne-e-dubbi\/#primaryimage"},"image":{"@id":"https:\/\/www.rassegnastampa-totustuus.it\/cattolica\/convenzione-di-istanbul-donne-e-dubbi\/#primaryimage"},"thumbnailUrl":"https:\/\/www.rassegnastampa-totustuus.it\/cattolica\/wp-content\/uploads\/2013\/06\/istanbul_conference.jpg","datePublished":"2013-06-05T22:00:00+00:00","dateModified":"2016-12-02T13:00:26+00:00","description":"Rassegna Stampa Cattolica - Per una cultura che nasce dalla Rivelazione cristiana in conformit\u00e0 alla tradizione e al Magistero della Chiesa in opposizione ad ogni relativismo e totalitarismo","breadcrumb":{"@id":"https:\/\/www.rassegnastampa-totustuus.it\/cattolica\/convenzione-di-istanbul-donne-e-dubbi\/#breadcrumb"},"inLanguage":"it-IT","potentialAction":[{"@type":"ReadAction","target":["https:\/\/www.rassegnastampa-totustuus.it\/cattolica\/convenzione-di-istanbul-donne-e-dubbi\/"]}]},{"@type":"ImageObject","inLanguage":"it-IT","@id":"https:\/\/www.rassegnastampa-totustuus.it\/cattolica\/convenzione-di-istanbul-donne-e-dubbi\/#primaryimage","url":"https:\/\/www.rassegnastampa-totustuus.it\/cattolica\/wp-content\/uploads\/2013\/06\/istanbul_conference.jpg","contentUrl":"https:\/\/www.rassegnastampa-totustuus.it\/cattolica\/wp-content\/uploads\/2013\/06\/istanbul_conference.jpg","width":343,"height":147},{"@type":"BreadcrumbList","@id":"https:\/\/www.rassegnastampa-totustuus.it\/cattolica\/convenzione-di-istanbul-donne-e-dubbi\/#breadcrumb","itemListElement":[{"@type":"ListItem","position":1,"name":"Home","item":"https:\/\/www.rassegnastampa-totustuus.it\/cattolica\/"},{"@type":"ListItem","position":2,"name":"Convenzione di Istanbul, donne e dubbi"}]},{"@type":"WebSite","@id":"https:\/\/www.rassegnastampa-totustuus.it\/cattolica\/#website","url":"https:\/\/www.rassegnastampa-totustuus.it\/cattolica\/","name":"Rassegna Stampa Cattolica","description":"Per una cultura che nasce dalla Rivelazione cristiana in conformit\u00e0 alla tradizione e al Magistero della Chiesa in opposizione ad ogni relativismo e totalitarismo","publisher":{"@id":"https:\/\/www.rassegnastampa-totustuus.it\/cattolica\/#organization"},"alternateName":"Rass. Cattolica","potentialAction":[{"@type":"SearchAction","target":{"@type":"EntryPoint","urlTemplate":"https:\/\/www.rassegnastampa-totustuus.it\/cattolica\/?s={search_term_string}"},"query-input":{"@type":"PropertyValueSpecification","valueRequired":true,"valueName":"search_term_string"}}],"inLanguage":"it-IT"},{"@type":"Organization","@id":"https:\/\/www.rassegnastampa-totustuus.it\/cattolica\/#organization","name":"Rassegna Stampa Cattolica","url":"https:\/\/www.rassegnastampa-totustuus.it\/cattolica\/","logo":{"@type":"ImageObject","inLanguage":"it-IT","@id":"https:\/\/www.rassegnastampa-totustuus.it\/cattolica\/#\/schema\/logo\/image\/","url":"https:\/\/www.rassegnastampa-totustuus.it\/cattolica\/wp-content\/uploads\/2014\/04\/logo-rassegna1.gif","contentUrl":"https:\/\/www.rassegnastampa-totustuus.it\/cattolica\/wp-content\/uploads\/2014\/04\/logo-rassegna1.gif","width":600,"height":163,"caption":"Rassegna Stampa Cattolica"},"image":{"@id":"https:\/\/www.rassegnastampa-totustuus.it\/cattolica\/#\/schema\/logo\/image\/"},"sameAs":["https:\/\/www.facebook.com\/rassegnastampacattolica","https:\/\/x.com\/rassegnastampa9"]},{"@type":"Person","@id":"https:\/\/www.rassegnastampa-totustuus.it\/cattolica\/#\/schema\/person\/08f319d2bd1a0904ad9e2bfb7b15e5c3","name":"Redazione","image":{"@type":"ImageObject","inLanguage":"it-IT","@id":"https:\/\/secure.gravatar.com\/avatar\/2fcdf27c78ea025fbdb44e914cc63c72249ffec9dc8aafd5c82b26240ef3f346?s=96&d=mm&r=g","url":"https:\/\/secure.gravatar.com\/avatar\/2fcdf27c78ea025fbdb44e914cc63c72249ffec9dc8aafd5c82b26240ef3f346?s=96&d=mm&r=g","contentUrl":"https:\/\/secure.gravatar.com\/avatar\/2fcdf27c78ea025fbdb44e914cc63c72249ffec9dc8aafd5c82b26240ef3f346?s=96&d=mm&r=g","caption":"Redazione"},"url":"https:\/\/www.rassegnastampa-totustuus.it\/cattolica\/author\/pietroelle\/"}]}},"_links":{"self":[{"href":"https:\/\/www.rassegnastampa-totustuus.it\/cattolica\/wp-json\/wp\/v2\/posts\/5606","targetHints":{"allow":["GET"]}}],"collection":[{"href":"https:\/\/www.rassegnastampa-totustuus.it\/cattolica\/wp-json\/wp\/v2\/posts"}],"about":[{"href":"https:\/\/www.rassegnastampa-totustuus.it\/cattolica\/wp-json\/wp\/v2\/types\/post"}],"author":[{"embeddable":true,"href":"https:\/\/www.rassegnastampa-totustuus.it\/cattolica\/wp-json\/wp\/v2\/users\/6"}],"replies":[{"embeddable":true,"href":"https:\/\/www.rassegnastampa-totustuus.it\/cattolica\/wp-json\/wp\/v2\/comments?post=5606"}],"version-history":[{"count":6,"href":"https:\/\/www.rassegnastampa-totustuus.it\/cattolica\/wp-json\/wp\/v2\/posts\/5606\/revisions"}],"predecessor-version":[{"id":36847,"href":"https:\/\/www.rassegnastampa-totustuus.it\/cattolica\/wp-json\/wp\/v2\/posts\/5606\/revisions\/36847"}],"wp:featuredmedia":[{"embeddable":true,"href":"https:\/\/www.rassegnastampa-totustuus.it\/cattolica\/wp-json\/wp\/v2\/media\/29346"}],"wp:attachment":[{"href":"https:\/\/www.rassegnastampa-totustuus.it\/cattolica\/wp-json\/wp\/v2\/media?parent=5606"}],"wp:term":[{"taxonomy":"category","embeddable":true,"href":"https:\/\/www.rassegnastampa-totustuus.it\/cattolica\/wp-json\/wp\/v2\/categories?post=5606"},{"taxonomy":"post_tag","embeddable":true,"href":"https:\/\/www.rassegnastampa-totustuus.it\/cattolica\/wp-json\/wp\/v2\/tags?post=5606"}],"curies":[{"name":"wp","href":"https:\/\/api.w.org\/{rel}","templated":true}]}}