{"id":5601,"date":"2013-05-30T00:00:00","date_gmt":"2013-05-29T22:00:00","guid":{"rendered":""},"modified":"2015-06-05T09:25:26","modified_gmt":"2015-06-05T07:25:26","slug":"vaticano-massone-verit-e-leggende","status":"publish","type":"post","link":"https:\/\/www.rassegnastampa-totustuus.it\/cattolica\/vaticano-massone-verit-e-leggende\/","title":{"rendered":"Vaticano massone, verit&agrave; e leggende"},"content":{"rendered":"<div style=\"text-align: center;\"><strong><a href=\"https:\/\/www.rassegnastampa-totustuus.it\/cattolica\/wp-content\/uploads\/2013\/05\/Varicano_massoneria.jpg\"><img loading=\"lazy\" decoding=\"async\" class=\"alignright wp-image-25433 size-full\" src=\"https:\/\/www.rassegnastampa-totustuus.it\/cattolica\/wp-content\/uploads\/2013\/05\/Varicano_massoneria.jpg\" alt=\"Varicano_massoneria\" width=\"225\" height=\"225\" srcset=\"https:\/\/www.rassegnastampa-totustuus.it\/cattolica\/wp-content\/uploads\/2013\/05\/Varicano_massoneria.jpg 225w, https:\/\/www.rassegnastampa-totustuus.it\/cattolica\/wp-content\/uploads\/2013\/05\/Varicano_massoneria-150x150.jpg 150w\" sizes=\"auto, (max-width: 225px) 100vw, 225px\" \/><\/a>La nuova Bussola Quotidiana<\/strong>, 21\u00a0maggio 2013<\/div>\n<p style=\"text-align: center;\">di <strong>Massimo Introvigne<\/strong><\/p>\n<p style=\"text-align: justify;\">Qualche anno fa un importante cardinale italiano,\u00a0incontrato a un convegno, mi disse: \u00abLo sa, professore? Mi \u00e8 appena arrivata una busta anonima con una lista di cattolici massoni, c\u2019era anche il suo nome\u00bb. Gli risposi, ed era tutto vero: \u00abMa che strana coincidenza. \u00c8 arrivata anche a me in una busta anonima una lista di cardinali massoni. C\u2019era anche lei\u00bb<\/p>\n<p><!--more--><\/p>\n<div style=\"text-align: justify;\"><strong>L\u2019aneddoto mi torna in mente leggendo<\/strong> \u00abVaticano massone. Logge, denaro e poteri occulti: il lato segreto della Chiesa di Papa Francesco\u00bb, appena pubblicato da Piemme e di cui sono autori Giacomo Galeazzi \u2013 vaticanista de \u00abLa Stampa\u00bb e buon conoscitore di tanti, forse perfino di troppi, ambienti romani \u2013 e Ferruccio Pinotti, un giornalista noto per l\u2019avversione militante all\u2019Opus Dei e a Comunione e Liberazione, che ritorna puntualmente nel libro.<\/div>\n<p style=\"text-align: justify;\"><strong>Al di l\u00e0 delle intenzioni degli\u00a0<\/strong><strong>autori<\/strong>, il volume \u00e8 suscettibile, con la sua overdose d\u2019informazioni, di fare danni e creare confusione. Sono infatti affastellati ritagli di giornali, documenti, interviste senza che il lettore sia messo in grado di costruirsi una gerarchia delle fonti, di capire chi \u00e8 autorevole, chi lo \u00e8 meno, e chi \u00e8 un semplice cialtrone.<\/p>\n<p style=\"text-align: justify;\">Si d\u00e0 voce a importanti dirigenti della massoneria, ma anche uno spazio eccessivo al leader del Grande Oriente Democratico \u2013 un piccolo movimento di opposizione \u00abda sinistra\u00bb alla dirigenza della pi\u00f9 grande organizzazione massonica italiana, il Grande Oriente d\u2019Italia \u2013 il quale, su questioni delicatissime, risponde alle domande degli autori sulla base di ritagli dei suoi giornali preferiti, \u00abIl Fatto\u00bb e \u00abRepubblica\u00bb.<\/p>\n<p style=\"text-align: justify;\"><strong>E si prende sul serio \u2013 insieme alle vecchie e\u00a0<\/strong><strong>screditate calunnie<\/strong> che vorrebbero coinvolgere Papa Francesco in crimini della dittatura militare argentina \u2013 perfino Leo Zagami, un ex massone noto anche al di fuori del nostro Paese per la sua inesauribile capacit\u00e0 d\u2019inventarsi complotti fantastici.\u00a0 Anche tra i cattolici, si sentono certamente persone qualificate, anche se talora un po\u2019 imprudenti con i giornalisti, come il vescovo di Mazara del Vallo mons. Domenico Mogavero, che profitta dell\u2019intervista per criticare Benedetto XVI per la liberalizzazione della Messa tradizionale.<\/p>\n<p style=\"text-align: justify;\"><strong>Ma anche figure problematiche e\u00a0marginali<\/strong>, come l\u2019ex francescano dell\u2019Immacolata dimesso dal suo\u00a0ordine Giulio Maria Scozzaro. E che dire degli anonimi? C\u2019\u00e8 una lunga\u00a0intervista a \u00abun alto esponente della Compagnia di Ges\u00f9\u00bb, tale padre R.T., che\u00a0propone in tema massonico \u00abla classificazione del professor Introvigne,\u00a0ritenuto uno dei maggiori esperti italiani di massoneria\u00bb \u2013 deve piacergli\u00a0molto, visto che copia e incolla scritti miei per diverse pagine \u2013 ma poi, come\u00a0tanti altri, cita una frase \u00abluciferiana\u00bb attribuita al dirigente massonico\u00a0americano Albert Pike (1809-1891) secondo cui \u00abs\u00ec, Lucifero \u00e8 Dio e\u00a0sfortunatamente anche YHWH [il Dio dei cristiani] \u00e8 Dio\u00bb. Non sa \u2013 eppure si\u00a0dichiara mia lettore \u2013 che questo discorso di Pike \u00e8 un falso, fornito al\u00a0giornalista cattolico francese Abel Clarin de la Rive (1855-1914), che lo\u00a0pubblic\u00f2 per primo, da quel grande provocatore e fabbricante di documenti falsi\u00a0sulla massoneria che fu L\u00e9o Taxil (1854-1907).<\/p>\n<p style=\"text-align: justify;\"><strong>Il lettore non\u00a0<\/strong><strong>specializzato rischia dunque di prendere tutti sul serio<\/strong>, senza fare differenze tra testimoni seri e altri inclini alle bufale. Mettendo un po\u2019 di ordine, possiamo dire che il libro racconta due storie che s\u2019intrecciano. La prima riguarda il ruolo della massoneria in Italia, su cui da anni esistono due narrative conflittuali, che gli autori cercano \u2013 e non \u00e8 facile \u2013 di tenere insieme.<\/p>\n<p style=\"text-align: justify;\">La prima nasce nel vecchio Partito Comunista Italiano e continua a essere proposta da giornalisti e magistrati di sinistra. Racconta di come gli Stati Uniti, dopo il 1945, individuarono e finanziarono tre forze per impedire che i comunisti andassero al potere in Italia: la Chiesa, con la Democrazia Cristiana, la massoneria e la criminalit\u00e0 organizzata, con ci\u00f2 favorendo la loro collaborazione.<\/p>\n<p style=\"text-align: justify;\">La seconda narrativa, pi\u00f9 diffusa tra i cattolici, presenta la massoneria come intenta soprattutto a imporre il relativismo e i suoi frutti \u2013 dal divorzio all\u2019aborto \u2013 collaborando con tutte le forze \u00abprogressiste\u00bb, comunisti compresi.<\/p>\n<p style=\"text-align: justify;\"><strong>La seconda\u00a0<\/strong><strong>narrativa \u00e8 certamente vera<\/strong>. La prima, di solito presentata con esagerazioni, include qualche verit\u00e0 parziale, e il libro offre ricostruzioni talora \u2013 ma non sempre \u2013 attendibili su collaborazioni di obbedienze massoniche, peraltro lontane dalle \u00abgrandi\u00bb organizzazioni, con la mafia e la \u2019ndrangheta, in cui sono stati talora coinvolti all\u2019insegna dei \u00abbuoni affari\u00bb singoli esponenti politici cattolici e anche qualche sacerdote, che di sicuro non rappresentano \u00abla Chiesa\u00bb. Il libro insiste su vicende, peraltro note, dello Ior, l\u2019Istituto per le Opere di Religione, una banca di propriet\u00e0 della Santa Sede che in passato ha certamente collaborato con finanzieri spericolati, alcuni dei quali massoni.<\/p>\n<p style=\"text-align: justify;\"><strong>La Santa Sede \u00e8 oggi consapevole della\u00a0<\/strong><strong>necessit\u00e0<\/strong> di mettere ordine: ma in un\u2019intervista finale che brilla per il suo buon senso Ettore Gotti Tedeschi \u2013 ex presidente dello Ior, coinvolto direttamente in queste vicende \u2013 invita giustamente a distinguere fra gli abusi e il fatto ovvio che la Chiesa Cattolica, con il suo miliardo e duecento milioni di fedeli in tutto il mondo, deve necessariamente gestire il denaro destinato a far funzionare diocesi, missioni, chiese, con una sua organizzazione che interagisce con le istituzioni finanziarie internazionali, dove certo s\u2019incontrano anche massoni.<\/p>\n<p style=\"text-align: justify;\"><strong>La seconda storia che il\u00a0<\/strong><strong>libro racconta \u00e8 quella dei rapporti<\/strong> con la massoneria della Chiesa. \u00c8 un suo merito tenere fermo \u2013 contro l\u2019ambiguit\u00e0 con cui tanti massoni, e anche qualche ecclesiastico, riferiscono talora questo dato \u2013 che la legge vigente della Chiesa \u00e8 contenuta nella \u00abDichiarazione sulla massoneria\u00bb del 1983 della Congregazione per la dottrina della fede, la quale ribadisce che i cattolici che appartengono a qualunque associazione massonica, cui l\u2019iscrizione rimane assolutamente vietata, \u00absono in stato di peccato grave e non possono accedere alla Santa Comunione\u00bb.<\/p>\n<p style=\"text-align: justify;\"><strong>A fronte di questa\u00a0<\/strong><strong>chiarissima disposizione il libro descrive<\/strong> due diversi percorsi \u00abalternativi\u00bb. Il primo \u00e8 quello dei sacerdoti che hanno chiesto \u2013 senza ottenerla \u2013 una revisione della normativa: per ingenuit\u00e0, come il cardinale Silvio Oddi (1910-2001) il quale \u2013 anziano e in pensione \u2013 s\u2019indusse a firmare con l\u2019allora Gran Maestro del Grande Oriente d\u2019Italia una supplica in tal senso al Papa, che il libro riproduce; oppure per condivisione ideologica di almeno alcune idee della massoneria, come nel caso del sacerdote paolino Rosario Esposito (1921-2009).<\/p>\n<p style=\"text-align: justify;\">Il secondo percorso \u00e8 quello di ecclesiastici che, senza chiedere pubblicamente un cambiamento della posizione della Chiesa e violando il diritto canonico, si affiliano in segreto alla massoneria. Se ne parla non da anni ma da secoli, coinvolgendo anche vescovi e cardinali.<\/p>\n<p style=\"text-align: justify;\"><strong>Il libro raccoglie tutte le voci, da quella un po\u2019\u00a0<\/strong><strong>ridicola<\/strong> dell\u2019ex religioso Scozzaro, secondo cui nientemeno \u00abil collegio cardinalizio \u00e8 formato da pi\u00f9 di 80 cardinali massoni su 120\u00bb al Gran Maestro della Gran Loggia Regolare d\u2019Italia, un\u2019obbedienza minoritaria che per\u00f2 \u00e8 l\u2019unica italiana riconosciuta dalla \u00abcasa madre\u00bb massonica inglese, secondo cui quella dei cardinali massoni \u00e8 solo una \u00ableggenda metropolitana\u00bb.\u00a0 L\u2019annoso problema delle liste di presunti vescovi e cardinali massoni che appaiono periodicamente qua e l\u00e0 riporta, in fondo, al difetto centrale di un libro dove troppi aneddoti \u2013 veri, verosimili o falsi \u2013 rischiano di non far vedere l\u2019essenziale del problema.<\/p>\n<p style=\"text-align: justify;\"><strong>Oggi\u00a0<\/strong><strong>esistono programmi di computer con cui<\/strong> un bravo tecnico \u00e8 in grado di produrre con poco sforzo tessere e liste su carte intestate massoniche che sembrano proprio vere, accusando facilmente chiunque di essere massone, vescovi, cardinali e Papi compresi. Questo toglie credibilit\u00e0 \u2013 e forse anche interesse \u2013 alla caccia alle liste.<\/p>\n<p style=\"text-align: justify;\">La questione \u00e8 diversa. L\u2019essenza dell\u2019ideologia massonica \u00e8 il relativismo, con le sue conseguenze politiche che portano spesso obbedienze massoniche a favorire leggi sull\u2019aborto, l\u2019eutanasia, le unioni omosessuali. Quando si sente dire che un ecclesiastico o un esponente politico cattolico \u00e8 massone la domanda dovrebbe essere: ha idee relativiste? \u00c8 abortista, incline all\u2019eutanasia, favorevole al riconoscimento legale delle unioni omosessuali?<\/p>\n<p style=\"text-align: justify;\"><strong>Se la risposta \u00e8 s\u00ec, \u00e8 almeno<\/strong> \u2013secondo l\u2019espressione usata nel libro dall\u2019attuale Gran Maestro del Grande Oriente d\u2019Italia \u2013 un \u00abmassone senza tessera\u00bb, un compagno di viaggio della massoneria, e la questione della tessera diventa secondaria.\u00a0 Se la risposta \u00e8 no, se l\u2019ecclesiastico o il cattolico accusato si oppone apertamente al relativismo e alle sue conseguenze, allora si ha ogni ragione di concludere che le accuse di appartenenza alla massoneria sono calunnie.<\/p>\n<p style=\"text-align: justify;\">Il vero problema non sono le liste e le tessere. \u00c8 \u2013 per usare l\u2019espressione di Benedetto XVI che Papa Francesco ha prontamente ripreso nel suo discorso al Corpo Diplomatico del 22 marzo scorso \u2013 la \u00abdittatura del relativismo\u00bb. Che \u00e8 poi, liste o non liste, la dittatura della mentalit\u00e0 massonica nel nostro tempo.<\/p>\n","protected":false},"excerpt":{"rendered":"<p>La nuova Bussola Quotidiana, 21\u00a0maggio 2013 di Massimo Introvigne Qualche anno fa un importante cardinale italiano,\u00a0incontrato a un convegno, mi disse: \u00abLo sa, professore? Mi \u00e8 appena arrivata una busta anonima con una lista di cattolici massoni, c\u2019era anche il suo nome\u00bb. Gli risposi, ed era tutto vero: \u00abMa che strana coincidenza. \u00c8 arrivata anche &hellip; <\/p>\n<p><a class=\"more-link btn\" href=\"https:\/\/www.rassegnastampa-totustuus.it\/cattolica\/vaticano-massone-verit-e-leggende\/\">Continua a leggere<\/a><\/p>\n","protected":false},"author":6,"featured_media":25433,"comment_status":"closed","ping_status":"open","sticky":false,"template":"","format":"standard","meta":{"footnotes":""},"categories":[5,17,69],"tags":[157,2396],"class_list":["post-5601","post","type-post","status-publish","format-standard","has-post-thumbnail","hentry","category-chiesa","category-libri","category-massoneria","tag-chiesa-2","tag-massoneria","item-wrap"],"yoast_head":"<!-- This site is optimized with the Yoast SEO plugin v27.5 - https:\/\/yoast.com\/product\/yoast-seo-wordpress\/ -->\n<title>Vaticano massone, verit&agrave; e leggende - Rassegna Stampa Cattolica<\/title>\n<meta name=\"description\" content=\"Rassegna Stampa Cattolica - Per una cultura che nasce dalla Rivelazione cristiana in conformit\u00e0 alla tradizione e al Magistero della Chiesa in opposizione ad ogni relativismo e totalitarismo\" \/>\n<meta name=\"robots\" content=\"index, follow, max-snippet:-1, max-image-preview:large, max-video-preview:-1\" \/>\n<link rel=\"canonical\" href=\"https:\/\/www.rassegnastampa-totustuus.it\/cattolica\/vaticano-massone-verit-e-leggende\/\" \/>\n<meta property=\"og:locale\" content=\"it_IT\" \/>\n<meta property=\"og:type\" content=\"article\" \/>\n<meta property=\"og:title\" content=\"Vaticano massone, verit&agrave; e leggende - Rassegna Stampa Cattolica\" \/>\n<meta property=\"og:description\" content=\"Rassegna Stampa Cattolica - Per una cultura che nasce dalla Rivelazione cristiana in conformit\u00e0 alla tradizione e al Magistero della Chiesa in opposizione ad ogni relativismo e totalitarismo\" \/>\n<meta property=\"og:url\" content=\"https:\/\/www.rassegnastampa-totustuus.it\/cattolica\/vaticano-massone-verit-e-leggende\/\" \/>\n<meta property=\"og:site_name\" content=\"Rassegna Stampa Cattolica\" \/>\n<meta property=\"article:publisher\" content=\"https:\/\/www.facebook.com\/rassegnastampacattolica\" \/>\n<meta property=\"article:published_time\" content=\"2013-05-29T22:00:00+00:00\" \/>\n<meta property=\"article:modified_time\" content=\"2015-06-05T07:25:26+00:00\" \/>\n<meta property=\"og:image\" content=\"https:\/\/www.rassegnastampa-totustuus.it\/cattolica\/wp-content\/uploads\/2013\/05\/Varicano_massoneria.jpg\" \/>\n\t<meta property=\"og:image:width\" content=\"225\" \/>\n\t<meta property=\"og:image:height\" content=\"225\" \/>\n\t<meta property=\"og:image:type\" content=\"image\/jpeg\" \/>\n<meta name=\"author\" content=\"Redazione\" \/>\n<meta name=\"twitter:card\" content=\"summary_large_image\" \/>\n<meta name=\"twitter:creator\" content=\"@rassegnastampa9\" \/>\n<meta name=\"twitter:site\" content=\"@rassegnastampa9\" \/>\n<meta name=\"twitter:label1\" content=\"Scritto da\" \/>\n\t<meta name=\"twitter:data1\" content=\"Redazione\" \/>\n\t<meta name=\"twitter:label2\" content=\"Tempo di lettura stimato\" \/>\n\t<meta name=\"twitter:data2\" content=\"7 minuti\" \/>\n<script type=\"application\/ld+json\" class=\"yoast-schema-graph\">{\"@context\":\"https:\\\/\\\/schema.org\",\"@graph\":[{\"@type\":\"Article\",\"@id\":\"https:\\\/\\\/www.rassegnastampa-totustuus.it\\\/cattolica\\\/vaticano-massone-verit-e-leggende\\\/#article\",\"isPartOf\":{\"@id\":\"https:\\\/\\\/www.rassegnastampa-totustuus.it\\\/cattolica\\\/vaticano-massone-verit-e-leggende\\\/\"},\"author\":{\"name\":\"Redazione\",\"@id\":\"https:\\\/\\\/www.rassegnastampa-totustuus.it\\\/cattolica\\\/#\\\/schema\\\/person\\\/08f319d2bd1a0904ad9e2bfb7b15e5c3\"},\"headline\":\"Vaticano massone, verit&agrave; e leggende\",\"datePublished\":\"2013-05-29T22:00:00+00:00\",\"dateModified\":\"2015-06-05T07:25:26+00:00\",\"mainEntityOfPage\":{\"@id\":\"https:\\\/\\\/www.rassegnastampa-totustuus.it\\\/cattolica\\\/vaticano-massone-verit-e-leggende\\\/\"},\"wordCount\":1401,\"publisher\":{\"@id\":\"https:\\\/\\\/www.rassegnastampa-totustuus.it\\\/cattolica\\\/#organization\"},\"image\":{\"@id\":\"https:\\\/\\\/www.rassegnastampa-totustuus.it\\\/cattolica\\\/vaticano-massone-verit-e-leggende\\\/#primaryimage\"},\"thumbnailUrl\":\"https:\\\/\\\/www.rassegnastampa-totustuus.it\\\/cattolica\\\/wp-content\\\/uploads\\\/2013\\\/05\\\/Varicano_massoneria.jpg\",\"keywords\":[\"chiesa\",\"Massoneria\"],\"articleSection\":[\"Chiesa\",\"Libri\",\"Massoneria\"],\"inLanguage\":\"it-IT\"},{\"@type\":\"WebPage\",\"@id\":\"https:\\\/\\\/www.rassegnastampa-totustuus.it\\\/cattolica\\\/vaticano-massone-verit-e-leggende\\\/\",\"url\":\"https:\\\/\\\/www.rassegnastampa-totustuus.it\\\/cattolica\\\/vaticano-massone-verit-e-leggende\\\/\",\"name\":\"Vaticano massone, verit&agrave; e leggende - Rassegna Stampa Cattolica\",\"isPartOf\":{\"@id\":\"https:\\\/\\\/www.rassegnastampa-totustuus.it\\\/cattolica\\\/#website\"},\"primaryImageOfPage\":{\"@id\":\"https:\\\/\\\/www.rassegnastampa-totustuus.it\\\/cattolica\\\/vaticano-massone-verit-e-leggende\\\/#primaryimage\"},\"image\":{\"@id\":\"https:\\\/\\\/www.rassegnastampa-totustuus.it\\\/cattolica\\\/vaticano-massone-verit-e-leggende\\\/#primaryimage\"},\"thumbnailUrl\":\"https:\\\/\\\/www.rassegnastampa-totustuus.it\\\/cattolica\\\/wp-content\\\/uploads\\\/2013\\\/05\\\/Varicano_massoneria.jpg\",\"datePublished\":\"2013-05-29T22:00:00+00:00\",\"dateModified\":\"2015-06-05T07:25:26+00:00\",\"description\":\"Rassegna Stampa Cattolica - Per una cultura che nasce dalla Rivelazione cristiana in conformit\u00e0 alla tradizione e al Magistero della Chiesa in opposizione ad ogni relativismo e totalitarismo\",\"breadcrumb\":{\"@id\":\"https:\\\/\\\/www.rassegnastampa-totustuus.it\\\/cattolica\\\/vaticano-massone-verit-e-leggende\\\/#breadcrumb\"},\"inLanguage\":\"it-IT\",\"potentialAction\":[{\"@type\":\"ReadAction\",\"target\":[\"https:\\\/\\\/www.rassegnastampa-totustuus.it\\\/cattolica\\\/vaticano-massone-verit-e-leggende\\\/\"]}]},{\"@type\":\"ImageObject\",\"inLanguage\":\"it-IT\",\"@id\":\"https:\\\/\\\/www.rassegnastampa-totustuus.it\\\/cattolica\\\/vaticano-massone-verit-e-leggende\\\/#primaryimage\",\"url\":\"https:\\\/\\\/www.rassegnastampa-totustuus.it\\\/cattolica\\\/wp-content\\\/uploads\\\/2013\\\/05\\\/Varicano_massoneria.jpg\",\"contentUrl\":\"https:\\\/\\\/www.rassegnastampa-totustuus.it\\\/cattolica\\\/wp-content\\\/uploads\\\/2013\\\/05\\\/Varicano_massoneria.jpg\",\"width\":225,\"height\":225},{\"@type\":\"BreadcrumbList\",\"@id\":\"https:\\\/\\\/www.rassegnastampa-totustuus.it\\\/cattolica\\\/vaticano-massone-verit-e-leggende\\\/#breadcrumb\",\"itemListElement\":[{\"@type\":\"ListItem\",\"position\":1,\"name\":\"Home\",\"item\":\"https:\\\/\\\/www.rassegnastampa-totustuus.it\\\/cattolica\\\/\"},{\"@type\":\"ListItem\",\"position\":2,\"name\":\"Vaticano massone, verit&agrave; e leggende\"}]},{\"@type\":\"WebSite\",\"@id\":\"https:\\\/\\\/www.rassegnastampa-totustuus.it\\\/cattolica\\\/#website\",\"url\":\"https:\\\/\\\/www.rassegnastampa-totustuus.it\\\/cattolica\\\/\",\"name\":\"Rassegna Stampa Cattolica\",\"description\":\"Per una cultura che nasce dalla Rivelazione cristiana in conformit\u00e0 alla tradizione e al Magistero della Chiesa in opposizione ad ogni relativismo e totalitarismo\",\"publisher\":{\"@id\":\"https:\\\/\\\/www.rassegnastampa-totustuus.it\\\/cattolica\\\/#organization\"},\"alternateName\":\"Rass. Cattolica\",\"potentialAction\":[{\"@type\":\"SearchAction\",\"target\":{\"@type\":\"EntryPoint\",\"urlTemplate\":\"https:\\\/\\\/www.rassegnastampa-totustuus.it\\\/cattolica\\\/?s={search_term_string}\"},\"query-input\":{\"@type\":\"PropertyValueSpecification\",\"valueRequired\":true,\"valueName\":\"search_term_string\"}}],\"inLanguage\":\"it-IT\"},{\"@type\":\"Organization\",\"@id\":\"https:\\\/\\\/www.rassegnastampa-totustuus.it\\\/cattolica\\\/#organization\",\"name\":\"Rassegna Stampa Cattolica\",\"url\":\"https:\\\/\\\/www.rassegnastampa-totustuus.it\\\/cattolica\\\/\",\"logo\":{\"@type\":\"ImageObject\",\"inLanguage\":\"it-IT\",\"@id\":\"https:\\\/\\\/www.rassegnastampa-totustuus.it\\\/cattolica\\\/#\\\/schema\\\/logo\\\/image\\\/\",\"url\":\"https:\\\/\\\/www.rassegnastampa-totustuus.it\\\/cattolica\\\/wp-content\\\/uploads\\\/2014\\\/04\\\/logo-rassegna1.gif\",\"contentUrl\":\"https:\\\/\\\/www.rassegnastampa-totustuus.it\\\/cattolica\\\/wp-content\\\/uploads\\\/2014\\\/04\\\/logo-rassegna1.gif\",\"width\":600,\"height\":163,\"caption\":\"Rassegna Stampa Cattolica\"},\"image\":{\"@id\":\"https:\\\/\\\/www.rassegnastampa-totustuus.it\\\/cattolica\\\/#\\\/schema\\\/logo\\\/image\\\/\"},\"sameAs\":[\"https:\\\/\\\/www.facebook.com\\\/rassegnastampacattolica\",\"https:\\\/\\\/x.com\\\/rassegnastampa9\"]},{\"@type\":\"Person\",\"@id\":\"https:\\\/\\\/www.rassegnastampa-totustuus.it\\\/cattolica\\\/#\\\/schema\\\/person\\\/08f319d2bd1a0904ad9e2bfb7b15e5c3\",\"name\":\"Redazione\",\"image\":{\"@type\":\"ImageObject\",\"inLanguage\":\"it-IT\",\"@id\":\"https:\\\/\\\/secure.gravatar.com\\\/avatar\\\/2fcdf27c78ea025fbdb44e914cc63c72249ffec9dc8aafd5c82b26240ef3f346?s=96&d=mm&r=g\",\"url\":\"https:\\\/\\\/secure.gravatar.com\\\/avatar\\\/2fcdf27c78ea025fbdb44e914cc63c72249ffec9dc8aafd5c82b26240ef3f346?s=96&d=mm&r=g\",\"contentUrl\":\"https:\\\/\\\/secure.gravatar.com\\\/avatar\\\/2fcdf27c78ea025fbdb44e914cc63c72249ffec9dc8aafd5c82b26240ef3f346?s=96&d=mm&r=g\",\"caption\":\"Redazione\"},\"url\":\"https:\\\/\\\/www.rassegnastampa-totustuus.it\\\/cattolica\\\/author\\\/pietroelle\\\/\"}]}<\/script>\n<!-- \/ Yoast SEO plugin. -->","yoast_head_json":{"title":"Vaticano massone, verit&agrave; e leggende - Rassegna Stampa Cattolica","description":"Rassegna Stampa Cattolica - Per una cultura che nasce dalla Rivelazione cristiana in conformit\u00e0 alla tradizione e al Magistero della Chiesa in opposizione ad ogni relativismo e totalitarismo","robots":{"index":"index","follow":"follow","max-snippet":"max-snippet:-1","max-image-preview":"max-image-preview:large","max-video-preview":"max-video-preview:-1"},"canonical":"https:\/\/www.rassegnastampa-totustuus.it\/cattolica\/vaticano-massone-verit-e-leggende\/","og_locale":"it_IT","og_type":"article","og_title":"Vaticano massone, verit&agrave; e leggende - Rassegna Stampa Cattolica","og_description":"Rassegna Stampa Cattolica - Per una cultura che nasce dalla Rivelazione cristiana in conformit\u00e0 alla tradizione e al Magistero della Chiesa in opposizione ad ogni relativismo e totalitarismo","og_url":"https:\/\/www.rassegnastampa-totustuus.it\/cattolica\/vaticano-massone-verit-e-leggende\/","og_site_name":"Rassegna Stampa Cattolica","article_publisher":"https:\/\/www.facebook.com\/rassegnastampacattolica","article_published_time":"2013-05-29T22:00:00+00:00","article_modified_time":"2015-06-05T07:25:26+00:00","og_image":[{"width":225,"height":225,"url":"https:\/\/www.rassegnastampa-totustuus.it\/cattolica\/wp-content\/uploads\/2013\/05\/Varicano_massoneria.jpg","type":"image\/jpeg"}],"author":"Redazione","twitter_card":"summary_large_image","twitter_creator":"@rassegnastampa9","twitter_site":"@rassegnastampa9","twitter_misc":{"Scritto da":"Redazione","Tempo di lettura stimato":"7 minuti"},"schema":{"@context":"https:\/\/schema.org","@graph":[{"@type":"Article","@id":"https:\/\/www.rassegnastampa-totustuus.it\/cattolica\/vaticano-massone-verit-e-leggende\/#article","isPartOf":{"@id":"https:\/\/www.rassegnastampa-totustuus.it\/cattolica\/vaticano-massone-verit-e-leggende\/"},"author":{"name":"Redazione","@id":"https:\/\/www.rassegnastampa-totustuus.it\/cattolica\/#\/schema\/person\/08f319d2bd1a0904ad9e2bfb7b15e5c3"},"headline":"Vaticano massone, verit&agrave; e leggende","datePublished":"2013-05-29T22:00:00+00:00","dateModified":"2015-06-05T07:25:26+00:00","mainEntityOfPage":{"@id":"https:\/\/www.rassegnastampa-totustuus.it\/cattolica\/vaticano-massone-verit-e-leggende\/"},"wordCount":1401,"publisher":{"@id":"https:\/\/www.rassegnastampa-totustuus.it\/cattolica\/#organization"},"image":{"@id":"https:\/\/www.rassegnastampa-totustuus.it\/cattolica\/vaticano-massone-verit-e-leggende\/#primaryimage"},"thumbnailUrl":"https:\/\/www.rassegnastampa-totustuus.it\/cattolica\/wp-content\/uploads\/2013\/05\/Varicano_massoneria.jpg","keywords":["chiesa","Massoneria"],"articleSection":["Chiesa","Libri","Massoneria"],"inLanguage":"it-IT"},{"@type":"WebPage","@id":"https:\/\/www.rassegnastampa-totustuus.it\/cattolica\/vaticano-massone-verit-e-leggende\/","url":"https:\/\/www.rassegnastampa-totustuus.it\/cattolica\/vaticano-massone-verit-e-leggende\/","name":"Vaticano massone, verit&agrave; e leggende - Rassegna Stampa Cattolica","isPartOf":{"@id":"https:\/\/www.rassegnastampa-totustuus.it\/cattolica\/#website"},"primaryImageOfPage":{"@id":"https:\/\/www.rassegnastampa-totustuus.it\/cattolica\/vaticano-massone-verit-e-leggende\/#primaryimage"},"image":{"@id":"https:\/\/www.rassegnastampa-totustuus.it\/cattolica\/vaticano-massone-verit-e-leggende\/#primaryimage"},"thumbnailUrl":"https:\/\/www.rassegnastampa-totustuus.it\/cattolica\/wp-content\/uploads\/2013\/05\/Varicano_massoneria.jpg","datePublished":"2013-05-29T22:00:00+00:00","dateModified":"2015-06-05T07:25:26+00:00","description":"Rassegna Stampa Cattolica - Per una cultura che nasce dalla Rivelazione cristiana in conformit\u00e0 alla tradizione e al Magistero della Chiesa in opposizione ad ogni relativismo e totalitarismo","breadcrumb":{"@id":"https:\/\/www.rassegnastampa-totustuus.it\/cattolica\/vaticano-massone-verit-e-leggende\/#breadcrumb"},"inLanguage":"it-IT","potentialAction":[{"@type":"ReadAction","target":["https:\/\/www.rassegnastampa-totustuus.it\/cattolica\/vaticano-massone-verit-e-leggende\/"]}]},{"@type":"ImageObject","inLanguage":"it-IT","@id":"https:\/\/www.rassegnastampa-totustuus.it\/cattolica\/vaticano-massone-verit-e-leggende\/#primaryimage","url":"https:\/\/www.rassegnastampa-totustuus.it\/cattolica\/wp-content\/uploads\/2013\/05\/Varicano_massoneria.jpg","contentUrl":"https:\/\/www.rassegnastampa-totustuus.it\/cattolica\/wp-content\/uploads\/2013\/05\/Varicano_massoneria.jpg","width":225,"height":225},{"@type":"BreadcrumbList","@id":"https:\/\/www.rassegnastampa-totustuus.it\/cattolica\/vaticano-massone-verit-e-leggende\/#breadcrumb","itemListElement":[{"@type":"ListItem","position":1,"name":"Home","item":"https:\/\/www.rassegnastampa-totustuus.it\/cattolica\/"},{"@type":"ListItem","position":2,"name":"Vaticano massone, verit&agrave; e leggende"}]},{"@type":"WebSite","@id":"https:\/\/www.rassegnastampa-totustuus.it\/cattolica\/#website","url":"https:\/\/www.rassegnastampa-totustuus.it\/cattolica\/","name":"Rassegna Stampa Cattolica","description":"Per una cultura che nasce dalla Rivelazione cristiana in conformit\u00e0 alla tradizione e al Magistero della Chiesa in opposizione ad ogni relativismo e totalitarismo","publisher":{"@id":"https:\/\/www.rassegnastampa-totustuus.it\/cattolica\/#organization"},"alternateName":"Rass. Cattolica","potentialAction":[{"@type":"SearchAction","target":{"@type":"EntryPoint","urlTemplate":"https:\/\/www.rassegnastampa-totustuus.it\/cattolica\/?s={search_term_string}"},"query-input":{"@type":"PropertyValueSpecification","valueRequired":true,"valueName":"search_term_string"}}],"inLanguage":"it-IT"},{"@type":"Organization","@id":"https:\/\/www.rassegnastampa-totustuus.it\/cattolica\/#organization","name":"Rassegna Stampa Cattolica","url":"https:\/\/www.rassegnastampa-totustuus.it\/cattolica\/","logo":{"@type":"ImageObject","inLanguage":"it-IT","@id":"https:\/\/www.rassegnastampa-totustuus.it\/cattolica\/#\/schema\/logo\/image\/","url":"https:\/\/www.rassegnastampa-totustuus.it\/cattolica\/wp-content\/uploads\/2014\/04\/logo-rassegna1.gif","contentUrl":"https:\/\/www.rassegnastampa-totustuus.it\/cattolica\/wp-content\/uploads\/2014\/04\/logo-rassegna1.gif","width":600,"height":163,"caption":"Rassegna Stampa Cattolica"},"image":{"@id":"https:\/\/www.rassegnastampa-totustuus.it\/cattolica\/#\/schema\/logo\/image\/"},"sameAs":["https:\/\/www.facebook.com\/rassegnastampacattolica","https:\/\/x.com\/rassegnastampa9"]},{"@type":"Person","@id":"https:\/\/www.rassegnastampa-totustuus.it\/cattolica\/#\/schema\/person\/08f319d2bd1a0904ad9e2bfb7b15e5c3","name":"Redazione","image":{"@type":"ImageObject","inLanguage":"it-IT","@id":"https:\/\/secure.gravatar.com\/avatar\/2fcdf27c78ea025fbdb44e914cc63c72249ffec9dc8aafd5c82b26240ef3f346?s=96&d=mm&r=g","url":"https:\/\/secure.gravatar.com\/avatar\/2fcdf27c78ea025fbdb44e914cc63c72249ffec9dc8aafd5c82b26240ef3f346?s=96&d=mm&r=g","contentUrl":"https:\/\/secure.gravatar.com\/avatar\/2fcdf27c78ea025fbdb44e914cc63c72249ffec9dc8aafd5c82b26240ef3f346?s=96&d=mm&r=g","caption":"Redazione"},"url":"https:\/\/www.rassegnastampa-totustuus.it\/cattolica\/author\/pietroelle\/"}]}},"_links":{"self":[{"href":"https:\/\/www.rassegnastampa-totustuus.it\/cattolica\/wp-json\/wp\/v2\/posts\/5601","targetHints":{"allow":["GET"]}}],"collection":[{"href":"https:\/\/www.rassegnastampa-totustuus.it\/cattolica\/wp-json\/wp\/v2\/posts"}],"about":[{"href":"https:\/\/www.rassegnastampa-totustuus.it\/cattolica\/wp-json\/wp\/v2\/types\/post"}],"author":[{"embeddable":true,"href":"https:\/\/www.rassegnastampa-totustuus.it\/cattolica\/wp-json\/wp\/v2\/users\/6"}],"replies":[{"embeddable":true,"href":"https:\/\/www.rassegnastampa-totustuus.it\/cattolica\/wp-json\/wp\/v2\/comments?post=5601"}],"version-history":[{"count":3,"href":"https:\/\/www.rassegnastampa-totustuus.it\/cattolica\/wp-json\/wp\/v2\/posts\/5601\/revisions"}],"predecessor-version":[{"id":25434,"href":"https:\/\/www.rassegnastampa-totustuus.it\/cattolica\/wp-json\/wp\/v2\/posts\/5601\/revisions\/25434"}],"wp:featuredmedia":[{"embeddable":true,"href":"https:\/\/www.rassegnastampa-totustuus.it\/cattolica\/wp-json\/wp\/v2\/media\/25433"}],"wp:attachment":[{"href":"https:\/\/www.rassegnastampa-totustuus.it\/cattolica\/wp-json\/wp\/v2\/media?parent=5601"}],"wp:term":[{"taxonomy":"category","embeddable":true,"href":"https:\/\/www.rassegnastampa-totustuus.it\/cattolica\/wp-json\/wp\/v2\/categories?post=5601"},{"taxonomy":"post_tag","embeddable":true,"href":"https:\/\/www.rassegnastampa-totustuus.it\/cattolica\/wp-json\/wp\/v2\/tags?post=5601"}],"curies":[{"name":"wp","href":"https:\/\/api.w.org\/{rel}","templated":true}]}}