{"id":5584,"date":"2013-05-16T00:00:00","date_gmt":"2013-05-15T22:00:00","guid":{"rendered":""},"modified":"2018-08-21T12:09:57","modified_gmt":"2018-08-21T10:09:57","slug":"nicols-gmez-dvila-loscurantista-luminoso","status":"publish","type":"post","link":"https:\/\/www.rassegnastampa-totustuus.it\/cattolica\/nicols-gmez-dvila-loscurantista-luminoso\/","title":{"rendered":"Nicol&aacute;s G&oacute;mez D&aacute;vila, l&#8217;oscurantista luminoso che cesellava le parole"},"content":{"rendered":"<div style=\"text-align: center;\"><strong><a href=\"https:\/\/www.rassegnastampa-totustuus.it\/cattolica\/wp-content\/uploads\/2013\/05\/N_G\u00f3mez-D\u00e1vila.jpg\"><img loading=\"lazy\" decoding=\"async\" class=\"alignleft wp-image-25460\" src=\"https:\/\/www.rassegnastampa-totustuus.it\/cattolica\/wp-content\/uploads\/2013\/05\/N_G\u00f3mez-D\u00e1vila.jpg\" alt=\"N_G\u00f3mez D\u00e1vila\" width=\"250\" height=\"161\" \/><\/a>Il Giornale.it<\/strong> luned\u00ec 13 maggio 2013<\/div>\n<p style=\"text-align: justify;\"><em>A cento anni dalla nascita il grande scrittore colombiano resta un campione del pensiero antimoderno. Anche per eleganza e stile<br \/>\n<\/em><\/p>\n<p style=\"text-align: center;\"><strong>Marcello Veneziani <\/strong><\/p>\n<p><!--more--><\/p>\n<div style=\"text-align: justify;\">Chi pensa che il reazionario sia per definizione un individuo triste e ottuso, legga Nicol\u00e1s G\u00f3mez D\u00e1vila per ricredersi. La prima volta che lo sent\u00ec citare, nell&#8217;anno della sua morte, fu da un autore pi\u00f9 vecchio di lui, Ernst J\u00fcnger.<\/div>\n<p style=\"text-align: justify;\">La rivista <em>Cristianit\u00e0 <\/em>con Giovanni Cantoni ne aveva tradotto alcuni aforismi col titolo <em>Il vero reazionario<\/em>. Poi, nel 2000, in un convegno su Nietzsche a Palermo, me ne parl\u00f2 Franco Volpi che lo stava traducendo. Vedrai, \u00e8 nelle tue corde, mi disse, \u00e8 il Nietzsche colombiano, \u00e8 pi\u00f9 salubre di Cioran e meno nichilista. Pochi mesi dopo, nel 2001, usc\u00ec da Adelphi a sua cura In margine di un testo implicito e me ne innamorai nel corpo e nello spirito, ovvero nella forma &#8211; aforismi fulminanti &#8211; e nei contenuti, divina intelligenza antimoderna.<\/p>\n<p style=\"text-align: justify;\">L&#8217;ultima volta che parlai di lui con Volpi fu in volo dal Sudamerica, nel 2008, tornavamo da un convegno a Guadalajara. Era uscito da poco l&#8217;altro volume da lui curato, Tra poche parole, sempre da Adelphi e sempre scintillante. Intanto Anna k. Valerio aveva tradotto e pubblicato col titolo <em>Pensieri antimoderni<\/em> un&#8217;altra straordinaria silloge di G\u00f3mez D\u00e1vila. La pubblic\u00f2 le edizioni di Ar con una sfrontata dichiarazione di esproprio aristocratico anzich\u00e9 proletario: i diritti non erano stati acquisiti, abbiamo \u00abpredato le pietre dure che formano questa raccolta\u00bb.<\/p>\n<p style=\"text-align: justify;\">Ma questo Lapidario magico e terapeutico, aggiungeva l&#8217;Editore (Franco G. Freda), raccoglie \u00abpietre tanto preziose da non sopportarne il prezzo\u00bb. Abuso sublime, al cui confronto sfigura come perbenismo borghese lo snobismo raffinato di Roberto Calasso e delle edizioni Adelphi, incensato dai mass media. Il riferimento lapidario non \u00e8 arbitrario, lo stesso G\u00f3mez D\u00e1vila dice che l&#8217;aforisma deve avere \u00abla durezza della pietra e il tremolio delle foglie\u00bb. Quest&#8217;anno, il 18 maggio, G\u00f3mez D\u00e0vila avrebbe compiuto cento anni (il 18 maggio \u00e8 anche il decennale della morte di un suo affine, Alfredo Cattabiani).<\/p>\n<p style=\"text-align: justify;\">Ma per \u00abun angelo prigioniero nel tempo\u00bb, come diceva lui, il tempo \u00e8 solo un molesto inconveniente. G\u00f3mez D\u00e1vila non \u00e8 politicamente scorretto, ma di pi\u00f9, metafisicamente scorretto, con eleganza. Stronca la democrazia: \u00able aristocrazie sono i parti naturali della storia; le democrazie, gli aborti\u00bb; affonda la sinistra: \u00abcon le idee di destra facciamo poesia, con quelle di sinistra, retorica\u00bb; demolisce l&#8217;accademia: \u00abcultura \u00e8 tutto ci\u00f2 che non pu\u00f2 insegnare l&#8217;universit\u00e0\u00bb.<\/p>\n<p style=\"text-align: justify;\">\u00c8 duro con i filosofi di professione: \u00abMolti filosofi credono di pensare perch\u00e9 non sanno scrivere\u00bb; e con i giornalisti: \u00abil giornalista sceglie i propri argomenti, lo scrittore ne \u00e8 scelto\u00bb, anche se spesso vale il contrario, il giornalista segue la cronaca, lo scrittore la precede. Poi ironizza sui riformatori della Chiesa: \u00abGli stupidi un tempo attaccavano la Chiesa, ora la riformano\u00bb; sui giustizialisti \u00abterrore ed etica sono fratelli\u00bb e i filantropi: \u00abil culto dell&#8217;umanit\u00e0 si celebra con sacrifici umani\u00bb. Poi da luminoso oscurantista si fa beffe della scienza, \u00abil ponte tra la natura e l&#8217;uomo non \u00e8 la scienza ma il mito\u00bb.<\/p>\n<p style=\"text-align: justify;\">Non manca un riconoscimento cavalleresco: \u00abil comunista, prima che vada al potere, merita il massimo rispetto\u00bb. Ma poi avverte che l&#8217;amore per il popolo \u00e8 vocazione aristocratica; il democratico lo ama solo in periodo elettorale. Per G\u00f3mez D\u00e1vila, la libert\u00e0 non \u00e8 un fine ma un mezzo. Solitario e pessimista, anzi tragico con brio con un barlume soprannaturale negato a Cioran che si crogiola nella catastrofe con volutt\u00e0 d&#8217;apocalissi e narcisismo suicida (mai compiuto). I due, quasi coetanei, morirono a distanza di pochi mesi l&#8217;uno dall&#8217;altro.<\/p>\n<p style=\"text-align: justify;\">G\u00f3mez D\u00e1vila visse in giovent\u00f9 per sette anni a Parigi, ma a differenza di Cioran che ci and\u00f2 in et\u00e0 matura, non fece il boh\u00e9mienne o il d\u00e9racin\u00e9, ma studi\u00f2 dai benedettini; e questo fece la differenza tra i due. Ma poi a 23 anni torn\u00f2 in Colombia e vi rest\u00f2 fino alla sua morte, oltre gli 80 anni.<\/p>\n<p style=\"text-align: justify;\">Ebbe tre figli. Gli ultimi anni visse da certosino in alta montagna nei pressi di Bogot\u00e0, allontanandosi solo per andare dai francescani alla \u00abPorciuncola\u00bb. Rinunci\u00f2 alla carriera di ambasciatore, destinato a Londra, e pur vicino ai conservatori non volle mai scendere in politica. La sua opera principale, cinque tomi di appunti e aforismi, Escolios a un texto implicito, \u00e8 una &#8220;miniera straordinaria&#8221; da cui Volpi pensava di attingere ancora, ripetendo la fortunata operazione-spezzatino di Schopenhauer. Ma nel 2009 Volpi mor\u00ec in un incidente assurdo, in bicicletta.<\/p>\n<p style=\"text-align: justify;\">G\u00f3mez D\u00e1vila si definiva un pagano che credeva in Cristo, ma poi confessava che il cattolicesimo \u00e8 la sua patria. Fu scrittore perch\u00e9 scrivere era per lui \u00abl&#8217;unico modo di tenere le distanze dal secolo in cui ci \u00e8 toccato di nascere\u00bb. E in cui gli tocc\u00f2 di morire laddove nacque, a Bogot\u00e0, nel 1994. Lo scrittore, avvertiva, \u00e8 sempre un forestiero nella societ\u00e0.<\/p>\n<p style=\"text-align: justify;\">I suoi libri non ebbero un gran successo e non solo perch\u00e9 apparteneva a una cultura \u00abperiferica\u00bb, eccetto che per la narrativa. Il successo di un autore, spiegava, nulla dimostra di un libro, n\u00e9 in suo favore n\u00e9 contro; ma se abbiamo sentore della sua mediocrit\u00e0, aggiungeva, il successo \u00abconferma automaticamente i nostri sospetti\u00bb. Peraltro \u00abla celebrit\u00e0 trasforma lo scrittore in cocotte\u00bb.<\/p>\n<p style=\"text-align: justify;\">Gomez Davila dedic\u00f2 la vita a leggere e scrivere, la sua stessa casa rifletteva la sua vita perch\u00e9 al suo centro vi era la biblioteca di 40mila volumi. Quando mor\u00ec stava studiando il danese per leggere Soren Kierkegaard, nato giusto cent&#8217;anni prima di lui. Scelse come forma si scrittura l&#8217;aforisma \u00abper concludere prima di annoiare\u00bb, considerando che la letteratura sta morendo non di anoressia ma di bulimia, giacch\u00e9 tutti scrivono, e troppo.<\/p>\n<p style=\"text-align: justify;\">Nel suo sguardo disincantato \u00abI Vangeli e il Manifesto del partito comunista scoloriscono, il futuro del mondo appartiene alla Coca-Cola e alla pornografia\u00bb. Non ebbe la possibilit\u00e0 di conoscere il web. \u00c8 vano il tentativo di analizzare criticamente il pensiero di G\u00f3mez D\u00e1vila: dopo la sua lettura, dice Anna Valerio, occorre tapparsi le orecchie o venerare.<\/p>\n<p style=\"text-align: justify;\">Per lui essere reazionario vuol dire che l&#8217;uomo \u00e8 un problema senza soluzione umana. Il pensiero reazionario, ammetteva G\u00f3mez D\u00e1vila \u00ab\u00e8 impotente e lucido\u00bb, non cambia il mondo ma lo comprende fin dentro l&#8217;anima. Ma quando poi scrive che \u00abil reazionario non \u00e8 il sognatore nostalgico di passati conclusi, ma il cacciatore di ombre sacre sulle colline eterne\u00bb, ti vien voglia di seguirlo nel suo sendero luminoso&#8230;<\/p>\n<p>_________________<\/p>\n<p><strong>Leggi anche:<\/strong><\/p>\n<p><a href=\"https:\/\/www.rassegnastampa-totustuus.it\/cattolica\/?p=40855\" target=\"_blank\" rel=\"noopener\">Nicol\u00e0a G\u00f2mez D\u00e0vila<\/a><\/p>\n<p>&nbsp;<\/p>\n","protected":false},"excerpt":{"rendered":"<p>Il Giornale.it luned\u00ec 13 maggio 2013 A cento anni dalla nascita il grande scrittore colombiano resta un campione del pensiero antimoderno. Anche per eleganza e stile Marcello Veneziani<\/p><p><a class=\"more-link btn\" href=\"https:\/\/www.rassegnastampa-totustuus.it\/cattolica\/nicols-gmez-dvila-loscurantista-luminoso\/\">Continua a leggere<\/a><\/p>\n","protected":false},"author":6,"featured_media":25460,"comment_status":"closed","ping_status":"open","sticky":false,"template":"","format":"standard","meta":{"footnotes":""},"categories":[18],"tags":[2185],"class_list":["post-5584","post","type-post","status-publish","format-standard","has-post-thumbnail","hentry","category-personaggi","tag-nicolas-gomez-davila","item-wrap"],"yoast_head":"<!-- This site is optimized with the Yoast SEO plugin v27.4 - https:\/\/yoast.com\/product\/yoast-seo-wordpress\/ -->\n<title>Nicol&aacute;s G&oacute;mez D&aacute;vila, l&#039;oscurantista luminoso che cesellava le parole - Rassegna Stampa Cattolica<\/title>\n<meta name=\"description\" content=\"Rassegna Stampa Cattolica - Per una cultura che nasce dalla Rivelazione cristiana in conformit\u00e0 alla tradizione e al Magistero della Chiesa in opposizione ad ogni relativismo e totalitarismo\" \/>\n<meta name=\"robots\" content=\"index, follow, max-snippet:-1, max-image-preview:large, max-video-preview:-1\" \/>\n<link rel=\"canonical\" href=\"https:\/\/www.rassegnastampa-totustuus.it\/cattolica\/nicols-gmez-dvila-loscurantista-luminoso\/\" \/>\n<meta property=\"og:locale\" content=\"it_IT\" \/>\n<meta property=\"og:type\" content=\"article\" \/>\n<meta property=\"og:title\" content=\"Nicol&aacute;s G&oacute;mez D&aacute;vila, l&#039;oscurantista luminoso che cesellava le parole - Rassegna Stampa Cattolica\" \/>\n<meta property=\"og:description\" content=\"Rassegna Stampa Cattolica - Per una cultura che nasce dalla Rivelazione cristiana in conformit\u00e0 alla tradizione e al Magistero della Chiesa in opposizione ad ogni relativismo e totalitarismo\" \/>\n<meta property=\"og:url\" content=\"https:\/\/www.rassegnastampa-totustuus.it\/cattolica\/nicols-gmez-dvila-loscurantista-luminoso\/\" \/>\n<meta property=\"og:site_name\" content=\"Rassegna Stampa Cattolica\" \/>\n<meta property=\"article:publisher\" content=\"https:\/\/www.facebook.com\/rassegnastampacattolica\" \/>\n<meta property=\"article:published_time\" content=\"2013-05-15T22:00:00+00:00\" \/>\n<meta property=\"article:modified_time\" content=\"2018-08-21T10:09:57+00:00\" \/>\n<meta property=\"og:image\" content=\"https:\/\/www.rassegnastampa-totustuus.it\/cattolica\/wp-content\/uploads\/2013\/05\/N_G\u00f3mez-D\u00e1vila.jpg\" \/>\n\t<meta property=\"og:image:width\" content=\"280\" \/>\n\t<meta property=\"og:image:height\" content=\"180\" \/>\n\t<meta property=\"og:image:type\" content=\"image\/jpeg\" \/>\n<meta name=\"author\" content=\"Redazione\" \/>\n<meta name=\"twitter:card\" content=\"summary_large_image\" \/>\n<meta name=\"twitter:creator\" content=\"@rassegnastampa9\" \/>\n<meta name=\"twitter:site\" content=\"@rassegnastampa9\" \/>\n<meta name=\"twitter:label1\" content=\"Scritto da\" \/>\n\t<meta name=\"twitter:data1\" content=\"Redazione\" \/>\n\t<meta name=\"twitter:label2\" content=\"Tempo di lettura stimato\" \/>\n\t<meta name=\"twitter:data2\" content=\"5 minuti\" \/>\n<script type=\"application\/ld+json\" class=\"yoast-schema-graph\">{\"@context\":\"https:\\\/\\\/schema.org\",\"@graph\":[{\"@type\":\"Article\",\"@id\":\"https:\\\/\\\/www.rassegnastampa-totustuus.it\\\/cattolica\\\/nicols-gmez-dvila-loscurantista-luminoso\\\/#article\",\"isPartOf\":{\"@id\":\"https:\\\/\\\/www.rassegnastampa-totustuus.it\\\/cattolica\\\/nicols-gmez-dvila-loscurantista-luminoso\\\/\"},\"author\":{\"name\":\"Redazione\",\"@id\":\"https:\\\/\\\/www.rassegnastampa-totustuus.it\\\/cattolica\\\/#\\\/schema\\\/person\\\/08f319d2bd1a0904ad9e2bfb7b15e5c3\"},\"headline\":\"Nicol&aacute;s G&oacute;mez D&aacute;vila, l&#8217;oscurantista luminoso che cesellava le parole\",\"datePublished\":\"2013-05-15T22:00:00+00:00\",\"dateModified\":\"2018-08-21T10:09:57+00:00\",\"mainEntityOfPage\":{\"@id\":\"https:\\\/\\\/www.rassegnastampa-totustuus.it\\\/cattolica\\\/nicols-gmez-dvila-loscurantista-luminoso\\\/\"},\"wordCount\":1104,\"publisher\":{\"@id\":\"https:\\\/\\\/www.rassegnastampa-totustuus.it\\\/cattolica\\\/#organization\"},\"image\":{\"@id\":\"https:\\\/\\\/www.rassegnastampa-totustuus.it\\\/cattolica\\\/nicols-gmez-dvila-loscurantista-luminoso\\\/#primaryimage\"},\"thumbnailUrl\":\"https:\\\/\\\/www.rassegnastampa-totustuus.it\\\/cattolica\\\/wp-content\\\/uploads\\\/2013\\\/05\\\/N_G\u00f3mez-D\u00e1vila.jpg\",\"keywords\":[\"Nicol\u00e1s G\u00f3mez D\u00e1vila\"],\"articleSection\":[\"Personaggi\"],\"inLanguage\":\"it-IT\"},{\"@type\":\"WebPage\",\"@id\":\"https:\\\/\\\/www.rassegnastampa-totustuus.it\\\/cattolica\\\/nicols-gmez-dvila-loscurantista-luminoso\\\/\",\"url\":\"https:\\\/\\\/www.rassegnastampa-totustuus.it\\\/cattolica\\\/nicols-gmez-dvila-loscurantista-luminoso\\\/\",\"name\":\"Nicol&aacute;s G&oacute;mez D&aacute;vila, l'oscurantista luminoso che cesellava le parole - Rassegna Stampa Cattolica\",\"isPartOf\":{\"@id\":\"https:\\\/\\\/www.rassegnastampa-totustuus.it\\\/cattolica\\\/#website\"},\"primaryImageOfPage\":{\"@id\":\"https:\\\/\\\/www.rassegnastampa-totustuus.it\\\/cattolica\\\/nicols-gmez-dvila-loscurantista-luminoso\\\/#primaryimage\"},\"image\":{\"@id\":\"https:\\\/\\\/www.rassegnastampa-totustuus.it\\\/cattolica\\\/nicols-gmez-dvila-loscurantista-luminoso\\\/#primaryimage\"},\"thumbnailUrl\":\"https:\\\/\\\/www.rassegnastampa-totustuus.it\\\/cattolica\\\/wp-content\\\/uploads\\\/2013\\\/05\\\/N_G\u00f3mez-D\u00e1vila.jpg\",\"datePublished\":\"2013-05-15T22:00:00+00:00\",\"dateModified\":\"2018-08-21T10:09:57+00:00\",\"description\":\"Rassegna Stampa Cattolica - Per una cultura che nasce dalla Rivelazione cristiana in conformit\u00e0 alla tradizione e al Magistero della Chiesa in opposizione ad ogni relativismo e totalitarismo\",\"breadcrumb\":{\"@id\":\"https:\\\/\\\/www.rassegnastampa-totustuus.it\\\/cattolica\\\/nicols-gmez-dvila-loscurantista-luminoso\\\/#breadcrumb\"},\"inLanguage\":\"it-IT\",\"potentialAction\":[{\"@type\":\"ReadAction\",\"target\":[\"https:\\\/\\\/www.rassegnastampa-totustuus.it\\\/cattolica\\\/nicols-gmez-dvila-loscurantista-luminoso\\\/\"]}]},{\"@type\":\"ImageObject\",\"inLanguage\":\"it-IT\",\"@id\":\"https:\\\/\\\/www.rassegnastampa-totustuus.it\\\/cattolica\\\/nicols-gmez-dvila-loscurantista-luminoso\\\/#primaryimage\",\"url\":\"https:\\\/\\\/www.rassegnastampa-totustuus.it\\\/cattolica\\\/wp-content\\\/uploads\\\/2013\\\/05\\\/N_G\u00f3mez-D\u00e1vila.jpg\",\"contentUrl\":\"https:\\\/\\\/www.rassegnastampa-totustuus.it\\\/cattolica\\\/wp-content\\\/uploads\\\/2013\\\/05\\\/N_G\u00f3mez-D\u00e1vila.jpg\",\"width\":280,\"height\":180},{\"@type\":\"BreadcrumbList\",\"@id\":\"https:\\\/\\\/www.rassegnastampa-totustuus.it\\\/cattolica\\\/nicols-gmez-dvila-loscurantista-luminoso\\\/#breadcrumb\",\"itemListElement\":[{\"@type\":\"ListItem\",\"position\":1,\"name\":\"Home\",\"item\":\"https:\\\/\\\/www.rassegnastampa-totustuus.it\\\/cattolica\\\/\"},{\"@type\":\"ListItem\",\"position\":2,\"name\":\"Nicol&aacute;s G&oacute;mez D&aacute;vila, l&#8217;oscurantista luminoso che cesellava le parole\"}]},{\"@type\":\"WebSite\",\"@id\":\"https:\\\/\\\/www.rassegnastampa-totustuus.it\\\/cattolica\\\/#website\",\"url\":\"https:\\\/\\\/www.rassegnastampa-totustuus.it\\\/cattolica\\\/\",\"name\":\"Rassegna Stampa Cattolica\",\"description\":\"Per una cultura che nasce dalla Rivelazione cristiana in conformit\u00e0 alla tradizione e al Magistero della Chiesa in opposizione ad ogni relativismo e totalitarismo\",\"publisher\":{\"@id\":\"https:\\\/\\\/www.rassegnastampa-totustuus.it\\\/cattolica\\\/#organization\"},\"alternateName\":\"Rass. Cattolica\",\"potentialAction\":[{\"@type\":\"SearchAction\",\"target\":{\"@type\":\"EntryPoint\",\"urlTemplate\":\"https:\\\/\\\/www.rassegnastampa-totustuus.it\\\/cattolica\\\/?s={search_term_string}\"},\"query-input\":{\"@type\":\"PropertyValueSpecification\",\"valueRequired\":true,\"valueName\":\"search_term_string\"}}],\"inLanguage\":\"it-IT\"},{\"@type\":\"Organization\",\"@id\":\"https:\\\/\\\/www.rassegnastampa-totustuus.it\\\/cattolica\\\/#organization\",\"name\":\"Rassegna Stampa Cattolica\",\"url\":\"https:\\\/\\\/www.rassegnastampa-totustuus.it\\\/cattolica\\\/\",\"logo\":{\"@type\":\"ImageObject\",\"inLanguage\":\"it-IT\",\"@id\":\"https:\\\/\\\/www.rassegnastampa-totustuus.it\\\/cattolica\\\/#\\\/schema\\\/logo\\\/image\\\/\",\"url\":\"https:\\\/\\\/www.rassegnastampa-totustuus.it\\\/cattolica\\\/wp-content\\\/uploads\\\/2014\\\/04\\\/logo-rassegna1.gif\",\"contentUrl\":\"https:\\\/\\\/www.rassegnastampa-totustuus.it\\\/cattolica\\\/wp-content\\\/uploads\\\/2014\\\/04\\\/logo-rassegna1.gif\",\"width\":600,\"height\":163,\"caption\":\"Rassegna Stampa Cattolica\"},\"image\":{\"@id\":\"https:\\\/\\\/www.rassegnastampa-totustuus.it\\\/cattolica\\\/#\\\/schema\\\/logo\\\/image\\\/\"},\"sameAs\":[\"https:\\\/\\\/www.facebook.com\\\/rassegnastampacattolica\",\"https:\\\/\\\/x.com\\\/rassegnastampa9\"]},{\"@type\":\"Person\",\"@id\":\"https:\\\/\\\/www.rassegnastampa-totustuus.it\\\/cattolica\\\/#\\\/schema\\\/person\\\/08f319d2bd1a0904ad9e2bfb7b15e5c3\",\"name\":\"Redazione\",\"image\":{\"@type\":\"ImageObject\",\"inLanguage\":\"it-IT\",\"@id\":\"https:\\\/\\\/secure.gravatar.com\\\/avatar\\\/2fcdf27c78ea025fbdb44e914cc63c72249ffec9dc8aafd5c82b26240ef3f346?s=96&d=mm&r=g\",\"url\":\"https:\\\/\\\/secure.gravatar.com\\\/avatar\\\/2fcdf27c78ea025fbdb44e914cc63c72249ffec9dc8aafd5c82b26240ef3f346?s=96&d=mm&r=g\",\"contentUrl\":\"https:\\\/\\\/secure.gravatar.com\\\/avatar\\\/2fcdf27c78ea025fbdb44e914cc63c72249ffec9dc8aafd5c82b26240ef3f346?s=96&d=mm&r=g\",\"caption\":\"Redazione\"},\"url\":\"https:\\\/\\\/www.rassegnastampa-totustuus.it\\\/cattolica\\\/author\\\/pietroelle\\\/\"}]}<\/script>\n<!-- \/ Yoast SEO plugin. -->","yoast_head_json":{"title":"Nicol&aacute;s G&oacute;mez D&aacute;vila, l'oscurantista luminoso che cesellava le parole - Rassegna Stampa Cattolica","description":"Rassegna Stampa Cattolica - Per una cultura che nasce dalla Rivelazione cristiana in conformit\u00e0 alla tradizione e al Magistero della Chiesa in opposizione ad ogni relativismo e totalitarismo","robots":{"index":"index","follow":"follow","max-snippet":"max-snippet:-1","max-image-preview":"max-image-preview:large","max-video-preview":"max-video-preview:-1"},"canonical":"https:\/\/www.rassegnastampa-totustuus.it\/cattolica\/nicols-gmez-dvila-loscurantista-luminoso\/","og_locale":"it_IT","og_type":"article","og_title":"Nicol&aacute;s G&oacute;mez D&aacute;vila, l'oscurantista luminoso che cesellava le parole - Rassegna Stampa Cattolica","og_description":"Rassegna Stampa Cattolica - Per una cultura che nasce dalla Rivelazione cristiana in conformit\u00e0 alla tradizione e al Magistero della Chiesa in opposizione ad ogni relativismo e totalitarismo","og_url":"https:\/\/www.rassegnastampa-totustuus.it\/cattolica\/nicols-gmez-dvila-loscurantista-luminoso\/","og_site_name":"Rassegna Stampa Cattolica","article_publisher":"https:\/\/www.facebook.com\/rassegnastampacattolica","article_published_time":"2013-05-15T22:00:00+00:00","article_modified_time":"2018-08-21T10:09:57+00:00","og_image":[{"width":280,"height":180,"url":"https:\/\/www.rassegnastampa-totustuus.it\/cattolica\/wp-content\/uploads\/2013\/05\/N_G\u00f3mez-D\u00e1vila.jpg","type":"image\/jpeg"}],"author":"Redazione","twitter_card":"summary_large_image","twitter_creator":"@rassegnastampa9","twitter_site":"@rassegnastampa9","twitter_misc":{"Scritto da":"Redazione","Tempo di lettura stimato":"5 minuti"},"schema":{"@context":"https:\/\/schema.org","@graph":[{"@type":"Article","@id":"https:\/\/www.rassegnastampa-totustuus.it\/cattolica\/nicols-gmez-dvila-loscurantista-luminoso\/#article","isPartOf":{"@id":"https:\/\/www.rassegnastampa-totustuus.it\/cattolica\/nicols-gmez-dvila-loscurantista-luminoso\/"},"author":{"name":"Redazione","@id":"https:\/\/www.rassegnastampa-totustuus.it\/cattolica\/#\/schema\/person\/08f319d2bd1a0904ad9e2bfb7b15e5c3"},"headline":"Nicol&aacute;s G&oacute;mez D&aacute;vila, l&#8217;oscurantista luminoso che cesellava le parole","datePublished":"2013-05-15T22:00:00+00:00","dateModified":"2018-08-21T10:09:57+00:00","mainEntityOfPage":{"@id":"https:\/\/www.rassegnastampa-totustuus.it\/cattolica\/nicols-gmez-dvila-loscurantista-luminoso\/"},"wordCount":1104,"publisher":{"@id":"https:\/\/www.rassegnastampa-totustuus.it\/cattolica\/#organization"},"image":{"@id":"https:\/\/www.rassegnastampa-totustuus.it\/cattolica\/nicols-gmez-dvila-loscurantista-luminoso\/#primaryimage"},"thumbnailUrl":"https:\/\/www.rassegnastampa-totustuus.it\/cattolica\/wp-content\/uploads\/2013\/05\/N_G\u00f3mez-D\u00e1vila.jpg","keywords":["Nicol\u00e1s G\u00f3mez D\u00e1vila"],"articleSection":["Personaggi"],"inLanguage":"it-IT"},{"@type":"WebPage","@id":"https:\/\/www.rassegnastampa-totustuus.it\/cattolica\/nicols-gmez-dvila-loscurantista-luminoso\/","url":"https:\/\/www.rassegnastampa-totustuus.it\/cattolica\/nicols-gmez-dvila-loscurantista-luminoso\/","name":"Nicol&aacute;s G&oacute;mez D&aacute;vila, l'oscurantista luminoso che cesellava le parole - Rassegna Stampa Cattolica","isPartOf":{"@id":"https:\/\/www.rassegnastampa-totustuus.it\/cattolica\/#website"},"primaryImageOfPage":{"@id":"https:\/\/www.rassegnastampa-totustuus.it\/cattolica\/nicols-gmez-dvila-loscurantista-luminoso\/#primaryimage"},"image":{"@id":"https:\/\/www.rassegnastampa-totustuus.it\/cattolica\/nicols-gmez-dvila-loscurantista-luminoso\/#primaryimage"},"thumbnailUrl":"https:\/\/www.rassegnastampa-totustuus.it\/cattolica\/wp-content\/uploads\/2013\/05\/N_G\u00f3mez-D\u00e1vila.jpg","datePublished":"2013-05-15T22:00:00+00:00","dateModified":"2018-08-21T10:09:57+00:00","description":"Rassegna Stampa Cattolica - Per una cultura che nasce dalla Rivelazione cristiana in conformit\u00e0 alla tradizione e al Magistero della Chiesa in opposizione ad ogni relativismo e totalitarismo","breadcrumb":{"@id":"https:\/\/www.rassegnastampa-totustuus.it\/cattolica\/nicols-gmez-dvila-loscurantista-luminoso\/#breadcrumb"},"inLanguage":"it-IT","potentialAction":[{"@type":"ReadAction","target":["https:\/\/www.rassegnastampa-totustuus.it\/cattolica\/nicols-gmez-dvila-loscurantista-luminoso\/"]}]},{"@type":"ImageObject","inLanguage":"it-IT","@id":"https:\/\/www.rassegnastampa-totustuus.it\/cattolica\/nicols-gmez-dvila-loscurantista-luminoso\/#primaryimage","url":"https:\/\/www.rassegnastampa-totustuus.it\/cattolica\/wp-content\/uploads\/2013\/05\/N_G\u00f3mez-D\u00e1vila.jpg","contentUrl":"https:\/\/www.rassegnastampa-totustuus.it\/cattolica\/wp-content\/uploads\/2013\/05\/N_G\u00f3mez-D\u00e1vila.jpg","width":280,"height":180},{"@type":"BreadcrumbList","@id":"https:\/\/www.rassegnastampa-totustuus.it\/cattolica\/nicols-gmez-dvila-loscurantista-luminoso\/#breadcrumb","itemListElement":[{"@type":"ListItem","position":1,"name":"Home","item":"https:\/\/www.rassegnastampa-totustuus.it\/cattolica\/"},{"@type":"ListItem","position":2,"name":"Nicol&aacute;s G&oacute;mez D&aacute;vila, l&#8217;oscurantista luminoso che cesellava le parole"}]},{"@type":"WebSite","@id":"https:\/\/www.rassegnastampa-totustuus.it\/cattolica\/#website","url":"https:\/\/www.rassegnastampa-totustuus.it\/cattolica\/","name":"Rassegna Stampa Cattolica","description":"Per una cultura che nasce dalla Rivelazione cristiana in conformit\u00e0 alla tradizione e al Magistero della Chiesa in opposizione ad ogni relativismo e totalitarismo","publisher":{"@id":"https:\/\/www.rassegnastampa-totustuus.it\/cattolica\/#organization"},"alternateName":"Rass. Cattolica","potentialAction":[{"@type":"SearchAction","target":{"@type":"EntryPoint","urlTemplate":"https:\/\/www.rassegnastampa-totustuus.it\/cattolica\/?s={search_term_string}"},"query-input":{"@type":"PropertyValueSpecification","valueRequired":true,"valueName":"search_term_string"}}],"inLanguage":"it-IT"},{"@type":"Organization","@id":"https:\/\/www.rassegnastampa-totustuus.it\/cattolica\/#organization","name":"Rassegna Stampa Cattolica","url":"https:\/\/www.rassegnastampa-totustuus.it\/cattolica\/","logo":{"@type":"ImageObject","inLanguage":"it-IT","@id":"https:\/\/www.rassegnastampa-totustuus.it\/cattolica\/#\/schema\/logo\/image\/","url":"https:\/\/www.rassegnastampa-totustuus.it\/cattolica\/wp-content\/uploads\/2014\/04\/logo-rassegna1.gif","contentUrl":"https:\/\/www.rassegnastampa-totustuus.it\/cattolica\/wp-content\/uploads\/2014\/04\/logo-rassegna1.gif","width":600,"height":163,"caption":"Rassegna Stampa Cattolica"},"image":{"@id":"https:\/\/www.rassegnastampa-totustuus.it\/cattolica\/#\/schema\/logo\/image\/"},"sameAs":["https:\/\/www.facebook.com\/rassegnastampacattolica","https:\/\/x.com\/rassegnastampa9"]},{"@type":"Person","@id":"https:\/\/www.rassegnastampa-totustuus.it\/cattolica\/#\/schema\/person\/08f319d2bd1a0904ad9e2bfb7b15e5c3","name":"Redazione","image":{"@type":"ImageObject","inLanguage":"it-IT","@id":"https:\/\/secure.gravatar.com\/avatar\/2fcdf27c78ea025fbdb44e914cc63c72249ffec9dc8aafd5c82b26240ef3f346?s=96&d=mm&r=g","url":"https:\/\/secure.gravatar.com\/avatar\/2fcdf27c78ea025fbdb44e914cc63c72249ffec9dc8aafd5c82b26240ef3f346?s=96&d=mm&r=g","contentUrl":"https:\/\/secure.gravatar.com\/avatar\/2fcdf27c78ea025fbdb44e914cc63c72249ffec9dc8aafd5c82b26240ef3f346?s=96&d=mm&r=g","caption":"Redazione"},"url":"https:\/\/www.rassegnastampa-totustuus.it\/cattolica\/author\/pietroelle\/"}]}},"_links":{"self":[{"href":"https:\/\/www.rassegnastampa-totustuus.it\/cattolica\/wp-json\/wp\/v2\/posts\/5584","targetHints":{"allow":["GET"]}}],"collection":[{"href":"https:\/\/www.rassegnastampa-totustuus.it\/cattolica\/wp-json\/wp\/v2\/posts"}],"about":[{"href":"https:\/\/www.rassegnastampa-totustuus.it\/cattolica\/wp-json\/wp\/v2\/types\/post"}],"author":[{"embeddable":true,"href":"https:\/\/www.rassegnastampa-totustuus.it\/cattolica\/wp-json\/wp\/v2\/users\/6"}],"replies":[{"embeddable":true,"href":"https:\/\/www.rassegnastampa-totustuus.it\/cattolica\/wp-json\/wp\/v2\/comments?post=5584"}],"version-history":[{"count":6,"href":"https:\/\/www.rassegnastampa-totustuus.it\/cattolica\/wp-json\/wp\/v2\/posts\/5584\/revisions"}],"predecessor-version":[{"id":40858,"href":"https:\/\/www.rassegnastampa-totustuus.it\/cattolica\/wp-json\/wp\/v2\/posts\/5584\/revisions\/40858"}],"wp:featuredmedia":[{"embeddable":true,"href":"https:\/\/www.rassegnastampa-totustuus.it\/cattolica\/wp-json\/wp\/v2\/media\/25460"}],"wp:attachment":[{"href":"https:\/\/www.rassegnastampa-totustuus.it\/cattolica\/wp-json\/wp\/v2\/media?parent=5584"}],"wp:term":[{"taxonomy":"category","embeddable":true,"href":"https:\/\/www.rassegnastampa-totustuus.it\/cattolica\/wp-json\/wp\/v2\/categories?post=5584"},{"taxonomy":"post_tag","embeddable":true,"href":"https:\/\/www.rassegnastampa-totustuus.it\/cattolica\/wp-json\/wp\/v2\/tags?post=5584"}],"curies":[{"name":"wp","href":"https:\/\/api.w.org\/{rel}","templated":true}]}}