{"id":55825,"date":"2023-03-23T00:00:49","date_gmt":"2023-03-22T23:00:49","guid":{"rendered":"http:\/\/www.rassegnastampa-totustuus.it\/cattolica\/?p=55825"},"modified":"2024-01-10T15:02:35","modified_gmt":"2024-01-10T14:02:35","slug":"otto-fatti-riguardanti-la-russia-e-la-guerra-in-ucraina","status":"publish","type":"post","link":"https:\/\/www.rassegnastampa-totustuus.it\/cattolica\/otto-fatti-riguardanti-la-russia-e-la-guerra-in-ucraina\/","title":{"rendered":"Otto fatti riguardanti la Russia e la guerra in Ucraina"},"content":{"rendered":"<p style=\"text-align: center;\"><span style=\"color: #000000;\"><strong><img loading=\"lazy\" decoding=\"async\" class=\" wp-image-53563 alignleft\" src=\"https:\/\/www.rassegnastampa-totustuus.it\/cattolica\/wp-content\/uploads\/2022\/02\/Russia_Ucraina.jpg\" alt=\"\" width=\"250\" height=\"271\" \/><a href=\"https:\/\/atfp.it\/\" target=\"_blank\" rel=\"noopener\"><span style=\"color: #0000ff;\">Tradizione Famiglia Propriet\u00e0 <\/span><\/a><\/strong><\/span><\/p>\n<p style=\"text-align: center;\"><span style=\"color: #000000;\">13 marzo 2013<\/span><\/p>\n<p style=\"text-align: center;\"><span style=\"color: #000000;\">di<strong> John Horvat <\/strong><\/span><\/p>\n<p style=\"text-align: justify;\"><span style=\"color: #000000;\">Indipendentemente da come si guardi alla guerra in Ucraina, alcuni fatti contraddicono l&#8217;attuale narrazione mediatica di una lotta tra il globalismo liberale e un regime teocratico. Alcuni di questi fatti sono emersi in modo evidente nel discorso del Presidente Putin all&#8217;Assemblea della Federazione Russa per il primo anniversario della guerra e sul futuro della nazione. Altri possono essere dedotti dalle notizie.<\/span><\/p>\n<p><span style=\"color: #000000;\"><!--more--><\/span><\/p>\n<p style=\"text-align: justify;\"><span style=\"color: #000000;\"><strong>Questi fatti sono:<\/strong><\/span><\/p>\n<p style=\"text-align: justify;\"><span style=\"color: #000000;\"><strong>1.<\/strong> Il piano di Putin segue la <em>&#8220;quarta teoria politica&#8221;<\/em> di Alexander Dugin contro il globalismo. Secondo questa teoria, i diversi popoli creano civilt\u00e0, formando grandi <img loading=\"lazy\" decoding=\"async\" class=\"size-full wp-image-52635 alignright\" src=\"https:\/\/www.rassegnastampa-totustuus.it\/cattolica\/wp-content\/uploads\/2021\/10\/Vladimir_Putin_Russia.jpg\" alt=\"\" width=\"276\" height=\"182\" \/>spazi e blocchi di civilt\u00e0. L&#8217;ideologo russo ritiene che gli Stati nazionali pi\u00f9 piccoli godano di una parvenza di sovranit\u00e0 sotto l&#8217;ombrello di &#8220;centri di civilt\u00e0 politicamente organizzati e militarmente capaci che rappresentano i poli di un mondo multipolare&#8221; [il che si traduce, nel caso specifico, cos\u00ec: L\u2019Ucraina non ha il diritto di essere una nazione libera, indipendente e sovrana].<\/span><\/p>\n<p style=\"text-align: justify;\"><span style=\"color: #000000;\"><strong>2.<\/strong> La guerra in Ucraina cerca di costringere la riluttante nazione ucraina sotto questo ombrello. Il conflitto ha innescato rotture politiche ed economiche irrevocabili con il mondo globalizzato che facilitano la formazione di un mondo multipolare.<\/span><\/p>\n<p style=\"text-align: justify;\"><span style=\"color: #000000;\"><strong>3.<\/strong> Fino al 2022, la Russia faceva parte a pieno titolo della societ\u00e0 globalista che <img loading=\"lazy\" decoding=\"async\" class=\"size-full wp-image-28836 alignleft\" src=\"https:\/\/www.rassegnastampa-totustuus.it\/cattolica\/wp-content\/uploads\/2005\/07\/McDonald_Russia.jpg\" alt=\"\" width=\"269\" height=\"187\" \/>ora dice di odiare. La sua economia era completamente integrata nella rete globale. I suoi prodotti, in particolare il petrolio, il gas naturale e il grano, venivano venduti in dollari sui mercati mondiali delle materie prime. Prima del brusco cambiamento degli eventi, le sue citt\u00e0 accoglievano i rivenditori delle multinazionali che giravano tutto il suo vasto territorio. Un&#8217;ondata di sanzioni dopo l&#8217;altra testimonia l&#8217;enorme portata di questa integrazione e la difficolt\u00e0 di farne a meno.<\/span><\/p>\n<p style=\"text-align: justify;\"><span style=\"color: #000000;\"><strong>4.<\/strong><img loading=\"lazy\" decoding=\"async\" class=\" wp-image-52924 alignright\" src=\"https:\/\/www.rassegnastampa-totustuus.it\/cattolica\/wp-content\/uploads\/2021\/11\/chiesa_ortodossa_russia.jpg\" alt=\"\" width=\"297\" height=\"196\" \/> Purtroppo, anche la Russia partecipa alla decadenza morale del mondo moderno e il suo stato di decadenza \u00e8 paragonabile a quello dei Paesi occidentali. La nazione soffre del pi\u00f9 alto tasso di aborto al mondo, di un basso tasso di natalit\u00e0, di una scarsa frequentazione delle chiese e di un declino del matrimonio. Contrariamente a quanto riportato dai media, che parlano di teocrazia in Russia, il Presidente Putin non ha alcuna obiezione alla presenza di persone LGBTQ+ (tranne che fra i bambini). Nel suo discorso del 21 febbraio, ha detto specificamente: &#8220;Le persone adulte possono fare ci\u00f2 che vogliono. Noi in Russia l&#8217;abbiamo sempre vista cos\u00ec e sempre la vedremo: nessuno si intromette nella vita privata degli altri e nemmeno noi lo faremo&#8221;.<\/span><\/p>\n<p style=\"text-align: justify;\"><span style=\"color: #000000;\"><strong>5.<\/strong> Sia la Russia che l&#8217;Occidente sono il frutto della Modernit\u00e0 rivoluzionaria. I due sistemi condividono radici filosofiche che risalgono alla Rivoluzione francese. Nel processo di decadenza, l&#8217;Occidente ha adottato il modello liberale morbido. La Russia, invece, segue ora il modello nazionalista nietzschiano, fortemente influenzato da pensatori tedeschi come Martin Heidegger. Entrambe le parti sono anche influenzate dagli effetti nocivi dei pensatori esistenzialisti e postmoderni.<\/span><\/p>\n<p style=\"text-align: justify;\"><span style=\"color: #000000;\"><strong>6.<\/strong> Entrambi i sistemi ripongono grande fiducia nel potere dello Stato. Gli <img loading=\"lazy\" decoding=\"async\" class=\" wp-image-55826 alignleft\" src=\"https:\/\/www.rassegnastampa-totustuus.it\/cattolica\/wp-content\/uploads\/2023\/03\/Stato_Leviatano.jpg\" alt=\"\" width=\"294\" height=\"233\" \/>establishment politici occidentali promuovono da molto tempo programmi, regolamenti e reti di controllo di massa. Il discorso di Putin ha delineato in primo luogo una montagna di programmi e iniziative governative che costano trilioni di rubli per rispondere alle esigenze dei cittadini in una societ\u00e0 guidata e controllata dallo Stato.<\/span><\/p>\n<p style=\"text-align: justify;\"><span style=\"color: #000000;\"><strong>7.<\/strong> Fedeli alle loro origini moderne, entrambi i sistemi si esprimono in modo secolarista. Il liberalismo, per sua natura, ha sempre sostenuto (falsamente) di essere neutrale in materia di religione. Tuttavia, il discorso principale di quasi quaranta pagine di Putin sorprendentemente non menziona il Dio cristiano e non affronta alcun tema religioso, come ci si potrebbe aspettare in questi tempi di prova.<\/span><\/p>\n<p style=\"text-align: justify;\"><span style=\"color: #000000;\"><img loading=\"lazy\" decoding=\"async\" class=\" wp-image-50982 alignright\" src=\"https:\/\/www.rassegnastampa-totustuus.it\/cattolica\/wp-content\/uploads\/2021\/05\/America_disordini_Usa-300x188.jpeg\" alt=\"\" width=\"326\" height=\"204\" srcset=\"https:\/\/www.rassegnastampa-totustuus.it\/cattolica\/wp-content\/uploads\/2021\/05\/America_disordini_Usa-300x188.jpeg 300w, https:\/\/www.rassegnastampa-totustuus.it\/cattolica\/wp-content\/uploads\/2021\/05\/America_disordini_Usa-768x480.jpeg 768w, https:\/\/www.rassegnastampa-totustuus.it\/cattolica\/wp-content\/uploads\/2021\/05\/America_disordini_Usa-1024x640.jpeg 1024w, https:\/\/www.rassegnastampa-totustuus.it\/cattolica\/wp-content\/uploads\/2021\/05\/America_disordini_Usa.jpeg 1280w\" sizes=\"auto, (max-width: 326px) 100vw, 326px\" \/>I sette fatti illustrano che la rappresentazione dei media \u00e8 distorta. La vera lotta non \u00e8 tra un mondo globalizzato decadente e ultraliberale e un Oriente teocratico e autocratico. Il conflitto coinvolge un intero mondo che \u00e8 moralmente marcio, filosoficamente difettoso, finanziariamente compromesso e politicamente disordinato. Entrambi i sistemi rappresentano due facce della stessa svalutata moneta della modernit\u00e0.<\/span><\/p>\n<p style=\"text-align: justify;\"><span style=\"color: #000000;\">Da una parte ci sono coloro che difendono l&#8217;ordine del dopoguerra (con tutti i suoi errori). Dall&#8217;altra parte c&#8217;\u00e8 l&#8217;asse Russia-Cina-Iran che vuole rompere quell&#8217;ordine e stabilire il suo enigmatico mondo multipolare antioccidentale.<\/span><\/p>\n<p style=\"text-align: justify;\"><span style=\"color: #000000;\"><img loading=\"lazy\" decoding=\"async\" class=\" wp-image-54007 alignleft\" src=\"https:\/\/www.rassegnastampa-totustuus.it\/cattolica\/wp-content\/uploads\/2022\/05\/Zelensky_Ucraina.jpg\" alt=\"\" width=\"286\" height=\"214\" \/>L&#8217;Ucraina \u00e8 il palcoscenico involontario di questo dramma per distruggere l&#8217;ordinamento postbellico e innescare la fase successiva e peggiore di un processo rivoluzionario votato alla distruzione di ci\u00f2 che resta dell&#8217;Occidente cristiano. Bisogna aggiungere che l&#8217;invasione ucraina non \u00e8 andata secondo i piani del governo moscovita e che l&#8217;inaspettata difesa ucraina della propria sovranit\u00e0 ha sconvolto la narrazione.<\/span><\/p>\n<p style=\"text-align: justify;\"><span style=\"color: #000000;\">Ci\u00f2 d\u00e0 origine a un ottavo fatto, che deve essere attentamente considerato per valutare le due cause.<\/span><\/p>\n<p style=\"text-align: justify;\"><span style=\"color: #000000;\"><strong>8.<\/strong> L&#8217;umanit\u00e0 non ha ascoltato il Messaggio di Fatima. Nel 1917, a Fatima, in Portogallo, la Madonna avvert\u00ec il mondo della necessit\u00e0 della preghiera, in particolare del rosario, della penitenza e della modifica della vita per sfuggire al castigo divino. Se la Russia fosse stata consacrata a Lei, la Madonna promise che si sarebbe convertita alla fede.<\/span><\/p>\n<p style=\"text-align: justify;\"><span style=\"color: #000000;\"><img loading=\"lazy\" decoding=\"async\" class=\"wp-image-36735 alignright\" src=\"https:\/\/www.rassegnastampa-totustuus.it\/cattolica\/wp-content\/uploads\/2016\/11\/Fatima.jpg\" alt=\"\" width=\"296\" height=\"222\" \/>Pertanto, chi cerca soluzioni politiche all&#8217;interno dei due quadri della modernit\u00e0 secolarizzata potr\u00e0 rimanere molto deluso. La riforma fondamentale necessaria \u00e8 quella morale e la soluzione definitiva sar\u00e0 quella soprannaturale. Tuttavia, la stragrande maggioranza della gente si rifiuta di considerare il soprannaturale o la morale.<\/span><\/p>\n<p style=\"text-align: justify;\"><span style=\"color: #000000;\">Invece, la soluzione ai problemi del mondo deve passare attraverso le richieste della Madonna a Fatima. Mentre l&#8217;Occidente ha ignorato l&#8217;appello perseverando nella sua decadenza, esistono ancora piccole sacche di cattolici devoti in Occidente e in Ucraina che prendono sul serio Fatima. Tuttavia, la Russia (e i suoi alleati Cina e Iran) negano Fatima, il rosario e persino la necessit\u00e0 di questa conversione.<\/span><\/p>\n<p style=\"text-align: justify;\"><span style=\"color: #000000;\">A questo punto, il risultato della guerra non \u00e8 chiaro. Molto potr\u00e0 accadere se le sofferenze che produce cambieranno il cuore degli individui portandoli verso Dio. Il piano della Madonna \u00e8 superiore a quello degli uomini. La vittoria arriver\u00e0 a coloro che obbediranno alla sua richiesta celeste, non ai disegni imperfetti degli uomini.<\/span><\/p>\n<p>_________________________________________<\/p>\n<p><strong>Sulla guerra russo-ucraina si legga anche:<\/strong><\/p>\n<p><a href=\"https:\/\/www.rassegnastampa-totustuus.it\/cattolica\/russia-e-ucraina-quando-il-sogno-imperiale-e-il-nazionalismo-si-scontrano\/\" target=\"_blank\" rel=\"noopener\"><span style=\"color: #0000ff;\">Russia e Ucraina. Quando il sogno imperiale e il nazionalismo si scontrano<\/span><\/a><\/p>\n<p><a href=\"https:\/\/www.rassegnastampa-totustuus.it\/cattolica\/linvasione-russa-in-ucraina-e-i-conti-che-lamerica-deve-fare-con-se-stessa\/\" target=\"_blank\" rel=\"noopener\"><span style=\"color: #0000ff;\">L\u2019invasione russa in Ucraina e i conti che l\u2019America deve fare con se stessa\u00a0<\/span><\/a><\/p>\n","protected":false},"excerpt":{"rendered":"<p>Tradizione Famiglia Propriet\u00e0 13 marzo 2013 di John Horvat Indipendentemente da come si guardi alla guerra in Ucraina, alcuni fatti contraddicono l&#8217;attuale narrazione mediatica di una lotta tra il globalismo liberale e un regime teocratico. Alcuni di questi fatti sono emersi in modo evidente nel discorso del Presidente Putin all&#8217;Assemblea della Federazione Russa per il &hellip; <\/p>\n<p><a class=\"more-link btn\" href=\"https:\/\/www.rassegnastampa-totustuus.it\/cattolica\/otto-fatti-riguardanti-la-russia-e-la-guerra-in-ucraina\/\">Continua a leggere<\/a><\/p>\n","protected":false},"author":6,"featured_media":53563,"comment_status":"closed","ping_status":"closed","sticky":false,"template":"","format":"standard","meta":{"footnotes":""},"categories":[19,116],"tags":[2837,148,2409,147,1540],"class_list":["post-55825","post","type-post","status-publish","format-standard","has-post-thumbnail","hentry","category-politica-internazionale","category-russia","tag-crisi-delloccidente","tag-politica-internazionale-2","tag-russia","tag-ucraina","tag-vladimir-putin","item-wrap"],"yoast_head":"<!-- This site is optimized with the Yoast SEO plugin v27.5 - https:\/\/yoast.com\/product\/yoast-seo-wordpress\/ -->\n<title>Otto fatti riguardanti la Russia e la guerra in Ucraina - Rassegna Stampa Cattolica<\/title>\n<meta name=\"description\" content=\"Otto fatti riguardanti la Russia e la guerra in Ucraina. I fatti contraddicono la narrazione di una lotta al globalismo di Putin\" \/>\n<meta name=\"robots\" content=\"index, follow, max-snippet:-1, max-image-preview:large, max-video-preview:-1\" \/>\n<link rel=\"canonical\" href=\"https:\/\/www.rassegnastampa-totustuus.it\/cattolica\/otto-fatti-riguardanti-la-russia-e-la-guerra-in-ucraina\/\" \/>\n<meta property=\"og:locale\" content=\"it_IT\" \/>\n<meta property=\"og:type\" content=\"article\" \/>\n<meta property=\"og:title\" content=\"Otto fatti riguardanti la Russia e la guerra in Ucraina - Rassegna Stampa Cattolica\" \/>\n<meta property=\"og:description\" content=\"Otto fatti riguardanti la Russia e la guerra in Ucraina. I fatti contraddicono la narrazione di una lotta al globalismo di Putin\" \/>\n<meta property=\"og:url\" content=\"https:\/\/www.rassegnastampa-totustuus.it\/cattolica\/otto-fatti-riguardanti-la-russia-e-la-guerra-in-ucraina\/\" \/>\n<meta property=\"og:site_name\" content=\"Rassegna Stampa Cattolica\" \/>\n<meta property=\"article:publisher\" content=\"https:\/\/www.facebook.com\/rassegnastampacattolica\" \/>\n<meta property=\"article:published_time\" content=\"2023-03-22T23:00:49+00:00\" \/>\n<meta property=\"article:modified_time\" content=\"2024-01-10T14:02:35+00:00\" \/>\n<meta property=\"og:image\" content=\"https:\/\/www.rassegnastampa-totustuus.it\/cattolica\/wp-content\/uploads\/2022\/02\/Russia_Ucraina.jpg\" \/>\n\t<meta property=\"og:image:width\" content=\"166\" \/>\n\t<meta property=\"og:image:height\" content=\"180\" \/>\n\t<meta property=\"og:image:type\" content=\"image\/jpeg\" \/>\n<meta name=\"author\" content=\"Redazione\" \/>\n<meta name=\"twitter:card\" content=\"summary_large_image\" \/>\n<meta name=\"twitter:creator\" content=\"@rassegnastampa9\" \/>\n<meta name=\"twitter:site\" content=\"@rassegnastampa9\" \/>\n<meta name=\"twitter:label1\" content=\"Scritto da\" \/>\n\t<meta name=\"twitter:data1\" content=\"Redazione\" \/>\n\t<meta name=\"twitter:label2\" content=\"Tempo di lettura stimato\" \/>\n\t<meta name=\"twitter:data2\" content=\"8 minuti\" \/>\n<script type=\"application\/ld+json\" class=\"yoast-schema-graph\">{\"@context\":\"https:\\\/\\\/schema.org\",\"@graph\":[{\"@type\":\"Article\",\"@id\":\"https:\\\/\\\/www.rassegnastampa-totustuus.it\\\/cattolica\\\/otto-fatti-riguardanti-la-russia-e-la-guerra-in-ucraina\\\/#article\",\"isPartOf\":{\"@id\":\"https:\\\/\\\/www.rassegnastampa-totustuus.it\\\/cattolica\\\/otto-fatti-riguardanti-la-russia-e-la-guerra-in-ucraina\\\/\"},\"author\":{\"name\":\"Redazione\",\"@id\":\"https:\\\/\\\/www.rassegnastampa-totustuus.it\\\/cattolica\\\/#\\\/schema\\\/person\\\/08f319d2bd1a0904ad9e2bfb7b15e5c3\"},\"headline\":\"Otto fatti riguardanti la Russia e la guerra in Ucraina\",\"datePublished\":\"2023-03-22T23:00:49+00:00\",\"dateModified\":\"2024-01-10T14:02:35+00:00\",\"mainEntityOfPage\":{\"@id\":\"https:\\\/\\\/www.rassegnastampa-totustuus.it\\\/cattolica\\\/otto-fatti-riguardanti-la-russia-e-la-guerra-in-ucraina\\\/\"},\"wordCount\":1028,\"publisher\":{\"@id\":\"https:\\\/\\\/www.rassegnastampa-totustuus.it\\\/cattolica\\\/#organization\"},\"image\":{\"@id\":\"https:\\\/\\\/www.rassegnastampa-totustuus.it\\\/cattolica\\\/otto-fatti-riguardanti-la-russia-e-la-guerra-in-ucraina\\\/#primaryimage\"},\"thumbnailUrl\":\"https:\\\/\\\/www.rassegnastampa-totustuus.it\\\/cattolica\\\/wp-content\\\/uploads\\\/2022\\\/02\\\/Russia_Ucraina.jpg\",\"keywords\":[\"crisi dell&#039;Occidente\",\"politica internazionale\",\"Russia\",\"Ucraina\",\"Vladimir Putin\"],\"articleSection\":[\"Politica internazionale\",\"Russia\"],\"inLanguage\":\"it-IT\"},{\"@type\":\"WebPage\",\"@id\":\"https:\\\/\\\/www.rassegnastampa-totustuus.it\\\/cattolica\\\/otto-fatti-riguardanti-la-russia-e-la-guerra-in-ucraina\\\/\",\"url\":\"https:\\\/\\\/www.rassegnastampa-totustuus.it\\\/cattolica\\\/otto-fatti-riguardanti-la-russia-e-la-guerra-in-ucraina\\\/\",\"name\":\"Otto fatti riguardanti la Russia e la guerra in Ucraina - Rassegna Stampa Cattolica\",\"isPartOf\":{\"@id\":\"https:\\\/\\\/www.rassegnastampa-totustuus.it\\\/cattolica\\\/#website\"},\"primaryImageOfPage\":{\"@id\":\"https:\\\/\\\/www.rassegnastampa-totustuus.it\\\/cattolica\\\/otto-fatti-riguardanti-la-russia-e-la-guerra-in-ucraina\\\/#primaryimage\"},\"image\":{\"@id\":\"https:\\\/\\\/www.rassegnastampa-totustuus.it\\\/cattolica\\\/otto-fatti-riguardanti-la-russia-e-la-guerra-in-ucraina\\\/#primaryimage\"},\"thumbnailUrl\":\"https:\\\/\\\/www.rassegnastampa-totustuus.it\\\/cattolica\\\/wp-content\\\/uploads\\\/2022\\\/02\\\/Russia_Ucraina.jpg\",\"datePublished\":\"2023-03-22T23:00:49+00:00\",\"dateModified\":\"2024-01-10T14:02:35+00:00\",\"description\":\"Otto fatti riguardanti la Russia e la guerra in Ucraina. I fatti contraddicono la narrazione di una lotta al globalismo di Putin\",\"breadcrumb\":{\"@id\":\"https:\\\/\\\/www.rassegnastampa-totustuus.it\\\/cattolica\\\/otto-fatti-riguardanti-la-russia-e-la-guerra-in-ucraina\\\/#breadcrumb\"},\"inLanguage\":\"it-IT\",\"potentialAction\":[{\"@type\":\"ReadAction\",\"target\":[\"https:\\\/\\\/www.rassegnastampa-totustuus.it\\\/cattolica\\\/otto-fatti-riguardanti-la-russia-e-la-guerra-in-ucraina\\\/\"]}]},{\"@type\":\"ImageObject\",\"inLanguage\":\"it-IT\",\"@id\":\"https:\\\/\\\/www.rassegnastampa-totustuus.it\\\/cattolica\\\/otto-fatti-riguardanti-la-russia-e-la-guerra-in-ucraina\\\/#primaryimage\",\"url\":\"https:\\\/\\\/www.rassegnastampa-totustuus.it\\\/cattolica\\\/wp-content\\\/uploads\\\/2022\\\/02\\\/Russia_Ucraina.jpg\",\"contentUrl\":\"https:\\\/\\\/www.rassegnastampa-totustuus.it\\\/cattolica\\\/wp-content\\\/uploads\\\/2022\\\/02\\\/Russia_Ucraina.jpg\",\"width\":166,\"height\":180,\"caption\":\"la Guerra russo-ucraina\"},{\"@type\":\"BreadcrumbList\",\"@id\":\"https:\\\/\\\/www.rassegnastampa-totustuus.it\\\/cattolica\\\/otto-fatti-riguardanti-la-russia-e-la-guerra-in-ucraina\\\/#breadcrumb\",\"itemListElement\":[{\"@type\":\"ListItem\",\"position\":1,\"name\":\"Home\",\"item\":\"https:\\\/\\\/www.rassegnastampa-totustuus.it\\\/cattolica\\\/\"},{\"@type\":\"ListItem\",\"position\":2,\"name\":\"Otto fatti riguardanti la Russia e la guerra in Ucraina\"}]},{\"@type\":\"WebSite\",\"@id\":\"https:\\\/\\\/www.rassegnastampa-totustuus.it\\\/cattolica\\\/#website\",\"url\":\"https:\\\/\\\/www.rassegnastampa-totustuus.it\\\/cattolica\\\/\",\"name\":\"Rassegna Stampa Cattolica\",\"description\":\"Per una cultura che nasce dalla Rivelazione cristiana in conformit\u00e0 alla tradizione e al Magistero della Chiesa in opposizione ad ogni relativismo e totalitarismo\",\"publisher\":{\"@id\":\"https:\\\/\\\/www.rassegnastampa-totustuus.it\\\/cattolica\\\/#organization\"},\"alternateName\":\"Rass. Cattolica\",\"potentialAction\":[{\"@type\":\"SearchAction\",\"target\":{\"@type\":\"EntryPoint\",\"urlTemplate\":\"https:\\\/\\\/www.rassegnastampa-totustuus.it\\\/cattolica\\\/?s={search_term_string}\"},\"query-input\":{\"@type\":\"PropertyValueSpecification\",\"valueRequired\":true,\"valueName\":\"search_term_string\"}}],\"inLanguage\":\"it-IT\"},{\"@type\":\"Organization\",\"@id\":\"https:\\\/\\\/www.rassegnastampa-totustuus.it\\\/cattolica\\\/#organization\",\"name\":\"Rassegna Stampa Cattolica\",\"url\":\"https:\\\/\\\/www.rassegnastampa-totustuus.it\\\/cattolica\\\/\",\"logo\":{\"@type\":\"ImageObject\",\"inLanguage\":\"it-IT\",\"@id\":\"https:\\\/\\\/www.rassegnastampa-totustuus.it\\\/cattolica\\\/#\\\/schema\\\/logo\\\/image\\\/\",\"url\":\"https:\\\/\\\/www.rassegnastampa-totustuus.it\\\/cattolica\\\/wp-content\\\/uploads\\\/2014\\\/04\\\/logo-rassegna1.gif\",\"contentUrl\":\"https:\\\/\\\/www.rassegnastampa-totustuus.it\\\/cattolica\\\/wp-content\\\/uploads\\\/2014\\\/04\\\/logo-rassegna1.gif\",\"width\":600,\"height\":163,\"caption\":\"Rassegna Stampa Cattolica\"},\"image\":{\"@id\":\"https:\\\/\\\/www.rassegnastampa-totustuus.it\\\/cattolica\\\/#\\\/schema\\\/logo\\\/image\\\/\"},\"sameAs\":[\"https:\\\/\\\/www.facebook.com\\\/rassegnastampacattolica\",\"https:\\\/\\\/x.com\\\/rassegnastampa9\"]},{\"@type\":\"Person\",\"@id\":\"https:\\\/\\\/www.rassegnastampa-totustuus.it\\\/cattolica\\\/#\\\/schema\\\/person\\\/08f319d2bd1a0904ad9e2bfb7b15e5c3\",\"name\":\"Redazione\",\"image\":{\"@type\":\"ImageObject\",\"inLanguage\":\"it-IT\",\"@id\":\"https:\\\/\\\/secure.gravatar.com\\\/avatar\\\/2fcdf27c78ea025fbdb44e914cc63c72249ffec9dc8aafd5c82b26240ef3f346?s=96&d=mm&r=g\",\"url\":\"https:\\\/\\\/secure.gravatar.com\\\/avatar\\\/2fcdf27c78ea025fbdb44e914cc63c72249ffec9dc8aafd5c82b26240ef3f346?s=96&d=mm&r=g\",\"contentUrl\":\"https:\\\/\\\/secure.gravatar.com\\\/avatar\\\/2fcdf27c78ea025fbdb44e914cc63c72249ffec9dc8aafd5c82b26240ef3f346?s=96&d=mm&r=g\",\"caption\":\"Redazione\"},\"url\":\"https:\\\/\\\/www.rassegnastampa-totustuus.it\\\/cattolica\\\/author\\\/pietroelle\\\/\"}]}<\/script>\n<!-- \/ Yoast SEO plugin. -->","yoast_head_json":{"title":"Otto fatti riguardanti la Russia e la guerra in Ucraina - Rassegna Stampa Cattolica","description":"Otto fatti riguardanti la Russia e la guerra in Ucraina. I fatti contraddicono la narrazione di una lotta al globalismo di Putin","robots":{"index":"index","follow":"follow","max-snippet":"max-snippet:-1","max-image-preview":"max-image-preview:large","max-video-preview":"max-video-preview:-1"},"canonical":"https:\/\/www.rassegnastampa-totustuus.it\/cattolica\/otto-fatti-riguardanti-la-russia-e-la-guerra-in-ucraina\/","og_locale":"it_IT","og_type":"article","og_title":"Otto fatti riguardanti la Russia e la guerra in Ucraina - Rassegna Stampa Cattolica","og_description":"Otto fatti riguardanti la Russia e la guerra in Ucraina. I fatti contraddicono la narrazione di una lotta al globalismo di Putin","og_url":"https:\/\/www.rassegnastampa-totustuus.it\/cattolica\/otto-fatti-riguardanti-la-russia-e-la-guerra-in-ucraina\/","og_site_name":"Rassegna Stampa Cattolica","article_publisher":"https:\/\/www.facebook.com\/rassegnastampacattolica","article_published_time":"2023-03-22T23:00:49+00:00","article_modified_time":"2024-01-10T14:02:35+00:00","og_image":[{"width":166,"height":180,"url":"https:\/\/www.rassegnastampa-totustuus.it\/cattolica\/wp-content\/uploads\/2022\/02\/Russia_Ucraina.jpg","type":"image\/jpeg"}],"author":"Redazione","twitter_card":"summary_large_image","twitter_creator":"@rassegnastampa9","twitter_site":"@rassegnastampa9","twitter_misc":{"Scritto da":"Redazione","Tempo di lettura stimato":"8 minuti"},"schema":{"@context":"https:\/\/schema.org","@graph":[{"@type":"Article","@id":"https:\/\/www.rassegnastampa-totustuus.it\/cattolica\/otto-fatti-riguardanti-la-russia-e-la-guerra-in-ucraina\/#article","isPartOf":{"@id":"https:\/\/www.rassegnastampa-totustuus.it\/cattolica\/otto-fatti-riguardanti-la-russia-e-la-guerra-in-ucraina\/"},"author":{"name":"Redazione","@id":"https:\/\/www.rassegnastampa-totustuus.it\/cattolica\/#\/schema\/person\/08f319d2bd1a0904ad9e2bfb7b15e5c3"},"headline":"Otto fatti riguardanti la Russia e la guerra in Ucraina","datePublished":"2023-03-22T23:00:49+00:00","dateModified":"2024-01-10T14:02:35+00:00","mainEntityOfPage":{"@id":"https:\/\/www.rassegnastampa-totustuus.it\/cattolica\/otto-fatti-riguardanti-la-russia-e-la-guerra-in-ucraina\/"},"wordCount":1028,"publisher":{"@id":"https:\/\/www.rassegnastampa-totustuus.it\/cattolica\/#organization"},"image":{"@id":"https:\/\/www.rassegnastampa-totustuus.it\/cattolica\/otto-fatti-riguardanti-la-russia-e-la-guerra-in-ucraina\/#primaryimage"},"thumbnailUrl":"https:\/\/www.rassegnastampa-totustuus.it\/cattolica\/wp-content\/uploads\/2022\/02\/Russia_Ucraina.jpg","keywords":["crisi dell&#039;Occidente","politica internazionale","Russia","Ucraina","Vladimir Putin"],"articleSection":["Politica internazionale","Russia"],"inLanguage":"it-IT"},{"@type":"WebPage","@id":"https:\/\/www.rassegnastampa-totustuus.it\/cattolica\/otto-fatti-riguardanti-la-russia-e-la-guerra-in-ucraina\/","url":"https:\/\/www.rassegnastampa-totustuus.it\/cattolica\/otto-fatti-riguardanti-la-russia-e-la-guerra-in-ucraina\/","name":"Otto fatti riguardanti la Russia e la guerra in Ucraina - Rassegna Stampa Cattolica","isPartOf":{"@id":"https:\/\/www.rassegnastampa-totustuus.it\/cattolica\/#website"},"primaryImageOfPage":{"@id":"https:\/\/www.rassegnastampa-totustuus.it\/cattolica\/otto-fatti-riguardanti-la-russia-e-la-guerra-in-ucraina\/#primaryimage"},"image":{"@id":"https:\/\/www.rassegnastampa-totustuus.it\/cattolica\/otto-fatti-riguardanti-la-russia-e-la-guerra-in-ucraina\/#primaryimage"},"thumbnailUrl":"https:\/\/www.rassegnastampa-totustuus.it\/cattolica\/wp-content\/uploads\/2022\/02\/Russia_Ucraina.jpg","datePublished":"2023-03-22T23:00:49+00:00","dateModified":"2024-01-10T14:02:35+00:00","description":"Otto fatti riguardanti la Russia e la guerra in Ucraina. I fatti contraddicono la narrazione di una lotta al globalismo di Putin","breadcrumb":{"@id":"https:\/\/www.rassegnastampa-totustuus.it\/cattolica\/otto-fatti-riguardanti-la-russia-e-la-guerra-in-ucraina\/#breadcrumb"},"inLanguage":"it-IT","potentialAction":[{"@type":"ReadAction","target":["https:\/\/www.rassegnastampa-totustuus.it\/cattolica\/otto-fatti-riguardanti-la-russia-e-la-guerra-in-ucraina\/"]}]},{"@type":"ImageObject","inLanguage":"it-IT","@id":"https:\/\/www.rassegnastampa-totustuus.it\/cattolica\/otto-fatti-riguardanti-la-russia-e-la-guerra-in-ucraina\/#primaryimage","url":"https:\/\/www.rassegnastampa-totustuus.it\/cattolica\/wp-content\/uploads\/2022\/02\/Russia_Ucraina.jpg","contentUrl":"https:\/\/www.rassegnastampa-totustuus.it\/cattolica\/wp-content\/uploads\/2022\/02\/Russia_Ucraina.jpg","width":166,"height":180,"caption":"la Guerra russo-ucraina"},{"@type":"BreadcrumbList","@id":"https:\/\/www.rassegnastampa-totustuus.it\/cattolica\/otto-fatti-riguardanti-la-russia-e-la-guerra-in-ucraina\/#breadcrumb","itemListElement":[{"@type":"ListItem","position":1,"name":"Home","item":"https:\/\/www.rassegnastampa-totustuus.it\/cattolica\/"},{"@type":"ListItem","position":2,"name":"Otto fatti riguardanti la Russia e la guerra in Ucraina"}]},{"@type":"WebSite","@id":"https:\/\/www.rassegnastampa-totustuus.it\/cattolica\/#website","url":"https:\/\/www.rassegnastampa-totustuus.it\/cattolica\/","name":"Rassegna Stampa Cattolica","description":"Per una cultura che nasce dalla Rivelazione cristiana in conformit\u00e0 alla tradizione e al Magistero della Chiesa in opposizione ad ogni relativismo e totalitarismo","publisher":{"@id":"https:\/\/www.rassegnastampa-totustuus.it\/cattolica\/#organization"},"alternateName":"Rass. Cattolica","potentialAction":[{"@type":"SearchAction","target":{"@type":"EntryPoint","urlTemplate":"https:\/\/www.rassegnastampa-totustuus.it\/cattolica\/?s={search_term_string}"},"query-input":{"@type":"PropertyValueSpecification","valueRequired":true,"valueName":"search_term_string"}}],"inLanguage":"it-IT"},{"@type":"Organization","@id":"https:\/\/www.rassegnastampa-totustuus.it\/cattolica\/#organization","name":"Rassegna Stampa Cattolica","url":"https:\/\/www.rassegnastampa-totustuus.it\/cattolica\/","logo":{"@type":"ImageObject","inLanguage":"it-IT","@id":"https:\/\/www.rassegnastampa-totustuus.it\/cattolica\/#\/schema\/logo\/image\/","url":"https:\/\/www.rassegnastampa-totustuus.it\/cattolica\/wp-content\/uploads\/2014\/04\/logo-rassegna1.gif","contentUrl":"https:\/\/www.rassegnastampa-totustuus.it\/cattolica\/wp-content\/uploads\/2014\/04\/logo-rassegna1.gif","width":600,"height":163,"caption":"Rassegna Stampa Cattolica"},"image":{"@id":"https:\/\/www.rassegnastampa-totustuus.it\/cattolica\/#\/schema\/logo\/image\/"},"sameAs":["https:\/\/www.facebook.com\/rassegnastampacattolica","https:\/\/x.com\/rassegnastampa9"]},{"@type":"Person","@id":"https:\/\/www.rassegnastampa-totustuus.it\/cattolica\/#\/schema\/person\/08f319d2bd1a0904ad9e2bfb7b15e5c3","name":"Redazione","image":{"@type":"ImageObject","inLanguage":"it-IT","@id":"https:\/\/secure.gravatar.com\/avatar\/2fcdf27c78ea025fbdb44e914cc63c72249ffec9dc8aafd5c82b26240ef3f346?s=96&d=mm&r=g","url":"https:\/\/secure.gravatar.com\/avatar\/2fcdf27c78ea025fbdb44e914cc63c72249ffec9dc8aafd5c82b26240ef3f346?s=96&d=mm&r=g","contentUrl":"https:\/\/secure.gravatar.com\/avatar\/2fcdf27c78ea025fbdb44e914cc63c72249ffec9dc8aafd5c82b26240ef3f346?s=96&d=mm&r=g","caption":"Redazione"},"url":"https:\/\/www.rassegnastampa-totustuus.it\/cattolica\/author\/pietroelle\/"}]}},"_links":{"self":[{"href":"https:\/\/www.rassegnastampa-totustuus.it\/cattolica\/wp-json\/wp\/v2\/posts\/55825","targetHints":{"allow":["GET"]}}],"collection":[{"href":"https:\/\/www.rassegnastampa-totustuus.it\/cattolica\/wp-json\/wp\/v2\/posts"}],"about":[{"href":"https:\/\/www.rassegnastampa-totustuus.it\/cattolica\/wp-json\/wp\/v2\/types\/post"}],"author":[{"embeddable":true,"href":"https:\/\/www.rassegnastampa-totustuus.it\/cattolica\/wp-json\/wp\/v2\/users\/6"}],"replies":[{"embeddable":true,"href":"https:\/\/www.rassegnastampa-totustuus.it\/cattolica\/wp-json\/wp\/v2\/comments?post=55825"}],"version-history":[{"count":2,"href":"https:\/\/www.rassegnastampa-totustuus.it\/cattolica\/wp-json\/wp\/v2\/posts\/55825\/revisions"}],"predecessor-version":[{"id":59057,"href":"https:\/\/www.rassegnastampa-totustuus.it\/cattolica\/wp-json\/wp\/v2\/posts\/55825\/revisions\/59057"}],"wp:featuredmedia":[{"embeddable":true,"href":"https:\/\/www.rassegnastampa-totustuus.it\/cattolica\/wp-json\/wp\/v2\/media\/53563"}],"wp:attachment":[{"href":"https:\/\/www.rassegnastampa-totustuus.it\/cattolica\/wp-json\/wp\/v2\/media?parent=55825"}],"wp:term":[{"taxonomy":"category","embeddable":true,"href":"https:\/\/www.rassegnastampa-totustuus.it\/cattolica\/wp-json\/wp\/v2\/categories?post=55825"},{"taxonomy":"post_tag","embeddable":true,"href":"https:\/\/www.rassegnastampa-totustuus.it\/cattolica\/wp-json\/wp\/v2\/tags?post=55825"}],"curies":[{"name":"wp","href":"https:\/\/api.w.org\/{rel}","templated":true}]}}