{"id":55774,"date":"2023-03-16T00:00:09","date_gmt":"2023-03-15T23:00:09","guid":{"rendered":"http:\/\/www.rassegnastampa-totustuus.it\/cattolica\/?p=55774"},"modified":"2024-01-11T16:38:19","modified_gmt":"2024-01-11T15:38:19","slug":"senza-il-sacro-non-ce-bellezza","status":"publish","type":"post","link":"https:\/\/www.rassegnastampa-totustuus.it\/cattolica\/senza-il-sacro-non-ce-bellezza\/","title":{"rendered":"Senza il sacro non c&#8217;\u00e8 bellezza"},"content":{"rendered":"<p style=\"text-align: center;\"><span style=\"color: #000000;\"><strong><img loading=\"lazy\" decoding=\"async\" class=\" wp-image-55775 alignleft\" src=\"https:\/\/www.rassegnastampa-totustuus.it\/cattolica\/wp-content\/uploads\/2023\/03\/rosa_fiore-300x150.jpg\" alt=\"\" width=\"344\" height=\"172\" srcset=\"https:\/\/www.rassegnastampa-totustuus.it\/cattolica\/wp-content\/uploads\/2023\/03\/rosa_fiore-300x150.jpg 300w, https:\/\/www.rassegnastampa-totustuus.it\/cattolica\/wp-content\/uploads\/2023\/03\/rosa_fiore.jpg 318w\" sizes=\"auto, (max-width: 344px) 100vw, 344px\" \/><\/strong><\/span><\/p>\n<p style=\"text-align: justify;\"><span style=\"color: #000000;\"><strong>Abstract: <\/strong><em>senza il sacro non c&#8217;\u00e8 bellezza. se \u00e8 vero che \u201cla bellezza salver\u00e0 il mondo\u201d, secondo F\u00ebdor Dostoevskij, forse \u00e8 altrettanto vero che l\u2019assunto dello scrittore russo sarebbe da abolire a fronte della Bellezza decaduta.<\/em><\/span><\/p>\n<p><!--more--><\/p>\n<p style=\"text-align: center;\"><span style=\"color: #000000;\"><a href=\"https:\/\/www.destra.it\/home\/\" target=\"_blank\" rel=\"noopener\"><strong>Destra.it<\/strong> <\/a>12 Marzo 2023\u00a0<\/span><\/p>\n<h3 style=\"text-align: center;\"><span style=\"color: #000000;\">Non c\u2019\u00e8 Bellezza dopo la sparizione del Sacro dal mondo<\/span><\/h3>\n<p style=\"text-align: center;\"><span style=\"color: #000000;\">di <strong>Gennaro Malgeri <\/strong><\/span><\/p>\n<p style=\"text-align: justify;\"><span style=\"color: #000000;\">\u201cLa Bellezza \u00e8 una specie di armonia visibile che penetra soavemente nei cuori umani\u201d, scriveva Ugo Foscolo. Oggi come potremmo definirla? Contro questo interrogativo s\u2019infrangono tutte le possibili declinazioni che richiamano la formulazione breve e sublime del grande poeta. E se \u00e8 vero che \u201cla bellezza salver\u00e0 il mondo\u201d, secondo F\u00ebdor Dostoevskij, forse \u00e8 altrettanto vero che l\u2019assunto dello scrittore russo sarebbe da abolire a fronte della Bellezza decaduta. <\/span><\/p>\n<p style=\"text-align: justify;\"><span style=\"color: #000000;\"><img loading=\"lazy\" decoding=\"async\" class=\"size-medium wp-image-47377 alignleft\" src=\"https:\/\/www.rassegnastampa-totustuus.it\/cattolica\/wp-content\/uploads\/2020\/06\/citt\u00e0_case_periferie-300x144.jpg\" alt=\"\" width=\"300\" height=\"144\" srcset=\"https:\/\/www.rassegnastampa-totustuus.it\/cattolica\/wp-content\/uploads\/2020\/06\/citt\u00e0_case_periferie-300x144.jpg 300w, https:\/\/www.rassegnastampa-totustuus.it\/cattolica\/wp-content\/uploads\/2020\/06\/citt\u00e0_case_periferie-768x369.jpg 768w, https:\/\/www.rassegnastampa-totustuus.it\/cattolica\/wp-content\/uploads\/2020\/06\/citt\u00e0_case_periferie-1024x492.jpg 1024w, https:\/\/www.rassegnastampa-totustuus.it\/cattolica\/wp-content\/uploads\/2020\/06\/citt\u00e0_case_periferie.jpg 1743w\" sizes=\"auto, (max-width: 300px) 100vw, 300px\" \/>Intorno a noi rovine moderne e antiche ci assediano e il contesto generale nel quale viviamo \u00e8 connotato da una nauseante bruttezza, figlia della follia libertaria che ha sacrificato regole ed armonie davanti all\u2019illusione di uno scellerato abominio chiamato razionalismo ed inveratosi in un utilitarismo finalizzato alla realizzazione del massimo profitto con il minimo delle risorse o anche senza risorse.<\/span><\/p>\n<p style=\"text-align: justify;\"><span style=\"color: #000000;\"><img loading=\"lazy\" decoding=\"async\" class=\"size-full wp-image-55776 alignright\" src=\"https:\/\/www.rassegnastampa-totustuus.it\/cattolica\/wp-content\/uploads\/2023\/03\/donne_bellezza.jpg\" alt=\"\" width=\"275\" height=\"183\" \/>La Bellezza umana, come oggetto del desiderio; la Bellezza naturale, come oggetto di contemplazione; la Bellezza quotidiana, come oggetto della ragione pratica; la Bellezza artistica, come forma del significato e oggetto del gusto; la Bellezza erotica, come sublimazione del desiderio sessuale \u2013 secondo la classificazione di Roger Scruton \u2013 invitano nell\u2019insieme a ricondurre il concetto stesso al sacro poich\u00e9 tutto da esso discende. Ma se il sacro \u00e8 respinto, vilipeso, negato come \u00e8 possibile immaginare un\u2019idea di Bellezza che sia universale e privata al tempo stesso? Infatti, nell\u2019immaginario collettivo l\u2019idea di Bellezza si \u00e8 spenta quasi ovunque: rimangono oasi incontaminate tra gli attacchi brutali degli stili di vita e delle interpretazioni dell\u2019arte, dell\u2019erotismo divenuto pornografia, dei templi di Dio modellati secondo disgustose interpretazioni che rimandano a edifici profani oltretutto orrendi.<\/span><\/p>\n<p style=\"text-align: justify;\"><span style=\"color: #000000;\"><img loading=\"lazy\" decoding=\"async\" class=\" wp-image-55777 alignleft\" src=\"https:\/\/www.rassegnastampa-totustuus.it\/cattolica\/wp-content\/uploads\/2023\/03\/citt\u00e0_graffiti.jpg\" alt=\"\" width=\"302\" height=\"201\" \/>La Bellezza non esiste pi\u00f9? Essa \u00e8 sotto tiro. E s\u2019accompagna alla sporcizia perlopi\u00f9 metropolitana segnata da indecenti graffiti che qualcuno vorrebbe far passare per opere d\u2019arte.<\/span><\/p>\n<p style=\"text-align: justify;\"><span style=\"color: #000000;\">La Bellezza, insomma, \u00e8 un\u2019idea inaridita. Su di essa si esercita la confusione concettuale e pedagogica prevalente nel nostro tempo. Non si viene sfiorati neppure dalla considerazione che la Bellezza non pu\u00f2 essere rinchiusa nel recinto delle nozioni, ma deve volare nei cieli liberi del sentimento. Nell\u2019unico spazio, cio\u00e8, dove l\u2019intelligenza lascia il posto all\u2019anima e questa guida e orienta le scelte umane. I ponti interrotti tra la razionalit\u00e0 e lo spirito hanno fatto cadere nel vuoto la Bellezza. E oggi la cerchiamo disperando di trovarla nelle ombre di un passato che esita a farsi storia a meno che non si sia disposti a riconoscere nelle forme (arte, parola, gesto) l\u2019armonia che viene da un inconoscibile mondo, il mondo di Dio.<\/span><\/p>\n<p style=\"text-align: justify;\"><span style=\"color: #000000;\"><img loading=\"lazy\" decoding=\"async\" class=\"wp-image-55778 aligncenter\" src=\"https:\/\/www.rassegnastampa-totustuus.it\/cattolica\/wp-content\/uploads\/2023\/03\/Madonna_Raffaello_arte-300x225.jpg\" alt=\"\" width=\"437\" height=\"328\" srcset=\"https:\/\/www.rassegnastampa-totustuus.it\/cattolica\/wp-content\/uploads\/2023\/03\/Madonna_Raffaello_arte-300x225.jpg 300w, https:\/\/www.rassegnastampa-totustuus.it\/cattolica\/wp-content\/uploads\/2023\/03\/Madonna_Raffaello_arte.jpg 600w\" sizes=\"auto, (max-width: 437px) 100vw, 437px\" \/>Pensavo al miracolo che accade in un essere umano quando riesce a trarsi dalla prigionia della Ragione e ad accostarsi alla conoscenza attraverso la regolarit\u00e0 che si esprime nell\u2019ordine naturale che dovrebbe ispirare l\u2019ordine umano: ha la possibilit\u00e0 di vedere la creazione nello splendore dell\u2019anima che si serve dell\u2019intelligenza per manifestarsi.<\/span><\/p>\n<p style=\"text-align: justify;\"><span style=\"color: #000000;\">Qualche anno fa, il restaurato capolavoro di Raffaello Sanzio, <em>La Madonna del cardellino,<\/em> per dirne una, offr\u00ec una visione metafisica dell\u2019armonia della Bellezza. E rimanda all\u2019evocazione di un mondo perduto, una sorta di Eden artistico-esistenziale del quale la Bellezza era parte integrante. Si dir\u00e0 che il Cinquecento \u00e8 stato un secolo \u201cumanissimo\u201d, nel senso datogli dagli artisti che lo hanno <img loading=\"lazy\" decoding=\"async\" class=\" wp-image-33877 alignleft\" src=\"https:\/\/www.rassegnastampa-totustuus.it\/cattolica\/wp-content\/uploads\/2013\/07\/Venere.jpg\" alt=\"\" width=\"313\" height=\"197\" \/>caratterizzato. E perci\u00f2 lo splendore della metafisica europea si \u00e8 potuta esprimere nelle loro opere. Ma anche in seguito, prima della catastrofe razionalista, qualcosa del genere, sia pure in tono minore, si \u00e8 manifestato nelle arti figurative. Restando, infatti, nel sistema delle forme non si negher\u00e0 l\u2019esaltazione della Bellezza del corpo, dell\u2019erotismo, della passione. Insieme, il tutto si \u00e8 tradotto in un canto d\u2019amore. Struggente, esaltato, doloroso perfino, ma comunque un canto d\u2019amore come lo \u00e8 una nascita o una morte.<\/span><\/p>\n<p style=\"text-align: justify;\"><span style=\"color: #000000;\">Nel principio e nella fine \u00e8 insita l\u2019idea di Bellezza poich\u00e9 essa rimanda alla ricomposizione delle strutture primarie dell\u2019esistenza che quando vengono trasferite dalla mano dell\u2019uomo nella creazione danno luogo all\u2019esaltazione religiosa dell\u2019intelligenza. Perch\u00e9, allora, la Bellezza \u00e8 un\u2019idea inaridita? Per il semplice motivo che essa connota, aggettivandola, qualsiasi cosa, indipendentemente dalla ragione profonda che la ispira.<\/span><\/p>\n<p style=\"text-align: justify;\"><span style=\"color: #000000;\"><img loading=\"lazy\" decoding=\"async\" class=\" wp-image-55779 alignright\" src=\"https:\/\/www.rassegnastampa-totustuus.it\/cattolica\/wp-content\/uploads\/2023\/03\/tatuaggi.jpg\" alt=\"\" width=\"291\" height=\"206\" \/>Bellezza, infatti, nella considerazione comune e prevalente, \u00e8 la volgarit\u00e0 trasgressiva che s\u2019impugna per vanificare il riconoscimento della religiosit\u00e0 insita nelle opere dell\u2019uomo quali emanazioni della divinit\u00e0. Bellezza \u00e8 la glorificazione del tormento di chi cerca nell\u2019avidit\u00e0 la ragione ultima della sua affermazione. Bellezza \u00e8 la concettualizzazione della vacuit\u00e0 e dell\u2019effimero in una voluttuosa ricerca del soddisfacimento della concupiscenza. Bellezza \u00e8 il tramonto dell\u2019Essere nella violenza al Creato; \u00e8 l\u2019interruzione del silenzio; \u00e8 la profanazione della piet\u00e0; \u00e8 il sordo rancore verso la pratica dell\u2019umilt\u00e0; \u00e8 il peccato esaltato come virt\u00f9. E tutto questo qualifica la modernit\u00e0, naturalmente.<\/span><\/p>\n<p style=\"text-align: justify;\"><span style=\"color: #000000;\"><img loading=\"lazy\" decoding=\"async\" class=\" wp-image-27862 alignleft\" src=\"https:\/\/www.rassegnastampa-totustuus.it\/cattolica\/wp-content\/uploads\/2005\/07\/gulag-Urss-300x174.jpg\" alt=\"\" width=\"347\" height=\"201\" srcset=\"https:\/\/www.rassegnastampa-totustuus.it\/cattolica\/wp-content\/uploads\/2005\/07\/gulag-Urss-300x174.jpg 300w, https:\/\/www.rassegnastampa-totustuus.it\/cattolica\/wp-content\/uploads\/2005\/07\/gulag-Urss.jpg 400w\" sizes=\"auto, (max-width: 347px) 100vw, 347px\" \/>La vistosit\u00e0 dell\u2019osceno, infatti, si apre davanti a noi, in maniera clamorosa, con il risucchio nelle megalopoli dove l\u2019estetica dell\u2019arido celebra i suoi trionfi e occulta i segni della sacralit\u00e0 come eresie da esibire di tanto in tanto per spiegare la tolleranza con il diritto riconosciuto perfino all\u2019estraneo ad esserci. Eppure la Bellezza pu\u00f2 esistere nel gulag dello sconcio nel quale il bordello delle idee tiene insieme qualsiasi orrore. Il problema, semmai, \u00e8 riconoscerla. Si fa fatica, indubbiamente. E certo le istituzioni formative non aiutano. Anzi, al contrario, offrono l\u2019indecente spettacolo di una devianza elevata a normalit\u00e0: il Brutto \u00e8 Bello. O, quantomeno, tutto \u00e8 lecito, niente deve essere respinto se non ci\u00f2 che \u00e8 naturaliter \u201cnormale\u201d secondo i canoni millenari di civilt\u00e0 che hanno avuto la capacit\u00e0 di rigenerarsi dopo le loro cadute.<\/span><\/p>\n<div id=\"attachment_42003\" style=\"width: 191px\" class=\"wp-caption alignright\"><img loading=\"lazy\" decoding=\"async\" aria-describedby=\"caption-attachment-42003\" class=\"wp-image-42003 \" src=\"https:\/\/www.rassegnastampa-totustuus.it\/cattolica\/wp-content\/uploads\/2019\/01\/Friedrich-Nietzsche.jpg\" alt=\"\" width=\"191\" height=\"220\" \/><p id=\"caption-attachment-42003\" class=\"wp-caption-text\">Friedric Nietzsche<\/p><\/div>\n<p style=\"text-align: justify;\"><span style=\"color: #000000;\">La tragedia del nostro tempo, cos\u00ec bene descritta da Nietzsche e da Benn, e preconizzata, al di l\u00e0 delle loro stesse intenzioni, da H\u00f6lderlin, Novalis e Goethe, \u00e8 l\u2019irriconoscibilit\u00e0 del cammino dello spirito nell\u2019arte e nel pensiero.<\/span><\/p>\n<p style=\"text-align: justify;\"><span style=\"color: #000000;\">L\u2019esito, immaginato dai critici della modernit\u00e0, talvolta con accenti folgoranti, a cominciare da Heidegger, \u00e8 l\u2019ineluttabilit\u00e0 della decadenza. Il nichilismo come destino, insomma. Pu\u00f2 esserci Bellezza nella decomposizione di ci\u00f2 che nasce per restare armonico? Il mondo delle forme subisce di questi tempi oltraggi di spaventosa violenza. Perci\u00f2 l\u2019opposizione all\u2019estetica dell\u2019arido si configura come una rivolta creativa contro l\u2019utilitarismo dei modi di sentire, degli stili di vita, dei gusti dominanti. Ed \u00e8 la maniera, la sola che si possa riconoscere, per ricreare le condizioni affinch\u00e9 la Bellezza riemerga.<\/span><\/p>\n<p style=\"text-align: justify;\"><span style=\"color: #000000;\"><img loading=\"lazy\" decoding=\"async\" class=\"size-medium wp-image-41834 alignleft\" src=\"https:\/\/www.rassegnastampa-totustuus.it\/cattolica\/wp-content\/uploads\/2018\/12\/Cattedrale_Cordova-201x300.jpg\" alt=\"\" width=\"201\" height=\"300\" srcset=\"https:\/\/www.rassegnastampa-totustuus.it\/cattolica\/wp-content\/uploads\/2018\/12\/Cattedrale_Cordova-201x300.jpg 201w, https:\/\/www.rassegnastampa-totustuus.it\/cattolica\/wp-content\/uploads\/2018\/12\/Cattedrale_Cordova.jpg 401w\" sizes=\"auto, (max-width: 201px) 100vw, 201px\" \/>Un ritorno alla classicit\u00e0? Non bisogna temere le parole, n\u00e9 tantomeno le idee. Il mondo classico ci ha fornito le forme che la modernit\u00e0 ha deformato. Rimettere a posto le cose non vuol dire annegare nella memoria, ma renderla dinamica; guardarsi indietro e riconoscere i percorsi lungo i quali potrebbe formarsi l\u2019avvenire. Non \u00e8 un\u2019operazione intellettualistica, come a prima vista potrebbe apparire. Essa \u00e8 piuttosto una sorta di arte religiosa della restaurazione della verit\u00e0. Come immaginava Wagner \u201cinventando\u201d l\u2019opera d\u2019arte totale, l\u2019opera dell\u2019avvenire, insomma, nella quale l\u2019estetica e la trascendenza convivano in maniera mirabile nella descrizione della Bellezza suprema come, ad esempio, \u00e8 stato nella riproposizione del mito di Parsifal<\/span><\/p>\n<p style=\"text-align: justify;\"><span style=\"color: #000000;\"><img loading=\"lazy\" decoding=\"async\" class=\"size-full wp-image-21392 alignright\" src=\"https:\/\/www.rassegnastampa-totustuus.it\/cattolica\/wp-content\/uploads\/2010\/09\/arte.jpg\" alt=\"\" width=\"275\" height=\"183\" \/>Nei secoli negati dopo la Grande Rivoluzione che ha spazzato via le certezze e reso certo il provvisorio, relativizzando perfino l\u2019esistenza, la rappresentazione del sacro nelle dimensioni proprie dell\u2019umanit\u00e0 viveva in maniera talmente naturale da non avere alcun bisogno di essere esplicitato. Le figure dell\u2019antichit\u00e0 ne sono ancora oggi esempi eloquenti nei quali \u00e8 riscontrabile un \u201csoffio divino\u201d che non contrasta neppure con le immagini profane attinte fuori dal recinto religioso.<\/span><\/p>\n<p style=\"text-align: justify;\"><span style=\"color: #000000;\"><img loading=\"lazy\" decoding=\"async\" class=\"size-full wp-image-28458 alignleft\" src=\"https:\/\/www.rassegnastampa-totustuus.it\/cattolica\/wp-content\/uploads\/2014\/03\/arte-sacra.jpg\" alt=\"\" width=\"219\" height=\"230\" \/>Con questo si vuol dire che non pu\u00f2 darsi Bellezza al di fuori di una fenomenologia della rappresentazione che non abbia una connotazione religiosa (il che, naturalmente, con le fedi non c\u2019entra nulla). I nostri tempi, bisogna riconoscerlo, sono avari di slanci metafisici. Tutto \u00e8 ridotto a materialit\u00e0 da consumare. E cos\u00ec l\u2019arte, la musica, la poesia, il paesaggio. E anche l\u2019erotismo, il linguaggio del corpo risentono dell\u2019assenza di una vertigine sacrale che li riconsacri al piacere come nel Cantico dei cantici. Tutto \u00e8 da usare, da gettare, da scomporre. Ogni cosa ha un prezzo, un mercato, un fine immediato. E niente \u00e8 pi\u00f9 riconducibile all\u2019eterno, dopo il passaggio dei barbari che per la nostra felicit\u00e0 hanno edificato, pietra su pietra, una nuova Babele che non lambir\u00e0 mai il cielo.<\/span><\/p>\n<p style=\"text-align: justify;\"><span style=\"color: #000000;\">Perci\u00f2 la Bellezza se non \u00e8 scomparsa dal nostro orizzonte, si \u00e8 quantomeno occultata agli occhi dei pi\u00f9. E la Modernit\u00e0 celebra il suo trionfo pi\u00f9 grande: la negazione del Bello dietro la sparizione di Dio.<\/span><\/p>\n","protected":false},"excerpt":{"rendered":"<p>Abstract: senza il sacro non c&#8217;\u00e8 bellezza. se \u00e8 vero che \u201cla bellezza salver\u00e0 il mondo\u201d, secondo F\u00ebdor Dostoevskij, forse \u00e8 altrettanto vero che l\u2019assunto dello scrittore russo sarebbe da abolire a fronte della Bellezza decaduta.<\/p><p><a class=\"more-link btn\" href=\"https:\/\/www.rassegnastampa-totustuus.it\/cattolica\/senza-il-sacro-non-ce-bellezza\/\">Continua a leggere<\/a><\/p>\n","protected":false},"author":6,"featured_media":55775,"comment_status":"closed","ping_status":"closed","sticky":false,"template":"","format":"standard","meta":{"footnotes":""},"categories":[25],"tags":[365,1597,2837,558],"class_list":["post-55774","post","type-post","status-publish","format-standard","has-post-thumbnail","hentry","category-sguardo-sul-nostro-tempo","tag-arte","tag-bellezza","tag-crisi-delloccidente","tag-sguardo-sul-nostro-tempo-2","item-wrap"],"yoast_head":"<!-- This site is optimized with the Yoast SEO plugin v27.5 - https:\/\/yoast.com\/product\/yoast-seo-wordpress\/ -->\n<title>Senza il sacro non c&#039;\u00e8 bellezza - Rassegna Stampa Cattolica<\/title>\n<meta name=\"description\" content=\"Senza il sacro non c&#039;\u00e8 bellezza. Se il sacro \u00e8 respinto e negato come \u00e8 possibile immaginare un\u2019idea di Bellezza universale e privata?\" \/>\n<meta name=\"robots\" content=\"index, follow, max-snippet:-1, max-image-preview:large, max-video-preview:-1\" \/>\n<link rel=\"canonical\" href=\"https:\/\/www.rassegnastampa-totustuus.it\/cattolica\/senza-il-sacro-non-ce-bellezza\/\" \/>\n<meta property=\"og:locale\" content=\"it_IT\" \/>\n<meta property=\"og:type\" content=\"article\" \/>\n<meta property=\"og:title\" content=\"Senza il sacro non c&#039;\u00e8 bellezza - Rassegna Stampa Cattolica\" \/>\n<meta property=\"og:description\" content=\"Senza il sacro non c&#039;\u00e8 bellezza. Se il sacro \u00e8 respinto e negato come \u00e8 possibile immaginare un\u2019idea di Bellezza universale e privata?\" \/>\n<meta property=\"og:url\" content=\"https:\/\/www.rassegnastampa-totustuus.it\/cattolica\/senza-il-sacro-non-ce-bellezza\/\" \/>\n<meta property=\"og:site_name\" content=\"Rassegna Stampa Cattolica\" \/>\n<meta property=\"article:publisher\" content=\"https:\/\/www.facebook.com\/rassegnastampacattolica\" \/>\n<meta property=\"article:published_time\" content=\"2023-03-15T23:00:09+00:00\" \/>\n<meta property=\"article:modified_time\" content=\"2024-01-11T15:38:19+00:00\" \/>\n<meta property=\"og:image\" content=\"https:\/\/www.rassegnastampa-totustuus.it\/cattolica\/wp-content\/uploads\/2023\/03\/rosa_fiore.jpg\" \/>\n\t<meta property=\"og:image:width\" content=\"318\" \/>\n\t<meta property=\"og:image:height\" content=\"159\" \/>\n\t<meta property=\"og:image:type\" content=\"image\/jpeg\" \/>\n<meta name=\"author\" content=\"Redazione\" \/>\n<meta name=\"twitter:card\" content=\"summary_large_image\" \/>\n<meta name=\"twitter:creator\" content=\"@rassegnastampa9\" \/>\n<meta name=\"twitter:site\" content=\"@rassegnastampa9\" \/>\n<meta name=\"twitter:label1\" content=\"Scritto da\" \/>\n\t<meta name=\"twitter:data1\" content=\"Redazione\" \/>\n\t<meta name=\"twitter:label2\" content=\"Tempo di lettura stimato\" \/>\n\t<meta name=\"twitter:data2\" content=\"11 minuti\" \/>\n<script type=\"application\/ld+json\" class=\"yoast-schema-graph\">{\"@context\":\"https:\\\/\\\/schema.org\",\"@graph\":[{\"@type\":\"Article\",\"@id\":\"https:\\\/\\\/www.rassegnastampa-totustuus.it\\\/cattolica\\\/senza-il-sacro-non-ce-bellezza\\\/#article\",\"isPartOf\":{\"@id\":\"https:\\\/\\\/www.rassegnastampa-totustuus.it\\\/cattolica\\\/senza-il-sacro-non-ce-bellezza\\\/\"},\"author\":{\"name\":\"Redazione\",\"@id\":\"https:\\\/\\\/www.rassegnastampa-totustuus.it\\\/cattolica\\\/#\\\/schema\\\/person\\\/08f319d2bd1a0904ad9e2bfb7b15e5c3\"},\"headline\":\"Senza il sacro non c&#8217;\u00e8 bellezza\",\"datePublished\":\"2023-03-15T23:00:09+00:00\",\"dateModified\":\"2024-01-11T15:38:19+00:00\",\"mainEntityOfPage\":{\"@id\":\"https:\\\/\\\/www.rassegnastampa-totustuus.it\\\/cattolica\\\/senza-il-sacro-non-ce-bellezza\\\/\"},\"wordCount\":1454,\"publisher\":{\"@id\":\"https:\\\/\\\/www.rassegnastampa-totustuus.it\\\/cattolica\\\/#organization\"},\"image\":{\"@id\":\"https:\\\/\\\/www.rassegnastampa-totustuus.it\\\/cattolica\\\/senza-il-sacro-non-ce-bellezza\\\/#primaryimage\"},\"thumbnailUrl\":\"https:\\\/\\\/www.rassegnastampa-totustuus.it\\\/cattolica\\\/wp-content\\\/uploads\\\/2023\\\/03\\\/rosa_fiore.jpg\",\"keywords\":[\"arte\",\"bellezza\",\"crisi dell&#039;Occidente\",\"sguardo sul nostro tempo\"],\"articleSection\":[\"Sguardo sul nostro tempo\"],\"inLanguage\":\"it-IT\"},{\"@type\":\"WebPage\",\"@id\":\"https:\\\/\\\/www.rassegnastampa-totustuus.it\\\/cattolica\\\/senza-il-sacro-non-ce-bellezza\\\/\",\"url\":\"https:\\\/\\\/www.rassegnastampa-totustuus.it\\\/cattolica\\\/senza-il-sacro-non-ce-bellezza\\\/\",\"name\":\"Senza il sacro non c'\u00e8 bellezza - Rassegna Stampa Cattolica\",\"isPartOf\":{\"@id\":\"https:\\\/\\\/www.rassegnastampa-totustuus.it\\\/cattolica\\\/#website\"},\"primaryImageOfPage\":{\"@id\":\"https:\\\/\\\/www.rassegnastampa-totustuus.it\\\/cattolica\\\/senza-il-sacro-non-ce-bellezza\\\/#primaryimage\"},\"image\":{\"@id\":\"https:\\\/\\\/www.rassegnastampa-totustuus.it\\\/cattolica\\\/senza-il-sacro-non-ce-bellezza\\\/#primaryimage\"},\"thumbnailUrl\":\"https:\\\/\\\/www.rassegnastampa-totustuus.it\\\/cattolica\\\/wp-content\\\/uploads\\\/2023\\\/03\\\/rosa_fiore.jpg\",\"datePublished\":\"2023-03-15T23:00:09+00:00\",\"dateModified\":\"2024-01-11T15:38:19+00:00\",\"description\":\"Senza il sacro non c'\u00e8 bellezza. Se il sacro \u00e8 respinto e negato come \u00e8 possibile immaginare un\u2019idea di Bellezza universale e privata?\",\"breadcrumb\":{\"@id\":\"https:\\\/\\\/www.rassegnastampa-totustuus.it\\\/cattolica\\\/senza-il-sacro-non-ce-bellezza\\\/#breadcrumb\"},\"inLanguage\":\"it-IT\",\"potentialAction\":[{\"@type\":\"ReadAction\",\"target\":[\"https:\\\/\\\/www.rassegnastampa-totustuus.it\\\/cattolica\\\/senza-il-sacro-non-ce-bellezza\\\/\"]}]},{\"@type\":\"ImageObject\",\"inLanguage\":\"it-IT\",\"@id\":\"https:\\\/\\\/www.rassegnastampa-totustuus.it\\\/cattolica\\\/senza-il-sacro-non-ce-bellezza\\\/#primaryimage\",\"url\":\"https:\\\/\\\/www.rassegnastampa-totustuus.it\\\/cattolica\\\/wp-content\\\/uploads\\\/2023\\\/03\\\/rosa_fiore.jpg\",\"contentUrl\":\"https:\\\/\\\/www.rassegnastampa-totustuus.it\\\/cattolica\\\/wp-content\\\/uploads\\\/2023\\\/03\\\/rosa_fiore.jpg\",\"width\":318,\"height\":159},{\"@type\":\"BreadcrumbList\",\"@id\":\"https:\\\/\\\/www.rassegnastampa-totustuus.it\\\/cattolica\\\/senza-il-sacro-non-ce-bellezza\\\/#breadcrumb\",\"itemListElement\":[{\"@type\":\"ListItem\",\"position\":1,\"name\":\"Home\",\"item\":\"https:\\\/\\\/www.rassegnastampa-totustuus.it\\\/cattolica\\\/\"},{\"@type\":\"ListItem\",\"position\":2,\"name\":\"Senza il sacro non c&#8217;\u00e8 bellezza\"}]},{\"@type\":\"WebSite\",\"@id\":\"https:\\\/\\\/www.rassegnastampa-totustuus.it\\\/cattolica\\\/#website\",\"url\":\"https:\\\/\\\/www.rassegnastampa-totustuus.it\\\/cattolica\\\/\",\"name\":\"Rassegna Stampa Cattolica\",\"description\":\"Per una cultura che nasce dalla Rivelazione cristiana in conformit\u00e0 alla tradizione e al Magistero della Chiesa in opposizione ad ogni relativismo e totalitarismo\",\"publisher\":{\"@id\":\"https:\\\/\\\/www.rassegnastampa-totustuus.it\\\/cattolica\\\/#organization\"},\"alternateName\":\"Rass. Cattolica\",\"potentialAction\":[{\"@type\":\"SearchAction\",\"target\":{\"@type\":\"EntryPoint\",\"urlTemplate\":\"https:\\\/\\\/www.rassegnastampa-totustuus.it\\\/cattolica\\\/?s={search_term_string}\"},\"query-input\":{\"@type\":\"PropertyValueSpecification\",\"valueRequired\":true,\"valueName\":\"search_term_string\"}}],\"inLanguage\":\"it-IT\"},{\"@type\":\"Organization\",\"@id\":\"https:\\\/\\\/www.rassegnastampa-totustuus.it\\\/cattolica\\\/#organization\",\"name\":\"Rassegna Stampa Cattolica\",\"url\":\"https:\\\/\\\/www.rassegnastampa-totustuus.it\\\/cattolica\\\/\",\"logo\":{\"@type\":\"ImageObject\",\"inLanguage\":\"it-IT\",\"@id\":\"https:\\\/\\\/www.rassegnastampa-totustuus.it\\\/cattolica\\\/#\\\/schema\\\/logo\\\/image\\\/\",\"url\":\"https:\\\/\\\/www.rassegnastampa-totustuus.it\\\/cattolica\\\/wp-content\\\/uploads\\\/2014\\\/04\\\/logo-rassegna1.gif\",\"contentUrl\":\"https:\\\/\\\/www.rassegnastampa-totustuus.it\\\/cattolica\\\/wp-content\\\/uploads\\\/2014\\\/04\\\/logo-rassegna1.gif\",\"width\":600,\"height\":163,\"caption\":\"Rassegna Stampa Cattolica\"},\"image\":{\"@id\":\"https:\\\/\\\/www.rassegnastampa-totustuus.it\\\/cattolica\\\/#\\\/schema\\\/logo\\\/image\\\/\"},\"sameAs\":[\"https:\\\/\\\/www.facebook.com\\\/rassegnastampacattolica\",\"https:\\\/\\\/x.com\\\/rassegnastampa9\"]},{\"@type\":\"Person\",\"@id\":\"https:\\\/\\\/www.rassegnastampa-totustuus.it\\\/cattolica\\\/#\\\/schema\\\/person\\\/08f319d2bd1a0904ad9e2bfb7b15e5c3\",\"name\":\"Redazione\",\"image\":{\"@type\":\"ImageObject\",\"inLanguage\":\"it-IT\",\"@id\":\"https:\\\/\\\/secure.gravatar.com\\\/avatar\\\/2fcdf27c78ea025fbdb44e914cc63c72249ffec9dc8aafd5c82b26240ef3f346?s=96&d=mm&r=g\",\"url\":\"https:\\\/\\\/secure.gravatar.com\\\/avatar\\\/2fcdf27c78ea025fbdb44e914cc63c72249ffec9dc8aafd5c82b26240ef3f346?s=96&d=mm&r=g\",\"contentUrl\":\"https:\\\/\\\/secure.gravatar.com\\\/avatar\\\/2fcdf27c78ea025fbdb44e914cc63c72249ffec9dc8aafd5c82b26240ef3f346?s=96&d=mm&r=g\",\"caption\":\"Redazione\"},\"url\":\"https:\\\/\\\/www.rassegnastampa-totustuus.it\\\/cattolica\\\/author\\\/pietroelle\\\/\"}]}<\/script>\n<!-- \/ Yoast SEO plugin. -->","yoast_head_json":{"title":"Senza il sacro non c'\u00e8 bellezza - Rassegna Stampa Cattolica","description":"Senza il sacro non c'\u00e8 bellezza. Se il sacro \u00e8 respinto e negato come \u00e8 possibile immaginare un\u2019idea di Bellezza universale e privata?","robots":{"index":"index","follow":"follow","max-snippet":"max-snippet:-1","max-image-preview":"max-image-preview:large","max-video-preview":"max-video-preview:-1"},"canonical":"https:\/\/www.rassegnastampa-totustuus.it\/cattolica\/senza-il-sacro-non-ce-bellezza\/","og_locale":"it_IT","og_type":"article","og_title":"Senza il sacro non c'\u00e8 bellezza - Rassegna Stampa Cattolica","og_description":"Senza il sacro non c'\u00e8 bellezza. Se il sacro \u00e8 respinto e negato come \u00e8 possibile immaginare un\u2019idea di Bellezza universale e privata?","og_url":"https:\/\/www.rassegnastampa-totustuus.it\/cattolica\/senza-il-sacro-non-ce-bellezza\/","og_site_name":"Rassegna Stampa Cattolica","article_publisher":"https:\/\/www.facebook.com\/rassegnastampacattolica","article_published_time":"2023-03-15T23:00:09+00:00","article_modified_time":"2024-01-11T15:38:19+00:00","og_image":[{"width":318,"height":159,"url":"https:\/\/www.rassegnastampa-totustuus.it\/cattolica\/wp-content\/uploads\/2023\/03\/rosa_fiore.jpg","type":"image\/jpeg"}],"author":"Redazione","twitter_card":"summary_large_image","twitter_creator":"@rassegnastampa9","twitter_site":"@rassegnastampa9","twitter_misc":{"Scritto da":"Redazione","Tempo di lettura stimato":"11 minuti"},"schema":{"@context":"https:\/\/schema.org","@graph":[{"@type":"Article","@id":"https:\/\/www.rassegnastampa-totustuus.it\/cattolica\/senza-il-sacro-non-ce-bellezza\/#article","isPartOf":{"@id":"https:\/\/www.rassegnastampa-totustuus.it\/cattolica\/senza-il-sacro-non-ce-bellezza\/"},"author":{"name":"Redazione","@id":"https:\/\/www.rassegnastampa-totustuus.it\/cattolica\/#\/schema\/person\/08f319d2bd1a0904ad9e2bfb7b15e5c3"},"headline":"Senza il sacro non c&#8217;\u00e8 bellezza","datePublished":"2023-03-15T23:00:09+00:00","dateModified":"2024-01-11T15:38:19+00:00","mainEntityOfPage":{"@id":"https:\/\/www.rassegnastampa-totustuus.it\/cattolica\/senza-il-sacro-non-ce-bellezza\/"},"wordCount":1454,"publisher":{"@id":"https:\/\/www.rassegnastampa-totustuus.it\/cattolica\/#organization"},"image":{"@id":"https:\/\/www.rassegnastampa-totustuus.it\/cattolica\/senza-il-sacro-non-ce-bellezza\/#primaryimage"},"thumbnailUrl":"https:\/\/www.rassegnastampa-totustuus.it\/cattolica\/wp-content\/uploads\/2023\/03\/rosa_fiore.jpg","keywords":["arte","bellezza","crisi dell&#039;Occidente","sguardo sul nostro tempo"],"articleSection":["Sguardo sul nostro tempo"],"inLanguage":"it-IT"},{"@type":"WebPage","@id":"https:\/\/www.rassegnastampa-totustuus.it\/cattolica\/senza-il-sacro-non-ce-bellezza\/","url":"https:\/\/www.rassegnastampa-totustuus.it\/cattolica\/senza-il-sacro-non-ce-bellezza\/","name":"Senza il sacro non c'\u00e8 bellezza - Rassegna Stampa Cattolica","isPartOf":{"@id":"https:\/\/www.rassegnastampa-totustuus.it\/cattolica\/#website"},"primaryImageOfPage":{"@id":"https:\/\/www.rassegnastampa-totustuus.it\/cattolica\/senza-il-sacro-non-ce-bellezza\/#primaryimage"},"image":{"@id":"https:\/\/www.rassegnastampa-totustuus.it\/cattolica\/senza-il-sacro-non-ce-bellezza\/#primaryimage"},"thumbnailUrl":"https:\/\/www.rassegnastampa-totustuus.it\/cattolica\/wp-content\/uploads\/2023\/03\/rosa_fiore.jpg","datePublished":"2023-03-15T23:00:09+00:00","dateModified":"2024-01-11T15:38:19+00:00","description":"Senza il sacro non c'\u00e8 bellezza. Se il sacro \u00e8 respinto e negato come \u00e8 possibile immaginare un\u2019idea di Bellezza universale e privata?","breadcrumb":{"@id":"https:\/\/www.rassegnastampa-totustuus.it\/cattolica\/senza-il-sacro-non-ce-bellezza\/#breadcrumb"},"inLanguage":"it-IT","potentialAction":[{"@type":"ReadAction","target":["https:\/\/www.rassegnastampa-totustuus.it\/cattolica\/senza-il-sacro-non-ce-bellezza\/"]}]},{"@type":"ImageObject","inLanguage":"it-IT","@id":"https:\/\/www.rassegnastampa-totustuus.it\/cattolica\/senza-il-sacro-non-ce-bellezza\/#primaryimage","url":"https:\/\/www.rassegnastampa-totustuus.it\/cattolica\/wp-content\/uploads\/2023\/03\/rosa_fiore.jpg","contentUrl":"https:\/\/www.rassegnastampa-totustuus.it\/cattolica\/wp-content\/uploads\/2023\/03\/rosa_fiore.jpg","width":318,"height":159},{"@type":"BreadcrumbList","@id":"https:\/\/www.rassegnastampa-totustuus.it\/cattolica\/senza-il-sacro-non-ce-bellezza\/#breadcrumb","itemListElement":[{"@type":"ListItem","position":1,"name":"Home","item":"https:\/\/www.rassegnastampa-totustuus.it\/cattolica\/"},{"@type":"ListItem","position":2,"name":"Senza il sacro non c&#8217;\u00e8 bellezza"}]},{"@type":"WebSite","@id":"https:\/\/www.rassegnastampa-totustuus.it\/cattolica\/#website","url":"https:\/\/www.rassegnastampa-totustuus.it\/cattolica\/","name":"Rassegna Stampa Cattolica","description":"Per una cultura che nasce dalla Rivelazione cristiana in conformit\u00e0 alla tradizione e al Magistero della Chiesa in opposizione ad ogni relativismo e totalitarismo","publisher":{"@id":"https:\/\/www.rassegnastampa-totustuus.it\/cattolica\/#organization"},"alternateName":"Rass. Cattolica","potentialAction":[{"@type":"SearchAction","target":{"@type":"EntryPoint","urlTemplate":"https:\/\/www.rassegnastampa-totustuus.it\/cattolica\/?s={search_term_string}"},"query-input":{"@type":"PropertyValueSpecification","valueRequired":true,"valueName":"search_term_string"}}],"inLanguage":"it-IT"},{"@type":"Organization","@id":"https:\/\/www.rassegnastampa-totustuus.it\/cattolica\/#organization","name":"Rassegna Stampa Cattolica","url":"https:\/\/www.rassegnastampa-totustuus.it\/cattolica\/","logo":{"@type":"ImageObject","inLanguage":"it-IT","@id":"https:\/\/www.rassegnastampa-totustuus.it\/cattolica\/#\/schema\/logo\/image\/","url":"https:\/\/www.rassegnastampa-totustuus.it\/cattolica\/wp-content\/uploads\/2014\/04\/logo-rassegna1.gif","contentUrl":"https:\/\/www.rassegnastampa-totustuus.it\/cattolica\/wp-content\/uploads\/2014\/04\/logo-rassegna1.gif","width":600,"height":163,"caption":"Rassegna Stampa Cattolica"},"image":{"@id":"https:\/\/www.rassegnastampa-totustuus.it\/cattolica\/#\/schema\/logo\/image\/"},"sameAs":["https:\/\/www.facebook.com\/rassegnastampacattolica","https:\/\/x.com\/rassegnastampa9"]},{"@type":"Person","@id":"https:\/\/www.rassegnastampa-totustuus.it\/cattolica\/#\/schema\/person\/08f319d2bd1a0904ad9e2bfb7b15e5c3","name":"Redazione","image":{"@type":"ImageObject","inLanguage":"it-IT","@id":"https:\/\/secure.gravatar.com\/avatar\/2fcdf27c78ea025fbdb44e914cc63c72249ffec9dc8aafd5c82b26240ef3f346?s=96&d=mm&r=g","url":"https:\/\/secure.gravatar.com\/avatar\/2fcdf27c78ea025fbdb44e914cc63c72249ffec9dc8aafd5c82b26240ef3f346?s=96&d=mm&r=g","contentUrl":"https:\/\/secure.gravatar.com\/avatar\/2fcdf27c78ea025fbdb44e914cc63c72249ffec9dc8aafd5c82b26240ef3f346?s=96&d=mm&r=g","caption":"Redazione"},"url":"https:\/\/www.rassegnastampa-totustuus.it\/cattolica\/author\/pietroelle\/"}]}},"_links":{"self":[{"href":"https:\/\/www.rassegnastampa-totustuus.it\/cattolica\/wp-json\/wp\/v2\/posts\/55774","targetHints":{"allow":["GET"]}}],"collection":[{"href":"https:\/\/www.rassegnastampa-totustuus.it\/cattolica\/wp-json\/wp\/v2\/posts"}],"about":[{"href":"https:\/\/www.rassegnastampa-totustuus.it\/cattolica\/wp-json\/wp\/v2\/types\/post"}],"author":[{"embeddable":true,"href":"https:\/\/www.rassegnastampa-totustuus.it\/cattolica\/wp-json\/wp\/v2\/users\/6"}],"replies":[{"embeddable":true,"href":"https:\/\/www.rassegnastampa-totustuus.it\/cattolica\/wp-json\/wp\/v2\/comments?post=55774"}],"version-history":[{"count":3,"href":"https:\/\/www.rassegnastampa-totustuus.it\/cattolica\/wp-json\/wp\/v2\/posts\/55774\/revisions"}],"predecessor-version":[{"id":59086,"href":"https:\/\/www.rassegnastampa-totustuus.it\/cattolica\/wp-json\/wp\/v2\/posts\/55774\/revisions\/59086"}],"wp:featuredmedia":[{"embeddable":true,"href":"https:\/\/www.rassegnastampa-totustuus.it\/cattolica\/wp-json\/wp\/v2\/media\/55775"}],"wp:attachment":[{"href":"https:\/\/www.rassegnastampa-totustuus.it\/cattolica\/wp-json\/wp\/v2\/media?parent=55774"}],"wp:term":[{"taxonomy":"category","embeddable":true,"href":"https:\/\/www.rassegnastampa-totustuus.it\/cattolica\/wp-json\/wp\/v2\/categories?post=55774"},{"taxonomy":"post_tag","embeddable":true,"href":"https:\/\/www.rassegnastampa-totustuus.it\/cattolica\/wp-json\/wp\/v2\/tags?post=55774"}],"curies":[{"name":"wp","href":"https:\/\/api.w.org\/{rel}","templated":true}]}}