{"id":55751,"date":"2023-03-09T00:00:44","date_gmt":"2023-03-08T23:00:44","guid":{"rendered":"http:\/\/www.rassegnastampa-totustuus.it\/cattolica\/?p=55751"},"modified":"2024-01-11T16:58:00","modified_gmt":"2024-01-11T15:58:00","slug":"massoneria-e-globalismo-due-realta-gemelle","status":"publish","type":"post","link":"https:\/\/www.rassegnastampa-totustuus.it\/cattolica\/massoneria-e-globalismo-due-realta-gemelle\/","title":{"rendered":"Massoneria e globalismo: due realt\u00e0 gemelle"},"content":{"rendered":"<p style=\"text-align: center;\"><span style=\"color: #000000;\"><strong><img loading=\"lazy\" decoding=\"async\" class=\" wp-image-55752 alignright\" src=\"https:\/\/www.rassegnastampa-totustuus.it\/cattolica\/wp-content\/uploads\/2023\/03\/globalismo_capitalismo-300x214.png\" alt=\"\" width=\"302\" height=\"215\" srcset=\"https:\/\/www.rassegnastampa-totustuus.it\/cattolica\/wp-content\/uploads\/2023\/03\/globalismo_capitalismo-300x214.png 300w, https:\/\/www.rassegnastampa-totustuus.it\/cattolica\/wp-content\/uploads\/2023\/03\/globalismo_capitalismo.png 750w\" sizes=\"auto, (max-width: 302px) 100vw, 302px\" \/><span style=\"color: #0000ff;\"><a style=\"color: #0000ff;\" href=\"https:\/\/ifamnews.com\/it\/\" target=\"_blank\" rel=\"noopener\">International Family News<\/a><\/span><\/strong><\/span><\/p>\n<p style=\"text-align: center;\"><span style=\"color: #000000;\">3 Marzo 2023 <\/span><\/p>\n<p style=\"text-align: justify;\"><span style=\"color: #000000;\"><em>Siamo gi\u00e0 nella morsa del globalismo progressista, che ci sta portando verso un&#8217;agonia culturale e nazionale, in cui la fine del cristianesimo \u00e8 uno dei suoi obiettivi principali, e verso cui si sta muovendo passo dopo passo<\/em><\/span><\/p>\n<p style=\"text-align: center;\"><span style=\"color: #000000;\">di <strong>Beatriz Montes<\/strong><\/span><\/p>\n<p><span style=\"color: #000000;\"><!--more--><\/span><\/p>\n<p style=\"text-align: justify;\"><span style=\"color: #000000;\"><img loading=\"lazy\" decoding=\"async\" class=\"size-medium wp-image-46836 alignleft\" src=\"https:\/\/www.rassegnastampa-totustuus.it\/cattolica\/wp-content\/uploads\/2020\/04\/globalizzazione-300x168.jpg\" alt=\"\" width=\"300\" height=\"168\" srcset=\"https:\/\/www.rassegnastampa-totustuus.it\/cattolica\/wp-content\/uploads\/2020\/04\/globalizzazione-300x168.jpg 300w, https:\/\/www.rassegnastampa-totustuus.it\/cattolica\/wp-content\/uploads\/2020\/04\/globalizzazione-768x431.jpg 768w, https:\/\/www.rassegnastampa-totustuus.it\/cattolica\/wp-content\/uploads\/2020\/04\/globalizzazione-1024x574.jpg 1024w, https:\/\/www.rassegnastampa-totustuus.it\/cattolica\/wp-content\/uploads\/2020\/04\/globalizzazione.jpg 1300w\" sizes=\"auto, (max-width: 300px) 100vw, 300px\" \/>Il globalismo viene spesso confuso con la globalizzazione, ma si tratta di due concetti opposti. La globalizzazione ha preso forma spontaneamente, mettendo in contatto persone di tutto il mondo, soprattutto grazie al progresso delle nuove tecnologie e dei trasporti. Implica la libert\u00e0 e il rispetto delle identit\u00e0 nazionali che \u00e8 il frutto di secoli di convivenza. Promuove lo sviluppo della libert\u00e0, della democrazia e del capitalismo su scala globale. La globalizzazione non \u00e8 incompatibile con gli Stati nazionali; al contrario, genera una maggiore crescita economica.<\/span><\/p>\n<p style=\"text-align: justify;\"><span style=\"color: #000000;\">Il globalismo, tuttavia, cerca di collettivizzare le masse in modo totalizzante. Dalle organizzazioni internazionali, particolarmente visibili nell\u2019ONU, vengono imposti al mondo intero dogmi ideologici, come l\u2019obbligo di quote per gli aiuti ai rifugiati e agli immigrati, di indottrinare all\u2019ideologia del gender, di incoraggiare pi\u00f9 aborti\u2026<\/span><\/p>\n<div id=\"attachment_34573\" style=\"width: 274px\" class=\"wp-caption alignleft\"><img loading=\"lazy\" decoding=\"async\" aria-describedby=\"caption-attachment-34573\" class=\"wp-image-34573 size-full\" src=\"https:\/\/www.rassegnastampa-totustuus.it\/cattolica\/wp-content\/uploads\/2005\/06\/George-Soros.jpg\" alt=\"\" width=\"274\" height=\"184\" \/><p id=\"caption-attachment-34573\" class=\"wp-caption-text\">George Soros<\/p><\/div>\n<p style=\"text-align: justify;\"><span style=\"color: #000000;\">Il globalismo \u00e8 antistatale. \u00c8 un progetto di socialismo radicale. \u00c8 un\u2019ideologia contraria al nazionalismo e al patriottismo. George Soros \u00e8 uno dei principali promotori del globalismo, in quanto il capo pi\u00f9 visibile, insieme ad altre figure di rilievo, che hanno iniziato a essere maggiormente evidenziate negli ultimi due anni. Potrebbe essere il caso di Klaus Martin Schwab, presidente del Forum Economico Mondiale, dove si discute dei passi da compiere negli Stati membri per raggiungere questo globalismo. Infatti, non si nascondono: \u201cIl WEF sostiene un mondo globalizzato governato da una coalizione di multinazionali, governi e organizzazioni selezionate della societ\u00e0 civile, piuttosto che da strutture democratiche classiche\u201d. Questo \u00e8 l\u2019obiettivo del Grande Reset, come tutti sappiamo.<\/span><\/p>\n<div id=\"attachment_55252\" style=\"width: 300px\" class=\"wp-caption alignright\"><img loading=\"lazy\" decoding=\"async\" aria-describedby=\"caption-attachment-55252\" class=\"wp-image-55252 size-medium\" src=\"https:\/\/www.rassegnastampa-totustuus.it\/cattolica\/wp-content\/uploads\/2022\/12\/Klaus_Schwab_World_Economic_Found-300x180.jpg\" alt=\"\" width=\"300\" height=\"180\" srcset=\"https:\/\/www.rassegnastampa-totustuus.it\/cattolica\/wp-content\/uploads\/2022\/12\/Klaus_Schwab_World_Economic_Found-300x180.jpg 300w, https:\/\/www.rassegnastampa-totustuus.it\/cattolica\/wp-content\/uploads\/2022\/12\/Klaus_Schwab_World_Economic_Found.jpg 620w\" sizes=\"auto, (max-width: 300px) 100vw, 300px\" \/><p id=\"caption-attachment-55252\" class=\"wp-caption-text\">Klaus Schwab<\/p><\/div>\n<p style=\"text-align: justify;\"><span style=\"color: #000000;\">In Spagna, in particolare, \u00e8 noto il finanziamento di George Soros all\u2019indipendenza catalana. Il loro sogno \u00e8 una nazione frammentata in mini-nazioni con societ\u00e0 deboli per controllare la popolazione, i politici, le aziende, le imprese e quindi l\u2019economia.<\/span><\/p>\n<p style=\"text-align: justify;\"><span style=\"color: #000000;\">Per l\u2019ex ministro degli Esteri brasiliano Ernesto Ara\u00fajo, il globalismo \u00e8 una \u201cconfigurazione attuale del marxismo\u201d. Nel suo discorso di insediamento ha affermato che \u201cil globalismo \u00e8 costituito dall\u2019odio attraverso le sue varie ramificazioni ideologiche e i suoi strumenti contrari alla nazione, contrari alla natura umana e contrari alla stessa nascita umana\u201d.<\/span><\/p>\n<p style=\"text-align: justify;\"><span style=\"color: #000000;\"><img loading=\"lazy\" decoding=\"async\" class=\" wp-image-52120 alignleft\" src=\"https:\/\/www.rassegnastampa-totustuus.it\/cattolica\/wp-content\/uploads\/2021\/08\/aborto_femminismo-1.jpg\" alt=\"\" width=\"311\" height=\"206\" \/>In realt\u00e0, come possiamo vedere, con il globalismo aumentano gli scontri violenti tra gruppi o collettivi, il genere viene presentato come un sostituto dell\u2019identit\u00e0 sessuale naturale, l\u2019aborto viene normalizzato attaccando i pro-life, gli scontri contro gli uomini sono in aumento\u2026<\/span><\/p>\n<p style=\"text-align: justify;\"><span style=\"color: #000000;\">Il problema di oggi \u00e8 che la globalizzazione, che \u00e8 benefica, \u00e8 stata messa al servizio del globalismo collettivista per alimentare questo male che finir\u00e0 per distruggerci. Oggi conosciamo questo globalismo con il termine \u201cAgenda 2030 per lo sviluppo sostenibile\u201d.<\/span><\/p>\n<h4 style=\"text-align: center;\"><span style=\"color: #000000;\"><strong>Globalismo e massoneria<\/strong><\/span><\/h4>\n<p style=\"text-align: justify;\"><span style=\"color: #000000;\"><img loading=\"lazy\" decoding=\"async\" class=\" wp-image-48772 alignright\" src=\"https:\/\/www.rassegnastampa-totustuus.it\/cattolica\/wp-content\/uploads\/2020\/10\/massoneria.png\" alt=\"\" width=\"287\" height=\"222\" \/>Secondo l\u2019esperto di massoneria Alberto B\u00e1rcena, fin dalle sue origini nel 1717, la massoneria \u00e8 alla ricerca di un nuovo mondo da gestire, con un unico governo che controlli economicamente il maggior numero possibile di Paesi, beneficiando di un potere quasi illimitato. D\u2019altra parte, potranno cos\u00ec diffondere il loro credo ideologico, lo gnosticismo, in tutto il mondo. Ecco perch\u00e9 il globalismo \u00e8 guidato da queste \u00e9lite massoniche.<\/span><\/p>\n<p style=\"text-align: justify;\"><span style=\"color: #000000;\">Per il defunto padre Juan Sanahuja, esperto di questi temi, i piani per il governo mondiale, in cui la Massoneria gioca un ruolo importante, risalgono alla fine della Prima guerra mondiale o forse a poco prima. La Massoneria sostiene l\u2019afflusso di immigrazione clandestina di massa a questo scopo, spingendo la societ\u00e0 verso il sincretismo culturale e religioso. Sradicando la nazione dalle sue tradizioni e dai suoi costumi, chiudendo le porte a tutto ci\u00f2 che ci unisce come Paese: la religione cristiana e la lingua castigliana. Aprendo frontiere a chiunque venga da fuori, specialmente musulmani. Utilizzati per questo obiettivo globalizzante.<\/span><\/p>\n<p style=\"text-align: justify;\"><span style=\"color: #000000;\"><img loading=\"lazy\" decoding=\"async\" class=\" wp-image-27139 alignleft\" src=\"https:\/\/www.rassegnastampa-totustuus.it\/cattolica\/wp-content\/uploads\/2015\/11\/Ong.jpg\" alt=\"\" width=\"350\" height=\"233\" \/>La Massoneria si serve di organizzazioni di schermo a scopo altruistico e filantropico, in ambito accademico, sociale, economico, scientifico e persino religioso, per introdurre le proprie idee. Si allea con gli interessi di persone che, accecate dalla loro brama di potere, non esitano a mettere le loro risorse al suo servizio. Potrebbe essere il caso di Pedro S\u00e1nchez, primo ministro spagnolo, inginocchiato davanti ai loro dettami.<\/span><\/p>\n<p style=\"text-align: justify;\"><span style=\"color: #000000;\">Per tutti questi motivi, la Massoneria promuove il globalismo, eretto sotto la bandiera del \u201cprogressismo\u201d di chi invoca la libert\u00e0 ma vive sotto l\u2019ideologia dello Stato, di chi invoca la tolleranza ma attacca con la sua neolingua chiunque dissenta. E a loro volta, i sostenitori del globalismo per implementare il Nuovo Ordine Mondiale, un governo globale di controllo, si affidano alla Massoneria per dare canale alle loro affermazioni.<\/span><\/p>\n<p style=\"text-align: justify;\"><span style=\"color: #000000;\"><img loading=\"lazy\" decoding=\"async\" class=\"wp-image-41163 alignright\" src=\"https:\/\/www.rassegnastampa-totustuus.it\/cattolica\/wp-content\/uploads\/2018\/09\/immigrazione.jpg\" alt=\"\" width=\"353\" height=\"235\" \/>Siamo gi\u00e0 nella morsa del globalismo progressista, che ci sta portando verso un\u2019agonia culturale e nazionale, in cui la fine del cristianesimo \u00e8 uno dei suoi obiettivi principali e verso cui si sta muovendo passo dopo passo. Tuttavia, nonostante questo quadro disperato, ci sono molte persone che cercano di fermare questa avanzata ideologica risvegliando le coscienze. Potrebbe essere il caso del gruppo di collettivi e associazioni a livello nazionale che si sono riuniti per dimostrare la loro repulsione nei confronti del globalismo. Con lo slogan del MANIFESTO GIALLO, alzano la voce esponendo striscioni gialli nelle strade di diverse citt\u00e0 della Spagna.<\/span><\/p>\n<p>______________________________________<\/p>\n<p><strong>Si legga anche:<\/strong><\/p>\n<p><a href=\"https:\/\/www.rassegnastampa-totustuus.it\/cattolica\/le-sorti-della-nazione-nellepoca-del-globalismo\/\" target=\"_blank\" rel=\"noopener\"><span style=\"color: #0000ff;\">Le sorti della nazione all&#8217;epoca del globalismo<\/span><\/a><\/p>\n<p><a href=\"https:\/\/www.rassegnastampa-totustuus.it\/cattolica\/davos-la-grande-narrazione-il-grande-inquisitore\/\" target=\"_blank\" rel=\"noopener\"><span style=\"color: #0000ff;\">Davos, la Grande Narrazione &amp; il Grande Inquisitore<\/span><\/a><\/p>\n<p><a href=\"https:\/\/www.rassegnastampa-totustuus.it\/cattolica\/cos-davvero-la-massoneria\/\" target=\"_blank\" rel=\"noopener\"><span style=\"color: #0000ff;\">Cos&#8217;\u00e8 davvero la Massoneria<\/span><\/a><\/p>\n","protected":false},"excerpt":{"rendered":"<p>International Family News 3 Marzo 2023 Siamo gi\u00e0 nella morsa del globalismo progressista, che ci sta portando verso un&#8217;agonia culturale e nazionale, in cui la fine del cristianesimo \u00e8 uno dei suoi obiettivi principali, e verso cui si sta muovendo passo dopo passo di Beatriz Montes<\/p><p><a class=\"more-link btn\" href=\"https:\/\/www.rassegnastampa-totustuus.it\/cattolica\/massoneria-e-globalismo-due-realta-gemelle\/\">Continua a leggere<\/a><\/p>\n","protected":false},"author":6,"featured_media":55752,"comment_status":"closed","ping_status":"closed","sticky":false,"template":"","format":"standard","meta":{"footnotes":""},"categories":[69,61],"tags":[2951,648,2396],"class_list":["post-55751","post","type-post","status-publish","format-standard","has-post-thumbnail","hentry","category-massoneria","category-mondialismo-e-globalizzazione","tag-globalismo","tag-globalizzazione","tag-massoneria","item-wrap"],"yoast_head":"<!-- This site is optimized with the Yoast SEO plugin v27.5 - https:\/\/yoast.com\/product\/yoast-seo-wordpress\/ -->\n<title>Massoneria e globalismo: due realt\u00e0 gemelle - Rassegna Stampa Cattolica<\/title>\n<meta name=\"description\" content=\"Massoneria e globalismo: due realt\u00e0 gemelle che ci stanno portando verso un&#039;agonia culturale, nazionale e la fine del cristianesimo\" \/>\n<meta name=\"robots\" content=\"index, follow, max-snippet:-1, max-image-preview:large, max-video-preview:-1\" \/>\n<link rel=\"canonical\" href=\"https:\/\/www.rassegnastampa-totustuus.it\/cattolica\/massoneria-e-globalismo-due-realta-gemelle\/\" \/>\n<meta property=\"og:locale\" content=\"it_IT\" \/>\n<meta property=\"og:type\" content=\"article\" \/>\n<meta property=\"og:title\" content=\"Massoneria e globalismo: due realt\u00e0 gemelle - Rassegna Stampa Cattolica\" \/>\n<meta property=\"og:description\" content=\"Massoneria e globalismo: due realt\u00e0 gemelle che ci stanno portando verso un&#039;agonia culturale, nazionale e la fine del cristianesimo\" \/>\n<meta property=\"og:url\" content=\"https:\/\/www.rassegnastampa-totustuus.it\/cattolica\/massoneria-e-globalismo-due-realta-gemelle\/\" \/>\n<meta property=\"og:site_name\" content=\"Rassegna Stampa Cattolica\" \/>\n<meta property=\"article:publisher\" content=\"https:\/\/www.facebook.com\/rassegnastampacattolica\" \/>\n<meta property=\"article:published_time\" content=\"2023-03-08T23:00:44+00:00\" \/>\n<meta property=\"article:modified_time\" content=\"2024-01-11T15:58:00+00:00\" \/>\n<meta property=\"og:image\" content=\"https:\/\/www.rassegnastampa-totustuus.it\/cattolica\/wp-content\/uploads\/2023\/03\/globalismo_capitalismo.png\" \/>\n\t<meta property=\"og:image:width\" content=\"750\" \/>\n\t<meta property=\"og:image:height\" content=\"536\" \/>\n\t<meta property=\"og:image:type\" content=\"image\/png\" \/>\n<meta name=\"author\" content=\"Redazione\" \/>\n<meta name=\"twitter:card\" content=\"summary_large_image\" \/>\n<meta name=\"twitter:creator\" content=\"@rassegnastampa9\" \/>\n<meta name=\"twitter:site\" content=\"@rassegnastampa9\" \/>\n<meta name=\"twitter:label1\" content=\"Scritto da\" \/>\n\t<meta name=\"twitter:data1\" content=\"Redazione\" \/>\n\t<meta name=\"twitter:label2\" content=\"Tempo di lettura stimato\" \/>\n\t<meta name=\"twitter:data2\" content=\"7 minuti\" \/>\n<script type=\"application\/ld+json\" class=\"yoast-schema-graph\">{\"@context\":\"https:\\\/\\\/schema.org\",\"@graph\":[{\"@type\":\"Article\",\"@id\":\"https:\\\/\\\/www.rassegnastampa-totustuus.it\\\/cattolica\\\/massoneria-e-globalismo-due-realta-gemelle\\\/#article\",\"isPartOf\":{\"@id\":\"https:\\\/\\\/www.rassegnastampa-totustuus.it\\\/cattolica\\\/massoneria-e-globalismo-due-realta-gemelle\\\/\"},\"author\":{\"name\":\"Redazione\",\"@id\":\"https:\\\/\\\/www.rassegnastampa-totustuus.it\\\/cattolica\\\/#\\\/schema\\\/person\\\/08f319d2bd1a0904ad9e2bfb7b15e5c3\"},\"headline\":\"Massoneria e globalismo: due realt\u00e0 gemelle\",\"datePublished\":\"2023-03-08T23:00:44+00:00\",\"dateModified\":\"2024-01-11T15:58:00+00:00\",\"mainEntityOfPage\":{\"@id\":\"https:\\\/\\\/www.rassegnastampa-totustuus.it\\\/cattolica\\\/massoneria-e-globalismo-due-realta-gemelle\\\/\"},\"wordCount\":910,\"publisher\":{\"@id\":\"https:\\\/\\\/www.rassegnastampa-totustuus.it\\\/cattolica\\\/#organization\"},\"image\":{\"@id\":\"https:\\\/\\\/www.rassegnastampa-totustuus.it\\\/cattolica\\\/massoneria-e-globalismo-due-realta-gemelle\\\/#primaryimage\"},\"thumbnailUrl\":\"https:\\\/\\\/www.rassegnastampa-totustuus.it\\\/cattolica\\\/wp-content\\\/uploads\\\/2023\\\/03\\\/globalismo_capitalismo.png\",\"keywords\":[\"globalismo\",\"globalizzazione\",\"Massoneria\"],\"articleSection\":[\"Massoneria\",\"Mondialismo\"],\"inLanguage\":\"it-IT\"},{\"@type\":\"WebPage\",\"@id\":\"https:\\\/\\\/www.rassegnastampa-totustuus.it\\\/cattolica\\\/massoneria-e-globalismo-due-realta-gemelle\\\/\",\"url\":\"https:\\\/\\\/www.rassegnastampa-totustuus.it\\\/cattolica\\\/massoneria-e-globalismo-due-realta-gemelle\\\/\",\"name\":\"Massoneria e globalismo: due realt\u00e0 gemelle - Rassegna Stampa Cattolica\",\"isPartOf\":{\"@id\":\"https:\\\/\\\/www.rassegnastampa-totustuus.it\\\/cattolica\\\/#website\"},\"primaryImageOfPage\":{\"@id\":\"https:\\\/\\\/www.rassegnastampa-totustuus.it\\\/cattolica\\\/massoneria-e-globalismo-due-realta-gemelle\\\/#primaryimage\"},\"image\":{\"@id\":\"https:\\\/\\\/www.rassegnastampa-totustuus.it\\\/cattolica\\\/massoneria-e-globalismo-due-realta-gemelle\\\/#primaryimage\"},\"thumbnailUrl\":\"https:\\\/\\\/www.rassegnastampa-totustuus.it\\\/cattolica\\\/wp-content\\\/uploads\\\/2023\\\/03\\\/globalismo_capitalismo.png\",\"datePublished\":\"2023-03-08T23:00:44+00:00\",\"dateModified\":\"2024-01-11T15:58:00+00:00\",\"description\":\"Massoneria e globalismo: due realt\u00e0 gemelle che ci stanno portando verso un'agonia culturale, nazionale e la fine del cristianesimo\",\"breadcrumb\":{\"@id\":\"https:\\\/\\\/www.rassegnastampa-totustuus.it\\\/cattolica\\\/massoneria-e-globalismo-due-realta-gemelle\\\/#breadcrumb\"},\"inLanguage\":\"it-IT\",\"potentialAction\":[{\"@type\":\"ReadAction\",\"target\":[\"https:\\\/\\\/www.rassegnastampa-totustuus.it\\\/cattolica\\\/massoneria-e-globalismo-due-realta-gemelle\\\/\"]}]},{\"@type\":\"ImageObject\",\"inLanguage\":\"it-IT\",\"@id\":\"https:\\\/\\\/www.rassegnastampa-totustuus.it\\\/cattolica\\\/massoneria-e-globalismo-due-realta-gemelle\\\/#primaryimage\",\"url\":\"https:\\\/\\\/www.rassegnastampa-totustuus.it\\\/cattolica\\\/wp-content\\\/uploads\\\/2023\\\/03\\\/globalismo_capitalismo.png\",\"contentUrl\":\"https:\\\/\\\/www.rassegnastampa-totustuus.it\\\/cattolica\\\/wp-content\\\/uploads\\\/2023\\\/03\\\/globalismo_capitalismo.png\",\"width\":750,\"height\":536},{\"@type\":\"BreadcrumbList\",\"@id\":\"https:\\\/\\\/www.rassegnastampa-totustuus.it\\\/cattolica\\\/massoneria-e-globalismo-due-realta-gemelle\\\/#breadcrumb\",\"itemListElement\":[{\"@type\":\"ListItem\",\"position\":1,\"name\":\"Home\",\"item\":\"https:\\\/\\\/www.rassegnastampa-totustuus.it\\\/cattolica\\\/\"},{\"@type\":\"ListItem\",\"position\":2,\"name\":\"Massoneria e globalismo: due realt\u00e0 gemelle\"}]},{\"@type\":\"WebSite\",\"@id\":\"https:\\\/\\\/www.rassegnastampa-totustuus.it\\\/cattolica\\\/#website\",\"url\":\"https:\\\/\\\/www.rassegnastampa-totustuus.it\\\/cattolica\\\/\",\"name\":\"Rassegna Stampa Cattolica\",\"description\":\"Per una cultura che nasce dalla Rivelazione cristiana in conformit\u00e0 alla tradizione e al Magistero della Chiesa in opposizione ad ogni relativismo e totalitarismo\",\"publisher\":{\"@id\":\"https:\\\/\\\/www.rassegnastampa-totustuus.it\\\/cattolica\\\/#organization\"},\"alternateName\":\"Rass. Cattolica\",\"potentialAction\":[{\"@type\":\"SearchAction\",\"target\":{\"@type\":\"EntryPoint\",\"urlTemplate\":\"https:\\\/\\\/www.rassegnastampa-totustuus.it\\\/cattolica\\\/?s={search_term_string}\"},\"query-input\":{\"@type\":\"PropertyValueSpecification\",\"valueRequired\":true,\"valueName\":\"search_term_string\"}}],\"inLanguage\":\"it-IT\"},{\"@type\":\"Organization\",\"@id\":\"https:\\\/\\\/www.rassegnastampa-totustuus.it\\\/cattolica\\\/#organization\",\"name\":\"Rassegna Stampa Cattolica\",\"url\":\"https:\\\/\\\/www.rassegnastampa-totustuus.it\\\/cattolica\\\/\",\"logo\":{\"@type\":\"ImageObject\",\"inLanguage\":\"it-IT\",\"@id\":\"https:\\\/\\\/www.rassegnastampa-totustuus.it\\\/cattolica\\\/#\\\/schema\\\/logo\\\/image\\\/\",\"url\":\"https:\\\/\\\/www.rassegnastampa-totustuus.it\\\/cattolica\\\/wp-content\\\/uploads\\\/2014\\\/04\\\/logo-rassegna1.gif\",\"contentUrl\":\"https:\\\/\\\/www.rassegnastampa-totustuus.it\\\/cattolica\\\/wp-content\\\/uploads\\\/2014\\\/04\\\/logo-rassegna1.gif\",\"width\":600,\"height\":163,\"caption\":\"Rassegna Stampa Cattolica\"},\"image\":{\"@id\":\"https:\\\/\\\/www.rassegnastampa-totustuus.it\\\/cattolica\\\/#\\\/schema\\\/logo\\\/image\\\/\"},\"sameAs\":[\"https:\\\/\\\/www.facebook.com\\\/rassegnastampacattolica\",\"https:\\\/\\\/x.com\\\/rassegnastampa9\"]},{\"@type\":\"Person\",\"@id\":\"https:\\\/\\\/www.rassegnastampa-totustuus.it\\\/cattolica\\\/#\\\/schema\\\/person\\\/08f319d2bd1a0904ad9e2bfb7b15e5c3\",\"name\":\"Redazione\",\"image\":{\"@type\":\"ImageObject\",\"inLanguage\":\"it-IT\",\"@id\":\"https:\\\/\\\/secure.gravatar.com\\\/avatar\\\/2fcdf27c78ea025fbdb44e914cc63c72249ffec9dc8aafd5c82b26240ef3f346?s=96&d=mm&r=g\",\"url\":\"https:\\\/\\\/secure.gravatar.com\\\/avatar\\\/2fcdf27c78ea025fbdb44e914cc63c72249ffec9dc8aafd5c82b26240ef3f346?s=96&d=mm&r=g\",\"contentUrl\":\"https:\\\/\\\/secure.gravatar.com\\\/avatar\\\/2fcdf27c78ea025fbdb44e914cc63c72249ffec9dc8aafd5c82b26240ef3f346?s=96&d=mm&r=g\",\"caption\":\"Redazione\"},\"url\":\"https:\\\/\\\/www.rassegnastampa-totustuus.it\\\/cattolica\\\/author\\\/pietroelle\\\/\"}]}<\/script>\n<!-- \/ Yoast SEO plugin. -->","yoast_head_json":{"title":"Massoneria e globalismo: due realt\u00e0 gemelle - Rassegna Stampa Cattolica","description":"Massoneria e globalismo: due realt\u00e0 gemelle che ci stanno portando verso un'agonia culturale, nazionale e la fine del cristianesimo","robots":{"index":"index","follow":"follow","max-snippet":"max-snippet:-1","max-image-preview":"max-image-preview:large","max-video-preview":"max-video-preview:-1"},"canonical":"https:\/\/www.rassegnastampa-totustuus.it\/cattolica\/massoneria-e-globalismo-due-realta-gemelle\/","og_locale":"it_IT","og_type":"article","og_title":"Massoneria e globalismo: due realt\u00e0 gemelle - Rassegna Stampa Cattolica","og_description":"Massoneria e globalismo: due realt\u00e0 gemelle che ci stanno portando verso un'agonia culturale, nazionale e la fine del cristianesimo","og_url":"https:\/\/www.rassegnastampa-totustuus.it\/cattolica\/massoneria-e-globalismo-due-realta-gemelle\/","og_site_name":"Rassegna Stampa Cattolica","article_publisher":"https:\/\/www.facebook.com\/rassegnastampacattolica","article_published_time":"2023-03-08T23:00:44+00:00","article_modified_time":"2024-01-11T15:58:00+00:00","og_image":[{"width":750,"height":536,"url":"https:\/\/www.rassegnastampa-totustuus.it\/cattolica\/wp-content\/uploads\/2023\/03\/globalismo_capitalismo.png","type":"image\/png"}],"author":"Redazione","twitter_card":"summary_large_image","twitter_creator":"@rassegnastampa9","twitter_site":"@rassegnastampa9","twitter_misc":{"Scritto da":"Redazione","Tempo di lettura stimato":"7 minuti"},"schema":{"@context":"https:\/\/schema.org","@graph":[{"@type":"Article","@id":"https:\/\/www.rassegnastampa-totustuus.it\/cattolica\/massoneria-e-globalismo-due-realta-gemelle\/#article","isPartOf":{"@id":"https:\/\/www.rassegnastampa-totustuus.it\/cattolica\/massoneria-e-globalismo-due-realta-gemelle\/"},"author":{"name":"Redazione","@id":"https:\/\/www.rassegnastampa-totustuus.it\/cattolica\/#\/schema\/person\/08f319d2bd1a0904ad9e2bfb7b15e5c3"},"headline":"Massoneria e globalismo: due realt\u00e0 gemelle","datePublished":"2023-03-08T23:00:44+00:00","dateModified":"2024-01-11T15:58:00+00:00","mainEntityOfPage":{"@id":"https:\/\/www.rassegnastampa-totustuus.it\/cattolica\/massoneria-e-globalismo-due-realta-gemelle\/"},"wordCount":910,"publisher":{"@id":"https:\/\/www.rassegnastampa-totustuus.it\/cattolica\/#organization"},"image":{"@id":"https:\/\/www.rassegnastampa-totustuus.it\/cattolica\/massoneria-e-globalismo-due-realta-gemelle\/#primaryimage"},"thumbnailUrl":"https:\/\/www.rassegnastampa-totustuus.it\/cattolica\/wp-content\/uploads\/2023\/03\/globalismo_capitalismo.png","keywords":["globalismo","globalizzazione","Massoneria"],"articleSection":["Massoneria","Mondialismo"],"inLanguage":"it-IT"},{"@type":"WebPage","@id":"https:\/\/www.rassegnastampa-totustuus.it\/cattolica\/massoneria-e-globalismo-due-realta-gemelle\/","url":"https:\/\/www.rassegnastampa-totustuus.it\/cattolica\/massoneria-e-globalismo-due-realta-gemelle\/","name":"Massoneria e globalismo: due realt\u00e0 gemelle - Rassegna Stampa Cattolica","isPartOf":{"@id":"https:\/\/www.rassegnastampa-totustuus.it\/cattolica\/#website"},"primaryImageOfPage":{"@id":"https:\/\/www.rassegnastampa-totustuus.it\/cattolica\/massoneria-e-globalismo-due-realta-gemelle\/#primaryimage"},"image":{"@id":"https:\/\/www.rassegnastampa-totustuus.it\/cattolica\/massoneria-e-globalismo-due-realta-gemelle\/#primaryimage"},"thumbnailUrl":"https:\/\/www.rassegnastampa-totustuus.it\/cattolica\/wp-content\/uploads\/2023\/03\/globalismo_capitalismo.png","datePublished":"2023-03-08T23:00:44+00:00","dateModified":"2024-01-11T15:58:00+00:00","description":"Massoneria e globalismo: due realt\u00e0 gemelle che ci stanno portando verso un'agonia culturale, nazionale e la fine del cristianesimo","breadcrumb":{"@id":"https:\/\/www.rassegnastampa-totustuus.it\/cattolica\/massoneria-e-globalismo-due-realta-gemelle\/#breadcrumb"},"inLanguage":"it-IT","potentialAction":[{"@type":"ReadAction","target":["https:\/\/www.rassegnastampa-totustuus.it\/cattolica\/massoneria-e-globalismo-due-realta-gemelle\/"]}]},{"@type":"ImageObject","inLanguage":"it-IT","@id":"https:\/\/www.rassegnastampa-totustuus.it\/cattolica\/massoneria-e-globalismo-due-realta-gemelle\/#primaryimage","url":"https:\/\/www.rassegnastampa-totustuus.it\/cattolica\/wp-content\/uploads\/2023\/03\/globalismo_capitalismo.png","contentUrl":"https:\/\/www.rassegnastampa-totustuus.it\/cattolica\/wp-content\/uploads\/2023\/03\/globalismo_capitalismo.png","width":750,"height":536},{"@type":"BreadcrumbList","@id":"https:\/\/www.rassegnastampa-totustuus.it\/cattolica\/massoneria-e-globalismo-due-realta-gemelle\/#breadcrumb","itemListElement":[{"@type":"ListItem","position":1,"name":"Home","item":"https:\/\/www.rassegnastampa-totustuus.it\/cattolica\/"},{"@type":"ListItem","position":2,"name":"Massoneria e globalismo: due realt\u00e0 gemelle"}]},{"@type":"WebSite","@id":"https:\/\/www.rassegnastampa-totustuus.it\/cattolica\/#website","url":"https:\/\/www.rassegnastampa-totustuus.it\/cattolica\/","name":"Rassegna Stampa Cattolica","description":"Per una cultura che nasce dalla Rivelazione cristiana in conformit\u00e0 alla tradizione e al Magistero della Chiesa in opposizione ad ogni relativismo e totalitarismo","publisher":{"@id":"https:\/\/www.rassegnastampa-totustuus.it\/cattolica\/#organization"},"alternateName":"Rass. Cattolica","potentialAction":[{"@type":"SearchAction","target":{"@type":"EntryPoint","urlTemplate":"https:\/\/www.rassegnastampa-totustuus.it\/cattolica\/?s={search_term_string}"},"query-input":{"@type":"PropertyValueSpecification","valueRequired":true,"valueName":"search_term_string"}}],"inLanguage":"it-IT"},{"@type":"Organization","@id":"https:\/\/www.rassegnastampa-totustuus.it\/cattolica\/#organization","name":"Rassegna Stampa Cattolica","url":"https:\/\/www.rassegnastampa-totustuus.it\/cattolica\/","logo":{"@type":"ImageObject","inLanguage":"it-IT","@id":"https:\/\/www.rassegnastampa-totustuus.it\/cattolica\/#\/schema\/logo\/image\/","url":"https:\/\/www.rassegnastampa-totustuus.it\/cattolica\/wp-content\/uploads\/2014\/04\/logo-rassegna1.gif","contentUrl":"https:\/\/www.rassegnastampa-totustuus.it\/cattolica\/wp-content\/uploads\/2014\/04\/logo-rassegna1.gif","width":600,"height":163,"caption":"Rassegna Stampa Cattolica"},"image":{"@id":"https:\/\/www.rassegnastampa-totustuus.it\/cattolica\/#\/schema\/logo\/image\/"},"sameAs":["https:\/\/www.facebook.com\/rassegnastampacattolica","https:\/\/x.com\/rassegnastampa9"]},{"@type":"Person","@id":"https:\/\/www.rassegnastampa-totustuus.it\/cattolica\/#\/schema\/person\/08f319d2bd1a0904ad9e2bfb7b15e5c3","name":"Redazione","image":{"@type":"ImageObject","inLanguage":"it-IT","@id":"https:\/\/secure.gravatar.com\/avatar\/2fcdf27c78ea025fbdb44e914cc63c72249ffec9dc8aafd5c82b26240ef3f346?s=96&d=mm&r=g","url":"https:\/\/secure.gravatar.com\/avatar\/2fcdf27c78ea025fbdb44e914cc63c72249ffec9dc8aafd5c82b26240ef3f346?s=96&d=mm&r=g","contentUrl":"https:\/\/secure.gravatar.com\/avatar\/2fcdf27c78ea025fbdb44e914cc63c72249ffec9dc8aafd5c82b26240ef3f346?s=96&d=mm&r=g","caption":"Redazione"},"url":"https:\/\/www.rassegnastampa-totustuus.it\/cattolica\/author\/pietroelle\/"}]}},"_links":{"self":[{"href":"https:\/\/www.rassegnastampa-totustuus.it\/cattolica\/wp-json\/wp\/v2\/posts\/55751","targetHints":{"allow":["GET"]}}],"collection":[{"href":"https:\/\/www.rassegnastampa-totustuus.it\/cattolica\/wp-json\/wp\/v2\/posts"}],"about":[{"href":"https:\/\/www.rassegnastampa-totustuus.it\/cattolica\/wp-json\/wp\/v2\/types\/post"}],"author":[{"embeddable":true,"href":"https:\/\/www.rassegnastampa-totustuus.it\/cattolica\/wp-json\/wp\/v2\/users\/6"}],"replies":[{"embeddable":true,"href":"https:\/\/www.rassegnastampa-totustuus.it\/cattolica\/wp-json\/wp\/v2\/comments?post=55751"}],"version-history":[{"count":2,"href":"https:\/\/www.rassegnastampa-totustuus.it\/cattolica\/wp-json\/wp\/v2\/posts\/55751\/revisions"}],"predecessor-version":[{"id":59090,"href":"https:\/\/www.rassegnastampa-totustuus.it\/cattolica\/wp-json\/wp\/v2\/posts\/55751\/revisions\/59090"}],"wp:featuredmedia":[{"embeddable":true,"href":"https:\/\/www.rassegnastampa-totustuus.it\/cattolica\/wp-json\/wp\/v2\/media\/55752"}],"wp:attachment":[{"href":"https:\/\/www.rassegnastampa-totustuus.it\/cattolica\/wp-json\/wp\/v2\/media?parent=55751"}],"wp:term":[{"taxonomy":"category","embeddable":true,"href":"https:\/\/www.rassegnastampa-totustuus.it\/cattolica\/wp-json\/wp\/v2\/categories?post=55751"},{"taxonomy":"post_tag","embeddable":true,"href":"https:\/\/www.rassegnastampa-totustuus.it\/cattolica\/wp-json\/wp\/v2\/tags?post=55751"}],"curies":[{"name":"wp","href":"https:\/\/api.w.org\/{rel}","templated":true}]}}