{"id":55676,"date":"2023-02-23T00:00:32","date_gmt":"2023-02-22T23:00:32","guid":{"rendered":"http:\/\/www.rassegnastampa-totustuus.it\/cattolica\/?p=55676"},"modified":"2024-01-17T15:55:06","modified_gmt":"2024-01-17T14:55:06","slug":"contrabbando-di-armi-in-africa","status":"publish","type":"post","link":"https:\/\/www.rassegnastampa-totustuus.it\/cattolica\/contrabbando-di-armi-in-africa\/","title":{"rendered":"Contrabbando di armi in Africa? Viene dall&#8217;Africa"},"content":{"rendered":"<p style=\"text-align: center;\"><span style=\"color: #000000;\"><strong><img loading=\"lazy\" decoding=\"async\" class=\" wp-image-55678 alignleft\" src=\"https:\/\/www.rassegnastampa-totustuus.it\/cattolica\/wp-content\/uploads\/2023\/02\/guerra_africa-300x219.jpg\" alt=\"\" width=\"332\" height=\"242\" srcset=\"https:\/\/www.rassegnastampa-totustuus.it\/cattolica\/wp-content\/uploads\/2023\/02\/guerra_africa-300x219.jpg 300w, https:\/\/www.rassegnastampa-totustuus.it\/cattolica\/wp-content\/uploads\/2023\/02\/guerra_africa.jpg 690w\" sizes=\"auto, (max-width: 332px) 100vw, 332px\" \/><span style=\"color: #0000ff;\"><a style=\"color: #0000ff;\" href=\"https:\/\/lanuovabq.it\/it\" target=\"_blank\" rel=\"noopener\">La Nuova Bussola quotidiana<\/a><\/span><\/strong><\/span><\/p>\n<p style=\"text-align: center;\"><span style=\"color: #000000;\">20 Febbraio 2023 <\/span><\/p>\n<p style=\"text-align: justify;\"><span style=\"color: #000000;\"><em>Un rapporto Onu rivela che il proliferare di armi che insanguina l&#8217;Africa occidentale \u00e8 originato anzitutto dagli eserciti nazionali di altri paesi africani, in testa Sierra Leone e Liberia. Motivo principale? La corruzione. Ma un forte impulso alla diffusione di armi in Africa \u00e8 stato dato dalla situazione della Libia, dopo l&#8217;uccisione di Gheddafi.<\/em> <\/span><\/p>\n<p style=\"text-align: center;\"><span style=\"color: #000000;\">di<strong> Anna Bono<\/strong><\/span><\/p>\n<p><!--more--><\/p>\n<p style=\"text-align: justify;\"><span style=\"color: #000000;\"><img loading=\"lazy\" decoding=\"async\" class=\" wp-image-30375 alignleft\" src=\"https:\/\/www.rassegnastampa-totustuus.it\/cattolica\/wp-content\/uploads\/2005\/06\/Africa1.jpg\" alt=\"\" width=\"250\" height=\"270\" \/>Al contrario di quanto molti possono pensare, la maggior parte delle armi da fuoco, e sono tante, che vengono contrabbandate in Africa occidentale, in particolare in Burkina Faso, Ciad, Mali, Mauritania e Niger, provengono da altri stati africani e non da altri continenti. A rivelarlo \u00e8 un rapporto dal titolo \u201cIl traffico di armi da fuoco nel Sahel\u201d, appena pubblicato dall\u2019Ufficio dell\u2019Onu contro la droga e il crimine (Unodc) e che fa parte di una pi\u00f9 ampia ricerca sulla minaccia della criminalit\u00e0 organizzata transnazionale nel Sahel.<\/span><\/p>\n<p style=\"text-align: justify;\"><span style=\"color: #000000;\"><strong>Per lo pi\u00f9 le armi vengono trasportate in piccole quantit\u00e0<\/strong>, spiega il rapporto, percorrendo distanze anche notevoli e superando pi\u00f9 di un confine nazionale.\u00a0 Molti degli \u201chub\u201d del traffico illegale si trovano in piccole citt\u00e0 e in villaggi situati in punti strategici di territori caratterizzati da scarsa e \u201cdistratta\u201d presenza dello Stato, cos\u00ec come lo sono le rotte seguite dai convogli dei contrabbandieri e i punti di frontiera attraverso i quali transitano. Assente lo Stato, a controllarli sono dei gruppi armati. Quelli in grado di imporre dazi lungo le poche piste che solcano il deserto del Sahara ne ricavano cospicui introiti.<\/span><\/p>\n<p style=\"text-align: justify;\"><span style=\"color: #000000;\"><strong><img loading=\"lazy\" decoding=\"async\" class=\"size-medium wp-image-42781 alignright\" src=\"https:\/\/www.rassegnastampa-totustuus.it\/cattolica\/wp-content\/uploads\/2019\/04\/Africa_Sudan_guerriglia-300x213.jpg\" alt=\"\" width=\"300\" height=\"213\" srcset=\"https:\/\/www.rassegnastampa-totustuus.it\/cattolica\/wp-content\/uploads\/2019\/04\/Africa_Sudan_guerriglia-300x213.jpg 300w, https:\/\/www.rassegnastampa-totustuus.it\/cattolica\/wp-content\/uploads\/2019\/04\/Africa_Sudan_guerriglia-768x546.jpg 768w, https:\/\/www.rassegnastampa-totustuus.it\/cattolica\/wp-content\/uploads\/2019\/04\/Africa_Sudan_guerriglia-1024x728.jpg 1024w, https:\/\/www.rassegnastampa-totustuus.it\/cattolica\/wp-content\/uploads\/2019\/04\/Africa_Sudan_guerriglia.jpg 1170w\" sizes=\"auto, (max-width: 300px) 100vw, 300px\" \/>Oltre alla assenza di presidi governativi,<\/strong> anche la comune appartenenza etnica facilita il contrabbando transnazionale, come nel caso dei Fulani, una etnia in gran parte dedita alla pastorizia in parte transumante, che \u00e8 presente in almeno 15 stati.\u00a0<\/span><\/p>\n<p style=\"text-align: justify;\"><span style=\"color: #000000;\"><strong>Quanto alle armi destinate al mercato nero, gli eserciti nazionali ne sono i primi fornitori:<\/strong> sottratte ai soldati in battaglia, rubate negli arsenali, vendute da militari corrotti. In effetti la corruzione, a causa della quale tante armi spariscono dagli arsenali e che lascia alla merc\u00e9 di organizzazioni criminali estesi territori e lunghi tratti di confine, \u00e8 il \u201cgrande elefante della stanza\u201d, il fenomeno onnipresente, il dato di fatto vistoso che tuttavia si continua invece a minimizzare o a ignorare del tutto.<\/span><\/p>\n<p style=\"text-align: justify;\"><span style=\"color: #000000;\"><strong><img loading=\"lazy\" decoding=\"async\" class=\" wp-image-53175 alignleft\" src=\"https:\/\/www.rassegnastampa-totustuus.it\/cattolica\/wp-content\/uploads\/2021\/12\/Eritrea_guerra_soldati_Africa-300x150.jpg\" alt=\"\" width=\"336\" height=\"168\" srcset=\"https:\/\/www.rassegnastampa-totustuus.it\/cattolica\/wp-content\/uploads\/2021\/12\/Eritrea_guerra_soldati_Africa-300x150.jpg 300w, https:\/\/www.rassegnastampa-totustuus.it\/cattolica\/wp-content\/uploads\/2021\/12\/Eritrea_guerra_soldati_Africa.jpg 301w\" sizes=\"auto, (max-width: 336px) 100vw, 336px\" \/>A ricordarlo in occasione della presentazione del rapporto \u00e8 stato Leonardo Lara<\/strong>, dirigente della prevenzione della criminalit\u00e0 e della giustizia penale all\u2019Unodc, secondo cui la corruzione \u00e8 \u00absicuramente un elemento che deve essere preso in considerazione quando si parla dei responsabili della diversione delle armi\u00bb.<\/span><\/p>\n<p style=\"text-align: justify;\"><span style=\"color: #000000;\"><strong>Tra i maggiori paesi da cui provengono le armi di contrabbando il rapporto cita Sierra Leone e Liberia<\/strong>. Sono residui di quelle importate e usate durante le lunghe guerre civili combattute rispettivamente dal 1991 al 2002 e dal 1989 al 2003. Un&#8217;altra consistente fonte di approvvigionamento di armi per il mercato nero sono le milizie popolari di autodifesa presenti in diversi stati, volontarie o create e armate dai governi stessi l\u00e0 dove forze dell\u2019ordine e militari non proteggono i civili dalla violenza di bande criminali, gruppi ribelli e organizzazioni jihadiste.<\/span><\/p>\n<p style=\"text-align: justify;\"><span style=\"color: #000000;\"><img loading=\"lazy\" decoding=\"async\" class=\"wp-image-32685 alignright\" src=\"https:\/\/www.rassegnastampa-totustuus.it\/cattolica\/wp-content\/uploads\/2004\/11\/fondamentalismo_islam.jpg\" alt=\"\" width=\"271\" height=\"190\" \/>Le armi pi\u00f9 moderne, di fabbricazione industriale sono anche le pi\u00f9 costose, spiega ancora il rapporto, e per questo sono soprattutto i gruppi jihadisti come al Qaeda e l\u2019Isis a disporne, mentre altre milizie, ad esempio quelle delle comunit\u00e0 dedite alla pastorizia che in tutto il continente, non solo nel Sahel, si costituiscono per razziare bestiame e per difendere pascoli e sorgenti, si accontentano di armi artigianali e pi\u00f9 economiche.<\/span><\/p>\n<p style=\"text-align: justify;\"><span style=\"color: #000000;\"><strong><img loading=\"lazy\" decoding=\"async\" class=\" wp-image-54550 alignleft\" src=\"https:\/\/www.rassegnastampa-totustuus.it\/cattolica\/wp-content\/uploads\/2005\/09\/armi_terrorismo.jpg\" alt=\"\" width=\"329\" height=\"219\" \/>Dalla Libia, a partire dal 2019, provengono i costosi fucili AK di nuova fabbricazione<\/strong> reperibili in quantit\u00e0 al mercato nero di Gao, Timbuktu e Menaka, tre citt\u00e0 del Mali settentrionale dove hanno le loro basi molti dei gruppi jihadisti africani pi\u00f9 attivi. Ma dalla Libia si sono riversate armi in tutto il continente gi\u00e0 a partire dal 2011, anno in cui \u00e8 stato destituito e ucciso il presidente Muhammar Gheddafi. Il grosso del suo immenso arsenale contrabbandato \u00e8 finito nel Sahel, nel Maghreb, nel Corno d\u2019Africa e ci sono prove di materiale esportato illegalmente fin nella Striscia di Gaza e in Siria.<\/span><\/p>\n<p style=\"text-align: justify;\"><span style=\"color: #000000;\"><img loading=\"lazy\" decoding=\"async\" class=\" wp-image-55679 alignright\" src=\"https:\/\/www.rassegnastampa-totustuus.it\/cattolica\/wp-content\/uploads\/2023\/02\/Africa_guerra_armi.jpg\" alt=\"\" width=\"308\" height=\"205\" \/>La Libia, dopo la caduta del colonnello Gheddafi, ha fornito abbastanza armi da armare l\u2019intero continente africano, si diceva all\u2019epoca, e il paese era stato definito il \u201csupermercato mondiale del commercio illegale di armi\u201d. \u201cLa primavera araba porter\u00e0 a un\u2019estate di follia nella regione\u201d aveva ammonito l\u2019allora presidente del Mali, Amadou Toumani Tour\u00e9, e la storia gli ha dato ragione. Le armi di contrabbando di origine libica reperibili in quantit\u00e0 specialmente tra il 2011 e il 2013 hanno consentito a centinaia di gruppi armati e di organizzazioni criminali di intensificare ed estendere le attivit\u00e0.<\/span><\/p>\n<p style=\"text-align: justify;\"><span style=\"color: #000000;\"><strong>Che gli eserciti nazionali siano la prima fonte di armi da fuoco <\/strong>non sorprende <img loading=\"lazy\" decoding=\"async\" class=\" wp-image-55680 alignleft\" src=\"https:\/\/www.rassegnastampa-totustuus.it\/cattolica\/wp-content\/uploads\/2023\/02\/Africa_guerra_armi-1-300x160.jpg\" alt=\"\" width=\"349\" height=\"186\" srcset=\"https:\/\/www.rassegnastampa-totustuus.it\/cattolica\/wp-content\/uploads\/2023\/02\/Africa_guerra_armi-1-300x160.jpg 300w, https:\/\/www.rassegnastampa-totustuus.it\/cattolica\/wp-content\/uploads\/2023\/02\/Africa_guerra_armi-1.jpg 307w\" sizes=\"auto, (max-width: 349px) 100vw, 349px\" \/>chi segue le vicende del continente africano. \u00c8 effettivamente una delle conseguenze devastanti della corruzione onnipresente. Clamoroso \u00e8 il caso della Nigeria dove da anni spariscono armi e attrezzature militari per milioni di dollari e intanto la criminalit\u00e0 organizzata \u00e8 del tutto fuori controllo e i due gruppi jihadisti locali pi\u00f9 volte dati per quasi sconfitti, Boko Haram e Iswap, resistono nelle loro roccaforti del nord est.<\/span><\/p>\n<p style=\"text-align: justify;\"><span style=\"color: #000000;\">Il fenomeno appare se possibile ancor pi\u00f9 grave e deplorevole alla luce dei dati diffusi il 18 febbraio dalla confederazione di organizzazioni non governative Oxfam. Nel 2022 i governi africani hanno raddoppiato la spesa per l\u2019acquisto di armi portandola in media al 6,4% del bilancio, mentre hanno diminuito ulteriormente la spesa pubblica destinata all\u2019agricoltura, gi\u00e0 ridotta di anno in anno a partire dal 2019, che in media \u00e8 stata al massimo del 3,8%, ma in alcuni stati \u00e8 scesa all\u20191%.<\/span><\/p>\n<p>_______________________________________________<\/p>\n<p><strong>Sulle guerre in Africa:<\/strong><\/p>\n<p><a href=\"https:\/\/www.rassegnastampa-totustuus.it\/cattolica\/il-triangolo-della-jihad-africana\/\" target=\"_blank\" rel=\"noopener\"><span style=\"color: #0000ff;\">Il triangolo della jihad africana<\/span><\/a><\/p>\n<p><a href=\"https:\/\/www.rassegnastampa-totustuus.it\/cattolica\/lafrica-continente-perduto\/\" target=\"_blank\" rel=\"noopener\"><span style=\"color: #0000ff;\">Africa, continente perduto<\/span><\/a><\/p>\n<p><a href=\"https:\/\/www.rassegnastampa-totustuus.it\/cattolica\/colpi-di-stato-in-africa\/\" target=\"_blank\" rel=\"noopener\"><span style=\"color: #0000ff;\">Colpi di Stato di Africa<\/span><\/a><\/p>\n","protected":false},"excerpt":{"rendered":"<p>La Nuova Bussola quotidiana 20 Febbraio 2023 Un rapporto Onu rivela che il proliferare di armi che insanguina l&#8217;Africa occidentale \u00e8 originato anzitutto dagli eserciti nazionali di altri paesi africani, in testa Sierra Leone e Liberia. Motivo principale? La corruzione. Ma un forte impulso alla diffusione di armi in Africa \u00e8 stato dato dalla situazione &hellip; <\/p>\n<p><a class=\"more-link btn\" href=\"https:\/\/www.rassegnastampa-totustuus.it\/cattolica\/contrabbando-di-armi-in-africa\/\">Continua a leggere<\/a><\/p>\n","protected":false},"author":6,"featured_media":55678,"comment_status":"closed","ping_status":"closed","sticky":false,"template":"","format":"standard","meta":{"footnotes":""},"categories":[39,108],"tags":[2393,2128,545],"class_list":["post-55676","post","type-post","status-publish","format-standard","has-post-thumbnail","hentry","category-africa","category-paesi-e-continenti","tag-africa","tag-armi","tag-paesi-e-continenti-2","item-wrap"],"yoast_head":"<!-- This site is optimized with the Yoast SEO plugin v27.5 - https:\/\/yoast.com\/product\/yoast-seo-wordpress\/ -->\n<title>Contrabbando di armi in Africa? Viene dall&#039;Africa - Rassegna Stampa Cattolica<\/title>\n<meta name=\"description\" content=\"Contrabbando di armi in Africa alimentato soprattutto dagli eserciti nazionali di paesi africani che trafficano con la parte occidentale\" \/>\n<meta name=\"robots\" content=\"index, follow, max-snippet:-1, max-image-preview:large, max-video-preview:-1\" \/>\n<link rel=\"canonical\" href=\"https:\/\/www.rassegnastampa-totustuus.it\/cattolica\/contrabbando-di-armi-in-africa\/\" \/>\n<meta property=\"og:locale\" content=\"it_IT\" \/>\n<meta property=\"og:type\" content=\"article\" \/>\n<meta property=\"og:title\" content=\"Contrabbando di armi in Africa? Viene dall&#039;Africa - Rassegna Stampa Cattolica\" \/>\n<meta property=\"og:description\" content=\"Contrabbando di armi in Africa alimentato soprattutto dagli eserciti nazionali di paesi africani che trafficano con la parte occidentale\" \/>\n<meta property=\"og:url\" content=\"https:\/\/www.rassegnastampa-totustuus.it\/cattolica\/contrabbando-di-armi-in-africa\/\" \/>\n<meta property=\"og:site_name\" content=\"Rassegna Stampa Cattolica\" \/>\n<meta property=\"article:publisher\" content=\"https:\/\/www.facebook.com\/rassegnastampacattolica\" \/>\n<meta property=\"article:published_time\" content=\"2023-02-22T23:00:32+00:00\" \/>\n<meta property=\"article:modified_time\" content=\"2024-01-17T14:55:06+00:00\" \/>\n<meta property=\"og:image\" content=\"https:\/\/www.rassegnastampa-totustuus.it\/cattolica\/wp-content\/uploads\/2023\/02\/guerra_africa.jpg\" \/>\n\t<meta property=\"og:image:width\" content=\"690\" \/>\n\t<meta property=\"og:image:height\" content=\"504\" \/>\n\t<meta property=\"og:image:type\" content=\"image\/jpeg\" \/>\n<meta name=\"author\" content=\"Redazione\" \/>\n<meta name=\"twitter:card\" content=\"summary_large_image\" \/>\n<meta name=\"twitter:creator\" content=\"@rassegnastampa9\" \/>\n<meta name=\"twitter:site\" content=\"@rassegnastampa9\" \/>\n<meta name=\"twitter:label1\" content=\"Scritto da\" \/>\n\t<meta name=\"twitter:data1\" content=\"Redazione\" \/>\n\t<meta name=\"twitter:label2\" content=\"Tempo di lettura stimato\" \/>\n\t<meta name=\"twitter:data2\" content=\"7 minuti\" \/>\n<script type=\"application\/ld+json\" class=\"yoast-schema-graph\">{\"@context\":\"https:\\\/\\\/schema.org\",\"@graph\":[{\"@type\":\"Article\",\"@id\":\"https:\\\/\\\/www.rassegnastampa-totustuus.it\\\/cattolica\\\/contrabbando-di-armi-in-africa\\\/#article\",\"isPartOf\":{\"@id\":\"https:\\\/\\\/www.rassegnastampa-totustuus.it\\\/cattolica\\\/contrabbando-di-armi-in-africa\\\/\"},\"author\":{\"name\":\"Redazione\",\"@id\":\"https:\\\/\\\/www.rassegnastampa-totustuus.it\\\/cattolica\\\/#\\\/schema\\\/person\\\/08f319d2bd1a0904ad9e2bfb7b15e5c3\"},\"headline\":\"Contrabbando di armi in Africa? Viene dall&#8217;Africa\",\"datePublished\":\"2023-02-22T23:00:32+00:00\",\"dateModified\":\"2024-01-17T14:55:06+00:00\",\"mainEntityOfPage\":{\"@id\":\"https:\\\/\\\/www.rassegnastampa-totustuus.it\\\/cattolica\\\/contrabbando-di-armi-in-africa\\\/\"},\"wordCount\":942,\"publisher\":{\"@id\":\"https:\\\/\\\/www.rassegnastampa-totustuus.it\\\/cattolica\\\/#organization\"},\"image\":{\"@id\":\"https:\\\/\\\/www.rassegnastampa-totustuus.it\\\/cattolica\\\/contrabbando-di-armi-in-africa\\\/#primaryimage\"},\"thumbnailUrl\":\"https:\\\/\\\/www.rassegnastampa-totustuus.it\\\/cattolica\\\/wp-content\\\/uploads\\\/2023\\\/02\\\/guerra_africa.jpg\",\"keywords\":[\"Africa\",\"armi\",\"paesi e continenti\"],\"articleSection\":[\"Africa\",\"Paesi e continenti\"],\"inLanguage\":\"it-IT\"},{\"@type\":\"WebPage\",\"@id\":\"https:\\\/\\\/www.rassegnastampa-totustuus.it\\\/cattolica\\\/contrabbando-di-armi-in-africa\\\/\",\"url\":\"https:\\\/\\\/www.rassegnastampa-totustuus.it\\\/cattolica\\\/contrabbando-di-armi-in-africa\\\/\",\"name\":\"Contrabbando di armi in Africa? Viene dall'Africa - Rassegna Stampa Cattolica\",\"isPartOf\":{\"@id\":\"https:\\\/\\\/www.rassegnastampa-totustuus.it\\\/cattolica\\\/#website\"},\"primaryImageOfPage\":{\"@id\":\"https:\\\/\\\/www.rassegnastampa-totustuus.it\\\/cattolica\\\/contrabbando-di-armi-in-africa\\\/#primaryimage\"},\"image\":{\"@id\":\"https:\\\/\\\/www.rassegnastampa-totustuus.it\\\/cattolica\\\/contrabbando-di-armi-in-africa\\\/#primaryimage\"},\"thumbnailUrl\":\"https:\\\/\\\/www.rassegnastampa-totustuus.it\\\/cattolica\\\/wp-content\\\/uploads\\\/2023\\\/02\\\/guerra_africa.jpg\",\"datePublished\":\"2023-02-22T23:00:32+00:00\",\"dateModified\":\"2024-01-17T14:55:06+00:00\",\"description\":\"Contrabbando di armi in Africa alimentato soprattutto dagli eserciti nazionali di paesi africani che trafficano con la parte occidentale\",\"breadcrumb\":{\"@id\":\"https:\\\/\\\/www.rassegnastampa-totustuus.it\\\/cattolica\\\/contrabbando-di-armi-in-africa\\\/#breadcrumb\"},\"inLanguage\":\"it-IT\",\"potentialAction\":[{\"@type\":\"ReadAction\",\"target\":[\"https:\\\/\\\/www.rassegnastampa-totustuus.it\\\/cattolica\\\/contrabbando-di-armi-in-africa\\\/\"]}]},{\"@type\":\"ImageObject\",\"inLanguage\":\"it-IT\",\"@id\":\"https:\\\/\\\/www.rassegnastampa-totustuus.it\\\/cattolica\\\/contrabbando-di-armi-in-africa\\\/#primaryimage\",\"url\":\"https:\\\/\\\/www.rassegnastampa-totustuus.it\\\/cattolica\\\/wp-content\\\/uploads\\\/2023\\\/02\\\/guerra_africa.jpg\",\"contentUrl\":\"https:\\\/\\\/www.rassegnastampa-totustuus.it\\\/cattolica\\\/wp-content\\\/uploads\\\/2023\\\/02\\\/guerra_africa.jpg\",\"width\":690,\"height\":504},{\"@type\":\"BreadcrumbList\",\"@id\":\"https:\\\/\\\/www.rassegnastampa-totustuus.it\\\/cattolica\\\/contrabbando-di-armi-in-africa\\\/#breadcrumb\",\"itemListElement\":[{\"@type\":\"ListItem\",\"position\":1,\"name\":\"Home\",\"item\":\"https:\\\/\\\/www.rassegnastampa-totustuus.it\\\/cattolica\\\/\"},{\"@type\":\"ListItem\",\"position\":2,\"name\":\"Contrabbando di armi in Africa? Viene dall&#8217;Africa\"}]},{\"@type\":\"WebSite\",\"@id\":\"https:\\\/\\\/www.rassegnastampa-totustuus.it\\\/cattolica\\\/#website\",\"url\":\"https:\\\/\\\/www.rassegnastampa-totustuus.it\\\/cattolica\\\/\",\"name\":\"Rassegna Stampa Cattolica\",\"description\":\"Per una cultura che nasce dalla Rivelazione cristiana in conformit\u00e0 alla tradizione e al Magistero della Chiesa in opposizione ad ogni relativismo e totalitarismo\",\"publisher\":{\"@id\":\"https:\\\/\\\/www.rassegnastampa-totustuus.it\\\/cattolica\\\/#organization\"},\"alternateName\":\"Rass. Cattolica\",\"potentialAction\":[{\"@type\":\"SearchAction\",\"target\":{\"@type\":\"EntryPoint\",\"urlTemplate\":\"https:\\\/\\\/www.rassegnastampa-totustuus.it\\\/cattolica\\\/?s={search_term_string}\"},\"query-input\":{\"@type\":\"PropertyValueSpecification\",\"valueRequired\":true,\"valueName\":\"search_term_string\"}}],\"inLanguage\":\"it-IT\"},{\"@type\":\"Organization\",\"@id\":\"https:\\\/\\\/www.rassegnastampa-totustuus.it\\\/cattolica\\\/#organization\",\"name\":\"Rassegna Stampa Cattolica\",\"url\":\"https:\\\/\\\/www.rassegnastampa-totustuus.it\\\/cattolica\\\/\",\"logo\":{\"@type\":\"ImageObject\",\"inLanguage\":\"it-IT\",\"@id\":\"https:\\\/\\\/www.rassegnastampa-totustuus.it\\\/cattolica\\\/#\\\/schema\\\/logo\\\/image\\\/\",\"url\":\"https:\\\/\\\/www.rassegnastampa-totustuus.it\\\/cattolica\\\/wp-content\\\/uploads\\\/2014\\\/04\\\/logo-rassegna1.gif\",\"contentUrl\":\"https:\\\/\\\/www.rassegnastampa-totustuus.it\\\/cattolica\\\/wp-content\\\/uploads\\\/2014\\\/04\\\/logo-rassegna1.gif\",\"width\":600,\"height\":163,\"caption\":\"Rassegna Stampa Cattolica\"},\"image\":{\"@id\":\"https:\\\/\\\/www.rassegnastampa-totustuus.it\\\/cattolica\\\/#\\\/schema\\\/logo\\\/image\\\/\"},\"sameAs\":[\"https:\\\/\\\/www.facebook.com\\\/rassegnastampacattolica\",\"https:\\\/\\\/x.com\\\/rassegnastampa9\"]},{\"@type\":\"Person\",\"@id\":\"https:\\\/\\\/www.rassegnastampa-totustuus.it\\\/cattolica\\\/#\\\/schema\\\/person\\\/08f319d2bd1a0904ad9e2bfb7b15e5c3\",\"name\":\"Redazione\",\"image\":{\"@type\":\"ImageObject\",\"inLanguage\":\"it-IT\",\"@id\":\"https:\\\/\\\/secure.gravatar.com\\\/avatar\\\/2fcdf27c78ea025fbdb44e914cc63c72249ffec9dc8aafd5c82b26240ef3f346?s=96&d=mm&r=g\",\"url\":\"https:\\\/\\\/secure.gravatar.com\\\/avatar\\\/2fcdf27c78ea025fbdb44e914cc63c72249ffec9dc8aafd5c82b26240ef3f346?s=96&d=mm&r=g\",\"contentUrl\":\"https:\\\/\\\/secure.gravatar.com\\\/avatar\\\/2fcdf27c78ea025fbdb44e914cc63c72249ffec9dc8aafd5c82b26240ef3f346?s=96&d=mm&r=g\",\"caption\":\"Redazione\"},\"url\":\"https:\\\/\\\/www.rassegnastampa-totustuus.it\\\/cattolica\\\/author\\\/pietroelle\\\/\"}]}<\/script>\n<!-- \/ Yoast SEO plugin. -->","yoast_head_json":{"title":"Contrabbando di armi in Africa? Viene dall'Africa - Rassegna Stampa Cattolica","description":"Contrabbando di armi in Africa alimentato soprattutto dagli eserciti nazionali di paesi africani che trafficano con la parte occidentale","robots":{"index":"index","follow":"follow","max-snippet":"max-snippet:-1","max-image-preview":"max-image-preview:large","max-video-preview":"max-video-preview:-1"},"canonical":"https:\/\/www.rassegnastampa-totustuus.it\/cattolica\/contrabbando-di-armi-in-africa\/","og_locale":"it_IT","og_type":"article","og_title":"Contrabbando di armi in Africa? Viene dall'Africa - Rassegna Stampa Cattolica","og_description":"Contrabbando di armi in Africa alimentato soprattutto dagli eserciti nazionali di paesi africani che trafficano con la parte occidentale","og_url":"https:\/\/www.rassegnastampa-totustuus.it\/cattolica\/contrabbando-di-armi-in-africa\/","og_site_name":"Rassegna Stampa Cattolica","article_publisher":"https:\/\/www.facebook.com\/rassegnastampacattolica","article_published_time":"2023-02-22T23:00:32+00:00","article_modified_time":"2024-01-17T14:55:06+00:00","og_image":[{"width":690,"height":504,"url":"https:\/\/www.rassegnastampa-totustuus.it\/cattolica\/wp-content\/uploads\/2023\/02\/guerra_africa.jpg","type":"image\/jpeg"}],"author":"Redazione","twitter_card":"summary_large_image","twitter_creator":"@rassegnastampa9","twitter_site":"@rassegnastampa9","twitter_misc":{"Scritto da":"Redazione","Tempo di lettura stimato":"7 minuti"},"schema":{"@context":"https:\/\/schema.org","@graph":[{"@type":"Article","@id":"https:\/\/www.rassegnastampa-totustuus.it\/cattolica\/contrabbando-di-armi-in-africa\/#article","isPartOf":{"@id":"https:\/\/www.rassegnastampa-totustuus.it\/cattolica\/contrabbando-di-armi-in-africa\/"},"author":{"name":"Redazione","@id":"https:\/\/www.rassegnastampa-totustuus.it\/cattolica\/#\/schema\/person\/08f319d2bd1a0904ad9e2bfb7b15e5c3"},"headline":"Contrabbando di armi in Africa? Viene dall&#8217;Africa","datePublished":"2023-02-22T23:00:32+00:00","dateModified":"2024-01-17T14:55:06+00:00","mainEntityOfPage":{"@id":"https:\/\/www.rassegnastampa-totustuus.it\/cattolica\/contrabbando-di-armi-in-africa\/"},"wordCount":942,"publisher":{"@id":"https:\/\/www.rassegnastampa-totustuus.it\/cattolica\/#organization"},"image":{"@id":"https:\/\/www.rassegnastampa-totustuus.it\/cattolica\/contrabbando-di-armi-in-africa\/#primaryimage"},"thumbnailUrl":"https:\/\/www.rassegnastampa-totustuus.it\/cattolica\/wp-content\/uploads\/2023\/02\/guerra_africa.jpg","keywords":["Africa","armi","paesi e continenti"],"articleSection":["Africa","Paesi e continenti"],"inLanguage":"it-IT"},{"@type":"WebPage","@id":"https:\/\/www.rassegnastampa-totustuus.it\/cattolica\/contrabbando-di-armi-in-africa\/","url":"https:\/\/www.rassegnastampa-totustuus.it\/cattolica\/contrabbando-di-armi-in-africa\/","name":"Contrabbando di armi in Africa? Viene dall'Africa - Rassegna Stampa Cattolica","isPartOf":{"@id":"https:\/\/www.rassegnastampa-totustuus.it\/cattolica\/#website"},"primaryImageOfPage":{"@id":"https:\/\/www.rassegnastampa-totustuus.it\/cattolica\/contrabbando-di-armi-in-africa\/#primaryimage"},"image":{"@id":"https:\/\/www.rassegnastampa-totustuus.it\/cattolica\/contrabbando-di-armi-in-africa\/#primaryimage"},"thumbnailUrl":"https:\/\/www.rassegnastampa-totustuus.it\/cattolica\/wp-content\/uploads\/2023\/02\/guerra_africa.jpg","datePublished":"2023-02-22T23:00:32+00:00","dateModified":"2024-01-17T14:55:06+00:00","description":"Contrabbando di armi in Africa alimentato soprattutto dagli eserciti nazionali di paesi africani che trafficano con la parte occidentale","breadcrumb":{"@id":"https:\/\/www.rassegnastampa-totustuus.it\/cattolica\/contrabbando-di-armi-in-africa\/#breadcrumb"},"inLanguage":"it-IT","potentialAction":[{"@type":"ReadAction","target":["https:\/\/www.rassegnastampa-totustuus.it\/cattolica\/contrabbando-di-armi-in-africa\/"]}]},{"@type":"ImageObject","inLanguage":"it-IT","@id":"https:\/\/www.rassegnastampa-totustuus.it\/cattolica\/contrabbando-di-armi-in-africa\/#primaryimage","url":"https:\/\/www.rassegnastampa-totustuus.it\/cattolica\/wp-content\/uploads\/2023\/02\/guerra_africa.jpg","contentUrl":"https:\/\/www.rassegnastampa-totustuus.it\/cattolica\/wp-content\/uploads\/2023\/02\/guerra_africa.jpg","width":690,"height":504},{"@type":"BreadcrumbList","@id":"https:\/\/www.rassegnastampa-totustuus.it\/cattolica\/contrabbando-di-armi-in-africa\/#breadcrumb","itemListElement":[{"@type":"ListItem","position":1,"name":"Home","item":"https:\/\/www.rassegnastampa-totustuus.it\/cattolica\/"},{"@type":"ListItem","position":2,"name":"Contrabbando di armi in Africa? Viene dall&#8217;Africa"}]},{"@type":"WebSite","@id":"https:\/\/www.rassegnastampa-totustuus.it\/cattolica\/#website","url":"https:\/\/www.rassegnastampa-totustuus.it\/cattolica\/","name":"Rassegna Stampa Cattolica","description":"Per una cultura che nasce dalla Rivelazione cristiana in conformit\u00e0 alla tradizione e al Magistero della Chiesa in opposizione ad ogni relativismo e totalitarismo","publisher":{"@id":"https:\/\/www.rassegnastampa-totustuus.it\/cattolica\/#organization"},"alternateName":"Rass. Cattolica","potentialAction":[{"@type":"SearchAction","target":{"@type":"EntryPoint","urlTemplate":"https:\/\/www.rassegnastampa-totustuus.it\/cattolica\/?s={search_term_string}"},"query-input":{"@type":"PropertyValueSpecification","valueRequired":true,"valueName":"search_term_string"}}],"inLanguage":"it-IT"},{"@type":"Organization","@id":"https:\/\/www.rassegnastampa-totustuus.it\/cattolica\/#organization","name":"Rassegna Stampa Cattolica","url":"https:\/\/www.rassegnastampa-totustuus.it\/cattolica\/","logo":{"@type":"ImageObject","inLanguage":"it-IT","@id":"https:\/\/www.rassegnastampa-totustuus.it\/cattolica\/#\/schema\/logo\/image\/","url":"https:\/\/www.rassegnastampa-totustuus.it\/cattolica\/wp-content\/uploads\/2014\/04\/logo-rassegna1.gif","contentUrl":"https:\/\/www.rassegnastampa-totustuus.it\/cattolica\/wp-content\/uploads\/2014\/04\/logo-rassegna1.gif","width":600,"height":163,"caption":"Rassegna Stampa Cattolica"},"image":{"@id":"https:\/\/www.rassegnastampa-totustuus.it\/cattolica\/#\/schema\/logo\/image\/"},"sameAs":["https:\/\/www.facebook.com\/rassegnastampacattolica","https:\/\/x.com\/rassegnastampa9"]},{"@type":"Person","@id":"https:\/\/www.rassegnastampa-totustuus.it\/cattolica\/#\/schema\/person\/08f319d2bd1a0904ad9e2bfb7b15e5c3","name":"Redazione","image":{"@type":"ImageObject","inLanguage":"it-IT","@id":"https:\/\/secure.gravatar.com\/avatar\/2fcdf27c78ea025fbdb44e914cc63c72249ffec9dc8aafd5c82b26240ef3f346?s=96&d=mm&r=g","url":"https:\/\/secure.gravatar.com\/avatar\/2fcdf27c78ea025fbdb44e914cc63c72249ffec9dc8aafd5c82b26240ef3f346?s=96&d=mm&r=g","contentUrl":"https:\/\/secure.gravatar.com\/avatar\/2fcdf27c78ea025fbdb44e914cc63c72249ffec9dc8aafd5c82b26240ef3f346?s=96&d=mm&r=g","caption":"Redazione"},"url":"https:\/\/www.rassegnastampa-totustuus.it\/cattolica\/author\/pietroelle\/"}]}},"_links":{"self":[{"href":"https:\/\/www.rassegnastampa-totustuus.it\/cattolica\/wp-json\/wp\/v2\/posts\/55676","targetHints":{"allow":["GET"]}}],"collection":[{"href":"https:\/\/www.rassegnastampa-totustuus.it\/cattolica\/wp-json\/wp\/v2\/posts"}],"about":[{"href":"https:\/\/www.rassegnastampa-totustuus.it\/cattolica\/wp-json\/wp\/v2\/types\/post"}],"author":[{"embeddable":true,"href":"https:\/\/www.rassegnastampa-totustuus.it\/cattolica\/wp-json\/wp\/v2\/users\/6"}],"replies":[{"embeddable":true,"href":"https:\/\/www.rassegnastampa-totustuus.it\/cattolica\/wp-json\/wp\/v2\/comments?post=55676"}],"version-history":[{"count":2,"href":"https:\/\/www.rassegnastampa-totustuus.it\/cattolica\/wp-json\/wp\/v2\/posts\/55676\/revisions"}],"predecessor-version":[{"id":59177,"href":"https:\/\/www.rassegnastampa-totustuus.it\/cattolica\/wp-json\/wp\/v2\/posts\/55676\/revisions\/59177"}],"wp:featuredmedia":[{"embeddable":true,"href":"https:\/\/www.rassegnastampa-totustuus.it\/cattolica\/wp-json\/wp\/v2\/media\/55678"}],"wp:attachment":[{"href":"https:\/\/www.rassegnastampa-totustuus.it\/cattolica\/wp-json\/wp\/v2\/media?parent=55676"}],"wp:term":[{"taxonomy":"category","embeddable":true,"href":"https:\/\/www.rassegnastampa-totustuus.it\/cattolica\/wp-json\/wp\/v2\/categories?post=55676"},{"taxonomy":"post_tag","embeddable":true,"href":"https:\/\/www.rassegnastampa-totustuus.it\/cattolica\/wp-json\/wp\/v2\/tags?post=55676"}],"curies":[{"name":"wp","href":"https:\/\/api.w.org\/{rel}","templated":true}]}}